{"id":11712,"date":"2024-05-10T10:00:21","date_gmt":"2024-05-10T08:00:21","guid":{"rendered":"https:\/\/www.anovapeneira.gal\/?p=11712"},"modified":"2024-05-08T08:46:46","modified_gmt":"2024-05-08T06:46:46","slug":"abre-a-convocatoria-de-participacion-na-seccion-escolas-do-ficbueu-2024","status":"publish","type":"post","link":"https:\/\/www.anovapeneira.gal\/index.php\/2024\/05\/10\/abre-a-convocatoria-de-participacion-na-seccion-escolas-do-ficbueu-2024\/","title":{"rendered":"Abre a convocatoria de participaci\u00f3n na Secci\u00f3n Escolas do FICBUEU 2024"},"content":{"rendered":"\n<h2 class=\"wp-block-heading\">O prazo de inscrici\u00f3n estar\u00e1 aberto ata o 20 de xu\u00f1o<\/h2>\n\n\n\n<h3 class=\"wp-block-heading\">Poder\u00e1n participar centros de ensino desde Educaci\u00f3n Especial, Infantil, Primaria ou Secundaria ata Facultades e outros Centros de Formaci\u00f3n<\/h3>\n\n\n\n<p><strong>Bueu, 30 de abril de 2024<\/strong><\/p>\n\n\n\n<p>O FICBUEU anunciou hoxe a apertura da convocatoria da s\u00faa secci\u00f3n escolas para a 17\u00aa edici\u00f3n do festival.<\/p>\n\n\n\n<p>Tratase dunha secci\u00f3n que dende hai varios anos configura un espazo dentro do certame adicado ao traballo audiovisual que se est\u00e1 a realizar nos centros de ensino e nas facultades e centros de formaci\u00f3n.<\/p>\n\n\n\n<p>A Secci\u00f3n Escolas conta con tres categor\u00edas competitivas: Educaci\u00f3n Especial, Infantil e Primaria e Educaci\u00f3n Secundaria (ambas para os centros galegos) e Facultades e Escolas de Cinema (aberta tanto a instituci\u00f3ns internacionais como de toda Galicia).<\/p>\n\n\n\n<p>As bases da convocatoria e o formulario de inscrici\u00f3n das curtametraxes<br>poden atoparse na p\u00e1xina <a href=\"http:\/\/www.ficbueu.com\/minific\" target=\"_blank\" rel=\"noreferrer noopener\">www.ficbueu.com\/minific<\/a> que permanecer\u00e1 dispo\u00f1ible dende o 1 de maio ata o 20 de xu\u00f1o, d\u00eda no que pecha a participaci\u00f3n.<\/p>\n\n\n\n<p>Poder\u00e1n inscribirse todas as obras audiovisuais realizadas durante os cursos escolares 2022\/2023 e 2023\/2024 que non te\u00f1an participado no certame en pasadas edici\u00f3ns e pertenzan a calquera centro de ensino, facultade ou escola de formaci\u00f3n audiovisual con sede na comunidade galega, coa excepci\u00f3n das escolas de cinema internacionais.<\/p>\n\n\n\n<p>As obras seleccionadas para conformar a Secci\u00f3n Escolas FICBUEU 2024, ser\u00e1n anunciadas no mes de agosto de 2024 e poder\u00e1n optar a un dos catro premios da secci\u00f3n: Mellor Curtametraxe de Educaci\u00f3n Especial Infantil e Primaria (Trofeo e material audiovisual por valor de 150\u20ac)<\/p>\n\n\n\n<p>Mellor Curtametraxe de Educaci\u00f3n Secundaria (Trofeo e material audiovisual por valor de 150\u20ac) Mellor Curtametraxe de Escolas Internacionais (Trofeo e 250\u20ac) e Mellor Curtametraxe de Escolas de Imaxe e Son e Facultades Galegas (Trofeo e Formaci\u00f3n audiovisual por valor de 250\u20ac)<\/p>\n\n\n\n<p>As curtas ga\u00f1adoras co\u00f1eceranse durante Gala Escolas Galegas FICBUEU 2024 que ter\u00e1 lugar en setembro durante a semana do MiniFIC en colaboraci\u00f3n con Kalandraka e a Fundaci\u00f3n Novas.<\/p>\n\n\n\n<p><a href=\"http:\/\/www.ficbueu.com\/\" target=\"_blank\" rel=\"noreferrer noopener\">www.ficbueu.com<\/a><\/p>\n","protected":false},"excerpt":{"rendered":"<div class=\"mh-excerpt\"><p>Poder\u00e1n participar centros de ensino desde Educaci\u00f3n Especial, Infantil, Primaria ou Secundaria ata Facultades e outros Centros de Formaci\u00f3n <a class=\"mh-excerpt-more\" href=\"https:\/\/www.anovapeneira.gal\/index.php\/2024\/05\/10\/abre-a-convocatoria-de-participacion-na-seccion-escolas-do-ficbueu-2024\/\" title=\"Abre a convocatoria de participaci\u00f3n na Secci\u00f3n Escolas do FICBUEU 2024\">[&#8230;]<\/a><\/p>\n<\/div>","protected":false},"author":3,"featured_media":11713,"comment_status":"open","ping_status":"open","sticky":false,"template":"","format":"standard","meta":{"_exactmetrics_skip_tracking":false,"_exactmetrics_sitenote_active":false,"_exactmetrics_sitenote_note":"","_exactmetrics_sitenote_category":0,"footnotes":""},"categories":[22],"tags":[440],"class_list":{"0":"post-11712","1":"post","2":"type-post","3":"status-publish","4":"format-standard","5":"has-post-thumbnail","7":"category-morrazo","8":"tag-concello-de-bueu"},"yoast_head":"<!-- This site is optimized with the Yoast SEO plugin v27.4 - https:\/\/yoast.com\/product\/yoast-seo-wordpress\/ -->\n<title>Abre a convocatoria de participaci\u00f3n na Secci\u00f3n Escolas do FICBUEU 2024 -<\/title>\n<meta name=\"robots\" content=\"index, follow, max-snippet:-1, max-image-preview:large, max-video-preview:-1\" \/>\n<link rel=\"canonical\" href=\"https:\/\/www.anovapeneira.gal\/index.php\/2024\/05\/10\/abre-a-convocatoria-de-participacion-na-seccion-escolas-do-ficbueu-2024\/\" \/>\n<meta property=\"og:locale\" content=\"gl_ES\" \/>\n<meta property=\"og:type\" content=\"article\" \/>\n<meta property=\"og:title\" content=\"Abre a convocatoria de participaci\u00f3n na Secci\u00f3n Escolas do FICBUEU 2024 -\" \/>\n<meta property=\"og:description\" content=\"Poder\u00e1n participar centros de ensino desde Educaci\u00f3n Especial, Infantil, Primaria ou Secundaria ata Facultades e outros Centros de Formaci\u00f3n [...]\" \/>\n<meta property=\"og:url\" content=\"https:\/\/www.anovapeneira.gal\/index.php\/2024\/05\/10\/abre-a-convocatoria-de-participacion-na-seccion-escolas-do-ficbueu-2024\/\" \/>\n<meta property=\"article:publisher\" content=\"https:\/\/www.facebook.com\/anovapeneira\" \/>\n<meta property=\"article:published_time\" content=\"2024-05-10T08:00:21+00:00\" \/>\n<meta property=\"og:image\" content=\"https:\/\/www.anovapeneira.gal\/wp-content\/uploads\/2024\/05\/ficbueu.png\" \/>\n\t<meta property=\"og:image:width\" content=\"720\" \/>\n\t<meta property=\"og:image:height\" content=\"432\" \/>\n\t<meta property=\"og:image:type\" content=\"image\/png\" \/>\n<meta name=\"author\" content=\"Redacci\u00f3n A Nova Peneira\" \/>\n<meta name=\"twitter:card\" content=\"summary_large_image\" \/>\n<meta name=\"twitter:creator\" content=\"@APeneira\" \/>\n<meta name=\"twitter:site\" content=\"@APeneira\" \/>\n<meta name=\"twitter:label1\" content=\"Escrito por\" \/>\n\t<meta name=\"twitter:data1\" content=\"Redacci\u00f3n A Nova Peneira\" \/>\n\t<meta name=\"twitter:label2\" content=\"Tempo de lectura\" \/>\n\t<meta name=\"twitter:data2\" content=\"2 minutos\" \/>\n<script type=\"application\/ld+json\" class=\"yoast-schema-graph\">{\"@context\":\"https:\\\/\\\/schema.org\",\"@graph\":[{\"@type\":\"Article\",\"@id\":\"https:\\\/\\\/www.anovapeneira.gal\\\/index.php\\\/2024\\\/05\\\/10\\\/abre-a-convocatoria-de-participacion-na-seccion-escolas-do-ficbueu-2024\\\/#article\",\"isPartOf\":{\"@id\":\"https:\\\/\\\/www.anovapeneira.gal\\\/index.php\\\/2024\\\/05\\\/10\\\/abre-a-convocatoria-de-participacion-na-seccion-escolas-do-ficbueu-2024\\\/\"},\"author\":{\"name\":\"Redacci\u00f3n A Nova Peneira\",\"@id\":\"https:\\\/\\\/www.anovapeneira.gal\\\/#\\\/schema\\\/person\\\/b93e3f8932e3f8da96334607eb6ac6aa\"},\"headline\":\"Abre a convocatoria de participaci\u00f3n na Secci\u00f3n Escolas do FICBUEU 2024\",\"datePublished\":\"2024-05-10T08:00:21+00:00\",\"mainEntityOfPage\":{\"@id\":\"https:\\\/\\\/www.anovapeneira.gal\\\/index.php\\\/2024\\\/05\\\/10\\\/abre-a-convocatoria-de-participacion-na-seccion-escolas-do-ficbueu-2024\\\/\"},\"wordCount\":359,\"commentCount\":0,\"publisher\":{\"@id\":\"https:\\\/\\\/www.anovapeneira.gal\\\/#organization\"},\"image\":{\"@id\":\"https:\\\/\\\/www.anovapeneira.gal\\\/index.php\\\/2024\\\/05\\\/10\\\/abre-a-convocatoria-de-participacion-na-seccion-escolas-do-ficbueu-2024\\\/#primaryimage\"},\"thumbnailUrl\":\"https:\\\/\\\/www.anovapeneira.gal\\\/wp-content\\\/uploads\\\/2024\\\/05\\\/ficbueu.png\",\"keywords\":[\"Concello de Bueu\"],\"articleSection\":[\"Morrazo\"],\"inLanguage\":\"gl-ES\",\"potentialAction\":[{\"@type\":\"CommentAction\",\"name\":\"Comment\",\"target\":[\"https:\\\/\\\/www.anovapeneira.gal\\\/index.php\\\/2024\\\/05\\\/10\\\/abre-a-convocatoria-de-participacion-na-seccion-escolas-do-ficbueu-2024\\\/#respond\"]}]},{\"@type\":\"WebPage\",\"@id\":\"https:\\\/\\\/www.anovapeneira.gal\\\/index.php\\\/2024\\\/05\\\/10\\\/abre-a-convocatoria-de-participacion-na-seccion-escolas-do-ficbueu-2024\\\/\",\"url\":\"https:\\\/\\\/www.anovapeneira.gal\\\/index.php\\\/2024\\\/05\\\/10\\\/abre-a-convocatoria-de-participacion-na-seccion-escolas-do-ficbueu-2024\\\/\",\"name\":\"Abre a convocatoria de participaci\u00f3n na Secci\u00f3n Escolas do FICBUEU 2024 -\",\"isPartOf\":{\"@id\":\"https:\\\/\\\/www.anovapeneira.gal\\\/#website\"},\"primaryImageOfPage\":{\"@id\":\"https:\\\/\\\/www.anovapeneira.gal\\\/index.php\\\/2024\\\/05\\\/10\\\/abre-a-convocatoria-de-participacion-na-seccion-escolas-do-ficbueu-2024\\\/#primaryimage\"},\"image\":{\"@id\":\"https:\\\/\\\/www.anovapeneira.gal\\\/index.php\\\/2024\\\/05\\\/10\\\/abre-a-convocatoria-de-participacion-na-seccion-escolas-do-ficbueu-2024\\\/#primaryimage\"},\"thumbnailUrl\":\"https:\\\/\\\/www.anovapeneira.gal\\\/wp-content\\\/uploads\\\/2024\\\/05\\\/ficbueu.png\",\"datePublished\":\"2024-05-10T08:00:21+00:00\",\"breadcrumb\":{\"@id\":\"https:\\\/\\\/www.anovapeneira.gal\\\/index.php\\\/2024\\\/05\\\/10\\\/abre-a-convocatoria-de-participacion-na-seccion-escolas-do-ficbueu-2024\\\/#breadcrumb\"},\"inLanguage\":\"gl-ES\",\"potentialAction\":[{\"@type\":\"ReadAction\",\"target\":[\"https:\\\/\\\/www.anovapeneira.gal\\\/index.php\\\/2024\\\/05\\\/10\\\/abre-a-convocatoria-de-participacion-na-seccion-escolas-do-ficbueu-2024\\\/\"]}]},{\"@type\":\"ImageObject\",\"inLanguage\":\"gl-ES\",\"@id\":\"https:\\\/\\\/www.anovapeneira.gal\\\/index.php\\\/2024\\\/05\\\/10\\\/abre-a-convocatoria-de-participacion-na-seccion-escolas-do-ficbueu-2024\\\/#primaryimage\",\"url\":\"https:\\\/\\\/www.anovapeneira.gal\\\/wp-content\\\/uploads\\\/2024\\\/05\\\/ficbueu.png\",\"contentUrl\":\"https:\\\/\\\/www.anovapeneira.gal\\\/wp-content\\\/uploads\\\/2024\\\/05\\\/ficbueu.png\",\"width\":720,\"height\":432,\"caption\":\"FICBUEU\"},{\"@type\":\"BreadcrumbList\",\"@id\":\"https:\\\/\\\/www.anovapeneira.gal\\\/index.php\\\/2024\\\/05\\\/10\\\/abre-a-convocatoria-de-participacion-na-seccion-escolas-do-ficbueu-2024\\\/#breadcrumb\",\"itemListElement\":[{\"@type\":\"ListItem\",\"position\":1,\"name\":\"Portada\",\"item\":\"https:\\\/\\\/www.anovapeneira.gal\\\/\"},{\"@type\":\"ListItem\",\"position\":2,\"name\":\"Abre a convocatoria de participaci\u00f3n na Secci\u00f3n Escolas do FICBUEU 2024\"}]},{\"@type\":\"WebSite\",\"@id\":\"https:\\\/\\\/www.anovapeneira.gal\\\/#website\",\"url\":\"https:\\\/\\\/www.anovapeneira.gal\\\/\",\"name\":\"\",\"description\":\"Xornal galego de informaci\u00f3n xeral Publicaci\u00f3n mensual de novas de Galicia e en especial dos Concellos da sur da provincia de Pontevedra.\",\"publisher\":{\"@id\":\"https:\\\/\\\/www.anovapeneira.gal\\\/#organization\"},\"potentialAction\":[{\"@type\":\"SearchAction\",\"target\":{\"@type\":\"EntryPoint\",\"urlTemplate\":\"https:\\\/\\\/www.anovapeneira.gal\\\/?s={search_term_string}\"},\"query-input\":{\"@type\":\"PropertyValueSpecification\",\"valueRequired\":true,\"valueName\":\"search_term_string\"}}],\"inLanguage\":\"gl-ES\"},{\"@type\":\"Organization\",\"@id\":\"https:\\\/\\\/www.anovapeneira.gal\\\/#organization\",\"name\":\"A Nova Peneira\",\"url\":\"https:\\\/\\\/www.anovapeneira.gal\\\/\",\"logo\":{\"@type\":\"ImageObject\",\"inLanguage\":\"gl-ES\",\"@id\":\"https:\\\/\\\/www.anovapeneira.gal\\\/#\\\/schema\\\/logo\\\/image\\\/\",\"url\":\"http:\\\/\\\/www.anovapeneira.gal\\\/wp-content\\\/uploads\\\/2019\\\/06\\\/logo_a_nova_peneira_portal_web.png\",\"contentUrl\":\"http:\\\/\\\/www.anovapeneira.gal\\\/wp-content\\\/uploads\\\/2019\\\/06\\\/logo_a_nova_peneira_portal_web.png\",\"width\":300,\"height\":100,\"caption\":\"A Nova Peneira\"},\"image\":{\"@id\":\"https:\\\/\\\/www.anovapeneira.gal\\\/#\\\/schema\\\/logo\\\/image\\\/\"},\"sameAs\":[\"https:\\\/\\\/www.facebook.com\\\/anovapeneira\",\"https:\\\/\\\/x.com\\\/APeneira\"]},{\"@type\":\"Person\",\"@id\":\"https:\\\/\\\/www.anovapeneira.gal\\\/#\\\/schema\\\/person\\\/b93e3f8932e3f8da96334607eb6ac6aa\",\"name\":\"Redacci\u00f3n A Nova Peneira\",\"image\":{\"@type\":\"ImageObject\",\"inLanguage\":\"gl-ES\",\"@id\":\"https:\\\/\\\/secure.gravatar.com\\\/avatar\\\/c052a2551a06e23fac63626232eaa90abd78dbcf1700fc46a2b2c89fd27b735f?s=96&d=mm&r=g\",\"url\":\"https:\\\/\\\/secure.gravatar.com\\\/avatar\\\/c052a2551a06e23fac63626232eaa90abd78dbcf1700fc46a2b2c89fd27b735f?s=96&d=mm&r=g\",\"contentUrl\":\"https:\\\/\\\/secure.gravatar.com\\\/avatar\\\/c052a2551a06e23fac63626232eaa90abd78dbcf1700fc46a2b2c89fd27b735f?s=96&d=mm&r=g\",\"caption\":\"Redacci\u00f3n A Nova Peneira\"},\"sameAs\":[\"http:\\\/\\\/www.anovapeneira.gal\\\/\"],\"url\":\"https:\\\/\\\/www.anovapeneira.gal\\\/index.php\\\/author\\\/redactor\\\/\"}]}<\/script>\n<!-- \/ Yoast SEO plugin. -->","yoast_head_json":{"title":"Abre a convocatoria de participaci\u00f3n na Secci\u00f3n Escolas do FICBUEU 2024 -","robots":{"index":"index","follow":"follow","max-snippet":"max-snippet:-1","max-image-preview":"max-image-preview:large","max-video-preview":"max-video-preview:-1"},"canonical":"https:\/\/www.anovapeneira.gal\/index.php\/2024\/05\/10\/abre-a-convocatoria-de-participacion-na-seccion-escolas-do-ficbueu-2024\/","og_locale":"gl_ES","og_type":"article","og_title":"Abre a convocatoria de participaci\u00f3n na Secci\u00f3n Escolas do FICBUEU 2024 -","og_description":"Poder\u00e1n participar centros de ensino desde Educaci\u00f3n Especial, Infantil, Primaria ou Secundaria ata Facultades e outros Centros de Formaci\u00f3n [...]","og_url":"https:\/\/www.anovapeneira.gal\/index.php\/2024\/05\/10\/abre-a-convocatoria-de-participacion-na-seccion-escolas-do-ficbueu-2024\/","article_publisher":"https:\/\/www.facebook.com\/anovapeneira","article_published_time":"2024-05-10T08:00:21+00:00","og_image":[{"width":720,"height":432,"url":"https:\/\/www.anovapeneira.gal\/wp-content\/uploads\/2024\/05\/ficbueu.png","type":"image\/png"}],"author":"Redacci\u00f3n A Nova Peneira","twitter_card":"summary_large_image","twitter_creator":"@APeneira","twitter_site":"@APeneira","twitter_misc":{"Escrito por":"Redacci\u00f3n A Nova Peneira","Tempo de lectura":"2 minutos"},"schema":{"@context":"https:\/\/schema.org","@graph":[{"@type":"Article","@id":"https:\/\/www.anovapeneira.gal\/index.php\/2024\/05\/10\/abre-a-convocatoria-de-participacion-na-seccion-escolas-do-ficbueu-2024\/#article","isPartOf":{"@id":"https:\/\/www.anovapeneira.gal\/index.php\/2024\/05\/10\/abre-a-convocatoria-de-participacion-na-seccion-escolas-do-ficbueu-2024\/"},"author":{"name":"Redacci\u00f3n A Nova Peneira","@id":"https:\/\/www.anovapeneira.gal\/#\/schema\/person\/b93e3f8932e3f8da96334607eb6ac6aa"},"headline":"Abre a convocatoria de participaci\u00f3n na Secci\u00f3n Escolas do FICBUEU 2024","datePublished":"2024-05-10T08:00:21+00:00","mainEntityOfPage":{"@id":"https:\/\/www.anovapeneira.gal\/index.php\/2024\/05\/10\/abre-a-convocatoria-de-participacion-na-seccion-escolas-do-ficbueu-2024\/"},"wordCount":359,"commentCount":0,"publisher":{"@id":"https:\/\/www.anovapeneira.gal\/#organization"},"image":{"@id":"https:\/\/www.anovapeneira.gal\/index.php\/2024\/05\/10\/abre-a-convocatoria-de-participacion-na-seccion-escolas-do-ficbueu-2024\/#primaryimage"},"thumbnailUrl":"https:\/\/www.anovapeneira.gal\/wp-content\/uploads\/2024\/05\/ficbueu.png","keywords":["Concello de Bueu"],"articleSection":["Morrazo"],"inLanguage":"gl-ES","potentialAction":[{"@type":"CommentAction","name":"Comment","target":["https:\/\/www.anovapeneira.gal\/index.php\/2024\/05\/10\/abre-a-convocatoria-de-participacion-na-seccion-escolas-do-ficbueu-2024\/#respond"]}]},{"@type":"WebPage","@id":"https:\/\/www.anovapeneira.gal\/index.php\/2024\/05\/10\/abre-a-convocatoria-de-participacion-na-seccion-escolas-do-ficbueu-2024\/","url":"https:\/\/www.anovapeneira.gal\/index.php\/2024\/05\/10\/abre-a-convocatoria-de-participacion-na-seccion-escolas-do-ficbueu-2024\/","name":"Abre a convocatoria de participaci\u00f3n na Secci\u00f3n Escolas do FICBUEU 2024 -","isPartOf":{"@id":"https:\/\/www.anovapeneira.gal\/#website"},"primaryImageOfPage":{"@id":"https:\/\/www.anovapeneira.gal\/index.php\/2024\/05\/10\/abre-a-convocatoria-de-participacion-na-seccion-escolas-do-ficbueu-2024\/#primaryimage"},"image":{"@id":"https:\/\/www.anovapeneira.gal\/index.php\/2024\/05\/10\/abre-a-convocatoria-de-participacion-na-seccion-escolas-do-ficbueu-2024\/#primaryimage"},"thumbnailUrl":"https:\/\/www.anovapeneira.gal\/wp-content\/uploads\/2024\/05\/ficbueu.png","datePublished":"2024-05-10T08:00:21+00:00","breadcrumb":{"@id":"https:\/\/www.anovapeneira.gal\/index.php\/2024\/05\/10\/abre-a-convocatoria-de-participacion-na-seccion-escolas-do-ficbueu-2024\/#breadcrumb"},"inLanguage":"gl-ES","potentialAction":[{"@type":"ReadAction","target":["https:\/\/www.anovapeneira.gal\/index.php\/2024\/05\/10\/abre-a-convocatoria-de-participacion-na-seccion-escolas-do-ficbueu-2024\/"]}]},{"@type":"ImageObject","inLanguage":"gl-ES","@id":"https:\/\/www.anovapeneira.gal\/index.php\/2024\/05\/10\/abre-a-convocatoria-de-participacion-na-seccion-escolas-do-ficbueu-2024\/#primaryimage","url":"https:\/\/www.anovapeneira.gal\/wp-content\/uploads\/2024\/05\/ficbueu.png","contentUrl":"https:\/\/www.anovapeneira.gal\/wp-content\/uploads\/2024\/05\/ficbueu.png","width":720,"height":432,"caption":"FICBUEU"},{"@type":"BreadcrumbList","@id":"https:\/\/www.anovapeneira.gal\/index.php\/2024\/05\/10\/abre-a-convocatoria-de-participacion-na-seccion-escolas-do-ficbueu-2024\/#breadcrumb","itemListElement":[{"@type":"ListItem","position":1,"name":"Portada","item":"https:\/\/www.anovapeneira.gal\/"},{"@type":"ListItem","position":2,"name":"Abre a convocatoria de participaci\u00f3n na Secci\u00f3n Escolas do FICBUEU 2024"}]},{"@type":"WebSite","@id":"https:\/\/www.anovapeneira.gal\/#website","url":"https:\/\/www.anovapeneira.gal\/","name":"","description":"Xornal galego de informaci\u00f3n xeral Publicaci\u00f3n mensual de novas de Galicia e en especial dos Concellos da sur da provincia de Pontevedra.","publisher":{"@id":"https:\/\/www.anovapeneira.gal\/#organization"},"potentialAction":[{"@type":"SearchAction","target":{"@type":"EntryPoint","urlTemplate":"https:\/\/www.anovapeneira.gal\/?s={search_term_string}"},"query-input":{"@type":"PropertyValueSpecification","valueRequired":true,"valueName":"search_term_string"}}],"inLanguage":"gl-ES"},{"@type":"Organization","@id":"https:\/\/www.anovapeneira.gal\/#organization","name":"A Nova Peneira","url":"https:\/\/www.anovapeneira.gal\/","logo":{"@type":"ImageObject","inLanguage":"gl-ES","@id":"https:\/\/www.anovapeneira.gal\/#\/schema\/logo\/image\/","url":"http:\/\/www.anovapeneira.gal\/wp-content\/uploads\/2019\/06\/logo_a_nova_peneira_portal_web.png","contentUrl":"http:\/\/www.anovapeneira.gal\/wp-content\/uploads\/2019\/06\/logo_a_nova_peneira_portal_web.png","width":300,"height":100,"caption":"A Nova Peneira"},"image":{"@id":"https:\/\/www.anovapeneira.gal\/#\/schema\/logo\/image\/"},"sameAs":["https:\/\/www.facebook.com\/anovapeneira","https:\/\/x.com\/APeneira"]},{"@type":"Person","@id":"https:\/\/www.anovapeneira.gal\/#\/schema\/person\/b93e3f8932e3f8da96334607eb6ac6aa","name":"Redacci\u00f3n A Nova Peneira","image":{"@type":"ImageObject","inLanguage":"gl-ES","@id":"https:\/\/secure.gravatar.com\/avatar\/c052a2551a06e23fac63626232eaa90abd78dbcf1700fc46a2b2c89fd27b735f?s=96&d=mm&r=g","url":"https:\/\/secure.gravatar.com\/avatar\/c052a2551a06e23fac63626232eaa90abd78dbcf1700fc46a2b2c89fd27b735f?s=96&d=mm&r=g","contentUrl":"https:\/\/secure.gravatar.com\/avatar\/c052a2551a06e23fac63626232eaa90abd78dbcf1700fc46a2b2c89fd27b735f?s=96&d=mm&r=g","caption":"Redacci\u00f3n A Nova Peneira"},"sameAs":["http:\/\/www.anovapeneira.gal\/"],"url":"https:\/\/www.anovapeneira.gal\/index.php\/author\/redactor\/"}]}},"jetpack_featured_media_url":"https:\/\/www.anovapeneira.gal\/wp-content\/uploads\/2024\/05\/ficbueu.png","_links":{"self":[{"href":"https:\/\/www.anovapeneira.gal\/index.php\/wp-json\/wp\/v2\/posts\/11712","targetHints":{"allow":["GET"]}}],"collection":[{"href":"https:\/\/www.anovapeneira.gal\/index.php\/wp-json\/wp\/v2\/posts"}],"about":[{"href":"https:\/\/www.anovapeneira.gal\/index.php\/wp-json\/wp\/v2\/types\/post"}],"author":[{"embeddable":true,"href":"https:\/\/www.anovapeneira.gal\/index.php\/wp-json\/wp\/v2\/users\/3"}],"replies":[{"embeddable":true,"href":"https:\/\/www.anovapeneira.gal\/index.php\/wp-json\/wp\/v2\/comments?post=11712"}],"version-history":[{"count":1,"href":"https:\/\/www.anovapeneira.gal\/index.php\/wp-json\/wp\/v2\/posts\/11712\/revisions"}],"predecessor-version":[{"id":11714,"href":"https:\/\/www.anovapeneira.gal\/index.php\/wp-json\/wp\/v2\/posts\/11712\/revisions\/11714"}],"wp:featuredmedia":[{"embeddable":true,"href":"https:\/\/www.anovapeneira.gal\/index.php\/wp-json\/wp\/v2\/media\/11713"}],"wp:attachment":[{"href":"https:\/\/www.anovapeneira.gal\/index.php\/wp-json\/wp\/v2\/media?parent=11712"}],"wp:term":[{"taxonomy":"category","embeddable":true,"href":"https:\/\/www.anovapeneira.gal\/index.php\/wp-json\/wp\/v2\/categories?post=11712"},{"taxonomy":"post_tag","embeddable":true,"href":"https:\/\/www.anovapeneira.gal\/index.php\/wp-json\/wp\/v2\/tags?post=11712"}],"curies":[{"name":"wp","href":"https:\/\/api.w.org\/{rel}","templated":true}]}}