{"id":11715,"date":"2024-05-10T12:00:26","date_gmt":"2024-05-10T10:00:26","guid":{"rendered":"https:\/\/www.anovapeneira.gal\/?p=11715"},"modified":"2024-05-08T08:52:13","modified_gmt":"2024-05-08T06:52:13","slug":"xose-emilio-barros-ex-alcalde-de-mondariz","status":"publish","type":"post","link":"https:\/\/www.anovapeneira.gal\/index.php\/2024\/05\/10\/xose-emilio-barros-ex-alcalde-de-mondariz\/","title":{"rendered":"Xos\u00e9 Emilio Barros ex alcalde de Mondariz"},"content":{"rendered":"\n<p><strong>Nas elecci\u00f3ns municipais do pasado ano o BNG perdeu a alcald\u00eda deste concello que recuperou Alternativa por Mondariz. O seu alcalde, Calis, leva xa varios meses de baixa laboral e a alcald\u00eda a est\u00e1 a exercer de maneira provisoria a tenente de alcalde Helena Naveira. O actual goberno tirou recentemente unha nota na que acusa ao anterior de deixar ao concello nunha p\u00e9sima situaci\u00f3n econ\u00f3mica, mentres que os nacionalistas manifestan que \u00e9 o goberno actual o que ten sumida \u00e1 administraci\u00f3n municipal nunha situaci\u00f3n de par\u00e1lise. N\u00f3s falamos con Xos\u00e9 Emilio Barros do BNG e anterior alcalde, para co\u00f1ecer a s\u00faa opini\u00f3n ao respecto.<\/strong><\/p>\n\n\n\n<p>\u201c<strong>Cando un partido se constr\u00fae sobre o ultra liderado dunha persoa concreta e, pola raz\u00f3n que sexa, ese liderado desaparece, todo se esvaece porque non existen bases s\u00f3lidas que o sustenten\u201d<\/strong><\/p>\n\n\n\n<p><strong>Por que motivo perdestes as elecci\u00f3ns?.<\/strong><\/p>\n\n\n\n<blockquote class=\"wp-block-quote is-layout-flow wp-block-quote-is-layout-flow\">\n<p>Porque a maior\u00eda do pobo de Mondariz decidiu confiar noutra opci\u00f3n pol\u00edtica.<\/p>\n<\/blockquote>\n\n\n\n<p><strong>Xa. Esa \u00e9 a raz\u00f3n aritm\u00e9tica, pero detr\u00e1s da aritm\u00e9tica ten que haber motivos pol\u00edticos. V\u00f3s baixastes tanto en votos como en actas. Cales son eses motivos pol\u00edticos?<\/strong><\/p>\n\n\n\n<blockquote class=\"wp-block-quote is-layout-flow wp-block-quote-is-layout-flow\">\n<p>N\u00f3s debatemos moito a este respecto e conclu\u00edmos que non fomos capaces de transmitir con claridade a nosa acci\u00f3n de goberno. D\u00edgoo con toda humildade pero estou convencido de que fomos o mellor goberno que pasou polo noso concello, porque fomos os \u00fanicos que ti\u00f1amos un proxecto de futuro para Mondariz e un rumbo para executalo. Mondariz precisa con urxencia medidas valentes e un goberno que aposte con firmeza por elas.<\/p>\n<\/blockquote>\n\n\n\n<p><strong>Unha vez que se perden as elecci\u00f3ns en que situaci\u00f3n queda o BNG local? E ti persoalmente?<\/strong><\/p>\n\n\n\n<blockquote class=\"wp-block-quote is-layout-flow wp-block-quote-is-layout-flow\">\n<p>O BNG \u00e9 unha formaci\u00f3n pol\u00edtica, tanto en Mondariz como en todo o pa\u00eds galego, firmemente chantada na realidade sociol\u00f3xica de Galiza. N\u00f3s non estamos supeditados a ningunha conxuntura pol\u00edtica concreta de ning\u00fan grupo, nin por suposto que de ningunha persoa en particular. O BNG de Mondariz, ao igual que fixo sempre, defender\u00e1 o mellor que poida e saiba o interese do pobo de Mondariz. A organizaci\u00f3n local a d\u00eda de hoxe est\u00e1 m\u00e1is forte que nunca.<\/p>\n<\/blockquote>\n\n\n\n<p><strong>Iso de que estades m\u00e1is fortes que nunca \u00e9 real? ou \u00e9 un clich\u00e9?<\/strong><\/p>\n\n\n\n<blockquote class=\"wp-block-quote is-layout-flow wp-block-quote-is-layout-flow\">\n<p>\u00c9 total e absolutamente real. Temos moitas ganas de recuperar a confianza da maior\u00eda social do noso pobo, e a unidade a cohesi\u00f3n e a afouteza do BNG local est\u00e1n mellor do que estiveron nunca.<\/p>\n<\/blockquote>\n\n\n\n<p><strong>E ti?<\/strong><\/p>\n\n\n\n<blockquote class=\"wp-block-quote is-layout-flow wp-block-quote-is-layout-flow\">\n<p>Eu son un militante m\u00e1is. Os nomes non son importantes. O relevante \u00e9 que o BNG de Mondariz goza de moi boa sa\u00fade, \u00e9 unha organizaci\u00f3n moi s\u00f3lida que vai tratar de recuperar a confianza do noso pobo. Por outra parte temos moi boas sensaci\u00f3ns pois o que percibimos pola r\u00faa vai nesa direcci\u00f3n que che indico.<\/p>\n<\/blockquote>\n\n\n\n<p><strong>O goberno actual quitou unha nota moi dura na que responsabiliza ao goberno que ti dirixiches da situaci\u00f3n econ\u00f3mica na que se encontra Mondariz na actualidade. Que tes que dicir ao respecto?<\/strong><\/p>\n\n\n\n<blockquote class=\"wp-block-quote is-layout-flow wp-block-quote-is-layout-flow\">\n<p>Atribu\u00edr responsabilidades a outros \u00e9 unha proba palpable da falta de criterio e de proxecto pol\u00edtico de Alternativa para a nosa localidade. Tiran ese comunicado en abril do 24 cando xa en xu\u00f1o do 23 o noso goberno deixara o traspaso de poderes perfectamente detallado con todas as iniciativas que estaban en marcha e cunha folla de ruta clara na que especificabamos todos os pasos a seguir, incluso en materia fiscal. Eles fixeron caso omiso e nin sequera formularon un orzamento. Alternativa por Mondariz non acaba de chegar. Eles gobernaron no mandato 2015-2019 e eles son part\u00edcipes da situaci\u00f3n deficitaria na que se encontra o Concello.<\/p>\n<\/blockquote>\n\n\n\n<p><strong>Pero ese d\u00e9ficit foi incrementado no teu mandato?<\/strong><\/p>\n\n\n\n<blockquote class=\"wp-block-quote is-layout-flow wp-block-quote-is-layout-flow\">\n<p>Si, porque n\u00f3s puxemos en marcha investimentos moi importantes e moi necesarios para o noso concello.<\/p>\n<\/blockquote>\n\n\n\n<p><strong>O teu goberno deixou arruinado a Mondariz?<\/strong><\/p>\n\n\n\n<blockquote class=\"wp-block-quote is-layout-flow wp-block-quote-is-layout-flow\">\n<p>Non, en absoluto.<\/p>\n<\/blockquote>\n\n\n\n<blockquote class=\"wp-block-quote is-layout-flow wp-block-quote-is-layout-flow\">\n<p>O noso goberno ti\u00f1a un proxecto para a localidade e tam\u00e9n un plan realista para levalo a cabo. Este plan econ\u00f3mico probablemente comece a dar resultados nos anos 25 e 26.E xa imaxino que nese momento Alternativa por Mondariz tratar\u00e1 de vender boa xesti\u00f3n econ\u00f3mica, cando os resultados vir\u00e1n dados polo traballo do noso goberno.<\/p>\n<\/blockquote>\n\n\n\n<p><strong>Alg\u00fan dato concreto que avale o que acabas de afirmar?<\/strong><\/p>\n\n\n\n<blockquote class=\"wp-block-quote is-layout-flow wp-block-quote-is-layout-flow\">\n<p>A auga e a iluminaci\u00f3n. Estimamos que poderemos aforrar, grazas aos nosos investimentos, moitos milleiros de \u20ac cada ano..<\/p>\n<\/blockquote>\n\n\n\n<p><strong>Agora mesmo quen manda en Mondariz?<\/strong><\/p>\n\n\n\n<blockquote class=\"wp-block-quote is-layout-flow wp-block-quote-is-layout-flow\">\n<p>O persoal municipal e o funcionariado.<\/p>\n<\/blockquote>\n\n\n\n<p><strong>E logo a alcaldesa accidental non exerce a direcci\u00f3n pol\u00edtica do concello?<\/strong><\/p>\n\n\n\n<blockquote class=\"wp-block-quote is-layout-flow wp-block-quote-is-layout-flow\">\n<p>A direcci\u00f3n pol\u00edtica no noso concello \u00e9 nestes momentos m\u00ednima. A situaci\u00f3n pol\u00edtica de Mondariz \u00e9 de par\u00e1lise e ten moito que ver coa filosof\u00eda dun partido localista e personalista que se constr\u00fae arredor do ultra liderado dunha persoa concreta. Cando desaparece ese liderado todo se esvaece, porque non existen bases s\u00f3lidas que o sustentan.<\/p>\n<\/blockquote>\n\n\n\n<p><strong>Alg\u00fan exemplo concreto desa suposta par\u00e1lise que mencionas?<\/strong><\/p>\n\n\n\n<blockquote class=\"wp-block-quote is-layout-flow wp-block-quote-is-layout-flow\">\n<p>Hai m\u00faltiples. As\u00ed, a modo de exemplo:<\/p>\n<\/blockquote>\n\n\n\n<blockquote class=\"wp-block-quote is-layout-flow wp-block-quote-is-layout-flow\">\n<p>-O desenvolvemento do parque empresarial da Lagoa. Esta \u00e9 unha importante medida que conseguiu quitar adiante o anterior goberno e que na actualidade est\u00e1 paralizada polo desleixo do goberno actual.<\/p>\n<\/blockquote>\n\n\n\n<blockquote class=\"wp-block-quote is-layout-flow wp-block-quote-is-layout-flow\">\n<p>-A expansi\u00f3n dun plan especial de dotaci\u00f3ns e equipamentos tur\u00edsticos para a localidade.<\/p>\n<\/blockquote>\n\n\n\n<blockquote class=\"wp-block-quote is-layout-flow wp-block-quote-is-layout-flow\">\n<p>-O baleirado de fosas s\u00e9pticas, que acaba de paralizar Alternativa por Mondariz.<\/p>\n<\/blockquote>\n\n\n\n<blockquote class=\"wp-block-quote is-layout-flow wp-block-quote-is-layout-flow\">\n<p>-As melloras das praias fluviais no Val<\/p>\n<\/blockquote>\n\n\n\n<blockquote class=\"wp-block-quote is-layout-flow wp-block-quote-is-layout-flow\">\n<p>-As melloras para o campo de f\u00fatbol da Lagoa<\/p>\n<\/blockquote>\n\n\n\n<blockquote class=\"wp-block-quote is-layout-flow wp-block-quote-is-layout-flow\">\n<p>Son medidas que, en moitos casos, non precisan de grandes recursos econ\u00f3micos para que funcionen. S\u00f3 precisan dunha direcci\u00f3n pol\u00edtica detr\u00e1s, o que por desgraza nestes momentos non existe. Agora mesmo o \u00fanico que fai o goberno de Alternativa por Mondariz \u00e9 xestionar como poden o d\u00eda a d\u00eda. Xesti\u00f3n que en moitas ocasi\u00f3ns recae no propio persoal municipal.<\/p>\n<\/blockquote>\n\n\n\n<p><strong>Calis p\u00faxose en contacto contigo nalg\u00fan momento para explicarche o motivo da s\u00faa baixa, e as expectativas de recuperaci\u00f3n?( desexo e agardo que plena e pronta recuperaci\u00f3n).<\/strong><\/p>\n\n\n\n<blockquote class=\"wp-block-quote is-layout-flow wp-block-quote-is-layout-flow\">\n<p>Fix\u00e9rono a touro pasado. Non sei cando se reincorporar\u00e1, pero a baixa dun alcalde non debera de ser ning\u00fan problema para que a administraci\u00f3n municipal funcione con normalidade.<\/p>\n<\/blockquote>\n\n\n\n<p><strong>Quixera preguntarche a t\u00faa opini\u00f3n sobre a pol\u00edtica de persoal da administraci\u00f3n municipal?<\/strong><\/p>\n\n\n\n<blockquote class=\"wp-block-quote is-layout-flow wp-block-quote-is-layout-flow\">\n<p>Non existe ning\u00fan tipo de pol\u00edtica de persoal. Alternativa xa deber\u00eda de ter perfectamente definidas as necesidades nesta importante cuesti\u00f3n, pero non \u00e9 as\u00ed. Nesta materia o goberno tam\u00e9n \u00e9 inoperante.<\/p>\n<\/blockquote>\n","protected":false},"excerpt":{"rendered":"<div class=\"mh-excerpt\"><p>Nas elecci\u00f3ns municipais do pasado ano o BNG perdeu a alcald\u00eda deste concello que recuperou Alternativa por Mondariz <a class=\"mh-excerpt-more\" href=\"https:\/\/www.anovapeneira.gal\/index.php\/2024\/05\/10\/xose-emilio-barros-ex-alcalde-de-mondariz\/\" title=\"Xos\u00e9 Emilio Barros ex alcalde de Mondariz\">[&#8230;]<\/a><\/p>\n<\/div>","protected":false},"author":3,"featured_media":11716,"comment_status":"open","ping_status":"open","sticky":false,"template":"","format":"standard","meta":{"_exactmetrics_skip_tracking":false,"_exactmetrics_sitenote_active":false,"_exactmetrics_sitenote_note":"","_exactmetrics_sitenote_category":0,"footnotes":""},"categories":[267],"tags":[405],"class_list":{"0":"post-11715","1":"post","2":"type-post","3":"status-publish","4":"format-standard","5":"has-post-thumbnail","7":"category-condado-entrevistas","8":"tag-concello-de-mondariz"},"yoast_head":"<!-- This site is optimized with the Yoast SEO plugin v27.4 - https:\/\/yoast.com\/product\/yoast-seo-wordpress\/ -->\n<title>Xos\u00e9 Emilio Barros ex alcalde de Mondariz -<\/title>\n<meta name=\"robots\" content=\"index, follow, max-snippet:-1, max-image-preview:large, max-video-preview:-1\" \/>\n<link rel=\"canonical\" href=\"https:\/\/www.anovapeneira.gal\/index.php\/2024\/05\/10\/xose-emilio-barros-ex-alcalde-de-mondariz\/\" \/>\n<meta property=\"og:locale\" content=\"gl_ES\" \/>\n<meta property=\"og:type\" content=\"article\" \/>\n<meta property=\"og:title\" content=\"Xos\u00e9 Emilio Barros ex alcalde de Mondariz -\" \/>\n<meta property=\"og:description\" content=\"Nas elecci\u00f3ns municipais do pasado ano o BNG perdeu a alcald\u00eda deste concello que recuperou Alternativa por Mondariz [...]\" \/>\n<meta property=\"og:url\" content=\"https:\/\/www.anovapeneira.gal\/index.php\/2024\/05\/10\/xose-emilio-barros-ex-alcalde-de-mondariz\/\" \/>\n<meta property=\"article:publisher\" content=\"https:\/\/www.facebook.com\/anovapeneira\" \/>\n<meta property=\"article:published_time\" content=\"2024-05-10T10:00:26+00:00\" \/>\n<meta property=\"og:image\" content=\"https:\/\/www.anovapeneira.gal\/wp-content\/uploads\/2024\/05\/emilio_mondariz.png\" \/>\n\t<meta property=\"og:image:width\" content=\"720\" \/>\n\t<meta property=\"og:image:height\" content=\"432\" \/>\n\t<meta property=\"og:image:type\" content=\"image\/png\" \/>\n<meta name=\"author\" content=\"Redacci\u00f3n A Nova Peneira\" \/>\n<meta name=\"twitter:card\" content=\"summary_large_image\" \/>\n<meta name=\"twitter:creator\" content=\"@APeneira\" \/>\n<meta name=\"twitter:site\" content=\"@APeneira\" \/>\n<meta name=\"twitter:label1\" content=\"Escrito por\" \/>\n\t<meta name=\"twitter:data1\" content=\"Redacci\u00f3n A Nova Peneira\" \/>\n\t<meta name=\"twitter:label2\" content=\"Tempo de lectura\" \/>\n\t<meta name=\"twitter:data2\" content=\"2 minutos\" \/>\n<script type=\"application\/ld+json\" class=\"yoast-schema-graph\">{\"@context\":\"https:\\\/\\\/schema.org\",\"@graph\":[{\"@type\":\"Article\",\"@id\":\"https:\\\/\\\/www.anovapeneira.gal\\\/index.php\\\/2024\\\/05\\\/10\\\/xose-emilio-barros-ex-alcalde-de-mondariz\\\/#article\",\"isPartOf\":{\"@id\":\"https:\\\/\\\/www.anovapeneira.gal\\\/index.php\\\/2024\\\/05\\\/10\\\/xose-emilio-barros-ex-alcalde-de-mondariz\\\/\"},\"author\":{\"name\":\"Redacci\u00f3n A Nova Peneira\",\"@id\":\"https:\\\/\\\/www.anovapeneira.gal\\\/#\\\/schema\\\/person\\\/b93e3f8932e3f8da96334607eb6ac6aa\"},\"headline\":\"Xos\u00e9 Emilio Barros ex alcalde de Mondariz\",\"datePublished\":\"2024-05-10T10:00:26+00:00\",\"mainEntityOfPage\":{\"@id\":\"https:\\\/\\\/www.anovapeneira.gal\\\/index.php\\\/2024\\\/05\\\/10\\\/xose-emilio-barros-ex-alcalde-de-mondariz\\\/\"},\"wordCount\":1136,\"commentCount\":0,\"publisher\":{\"@id\":\"https:\\\/\\\/www.anovapeneira.gal\\\/#organization\"},\"image\":{\"@id\":\"https:\\\/\\\/www.anovapeneira.gal\\\/index.php\\\/2024\\\/05\\\/10\\\/xose-emilio-barros-ex-alcalde-de-mondariz\\\/#primaryimage\"},\"thumbnailUrl\":\"https:\\\/\\\/www.anovapeneira.gal\\\/wp-content\\\/uploads\\\/2024\\\/05\\\/emilio_mondariz.png\",\"keywords\":[\"Concello de Mondariz\"],\"articleSection\":[\"Condado\"],\"inLanguage\":\"gl-ES\",\"potentialAction\":[{\"@type\":\"CommentAction\",\"name\":\"Comment\",\"target\":[\"https:\\\/\\\/www.anovapeneira.gal\\\/index.php\\\/2024\\\/05\\\/10\\\/xose-emilio-barros-ex-alcalde-de-mondariz\\\/#respond\"]}]},{\"@type\":\"WebPage\",\"@id\":\"https:\\\/\\\/www.anovapeneira.gal\\\/index.php\\\/2024\\\/05\\\/10\\\/xose-emilio-barros-ex-alcalde-de-mondariz\\\/\",\"url\":\"https:\\\/\\\/www.anovapeneira.gal\\\/index.php\\\/2024\\\/05\\\/10\\\/xose-emilio-barros-ex-alcalde-de-mondariz\\\/\",\"name\":\"Xos\u00e9 Emilio Barros ex alcalde de Mondariz -\",\"isPartOf\":{\"@id\":\"https:\\\/\\\/www.anovapeneira.gal\\\/#website\"},\"primaryImageOfPage\":{\"@id\":\"https:\\\/\\\/www.anovapeneira.gal\\\/index.php\\\/2024\\\/05\\\/10\\\/xose-emilio-barros-ex-alcalde-de-mondariz\\\/#primaryimage\"},\"image\":{\"@id\":\"https:\\\/\\\/www.anovapeneira.gal\\\/index.php\\\/2024\\\/05\\\/10\\\/xose-emilio-barros-ex-alcalde-de-mondariz\\\/#primaryimage\"},\"thumbnailUrl\":\"https:\\\/\\\/www.anovapeneira.gal\\\/wp-content\\\/uploads\\\/2024\\\/05\\\/emilio_mondariz.png\",\"datePublished\":\"2024-05-10T10:00:26+00:00\",\"breadcrumb\":{\"@id\":\"https:\\\/\\\/www.anovapeneira.gal\\\/index.php\\\/2024\\\/05\\\/10\\\/xose-emilio-barros-ex-alcalde-de-mondariz\\\/#breadcrumb\"},\"inLanguage\":\"gl-ES\",\"potentialAction\":[{\"@type\":\"ReadAction\",\"target\":[\"https:\\\/\\\/www.anovapeneira.gal\\\/index.php\\\/2024\\\/05\\\/10\\\/xose-emilio-barros-ex-alcalde-de-mondariz\\\/\"]}]},{\"@type\":\"ImageObject\",\"inLanguage\":\"gl-ES\",\"@id\":\"https:\\\/\\\/www.anovapeneira.gal\\\/index.php\\\/2024\\\/05\\\/10\\\/xose-emilio-barros-ex-alcalde-de-mondariz\\\/#primaryimage\",\"url\":\"https:\\\/\\\/www.anovapeneira.gal\\\/wp-content\\\/uploads\\\/2024\\\/05\\\/emilio_mondariz.png\",\"contentUrl\":\"https:\\\/\\\/www.anovapeneira.gal\\\/wp-content\\\/uploads\\\/2024\\\/05\\\/emilio_mondariz.png\",\"width\":720,\"height\":432,\"caption\":\"Emilio Alcalde de Mondariz\"},{\"@type\":\"BreadcrumbList\",\"@id\":\"https:\\\/\\\/www.anovapeneira.gal\\\/index.php\\\/2024\\\/05\\\/10\\\/xose-emilio-barros-ex-alcalde-de-mondariz\\\/#breadcrumb\",\"itemListElement\":[{\"@type\":\"ListItem\",\"position\":1,\"name\":\"Portada\",\"item\":\"https:\\\/\\\/www.anovapeneira.gal\\\/\"},{\"@type\":\"ListItem\",\"position\":2,\"name\":\"Xos\u00e9 Emilio Barros ex alcalde de Mondariz\"}]},{\"@type\":\"WebSite\",\"@id\":\"https:\\\/\\\/www.anovapeneira.gal\\\/#website\",\"url\":\"https:\\\/\\\/www.anovapeneira.gal\\\/\",\"name\":\"\",\"description\":\"Xornal galego de informaci\u00f3n xeral Publicaci\u00f3n mensual de novas de Galicia e en especial dos Concellos da sur da provincia de Pontevedra.\",\"publisher\":{\"@id\":\"https:\\\/\\\/www.anovapeneira.gal\\\/#organization\"},\"potentialAction\":[{\"@type\":\"SearchAction\",\"target\":{\"@type\":\"EntryPoint\",\"urlTemplate\":\"https:\\\/\\\/www.anovapeneira.gal\\\/?s={search_term_string}\"},\"query-input\":{\"@type\":\"PropertyValueSpecification\",\"valueRequired\":true,\"valueName\":\"search_term_string\"}}],\"inLanguage\":\"gl-ES\"},{\"@type\":\"Organization\",\"@id\":\"https:\\\/\\\/www.anovapeneira.gal\\\/#organization\",\"name\":\"A Nova Peneira\",\"url\":\"https:\\\/\\\/www.anovapeneira.gal\\\/\",\"logo\":{\"@type\":\"ImageObject\",\"inLanguage\":\"gl-ES\",\"@id\":\"https:\\\/\\\/www.anovapeneira.gal\\\/#\\\/schema\\\/logo\\\/image\\\/\",\"url\":\"http:\\\/\\\/www.anovapeneira.gal\\\/wp-content\\\/uploads\\\/2019\\\/06\\\/logo_a_nova_peneira_portal_web.png\",\"contentUrl\":\"http:\\\/\\\/www.anovapeneira.gal\\\/wp-content\\\/uploads\\\/2019\\\/06\\\/logo_a_nova_peneira_portal_web.png\",\"width\":300,\"height\":100,\"caption\":\"A Nova Peneira\"},\"image\":{\"@id\":\"https:\\\/\\\/www.anovapeneira.gal\\\/#\\\/schema\\\/logo\\\/image\\\/\"},\"sameAs\":[\"https:\\\/\\\/www.facebook.com\\\/anovapeneira\",\"https:\\\/\\\/x.com\\\/APeneira\"]},{\"@type\":\"Person\",\"@id\":\"https:\\\/\\\/www.anovapeneira.gal\\\/#\\\/schema\\\/person\\\/b93e3f8932e3f8da96334607eb6ac6aa\",\"name\":\"Redacci\u00f3n A Nova Peneira\",\"image\":{\"@type\":\"ImageObject\",\"inLanguage\":\"gl-ES\",\"@id\":\"https:\\\/\\\/secure.gravatar.com\\\/avatar\\\/c052a2551a06e23fac63626232eaa90abd78dbcf1700fc46a2b2c89fd27b735f?s=96&d=mm&r=g\",\"url\":\"https:\\\/\\\/secure.gravatar.com\\\/avatar\\\/c052a2551a06e23fac63626232eaa90abd78dbcf1700fc46a2b2c89fd27b735f?s=96&d=mm&r=g\",\"contentUrl\":\"https:\\\/\\\/secure.gravatar.com\\\/avatar\\\/c052a2551a06e23fac63626232eaa90abd78dbcf1700fc46a2b2c89fd27b735f?s=96&d=mm&r=g\",\"caption\":\"Redacci\u00f3n A Nova Peneira\"},\"sameAs\":[\"http:\\\/\\\/www.anovapeneira.gal\\\/\"],\"url\":\"https:\\\/\\\/www.anovapeneira.gal\\\/index.php\\\/author\\\/redactor\\\/\"}]}<\/script>\n<!-- \/ Yoast SEO plugin. -->","yoast_head_json":{"title":"Xos\u00e9 Emilio Barros ex alcalde de Mondariz -","robots":{"index":"index","follow":"follow","max-snippet":"max-snippet:-1","max-image-preview":"max-image-preview:large","max-video-preview":"max-video-preview:-1"},"canonical":"https:\/\/www.anovapeneira.gal\/index.php\/2024\/05\/10\/xose-emilio-barros-ex-alcalde-de-mondariz\/","og_locale":"gl_ES","og_type":"article","og_title":"Xos\u00e9 Emilio Barros ex alcalde de Mondariz -","og_description":"Nas elecci\u00f3ns municipais do pasado ano o BNG perdeu a alcald\u00eda deste concello que recuperou Alternativa por Mondariz [...]","og_url":"https:\/\/www.anovapeneira.gal\/index.php\/2024\/05\/10\/xose-emilio-barros-ex-alcalde-de-mondariz\/","article_publisher":"https:\/\/www.facebook.com\/anovapeneira","article_published_time":"2024-05-10T10:00:26+00:00","og_image":[{"width":720,"height":432,"url":"https:\/\/www.anovapeneira.gal\/wp-content\/uploads\/2024\/05\/emilio_mondariz.png","type":"image\/png"}],"author":"Redacci\u00f3n A Nova Peneira","twitter_card":"summary_large_image","twitter_creator":"@APeneira","twitter_site":"@APeneira","twitter_misc":{"Escrito por":"Redacci\u00f3n A Nova Peneira","Tempo de lectura":"2 minutos"},"schema":{"@context":"https:\/\/schema.org","@graph":[{"@type":"Article","@id":"https:\/\/www.anovapeneira.gal\/index.php\/2024\/05\/10\/xose-emilio-barros-ex-alcalde-de-mondariz\/#article","isPartOf":{"@id":"https:\/\/www.anovapeneira.gal\/index.php\/2024\/05\/10\/xose-emilio-barros-ex-alcalde-de-mondariz\/"},"author":{"name":"Redacci\u00f3n A Nova Peneira","@id":"https:\/\/www.anovapeneira.gal\/#\/schema\/person\/b93e3f8932e3f8da96334607eb6ac6aa"},"headline":"Xos\u00e9 Emilio Barros ex alcalde de Mondariz","datePublished":"2024-05-10T10:00:26+00:00","mainEntityOfPage":{"@id":"https:\/\/www.anovapeneira.gal\/index.php\/2024\/05\/10\/xose-emilio-barros-ex-alcalde-de-mondariz\/"},"wordCount":1136,"commentCount":0,"publisher":{"@id":"https:\/\/www.anovapeneira.gal\/#organization"},"image":{"@id":"https:\/\/www.anovapeneira.gal\/index.php\/2024\/05\/10\/xose-emilio-barros-ex-alcalde-de-mondariz\/#primaryimage"},"thumbnailUrl":"https:\/\/www.anovapeneira.gal\/wp-content\/uploads\/2024\/05\/emilio_mondariz.png","keywords":["Concello de Mondariz"],"articleSection":["Condado"],"inLanguage":"gl-ES","potentialAction":[{"@type":"CommentAction","name":"Comment","target":["https:\/\/www.anovapeneira.gal\/index.php\/2024\/05\/10\/xose-emilio-barros-ex-alcalde-de-mondariz\/#respond"]}]},{"@type":"WebPage","@id":"https:\/\/www.anovapeneira.gal\/index.php\/2024\/05\/10\/xose-emilio-barros-ex-alcalde-de-mondariz\/","url":"https:\/\/www.anovapeneira.gal\/index.php\/2024\/05\/10\/xose-emilio-barros-ex-alcalde-de-mondariz\/","name":"Xos\u00e9 Emilio Barros ex alcalde de Mondariz -","isPartOf":{"@id":"https:\/\/www.anovapeneira.gal\/#website"},"primaryImageOfPage":{"@id":"https:\/\/www.anovapeneira.gal\/index.php\/2024\/05\/10\/xose-emilio-barros-ex-alcalde-de-mondariz\/#primaryimage"},"image":{"@id":"https:\/\/www.anovapeneira.gal\/index.php\/2024\/05\/10\/xose-emilio-barros-ex-alcalde-de-mondariz\/#primaryimage"},"thumbnailUrl":"https:\/\/www.anovapeneira.gal\/wp-content\/uploads\/2024\/05\/emilio_mondariz.png","datePublished":"2024-05-10T10:00:26+00:00","breadcrumb":{"@id":"https:\/\/www.anovapeneira.gal\/index.php\/2024\/05\/10\/xose-emilio-barros-ex-alcalde-de-mondariz\/#breadcrumb"},"inLanguage":"gl-ES","potentialAction":[{"@type":"ReadAction","target":["https:\/\/www.anovapeneira.gal\/index.php\/2024\/05\/10\/xose-emilio-barros-ex-alcalde-de-mondariz\/"]}]},{"@type":"ImageObject","inLanguage":"gl-ES","@id":"https:\/\/www.anovapeneira.gal\/index.php\/2024\/05\/10\/xose-emilio-barros-ex-alcalde-de-mondariz\/#primaryimage","url":"https:\/\/www.anovapeneira.gal\/wp-content\/uploads\/2024\/05\/emilio_mondariz.png","contentUrl":"https:\/\/www.anovapeneira.gal\/wp-content\/uploads\/2024\/05\/emilio_mondariz.png","width":720,"height":432,"caption":"Emilio Alcalde de Mondariz"},{"@type":"BreadcrumbList","@id":"https:\/\/www.anovapeneira.gal\/index.php\/2024\/05\/10\/xose-emilio-barros-ex-alcalde-de-mondariz\/#breadcrumb","itemListElement":[{"@type":"ListItem","position":1,"name":"Portada","item":"https:\/\/www.anovapeneira.gal\/"},{"@type":"ListItem","position":2,"name":"Xos\u00e9 Emilio Barros ex alcalde de Mondariz"}]},{"@type":"WebSite","@id":"https:\/\/www.anovapeneira.gal\/#website","url":"https:\/\/www.anovapeneira.gal\/","name":"","description":"Xornal galego de informaci\u00f3n xeral Publicaci\u00f3n mensual de novas de Galicia e en especial dos Concellos da sur da provincia de Pontevedra.","publisher":{"@id":"https:\/\/www.anovapeneira.gal\/#organization"},"potentialAction":[{"@type":"SearchAction","target":{"@type":"EntryPoint","urlTemplate":"https:\/\/www.anovapeneira.gal\/?s={search_term_string}"},"query-input":{"@type":"PropertyValueSpecification","valueRequired":true,"valueName":"search_term_string"}}],"inLanguage":"gl-ES"},{"@type":"Organization","@id":"https:\/\/www.anovapeneira.gal\/#organization","name":"A Nova Peneira","url":"https:\/\/www.anovapeneira.gal\/","logo":{"@type":"ImageObject","inLanguage":"gl-ES","@id":"https:\/\/www.anovapeneira.gal\/#\/schema\/logo\/image\/","url":"http:\/\/www.anovapeneira.gal\/wp-content\/uploads\/2019\/06\/logo_a_nova_peneira_portal_web.png","contentUrl":"http:\/\/www.anovapeneira.gal\/wp-content\/uploads\/2019\/06\/logo_a_nova_peneira_portal_web.png","width":300,"height":100,"caption":"A Nova Peneira"},"image":{"@id":"https:\/\/www.anovapeneira.gal\/#\/schema\/logo\/image\/"},"sameAs":["https:\/\/www.facebook.com\/anovapeneira","https:\/\/x.com\/APeneira"]},{"@type":"Person","@id":"https:\/\/www.anovapeneira.gal\/#\/schema\/person\/b93e3f8932e3f8da96334607eb6ac6aa","name":"Redacci\u00f3n A Nova Peneira","image":{"@type":"ImageObject","inLanguage":"gl-ES","@id":"https:\/\/secure.gravatar.com\/avatar\/c052a2551a06e23fac63626232eaa90abd78dbcf1700fc46a2b2c89fd27b735f?s=96&d=mm&r=g","url":"https:\/\/secure.gravatar.com\/avatar\/c052a2551a06e23fac63626232eaa90abd78dbcf1700fc46a2b2c89fd27b735f?s=96&d=mm&r=g","contentUrl":"https:\/\/secure.gravatar.com\/avatar\/c052a2551a06e23fac63626232eaa90abd78dbcf1700fc46a2b2c89fd27b735f?s=96&d=mm&r=g","caption":"Redacci\u00f3n A Nova Peneira"},"sameAs":["http:\/\/www.anovapeneira.gal\/"],"url":"https:\/\/www.anovapeneira.gal\/index.php\/author\/redactor\/"}]}},"jetpack_featured_media_url":"https:\/\/www.anovapeneira.gal\/wp-content\/uploads\/2024\/05\/emilio_mondariz.png","_links":{"self":[{"href":"https:\/\/www.anovapeneira.gal\/index.php\/wp-json\/wp\/v2\/posts\/11715","targetHints":{"allow":["GET"]}}],"collection":[{"href":"https:\/\/www.anovapeneira.gal\/index.php\/wp-json\/wp\/v2\/posts"}],"about":[{"href":"https:\/\/www.anovapeneira.gal\/index.php\/wp-json\/wp\/v2\/types\/post"}],"author":[{"embeddable":true,"href":"https:\/\/www.anovapeneira.gal\/index.php\/wp-json\/wp\/v2\/users\/3"}],"replies":[{"embeddable":true,"href":"https:\/\/www.anovapeneira.gal\/index.php\/wp-json\/wp\/v2\/comments?post=11715"}],"version-history":[{"count":1,"href":"https:\/\/www.anovapeneira.gal\/index.php\/wp-json\/wp\/v2\/posts\/11715\/revisions"}],"predecessor-version":[{"id":11717,"href":"https:\/\/www.anovapeneira.gal\/index.php\/wp-json\/wp\/v2\/posts\/11715\/revisions\/11717"}],"wp:featuredmedia":[{"embeddable":true,"href":"https:\/\/www.anovapeneira.gal\/index.php\/wp-json\/wp\/v2\/media\/11716"}],"wp:attachment":[{"href":"https:\/\/www.anovapeneira.gal\/index.php\/wp-json\/wp\/v2\/media?parent=11715"}],"wp:term":[{"taxonomy":"category","embeddable":true,"href":"https:\/\/www.anovapeneira.gal\/index.php\/wp-json\/wp\/v2\/categories?post=11715"},{"taxonomy":"post_tag","embeddable":true,"href":"https:\/\/www.anovapeneira.gal\/index.php\/wp-json\/wp\/v2\/tags?post=11715"}],"curies":[{"name":"wp","href":"https:\/\/api.w.org\/{rel}","templated":true}]}}