{"id":11718,"date":"2024-05-13T10:00:19","date_gmt":"2024-05-13T08:00:19","guid":{"rendered":"https:\/\/www.anovapeneira.gal\/?p=11718"},"modified":"2024-05-08T13:41:44","modified_gmt":"2024-05-08T11:41:44","slug":"a-politica-e-a-moral","status":"publish","type":"post","link":"https:\/\/www.anovapeneira.gal\/index.php\/2024\/05\/13\/a-politica-e-a-moral\/","title":{"rendered":"A pol\u00edtica e a moral"},"content":{"rendered":"\n<figure class=\"wp-block-image size-full is-resized\"><img loading=\"lazy\" decoding=\"async\" width=\"190\" height=\"222\" src=\"https:\/\/www.anovapeneira.gal\/wp-content\/uploads\/2019\/05\/tino_lago_director_a_nova_peneira.jpg\" alt=\"Tino Lago director a Nova Peneira\" class=\"wp-image-189\" style=\"width:90px;height:auto\"\/><figcaption class=\"wp-element-caption\">Tino Lago director a Nova Peneira<\/figcaption><\/figure>\n\n\n\n<p>Vivimos tempos complicados nos que a miseria dos que non son capaces de acadar o poder pol\u00edtico, porque non lles dan os votos, fai que traten de logralo utilizando perigosos subterfuxios que provocan que a tensi\u00f3n e a polarizaci\u00f3n se instalen na sociedade de forma e maneira extremadamente perigosa. Estes tempos obrigan a debater, a reflexionar e a lembrar o obvio. Como por exemplo que os conceptos que dan t\u00edtulo a este artigo refiren realidades diferentes. A pol\u00edtica \u00e9 a ciencia que trata dos diferentes modelos existentes para organizar a administraci\u00f3n dun estado, os seus asuntos e intereses. E a moral \u00e9 todo o que te\u00f1a que ver cos actos das persoas en relaci\u00f3n co ben e co mal. Unha persoa que sexa solidaria, fraternal, xenerosa e humilde \u00e9 un ser humano que se comporta de maneira moral ,con independencia da s\u00faa posici\u00f3n pol\u00edtica.<\/p>\n\n\n\n<p>O comportamento,s\u00f3 o comportamento, que desenvolvemos na nosa vida coti\u00e1 \u00e9 o que debe de ser valorado conforme a criterios morais. A nosa posici\u00f3n pol\u00edtica unicamente define a maneira que entendemos m\u00e1is adecuada para organizar unha sociedade. E a opini\u00f3n pol\u00edtica dos outros s\u00f3 debe de ser valorada conforme a criterios pol\u00edticos. Podemos asumila se a consideramos correcta, ou podemos confrontala coa que n\u00f3s estimemos mellor. Sempre en base a criterios pol\u00edticos pois quen pensa politicamente diferente a como n\u00f3s pensamos pode ser un ser humano tan \u00edntegro, ou incluso m\u00e1is do que o somos n\u00f3s mesmos.<\/p>\n\n\n\n<p>Todos os procesos pol\u00edticos que provocan que nunha sociedade xurda a peste do fanatismo seguen sempre as mesmas tres fases:1) A confusi\u00f3n do pol\u00edtico co moral. En consecuencia se procede a valorar moralmente o que s\u00f3 \u00e9 unha posici\u00f3n pol\u00edtica diferente. Canto m\u00e1is lonxe estea a opini\u00f3n do suxeito valorado, m\u00e1is inmoral ser\u00e1 a ollos do fan\u00e1tico que valora.2) A despersonalizaci\u00f3n da persoa valorada polo fan\u00e1tico \u00e1 que chega a desposu\u00edr da s\u00faa condici\u00f3n de ser humano, animaliz\u00e1ndoa ou cousific\u00e1ndoa \u201c Perro S\u00e1nchez\u201d.3) A violencia, a terceira e \u00faltima fase deste problema tan grave \u00e9 a violencia que se exerce sen ning\u00fan tipo de problema moral pois o agredido \u00e9 a ollos do agresor un suxeito inmoral, que non ten a categor\u00eda de ser humano. \u00c9 o \u201ccoletas\u201d, a \u201crata\u201d ou\u201dPerro S\u00e1nchez\u201d.<\/p>\n\n\n\n<p>Todos os avances sociais dos que ao longo da historia se beneficiou a humanidade ve\u00f1en sempre da esquerda,isto \u00e9 unha valoraci\u00f3n pol\u00edtica persoal. A igualdade, a liberdade( a liberdade moral, non o libre mercado econ\u00f3mico que \u00e9 diferente), a democracia, o feminismo, as pensi\u00f3ns, a universalizaci\u00f3n do acceso \u00e1 cultura, a sanidade, a educaci\u00f3n, as bolsas, a memoria hist\u00f3rica, o divorcio, o matrimonio homosexual, o salario m\u00ednimo, as lexislaci\u00f3n laborais, o dereito \u00e1 folga, o respecto( polo menos te\u00f3rico) \u00e1s linguas minoritarias, o ingreso m\u00ednimo vital, o dereito a unha morte digna, o benestar animal, o respecto polo medio ambiente&#8230;&#8230;&#8230; todo, absolutamente todo, o que vai na li\u00f1a do ben com\u00fan das maior\u00edas foi impulsado por gobernos de esquerdas. A dereita chega tarde e mal a todo, absolutamente a todo .De feito no estado espa\u00f1ol cando se promove unha medida deste tipo sempre, ou case sempre, ten votado en contra.<\/p>\n\n\n\n<p>Se contrastamos ambas formas de entender a pol\u00edtica, desde a honestidade intelectual, a dereita nunca ter\u00eda a oportunidade de ga\u00f1ar unhas elecci\u00f3ns porque o seu modelo social \u00e9 s\u00f3 para minor\u00edas, defende os intereses das elites econ\u00f3micas, mentres que a esquerda, con maior ou menor acerto con maior ou peor fortuna, tratar de regular para as maior\u00edas.<\/p>\n\n\n\n<p>Pero a dereita ga\u00f1a tam\u00e9n elecci\u00f3ns, e iso \u00e9 as\u00ed porque recibe moitos votos de segmentos de poboaci\u00f3n que foron prexudicados polas s\u00faas pol\u00edticas. Por que?<\/p>\n\n\n\n<p>Por moitas e variadas raz\u00f3ns das que quixera salientar as d\u00faas que a min me parecen m\u00e1is importantes:<\/p>\n\n\n\n<p>-A creaci\u00f3n de inmensas redes clientelares a trav\u00e9s da pr\u00e1ctica do nepotismo contra as que \u00e9 moi dif\u00edcil combater pois implican a un n\u00famero moi elevado de persoas. Non s\u00f3 aos directamente beneficiados sen\u00f3n aos seus familiares e amigos.<\/p>\n\n\n\n<p>-A confusi\u00f3n interesada da pol\u00edtica e da moral coa que, a trav\u00e9s de unha potent\u00edsima rede de difusi\u00f3n medi\u00e1tica, se trata de converter en suxeitos inmorais aos adversarios pol\u00edticos.<\/p>\n\n\n\n<p>Eso, exactamente eso, \u00e9 o que est\u00e1 a facer o PP a trav\u00e9s dos medios de comunicaci\u00f3n de masas que digamos \u201csimpatizan\u201d con este partido. Critican como indesexables comportamentos que eles mesmos te\u00f1en practicado. As\u00ed por exemplo o esperpento da senadora Nidia Ar\u00e9valo burl\u00e1ndose dun suposto problema co alcohol ao volante dun senador socialista, cando ela foi no seu momento multada con 600\u20ac por conducir con m\u00e1is alcohol no corpo do que permite a lei, ou de N\u00fa\u00f1ez Feijoo ridiculizando ao presidente S\u00e1nchez por tomarse uns d\u00edas de pausa para decidir o seu cami\u00f1o cando el fixo en Galicia o mesmo, exactamente o mesmo, son dun nivel de hipocris\u00eda estratosf\u00e9rico. E xa o cumio da loucura, o delirium tremens da pr\u00e1ctica pol\u00edtica e ver a Feijoo escribindo un artigo de prensa no que se presenta como o palad\u00edn de defensa da prensa libre.<\/p>\n\n\n\n<p>Chegados a este punto amigos e amigas t\u00f3mome a licenza de despedirme cunha humilde suxesti\u00f3n:<\/p>\n\n\n\n<p>Cando te\u00f1amos que decidir en quen depositamos a nosa confianza pol\u00edtica confrontemos as distintas propostas pol\u00edticas e elixamos a que consideremos m\u00e1is xusta para a maior\u00eda.<\/p>\n\n\n\n<p>Cando queiramos valorar a algu\u00e9n te\u00f1amos en conta o seu comportamento, s\u00f3 o seu comportamento.<\/p>\n\n\n\n<p>Dedicado \u00e1s varias persoas do PP de Galicia que estimo e respecto porque, estando como est\u00e1n nas ant\u00edpodas do meu pensamento, te\u00f1o a constancia de que son persoas \u00edntegras.<\/p>\n","protected":false},"excerpt":{"rendered":"<div class=\"mh-excerpt\"><p>Vivimos tempos complicados nos que a miseria dos que non son capaces de acadar o poder pol\u00edtico, porque non lles dan os votos, fai que traten de logralo utilizando perigosos subterfuxios que provocan que a tensi\u00f3n e a polarizaci\u00f3n se instalen na sociedade de forma e maneira extremadamente perigosa <a class=\"mh-excerpt-more\" href=\"https:\/\/www.anovapeneira.gal\/index.php\/2024\/05\/13\/a-politica-e-a-moral\/\" title=\"A pol\u00edtica e a moral\">[&#8230;]<\/a><\/p>\n<\/div>","protected":false},"author":2,"featured_media":10161,"comment_status":"open","ping_status":"open","sticky":false,"template":"","format":"standard","meta":{"_exactmetrics_skip_tracking":false,"_exactmetrics_sitenote_active":false,"_exactmetrics_sitenote_note":"","_exactmetrics_sitenote_category":0,"footnotes":""},"categories":[61],"tags":[],"class_list":{"0":"post-11718","1":"post","2":"type-post","3":"status-publish","4":"format-standard","5":"has-post-thumbnail","7":"category-artigo-editorial"},"yoast_head":"<!-- This site is optimized with the Yoast SEO plugin v27.4 - https:\/\/yoast.com\/product\/yoast-seo-wordpress\/ -->\n<title>A pol\u00edtica e a moral -<\/title>\n<meta name=\"robots\" content=\"index, follow, max-snippet:-1, max-image-preview:large, max-video-preview:-1\" \/>\n<link rel=\"canonical\" href=\"https:\/\/www.anovapeneira.gal\/index.php\/2024\/05\/13\/a-politica-e-a-moral\/\" \/>\n<meta property=\"og:locale\" content=\"gl_ES\" \/>\n<meta property=\"og:type\" content=\"article\" \/>\n<meta property=\"og:title\" content=\"A pol\u00edtica e a moral -\" \/>\n<meta property=\"og:description\" content=\"Vivimos tempos complicados nos que a miseria dos que non son capaces de acadar o poder pol\u00edtico, porque non lles dan os votos, fai que traten de logralo utilizando perigosos subterfuxios que provocan que a tensi\u00f3n e a polarizaci\u00f3n se instalen na sociedade de forma e maneira extremadamente perigosa [...]\" \/>\n<meta property=\"og:url\" content=\"https:\/\/www.anovapeneira.gal\/index.php\/2024\/05\/13\/a-politica-e-a-moral\/\" \/>\n<meta property=\"article:publisher\" content=\"https:\/\/www.facebook.com\/anovapeneira\" \/>\n<meta property=\"article:published_time\" content=\"2024-05-13T08:00:19+00:00\" \/>\n<meta property=\"og:image\" content=\"https:\/\/www.anovapeneira.gal\/wp-content\/uploads\/2023\/07\/feijoo.jpg\" \/>\n\t<meta property=\"og:image:width\" content=\"720\" \/>\n\t<meta property=\"og:image:height\" content=\"432\" \/>\n\t<meta property=\"og:image:type\" content=\"image\/jpeg\" \/>\n<meta name=\"author\" content=\"Tino Lago\" \/>\n<meta name=\"twitter:card\" content=\"summary_large_image\" \/>\n<meta name=\"twitter:creator\" content=\"@APeneira\" \/>\n<meta name=\"twitter:site\" content=\"@APeneira\" \/>\n<meta name=\"twitter:label1\" content=\"Escrito por\" \/>\n\t<meta name=\"twitter:data1\" content=\"Tino Lago\" \/>\n\t<meta name=\"twitter:label2\" content=\"Tempo de lectura\" \/>\n\t<meta name=\"twitter:data2\" content=\"6 minutos\" \/>\n<script type=\"application\/ld+json\" class=\"yoast-schema-graph\">{\"@context\":\"https:\\\/\\\/schema.org\",\"@graph\":[{\"@type\":\"Article\",\"@id\":\"https:\\\/\\\/www.anovapeneira.gal\\\/index.php\\\/2024\\\/05\\\/13\\\/a-politica-e-a-moral\\\/#article\",\"isPartOf\":{\"@id\":\"https:\\\/\\\/www.anovapeneira.gal\\\/index.php\\\/2024\\\/05\\\/13\\\/a-politica-e-a-moral\\\/\"},\"author\":{\"name\":\"Tino Lago\",\"@id\":\"https:\\\/\\\/www.anovapeneira.gal\\\/#\\\/schema\\\/person\\\/424dfe65e3070fd8a44d22d2c088762a\"},\"headline\":\"A pol\u00edtica e a moral\",\"datePublished\":\"2024-05-13T08:00:19+00:00\",\"mainEntityOfPage\":{\"@id\":\"https:\\\/\\\/www.anovapeneira.gal\\\/index.php\\\/2024\\\/05\\\/13\\\/a-politica-e-a-moral\\\/\"},\"wordCount\":1030,\"commentCount\":0,\"publisher\":{\"@id\":\"https:\\\/\\\/www.anovapeneira.gal\\\/#organization\"},\"image\":{\"@id\":\"https:\\\/\\\/www.anovapeneira.gal\\\/index.php\\\/2024\\\/05\\\/13\\\/a-politica-e-a-moral\\\/#primaryimage\"},\"thumbnailUrl\":\"https:\\\/\\\/www.anovapeneira.gal\\\/wp-content\\\/uploads\\\/2023\\\/07\\\/feijoo.jpg\",\"articleSection\":[\"Artigo editorial\"],\"inLanguage\":\"gl-ES\",\"potentialAction\":[{\"@type\":\"CommentAction\",\"name\":\"Comment\",\"target\":[\"https:\\\/\\\/www.anovapeneira.gal\\\/index.php\\\/2024\\\/05\\\/13\\\/a-politica-e-a-moral\\\/#respond\"]}]},{\"@type\":\"WebPage\",\"@id\":\"https:\\\/\\\/www.anovapeneira.gal\\\/index.php\\\/2024\\\/05\\\/13\\\/a-politica-e-a-moral\\\/\",\"url\":\"https:\\\/\\\/www.anovapeneira.gal\\\/index.php\\\/2024\\\/05\\\/13\\\/a-politica-e-a-moral\\\/\",\"name\":\"A pol\u00edtica e a moral -\",\"isPartOf\":{\"@id\":\"https:\\\/\\\/www.anovapeneira.gal\\\/#website\"},\"primaryImageOfPage\":{\"@id\":\"https:\\\/\\\/www.anovapeneira.gal\\\/index.php\\\/2024\\\/05\\\/13\\\/a-politica-e-a-moral\\\/#primaryimage\"},\"image\":{\"@id\":\"https:\\\/\\\/www.anovapeneira.gal\\\/index.php\\\/2024\\\/05\\\/13\\\/a-politica-e-a-moral\\\/#primaryimage\"},\"thumbnailUrl\":\"https:\\\/\\\/www.anovapeneira.gal\\\/wp-content\\\/uploads\\\/2023\\\/07\\\/feijoo.jpg\",\"datePublished\":\"2024-05-13T08:00:19+00:00\",\"breadcrumb\":{\"@id\":\"https:\\\/\\\/www.anovapeneira.gal\\\/index.php\\\/2024\\\/05\\\/13\\\/a-politica-e-a-moral\\\/#breadcrumb\"},\"inLanguage\":\"gl-ES\",\"potentialAction\":[{\"@type\":\"ReadAction\",\"target\":[\"https:\\\/\\\/www.anovapeneira.gal\\\/index.php\\\/2024\\\/05\\\/13\\\/a-politica-e-a-moral\\\/\"]}]},{\"@type\":\"ImageObject\",\"inLanguage\":\"gl-ES\",\"@id\":\"https:\\\/\\\/www.anovapeneira.gal\\\/index.php\\\/2024\\\/05\\\/13\\\/a-politica-e-a-moral\\\/#primaryimage\",\"url\":\"https:\\\/\\\/www.anovapeneira.gal\\\/wp-content\\\/uploads\\\/2023\\\/07\\\/feijoo.jpg\",\"contentUrl\":\"https:\\\/\\\/www.anovapeneira.gal\\\/wp-content\\\/uploads\\\/2023\\\/07\\\/feijoo.jpg\",\"width\":720,\"height\":432,\"caption\":\"N\u00fa\u00f1ez Feijoo\"},{\"@type\":\"BreadcrumbList\",\"@id\":\"https:\\\/\\\/www.anovapeneira.gal\\\/index.php\\\/2024\\\/05\\\/13\\\/a-politica-e-a-moral\\\/#breadcrumb\",\"itemListElement\":[{\"@type\":\"ListItem\",\"position\":1,\"name\":\"Portada\",\"item\":\"https:\\\/\\\/www.anovapeneira.gal\\\/\"},{\"@type\":\"ListItem\",\"position\":2,\"name\":\"A pol\u00edtica e a moral\"}]},{\"@type\":\"WebSite\",\"@id\":\"https:\\\/\\\/www.anovapeneira.gal\\\/#website\",\"url\":\"https:\\\/\\\/www.anovapeneira.gal\\\/\",\"name\":\"\",\"description\":\"Xornal galego de informaci\u00f3n xeral Publicaci\u00f3n mensual de novas de Galicia e en especial dos Concellos da sur da provincia de Pontevedra.\",\"publisher\":{\"@id\":\"https:\\\/\\\/www.anovapeneira.gal\\\/#organization\"},\"potentialAction\":[{\"@type\":\"SearchAction\",\"target\":{\"@type\":\"EntryPoint\",\"urlTemplate\":\"https:\\\/\\\/www.anovapeneira.gal\\\/?s={search_term_string}\"},\"query-input\":{\"@type\":\"PropertyValueSpecification\",\"valueRequired\":true,\"valueName\":\"search_term_string\"}}],\"inLanguage\":\"gl-ES\"},{\"@type\":\"Organization\",\"@id\":\"https:\\\/\\\/www.anovapeneira.gal\\\/#organization\",\"name\":\"A Nova Peneira\",\"url\":\"https:\\\/\\\/www.anovapeneira.gal\\\/\",\"logo\":{\"@type\":\"ImageObject\",\"inLanguage\":\"gl-ES\",\"@id\":\"https:\\\/\\\/www.anovapeneira.gal\\\/#\\\/schema\\\/logo\\\/image\\\/\",\"url\":\"http:\\\/\\\/www.anovapeneira.gal\\\/wp-content\\\/uploads\\\/2019\\\/06\\\/logo_a_nova_peneira_portal_web.png\",\"contentUrl\":\"http:\\\/\\\/www.anovapeneira.gal\\\/wp-content\\\/uploads\\\/2019\\\/06\\\/logo_a_nova_peneira_portal_web.png\",\"width\":300,\"height\":100,\"caption\":\"A Nova Peneira\"},\"image\":{\"@id\":\"https:\\\/\\\/www.anovapeneira.gal\\\/#\\\/schema\\\/logo\\\/image\\\/\"},\"sameAs\":[\"https:\\\/\\\/www.facebook.com\\\/anovapeneira\",\"https:\\\/\\\/x.com\\\/APeneira\"]},{\"@type\":\"Person\",\"@id\":\"https:\\\/\\\/www.anovapeneira.gal\\\/#\\\/schema\\\/person\\\/424dfe65e3070fd8a44d22d2c088762a\",\"name\":\"Tino Lago\",\"image\":{\"@type\":\"ImageObject\",\"inLanguage\":\"gl-ES\",\"@id\":\"https:\\\/\\\/secure.gravatar.com\\\/avatar\\\/b3df6a06e44bab3111583b90f0f33a0379ee5e3d22cbadd232d39f21c30c62be?s=96&d=mm&r=g\",\"url\":\"https:\\\/\\\/secure.gravatar.com\\\/avatar\\\/b3df6a06e44bab3111583b90f0f33a0379ee5e3d22cbadd232d39f21c30c62be?s=96&d=mm&r=g\",\"contentUrl\":\"https:\\\/\\\/secure.gravatar.com\\\/avatar\\\/b3df6a06e44bab3111583b90f0f33a0379ee5e3d22cbadd232d39f21c30c62be?s=96&d=mm&r=g\",\"caption\":\"Tino Lago\"},\"sameAs\":[\"http:\\\/\\\/www.anovapeneira.gal\"],\"url\":\"https:\\\/\\\/www.anovapeneira.gal\\\/index.php\\\/author\\\/director\\\/\"}]}<\/script>\n<!-- \/ Yoast SEO plugin. -->","yoast_head_json":{"title":"A pol\u00edtica e a moral -","robots":{"index":"index","follow":"follow","max-snippet":"max-snippet:-1","max-image-preview":"max-image-preview:large","max-video-preview":"max-video-preview:-1"},"canonical":"https:\/\/www.anovapeneira.gal\/index.php\/2024\/05\/13\/a-politica-e-a-moral\/","og_locale":"gl_ES","og_type":"article","og_title":"A pol\u00edtica e a moral -","og_description":"Vivimos tempos complicados nos que a miseria dos que non son capaces de acadar o poder pol\u00edtico, porque non lles dan os votos, fai que traten de logralo utilizando perigosos subterfuxios que provocan que a tensi\u00f3n e a polarizaci\u00f3n se instalen na sociedade de forma e maneira extremadamente perigosa [...]","og_url":"https:\/\/www.anovapeneira.gal\/index.php\/2024\/05\/13\/a-politica-e-a-moral\/","article_publisher":"https:\/\/www.facebook.com\/anovapeneira","article_published_time":"2024-05-13T08:00:19+00:00","og_image":[{"width":720,"height":432,"url":"https:\/\/www.anovapeneira.gal\/wp-content\/uploads\/2023\/07\/feijoo.jpg","type":"image\/jpeg"}],"author":"Tino Lago","twitter_card":"summary_large_image","twitter_creator":"@APeneira","twitter_site":"@APeneira","twitter_misc":{"Escrito por":"Tino Lago","Tempo de lectura":"6 minutos"},"schema":{"@context":"https:\/\/schema.org","@graph":[{"@type":"Article","@id":"https:\/\/www.anovapeneira.gal\/index.php\/2024\/05\/13\/a-politica-e-a-moral\/#article","isPartOf":{"@id":"https:\/\/www.anovapeneira.gal\/index.php\/2024\/05\/13\/a-politica-e-a-moral\/"},"author":{"name":"Tino Lago","@id":"https:\/\/www.anovapeneira.gal\/#\/schema\/person\/424dfe65e3070fd8a44d22d2c088762a"},"headline":"A pol\u00edtica e a moral","datePublished":"2024-05-13T08:00:19+00:00","mainEntityOfPage":{"@id":"https:\/\/www.anovapeneira.gal\/index.php\/2024\/05\/13\/a-politica-e-a-moral\/"},"wordCount":1030,"commentCount":0,"publisher":{"@id":"https:\/\/www.anovapeneira.gal\/#organization"},"image":{"@id":"https:\/\/www.anovapeneira.gal\/index.php\/2024\/05\/13\/a-politica-e-a-moral\/#primaryimage"},"thumbnailUrl":"https:\/\/www.anovapeneira.gal\/wp-content\/uploads\/2023\/07\/feijoo.jpg","articleSection":["Artigo editorial"],"inLanguage":"gl-ES","potentialAction":[{"@type":"CommentAction","name":"Comment","target":["https:\/\/www.anovapeneira.gal\/index.php\/2024\/05\/13\/a-politica-e-a-moral\/#respond"]}]},{"@type":"WebPage","@id":"https:\/\/www.anovapeneira.gal\/index.php\/2024\/05\/13\/a-politica-e-a-moral\/","url":"https:\/\/www.anovapeneira.gal\/index.php\/2024\/05\/13\/a-politica-e-a-moral\/","name":"A pol\u00edtica e a moral -","isPartOf":{"@id":"https:\/\/www.anovapeneira.gal\/#website"},"primaryImageOfPage":{"@id":"https:\/\/www.anovapeneira.gal\/index.php\/2024\/05\/13\/a-politica-e-a-moral\/#primaryimage"},"image":{"@id":"https:\/\/www.anovapeneira.gal\/index.php\/2024\/05\/13\/a-politica-e-a-moral\/#primaryimage"},"thumbnailUrl":"https:\/\/www.anovapeneira.gal\/wp-content\/uploads\/2023\/07\/feijoo.jpg","datePublished":"2024-05-13T08:00:19+00:00","breadcrumb":{"@id":"https:\/\/www.anovapeneira.gal\/index.php\/2024\/05\/13\/a-politica-e-a-moral\/#breadcrumb"},"inLanguage":"gl-ES","potentialAction":[{"@type":"ReadAction","target":["https:\/\/www.anovapeneira.gal\/index.php\/2024\/05\/13\/a-politica-e-a-moral\/"]}]},{"@type":"ImageObject","inLanguage":"gl-ES","@id":"https:\/\/www.anovapeneira.gal\/index.php\/2024\/05\/13\/a-politica-e-a-moral\/#primaryimage","url":"https:\/\/www.anovapeneira.gal\/wp-content\/uploads\/2023\/07\/feijoo.jpg","contentUrl":"https:\/\/www.anovapeneira.gal\/wp-content\/uploads\/2023\/07\/feijoo.jpg","width":720,"height":432,"caption":"N\u00fa\u00f1ez Feijoo"},{"@type":"BreadcrumbList","@id":"https:\/\/www.anovapeneira.gal\/index.php\/2024\/05\/13\/a-politica-e-a-moral\/#breadcrumb","itemListElement":[{"@type":"ListItem","position":1,"name":"Portada","item":"https:\/\/www.anovapeneira.gal\/"},{"@type":"ListItem","position":2,"name":"A pol\u00edtica e a moral"}]},{"@type":"WebSite","@id":"https:\/\/www.anovapeneira.gal\/#website","url":"https:\/\/www.anovapeneira.gal\/","name":"","description":"Xornal galego de informaci\u00f3n xeral Publicaci\u00f3n mensual de novas de Galicia e en especial dos Concellos da sur da provincia de Pontevedra.","publisher":{"@id":"https:\/\/www.anovapeneira.gal\/#organization"},"potentialAction":[{"@type":"SearchAction","target":{"@type":"EntryPoint","urlTemplate":"https:\/\/www.anovapeneira.gal\/?s={search_term_string}"},"query-input":{"@type":"PropertyValueSpecification","valueRequired":true,"valueName":"search_term_string"}}],"inLanguage":"gl-ES"},{"@type":"Organization","@id":"https:\/\/www.anovapeneira.gal\/#organization","name":"A Nova Peneira","url":"https:\/\/www.anovapeneira.gal\/","logo":{"@type":"ImageObject","inLanguage":"gl-ES","@id":"https:\/\/www.anovapeneira.gal\/#\/schema\/logo\/image\/","url":"http:\/\/www.anovapeneira.gal\/wp-content\/uploads\/2019\/06\/logo_a_nova_peneira_portal_web.png","contentUrl":"http:\/\/www.anovapeneira.gal\/wp-content\/uploads\/2019\/06\/logo_a_nova_peneira_portal_web.png","width":300,"height":100,"caption":"A Nova Peneira"},"image":{"@id":"https:\/\/www.anovapeneira.gal\/#\/schema\/logo\/image\/"},"sameAs":["https:\/\/www.facebook.com\/anovapeneira","https:\/\/x.com\/APeneira"]},{"@type":"Person","@id":"https:\/\/www.anovapeneira.gal\/#\/schema\/person\/424dfe65e3070fd8a44d22d2c088762a","name":"Tino Lago","image":{"@type":"ImageObject","inLanguage":"gl-ES","@id":"https:\/\/secure.gravatar.com\/avatar\/b3df6a06e44bab3111583b90f0f33a0379ee5e3d22cbadd232d39f21c30c62be?s=96&d=mm&r=g","url":"https:\/\/secure.gravatar.com\/avatar\/b3df6a06e44bab3111583b90f0f33a0379ee5e3d22cbadd232d39f21c30c62be?s=96&d=mm&r=g","contentUrl":"https:\/\/secure.gravatar.com\/avatar\/b3df6a06e44bab3111583b90f0f33a0379ee5e3d22cbadd232d39f21c30c62be?s=96&d=mm&r=g","caption":"Tino Lago"},"sameAs":["http:\/\/www.anovapeneira.gal"],"url":"https:\/\/www.anovapeneira.gal\/index.php\/author\/director\/"}]}},"jetpack_featured_media_url":"https:\/\/www.anovapeneira.gal\/wp-content\/uploads\/2023\/07\/feijoo.jpg","_links":{"self":[{"href":"https:\/\/www.anovapeneira.gal\/index.php\/wp-json\/wp\/v2\/posts\/11718","targetHints":{"allow":["GET"]}}],"collection":[{"href":"https:\/\/www.anovapeneira.gal\/index.php\/wp-json\/wp\/v2\/posts"}],"about":[{"href":"https:\/\/www.anovapeneira.gal\/index.php\/wp-json\/wp\/v2\/types\/post"}],"author":[{"embeddable":true,"href":"https:\/\/www.anovapeneira.gal\/index.php\/wp-json\/wp\/v2\/users\/2"}],"replies":[{"embeddable":true,"href":"https:\/\/www.anovapeneira.gal\/index.php\/wp-json\/wp\/v2\/comments?post=11718"}],"version-history":[{"count":1,"href":"https:\/\/www.anovapeneira.gal\/index.php\/wp-json\/wp\/v2\/posts\/11718\/revisions"}],"predecessor-version":[{"id":11719,"href":"https:\/\/www.anovapeneira.gal\/index.php\/wp-json\/wp\/v2\/posts\/11718\/revisions\/11719"}],"wp:featuredmedia":[{"embeddable":true,"href":"https:\/\/www.anovapeneira.gal\/index.php\/wp-json\/wp\/v2\/media\/10161"}],"wp:attachment":[{"href":"https:\/\/www.anovapeneira.gal\/index.php\/wp-json\/wp\/v2\/media?parent=11718"}],"wp:term":[{"taxonomy":"category","embeddable":true,"href":"https:\/\/www.anovapeneira.gal\/index.php\/wp-json\/wp\/v2\/categories?post=11718"},{"taxonomy":"post_tag","embeddable":true,"href":"https:\/\/www.anovapeneira.gal\/index.php\/wp-json\/wp\/v2\/tags?post=11718"}],"curies":[{"name":"wp","href":"https:\/\/api.w.org\/{rel}","templated":true}]}}