{"id":11748,"date":"2024-05-17T12:00:22","date_gmt":"2024-05-17T10:00:22","guid":{"rendered":"https:\/\/www.anovapeneira.gal\/?p=11748"},"modified":"2024-05-13T11:23:55","modified_gmt":"2024-05-13T09:23:55","slug":"xxv-edicion-do-festival-de-monicreques-de-redondela","status":"publish","type":"post","link":"https:\/\/www.anovapeneira.gal\/index.php\/2024\/05\/17\/xxv-edicion-do-festival-de-monicreques-de-redondela\/","title":{"rendered":"XXV Edici\u00f3n do festival de Monicreques de Redondela"},"content":{"rendered":"\n<p><strong>Na semana das letras,entre o 13 e o 19 de maio desenvolverase o festival de monicreques de Redondela. Xa son 25 anos nos que a ledicia, o talento e a calor dos monicreques alumean as r\u00faas da nosa vila e ANP non pod\u00eda faltar a unha cita tan especial. Neste d\u00eda das nosas letras conversamos de novo con Luis Crespo, quen leva XV das XXV edici\u00f3ns dirixindo o evento.<\/strong><\/p>\n\n\n\n<p><strong>Luis Crespo,director.<\/strong><\/p>\n\n\n\n<p>\u201c<strong>O noso festival \u00e9 unha inxecci\u00f3n de adrenalina e alegr\u00eda que fai que aforremos en medicamentos\u201d<\/strong><\/p>\n\n\n\n<p><strong>Di a canci\u00f3n que 20 anos non son nada, e 25?<\/strong><\/p>\n\n\n\n<blockquote class=\"wp-block-quote is-layout-flow wp-block-quote-is-layout-flow\">\n<p>Esa canci\u00f3n est\u00e1 equivocada. Vinte anos \u00e9 moito tempo e un cuarto de s\u00e9culo desde logo que tam\u00e9n. A verdade \u00e9 que o tempo pasa moi r\u00e1pido.<\/p>\n<\/blockquote>\n\n\n\n<p><strong>Ti est\u00e1s desde o principio?<\/strong><\/p>\n\n\n\n<blockquote class=\"wp-block-quote is-layout-flow wp-block-quote-is-layout-flow\">\n<p>Non. Eu incorporeime na IV edici\u00f3n. Fixen un pouco de todo e asum\u00edn a direcci\u00f3n cando cumprimos a primeira d\u00e9cada.<\/p>\n<\/blockquote>\n\n\n\n<p><strong>Esta edici\u00f3n das vodas de prata que significa?<\/strong><\/p>\n\n\n\n<blockquote class=\"wp-block-quote is-layout-flow wp-block-quote-is-layout-flow\">\n<p>Un pouco o mesmo que todas as demais:\u00e9 un punto de encontro do teatro arredor da xente que conta historias a trav\u00e9s dos monicreques.<\/p>\n<\/blockquote>\n\n\n\n<p><strong>Novidades?<\/strong><\/p>\n\n\n\n<blockquote class=\"wp-block-quote is-layout-flow wp-block-quote-is-layout-flow\">\n<p>Temos compa\u00f1\u00edas moi potentes este ano como por exemplo:Espejo Negro, ou Sergio Mercuri que ven directamente de Buenos Aires a Redondela. Desde logo que non esquecemos as propostas das compa\u00f1\u00edas galegas: Tanxarina, Mercromina..Parte da nosa filosof\u00eda consiste en mesturar o que se fai aqu\u00ed co que se fai f\u00f3ra. Un dos pratos fortes deste ano ser\u00e1 a nosa\u201dFeira de imposibles\u201d na que mesturaremos ilusionismo, maxia e teatro. Na sala de luns a xoves ofreceremos espect\u00e1culos de car\u00e1cter familiar e a fin de semana ir\u00e1n enfocados a adolescentes e adultos.<\/p>\n<\/blockquote>\n\n\n\n<p><strong>Cantas compa\u00f1\u00edas ve\u00f1en este ano?<\/strong><\/p>\n\n\n\n<blockquote class=\"wp-block-quote is-layout-flow wp-block-quote-is-layout-flow\">\n<p>Son 28 compa\u00f1\u00edas que far\u00e1n m\u00e1is de 70 representaci\u00f3ns.<\/p>\n<\/blockquote>\n\n\n\n<p><strong>Faremos exposici\u00f3n este ano?<\/strong><\/p>\n\n\n\n<blockquote class=\"wp-block-quote is-layout-flow wp-block-quote-is-layout-flow\">\n<p><strong>S<\/strong>i, haber\u00e1 d\u00faas. A dos escaparates, e a que inaugura, Pastor, como sabes el est\u00e1 desde a edici\u00f3n 1, que nos contar\u00e1 como foron os carteis desde o principio ata agora.<\/p>\n<\/blockquote>\n\n\n\n<p><strong>As expectativas de asistencia?<\/strong><\/p>\n\n\n\n<blockquote class=\"wp-block-quote is-layout-flow wp-block-quote-is-layout-flow\">\n<p>O ano pasado tivemos m\u00e1is de 40.000 persoas e este ano temos tam\u00e9n unhas expectativas moi elevadas. O noso festival contaxia de espiritualidade, f\u00edxate ben no que che digo Marcos: ata tal punto que nun momento de crise persoal pode facer que salves a t\u00faa vida. Convido a todos os lectores e lectoras de ANP a que se acheguen pola nosa vila a nos co\u00f1ecer. Vir ao noso festival \u00e9 un chute de adrenalina e de alegr\u00eda que nos fai aforrar en medicamentos.<\/p>\n<\/blockquote>\n\n\n\n<p><strong>Cando comezades coa preparaci\u00f3n dunha edici\u00f3n?.<\/strong><\/p>\n\n\n\n<blockquote class=\"wp-block-quote is-layout-flow wp-block-quote-is-layout-flow\">\n<p>Hai que ter en conta sempre os tempos cos que funciona administraci\u00f3n. N\u00f3s rematamos a edici\u00f3n en curso en decembro, e comezamos a preparar a seguinte en setembro. Hai uns meses nos que facemos traballo duplo,rematamos os tr\u00e1mites para pechar a edici\u00f3n dese ano e \u00e1 vez comezamos a preparar a seguinte. Malia que xa levamos anos e temos o proceso moi estudado, \u00e1s veces non resulta f\u00e1cil combinar o traballo de produci\u00f3n coa aridez das cuesti\u00f3ns administrativas.<\/p>\n<\/blockquote>\n\n\n\n<p><strong>Sen as achegas das instituci\u00f3ns o festival ser\u00eda posible?<\/strong><\/p>\n\n\n\n<blockquote class=\"wp-block-quote is-layout-flow wp-block-quote-is-layout-flow\">\n<p>N\u00f3s non temos unha dependencia absoluta das instituci\u00f3ns. A \u00fanica axuda que temos nominal \u00e9 a do Concello de Redondela. A verdade con eles estamos moi contentos. O resto de axudas non est\u00e1n garantidas, non sabemos se nola dan, e de ser o caso en que importe, ata que se resolven.<\/p>\n<\/blockquote>\n\n\n\n<p><strong>Ent\u00f3n asumides riscos?<\/strong><\/p>\n\n\n\n<blockquote class=\"wp-block-quote is-layout-flow wp-block-quote-is-layout-flow\">\n<p>Non queda outra.<\/p>\n<\/blockquote>\n\n\n\n<p><strong>Sempre apostamos por Maio?<\/strong><\/p>\n\n\n\n<blockquote class=\"wp-block-quote is-layout-flow wp-block-quote-is-layout-flow\">\n<p>Sempre, a chegada da primavera \u00e9 o noso tempo. Cando foi a pandemia excepcionalmente pasamos a setembro. Economicamente e no que se refire \u00e1 xesti\u00f3n foi todo moito m\u00e1is c\u00f3modo, pero maio \u00e9 o noso mes.<\/p>\n<\/blockquote>\n","protected":false},"excerpt":{"rendered":"<div class=\"mh-excerpt\"><p>Na semana das letras,entre o 13 e o 19 de maio desenvolverase o festival de monicreques de Redondela <a class=\"mh-excerpt-more\" href=\"https:\/\/www.anovapeneira.gal\/index.php\/2024\/05\/17\/xxv-edicion-do-festival-de-monicreques-de-redondela\/\" title=\"XXV Edici\u00f3n do festival de Monicreques de Redondela\">[&#8230;]<\/a><\/p>\n<\/div>","protected":false},"author":6,"featured_media":11749,"comment_status":"open","ping_status":"open","sticky":false,"template":"","format":"standard","meta":{"_exactmetrics_skip_tracking":false,"_exactmetrics_sitenote_active":false,"_exactmetrics_sitenote_note":"","_exactmetrics_sitenote_category":0,"footnotes":""},"categories":[1],"tags":[171],"class_list":{"0":"post-11748","1":"post","2":"type-post","3":"status-publish","4":"format-standard","5":"has-post-thumbnail","7":"category-sin-categoria","8":"tag-concello-de-redondela"},"yoast_head":"<!-- This site is optimized with the Yoast SEO plugin v27.4 - https:\/\/yoast.com\/product\/yoast-seo-wordpress\/ -->\n<title>XXV Edici\u00f3n do festival de Monicreques de Redondela -<\/title>\n<meta name=\"robots\" content=\"index, follow, max-snippet:-1, max-image-preview:large, max-video-preview:-1\" \/>\n<link rel=\"canonical\" href=\"https:\/\/www.anovapeneira.gal\/index.php\/2024\/05\/17\/xxv-edicion-do-festival-de-monicreques-de-redondela\/\" \/>\n<meta property=\"og:locale\" content=\"gl_ES\" \/>\n<meta property=\"og:type\" content=\"article\" \/>\n<meta property=\"og:title\" content=\"XXV Edici\u00f3n do festival de Monicreques de Redondela -\" \/>\n<meta property=\"og:description\" content=\"Na semana das letras,entre o 13 e o 19 de maio desenvolverase o festival de monicreques de Redondela [...]\" \/>\n<meta property=\"og:url\" content=\"https:\/\/www.anovapeneira.gal\/index.php\/2024\/05\/17\/xxv-edicion-do-festival-de-monicreques-de-redondela\/\" \/>\n<meta property=\"article:publisher\" content=\"https:\/\/www.facebook.com\/anovapeneira\" \/>\n<meta property=\"article:published_time\" content=\"2024-05-17T10:00:22+00:00\" \/>\n<meta property=\"og:image\" content=\"https:\/\/www.anovapeneira.gal\/wp-content\/uploads\/2024\/05\/titeres_Redondela.png\" \/>\n\t<meta property=\"og:image:width\" content=\"720\" \/>\n\t<meta property=\"og:image:height\" content=\"432\" \/>\n\t<meta property=\"og:image:type\" content=\"image\/png\" \/>\n<meta name=\"author\" content=\"Marcos Santos\" \/>\n<meta name=\"twitter:card\" content=\"summary_large_image\" \/>\n<meta name=\"twitter:creator\" content=\"@APeneira\" \/>\n<meta name=\"twitter:site\" content=\"@APeneira\" \/>\n<meta name=\"twitter:label1\" content=\"Escrito por\" \/>\n\t<meta name=\"twitter:data1\" content=\"Marcos Santos\" \/>\n\t<meta name=\"twitter:label2\" content=\"Tempo de lectura\" \/>\n\t<meta name=\"twitter:data2\" content=\"2 minutos\" \/>\n<script type=\"application\/ld+json\" class=\"yoast-schema-graph\">{\"@context\":\"https:\\\/\\\/schema.org\",\"@graph\":[{\"@type\":\"Article\",\"@id\":\"https:\\\/\\\/www.anovapeneira.gal\\\/index.php\\\/2024\\\/05\\\/17\\\/xxv-edicion-do-festival-de-monicreques-de-redondela\\\/#article\",\"isPartOf\":{\"@id\":\"https:\\\/\\\/www.anovapeneira.gal\\\/index.php\\\/2024\\\/05\\\/17\\\/xxv-edicion-do-festival-de-monicreques-de-redondela\\\/\"},\"author\":{\"name\":\"Marcos Santos\",\"@id\":\"https:\\\/\\\/www.anovapeneira.gal\\\/#\\\/schema\\\/person\\\/d9d84823564720e7593293bab054e52d\"},\"headline\":\"XXV Edici\u00f3n do festival de Monicreques de Redondela\",\"datePublished\":\"2024-05-17T10:00:22+00:00\",\"mainEntityOfPage\":{\"@id\":\"https:\\\/\\\/www.anovapeneira.gal\\\/index.php\\\/2024\\\/05\\\/17\\\/xxv-edicion-do-festival-de-monicreques-de-redondela\\\/\"},\"wordCount\":654,\"commentCount\":0,\"publisher\":{\"@id\":\"https:\\\/\\\/www.anovapeneira.gal\\\/#organization\"},\"image\":{\"@id\":\"https:\\\/\\\/www.anovapeneira.gal\\\/index.php\\\/2024\\\/05\\\/17\\\/xxv-edicion-do-festival-de-monicreques-de-redondela\\\/#primaryimage\"},\"thumbnailUrl\":\"https:\\\/\\\/www.anovapeneira.gal\\\/wp-content\\\/uploads\\\/2024\\\/05\\\/titeres_Redondela.png\",\"keywords\":[\"Concello de Redondela\"],\"articleSection\":[\"Sin categor\u00eda\"],\"inLanguage\":\"gl-ES\",\"potentialAction\":[{\"@type\":\"CommentAction\",\"name\":\"Comment\",\"target\":[\"https:\\\/\\\/www.anovapeneira.gal\\\/index.php\\\/2024\\\/05\\\/17\\\/xxv-edicion-do-festival-de-monicreques-de-redondela\\\/#respond\"]}]},{\"@type\":\"WebPage\",\"@id\":\"https:\\\/\\\/www.anovapeneira.gal\\\/index.php\\\/2024\\\/05\\\/17\\\/xxv-edicion-do-festival-de-monicreques-de-redondela\\\/\",\"url\":\"https:\\\/\\\/www.anovapeneira.gal\\\/index.php\\\/2024\\\/05\\\/17\\\/xxv-edicion-do-festival-de-monicreques-de-redondela\\\/\",\"name\":\"XXV Edici\u00f3n do festival de Monicreques de Redondela -\",\"isPartOf\":{\"@id\":\"https:\\\/\\\/www.anovapeneira.gal\\\/#website\"},\"primaryImageOfPage\":{\"@id\":\"https:\\\/\\\/www.anovapeneira.gal\\\/index.php\\\/2024\\\/05\\\/17\\\/xxv-edicion-do-festival-de-monicreques-de-redondela\\\/#primaryimage\"},\"image\":{\"@id\":\"https:\\\/\\\/www.anovapeneira.gal\\\/index.php\\\/2024\\\/05\\\/17\\\/xxv-edicion-do-festival-de-monicreques-de-redondela\\\/#primaryimage\"},\"thumbnailUrl\":\"https:\\\/\\\/www.anovapeneira.gal\\\/wp-content\\\/uploads\\\/2024\\\/05\\\/titeres_Redondela.png\",\"datePublished\":\"2024-05-17T10:00:22+00:00\",\"breadcrumb\":{\"@id\":\"https:\\\/\\\/www.anovapeneira.gal\\\/index.php\\\/2024\\\/05\\\/17\\\/xxv-edicion-do-festival-de-monicreques-de-redondela\\\/#breadcrumb\"},\"inLanguage\":\"gl-ES\",\"potentialAction\":[{\"@type\":\"ReadAction\",\"target\":[\"https:\\\/\\\/www.anovapeneira.gal\\\/index.php\\\/2024\\\/05\\\/17\\\/xxv-edicion-do-festival-de-monicreques-de-redondela\\\/\"]}]},{\"@type\":\"ImageObject\",\"inLanguage\":\"gl-ES\",\"@id\":\"https:\\\/\\\/www.anovapeneira.gal\\\/index.php\\\/2024\\\/05\\\/17\\\/xxv-edicion-do-festival-de-monicreques-de-redondela\\\/#primaryimage\",\"url\":\"https:\\\/\\\/www.anovapeneira.gal\\\/wp-content\\\/uploads\\\/2024\\\/05\\\/titeres_Redondela.png\",\"contentUrl\":\"https:\\\/\\\/www.anovapeneira.gal\\\/wp-content\\\/uploads\\\/2024\\\/05\\\/titeres_Redondela.png\",\"width\":720,\"height\":432,\"caption\":\"XXV Edici\u00f3n do festival de Monicreques de Redondela\"},{\"@type\":\"BreadcrumbList\",\"@id\":\"https:\\\/\\\/www.anovapeneira.gal\\\/index.php\\\/2024\\\/05\\\/17\\\/xxv-edicion-do-festival-de-monicreques-de-redondela\\\/#breadcrumb\",\"itemListElement\":[{\"@type\":\"ListItem\",\"position\":1,\"name\":\"Portada\",\"item\":\"https:\\\/\\\/www.anovapeneira.gal\\\/\"},{\"@type\":\"ListItem\",\"position\":2,\"name\":\"XXV Edici\u00f3n do festival de Monicreques de Redondela\"}]},{\"@type\":\"WebSite\",\"@id\":\"https:\\\/\\\/www.anovapeneira.gal\\\/#website\",\"url\":\"https:\\\/\\\/www.anovapeneira.gal\\\/\",\"name\":\"\",\"description\":\"Xornal galego de informaci\u00f3n xeral Publicaci\u00f3n mensual de novas de Galicia e en especial dos Concellos da sur da provincia de Pontevedra.\",\"publisher\":{\"@id\":\"https:\\\/\\\/www.anovapeneira.gal\\\/#organization\"},\"potentialAction\":[{\"@type\":\"SearchAction\",\"target\":{\"@type\":\"EntryPoint\",\"urlTemplate\":\"https:\\\/\\\/www.anovapeneira.gal\\\/?s={search_term_string}\"},\"query-input\":{\"@type\":\"PropertyValueSpecification\",\"valueRequired\":true,\"valueName\":\"search_term_string\"}}],\"inLanguage\":\"gl-ES\"},{\"@type\":\"Organization\",\"@id\":\"https:\\\/\\\/www.anovapeneira.gal\\\/#organization\",\"name\":\"A Nova Peneira\",\"url\":\"https:\\\/\\\/www.anovapeneira.gal\\\/\",\"logo\":{\"@type\":\"ImageObject\",\"inLanguage\":\"gl-ES\",\"@id\":\"https:\\\/\\\/www.anovapeneira.gal\\\/#\\\/schema\\\/logo\\\/image\\\/\",\"url\":\"http:\\\/\\\/www.anovapeneira.gal\\\/wp-content\\\/uploads\\\/2019\\\/06\\\/logo_a_nova_peneira_portal_web.png\",\"contentUrl\":\"http:\\\/\\\/www.anovapeneira.gal\\\/wp-content\\\/uploads\\\/2019\\\/06\\\/logo_a_nova_peneira_portal_web.png\",\"width\":300,\"height\":100,\"caption\":\"A Nova Peneira\"},\"image\":{\"@id\":\"https:\\\/\\\/www.anovapeneira.gal\\\/#\\\/schema\\\/logo\\\/image\\\/\"},\"sameAs\":[\"https:\\\/\\\/www.facebook.com\\\/anovapeneira\",\"https:\\\/\\\/x.com\\\/APeneira\"]},{\"@type\":\"Person\",\"@id\":\"https:\\\/\\\/www.anovapeneira.gal\\\/#\\\/schema\\\/person\\\/d9d84823564720e7593293bab054e52d\",\"name\":\"Marcos Santos\",\"image\":{\"@type\":\"ImageObject\",\"inLanguage\":\"gl-ES\",\"@id\":\"https:\\\/\\\/secure.gravatar.com\\\/avatar\\\/0e8017099a7a47c0a9d2275e865fe326484561eb3d70649069e4b8e61a8d2e8c?s=96&d=mm&r=g\",\"url\":\"https:\\\/\\\/secure.gravatar.com\\\/avatar\\\/0e8017099a7a47c0a9d2275e865fe326484561eb3d70649069e4b8e61a8d2e8c?s=96&d=mm&r=g\",\"contentUrl\":\"https:\\\/\\\/secure.gravatar.com\\\/avatar\\\/0e8017099a7a47c0a9d2275e865fe326484561eb3d70649069e4b8e61a8d2e8c?s=96&d=mm&r=g\",\"caption\":\"Marcos Santos\"},\"sameAs\":[\"http:\\\/\\\/anovapeneira.gal\"],\"url\":\"https:\\\/\\\/www.anovapeneira.gal\\\/index.php\\\/author\\\/marcos-santos\\\/\"}]}<\/script>\n<!-- \/ Yoast SEO plugin. -->","yoast_head_json":{"title":"XXV Edici\u00f3n do festival de Monicreques de Redondela -","robots":{"index":"index","follow":"follow","max-snippet":"max-snippet:-1","max-image-preview":"max-image-preview:large","max-video-preview":"max-video-preview:-1"},"canonical":"https:\/\/www.anovapeneira.gal\/index.php\/2024\/05\/17\/xxv-edicion-do-festival-de-monicreques-de-redondela\/","og_locale":"gl_ES","og_type":"article","og_title":"XXV Edici\u00f3n do festival de Monicreques de Redondela -","og_description":"Na semana das letras,entre o 13 e o 19 de maio desenvolverase o festival de monicreques de Redondela [...]","og_url":"https:\/\/www.anovapeneira.gal\/index.php\/2024\/05\/17\/xxv-edicion-do-festival-de-monicreques-de-redondela\/","article_publisher":"https:\/\/www.facebook.com\/anovapeneira","article_published_time":"2024-05-17T10:00:22+00:00","og_image":[{"width":720,"height":432,"url":"https:\/\/www.anovapeneira.gal\/wp-content\/uploads\/2024\/05\/titeres_Redondela.png","type":"image\/png"}],"author":"Marcos Santos","twitter_card":"summary_large_image","twitter_creator":"@APeneira","twitter_site":"@APeneira","twitter_misc":{"Escrito por":"Marcos Santos","Tempo de lectura":"2 minutos"},"schema":{"@context":"https:\/\/schema.org","@graph":[{"@type":"Article","@id":"https:\/\/www.anovapeneira.gal\/index.php\/2024\/05\/17\/xxv-edicion-do-festival-de-monicreques-de-redondela\/#article","isPartOf":{"@id":"https:\/\/www.anovapeneira.gal\/index.php\/2024\/05\/17\/xxv-edicion-do-festival-de-monicreques-de-redondela\/"},"author":{"name":"Marcos Santos","@id":"https:\/\/www.anovapeneira.gal\/#\/schema\/person\/d9d84823564720e7593293bab054e52d"},"headline":"XXV Edici\u00f3n do festival de Monicreques de Redondela","datePublished":"2024-05-17T10:00:22+00:00","mainEntityOfPage":{"@id":"https:\/\/www.anovapeneira.gal\/index.php\/2024\/05\/17\/xxv-edicion-do-festival-de-monicreques-de-redondela\/"},"wordCount":654,"commentCount":0,"publisher":{"@id":"https:\/\/www.anovapeneira.gal\/#organization"},"image":{"@id":"https:\/\/www.anovapeneira.gal\/index.php\/2024\/05\/17\/xxv-edicion-do-festival-de-monicreques-de-redondela\/#primaryimage"},"thumbnailUrl":"https:\/\/www.anovapeneira.gal\/wp-content\/uploads\/2024\/05\/titeres_Redondela.png","keywords":["Concello de Redondela"],"articleSection":["Sin categor\u00eda"],"inLanguage":"gl-ES","potentialAction":[{"@type":"CommentAction","name":"Comment","target":["https:\/\/www.anovapeneira.gal\/index.php\/2024\/05\/17\/xxv-edicion-do-festival-de-monicreques-de-redondela\/#respond"]}]},{"@type":"WebPage","@id":"https:\/\/www.anovapeneira.gal\/index.php\/2024\/05\/17\/xxv-edicion-do-festival-de-monicreques-de-redondela\/","url":"https:\/\/www.anovapeneira.gal\/index.php\/2024\/05\/17\/xxv-edicion-do-festival-de-monicreques-de-redondela\/","name":"XXV Edici\u00f3n do festival de Monicreques de Redondela -","isPartOf":{"@id":"https:\/\/www.anovapeneira.gal\/#website"},"primaryImageOfPage":{"@id":"https:\/\/www.anovapeneira.gal\/index.php\/2024\/05\/17\/xxv-edicion-do-festival-de-monicreques-de-redondela\/#primaryimage"},"image":{"@id":"https:\/\/www.anovapeneira.gal\/index.php\/2024\/05\/17\/xxv-edicion-do-festival-de-monicreques-de-redondela\/#primaryimage"},"thumbnailUrl":"https:\/\/www.anovapeneira.gal\/wp-content\/uploads\/2024\/05\/titeres_Redondela.png","datePublished":"2024-05-17T10:00:22+00:00","breadcrumb":{"@id":"https:\/\/www.anovapeneira.gal\/index.php\/2024\/05\/17\/xxv-edicion-do-festival-de-monicreques-de-redondela\/#breadcrumb"},"inLanguage":"gl-ES","potentialAction":[{"@type":"ReadAction","target":["https:\/\/www.anovapeneira.gal\/index.php\/2024\/05\/17\/xxv-edicion-do-festival-de-monicreques-de-redondela\/"]}]},{"@type":"ImageObject","inLanguage":"gl-ES","@id":"https:\/\/www.anovapeneira.gal\/index.php\/2024\/05\/17\/xxv-edicion-do-festival-de-monicreques-de-redondela\/#primaryimage","url":"https:\/\/www.anovapeneira.gal\/wp-content\/uploads\/2024\/05\/titeres_Redondela.png","contentUrl":"https:\/\/www.anovapeneira.gal\/wp-content\/uploads\/2024\/05\/titeres_Redondela.png","width":720,"height":432,"caption":"XXV Edici\u00f3n do festival de Monicreques de Redondela"},{"@type":"BreadcrumbList","@id":"https:\/\/www.anovapeneira.gal\/index.php\/2024\/05\/17\/xxv-edicion-do-festival-de-monicreques-de-redondela\/#breadcrumb","itemListElement":[{"@type":"ListItem","position":1,"name":"Portada","item":"https:\/\/www.anovapeneira.gal\/"},{"@type":"ListItem","position":2,"name":"XXV Edici\u00f3n do festival de Monicreques de Redondela"}]},{"@type":"WebSite","@id":"https:\/\/www.anovapeneira.gal\/#website","url":"https:\/\/www.anovapeneira.gal\/","name":"","description":"Xornal galego de informaci\u00f3n xeral Publicaci\u00f3n mensual de novas de Galicia e en especial dos Concellos da sur da provincia de Pontevedra.","publisher":{"@id":"https:\/\/www.anovapeneira.gal\/#organization"},"potentialAction":[{"@type":"SearchAction","target":{"@type":"EntryPoint","urlTemplate":"https:\/\/www.anovapeneira.gal\/?s={search_term_string}"},"query-input":{"@type":"PropertyValueSpecification","valueRequired":true,"valueName":"search_term_string"}}],"inLanguage":"gl-ES"},{"@type":"Organization","@id":"https:\/\/www.anovapeneira.gal\/#organization","name":"A Nova Peneira","url":"https:\/\/www.anovapeneira.gal\/","logo":{"@type":"ImageObject","inLanguage":"gl-ES","@id":"https:\/\/www.anovapeneira.gal\/#\/schema\/logo\/image\/","url":"http:\/\/www.anovapeneira.gal\/wp-content\/uploads\/2019\/06\/logo_a_nova_peneira_portal_web.png","contentUrl":"http:\/\/www.anovapeneira.gal\/wp-content\/uploads\/2019\/06\/logo_a_nova_peneira_portal_web.png","width":300,"height":100,"caption":"A Nova Peneira"},"image":{"@id":"https:\/\/www.anovapeneira.gal\/#\/schema\/logo\/image\/"},"sameAs":["https:\/\/www.facebook.com\/anovapeneira","https:\/\/x.com\/APeneira"]},{"@type":"Person","@id":"https:\/\/www.anovapeneira.gal\/#\/schema\/person\/d9d84823564720e7593293bab054e52d","name":"Marcos Santos","image":{"@type":"ImageObject","inLanguage":"gl-ES","@id":"https:\/\/secure.gravatar.com\/avatar\/0e8017099a7a47c0a9d2275e865fe326484561eb3d70649069e4b8e61a8d2e8c?s=96&d=mm&r=g","url":"https:\/\/secure.gravatar.com\/avatar\/0e8017099a7a47c0a9d2275e865fe326484561eb3d70649069e4b8e61a8d2e8c?s=96&d=mm&r=g","contentUrl":"https:\/\/secure.gravatar.com\/avatar\/0e8017099a7a47c0a9d2275e865fe326484561eb3d70649069e4b8e61a8d2e8c?s=96&d=mm&r=g","caption":"Marcos Santos"},"sameAs":["http:\/\/anovapeneira.gal"],"url":"https:\/\/www.anovapeneira.gal\/index.php\/author\/marcos-santos\/"}]}},"jetpack_featured_media_url":"https:\/\/www.anovapeneira.gal\/wp-content\/uploads\/2024\/05\/titeres_Redondela.png","_links":{"self":[{"href":"https:\/\/www.anovapeneira.gal\/index.php\/wp-json\/wp\/v2\/posts\/11748","targetHints":{"allow":["GET"]}}],"collection":[{"href":"https:\/\/www.anovapeneira.gal\/index.php\/wp-json\/wp\/v2\/posts"}],"about":[{"href":"https:\/\/www.anovapeneira.gal\/index.php\/wp-json\/wp\/v2\/types\/post"}],"author":[{"embeddable":true,"href":"https:\/\/www.anovapeneira.gal\/index.php\/wp-json\/wp\/v2\/users\/6"}],"replies":[{"embeddable":true,"href":"https:\/\/www.anovapeneira.gal\/index.php\/wp-json\/wp\/v2\/comments?post=11748"}],"version-history":[{"count":1,"href":"https:\/\/www.anovapeneira.gal\/index.php\/wp-json\/wp\/v2\/posts\/11748\/revisions"}],"predecessor-version":[{"id":11750,"href":"https:\/\/www.anovapeneira.gal\/index.php\/wp-json\/wp\/v2\/posts\/11748\/revisions\/11750"}],"wp:featuredmedia":[{"embeddable":true,"href":"https:\/\/www.anovapeneira.gal\/index.php\/wp-json\/wp\/v2\/media\/11749"}],"wp:attachment":[{"href":"https:\/\/www.anovapeneira.gal\/index.php\/wp-json\/wp\/v2\/media?parent=11748"}],"wp:term":[{"taxonomy":"category","embeddable":true,"href":"https:\/\/www.anovapeneira.gal\/index.php\/wp-json\/wp\/v2\/categories?post=11748"},{"taxonomy":"post_tag","embeddable":true,"href":"https:\/\/www.anovapeneira.gal\/index.php\/wp-json\/wp\/v2\/tags?post=11748"}],"curies":[{"name":"wp","href":"https:\/\/api.w.org\/{rel}","templated":true}]}}