{"id":11756,"date":"2024-05-21T10:00:56","date_gmt":"2024-05-21T08:00:56","guid":{"rendered":"https:\/\/www.anovapeneira.gal\/?p=11756"},"modified":"2024-05-16T19:40:36","modified_gmt":"2024-05-16T17:40:36","slug":"ecoloxistas-en-accion-denuncia-que-a-cidade-deportiva-do-celta-esta-vertendo-fecais-sobre-os-mananciais-das-traidas-de-auga-de-mos","status":"publish","type":"post","link":"https:\/\/www.anovapeneira.gal\/index.php\/2024\/05\/21\/ecoloxistas-en-accion-denuncia-que-a-cidade-deportiva-do-celta-esta-vertendo-fecais-sobre-os-mananciais-das-traidas-de-auga-de-mos\/","title":{"rendered":"Ecoloxistas en Acci\u00f3n denuncia que a cidade deportiva do Celta est\u00e1 vertendo fecais sobre os mananciais das tra\u00eddas de auga de Mos"},"content":{"rendered":"\n<p>Ecoloxistas en Acci\u00f3n denuncia ante a Confederaci\u00f3n Hidrogr\u00e1fica Mi\u00f1o &#8211; Sil a existencia dun emisario de fecais procedente da cidade deportiva do Celta en Mos que est\u00e1 vertendo no monte de Tameiga enriba dos mananciais das Tra\u00eddas de auga veci\u00f1ais.<\/p>\n\n\n\n<p>As an\u00e1leses encargadas por Ecoloxistas en Acci\u00f3n a un laboratorio autorizado polo Ministerio sinalan que a vertedura ten unha carga de fecais que supera en 35 veces o m\u00e1ximo permitido.<\/p>\n\n\n\n<p>Grazas a alerta dun veci\u00f1o, detectouse esta tuber\u00eda de gran di\u00e1metro que sae soterrada do alxibe de refugallos da cidade deportiva do Celta e cuxa boca est\u00e1 agochada entre matorrais. Tras o aviso dun vecio da zona, membros de Ecoloxistas en Acci\u00f3n inspeccionaron o perimetro nordeste que limita co monte de Tameiga, atop\u00e1ndose cunha tuber\u00eda de gran diametro que sae soterrada da cidade deportiva, a altura da cuba de refugallos, e verte a uns metros ladeira abaixo, coa boca da tubaxe ben agochada entre arbustos.<\/p>\n\n\n\n<p>A zona de vertido desta tuber\u00eda \u00e9 xusto na ladeira do monte de Tameiga onde a poucos metros se atopan varios pozos de extracci\u00f3n das tra\u00eddas de auga veci\u00f1ais de Mos, que abastecen a gran parte dos fogares das varias parroquias de Tameiga, Petelos e Sangui\u00f1eda. Ante a alarma xerada por este ver\u00eddico, ecoloxistas en Acci\u00f3n solicitou a un labarotario autorizado polo ministerio a recollida de mostras e posterior an\u00e1lese. Os resultados do laboratorio reflicten que o vertido da cidade deportiva do Celta cont\u00e9n unha concentraci\u00f3n de 3600 ufc\/100 ml de Coliformes totales cando o m\u00e1ximo permitido \u00e9 100, cont\u00e9n 1700 ufc\/100 ml de Enterococos e tam\u00e9n de Estreptococos cando o m\u00e1ximo permitido \u00e9 100, e tam\u00e9n superan a concentraci\u00f3n de coliformes fecais e &nbsp;Escherichia coli en varias magnitudes el m\u00e1ximo permitido. Ecoloxistas en Acci\u00f3n ven de denunciar ante a Confederaci\u00f3n<br><br><\/p>\n\n\n\n<p>Hidrogr\u00e1fica Mi\u00f1o &#8211; Sil o que a todas luces semella un vertido de fecais ilegal que est\u00e1 po\u00f1endo en perigo \u00e1 saude das familias que se abastecen de auga dos pozos que se atopan ladeira abaixo do vertido. Tam\u00e9n puxeron en co\u00f1ecemento da situaci\u00f3n \u00e1 plataforma A auga \u00e9 vida que agrupa \u00e1s tra\u00eddas afectadas e \u00e1 propia Comunidade de Montes de Tameiga.<\/p>\n\n\n\n<p>\u201cO Celta co\u00f1ece de sobra a existencia dos mananciais e captaci\u00f3ns de auga das tra\u00eddas nesta zona e a\u00ednda as\u00ed est\u00e1 facendo un vertido continuado con alta carga de fecais que \u00e9 unha ameaza para a sa\u00fade p\u00fablica da veci\u00f1anza de varias parroquias de Mos. Isto \u00e9 un delito ambiental, pero tam\u00e9n un atentado contra a sa\u00fade p\u00fablica que levaremos ante a xustiza_\u201d, declara Elena \u00c1lvarez Antelo, enxe\u00f1eira forestal e voceira de Ecoloxistas en Acci\u00f3n.<\/p>\n","protected":false},"excerpt":{"rendered":"<div class=\"mh-excerpt\"><p>Ecoloxistas en Acci\u00f3n denuncia ante a Confederaci\u00f3n Hidrogr\u00e1fica Mi\u00f1o &#8211; Sil a existencia dun emisario de fecais procedente da cidade deportiva do Celta en Mos que est\u00e1 vertendo no monte de Tameiga enriba dos mananciais das Tra\u00eddas de auga veci\u00f1ais <a class=\"mh-excerpt-more\" href=\"https:\/\/www.anovapeneira.gal\/index.php\/2024\/05\/21\/ecoloxistas-en-accion-denuncia-que-a-cidade-deportiva-do-celta-esta-vertendo-fecais-sobre-os-mananciais-das-traidas-de-auga-de-mos\/\" title=\"Ecoloxistas en Acci\u00f3n denuncia que a cidade deportiva do Celta est\u00e1 vertendo fecais sobre os mananciais das tra\u00eddas de auga de Mos\">[&#8230;]<\/a><\/p>\n<\/div>","protected":false},"author":3,"featured_media":11757,"comment_status":"open","ping_status":"open","sticky":false,"template":"","format":"standard","meta":{"_exactmetrics_skip_tracking":false,"_exactmetrics_sitenote_active":false,"_exactmetrics_sitenote_note":"","_exactmetrics_sitenote_category":0,"footnotes":""},"categories":[23],"tags":[218],"class_list":{"0":"post-11756","1":"post","2":"type-post","3":"status-publish","4":"format-standard","5":"has-post-thumbnail","7":"category-a-lourina","8":"tag-concello-de-mos"},"yoast_head":"<!-- This site is optimized with the Yoast SEO plugin v27.4 - https:\/\/yoast.com\/product\/yoast-seo-wordpress\/ -->\n<title>Ecoloxistas en Acci\u00f3n denuncia que a cidade deportiva do Celta est\u00e1 vertendo fecais sobre os mananciais das tra\u00eddas de auga de Mos -<\/title>\n<meta name=\"robots\" content=\"index, follow, max-snippet:-1, max-image-preview:large, max-video-preview:-1\" \/>\n<link rel=\"canonical\" href=\"https:\/\/www.anovapeneira.gal\/index.php\/2024\/05\/21\/ecoloxistas-en-accion-denuncia-que-a-cidade-deportiva-do-celta-esta-vertendo-fecais-sobre-os-mananciais-das-traidas-de-auga-de-mos\/\" \/>\n<meta property=\"og:locale\" content=\"gl_ES\" \/>\n<meta property=\"og:type\" content=\"article\" \/>\n<meta property=\"og:title\" content=\"Ecoloxistas en Acci\u00f3n denuncia que a cidade deportiva do Celta est\u00e1 vertendo fecais sobre os mananciais das tra\u00eddas de auga de Mos -\" \/>\n<meta property=\"og:description\" content=\"Ecoloxistas en Acci\u00f3n denuncia ante a Confederaci\u00f3n Hidrogr\u00e1fica Mi\u00f1o - Sil a existencia dun emisario de fecais procedente da cidade deportiva do Celta en Mos que est\u00e1 vertendo no monte de Tameiga enriba dos mananciais das Tra\u00eddas de auga veci\u00f1ais [...]\" \/>\n<meta property=\"og:url\" content=\"https:\/\/www.anovapeneira.gal\/index.php\/2024\/05\/21\/ecoloxistas-en-accion-denuncia-que-a-cidade-deportiva-do-celta-esta-vertendo-fecais-sobre-os-mananciais-das-traidas-de-auga-de-mos\/\" \/>\n<meta property=\"article:publisher\" content=\"https:\/\/www.facebook.com\/anovapeneira\" \/>\n<meta property=\"article:published_time\" content=\"2024-05-21T08:00:56+00:00\" \/>\n<meta property=\"og:image\" content=\"https:\/\/www.anovapeneira.gal\/wp-content\/uploads\/2024\/05\/ecoloxistas_en_accion.png\" \/>\n\t<meta property=\"og:image:width\" content=\"720\" \/>\n\t<meta property=\"og:image:height\" content=\"432\" \/>\n\t<meta property=\"og:image:type\" content=\"image\/png\" \/>\n<meta name=\"author\" content=\"Redacci\u00f3n A Nova Peneira\" \/>\n<meta name=\"twitter:card\" content=\"summary_large_image\" \/>\n<meta name=\"twitter:creator\" content=\"@APeneira\" \/>\n<meta name=\"twitter:site\" content=\"@APeneira\" \/>\n<meta name=\"twitter:label1\" content=\"Escrito por\" \/>\n\t<meta name=\"twitter:data1\" content=\"Redacci\u00f3n A Nova Peneira\" \/>\n\t<meta name=\"twitter:label2\" content=\"Tempo de lectura\" \/>\n\t<meta name=\"twitter:data2\" content=\"3 minutos\" \/>\n<script type=\"application\/ld+json\" class=\"yoast-schema-graph\">{\"@context\":\"https:\\\/\\\/schema.org\",\"@graph\":[{\"@type\":\"Article\",\"@id\":\"https:\\\/\\\/www.anovapeneira.gal\\\/index.php\\\/2024\\\/05\\\/21\\\/ecoloxistas-en-accion-denuncia-que-a-cidade-deportiva-do-celta-esta-vertendo-fecais-sobre-os-mananciais-das-traidas-de-auga-de-mos\\\/#article\",\"isPartOf\":{\"@id\":\"https:\\\/\\\/www.anovapeneira.gal\\\/index.php\\\/2024\\\/05\\\/21\\\/ecoloxistas-en-accion-denuncia-que-a-cidade-deportiva-do-celta-esta-vertendo-fecais-sobre-os-mananciais-das-traidas-de-auga-de-mos\\\/\"},\"author\":{\"name\":\"Redacci\u00f3n A Nova Peneira\",\"@id\":\"https:\\\/\\\/www.anovapeneira.gal\\\/#\\\/schema\\\/person\\\/b93e3f8932e3f8da96334607eb6ac6aa\"},\"headline\":\"Ecoloxistas en Acci\u00f3n denuncia que a cidade deportiva do Celta est\u00e1 vertendo fecais sobre os mananciais das tra\u00eddas de auga de Mos\",\"datePublished\":\"2024-05-21T08:00:56+00:00\",\"mainEntityOfPage\":{\"@id\":\"https:\\\/\\\/www.anovapeneira.gal\\\/index.php\\\/2024\\\/05\\\/21\\\/ecoloxistas-en-accion-denuncia-que-a-cidade-deportiva-do-celta-esta-vertendo-fecais-sobre-os-mananciais-das-traidas-de-auga-de-mos\\\/\"},\"wordCount\":498,\"commentCount\":0,\"publisher\":{\"@id\":\"https:\\\/\\\/www.anovapeneira.gal\\\/#organization\"},\"image\":{\"@id\":\"https:\\\/\\\/www.anovapeneira.gal\\\/index.php\\\/2024\\\/05\\\/21\\\/ecoloxistas-en-accion-denuncia-que-a-cidade-deportiva-do-celta-esta-vertendo-fecais-sobre-os-mananciais-das-traidas-de-auga-de-mos\\\/#primaryimage\"},\"thumbnailUrl\":\"https:\\\/\\\/www.anovapeneira.gal\\\/wp-content\\\/uploads\\\/2024\\\/05\\\/ecoloxistas_en_accion.png\",\"keywords\":[\"Concello de Mos\"],\"articleSection\":[\"A Louri\u00f1a\"],\"inLanguage\":\"gl-ES\",\"potentialAction\":[{\"@type\":\"CommentAction\",\"name\":\"Comment\",\"target\":[\"https:\\\/\\\/www.anovapeneira.gal\\\/index.php\\\/2024\\\/05\\\/21\\\/ecoloxistas-en-accion-denuncia-que-a-cidade-deportiva-do-celta-esta-vertendo-fecais-sobre-os-mananciais-das-traidas-de-auga-de-mos\\\/#respond\"]}]},{\"@type\":\"WebPage\",\"@id\":\"https:\\\/\\\/www.anovapeneira.gal\\\/index.php\\\/2024\\\/05\\\/21\\\/ecoloxistas-en-accion-denuncia-que-a-cidade-deportiva-do-celta-esta-vertendo-fecais-sobre-os-mananciais-das-traidas-de-auga-de-mos\\\/\",\"url\":\"https:\\\/\\\/www.anovapeneira.gal\\\/index.php\\\/2024\\\/05\\\/21\\\/ecoloxistas-en-accion-denuncia-que-a-cidade-deportiva-do-celta-esta-vertendo-fecais-sobre-os-mananciais-das-traidas-de-auga-de-mos\\\/\",\"name\":\"Ecoloxistas en Acci\u00f3n denuncia que a cidade deportiva do Celta est\u00e1 vertendo fecais sobre os mananciais das tra\u00eddas de auga de Mos -\",\"isPartOf\":{\"@id\":\"https:\\\/\\\/www.anovapeneira.gal\\\/#website\"},\"primaryImageOfPage\":{\"@id\":\"https:\\\/\\\/www.anovapeneira.gal\\\/index.php\\\/2024\\\/05\\\/21\\\/ecoloxistas-en-accion-denuncia-que-a-cidade-deportiva-do-celta-esta-vertendo-fecais-sobre-os-mananciais-das-traidas-de-auga-de-mos\\\/#primaryimage\"},\"image\":{\"@id\":\"https:\\\/\\\/www.anovapeneira.gal\\\/index.php\\\/2024\\\/05\\\/21\\\/ecoloxistas-en-accion-denuncia-que-a-cidade-deportiva-do-celta-esta-vertendo-fecais-sobre-os-mananciais-das-traidas-de-auga-de-mos\\\/#primaryimage\"},\"thumbnailUrl\":\"https:\\\/\\\/www.anovapeneira.gal\\\/wp-content\\\/uploads\\\/2024\\\/05\\\/ecoloxistas_en_accion.png\",\"datePublished\":\"2024-05-21T08:00:56+00:00\",\"breadcrumb\":{\"@id\":\"https:\\\/\\\/www.anovapeneira.gal\\\/index.php\\\/2024\\\/05\\\/21\\\/ecoloxistas-en-accion-denuncia-que-a-cidade-deportiva-do-celta-esta-vertendo-fecais-sobre-os-mananciais-das-traidas-de-auga-de-mos\\\/#breadcrumb\"},\"inLanguage\":\"gl-ES\",\"potentialAction\":[{\"@type\":\"ReadAction\",\"target\":[\"https:\\\/\\\/www.anovapeneira.gal\\\/index.php\\\/2024\\\/05\\\/21\\\/ecoloxistas-en-accion-denuncia-que-a-cidade-deportiva-do-celta-esta-vertendo-fecais-sobre-os-mananciais-das-traidas-de-auga-de-mos\\\/\"]}]},{\"@type\":\"ImageObject\",\"inLanguage\":\"gl-ES\",\"@id\":\"https:\\\/\\\/www.anovapeneira.gal\\\/index.php\\\/2024\\\/05\\\/21\\\/ecoloxistas-en-accion-denuncia-que-a-cidade-deportiva-do-celta-esta-vertendo-fecais-sobre-os-mananciais-das-traidas-de-auga-de-mos\\\/#primaryimage\",\"url\":\"https:\\\/\\\/www.anovapeneira.gal\\\/wp-content\\\/uploads\\\/2024\\\/05\\\/ecoloxistas_en_accion.png\",\"contentUrl\":\"https:\\\/\\\/www.anovapeneira.gal\\\/wp-content\\\/uploads\\\/2024\\\/05\\\/ecoloxistas_en_accion.png\",\"width\":720,\"height\":432,\"caption\":\"Ecoloxistas en acci\u00f3n\"},{\"@type\":\"BreadcrumbList\",\"@id\":\"https:\\\/\\\/www.anovapeneira.gal\\\/index.php\\\/2024\\\/05\\\/21\\\/ecoloxistas-en-accion-denuncia-que-a-cidade-deportiva-do-celta-esta-vertendo-fecais-sobre-os-mananciais-das-traidas-de-auga-de-mos\\\/#breadcrumb\",\"itemListElement\":[{\"@type\":\"ListItem\",\"position\":1,\"name\":\"Portada\",\"item\":\"https:\\\/\\\/www.anovapeneira.gal\\\/\"},{\"@type\":\"ListItem\",\"position\":2,\"name\":\"Ecoloxistas en Acci\u00f3n denuncia que a cidade deportiva do Celta est\u00e1 vertendo fecais sobre os mananciais das tra\u00eddas de auga de Mos\"}]},{\"@type\":\"WebSite\",\"@id\":\"https:\\\/\\\/www.anovapeneira.gal\\\/#website\",\"url\":\"https:\\\/\\\/www.anovapeneira.gal\\\/\",\"name\":\"\",\"description\":\"Xornal galego de informaci\u00f3n xeral Publicaci\u00f3n mensual de novas de Galicia e en especial dos Concellos da sur da provincia de Pontevedra.\",\"publisher\":{\"@id\":\"https:\\\/\\\/www.anovapeneira.gal\\\/#organization\"},\"potentialAction\":[{\"@type\":\"SearchAction\",\"target\":{\"@type\":\"EntryPoint\",\"urlTemplate\":\"https:\\\/\\\/www.anovapeneira.gal\\\/?s={search_term_string}\"},\"query-input\":{\"@type\":\"PropertyValueSpecification\",\"valueRequired\":true,\"valueName\":\"search_term_string\"}}],\"inLanguage\":\"gl-ES\"},{\"@type\":\"Organization\",\"@id\":\"https:\\\/\\\/www.anovapeneira.gal\\\/#organization\",\"name\":\"A Nova Peneira\",\"url\":\"https:\\\/\\\/www.anovapeneira.gal\\\/\",\"logo\":{\"@type\":\"ImageObject\",\"inLanguage\":\"gl-ES\",\"@id\":\"https:\\\/\\\/www.anovapeneira.gal\\\/#\\\/schema\\\/logo\\\/image\\\/\",\"url\":\"http:\\\/\\\/www.anovapeneira.gal\\\/wp-content\\\/uploads\\\/2019\\\/06\\\/logo_a_nova_peneira_portal_web.png\",\"contentUrl\":\"http:\\\/\\\/www.anovapeneira.gal\\\/wp-content\\\/uploads\\\/2019\\\/06\\\/logo_a_nova_peneira_portal_web.png\",\"width\":300,\"height\":100,\"caption\":\"A Nova Peneira\"},\"image\":{\"@id\":\"https:\\\/\\\/www.anovapeneira.gal\\\/#\\\/schema\\\/logo\\\/image\\\/\"},\"sameAs\":[\"https:\\\/\\\/www.facebook.com\\\/anovapeneira\",\"https:\\\/\\\/x.com\\\/APeneira\"]},{\"@type\":\"Person\",\"@id\":\"https:\\\/\\\/www.anovapeneira.gal\\\/#\\\/schema\\\/person\\\/b93e3f8932e3f8da96334607eb6ac6aa\",\"name\":\"Redacci\u00f3n A Nova Peneira\",\"image\":{\"@type\":\"ImageObject\",\"inLanguage\":\"gl-ES\",\"@id\":\"https:\\\/\\\/secure.gravatar.com\\\/avatar\\\/c052a2551a06e23fac63626232eaa90abd78dbcf1700fc46a2b2c89fd27b735f?s=96&d=mm&r=g\",\"url\":\"https:\\\/\\\/secure.gravatar.com\\\/avatar\\\/c052a2551a06e23fac63626232eaa90abd78dbcf1700fc46a2b2c89fd27b735f?s=96&d=mm&r=g\",\"contentUrl\":\"https:\\\/\\\/secure.gravatar.com\\\/avatar\\\/c052a2551a06e23fac63626232eaa90abd78dbcf1700fc46a2b2c89fd27b735f?s=96&d=mm&r=g\",\"caption\":\"Redacci\u00f3n A Nova Peneira\"},\"sameAs\":[\"http:\\\/\\\/www.anovapeneira.gal\\\/\"],\"url\":\"https:\\\/\\\/www.anovapeneira.gal\\\/index.php\\\/author\\\/redactor\\\/\"}]}<\/script>\n<!-- \/ Yoast SEO plugin. -->","yoast_head_json":{"title":"Ecoloxistas en Acci\u00f3n denuncia que a cidade deportiva do Celta est\u00e1 vertendo fecais sobre os mananciais das tra\u00eddas de auga de Mos -","robots":{"index":"index","follow":"follow","max-snippet":"max-snippet:-1","max-image-preview":"max-image-preview:large","max-video-preview":"max-video-preview:-1"},"canonical":"https:\/\/www.anovapeneira.gal\/index.php\/2024\/05\/21\/ecoloxistas-en-accion-denuncia-que-a-cidade-deportiva-do-celta-esta-vertendo-fecais-sobre-os-mananciais-das-traidas-de-auga-de-mos\/","og_locale":"gl_ES","og_type":"article","og_title":"Ecoloxistas en Acci\u00f3n denuncia que a cidade deportiva do Celta est\u00e1 vertendo fecais sobre os mananciais das tra\u00eddas de auga de Mos -","og_description":"Ecoloxistas en Acci\u00f3n denuncia ante a Confederaci\u00f3n Hidrogr\u00e1fica Mi\u00f1o - Sil a existencia dun emisario de fecais procedente da cidade deportiva do Celta en Mos que est\u00e1 vertendo no monte de Tameiga enriba dos mananciais das Tra\u00eddas de auga veci\u00f1ais [...]","og_url":"https:\/\/www.anovapeneira.gal\/index.php\/2024\/05\/21\/ecoloxistas-en-accion-denuncia-que-a-cidade-deportiva-do-celta-esta-vertendo-fecais-sobre-os-mananciais-das-traidas-de-auga-de-mos\/","article_publisher":"https:\/\/www.facebook.com\/anovapeneira","article_published_time":"2024-05-21T08:00:56+00:00","og_image":[{"width":720,"height":432,"url":"https:\/\/www.anovapeneira.gal\/wp-content\/uploads\/2024\/05\/ecoloxistas_en_accion.png","type":"image\/png"}],"author":"Redacci\u00f3n A Nova Peneira","twitter_card":"summary_large_image","twitter_creator":"@APeneira","twitter_site":"@APeneira","twitter_misc":{"Escrito por":"Redacci\u00f3n A Nova Peneira","Tempo de lectura":"3 minutos"},"schema":{"@context":"https:\/\/schema.org","@graph":[{"@type":"Article","@id":"https:\/\/www.anovapeneira.gal\/index.php\/2024\/05\/21\/ecoloxistas-en-accion-denuncia-que-a-cidade-deportiva-do-celta-esta-vertendo-fecais-sobre-os-mananciais-das-traidas-de-auga-de-mos\/#article","isPartOf":{"@id":"https:\/\/www.anovapeneira.gal\/index.php\/2024\/05\/21\/ecoloxistas-en-accion-denuncia-que-a-cidade-deportiva-do-celta-esta-vertendo-fecais-sobre-os-mananciais-das-traidas-de-auga-de-mos\/"},"author":{"name":"Redacci\u00f3n A Nova Peneira","@id":"https:\/\/www.anovapeneira.gal\/#\/schema\/person\/b93e3f8932e3f8da96334607eb6ac6aa"},"headline":"Ecoloxistas en Acci\u00f3n denuncia que a cidade deportiva do Celta est\u00e1 vertendo fecais sobre os mananciais das tra\u00eddas de auga de Mos","datePublished":"2024-05-21T08:00:56+00:00","mainEntityOfPage":{"@id":"https:\/\/www.anovapeneira.gal\/index.php\/2024\/05\/21\/ecoloxistas-en-accion-denuncia-que-a-cidade-deportiva-do-celta-esta-vertendo-fecais-sobre-os-mananciais-das-traidas-de-auga-de-mos\/"},"wordCount":498,"commentCount":0,"publisher":{"@id":"https:\/\/www.anovapeneira.gal\/#organization"},"image":{"@id":"https:\/\/www.anovapeneira.gal\/index.php\/2024\/05\/21\/ecoloxistas-en-accion-denuncia-que-a-cidade-deportiva-do-celta-esta-vertendo-fecais-sobre-os-mananciais-das-traidas-de-auga-de-mos\/#primaryimage"},"thumbnailUrl":"https:\/\/www.anovapeneira.gal\/wp-content\/uploads\/2024\/05\/ecoloxistas_en_accion.png","keywords":["Concello de Mos"],"articleSection":["A Louri\u00f1a"],"inLanguage":"gl-ES","potentialAction":[{"@type":"CommentAction","name":"Comment","target":["https:\/\/www.anovapeneira.gal\/index.php\/2024\/05\/21\/ecoloxistas-en-accion-denuncia-que-a-cidade-deportiva-do-celta-esta-vertendo-fecais-sobre-os-mananciais-das-traidas-de-auga-de-mos\/#respond"]}]},{"@type":"WebPage","@id":"https:\/\/www.anovapeneira.gal\/index.php\/2024\/05\/21\/ecoloxistas-en-accion-denuncia-que-a-cidade-deportiva-do-celta-esta-vertendo-fecais-sobre-os-mananciais-das-traidas-de-auga-de-mos\/","url":"https:\/\/www.anovapeneira.gal\/index.php\/2024\/05\/21\/ecoloxistas-en-accion-denuncia-que-a-cidade-deportiva-do-celta-esta-vertendo-fecais-sobre-os-mananciais-das-traidas-de-auga-de-mos\/","name":"Ecoloxistas en Acci\u00f3n denuncia que a cidade deportiva do Celta est\u00e1 vertendo fecais sobre os mananciais das tra\u00eddas de auga de Mos -","isPartOf":{"@id":"https:\/\/www.anovapeneira.gal\/#website"},"primaryImageOfPage":{"@id":"https:\/\/www.anovapeneira.gal\/index.php\/2024\/05\/21\/ecoloxistas-en-accion-denuncia-que-a-cidade-deportiva-do-celta-esta-vertendo-fecais-sobre-os-mananciais-das-traidas-de-auga-de-mos\/#primaryimage"},"image":{"@id":"https:\/\/www.anovapeneira.gal\/index.php\/2024\/05\/21\/ecoloxistas-en-accion-denuncia-que-a-cidade-deportiva-do-celta-esta-vertendo-fecais-sobre-os-mananciais-das-traidas-de-auga-de-mos\/#primaryimage"},"thumbnailUrl":"https:\/\/www.anovapeneira.gal\/wp-content\/uploads\/2024\/05\/ecoloxistas_en_accion.png","datePublished":"2024-05-21T08:00:56+00:00","breadcrumb":{"@id":"https:\/\/www.anovapeneira.gal\/index.php\/2024\/05\/21\/ecoloxistas-en-accion-denuncia-que-a-cidade-deportiva-do-celta-esta-vertendo-fecais-sobre-os-mananciais-das-traidas-de-auga-de-mos\/#breadcrumb"},"inLanguage":"gl-ES","potentialAction":[{"@type":"ReadAction","target":["https:\/\/www.anovapeneira.gal\/index.php\/2024\/05\/21\/ecoloxistas-en-accion-denuncia-que-a-cidade-deportiva-do-celta-esta-vertendo-fecais-sobre-os-mananciais-das-traidas-de-auga-de-mos\/"]}]},{"@type":"ImageObject","inLanguage":"gl-ES","@id":"https:\/\/www.anovapeneira.gal\/index.php\/2024\/05\/21\/ecoloxistas-en-accion-denuncia-que-a-cidade-deportiva-do-celta-esta-vertendo-fecais-sobre-os-mananciais-das-traidas-de-auga-de-mos\/#primaryimage","url":"https:\/\/www.anovapeneira.gal\/wp-content\/uploads\/2024\/05\/ecoloxistas_en_accion.png","contentUrl":"https:\/\/www.anovapeneira.gal\/wp-content\/uploads\/2024\/05\/ecoloxistas_en_accion.png","width":720,"height":432,"caption":"Ecoloxistas en acci\u00f3n"},{"@type":"BreadcrumbList","@id":"https:\/\/www.anovapeneira.gal\/index.php\/2024\/05\/21\/ecoloxistas-en-accion-denuncia-que-a-cidade-deportiva-do-celta-esta-vertendo-fecais-sobre-os-mananciais-das-traidas-de-auga-de-mos\/#breadcrumb","itemListElement":[{"@type":"ListItem","position":1,"name":"Portada","item":"https:\/\/www.anovapeneira.gal\/"},{"@type":"ListItem","position":2,"name":"Ecoloxistas en Acci\u00f3n denuncia que a cidade deportiva do Celta est\u00e1 vertendo fecais sobre os mananciais das tra\u00eddas de auga de Mos"}]},{"@type":"WebSite","@id":"https:\/\/www.anovapeneira.gal\/#website","url":"https:\/\/www.anovapeneira.gal\/","name":"","description":"Xornal galego de informaci\u00f3n xeral Publicaci\u00f3n mensual de novas de Galicia e en especial dos Concellos da sur da provincia de Pontevedra.","publisher":{"@id":"https:\/\/www.anovapeneira.gal\/#organization"},"potentialAction":[{"@type":"SearchAction","target":{"@type":"EntryPoint","urlTemplate":"https:\/\/www.anovapeneira.gal\/?s={search_term_string}"},"query-input":{"@type":"PropertyValueSpecification","valueRequired":true,"valueName":"search_term_string"}}],"inLanguage":"gl-ES"},{"@type":"Organization","@id":"https:\/\/www.anovapeneira.gal\/#organization","name":"A Nova Peneira","url":"https:\/\/www.anovapeneira.gal\/","logo":{"@type":"ImageObject","inLanguage":"gl-ES","@id":"https:\/\/www.anovapeneira.gal\/#\/schema\/logo\/image\/","url":"http:\/\/www.anovapeneira.gal\/wp-content\/uploads\/2019\/06\/logo_a_nova_peneira_portal_web.png","contentUrl":"http:\/\/www.anovapeneira.gal\/wp-content\/uploads\/2019\/06\/logo_a_nova_peneira_portal_web.png","width":300,"height":100,"caption":"A Nova Peneira"},"image":{"@id":"https:\/\/www.anovapeneira.gal\/#\/schema\/logo\/image\/"},"sameAs":["https:\/\/www.facebook.com\/anovapeneira","https:\/\/x.com\/APeneira"]},{"@type":"Person","@id":"https:\/\/www.anovapeneira.gal\/#\/schema\/person\/b93e3f8932e3f8da96334607eb6ac6aa","name":"Redacci\u00f3n A Nova Peneira","image":{"@type":"ImageObject","inLanguage":"gl-ES","@id":"https:\/\/secure.gravatar.com\/avatar\/c052a2551a06e23fac63626232eaa90abd78dbcf1700fc46a2b2c89fd27b735f?s=96&d=mm&r=g","url":"https:\/\/secure.gravatar.com\/avatar\/c052a2551a06e23fac63626232eaa90abd78dbcf1700fc46a2b2c89fd27b735f?s=96&d=mm&r=g","contentUrl":"https:\/\/secure.gravatar.com\/avatar\/c052a2551a06e23fac63626232eaa90abd78dbcf1700fc46a2b2c89fd27b735f?s=96&d=mm&r=g","caption":"Redacci\u00f3n A Nova Peneira"},"sameAs":["http:\/\/www.anovapeneira.gal\/"],"url":"https:\/\/www.anovapeneira.gal\/index.php\/author\/redactor\/"}]}},"jetpack_featured_media_url":"https:\/\/www.anovapeneira.gal\/wp-content\/uploads\/2024\/05\/ecoloxistas_en_accion.png","_links":{"self":[{"href":"https:\/\/www.anovapeneira.gal\/index.php\/wp-json\/wp\/v2\/posts\/11756","targetHints":{"allow":["GET"]}}],"collection":[{"href":"https:\/\/www.anovapeneira.gal\/index.php\/wp-json\/wp\/v2\/posts"}],"about":[{"href":"https:\/\/www.anovapeneira.gal\/index.php\/wp-json\/wp\/v2\/types\/post"}],"author":[{"embeddable":true,"href":"https:\/\/www.anovapeneira.gal\/index.php\/wp-json\/wp\/v2\/users\/3"}],"replies":[{"embeddable":true,"href":"https:\/\/www.anovapeneira.gal\/index.php\/wp-json\/wp\/v2\/comments?post=11756"}],"version-history":[{"count":1,"href":"https:\/\/www.anovapeneira.gal\/index.php\/wp-json\/wp\/v2\/posts\/11756\/revisions"}],"predecessor-version":[{"id":11758,"href":"https:\/\/www.anovapeneira.gal\/index.php\/wp-json\/wp\/v2\/posts\/11756\/revisions\/11758"}],"wp:featuredmedia":[{"embeddable":true,"href":"https:\/\/www.anovapeneira.gal\/index.php\/wp-json\/wp\/v2\/media\/11757"}],"wp:attachment":[{"href":"https:\/\/www.anovapeneira.gal\/index.php\/wp-json\/wp\/v2\/media?parent=11756"}],"wp:term":[{"taxonomy":"category","embeddable":true,"href":"https:\/\/www.anovapeneira.gal\/index.php\/wp-json\/wp\/v2\/categories?post=11756"},{"taxonomy":"post_tag","embeddable":true,"href":"https:\/\/www.anovapeneira.gal\/index.php\/wp-json\/wp\/v2\/tags?post=11756"}],"curies":[{"name":"wp","href":"https:\/\/api.w.org\/{rel}","templated":true}]}}