{"id":11759,"date":"2024-05-21T12:00:03","date_gmt":"2024-05-21T10:00:03","guid":{"rendered":"https:\/\/www.anovapeneira.gal\/?p=11759"},"modified":"2024-05-16T19:46:19","modified_gmt":"2024-05-16T17:46:19","slug":"o-alcalde-da-tui-resistente-e-con-memoria","status":"publish","type":"post","link":"https:\/\/www.anovapeneira.gal\/index.php\/2024\/05\/21\/o-alcalde-da-tui-resistente-e-con-memoria\/","title":{"rendered":"O alcalde da Tui resistente (e con memoria)"},"content":{"rendered":"\n<p>A Comisi\u00f3n pola recuperaci\u00f3n da memoria hist\u00f3rica de Baixo Mi\u00f1o, Condado e Louri\u00f1\u00e1 v\u00e9n de organizar actividades en homenaxe a Mar\u00eda \u00c1lvarez Fern\u00e1ndez e o seu home, Guillermo Vicente Santiago, quen, en xullo de 1936, era o alcalde de Tui, vila resistente \u2013foi a \u00faltima que os golpistas ocuparon- e con memoria, como ben demostra a iniciativa da asociaci\u00f3n que preside Helena Pousa. Foi Vicente quen liderou o Comit\u00e9 de Defensa da Rep\u00fablica naqueles aciagos d\u00edas inmediatamente posteriores ao golpe de Estado. Polos traballos de investigadores como Victoriano Rodr\u00edguez ou Jos\u00e9 Antonio Uris Guisantes sabemos que a primeira medida foi xuntar no Seminario as forzas da orde leais ao goberno coa cidadan\u00eda disposta a tomar as armas, e a partir do 25 de xullo reforzaron a defensa da vila coas milicias que formara no Baixo Mi\u00f1o o deputado agrarista Ant\u00f3n Alonso R\u00edos. Enfront\u00e1ronse os rebeldes na Volta da Moura, no Cerquido, e a\u00ed chegar\u00e1n as primeiras v\u00edtimas mortais de ambos bandos. Os republicanos logran facer recuar momentaneamente os golpistas, mais, ao d\u00eda seguinte, estes reciben o apoio de novas tropas chegadas en tren a Guillarei e, desta si, avanzan sen que as barricadas apostadas na Moura poidan facer nada por impedirlles a entrada en Tui.<\/p>\n\n\n\n<p>Tomada a vila, a resistencia disp\u00e9rsase, e Vicente e Alonso R\u00edos inician a fuxida. Mar\u00eda \u00c1lvarez marcha con eles pero axi\u00f1a decide regresar a Tomi\u00f1o, e en decembro, ao non ser quen de atopar o home, os fascistas det\u00e9\u00f1ena e l\u00e9vana ao c\u00e1rcere de Tui. Na casa quedaban unha filla, Marina, e dous fillos, Laureano e C\u00e9sar.<\/p>\n\n\n\n<p>O alcalde pensou en entregarse pero finalmente non o fixo, consciente de que era unha sentenza de morte segura. Sab\u00eda que non lle \u00edan perdoar nin o seu cargo, nin a s\u00faa militancia na moderada Izquierda Republicana, nin ter sido secretario do Centro Republicano nin o cariz esquerdista e anticlerical do <em>Tribuna<\/em>, seminario que se editaba na s\u00faa imprenta, axi\u00f1a incautada polos golpistas. Mais a s\u00faa sa\u00fade nunca lle ter\u00eda permitido protagonizar unha faza\u00f1a similar a de Alonso R\u00edos, quen puido fuxir das gadoupas da morte, como el mesmo dixo na s\u00faa autobiograf\u00eda, percorrendo quil\u00f3metros disfrazado do esmoleiro portugu\u00e9s sinhor Afranio de Amaral. O que si \u00e9 com\u00fan na biograf\u00eda posterior de ambos \u00e9 que dispuxeron dun batall\u00f3n da solidariedade feminina, que foi m\u00e1is al\u00e1 das mulleres da propia familia. Alonso R\u00edos, que no seu periplo chegou a empregarse como criado, tardou dous anos en poder sa\u00edr cara a Bos Aires desde Portugal, e dificilmente o ter\u00eda logrado sen a axuda da tomi\u00f1esa Isaura G\u00f3mez P\u00e9rez, vi\u00fava doutro l\u00edder agrarista, Francisco Rodr\u00edguez, alcumado Paco de Figueir\u00f3. En lugar de arredarse co loito, Isaura percorreu 500 quil\u00f3metros ata Lisboa co seu fillo Mario, de seis anos, a fin de poder facerlle entrega ao deputado galego da documentaci\u00f3n e os cartos que precisaba para emprender a viaxe.<\/p>\n\n\n\n<p><a><\/a> Alonso R\u00edos nunca deixar\u00eda de loitar contra o franquismo e, xunto a outros deputados do pa\u00eds, formou parte en Bos Aires do Consello de Galiza, o goberno galego no exilio, que mesmo chegar\u00eda a presidir tras a morte de Castelao. Guillermo, por\u00e9n, non puido continuar a loita. Segundo conta Victoriano Rodr\u00edguez nas s\u00faas publicaci\u00f3ns, os dous amigos separ\u00e1ronse o 19 de agosto dese mesmo ano. A fr\u00e1xil sa\u00fade do alcalde viuse agravada tras case un mes vivindo \u00e1 intemperie, e obrigoulle a deixar a fuxida. Foino buscar en burro unha cu\u00f1ada s\u00faa, Martina da Proba, e tras pasar un tempo na s\u00faa casa, con Mar\u00eda como leal acubillo, marchou \u00e1 da s\u00faa nai. Na corte das vacas constru\u00edronlle un zulo que comunicaba cun cuarto da casa a trav\u00e9s dunha especie de \u201ctrampilla\u201d agochada con esterco e al\u00ed ficou, mentres os falanxistas realizaban continuos rexistros, que o obrigaban a tapar a boca cun pano para que as s\u00faas toses non os alertara. No periplo contou coa imprescind\u00edbel axuda do doutor Dar\u00edo \u00c1lvarez Bl\u00e1zquez, cuxo pai tam\u00e9n fora fusilado. Gardou a memoria da vila que era el quen lle receitaba as menci\u00f1as \u00e1 s\u00faa muller, Mar\u00eda \u00c1lvarez, e que logo era a s\u00faa nai, Mar\u00eda Santiago, a que aproveitaba os desprazamentos que fac\u00eda como vendedora de rosquillas nos mercadi\u00f1os para achegarse a mercarllas \u00e1 farmacia de Sabar\u00eds. Mais nada se pod\u00eda facer xa polo alcalde, que faleceu de tuberculose o 1 de maio de 1940, aos 46 anos. Malia a s\u00faa morte, era moi perigoso para as mulleres da familia delatar que o tiveran agochado, as\u00ed que o enterraron elas mesas nunha esquina da corte que habitara nos \u00faltimos anos. Segundo conta Victoriano Rodr\u00edguez \u201cmand\u00e1ronlle facer unha caixa ao T\u00edo Ricardo da Cunchada, e a\u00ed enterran a Guillermo, baixo unha pila de le\u00f1a\u201d. Mar\u00eda Santiago, a s\u00faa nai, morreu ao pouco e \u00e1 nora tocoulle tirar soa da descendencia orfa, traballando arreo no campo e indo en burro facer estraperlo de caf\u00e9 ou azucre. Nin sequera tivo o consolo de ver morrer ao ditador. A vi\u00f9va de Guillermo finou en febreiro de 1975, tras un par de anos afectada por unha grave doenza mental. A descendencia contoulle a Rodr\u00edguez que a atopaban moitas veces chorando naquela corte que daquela non sab\u00edan que era tam\u00e9n cadaleito. Por iso, cando morreu, a\u00ednda con Franco vivo, foi Martina a que sinalou onde estaba enterrado o seu cu\u00f1ado e, axudada por un parente, sacou os seus restos do improvisado camposanto para que descansasen por sempre con Mar\u00eda, \u00e1 que os falanxistas nunca lle deran paz. Apres\u00e1rona, rexistraron unha vez e outra a s\u00faa vivenda e a s\u00faa descendencia foi insultada no colexio ao berro de \u201c<em>rojos\u201d. <\/em>Logo, cando ao seu fillo C\u00e9sar lle chegou a hora de facer o servizo militar, neg\u00e1ronse a darlle un certificado de boa conducta alegando que era fillo dun comunista fuxido en Rusia. Quen lle dera a Mar\u00eda que o seu home \u2013que nunca fora comunista- tivera alcanzado o exilio!<\/p>\n\n\n\n<p>Alonso R\u00edos si o logrou mais a s\u00faa familia tampouco o tivo doado antes de poder reunirse con el. Os falanxistas acud\u00edan unha vez e outra vez \u00e1 casa que ti\u00f1an en Tomi\u00f1o, concello no que o deputado dirixira a mod\u00e9lica escola Aurora del Porvenir, e chegaron a levar presas tanto \u00e1 s\u00faa muller, Oliva Rodr\u00edguez, como a s\u00faa filla maior, que se chamaba como a nai. Logo, tanto esta como a s\u00faa irm\u00e1 Celta e o pequeno dos fillos, Omb\u00fa, ficaron vivindo coa avoa paterna, Matilde Rios, mentres a nai se v\u00eda obrigada a trasladarse a Vilagarc\u00eda co primox\u00e9nito, Chamor, para tramitar durante semanas a s\u00faa viaxe a Arxentina, onde nacera, e as\u00ed libralo de ir \u00e1 fronte. Na cidade arous\u00e1 era mestra Matilde Alonso R\u00edos, que igual que a s\u00faa irm\u00e1 Dolores, foi sometida a un expediente de depuraci\u00f3n para afastalas das aulas. Ademais de dar acubillo a s\u00faa cu\u00f1ada e ao seu sobri\u00f1o, Matilde axudou economicamente a Ant\u00f3n na fuxida e custeou o cambio de cristais nas fiestras do c\u00e1rcere de Pontevedra onde outra das s\u00faas irm\u00e1s, Evangelina, estaba presa, acusada de colaborar coa Rep\u00fablica.<\/p>\n\n\n\n<p>O Baixo Mi\u00f1o sabe moito do padecer das mulleres. Como lles pasou a Oliva e Mar\u00eda, Lola Dom\u00ednguez Pacheco sufriu rexistros e ameazas dos falanxistas mentres o seu home, o guard\u00e9s Juan Noya, andaba fuxido. Ademais foi multada por visitar \u00e1 s\u00faa amiga Esmeralda Dom\u00ednguez, que hospedaba a familiares de presos en Camposancos. Toda a s\u00faa familia foi fondamente perseguida: Dous dos seus irm\u00e1ns, Jes\u00fas e Francisco, estiveron presos e outros dous, \u00c1ngel e Antonio Dom\u00ednguez Pacheco, foron asasinados. Ante tanta barbarie, o m\u00e1is novo, Manuel, que fora chamado a filas, decidiu pasarse ao bando republicano, o que provocou a detenci\u00f3n da s\u00faa muller, Concepci\u00f3n Andr\u00e9s, e da s\u00faa nai, Mar\u00eda da Luz Pacheco, as\u00ed como doutras veci\u00f1as da contorna en similares circunstancias. Xa anci\u00e1, a s\u00faa nai foi obrigada a pasar sete meses no c\u00e1rcere de Tui, e o seu home, Jos\u00e9 Dom\u00ednguez, que era cego e estaba enfermo, tivo que andar a pedir esmola, e morreu en 1938 chamando pola s\u00faa muller.<\/p>\n\n\n\n<p>A s\u00faa nora, Manuela Baz, estaba embarazada de catro meses cando ficou vi\u00fava de Antonio e foi acollida na casa da tam\u00e9n gardesa Mar\u00eda \u00c1lvarez \u00c1lvarez, Mar\u00eda das Auroras, que ensinaba a criaturas pobres a ler e facer as contas e ti\u00f1a unha pequena biblioteca de libros que prohibira a igrexa. O 29 de xullo do 36 foi detida e, \u00e1 hora na que a xente sa\u00eda da misa, sent\u00e1rona nunha cadeira na praza e rap\u00e1rona, deix\u00e1ndolle s\u00f3 un guecho no que lle ataron unha bandeira coas cores da actual bandeira espa\u00f1ola. Tam\u00e9n lle deron aceite de r\u00edcino e durante d\u00edas imped\u00edronlle tapar a cabeza. Logo, ela e Manuela deron acubillo a outra muller represaliada, a mestra Josefa Garc\u00eda Segret, que a\u00ednda que nacera en Compostela ti\u00f1a fondos v\u00ednculos coa zona mi\u00f1ot\u00e1. O seu home, Hip\u00f3lito Gallego, tam\u00e9n mestre en Forcadela, foi asasinado. Crav\u00e1rono na terra cunha baioneta e, para maior humillaci\u00f3n, cos pantal\u00f3ns baixados. A ela conden\u00e1rona a morte pero salvou a vida grazas, de novo, \u00e1 mediaci\u00f3n do doutor Dar\u00edo \u00c1lvarez Bl\u00e1zquez, que primeiro certificou que estaba embarazada e logo que perdera o fillo, tras lograr simular as hemorraxias propias dun aborto co sangue menstrual do resto de compa\u00f1eiras do c\u00e1rcere de Tui. Conta Helena Pousa que foi a presa pol\u00edtica que m\u00e1is tempo pasou al\u00ed pechada, ata o seu traslado ao dur\u00edsimo penal vasco de Saturrar\u00e1n en febreiro de 1938. Tras serlle conmutada a pena de morte por cadea perpetua estivo presa en distintos penais ata 1944 e, de novo coa axuda de \u00c1lvarez Bl\u00e1zquez, en 1982 sacou un libro de memorias, Abajo las dictaduras, que reeditou hai pouco o Concello de Tomi\u00f1o e que resulta imprescind\u00edbel para co\u00f1ecer o acontecido na contorna naquela longa noite de pedra. Hoxe, colectivos memorialistas e familias recollen o seu facho de memoria e montan barricadas contra o esquecemento na Tui resistente e solidaria que so\u00f1ou con tempos a\u00ednda non chegados.<\/p>\n","protected":false},"excerpt":{"rendered":"<div class=\"mh-excerpt\"><p>A Comisi\u00f3n pola recuperaci\u00f3n da memoria hist\u00f3rica de Baixo Mi\u00f1o, Condado e Louri\u00f1\u00e1 v\u00e9n de organizar actividades en homenaxe a Mar\u00eda \u00c1lvarez Fern\u00e1ndez e o seu home, Guillermo Vicente Santiago, quen, en xullo de 1936, era o alcalde de Tui <a class=\"mh-excerpt-more\" href=\"https:\/\/www.anovapeneira.gal\/index.php\/2024\/05\/21\/o-alcalde-da-tui-resistente-e-con-memoria\/\" title=\"O alcalde da Tui resistente (e con memoria)\">[&#8230;]<\/a><\/p>\n<\/div>","protected":false},"author":15,"featured_media":11760,"comment_status":"open","ping_status":"open","sticky":false,"template":"","format":"standard","meta":{"_exactmetrics_skip_tracking":false,"_exactmetrics_sitenote_active":false,"_exactmetrics_sitenote_note":"","_exactmetrics_sitenote_category":0,"footnotes":""},"categories":[7],"tags":[],"class_list":{"0":"post-11759","1":"post","2":"type-post","3":"status-publish","4":"format-standard","5":"has-post-thumbnail","7":"category-artigos-de-opinion"},"yoast_head":"<!-- This site is optimized with the Yoast SEO plugin v27.4 - https:\/\/yoast.com\/product\/yoast-seo-wordpress\/ -->\n<title>O alcalde da Tui resistente (e con memoria) -<\/title>\n<meta name=\"robots\" content=\"index, follow, max-snippet:-1, max-image-preview:large, max-video-preview:-1\" \/>\n<link rel=\"canonical\" href=\"https:\/\/www.anovapeneira.gal\/index.php\/2024\/05\/21\/o-alcalde-da-tui-resistente-e-con-memoria\/\" \/>\n<meta property=\"og:locale\" content=\"gl_ES\" \/>\n<meta property=\"og:type\" content=\"article\" \/>\n<meta property=\"og:title\" content=\"O alcalde da Tui resistente (e con memoria) -\" \/>\n<meta property=\"og:description\" content=\"A Comisi\u00f3n pola recuperaci\u00f3n da memoria hist\u00f3rica de Baixo Mi\u00f1o, Condado e Louri\u00f1\u00e1 v\u00e9n de organizar actividades en homenaxe a Mar\u00eda \u00c1lvarez Fern\u00e1ndez e o seu home, Guillermo Vicente Santiago, quen, en xullo de 1936, era o alcalde de Tui [...]\" \/>\n<meta property=\"og:url\" content=\"https:\/\/www.anovapeneira.gal\/index.php\/2024\/05\/21\/o-alcalde-da-tui-resistente-e-con-memoria\/\" \/>\n<meta property=\"article:publisher\" content=\"https:\/\/www.facebook.com\/anovapeneira\" \/>\n<meta property=\"article:published_time\" content=\"2024-05-21T10:00:03+00:00\" \/>\n<meta property=\"og:image\" content=\"https:\/\/www.anovapeneira.gal\/wp-content\/uploads\/2024\/05\/guillermo_vicente.jpg\" \/>\n\t<meta property=\"og:image:width\" content=\"720\" \/>\n\t<meta property=\"og:image:height\" content=\"432\" \/>\n\t<meta property=\"og:image:type\" content=\"image\/jpeg\" \/>\n<meta name=\"author\" content=\"Montse Fajardo\" \/>\n<meta name=\"twitter:card\" content=\"summary_large_image\" \/>\n<meta name=\"twitter:creator\" content=\"@APeneira\" \/>\n<meta name=\"twitter:site\" content=\"@APeneira\" \/>\n<meta name=\"twitter:label1\" content=\"Escrito por\" \/>\n\t<meta name=\"twitter:data1\" content=\"Montse Fajardo\" \/>\n\t<meta name=\"twitter:label2\" content=\"Tempo de lectura\" \/>\n\t<meta name=\"twitter:data2\" content=\"10 minutos\" \/>\n<script type=\"application\/ld+json\" class=\"yoast-schema-graph\">{\"@context\":\"https:\\\/\\\/schema.org\",\"@graph\":[{\"@type\":\"Article\",\"@id\":\"https:\\\/\\\/www.anovapeneira.gal\\\/index.php\\\/2024\\\/05\\\/21\\\/o-alcalde-da-tui-resistente-e-con-memoria\\\/#article\",\"isPartOf\":{\"@id\":\"https:\\\/\\\/www.anovapeneira.gal\\\/index.php\\\/2024\\\/05\\\/21\\\/o-alcalde-da-tui-resistente-e-con-memoria\\\/\"},\"author\":{\"name\":\"Montse Fajardo\",\"@id\":\"https:\\\/\\\/www.anovapeneira.gal\\\/#\\\/schema\\\/person\\\/b5d841c74dee61f6776658b07b904c18\"},\"headline\":\"O alcalde da Tui resistente (e con memoria)\",\"datePublished\":\"2024-05-21T10:00:03+00:00\",\"mainEntityOfPage\":{\"@id\":\"https:\\\/\\\/www.anovapeneira.gal\\\/index.php\\\/2024\\\/05\\\/21\\\/o-alcalde-da-tui-resistente-e-con-memoria\\\/\"},\"wordCount\":1824,\"commentCount\":0,\"publisher\":{\"@id\":\"https:\\\/\\\/www.anovapeneira.gal\\\/#organization\"},\"image\":{\"@id\":\"https:\\\/\\\/www.anovapeneira.gal\\\/index.php\\\/2024\\\/05\\\/21\\\/o-alcalde-da-tui-resistente-e-con-memoria\\\/#primaryimage\"},\"thumbnailUrl\":\"https:\\\/\\\/www.anovapeneira.gal\\\/wp-content\\\/uploads\\\/2024\\\/05\\\/guillermo_vicente.jpg\",\"articleSection\":[\"Artigos de opini\u00f3n\"],\"inLanguage\":\"gl-ES\",\"potentialAction\":[{\"@type\":\"CommentAction\",\"name\":\"Comment\",\"target\":[\"https:\\\/\\\/www.anovapeneira.gal\\\/index.php\\\/2024\\\/05\\\/21\\\/o-alcalde-da-tui-resistente-e-con-memoria\\\/#respond\"]}]},{\"@type\":\"WebPage\",\"@id\":\"https:\\\/\\\/www.anovapeneira.gal\\\/index.php\\\/2024\\\/05\\\/21\\\/o-alcalde-da-tui-resistente-e-con-memoria\\\/\",\"url\":\"https:\\\/\\\/www.anovapeneira.gal\\\/index.php\\\/2024\\\/05\\\/21\\\/o-alcalde-da-tui-resistente-e-con-memoria\\\/\",\"name\":\"O alcalde da Tui resistente (e con memoria) -\",\"isPartOf\":{\"@id\":\"https:\\\/\\\/www.anovapeneira.gal\\\/#website\"},\"primaryImageOfPage\":{\"@id\":\"https:\\\/\\\/www.anovapeneira.gal\\\/index.php\\\/2024\\\/05\\\/21\\\/o-alcalde-da-tui-resistente-e-con-memoria\\\/#primaryimage\"},\"image\":{\"@id\":\"https:\\\/\\\/www.anovapeneira.gal\\\/index.php\\\/2024\\\/05\\\/21\\\/o-alcalde-da-tui-resistente-e-con-memoria\\\/#primaryimage\"},\"thumbnailUrl\":\"https:\\\/\\\/www.anovapeneira.gal\\\/wp-content\\\/uploads\\\/2024\\\/05\\\/guillermo_vicente.jpg\",\"datePublished\":\"2024-05-21T10:00:03+00:00\",\"breadcrumb\":{\"@id\":\"https:\\\/\\\/www.anovapeneira.gal\\\/index.php\\\/2024\\\/05\\\/21\\\/o-alcalde-da-tui-resistente-e-con-memoria\\\/#breadcrumb\"},\"inLanguage\":\"gl-ES\",\"potentialAction\":[{\"@type\":\"ReadAction\",\"target\":[\"https:\\\/\\\/www.anovapeneira.gal\\\/index.php\\\/2024\\\/05\\\/21\\\/o-alcalde-da-tui-resistente-e-con-memoria\\\/\"]}]},{\"@type\":\"ImageObject\",\"inLanguage\":\"gl-ES\",\"@id\":\"https:\\\/\\\/www.anovapeneira.gal\\\/index.php\\\/2024\\\/05\\\/21\\\/o-alcalde-da-tui-resistente-e-con-memoria\\\/#primaryimage\",\"url\":\"https:\\\/\\\/www.anovapeneira.gal\\\/wp-content\\\/uploads\\\/2024\\\/05\\\/guillermo_vicente.jpg\",\"contentUrl\":\"https:\\\/\\\/www.anovapeneira.gal\\\/wp-content\\\/uploads\\\/2024\\\/05\\\/guillermo_vicente.jpg\",\"width\":720,\"height\":432,\"caption\":\"xentileza de Helena Pousa\"},{\"@type\":\"BreadcrumbList\",\"@id\":\"https:\\\/\\\/www.anovapeneira.gal\\\/index.php\\\/2024\\\/05\\\/21\\\/o-alcalde-da-tui-resistente-e-con-memoria\\\/#breadcrumb\",\"itemListElement\":[{\"@type\":\"ListItem\",\"position\":1,\"name\":\"Portada\",\"item\":\"https:\\\/\\\/www.anovapeneira.gal\\\/\"},{\"@type\":\"ListItem\",\"position\":2,\"name\":\"O alcalde da Tui resistente (e con memoria)\"}]},{\"@type\":\"WebSite\",\"@id\":\"https:\\\/\\\/www.anovapeneira.gal\\\/#website\",\"url\":\"https:\\\/\\\/www.anovapeneira.gal\\\/\",\"name\":\"\",\"description\":\"Xornal galego de informaci\u00f3n xeral Publicaci\u00f3n mensual de novas de Galicia e en especial dos Concellos da sur da provincia de Pontevedra.\",\"publisher\":{\"@id\":\"https:\\\/\\\/www.anovapeneira.gal\\\/#organization\"},\"potentialAction\":[{\"@type\":\"SearchAction\",\"target\":{\"@type\":\"EntryPoint\",\"urlTemplate\":\"https:\\\/\\\/www.anovapeneira.gal\\\/?s={search_term_string}\"},\"query-input\":{\"@type\":\"PropertyValueSpecification\",\"valueRequired\":true,\"valueName\":\"search_term_string\"}}],\"inLanguage\":\"gl-ES\"},{\"@type\":\"Organization\",\"@id\":\"https:\\\/\\\/www.anovapeneira.gal\\\/#organization\",\"name\":\"A Nova Peneira\",\"url\":\"https:\\\/\\\/www.anovapeneira.gal\\\/\",\"logo\":{\"@type\":\"ImageObject\",\"inLanguage\":\"gl-ES\",\"@id\":\"https:\\\/\\\/www.anovapeneira.gal\\\/#\\\/schema\\\/logo\\\/image\\\/\",\"url\":\"http:\\\/\\\/www.anovapeneira.gal\\\/wp-content\\\/uploads\\\/2019\\\/06\\\/logo_a_nova_peneira_portal_web.png\",\"contentUrl\":\"http:\\\/\\\/www.anovapeneira.gal\\\/wp-content\\\/uploads\\\/2019\\\/06\\\/logo_a_nova_peneira_portal_web.png\",\"width\":300,\"height\":100,\"caption\":\"A Nova Peneira\"},\"image\":{\"@id\":\"https:\\\/\\\/www.anovapeneira.gal\\\/#\\\/schema\\\/logo\\\/image\\\/\"},\"sameAs\":[\"https:\\\/\\\/www.facebook.com\\\/anovapeneira\",\"https:\\\/\\\/x.com\\\/APeneira\"]},{\"@type\":\"Person\",\"@id\":\"https:\\\/\\\/www.anovapeneira.gal\\\/#\\\/schema\\\/person\\\/b5d841c74dee61f6776658b07b904c18\",\"name\":\"Montse Fajardo\",\"image\":{\"@type\":\"ImageObject\",\"inLanguage\":\"gl-ES\",\"@id\":\"https:\\\/\\\/secure.gravatar.com\\\/avatar\\\/7167d7c282cf42b377b7010dbd21f855dfb9df18abd8af43f29029fc82996df3?s=96&d=mm&r=g\",\"url\":\"https:\\\/\\\/secure.gravatar.com\\\/avatar\\\/7167d7c282cf42b377b7010dbd21f855dfb9df18abd8af43f29029fc82996df3?s=96&d=mm&r=g\",\"contentUrl\":\"https:\\\/\\\/secure.gravatar.com\\\/avatar\\\/7167d7c282cf42b377b7010dbd21f855dfb9df18abd8af43f29029fc82996df3?s=96&d=mm&r=g\",\"caption\":\"Montse Fajardo\"},\"sameAs\":[\"http:\\\/\\\/www.anovapeneira.gal\\\/\"],\"url\":\"https:\\\/\\\/www.anovapeneira.gal\\\/index.php\\\/author\\\/montse-fajardo\\\/\"}]}<\/script>\n<!-- \/ Yoast SEO plugin. -->","yoast_head_json":{"title":"O alcalde da Tui resistente (e con memoria) -","robots":{"index":"index","follow":"follow","max-snippet":"max-snippet:-1","max-image-preview":"max-image-preview:large","max-video-preview":"max-video-preview:-1"},"canonical":"https:\/\/www.anovapeneira.gal\/index.php\/2024\/05\/21\/o-alcalde-da-tui-resistente-e-con-memoria\/","og_locale":"gl_ES","og_type":"article","og_title":"O alcalde da Tui resistente (e con memoria) -","og_description":"A Comisi\u00f3n pola recuperaci\u00f3n da memoria hist\u00f3rica de Baixo Mi\u00f1o, Condado e Louri\u00f1\u00e1 v\u00e9n de organizar actividades en homenaxe a Mar\u00eda \u00c1lvarez Fern\u00e1ndez e o seu home, Guillermo Vicente Santiago, quen, en xullo de 1936, era o alcalde de Tui [...]","og_url":"https:\/\/www.anovapeneira.gal\/index.php\/2024\/05\/21\/o-alcalde-da-tui-resistente-e-con-memoria\/","article_publisher":"https:\/\/www.facebook.com\/anovapeneira","article_published_time":"2024-05-21T10:00:03+00:00","og_image":[{"width":720,"height":432,"url":"https:\/\/www.anovapeneira.gal\/wp-content\/uploads\/2024\/05\/guillermo_vicente.jpg","type":"image\/jpeg"}],"author":"Montse Fajardo","twitter_card":"summary_large_image","twitter_creator":"@APeneira","twitter_site":"@APeneira","twitter_misc":{"Escrito por":"Montse Fajardo","Tempo de lectura":"10 minutos"},"schema":{"@context":"https:\/\/schema.org","@graph":[{"@type":"Article","@id":"https:\/\/www.anovapeneira.gal\/index.php\/2024\/05\/21\/o-alcalde-da-tui-resistente-e-con-memoria\/#article","isPartOf":{"@id":"https:\/\/www.anovapeneira.gal\/index.php\/2024\/05\/21\/o-alcalde-da-tui-resistente-e-con-memoria\/"},"author":{"name":"Montse Fajardo","@id":"https:\/\/www.anovapeneira.gal\/#\/schema\/person\/b5d841c74dee61f6776658b07b904c18"},"headline":"O alcalde da Tui resistente (e con memoria)","datePublished":"2024-05-21T10:00:03+00:00","mainEntityOfPage":{"@id":"https:\/\/www.anovapeneira.gal\/index.php\/2024\/05\/21\/o-alcalde-da-tui-resistente-e-con-memoria\/"},"wordCount":1824,"commentCount":0,"publisher":{"@id":"https:\/\/www.anovapeneira.gal\/#organization"},"image":{"@id":"https:\/\/www.anovapeneira.gal\/index.php\/2024\/05\/21\/o-alcalde-da-tui-resistente-e-con-memoria\/#primaryimage"},"thumbnailUrl":"https:\/\/www.anovapeneira.gal\/wp-content\/uploads\/2024\/05\/guillermo_vicente.jpg","articleSection":["Artigos de opini\u00f3n"],"inLanguage":"gl-ES","potentialAction":[{"@type":"CommentAction","name":"Comment","target":["https:\/\/www.anovapeneira.gal\/index.php\/2024\/05\/21\/o-alcalde-da-tui-resistente-e-con-memoria\/#respond"]}]},{"@type":"WebPage","@id":"https:\/\/www.anovapeneira.gal\/index.php\/2024\/05\/21\/o-alcalde-da-tui-resistente-e-con-memoria\/","url":"https:\/\/www.anovapeneira.gal\/index.php\/2024\/05\/21\/o-alcalde-da-tui-resistente-e-con-memoria\/","name":"O alcalde da Tui resistente (e con memoria) -","isPartOf":{"@id":"https:\/\/www.anovapeneira.gal\/#website"},"primaryImageOfPage":{"@id":"https:\/\/www.anovapeneira.gal\/index.php\/2024\/05\/21\/o-alcalde-da-tui-resistente-e-con-memoria\/#primaryimage"},"image":{"@id":"https:\/\/www.anovapeneira.gal\/index.php\/2024\/05\/21\/o-alcalde-da-tui-resistente-e-con-memoria\/#primaryimage"},"thumbnailUrl":"https:\/\/www.anovapeneira.gal\/wp-content\/uploads\/2024\/05\/guillermo_vicente.jpg","datePublished":"2024-05-21T10:00:03+00:00","breadcrumb":{"@id":"https:\/\/www.anovapeneira.gal\/index.php\/2024\/05\/21\/o-alcalde-da-tui-resistente-e-con-memoria\/#breadcrumb"},"inLanguage":"gl-ES","potentialAction":[{"@type":"ReadAction","target":["https:\/\/www.anovapeneira.gal\/index.php\/2024\/05\/21\/o-alcalde-da-tui-resistente-e-con-memoria\/"]}]},{"@type":"ImageObject","inLanguage":"gl-ES","@id":"https:\/\/www.anovapeneira.gal\/index.php\/2024\/05\/21\/o-alcalde-da-tui-resistente-e-con-memoria\/#primaryimage","url":"https:\/\/www.anovapeneira.gal\/wp-content\/uploads\/2024\/05\/guillermo_vicente.jpg","contentUrl":"https:\/\/www.anovapeneira.gal\/wp-content\/uploads\/2024\/05\/guillermo_vicente.jpg","width":720,"height":432,"caption":"xentileza de Helena Pousa"},{"@type":"BreadcrumbList","@id":"https:\/\/www.anovapeneira.gal\/index.php\/2024\/05\/21\/o-alcalde-da-tui-resistente-e-con-memoria\/#breadcrumb","itemListElement":[{"@type":"ListItem","position":1,"name":"Portada","item":"https:\/\/www.anovapeneira.gal\/"},{"@type":"ListItem","position":2,"name":"O alcalde da Tui resistente (e con memoria)"}]},{"@type":"WebSite","@id":"https:\/\/www.anovapeneira.gal\/#website","url":"https:\/\/www.anovapeneira.gal\/","name":"","description":"Xornal galego de informaci\u00f3n xeral Publicaci\u00f3n mensual de novas de Galicia e en especial dos Concellos da sur da provincia de Pontevedra.","publisher":{"@id":"https:\/\/www.anovapeneira.gal\/#organization"},"potentialAction":[{"@type":"SearchAction","target":{"@type":"EntryPoint","urlTemplate":"https:\/\/www.anovapeneira.gal\/?s={search_term_string}"},"query-input":{"@type":"PropertyValueSpecification","valueRequired":true,"valueName":"search_term_string"}}],"inLanguage":"gl-ES"},{"@type":"Organization","@id":"https:\/\/www.anovapeneira.gal\/#organization","name":"A Nova Peneira","url":"https:\/\/www.anovapeneira.gal\/","logo":{"@type":"ImageObject","inLanguage":"gl-ES","@id":"https:\/\/www.anovapeneira.gal\/#\/schema\/logo\/image\/","url":"http:\/\/www.anovapeneira.gal\/wp-content\/uploads\/2019\/06\/logo_a_nova_peneira_portal_web.png","contentUrl":"http:\/\/www.anovapeneira.gal\/wp-content\/uploads\/2019\/06\/logo_a_nova_peneira_portal_web.png","width":300,"height":100,"caption":"A Nova Peneira"},"image":{"@id":"https:\/\/www.anovapeneira.gal\/#\/schema\/logo\/image\/"},"sameAs":["https:\/\/www.facebook.com\/anovapeneira","https:\/\/x.com\/APeneira"]},{"@type":"Person","@id":"https:\/\/www.anovapeneira.gal\/#\/schema\/person\/b5d841c74dee61f6776658b07b904c18","name":"Montse Fajardo","image":{"@type":"ImageObject","inLanguage":"gl-ES","@id":"https:\/\/secure.gravatar.com\/avatar\/7167d7c282cf42b377b7010dbd21f855dfb9df18abd8af43f29029fc82996df3?s=96&d=mm&r=g","url":"https:\/\/secure.gravatar.com\/avatar\/7167d7c282cf42b377b7010dbd21f855dfb9df18abd8af43f29029fc82996df3?s=96&d=mm&r=g","contentUrl":"https:\/\/secure.gravatar.com\/avatar\/7167d7c282cf42b377b7010dbd21f855dfb9df18abd8af43f29029fc82996df3?s=96&d=mm&r=g","caption":"Montse Fajardo"},"sameAs":["http:\/\/www.anovapeneira.gal\/"],"url":"https:\/\/www.anovapeneira.gal\/index.php\/author\/montse-fajardo\/"}]}},"jetpack_featured_media_url":"https:\/\/www.anovapeneira.gal\/wp-content\/uploads\/2024\/05\/guillermo_vicente.jpg","_links":{"self":[{"href":"https:\/\/www.anovapeneira.gal\/index.php\/wp-json\/wp\/v2\/posts\/11759","targetHints":{"allow":["GET"]}}],"collection":[{"href":"https:\/\/www.anovapeneira.gal\/index.php\/wp-json\/wp\/v2\/posts"}],"about":[{"href":"https:\/\/www.anovapeneira.gal\/index.php\/wp-json\/wp\/v2\/types\/post"}],"author":[{"embeddable":true,"href":"https:\/\/www.anovapeneira.gal\/index.php\/wp-json\/wp\/v2\/users\/15"}],"replies":[{"embeddable":true,"href":"https:\/\/www.anovapeneira.gal\/index.php\/wp-json\/wp\/v2\/comments?post=11759"}],"version-history":[{"count":1,"href":"https:\/\/www.anovapeneira.gal\/index.php\/wp-json\/wp\/v2\/posts\/11759\/revisions"}],"predecessor-version":[{"id":11761,"href":"https:\/\/www.anovapeneira.gal\/index.php\/wp-json\/wp\/v2\/posts\/11759\/revisions\/11761"}],"wp:featuredmedia":[{"embeddable":true,"href":"https:\/\/www.anovapeneira.gal\/index.php\/wp-json\/wp\/v2\/media\/11760"}],"wp:attachment":[{"href":"https:\/\/www.anovapeneira.gal\/index.php\/wp-json\/wp\/v2\/media?parent=11759"}],"wp:term":[{"taxonomy":"category","embeddable":true,"href":"https:\/\/www.anovapeneira.gal\/index.php\/wp-json\/wp\/v2\/categories?post=11759"},{"taxonomy":"post_tag","embeddable":true,"href":"https:\/\/www.anovapeneira.gal\/index.php\/wp-json\/wp\/v2\/tags?post=11759"}],"curies":[{"name":"wp","href":"https:\/\/api.w.org\/{rel}","templated":true}]}}