{"id":11764,"date":"2024-05-22T10:00:21","date_gmt":"2024-05-22T08:00:21","guid":{"rendered":"https:\/\/www.anovapeneira.gal\/?p=11764"},"modified":"2024-05-20T10:01:43","modified_gmt":"2024-05-20T08:01:43","slug":"na-festa-consoladora-lembrar-que-a-lingua-e-patria","status":"publish","type":"post","link":"https:\/\/www.anovapeneira.gal\/index.php\/2024\/05\/22\/na-festa-consoladora-lembrar-que-a-lingua-e-patria\/","title":{"rendered":"Na festa consoladora, lembrar que a Lingua \u00e9 Patria"},"content":{"rendered":"\n<figure class=\"wp-block-image size-full is-resized\"><img loading=\"lazy\" decoding=\"async\" width=\"190\" height=\"222\" src=\"https:\/\/www.anovapeneira.gal\/wp-content\/uploads\/2019\/07\/Baldomero_Iglesias_Dobarrio_Mero.jpg\" alt=\"Baldomero Iglesias Dobarrio Mero artigos de opini\u00f3n A Nova Peneira\" class=\"wp-image-482\" style=\"width:105px;height:auto\"\/><figcaption class=\"wp-element-caption\">Baldomero Iglesias Dobarrio, Mero<\/figcaption><\/figure>\n\n\n\n<p>Acaba de pasar o d\u00eda das Letras Galegas. Costa ser optimista na paisaxe que vemos, costa ser optimista se optamos por ser realistas e racionais, se ollamos nos arquivos da memoria, se nos vemos na extinci\u00f3n de especies e cultivos, no deterioro medioambiental, na falta de recursos, nas secas, na contaminaci\u00f3n, nas monta\u00f1as de lixo que nos van quedando despois da esquilma das grandes empresas \u201cliberadoras\u201d, despois da sobre explotaci\u00f3n da terra, da escaseza alimentaria, dos incendios que se producen despois de sementar p\u00f3lvora nos montes con especies invasoras e que arden de marabilla, despois das enfermidades novidosas e dos conflitos do mundo, da desfeita social, do quentamento global, da continua emigraci\u00f3n e inmigraci\u00f3n, das tantas e numerosas enfermidades mentais, da agresividade que se respira a todas horas en todos os lugares, despois da soidade non desexada e enfermiza que cohabita tanta xente maior, despois da falta de humanidade e orgullo, da pasividade e cegueira dos responsables e poderosos. E en mans de quen estamos!<\/p>\n\n\n\n<p>Esta forma de vida dependente da industrializaci\u00f3n, dos monocultivos extensivos, da sobre explotaci\u00f3n, da cuantificaci\u00f3n, do preciso beneficio enorme que non reparte. Ata aqu\u00ed chegamos con este modo de facer, e chegamos a onde estamos. N\u00f3s tam\u00e9n debemos ver e vernos. Darnos conta de como son as cousas! Porque, ademais de todos os problemas do mundo, ademais dos propios que abarcan educaci\u00f3n e cultura, sanidade, axuda social, somos Patria por ser Lingua, &nbsp; definida e propia, e por moitas cousas m\u00e1is que todos co\u00f1ecemos.<\/p>\n\n\n\n<p>Visto o que se ve todo depende do caso que se lle faga ao noso, da vontade de esixir &nbsp;e da axuda para que se enganchen falantes, practicantes da intelixencia coa que se asiste a unha lingua tanto tempo minorizada e exclu\u00edda, a\u00ednda ferida na dor dos tantos esquecementos. A\u00ednda no consolo de instituci\u00f3ns que calan educada e relixiosamente, que se abeiran a n\u00fameros e enquisas falsas que os xustifican. Falo tam\u00e9n de instituci\u00f3ns que non deberan abaixarse tanto, que deberan servir \u00e1 verdade e dicir como son as cousas. Falo de instituci\u00f3ns que viven por e para a Lingua, &#8230;e calan. Nin sequera loitan, nin se enfadan e non son quen de oporse \u00e1 m\u00fasica coral dos que dan subvenci\u00f3ns. Por iso as outras linguas, a Nosa, as que est\u00e1n en perigo de extinci\u00f3n -como din os protagonistas da palabra- van ben, v\u00e9selles satisfeitos. O coro funciona e canta a un\u00edsono. Mais a realidade non \u00e9 esa! Non \u00e9 o caso noso, perdemos capacidade e \u201cexercitantes\u201d do galego. Todo est\u00e1 programado para que, segundo a lei vixente, o deterioro da Nosa Lingua vaia minguando lentamente e nun momento impreciso do tempo, nin se note a s\u00faa ausencia, xa sexa porque a lei estaba mal redactada -cousa sabida, para doernos do pasado- ou porque \u00e9 inxusta, claramente, e non o quixeron reco\u00f1ecer. Nin sequera obteremos as mesmas prerrogativas que as outras. Non hai vontade porque nola rouban e &nbsp;menten nas enquisas, axudadas de organismos pregados ao poder, sobre todo cando aval\u00edan o seu emprego e abondan en pantomimas aparentes, porque esa lei non obriga ao cumprimento debido, ao<br>co\u00f1ecemento e protecci\u00f3n como lingua desdeixada e minorada -cal debera ser considerada para a s\u00faa pronta incorporaci\u00f3n a unha situaci\u00f3n normal, ou tam\u00e9n porque o procedemento para aprendela, en uso e propiedade, s\u00f3 pode fundamentarse nunha inmersi\u00f3ns verdadeiramente efectiva do noso, tal como fan e fixeron co ingl\u00e9s e co castel\u00e1n, ou como se fai con calquera lingua do mundo que nos propo\u00f1amos aprender. A nosa hab\u00eda ser menos? Poderiamos p\u00f3r mil exemplos desa inmersi\u00f3n en<br>ingl\u00e9s e comprobar que toda a maquinaria tecnol\u00f3xica inexorablemente recorre a esa lingua, en canto ao espa\u00f1ol, s\u00f3 chega con ver os xornais e revistas de calquera quiosco. O galego \u00e9 para os que somos \u201craritos e puntillosos\u201d, como eles pensan.<\/p>\n\n\n\n<p>Nesta socializaci\u00f3n das perdas, que \u00e9 a que se ve, costa &nbsp;moito ser optimista se somos realistas e algo racionais. A\u00ed est\u00e1n estoutros, figurinos que acadan o poder agasallados co beneficio da lei que os ampara, na mudez e inactividade que non os sinala. Sempre inocentes, mentres n\u00f3s temos que dar probas e xustificarnos, alegar e buscar documentos que dean fe do que dicimos. Seguimos a ser supostamente culpables sempre, mesmo de escribir nunha lingua que non queren entender. Nunca vi\u00f1eron a n\u00f3s nin entenderon este acento que nos concilia. Nunca, a pesar de que a escasa lei di o contrario. Quizais nunca cumpriron esa lei, como tantas outras, e a\u00ednda as\u00ed ga\u00f1an votos e esixen dos demais o cumprimento da \u00fanica lei que respectan, a mesma lei que os empoleira.<\/p>\n","protected":false},"excerpt":{"rendered":"<div class=\"mh-excerpt\"><p>Acaba de pasar o d\u00eda das Letras Galegas. Costa ser optimista na paisaxe que vemos, costa ser optimista se optamos por ser realistas e racionais, se ollamos nos arquivos da memoria, se nos vemos na extinci\u00f3n de especies e cultivos, no deterioro medioambiental, <a class=\"mh-excerpt-more\" href=\"https:\/\/www.anovapeneira.gal\/index.php\/2024\/05\/22\/na-festa-consoladora-lembrar-que-a-lingua-e-patria\/\" title=\"Na festa consoladora, lembrar que a Lingua \u00e9 Patria\">[&#8230;]<\/a><\/p>\n<\/div>","protected":false},"author":5,"featured_media":584,"comment_status":"open","ping_status":"open","sticky":false,"template":"","format":"standard","meta":{"_exactmetrics_skip_tracking":false,"_exactmetrics_sitenote_active":false,"_exactmetrics_sitenote_note":"","_exactmetrics_sitenote_category":0,"footnotes":""},"categories":[7],"tags":[],"class_list":{"0":"post-11764","1":"post","2":"type-post","3":"status-publish","4":"format-standard","5":"has-post-thumbnail","7":"category-artigos-de-opinion"},"yoast_head":"<!-- This site is optimized with the Yoast SEO plugin v27.4 - https:\/\/yoast.com\/product\/yoast-seo-wordpress\/ -->\n<title>Na festa consoladora, lembrar que a Lingua \u00e9 Patria -<\/title>\n<meta name=\"robots\" content=\"index, follow, max-snippet:-1, max-image-preview:large, max-video-preview:-1\" \/>\n<link rel=\"canonical\" href=\"https:\/\/www.anovapeneira.gal\/index.php\/2024\/05\/22\/na-festa-consoladora-lembrar-que-a-lingua-e-patria\/\" \/>\n<meta property=\"og:locale\" content=\"gl_ES\" \/>\n<meta property=\"og:type\" content=\"article\" \/>\n<meta property=\"og:title\" content=\"Na festa consoladora, lembrar que a Lingua \u00e9 Patria -\" \/>\n<meta property=\"og:description\" content=\"Acaba de pasar o d\u00eda das Letras Galegas. Costa ser optimista na paisaxe que vemos, costa ser optimista se optamos por ser realistas e racionais, se ollamos nos arquivos da memoria, se nos vemos na extinci\u00f3n de especies e cultivos, no deterioro medioambiental, [...]\" \/>\n<meta property=\"og:url\" content=\"https:\/\/www.anovapeneira.gal\/index.php\/2024\/05\/22\/na-festa-consoladora-lembrar-que-a-lingua-e-patria\/\" \/>\n<meta property=\"article:publisher\" content=\"https:\/\/www.facebook.com\/anovapeneira\" \/>\n<meta property=\"article:published_time\" content=\"2024-05-22T08:00:21+00:00\" \/>\n<meta property=\"og:image\" content=\"https:\/\/www.anovapeneira.gal\/wp-content\/uploads\/2019\/07\/ARTIGO_DE_OPINION_A_NOVA_PENEIRA.jpg\" \/>\n\t<meta property=\"og:image:width\" content=\"720\" \/>\n\t<meta property=\"og:image:height\" content=\"473\" \/>\n\t<meta property=\"og:image:type\" content=\"image\/jpeg\" \/>\n<meta name=\"author\" content=\"Baldomero Iglesias Dobarrio, Mero\" \/>\n<meta name=\"twitter:card\" content=\"summary_large_image\" \/>\n<meta name=\"twitter:image\" content=\"https:\/\/www.anovapeneira.gal\/wp-content\/uploads\/2019\/07\/ARTIGO_DE_OPINION_A_NOVA_PENEIRA.jpg\" \/>\n<meta name=\"twitter:creator\" content=\"@APeneira\" \/>\n<meta name=\"twitter:site\" content=\"@APeneira\" \/>\n<meta name=\"twitter:label1\" content=\"Escrito por\" \/>\n\t<meta name=\"twitter:data1\" content=\"Baldomero Iglesias Dobarrio, Mero\" \/>\n\t<meta name=\"twitter:label2\" content=\"Tempo de lectura\" \/>\n\t<meta name=\"twitter:data2\" content=\"5 minutos\" \/>\n<script type=\"application\/ld+json\" class=\"yoast-schema-graph\">{\"@context\":\"https:\\\/\\\/schema.org\",\"@graph\":[{\"@type\":\"Article\",\"@id\":\"https:\\\/\\\/www.anovapeneira.gal\\\/index.php\\\/2024\\\/05\\\/22\\\/na-festa-consoladora-lembrar-que-a-lingua-e-patria\\\/#article\",\"isPartOf\":{\"@id\":\"https:\\\/\\\/www.anovapeneira.gal\\\/index.php\\\/2024\\\/05\\\/22\\\/na-festa-consoladora-lembrar-que-a-lingua-e-patria\\\/\"},\"author\":{\"name\":\"Baldomero Iglesias Dobarrio, Mero\",\"@id\":\"https:\\\/\\\/www.anovapeneira.gal\\\/#\\\/schema\\\/person\\\/b051ed40cfc100e281476674783b32fc\"},\"headline\":\"Na festa consoladora, lembrar que a Lingua \u00e9 Patria\",\"datePublished\":\"2024-05-22T08:00:21+00:00\",\"mainEntityOfPage\":{\"@id\":\"https:\\\/\\\/www.anovapeneira.gal\\\/index.php\\\/2024\\\/05\\\/22\\\/na-festa-consoladora-lembrar-que-a-lingua-e-patria\\\/\"},\"wordCount\":827,\"commentCount\":0,\"publisher\":{\"@id\":\"https:\\\/\\\/www.anovapeneira.gal\\\/#organization\"},\"image\":{\"@id\":\"https:\\\/\\\/www.anovapeneira.gal\\\/index.php\\\/2024\\\/05\\\/22\\\/na-festa-consoladora-lembrar-que-a-lingua-e-patria\\\/#primaryimage\"},\"thumbnailUrl\":\"https:\\\/\\\/www.anovapeneira.gal\\\/wp-content\\\/uploads\\\/2019\\\/07\\\/ARTIGO_DE_OPINION_A_NOVA_PENEIRA.jpg\",\"articleSection\":[\"Artigos de opini\u00f3n\"],\"inLanguage\":\"gl-ES\",\"potentialAction\":[{\"@type\":\"CommentAction\",\"name\":\"Comment\",\"target\":[\"https:\\\/\\\/www.anovapeneira.gal\\\/index.php\\\/2024\\\/05\\\/22\\\/na-festa-consoladora-lembrar-que-a-lingua-e-patria\\\/#respond\"]}]},{\"@type\":\"WebPage\",\"@id\":\"https:\\\/\\\/www.anovapeneira.gal\\\/index.php\\\/2024\\\/05\\\/22\\\/na-festa-consoladora-lembrar-que-a-lingua-e-patria\\\/\",\"url\":\"https:\\\/\\\/www.anovapeneira.gal\\\/index.php\\\/2024\\\/05\\\/22\\\/na-festa-consoladora-lembrar-que-a-lingua-e-patria\\\/\",\"name\":\"Na festa consoladora, lembrar que a Lingua \u00e9 Patria -\",\"isPartOf\":{\"@id\":\"https:\\\/\\\/www.anovapeneira.gal\\\/#website\"},\"primaryImageOfPage\":{\"@id\":\"https:\\\/\\\/www.anovapeneira.gal\\\/index.php\\\/2024\\\/05\\\/22\\\/na-festa-consoladora-lembrar-que-a-lingua-e-patria\\\/#primaryimage\"},\"image\":{\"@id\":\"https:\\\/\\\/www.anovapeneira.gal\\\/index.php\\\/2024\\\/05\\\/22\\\/na-festa-consoladora-lembrar-que-a-lingua-e-patria\\\/#primaryimage\"},\"thumbnailUrl\":\"https:\\\/\\\/www.anovapeneira.gal\\\/wp-content\\\/uploads\\\/2019\\\/07\\\/ARTIGO_DE_OPINION_A_NOVA_PENEIRA.jpg\",\"datePublished\":\"2024-05-22T08:00:21+00:00\",\"breadcrumb\":{\"@id\":\"https:\\\/\\\/www.anovapeneira.gal\\\/index.php\\\/2024\\\/05\\\/22\\\/na-festa-consoladora-lembrar-que-a-lingua-e-patria\\\/#breadcrumb\"},\"inLanguage\":\"gl-ES\",\"potentialAction\":[{\"@type\":\"ReadAction\",\"target\":[\"https:\\\/\\\/www.anovapeneira.gal\\\/index.php\\\/2024\\\/05\\\/22\\\/na-festa-consoladora-lembrar-que-a-lingua-e-patria\\\/\"]}]},{\"@type\":\"ImageObject\",\"inLanguage\":\"gl-ES\",\"@id\":\"https:\\\/\\\/www.anovapeneira.gal\\\/index.php\\\/2024\\\/05\\\/22\\\/na-festa-consoladora-lembrar-que-a-lingua-e-patria\\\/#primaryimage\",\"url\":\"https:\\\/\\\/www.anovapeneira.gal\\\/wp-content\\\/uploads\\\/2019\\\/07\\\/ARTIGO_DE_OPINION_A_NOVA_PENEIRA.jpg\",\"contentUrl\":\"https:\\\/\\\/www.anovapeneira.gal\\\/wp-content\\\/uploads\\\/2019\\\/07\\\/ARTIGO_DE_OPINION_A_NOVA_PENEIRA.jpg\",\"width\":720,\"height\":473,\"caption\":\"Artigo de opini\u00f3n A Nova Peneira\"},{\"@type\":\"BreadcrumbList\",\"@id\":\"https:\\\/\\\/www.anovapeneira.gal\\\/index.php\\\/2024\\\/05\\\/22\\\/na-festa-consoladora-lembrar-que-a-lingua-e-patria\\\/#breadcrumb\",\"itemListElement\":[{\"@type\":\"ListItem\",\"position\":1,\"name\":\"Portada\",\"item\":\"https:\\\/\\\/www.anovapeneira.gal\\\/\"},{\"@type\":\"ListItem\",\"position\":2,\"name\":\"Na festa consoladora, lembrar que a Lingua \u00e9 Patria\"}]},{\"@type\":\"WebSite\",\"@id\":\"https:\\\/\\\/www.anovapeneira.gal\\\/#website\",\"url\":\"https:\\\/\\\/www.anovapeneira.gal\\\/\",\"name\":\"\",\"description\":\"Xornal galego de informaci\u00f3n xeral Publicaci\u00f3n mensual de novas de Galicia e en especial dos Concellos da sur da provincia de Pontevedra.\",\"publisher\":{\"@id\":\"https:\\\/\\\/www.anovapeneira.gal\\\/#organization\"},\"potentialAction\":[{\"@type\":\"SearchAction\",\"target\":{\"@type\":\"EntryPoint\",\"urlTemplate\":\"https:\\\/\\\/www.anovapeneira.gal\\\/?s={search_term_string}\"},\"query-input\":{\"@type\":\"PropertyValueSpecification\",\"valueRequired\":true,\"valueName\":\"search_term_string\"}}],\"inLanguage\":\"gl-ES\"},{\"@type\":\"Organization\",\"@id\":\"https:\\\/\\\/www.anovapeneira.gal\\\/#organization\",\"name\":\"A Nova Peneira\",\"url\":\"https:\\\/\\\/www.anovapeneira.gal\\\/\",\"logo\":{\"@type\":\"ImageObject\",\"inLanguage\":\"gl-ES\",\"@id\":\"https:\\\/\\\/www.anovapeneira.gal\\\/#\\\/schema\\\/logo\\\/image\\\/\",\"url\":\"http:\\\/\\\/www.anovapeneira.gal\\\/wp-content\\\/uploads\\\/2019\\\/06\\\/logo_a_nova_peneira_portal_web.png\",\"contentUrl\":\"http:\\\/\\\/www.anovapeneira.gal\\\/wp-content\\\/uploads\\\/2019\\\/06\\\/logo_a_nova_peneira_portal_web.png\",\"width\":300,\"height\":100,\"caption\":\"A Nova Peneira\"},\"image\":{\"@id\":\"https:\\\/\\\/www.anovapeneira.gal\\\/#\\\/schema\\\/logo\\\/image\\\/\"},\"sameAs\":[\"https:\\\/\\\/www.facebook.com\\\/anovapeneira\",\"https:\\\/\\\/x.com\\\/APeneira\"]},{\"@type\":\"Person\",\"@id\":\"https:\\\/\\\/www.anovapeneira.gal\\\/#\\\/schema\\\/person\\\/b051ed40cfc100e281476674783b32fc\",\"name\":\"Baldomero Iglesias Dobarrio, Mero\",\"image\":{\"@type\":\"ImageObject\",\"inLanguage\":\"gl-ES\",\"@id\":\"https:\\\/\\\/secure.gravatar.com\\\/avatar\\\/ca78fc089f8cf28197f88de2c9ac213e2f7d2097d8e359d9359b8778b539c59d?s=96&d=mm&r=g\",\"url\":\"https:\\\/\\\/secure.gravatar.com\\\/avatar\\\/ca78fc089f8cf28197f88de2c9ac213e2f7d2097d8e359d9359b8778b539c59d?s=96&d=mm&r=g\",\"contentUrl\":\"https:\\\/\\\/secure.gravatar.com\\\/avatar\\\/ca78fc089f8cf28197f88de2c9ac213e2f7d2097d8e359d9359b8778b539c59d?s=96&d=mm&r=g\",\"caption\":\"Baldomero Iglesias Dobarrio, Mero\"},\"sameAs\":[\"http:\\\/\\\/anovapeneira.gal\"],\"url\":\"https:\\\/\\\/www.anovapeneira.gal\\\/index.php\\\/author\\\/opinionmero\\\/\"}]}<\/script>\n<!-- \/ Yoast SEO plugin. -->","yoast_head_json":{"title":"Na festa consoladora, lembrar que a Lingua \u00e9 Patria -","robots":{"index":"index","follow":"follow","max-snippet":"max-snippet:-1","max-image-preview":"max-image-preview:large","max-video-preview":"max-video-preview:-1"},"canonical":"https:\/\/www.anovapeneira.gal\/index.php\/2024\/05\/22\/na-festa-consoladora-lembrar-que-a-lingua-e-patria\/","og_locale":"gl_ES","og_type":"article","og_title":"Na festa consoladora, lembrar que a Lingua \u00e9 Patria -","og_description":"Acaba de pasar o d\u00eda das Letras Galegas. Costa ser optimista na paisaxe que vemos, costa ser optimista se optamos por ser realistas e racionais, se ollamos nos arquivos da memoria, se nos vemos na extinci\u00f3n de especies e cultivos, no deterioro medioambiental, [...]","og_url":"https:\/\/www.anovapeneira.gal\/index.php\/2024\/05\/22\/na-festa-consoladora-lembrar-que-a-lingua-e-patria\/","article_publisher":"https:\/\/www.facebook.com\/anovapeneira","article_published_time":"2024-05-22T08:00:21+00:00","og_image":[{"width":720,"height":473,"url":"https:\/\/www.anovapeneira.gal\/wp-content\/uploads\/2019\/07\/ARTIGO_DE_OPINION_A_NOVA_PENEIRA.jpg","type":"image\/jpeg"}],"author":"Baldomero Iglesias Dobarrio, Mero","twitter_card":"summary_large_image","twitter_image":"https:\/\/www.anovapeneira.gal\/wp-content\/uploads\/2019\/07\/ARTIGO_DE_OPINION_A_NOVA_PENEIRA.jpg","twitter_creator":"@APeneira","twitter_site":"@APeneira","twitter_misc":{"Escrito por":"Baldomero Iglesias Dobarrio, Mero","Tempo de lectura":"5 minutos"},"schema":{"@context":"https:\/\/schema.org","@graph":[{"@type":"Article","@id":"https:\/\/www.anovapeneira.gal\/index.php\/2024\/05\/22\/na-festa-consoladora-lembrar-que-a-lingua-e-patria\/#article","isPartOf":{"@id":"https:\/\/www.anovapeneira.gal\/index.php\/2024\/05\/22\/na-festa-consoladora-lembrar-que-a-lingua-e-patria\/"},"author":{"name":"Baldomero Iglesias Dobarrio, Mero","@id":"https:\/\/www.anovapeneira.gal\/#\/schema\/person\/b051ed40cfc100e281476674783b32fc"},"headline":"Na festa consoladora, lembrar que a Lingua \u00e9 Patria","datePublished":"2024-05-22T08:00:21+00:00","mainEntityOfPage":{"@id":"https:\/\/www.anovapeneira.gal\/index.php\/2024\/05\/22\/na-festa-consoladora-lembrar-que-a-lingua-e-patria\/"},"wordCount":827,"commentCount":0,"publisher":{"@id":"https:\/\/www.anovapeneira.gal\/#organization"},"image":{"@id":"https:\/\/www.anovapeneira.gal\/index.php\/2024\/05\/22\/na-festa-consoladora-lembrar-que-a-lingua-e-patria\/#primaryimage"},"thumbnailUrl":"https:\/\/www.anovapeneira.gal\/wp-content\/uploads\/2019\/07\/ARTIGO_DE_OPINION_A_NOVA_PENEIRA.jpg","articleSection":["Artigos de opini\u00f3n"],"inLanguage":"gl-ES","potentialAction":[{"@type":"CommentAction","name":"Comment","target":["https:\/\/www.anovapeneira.gal\/index.php\/2024\/05\/22\/na-festa-consoladora-lembrar-que-a-lingua-e-patria\/#respond"]}]},{"@type":"WebPage","@id":"https:\/\/www.anovapeneira.gal\/index.php\/2024\/05\/22\/na-festa-consoladora-lembrar-que-a-lingua-e-patria\/","url":"https:\/\/www.anovapeneira.gal\/index.php\/2024\/05\/22\/na-festa-consoladora-lembrar-que-a-lingua-e-patria\/","name":"Na festa consoladora, lembrar que a Lingua \u00e9 Patria -","isPartOf":{"@id":"https:\/\/www.anovapeneira.gal\/#website"},"primaryImageOfPage":{"@id":"https:\/\/www.anovapeneira.gal\/index.php\/2024\/05\/22\/na-festa-consoladora-lembrar-que-a-lingua-e-patria\/#primaryimage"},"image":{"@id":"https:\/\/www.anovapeneira.gal\/index.php\/2024\/05\/22\/na-festa-consoladora-lembrar-que-a-lingua-e-patria\/#primaryimage"},"thumbnailUrl":"https:\/\/www.anovapeneira.gal\/wp-content\/uploads\/2019\/07\/ARTIGO_DE_OPINION_A_NOVA_PENEIRA.jpg","datePublished":"2024-05-22T08:00:21+00:00","breadcrumb":{"@id":"https:\/\/www.anovapeneira.gal\/index.php\/2024\/05\/22\/na-festa-consoladora-lembrar-que-a-lingua-e-patria\/#breadcrumb"},"inLanguage":"gl-ES","potentialAction":[{"@type":"ReadAction","target":["https:\/\/www.anovapeneira.gal\/index.php\/2024\/05\/22\/na-festa-consoladora-lembrar-que-a-lingua-e-patria\/"]}]},{"@type":"ImageObject","inLanguage":"gl-ES","@id":"https:\/\/www.anovapeneira.gal\/index.php\/2024\/05\/22\/na-festa-consoladora-lembrar-que-a-lingua-e-patria\/#primaryimage","url":"https:\/\/www.anovapeneira.gal\/wp-content\/uploads\/2019\/07\/ARTIGO_DE_OPINION_A_NOVA_PENEIRA.jpg","contentUrl":"https:\/\/www.anovapeneira.gal\/wp-content\/uploads\/2019\/07\/ARTIGO_DE_OPINION_A_NOVA_PENEIRA.jpg","width":720,"height":473,"caption":"Artigo de opini\u00f3n A Nova Peneira"},{"@type":"BreadcrumbList","@id":"https:\/\/www.anovapeneira.gal\/index.php\/2024\/05\/22\/na-festa-consoladora-lembrar-que-a-lingua-e-patria\/#breadcrumb","itemListElement":[{"@type":"ListItem","position":1,"name":"Portada","item":"https:\/\/www.anovapeneira.gal\/"},{"@type":"ListItem","position":2,"name":"Na festa consoladora, lembrar que a Lingua \u00e9 Patria"}]},{"@type":"WebSite","@id":"https:\/\/www.anovapeneira.gal\/#website","url":"https:\/\/www.anovapeneira.gal\/","name":"","description":"Xornal galego de informaci\u00f3n xeral Publicaci\u00f3n mensual de novas de Galicia e en especial dos Concellos da sur da provincia de Pontevedra.","publisher":{"@id":"https:\/\/www.anovapeneira.gal\/#organization"},"potentialAction":[{"@type":"SearchAction","target":{"@type":"EntryPoint","urlTemplate":"https:\/\/www.anovapeneira.gal\/?s={search_term_string}"},"query-input":{"@type":"PropertyValueSpecification","valueRequired":true,"valueName":"search_term_string"}}],"inLanguage":"gl-ES"},{"@type":"Organization","@id":"https:\/\/www.anovapeneira.gal\/#organization","name":"A Nova Peneira","url":"https:\/\/www.anovapeneira.gal\/","logo":{"@type":"ImageObject","inLanguage":"gl-ES","@id":"https:\/\/www.anovapeneira.gal\/#\/schema\/logo\/image\/","url":"http:\/\/www.anovapeneira.gal\/wp-content\/uploads\/2019\/06\/logo_a_nova_peneira_portal_web.png","contentUrl":"http:\/\/www.anovapeneira.gal\/wp-content\/uploads\/2019\/06\/logo_a_nova_peneira_portal_web.png","width":300,"height":100,"caption":"A Nova Peneira"},"image":{"@id":"https:\/\/www.anovapeneira.gal\/#\/schema\/logo\/image\/"},"sameAs":["https:\/\/www.facebook.com\/anovapeneira","https:\/\/x.com\/APeneira"]},{"@type":"Person","@id":"https:\/\/www.anovapeneira.gal\/#\/schema\/person\/b051ed40cfc100e281476674783b32fc","name":"Baldomero Iglesias Dobarrio, Mero","image":{"@type":"ImageObject","inLanguage":"gl-ES","@id":"https:\/\/secure.gravatar.com\/avatar\/ca78fc089f8cf28197f88de2c9ac213e2f7d2097d8e359d9359b8778b539c59d?s=96&d=mm&r=g","url":"https:\/\/secure.gravatar.com\/avatar\/ca78fc089f8cf28197f88de2c9ac213e2f7d2097d8e359d9359b8778b539c59d?s=96&d=mm&r=g","contentUrl":"https:\/\/secure.gravatar.com\/avatar\/ca78fc089f8cf28197f88de2c9ac213e2f7d2097d8e359d9359b8778b539c59d?s=96&d=mm&r=g","caption":"Baldomero Iglesias Dobarrio, Mero"},"sameAs":["http:\/\/anovapeneira.gal"],"url":"https:\/\/www.anovapeneira.gal\/index.php\/author\/opinionmero\/"}]}},"jetpack_featured_media_url":"https:\/\/www.anovapeneira.gal\/wp-content\/uploads\/2019\/07\/ARTIGO_DE_OPINION_A_NOVA_PENEIRA.jpg","_links":{"self":[{"href":"https:\/\/www.anovapeneira.gal\/index.php\/wp-json\/wp\/v2\/posts\/11764","targetHints":{"allow":["GET"]}}],"collection":[{"href":"https:\/\/www.anovapeneira.gal\/index.php\/wp-json\/wp\/v2\/posts"}],"about":[{"href":"https:\/\/www.anovapeneira.gal\/index.php\/wp-json\/wp\/v2\/types\/post"}],"author":[{"embeddable":true,"href":"https:\/\/www.anovapeneira.gal\/index.php\/wp-json\/wp\/v2\/users\/5"}],"replies":[{"embeddable":true,"href":"https:\/\/www.anovapeneira.gal\/index.php\/wp-json\/wp\/v2\/comments?post=11764"}],"version-history":[{"count":1,"href":"https:\/\/www.anovapeneira.gal\/index.php\/wp-json\/wp\/v2\/posts\/11764\/revisions"}],"predecessor-version":[{"id":11765,"href":"https:\/\/www.anovapeneira.gal\/index.php\/wp-json\/wp\/v2\/posts\/11764\/revisions\/11765"}],"wp:featuredmedia":[{"embeddable":true,"href":"https:\/\/www.anovapeneira.gal\/index.php\/wp-json\/wp\/v2\/media\/584"}],"wp:attachment":[{"href":"https:\/\/www.anovapeneira.gal\/index.php\/wp-json\/wp\/v2\/media?parent=11764"}],"wp:term":[{"taxonomy":"category","embeddable":true,"href":"https:\/\/www.anovapeneira.gal\/index.php\/wp-json\/wp\/v2\/categories?post=11764"},{"taxonomy":"post_tag","embeddable":true,"href":"https:\/\/www.anovapeneira.gal\/index.php\/wp-json\/wp\/v2\/tags?post=11764"}],"curies":[{"name":"wp","href":"https:\/\/api.w.org\/{rel}","templated":true}]}}