{"id":11766,"date":"2024-05-22T12:00:32","date_gmt":"2024-05-22T10:00:32","guid":{"rendered":"https:\/\/www.anovapeneira.gal\/?p=11766"},"modified":"2024-05-20T10:06:56","modified_gmt":"2024-05-20T08:06:56","slug":"rita-perez-taboas-concelleira-de-cultura-de-redondela-2","status":"publish","type":"post","link":"https:\/\/www.anovapeneira.gal\/index.php\/2024\/05\/22\/rita-perez-taboas-concelleira-de-cultura-de-redondela-2\/","title":{"rendered":"Rita P\u00e9rez T\u00e1boas concelleira de Cultura de Redondela"},"content":{"rendered":"\n<p><strong>Un ano m\u00e1is unha parte importante da alma colectiva do pobo de Redondela, a festa da Coca, chega \u00e1s nosas r\u00faas, e n\u00f3s conversamos , unha vez m\u00e1is, coa concelleira de cultura, Rita P\u00e9rez, para que nos conte o m\u00e1is salientable da edici\u00f3n do 2024.<\/strong><\/p>\n\n\n\n<p>\u201c <strong>A Coca \u00e9 parte da esencia de Redondela. Non se pode concibir Redondela sen a Coca, nin a Coca sen Redondela\u201d<\/strong><\/p>\n\n\n\n<p><strong>Remata o Choco, comezan os monicreques&#8230;.A cultura e o lecer en Redondela \u00e9 un cami\u00f1o sen final, concelleira?<\/strong><\/p>\n\n\n\n<blockquote class=\"wp-block-quote is-layout-flow wp-block-quote-is-layout-flow\">\n<p>Xa temos falado m\u00e1is dunha vez, Marcos, sobre a natureza tan especial que ten Redondela. \u00c9 un orgullo ser veci\u00f1a, e por suposto concelleira, dun concello no que exista unha implicaci\u00f3n tan relevante, eu creo que como en ning\u00fan outro lugar do mundo, da s\u00faa sociedade civil coa cultura e as tradici\u00f3ns que nos definen como sociedade.<\/p>\n<\/blockquote>\n\n\n\n<p><strong>Na festa da Coca, o goberno municipal vai ir baixo palio na procesi\u00f3n?<\/strong><\/p>\n\n\n\n<blockquote class=\"wp-block-quote is-layout-flow wp-block-quote-is-layout-flow\">\n<p>Non, nos \u00faltimos catro anos da alcald\u00eda de Digna Rivas non o fixemos, e as\u00ed seguiremos. As crenzas individuais de cada persoa son moi respectables e o que queira facer cada un a nivel persoal tam\u00e9n, pero Espa\u00f1a \u00e9 un estado aconfesional.<\/p>\n<\/blockquote>\n\n\n\n<p><strong>Cando comeza a festa da Coca?<\/strong><\/p>\n\n\n\n<blockquote class=\"wp-block-quote is-layout-flow wp-block-quote-is-layout-flow\">\n<p>O 29 pola tarde arrincamos co preg\u00f3n. A Pregoeira ser\u00e1 Sonia Carrera Piedras, burra durante 13 anos. Ela a\u00ednda que non baile segue a traballar para a festa da Coca.<\/p>\n<\/blockquote>\n\n\n\n<p><strong>Rematamos o primeiro domingo de xu\u00f1o?<\/strong><\/p>\n\n\n\n<blockquote class=\"wp-block-quote is-layout-flow wp-block-quote-is-layout-flow\">\n<p>Si. Neses d\u00edas poderemos gozar das nosas marabillosas alfombras florais. Esta \u00e9 unha das festas m\u00e1is importantes de todo o ano para n\u00f3s, e as\u00ed est\u00e1 inserida na psique colectiva. N\u00f3s trataremos de combinar a tradici\u00f3n( A Coca, os cabezudos&#8230;.) cunha programaci\u00f3n creo que moi atractiva: Gozaremos da m\u00fasica do grupo Rev\u00f3lver,teremos tam\u00e9n o rock de Reincidentes e propostas locais como por exemplo Chocolate Sexi, Bolboreta ou RMS. Tam\u00e9n teremos orquestras e unha sesi\u00f3n DJ.<\/p>\n<\/blockquote>\n\n\n\n<p><strong>Os espect\u00e1culos no Campo da Feira?<\/strong><\/p>\n\n\n\n<blockquote class=\"wp-block-quote is-layout-flow wp-block-quote-is-layout-flow\">\n<p>Si, sempre no Campo da Feira.<\/p>\n<\/blockquote>\n\n\n\n<p><strong>As expectativas de asistencia que temos este ano?<\/strong><\/p>\n\n\n\n<blockquote class=\"wp-block-quote is-layout-flow wp-block-quote-is-layout-flow\">\n<p>Temos unhas expectativas moi elevadas. Como che comentei antes, est\u00e1 festa \u00e9 parte xa da esencia de Redondela. Non se pode concibir Redondela sen a Coca nin a Coca sen Redondela. As\u00ed o senten os coraz\u00f3ns da totalidade da veci\u00f1anza de Redondela que estou segura que un ano m\u00e1is gozar\u00e1 desta festa, que \u00e9 unha parte da alma de todas e todos n\u00f3s. Aproveito a oportunidade das voas p\u00e1xinas,Marcos, para convidar no meu nome, no nome da alcaldesa Digna Rivas e no nome de todo o goberno municipal a todos os lectores e lectoras de ANP que non sexan de Redondela a que nos acompa\u00f1en nestes d\u00edas tan especiais para n\u00f3s.<\/p>\n<\/blockquote>\n\n\n\n<blockquote class=\"wp-block-quote is-layout-flow wp-block-quote-is-layout-flow\">\n<p>O pobo de Redondela \u00e9 acolledor, amable e cordial e vailles facer sentir a todas as persoas que nos visiten que a nosa casa \u00e9 tam\u00e9n a s\u00faa.<\/p>\n<\/blockquote>\n","protected":false},"excerpt":{"rendered":"<div class=\"mh-excerpt\"><p>Un ano m\u00e1is unha parte importante da alma colectiva do pobo de Redondela, a festa da Coca, chega \u00e1s nosas r\u00faas, e n\u00f3s conversamos , unha vez m\u00e1is, coa concelleira de cultura, Rita P\u00e9rez, para que nos conte o m\u00e1is salientable da edici\u00f3n do 2024 <a class=\"mh-excerpt-more\" href=\"https:\/\/www.anovapeneira.gal\/index.php\/2024\/05\/22\/rita-perez-taboas-concelleira-de-cultura-de-redondela-2\/\" title=\"Rita P\u00e9rez T\u00e1boas concelleira de Cultura de Redondela\">[&#8230;]<\/a><\/p>\n<\/div>","protected":false},"author":6,"featured_media":11767,"comment_status":"open","ping_status":"open","sticky":false,"template":"","format":"standard","meta":{"_exactmetrics_skip_tracking":false,"_exactmetrics_sitenote_active":false,"_exactmetrics_sitenote_note":"","_exactmetrics_sitenote_category":0,"footnotes":""},"categories":[270],"tags":[171],"class_list":{"0":"post-11766","1":"post","2":"type-post","3":"status-publish","4":"format-standard","5":"has-post-thumbnail","7":"category-redondela-entrevistas","8":"tag-concello-de-redondela"},"yoast_head":"<!-- This site is optimized with the Yoast SEO plugin v27.4 - https:\/\/yoast.com\/product\/yoast-seo-wordpress\/ -->\n<title>Rita P\u00e9rez T\u00e1boas concelleira de Cultura de Redondela -<\/title>\n<meta name=\"robots\" content=\"index, follow, max-snippet:-1, max-image-preview:large, max-video-preview:-1\" \/>\n<link rel=\"canonical\" href=\"https:\/\/www.anovapeneira.gal\/index.php\/2024\/05\/22\/rita-perez-taboas-concelleira-de-cultura-de-redondela-2\/\" \/>\n<meta property=\"og:locale\" content=\"gl_ES\" \/>\n<meta property=\"og:type\" content=\"article\" \/>\n<meta property=\"og:title\" content=\"Rita P\u00e9rez T\u00e1boas concelleira de Cultura de Redondela -\" \/>\n<meta property=\"og:description\" content=\"Un ano m\u00e1is unha parte importante da alma colectiva do pobo de Redondela, a festa da Coca, chega \u00e1s nosas r\u00faas, e n\u00f3s conversamos , unha vez m\u00e1is, coa concelleira de cultura, Rita P\u00e9rez, para que nos conte o m\u00e1is salientable da edici\u00f3n do 2024 [...]\" \/>\n<meta property=\"og:url\" content=\"https:\/\/www.anovapeneira.gal\/index.php\/2024\/05\/22\/rita-perez-taboas-concelleira-de-cultura-de-redondela-2\/\" \/>\n<meta property=\"article:publisher\" content=\"https:\/\/www.facebook.com\/anovapeneira\" \/>\n<meta property=\"article:published_time\" content=\"2024-05-22T10:00:32+00:00\" \/>\n<meta property=\"og:image\" content=\"https:\/\/www.anovapeneira.gal\/wp-content\/uploads\/2024\/05\/rita_perez.jpg\" \/>\n\t<meta property=\"og:image:width\" content=\"720\" \/>\n\t<meta property=\"og:image:height\" content=\"432\" \/>\n\t<meta property=\"og:image:type\" content=\"image\/jpeg\" \/>\n<meta name=\"author\" content=\"Marcos Santos\" \/>\n<meta name=\"twitter:card\" content=\"summary_large_image\" \/>\n<meta name=\"twitter:creator\" content=\"@APeneira\" \/>\n<meta name=\"twitter:site\" content=\"@APeneira\" \/>\n<meta name=\"twitter:label1\" content=\"Escrito por\" \/>\n\t<meta name=\"twitter:data1\" content=\"Marcos Santos\" \/>\n\t<meta name=\"twitter:label2\" content=\"Tempo de lectura\" \/>\n\t<meta name=\"twitter:data2\" content=\"1 minuto\" \/>\n<script type=\"application\/ld+json\" class=\"yoast-schema-graph\">{\"@context\":\"https:\\\/\\\/schema.org\",\"@graph\":[{\"@type\":\"Article\",\"@id\":\"https:\\\/\\\/www.anovapeneira.gal\\\/index.php\\\/2024\\\/05\\\/22\\\/rita-perez-taboas-concelleira-de-cultura-de-redondela-2\\\/#article\",\"isPartOf\":{\"@id\":\"https:\\\/\\\/www.anovapeneira.gal\\\/index.php\\\/2024\\\/05\\\/22\\\/rita-perez-taboas-concelleira-de-cultura-de-redondela-2\\\/\"},\"author\":{\"name\":\"Marcos Santos\",\"@id\":\"https:\\\/\\\/www.anovapeneira.gal\\\/#\\\/schema\\\/person\\\/d9d84823564720e7593293bab054e52d\"},\"headline\":\"Rita P\u00e9rez T\u00e1boas concelleira de Cultura de Redondela\",\"datePublished\":\"2024-05-22T10:00:32+00:00\",\"mainEntityOfPage\":{\"@id\":\"https:\\\/\\\/www.anovapeneira.gal\\\/index.php\\\/2024\\\/05\\\/22\\\/rita-perez-taboas-concelleira-de-cultura-de-redondela-2\\\/\"},\"wordCount\":515,\"commentCount\":0,\"publisher\":{\"@id\":\"https:\\\/\\\/www.anovapeneira.gal\\\/#organization\"},\"image\":{\"@id\":\"https:\\\/\\\/www.anovapeneira.gal\\\/index.php\\\/2024\\\/05\\\/22\\\/rita-perez-taboas-concelleira-de-cultura-de-redondela-2\\\/#primaryimage\"},\"thumbnailUrl\":\"https:\\\/\\\/www.anovapeneira.gal\\\/wp-content\\\/uploads\\\/2024\\\/05\\\/rita_perez.jpg\",\"keywords\":[\"Concello de Redondela\"],\"articleSection\":[\"Redondela\"],\"inLanguage\":\"gl-ES\",\"potentialAction\":[{\"@type\":\"CommentAction\",\"name\":\"Comment\",\"target\":[\"https:\\\/\\\/www.anovapeneira.gal\\\/index.php\\\/2024\\\/05\\\/22\\\/rita-perez-taboas-concelleira-de-cultura-de-redondela-2\\\/#respond\"]}]},{\"@type\":\"WebPage\",\"@id\":\"https:\\\/\\\/www.anovapeneira.gal\\\/index.php\\\/2024\\\/05\\\/22\\\/rita-perez-taboas-concelleira-de-cultura-de-redondela-2\\\/\",\"url\":\"https:\\\/\\\/www.anovapeneira.gal\\\/index.php\\\/2024\\\/05\\\/22\\\/rita-perez-taboas-concelleira-de-cultura-de-redondela-2\\\/\",\"name\":\"Rita P\u00e9rez T\u00e1boas concelleira de Cultura de Redondela -\",\"isPartOf\":{\"@id\":\"https:\\\/\\\/www.anovapeneira.gal\\\/#website\"},\"primaryImageOfPage\":{\"@id\":\"https:\\\/\\\/www.anovapeneira.gal\\\/index.php\\\/2024\\\/05\\\/22\\\/rita-perez-taboas-concelleira-de-cultura-de-redondela-2\\\/#primaryimage\"},\"image\":{\"@id\":\"https:\\\/\\\/www.anovapeneira.gal\\\/index.php\\\/2024\\\/05\\\/22\\\/rita-perez-taboas-concelleira-de-cultura-de-redondela-2\\\/#primaryimage\"},\"thumbnailUrl\":\"https:\\\/\\\/www.anovapeneira.gal\\\/wp-content\\\/uploads\\\/2024\\\/05\\\/rita_perez.jpg\",\"datePublished\":\"2024-05-22T10:00:32+00:00\",\"breadcrumb\":{\"@id\":\"https:\\\/\\\/www.anovapeneira.gal\\\/index.php\\\/2024\\\/05\\\/22\\\/rita-perez-taboas-concelleira-de-cultura-de-redondela-2\\\/#breadcrumb\"},\"inLanguage\":\"gl-ES\",\"potentialAction\":[{\"@type\":\"ReadAction\",\"target\":[\"https:\\\/\\\/www.anovapeneira.gal\\\/index.php\\\/2024\\\/05\\\/22\\\/rita-perez-taboas-concelleira-de-cultura-de-redondela-2\\\/\"]}]},{\"@type\":\"ImageObject\",\"inLanguage\":\"gl-ES\",\"@id\":\"https:\\\/\\\/www.anovapeneira.gal\\\/index.php\\\/2024\\\/05\\\/22\\\/rita-perez-taboas-concelleira-de-cultura-de-redondela-2\\\/#primaryimage\",\"url\":\"https:\\\/\\\/www.anovapeneira.gal\\\/wp-content\\\/uploads\\\/2024\\\/05\\\/rita_perez.jpg\",\"contentUrl\":\"https:\\\/\\\/www.anovapeneira.gal\\\/wp-content\\\/uploads\\\/2024\\\/05\\\/rita_perez.jpg\",\"width\":720,\"height\":432,\"caption\":\"Rita P\u00e9rez T\u00e1boas concelleira de Cultura de Redondela\"},{\"@type\":\"BreadcrumbList\",\"@id\":\"https:\\\/\\\/www.anovapeneira.gal\\\/index.php\\\/2024\\\/05\\\/22\\\/rita-perez-taboas-concelleira-de-cultura-de-redondela-2\\\/#breadcrumb\",\"itemListElement\":[{\"@type\":\"ListItem\",\"position\":1,\"name\":\"Portada\",\"item\":\"https:\\\/\\\/www.anovapeneira.gal\\\/\"},{\"@type\":\"ListItem\",\"position\":2,\"name\":\"Rita P\u00e9rez T\u00e1boas concelleira de Cultura de Redondela\"}]},{\"@type\":\"WebSite\",\"@id\":\"https:\\\/\\\/www.anovapeneira.gal\\\/#website\",\"url\":\"https:\\\/\\\/www.anovapeneira.gal\\\/\",\"name\":\"\",\"description\":\"Xornal galego de informaci\u00f3n xeral Publicaci\u00f3n mensual de novas de Galicia e en especial dos Concellos da sur da provincia de Pontevedra.\",\"publisher\":{\"@id\":\"https:\\\/\\\/www.anovapeneira.gal\\\/#organization\"},\"potentialAction\":[{\"@type\":\"SearchAction\",\"target\":{\"@type\":\"EntryPoint\",\"urlTemplate\":\"https:\\\/\\\/www.anovapeneira.gal\\\/?s={search_term_string}\"},\"query-input\":{\"@type\":\"PropertyValueSpecification\",\"valueRequired\":true,\"valueName\":\"search_term_string\"}}],\"inLanguage\":\"gl-ES\"},{\"@type\":\"Organization\",\"@id\":\"https:\\\/\\\/www.anovapeneira.gal\\\/#organization\",\"name\":\"A Nova Peneira\",\"url\":\"https:\\\/\\\/www.anovapeneira.gal\\\/\",\"logo\":{\"@type\":\"ImageObject\",\"inLanguage\":\"gl-ES\",\"@id\":\"https:\\\/\\\/www.anovapeneira.gal\\\/#\\\/schema\\\/logo\\\/image\\\/\",\"url\":\"http:\\\/\\\/www.anovapeneira.gal\\\/wp-content\\\/uploads\\\/2019\\\/06\\\/logo_a_nova_peneira_portal_web.png\",\"contentUrl\":\"http:\\\/\\\/www.anovapeneira.gal\\\/wp-content\\\/uploads\\\/2019\\\/06\\\/logo_a_nova_peneira_portal_web.png\",\"width\":300,\"height\":100,\"caption\":\"A Nova Peneira\"},\"image\":{\"@id\":\"https:\\\/\\\/www.anovapeneira.gal\\\/#\\\/schema\\\/logo\\\/image\\\/\"},\"sameAs\":[\"https:\\\/\\\/www.facebook.com\\\/anovapeneira\",\"https:\\\/\\\/x.com\\\/APeneira\"]},{\"@type\":\"Person\",\"@id\":\"https:\\\/\\\/www.anovapeneira.gal\\\/#\\\/schema\\\/person\\\/d9d84823564720e7593293bab054e52d\",\"name\":\"Marcos Santos\",\"image\":{\"@type\":\"ImageObject\",\"inLanguage\":\"gl-ES\",\"@id\":\"https:\\\/\\\/secure.gravatar.com\\\/avatar\\\/0e8017099a7a47c0a9d2275e865fe326484561eb3d70649069e4b8e61a8d2e8c?s=96&d=mm&r=g\",\"url\":\"https:\\\/\\\/secure.gravatar.com\\\/avatar\\\/0e8017099a7a47c0a9d2275e865fe326484561eb3d70649069e4b8e61a8d2e8c?s=96&d=mm&r=g\",\"contentUrl\":\"https:\\\/\\\/secure.gravatar.com\\\/avatar\\\/0e8017099a7a47c0a9d2275e865fe326484561eb3d70649069e4b8e61a8d2e8c?s=96&d=mm&r=g\",\"caption\":\"Marcos Santos\"},\"sameAs\":[\"http:\\\/\\\/anovapeneira.gal\"],\"url\":\"https:\\\/\\\/www.anovapeneira.gal\\\/index.php\\\/author\\\/marcos-santos\\\/\"}]}<\/script>\n<!-- \/ Yoast SEO plugin. -->","yoast_head_json":{"title":"Rita P\u00e9rez T\u00e1boas concelleira de Cultura de Redondela -","robots":{"index":"index","follow":"follow","max-snippet":"max-snippet:-1","max-image-preview":"max-image-preview:large","max-video-preview":"max-video-preview:-1"},"canonical":"https:\/\/www.anovapeneira.gal\/index.php\/2024\/05\/22\/rita-perez-taboas-concelleira-de-cultura-de-redondela-2\/","og_locale":"gl_ES","og_type":"article","og_title":"Rita P\u00e9rez T\u00e1boas concelleira de Cultura de Redondela -","og_description":"Un ano m\u00e1is unha parte importante da alma colectiva do pobo de Redondela, a festa da Coca, chega \u00e1s nosas r\u00faas, e n\u00f3s conversamos , unha vez m\u00e1is, coa concelleira de cultura, Rita P\u00e9rez, para que nos conte o m\u00e1is salientable da edici\u00f3n do 2024 [...]","og_url":"https:\/\/www.anovapeneira.gal\/index.php\/2024\/05\/22\/rita-perez-taboas-concelleira-de-cultura-de-redondela-2\/","article_publisher":"https:\/\/www.facebook.com\/anovapeneira","article_published_time":"2024-05-22T10:00:32+00:00","og_image":[{"width":720,"height":432,"url":"https:\/\/www.anovapeneira.gal\/wp-content\/uploads\/2024\/05\/rita_perez.jpg","type":"image\/jpeg"}],"author":"Marcos Santos","twitter_card":"summary_large_image","twitter_creator":"@APeneira","twitter_site":"@APeneira","twitter_misc":{"Escrito por":"Marcos Santos","Tempo de lectura":"1 minuto"},"schema":{"@context":"https:\/\/schema.org","@graph":[{"@type":"Article","@id":"https:\/\/www.anovapeneira.gal\/index.php\/2024\/05\/22\/rita-perez-taboas-concelleira-de-cultura-de-redondela-2\/#article","isPartOf":{"@id":"https:\/\/www.anovapeneira.gal\/index.php\/2024\/05\/22\/rita-perez-taboas-concelleira-de-cultura-de-redondela-2\/"},"author":{"name":"Marcos Santos","@id":"https:\/\/www.anovapeneira.gal\/#\/schema\/person\/d9d84823564720e7593293bab054e52d"},"headline":"Rita P\u00e9rez T\u00e1boas concelleira de Cultura de Redondela","datePublished":"2024-05-22T10:00:32+00:00","mainEntityOfPage":{"@id":"https:\/\/www.anovapeneira.gal\/index.php\/2024\/05\/22\/rita-perez-taboas-concelleira-de-cultura-de-redondela-2\/"},"wordCount":515,"commentCount":0,"publisher":{"@id":"https:\/\/www.anovapeneira.gal\/#organization"},"image":{"@id":"https:\/\/www.anovapeneira.gal\/index.php\/2024\/05\/22\/rita-perez-taboas-concelleira-de-cultura-de-redondela-2\/#primaryimage"},"thumbnailUrl":"https:\/\/www.anovapeneira.gal\/wp-content\/uploads\/2024\/05\/rita_perez.jpg","keywords":["Concello de Redondela"],"articleSection":["Redondela"],"inLanguage":"gl-ES","potentialAction":[{"@type":"CommentAction","name":"Comment","target":["https:\/\/www.anovapeneira.gal\/index.php\/2024\/05\/22\/rita-perez-taboas-concelleira-de-cultura-de-redondela-2\/#respond"]}]},{"@type":"WebPage","@id":"https:\/\/www.anovapeneira.gal\/index.php\/2024\/05\/22\/rita-perez-taboas-concelleira-de-cultura-de-redondela-2\/","url":"https:\/\/www.anovapeneira.gal\/index.php\/2024\/05\/22\/rita-perez-taboas-concelleira-de-cultura-de-redondela-2\/","name":"Rita P\u00e9rez T\u00e1boas concelleira de Cultura de Redondela -","isPartOf":{"@id":"https:\/\/www.anovapeneira.gal\/#website"},"primaryImageOfPage":{"@id":"https:\/\/www.anovapeneira.gal\/index.php\/2024\/05\/22\/rita-perez-taboas-concelleira-de-cultura-de-redondela-2\/#primaryimage"},"image":{"@id":"https:\/\/www.anovapeneira.gal\/index.php\/2024\/05\/22\/rita-perez-taboas-concelleira-de-cultura-de-redondela-2\/#primaryimage"},"thumbnailUrl":"https:\/\/www.anovapeneira.gal\/wp-content\/uploads\/2024\/05\/rita_perez.jpg","datePublished":"2024-05-22T10:00:32+00:00","breadcrumb":{"@id":"https:\/\/www.anovapeneira.gal\/index.php\/2024\/05\/22\/rita-perez-taboas-concelleira-de-cultura-de-redondela-2\/#breadcrumb"},"inLanguage":"gl-ES","potentialAction":[{"@type":"ReadAction","target":["https:\/\/www.anovapeneira.gal\/index.php\/2024\/05\/22\/rita-perez-taboas-concelleira-de-cultura-de-redondela-2\/"]}]},{"@type":"ImageObject","inLanguage":"gl-ES","@id":"https:\/\/www.anovapeneira.gal\/index.php\/2024\/05\/22\/rita-perez-taboas-concelleira-de-cultura-de-redondela-2\/#primaryimage","url":"https:\/\/www.anovapeneira.gal\/wp-content\/uploads\/2024\/05\/rita_perez.jpg","contentUrl":"https:\/\/www.anovapeneira.gal\/wp-content\/uploads\/2024\/05\/rita_perez.jpg","width":720,"height":432,"caption":"Rita P\u00e9rez T\u00e1boas concelleira de Cultura de Redondela"},{"@type":"BreadcrumbList","@id":"https:\/\/www.anovapeneira.gal\/index.php\/2024\/05\/22\/rita-perez-taboas-concelleira-de-cultura-de-redondela-2\/#breadcrumb","itemListElement":[{"@type":"ListItem","position":1,"name":"Portada","item":"https:\/\/www.anovapeneira.gal\/"},{"@type":"ListItem","position":2,"name":"Rita P\u00e9rez T\u00e1boas concelleira de Cultura de Redondela"}]},{"@type":"WebSite","@id":"https:\/\/www.anovapeneira.gal\/#website","url":"https:\/\/www.anovapeneira.gal\/","name":"","description":"Xornal galego de informaci\u00f3n xeral Publicaci\u00f3n mensual de novas de Galicia e en especial dos Concellos da sur da provincia de Pontevedra.","publisher":{"@id":"https:\/\/www.anovapeneira.gal\/#organization"},"potentialAction":[{"@type":"SearchAction","target":{"@type":"EntryPoint","urlTemplate":"https:\/\/www.anovapeneira.gal\/?s={search_term_string}"},"query-input":{"@type":"PropertyValueSpecification","valueRequired":true,"valueName":"search_term_string"}}],"inLanguage":"gl-ES"},{"@type":"Organization","@id":"https:\/\/www.anovapeneira.gal\/#organization","name":"A Nova Peneira","url":"https:\/\/www.anovapeneira.gal\/","logo":{"@type":"ImageObject","inLanguage":"gl-ES","@id":"https:\/\/www.anovapeneira.gal\/#\/schema\/logo\/image\/","url":"http:\/\/www.anovapeneira.gal\/wp-content\/uploads\/2019\/06\/logo_a_nova_peneira_portal_web.png","contentUrl":"http:\/\/www.anovapeneira.gal\/wp-content\/uploads\/2019\/06\/logo_a_nova_peneira_portal_web.png","width":300,"height":100,"caption":"A Nova Peneira"},"image":{"@id":"https:\/\/www.anovapeneira.gal\/#\/schema\/logo\/image\/"},"sameAs":["https:\/\/www.facebook.com\/anovapeneira","https:\/\/x.com\/APeneira"]},{"@type":"Person","@id":"https:\/\/www.anovapeneira.gal\/#\/schema\/person\/d9d84823564720e7593293bab054e52d","name":"Marcos Santos","image":{"@type":"ImageObject","inLanguage":"gl-ES","@id":"https:\/\/secure.gravatar.com\/avatar\/0e8017099a7a47c0a9d2275e865fe326484561eb3d70649069e4b8e61a8d2e8c?s=96&d=mm&r=g","url":"https:\/\/secure.gravatar.com\/avatar\/0e8017099a7a47c0a9d2275e865fe326484561eb3d70649069e4b8e61a8d2e8c?s=96&d=mm&r=g","contentUrl":"https:\/\/secure.gravatar.com\/avatar\/0e8017099a7a47c0a9d2275e865fe326484561eb3d70649069e4b8e61a8d2e8c?s=96&d=mm&r=g","caption":"Marcos Santos"},"sameAs":["http:\/\/anovapeneira.gal"],"url":"https:\/\/www.anovapeneira.gal\/index.php\/author\/marcos-santos\/"}]}},"jetpack_featured_media_url":"https:\/\/www.anovapeneira.gal\/wp-content\/uploads\/2024\/05\/rita_perez.jpg","_links":{"self":[{"href":"https:\/\/www.anovapeneira.gal\/index.php\/wp-json\/wp\/v2\/posts\/11766","targetHints":{"allow":["GET"]}}],"collection":[{"href":"https:\/\/www.anovapeneira.gal\/index.php\/wp-json\/wp\/v2\/posts"}],"about":[{"href":"https:\/\/www.anovapeneira.gal\/index.php\/wp-json\/wp\/v2\/types\/post"}],"author":[{"embeddable":true,"href":"https:\/\/www.anovapeneira.gal\/index.php\/wp-json\/wp\/v2\/users\/6"}],"replies":[{"embeddable":true,"href":"https:\/\/www.anovapeneira.gal\/index.php\/wp-json\/wp\/v2\/comments?post=11766"}],"version-history":[{"count":1,"href":"https:\/\/www.anovapeneira.gal\/index.php\/wp-json\/wp\/v2\/posts\/11766\/revisions"}],"predecessor-version":[{"id":11768,"href":"https:\/\/www.anovapeneira.gal\/index.php\/wp-json\/wp\/v2\/posts\/11766\/revisions\/11768"}],"wp:featuredmedia":[{"embeddable":true,"href":"https:\/\/www.anovapeneira.gal\/index.php\/wp-json\/wp\/v2\/media\/11767"}],"wp:attachment":[{"href":"https:\/\/www.anovapeneira.gal\/index.php\/wp-json\/wp\/v2\/media?parent=11766"}],"wp:term":[{"taxonomy":"category","embeddable":true,"href":"https:\/\/www.anovapeneira.gal\/index.php\/wp-json\/wp\/v2\/categories?post=11766"},{"taxonomy":"post_tag","embeddable":true,"href":"https:\/\/www.anovapeneira.gal\/index.php\/wp-json\/wp\/v2\/tags?post=11766"}],"curies":[{"name":"wp","href":"https:\/\/api.w.org\/{rel}","templated":true}]}}