{"id":11769,"date":"2024-05-23T10:00:36","date_gmt":"2024-05-23T08:00:36","guid":{"rendered":"https:\/\/www.anovapeneira.gal\/?p=11769"},"modified":"2024-05-20T10:13:57","modified_gmt":"2024-05-20T08:13:57","slug":"o-bng-de-mos-denuncia-que-os-extintores-das-instalacions-municipais-levan-mais-dun-ano-coa-revision-caducada","status":"publish","type":"post","link":"https:\/\/www.anovapeneira.gal\/index.php\/2024\/05\/23\/o-bng-de-mos-denuncia-que-os-extintores-das-instalacions-municipais-levan-mais-dun-ano-coa-revision-caducada\/","title":{"rendered":"O BNG de Mos denuncia que os extintores das instalaci\u00f3ns municipais levan m\u00e1is dun ano coa revisi\u00f3n caducada"},"content":{"rendered":"\n<h2 class=\"wp-block-heading\">Os sistemas antiincendios deben revisarse anualmente, pero o Concello de Mos non ten ningunha empresa contratada para realizar ese traballo.<\/h2>\n\n\n\n<p>Gustavo Barcia: \u201cO PP ten moita pr\u00e9sa \u00e1 hora de adquirir un coche oficial, pero esquece contratar os servizos de seguridade m\u00e1is elementais\u201d.<\/p>\n\n\n\n<p><strong>Mos, 14 de maio de 2024. <\/strong><\/p>\n\n\n\n<p>O BNG de Mos es\u00edxelle ao goberno municipal o cumprimento da normativa contra incendios nas dependencias do Concello. De acordo coas etiquetas de mantemento, os extintores e as bocas de incendios foron revisadas, por \u00faltima vez, en xu\u00f1o de 2022, cando a normativa vixente establece que os equipos de protecci\u00f3n contra o lume deben ser revisados, como m\u00ednimo, unha vez ao ano.<\/p>\n\n\n\n<p>O portavoz nacionalista no Concello, Gustavo Barcia, lamenta \u201co desinterese do goberno do PP ante a necesidade de garantir as m\u00ednimas condici\u00f3ns de seguridade, tanto para o persoal municipal como para as persoas usuarias dos equipamentos p\u00fablicos\u201d e pide explicaci\u00f3ns sobre esta \u201cinaceptable neglixencia\u201d.<\/p>\n\n\n\n<p>O problema, tal como indica Barcia, \u201cnon se limita a un simple descoido puntual\u201d, xa que o goberno de Nidia Ar\u00e9valo a\u00ednda non sacou a licitaci\u00f3n a contrataci\u00f3n dunha empresa de mantemento de extintores e sistemas antiincendio. Agora mesmo, ningu\u00e9n se fai cargo do correcto funcionamento dos dispositivos instalados en edificios que usan diariamente centos de persoas, tales como a propia casa do Concello, o multi\u00fasos das Pozas ou os pavill\u00f3ns deportivos.<\/p>\n\n\n\n<p>Gastos suntuarios<\/p>\n\n\n\n<p>A \u201cdesidia\u201d do goberno de Nidia Ar\u00e9valo \u00e1 hora de cumprir a normativa en materia de protecci\u00f3n contra o lume contrasta, en opini\u00f3n do portavoz do BNG, cun \u201cinterese desmesurado\u201d por aprobar \u201cgastos propagand\u00edsticos e suntuarios\u201d e pon como exemplo a licitaci\u00f3n do renting dun veh\u00edculo de alta gama para uso da alcald\u00eda. Barcia denuncia que \u201co PP ten moita pr\u00e9sa \u00e1 hora de adquirir un coche oficial, pero esquece contratar os servizos de seguridade m\u00e1is elementais\u201d.<\/p>\n","protected":false},"excerpt":{"rendered":"<div class=\"mh-excerpt\"><p>Os sistemas antiincendios deben revisarse anualmente, pero o Concello de Mos non ten ningunha empresa contratada para realizar ese traballo <a class=\"mh-excerpt-more\" href=\"https:\/\/www.anovapeneira.gal\/index.php\/2024\/05\/23\/o-bng-de-mos-denuncia-que-os-extintores-das-instalacions-municipais-levan-mais-dun-ano-coa-revision-caducada\/\" title=\"O BNG de Mos denuncia que os extintores das instalaci\u00f3ns municipais levan m\u00e1is dun ano coa revisi\u00f3n caducada\">[&#8230;]<\/a><\/p>\n<\/div>","protected":false},"author":3,"featured_media":11772,"comment_status":"open","ping_status":"open","sticky":false,"template":"","format":"standard","meta":{"_exactmetrics_skip_tracking":false,"_exactmetrics_sitenote_active":false,"_exactmetrics_sitenote_note":"","_exactmetrics_sitenote_category":0,"footnotes":""},"categories":[23],"tags":[218],"class_list":{"0":"post-11769","1":"post","2":"type-post","3":"status-publish","4":"format-standard","5":"has-post-thumbnail","7":"category-a-lourina","8":"tag-concello-de-mos"},"yoast_head":"<!-- This site is optimized with the Yoast SEO plugin v27.4 - https:\/\/yoast.com\/product\/yoast-seo-wordpress\/ -->\n<title>O BNG de Mos denuncia que os extintores das instalaci\u00f3ns municipais levan m\u00e1is dun ano coa revisi\u00f3n caducada -<\/title>\n<meta name=\"robots\" content=\"index, follow, max-snippet:-1, max-image-preview:large, max-video-preview:-1\" \/>\n<link rel=\"canonical\" href=\"https:\/\/www.anovapeneira.gal\/index.php\/2024\/05\/23\/o-bng-de-mos-denuncia-que-os-extintores-das-instalacions-municipais-levan-mais-dun-ano-coa-revision-caducada\/\" \/>\n<meta property=\"og:locale\" content=\"gl_ES\" \/>\n<meta property=\"og:type\" content=\"article\" \/>\n<meta property=\"og:title\" content=\"O BNG de Mos denuncia que os extintores das instalaci\u00f3ns municipais levan m\u00e1is dun ano coa revisi\u00f3n caducada -\" \/>\n<meta property=\"og:description\" content=\"Os sistemas antiincendios deben revisarse anualmente, pero o Concello de Mos non ten ningunha empresa contratada para realizar ese traballo [...]\" \/>\n<meta property=\"og:url\" content=\"https:\/\/www.anovapeneira.gal\/index.php\/2024\/05\/23\/o-bng-de-mos-denuncia-que-os-extintores-das-instalacions-municipais-levan-mais-dun-ano-coa-revision-caducada\/\" \/>\n<meta property=\"article:publisher\" content=\"https:\/\/www.facebook.com\/anovapeneira\" \/>\n<meta property=\"article:published_time\" content=\"2024-05-23T08:00:36+00:00\" \/>\n<meta property=\"og:image\" content=\"https:\/\/www.anovapeneira.gal\/wp-content\/uploads\/2024\/05\/extintor_mos.jpg\" \/>\n\t<meta property=\"og:image:width\" content=\"720\" \/>\n\t<meta property=\"og:image:height\" content=\"432\" \/>\n\t<meta property=\"og:image:type\" content=\"image\/jpeg\" \/>\n<meta name=\"author\" content=\"Redacci\u00f3n A Nova Peneira\" \/>\n<meta name=\"twitter:card\" content=\"summary_large_image\" \/>\n<meta name=\"twitter:creator\" content=\"@APeneira\" \/>\n<meta name=\"twitter:site\" content=\"@APeneira\" \/>\n<meta name=\"twitter:label1\" content=\"Escrito por\" \/>\n\t<meta name=\"twitter:data1\" content=\"Redacci\u00f3n A Nova Peneira\" \/>\n\t<meta name=\"twitter:label2\" content=\"Tempo de lectura\" \/>\n\t<meta name=\"twitter:data2\" content=\"2 minutos\" \/>\n<script type=\"application\/ld+json\" class=\"yoast-schema-graph\">{\"@context\":\"https:\\\/\\\/schema.org\",\"@graph\":[{\"@type\":\"Article\",\"@id\":\"https:\\\/\\\/www.anovapeneira.gal\\\/index.php\\\/2024\\\/05\\\/23\\\/o-bng-de-mos-denuncia-que-os-extintores-das-instalacions-municipais-levan-mais-dun-ano-coa-revision-caducada\\\/#article\",\"isPartOf\":{\"@id\":\"https:\\\/\\\/www.anovapeneira.gal\\\/index.php\\\/2024\\\/05\\\/23\\\/o-bng-de-mos-denuncia-que-os-extintores-das-instalacions-municipais-levan-mais-dun-ano-coa-revision-caducada\\\/\"},\"author\":{\"name\":\"Redacci\u00f3n A Nova Peneira\",\"@id\":\"https:\\\/\\\/www.anovapeneira.gal\\\/#\\\/schema\\\/person\\\/b93e3f8932e3f8da96334607eb6ac6aa\"},\"headline\":\"O BNG de Mos denuncia que os extintores das instalaci\u00f3ns municipais levan m\u00e1is dun ano coa revisi\u00f3n caducada\",\"datePublished\":\"2024-05-23T08:00:36+00:00\",\"mainEntityOfPage\":{\"@id\":\"https:\\\/\\\/www.anovapeneira.gal\\\/index.php\\\/2024\\\/05\\\/23\\\/o-bng-de-mos-denuncia-que-os-extintores-das-instalacions-municipais-levan-mais-dun-ano-coa-revision-caducada\\\/\"},\"wordCount\":347,\"commentCount\":0,\"publisher\":{\"@id\":\"https:\\\/\\\/www.anovapeneira.gal\\\/#organization\"},\"image\":{\"@id\":\"https:\\\/\\\/www.anovapeneira.gal\\\/index.php\\\/2024\\\/05\\\/23\\\/o-bng-de-mos-denuncia-que-os-extintores-das-instalacions-municipais-levan-mais-dun-ano-coa-revision-caducada\\\/#primaryimage\"},\"thumbnailUrl\":\"https:\\\/\\\/www.anovapeneira.gal\\\/wp-content\\\/uploads\\\/2024\\\/05\\\/extintor_mos.jpg\",\"keywords\":[\"Concello de Mos\"],\"articleSection\":[\"A Louri\u00f1a\"],\"inLanguage\":\"gl-ES\",\"potentialAction\":[{\"@type\":\"CommentAction\",\"name\":\"Comment\",\"target\":[\"https:\\\/\\\/www.anovapeneira.gal\\\/index.php\\\/2024\\\/05\\\/23\\\/o-bng-de-mos-denuncia-que-os-extintores-das-instalacions-municipais-levan-mais-dun-ano-coa-revision-caducada\\\/#respond\"]}]},{\"@type\":\"WebPage\",\"@id\":\"https:\\\/\\\/www.anovapeneira.gal\\\/index.php\\\/2024\\\/05\\\/23\\\/o-bng-de-mos-denuncia-que-os-extintores-das-instalacions-municipais-levan-mais-dun-ano-coa-revision-caducada\\\/\",\"url\":\"https:\\\/\\\/www.anovapeneira.gal\\\/index.php\\\/2024\\\/05\\\/23\\\/o-bng-de-mos-denuncia-que-os-extintores-das-instalacions-municipais-levan-mais-dun-ano-coa-revision-caducada\\\/\",\"name\":\"O BNG de Mos denuncia que os extintores das instalaci\u00f3ns municipais levan m\u00e1is dun ano coa revisi\u00f3n caducada -\",\"isPartOf\":{\"@id\":\"https:\\\/\\\/www.anovapeneira.gal\\\/#website\"},\"primaryImageOfPage\":{\"@id\":\"https:\\\/\\\/www.anovapeneira.gal\\\/index.php\\\/2024\\\/05\\\/23\\\/o-bng-de-mos-denuncia-que-os-extintores-das-instalacions-municipais-levan-mais-dun-ano-coa-revision-caducada\\\/#primaryimage\"},\"image\":{\"@id\":\"https:\\\/\\\/www.anovapeneira.gal\\\/index.php\\\/2024\\\/05\\\/23\\\/o-bng-de-mos-denuncia-que-os-extintores-das-instalacions-municipais-levan-mais-dun-ano-coa-revision-caducada\\\/#primaryimage\"},\"thumbnailUrl\":\"https:\\\/\\\/www.anovapeneira.gal\\\/wp-content\\\/uploads\\\/2024\\\/05\\\/extintor_mos.jpg\",\"datePublished\":\"2024-05-23T08:00:36+00:00\",\"breadcrumb\":{\"@id\":\"https:\\\/\\\/www.anovapeneira.gal\\\/index.php\\\/2024\\\/05\\\/23\\\/o-bng-de-mos-denuncia-que-os-extintores-das-instalacions-municipais-levan-mais-dun-ano-coa-revision-caducada\\\/#breadcrumb\"},\"inLanguage\":\"gl-ES\",\"potentialAction\":[{\"@type\":\"ReadAction\",\"target\":[\"https:\\\/\\\/www.anovapeneira.gal\\\/index.php\\\/2024\\\/05\\\/23\\\/o-bng-de-mos-denuncia-que-os-extintores-das-instalacions-municipais-levan-mais-dun-ano-coa-revision-caducada\\\/\"]}]},{\"@type\":\"ImageObject\",\"inLanguage\":\"gl-ES\",\"@id\":\"https:\\\/\\\/www.anovapeneira.gal\\\/index.php\\\/2024\\\/05\\\/23\\\/o-bng-de-mos-denuncia-que-os-extintores-das-instalacions-municipais-levan-mais-dun-ano-coa-revision-caducada\\\/#primaryimage\",\"url\":\"https:\\\/\\\/www.anovapeneira.gal\\\/wp-content\\\/uploads\\\/2024\\\/05\\\/extintor_mos.jpg\",\"contentUrl\":\"https:\\\/\\\/www.anovapeneira.gal\\\/wp-content\\\/uploads\\\/2024\\\/05\\\/extintor_mos.jpg\",\"width\":720,\"height\":432,\"caption\":\"O BNG de Mos denuncia que os extintores das instalaci\u00f3ns municipais levan m\u00e1is dun ano coa revisi\u00f3n caducada\"},{\"@type\":\"BreadcrumbList\",\"@id\":\"https:\\\/\\\/www.anovapeneira.gal\\\/index.php\\\/2024\\\/05\\\/23\\\/o-bng-de-mos-denuncia-que-os-extintores-das-instalacions-municipais-levan-mais-dun-ano-coa-revision-caducada\\\/#breadcrumb\",\"itemListElement\":[{\"@type\":\"ListItem\",\"position\":1,\"name\":\"Portada\",\"item\":\"https:\\\/\\\/www.anovapeneira.gal\\\/\"},{\"@type\":\"ListItem\",\"position\":2,\"name\":\"O BNG de Mos denuncia que os extintores das instalaci\u00f3ns municipais levan m\u00e1is dun ano coa revisi\u00f3n caducada\"}]},{\"@type\":\"WebSite\",\"@id\":\"https:\\\/\\\/www.anovapeneira.gal\\\/#website\",\"url\":\"https:\\\/\\\/www.anovapeneira.gal\\\/\",\"name\":\"\",\"description\":\"Xornal galego de informaci\u00f3n xeral Publicaci\u00f3n mensual de novas de Galicia e en especial dos Concellos da sur da provincia de Pontevedra.\",\"publisher\":{\"@id\":\"https:\\\/\\\/www.anovapeneira.gal\\\/#organization\"},\"potentialAction\":[{\"@type\":\"SearchAction\",\"target\":{\"@type\":\"EntryPoint\",\"urlTemplate\":\"https:\\\/\\\/www.anovapeneira.gal\\\/?s={search_term_string}\"},\"query-input\":{\"@type\":\"PropertyValueSpecification\",\"valueRequired\":true,\"valueName\":\"search_term_string\"}}],\"inLanguage\":\"gl-ES\"},{\"@type\":\"Organization\",\"@id\":\"https:\\\/\\\/www.anovapeneira.gal\\\/#organization\",\"name\":\"A Nova Peneira\",\"url\":\"https:\\\/\\\/www.anovapeneira.gal\\\/\",\"logo\":{\"@type\":\"ImageObject\",\"inLanguage\":\"gl-ES\",\"@id\":\"https:\\\/\\\/www.anovapeneira.gal\\\/#\\\/schema\\\/logo\\\/image\\\/\",\"url\":\"http:\\\/\\\/www.anovapeneira.gal\\\/wp-content\\\/uploads\\\/2019\\\/06\\\/logo_a_nova_peneira_portal_web.png\",\"contentUrl\":\"http:\\\/\\\/www.anovapeneira.gal\\\/wp-content\\\/uploads\\\/2019\\\/06\\\/logo_a_nova_peneira_portal_web.png\",\"width\":300,\"height\":100,\"caption\":\"A Nova Peneira\"},\"image\":{\"@id\":\"https:\\\/\\\/www.anovapeneira.gal\\\/#\\\/schema\\\/logo\\\/image\\\/\"},\"sameAs\":[\"https:\\\/\\\/www.facebook.com\\\/anovapeneira\",\"https:\\\/\\\/x.com\\\/APeneira\"]},{\"@type\":\"Person\",\"@id\":\"https:\\\/\\\/www.anovapeneira.gal\\\/#\\\/schema\\\/person\\\/b93e3f8932e3f8da96334607eb6ac6aa\",\"name\":\"Redacci\u00f3n A Nova Peneira\",\"image\":{\"@type\":\"ImageObject\",\"inLanguage\":\"gl-ES\",\"@id\":\"https:\\\/\\\/secure.gravatar.com\\\/avatar\\\/c052a2551a06e23fac63626232eaa90abd78dbcf1700fc46a2b2c89fd27b735f?s=96&d=mm&r=g\",\"url\":\"https:\\\/\\\/secure.gravatar.com\\\/avatar\\\/c052a2551a06e23fac63626232eaa90abd78dbcf1700fc46a2b2c89fd27b735f?s=96&d=mm&r=g\",\"contentUrl\":\"https:\\\/\\\/secure.gravatar.com\\\/avatar\\\/c052a2551a06e23fac63626232eaa90abd78dbcf1700fc46a2b2c89fd27b735f?s=96&d=mm&r=g\",\"caption\":\"Redacci\u00f3n A Nova Peneira\"},\"sameAs\":[\"http:\\\/\\\/www.anovapeneira.gal\\\/\"],\"url\":\"https:\\\/\\\/www.anovapeneira.gal\\\/index.php\\\/author\\\/redactor\\\/\"}]}<\/script>\n<!-- \/ Yoast SEO plugin. -->","yoast_head_json":{"title":"O BNG de Mos denuncia que os extintores das instalaci\u00f3ns municipais levan m\u00e1is dun ano coa revisi\u00f3n caducada -","robots":{"index":"index","follow":"follow","max-snippet":"max-snippet:-1","max-image-preview":"max-image-preview:large","max-video-preview":"max-video-preview:-1"},"canonical":"https:\/\/www.anovapeneira.gal\/index.php\/2024\/05\/23\/o-bng-de-mos-denuncia-que-os-extintores-das-instalacions-municipais-levan-mais-dun-ano-coa-revision-caducada\/","og_locale":"gl_ES","og_type":"article","og_title":"O BNG de Mos denuncia que os extintores das instalaci\u00f3ns municipais levan m\u00e1is dun ano coa revisi\u00f3n caducada -","og_description":"Os sistemas antiincendios deben revisarse anualmente, pero o Concello de Mos non ten ningunha empresa contratada para realizar ese traballo [...]","og_url":"https:\/\/www.anovapeneira.gal\/index.php\/2024\/05\/23\/o-bng-de-mos-denuncia-que-os-extintores-das-instalacions-municipais-levan-mais-dun-ano-coa-revision-caducada\/","article_publisher":"https:\/\/www.facebook.com\/anovapeneira","article_published_time":"2024-05-23T08:00:36+00:00","og_image":[{"width":720,"height":432,"url":"https:\/\/www.anovapeneira.gal\/wp-content\/uploads\/2024\/05\/extintor_mos.jpg","type":"image\/jpeg"}],"author":"Redacci\u00f3n A Nova Peneira","twitter_card":"summary_large_image","twitter_creator":"@APeneira","twitter_site":"@APeneira","twitter_misc":{"Escrito por":"Redacci\u00f3n A Nova Peneira","Tempo de lectura":"2 minutos"},"schema":{"@context":"https:\/\/schema.org","@graph":[{"@type":"Article","@id":"https:\/\/www.anovapeneira.gal\/index.php\/2024\/05\/23\/o-bng-de-mos-denuncia-que-os-extintores-das-instalacions-municipais-levan-mais-dun-ano-coa-revision-caducada\/#article","isPartOf":{"@id":"https:\/\/www.anovapeneira.gal\/index.php\/2024\/05\/23\/o-bng-de-mos-denuncia-que-os-extintores-das-instalacions-municipais-levan-mais-dun-ano-coa-revision-caducada\/"},"author":{"name":"Redacci\u00f3n A Nova Peneira","@id":"https:\/\/www.anovapeneira.gal\/#\/schema\/person\/b93e3f8932e3f8da96334607eb6ac6aa"},"headline":"O BNG de Mos denuncia que os extintores das instalaci\u00f3ns municipais levan m\u00e1is dun ano coa revisi\u00f3n caducada","datePublished":"2024-05-23T08:00:36+00:00","mainEntityOfPage":{"@id":"https:\/\/www.anovapeneira.gal\/index.php\/2024\/05\/23\/o-bng-de-mos-denuncia-que-os-extintores-das-instalacions-municipais-levan-mais-dun-ano-coa-revision-caducada\/"},"wordCount":347,"commentCount":0,"publisher":{"@id":"https:\/\/www.anovapeneira.gal\/#organization"},"image":{"@id":"https:\/\/www.anovapeneira.gal\/index.php\/2024\/05\/23\/o-bng-de-mos-denuncia-que-os-extintores-das-instalacions-municipais-levan-mais-dun-ano-coa-revision-caducada\/#primaryimage"},"thumbnailUrl":"https:\/\/www.anovapeneira.gal\/wp-content\/uploads\/2024\/05\/extintor_mos.jpg","keywords":["Concello de Mos"],"articleSection":["A Louri\u00f1a"],"inLanguage":"gl-ES","potentialAction":[{"@type":"CommentAction","name":"Comment","target":["https:\/\/www.anovapeneira.gal\/index.php\/2024\/05\/23\/o-bng-de-mos-denuncia-que-os-extintores-das-instalacions-municipais-levan-mais-dun-ano-coa-revision-caducada\/#respond"]}]},{"@type":"WebPage","@id":"https:\/\/www.anovapeneira.gal\/index.php\/2024\/05\/23\/o-bng-de-mos-denuncia-que-os-extintores-das-instalacions-municipais-levan-mais-dun-ano-coa-revision-caducada\/","url":"https:\/\/www.anovapeneira.gal\/index.php\/2024\/05\/23\/o-bng-de-mos-denuncia-que-os-extintores-das-instalacions-municipais-levan-mais-dun-ano-coa-revision-caducada\/","name":"O BNG de Mos denuncia que os extintores das instalaci\u00f3ns municipais levan m\u00e1is dun ano coa revisi\u00f3n caducada -","isPartOf":{"@id":"https:\/\/www.anovapeneira.gal\/#website"},"primaryImageOfPage":{"@id":"https:\/\/www.anovapeneira.gal\/index.php\/2024\/05\/23\/o-bng-de-mos-denuncia-que-os-extintores-das-instalacions-municipais-levan-mais-dun-ano-coa-revision-caducada\/#primaryimage"},"image":{"@id":"https:\/\/www.anovapeneira.gal\/index.php\/2024\/05\/23\/o-bng-de-mos-denuncia-que-os-extintores-das-instalacions-municipais-levan-mais-dun-ano-coa-revision-caducada\/#primaryimage"},"thumbnailUrl":"https:\/\/www.anovapeneira.gal\/wp-content\/uploads\/2024\/05\/extintor_mos.jpg","datePublished":"2024-05-23T08:00:36+00:00","breadcrumb":{"@id":"https:\/\/www.anovapeneira.gal\/index.php\/2024\/05\/23\/o-bng-de-mos-denuncia-que-os-extintores-das-instalacions-municipais-levan-mais-dun-ano-coa-revision-caducada\/#breadcrumb"},"inLanguage":"gl-ES","potentialAction":[{"@type":"ReadAction","target":["https:\/\/www.anovapeneira.gal\/index.php\/2024\/05\/23\/o-bng-de-mos-denuncia-que-os-extintores-das-instalacions-municipais-levan-mais-dun-ano-coa-revision-caducada\/"]}]},{"@type":"ImageObject","inLanguage":"gl-ES","@id":"https:\/\/www.anovapeneira.gal\/index.php\/2024\/05\/23\/o-bng-de-mos-denuncia-que-os-extintores-das-instalacions-municipais-levan-mais-dun-ano-coa-revision-caducada\/#primaryimage","url":"https:\/\/www.anovapeneira.gal\/wp-content\/uploads\/2024\/05\/extintor_mos.jpg","contentUrl":"https:\/\/www.anovapeneira.gal\/wp-content\/uploads\/2024\/05\/extintor_mos.jpg","width":720,"height":432,"caption":"O BNG de Mos denuncia que os extintores das instalaci\u00f3ns municipais levan m\u00e1is dun ano coa revisi\u00f3n caducada"},{"@type":"BreadcrumbList","@id":"https:\/\/www.anovapeneira.gal\/index.php\/2024\/05\/23\/o-bng-de-mos-denuncia-que-os-extintores-das-instalacions-municipais-levan-mais-dun-ano-coa-revision-caducada\/#breadcrumb","itemListElement":[{"@type":"ListItem","position":1,"name":"Portada","item":"https:\/\/www.anovapeneira.gal\/"},{"@type":"ListItem","position":2,"name":"O BNG de Mos denuncia que os extintores das instalaci\u00f3ns municipais levan m\u00e1is dun ano coa revisi\u00f3n caducada"}]},{"@type":"WebSite","@id":"https:\/\/www.anovapeneira.gal\/#website","url":"https:\/\/www.anovapeneira.gal\/","name":"","description":"Xornal galego de informaci\u00f3n xeral Publicaci\u00f3n mensual de novas de Galicia e en especial dos Concellos da sur da provincia de Pontevedra.","publisher":{"@id":"https:\/\/www.anovapeneira.gal\/#organization"},"potentialAction":[{"@type":"SearchAction","target":{"@type":"EntryPoint","urlTemplate":"https:\/\/www.anovapeneira.gal\/?s={search_term_string}"},"query-input":{"@type":"PropertyValueSpecification","valueRequired":true,"valueName":"search_term_string"}}],"inLanguage":"gl-ES"},{"@type":"Organization","@id":"https:\/\/www.anovapeneira.gal\/#organization","name":"A Nova Peneira","url":"https:\/\/www.anovapeneira.gal\/","logo":{"@type":"ImageObject","inLanguage":"gl-ES","@id":"https:\/\/www.anovapeneira.gal\/#\/schema\/logo\/image\/","url":"http:\/\/www.anovapeneira.gal\/wp-content\/uploads\/2019\/06\/logo_a_nova_peneira_portal_web.png","contentUrl":"http:\/\/www.anovapeneira.gal\/wp-content\/uploads\/2019\/06\/logo_a_nova_peneira_portal_web.png","width":300,"height":100,"caption":"A Nova Peneira"},"image":{"@id":"https:\/\/www.anovapeneira.gal\/#\/schema\/logo\/image\/"},"sameAs":["https:\/\/www.facebook.com\/anovapeneira","https:\/\/x.com\/APeneira"]},{"@type":"Person","@id":"https:\/\/www.anovapeneira.gal\/#\/schema\/person\/b93e3f8932e3f8da96334607eb6ac6aa","name":"Redacci\u00f3n A Nova Peneira","image":{"@type":"ImageObject","inLanguage":"gl-ES","@id":"https:\/\/secure.gravatar.com\/avatar\/c052a2551a06e23fac63626232eaa90abd78dbcf1700fc46a2b2c89fd27b735f?s=96&d=mm&r=g","url":"https:\/\/secure.gravatar.com\/avatar\/c052a2551a06e23fac63626232eaa90abd78dbcf1700fc46a2b2c89fd27b735f?s=96&d=mm&r=g","contentUrl":"https:\/\/secure.gravatar.com\/avatar\/c052a2551a06e23fac63626232eaa90abd78dbcf1700fc46a2b2c89fd27b735f?s=96&d=mm&r=g","caption":"Redacci\u00f3n A Nova Peneira"},"sameAs":["http:\/\/www.anovapeneira.gal\/"],"url":"https:\/\/www.anovapeneira.gal\/index.php\/author\/redactor\/"}]}},"jetpack_featured_media_url":"https:\/\/www.anovapeneira.gal\/wp-content\/uploads\/2024\/05\/extintor_mos.jpg","_links":{"self":[{"href":"https:\/\/www.anovapeneira.gal\/index.php\/wp-json\/wp\/v2\/posts\/11769","targetHints":{"allow":["GET"]}}],"collection":[{"href":"https:\/\/www.anovapeneira.gal\/index.php\/wp-json\/wp\/v2\/posts"}],"about":[{"href":"https:\/\/www.anovapeneira.gal\/index.php\/wp-json\/wp\/v2\/types\/post"}],"author":[{"embeddable":true,"href":"https:\/\/www.anovapeneira.gal\/index.php\/wp-json\/wp\/v2\/users\/3"}],"replies":[{"embeddable":true,"href":"https:\/\/www.anovapeneira.gal\/index.php\/wp-json\/wp\/v2\/comments?post=11769"}],"version-history":[{"count":2,"href":"https:\/\/www.anovapeneira.gal\/index.php\/wp-json\/wp\/v2\/posts\/11769\/revisions"}],"predecessor-version":[{"id":11771,"href":"https:\/\/www.anovapeneira.gal\/index.php\/wp-json\/wp\/v2\/posts\/11769\/revisions\/11771"}],"wp:featuredmedia":[{"embeddable":true,"href":"https:\/\/www.anovapeneira.gal\/index.php\/wp-json\/wp\/v2\/media\/11772"}],"wp:attachment":[{"href":"https:\/\/www.anovapeneira.gal\/index.php\/wp-json\/wp\/v2\/media?parent=11769"}],"wp:term":[{"taxonomy":"category","embeddable":true,"href":"https:\/\/www.anovapeneira.gal\/index.php\/wp-json\/wp\/v2\/categories?post=11769"},{"taxonomy":"post_tag","embeddable":true,"href":"https:\/\/www.anovapeneira.gal\/index.php\/wp-json\/wp\/v2\/tags?post=11769"}],"curies":[{"name":"wp","href":"https:\/\/api.w.org\/{rel}","templated":true}]}}