{"id":11773,"date":"2024-05-23T12:00:22","date_gmt":"2024-05-23T10:00:22","guid":{"rendered":"https:\/\/www.anovapeneira.gal\/?p=11773"},"modified":"2024-05-20T10:17:44","modified_gmt":"2024-05-20T08:17:44","slug":"dende-o-bng-urximos-ao-psoe-a-negociar-uns-orzamentos-que-se-venen-demorando-no-tempo-e-que-estan-impedindo-que-forcarei-funcione-con-normalidade","status":"publish","type":"post","link":"https:\/\/www.anovapeneira.gal\/index.php\/2024\/05\/23\/dende-o-bng-urximos-ao-psoe-a-negociar-uns-orzamentos-que-se-venen-demorando-no-tempo-e-que-estan-impedindo-que-forcarei-funcione-con-normalidade\/","title":{"rendered":"Dende o BNG urximos ao PSOE a negociar uns orzamentos que se ve\u00f1en demorando no tempo e que est\u00e1n impedindo que Forcarei funcione con normalidade"},"content":{"rendered":"\n<p>Queremos que se empece unha negociaci\u00f3n dos orzamentos que dea sa\u00edda aos m\u00faltiples problemas de investimentos ou de tramitaci\u00f3n de facturas deste concello, evitando os reco\u00f1ecementos extraxudiciais de cr\u00e9dido e a convocatoria de plenos extraordinarios para pagar subministros que deber\u00edan estar recollidos nos orzamentos.<\/p>\n\n\n\n<p>Esiximos do PSOE que estes sexan uns orzamentos negociados, queremos que tam\u00e9n marquen un antes e un despois nas relaci\u00f3ns entre grupos pol\u00edticos no noso concello. Esiximos que sexan negociados con Rafa Fiestras para acadar unha maior\u00eda que respalde a visi\u00f3n de futuro do concello, e esiximos igualmente a negociaci\u00f3n con PP, ao tempo que pedimos de Bel\u00e9n Cachafeiro que abandone o seu \u201cNON\u201d a todo para pensar no ben da veci\u00f1anza por encima do electoralismo.<\/p>\n\n\n\n<p>\u00c9 unha premisa b\u00e1sica para o BNG de Forcarei tentar reducir a confrontaci\u00f3n e cambiala pola comunicaci\u00f3n e a negociaci\u00f3n.<\/p>\n\n\n\n<p>Queremos uns orzamentos que permitan crear vivenda como eixe fundamental para a recuperaci\u00f3n da poboaci\u00f3n e con elo a vida dos n\u00facleos urb\u00e1ns de Soutelo e Forcarei. Queremos uns mellores accesos co formigonado impreso nos n\u00facleos de Alfons\u00edn (Sta Mari\u00f1a de Presqueiras), Pardesoa, (Pardesoa) And\u00f3n (Aciveiro) Murada e Mamoa (Castrelo) Fix\u00f3 e Vilari\u00f1o (Millerada) e Barro (S. Miguel de Presqueiras)<\/p>\n\n\n\n<p>Queremos igualmente que se garanta o saneamento de Sangu\u00f1edo (Magdalena) ou San Marcos (Pardesoa)<\/p>\n\n\n\n<p>Por \u00faltimo mostramos toda a nosa disposici\u00f3n para negociar o orzamento das \u00e1reas acordadas no acordo de goberno do inicio de mandato e que a d\u00eda de hoxe seguen sen materializarse nin darnos participaci\u00f3n real no goberno.<\/p>\n","protected":false},"excerpt":{"rendered":"<div class=\"mh-excerpt\"><p>Queremos que se empece unha negociaci\u00f3n dos orzamentos que dea sa\u00edda aos m\u00faltiples problemas de investimentos ou de tramitaci\u00f3n de facturas deste concello <a class=\"mh-excerpt-more\" href=\"https:\/\/www.anovapeneira.gal\/index.php\/2024\/05\/23\/dende-o-bng-urximos-ao-psoe-a-negociar-uns-orzamentos-que-se-venen-demorando-no-tempo-e-que-estan-impedindo-que-forcarei-funcione-con-normalidade\/\" title=\"Dende o BNG urximos ao PSOE a negociar uns orzamentos que se ve\u00f1en demorando no tempo e que est\u00e1n impedindo que Forcarei funcione con normalidade\">[&#8230;]<\/a><\/p>\n<\/div>","protected":false},"author":3,"featured_media":8265,"comment_status":"open","ping_status":"open","sticky":false,"template":"","format":"standard","meta":{"_exactmetrics_skip_tracking":false,"_exactmetrics_sitenote_active":false,"_exactmetrics_sitenote_note":"","_exactmetrics_sitenote_category":0,"footnotes":""},"categories":[26],"tags":[1189],"class_list":{"0":"post-11773","1":"post","2":"type-post","3":"status-publish","4":"format-standard","5":"has-post-thumbnail","7":"category-pontevedra","8":"tag-concello-forcarei"},"yoast_head":"<!-- This site is optimized with the Yoast SEO plugin v27.4 - https:\/\/yoast.com\/product\/yoast-seo-wordpress\/ -->\n<title>Dende o BNG urximos ao PSOE a negociar uns orzamentos que se ve\u00f1en demorando no tempo e que est\u00e1n impedindo que Forcarei funcione con normalidade -<\/title>\n<meta name=\"robots\" content=\"index, follow, max-snippet:-1, max-image-preview:large, max-video-preview:-1\" \/>\n<link rel=\"canonical\" href=\"https:\/\/www.anovapeneira.gal\/index.php\/2024\/05\/23\/dende-o-bng-urximos-ao-psoe-a-negociar-uns-orzamentos-que-se-venen-demorando-no-tempo-e-que-estan-impedindo-que-forcarei-funcione-con-normalidade\/\" \/>\n<meta property=\"og:locale\" content=\"gl_ES\" \/>\n<meta property=\"og:type\" content=\"article\" \/>\n<meta property=\"og:title\" content=\"Dende o BNG urximos ao PSOE a negociar uns orzamentos que se ve\u00f1en demorando no tempo e que est\u00e1n impedindo que Forcarei funcione con normalidade -\" \/>\n<meta property=\"og:description\" content=\"Queremos que se empece unha negociaci\u00f3n dos orzamentos que dea sa\u00edda aos m\u00faltiples problemas de investimentos ou de tramitaci\u00f3n de facturas deste concello [...]\" \/>\n<meta property=\"og:url\" content=\"https:\/\/www.anovapeneira.gal\/index.php\/2024\/05\/23\/dende-o-bng-urximos-ao-psoe-a-negociar-uns-orzamentos-que-se-venen-demorando-no-tempo-e-que-estan-impedindo-que-forcarei-funcione-con-normalidade\/\" \/>\n<meta property=\"article:publisher\" content=\"https:\/\/www.facebook.com\/anovapeneira\" \/>\n<meta property=\"article:published_time\" content=\"2024-05-23T10:00:22+00:00\" \/>\n<meta property=\"og:image\" content=\"https:\/\/www.anovapeneira.gal\/wp-content\/uploads\/2022\/09\/bng_logo_2.jpg\" \/>\n\t<meta property=\"og:image:width\" content=\"720\" \/>\n\t<meta property=\"og:image:height\" content=\"432\" \/>\n\t<meta property=\"og:image:type\" content=\"image\/jpeg\" \/>\n<meta name=\"author\" content=\"Redacci\u00f3n A Nova Peneira\" \/>\n<meta name=\"twitter:card\" content=\"summary_large_image\" \/>\n<meta name=\"twitter:creator\" content=\"@APeneira\" \/>\n<meta name=\"twitter:site\" content=\"@APeneira\" \/>\n<meta name=\"twitter:label1\" content=\"Escrito por\" \/>\n\t<meta name=\"twitter:data1\" content=\"Redacci\u00f3n A Nova Peneira\" \/>\n\t<meta name=\"twitter:label2\" content=\"Tempo de lectura\" \/>\n\t<meta name=\"twitter:data2\" content=\"2 minutos\" \/>\n<script type=\"application\/ld+json\" class=\"yoast-schema-graph\">{\"@context\":\"https:\\\/\\\/schema.org\",\"@graph\":[{\"@type\":\"Article\",\"@id\":\"https:\\\/\\\/www.anovapeneira.gal\\\/index.php\\\/2024\\\/05\\\/23\\\/dende-o-bng-urximos-ao-psoe-a-negociar-uns-orzamentos-que-se-venen-demorando-no-tempo-e-que-estan-impedindo-que-forcarei-funcione-con-normalidade\\\/#article\",\"isPartOf\":{\"@id\":\"https:\\\/\\\/www.anovapeneira.gal\\\/index.php\\\/2024\\\/05\\\/23\\\/dende-o-bng-urximos-ao-psoe-a-negociar-uns-orzamentos-que-se-venen-demorando-no-tempo-e-que-estan-impedindo-que-forcarei-funcione-con-normalidade\\\/\"},\"author\":{\"name\":\"Redacci\u00f3n A Nova Peneira\",\"@id\":\"https:\\\/\\\/www.anovapeneira.gal\\\/#\\\/schema\\\/person\\\/b93e3f8932e3f8da96334607eb6ac6aa\"},\"headline\":\"Dende o BNG urximos ao PSOE a negociar uns orzamentos que se ve\u00f1en demorando no tempo e que est\u00e1n impedindo que Forcarei funcione con normalidade\",\"datePublished\":\"2024-05-23T10:00:22+00:00\",\"mainEntityOfPage\":{\"@id\":\"https:\\\/\\\/www.anovapeneira.gal\\\/index.php\\\/2024\\\/05\\\/23\\\/dende-o-bng-urximos-ao-psoe-a-negociar-uns-orzamentos-que-se-venen-demorando-no-tempo-e-que-estan-impedindo-que-forcarei-funcione-con-normalidade\\\/\"},\"wordCount\":309,\"commentCount\":0,\"publisher\":{\"@id\":\"https:\\\/\\\/www.anovapeneira.gal\\\/#organization\"},\"image\":{\"@id\":\"https:\\\/\\\/www.anovapeneira.gal\\\/index.php\\\/2024\\\/05\\\/23\\\/dende-o-bng-urximos-ao-psoe-a-negociar-uns-orzamentos-que-se-venen-demorando-no-tempo-e-que-estan-impedindo-que-forcarei-funcione-con-normalidade\\\/#primaryimage\"},\"thumbnailUrl\":\"https:\\\/\\\/www.anovapeneira.gal\\\/wp-content\\\/uploads\\\/2022\\\/09\\\/bng_logo_2.jpg\",\"keywords\":[\"Concello Forcarei\"],\"articleSection\":[\"Pontevedra\"],\"inLanguage\":\"gl-ES\",\"potentialAction\":[{\"@type\":\"CommentAction\",\"name\":\"Comment\",\"target\":[\"https:\\\/\\\/www.anovapeneira.gal\\\/index.php\\\/2024\\\/05\\\/23\\\/dende-o-bng-urximos-ao-psoe-a-negociar-uns-orzamentos-que-se-venen-demorando-no-tempo-e-que-estan-impedindo-que-forcarei-funcione-con-normalidade\\\/#respond\"]}]},{\"@type\":\"WebPage\",\"@id\":\"https:\\\/\\\/www.anovapeneira.gal\\\/index.php\\\/2024\\\/05\\\/23\\\/dende-o-bng-urximos-ao-psoe-a-negociar-uns-orzamentos-que-se-venen-demorando-no-tempo-e-que-estan-impedindo-que-forcarei-funcione-con-normalidade\\\/\",\"url\":\"https:\\\/\\\/www.anovapeneira.gal\\\/index.php\\\/2024\\\/05\\\/23\\\/dende-o-bng-urximos-ao-psoe-a-negociar-uns-orzamentos-que-se-venen-demorando-no-tempo-e-que-estan-impedindo-que-forcarei-funcione-con-normalidade\\\/\",\"name\":\"Dende o BNG urximos ao PSOE a negociar uns orzamentos que se ve\u00f1en demorando no tempo e que est\u00e1n impedindo que Forcarei funcione con normalidade -\",\"isPartOf\":{\"@id\":\"https:\\\/\\\/www.anovapeneira.gal\\\/#website\"},\"primaryImageOfPage\":{\"@id\":\"https:\\\/\\\/www.anovapeneira.gal\\\/index.php\\\/2024\\\/05\\\/23\\\/dende-o-bng-urximos-ao-psoe-a-negociar-uns-orzamentos-que-se-venen-demorando-no-tempo-e-que-estan-impedindo-que-forcarei-funcione-con-normalidade\\\/#primaryimage\"},\"image\":{\"@id\":\"https:\\\/\\\/www.anovapeneira.gal\\\/index.php\\\/2024\\\/05\\\/23\\\/dende-o-bng-urximos-ao-psoe-a-negociar-uns-orzamentos-que-se-venen-demorando-no-tempo-e-que-estan-impedindo-que-forcarei-funcione-con-normalidade\\\/#primaryimage\"},\"thumbnailUrl\":\"https:\\\/\\\/www.anovapeneira.gal\\\/wp-content\\\/uploads\\\/2022\\\/09\\\/bng_logo_2.jpg\",\"datePublished\":\"2024-05-23T10:00:22+00:00\",\"breadcrumb\":{\"@id\":\"https:\\\/\\\/www.anovapeneira.gal\\\/index.php\\\/2024\\\/05\\\/23\\\/dende-o-bng-urximos-ao-psoe-a-negociar-uns-orzamentos-que-se-venen-demorando-no-tempo-e-que-estan-impedindo-que-forcarei-funcione-con-normalidade\\\/#breadcrumb\"},\"inLanguage\":\"gl-ES\",\"potentialAction\":[{\"@type\":\"ReadAction\",\"target\":[\"https:\\\/\\\/www.anovapeneira.gal\\\/index.php\\\/2024\\\/05\\\/23\\\/dende-o-bng-urximos-ao-psoe-a-negociar-uns-orzamentos-que-se-venen-demorando-no-tempo-e-que-estan-impedindo-que-forcarei-funcione-con-normalidade\\\/\"]}]},{\"@type\":\"ImageObject\",\"inLanguage\":\"gl-ES\",\"@id\":\"https:\\\/\\\/www.anovapeneira.gal\\\/index.php\\\/2024\\\/05\\\/23\\\/dende-o-bng-urximos-ao-psoe-a-negociar-uns-orzamentos-que-se-venen-demorando-no-tempo-e-que-estan-impedindo-que-forcarei-funcione-con-normalidade\\\/#primaryimage\",\"url\":\"https:\\\/\\\/www.anovapeneira.gal\\\/wp-content\\\/uploads\\\/2022\\\/09\\\/bng_logo_2.jpg\",\"contentUrl\":\"https:\\\/\\\/www.anovapeneira.gal\\\/wp-content\\\/uploads\\\/2022\\\/09\\\/bng_logo_2.jpg\",\"width\":720,\"height\":432,\"caption\":\"Logotipo BNG\"},{\"@type\":\"BreadcrumbList\",\"@id\":\"https:\\\/\\\/www.anovapeneira.gal\\\/index.php\\\/2024\\\/05\\\/23\\\/dende-o-bng-urximos-ao-psoe-a-negociar-uns-orzamentos-que-se-venen-demorando-no-tempo-e-que-estan-impedindo-que-forcarei-funcione-con-normalidade\\\/#breadcrumb\",\"itemListElement\":[{\"@type\":\"ListItem\",\"position\":1,\"name\":\"Portada\",\"item\":\"https:\\\/\\\/www.anovapeneira.gal\\\/\"},{\"@type\":\"ListItem\",\"position\":2,\"name\":\"Dende o BNG urximos ao PSOE a negociar uns orzamentos que se ve\u00f1en demorando no tempo e que est\u00e1n impedindo que Forcarei funcione con normalidade\"}]},{\"@type\":\"WebSite\",\"@id\":\"https:\\\/\\\/www.anovapeneira.gal\\\/#website\",\"url\":\"https:\\\/\\\/www.anovapeneira.gal\\\/\",\"name\":\"\",\"description\":\"Xornal galego de informaci\u00f3n xeral Publicaci\u00f3n mensual de novas de Galicia e en especial dos Concellos da sur da provincia de Pontevedra.\",\"publisher\":{\"@id\":\"https:\\\/\\\/www.anovapeneira.gal\\\/#organization\"},\"potentialAction\":[{\"@type\":\"SearchAction\",\"target\":{\"@type\":\"EntryPoint\",\"urlTemplate\":\"https:\\\/\\\/www.anovapeneira.gal\\\/?s={search_term_string}\"},\"query-input\":{\"@type\":\"PropertyValueSpecification\",\"valueRequired\":true,\"valueName\":\"search_term_string\"}}],\"inLanguage\":\"gl-ES\"},{\"@type\":\"Organization\",\"@id\":\"https:\\\/\\\/www.anovapeneira.gal\\\/#organization\",\"name\":\"A Nova Peneira\",\"url\":\"https:\\\/\\\/www.anovapeneira.gal\\\/\",\"logo\":{\"@type\":\"ImageObject\",\"inLanguage\":\"gl-ES\",\"@id\":\"https:\\\/\\\/www.anovapeneira.gal\\\/#\\\/schema\\\/logo\\\/image\\\/\",\"url\":\"http:\\\/\\\/www.anovapeneira.gal\\\/wp-content\\\/uploads\\\/2019\\\/06\\\/logo_a_nova_peneira_portal_web.png\",\"contentUrl\":\"http:\\\/\\\/www.anovapeneira.gal\\\/wp-content\\\/uploads\\\/2019\\\/06\\\/logo_a_nova_peneira_portal_web.png\",\"width\":300,\"height\":100,\"caption\":\"A Nova Peneira\"},\"image\":{\"@id\":\"https:\\\/\\\/www.anovapeneira.gal\\\/#\\\/schema\\\/logo\\\/image\\\/\"},\"sameAs\":[\"https:\\\/\\\/www.facebook.com\\\/anovapeneira\",\"https:\\\/\\\/x.com\\\/APeneira\"]},{\"@type\":\"Person\",\"@id\":\"https:\\\/\\\/www.anovapeneira.gal\\\/#\\\/schema\\\/person\\\/b93e3f8932e3f8da96334607eb6ac6aa\",\"name\":\"Redacci\u00f3n A Nova Peneira\",\"image\":{\"@type\":\"ImageObject\",\"inLanguage\":\"gl-ES\",\"@id\":\"https:\\\/\\\/secure.gravatar.com\\\/avatar\\\/c052a2551a06e23fac63626232eaa90abd78dbcf1700fc46a2b2c89fd27b735f?s=96&d=mm&r=g\",\"url\":\"https:\\\/\\\/secure.gravatar.com\\\/avatar\\\/c052a2551a06e23fac63626232eaa90abd78dbcf1700fc46a2b2c89fd27b735f?s=96&d=mm&r=g\",\"contentUrl\":\"https:\\\/\\\/secure.gravatar.com\\\/avatar\\\/c052a2551a06e23fac63626232eaa90abd78dbcf1700fc46a2b2c89fd27b735f?s=96&d=mm&r=g\",\"caption\":\"Redacci\u00f3n A Nova Peneira\"},\"sameAs\":[\"http:\\\/\\\/www.anovapeneira.gal\\\/\"],\"url\":\"https:\\\/\\\/www.anovapeneira.gal\\\/index.php\\\/author\\\/redactor\\\/\"}]}<\/script>\n<!-- \/ Yoast SEO plugin. -->","yoast_head_json":{"title":"Dende o BNG urximos ao PSOE a negociar uns orzamentos que se ve\u00f1en demorando no tempo e que est\u00e1n impedindo que Forcarei funcione con normalidade -","robots":{"index":"index","follow":"follow","max-snippet":"max-snippet:-1","max-image-preview":"max-image-preview:large","max-video-preview":"max-video-preview:-1"},"canonical":"https:\/\/www.anovapeneira.gal\/index.php\/2024\/05\/23\/dende-o-bng-urximos-ao-psoe-a-negociar-uns-orzamentos-que-se-venen-demorando-no-tempo-e-que-estan-impedindo-que-forcarei-funcione-con-normalidade\/","og_locale":"gl_ES","og_type":"article","og_title":"Dende o BNG urximos ao PSOE a negociar uns orzamentos que se ve\u00f1en demorando no tempo e que est\u00e1n impedindo que Forcarei funcione con normalidade -","og_description":"Queremos que se empece unha negociaci\u00f3n dos orzamentos que dea sa\u00edda aos m\u00faltiples problemas de investimentos ou de tramitaci\u00f3n de facturas deste concello [...]","og_url":"https:\/\/www.anovapeneira.gal\/index.php\/2024\/05\/23\/dende-o-bng-urximos-ao-psoe-a-negociar-uns-orzamentos-que-se-venen-demorando-no-tempo-e-que-estan-impedindo-que-forcarei-funcione-con-normalidade\/","article_publisher":"https:\/\/www.facebook.com\/anovapeneira","article_published_time":"2024-05-23T10:00:22+00:00","og_image":[{"width":720,"height":432,"url":"https:\/\/www.anovapeneira.gal\/wp-content\/uploads\/2022\/09\/bng_logo_2.jpg","type":"image\/jpeg"}],"author":"Redacci\u00f3n A Nova Peneira","twitter_card":"summary_large_image","twitter_creator":"@APeneira","twitter_site":"@APeneira","twitter_misc":{"Escrito por":"Redacci\u00f3n A Nova Peneira","Tempo de lectura":"2 minutos"},"schema":{"@context":"https:\/\/schema.org","@graph":[{"@type":"Article","@id":"https:\/\/www.anovapeneira.gal\/index.php\/2024\/05\/23\/dende-o-bng-urximos-ao-psoe-a-negociar-uns-orzamentos-que-se-venen-demorando-no-tempo-e-que-estan-impedindo-que-forcarei-funcione-con-normalidade\/#article","isPartOf":{"@id":"https:\/\/www.anovapeneira.gal\/index.php\/2024\/05\/23\/dende-o-bng-urximos-ao-psoe-a-negociar-uns-orzamentos-que-se-venen-demorando-no-tempo-e-que-estan-impedindo-que-forcarei-funcione-con-normalidade\/"},"author":{"name":"Redacci\u00f3n A Nova Peneira","@id":"https:\/\/www.anovapeneira.gal\/#\/schema\/person\/b93e3f8932e3f8da96334607eb6ac6aa"},"headline":"Dende o BNG urximos ao PSOE a negociar uns orzamentos que se ve\u00f1en demorando no tempo e que est\u00e1n impedindo que Forcarei funcione con normalidade","datePublished":"2024-05-23T10:00:22+00:00","mainEntityOfPage":{"@id":"https:\/\/www.anovapeneira.gal\/index.php\/2024\/05\/23\/dende-o-bng-urximos-ao-psoe-a-negociar-uns-orzamentos-que-se-venen-demorando-no-tempo-e-que-estan-impedindo-que-forcarei-funcione-con-normalidade\/"},"wordCount":309,"commentCount":0,"publisher":{"@id":"https:\/\/www.anovapeneira.gal\/#organization"},"image":{"@id":"https:\/\/www.anovapeneira.gal\/index.php\/2024\/05\/23\/dende-o-bng-urximos-ao-psoe-a-negociar-uns-orzamentos-que-se-venen-demorando-no-tempo-e-que-estan-impedindo-que-forcarei-funcione-con-normalidade\/#primaryimage"},"thumbnailUrl":"https:\/\/www.anovapeneira.gal\/wp-content\/uploads\/2022\/09\/bng_logo_2.jpg","keywords":["Concello Forcarei"],"articleSection":["Pontevedra"],"inLanguage":"gl-ES","potentialAction":[{"@type":"CommentAction","name":"Comment","target":["https:\/\/www.anovapeneira.gal\/index.php\/2024\/05\/23\/dende-o-bng-urximos-ao-psoe-a-negociar-uns-orzamentos-que-se-venen-demorando-no-tempo-e-que-estan-impedindo-que-forcarei-funcione-con-normalidade\/#respond"]}]},{"@type":"WebPage","@id":"https:\/\/www.anovapeneira.gal\/index.php\/2024\/05\/23\/dende-o-bng-urximos-ao-psoe-a-negociar-uns-orzamentos-que-se-venen-demorando-no-tempo-e-que-estan-impedindo-que-forcarei-funcione-con-normalidade\/","url":"https:\/\/www.anovapeneira.gal\/index.php\/2024\/05\/23\/dende-o-bng-urximos-ao-psoe-a-negociar-uns-orzamentos-que-se-venen-demorando-no-tempo-e-que-estan-impedindo-que-forcarei-funcione-con-normalidade\/","name":"Dende o BNG urximos ao PSOE a negociar uns orzamentos que se ve\u00f1en demorando no tempo e que est\u00e1n impedindo que Forcarei funcione con normalidade -","isPartOf":{"@id":"https:\/\/www.anovapeneira.gal\/#website"},"primaryImageOfPage":{"@id":"https:\/\/www.anovapeneira.gal\/index.php\/2024\/05\/23\/dende-o-bng-urximos-ao-psoe-a-negociar-uns-orzamentos-que-se-venen-demorando-no-tempo-e-que-estan-impedindo-que-forcarei-funcione-con-normalidade\/#primaryimage"},"image":{"@id":"https:\/\/www.anovapeneira.gal\/index.php\/2024\/05\/23\/dende-o-bng-urximos-ao-psoe-a-negociar-uns-orzamentos-que-se-venen-demorando-no-tempo-e-que-estan-impedindo-que-forcarei-funcione-con-normalidade\/#primaryimage"},"thumbnailUrl":"https:\/\/www.anovapeneira.gal\/wp-content\/uploads\/2022\/09\/bng_logo_2.jpg","datePublished":"2024-05-23T10:00:22+00:00","breadcrumb":{"@id":"https:\/\/www.anovapeneira.gal\/index.php\/2024\/05\/23\/dende-o-bng-urximos-ao-psoe-a-negociar-uns-orzamentos-que-se-venen-demorando-no-tempo-e-que-estan-impedindo-que-forcarei-funcione-con-normalidade\/#breadcrumb"},"inLanguage":"gl-ES","potentialAction":[{"@type":"ReadAction","target":["https:\/\/www.anovapeneira.gal\/index.php\/2024\/05\/23\/dende-o-bng-urximos-ao-psoe-a-negociar-uns-orzamentos-que-se-venen-demorando-no-tempo-e-que-estan-impedindo-que-forcarei-funcione-con-normalidade\/"]}]},{"@type":"ImageObject","inLanguage":"gl-ES","@id":"https:\/\/www.anovapeneira.gal\/index.php\/2024\/05\/23\/dende-o-bng-urximos-ao-psoe-a-negociar-uns-orzamentos-que-se-venen-demorando-no-tempo-e-que-estan-impedindo-que-forcarei-funcione-con-normalidade\/#primaryimage","url":"https:\/\/www.anovapeneira.gal\/wp-content\/uploads\/2022\/09\/bng_logo_2.jpg","contentUrl":"https:\/\/www.anovapeneira.gal\/wp-content\/uploads\/2022\/09\/bng_logo_2.jpg","width":720,"height":432,"caption":"Logotipo BNG"},{"@type":"BreadcrumbList","@id":"https:\/\/www.anovapeneira.gal\/index.php\/2024\/05\/23\/dende-o-bng-urximos-ao-psoe-a-negociar-uns-orzamentos-que-se-venen-demorando-no-tempo-e-que-estan-impedindo-que-forcarei-funcione-con-normalidade\/#breadcrumb","itemListElement":[{"@type":"ListItem","position":1,"name":"Portada","item":"https:\/\/www.anovapeneira.gal\/"},{"@type":"ListItem","position":2,"name":"Dende o BNG urximos ao PSOE a negociar uns orzamentos que se ve\u00f1en demorando no tempo e que est\u00e1n impedindo que Forcarei funcione con normalidade"}]},{"@type":"WebSite","@id":"https:\/\/www.anovapeneira.gal\/#website","url":"https:\/\/www.anovapeneira.gal\/","name":"","description":"Xornal galego de informaci\u00f3n xeral Publicaci\u00f3n mensual de novas de Galicia e en especial dos Concellos da sur da provincia de Pontevedra.","publisher":{"@id":"https:\/\/www.anovapeneira.gal\/#organization"},"potentialAction":[{"@type":"SearchAction","target":{"@type":"EntryPoint","urlTemplate":"https:\/\/www.anovapeneira.gal\/?s={search_term_string}"},"query-input":{"@type":"PropertyValueSpecification","valueRequired":true,"valueName":"search_term_string"}}],"inLanguage":"gl-ES"},{"@type":"Organization","@id":"https:\/\/www.anovapeneira.gal\/#organization","name":"A Nova Peneira","url":"https:\/\/www.anovapeneira.gal\/","logo":{"@type":"ImageObject","inLanguage":"gl-ES","@id":"https:\/\/www.anovapeneira.gal\/#\/schema\/logo\/image\/","url":"http:\/\/www.anovapeneira.gal\/wp-content\/uploads\/2019\/06\/logo_a_nova_peneira_portal_web.png","contentUrl":"http:\/\/www.anovapeneira.gal\/wp-content\/uploads\/2019\/06\/logo_a_nova_peneira_portal_web.png","width":300,"height":100,"caption":"A Nova Peneira"},"image":{"@id":"https:\/\/www.anovapeneira.gal\/#\/schema\/logo\/image\/"},"sameAs":["https:\/\/www.facebook.com\/anovapeneira","https:\/\/x.com\/APeneira"]},{"@type":"Person","@id":"https:\/\/www.anovapeneira.gal\/#\/schema\/person\/b93e3f8932e3f8da96334607eb6ac6aa","name":"Redacci\u00f3n A Nova Peneira","image":{"@type":"ImageObject","inLanguage":"gl-ES","@id":"https:\/\/secure.gravatar.com\/avatar\/c052a2551a06e23fac63626232eaa90abd78dbcf1700fc46a2b2c89fd27b735f?s=96&d=mm&r=g","url":"https:\/\/secure.gravatar.com\/avatar\/c052a2551a06e23fac63626232eaa90abd78dbcf1700fc46a2b2c89fd27b735f?s=96&d=mm&r=g","contentUrl":"https:\/\/secure.gravatar.com\/avatar\/c052a2551a06e23fac63626232eaa90abd78dbcf1700fc46a2b2c89fd27b735f?s=96&d=mm&r=g","caption":"Redacci\u00f3n A Nova Peneira"},"sameAs":["http:\/\/www.anovapeneira.gal\/"],"url":"https:\/\/www.anovapeneira.gal\/index.php\/author\/redactor\/"}]}},"jetpack_featured_media_url":"https:\/\/www.anovapeneira.gal\/wp-content\/uploads\/2022\/09\/bng_logo_2.jpg","_links":{"self":[{"href":"https:\/\/www.anovapeneira.gal\/index.php\/wp-json\/wp\/v2\/posts\/11773","targetHints":{"allow":["GET"]}}],"collection":[{"href":"https:\/\/www.anovapeneira.gal\/index.php\/wp-json\/wp\/v2\/posts"}],"about":[{"href":"https:\/\/www.anovapeneira.gal\/index.php\/wp-json\/wp\/v2\/types\/post"}],"author":[{"embeddable":true,"href":"https:\/\/www.anovapeneira.gal\/index.php\/wp-json\/wp\/v2\/users\/3"}],"replies":[{"embeddable":true,"href":"https:\/\/www.anovapeneira.gal\/index.php\/wp-json\/wp\/v2\/comments?post=11773"}],"version-history":[{"count":1,"href":"https:\/\/www.anovapeneira.gal\/index.php\/wp-json\/wp\/v2\/posts\/11773\/revisions"}],"predecessor-version":[{"id":11774,"href":"https:\/\/www.anovapeneira.gal\/index.php\/wp-json\/wp\/v2\/posts\/11773\/revisions\/11774"}],"wp:featuredmedia":[{"embeddable":true,"href":"https:\/\/www.anovapeneira.gal\/index.php\/wp-json\/wp\/v2\/media\/8265"}],"wp:attachment":[{"href":"https:\/\/www.anovapeneira.gal\/index.php\/wp-json\/wp\/v2\/media?parent=11773"}],"wp:term":[{"taxonomy":"category","embeddable":true,"href":"https:\/\/www.anovapeneira.gal\/index.php\/wp-json\/wp\/v2\/categories?post=11773"},{"taxonomy":"post_tag","embeddable":true,"href":"https:\/\/www.anovapeneira.gal\/index.php\/wp-json\/wp\/v2\/tags?post=11773"}],"curies":[{"name":"wp","href":"https:\/\/api.w.org\/{rel}","templated":true}]}}