{"id":11775,"date":"2024-05-24T10:00:59","date_gmt":"2024-05-24T08:00:59","guid":{"rendered":"https:\/\/www.anovapeneira.gal\/?p=11775"},"modified":"2024-05-20T10:25:38","modified_gmt":"2024-05-20T08:25:38","slug":"en-ventosela-entre-o-aroma-das-flores-a-beleza-das-silveiras-e-a-dozura-das-ameixas-nacen","status":"publish","type":"post","link":"https:\/\/www.anovapeneira.gal\/index.php\/2024\/05\/24\/en-ventosela-entre-o-aroma-das-flores-a-beleza-das-silveiras-e-a-dozura-das-ameixas-nacen\/","title":{"rendered":"En Ventosela, entre o aroma das flores, a beleza das silveiras e a dozura das ameixas, nacen:"},"content":{"rendered":"\n<h2 class=\"wp-block-heading\"><strong>As Tareixas<\/strong><\/h2>\n\n\n\n<p><strong>Dous d\u00edas antes da xornada en que a maior\u00eda de cabeceiras deste pa\u00eds adornan de maneira simb\u00f3lica as s\u00faas portadas co idioma de Mart\u00edn Codax, Rosal\u00eda, Otero Pedrayo , Castelao ou Luisa Villalta, sub\u00edn ata San Marti\u00f1o de Ventosela. Al\u00ed,a emoci\u00f3n de poder conversar con normalidade cunha nena e un neno que falan o idioma propio de Galicia con normalidade, sementou en min a esperanza de que, se cadra, non est\u00e1 todo perdido. E de ser o caso de que non estea a confundir o desexo coa realidade, se non o est\u00e1 \u00e9 a pesar de quen nos goberna e grazas a vontade, ao compromiso e ao amor de persoas como Olga e como Jose que son, como tantas e tantos, as que co seu labor impiden que morra un idioma de 1.000 anos. Olga \u00e9 a nai, e Jose \u00e9 o pai de Omara de 8 anos e de Rom\u00e1n de 10. Omara toca a trompeta, e Rom\u00e1n o clarinete. Os dous forman xunto ao seu pai, m\u00fasico profesional, o grupo As Tareixas. O nome \u00e9 o alcume, cuxa orixe p\u00e9rdese na br\u00e9tema dos tempos pasados, co que \u00e9 co\u00f1ecida a familia de Olga, naturais de San Marti\u00f1o de Ventosela. As Tareixas nace despois dunha operaci\u00f3n de cadeira que sofre a avoa Martina, cuxa descrici\u00f3n, a modo divertido, nos contan nun tema musical que ga\u00f1a o segundo premio nun concurso da Deputaci\u00f3n da Coru\u00f1a. Cando a avoa Martina, xa plenamente recuperada da s\u00faa operaci\u00f3n, cumpre os seus primeiros 80 anos, as Tareixas presentan un pequeno v\u00eddeo clip do seu tema, e n\u00f3s subimos ata San Marti\u00f1o a mergullarnos na felicidade de poder so\u00f1ar que as palabras de Luisa Villalta seguir\u00e1n eternamente vivas grazas a persoas como Omara e Rom\u00e1n.<\/strong><\/p>\n\n\n\n<p><strong>Cando naceu o grupo?<\/strong><\/p>\n\n\n\n<blockquote class=\"wp-block-quote is-layout-flow wp-block-quote-is-layout-flow\">\n<p>Xorde en decembro do ano pasado a ra\u00edz da operaci\u00f3n de cadeira da avoa de Omara e Rom\u00e1n, Martina, a avoa de Ventosela. A outra avoa est\u00e1 un pouco m\u00e1is lonxe.<\/p>\n<\/blockquote>\n\n\n\n<p><strong>Creo que a avoa Martina ten vocaci\u00f3n de xornalista, verdade?<\/strong><\/p>\n\n\n\n<blockquote class=\"wp-block-quote is-layout-flow wp-block-quote-is-layout-flow\">\n<p>Abof\u00e9 que a ten. F\u00edxate: A s\u00faa operaci\u00f3n foi con anestesia local, ent\u00f3n ela foi percibindo todos os pasos e fases do que lle estaban a facer. E no proceso da s\u00faa recuperaci\u00f3n foinos describindo paso a paso como foi todo.<\/p>\n<\/blockquote>\n\n\n\n<p><strong>E que tal foi a cr\u00f3nica m\u00e9dica da avoa Martina?<\/strong><\/p>\n\n\n\n<blockquote class=\"wp-block-quote is-layout-flow wp-block-quote-is-layout-flow\">\n<p>Foi moi divertida. Como cadrou en Nadal ocorr\u00e9usenos facer unha canci\u00f3n, aproveitando o tempo das vacaci\u00f3ns, sobre a operaci\u00f3n.<\/p>\n<\/blockquote>\n\n\n\n<p><strong>Quen \u00e9 o compositor ou compositora?<\/strong><\/p>\n\n\n\n<blockquote class=\"wp-block-quote is-layout-flow wp-block-quote-is-layout-flow\">\n<p>Ben, digamos que comezou o pai pero a letra ten achegas de toda a familia.<\/p>\n<\/blockquote>\n\n\n\n<p><strong>E logo fomos concursar?<\/strong><\/p>\n\n\n\n<blockquote class=\"wp-block-quote is-layout-flow wp-block-quote-is-layout-flow\">\n<p>Si, fomos concursar a \u201c Quero Cantar\u201d. \u00c9 un concurso que organiza a Deputaci\u00f3n da Coru\u00f1a. Foi o 20 de abril na Coru\u00f1a e acadamos o segundo premio.<\/p>\n<\/blockquote>\n\n\n\n<p><strong>En que sitio foi a actuaci\u00f3n?<\/strong><\/p>\n\n\n\n<blockquote class=\"wp-block-quote is-layout-flow wp-block-quote-is-layout-flow\">\n<p>No teatro Col\u00f3n. A\u00ednda que as cuesti\u00f3ns da burocracia non foron o que se di doadas. En concreto ref\u00edrome \u00e1 web da Deputaci\u00f3n, pois \u00e9 realmente complicada para manexar. Mandamos a canci\u00f3n, que pasa pola peneira dun xurado de m\u00fasicos profesionais. E se a pasa, vai \u00e1 gala final. N\u00f3s quedamos en segundo posto, por baixo duns rapaces de Teo que foron os que ga\u00f1aron. O ambiente en xeral entre todos os participantes foi extraordinariamente agradable<\/p>\n<\/blockquote>\n\n\n\n<p><strong>Estabas nervioso Rom\u00e1n?<\/strong><\/p>\n\n\n\n<blockquote class=\"wp-block-quote is-layout-flow wp-block-quote-is-layout-flow\">\n<p>Si,si que estaba.<\/p>\n<\/blockquote>\n\n\n\n<p><strong>E ti Omara?<\/strong><\/p>\n\n\n\n<blockquote class=\"wp-block-quote is-layout-flow wp-block-quote-is-layout-flow\">\n<p>Eu non.<\/p>\n<\/blockquote>\n\n\n\n<p><strong>Pois eu no teu lugar estar\u00eda tremendo. Un pouco nerviosa seguro que estabas. Confesa Omara, confesa?<\/strong><\/p>\n\n\n\n<blockquote class=\"wp-block-quote is-layout-flow wp-block-quote-is-layout-flow\">\n<p>Ha, ha ha ha&#8230;Ben, un pouco si.<\/p>\n<\/blockquote>\n\n\n\n<p><strong>En que consistiu o premio?<\/strong><\/p>\n\n\n\n<blockquote class=\"wp-block-quote is-layout-flow wp-block-quote-is-layout-flow\">\n<p>Nunha cantidade econ\u00f3mica para gastar en tendas de m\u00fasica.<\/p>\n<\/blockquote>\n\n\n\n<p><strong>A\u00ednda que v\u00f3s, que xa actuastes coas Ef\u00e9meras( antigo grupo musical de Olga), t\u00e1boas xa tedes, pero un teatro como ese seguro que imp\u00f3n. Hab\u00eda moita xente no p\u00fablico?<\/strong><\/p>\n\n\n\n<blockquote class=\"wp-block-quote is-layout-flow wp-block-quote-is-layout-flow\">\n<p>O local \u00e9 un teatro mediano, si. E a verdade \u00e9 que hab\u00eda bastante xente na representaci\u00f3n, e impo\u00f1er si que imp\u00f3n.<\/p>\n<\/blockquote>\n\n\n\n<p><strong>Onde aprendestes, Omara e Rom\u00e1n, a tocar os instrumentos que tocades?<\/strong><\/p>\n\n\n\n<blockquote class=\"wp-block-quote is-layout-flow wp-block-quote-is-layout-flow\">\n<p>Imos ao conservatorio de Redondela. Tocan a trompeta e o clarinete respectivamente porque son os instrumentos que m\u00e1is lles gustaron e para os que ti\u00f1an m\u00e1is actitudes. Tam\u00e9n os levamos \u00e1s asociaci\u00f3ns da contorna para que aprendan m\u00fasica tradicional.<\/p>\n<\/blockquote>\n\n\n\n<p><strong>E despois dese premio, que tanta ilusi\u00f3n nos fixo, que imos facer?<\/strong><\/p>\n\n\n\n<blockquote class=\"wp-block-quote is-layout-flow wp-block-quote-is-layout-flow\">\n<p>Pois n\u00f3s temos ilusi\u00f3n de seguir co grupo. De feito temos alg\u00fans concertos para o ver\u00e1n en diferentes puntos de Galicia:Redondela, Vilaboa, Soutomaior&#8230;.. Temos desde mediados de xu\u00f1o ata principios de setembro. Iremos anunci\u00e1ndoo nas nosas redes sociais<\/p>\n<\/blockquote>\n\n\n\n<p><strong>Para cando o disco?<\/strong><\/p>\n\n\n\n<blockquote class=\"wp-block-quote is-layout-flow wp-block-quote-is-layout-flow\">\n<p>Pois de momento temos entre oito e nove canci\u00f3ns, cando te\u00f1amos as suficientes para encher un, gravaremos o disco, claro que si.<\/p>\n<\/blockquote>\n\n\n\n<p><strong>Son todas canci\u00f3ns infant\u00eds?<\/strong><\/p>\n\n\n\n<blockquote class=\"wp-block-quote is-layout-flow wp-block-quote-is-layout-flow\">\n<p>Son baseadas no universo infantil.<\/p>\n<\/blockquote>\n\n\n\n<p><strong>Gustar\u00edavos que, Omara e ou Rom\u00e1n,se dedicaran profesionalmente \u00e1 m\u00fasica?<\/strong><\/p>\n\n\n\n<blockquote class=\"wp-block-quote is-layout-flow wp-block-quote-is-layout-flow\">\n<p>Ga\u00f1ar a vida coa m\u00fasica non \u00e9 nada doado. Pero se poden facelo e eles son felices con iso pois ser\u00eda unha forma moi bonita de ga\u00f1ala, desde logo que si.<\/p>\n<\/blockquote>\n","protected":false},"excerpt":{"rendered":"<div class=\"mh-excerpt\"><p>Dous d\u00edas antes da xornada en que a maior\u00eda de cabeceiras deste pa\u00eds adornan de maneira simb\u00f3lica as s\u00faas portadas co idioma de Mart\u00edn Codax, Rosal\u00eda, Otero Pedrayo , Castelao ou Luisa Villalta, sub\u00edn ata San Marti\u00f1o de Ventosela <a class=\"mh-excerpt-more\" href=\"https:\/\/www.anovapeneira.gal\/index.php\/2024\/05\/24\/en-ventosela-entre-o-aroma-das-flores-a-beleza-das-silveiras-e-a-dozura-das-ameixas-nacen\/\" title=\"En Ventosela, entre o aroma das flores, a beleza das silveiras e a dozura das ameixas, nacen:\">[&#8230;]<\/a><\/p>\n<\/div>","protected":false},"author":6,"featured_media":11776,"comment_status":"open","ping_status":"open","sticky":false,"template":"","format":"standard","meta":{"_exactmetrics_skip_tracking":false,"_exactmetrics_sitenote_active":false,"_exactmetrics_sitenote_note":"","_exactmetrics_sitenote_category":0,"footnotes":""},"categories":[270],"tags":[171],"class_list":{"0":"post-11775","1":"post","2":"type-post","3":"status-publish","4":"format-standard","5":"has-post-thumbnail","7":"category-redondela-entrevistas","8":"tag-concello-de-redondela"},"yoast_head":"<!-- This site is optimized with the Yoast SEO plugin v27.4 - https:\/\/yoast.com\/product\/yoast-seo-wordpress\/ -->\n<title>En Ventosela, entre o aroma das flores, a beleza das silveiras e a dozura das ameixas, nacen: -<\/title>\n<meta name=\"robots\" content=\"index, follow, max-snippet:-1, max-image-preview:large, max-video-preview:-1\" \/>\n<link rel=\"canonical\" href=\"https:\/\/www.anovapeneira.gal\/index.php\/2024\/05\/24\/en-ventosela-entre-o-aroma-das-flores-a-beleza-das-silveiras-e-a-dozura-das-ameixas-nacen\/\" \/>\n<meta property=\"og:locale\" content=\"gl_ES\" \/>\n<meta property=\"og:type\" content=\"article\" \/>\n<meta property=\"og:title\" content=\"En Ventosela, entre o aroma das flores, a beleza das silveiras e a dozura das ameixas, nacen: -\" \/>\n<meta property=\"og:description\" content=\"Dous d\u00edas antes da xornada en que a maior\u00eda de cabeceiras deste pa\u00eds adornan de maneira simb\u00f3lica as s\u00faas portadas co idioma de Mart\u00edn Codax, Rosal\u00eda, Otero Pedrayo , Castelao ou Luisa Villalta, sub\u00edn ata San Marti\u00f1o de Ventosela [...]\" \/>\n<meta property=\"og:url\" content=\"https:\/\/www.anovapeneira.gal\/index.php\/2024\/05\/24\/en-ventosela-entre-o-aroma-das-flores-a-beleza-das-silveiras-e-a-dozura-das-ameixas-nacen\/\" \/>\n<meta property=\"article:publisher\" content=\"https:\/\/www.facebook.com\/anovapeneira\" \/>\n<meta property=\"article:published_time\" content=\"2024-05-24T08:00:59+00:00\" \/>\n<meta property=\"og:image\" content=\"https:\/\/www.anovapeneira.gal\/wp-content\/uploads\/2024\/05\/tareixas.jpg\" \/>\n\t<meta property=\"og:image:width\" content=\"720\" \/>\n\t<meta property=\"og:image:height\" content=\"432\" \/>\n\t<meta property=\"og:image:type\" content=\"image\/jpeg\" \/>\n<meta name=\"author\" content=\"Marcos Santos\" \/>\n<meta name=\"twitter:card\" content=\"summary_large_image\" \/>\n<meta name=\"twitter:creator\" content=\"@APeneira\" \/>\n<meta name=\"twitter:site\" content=\"@APeneira\" \/>\n<meta name=\"twitter:label1\" content=\"Escrito por\" \/>\n\t<meta name=\"twitter:data1\" content=\"Marcos Santos\" \/>\n\t<meta name=\"twitter:label2\" content=\"Tempo de lectura\" \/>\n\t<meta name=\"twitter:data2\" content=\"3 minutos\" \/>\n<script type=\"application\/ld+json\" class=\"yoast-schema-graph\">{\"@context\":\"https:\\\/\\\/schema.org\",\"@graph\":[{\"@type\":\"Article\",\"@id\":\"https:\\\/\\\/www.anovapeneira.gal\\\/index.php\\\/2024\\\/05\\\/24\\\/en-ventosela-entre-o-aroma-das-flores-a-beleza-das-silveiras-e-a-dozura-das-ameixas-nacen\\\/#article\",\"isPartOf\":{\"@id\":\"https:\\\/\\\/www.anovapeneira.gal\\\/index.php\\\/2024\\\/05\\\/24\\\/en-ventosela-entre-o-aroma-das-flores-a-beleza-das-silveiras-e-a-dozura-das-ameixas-nacen\\\/\"},\"author\":{\"name\":\"Marcos Santos\",\"@id\":\"https:\\\/\\\/www.anovapeneira.gal\\\/#\\\/schema\\\/person\\\/d9d84823564720e7593293bab054e52d\"},\"headline\":\"En Ventosela, entre o aroma das flores, a beleza das silveiras e a dozura das ameixas, nacen:\",\"datePublished\":\"2024-05-24T08:00:59+00:00\",\"mainEntityOfPage\":{\"@id\":\"https:\\\/\\\/www.anovapeneira.gal\\\/index.php\\\/2024\\\/05\\\/24\\\/en-ventosela-entre-o-aroma-das-flores-a-beleza-das-silveiras-e-a-dozura-das-ameixas-nacen\\\/\"},\"wordCount\":918,\"commentCount\":0,\"publisher\":{\"@id\":\"https:\\\/\\\/www.anovapeneira.gal\\\/#organization\"},\"image\":{\"@id\":\"https:\\\/\\\/www.anovapeneira.gal\\\/index.php\\\/2024\\\/05\\\/24\\\/en-ventosela-entre-o-aroma-das-flores-a-beleza-das-silveiras-e-a-dozura-das-ameixas-nacen\\\/#primaryimage\"},\"thumbnailUrl\":\"https:\\\/\\\/www.anovapeneira.gal\\\/wp-content\\\/uploads\\\/2024\\\/05\\\/tareixas.jpg\",\"keywords\":[\"Concello de Redondela\"],\"articleSection\":[\"Redondela\"],\"inLanguage\":\"gl-ES\",\"potentialAction\":[{\"@type\":\"CommentAction\",\"name\":\"Comment\",\"target\":[\"https:\\\/\\\/www.anovapeneira.gal\\\/index.php\\\/2024\\\/05\\\/24\\\/en-ventosela-entre-o-aroma-das-flores-a-beleza-das-silveiras-e-a-dozura-das-ameixas-nacen\\\/#respond\"]}]},{\"@type\":\"WebPage\",\"@id\":\"https:\\\/\\\/www.anovapeneira.gal\\\/index.php\\\/2024\\\/05\\\/24\\\/en-ventosela-entre-o-aroma-das-flores-a-beleza-das-silveiras-e-a-dozura-das-ameixas-nacen\\\/\",\"url\":\"https:\\\/\\\/www.anovapeneira.gal\\\/index.php\\\/2024\\\/05\\\/24\\\/en-ventosela-entre-o-aroma-das-flores-a-beleza-das-silveiras-e-a-dozura-das-ameixas-nacen\\\/\",\"name\":\"En Ventosela, entre o aroma das flores, a beleza das silveiras e a dozura das ameixas, nacen: -\",\"isPartOf\":{\"@id\":\"https:\\\/\\\/www.anovapeneira.gal\\\/#website\"},\"primaryImageOfPage\":{\"@id\":\"https:\\\/\\\/www.anovapeneira.gal\\\/index.php\\\/2024\\\/05\\\/24\\\/en-ventosela-entre-o-aroma-das-flores-a-beleza-das-silveiras-e-a-dozura-das-ameixas-nacen\\\/#primaryimage\"},\"image\":{\"@id\":\"https:\\\/\\\/www.anovapeneira.gal\\\/index.php\\\/2024\\\/05\\\/24\\\/en-ventosela-entre-o-aroma-das-flores-a-beleza-das-silveiras-e-a-dozura-das-ameixas-nacen\\\/#primaryimage\"},\"thumbnailUrl\":\"https:\\\/\\\/www.anovapeneira.gal\\\/wp-content\\\/uploads\\\/2024\\\/05\\\/tareixas.jpg\",\"datePublished\":\"2024-05-24T08:00:59+00:00\",\"breadcrumb\":{\"@id\":\"https:\\\/\\\/www.anovapeneira.gal\\\/index.php\\\/2024\\\/05\\\/24\\\/en-ventosela-entre-o-aroma-das-flores-a-beleza-das-silveiras-e-a-dozura-das-ameixas-nacen\\\/#breadcrumb\"},\"inLanguage\":\"gl-ES\",\"potentialAction\":[{\"@type\":\"ReadAction\",\"target\":[\"https:\\\/\\\/www.anovapeneira.gal\\\/index.php\\\/2024\\\/05\\\/24\\\/en-ventosela-entre-o-aroma-das-flores-a-beleza-das-silveiras-e-a-dozura-das-ameixas-nacen\\\/\"]}]},{\"@type\":\"ImageObject\",\"inLanguage\":\"gl-ES\",\"@id\":\"https:\\\/\\\/www.anovapeneira.gal\\\/index.php\\\/2024\\\/05\\\/24\\\/en-ventosela-entre-o-aroma-das-flores-a-beleza-das-silveiras-e-a-dozura-das-ameixas-nacen\\\/#primaryimage\",\"url\":\"https:\\\/\\\/www.anovapeneira.gal\\\/wp-content\\\/uploads\\\/2024\\\/05\\\/tareixas.jpg\",\"contentUrl\":\"https:\\\/\\\/www.anovapeneira.gal\\\/wp-content\\\/uploads\\\/2024\\\/05\\\/tareixas.jpg\",\"width\":720,\"height\":432,\"caption\":\"As Tareixas\"},{\"@type\":\"BreadcrumbList\",\"@id\":\"https:\\\/\\\/www.anovapeneira.gal\\\/index.php\\\/2024\\\/05\\\/24\\\/en-ventosela-entre-o-aroma-das-flores-a-beleza-das-silveiras-e-a-dozura-das-ameixas-nacen\\\/#breadcrumb\",\"itemListElement\":[{\"@type\":\"ListItem\",\"position\":1,\"name\":\"Portada\",\"item\":\"https:\\\/\\\/www.anovapeneira.gal\\\/\"},{\"@type\":\"ListItem\",\"position\":2,\"name\":\"En Ventosela, entre o aroma das flores, a beleza das silveiras e a dozura das ameixas, nacen:\"}]},{\"@type\":\"WebSite\",\"@id\":\"https:\\\/\\\/www.anovapeneira.gal\\\/#website\",\"url\":\"https:\\\/\\\/www.anovapeneira.gal\\\/\",\"name\":\"\",\"description\":\"Xornal galego de informaci\u00f3n xeral Publicaci\u00f3n mensual de novas de Galicia e en especial dos Concellos da sur da provincia de Pontevedra.\",\"publisher\":{\"@id\":\"https:\\\/\\\/www.anovapeneira.gal\\\/#organization\"},\"potentialAction\":[{\"@type\":\"SearchAction\",\"target\":{\"@type\":\"EntryPoint\",\"urlTemplate\":\"https:\\\/\\\/www.anovapeneira.gal\\\/?s={search_term_string}\"},\"query-input\":{\"@type\":\"PropertyValueSpecification\",\"valueRequired\":true,\"valueName\":\"search_term_string\"}}],\"inLanguage\":\"gl-ES\"},{\"@type\":\"Organization\",\"@id\":\"https:\\\/\\\/www.anovapeneira.gal\\\/#organization\",\"name\":\"A Nova Peneira\",\"url\":\"https:\\\/\\\/www.anovapeneira.gal\\\/\",\"logo\":{\"@type\":\"ImageObject\",\"inLanguage\":\"gl-ES\",\"@id\":\"https:\\\/\\\/www.anovapeneira.gal\\\/#\\\/schema\\\/logo\\\/image\\\/\",\"url\":\"http:\\\/\\\/www.anovapeneira.gal\\\/wp-content\\\/uploads\\\/2019\\\/06\\\/logo_a_nova_peneira_portal_web.png\",\"contentUrl\":\"http:\\\/\\\/www.anovapeneira.gal\\\/wp-content\\\/uploads\\\/2019\\\/06\\\/logo_a_nova_peneira_portal_web.png\",\"width\":300,\"height\":100,\"caption\":\"A Nova Peneira\"},\"image\":{\"@id\":\"https:\\\/\\\/www.anovapeneira.gal\\\/#\\\/schema\\\/logo\\\/image\\\/\"},\"sameAs\":[\"https:\\\/\\\/www.facebook.com\\\/anovapeneira\",\"https:\\\/\\\/x.com\\\/APeneira\"]},{\"@type\":\"Person\",\"@id\":\"https:\\\/\\\/www.anovapeneira.gal\\\/#\\\/schema\\\/person\\\/d9d84823564720e7593293bab054e52d\",\"name\":\"Marcos Santos\",\"image\":{\"@type\":\"ImageObject\",\"inLanguage\":\"gl-ES\",\"@id\":\"https:\\\/\\\/secure.gravatar.com\\\/avatar\\\/0e8017099a7a47c0a9d2275e865fe326484561eb3d70649069e4b8e61a8d2e8c?s=96&d=mm&r=g\",\"url\":\"https:\\\/\\\/secure.gravatar.com\\\/avatar\\\/0e8017099a7a47c0a9d2275e865fe326484561eb3d70649069e4b8e61a8d2e8c?s=96&d=mm&r=g\",\"contentUrl\":\"https:\\\/\\\/secure.gravatar.com\\\/avatar\\\/0e8017099a7a47c0a9d2275e865fe326484561eb3d70649069e4b8e61a8d2e8c?s=96&d=mm&r=g\",\"caption\":\"Marcos Santos\"},\"sameAs\":[\"http:\\\/\\\/anovapeneira.gal\"],\"url\":\"https:\\\/\\\/www.anovapeneira.gal\\\/index.php\\\/author\\\/marcos-santos\\\/\"}]}<\/script>\n<!-- \/ Yoast SEO plugin. -->","yoast_head_json":{"title":"En Ventosela, entre o aroma das flores, a beleza das silveiras e a dozura das ameixas, nacen: -","robots":{"index":"index","follow":"follow","max-snippet":"max-snippet:-1","max-image-preview":"max-image-preview:large","max-video-preview":"max-video-preview:-1"},"canonical":"https:\/\/www.anovapeneira.gal\/index.php\/2024\/05\/24\/en-ventosela-entre-o-aroma-das-flores-a-beleza-das-silveiras-e-a-dozura-das-ameixas-nacen\/","og_locale":"gl_ES","og_type":"article","og_title":"En Ventosela, entre o aroma das flores, a beleza das silveiras e a dozura das ameixas, nacen: -","og_description":"Dous d\u00edas antes da xornada en que a maior\u00eda de cabeceiras deste pa\u00eds adornan de maneira simb\u00f3lica as s\u00faas portadas co idioma de Mart\u00edn Codax, Rosal\u00eda, Otero Pedrayo , Castelao ou Luisa Villalta, sub\u00edn ata San Marti\u00f1o de Ventosela [...]","og_url":"https:\/\/www.anovapeneira.gal\/index.php\/2024\/05\/24\/en-ventosela-entre-o-aroma-das-flores-a-beleza-das-silveiras-e-a-dozura-das-ameixas-nacen\/","article_publisher":"https:\/\/www.facebook.com\/anovapeneira","article_published_time":"2024-05-24T08:00:59+00:00","og_image":[{"width":720,"height":432,"url":"https:\/\/www.anovapeneira.gal\/wp-content\/uploads\/2024\/05\/tareixas.jpg","type":"image\/jpeg"}],"author":"Marcos Santos","twitter_card":"summary_large_image","twitter_creator":"@APeneira","twitter_site":"@APeneira","twitter_misc":{"Escrito por":"Marcos Santos","Tempo de lectura":"3 minutos"},"schema":{"@context":"https:\/\/schema.org","@graph":[{"@type":"Article","@id":"https:\/\/www.anovapeneira.gal\/index.php\/2024\/05\/24\/en-ventosela-entre-o-aroma-das-flores-a-beleza-das-silveiras-e-a-dozura-das-ameixas-nacen\/#article","isPartOf":{"@id":"https:\/\/www.anovapeneira.gal\/index.php\/2024\/05\/24\/en-ventosela-entre-o-aroma-das-flores-a-beleza-das-silveiras-e-a-dozura-das-ameixas-nacen\/"},"author":{"name":"Marcos Santos","@id":"https:\/\/www.anovapeneira.gal\/#\/schema\/person\/d9d84823564720e7593293bab054e52d"},"headline":"En Ventosela, entre o aroma das flores, a beleza das silveiras e a dozura das ameixas, nacen:","datePublished":"2024-05-24T08:00:59+00:00","mainEntityOfPage":{"@id":"https:\/\/www.anovapeneira.gal\/index.php\/2024\/05\/24\/en-ventosela-entre-o-aroma-das-flores-a-beleza-das-silveiras-e-a-dozura-das-ameixas-nacen\/"},"wordCount":918,"commentCount":0,"publisher":{"@id":"https:\/\/www.anovapeneira.gal\/#organization"},"image":{"@id":"https:\/\/www.anovapeneira.gal\/index.php\/2024\/05\/24\/en-ventosela-entre-o-aroma-das-flores-a-beleza-das-silveiras-e-a-dozura-das-ameixas-nacen\/#primaryimage"},"thumbnailUrl":"https:\/\/www.anovapeneira.gal\/wp-content\/uploads\/2024\/05\/tareixas.jpg","keywords":["Concello de Redondela"],"articleSection":["Redondela"],"inLanguage":"gl-ES","potentialAction":[{"@type":"CommentAction","name":"Comment","target":["https:\/\/www.anovapeneira.gal\/index.php\/2024\/05\/24\/en-ventosela-entre-o-aroma-das-flores-a-beleza-das-silveiras-e-a-dozura-das-ameixas-nacen\/#respond"]}]},{"@type":"WebPage","@id":"https:\/\/www.anovapeneira.gal\/index.php\/2024\/05\/24\/en-ventosela-entre-o-aroma-das-flores-a-beleza-das-silveiras-e-a-dozura-das-ameixas-nacen\/","url":"https:\/\/www.anovapeneira.gal\/index.php\/2024\/05\/24\/en-ventosela-entre-o-aroma-das-flores-a-beleza-das-silveiras-e-a-dozura-das-ameixas-nacen\/","name":"En Ventosela, entre o aroma das flores, a beleza das silveiras e a dozura das ameixas, nacen: -","isPartOf":{"@id":"https:\/\/www.anovapeneira.gal\/#website"},"primaryImageOfPage":{"@id":"https:\/\/www.anovapeneira.gal\/index.php\/2024\/05\/24\/en-ventosela-entre-o-aroma-das-flores-a-beleza-das-silveiras-e-a-dozura-das-ameixas-nacen\/#primaryimage"},"image":{"@id":"https:\/\/www.anovapeneira.gal\/index.php\/2024\/05\/24\/en-ventosela-entre-o-aroma-das-flores-a-beleza-das-silveiras-e-a-dozura-das-ameixas-nacen\/#primaryimage"},"thumbnailUrl":"https:\/\/www.anovapeneira.gal\/wp-content\/uploads\/2024\/05\/tareixas.jpg","datePublished":"2024-05-24T08:00:59+00:00","breadcrumb":{"@id":"https:\/\/www.anovapeneira.gal\/index.php\/2024\/05\/24\/en-ventosela-entre-o-aroma-das-flores-a-beleza-das-silveiras-e-a-dozura-das-ameixas-nacen\/#breadcrumb"},"inLanguage":"gl-ES","potentialAction":[{"@type":"ReadAction","target":["https:\/\/www.anovapeneira.gal\/index.php\/2024\/05\/24\/en-ventosela-entre-o-aroma-das-flores-a-beleza-das-silveiras-e-a-dozura-das-ameixas-nacen\/"]}]},{"@type":"ImageObject","inLanguage":"gl-ES","@id":"https:\/\/www.anovapeneira.gal\/index.php\/2024\/05\/24\/en-ventosela-entre-o-aroma-das-flores-a-beleza-das-silveiras-e-a-dozura-das-ameixas-nacen\/#primaryimage","url":"https:\/\/www.anovapeneira.gal\/wp-content\/uploads\/2024\/05\/tareixas.jpg","contentUrl":"https:\/\/www.anovapeneira.gal\/wp-content\/uploads\/2024\/05\/tareixas.jpg","width":720,"height":432,"caption":"As Tareixas"},{"@type":"BreadcrumbList","@id":"https:\/\/www.anovapeneira.gal\/index.php\/2024\/05\/24\/en-ventosela-entre-o-aroma-das-flores-a-beleza-das-silveiras-e-a-dozura-das-ameixas-nacen\/#breadcrumb","itemListElement":[{"@type":"ListItem","position":1,"name":"Portada","item":"https:\/\/www.anovapeneira.gal\/"},{"@type":"ListItem","position":2,"name":"En Ventosela, entre o aroma das flores, a beleza das silveiras e a dozura das ameixas, nacen:"}]},{"@type":"WebSite","@id":"https:\/\/www.anovapeneira.gal\/#website","url":"https:\/\/www.anovapeneira.gal\/","name":"","description":"Xornal galego de informaci\u00f3n xeral Publicaci\u00f3n mensual de novas de Galicia e en especial dos Concellos da sur da provincia de Pontevedra.","publisher":{"@id":"https:\/\/www.anovapeneira.gal\/#organization"},"potentialAction":[{"@type":"SearchAction","target":{"@type":"EntryPoint","urlTemplate":"https:\/\/www.anovapeneira.gal\/?s={search_term_string}"},"query-input":{"@type":"PropertyValueSpecification","valueRequired":true,"valueName":"search_term_string"}}],"inLanguage":"gl-ES"},{"@type":"Organization","@id":"https:\/\/www.anovapeneira.gal\/#organization","name":"A Nova Peneira","url":"https:\/\/www.anovapeneira.gal\/","logo":{"@type":"ImageObject","inLanguage":"gl-ES","@id":"https:\/\/www.anovapeneira.gal\/#\/schema\/logo\/image\/","url":"http:\/\/www.anovapeneira.gal\/wp-content\/uploads\/2019\/06\/logo_a_nova_peneira_portal_web.png","contentUrl":"http:\/\/www.anovapeneira.gal\/wp-content\/uploads\/2019\/06\/logo_a_nova_peneira_portal_web.png","width":300,"height":100,"caption":"A Nova Peneira"},"image":{"@id":"https:\/\/www.anovapeneira.gal\/#\/schema\/logo\/image\/"},"sameAs":["https:\/\/www.facebook.com\/anovapeneira","https:\/\/x.com\/APeneira"]},{"@type":"Person","@id":"https:\/\/www.anovapeneira.gal\/#\/schema\/person\/d9d84823564720e7593293bab054e52d","name":"Marcos Santos","image":{"@type":"ImageObject","inLanguage":"gl-ES","@id":"https:\/\/secure.gravatar.com\/avatar\/0e8017099a7a47c0a9d2275e865fe326484561eb3d70649069e4b8e61a8d2e8c?s=96&d=mm&r=g","url":"https:\/\/secure.gravatar.com\/avatar\/0e8017099a7a47c0a9d2275e865fe326484561eb3d70649069e4b8e61a8d2e8c?s=96&d=mm&r=g","contentUrl":"https:\/\/secure.gravatar.com\/avatar\/0e8017099a7a47c0a9d2275e865fe326484561eb3d70649069e4b8e61a8d2e8c?s=96&d=mm&r=g","caption":"Marcos Santos"},"sameAs":["http:\/\/anovapeneira.gal"],"url":"https:\/\/www.anovapeneira.gal\/index.php\/author\/marcos-santos\/"}]}},"jetpack_featured_media_url":"https:\/\/www.anovapeneira.gal\/wp-content\/uploads\/2024\/05\/tareixas.jpg","_links":{"self":[{"href":"https:\/\/www.anovapeneira.gal\/index.php\/wp-json\/wp\/v2\/posts\/11775","targetHints":{"allow":["GET"]}}],"collection":[{"href":"https:\/\/www.anovapeneira.gal\/index.php\/wp-json\/wp\/v2\/posts"}],"about":[{"href":"https:\/\/www.anovapeneira.gal\/index.php\/wp-json\/wp\/v2\/types\/post"}],"author":[{"embeddable":true,"href":"https:\/\/www.anovapeneira.gal\/index.php\/wp-json\/wp\/v2\/users\/6"}],"replies":[{"embeddable":true,"href":"https:\/\/www.anovapeneira.gal\/index.php\/wp-json\/wp\/v2\/comments?post=11775"}],"version-history":[{"count":2,"href":"https:\/\/www.anovapeneira.gal\/index.php\/wp-json\/wp\/v2\/posts\/11775\/revisions"}],"predecessor-version":[{"id":11779,"href":"https:\/\/www.anovapeneira.gal\/index.php\/wp-json\/wp\/v2\/posts\/11775\/revisions\/11779"}],"wp:featuredmedia":[{"embeddable":true,"href":"https:\/\/www.anovapeneira.gal\/index.php\/wp-json\/wp\/v2\/media\/11776"}],"wp:attachment":[{"href":"https:\/\/www.anovapeneira.gal\/index.php\/wp-json\/wp\/v2\/media?parent=11775"}],"wp:term":[{"taxonomy":"category","embeddable":true,"href":"https:\/\/www.anovapeneira.gal\/index.php\/wp-json\/wp\/v2\/categories?post=11775"},{"taxonomy":"post_tag","embeddable":true,"href":"https:\/\/www.anovapeneira.gal\/index.php\/wp-json\/wp\/v2\/tags?post=11775"}],"curies":[{"name":"wp","href":"https:\/\/api.w.org\/{rel}","templated":true}]}}