{"id":11785,"date":"2024-05-27T12:00:30","date_gmt":"2024-05-27T10:00:30","guid":{"rendered":"https:\/\/www.anovapeneira.gal\/?p=11785"},"modified":"2024-05-21T10:46:51","modified_gmt":"2024-05-21T08:46:51","slug":"aurora-prieto-concelleira-de-esquerda-unida-en-cangas","status":"publish","type":"post","link":"https:\/\/www.anovapeneira.gal\/index.php\/2024\/05\/27\/aurora-prieto-concelleira-de-esquerda-unida-en-cangas\/","title":{"rendered":"Aurora Prieto, concelleira de Esquerda Unida en Cangas"},"content":{"rendered":"\n<p><strong>No Concello de Cangas a esquerda pol\u00edtica mantivo nas municipais do 2023 a maior\u00eda absoluta polos pelos. 11 Actas suma \u00e1 esquerda ( 6 BNG+3 PSOE+1 AV+1 EU) fronte \u00e1s 10 que te\u00f1en os populares. O sensato ser\u00eda constitu\u00edr un goberno de 11 no que estiveran representadas as catro forzas pol\u00edticas de esquerdas que obtiveron representaci\u00f3n. Pero as negociaci\u00f3ns non conseguiron chegar a bo porto con Alternativa dos Veci\u00f1os e lamentablemente , unha vez m\u00e1is na pol\u00edtica de Cangas temos que dicir lamentablemente, a esquerda goberna en minor\u00eda, pois hai empate a 10 e todo, ou case todo, depende do voto da concelleira de Alternativa que \u00e9 a que desfai o empate. Unha das tres forzas do goberno \u00e9 Esquerda Unida. E este feito \u00e9 enormemente meritorio pois a situaci\u00f3n global desa organizaci\u00f3n pol\u00edtica en Galicia \u00e9 moi mala. Tanto \u00e9 as\u00ed que nos 34 concellos nos que se distrib\u00fae ANP, Cangas \u00e9 o \u00fanico no que Esquerda Unida conserva representaci\u00f3n. A s\u00faa Concelleira \u00e9 Aurora Prieto, unha veterana militante de esquerdas coa que quixemos conversar. E non lle quero quitar m\u00e9rito nin a ela, que o ten, nin \u00e1 militancia de Esquerda Unida de Cangas, que tam\u00e9n o ten, pero te\u00f1o a convicci\u00f3n de que unha das raz\u00f3ns que explican que EU conserve representaci\u00f3n en Cangas \u00e9 o ronsel \u00e9tico da pegada do gran Xos\u00e9 Manuel Pazos.<\/strong><\/p>\n\n\n\n<p>\u201c <strong>A relaci\u00f3n entre as tres forzas que formamos o goberno de Cangas \u00e9 excelente\u201d<\/strong><\/p>\n\n\n\n<p><strong>Cando e como se inicia a t\u00faa relaci\u00f3n coa pol\u00edtica?<\/strong><\/p>\n\n\n\n<blockquote class=\"wp-block-quote is-layout-flow wp-block-quote-is-layout-flow\">\n<p>Hai moito tempo, hai m\u00e1is de 40 anos. O meu primeiro contacto coa pol\u00edtica in\u00edciase a trav\u00e9s das ANPAS cando os meus fillos comezan no colexio. A partir de a\u00ed sempre, mantiven a relaci\u00f3n co activismo social. A mi\u00f1a militancia en Esquerda Unida comeza en 1989.<\/p>\n<\/blockquote>\n\n\n\n<p><strong>Ti xa pasaches por moitas etapas, digamos, complicadas na pol\u00edtica local canguesa. Estiveches naquela xestora na \u00e9poca convulsa de Lois Pena, verdade?<\/strong><\/p>\n\n\n\n<blockquote class=\"wp-block-quote is-layout-flow wp-block-quote-is-layout-flow\">\n<p>Si,estiven. Cando Lois Pena desaparece do Concello cr\u00e9ase unha xestora que foi presidida por Mariano Abalo e na que estabamos representados ademais de Esquerda Unida , o PP e Esquerda Galega.<\/p>\n<\/blockquote>\n\n\n\n<p><strong>E a t\u00faa militancia sempre foi en Esquerda Unida?<\/strong><\/p>\n\n\n\n<blockquote class=\"wp-block-quote is-layout-flow wp-block-quote-is-layout-flow\">\n<p>Si, sempre. Desde aquela xestora nunca deixei nin o activismo social nin a militancia. Pero non volv\u00edn ir nunha lista ata o ano 2015, a\u00ednda que en posto de non sa\u00edda. Nas elecci\u00f3ns do 19 fun de n\u00famero 5, e entrei como concelleira porque a persoa que \u00eda de n\u00famero 4 tivo que dimitir. E nestas \u00faltimas votaci\u00f3ns do 2023 tiven a honra de encabezar a candidatura de EU.<\/p>\n<\/blockquote>\n\n\n\n<p><strong>Por que case sempre resulta tan complicado para a esquerda pol\u00edtica de Cangas acadar unha situaci\u00f3n de estabilidade?<\/strong><\/p>\n\n\n\n<blockquote class=\"wp-block-quote is-layout-flow wp-block-quote-is-layout-flow\">\n<p>Esa pregunte \u00e9 de moi dif\u00edcil resposta. Eu creo que, para a esquerda pol\u00edtica, gobernar Cangas poder\u00eda ser moito m\u00e1is doado se se deixasen os egos a un lado. Esquerda Unida ten un proxecto de concello para Cangas e procuramos cinguirnos ao noso proxecto por riba das persoas que estean ou deixen de estar.<\/p>\n<\/blockquote>\n\n\n\n<p><strong>Para Esquerda Unida, a desgraza da perda de Pazos debeu de ser un golpe terrible?<\/strong><\/p>\n\n\n\n<blockquote class=\"wp-block-quote is-layout-flow wp-block-quote-is-layout-flow\">\n<p>Abof\u00e9 que si o foi. Pazos, como se dixo no merecid\u00edsimo que premio que lle destes na vosa gala, foi un ser humano excepcional cuxa perda nos deixou orfos a todos.<\/p>\n<\/blockquote>\n\n\n\n<p><strong>Cando falece Xos\u00e9 Manuel Pazos, e ten que entrar unha persoa a substitu\u00edlo na corporaci\u00f3n, Esquerda Unida foi enganada?<\/strong><\/p>\n\n\n\n<blockquote class=\"wp-block-quote is-layout-flow wp-block-quote-is-layout-flow\">\n<p>Non houbo negociaci\u00f3n algunha, foi algo imposto. Eu d\u00edxenlle a Mariano Abalo que \u00eda votar a Vitoria Portas, pero que hab\u00eda que respectar o estatus e que as d\u00faas forzas de ACE ti\u00f1amos que estar representadas por igual no concello. Finalmente non foi as\u00ed e eu sentinme enganada, si.<\/p>\n<\/blockquote>\n\n\n\n<p><strong>Pero continuaches no goberno?<\/strong><\/p>\n\n\n\n<blockquote class=\"wp-block-quote is-layout-flow wp-block-quote-is-layout-flow\">\n<p>Si, asum\u00edn a conceller\u00eda de cultura porque esu sent\u00eda que ti\u00f1a un legado que levar para adiante, o legado de Xos\u00e9 Manuel Pazos. O outro grupo quer\u00eda que fose Adri\u00e1n Pena o concelleiro de cultura pero eu manifestei que era innegociable.<\/p>\n<\/blockquote>\n\n\n\n<p><strong>Estiveches case tres anos como concelleira, e logo o goberno rompe. Por que ?<\/strong><\/p>\n\n\n\n<blockquote class=\"wp-block-quote is-layout-flow wp-block-quote-is-layout-flow\">\n<p>Non rompe, continuaron as tres persoas do outro grupo. Eu no tempo que estiven nese goberno sent\u00edn que comigo non se contaba para nada. F\u00edxate ata que punto que cando me nomean tenenta de alcaldesa a min nin sequera se me informou antes.<\/p>\n<\/blockquote>\n\n\n\n<p><strong>Chegamos \u00e1s elecci\u00f3ns do 23 e ademais do BNG e o PSOE pres\u00e9ntanse outras 3 candidaturas de esquerdas:Podemos, Alternativa dos veci\u00f1os( o grupo de Mariano Abalo e Vitoria Portas) e a vosa. Estas tres poder\u00edan m\u00e1is ou menos corresponder ao antigo espazo ACE. Por que motivo non chegastes a un acordo con Alternativa e con Podemos?<\/strong><\/p>\n\n\n\n<blockquote class=\"wp-block-quote is-layout-flow wp-block-quote-is-layout-flow\">\n<p>Con alternativa xa che digo que era absolutamente imposible. As circunstancias vividas fac\u00edano inviable. En canto a Podemos tivemos conversas e non sei o motivo pero eles non quixeron saber nada e preferiron ir s\u00f3s.<\/p>\n<\/blockquote>\n\n\n\n<p><strong>Como valoras os resultados de Esquerda Unida en Cangas?<\/strong><\/p>\n\n\n\n<blockquote class=\"wp-block-quote is-layout-flow wp-block-quote-is-layout-flow\">\n<p>Eu en ning\u00fan momento pensei que poderiamos obter representaci\u00f3n porque a situaci\u00f3n era tan complicada que por non facer case non fixemos campa\u00f1a nin tivemos apoio alg\u00fan de f\u00f3ra. Tela acadado foi un inmenso orgullo para min e unha enorme satisfacci\u00f3n colectiva para toda a militancia de Esquerda Unida que nunca xamais me deixaron soa.<\/p>\n<\/blockquote>\n\n\n\n<p><strong>A negociaci\u00f3n co BNG para facerdes o goberno foi f\u00e1cil ou dif\u00edcil?<\/strong><\/p>\n\n\n\n<blockquote class=\"wp-block-quote is-layout-flow wp-block-quote-is-layout-flow\">\n<p>A negociaci\u00f3n entre o BNG PSOE e N\u00f3s foi tremendamente f\u00e1cil. Eu o \u00fanico que ped\u00edn \u00e1 alcaldesa foi respecto e consideraci\u00f3n para o meu traballo. No caso de Alternativa non est\u00e1n no goberno polo tanto parece que foi imposible. De feito Araceli Gestido, a alcaldesa, foi \u00e1 s\u00faa investidura sen saber se \u00eda ser alcaldesa ou non porque desco\u00f1eciamos o sentido do voto de Alternativa.<\/p>\n<\/blockquote>\n\n\n\n<p><strong>Est\u00e1s encontrando na alcaldesa ese respecto e consideraci\u00f3n que pediches?<\/strong><\/p>\n\n\n\n<blockquote class=\"wp-block-quote is-layout-flow wp-block-quote-is-layout-flow\">\n<p>Si, absolutamente si. A relaci\u00f3n entre as persoas que formamos o goberno de Cangas \u00e9 excelente. Eu traballo con absoluta comodidade.<\/p>\n<\/blockquote>\n\n\n\n<p><strong>Agora temos un goberno en minor\u00eda<\/strong><\/p>\n\n\n\n<blockquote class=\"wp-block-quote is-layout-flow wp-block-quote-is-layout-flow\">\n<p>Pois si, un goberno en minor\u00eda que depende do voto de Alternativa. Eh ben, a ver que pasa cos orzamentos pero de momento non est\u00e1n deixando traballar ao goberno.<\/p>\n<\/blockquote>\n\n\n\n<p><strong>A aprobaci\u00f3n dos orzamentos que se levar\u00e1n ao pleno de finais de maio \u00e9 capital para o goberno. Non estades negociando con Alternativa?<\/strong><\/p>\n\n\n\n<blockquote class=\"wp-block-quote is-layout-flow wp-block-quote-is-layout-flow\">\n<p>Si, claro, desde hai moito tempo. O borrador teno Alternativa desde febreiro.<\/p>\n<\/blockquote>\n\n\n\n<p><strong>Que perspectivas tes sobre o sentido final do seu voto?<\/strong><\/p>\n\n\n\n<blockquote class=\"wp-block-quote is-layout-flow wp-block-quote-is-layout-flow\">\n<p>Non o sei. O \u00fanico que che podo dicir \u00e9 que aprobalos \u00e9 vital para o Concello. Levamos cos orzamentos prorrogados desde o 2020, uns orzamentos de pandemia e \u00e9 imperativo proceder a aprobar un orzamento novo.<\/p>\n<\/blockquote>\n\n\n\n<p><strong>Cales son os problemas m\u00e1is importantes que padece o Concello?<\/strong><\/p>\n\n\n\n<blockquote class=\"wp-block-quote is-layout-flow wp-block-quote-is-layout-flow\">\n<p>A prioridade principal \u00e9 a falta de orzamento. A situaci\u00f3n econ\u00f3mica \u00e9 complicada en gran medida polas herdanzas envelenadas que nos deixou o PP como por exemplo o caso Promalar.<\/p>\n<\/blockquote>\n\n\n\n<p><strong>Ti levas a \u00e1rea de Cultura . Cales son as pol\u00edticas m\u00e1is importantes que est\u00e1s a desenvolver nese campo?<\/strong><\/p>\n\n\n\n<blockquote class=\"wp-block-quote is-layout-flow wp-block-quote-is-layout-flow\">\n<p>O acceso universal \u00e1 cultura \u00e9 esencial para a dignidade dun pobo. E este \u00e9 o eixo sobre o que pretendo estruturar a nosa pol\u00edtica cultural. Somos un concello moi din\u00e1mico que programa numerosas actuaci\u00f3ns,diversas e variadas, que pretenden que todo o noso pobo poida acceder a un dos elementos esenciais da dignidade humana.<\/p>\n<\/blockquote>\n\n\n\n<p><strong>Esta entrevista fac\u00e9mola antes do congreso de Izquierda Unida, a\u00ednda que se vai publicar despois( A candidatura do andaluz Antonio Ma\u00edllo foi a que ga\u00f1ou). A ese congreso van concorrer catro candidaturas diferentes. A cal ides apoiar as e os militantes de Cangas, e por que?<\/strong><\/p>\n\n\n\n<blockquote class=\"wp-block-quote is-layout-flow wp-block-quote-is-layout-flow\">\n<p>O que \u00e9 unha m\u00e1goa \u00e9 que non se puidese chegara unha lista de consenso. Sobre a quen imos apoiar n\u00f3s a\u00ednda o estamos a valorar.<\/p>\n<\/blockquote>\n\n\n\n<p><strong>Das catro candidaturas que se presentan d\u00faas manifestan abertamente a s\u00faa vontade de que Izquierda Unida abandone Sumar( ningunha das d\u00faas foi a ga\u00f1adora). Ti que opinas ao respecto?<\/strong><\/p>\n\n\n\n<blockquote class=\"wp-block-quote is-layout-flow wp-block-quote-is-layout-flow\">\n<p>Prefiro non valorar esa posibilidade de momento. A prioridade da agrupaci\u00f3n local de Esquerda Unida \u00e9 Cangas.<\/p>\n<\/blockquote>\n","protected":false},"excerpt":{"rendered":"<div class=\"mh-excerpt\"><p>No Concello de Cangas a esquerda pol\u00edtica mantivo nas municipais do 2023 a maior\u00eda absoluta polos pelos. 11 Actas suma \u00e1 esquerda ( 6 BNG+3 PSOE+1 AV+1 EU) fronte \u00e1s 10 que te\u00f1en os populares <a class=\"mh-excerpt-more\" href=\"https:\/\/www.anovapeneira.gal\/index.php\/2024\/05\/27\/aurora-prieto-concelleira-de-esquerda-unida-en-cangas\/\" title=\"Aurora Prieto, concelleira de Esquerda Unida en Cangas\">[&#8230;]<\/a><\/p>\n<\/div>","protected":false},"author":23,"featured_media":11786,"comment_status":"open","ping_status":"open","sticky":false,"template":"","format":"standard","meta":{"_exactmetrics_skip_tracking":false,"_exactmetrics_sitenote_active":false,"_exactmetrics_sitenote_note":"","_exactmetrics_sitenote_category":0,"footnotes":""},"categories":[268],"tags":[681],"class_list":{"0":"post-11785","1":"post","2":"type-post","3":"status-publish","4":"format-standard","5":"has-post-thumbnail","7":"category-morrazo-entrevistas","8":"tag-concello-de-cangas-do-morrazo"},"yoast_head":"<!-- This site is optimized with the Yoast SEO plugin v27.4 - https:\/\/yoast.com\/product\/yoast-seo-wordpress\/ -->\n<title>Aurora Prieto, concelleira de Esquerda Unida en Cangas -<\/title>\n<meta name=\"robots\" content=\"index, follow, max-snippet:-1, max-image-preview:large, max-video-preview:-1\" \/>\n<link rel=\"canonical\" href=\"https:\/\/www.anovapeneira.gal\/index.php\/2024\/05\/27\/aurora-prieto-concelleira-de-esquerda-unida-en-cangas\/\" \/>\n<meta property=\"og:locale\" content=\"gl_ES\" \/>\n<meta property=\"og:type\" content=\"article\" \/>\n<meta property=\"og:title\" content=\"Aurora Prieto, concelleira de Esquerda Unida en Cangas -\" \/>\n<meta property=\"og:description\" content=\"No Concello de Cangas a esquerda pol\u00edtica mantivo nas municipais do 2023 a maior\u00eda absoluta polos pelos. 11 Actas suma \u00e1 esquerda ( 6 BNG+3 PSOE+1 AV+1 EU) fronte \u00e1s 10 que te\u00f1en os populares [...]\" \/>\n<meta property=\"og:url\" content=\"https:\/\/www.anovapeneira.gal\/index.php\/2024\/05\/27\/aurora-prieto-concelleira-de-esquerda-unida-en-cangas\/\" \/>\n<meta property=\"article:publisher\" content=\"https:\/\/www.facebook.com\/anovapeneira\" \/>\n<meta property=\"article:published_time\" content=\"2024-05-27T10:00:30+00:00\" \/>\n<meta property=\"og:image\" content=\"https:\/\/www.anovapeneira.gal\/wp-content\/uploads\/2024\/05\/esquerda_unida_cangas.jpg\" \/>\n\t<meta property=\"og:image:width\" content=\"720\" \/>\n\t<meta property=\"og:image:height\" content=\"432\" \/>\n\t<meta property=\"og:image:type\" content=\"image\/jpeg\" \/>\n<meta name=\"author\" content=\"Aar\u00f3n Franco\" \/>\n<meta name=\"twitter:card\" content=\"summary_large_image\" \/>\n<meta name=\"twitter:creator\" content=\"@APeneira\" \/>\n<meta name=\"twitter:site\" content=\"@APeneira\" \/>\n<meta name=\"twitter:label1\" content=\"Escrito por\" \/>\n\t<meta name=\"twitter:data1\" content=\"Aar\u00f3n Franco\" \/>\n\t<meta name=\"twitter:label2\" content=\"Tempo de lectura\" \/>\n\t<meta name=\"twitter:data2\" content=\"4 minutos\" \/>\n<script type=\"application\/ld+json\" class=\"yoast-schema-graph\">{\"@context\":\"https:\\\/\\\/schema.org\",\"@graph\":[{\"@type\":\"Article\",\"@id\":\"https:\\\/\\\/www.anovapeneira.gal\\\/index.php\\\/2024\\\/05\\\/27\\\/aurora-prieto-concelleira-de-esquerda-unida-en-cangas\\\/#article\",\"isPartOf\":{\"@id\":\"https:\\\/\\\/www.anovapeneira.gal\\\/index.php\\\/2024\\\/05\\\/27\\\/aurora-prieto-concelleira-de-esquerda-unida-en-cangas\\\/\"},\"author\":{\"name\":\"Aar\u00f3n Franco\",\"@id\":\"https:\\\/\\\/www.anovapeneira.gal\\\/#\\\/schema\\\/person\\\/a907e49c1885c12d6f281770afd68766\"},\"headline\":\"Aurora Prieto, concelleira de Esquerda Unida en Cangas\",\"datePublished\":\"2024-05-27T10:00:30+00:00\",\"mainEntityOfPage\":{\"@id\":\"https:\\\/\\\/www.anovapeneira.gal\\\/index.php\\\/2024\\\/05\\\/27\\\/aurora-prieto-concelleira-de-esquerda-unida-en-cangas\\\/\"},\"wordCount\":1411,\"commentCount\":0,\"publisher\":{\"@id\":\"https:\\\/\\\/www.anovapeneira.gal\\\/#organization\"},\"image\":{\"@id\":\"https:\\\/\\\/www.anovapeneira.gal\\\/index.php\\\/2024\\\/05\\\/27\\\/aurora-prieto-concelleira-de-esquerda-unida-en-cangas\\\/#primaryimage\"},\"thumbnailUrl\":\"https:\\\/\\\/www.anovapeneira.gal\\\/wp-content\\\/uploads\\\/2024\\\/05\\\/esquerda_unida_cangas.jpg\",\"keywords\":[\"Concello de Cangas do Morrazo\"],\"articleSection\":[\"Morrazo\"],\"inLanguage\":\"gl-ES\",\"potentialAction\":[{\"@type\":\"CommentAction\",\"name\":\"Comment\",\"target\":[\"https:\\\/\\\/www.anovapeneira.gal\\\/index.php\\\/2024\\\/05\\\/27\\\/aurora-prieto-concelleira-de-esquerda-unida-en-cangas\\\/#respond\"]}]},{\"@type\":\"WebPage\",\"@id\":\"https:\\\/\\\/www.anovapeneira.gal\\\/index.php\\\/2024\\\/05\\\/27\\\/aurora-prieto-concelleira-de-esquerda-unida-en-cangas\\\/\",\"url\":\"https:\\\/\\\/www.anovapeneira.gal\\\/index.php\\\/2024\\\/05\\\/27\\\/aurora-prieto-concelleira-de-esquerda-unida-en-cangas\\\/\",\"name\":\"Aurora Prieto, concelleira de Esquerda Unida en Cangas -\",\"isPartOf\":{\"@id\":\"https:\\\/\\\/www.anovapeneira.gal\\\/#website\"},\"primaryImageOfPage\":{\"@id\":\"https:\\\/\\\/www.anovapeneira.gal\\\/index.php\\\/2024\\\/05\\\/27\\\/aurora-prieto-concelleira-de-esquerda-unida-en-cangas\\\/#primaryimage\"},\"image\":{\"@id\":\"https:\\\/\\\/www.anovapeneira.gal\\\/index.php\\\/2024\\\/05\\\/27\\\/aurora-prieto-concelleira-de-esquerda-unida-en-cangas\\\/#primaryimage\"},\"thumbnailUrl\":\"https:\\\/\\\/www.anovapeneira.gal\\\/wp-content\\\/uploads\\\/2024\\\/05\\\/esquerda_unida_cangas.jpg\",\"datePublished\":\"2024-05-27T10:00:30+00:00\",\"breadcrumb\":{\"@id\":\"https:\\\/\\\/www.anovapeneira.gal\\\/index.php\\\/2024\\\/05\\\/27\\\/aurora-prieto-concelleira-de-esquerda-unida-en-cangas\\\/#breadcrumb\"},\"inLanguage\":\"gl-ES\",\"potentialAction\":[{\"@type\":\"ReadAction\",\"target\":[\"https:\\\/\\\/www.anovapeneira.gal\\\/index.php\\\/2024\\\/05\\\/27\\\/aurora-prieto-concelleira-de-esquerda-unida-en-cangas\\\/\"]}]},{\"@type\":\"ImageObject\",\"inLanguage\":\"gl-ES\",\"@id\":\"https:\\\/\\\/www.anovapeneira.gal\\\/index.php\\\/2024\\\/05\\\/27\\\/aurora-prieto-concelleira-de-esquerda-unida-en-cangas\\\/#primaryimage\",\"url\":\"https:\\\/\\\/www.anovapeneira.gal\\\/wp-content\\\/uploads\\\/2024\\\/05\\\/esquerda_unida_cangas.jpg\",\"contentUrl\":\"https:\\\/\\\/www.anovapeneira.gal\\\/wp-content\\\/uploads\\\/2024\\\/05\\\/esquerda_unida_cangas.jpg\",\"width\":720,\"height\":432,\"caption\":\"Aurora Prieto Esquerda Unida Cangas\"},{\"@type\":\"BreadcrumbList\",\"@id\":\"https:\\\/\\\/www.anovapeneira.gal\\\/index.php\\\/2024\\\/05\\\/27\\\/aurora-prieto-concelleira-de-esquerda-unida-en-cangas\\\/#breadcrumb\",\"itemListElement\":[{\"@type\":\"ListItem\",\"position\":1,\"name\":\"Portada\",\"item\":\"https:\\\/\\\/www.anovapeneira.gal\\\/\"},{\"@type\":\"ListItem\",\"position\":2,\"name\":\"Aurora Prieto, concelleira de Esquerda Unida en Cangas\"}]},{\"@type\":\"WebSite\",\"@id\":\"https:\\\/\\\/www.anovapeneira.gal\\\/#website\",\"url\":\"https:\\\/\\\/www.anovapeneira.gal\\\/\",\"name\":\"\",\"description\":\"Xornal galego de informaci\u00f3n xeral Publicaci\u00f3n mensual de novas de Galicia e en especial dos Concellos da sur da provincia de Pontevedra.\",\"publisher\":{\"@id\":\"https:\\\/\\\/www.anovapeneira.gal\\\/#organization\"},\"potentialAction\":[{\"@type\":\"SearchAction\",\"target\":{\"@type\":\"EntryPoint\",\"urlTemplate\":\"https:\\\/\\\/www.anovapeneira.gal\\\/?s={search_term_string}\"},\"query-input\":{\"@type\":\"PropertyValueSpecification\",\"valueRequired\":true,\"valueName\":\"search_term_string\"}}],\"inLanguage\":\"gl-ES\"},{\"@type\":\"Organization\",\"@id\":\"https:\\\/\\\/www.anovapeneira.gal\\\/#organization\",\"name\":\"A Nova Peneira\",\"url\":\"https:\\\/\\\/www.anovapeneira.gal\\\/\",\"logo\":{\"@type\":\"ImageObject\",\"inLanguage\":\"gl-ES\",\"@id\":\"https:\\\/\\\/www.anovapeneira.gal\\\/#\\\/schema\\\/logo\\\/image\\\/\",\"url\":\"http:\\\/\\\/www.anovapeneira.gal\\\/wp-content\\\/uploads\\\/2019\\\/06\\\/logo_a_nova_peneira_portal_web.png\",\"contentUrl\":\"http:\\\/\\\/www.anovapeneira.gal\\\/wp-content\\\/uploads\\\/2019\\\/06\\\/logo_a_nova_peneira_portal_web.png\",\"width\":300,\"height\":100,\"caption\":\"A Nova Peneira\"},\"image\":{\"@id\":\"https:\\\/\\\/www.anovapeneira.gal\\\/#\\\/schema\\\/logo\\\/image\\\/\"},\"sameAs\":[\"https:\\\/\\\/www.facebook.com\\\/anovapeneira\",\"https:\\\/\\\/x.com\\\/APeneira\"]},{\"@type\":\"Person\",\"@id\":\"https:\\\/\\\/www.anovapeneira.gal\\\/#\\\/schema\\\/person\\\/a907e49c1885c12d6f281770afd68766\",\"name\":\"Aar\u00f3n Franco\",\"image\":{\"@type\":\"ImageObject\",\"inLanguage\":\"gl-ES\",\"@id\":\"https:\\\/\\\/secure.gravatar.com\\\/avatar\\\/82f0614fe09ae3f066983f8d670d0ff15a0917fefe52b93ffa425275b87d6102?s=96&d=mm&r=g\",\"url\":\"https:\\\/\\\/secure.gravatar.com\\\/avatar\\\/82f0614fe09ae3f066983f8d670d0ff15a0917fefe52b93ffa425275b87d6102?s=96&d=mm&r=g\",\"contentUrl\":\"https:\\\/\\\/secure.gravatar.com\\\/avatar\\\/82f0614fe09ae3f066983f8d670d0ff15a0917fefe52b93ffa425275b87d6102?s=96&d=mm&r=g\",\"caption\":\"Aar\u00f3n Franco\"},\"sameAs\":[\"http:\\\/\\\/www.anovapeneira.gal\\\/\"],\"url\":\"https:\\\/\\\/www.anovapeneira.gal\\\/index.php\\\/author\\\/aaron-franco\\\/\"}]}<\/script>\n<!-- \/ Yoast SEO plugin. -->","yoast_head_json":{"title":"Aurora Prieto, concelleira de Esquerda Unida en Cangas -","robots":{"index":"index","follow":"follow","max-snippet":"max-snippet:-1","max-image-preview":"max-image-preview:large","max-video-preview":"max-video-preview:-1"},"canonical":"https:\/\/www.anovapeneira.gal\/index.php\/2024\/05\/27\/aurora-prieto-concelleira-de-esquerda-unida-en-cangas\/","og_locale":"gl_ES","og_type":"article","og_title":"Aurora Prieto, concelleira de Esquerda Unida en Cangas -","og_description":"No Concello de Cangas a esquerda pol\u00edtica mantivo nas municipais do 2023 a maior\u00eda absoluta polos pelos. 11 Actas suma \u00e1 esquerda ( 6 BNG+3 PSOE+1 AV+1 EU) fronte \u00e1s 10 que te\u00f1en os populares [...]","og_url":"https:\/\/www.anovapeneira.gal\/index.php\/2024\/05\/27\/aurora-prieto-concelleira-de-esquerda-unida-en-cangas\/","article_publisher":"https:\/\/www.facebook.com\/anovapeneira","article_published_time":"2024-05-27T10:00:30+00:00","og_image":[{"width":720,"height":432,"url":"https:\/\/www.anovapeneira.gal\/wp-content\/uploads\/2024\/05\/esquerda_unida_cangas.jpg","type":"image\/jpeg"}],"author":"Aar\u00f3n Franco","twitter_card":"summary_large_image","twitter_creator":"@APeneira","twitter_site":"@APeneira","twitter_misc":{"Escrito por":"Aar\u00f3n Franco","Tempo de lectura":"4 minutos"},"schema":{"@context":"https:\/\/schema.org","@graph":[{"@type":"Article","@id":"https:\/\/www.anovapeneira.gal\/index.php\/2024\/05\/27\/aurora-prieto-concelleira-de-esquerda-unida-en-cangas\/#article","isPartOf":{"@id":"https:\/\/www.anovapeneira.gal\/index.php\/2024\/05\/27\/aurora-prieto-concelleira-de-esquerda-unida-en-cangas\/"},"author":{"name":"Aar\u00f3n Franco","@id":"https:\/\/www.anovapeneira.gal\/#\/schema\/person\/a907e49c1885c12d6f281770afd68766"},"headline":"Aurora Prieto, concelleira de Esquerda Unida en Cangas","datePublished":"2024-05-27T10:00:30+00:00","mainEntityOfPage":{"@id":"https:\/\/www.anovapeneira.gal\/index.php\/2024\/05\/27\/aurora-prieto-concelleira-de-esquerda-unida-en-cangas\/"},"wordCount":1411,"commentCount":0,"publisher":{"@id":"https:\/\/www.anovapeneira.gal\/#organization"},"image":{"@id":"https:\/\/www.anovapeneira.gal\/index.php\/2024\/05\/27\/aurora-prieto-concelleira-de-esquerda-unida-en-cangas\/#primaryimage"},"thumbnailUrl":"https:\/\/www.anovapeneira.gal\/wp-content\/uploads\/2024\/05\/esquerda_unida_cangas.jpg","keywords":["Concello de Cangas do Morrazo"],"articleSection":["Morrazo"],"inLanguage":"gl-ES","potentialAction":[{"@type":"CommentAction","name":"Comment","target":["https:\/\/www.anovapeneira.gal\/index.php\/2024\/05\/27\/aurora-prieto-concelleira-de-esquerda-unida-en-cangas\/#respond"]}]},{"@type":"WebPage","@id":"https:\/\/www.anovapeneira.gal\/index.php\/2024\/05\/27\/aurora-prieto-concelleira-de-esquerda-unida-en-cangas\/","url":"https:\/\/www.anovapeneira.gal\/index.php\/2024\/05\/27\/aurora-prieto-concelleira-de-esquerda-unida-en-cangas\/","name":"Aurora Prieto, concelleira de Esquerda Unida en Cangas -","isPartOf":{"@id":"https:\/\/www.anovapeneira.gal\/#website"},"primaryImageOfPage":{"@id":"https:\/\/www.anovapeneira.gal\/index.php\/2024\/05\/27\/aurora-prieto-concelleira-de-esquerda-unida-en-cangas\/#primaryimage"},"image":{"@id":"https:\/\/www.anovapeneira.gal\/index.php\/2024\/05\/27\/aurora-prieto-concelleira-de-esquerda-unida-en-cangas\/#primaryimage"},"thumbnailUrl":"https:\/\/www.anovapeneira.gal\/wp-content\/uploads\/2024\/05\/esquerda_unida_cangas.jpg","datePublished":"2024-05-27T10:00:30+00:00","breadcrumb":{"@id":"https:\/\/www.anovapeneira.gal\/index.php\/2024\/05\/27\/aurora-prieto-concelleira-de-esquerda-unida-en-cangas\/#breadcrumb"},"inLanguage":"gl-ES","potentialAction":[{"@type":"ReadAction","target":["https:\/\/www.anovapeneira.gal\/index.php\/2024\/05\/27\/aurora-prieto-concelleira-de-esquerda-unida-en-cangas\/"]}]},{"@type":"ImageObject","inLanguage":"gl-ES","@id":"https:\/\/www.anovapeneira.gal\/index.php\/2024\/05\/27\/aurora-prieto-concelleira-de-esquerda-unida-en-cangas\/#primaryimage","url":"https:\/\/www.anovapeneira.gal\/wp-content\/uploads\/2024\/05\/esquerda_unida_cangas.jpg","contentUrl":"https:\/\/www.anovapeneira.gal\/wp-content\/uploads\/2024\/05\/esquerda_unida_cangas.jpg","width":720,"height":432,"caption":"Aurora Prieto Esquerda Unida Cangas"},{"@type":"BreadcrumbList","@id":"https:\/\/www.anovapeneira.gal\/index.php\/2024\/05\/27\/aurora-prieto-concelleira-de-esquerda-unida-en-cangas\/#breadcrumb","itemListElement":[{"@type":"ListItem","position":1,"name":"Portada","item":"https:\/\/www.anovapeneira.gal\/"},{"@type":"ListItem","position":2,"name":"Aurora Prieto, concelleira de Esquerda Unida en Cangas"}]},{"@type":"WebSite","@id":"https:\/\/www.anovapeneira.gal\/#website","url":"https:\/\/www.anovapeneira.gal\/","name":"","description":"Xornal galego de informaci\u00f3n xeral Publicaci\u00f3n mensual de novas de Galicia e en especial dos Concellos da sur da provincia de Pontevedra.","publisher":{"@id":"https:\/\/www.anovapeneira.gal\/#organization"},"potentialAction":[{"@type":"SearchAction","target":{"@type":"EntryPoint","urlTemplate":"https:\/\/www.anovapeneira.gal\/?s={search_term_string}"},"query-input":{"@type":"PropertyValueSpecification","valueRequired":true,"valueName":"search_term_string"}}],"inLanguage":"gl-ES"},{"@type":"Organization","@id":"https:\/\/www.anovapeneira.gal\/#organization","name":"A Nova Peneira","url":"https:\/\/www.anovapeneira.gal\/","logo":{"@type":"ImageObject","inLanguage":"gl-ES","@id":"https:\/\/www.anovapeneira.gal\/#\/schema\/logo\/image\/","url":"http:\/\/www.anovapeneira.gal\/wp-content\/uploads\/2019\/06\/logo_a_nova_peneira_portal_web.png","contentUrl":"http:\/\/www.anovapeneira.gal\/wp-content\/uploads\/2019\/06\/logo_a_nova_peneira_portal_web.png","width":300,"height":100,"caption":"A Nova Peneira"},"image":{"@id":"https:\/\/www.anovapeneira.gal\/#\/schema\/logo\/image\/"},"sameAs":["https:\/\/www.facebook.com\/anovapeneira","https:\/\/x.com\/APeneira"]},{"@type":"Person","@id":"https:\/\/www.anovapeneira.gal\/#\/schema\/person\/a907e49c1885c12d6f281770afd68766","name":"Aar\u00f3n Franco","image":{"@type":"ImageObject","inLanguage":"gl-ES","@id":"https:\/\/secure.gravatar.com\/avatar\/82f0614fe09ae3f066983f8d670d0ff15a0917fefe52b93ffa425275b87d6102?s=96&d=mm&r=g","url":"https:\/\/secure.gravatar.com\/avatar\/82f0614fe09ae3f066983f8d670d0ff15a0917fefe52b93ffa425275b87d6102?s=96&d=mm&r=g","contentUrl":"https:\/\/secure.gravatar.com\/avatar\/82f0614fe09ae3f066983f8d670d0ff15a0917fefe52b93ffa425275b87d6102?s=96&d=mm&r=g","caption":"Aar\u00f3n Franco"},"sameAs":["http:\/\/www.anovapeneira.gal\/"],"url":"https:\/\/www.anovapeneira.gal\/index.php\/author\/aaron-franco\/"}]}},"jetpack_featured_media_url":"https:\/\/www.anovapeneira.gal\/wp-content\/uploads\/2024\/05\/esquerda_unida_cangas.jpg","_links":{"self":[{"href":"https:\/\/www.anovapeneira.gal\/index.php\/wp-json\/wp\/v2\/posts\/11785","targetHints":{"allow":["GET"]}}],"collection":[{"href":"https:\/\/www.anovapeneira.gal\/index.php\/wp-json\/wp\/v2\/posts"}],"about":[{"href":"https:\/\/www.anovapeneira.gal\/index.php\/wp-json\/wp\/v2\/types\/post"}],"author":[{"embeddable":true,"href":"https:\/\/www.anovapeneira.gal\/index.php\/wp-json\/wp\/v2\/users\/23"}],"replies":[{"embeddable":true,"href":"https:\/\/www.anovapeneira.gal\/index.php\/wp-json\/wp\/v2\/comments?post=11785"}],"version-history":[{"count":2,"href":"https:\/\/www.anovapeneira.gal\/index.php\/wp-json\/wp\/v2\/posts\/11785\/revisions"}],"predecessor-version":[{"id":11789,"href":"https:\/\/www.anovapeneira.gal\/index.php\/wp-json\/wp\/v2\/posts\/11785\/revisions\/11789"}],"wp:featuredmedia":[{"embeddable":true,"href":"https:\/\/www.anovapeneira.gal\/index.php\/wp-json\/wp\/v2\/media\/11786"}],"wp:attachment":[{"href":"https:\/\/www.anovapeneira.gal\/index.php\/wp-json\/wp\/v2\/media?parent=11785"}],"wp:term":[{"taxonomy":"category","embeddable":true,"href":"https:\/\/www.anovapeneira.gal\/index.php\/wp-json\/wp\/v2\/categories?post=11785"},{"taxonomy":"post_tag","embeddable":true,"href":"https:\/\/www.anovapeneira.gal\/index.php\/wp-json\/wp\/v2\/tags?post=11785"}],"curies":[{"name":"wp","href":"https:\/\/api.w.org\/{rel}","templated":true}]}}