{"id":11793,"date":"2024-05-28T12:00:12","date_gmt":"2024-05-28T10:00:12","guid":{"rendered":"https:\/\/www.anovapeneira.gal\/?p=11793"},"modified":"2024-05-22T10:13:32","modified_gmt":"2024-05-22T08:13:32","slug":"cousas-de-salvaterra-15","status":"publish","type":"post","link":"https:\/\/www.anovapeneira.gal\/index.php\/2024\/05\/28\/cousas-de-salvaterra-15\/","title":{"rendered":"Cousas de Salvaterra"},"content":{"rendered":"\n<figure class=\"wp-block-image size-full is-resized\"><img loading=\"lazy\" decoding=\"async\" width=\"190\" height=\"229\" src=\"https:\/\/www.anovapeneira.gal\/wp-content\/uploads\/2022\/08\/opinion_anton_saque.jpg\" alt=\"Ant\u00f3n Lourenzo, veci\u00f1o da Vila\" class=\"wp-image-8006\" style=\"width:75px;height:auto\"\/><figcaption class=\"wp-element-caption\">Ant\u00f3n Lourenzo, veci\u00f1o da Vila<\/figcaption><\/figure>\n\n\n\n<h2 class=\"wp-block-heading\">DE COMO MANUEL MARI\u00d1O M\u00c9NDEZ, O \u00daLTIMO ALCALDE REPUBLICANO, LOGROU FUXIR DUNHA MORTE CERTA.<\/h2>\n\n\n\n<p>Telegrama do Gobernador Civil, (Gonzalo Acosta Pan, fusilado o 12\/09\/36, 47 anos), dirixido \u00f3 Alcalde Manuel Mari\u00f1o M\u00e9ndez.<\/p>\n\n\n\n<p>TRANSCRICI\u00d3N TEXTO:<\/p>\n\n\n\n<p>Del. Gober. Civil.- Dominados case totalmente focos facciosos, algunhas localidades Sur, alz\u00e1ronse contra Rep\u00fablica, comun\u00edcolle V.S. para satisfacci\u00f3n elementos afectos R\u00e9xime. Conv\u00e9n, por\u00e9n, que esa Alcald\u00eda e Organizaci\u00f3ns Fronte Popular sigan atentos. Adv\u00edrtolle que nestes intres ten V.S. toda autoridade adoptar medidas necesarias para defensa R\u00e9xime, comunic\u00e1ndome canto ocorra. Sa\u00fadao.<\/p>\n\n\n\n<p>Esa, e non outra, foi a orde que o Alcalde recibiu do Goberno Civil, e pux\u00e9ronse de contado a tomar as medidas que consideraron precisas na defensa da II Rep\u00fablica, form\u00e1ndose o Comit\u00e9 de Defensa da Rep\u00fablica, fundamentalmente con elementos de Salvaterra, pero tam\u00e9n con alg\u00fans do Concello das Neves.<\/p>\n\n\n\n<p>O d\u00eda 20 declarouse a folga xeral, comeza o recrutamento de milicianos, requisa de armas, detenci\u00f3n de alg\u00fan elemento de dereitas. O d\u00eda 21, requisa de armas, controles nas r\u00faas e nos cruces de estradas. O d\u00eda 22, intento detenci\u00f3n do cura de Taboexa, (disparou contra un miliciano, fer\u00edndoo), requisa na ferreter\u00eda de Germ\u00e1n Alonso de armas e munici\u00f3ns. O d\u00eda 23, pres\u00e9ntase voluntariamente o cura, f\u00f3rmase Tribunal Popular que o xulga e multa con 2000 ptas. O d\u00eda 24 tr\u00e1tase de inutilizar a ponte sobre o r\u00edo Mendo na estrada das Neves, en Alcabre, Oleiros, e a ponte da estrada de Salceda sobre o r\u00edo Tea na Fillaboa. O d\u00eda 25, arr\u00edncanse varios carr\u00eds do cami\u00f1o de ferro na Fillaboa, tr\u00e1tase de voar o viaduto de Sta. Mari\u00f1a, tam\u00e9n do cami\u00f1o de ferro en Li\u00f1ares, As Neves. O d\u00eda 26, c\u00f3rtanse pi\u00f1eiros na estrada de Ponteareas, alg\u00fans comezan a fuxida ante a gravidade dos feitos na comarca, af\u00fandense barcos para evitar fuxidas, parece ser que xa hai contactos para a entrega do Concello \u00e1s forzas de seguridade (Garda Civil e Carabineiros). O d\u00eda 27 dev\u00f3lvense armas \u00f3s donos ou \u00e1s forzas de seguridade. O d\u00eda 28, decl\u00e1rase o bando de guerra. O d\u00eda 29, uns emprenden a fuga, outros fican inocentemente nas casas. O d\u00eda 30, asasinan no lugar da Picada, antigo matadoiro, \u00f3 Concelleiro Bernardo Bern\u00e1rdez Mart\u00ednez, preso na cadea do Concello.<\/p>\n\n\n\n<p>O avance dos facciosos era imparable e Salvaterra caeu sen loita entregada nas mans da Garda Civil e Carabineiros que estaban acuartelados na vila, \u00f3 mando do Brigada Evaristo Ord\u00f3\u00f1ez P\u00e9rez e do Tenente Francisco Villarubia Fern\u00e1ndez, respectivamente.<\/p>\n\n\n\n<p>At\u00e9 agora non se sab\u00eda como conseguira este obxectivo Manuel Mari\u00f1o, pero a lectura atenta da causa 301\/36, que se levantou posteriormente contra todos aqueles elementos que tomaron parte na defensa da Rep\u00fablica, e que se atopa depositada no Arquivo Militar de Ferrol, danos as pistas, chaves no desenrolo dos feitos.<\/p>\n\n\n\n<p>Mari\u00f1o nos \u00faltimos momentos acougou os \u00e1nimos e calmou os milicianos, e deb\u00eda ter boas relaci\u00f3ns coa sociedade salvaterrense, ser moi respectado, solo as\u00ed se explica que varios elementos, de esquerdas e de dereitas, se confabulasen para polo a salvo, de xeito que:<\/p>\n\n\n\n<p>Un dereitista, Carlos Su\u00e1rez Orge, de 36 anos, comerciante, xefe da Falanxe local, en declaraci\u00f3ns a G. Civil, sinala que pasara a Portugal o d\u00eda 20 de xullo acompa\u00f1ado polo Cura P\u00e1rroco Sr. Montero e de Manuel Gonz\u00e1lez Porto, este falanxista moi activo, non regresando at\u00e9 o d\u00eda vinte e nove, segundo acredita co pasaporte.<\/p>\n\n\n\n<p>O d\u00eda dous de agosto el e Arturo Queimadelos Barros van xuntos a Mon\u00e7\u00e3o sobre as catro da tarde, cousa que lle estra\u00f1ou incluso ao garda portugu\u00e9s, co\u00f1ecedor do credo pol\u00edtico dos dous, mesmo lles preguntou a que \u00edan, respondendo que \u00edan a \u201cmerendar\u201d\u00b7 Un dos gardas pediulle informes sobre o Alcalde \u00f3 Sr. Su\u00e1rez, d\u00e1ndollos en sentido favorable. En Mon\u00e7\u00e3o estiveron unhas tres horas, regresando sobre as sete e media.<\/p>\n\n\n\n<p>Arturo Queimadelos Barros, m\u00e9dico de 50 anos, adscrito a Esquerda Republicana. Preguntado pola Garda Civil se estivera xunto con Carlos Su\u00e1rez en Mon\u00e7\u00e3o o d\u00eda cinco ou seis de agosto preparando o paso e refuxio \u00f3 Alcalde Mari\u00f1o, naturalmente o negou, pero asegurou que tendo en conta o pouco fondo do r\u00edo que permite pasalo a p\u00e9 cree que as\u00ed o far\u00eda. Preguntado se foi certo que estiveron xuntos en Mon\u00e7\u00e3o el e Carlos Su\u00e1rez o d\u00eda dous de agosto, contestou afirmativamente.<\/p>\n\n\n\n<p>Alfonso Gonz\u00e1lez Troncoso, de 62 anos, labrador, veci\u00f1o de Salvaterra, falanxista ac\u00e9rrimo, recadador de impostos, ( Xu\u00edz Municipal durante a ditadura do Xeneral Primo de Rivera), tivo agochado a Mari\u00f1o nun alpendre da sua propiedade ate o d\u00eda da fuxida, cando pasou a p\u00e9 o r\u00edo no lugar da Fillaboa, a altura da illa grande, e de al\u00ed a Portugal. Preguntado este por que non o denunciara, respondeu que non sab\u00eda que o estaban buscando. \u00c9 de suli\u00f1ar que o Doutor Arturo Queimadelos Barros se interesara ante el para que puxera unha barca a flote, sen \u00e9xito.<\/p>\n\n\n\n<p>Evaristo Ord\u00f3\u00f1ez P\u00e9rez, de 44 anos, Brigada da Garda Civil de Salvaterra, declara \u00f3 Capit\u00e1n de Tui \u201cna evasi\u00f3n do ex Alcalde, interviu o Sr. Queimadelos e Carlos Su\u00e1rez, este de dereitas\u201d, \u201c tam\u00e9n \u00e9 certo o paso a Mon\u00e7\u00e3o dos dous citados, paso moi significativo trat\u00e1ndose de distinta ideolox\u00eda, no mesmo d\u00eda e hora, e solo para merendar, cham\u00e1ndolle a atenci\u00f3n mesmo ao polic\u00eda portugu\u00e9s\u201d, \u201ctam\u00e9n \u00e9 significativo que Queimadelos tratase de p\u00f3r unha das barcas que estaban afundidas, a flote\u201d. En declaraci\u00f3n posterior afirma, \u201cque por referencias sabe que o citado ex Alcalde estivo cinco d\u00edas agochado na casa de Alfonso Gonz\u00e1lez e que en Mon\u00e7\u00e3o practicou xesti\u00f3ns o Dr. Queimadelos.\u201d<\/p>\n\n\n\n<p>Jos\u00e9 Ram\u00f3n Alonso \u00c1lvarez, propietario, dereitista do clan caciquil dos Bugallales, declara, \u201cque por referencias soubo que o ex Alcalde estivo oculto na casa de Jos\u00e9 B\u00e9rtolo, mestre, (este negouno), que despois andou ocult\u00e1ndose entre os milleiros, ata que apareceu nun alpendre de Alfonso Gonz\u00e1lez. O paso do r\u00edo f\u00edxoo a p\u00e9 por un vao que hai na Fillaboa, deica as illas, e que dous cambiadores de Mon\u00e7\u00e3o (tal vez un fora un tal Francisco Est\u00e9ves) fixeron xesti\u00f3ns coa polic\u00eda portuguesa, para que non puxeran impedimento a sua estad\u00eda en Portugal.\u201d<\/p>\n\n\n\n<p>E as\u00ed foi como se abriu o Proceso n\u00ba 925\/36 e a conseguinte Biograf\u00eda Prisional, existente no Arquivo da Torre do Tombo en Lisboa, fondo da PIDE (polic\u00eda pol\u00edtica portuguesa), folio n\u00ba 3655, \u201cEntregue pela Guarda Fiscal deu entrada no Posto de Mon\u00e7\u00e3o em 05-08-36, motivo entrada clandestina em Portugal, recolhendo \u00e1 Cadeia Civil da Comarca de Mon\u00e7\u00e3o. Transferido para a Delega\u00e7\u00e3o do Porto em 28-08-36. Transferido para esta Cidade em 31-08-36, recolhendo a 1\u00aa Esquadra. Embarcou para Tarragona em 10-10-36.\u201d<\/p>\n\n\n\n<p>Nota: Este traballo foi posible grazas a colaboraci\u00f3n do tam\u00e9n membro da Comisi\u00f3n para a Recuperaci\u00f3n da Memoria Hist\u00f3rica, Baixo Mi\u00f1o, Condado e A Louri\u00f1a, Don Anxo L\u00f3pez, mestre xubilado, Cabreira, Salvaterra.<\/p>\n\n\n\n<p>Salvaterra de Mi\u00f1o, 18 de maio de 2024<\/p>\n\n\n\n<p>Ant\u00f3n \u201cXaque\u201d.<\/p>\n","protected":false},"excerpt":{"rendered":"<div class=\"mh-excerpt\"><p>DE COMO MANUEL MARI\u00d1O M\u00c9NDEZ, O \u00daLTIMO ALCALDE REPUBLICANO, LOGROU FUXIR DUNHA MORTE CERTA <a class=\"mh-excerpt-more\" href=\"https:\/\/www.anovapeneira.gal\/index.php\/2024\/05\/28\/cousas-de-salvaterra-15\/\" title=\"Cousas de Salvaterra\">[&#8230;]<\/a><\/p>\n<\/div>","protected":false},"author":34,"featured_media":11795,"comment_status":"open","ping_status":"open","sticky":false,"template":"","format":"standard","meta":{"_exactmetrics_skip_tracking":false,"_exactmetrics_sitenote_active":false,"_exactmetrics_sitenote_note":"","_exactmetrics_sitenote_category":0,"footnotes":""},"categories":[7],"tags":[],"class_list":{"0":"post-11793","1":"post","2":"type-post","3":"status-publish","4":"format-standard","5":"has-post-thumbnail","7":"category-artigos-de-opinion"},"yoast_head":"<!-- This site is optimized with the Yoast SEO plugin v27.4 - https:\/\/yoast.com\/product\/yoast-seo-wordpress\/ -->\n<title>Cousas de Salvaterra -<\/title>\n<meta name=\"robots\" content=\"index, follow, max-snippet:-1, max-image-preview:large, max-video-preview:-1\" \/>\n<link rel=\"canonical\" href=\"https:\/\/www.anovapeneira.gal\/index.php\/2024\/05\/28\/cousas-de-salvaterra-15\/\" \/>\n<meta property=\"og:locale\" content=\"gl_ES\" \/>\n<meta property=\"og:type\" content=\"article\" \/>\n<meta property=\"og:title\" content=\"Cousas de Salvaterra -\" \/>\n<meta property=\"og:description\" content=\"DE COMO MANUEL MARI\u00d1O M\u00c9NDEZ, O \u00daLTIMO ALCALDE REPUBLICANO, LOGROU FUXIR DUNHA MORTE CERTA [...]\" \/>\n<meta property=\"og:url\" content=\"https:\/\/www.anovapeneira.gal\/index.php\/2024\/05\/28\/cousas-de-salvaterra-15\/\" \/>\n<meta property=\"article:publisher\" content=\"https:\/\/www.facebook.com\/anovapeneira\" \/>\n<meta property=\"article:published_time\" content=\"2024-05-28T10:00:12+00:00\" \/>\n<meta property=\"og:image\" content=\"https:\/\/www.anovapeneira.gal\/wp-content\/uploads\/2024\/05\/telegrama.jpg\" \/>\n\t<meta property=\"og:image:width\" content=\"720\" \/>\n\t<meta property=\"og:image:height\" content=\"432\" \/>\n\t<meta property=\"og:image:type\" content=\"image\/jpeg\" \/>\n<meta name=\"author\" content=\"Ant\u00f3n Lorenzo Gonz\u00e1lez\" \/>\n<meta name=\"twitter:card\" content=\"summary_large_image\" \/>\n<meta name=\"twitter:image\" content=\"https:\/\/www.anovapeneira.gal\/wp-content\/uploads\/2024\/05\/telegrama.jpg\" \/>\n<meta name=\"twitter:creator\" content=\"@APeneira\" \/>\n<meta name=\"twitter:site\" content=\"@APeneira\" \/>\n<meta name=\"twitter:label1\" content=\"Escrito por\" \/>\n\t<meta name=\"twitter:data1\" content=\"Ant\u00f3n Lorenzo Gonz\u00e1lez\" \/>\n\t<meta name=\"twitter:label2\" content=\"Tempo de lectura\" \/>\n\t<meta name=\"twitter:data2\" content=\"7 minutos\" \/>\n<script type=\"application\/ld+json\" class=\"yoast-schema-graph\">{\"@context\":\"https:\\\/\\\/schema.org\",\"@graph\":[{\"@type\":\"Article\",\"@id\":\"https:\\\/\\\/www.anovapeneira.gal\\\/index.php\\\/2024\\\/05\\\/28\\\/cousas-de-salvaterra-15\\\/#article\",\"isPartOf\":{\"@id\":\"https:\\\/\\\/www.anovapeneira.gal\\\/index.php\\\/2024\\\/05\\\/28\\\/cousas-de-salvaterra-15\\\/\"},\"author\":{\"name\":\"Ant\u00f3n Lorenzo Gonz\u00e1lez\",\"@id\":\"https:\\\/\\\/www.anovapeneira.gal\\\/#\\\/schema\\\/person\\\/1bf91cd240796d05b6522e3d8a6e2d8e\"},\"headline\":\"Cousas de Salvaterra\",\"datePublished\":\"2024-05-28T10:00:12+00:00\",\"mainEntityOfPage\":{\"@id\":\"https:\\\/\\\/www.anovapeneira.gal\\\/index.php\\\/2024\\\/05\\\/28\\\/cousas-de-salvaterra-15\\\/\"},\"wordCount\":1268,\"commentCount\":0,\"publisher\":{\"@id\":\"https:\\\/\\\/www.anovapeneira.gal\\\/#organization\"},\"image\":{\"@id\":\"https:\\\/\\\/www.anovapeneira.gal\\\/index.php\\\/2024\\\/05\\\/28\\\/cousas-de-salvaterra-15\\\/#primaryimage\"},\"thumbnailUrl\":\"https:\\\/\\\/www.anovapeneira.gal\\\/wp-content\\\/uploads\\\/2024\\\/05\\\/telegrama.jpg\",\"articleSection\":[\"Artigos de opini\u00f3n\"],\"inLanguage\":\"gl-ES\",\"potentialAction\":[{\"@type\":\"CommentAction\",\"name\":\"Comment\",\"target\":[\"https:\\\/\\\/www.anovapeneira.gal\\\/index.php\\\/2024\\\/05\\\/28\\\/cousas-de-salvaterra-15\\\/#respond\"]}]},{\"@type\":\"WebPage\",\"@id\":\"https:\\\/\\\/www.anovapeneira.gal\\\/index.php\\\/2024\\\/05\\\/28\\\/cousas-de-salvaterra-15\\\/\",\"url\":\"https:\\\/\\\/www.anovapeneira.gal\\\/index.php\\\/2024\\\/05\\\/28\\\/cousas-de-salvaterra-15\\\/\",\"name\":\"Cousas de Salvaterra -\",\"isPartOf\":{\"@id\":\"https:\\\/\\\/www.anovapeneira.gal\\\/#website\"},\"primaryImageOfPage\":{\"@id\":\"https:\\\/\\\/www.anovapeneira.gal\\\/index.php\\\/2024\\\/05\\\/28\\\/cousas-de-salvaterra-15\\\/#primaryimage\"},\"image\":{\"@id\":\"https:\\\/\\\/www.anovapeneira.gal\\\/index.php\\\/2024\\\/05\\\/28\\\/cousas-de-salvaterra-15\\\/#primaryimage\"},\"thumbnailUrl\":\"https:\\\/\\\/www.anovapeneira.gal\\\/wp-content\\\/uploads\\\/2024\\\/05\\\/telegrama.jpg\",\"datePublished\":\"2024-05-28T10:00:12+00:00\",\"breadcrumb\":{\"@id\":\"https:\\\/\\\/www.anovapeneira.gal\\\/index.php\\\/2024\\\/05\\\/28\\\/cousas-de-salvaterra-15\\\/#breadcrumb\"},\"inLanguage\":\"gl-ES\",\"potentialAction\":[{\"@type\":\"ReadAction\",\"target\":[\"https:\\\/\\\/www.anovapeneira.gal\\\/index.php\\\/2024\\\/05\\\/28\\\/cousas-de-salvaterra-15\\\/\"]}]},{\"@type\":\"ImageObject\",\"inLanguage\":\"gl-ES\",\"@id\":\"https:\\\/\\\/www.anovapeneira.gal\\\/index.php\\\/2024\\\/05\\\/28\\\/cousas-de-salvaterra-15\\\/#primaryimage\",\"url\":\"https:\\\/\\\/www.anovapeneira.gal\\\/wp-content\\\/uploads\\\/2024\\\/05\\\/telegrama.jpg\",\"contentUrl\":\"https:\\\/\\\/www.anovapeneira.gal\\\/wp-content\\\/uploads\\\/2024\\\/05\\\/telegrama.jpg\",\"width\":720,\"height\":432,\"caption\":\"Cousas de Salvaterra\"},{\"@type\":\"BreadcrumbList\",\"@id\":\"https:\\\/\\\/www.anovapeneira.gal\\\/index.php\\\/2024\\\/05\\\/28\\\/cousas-de-salvaterra-15\\\/#breadcrumb\",\"itemListElement\":[{\"@type\":\"ListItem\",\"position\":1,\"name\":\"Portada\",\"item\":\"https:\\\/\\\/www.anovapeneira.gal\\\/\"},{\"@type\":\"ListItem\",\"position\":2,\"name\":\"Cousas de Salvaterra\"}]},{\"@type\":\"WebSite\",\"@id\":\"https:\\\/\\\/www.anovapeneira.gal\\\/#website\",\"url\":\"https:\\\/\\\/www.anovapeneira.gal\\\/\",\"name\":\"\",\"description\":\"Xornal galego de informaci\u00f3n xeral Publicaci\u00f3n mensual de novas de Galicia e en especial dos Concellos da sur da provincia de Pontevedra.\",\"publisher\":{\"@id\":\"https:\\\/\\\/www.anovapeneira.gal\\\/#organization\"},\"potentialAction\":[{\"@type\":\"SearchAction\",\"target\":{\"@type\":\"EntryPoint\",\"urlTemplate\":\"https:\\\/\\\/www.anovapeneira.gal\\\/?s={search_term_string}\"},\"query-input\":{\"@type\":\"PropertyValueSpecification\",\"valueRequired\":true,\"valueName\":\"search_term_string\"}}],\"inLanguage\":\"gl-ES\"},{\"@type\":\"Organization\",\"@id\":\"https:\\\/\\\/www.anovapeneira.gal\\\/#organization\",\"name\":\"A Nova Peneira\",\"url\":\"https:\\\/\\\/www.anovapeneira.gal\\\/\",\"logo\":{\"@type\":\"ImageObject\",\"inLanguage\":\"gl-ES\",\"@id\":\"https:\\\/\\\/www.anovapeneira.gal\\\/#\\\/schema\\\/logo\\\/image\\\/\",\"url\":\"http:\\\/\\\/www.anovapeneira.gal\\\/wp-content\\\/uploads\\\/2019\\\/06\\\/logo_a_nova_peneira_portal_web.png\",\"contentUrl\":\"http:\\\/\\\/www.anovapeneira.gal\\\/wp-content\\\/uploads\\\/2019\\\/06\\\/logo_a_nova_peneira_portal_web.png\",\"width\":300,\"height\":100,\"caption\":\"A Nova Peneira\"},\"image\":{\"@id\":\"https:\\\/\\\/www.anovapeneira.gal\\\/#\\\/schema\\\/logo\\\/image\\\/\"},\"sameAs\":[\"https:\\\/\\\/www.facebook.com\\\/anovapeneira\",\"https:\\\/\\\/x.com\\\/APeneira\"]},{\"@type\":\"Person\",\"@id\":\"https:\\\/\\\/www.anovapeneira.gal\\\/#\\\/schema\\\/person\\\/1bf91cd240796d05b6522e3d8a6e2d8e\",\"name\":\"Ant\u00f3n Lorenzo Gonz\u00e1lez\",\"image\":{\"@type\":\"ImageObject\",\"inLanguage\":\"gl-ES\",\"@id\":\"https:\\\/\\\/secure.gravatar.com\\\/avatar\\\/dcd882e8f4338e07610336943426400d525673506eb37ce59442ba704e5cc971?s=96&d=mm&r=g\",\"url\":\"https:\\\/\\\/secure.gravatar.com\\\/avatar\\\/dcd882e8f4338e07610336943426400d525673506eb37ce59442ba704e5cc971?s=96&d=mm&r=g\",\"contentUrl\":\"https:\\\/\\\/secure.gravatar.com\\\/avatar\\\/dcd882e8f4338e07610336943426400d525673506eb37ce59442ba704e5cc971?s=96&d=mm&r=g\",\"caption\":\"Ant\u00f3n Lorenzo Gonz\u00e1lez\"},\"url\":\"https:\\\/\\\/www.anovapeneira.gal\\\/index.php\\\/author\\\/xaque\\\/\"}]}<\/script>\n<!-- \/ Yoast SEO plugin. -->","yoast_head_json":{"title":"Cousas de Salvaterra -","robots":{"index":"index","follow":"follow","max-snippet":"max-snippet:-1","max-image-preview":"max-image-preview:large","max-video-preview":"max-video-preview:-1"},"canonical":"https:\/\/www.anovapeneira.gal\/index.php\/2024\/05\/28\/cousas-de-salvaterra-15\/","og_locale":"gl_ES","og_type":"article","og_title":"Cousas de Salvaterra -","og_description":"DE COMO MANUEL MARI\u00d1O M\u00c9NDEZ, O \u00daLTIMO ALCALDE REPUBLICANO, LOGROU FUXIR DUNHA MORTE CERTA [...]","og_url":"https:\/\/www.anovapeneira.gal\/index.php\/2024\/05\/28\/cousas-de-salvaterra-15\/","article_publisher":"https:\/\/www.facebook.com\/anovapeneira","article_published_time":"2024-05-28T10:00:12+00:00","og_image":[{"width":720,"height":432,"url":"https:\/\/www.anovapeneira.gal\/wp-content\/uploads\/2024\/05\/telegrama.jpg","type":"image\/jpeg"}],"author":"Ant\u00f3n Lorenzo Gonz\u00e1lez","twitter_card":"summary_large_image","twitter_image":"https:\/\/www.anovapeneira.gal\/wp-content\/uploads\/2024\/05\/telegrama.jpg","twitter_creator":"@APeneira","twitter_site":"@APeneira","twitter_misc":{"Escrito por":"Ant\u00f3n Lorenzo Gonz\u00e1lez","Tempo de lectura":"7 minutos"},"schema":{"@context":"https:\/\/schema.org","@graph":[{"@type":"Article","@id":"https:\/\/www.anovapeneira.gal\/index.php\/2024\/05\/28\/cousas-de-salvaterra-15\/#article","isPartOf":{"@id":"https:\/\/www.anovapeneira.gal\/index.php\/2024\/05\/28\/cousas-de-salvaterra-15\/"},"author":{"name":"Ant\u00f3n Lorenzo Gonz\u00e1lez","@id":"https:\/\/www.anovapeneira.gal\/#\/schema\/person\/1bf91cd240796d05b6522e3d8a6e2d8e"},"headline":"Cousas de Salvaterra","datePublished":"2024-05-28T10:00:12+00:00","mainEntityOfPage":{"@id":"https:\/\/www.anovapeneira.gal\/index.php\/2024\/05\/28\/cousas-de-salvaterra-15\/"},"wordCount":1268,"commentCount":0,"publisher":{"@id":"https:\/\/www.anovapeneira.gal\/#organization"},"image":{"@id":"https:\/\/www.anovapeneira.gal\/index.php\/2024\/05\/28\/cousas-de-salvaterra-15\/#primaryimage"},"thumbnailUrl":"https:\/\/www.anovapeneira.gal\/wp-content\/uploads\/2024\/05\/telegrama.jpg","articleSection":["Artigos de opini\u00f3n"],"inLanguage":"gl-ES","potentialAction":[{"@type":"CommentAction","name":"Comment","target":["https:\/\/www.anovapeneira.gal\/index.php\/2024\/05\/28\/cousas-de-salvaterra-15\/#respond"]}]},{"@type":"WebPage","@id":"https:\/\/www.anovapeneira.gal\/index.php\/2024\/05\/28\/cousas-de-salvaterra-15\/","url":"https:\/\/www.anovapeneira.gal\/index.php\/2024\/05\/28\/cousas-de-salvaterra-15\/","name":"Cousas de Salvaterra -","isPartOf":{"@id":"https:\/\/www.anovapeneira.gal\/#website"},"primaryImageOfPage":{"@id":"https:\/\/www.anovapeneira.gal\/index.php\/2024\/05\/28\/cousas-de-salvaterra-15\/#primaryimage"},"image":{"@id":"https:\/\/www.anovapeneira.gal\/index.php\/2024\/05\/28\/cousas-de-salvaterra-15\/#primaryimage"},"thumbnailUrl":"https:\/\/www.anovapeneira.gal\/wp-content\/uploads\/2024\/05\/telegrama.jpg","datePublished":"2024-05-28T10:00:12+00:00","breadcrumb":{"@id":"https:\/\/www.anovapeneira.gal\/index.php\/2024\/05\/28\/cousas-de-salvaterra-15\/#breadcrumb"},"inLanguage":"gl-ES","potentialAction":[{"@type":"ReadAction","target":["https:\/\/www.anovapeneira.gal\/index.php\/2024\/05\/28\/cousas-de-salvaterra-15\/"]}]},{"@type":"ImageObject","inLanguage":"gl-ES","@id":"https:\/\/www.anovapeneira.gal\/index.php\/2024\/05\/28\/cousas-de-salvaterra-15\/#primaryimage","url":"https:\/\/www.anovapeneira.gal\/wp-content\/uploads\/2024\/05\/telegrama.jpg","contentUrl":"https:\/\/www.anovapeneira.gal\/wp-content\/uploads\/2024\/05\/telegrama.jpg","width":720,"height":432,"caption":"Cousas de Salvaterra"},{"@type":"BreadcrumbList","@id":"https:\/\/www.anovapeneira.gal\/index.php\/2024\/05\/28\/cousas-de-salvaterra-15\/#breadcrumb","itemListElement":[{"@type":"ListItem","position":1,"name":"Portada","item":"https:\/\/www.anovapeneira.gal\/"},{"@type":"ListItem","position":2,"name":"Cousas de Salvaterra"}]},{"@type":"WebSite","@id":"https:\/\/www.anovapeneira.gal\/#website","url":"https:\/\/www.anovapeneira.gal\/","name":"","description":"Xornal galego de informaci\u00f3n xeral Publicaci\u00f3n mensual de novas de Galicia e en especial dos Concellos da sur da provincia de Pontevedra.","publisher":{"@id":"https:\/\/www.anovapeneira.gal\/#organization"},"potentialAction":[{"@type":"SearchAction","target":{"@type":"EntryPoint","urlTemplate":"https:\/\/www.anovapeneira.gal\/?s={search_term_string}"},"query-input":{"@type":"PropertyValueSpecification","valueRequired":true,"valueName":"search_term_string"}}],"inLanguage":"gl-ES"},{"@type":"Organization","@id":"https:\/\/www.anovapeneira.gal\/#organization","name":"A Nova Peneira","url":"https:\/\/www.anovapeneira.gal\/","logo":{"@type":"ImageObject","inLanguage":"gl-ES","@id":"https:\/\/www.anovapeneira.gal\/#\/schema\/logo\/image\/","url":"http:\/\/www.anovapeneira.gal\/wp-content\/uploads\/2019\/06\/logo_a_nova_peneira_portal_web.png","contentUrl":"http:\/\/www.anovapeneira.gal\/wp-content\/uploads\/2019\/06\/logo_a_nova_peneira_portal_web.png","width":300,"height":100,"caption":"A Nova Peneira"},"image":{"@id":"https:\/\/www.anovapeneira.gal\/#\/schema\/logo\/image\/"},"sameAs":["https:\/\/www.facebook.com\/anovapeneira","https:\/\/x.com\/APeneira"]},{"@type":"Person","@id":"https:\/\/www.anovapeneira.gal\/#\/schema\/person\/1bf91cd240796d05b6522e3d8a6e2d8e","name":"Ant\u00f3n Lorenzo Gonz\u00e1lez","image":{"@type":"ImageObject","inLanguage":"gl-ES","@id":"https:\/\/secure.gravatar.com\/avatar\/dcd882e8f4338e07610336943426400d525673506eb37ce59442ba704e5cc971?s=96&d=mm&r=g","url":"https:\/\/secure.gravatar.com\/avatar\/dcd882e8f4338e07610336943426400d525673506eb37ce59442ba704e5cc971?s=96&d=mm&r=g","contentUrl":"https:\/\/secure.gravatar.com\/avatar\/dcd882e8f4338e07610336943426400d525673506eb37ce59442ba704e5cc971?s=96&d=mm&r=g","caption":"Ant\u00f3n Lorenzo Gonz\u00e1lez"},"url":"https:\/\/www.anovapeneira.gal\/index.php\/author\/xaque\/"}]}},"jetpack_featured_media_url":"https:\/\/www.anovapeneira.gal\/wp-content\/uploads\/2024\/05\/telegrama.jpg","_links":{"self":[{"href":"https:\/\/www.anovapeneira.gal\/index.php\/wp-json\/wp\/v2\/posts\/11793","targetHints":{"allow":["GET"]}}],"collection":[{"href":"https:\/\/www.anovapeneira.gal\/index.php\/wp-json\/wp\/v2\/posts"}],"about":[{"href":"https:\/\/www.anovapeneira.gal\/index.php\/wp-json\/wp\/v2\/types\/post"}],"author":[{"embeddable":true,"href":"https:\/\/www.anovapeneira.gal\/index.php\/wp-json\/wp\/v2\/users\/34"}],"replies":[{"embeddable":true,"href":"https:\/\/www.anovapeneira.gal\/index.php\/wp-json\/wp\/v2\/comments?post=11793"}],"version-history":[{"count":2,"href":"https:\/\/www.anovapeneira.gal\/index.php\/wp-json\/wp\/v2\/posts\/11793\/revisions"}],"predecessor-version":[{"id":11798,"href":"https:\/\/www.anovapeneira.gal\/index.php\/wp-json\/wp\/v2\/posts\/11793\/revisions\/11798"}],"wp:featuredmedia":[{"embeddable":true,"href":"https:\/\/www.anovapeneira.gal\/index.php\/wp-json\/wp\/v2\/media\/11795"}],"wp:attachment":[{"href":"https:\/\/www.anovapeneira.gal\/index.php\/wp-json\/wp\/v2\/media?parent=11793"}],"wp:term":[{"taxonomy":"category","embeddable":true,"href":"https:\/\/www.anovapeneira.gal\/index.php\/wp-json\/wp\/v2\/categories?post=11793"},{"taxonomy":"post_tag","embeddable":true,"href":"https:\/\/www.anovapeneira.gal\/index.php\/wp-json\/wp\/v2\/tags?post=11793"}],"curies":[{"name":"wp","href":"https:\/\/api.w.org\/{rel}","templated":true}]}}