{"id":11799,"date":"2024-05-29T10:00:24","date_gmt":"2024-05-29T08:00:24","guid":{"rendered":"https:\/\/www.anovapeneira.gal\/?p=11799"},"modified":"2024-05-22T14:12:54","modified_gmt":"2024-05-22T12:12:54","slug":"jay-and-the-smoking-machines-apuntan-a-brillar-no-millo-verde","status":"publish","type":"post","link":"https:\/\/www.anovapeneira.gal\/index.php\/2024\/05\/29\/jay-and-the-smoking-machines-apuntan-a-brillar-no-millo-verde\/","title":{"rendered":"\u201cJay and the smoking machines\u201d apuntan a brillar no Millo verde"},"content":{"rendered":"\n<p><strong>Esta \u00e9 unha banda de Rock, formada por un home de Holanda e d\u00faas persoas galegas, que ten a s\u00faa base en Redondela. Os tres te\u00f1en moita experiencia no mundo da m\u00fasica, e hai algo m\u00e1is dun ano decidiron xuntarse e formar esta banda. A piques de comezarmos unha nova edici\u00f3n do Millo conversamos con eles pois te\u00f1o a certeza de que coa s\u00faa forza, talento e intensidade ser\u00e1n protagonistas destacados deste evento musical. Eles son:<\/strong><\/p>\n\n\n\n<p><strong>Jeroen Mesker, Lu\u00eds P\u00e9rez Souto, Alberto L\u00f3pez \u201cCuchi\u00f1as\u201d<\/strong><\/p>\n\n\n\n<h2 class=\"wp-block-heading\">\u201c<strong>O Rock \u00e9 a base do noso estilo musical\u201d<\/strong><\/h2>\n\n\n\n<p><strong>O teu nome Jeroen, moi de Redondela non parece?<\/strong><\/p>\n\n\n\n<blockquote class=\"wp-block-quote is-layout-flow wp-block-quote-is-layout-flow\">\n<p>Ha, ha ha ha. Poder\u00eda ser, pero efectivamente non o \u00e9. Son de Holanda, en concreto de Amsterdam. Na mi\u00f1a cidade estiven tocando en grupos diversos, xa te\u00f1o un importante cami\u00f1o andado no eido da m\u00fasica, este \u00e9 o meu quinto grupo no rock . Estiven un ano vivindo no Pirineo e agora levo dous en Galicia.<\/p>\n<\/blockquote>\n\n\n\n<p><strong>Como \u00e9 que chegaches a Galicia?<\/strong><\/p>\n\n\n\n<blockquote class=\"wp-block-quote is-layout-flow wp-block-quote-is-layout-flow\">\n<p>A primeira vez que vin a Galicia foi hai 10 anos. E foi nunha xira do grupo musical co que estaba nese momento. Co\u00f1ec\u00edn xente coa que fun facendo amizade. Gustoume, e cadroume nun momento vital no que me apetec\u00eda cambiar. Tiven a sorte de coincidir con Luis e Alberto e a posibilidade de combinar a natureza de Galicia coa oportunidade de facer rock \u00e9 moi agradable para min.<\/p>\n<\/blockquote>\n\n\n\n<p><strong>Ti, Luis, tampouco \u00e9 que acabes de chegar ao universo musical. En cantos grupos estiveches?<\/strong><\/p>\n\n\n\n<blockquote class=\"wp-block-quote is-layout-flow wp-block-quote-is-layout-flow\">\n<p>Bastantes, abof\u00e9 que si. Arredor de media ducia creo eu. Se cadra o m\u00e1is destacado, polo menos o que me deu a oportunidade de tocar en m\u00e1is sitios, foi O Caramuxo Vermello.<\/p>\n<\/blockquote>\n\n\n\n<p><strong>E finalmente Berto, o bater\u00eda con maior proxecci\u00f3n de Galicia, tam\u00e9n tes cami\u00f1o andado&#8230;..<\/strong><\/p>\n\n\n\n<blockquote class=\"wp-block-quote is-layout-flow wp-block-quote-is-layout-flow\">\n<p>Ben, a t\u00faa valoraci\u00f3n sobre a mi\u00f1a proxecci\u00f3n \u00e9 unha opini\u00f3n subxectiva<\/p>\n<\/blockquote>\n\n\n\n<p><strong>Non sexas modesto ve\u00f1a ohh, e f\u00e1lanos da t\u00faa traxectoria<\/strong><\/p>\n\n\n\n<blockquote class=\"wp-block-quote is-layout-flow wp-block-quote-is-layout-flow\">\n<p>Ha, ha ha ha&#8230;Eu comecei de moi cativo no mundo da m\u00fasica, grazas ao meu pai e \u00e1 mi\u00f1a nai que me deron a oportunidade de ir ao conservatorio. Eu naquel momento xogaba ao f\u00fatbol e tiven d\u00fabidas sobre a cal dos dous cami\u00f1os dirixirme. Estiven un tempo en contacto co mundo da gaita e penso que iso foi o que me fixo tomar a decisi\u00f3n de tirar polo cami\u00f1o da musica, e acabar por descubrir que o que me gusta a min \u00e9 a banda de rock e o escenario.<\/p>\n<\/blockquote>\n\n\n\n<p><strong>Quen \u00e9 Jay, e quen os smoking machines?<\/strong><\/p>\n\n\n\n<blockquote class=\"wp-block-quote is-layout-flow wp-block-quote-is-layout-flow\">\n<p>Jay e a abreviatura de Jeroen o meu nome holand\u00e9s, e o resto do nome, ref\u00edrese \u00e1s m\u00e1quinas que botan fume que son os meus dous compa\u00f1eiros, pois pareceunos que en ingl\u00e9s soaba ex\u00f3tico e que poder\u00eda resultar atractivo.<\/p>\n<\/blockquote>\n\n\n\n<p><strong>Como e cando nacedes?<\/strong><\/p>\n\n\n\n<blockquote class=\"wp-block-quote is-layout-flow wp-block-quote-is-layout-flow\">\n<p>Jeroen leva vivindo xa aqu\u00ed unha temporada. V\u00edmolo tocar varias veces, gustounos moito o que fai e os dous decidimos que queriamos tocar con el. Berto e eu levamos moitos anos tocando, temos moi boa sinton\u00eda, e falamos con Jeroen e decidimos montar o grupo. Comezamos con algunhas canci\u00f3ns doutos \u00e1lbums de Jeroen pero queriamos facer algo de nolos 3 e comezamos a escribir novas canci\u00f3ns. E agora case podemos encher unha actuaci\u00f3n con temas que son propios.<\/p>\n<\/blockquote>\n\n\n\n<p><strong>Cal ser\u00eda o voso estilo?<\/strong><\/p>\n\n\n\n<blockquote class=\"wp-block-quote is-layout-flow wp-block-quote-is-layout-flow\">\n<p>Rock e Blues. Principalmente rock. G\u00fastannos moitos estilos musicais diferentes, e \u00e1s veces tendemos a mesturar, pero sempre hai unha base. E a nosa base \u00e9 o rock. Insisto en que \u00e9 a nosa base, pero o estilo no s\u00f3 \u00e9 rock.<\/p>\n<\/blockquote>\n\n\n\n<p><strong>Vides de tocar na sala Rebull\u00f3n e ides debutar no Millo. Como foi ese concerto e que expectativas tedes en relaci\u00f3n co Millo?<\/strong><\/p>\n\n\n\n<blockquote class=\"wp-block-quote is-layout-flow wp-block-quote-is-layout-flow\">\n<p>O concerto do Rebull\u00f3n marcounos, foi moi atractivo para n\u00f3s. E no que respecta ao Millo xa tocamos o ano pasado pero o grupo non era o mesmo. Asemade daquela levabamos moi pouco tempo ensaiando e agora, m\u00e1is dun ano despois, xa \u00e9 outra cousa. Estamos moi ilusionados e decididos a dalo todo nun festival tan importante para Redondela como \u00e9 o Millo.<\/p>\n<\/blockquote>\n\n\n\n<p><strong>E que tal a xira que fixestes por Amsterdam?<\/strong><\/p>\n\n\n\n<blockquote class=\"wp-block-quote is-layout-flow wp-block-quote-is-layout-flow\">\n<p>O concerto do Rebull\u00f3n foi o quecemento para a xira. Sa\u00edmos do Rebull\u00f3n a tope de enerx\u00eda e al\u00e1 nos fomos. Fixemos cinco concertos entre Euskadi e Holanda, e o resultado foi absolutamente xenial.<\/p>\n<\/blockquote>\n\n\n\n<p><strong>Tendes en mente gravar alg\u00fan disco?<\/strong><\/p>\n\n\n\n<blockquote class=\"wp-block-quote is-layout-flow wp-block-quote-is-layout-flow\">\n<p>Pois si, esa \u00e9 a nosa idea. Xa temos un par de temas on line e probablemente pola metade do ver\u00e1n xa poidamos ter todo listo.<\/p>\n<\/blockquote>\n\n\n\n<p><strong>Se algu\u00e9n quere contratar os vosos servizos como ten que facer?<\/strong><\/p>\n\n\n\n<blockquote class=\"wp-block-quote is-layout-flow wp-block-quote-is-layout-flow\">\n<p>A mellor maneira \u00e9 o noso Instagran<\/p>\n<\/blockquote>\n","protected":false},"excerpt":{"rendered":"<div class=\"mh-excerpt\"><p>Esta \u00e9 unha banda de Rock, formada por un home de Holanda e d\u00faas persoas galegas, que ten a s\u00faa base en Redondela <a class=\"mh-excerpt-more\" href=\"https:\/\/www.anovapeneira.gal\/index.php\/2024\/05\/29\/jay-and-the-smoking-machines-apuntan-a-brillar-no-millo-verde\/\" title=\"\u201cJay and the smoking machines\u201d apuntan a brillar no Millo verde\">[&#8230;]<\/a><\/p>\n<\/div>","protected":false},"author":6,"featured_media":11800,"comment_status":"open","ping_status":"open","sticky":false,"template":"","format":"standard","meta":{"_exactmetrics_skip_tracking":false,"_exactmetrics_sitenote_active":false,"_exactmetrics_sitenote_note":"","_exactmetrics_sitenote_category":0,"footnotes":""},"categories":[270],"tags":[171],"class_list":{"0":"post-11799","1":"post","2":"type-post","3":"status-publish","4":"format-standard","5":"has-post-thumbnail","7":"category-redondela-entrevistas","8":"tag-concello-de-redondela"},"yoast_head":"<!-- This site is optimized with the Yoast SEO plugin v27.4 - https:\/\/yoast.com\/product\/yoast-seo-wordpress\/ -->\n<title>\u201cJay and the smoking machines\u201d apuntan a brillar no Millo verde -<\/title>\n<meta name=\"robots\" content=\"index, follow, max-snippet:-1, max-image-preview:large, max-video-preview:-1\" \/>\n<link rel=\"canonical\" href=\"https:\/\/www.anovapeneira.gal\/index.php\/2024\/05\/29\/jay-and-the-smoking-machines-apuntan-a-brillar-no-millo-verde\/\" \/>\n<meta property=\"og:locale\" content=\"gl_ES\" \/>\n<meta property=\"og:type\" content=\"article\" \/>\n<meta property=\"og:title\" content=\"\u201cJay and the smoking machines\u201d apuntan a brillar no Millo verde -\" \/>\n<meta property=\"og:description\" content=\"Esta \u00e9 unha banda de Rock, formada por un home de Holanda e d\u00faas persoas galegas, que ten a s\u00faa base en Redondela [...]\" \/>\n<meta property=\"og:url\" content=\"https:\/\/www.anovapeneira.gal\/index.php\/2024\/05\/29\/jay-and-the-smoking-machines-apuntan-a-brillar-no-millo-verde\/\" \/>\n<meta property=\"article:publisher\" content=\"https:\/\/www.facebook.com\/anovapeneira\" \/>\n<meta property=\"article:published_time\" content=\"2024-05-29T08:00:24+00:00\" \/>\n<meta property=\"og:image\" content=\"https:\/\/www.anovapeneira.gal\/wp-content\/uploads\/2024\/05\/smoking_machine.jpg\" \/>\n\t<meta property=\"og:image:width\" content=\"720\" \/>\n\t<meta property=\"og:image:height\" content=\"432\" \/>\n\t<meta property=\"og:image:type\" content=\"image\/jpeg\" \/>\n<meta name=\"author\" content=\"Marcos Santos\" \/>\n<meta name=\"twitter:card\" content=\"summary_large_image\" \/>\n<meta name=\"twitter:creator\" content=\"@APeneira\" \/>\n<meta name=\"twitter:site\" content=\"@APeneira\" \/>\n<meta name=\"twitter:label1\" content=\"Escrito por\" \/>\n\t<meta name=\"twitter:data1\" content=\"Marcos Santos\" \/>\n\t<meta name=\"twitter:label2\" content=\"Tempo de lectura\" \/>\n\t<meta name=\"twitter:data2\" content=\"2 minutos\" \/>\n<script type=\"application\/ld+json\" class=\"yoast-schema-graph\">{\"@context\":\"https:\\\/\\\/schema.org\",\"@graph\":[{\"@type\":\"Article\",\"@id\":\"https:\\\/\\\/www.anovapeneira.gal\\\/index.php\\\/2024\\\/05\\\/29\\\/jay-and-the-smoking-machines-apuntan-a-brillar-no-millo-verde\\\/#article\",\"isPartOf\":{\"@id\":\"https:\\\/\\\/www.anovapeneira.gal\\\/index.php\\\/2024\\\/05\\\/29\\\/jay-and-the-smoking-machines-apuntan-a-brillar-no-millo-verde\\\/\"},\"author\":{\"name\":\"Marcos Santos\",\"@id\":\"https:\\\/\\\/www.anovapeneira.gal\\\/#\\\/schema\\\/person\\\/d9d84823564720e7593293bab054e52d\"},\"headline\":\"\u201cJay and the smoking machines\u201d apuntan a brillar no Millo verde\",\"datePublished\":\"2024-05-29T08:00:24+00:00\",\"mainEntityOfPage\":{\"@id\":\"https:\\\/\\\/www.anovapeneira.gal\\\/index.php\\\/2024\\\/05\\\/29\\\/jay-and-the-smoking-machines-apuntan-a-brillar-no-millo-verde\\\/\"},\"wordCount\":822,\"commentCount\":0,\"publisher\":{\"@id\":\"https:\\\/\\\/www.anovapeneira.gal\\\/#organization\"},\"image\":{\"@id\":\"https:\\\/\\\/www.anovapeneira.gal\\\/index.php\\\/2024\\\/05\\\/29\\\/jay-and-the-smoking-machines-apuntan-a-brillar-no-millo-verde\\\/#primaryimage\"},\"thumbnailUrl\":\"https:\\\/\\\/www.anovapeneira.gal\\\/wp-content\\\/uploads\\\/2024\\\/05\\\/smoking_machine.jpg\",\"keywords\":[\"Concello de Redondela\"],\"articleSection\":[\"Redondela\"],\"inLanguage\":\"gl-ES\",\"potentialAction\":[{\"@type\":\"CommentAction\",\"name\":\"Comment\",\"target\":[\"https:\\\/\\\/www.anovapeneira.gal\\\/index.php\\\/2024\\\/05\\\/29\\\/jay-and-the-smoking-machines-apuntan-a-brillar-no-millo-verde\\\/#respond\"]}]},{\"@type\":\"WebPage\",\"@id\":\"https:\\\/\\\/www.anovapeneira.gal\\\/index.php\\\/2024\\\/05\\\/29\\\/jay-and-the-smoking-machines-apuntan-a-brillar-no-millo-verde\\\/\",\"url\":\"https:\\\/\\\/www.anovapeneira.gal\\\/index.php\\\/2024\\\/05\\\/29\\\/jay-and-the-smoking-machines-apuntan-a-brillar-no-millo-verde\\\/\",\"name\":\"\u201cJay and the smoking machines\u201d apuntan a brillar no Millo verde -\",\"isPartOf\":{\"@id\":\"https:\\\/\\\/www.anovapeneira.gal\\\/#website\"},\"primaryImageOfPage\":{\"@id\":\"https:\\\/\\\/www.anovapeneira.gal\\\/index.php\\\/2024\\\/05\\\/29\\\/jay-and-the-smoking-machines-apuntan-a-brillar-no-millo-verde\\\/#primaryimage\"},\"image\":{\"@id\":\"https:\\\/\\\/www.anovapeneira.gal\\\/index.php\\\/2024\\\/05\\\/29\\\/jay-and-the-smoking-machines-apuntan-a-brillar-no-millo-verde\\\/#primaryimage\"},\"thumbnailUrl\":\"https:\\\/\\\/www.anovapeneira.gal\\\/wp-content\\\/uploads\\\/2024\\\/05\\\/smoking_machine.jpg\",\"datePublished\":\"2024-05-29T08:00:24+00:00\",\"breadcrumb\":{\"@id\":\"https:\\\/\\\/www.anovapeneira.gal\\\/index.php\\\/2024\\\/05\\\/29\\\/jay-and-the-smoking-machines-apuntan-a-brillar-no-millo-verde\\\/#breadcrumb\"},\"inLanguage\":\"gl-ES\",\"potentialAction\":[{\"@type\":\"ReadAction\",\"target\":[\"https:\\\/\\\/www.anovapeneira.gal\\\/index.php\\\/2024\\\/05\\\/29\\\/jay-and-the-smoking-machines-apuntan-a-brillar-no-millo-verde\\\/\"]}]},{\"@type\":\"ImageObject\",\"inLanguage\":\"gl-ES\",\"@id\":\"https:\\\/\\\/www.anovapeneira.gal\\\/index.php\\\/2024\\\/05\\\/29\\\/jay-and-the-smoking-machines-apuntan-a-brillar-no-millo-verde\\\/#primaryimage\",\"url\":\"https:\\\/\\\/www.anovapeneira.gal\\\/wp-content\\\/uploads\\\/2024\\\/05\\\/smoking_machine.jpg\",\"contentUrl\":\"https:\\\/\\\/www.anovapeneira.gal\\\/wp-content\\\/uploads\\\/2024\\\/05\\\/smoking_machine.jpg\",\"width\":720,\"height\":432,\"caption\":\"\u201cJay and the smoking machines\u201d apuntan a brillar no Millo verde\"},{\"@type\":\"BreadcrumbList\",\"@id\":\"https:\\\/\\\/www.anovapeneira.gal\\\/index.php\\\/2024\\\/05\\\/29\\\/jay-and-the-smoking-machines-apuntan-a-brillar-no-millo-verde\\\/#breadcrumb\",\"itemListElement\":[{\"@type\":\"ListItem\",\"position\":1,\"name\":\"Portada\",\"item\":\"https:\\\/\\\/www.anovapeneira.gal\\\/\"},{\"@type\":\"ListItem\",\"position\":2,\"name\":\"\u201cJay and the smoking machines\u201d apuntan a brillar no Millo verde\"}]},{\"@type\":\"WebSite\",\"@id\":\"https:\\\/\\\/www.anovapeneira.gal\\\/#website\",\"url\":\"https:\\\/\\\/www.anovapeneira.gal\\\/\",\"name\":\"\",\"description\":\"Xornal galego de informaci\u00f3n xeral Publicaci\u00f3n mensual de novas de Galicia e en especial dos Concellos da sur da provincia de Pontevedra.\",\"publisher\":{\"@id\":\"https:\\\/\\\/www.anovapeneira.gal\\\/#organization\"},\"potentialAction\":[{\"@type\":\"SearchAction\",\"target\":{\"@type\":\"EntryPoint\",\"urlTemplate\":\"https:\\\/\\\/www.anovapeneira.gal\\\/?s={search_term_string}\"},\"query-input\":{\"@type\":\"PropertyValueSpecification\",\"valueRequired\":true,\"valueName\":\"search_term_string\"}}],\"inLanguage\":\"gl-ES\"},{\"@type\":\"Organization\",\"@id\":\"https:\\\/\\\/www.anovapeneira.gal\\\/#organization\",\"name\":\"A Nova Peneira\",\"url\":\"https:\\\/\\\/www.anovapeneira.gal\\\/\",\"logo\":{\"@type\":\"ImageObject\",\"inLanguage\":\"gl-ES\",\"@id\":\"https:\\\/\\\/www.anovapeneira.gal\\\/#\\\/schema\\\/logo\\\/image\\\/\",\"url\":\"http:\\\/\\\/www.anovapeneira.gal\\\/wp-content\\\/uploads\\\/2019\\\/06\\\/logo_a_nova_peneira_portal_web.png\",\"contentUrl\":\"http:\\\/\\\/www.anovapeneira.gal\\\/wp-content\\\/uploads\\\/2019\\\/06\\\/logo_a_nova_peneira_portal_web.png\",\"width\":300,\"height\":100,\"caption\":\"A Nova Peneira\"},\"image\":{\"@id\":\"https:\\\/\\\/www.anovapeneira.gal\\\/#\\\/schema\\\/logo\\\/image\\\/\"},\"sameAs\":[\"https:\\\/\\\/www.facebook.com\\\/anovapeneira\",\"https:\\\/\\\/x.com\\\/APeneira\"]},{\"@type\":\"Person\",\"@id\":\"https:\\\/\\\/www.anovapeneira.gal\\\/#\\\/schema\\\/person\\\/d9d84823564720e7593293bab054e52d\",\"name\":\"Marcos Santos\",\"image\":{\"@type\":\"ImageObject\",\"inLanguage\":\"gl-ES\",\"@id\":\"https:\\\/\\\/secure.gravatar.com\\\/avatar\\\/0e8017099a7a47c0a9d2275e865fe326484561eb3d70649069e4b8e61a8d2e8c?s=96&d=mm&r=g\",\"url\":\"https:\\\/\\\/secure.gravatar.com\\\/avatar\\\/0e8017099a7a47c0a9d2275e865fe326484561eb3d70649069e4b8e61a8d2e8c?s=96&d=mm&r=g\",\"contentUrl\":\"https:\\\/\\\/secure.gravatar.com\\\/avatar\\\/0e8017099a7a47c0a9d2275e865fe326484561eb3d70649069e4b8e61a8d2e8c?s=96&d=mm&r=g\",\"caption\":\"Marcos Santos\"},\"sameAs\":[\"http:\\\/\\\/anovapeneira.gal\"],\"url\":\"https:\\\/\\\/www.anovapeneira.gal\\\/index.php\\\/author\\\/marcos-santos\\\/\"}]}<\/script>\n<!-- \/ Yoast SEO plugin. -->","yoast_head_json":{"title":"\u201cJay and the smoking machines\u201d apuntan a brillar no Millo verde -","robots":{"index":"index","follow":"follow","max-snippet":"max-snippet:-1","max-image-preview":"max-image-preview:large","max-video-preview":"max-video-preview:-1"},"canonical":"https:\/\/www.anovapeneira.gal\/index.php\/2024\/05\/29\/jay-and-the-smoking-machines-apuntan-a-brillar-no-millo-verde\/","og_locale":"gl_ES","og_type":"article","og_title":"\u201cJay and the smoking machines\u201d apuntan a brillar no Millo verde -","og_description":"Esta \u00e9 unha banda de Rock, formada por un home de Holanda e d\u00faas persoas galegas, que ten a s\u00faa base en Redondela [...]","og_url":"https:\/\/www.anovapeneira.gal\/index.php\/2024\/05\/29\/jay-and-the-smoking-machines-apuntan-a-brillar-no-millo-verde\/","article_publisher":"https:\/\/www.facebook.com\/anovapeneira","article_published_time":"2024-05-29T08:00:24+00:00","og_image":[{"width":720,"height":432,"url":"https:\/\/www.anovapeneira.gal\/wp-content\/uploads\/2024\/05\/smoking_machine.jpg","type":"image\/jpeg"}],"author":"Marcos Santos","twitter_card":"summary_large_image","twitter_creator":"@APeneira","twitter_site":"@APeneira","twitter_misc":{"Escrito por":"Marcos Santos","Tempo de lectura":"2 minutos"},"schema":{"@context":"https:\/\/schema.org","@graph":[{"@type":"Article","@id":"https:\/\/www.anovapeneira.gal\/index.php\/2024\/05\/29\/jay-and-the-smoking-machines-apuntan-a-brillar-no-millo-verde\/#article","isPartOf":{"@id":"https:\/\/www.anovapeneira.gal\/index.php\/2024\/05\/29\/jay-and-the-smoking-machines-apuntan-a-brillar-no-millo-verde\/"},"author":{"name":"Marcos Santos","@id":"https:\/\/www.anovapeneira.gal\/#\/schema\/person\/d9d84823564720e7593293bab054e52d"},"headline":"\u201cJay and the smoking machines\u201d apuntan a brillar no Millo verde","datePublished":"2024-05-29T08:00:24+00:00","mainEntityOfPage":{"@id":"https:\/\/www.anovapeneira.gal\/index.php\/2024\/05\/29\/jay-and-the-smoking-machines-apuntan-a-brillar-no-millo-verde\/"},"wordCount":822,"commentCount":0,"publisher":{"@id":"https:\/\/www.anovapeneira.gal\/#organization"},"image":{"@id":"https:\/\/www.anovapeneira.gal\/index.php\/2024\/05\/29\/jay-and-the-smoking-machines-apuntan-a-brillar-no-millo-verde\/#primaryimage"},"thumbnailUrl":"https:\/\/www.anovapeneira.gal\/wp-content\/uploads\/2024\/05\/smoking_machine.jpg","keywords":["Concello de Redondela"],"articleSection":["Redondela"],"inLanguage":"gl-ES","potentialAction":[{"@type":"CommentAction","name":"Comment","target":["https:\/\/www.anovapeneira.gal\/index.php\/2024\/05\/29\/jay-and-the-smoking-machines-apuntan-a-brillar-no-millo-verde\/#respond"]}]},{"@type":"WebPage","@id":"https:\/\/www.anovapeneira.gal\/index.php\/2024\/05\/29\/jay-and-the-smoking-machines-apuntan-a-brillar-no-millo-verde\/","url":"https:\/\/www.anovapeneira.gal\/index.php\/2024\/05\/29\/jay-and-the-smoking-machines-apuntan-a-brillar-no-millo-verde\/","name":"\u201cJay and the smoking machines\u201d apuntan a brillar no Millo verde -","isPartOf":{"@id":"https:\/\/www.anovapeneira.gal\/#website"},"primaryImageOfPage":{"@id":"https:\/\/www.anovapeneira.gal\/index.php\/2024\/05\/29\/jay-and-the-smoking-machines-apuntan-a-brillar-no-millo-verde\/#primaryimage"},"image":{"@id":"https:\/\/www.anovapeneira.gal\/index.php\/2024\/05\/29\/jay-and-the-smoking-machines-apuntan-a-brillar-no-millo-verde\/#primaryimage"},"thumbnailUrl":"https:\/\/www.anovapeneira.gal\/wp-content\/uploads\/2024\/05\/smoking_machine.jpg","datePublished":"2024-05-29T08:00:24+00:00","breadcrumb":{"@id":"https:\/\/www.anovapeneira.gal\/index.php\/2024\/05\/29\/jay-and-the-smoking-machines-apuntan-a-brillar-no-millo-verde\/#breadcrumb"},"inLanguage":"gl-ES","potentialAction":[{"@type":"ReadAction","target":["https:\/\/www.anovapeneira.gal\/index.php\/2024\/05\/29\/jay-and-the-smoking-machines-apuntan-a-brillar-no-millo-verde\/"]}]},{"@type":"ImageObject","inLanguage":"gl-ES","@id":"https:\/\/www.anovapeneira.gal\/index.php\/2024\/05\/29\/jay-and-the-smoking-machines-apuntan-a-brillar-no-millo-verde\/#primaryimage","url":"https:\/\/www.anovapeneira.gal\/wp-content\/uploads\/2024\/05\/smoking_machine.jpg","contentUrl":"https:\/\/www.anovapeneira.gal\/wp-content\/uploads\/2024\/05\/smoking_machine.jpg","width":720,"height":432,"caption":"\u201cJay and the smoking machines\u201d apuntan a brillar no Millo verde"},{"@type":"BreadcrumbList","@id":"https:\/\/www.anovapeneira.gal\/index.php\/2024\/05\/29\/jay-and-the-smoking-machines-apuntan-a-brillar-no-millo-verde\/#breadcrumb","itemListElement":[{"@type":"ListItem","position":1,"name":"Portada","item":"https:\/\/www.anovapeneira.gal\/"},{"@type":"ListItem","position":2,"name":"\u201cJay and the smoking machines\u201d apuntan a brillar no Millo verde"}]},{"@type":"WebSite","@id":"https:\/\/www.anovapeneira.gal\/#website","url":"https:\/\/www.anovapeneira.gal\/","name":"","description":"Xornal galego de informaci\u00f3n xeral Publicaci\u00f3n mensual de novas de Galicia e en especial dos Concellos da sur da provincia de Pontevedra.","publisher":{"@id":"https:\/\/www.anovapeneira.gal\/#organization"},"potentialAction":[{"@type":"SearchAction","target":{"@type":"EntryPoint","urlTemplate":"https:\/\/www.anovapeneira.gal\/?s={search_term_string}"},"query-input":{"@type":"PropertyValueSpecification","valueRequired":true,"valueName":"search_term_string"}}],"inLanguage":"gl-ES"},{"@type":"Organization","@id":"https:\/\/www.anovapeneira.gal\/#organization","name":"A Nova Peneira","url":"https:\/\/www.anovapeneira.gal\/","logo":{"@type":"ImageObject","inLanguage":"gl-ES","@id":"https:\/\/www.anovapeneira.gal\/#\/schema\/logo\/image\/","url":"http:\/\/www.anovapeneira.gal\/wp-content\/uploads\/2019\/06\/logo_a_nova_peneira_portal_web.png","contentUrl":"http:\/\/www.anovapeneira.gal\/wp-content\/uploads\/2019\/06\/logo_a_nova_peneira_portal_web.png","width":300,"height":100,"caption":"A Nova Peneira"},"image":{"@id":"https:\/\/www.anovapeneira.gal\/#\/schema\/logo\/image\/"},"sameAs":["https:\/\/www.facebook.com\/anovapeneira","https:\/\/x.com\/APeneira"]},{"@type":"Person","@id":"https:\/\/www.anovapeneira.gal\/#\/schema\/person\/d9d84823564720e7593293bab054e52d","name":"Marcos Santos","image":{"@type":"ImageObject","inLanguage":"gl-ES","@id":"https:\/\/secure.gravatar.com\/avatar\/0e8017099a7a47c0a9d2275e865fe326484561eb3d70649069e4b8e61a8d2e8c?s=96&d=mm&r=g","url":"https:\/\/secure.gravatar.com\/avatar\/0e8017099a7a47c0a9d2275e865fe326484561eb3d70649069e4b8e61a8d2e8c?s=96&d=mm&r=g","contentUrl":"https:\/\/secure.gravatar.com\/avatar\/0e8017099a7a47c0a9d2275e865fe326484561eb3d70649069e4b8e61a8d2e8c?s=96&d=mm&r=g","caption":"Marcos Santos"},"sameAs":["http:\/\/anovapeneira.gal"],"url":"https:\/\/www.anovapeneira.gal\/index.php\/author\/marcos-santos\/"}]}},"jetpack_featured_media_url":"https:\/\/www.anovapeneira.gal\/wp-content\/uploads\/2024\/05\/smoking_machine.jpg","_links":{"self":[{"href":"https:\/\/www.anovapeneira.gal\/index.php\/wp-json\/wp\/v2\/posts\/11799","targetHints":{"allow":["GET"]}}],"collection":[{"href":"https:\/\/www.anovapeneira.gal\/index.php\/wp-json\/wp\/v2\/posts"}],"about":[{"href":"https:\/\/www.anovapeneira.gal\/index.php\/wp-json\/wp\/v2\/types\/post"}],"author":[{"embeddable":true,"href":"https:\/\/www.anovapeneira.gal\/index.php\/wp-json\/wp\/v2\/users\/6"}],"replies":[{"embeddable":true,"href":"https:\/\/www.anovapeneira.gal\/index.php\/wp-json\/wp\/v2\/comments?post=11799"}],"version-history":[{"count":1,"href":"https:\/\/www.anovapeneira.gal\/index.php\/wp-json\/wp\/v2\/posts\/11799\/revisions"}],"predecessor-version":[{"id":11801,"href":"https:\/\/www.anovapeneira.gal\/index.php\/wp-json\/wp\/v2\/posts\/11799\/revisions\/11801"}],"wp:featuredmedia":[{"embeddable":true,"href":"https:\/\/www.anovapeneira.gal\/index.php\/wp-json\/wp\/v2\/media\/11800"}],"wp:attachment":[{"href":"https:\/\/www.anovapeneira.gal\/index.php\/wp-json\/wp\/v2\/media?parent=11799"}],"wp:term":[{"taxonomy":"category","embeddable":true,"href":"https:\/\/www.anovapeneira.gal\/index.php\/wp-json\/wp\/v2\/categories?post=11799"},{"taxonomy":"post_tag","embeddable":true,"href":"https:\/\/www.anovapeneira.gal\/index.php\/wp-json\/wp\/v2\/tags?post=11799"}],"curies":[{"name":"wp","href":"https:\/\/api.w.org\/{rel}","templated":true}]}}