{"id":11804,"date":"2024-05-30T10:00:00","date_gmt":"2024-05-30T08:00:00","guid":{"rendered":"https:\/\/www.anovapeneira.gal\/?p=11804"},"modified":"2024-05-23T12:07:30","modified_gmt":"2024-05-23T10:07:30","slug":"3o-edicion-do-festival-saude-natural","status":"publish","type":"post","link":"https:\/\/www.anovapeneira.gal\/index.php\/2024\/05\/30\/3o-edicion-do-festival-saude-natural\/","title":{"rendered":"3\u00ba Edici\u00f3n do Festival: SA\u00daDE NATURAL"},"content":{"rendered":"\n<h2 class=\"wp-block-heading\"><strong>Mos 29 e 30 de Xu\u00f1o<\/strong><\/h2>\n\n\n\n<p>Os vindeiros 29 e 30 de xu\u00f1o celebrarase a 3\u00ba edici\u00f3n do festival Sa\u00fade Natural no pavill\u00f3n \u00d3scar Pereiro de Mos. Este evento vai reunir a un bo n\u00famero de especialistas en distintas terapias naturais, que durante dous d\u00edas van desenvolver charlas e obradoiros para que as persoas que asistan te\u00f1an a posibilidade de co\u00f1ecer os seus m\u00e9todos e resultados. A alma m\u00e1ter desta edici\u00f3n \u00e9 Noelia Conde, unha moza de Torroso, terapeuta desde hai nove anos que neste momento exerce de presidenta do Consello de Natur\u00f3patas de Galicia. Ela comezou a s\u00faa formaci\u00f3n nesta disciplina despois de comprobar en si mesma os seus efectos , pois inicialmente foi paciente. E despois de terse beneficiado das terapias recibidas decidiu formarse e dedicarse a isto. Vela\u00ed vai o programa do evento:<\/p>\n\n\n\n<h2 class=\"wp-block-heading\"><strong>S\u00e1bado 29<\/strong><\/h2>\n\n\n\n<p><strong>11:00-Apertura<\/strong><\/p>\n\n\n\n<p><strong>11:45-Sara Hermelo: Comunicaci\u00f3n animal- 12:30-Yolanda Garc\u00eda:Intestino como mestre<\/strong><\/p>\n\n\n\n<p><strong>17:00-Eva L\u00f3pez: A transformaci\u00f3n a trav\u00e9s da cura dos antergos-17:45-Alejandra Cabaleiro:Constelaci\u00f3ns familiares<\/strong><\/p>\n\n\n\n<p><strong>18:30-Rub\u00e9n Rodr\u00edguez: Dese\u00f1o humano e autoco\u00f1ecemento-19.45-Carmen Romanelli:O cerebro e a liberdade de conciencia<\/strong><\/p>\n\n\n\n<h3 class=\"wp-block-heading\"><strong>OBRADOIROS<\/strong><\/h3>\n\n\n\n<p><strong>11:00-Obradoiro para nenos:Sintonizando co noso ser<\/strong><\/p>\n\n\n\n<p><strong>11:30:Primeira menstruaci\u00f3n. O ciclo menstrual-11:30 Obradoiro de pilates con Alma Mudra<\/strong><\/p>\n\n\n\n<p><strong>12:15-Obradoiro para nenos:Sintonizando co noso ser<\/strong><\/p>\n\n\n\n<p><strong>16:00-Obradoiro para pais e fillos:Conexi\u00f3n cos fillos<\/strong><\/p>\n\n\n\n<p><strong>16:30-A caixa de primeiros auxilios da naturopat\u00eda<\/strong><\/p>\n\n\n\n<p><strong>17:00-Obradoiro para pais e fillos;Conexi\u00f3n cos fillos-18:00 Tatarina:Conta Contos<\/strong><\/p>\n\n\n\n<p><strong>19:00 Obradoiro de Ioga: Alma Mudra-20:00 Obradoiro de meditaci\u00f3n con instrumentos cham\u00e1nicos.<\/strong><\/p>\n\n\n\n<h2 class=\"wp-block-heading\"><strong>Domingo 30<\/strong><\/h2>\n\n\n\n<p><strong>11:00-Daniel Sotelo:A masaxe aiurv\u00e9dica-11:45-Dtra Olalla Otero: O mundo dos probi\u00f3ticos<\/strong><\/p>\n\n\n\n<p><strong>12:30 Dtr Juan N\u00fa\u00f1ez: Xax\u00fan intermitente. Volver vivir-17:00 Jordi Sanz:3 Chaves para xestionar medos no subconsciente<\/strong><\/p>\n\n\n\n<p><strong>17:45-Sonia Lorenzo:Xesti\u00f3n do estr\u00e9s con aceites esenciais-18:30-Noelia Conde:Como axudar aos nenos con dificultades na aprendizaxe e comportamento<\/strong><\/p>\n\n\n\n<p><strong>19:45-Mari Carmen Perea:Regreso \u00e1 orixe a trav\u00e9s da auga<\/strong><\/p>\n\n\n\n<h3 class=\"wp-block-heading\"><strong>OBRADOIROS<\/strong><\/h3>\n\n\n\n<p><strong>11:15-Obradoiro para nenos:Sintonizando co noso ser-11:30-Obradoiro b\u00e1sico:Iniciaci\u00f3n \u00e1 Radiestesia<\/strong><\/p>\n\n\n\n<p><strong>12:00-Obradoiro pr\u00e1ctico:Alimentaci\u00f3n viva-12:15-Obradoiro para nenos:Sintonizando co noso ser<\/strong><\/p>\n\n\n\n<p><strong>16:00-Obradoiro para pais e fillos:Conexi\u00f3n cos fillos-17:00-Obradoiro de remodelaci\u00f3n cerebral: A trav\u00e9s do movemento<\/strong><\/p>\n\n\n\n<p><strong>18:00-Obradoiro de pais e fillos:Conexi\u00f3n cos fillos<\/strong><\/p>\n\n\n\n<p><strong>20:00-Obradoiro de viaxe de son: Con Hand Pan<\/strong><\/p>\n","protected":false},"excerpt":{"rendered":"<div class=\"mh-excerpt\"><p>Os vindeiros 29 e 30 de xu\u00f1o celebrarase a 3\u00ba edici\u00f3n do festival Sa\u00fade Natural no pavill\u00f3n \u00d3scar Pereiro de Mos. Este evento vai reunir a un bo n\u00famero de especialistas en distintas terapias naturais <a class=\"mh-excerpt-more\" href=\"https:\/\/www.anovapeneira.gal\/index.php\/2024\/05\/30\/3o-edicion-do-festival-saude-natural\/\" title=\"3\u00ba Edici\u00f3n do Festival: SA\u00daDE NATURAL\">[&#8230;]<\/a><\/p>\n<\/div>","protected":false},"author":3,"featured_media":11806,"comment_status":"open","ping_status":"open","sticky":false,"template":"","format":"standard","meta":{"_exactmetrics_skip_tracking":false,"_exactmetrics_sitenote_active":false,"_exactmetrics_sitenote_note":"","_exactmetrics_sitenote_category":0,"footnotes":""},"categories":[23],"tags":[218],"class_list":{"0":"post-11804","1":"post","2":"type-post","3":"status-publish","4":"format-standard","5":"has-post-thumbnail","7":"category-a-lourina","8":"tag-concello-de-mos"},"yoast_head":"<!-- This site is optimized with the Yoast SEO plugin v27.4 - https:\/\/yoast.com\/product\/yoast-seo-wordpress\/ -->\n<title>3\u00ba Edici\u00f3n do Festival: SA\u00daDE NATURAL -<\/title>\n<meta name=\"robots\" content=\"index, follow, max-snippet:-1, max-image-preview:large, max-video-preview:-1\" \/>\n<link rel=\"canonical\" href=\"https:\/\/www.anovapeneira.gal\/index.php\/2024\/05\/30\/3o-edicion-do-festival-saude-natural\/\" \/>\n<meta property=\"og:locale\" content=\"gl_ES\" \/>\n<meta property=\"og:type\" content=\"article\" \/>\n<meta property=\"og:title\" content=\"3\u00ba Edici\u00f3n do Festival: SA\u00daDE NATURAL -\" \/>\n<meta property=\"og:description\" content=\"Os vindeiros 29 e 30 de xu\u00f1o celebrarase a 3\u00ba edici\u00f3n do festival Sa\u00fade Natural no pavill\u00f3n \u00d3scar Pereiro de Mos. Este evento vai reunir a un bo n\u00famero de especialistas en distintas terapias naturais [...]\" \/>\n<meta property=\"og:url\" content=\"https:\/\/www.anovapeneira.gal\/index.php\/2024\/05\/30\/3o-edicion-do-festival-saude-natural\/\" \/>\n<meta property=\"article:publisher\" content=\"https:\/\/www.facebook.com\/anovapeneira\" \/>\n<meta property=\"article:published_time\" content=\"2024-05-30T08:00:00+00:00\" \/>\n<meta property=\"og:image\" content=\"https:\/\/www.anovapeneira.gal\/wp-content\/uploads\/2024\/05\/Noelia_Conde.jpg\" \/>\n\t<meta property=\"og:image:width\" content=\"720\" \/>\n\t<meta property=\"og:image:height\" content=\"432\" \/>\n\t<meta property=\"og:image:type\" content=\"image\/jpeg\" \/>\n<meta name=\"author\" content=\"Redacci\u00f3n A Nova Peneira\" \/>\n<meta name=\"twitter:card\" content=\"summary_large_image\" \/>\n<meta name=\"twitter:creator\" content=\"@APeneira\" \/>\n<meta name=\"twitter:site\" content=\"@APeneira\" \/>\n<meta name=\"twitter:label1\" content=\"Escrito por\" \/>\n\t<meta name=\"twitter:data1\" content=\"Redacci\u00f3n A Nova Peneira\" \/>\n\t<meta name=\"twitter:label2\" content=\"Tempo de lectura\" \/>\n\t<meta name=\"twitter:data2\" content=\"3 minutos\" \/>\n<script type=\"application\/ld+json\" class=\"yoast-schema-graph\">{\"@context\":\"https:\\\/\\\/schema.org\",\"@graph\":[{\"@type\":\"Article\",\"@id\":\"https:\\\/\\\/www.anovapeneira.gal\\\/index.php\\\/2024\\\/05\\\/30\\\/3o-edicion-do-festival-saude-natural\\\/#article\",\"isPartOf\":{\"@id\":\"https:\\\/\\\/www.anovapeneira.gal\\\/index.php\\\/2024\\\/05\\\/30\\\/3o-edicion-do-festival-saude-natural\\\/\"},\"author\":{\"name\":\"Redacci\u00f3n A Nova Peneira\",\"@id\":\"https:\\\/\\\/www.anovapeneira.gal\\\/#\\\/schema\\\/person\\\/b93e3f8932e3f8da96334607eb6ac6aa\"},\"headline\":\"3\u00ba Edici\u00f3n do Festival: SA\u00daDE NATURAL\",\"datePublished\":\"2024-05-30T08:00:00+00:00\",\"mainEntityOfPage\":{\"@id\":\"https:\\\/\\\/www.anovapeneira.gal\\\/index.php\\\/2024\\\/05\\\/30\\\/3o-edicion-do-festival-saude-natural\\\/\"},\"wordCount\":398,\"commentCount\":0,\"publisher\":{\"@id\":\"https:\\\/\\\/www.anovapeneira.gal\\\/#organization\"},\"image\":{\"@id\":\"https:\\\/\\\/www.anovapeneira.gal\\\/index.php\\\/2024\\\/05\\\/30\\\/3o-edicion-do-festival-saude-natural\\\/#primaryimage\"},\"thumbnailUrl\":\"https:\\\/\\\/www.anovapeneira.gal\\\/wp-content\\\/uploads\\\/2024\\\/05\\\/Noelia_Conde.jpg\",\"keywords\":[\"Concello de Mos\"],\"articleSection\":[\"A Louri\u00f1a\"],\"inLanguage\":\"gl-ES\",\"potentialAction\":[{\"@type\":\"CommentAction\",\"name\":\"Comment\",\"target\":[\"https:\\\/\\\/www.anovapeneira.gal\\\/index.php\\\/2024\\\/05\\\/30\\\/3o-edicion-do-festival-saude-natural\\\/#respond\"]}]},{\"@type\":\"WebPage\",\"@id\":\"https:\\\/\\\/www.anovapeneira.gal\\\/index.php\\\/2024\\\/05\\\/30\\\/3o-edicion-do-festival-saude-natural\\\/\",\"url\":\"https:\\\/\\\/www.anovapeneira.gal\\\/index.php\\\/2024\\\/05\\\/30\\\/3o-edicion-do-festival-saude-natural\\\/\",\"name\":\"3\u00ba Edici\u00f3n do Festival: SA\u00daDE NATURAL -\",\"isPartOf\":{\"@id\":\"https:\\\/\\\/www.anovapeneira.gal\\\/#website\"},\"primaryImageOfPage\":{\"@id\":\"https:\\\/\\\/www.anovapeneira.gal\\\/index.php\\\/2024\\\/05\\\/30\\\/3o-edicion-do-festival-saude-natural\\\/#primaryimage\"},\"image\":{\"@id\":\"https:\\\/\\\/www.anovapeneira.gal\\\/index.php\\\/2024\\\/05\\\/30\\\/3o-edicion-do-festival-saude-natural\\\/#primaryimage\"},\"thumbnailUrl\":\"https:\\\/\\\/www.anovapeneira.gal\\\/wp-content\\\/uploads\\\/2024\\\/05\\\/Noelia_Conde.jpg\",\"datePublished\":\"2024-05-30T08:00:00+00:00\",\"breadcrumb\":{\"@id\":\"https:\\\/\\\/www.anovapeneira.gal\\\/index.php\\\/2024\\\/05\\\/30\\\/3o-edicion-do-festival-saude-natural\\\/#breadcrumb\"},\"inLanguage\":\"gl-ES\",\"potentialAction\":[{\"@type\":\"ReadAction\",\"target\":[\"https:\\\/\\\/www.anovapeneira.gal\\\/index.php\\\/2024\\\/05\\\/30\\\/3o-edicion-do-festival-saude-natural\\\/\"]}]},{\"@type\":\"ImageObject\",\"inLanguage\":\"gl-ES\",\"@id\":\"https:\\\/\\\/www.anovapeneira.gal\\\/index.php\\\/2024\\\/05\\\/30\\\/3o-edicion-do-festival-saude-natural\\\/#primaryimage\",\"url\":\"https:\\\/\\\/www.anovapeneira.gal\\\/wp-content\\\/uploads\\\/2024\\\/05\\\/Noelia_Conde.jpg\",\"contentUrl\":\"https:\\\/\\\/www.anovapeneira.gal\\\/wp-content\\\/uploads\\\/2024\\\/05\\\/Noelia_Conde.jpg\",\"width\":720,\"height\":432,\"caption\":\"Edici\u00f3n do Festival: SA\u00daDE NATURAL\"},{\"@type\":\"BreadcrumbList\",\"@id\":\"https:\\\/\\\/www.anovapeneira.gal\\\/index.php\\\/2024\\\/05\\\/30\\\/3o-edicion-do-festival-saude-natural\\\/#breadcrumb\",\"itemListElement\":[{\"@type\":\"ListItem\",\"position\":1,\"name\":\"Portada\",\"item\":\"https:\\\/\\\/www.anovapeneira.gal\\\/\"},{\"@type\":\"ListItem\",\"position\":2,\"name\":\"3\u00ba Edici\u00f3n do Festival: SA\u00daDE NATURAL\"}]},{\"@type\":\"WebSite\",\"@id\":\"https:\\\/\\\/www.anovapeneira.gal\\\/#website\",\"url\":\"https:\\\/\\\/www.anovapeneira.gal\\\/\",\"name\":\"\",\"description\":\"Xornal galego de informaci\u00f3n xeral Publicaci\u00f3n mensual de novas de Galicia e en especial dos Concellos da sur da provincia de Pontevedra.\",\"publisher\":{\"@id\":\"https:\\\/\\\/www.anovapeneira.gal\\\/#organization\"},\"potentialAction\":[{\"@type\":\"SearchAction\",\"target\":{\"@type\":\"EntryPoint\",\"urlTemplate\":\"https:\\\/\\\/www.anovapeneira.gal\\\/?s={search_term_string}\"},\"query-input\":{\"@type\":\"PropertyValueSpecification\",\"valueRequired\":true,\"valueName\":\"search_term_string\"}}],\"inLanguage\":\"gl-ES\"},{\"@type\":\"Organization\",\"@id\":\"https:\\\/\\\/www.anovapeneira.gal\\\/#organization\",\"name\":\"A Nova Peneira\",\"url\":\"https:\\\/\\\/www.anovapeneira.gal\\\/\",\"logo\":{\"@type\":\"ImageObject\",\"inLanguage\":\"gl-ES\",\"@id\":\"https:\\\/\\\/www.anovapeneira.gal\\\/#\\\/schema\\\/logo\\\/image\\\/\",\"url\":\"http:\\\/\\\/www.anovapeneira.gal\\\/wp-content\\\/uploads\\\/2019\\\/06\\\/logo_a_nova_peneira_portal_web.png\",\"contentUrl\":\"http:\\\/\\\/www.anovapeneira.gal\\\/wp-content\\\/uploads\\\/2019\\\/06\\\/logo_a_nova_peneira_portal_web.png\",\"width\":300,\"height\":100,\"caption\":\"A Nova Peneira\"},\"image\":{\"@id\":\"https:\\\/\\\/www.anovapeneira.gal\\\/#\\\/schema\\\/logo\\\/image\\\/\"},\"sameAs\":[\"https:\\\/\\\/www.facebook.com\\\/anovapeneira\",\"https:\\\/\\\/x.com\\\/APeneira\"]},{\"@type\":\"Person\",\"@id\":\"https:\\\/\\\/www.anovapeneira.gal\\\/#\\\/schema\\\/person\\\/b93e3f8932e3f8da96334607eb6ac6aa\",\"name\":\"Redacci\u00f3n A Nova Peneira\",\"image\":{\"@type\":\"ImageObject\",\"inLanguage\":\"gl-ES\",\"@id\":\"https:\\\/\\\/secure.gravatar.com\\\/avatar\\\/c052a2551a06e23fac63626232eaa90abd78dbcf1700fc46a2b2c89fd27b735f?s=96&d=mm&r=g\",\"url\":\"https:\\\/\\\/secure.gravatar.com\\\/avatar\\\/c052a2551a06e23fac63626232eaa90abd78dbcf1700fc46a2b2c89fd27b735f?s=96&d=mm&r=g\",\"contentUrl\":\"https:\\\/\\\/secure.gravatar.com\\\/avatar\\\/c052a2551a06e23fac63626232eaa90abd78dbcf1700fc46a2b2c89fd27b735f?s=96&d=mm&r=g\",\"caption\":\"Redacci\u00f3n A Nova Peneira\"},\"sameAs\":[\"http:\\\/\\\/www.anovapeneira.gal\\\/\"],\"url\":\"https:\\\/\\\/www.anovapeneira.gal\\\/index.php\\\/author\\\/redactor\\\/\"}]}<\/script>\n<!-- \/ Yoast SEO plugin. -->","yoast_head_json":{"title":"3\u00ba Edici\u00f3n do Festival: SA\u00daDE NATURAL -","robots":{"index":"index","follow":"follow","max-snippet":"max-snippet:-1","max-image-preview":"max-image-preview:large","max-video-preview":"max-video-preview:-1"},"canonical":"https:\/\/www.anovapeneira.gal\/index.php\/2024\/05\/30\/3o-edicion-do-festival-saude-natural\/","og_locale":"gl_ES","og_type":"article","og_title":"3\u00ba Edici\u00f3n do Festival: SA\u00daDE NATURAL -","og_description":"Os vindeiros 29 e 30 de xu\u00f1o celebrarase a 3\u00ba edici\u00f3n do festival Sa\u00fade Natural no pavill\u00f3n \u00d3scar Pereiro de Mos. Este evento vai reunir a un bo n\u00famero de especialistas en distintas terapias naturais [...]","og_url":"https:\/\/www.anovapeneira.gal\/index.php\/2024\/05\/30\/3o-edicion-do-festival-saude-natural\/","article_publisher":"https:\/\/www.facebook.com\/anovapeneira","article_published_time":"2024-05-30T08:00:00+00:00","og_image":[{"width":720,"height":432,"url":"https:\/\/www.anovapeneira.gal\/wp-content\/uploads\/2024\/05\/Noelia_Conde.jpg","type":"image\/jpeg"}],"author":"Redacci\u00f3n A Nova Peneira","twitter_card":"summary_large_image","twitter_creator":"@APeneira","twitter_site":"@APeneira","twitter_misc":{"Escrito por":"Redacci\u00f3n A Nova Peneira","Tempo de lectura":"3 minutos"},"schema":{"@context":"https:\/\/schema.org","@graph":[{"@type":"Article","@id":"https:\/\/www.anovapeneira.gal\/index.php\/2024\/05\/30\/3o-edicion-do-festival-saude-natural\/#article","isPartOf":{"@id":"https:\/\/www.anovapeneira.gal\/index.php\/2024\/05\/30\/3o-edicion-do-festival-saude-natural\/"},"author":{"name":"Redacci\u00f3n A Nova Peneira","@id":"https:\/\/www.anovapeneira.gal\/#\/schema\/person\/b93e3f8932e3f8da96334607eb6ac6aa"},"headline":"3\u00ba Edici\u00f3n do Festival: SA\u00daDE NATURAL","datePublished":"2024-05-30T08:00:00+00:00","mainEntityOfPage":{"@id":"https:\/\/www.anovapeneira.gal\/index.php\/2024\/05\/30\/3o-edicion-do-festival-saude-natural\/"},"wordCount":398,"commentCount":0,"publisher":{"@id":"https:\/\/www.anovapeneira.gal\/#organization"},"image":{"@id":"https:\/\/www.anovapeneira.gal\/index.php\/2024\/05\/30\/3o-edicion-do-festival-saude-natural\/#primaryimage"},"thumbnailUrl":"https:\/\/www.anovapeneira.gal\/wp-content\/uploads\/2024\/05\/Noelia_Conde.jpg","keywords":["Concello de Mos"],"articleSection":["A Louri\u00f1a"],"inLanguage":"gl-ES","potentialAction":[{"@type":"CommentAction","name":"Comment","target":["https:\/\/www.anovapeneira.gal\/index.php\/2024\/05\/30\/3o-edicion-do-festival-saude-natural\/#respond"]}]},{"@type":"WebPage","@id":"https:\/\/www.anovapeneira.gal\/index.php\/2024\/05\/30\/3o-edicion-do-festival-saude-natural\/","url":"https:\/\/www.anovapeneira.gal\/index.php\/2024\/05\/30\/3o-edicion-do-festival-saude-natural\/","name":"3\u00ba Edici\u00f3n do Festival: SA\u00daDE NATURAL -","isPartOf":{"@id":"https:\/\/www.anovapeneira.gal\/#website"},"primaryImageOfPage":{"@id":"https:\/\/www.anovapeneira.gal\/index.php\/2024\/05\/30\/3o-edicion-do-festival-saude-natural\/#primaryimage"},"image":{"@id":"https:\/\/www.anovapeneira.gal\/index.php\/2024\/05\/30\/3o-edicion-do-festival-saude-natural\/#primaryimage"},"thumbnailUrl":"https:\/\/www.anovapeneira.gal\/wp-content\/uploads\/2024\/05\/Noelia_Conde.jpg","datePublished":"2024-05-30T08:00:00+00:00","breadcrumb":{"@id":"https:\/\/www.anovapeneira.gal\/index.php\/2024\/05\/30\/3o-edicion-do-festival-saude-natural\/#breadcrumb"},"inLanguage":"gl-ES","potentialAction":[{"@type":"ReadAction","target":["https:\/\/www.anovapeneira.gal\/index.php\/2024\/05\/30\/3o-edicion-do-festival-saude-natural\/"]}]},{"@type":"ImageObject","inLanguage":"gl-ES","@id":"https:\/\/www.anovapeneira.gal\/index.php\/2024\/05\/30\/3o-edicion-do-festival-saude-natural\/#primaryimage","url":"https:\/\/www.anovapeneira.gal\/wp-content\/uploads\/2024\/05\/Noelia_Conde.jpg","contentUrl":"https:\/\/www.anovapeneira.gal\/wp-content\/uploads\/2024\/05\/Noelia_Conde.jpg","width":720,"height":432,"caption":"Edici\u00f3n do Festival: SA\u00daDE NATURAL"},{"@type":"BreadcrumbList","@id":"https:\/\/www.anovapeneira.gal\/index.php\/2024\/05\/30\/3o-edicion-do-festival-saude-natural\/#breadcrumb","itemListElement":[{"@type":"ListItem","position":1,"name":"Portada","item":"https:\/\/www.anovapeneira.gal\/"},{"@type":"ListItem","position":2,"name":"3\u00ba Edici\u00f3n do Festival: SA\u00daDE NATURAL"}]},{"@type":"WebSite","@id":"https:\/\/www.anovapeneira.gal\/#website","url":"https:\/\/www.anovapeneira.gal\/","name":"","description":"Xornal galego de informaci\u00f3n xeral Publicaci\u00f3n mensual de novas de Galicia e en especial dos Concellos da sur da provincia de Pontevedra.","publisher":{"@id":"https:\/\/www.anovapeneira.gal\/#organization"},"potentialAction":[{"@type":"SearchAction","target":{"@type":"EntryPoint","urlTemplate":"https:\/\/www.anovapeneira.gal\/?s={search_term_string}"},"query-input":{"@type":"PropertyValueSpecification","valueRequired":true,"valueName":"search_term_string"}}],"inLanguage":"gl-ES"},{"@type":"Organization","@id":"https:\/\/www.anovapeneira.gal\/#organization","name":"A Nova Peneira","url":"https:\/\/www.anovapeneira.gal\/","logo":{"@type":"ImageObject","inLanguage":"gl-ES","@id":"https:\/\/www.anovapeneira.gal\/#\/schema\/logo\/image\/","url":"http:\/\/www.anovapeneira.gal\/wp-content\/uploads\/2019\/06\/logo_a_nova_peneira_portal_web.png","contentUrl":"http:\/\/www.anovapeneira.gal\/wp-content\/uploads\/2019\/06\/logo_a_nova_peneira_portal_web.png","width":300,"height":100,"caption":"A Nova Peneira"},"image":{"@id":"https:\/\/www.anovapeneira.gal\/#\/schema\/logo\/image\/"},"sameAs":["https:\/\/www.facebook.com\/anovapeneira","https:\/\/x.com\/APeneira"]},{"@type":"Person","@id":"https:\/\/www.anovapeneira.gal\/#\/schema\/person\/b93e3f8932e3f8da96334607eb6ac6aa","name":"Redacci\u00f3n A Nova Peneira","image":{"@type":"ImageObject","inLanguage":"gl-ES","@id":"https:\/\/secure.gravatar.com\/avatar\/c052a2551a06e23fac63626232eaa90abd78dbcf1700fc46a2b2c89fd27b735f?s=96&d=mm&r=g","url":"https:\/\/secure.gravatar.com\/avatar\/c052a2551a06e23fac63626232eaa90abd78dbcf1700fc46a2b2c89fd27b735f?s=96&d=mm&r=g","contentUrl":"https:\/\/secure.gravatar.com\/avatar\/c052a2551a06e23fac63626232eaa90abd78dbcf1700fc46a2b2c89fd27b735f?s=96&d=mm&r=g","caption":"Redacci\u00f3n A Nova Peneira"},"sameAs":["http:\/\/www.anovapeneira.gal\/"],"url":"https:\/\/www.anovapeneira.gal\/index.php\/author\/redactor\/"}]}},"jetpack_featured_media_url":"https:\/\/www.anovapeneira.gal\/wp-content\/uploads\/2024\/05\/Noelia_Conde.jpg","_links":{"self":[{"href":"https:\/\/www.anovapeneira.gal\/index.php\/wp-json\/wp\/v2\/posts\/11804","targetHints":{"allow":["GET"]}}],"collection":[{"href":"https:\/\/www.anovapeneira.gal\/index.php\/wp-json\/wp\/v2\/posts"}],"about":[{"href":"https:\/\/www.anovapeneira.gal\/index.php\/wp-json\/wp\/v2\/types\/post"}],"author":[{"embeddable":true,"href":"https:\/\/www.anovapeneira.gal\/index.php\/wp-json\/wp\/v2\/users\/3"}],"replies":[{"embeddable":true,"href":"https:\/\/www.anovapeneira.gal\/index.php\/wp-json\/wp\/v2\/comments?post=11804"}],"version-history":[{"count":1,"href":"https:\/\/www.anovapeneira.gal\/index.php\/wp-json\/wp\/v2\/posts\/11804\/revisions"}],"predecessor-version":[{"id":11805,"href":"https:\/\/www.anovapeneira.gal\/index.php\/wp-json\/wp\/v2\/posts\/11804\/revisions\/11805"}],"wp:featuredmedia":[{"embeddable":true,"href":"https:\/\/www.anovapeneira.gal\/index.php\/wp-json\/wp\/v2\/media\/11806"}],"wp:attachment":[{"href":"https:\/\/www.anovapeneira.gal\/index.php\/wp-json\/wp\/v2\/media?parent=11804"}],"wp:term":[{"taxonomy":"category","embeddable":true,"href":"https:\/\/www.anovapeneira.gal\/index.php\/wp-json\/wp\/v2\/categories?post=11804"},{"taxonomy":"post_tag","embeddable":true,"href":"https:\/\/www.anovapeneira.gal\/index.php\/wp-json\/wp\/v2\/tags?post=11804"}],"curies":[{"name":"wp","href":"https:\/\/api.w.org\/{rel}","templated":true}]}}