{"id":11807,"date":"2024-05-30T12:00:41","date_gmt":"2024-05-30T10:00:41","guid":{"rendered":"https:\/\/www.anovapeneira.gal\/?p=11807"},"modified":"2024-05-23T12:10:06","modified_gmt":"2024-05-23T10:10:06","slug":"europa-espana-e-as-republicas-necesarias","status":"publish","type":"post","link":"https:\/\/www.anovapeneira.gal\/index.php\/2024\/05\/30\/europa-espana-e-as-republicas-necesarias\/","title":{"rendered":"Europa, Espa\u00f1a e as Rep\u00fablicas necesarias"},"content":{"rendered":"\n<p><strong>Manuel Ruiz Robles<\/strong><\/p>\n\n\n\n<p>Ante as inminentes elecci\u00f3ns ao Parlamento Europeo, expo\u00f1o algunhas reflexi\u00f3ns urxentes sobre o que entendo como Rep\u00fablicas necesarias.<\/p>\n\n\n\n<p>As esquerdas soberanistas, das naci\u00f3ns sen Estado que actualmente forman parte do Reino de Espa\u00f1a -\u00e9 dicir, Catalunya, Euskadi e Galicia-, constit\u00faen de feito a principal forza republicana, pois o republicanismo espa\u00f1ol, fortemente nacionalista, non alcanza por agora a ter a coherencia nin a unidade necesarias para facer caer a monarqu\u00eda, sen as cales xamais poder\u00e1 proclamarse unha Rep\u00fablica federal ou confederal.<\/p>\n\n\n\n<p>O nacionalismo espa\u00f1olista contrib\u00fae, en todo caso, \u00e1 continuidade do Estado borb\u00f3nico imposto pola ditadura, validado pola Transici\u00f3n, e, por tanto, ao seu proceso de descomposici\u00f3n. Un proceso hist\u00f3rico que conduce inexorablemente \u00e1 s\u00faa desmembraci\u00f3n, co consecuente risco, a medio prazo, dunha nova confrontaci\u00f3n civil.<\/p>\n\n\n\n<p>\u00c9 obvio que estas naci\u00f3ns irm\u00e1s son maioritariamente republicanas, e reivindican, por tanto, o seu dereito para decidir.<\/p>\n\n\n\n<p>Mostran con certa recorrencia a s\u00faa indignaci\u00f3n de naci\u00f3ns oprimidas, ocupadas por un ex\u00e9rcito franquista, que feriu de morte \u00e1 II Rep\u00fablica espa\u00f1ola no s\u00e9culo pasado, e impuxo unha ditadura xenocida.<\/p>\n\n\n\n<p>Por iso, os pobos soberanistas do Estado espa\u00f1ol, representan unha opci\u00f3n netamente patri\u00f3ticade ruptura democr\u00e1tica, ao opo\u00f1erse de forma efectiva \u00e1 forma de Estado imposta durante a chamada Transici\u00f3n.<\/p>\n\n\n\n<p>Unha Transici\u00f3n dirixida por un rei Borb\u00f3n, franquista e inviol\u00e1bel fuxido a Abu Dabi; sucedido polo seu fillo, tam\u00e9n un rei Borb\u00f3n, franquista e inviol\u00e1bel; \u00e9 dicir, impune a\u00ednda que delinca.<\/p>\n\n\n\n<p>Por se fose pouco, ostenta unha xefatura do Estado e das Forzas Armadas sustentada nas leis fascistas de sucesi\u00f3n decretadas por Franco.<\/p>\n\n\n\n<p>A alianza electoral de ERC, BNG e EH Bildu ao Parlamento Europeo proban a s\u00faa coherencia republicana e federalista, trasladando unha potente mensaxe de democracia, desde o Sur de Europa, ao coraz\u00f3n da Uni\u00f3n.<\/p>\n\n\n\n<p>O nacionalismo non \u00e9 algo intrinsecamente malvado, en tanto se constit\u00fae como expresi\u00f3n da cultura, da literatura, da arte, da lingua dun pobo. Con todo, \u00e9 preciso distinguir entre os seus aspectos culturais e os seus aspectos pol\u00edticos.<\/p>\n\n\n\n<p>En efecto, respecto a o primeiro, hai moito que admirar nos nacionalismos, pois preservan a diversidade: diferentes modos de ver o mundo e de expresar o pensamento que enriquecen o patrimonio cultural da humanidade. Con todo, en pol\u00edtica, o nacionalismo pode derivar no mal absoluto.<\/p>\n\n\n\n<p>Os movementos de extrema dereita son unha reacci\u00f3n \u00e1 ru\u00edna, cando as capas populares senten abandonadas \u00e1 s\u00faa sorte. No s\u00e9culo pasado deu lugar ao nazi-fascismo: unha forma de nacionalismo intrinsecamente malvado; o mal en estado puro.<\/p>\n\n\n\n<p>O nacionalismo, cando oprime a outros pobos, e inculca o odio proclamando a s\u00faa supremac\u00eda racial, relixiosa, econ\u00f3mica, militar ou pol\u00edtica, acaba impo\u00f1endo r\u00e9ximes totalitarios.<\/p>\n\n\n\n<p>\u00c9 o caso, actualmente, do Estado Israel\u00ed que, ao oprimir de maneira sanguinaria ao pobo palestino, derivou nun estado de caracter\u00edsticas neonazis, causando un aut\u00e9ntico xenocidio. A soluci\u00f3n a este conflito s\u00f3 pode provir da imposici\u00f3n por parte da comunidade internacional dunha soluci\u00f3n an\u00e1loga \u00e1 que se alcanzou en Sud\u00e1frica. \u00c9 dicir, un Estado democr\u00e1tico \u00fanico, laico, de cidad\u00e1ns libres, cos mesmos dereitos e deberes ante a lei, que acolla en paz e harmon\u00eda a ambos os pobos.<\/p>\n\n\n\n<p>O nacionalismo espa\u00f1ol -que se materializou tras a chegada dos Borb\u00f3ns a Espa\u00f1a en 1700- ten unha compo\u00f1ente fortemente reaccionaria e ridiculamente imperialista.<\/p>\n\n\n\n<p>As\u00ed o proba o himno da Armada espa\u00f1ola: \u201cO imperio a Espa\u00f1a vir\u00e1 polos cami\u00f1os do mar. Hai que morrer ou triunfar\u2026\u201d cuxa letra foi escrita por Jos\u00e9 Mar\u00eda Pem\u00e1n, fervente escritor mon\u00e1rquico, distinguido en 1981 co Tois\u00f3n de Ouro, que ocupou en setembro de 1936 a presidencia da Comisi\u00f3n de Cultura e Ensino da incipiente ditadura.<\/p>\n\n\n\n<p>Historiadores como Paul Preston afirman que este personaxe celebraba a represi\u00f3n, alentando as\u00ed a matanza que encheu de fosas com\u00fans cunetas e cemiterios de Espa\u00f1a. Un horror a\u00ednda impune.<\/p>\n\n\n\n<p>O imperio a Espa\u00f1a vir\u00e1\u2026 Afirmaci\u00f3n cando menos rid\u00edcula, pois o Reino de Espa\u00f1a \u00e9 un Estado sometido ao xugo imperialista, do mesmo xeito que o resto da Uni\u00f3n Europea, cuxas bases militares sobre o noso chan po\u00f1en en grave risco aos pobos do Estado e \u00e1 paz mundial, ao formar parte dunha alianza militar compulsivamente agresiva, posta ao servizo do complexo militar-industrial de USA. Como \u00e9 ben sabido, a OTAN non \u00e9, nin moito menos, unha organizaci\u00f3n pacifista, pois constit\u00fae o instrumento principal de dominio pol\u00edtico-militar sobre os pobos da Uni\u00f3n Europea, e de agresi\u00f3n directa a outros pobos. As\u00ed \u00e9 no caso de Ucra\u00edna, utilizada, xunto ao resto da Europa occidental, como ariete contra Rusia. Unha guerra imperialista entre d\u00faas potencias, motivada por intereses econ\u00f3micos e xeoestrat\u00e9xicos dos dous bloques realmente enfrontados: USA e Rusia.<\/p>\n\n\n\n<p>Tr\u00e1tase dunha guerra polo dominio dos mercados, das fontes de enerx\u00eda e dos minerais especiais. \u00c9 unha guerra iniciada, de feito, en 2014 polo chamado \u201cgolpe do Maid\u00e1n\u201d en Kiev, propiciado polo goberno dos Estados Unidos de Am\u00e9rica.<\/p>\n\n\n\n<p>Guerra imperialista que est\u00e1 a provocar unha aut\u00e9ntica guerra civil no coraz\u00f3n de Europa, de forma an\u00e1loga ao que ocorreu en 1914, co risco de estenderse ao resto do continente; a final de contas, unha pequena pen\u00ednsula do gran continente euroasi\u00e1tico.<\/p>\n\n\n\n<p>S\u00f3 unha Europa federada, sobre a base dunha alianza entre traballadores e pobos, de Tarifa aos Urales, poder\u00e1 asegurar unha paz estable no continente, pois Rusia \u00e9 parte esencial do noso futuro e prosperidade, e non \u00e9 nin foi o noso inimigo, sen\u00f3n parte primordial da cultura e da ciencia europeas.<\/p>\n\n\n\n<p>Pola contra, \u00daSAOS si estiveron en guerra contra Espa\u00f1a a finais do s\u00e9culo XIX e, posteriormente, na segunda metade do s\u00e9culo pasado, instalaron bases militares estranxeiras no noso chan. Unha humillaci\u00f3n imposta ao pobo espa\u00f1ol polo goberno norteamericano, como tributo imperial en pago ao seu apoio ao ditador xenocida Francisco Franco, hipotecando deste xeito a soberan\u00eda dos nosos pobos: odiosa humillaci\u00f3n ratificada unha vez m\u00e1is polo r\u00e9xime borb\u00f3nico do 78.<\/p>\n\n\n\n<p>As instituci\u00f3ns da Uni\u00f3n Europea padecen un grave d\u00e9ficit democr\u00e1tico; tan s\u00f3 o seu Parlamento goza de certa lexitimidade, pois \u00e9 a \u00fanica instituci\u00f3n cuxa composici\u00f3n emana directamente da vontade popular; a\u00ednda que os seus poderes son moi limitados e non representa, en absoluto, a soberan\u00eda dos seus pobos.<\/p>\n\n\n\n<p>Europa debe emanciparse do ditado de USA e dos grupos de presi\u00f3n financeiros, creando unha defensa propia unificada, \u00e1s ordes dun goberno federal, ou confederal, emanado da vontade popular.<\/p>\n\n\n\n<p>\u00c9 ineludible, por tanto, nun futuro non afastado, un proceso constitu\u00ednte no continente, impulsado por unha alianza entre traballadores e pobos, que alume unha Uni\u00f3n Europa federal ou confederal. Unha uni\u00f3n que haber\u00eda de inclu\u00edr \u00e1 Federaci\u00f3n de Rusia -o estado m\u00e1is extenso do planeta- xunto ao conxunto de pobos europeos; s\u00f3 as\u00ed poder\u00e1 alcanzarse un futuro de paz estable e de prosperidade na rexi\u00f3n.<\/p>\n\n\n\n<p><strong>Manuel Ruiz Robles \u00e9 capit\u00e1n de nav\u00edo retirado, ex membro da disolta UMD, portavoz de militares dem\u00f3cratas (Anemoi).<\/strong><\/p>\n","protected":false},"excerpt":{"rendered":"<div class=\"mh-excerpt\"><p>Ante as inminentes elecci\u00f3ns ao Parlamento Europeo, expo\u00f1o algunhas reflexi\u00f3ns urxentes sobre o que entendo como Rep\u00fablicas necesarias. <a class=\"mh-excerpt-more\" href=\"https:\/\/www.anovapeneira.gal\/index.php\/2024\/05\/30\/europa-espana-e-as-republicas-necesarias\/\" title=\"Europa, Espa\u00f1a e as Rep\u00fablicas necesarias\">[&#8230;]<\/a><\/p>\n<\/div>","protected":false},"author":12,"featured_media":9435,"comment_status":"open","ping_status":"open","sticky":false,"template":"","format":"standard","meta":{"_exactmetrics_skip_tracking":false,"_exactmetrics_sitenote_active":false,"_exactmetrics_sitenote_note":"","_exactmetrics_sitenote_category":0,"footnotes":""},"categories":[7],"tags":[1352],"class_list":{"0":"post-11807","1":"post","2":"type-post","3":"status-publish","4":"format-standard","5":"has-post-thumbnail","7":"category-artigos-de-opinion","8":"tag-manuel-ruiz-robles"},"yoast_head":"<!-- This site is optimized with the Yoast SEO plugin v27.4 - https:\/\/yoast.com\/product\/yoast-seo-wordpress\/ -->\n<title>Europa, Espa\u00f1a e as Rep\u00fablicas necesarias -<\/title>\n<meta name=\"robots\" content=\"index, follow, max-snippet:-1, max-image-preview:large, max-video-preview:-1\" \/>\n<link rel=\"canonical\" href=\"https:\/\/www.anovapeneira.gal\/index.php\/2024\/05\/30\/europa-espana-e-as-republicas-necesarias\/\" \/>\n<meta property=\"og:locale\" content=\"gl_ES\" \/>\n<meta property=\"og:type\" content=\"article\" \/>\n<meta property=\"og:title\" content=\"Europa, Espa\u00f1a e as Rep\u00fablicas necesarias -\" \/>\n<meta property=\"og:description\" content=\"Ante as inminentes elecci\u00f3ns ao Parlamento Europeo, expo\u00f1o algunhas reflexi\u00f3ns urxentes sobre o que entendo como Rep\u00fablicas necesarias. [...]\" \/>\n<meta property=\"og:url\" content=\"https:\/\/www.anovapeneira.gal\/index.php\/2024\/05\/30\/europa-espana-e-as-republicas-necesarias\/\" \/>\n<meta property=\"article:publisher\" content=\"https:\/\/www.facebook.com\/anovapeneira\" \/>\n<meta property=\"article:published_time\" content=\"2024-05-30T10:00:41+00:00\" \/>\n<meta property=\"og:image\" content=\"https:\/\/www.anovapeneira.gal\/wp-content\/uploads\/2023\/04\/manuel-ruiz.jpg\" \/>\n\t<meta property=\"og:image:width\" content=\"720\" \/>\n\t<meta property=\"og:image:height\" content=\"432\" \/>\n\t<meta property=\"og:image:type\" content=\"image\/jpeg\" \/>\n<meta name=\"author\" content=\"Artigos Opini\u00f3n\" \/>\n<meta name=\"twitter:card\" content=\"summary_large_image\" \/>\n<meta name=\"twitter:creator\" content=\"@APeneira\" \/>\n<meta name=\"twitter:site\" content=\"@APeneira\" \/>\n<meta name=\"twitter:label1\" content=\"Escrito por\" \/>\n\t<meta name=\"twitter:data1\" content=\"Artigos Opini\u00f3n\" \/>\n\t<meta name=\"twitter:label2\" content=\"Tempo de lectura\" \/>\n\t<meta name=\"twitter:data2\" content=\"7 minutos\" \/>\n<script type=\"application\/ld+json\" class=\"yoast-schema-graph\">{\"@context\":\"https:\\\/\\\/schema.org\",\"@graph\":[{\"@type\":\"Article\",\"@id\":\"https:\\\/\\\/www.anovapeneira.gal\\\/index.php\\\/2024\\\/05\\\/30\\\/europa-espana-e-as-republicas-necesarias\\\/#article\",\"isPartOf\":{\"@id\":\"https:\\\/\\\/www.anovapeneira.gal\\\/index.php\\\/2024\\\/05\\\/30\\\/europa-espana-e-as-republicas-necesarias\\\/\"},\"author\":{\"name\":\"Artigos Opini\u00f3n\",\"@id\":\"https:\\\/\\\/www.anovapeneira.gal\\\/#\\\/schema\\\/person\\\/f18a4feb302e8f20bcef4490b5b60bb3\"},\"headline\":\"Europa, Espa\u00f1a e as Rep\u00fablicas necesarias\",\"datePublished\":\"2024-05-30T10:00:41+00:00\",\"mainEntityOfPage\":{\"@id\":\"https:\\\/\\\/www.anovapeneira.gal\\\/index.php\\\/2024\\\/05\\\/30\\\/europa-espana-e-as-republicas-necesarias\\\/\"},\"wordCount\":1241,\"commentCount\":0,\"publisher\":{\"@id\":\"https:\\\/\\\/www.anovapeneira.gal\\\/#organization\"},\"image\":{\"@id\":\"https:\\\/\\\/www.anovapeneira.gal\\\/index.php\\\/2024\\\/05\\\/30\\\/europa-espana-e-as-republicas-necesarias\\\/#primaryimage\"},\"thumbnailUrl\":\"https:\\\/\\\/www.anovapeneira.gal\\\/wp-content\\\/uploads\\\/2023\\\/04\\\/manuel-ruiz.jpg\",\"keywords\":[\"Manuel Ruiz Robles\"],\"articleSection\":[\"Artigos de opini\u00f3n\"],\"inLanguage\":\"gl-ES\",\"potentialAction\":[{\"@type\":\"CommentAction\",\"name\":\"Comment\",\"target\":[\"https:\\\/\\\/www.anovapeneira.gal\\\/index.php\\\/2024\\\/05\\\/30\\\/europa-espana-e-as-republicas-necesarias\\\/#respond\"]}]},{\"@type\":\"WebPage\",\"@id\":\"https:\\\/\\\/www.anovapeneira.gal\\\/index.php\\\/2024\\\/05\\\/30\\\/europa-espana-e-as-republicas-necesarias\\\/\",\"url\":\"https:\\\/\\\/www.anovapeneira.gal\\\/index.php\\\/2024\\\/05\\\/30\\\/europa-espana-e-as-republicas-necesarias\\\/\",\"name\":\"Europa, Espa\u00f1a e as Rep\u00fablicas necesarias -\",\"isPartOf\":{\"@id\":\"https:\\\/\\\/www.anovapeneira.gal\\\/#website\"},\"primaryImageOfPage\":{\"@id\":\"https:\\\/\\\/www.anovapeneira.gal\\\/index.php\\\/2024\\\/05\\\/30\\\/europa-espana-e-as-republicas-necesarias\\\/#primaryimage\"},\"image\":{\"@id\":\"https:\\\/\\\/www.anovapeneira.gal\\\/index.php\\\/2024\\\/05\\\/30\\\/europa-espana-e-as-republicas-necesarias\\\/#primaryimage\"},\"thumbnailUrl\":\"https:\\\/\\\/www.anovapeneira.gal\\\/wp-content\\\/uploads\\\/2023\\\/04\\\/manuel-ruiz.jpg\",\"datePublished\":\"2024-05-30T10:00:41+00:00\",\"breadcrumb\":{\"@id\":\"https:\\\/\\\/www.anovapeneira.gal\\\/index.php\\\/2024\\\/05\\\/30\\\/europa-espana-e-as-republicas-necesarias\\\/#breadcrumb\"},\"inLanguage\":\"gl-ES\",\"potentialAction\":[{\"@type\":\"ReadAction\",\"target\":[\"https:\\\/\\\/www.anovapeneira.gal\\\/index.php\\\/2024\\\/05\\\/30\\\/europa-espana-e-as-republicas-necesarias\\\/\"]}]},{\"@type\":\"ImageObject\",\"inLanguage\":\"gl-ES\",\"@id\":\"https:\\\/\\\/www.anovapeneira.gal\\\/index.php\\\/2024\\\/05\\\/30\\\/europa-espana-e-as-republicas-necesarias\\\/#primaryimage\",\"url\":\"https:\\\/\\\/www.anovapeneira.gal\\\/wp-content\\\/uploads\\\/2023\\\/04\\\/manuel-ruiz.jpg\",\"contentUrl\":\"https:\\\/\\\/www.anovapeneira.gal\\\/wp-content\\\/uploads\\\/2023\\\/04\\\/manuel-ruiz.jpg\",\"width\":720,\"height\":432,\"caption\":\"Manuel Ruiz\"},{\"@type\":\"BreadcrumbList\",\"@id\":\"https:\\\/\\\/www.anovapeneira.gal\\\/index.php\\\/2024\\\/05\\\/30\\\/europa-espana-e-as-republicas-necesarias\\\/#breadcrumb\",\"itemListElement\":[{\"@type\":\"ListItem\",\"position\":1,\"name\":\"Portada\",\"item\":\"https:\\\/\\\/www.anovapeneira.gal\\\/\"},{\"@type\":\"ListItem\",\"position\":2,\"name\":\"Europa, Espa\u00f1a e as Rep\u00fablicas necesarias\"}]},{\"@type\":\"WebSite\",\"@id\":\"https:\\\/\\\/www.anovapeneira.gal\\\/#website\",\"url\":\"https:\\\/\\\/www.anovapeneira.gal\\\/\",\"name\":\"\",\"description\":\"Xornal galego de informaci\u00f3n xeral Publicaci\u00f3n mensual de novas de Galicia e en especial dos Concellos da sur da provincia de Pontevedra.\",\"publisher\":{\"@id\":\"https:\\\/\\\/www.anovapeneira.gal\\\/#organization\"},\"potentialAction\":[{\"@type\":\"SearchAction\",\"target\":{\"@type\":\"EntryPoint\",\"urlTemplate\":\"https:\\\/\\\/www.anovapeneira.gal\\\/?s={search_term_string}\"},\"query-input\":{\"@type\":\"PropertyValueSpecification\",\"valueRequired\":true,\"valueName\":\"search_term_string\"}}],\"inLanguage\":\"gl-ES\"},{\"@type\":\"Organization\",\"@id\":\"https:\\\/\\\/www.anovapeneira.gal\\\/#organization\",\"name\":\"A Nova Peneira\",\"url\":\"https:\\\/\\\/www.anovapeneira.gal\\\/\",\"logo\":{\"@type\":\"ImageObject\",\"inLanguage\":\"gl-ES\",\"@id\":\"https:\\\/\\\/www.anovapeneira.gal\\\/#\\\/schema\\\/logo\\\/image\\\/\",\"url\":\"http:\\\/\\\/www.anovapeneira.gal\\\/wp-content\\\/uploads\\\/2019\\\/06\\\/logo_a_nova_peneira_portal_web.png\",\"contentUrl\":\"http:\\\/\\\/www.anovapeneira.gal\\\/wp-content\\\/uploads\\\/2019\\\/06\\\/logo_a_nova_peneira_portal_web.png\",\"width\":300,\"height\":100,\"caption\":\"A Nova Peneira\"},\"image\":{\"@id\":\"https:\\\/\\\/www.anovapeneira.gal\\\/#\\\/schema\\\/logo\\\/image\\\/\"},\"sameAs\":[\"https:\\\/\\\/www.facebook.com\\\/anovapeneira\",\"https:\\\/\\\/x.com\\\/APeneira\"]},{\"@type\":\"Person\",\"@id\":\"https:\\\/\\\/www.anovapeneira.gal\\\/#\\\/schema\\\/person\\\/f18a4feb302e8f20bcef4490b5b60bb3\",\"name\":\"Artigos Opini\u00f3n\",\"image\":{\"@type\":\"ImageObject\",\"inLanguage\":\"gl-ES\",\"@id\":\"https:\\\/\\\/secure.gravatar.com\\\/avatar\\\/072844300f4881150aee2da4278f7a65d16eefdf8262eb67085f1e702de2b959?s=96&d=mm&r=g\",\"url\":\"https:\\\/\\\/secure.gravatar.com\\\/avatar\\\/072844300f4881150aee2da4278f7a65d16eefdf8262eb67085f1e702de2b959?s=96&d=mm&r=g\",\"contentUrl\":\"https:\\\/\\\/secure.gravatar.com\\\/avatar\\\/072844300f4881150aee2da4278f7a65d16eefdf8262eb67085f1e702de2b959?s=96&d=mm&r=g\",\"caption\":\"Artigos Opini\u00f3n\"},\"sameAs\":[\"http:\\\/\\\/anovapeneira.gal\"],\"url\":\"https:\\\/\\\/www.anovapeneira.gal\\\/index.php\\\/author\\\/artigosopinion\\\/\"}]}<\/script>\n<!-- \/ Yoast SEO plugin. -->","yoast_head_json":{"title":"Europa, Espa\u00f1a e as Rep\u00fablicas necesarias -","robots":{"index":"index","follow":"follow","max-snippet":"max-snippet:-1","max-image-preview":"max-image-preview:large","max-video-preview":"max-video-preview:-1"},"canonical":"https:\/\/www.anovapeneira.gal\/index.php\/2024\/05\/30\/europa-espana-e-as-republicas-necesarias\/","og_locale":"gl_ES","og_type":"article","og_title":"Europa, Espa\u00f1a e as Rep\u00fablicas necesarias -","og_description":"Ante as inminentes elecci\u00f3ns ao Parlamento Europeo, expo\u00f1o algunhas reflexi\u00f3ns urxentes sobre o que entendo como Rep\u00fablicas necesarias. [...]","og_url":"https:\/\/www.anovapeneira.gal\/index.php\/2024\/05\/30\/europa-espana-e-as-republicas-necesarias\/","article_publisher":"https:\/\/www.facebook.com\/anovapeneira","article_published_time":"2024-05-30T10:00:41+00:00","og_image":[{"width":720,"height":432,"url":"https:\/\/www.anovapeneira.gal\/wp-content\/uploads\/2023\/04\/manuel-ruiz.jpg","type":"image\/jpeg"}],"author":"Artigos Opini\u00f3n","twitter_card":"summary_large_image","twitter_creator":"@APeneira","twitter_site":"@APeneira","twitter_misc":{"Escrito por":"Artigos Opini\u00f3n","Tempo de lectura":"7 minutos"},"schema":{"@context":"https:\/\/schema.org","@graph":[{"@type":"Article","@id":"https:\/\/www.anovapeneira.gal\/index.php\/2024\/05\/30\/europa-espana-e-as-republicas-necesarias\/#article","isPartOf":{"@id":"https:\/\/www.anovapeneira.gal\/index.php\/2024\/05\/30\/europa-espana-e-as-republicas-necesarias\/"},"author":{"name":"Artigos Opini\u00f3n","@id":"https:\/\/www.anovapeneira.gal\/#\/schema\/person\/f18a4feb302e8f20bcef4490b5b60bb3"},"headline":"Europa, Espa\u00f1a e as Rep\u00fablicas necesarias","datePublished":"2024-05-30T10:00:41+00:00","mainEntityOfPage":{"@id":"https:\/\/www.anovapeneira.gal\/index.php\/2024\/05\/30\/europa-espana-e-as-republicas-necesarias\/"},"wordCount":1241,"commentCount":0,"publisher":{"@id":"https:\/\/www.anovapeneira.gal\/#organization"},"image":{"@id":"https:\/\/www.anovapeneira.gal\/index.php\/2024\/05\/30\/europa-espana-e-as-republicas-necesarias\/#primaryimage"},"thumbnailUrl":"https:\/\/www.anovapeneira.gal\/wp-content\/uploads\/2023\/04\/manuel-ruiz.jpg","keywords":["Manuel Ruiz Robles"],"articleSection":["Artigos de opini\u00f3n"],"inLanguage":"gl-ES","potentialAction":[{"@type":"CommentAction","name":"Comment","target":["https:\/\/www.anovapeneira.gal\/index.php\/2024\/05\/30\/europa-espana-e-as-republicas-necesarias\/#respond"]}]},{"@type":"WebPage","@id":"https:\/\/www.anovapeneira.gal\/index.php\/2024\/05\/30\/europa-espana-e-as-republicas-necesarias\/","url":"https:\/\/www.anovapeneira.gal\/index.php\/2024\/05\/30\/europa-espana-e-as-republicas-necesarias\/","name":"Europa, Espa\u00f1a e as Rep\u00fablicas necesarias -","isPartOf":{"@id":"https:\/\/www.anovapeneira.gal\/#website"},"primaryImageOfPage":{"@id":"https:\/\/www.anovapeneira.gal\/index.php\/2024\/05\/30\/europa-espana-e-as-republicas-necesarias\/#primaryimage"},"image":{"@id":"https:\/\/www.anovapeneira.gal\/index.php\/2024\/05\/30\/europa-espana-e-as-republicas-necesarias\/#primaryimage"},"thumbnailUrl":"https:\/\/www.anovapeneira.gal\/wp-content\/uploads\/2023\/04\/manuel-ruiz.jpg","datePublished":"2024-05-30T10:00:41+00:00","breadcrumb":{"@id":"https:\/\/www.anovapeneira.gal\/index.php\/2024\/05\/30\/europa-espana-e-as-republicas-necesarias\/#breadcrumb"},"inLanguage":"gl-ES","potentialAction":[{"@type":"ReadAction","target":["https:\/\/www.anovapeneira.gal\/index.php\/2024\/05\/30\/europa-espana-e-as-republicas-necesarias\/"]}]},{"@type":"ImageObject","inLanguage":"gl-ES","@id":"https:\/\/www.anovapeneira.gal\/index.php\/2024\/05\/30\/europa-espana-e-as-republicas-necesarias\/#primaryimage","url":"https:\/\/www.anovapeneira.gal\/wp-content\/uploads\/2023\/04\/manuel-ruiz.jpg","contentUrl":"https:\/\/www.anovapeneira.gal\/wp-content\/uploads\/2023\/04\/manuel-ruiz.jpg","width":720,"height":432,"caption":"Manuel Ruiz"},{"@type":"BreadcrumbList","@id":"https:\/\/www.anovapeneira.gal\/index.php\/2024\/05\/30\/europa-espana-e-as-republicas-necesarias\/#breadcrumb","itemListElement":[{"@type":"ListItem","position":1,"name":"Portada","item":"https:\/\/www.anovapeneira.gal\/"},{"@type":"ListItem","position":2,"name":"Europa, Espa\u00f1a e as Rep\u00fablicas necesarias"}]},{"@type":"WebSite","@id":"https:\/\/www.anovapeneira.gal\/#website","url":"https:\/\/www.anovapeneira.gal\/","name":"","description":"Xornal galego de informaci\u00f3n xeral Publicaci\u00f3n mensual de novas de Galicia e en especial dos Concellos da sur da provincia de Pontevedra.","publisher":{"@id":"https:\/\/www.anovapeneira.gal\/#organization"},"potentialAction":[{"@type":"SearchAction","target":{"@type":"EntryPoint","urlTemplate":"https:\/\/www.anovapeneira.gal\/?s={search_term_string}"},"query-input":{"@type":"PropertyValueSpecification","valueRequired":true,"valueName":"search_term_string"}}],"inLanguage":"gl-ES"},{"@type":"Organization","@id":"https:\/\/www.anovapeneira.gal\/#organization","name":"A Nova Peneira","url":"https:\/\/www.anovapeneira.gal\/","logo":{"@type":"ImageObject","inLanguage":"gl-ES","@id":"https:\/\/www.anovapeneira.gal\/#\/schema\/logo\/image\/","url":"http:\/\/www.anovapeneira.gal\/wp-content\/uploads\/2019\/06\/logo_a_nova_peneira_portal_web.png","contentUrl":"http:\/\/www.anovapeneira.gal\/wp-content\/uploads\/2019\/06\/logo_a_nova_peneira_portal_web.png","width":300,"height":100,"caption":"A Nova Peneira"},"image":{"@id":"https:\/\/www.anovapeneira.gal\/#\/schema\/logo\/image\/"},"sameAs":["https:\/\/www.facebook.com\/anovapeneira","https:\/\/x.com\/APeneira"]},{"@type":"Person","@id":"https:\/\/www.anovapeneira.gal\/#\/schema\/person\/f18a4feb302e8f20bcef4490b5b60bb3","name":"Artigos Opini\u00f3n","image":{"@type":"ImageObject","inLanguage":"gl-ES","@id":"https:\/\/secure.gravatar.com\/avatar\/072844300f4881150aee2da4278f7a65d16eefdf8262eb67085f1e702de2b959?s=96&d=mm&r=g","url":"https:\/\/secure.gravatar.com\/avatar\/072844300f4881150aee2da4278f7a65d16eefdf8262eb67085f1e702de2b959?s=96&d=mm&r=g","contentUrl":"https:\/\/secure.gravatar.com\/avatar\/072844300f4881150aee2da4278f7a65d16eefdf8262eb67085f1e702de2b959?s=96&d=mm&r=g","caption":"Artigos Opini\u00f3n"},"sameAs":["http:\/\/anovapeneira.gal"],"url":"https:\/\/www.anovapeneira.gal\/index.php\/author\/artigosopinion\/"}]}},"jetpack_featured_media_url":"https:\/\/www.anovapeneira.gal\/wp-content\/uploads\/2023\/04\/manuel-ruiz.jpg","_links":{"self":[{"href":"https:\/\/www.anovapeneira.gal\/index.php\/wp-json\/wp\/v2\/posts\/11807","targetHints":{"allow":["GET"]}}],"collection":[{"href":"https:\/\/www.anovapeneira.gal\/index.php\/wp-json\/wp\/v2\/posts"}],"about":[{"href":"https:\/\/www.anovapeneira.gal\/index.php\/wp-json\/wp\/v2\/types\/post"}],"author":[{"embeddable":true,"href":"https:\/\/www.anovapeneira.gal\/index.php\/wp-json\/wp\/v2\/users\/12"}],"replies":[{"embeddable":true,"href":"https:\/\/www.anovapeneira.gal\/index.php\/wp-json\/wp\/v2\/comments?post=11807"}],"version-history":[{"count":1,"href":"https:\/\/www.anovapeneira.gal\/index.php\/wp-json\/wp\/v2\/posts\/11807\/revisions"}],"predecessor-version":[{"id":11808,"href":"https:\/\/www.anovapeneira.gal\/index.php\/wp-json\/wp\/v2\/posts\/11807\/revisions\/11808"}],"wp:featuredmedia":[{"embeddable":true,"href":"https:\/\/www.anovapeneira.gal\/index.php\/wp-json\/wp\/v2\/media\/9435"}],"wp:attachment":[{"href":"https:\/\/www.anovapeneira.gal\/index.php\/wp-json\/wp\/v2\/media?parent=11807"}],"wp:term":[{"taxonomy":"category","embeddable":true,"href":"https:\/\/www.anovapeneira.gal\/index.php\/wp-json\/wp\/v2\/categories?post=11807"},{"taxonomy":"post_tag","embeddable":true,"href":"https:\/\/www.anovapeneira.gal\/index.php\/wp-json\/wp\/v2\/tags?post=11807"}],"curies":[{"name":"wp","href":"https:\/\/api.w.org\/{rel}","templated":true}]}}