{"id":11809,"date":"2024-05-31T10:00:53","date_gmt":"2024-05-31T08:00:53","guid":{"rendered":"https:\/\/www.anovapeneira.gal\/?p=11809"},"modified":"2024-05-24T09:33:18","modified_gmt":"2024-05-24T07:33:18","slug":"o-bng-leva-ao-parlamento-a-reconstrucion-do-campo-da-chan-da-barcia-con-materiais-naturais-en-substitucion-do-caucho-granulado","status":"publish","type":"post","link":"https:\/\/www.anovapeneira.gal\/index.php\/2024\/05\/31\/o-bng-leva-ao-parlamento-a-reconstrucion-do-campo-da-chan-da-barcia-con-materiais-naturais-en-substitucion-do-caucho-granulado\/","title":{"rendered":"O BNG leva ao parlamento a reconstruci\u00f3n do Campo da Chan da Barcia con materiais naturais en substituci\u00f3n do caucho granulado"},"content":{"rendered":"\n<p>A iniciativa presentada por Lu\u00eds Bar\u00e1 prop\u00f3n que a Xunta \u201ccolabore co concello de Ponte Caldelas para levar a cabo a reconstruci\u00f3n do campo de f\u00fatbol da Chan da Barcia desbotando o uso de caucho granulado e utilizando recheos feitos con materiais naturais, como a cortiza ou a fibra de coco\u201d<\/p>\n\n\n\n<p>A iniciativa presentada polo deputado nacionalista Lu\u00eds Bar\u00e1 tam\u00e9n prop\u00f3n que se estude a reubicaci\u00f3n do campo de f\u00fatbol e a revisi\u00f3n do mapa de zonas inund\u00e1beis<\/p>\n\n\n\n<p><strong>Ponte Caldelas, 23 de maio de 2024<\/strong><\/p>\n\n\n\n<p>O BNG presentou no Parlamento unha bater\u00eda de iniciativas relacionadas co proxecto de reconstruci\u00f3n do campo de f\u00fatbol de herba sint\u00e9tica da Chan da Barcia, logo de que unha enchente do r\u00edo Verdugo destrozase as instalaci\u00f3ns e arrastrase 30 toneladas de recheo de caucho granulado ao cauce do r\u00edo Verdugo con afecci\u00f3n tam\u00e9n \u00e1 r\u00eda de Vigo.<\/p>\n\n\n\n<p>C\u00f3mpre ter en conta que o caucho granulado est\u00e1 fabricado no 100% a partir de pneum\u00e1ticos e ten na s\u00faa composici\u00f3n hidrocarburos arom\u00e1ticos policl\u00ednicos e outras substancias contaminantes para o medio e o ser humano. Por esta raz\u00f3n, a Uni\u00f3n Europea prohibiu usar este material en instalaci\u00f3ns l\u00fadicas e deportivas a partir do ano 2031.<\/p>\n\n\n\n<p>Malia estes antecedentes e a repetici\u00f3n de episodios de enchentes no r\u00edo Verdugo, o concello de Ponte Caldelas licitou a reconstruci\u00f3n do campo coas mesmas caracter\u00edsticas t\u00e9cnicas e a mesma ubicaci\u00f3n da anterior instalaci\u00f3n. Esta tramitaci\u00f3n bas\u00e9ase no feito de que os terreos do Campo da Chan da Barcia est\u00e1n situados f\u00f3ra da zona de perigo nos Mapas de perigosidade e risco de inundaci\u00f3ns das \u00c1reas de Risco Potencial Significativo de Inundaci\u00f3n (ARPSIs) da demarcaci\u00f3n Galicia-Costa.<\/p>\n\n\n\n<p>Mais a realidade \u00e9 que nos \u00faltimos 10 anos o campo de f\u00fatbol de Chan da Barcia inundouse polo menos tres veces (16 de outubro de 2014, 8 de xaneiro de 2016 e 4 de novembro de 2023), con danos importantes nas d\u00faas \u00faltimas ocasi\u00f3ns.<\/p>\n\n\n\n<p>Tendo en conta estes feitos, o BNG presentou por medio do deputado Lu\u00eds Bar\u00e1 as seguintes propostas para a aprobaci\u00f3n na comisi\u00f3n de medio ambiente do parlamento galego<\/p>\n\n\n\n<p>&#8211; Colaborar co concello de Ponte Caldelas para levar a cabo a reubicaci\u00f3n do campo de f\u00fatbol da Chan da Barcia f\u00f3ra da zona inundable, e a recuperaci\u00f3n do perfil natural do territorio fluvial,<br>aumentando deste xeito a zona de expansi\u00f3n do r\u00edo e diminu\u00edndo os riscos e danos por enchente na propia localidade de Ponte Caldelas &#8211; En caso de que non sexa vi\u00e1bel o traslado das instalaci\u00f3ns,<br>colaborar co concello de Ponte Caldelas para levar a cabo a reconstruci\u00f3n do campo de f\u00fatbol da Chan da Barcia desbotando o uso de caucho granulado e utilizando recheos feitos con materiais naturais, como a cortiza ou a fibra de coco, que xa se est\u00e1n utilizando en equipamentos deportivos de herba sint\u00e9tica.<\/p>\n\n\n\n<p>&#8211; Iniciar o procedemento para a revisi\u00f3n do Mapa de perigosidade e risco de inundaci\u00f3ns das \u00c1reas de Risco Potencial Significativo de Inundaci\u00f3n (ARPSIs) da demarcaci\u00f3n Galicia-Costa, para incluir os terreos de Chan da Barcia en Ponte Caldelas nas zonas de perigo e na \u00e1rea de asolagamento con retorno de 500 anos.<\/p>\n","protected":false},"excerpt":{"rendered":"<div class=\"mh-excerpt\"><p>A iniciativa presentada por Lu\u00eds Bar\u00e1 prop\u00f3n que a Xunta \u201ccolabore co concello de Ponte Caldelas para levar a cabo a reconstruci\u00f3n do campo de f\u00fatbol da Chan da Barcia desbotando o uso de caucho granulado e utilizando recheos feitos con materiais naturais, como a cortiza ou a fibra de coco\u201d <a class=\"mh-excerpt-more\" href=\"https:\/\/www.anovapeneira.gal\/index.php\/2024\/05\/31\/o-bng-leva-ao-parlamento-a-reconstrucion-do-campo-da-chan-da-barcia-con-materiais-naturais-en-substitucion-do-caucho-granulado\/\" title=\"O BNG leva ao parlamento a reconstruci\u00f3n do Campo da Chan da Barcia con materiais naturais en substituci\u00f3n do caucho granulado\">[&#8230;]<\/a><\/p>\n<\/div>","protected":false},"author":3,"featured_media":8265,"comment_status":"open","ping_status":"open","sticky":false,"template":"","format":"standard","meta":{"_exactmetrics_skip_tracking":false,"_exactmetrics_sitenote_active":false,"_exactmetrics_sitenote_note":"","_exactmetrics_sitenote_category":0,"footnotes":""},"categories":[26],"tags":[128],"class_list":{"0":"post-11809","1":"post","2":"type-post","3":"status-publish","4":"format-standard","5":"has-post-thumbnail","7":"category-pontevedra","8":"tag-concello-de-ponte-caldelas"},"yoast_head":"<!-- This site is optimized with the Yoast SEO plugin v27.4 - https:\/\/yoast.com\/product\/yoast-seo-wordpress\/ -->\n<title>O BNG leva ao parlamento a reconstruci\u00f3n do Campo da Chan da Barcia con materiais naturais en substituci\u00f3n do caucho granulado -<\/title>\n<meta name=\"robots\" content=\"index, follow, max-snippet:-1, max-image-preview:large, max-video-preview:-1\" \/>\n<link rel=\"canonical\" href=\"https:\/\/www.anovapeneira.gal\/index.php\/2024\/05\/31\/o-bng-leva-ao-parlamento-a-reconstrucion-do-campo-da-chan-da-barcia-con-materiais-naturais-en-substitucion-do-caucho-granulado\/\" \/>\n<meta property=\"og:locale\" content=\"gl_ES\" \/>\n<meta property=\"og:type\" content=\"article\" \/>\n<meta property=\"og:title\" content=\"O BNG leva ao parlamento a reconstruci\u00f3n do Campo da Chan da Barcia con materiais naturais en substituci\u00f3n do caucho granulado -\" \/>\n<meta property=\"og:description\" content=\"A iniciativa presentada por Lu\u00eds Bar\u00e1 prop\u00f3n que a Xunta \u201ccolabore co concello de Ponte Caldelas para levar a cabo a reconstruci\u00f3n do campo de f\u00fatbol da Chan da Barcia desbotando o uso de caucho granulado e utilizando recheos feitos con materiais naturais, como a cortiza ou a fibra de coco\u201d [...]\" \/>\n<meta property=\"og:url\" content=\"https:\/\/www.anovapeneira.gal\/index.php\/2024\/05\/31\/o-bng-leva-ao-parlamento-a-reconstrucion-do-campo-da-chan-da-barcia-con-materiais-naturais-en-substitucion-do-caucho-granulado\/\" \/>\n<meta property=\"article:publisher\" content=\"https:\/\/www.facebook.com\/anovapeneira\" \/>\n<meta property=\"article:published_time\" content=\"2024-05-31T08:00:53+00:00\" \/>\n<meta property=\"og:image\" content=\"https:\/\/www.anovapeneira.gal\/wp-content\/uploads\/2022\/09\/bng_logo_2.jpg\" \/>\n\t<meta property=\"og:image:width\" content=\"720\" \/>\n\t<meta property=\"og:image:height\" content=\"432\" \/>\n\t<meta property=\"og:image:type\" content=\"image\/jpeg\" \/>\n<meta name=\"author\" content=\"Redacci\u00f3n A Nova Peneira\" \/>\n<meta name=\"twitter:card\" content=\"summary_large_image\" \/>\n<meta name=\"twitter:creator\" content=\"@APeneira\" \/>\n<meta name=\"twitter:site\" content=\"@APeneira\" \/>\n<meta name=\"twitter:label1\" content=\"Escrito por\" \/>\n\t<meta name=\"twitter:data1\" content=\"Redacci\u00f3n A Nova Peneira\" \/>\n\t<meta name=\"twitter:label2\" content=\"Tempo de lectura\" \/>\n\t<meta name=\"twitter:data2\" content=\"3 minutos\" \/>\n<script type=\"application\/ld+json\" class=\"yoast-schema-graph\">{\"@context\":\"https:\\\/\\\/schema.org\",\"@graph\":[{\"@type\":\"Article\",\"@id\":\"https:\\\/\\\/www.anovapeneira.gal\\\/index.php\\\/2024\\\/05\\\/31\\\/o-bng-leva-ao-parlamento-a-reconstrucion-do-campo-da-chan-da-barcia-con-materiais-naturais-en-substitucion-do-caucho-granulado\\\/#article\",\"isPartOf\":{\"@id\":\"https:\\\/\\\/www.anovapeneira.gal\\\/index.php\\\/2024\\\/05\\\/31\\\/o-bng-leva-ao-parlamento-a-reconstrucion-do-campo-da-chan-da-barcia-con-materiais-naturais-en-substitucion-do-caucho-granulado\\\/\"},\"author\":{\"name\":\"Redacci\u00f3n A Nova Peneira\",\"@id\":\"https:\\\/\\\/www.anovapeneira.gal\\\/#\\\/schema\\\/person\\\/b93e3f8932e3f8da96334607eb6ac6aa\"},\"headline\":\"O BNG leva ao parlamento a reconstruci\u00f3n do Campo da Chan da Barcia con materiais naturais en substituci\u00f3n do caucho granulado\",\"datePublished\":\"2024-05-31T08:00:53+00:00\",\"mainEntityOfPage\":{\"@id\":\"https:\\\/\\\/www.anovapeneira.gal\\\/index.php\\\/2024\\\/05\\\/31\\\/o-bng-leva-ao-parlamento-a-reconstrucion-do-campo-da-chan-da-barcia-con-materiais-naturais-en-substitucion-do-caucho-granulado\\\/\"},\"wordCount\":595,\"commentCount\":0,\"publisher\":{\"@id\":\"https:\\\/\\\/www.anovapeneira.gal\\\/#organization\"},\"image\":{\"@id\":\"https:\\\/\\\/www.anovapeneira.gal\\\/index.php\\\/2024\\\/05\\\/31\\\/o-bng-leva-ao-parlamento-a-reconstrucion-do-campo-da-chan-da-barcia-con-materiais-naturais-en-substitucion-do-caucho-granulado\\\/#primaryimage\"},\"thumbnailUrl\":\"https:\\\/\\\/www.anovapeneira.gal\\\/wp-content\\\/uploads\\\/2022\\\/09\\\/bng_logo_2.jpg\",\"keywords\":[\"Concello de Ponte Caldelas\"],\"articleSection\":[\"Pontevedra\"],\"inLanguage\":\"gl-ES\",\"potentialAction\":[{\"@type\":\"CommentAction\",\"name\":\"Comment\",\"target\":[\"https:\\\/\\\/www.anovapeneira.gal\\\/index.php\\\/2024\\\/05\\\/31\\\/o-bng-leva-ao-parlamento-a-reconstrucion-do-campo-da-chan-da-barcia-con-materiais-naturais-en-substitucion-do-caucho-granulado\\\/#respond\"]}]},{\"@type\":\"WebPage\",\"@id\":\"https:\\\/\\\/www.anovapeneira.gal\\\/index.php\\\/2024\\\/05\\\/31\\\/o-bng-leva-ao-parlamento-a-reconstrucion-do-campo-da-chan-da-barcia-con-materiais-naturais-en-substitucion-do-caucho-granulado\\\/\",\"url\":\"https:\\\/\\\/www.anovapeneira.gal\\\/index.php\\\/2024\\\/05\\\/31\\\/o-bng-leva-ao-parlamento-a-reconstrucion-do-campo-da-chan-da-barcia-con-materiais-naturais-en-substitucion-do-caucho-granulado\\\/\",\"name\":\"O BNG leva ao parlamento a reconstruci\u00f3n do Campo da Chan da Barcia con materiais naturais en substituci\u00f3n do caucho granulado -\",\"isPartOf\":{\"@id\":\"https:\\\/\\\/www.anovapeneira.gal\\\/#website\"},\"primaryImageOfPage\":{\"@id\":\"https:\\\/\\\/www.anovapeneira.gal\\\/index.php\\\/2024\\\/05\\\/31\\\/o-bng-leva-ao-parlamento-a-reconstrucion-do-campo-da-chan-da-barcia-con-materiais-naturais-en-substitucion-do-caucho-granulado\\\/#primaryimage\"},\"image\":{\"@id\":\"https:\\\/\\\/www.anovapeneira.gal\\\/index.php\\\/2024\\\/05\\\/31\\\/o-bng-leva-ao-parlamento-a-reconstrucion-do-campo-da-chan-da-barcia-con-materiais-naturais-en-substitucion-do-caucho-granulado\\\/#primaryimage\"},\"thumbnailUrl\":\"https:\\\/\\\/www.anovapeneira.gal\\\/wp-content\\\/uploads\\\/2022\\\/09\\\/bng_logo_2.jpg\",\"datePublished\":\"2024-05-31T08:00:53+00:00\",\"breadcrumb\":{\"@id\":\"https:\\\/\\\/www.anovapeneira.gal\\\/index.php\\\/2024\\\/05\\\/31\\\/o-bng-leva-ao-parlamento-a-reconstrucion-do-campo-da-chan-da-barcia-con-materiais-naturais-en-substitucion-do-caucho-granulado\\\/#breadcrumb\"},\"inLanguage\":\"gl-ES\",\"potentialAction\":[{\"@type\":\"ReadAction\",\"target\":[\"https:\\\/\\\/www.anovapeneira.gal\\\/index.php\\\/2024\\\/05\\\/31\\\/o-bng-leva-ao-parlamento-a-reconstrucion-do-campo-da-chan-da-barcia-con-materiais-naturais-en-substitucion-do-caucho-granulado\\\/\"]}]},{\"@type\":\"ImageObject\",\"inLanguage\":\"gl-ES\",\"@id\":\"https:\\\/\\\/www.anovapeneira.gal\\\/index.php\\\/2024\\\/05\\\/31\\\/o-bng-leva-ao-parlamento-a-reconstrucion-do-campo-da-chan-da-barcia-con-materiais-naturais-en-substitucion-do-caucho-granulado\\\/#primaryimage\",\"url\":\"https:\\\/\\\/www.anovapeneira.gal\\\/wp-content\\\/uploads\\\/2022\\\/09\\\/bng_logo_2.jpg\",\"contentUrl\":\"https:\\\/\\\/www.anovapeneira.gal\\\/wp-content\\\/uploads\\\/2022\\\/09\\\/bng_logo_2.jpg\",\"width\":720,\"height\":432,\"caption\":\"Logotipo BNG\"},{\"@type\":\"BreadcrumbList\",\"@id\":\"https:\\\/\\\/www.anovapeneira.gal\\\/index.php\\\/2024\\\/05\\\/31\\\/o-bng-leva-ao-parlamento-a-reconstrucion-do-campo-da-chan-da-barcia-con-materiais-naturais-en-substitucion-do-caucho-granulado\\\/#breadcrumb\",\"itemListElement\":[{\"@type\":\"ListItem\",\"position\":1,\"name\":\"Portada\",\"item\":\"https:\\\/\\\/www.anovapeneira.gal\\\/\"},{\"@type\":\"ListItem\",\"position\":2,\"name\":\"O BNG leva ao parlamento a reconstruci\u00f3n do Campo da Chan da Barcia con materiais naturais en substituci\u00f3n do caucho granulado\"}]},{\"@type\":\"WebSite\",\"@id\":\"https:\\\/\\\/www.anovapeneira.gal\\\/#website\",\"url\":\"https:\\\/\\\/www.anovapeneira.gal\\\/\",\"name\":\"\",\"description\":\"Xornal galego de informaci\u00f3n xeral Publicaci\u00f3n mensual de novas de Galicia e en especial dos Concellos da sur da provincia de Pontevedra.\",\"publisher\":{\"@id\":\"https:\\\/\\\/www.anovapeneira.gal\\\/#organization\"},\"potentialAction\":[{\"@type\":\"SearchAction\",\"target\":{\"@type\":\"EntryPoint\",\"urlTemplate\":\"https:\\\/\\\/www.anovapeneira.gal\\\/?s={search_term_string}\"},\"query-input\":{\"@type\":\"PropertyValueSpecification\",\"valueRequired\":true,\"valueName\":\"search_term_string\"}}],\"inLanguage\":\"gl-ES\"},{\"@type\":\"Organization\",\"@id\":\"https:\\\/\\\/www.anovapeneira.gal\\\/#organization\",\"name\":\"A Nova Peneira\",\"url\":\"https:\\\/\\\/www.anovapeneira.gal\\\/\",\"logo\":{\"@type\":\"ImageObject\",\"inLanguage\":\"gl-ES\",\"@id\":\"https:\\\/\\\/www.anovapeneira.gal\\\/#\\\/schema\\\/logo\\\/image\\\/\",\"url\":\"http:\\\/\\\/www.anovapeneira.gal\\\/wp-content\\\/uploads\\\/2019\\\/06\\\/logo_a_nova_peneira_portal_web.png\",\"contentUrl\":\"http:\\\/\\\/www.anovapeneira.gal\\\/wp-content\\\/uploads\\\/2019\\\/06\\\/logo_a_nova_peneira_portal_web.png\",\"width\":300,\"height\":100,\"caption\":\"A Nova Peneira\"},\"image\":{\"@id\":\"https:\\\/\\\/www.anovapeneira.gal\\\/#\\\/schema\\\/logo\\\/image\\\/\"},\"sameAs\":[\"https:\\\/\\\/www.facebook.com\\\/anovapeneira\",\"https:\\\/\\\/x.com\\\/APeneira\"]},{\"@type\":\"Person\",\"@id\":\"https:\\\/\\\/www.anovapeneira.gal\\\/#\\\/schema\\\/person\\\/b93e3f8932e3f8da96334607eb6ac6aa\",\"name\":\"Redacci\u00f3n A Nova Peneira\",\"image\":{\"@type\":\"ImageObject\",\"inLanguage\":\"gl-ES\",\"@id\":\"https:\\\/\\\/secure.gravatar.com\\\/avatar\\\/c052a2551a06e23fac63626232eaa90abd78dbcf1700fc46a2b2c89fd27b735f?s=96&d=mm&r=g\",\"url\":\"https:\\\/\\\/secure.gravatar.com\\\/avatar\\\/c052a2551a06e23fac63626232eaa90abd78dbcf1700fc46a2b2c89fd27b735f?s=96&d=mm&r=g\",\"contentUrl\":\"https:\\\/\\\/secure.gravatar.com\\\/avatar\\\/c052a2551a06e23fac63626232eaa90abd78dbcf1700fc46a2b2c89fd27b735f?s=96&d=mm&r=g\",\"caption\":\"Redacci\u00f3n A Nova Peneira\"},\"sameAs\":[\"http:\\\/\\\/www.anovapeneira.gal\\\/\"],\"url\":\"https:\\\/\\\/www.anovapeneira.gal\\\/index.php\\\/author\\\/redactor\\\/\"}]}<\/script>\n<!-- \/ Yoast SEO plugin. -->","yoast_head_json":{"title":"O BNG leva ao parlamento a reconstruci\u00f3n do Campo da Chan da Barcia con materiais naturais en substituci\u00f3n do caucho granulado -","robots":{"index":"index","follow":"follow","max-snippet":"max-snippet:-1","max-image-preview":"max-image-preview:large","max-video-preview":"max-video-preview:-1"},"canonical":"https:\/\/www.anovapeneira.gal\/index.php\/2024\/05\/31\/o-bng-leva-ao-parlamento-a-reconstrucion-do-campo-da-chan-da-barcia-con-materiais-naturais-en-substitucion-do-caucho-granulado\/","og_locale":"gl_ES","og_type":"article","og_title":"O BNG leva ao parlamento a reconstruci\u00f3n do Campo da Chan da Barcia con materiais naturais en substituci\u00f3n do caucho granulado -","og_description":"A iniciativa presentada por Lu\u00eds Bar\u00e1 prop\u00f3n que a Xunta \u201ccolabore co concello de Ponte Caldelas para levar a cabo a reconstruci\u00f3n do campo de f\u00fatbol da Chan da Barcia desbotando o uso de caucho granulado e utilizando recheos feitos con materiais naturais, como a cortiza ou a fibra de coco\u201d [...]","og_url":"https:\/\/www.anovapeneira.gal\/index.php\/2024\/05\/31\/o-bng-leva-ao-parlamento-a-reconstrucion-do-campo-da-chan-da-barcia-con-materiais-naturais-en-substitucion-do-caucho-granulado\/","article_publisher":"https:\/\/www.facebook.com\/anovapeneira","article_published_time":"2024-05-31T08:00:53+00:00","og_image":[{"width":720,"height":432,"url":"https:\/\/www.anovapeneira.gal\/wp-content\/uploads\/2022\/09\/bng_logo_2.jpg","type":"image\/jpeg"}],"author":"Redacci\u00f3n A Nova Peneira","twitter_card":"summary_large_image","twitter_creator":"@APeneira","twitter_site":"@APeneira","twitter_misc":{"Escrito por":"Redacci\u00f3n A Nova Peneira","Tempo de lectura":"3 minutos"},"schema":{"@context":"https:\/\/schema.org","@graph":[{"@type":"Article","@id":"https:\/\/www.anovapeneira.gal\/index.php\/2024\/05\/31\/o-bng-leva-ao-parlamento-a-reconstrucion-do-campo-da-chan-da-barcia-con-materiais-naturais-en-substitucion-do-caucho-granulado\/#article","isPartOf":{"@id":"https:\/\/www.anovapeneira.gal\/index.php\/2024\/05\/31\/o-bng-leva-ao-parlamento-a-reconstrucion-do-campo-da-chan-da-barcia-con-materiais-naturais-en-substitucion-do-caucho-granulado\/"},"author":{"name":"Redacci\u00f3n A Nova Peneira","@id":"https:\/\/www.anovapeneira.gal\/#\/schema\/person\/b93e3f8932e3f8da96334607eb6ac6aa"},"headline":"O BNG leva ao parlamento a reconstruci\u00f3n do Campo da Chan da Barcia con materiais naturais en substituci\u00f3n do caucho granulado","datePublished":"2024-05-31T08:00:53+00:00","mainEntityOfPage":{"@id":"https:\/\/www.anovapeneira.gal\/index.php\/2024\/05\/31\/o-bng-leva-ao-parlamento-a-reconstrucion-do-campo-da-chan-da-barcia-con-materiais-naturais-en-substitucion-do-caucho-granulado\/"},"wordCount":595,"commentCount":0,"publisher":{"@id":"https:\/\/www.anovapeneira.gal\/#organization"},"image":{"@id":"https:\/\/www.anovapeneira.gal\/index.php\/2024\/05\/31\/o-bng-leva-ao-parlamento-a-reconstrucion-do-campo-da-chan-da-barcia-con-materiais-naturais-en-substitucion-do-caucho-granulado\/#primaryimage"},"thumbnailUrl":"https:\/\/www.anovapeneira.gal\/wp-content\/uploads\/2022\/09\/bng_logo_2.jpg","keywords":["Concello de Ponte Caldelas"],"articleSection":["Pontevedra"],"inLanguage":"gl-ES","potentialAction":[{"@type":"CommentAction","name":"Comment","target":["https:\/\/www.anovapeneira.gal\/index.php\/2024\/05\/31\/o-bng-leva-ao-parlamento-a-reconstrucion-do-campo-da-chan-da-barcia-con-materiais-naturais-en-substitucion-do-caucho-granulado\/#respond"]}]},{"@type":"WebPage","@id":"https:\/\/www.anovapeneira.gal\/index.php\/2024\/05\/31\/o-bng-leva-ao-parlamento-a-reconstrucion-do-campo-da-chan-da-barcia-con-materiais-naturais-en-substitucion-do-caucho-granulado\/","url":"https:\/\/www.anovapeneira.gal\/index.php\/2024\/05\/31\/o-bng-leva-ao-parlamento-a-reconstrucion-do-campo-da-chan-da-barcia-con-materiais-naturais-en-substitucion-do-caucho-granulado\/","name":"O BNG leva ao parlamento a reconstruci\u00f3n do Campo da Chan da Barcia con materiais naturais en substituci\u00f3n do caucho granulado -","isPartOf":{"@id":"https:\/\/www.anovapeneira.gal\/#website"},"primaryImageOfPage":{"@id":"https:\/\/www.anovapeneira.gal\/index.php\/2024\/05\/31\/o-bng-leva-ao-parlamento-a-reconstrucion-do-campo-da-chan-da-barcia-con-materiais-naturais-en-substitucion-do-caucho-granulado\/#primaryimage"},"image":{"@id":"https:\/\/www.anovapeneira.gal\/index.php\/2024\/05\/31\/o-bng-leva-ao-parlamento-a-reconstrucion-do-campo-da-chan-da-barcia-con-materiais-naturais-en-substitucion-do-caucho-granulado\/#primaryimage"},"thumbnailUrl":"https:\/\/www.anovapeneira.gal\/wp-content\/uploads\/2022\/09\/bng_logo_2.jpg","datePublished":"2024-05-31T08:00:53+00:00","breadcrumb":{"@id":"https:\/\/www.anovapeneira.gal\/index.php\/2024\/05\/31\/o-bng-leva-ao-parlamento-a-reconstrucion-do-campo-da-chan-da-barcia-con-materiais-naturais-en-substitucion-do-caucho-granulado\/#breadcrumb"},"inLanguage":"gl-ES","potentialAction":[{"@type":"ReadAction","target":["https:\/\/www.anovapeneira.gal\/index.php\/2024\/05\/31\/o-bng-leva-ao-parlamento-a-reconstrucion-do-campo-da-chan-da-barcia-con-materiais-naturais-en-substitucion-do-caucho-granulado\/"]}]},{"@type":"ImageObject","inLanguage":"gl-ES","@id":"https:\/\/www.anovapeneira.gal\/index.php\/2024\/05\/31\/o-bng-leva-ao-parlamento-a-reconstrucion-do-campo-da-chan-da-barcia-con-materiais-naturais-en-substitucion-do-caucho-granulado\/#primaryimage","url":"https:\/\/www.anovapeneira.gal\/wp-content\/uploads\/2022\/09\/bng_logo_2.jpg","contentUrl":"https:\/\/www.anovapeneira.gal\/wp-content\/uploads\/2022\/09\/bng_logo_2.jpg","width":720,"height":432,"caption":"Logotipo BNG"},{"@type":"BreadcrumbList","@id":"https:\/\/www.anovapeneira.gal\/index.php\/2024\/05\/31\/o-bng-leva-ao-parlamento-a-reconstrucion-do-campo-da-chan-da-barcia-con-materiais-naturais-en-substitucion-do-caucho-granulado\/#breadcrumb","itemListElement":[{"@type":"ListItem","position":1,"name":"Portada","item":"https:\/\/www.anovapeneira.gal\/"},{"@type":"ListItem","position":2,"name":"O BNG leva ao parlamento a reconstruci\u00f3n do Campo da Chan da Barcia con materiais naturais en substituci\u00f3n do caucho granulado"}]},{"@type":"WebSite","@id":"https:\/\/www.anovapeneira.gal\/#website","url":"https:\/\/www.anovapeneira.gal\/","name":"","description":"Xornal galego de informaci\u00f3n xeral Publicaci\u00f3n mensual de novas de Galicia e en especial dos Concellos da sur da provincia de Pontevedra.","publisher":{"@id":"https:\/\/www.anovapeneira.gal\/#organization"},"potentialAction":[{"@type":"SearchAction","target":{"@type":"EntryPoint","urlTemplate":"https:\/\/www.anovapeneira.gal\/?s={search_term_string}"},"query-input":{"@type":"PropertyValueSpecification","valueRequired":true,"valueName":"search_term_string"}}],"inLanguage":"gl-ES"},{"@type":"Organization","@id":"https:\/\/www.anovapeneira.gal\/#organization","name":"A Nova Peneira","url":"https:\/\/www.anovapeneira.gal\/","logo":{"@type":"ImageObject","inLanguage":"gl-ES","@id":"https:\/\/www.anovapeneira.gal\/#\/schema\/logo\/image\/","url":"http:\/\/www.anovapeneira.gal\/wp-content\/uploads\/2019\/06\/logo_a_nova_peneira_portal_web.png","contentUrl":"http:\/\/www.anovapeneira.gal\/wp-content\/uploads\/2019\/06\/logo_a_nova_peneira_portal_web.png","width":300,"height":100,"caption":"A Nova Peneira"},"image":{"@id":"https:\/\/www.anovapeneira.gal\/#\/schema\/logo\/image\/"},"sameAs":["https:\/\/www.facebook.com\/anovapeneira","https:\/\/x.com\/APeneira"]},{"@type":"Person","@id":"https:\/\/www.anovapeneira.gal\/#\/schema\/person\/b93e3f8932e3f8da96334607eb6ac6aa","name":"Redacci\u00f3n A Nova Peneira","image":{"@type":"ImageObject","inLanguage":"gl-ES","@id":"https:\/\/secure.gravatar.com\/avatar\/c052a2551a06e23fac63626232eaa90abd78dbcf1700fc46a2b2c89fd27b735f?s=96&d=mm&r=g","url":"https:\/\/secure.gravatar.com\/avatar\/c052a2551a06e23fac63626232eaa90abd78dbcf1700fc46a2b2c89fd27b735f?s=96&d=mm&r=g","contentUrl":"https:\/\/secure.gravatar.com\/avatar\/c052a2551a06e23fac63626232eaa90abd78dbcf1700fc46a2b2c89fd27b735f?s=96&d=mm&r=g","caption":"Redacci\u00f3n A Nova Peneira"},"sameAs":["http:\/\/www.anovapeneira.gal\/"],"url":"https:\/\/www.anovapeneira.gal\/index.php\/author\/redactor\/"}]}},"jetpack_featured_media_url":"https:\/\/www.anovapeneira.gal\/wp-content\/uploads\/2022\/09\/bng_logo_2.jpg","_links":{"self":[{"href":"https:\/\/www.anovapeneira.gal\/index.php\/wp-json\/wp\/v2\/posts\/11809","targetHints":{"allow":["GET"]}}],"collection":[{"href":"https:\/\/www.anovapeneira.gal\/index.php\/wp-json\/wp\/v2\/posts"}],"about":[{"href":"https:\/\/www.anovapeneira.gal\/index.php\/wp-json\/wp\/v2\/types\/post"}],"author":[{"embeddable":true,"href":"https:\/\/www.anovapeneira.gal\/index.php\/wp-json\/wp\/v2\/users\/3"}],"replies":[{"embeddable":true,"href":"https:\/\/www.anovapeneira.gal\/index.php\/wp-json\/wp\/v2\/comments?post=11809"}],"version-history":[{"count":1,"href":"https:\/\/www.anovapeneira.gal\/index.php\/wp-json\/wp\/v2\/posts\/11809\/revisions"}],"predecessor-version":[{"id":11810,"href":"https:\/\/www.anovapeneira.gal\/index.php\/wp-json\/wp\/v2\/posts\/11809\/revisions\/11810"}],"wp:featuredmedia":[{"embeddable":true,"href":"https:\/\/www.anovapeneira.gal\/index.php\/wp-json\/wp\/v2\/media\/8265"}],"wp:attachment":[{"href":"https:\/\/www.anovapeneira.gal\/index.php\/wp-json\/wp\/v2\/media?parent=11809"}],"wp:term":[{"taxonomy":"category","embeddable":true,"href":"https:\/\/www.anovapeneira.gal\/index.php\/wp-json\/wp\/v2\/categories?post=11809"},{"taxonomy":"post_tag","embeddable":true,"href":"https:\/\/www.anovapeneira.gal\/index.php\/wp-json\/wp\/v2\/tags?post=11809"}],"curies":[{"name":"wp","href":"https:\/\/api.w.org\/{rel}","templated":true}]}}