{"id":11820,"date":"2024-06-03T10:00:54","date_gmt":"2024-06-03T08:00:54","guid":{"rendered":"https:\/\/www.anovapeneira.gal\/?p=11820"},"modified":"2024-06-03T12:48:49","modified_gmt":"2024-06-03T10:48:49","slug":"redondela-proxecta-o-novo-paseo-do-litoral-de-cesantes","status":"publish","type":"post","link":"https:\/\/www.anovapeneira.gal\/index.php\/2024\/06\/03\/redondela-proxecta-o-novo-paseo-do-litoral-de-cesantes\/","title":{"rendered":"Redondela proxecta o novo paseo do litoral de Cesantes"},"content":{"rendered":"\n<p><em>O Concello de Redondela acaba de contratar o proxecto de execuci\u00f3n no novo paseo do litoral de Cesantes, desde o porto ata o \u00e1 praia, que supor\u00e1 un novo espazo de case 4.000 metros cadrados.<\/em><\/p>\n\n\n\n<p><em>-A alcaldesa, Digna Rivas, lembra que a creaci\u00f3n deste paseo era un das s\u00faas apostas persoais para este mandato, e que permitir\u00e1 \u00e1 veci\u00f1anza desprazarse cami\u00f1ando ou en bicicleta desde o centro da vila at\u00e9 a praia\u201d.<\/em><\/p>\n\n\n\n<p><em>&#8211; Con este proxecto Redondela ga\u00f1ar\u00e1 un novo espazo para a cidadan\u00eda \u201cao tempo que nos permitir\u00e1 protexer a paisaxe, conservar e mellorar un \u00e1rea natural de gran valor ecol\u00f3xico\u201d, engade a alcaldesa<\/em><\/p>\n\n\n\n<p>Redondela, 25 de maio de 2024. O Concello de Redondela acaba de contratar a redacci\u00f3n do Proxecto B\u00e1sico e de Execuci\u00f3n dun novo paseo no litoral de cesantes. O \u00e1mbito de actuaci\u00f3n est\u00e9ndese desde o porto de Cesantes at\u00e9 o acceso \u00e1 praia polo Cami\u00f1o da Mari\u00f1a. A superficie na que se vai intervir sup\u00f3n un espazo de 3.900 m2 aproximadamente. Tr\u00e1tase dun proxecto no que se reflectir\u00e1 o dese\u00f1o do paseo e as soluci\u00f3ns construtivas. O prazo de execuci\u00f3n \u00e9 de tres meses, polo que estar\u00e1 rematado este ver\u00e1n.<\/p>\n\n\n\n<p>A alcaldesa, Digna Rivas, sinala que a creaci\u00f3n dun paseo polo litoral de Cesantes era un das s\u00faas apostas persoais para este mandato \u201ce agora damos xa o primeiro paso para facelo unha realidade\u201d. Tr\u00e1tase dun importante proxecto \u201cque vai transformar o espazo litoral da parroquia de Cesantes, que levaba anos esquecido\u201d, afirma Rivas. Este novo paseo mar\u00edtimo partir\u00e1 desde a lonxa de Cesantes at\u00e9 a praia da Punta \u201ce permitir\u00e1 \u00e1 veci\u00f1anza e aos nosos visitantes desprazarse cami\u00f1ando ou en bicicleta desde o centro da vila at\u00e9 a praia\u201d. O obxectivo desde proxecto \u201c\u00e9 ga\u00f1ar un novo espazo para a cidadan\u00eda, con zonas de lecer e esparexemento cunha mobilidade m\u00e1is amable, dando prioridade aos pe\u00f3ns\u201d. Neste caso de Cesantes ademais, ponse en valor un espazo natural de gran valor ecol\u00f3xico, dentro da Rede Natura 2000, e o novo paseo \u201cpermitir\u00e1 conservar e mellorar o patrimonio natural e cultural, e protexer a paisaxe\u201d, engade a alcaldesa.<\/p>\n\n\n\n<p>A praia de Cesantes, o seu paseo mar\u00edtimo e os espazos agroforestais da zona act\u00faan xa como \u00e1reas verdes e dotan de zonas de lecer \u00e1 cidadan\u00eda. O areal e a s\u00faa contorna fomentan o ocio ao aire libre e contan cunha zona de arboredo e equipamento de bancos e mesas que supo\u00f1en un refuxio clim\u00e1tico para a cidadan\u00eda. O novo paseo permitir\u00e1 ampliar os espazos de lecer ao aire libre, ao tempo que preparar\u00e1 este tramo do litoral ante futuros episodios de subidas do nivel do mar.<\/p>\n\n\n\n<figure class=\"wp-block-audio\"><audio controls src=\"https:\/\/www.anovapeneira.gal\/wp-content\/uploads\/2024\/05\/Digna-Rivas-Paseo-Litoral.mp3\"><\/audio><\/figure>\n","protected":false},"excerpt":{"rendered":"<div class=\"mh-excerpt\"><p>O Concello de Redondela acaba de contratar o proxecto de execuci\u00f3n no novo paseo do litoral de Cesantes, desde o porto ata o \u00e1 praia, que supor\u00e1 un novo espazo de case 4.000 metros cadrados. <a class=\"mh-excerpt-more\" href=\"https:\/\/www.anovapeneira.gal\/index.php\/2024\/06\/03\/redondela-proxecta-o-novo-paseo-do-litoral-de-cesantes\/\" title=\"Redondela proxecta o novo paseo do litoral de Cesantes\">[&#8230;]<\/a><\/p>\n<\/div>","protected":false},"author":3,"featured_media":11821,"comment_status":"open","ping_status":"open","sticky":false,"template":"","format":"standard","meta":{"_exactmetrics_skip_tracking":false,"_exactmetrics_sitenote_active":false,"_exactmetrics_sitenote_note":"","_exactmetrics_sitenote_category":0,"footnotes":""},"categories":[24],"tags":[171],"class_list":{"0":"post-11820","1":"post","2":"type-post","3":"status-publish","4":"format-standard","5":"has-post-thumbnail","7":"category-redondela","8":"tag-concello-de-redondela"},"yoast_head":"<!-- This site is optimized with the Yoast SEO plugin v27.4 - https:\/\/yoast.com\/product\/yoast-seo-wordpress\/ -->\n<title>Redondela proxecta o novo paseo do litoral de Cesantes -<\/title>\n<meta name=\"description\" content=\"O Concello de Redondela acaba de contratar o proxecto de execuci\u00f3n no novo paseo do litoral de Cesantes, desde o porto ata o \u00e1 praia, que supor\u00e1 un novo espazo de case 4.000 metros cadrados.\" \/>\n<meta name=\"robots\" content=\"index, follow, max-snippet:-1, max-image-preview:large, max-video-preview:-1\" \/>\n<link rel=\"canonical\" href=\"https:\/\/www.anovapeneira.gal\/index.php\/2024\/06\/03\/redondela-proxecta-o-novo-paseo-do-litoral-de-cesantes\/\" \/>\n<meta property=\"og:locale\" content=\"gl_ES\" \/>\n<meta property=\"og:type\" content=\"article\" \/>\n<meta property=\"og:title\" content=\"Redondela proxecta o novo paseo do litoral de Cesantes -\" \/>\n<meta property=\"og:description\" content=\"O Concello de Redondela acaba de contratar o proxecto de execuci\u00f3n no novo paseo do litoral de Cesantes, desde o porto ata o \u00e1 praia, que supor\u00e1 un novo espazo de case 4.000 metros cadrados.\" \/>\n<meta property=\"og:url\" content=\"https:\/\/www.anovapeneira.gal\/index.php\/2024\/06\/03\/redondela-proxecta-o-novo-paseo-do-litoral-de-cesantes\/\" \/>\n<meta property=\"article:publisher\" content=\"https:\/\/www.facebook.com\/anovapeneira\" \/>\n<meta property=\"article:published_time\" content=\"2024-06-03T08:00:54+00:00\" \/>\n<meta property=\"article:modified_time\" content=\"2024-06-03T10:48:49+00:00\" \/>\n<meta property=\"og:image\" content=\"https:\/\/www.anovapeneira.gal\/wp-content\/uploads\/2024\/05\/cesantes.jpg\" \/>\n\t<meta property=\"og:image:width\" content=\"720\" \/>\n\t<meta property=\"og:image:height\" content=\"432\" \/>\n\t<meta property=\"og:image:type\" content=\"image\/jpeg\" \/>\n<meta name=\"author\" content=\"Redacci\u00f3n A Nova Peneira\" \/>\n<meta name=\"twitter:card\" content=\"summary_large_image\" \/>\n<meta name=\"twitter:creator\" content=\"@APeneira\" \/>\n<meta name=\"twitter:site\" content=\"@APeneira\" \/>\n<meta name=\"twitter:label1\" content=\"Escrito por\" \/>\n\t<meta name=\"twitter:data1\" content=\"Redacci\u00f3n A Nova Peneira\" \/>\n\t<meta name=\"twitter:label2\" content=\"Tempo de lectura\" \/>\n\t<meta name=\"twitter:data2\" content=\"3 minutos\" \/>\n<script type=\"application\/ld+json\" class=\"yoast-schema-graph\">{\"@context\":\"https:\\\/\\\/schema.org\",\"@graph\":[{\"@type\":\"Article\",\"@id\":\"https:\\\/\\\/www.anovapeneira.gal\\\/index.php\\\/2024\\\/06\\\/03\\\/redondela-proxecta-o-novo-paseo-do-litoral-de-cesantes\\\/#article\",\"isPartOf\":{\"@id\":\"https:\\\/\\\/www.anovapeneira.gal\\\/index.php\\\/2024\\\/06\\\/03\\\/redondela-proxecta-o-novo-paseo-do-litoral-de-cesantes\\\/\"},\"author\":{\"name\":\"Redacci\u00f3n A Nova Peneira\",\"@id\":\"https:\\\/\\\/www.anovapeneira.gal\\\/#\\\/schema\\\/person\\\/b93e3f8932e3f8da96334607eb6ac6aa\"},\"headline\":\"Redondela proxecta o novo paseo do litoral de Cesantes\",\"datePublished\":\"2024-06-03T08:00:54+00:00\",\"dateModified\":\"2024-06-03T10:48:49+00:00\",\"mainEntityOfPage\":{\"@id\":\"https:\\\/\\\/www.anovapeneira.gal\\\/index.php\\\/2024\\\/06\\\/03\\\/redondela-proxecta-o-novo-paseo-do-litoral-de-cesantes\\\/\"},\"wordCount\":475,\"commentCount\":0,\"publisher\":{\"@id\":\"https:\\\/\\\/www.anovapeneira.gal\\\/#organization\"},\"image\":{\"@id\":\"https:\\\/\\\/www.anovapeneira.gal\\\/index.php\\\/2024\\\/06\\\/03\\\/redondela-proxecta-o-novo-paseo-do-litoral-de-cesantes\\\/#primaryimage\"},\"thumbnailUrl\":\"https:\\\/\\\/www.anovapeneira.gal\\\/wp-content\\\/uploads\\\/2024\\\/05\\\/cesantes.jpg\",\"keywords\":[\"Concello de Redondela\"],\"articleSection\":[\"Redondela\"],\"inLanguage\":\"gl-ES\",\"potentialAction\":[{\"@type\":\"CommentAction\",\"name\":\"Comment\",\"target\":[\"https:\\\/\\\/www.anovapeneira.gal\\\/index.php\\\/2024\\\/06\\\/03\\\/redondela-proxecta-o-novo-paseo-do-litoral-de-cesantes\\\/#respond\"]}]},{\"@type\":\"WebPage\",\"@id\":\"https:\\\/\\\/www.anovapeneira.gal\\\/index.php\\\/2024\\\/06\\\/03\\\/redondela-proxecta-o-novo-paseo-do-litoral-de-cesantes\\\/\",\"url\":\"https:\\\/\\\/www.anovapeneira.gal\\\/index.php\\\/2024\\\/06\\\/03\\\/redondela-proxecta-o-novo-paseo-do-litoral-de-cesantes\\\/\",\"name\":\"Redondela proxecta o novo paseo do litoral de Cesantes -\",\"isPartOf\":{\"@id\":\"https:\\\/\\\/www.anovapeneira.gal\\\/#website\"},\"primaryImageOfPage\":{\"@id\":\"https:\\\/\\\/www.anovapeneira.gal\\\/index.php\\\/2024\\\/06\\\/03\\\/redondela-proxecta-o-novo-paseo-do-litoral-de-cesantes\\\/#primaryimage\"},\"image\":{\"@id\":\"https:\\\/\\\/www.anovapeneira.gal\\\/index.php\\\/2024\\\/06\\\/03\\\/redondela-proxecta-o-novo-paseo-do-litoral-de-cesantes\\\/#primaryimage\"},\"thumbnailUrl\":\"https:\\\/\\\/www.anovapeneira.gal\\\/wp-content\\\/uploads\\\/2024\\\/05\\\/cesantes.jpg\",\"datePublished\":\"2024-06-03T08:00:54+00:00\",\"dateModified\":\"2024-06-03T10:48:49+00:00\",\"description\":\"O Concello de Redondela acaba de contratar o proxecto de execuci\u00f3n no novo paseo do litoral de Cesantes, desde o porto ata o \u00e1 praia, que supor\u00e1 un novo espazo de case 4.000 metros cadrados.\",\"breadcrumb\":{\"@id\":\"https:\\\/\\\/www.anovapeneira.gal\\\/index.php\\\/2024\\\/06\\\/03\\\/redondela-proxecta-o-novo-paseo-do-litoral-de-cesantes\\\/#breadcrumb\"},\"inLanguage\":\"gl-ES\",\"potentialAction\":[{\"@type\":\"ReadAction\",\"target\":[\"https:\\\/\\\/www.anovapeneira.gal\\\/index.php\\\/2024\\\/06\\\/03\\\/redondela-proxecta-o-novo-paseo-do-litoral-de-cesantes\\\/\"]}]},{\"@type\":\"ImageObject\",\"inLanguage\":\"gl-ES\",\"@id\":\"https:\\\/\\\/www.anovapeneira.gal\\\/index.php\\\/2024\\\/06\\\/03\\\/redondela-proxecta-o-novo-paseo-do-litoral-de-cesantes\\\/#primaryimage\",\"url\":\"https:\\\/\\\/www.anovapeneira.gal\\\/wp-content\\\/uploads\\\/2024\\\/05\\\/cesantes.jpg\",\"contentUrl\":\"https:\\\/\\\/www.anovapeneira.gal\\\/wp-content\\\/uploads\\\/2024\\\/05\\\/cesantes.jpg\",\"width\":720,\"height\":432,\"caption\":\"Cesantes\"},{\"@type\":\"BreadcrumbList\",\"@id\":\"https:\\\/\\\/www.anovapeneira.gal\\\/index.php\\\/2024\\\/06\\\/03\\\/redondela-proxecta-o-novo-paseo-do-litoral-de-cesantes\\\/#breadcrumb\",\"itemListElement\":[{\"@type\":\"ListItem\",\"position\":1,\"name\":\"Portada\",\"item\":\"https:\\\/\\\/www.anovapeneira.gal\\\/\"},{\"@type\":\"ListItem\",\"position\":2,\"name\":\"Redondela proxecta o novo paseo do litoral de Cesantes\"}]},{\"@type\":\"WebSite\",\"@id\":\"https:\\\/\\\/www.anovapeneira.gal\\\/#website\",\"url\":\"https:\\\/\\\/www.anovapeneira.gal\\\/\",\"name\":\"\",\"description\":\"Xornal galego de informaci\u00f3n xeral Publicaci\u00f3n mensual de novas de Galicia e en especial dos Concellos da sur da provincia de Pontevedra.\",\"publisher\":{\"@id\":\"https:\\\/\\\/www.anovapeneira.gal\\\/#organization\"},\"potentialAction\":[{\"@type\":\"SearchAction\",\"target\":{\"@type\":\"EntryPoint\",\"urlTemplate\":\"https:\\\/\\\/www.anovapeneira.gal\\\/?s={search_term_string}\"},\"query-input\":{\"@type\":\"PropertyValueSpecification\",\"valueRequired\":true,\"valueName\":\"search_term_string\"}}],\"inLanguage\":\"gl-ES\"},{\"@type\":\"Organization\",\"@id\":\"https:\\\/\\\/www.anovapeneira.gal\\\/#organization\",\"name\":\"A Nova Peneira\",\"url\":\"https:\\\/\\\/www.anovapeneira.gal\\\/\",\"logo\":{\"@type\":\"ImageObject\",\"inLanguage\":\"gl-ES\",\"@id\":\"https:\\\/\\\/www.anovapeneira.gal\\\/#\\\/schema\\\/logo\\\/image\\\/\",\"url\":\"http:\\\/\\\/www.anovapeneira.gal\\\/wp-content\\\/uploads\\\/2019\\\/06\\\/logo_a_nova_peneira_portal_web.png\",\"contentUrl\":\"http:\\\/\\\/www.anovapeneira.gal\\\/wp-content\\\/uploads\\\/2019\\\/06\\\/logo_a_nova_peneira_portal_web.png\",\"width\":300,\"height\":100,\"caption\":\"A Nova Peneira\"},\"image\":{\"@id\":\"https:\\\/\\\/www.anovapeneira.gal\\\/#\\\/schema\\\/logo\\\/image\\\/\"},\"sameAs\":[\"https:\\\/\\\/www.facebook.com\\\/anovapeneira\",\"https:\\\/\\\/x.com\\\/APeneira\"]},{\"@type\":\"Person\",\"@id\":\"https:\\\/\\\/www.anovapeneira.gal\\\/#\\\/schema\\\/person\\\/b93e3f8932e3f8da96334607eb6ac6aa\",\"name\":\"Redacci\u00f3n A Nova Peneira\",\"image\":{\"@type\":\"ImageObject\",\"inLanguage\":\"gl-ES\",\"@id\":\"https:\\\/\\\/secure.gravatar.com\\\/avatar\\\/c052a2551a06e23fac63626232eaa90abd78dbcf1700fc46a2b2c89fd27b735f?s=96&d=mm&r=g\",\"url\":\"https:\\\/\\\/secure.gravatar.com\\\/avatar\\\/c052a2551a06e23fac63626232eaa90abd78dbcf1700fc46a2b2c89fd27b735f?s=96&d=mm&r=g\",\"contentUrl\":\"https:\\\/\\\/secure.gravatar.com\\\/avatar\\\/c052a2551a06e23fac63626232eaa90abd78dbcf1700fc46a2b2c89fd27b735f?s=96&d=mm&r=g\",\"caption\":\"Redacci\u00f3n A Nova Peneira\"},\"sameAs\":[\"http:\\\/\\\/www.anovapeneira.gal\\\/\"],\"url\":\"https:\\\/\\\/www.anovapeneira.gal\\\/index.php\\\/author\\\/redactor\\\/\"}]}<\/script>\n<!-- \/ Yoast SEO plugin. -->","yoast_head_json":{"title":"Redondela proxecta o novo paseo do litoral de Cesantes -","description":"O Concello de Redondela acaba de contratar o proxecto de execuci\u00f3n no novo paseo do litoral de Cesantes, desde o porto ata o \u00e1 praia, que supor\u00e1 un novo espazo de case 4.000 metros cadrados.","robots":{"index":"index","follow":"follow","max-snippet":"max-snippet:-1","max-image-preview":"max-image-preview:large","max-video-preview":"max-video-preview:-1"},"canonical":"https:\/\/www.anovapeneira.gal\/index.php\/2024\/06\/03\/redondela-proxecta-o-novo-paseo-do-litoral-de-cesantes\/","og_locale":"gl_ES","og_type":"article","og_title":"Redondela proxecta o novo paseo do litoral de Cesantes -","og_description":"O Concello de Redondela acaba de contratar o proxecto de execuci\u00f3n no novo paseo do litoral de Cesantes, desde o porto ata o \u00e1 praia, que supor\u00e1 un novo espazo de case 4.000 metros cadrados.","og_url":"https:\/\/www.anovapeneira.gal\/index.php\/2024\/06\/03\/redondela-proxecta-o-novo-paseo-do-litoral-de-cesantes\/","article_publisher":"https:\/\/www.facebook.com\/anovapeneira","article_published_time":"2024-06-03T08:00:54+00:00","article_modified_time":"2024-06-03T10:48:49+00:00","og_image":[{"width":720,"height":432,"url":"https:\/\/www.anovapeneira.gal\/wp-content\/uploads\/2024\/05\/cesantes.jpg","type":"image\/jpeg"}],"author":"Redacci\u00f3n A Nova Peneira","twitter_card":"summary_large_image","twitter_creator":"@APeneira","twitter_site":"@APeneira","twitter_misc":{"Escrito por":"Redacci\u00f3n A Nova Peneira","Tempo de lectura":"3 minutos"},"schema":{"@context":"https:\/\/schema.org","@graph":[{"@type":"Article","@id":"https:\/\/www.anovapeneira.gal\/index.php\/2024\/06\/03\/redondela-proxecta-o-novo-paseo-do-litoral-de-cesantes\/#article","isPartOf":{"@id":"https:\/\/www.anovapeneira.gal\/index.php\/2024\/06\/03\/redondela-proxecta-o-novo-paseo-do-litoral-de-cesantes\/"},"author":{"name":"Redacci\u00f3n A Nova Peneira","@id":"https:\/\/www.anovapeneira.gal\/#\/schema\/person\/b93e3f8932e3f8da96334607eb6ac6aa"},"headline":"Redondela proxecta o novo paseo do litoral de Cesantes","datePublished":"2024-06-03T08:00:54+00:00","dateModified":"2024-06-03T10:48:49+00:00","mainEntityOfPage":{"@id":"https:\/\/www.anovapeneira.gal\/index.php\/2024\/06\/03\/redondela-proxecta-o-novo-paseo-do-litoral-de-cesantes\/"},"wordCount":475,"commentCount":0,"publisher":{"@id":"https:\/\/www.anovapeneira.gal\/#organization"},"image":{"@id":"https:\/\/www.anovapeneira.gal\/index.php\/2024\/06\/03\/redondela-proxecta-o-novo-paseo-do-litoral-de-cesantes\/#primaryimage"},"thumbnailUrl":"https:\/\/www.anovapeneira.gal\/wp-content\/uploads\/2024\/05\/cesantes.jpg","keywords":["Concello de Redondela"],"articleSection":["Redondela"],"inLanguage":"gl-ES","potentialAction":[{"@type":"CommentAction","name":"Comment","target":["https:\/\/www.anovapeneira.gal\/index.php\/2024\/06\/03\/redondela-proxecta-o-novo-paseo-do-litoral-de-cesantes\/#respond"]}]},{"@type":"WebPage","@id":"https:\/\/www.anovapeneira.gal\/index.php\/2024\/06\/03\/redondela-proxecta-o-novo-paseo-do-litoral-de-cesantes\/","url":"https:\/\/www.anovapeneira.gal\/index.php\/2024\/06\/03\/redondela-proxecta-o-novo-paseo-do-litoral-de-cesantes\/","name":"Redondela proxecta o novo paseo do litoral de Cesantes -","isPartOf":{"@id":"https:\/\/www.anovapeneira.gal\/#website"},"primaryImageOfPage":{"@id":"https:\/\/www.anovapeneira.gal\/index.php\/2024\/06\/03\/redondela-proxecta-o-novo-paseo-do-litoral-de-cesantes\/#primaryimage"},"image":{"@id":"https:\/\/www.anovapeneira.gal\/index.php\/2024\/06\/03\/redondela-proxecta-o-novo-paseo-do-litoral-de-cesantes\/#primaryimage"},"thumbnailUrl":"https:\/\/www.anovapeneira.gal\/wp-content\/uploads\/2024\/05\/cesantes.jpg","datePublished":"2024-06-03T08:00:54+00:00","dateModified":"2024-06-03T10:48:49+00:00","description":"O Concello de Redondela acaba de contratar o proxecto de execuci\u00f3n no novo paseo do litoral de Cesantes, desde o porto ata o \u00e1 praia, que supor\u00e1 un novo espazo de case 4.000 metros cadrados.","breadcrumb":{"@id":"https:\/\/www.anovapeneira.gal\/index.php\/2024\/06\/03\/redondela-proxecta-o-novo-paseo-do-litoral-de-cesantes\/#breadcrumb"},"inLanguage":"gl-ES","potentialAction":[{"@type":"ReadAction","target":["https:\/\/www.anovapeneira.gal\/index.php\/2024\/06\/03\/redondela-proxecta-o-novo-paseo-do-litoral-de-cesantes\/"]}]},{"@type":"ImageObject","inLanguage":"gl-ES","@id":"https:\/\/www.anovapeneira.gal\/index.php\/2024\/06\/03\/redondela-proxecta-o-novo-paseo-do-litoral-de-cesantes\/#primaryimage","url":"https:\/\/www.anovapeneira.gal\/wp-content\/uploads\/2024\/05\/cesantes.jpg","contentUrl":"https:\/\/www.anovapeneira.gal\/wp-content\/uploads\/2024\/05\/cesantes.jpg","width":720,"height":432,"caption":"Cesantes"},{"@type":"BreadcrumbList","@id":"https:\/\/www.anovapeneira.gal\/index.php\/2024\/06\/03\/redondela-proxecta-o-novo-paseo-do-litoral-de-cesantes\/#breadcrumb","itemListElement":[{"@type":"ListItem","position":1,"name":"Portada","item":"https:\/\/www.anovapeneira.gal\/"},{"@type":"ListItem","position":2,"name":"Redondela proxecta o novo paseo do litoral de Cesantes"}]},{"@type":"WebSite","@id":"https:\/\/www.anovapeneira.gal\/#website","url":"https:\/\/www.anovapeneira.gal\/","name":"","description":"Xornal galego de informaci\u00f3n xeral Publicaci\u00f3n mensual de novas de Galicia e en especial dos Concellos da sur da provincia de Pontevedra.","publisher":{"@id":"https:\/\/www.anovapeneira.gal\/#organization"},"potentialAction":[{"@type":"SearchAction","target":{"@type":"EntryPoint","urlTemplate":"https:\/\/www.anovapeneira.gal\/?s={search_term_string}"},"query-input":{"@type":"PropertyValueSpecification","valueRequired":true,"valueName":"search_term_string"}}],"inLanguage":"gl-ES"},{"@type":"Organization","@id":"https:\/\/www.anovapeneira.gal\/#organization","name":"A Nova Peneira","url":"https:\/\/www.anovapeneira.gal\/","logo":{"@type":"ImageObject","inLanguage":"gl-ES","@id":"https:\/\/www.anovapeneira.gal\/#\/schema\/logo\/image\/","url":"http:\/\/www.anovapeneira.gal\/wp-content\/uploads\/2019\/06\/logo_a_nova_peneira_portal_web.png","contentUrl":"http:\/\/www.anovapeneira.gal\/wp-content\/uploads\/2019\/06\/logo_a_nova_peneira_portal_web.png","width":300,"height":100,"caption":"A Nova Peneira"},"image":{"@id":"https:\/\/www.anovapeneira.gal\/#\/schema\/logo\/image\/"},"sameAs":["https:\/\/www.facebook.com\/anovapeneira","https:\/\/x.com\/APeneira"]},{"@type":"Person","@id":"https:\/\/www.anovapeneira.gal\/#\/schema\/person\/b93e3f8932e3f8da96334607eb6ac6aa","name":"Redacci\u00f3n A Nova Peneira","image":{"@type":"ImageObject","inLanguage":"gl-ES","@id":"https:\/\/secure.gravatar.com\/avatar\/c052a2551a06e23fac63626232eaa90abd78dbcf1700fc46a2b2c89fd27b735f?s=96&d=mm&r=g","url":"https:\/\/secure.gravatar.com\/avatar\/c052a2551a06e23fac63626232eaa90abd78dbcf1700fc46a2b2c89fd27b735f?s=96&d=mm&r=g","contentUrl":"https:\/\/secure.gravatar.com\/avatar\/c052a2551a06e23fac63626232eaa90abd78dbcf1700fc46a2b2c89fd27b735f?s=96&d=mm&r=g","caption":"Redacci\u00f3n A Nova Peneira"},"sameAs":["http:\/\/www.anovapeneira.gal\/"],"url":"https:\/\/www.anovapeneira.gal\/index.php\/author\/redactor\/"}]}},"jetpack_featured_media_url":"https:\/\/www.anovapeneira.gal\/wp-content\/uploads\/2024\/05\/cesantes.jpg","_links":{"self":[{"href":"https:\/\/www.anovapeneira.gal\/index.php\/wp-json\/wp\/v2\/posts\/11820","targetHints":{"allow":["GET"]}}],"collection":[{"href":"https:\/\/www.anovapeneira.gal\/index.php\/wp-json\/wp\/v2\/posts"}],"about":[{"href":"https:\/\/www.anovapeneira.gal\/index.php\/wp-json\/wp\/v2\/types\/post"}],"author":[{"embeddable":true,"href":"https:\/\/www.anovapeneira.gal\/index.php\/wp-json\/wp\/v2\/users\/3"}],"replies":[{"embeddable":true,"href":"https:\/\/www.anovapeneira.gal\/index.php\/wp-json\/wp\/v2\/comments?post=11820"}],"version-history":[{"count":1,"href":"https:\/\/www.anovapeneira.gal\/index.php\/wp-json\/wp\/v2\/posts\/11820\/revisions"}],"predecessor-version":[{"id":11823,"href":"https:\/\/www.anovapeneira.gal\/index.php\/wp-json\/wp\/v2\/posts\/11820\/revisions\/11823"}],"wp:featuredmedia":[{"embeddable":true,"href":"https:\/\/www.anovapeneira.gal\/index.php\/wp-json\/wp\/v2\/media\/11821"}],"wp:attachment":[{"href":"https:\/\/www.anovapeneira.gal\/index.php\/wp-json\/wp\/v2\/media?parent=11820"}],"wp:term":[{"taxonomy":"category","embeddable":true,"href":"https:\/\/www.anovapeneira.gal\/index.php\/wp-json\/wp\/v2\/categories?post=11820"},{"taxonomy":"post_tag","embeddable":true,"href":"https:\/\/www.anovapeneira.gal\/index.php\/wp-json\/wp\/v2\/tags?post=11820"}],"curies":[{"name":"wp","href":"https:\/\/api.w.org\/{rel}","templated":true}]}}