{"id":11824,"date":"2024-06-03T12:00:20","date_gmt":"2024-06-03T10:00:20","guid":{"rendered":"https:\/\/www.anovapeneira.gal\/?p=11824"},"modified":"2024-06-01T13:13:13","modified_gmt":"2024-06-01T11:13:13","slug":"ponton-pide-a-mobilizacion-masiva-da-mocidade-rebelde-para-conseguir-un-escano-galego-e-construir-unha-europa-social","status":"publish","type":"post","link":"https:\/\/www.anovapeneira.gal\/index.php\/2024\/06\/03\/ponton-pide-a-mobilizacion-masiva-da-mocidade-rebelde-para-conseguir-un-escano-galego-e-construir-unha-europa-social\/","title":{"rendered":"Pont\u00f3n pide a mobilizaci\u00f3n masiva da mocidade rebelde para conseguir un escano galego e constru\u00edr unha Europa social"},"content":{"rendered":"\n<h2 class=\"wp-block-heading\"><strong>Miranda usou unha maleta para simbolizar a emigraci\u00f3n da xente moza e para explicar todas as causas xustas que o BNG defende na Euroc\u00e1mara<\/strong><\/h2>\n\n\n\n<p><strong>Santiago de Compostela, 15 Xaneiro 2022.<\/strong><\/p>\n\n\n\n<p>A portavoz nacional, Ana Pont\u00f3n, e cabeza de lista \u00e1s elecci\u00f3ns europeas, Ana Miranda, participaron na Coru\u00f1a nun acto coa mocidade \u00e1 que a l\u00edder do BNG apelou pedindo unha mobilizaci\u00f3n masiva para conseguir un escano galego, un escano de Pa\u00eds da man do Bloque que permitir\u00e1 defender os intereses de Galiza e, ao mesmo tempo, defender unha Europa social na que te\u00f1an futuro. \u201cSomos a candidatura da mocidade rebelde e inconformista\u201d, proclamou.<br><br>\u201cP\u00eddolle \u00e1 xente moza que se mobilice, que participe masivamente nas urnas para darlle voz propia a Galiza e a favor dunha Europa social, xusta, que loite pola paz, unha Europa dos pobos. Para a toda a mocidade rebelde e incorformista deste Pa\u00eds, a s\u00faa candidatura \u00e9 a do BNG, porque imos pelexar polo seu dereito a vivir e traballar en Galiza e imos por unha Europa para a xente e non para os lobbies\u201d, salientou no acto na coru\u00f1esa Praza da Fari\u00f1a.<\/p>\n\n\n\n<p><br>Neste sentido, Pont\u00f3n apelou \u00e1 mobilizaci\u00f3n da mocidade para conseguir un escano galego da man do BNG, \u201csabendo que nos v\u00f3s imos fallar, sabendo que con ese escano de Pa\u00eds Galiza ter\u00e1 unha voz propia e libre, pero sabendo tam\u00e9n que esa mesma voz vai servir para defender todas as causas xustas e para constru\u00edr unha Europa mellor\u201d.<br><br>Unha Europa que escoite \u00e1 xente moza; que plante cara ao militarismo, \u201cmenos gasto en armamento e m\u00e1is gasto en sanidade, en educaci\u00f3n, en ciencia, na loita contra o cambio clim\u00e1tico\u201d, subli\u00f1ou, destacando que o Bloque Nacionalista Galego defende unha Europa democr\u00e1tica, \u201cfronte \u00f3s discursos do odio, xen\u00f3fobos e racistas\u201d; unha Europa social, xusta e libre, \u201cna que se respecten todas as maneiras de sentir e de amar\u201d; e unha Europa solidaria de portas abertas \u201cque non levante muros, nin po\u00f1a concertinas, sen\u00f3n que acolla a quen escapa da miseria ou das guerras\u201d.<br><br>\u201cEsa \u00e9 a Europa que queremos axudar a constru\u00edr co escano galego\u201d, subli\u00f1ou a portavoz nacional, consciente do desencanto que pode sentir a xente moza coa pol\u00edtica, nun contexto marcado pola crispaci\u00f3n, a mentira e o bulo impulsados pola extrema dereita e por unha dereita do PP \u201ccada vez m\u00e1is ultra\u201d.<\/p>\n\n\n\n<p><br>Ante esta situaci\u00f3n, recalcou, \u201cquedarse na casa non \u00e9 unha opci\u00f3n, porque sen\u00f3n participades perdedes v\u00f3s, os mozos e mozas deste Pa\u00eds, e gana a banca, as multinacionais, os fondos voitre, os lobbies, ganan as forzas reaccionarias que os representan e ganan eses poderes que impo\u00f1en recortes e austeridade coas consecuencias que co\u00f1ecedes ben: precariedade, baixos salarios, emigraci\u00f3n, imposibilidade de acceder a unha vivenda\u201d, consecuencias \u00e1s que Pont\u00f3n engadiu os recortes nos servizos p\u00fablicos, nos dereitos laborais e nas prestaci\u00f3n sociais.<br><br>\u201cPodemos constru\u00edr outra Europa, pero para iso \u00e9 imprescindible a movilizaci\u00f3n da xente nova e por iso p\u00eddolle a toda a mocidade galega que se active, que se implique e que exprese masivamente nas urnas a s\u00faa rebeld\u00eda, o seu inconformismo para darlle a Galiza voz propia e para po\u00f1er en marcha unha Europa social, a favor das maior\u00edas e de todas as causas xustas\u201d, conclu\u00edu.<\/p>\n\n\n\n<p><em><strong>Paz, antimilitarismo, xustiza social<\/strong><\/em><\/p>\n\n\n\n<p>Pola s\u00faa parte a candidata Ana Miranda utilizou unha maleta para simbolizar a emigraci\u00f3n de miles de mozos e mozas por falta de oportunidades no Pa\u00eds e tam\u00e9n unha maleta cargada de \u201ccausas xustas\u201d para simbolizar a Europa que defende o BNG, destacando que a pol\u00edtica \u00e9 a ferramenta para transformar en positivo: \u201cEu son do BNG e represento a unha organizaci\u00f3n que defende os dereitos humanos, a paz e o antimilitarismo\u201d, empezou citando.<\/p>\n\n\n\n<p>Entre as causas xustas citadas por Miranda, a loita polos dereitos humanos, contra o racismo, pola igualdade, a favor do feminismo a trav\u00e9s da forza das mulleres; o respecto \u00e1s distintas formas de ser e de sentir, o antifascismo, a defensa de Galiza como naci\u00f3n en Europa, advertindo que hai que movilizarse porque \u201ca revoluci\u00f3n non sae nas televisi\u00f3ns, tampouco na televisi\u00f3n p\u00fablica galega manipulada polo Partido Popular\u201d, denunciou.<\/p>\n\n\n\n<p>Na s\u00faa simb\u00f3lica posta en escena, Miranda tam\u00e9n destacou a defensa da lingua e da cultura que, ademais, son ant\u00eddoto contra a ignorancia e contra o avance do discurso reaccionario. E na cidade na que asasinaron a Samuel, lembrou, a candidata do Bloque tam\u00e9n quixo destacar como causas xustas a defender en Europa a liberdade sexual combatendo a LGTBfob\u00eda e todas as formas de intolerancia.<\/p>\n\n\n\n<p>\u201cNon se pode permitir unha Europa fortaleza con campos de refuxiados, sen\u00f3n de portas abertas \u00e1s persoas refuxiadas\u201d, reclamou, destacando a defensa do BNG dos dereitos do pobo palestino mesmo formando parte a propia candidata da flotilla que foi expulsada polo estado sionista de Israel. Neste sentido, criticou que forzas que se presentan o 9X \u00e1s elecci\u00f3ns non foron nin capaces de refrendar un minuto de silencio de condena do xenocidio en Gaza.<\/p>\n\n\n\n<p>Miranda rematou reclamando o apoio da mocidade para que Galiza sega a ter unha voz propia en Europa a\u00ednda con m\u00e1is forza, porque en Bruxelas se toman decisi\u00f3ns que impactan de cheo na vida dos galegos e das galegas \u201ce a \u00fanica maneira de que se escoiten a nosa voz \u00e9 co escano de Pa\u00eds que representa o Bloque Nacionalista Galego\u201d.<\/p>\n","protected":false},"excerpt":{"rendered":"<div class=\"mh-excerpt\"><p>Miranda usou unha maleta para simbolizar a emigraci\u00f3n da xente moza e para explicar todas as causas xustas que o BNG defende na Euroc\u00e1mara <a class=\"mh-excerpt-more\" href=\"https:\/\/www.anovapeneira.gal\/index.php\/2024\/06\/03\/ponton-pide-a-mobilizacion-masiva-da-mocidade-rebelde-para-conseguir-un-escano-galego-e-construir-unha-europa-social\/\" title=\"Pont\u00f3n pide a mobilizaci\u00f3n masiva da mocidade rebelde para conseguir un escano galego e constru\u00edr unha Europa social\">[&#8230;]<\/a><\/p>\n<\/div>","protected":false},"author":3,"featured_media":11825,"comment_status":"open","ping_status":"open","sticky":false,"template":"","format":"standard","meta":{"_exactmetrics_skip_tracking":false,"_exactmetrics_sitenote_active":false,"_exactmetrics_sitenote_note":"","_exactmetrics_sitenote_category":0,"footnotes":""},"categories":[263],"tags":[1403],"class_list":{"0":"post-11824","1":"post","2":"type-post","3":"status-publish","4":"format-standard","5":"has-post-thumbnail","7":"category-novas","8":"tag-ana-miranda"},"yoast_head":"<!-- This site is optimized with the Yoast SEO plugin v27.4 - https:\/\/yoast.com\/product\/yoast-seo-wordpress\/ -->\n<title>Pont\u00f3n pide a mobilizaci\u00f3n masiva da mocidade rebelde para conseguir un escano galego e constru\u00edr unha Europa social -<\/title>\n<meta name=\"robots\" content=\"index, follow, max-snippet:-1, max-image-preview:large, max-video-preview:-1\" \/>\n<link rel=\"canonical\" href=\"https:\/\/www.anovapeneira.gal\/index.php\/2024\/06\/03\/ponton-pide-a-mobilizacion-masiva-da-mocidade-rebelde-para-conseguir-un-escano-galego-e-construir-unha-europa-social\/\" \/>\n<meta property=\"og:locale\" content=\"gl_ES\" \/>\n<meta property=\"og:type\" content=\"article\" \/>\n<meta property=\"og:title\" content=\"Pont\u00f3n pide a mobilizaci\u00f3n masiva da mocidade rebelde para conseguir un escano galego e constru\u00edr unha Europa social -\" \/>\n<meta property=\"og:description\" content=\"Miranda usou unha maleta para simbolizar a emigraci\u00f3n da xente moza e para explicar todas as causas xustas que o BNG defende na Euroc\u00e1mara [...]\" \/>\n<meta property=\"og:url\" content=\"https:\/\/www.anovapeneira.gal\/index.php\/2024\/06\/03\/ponton-pide-a-mobilizacion-masiva-da-mocidade-rebelde-para-conseguir-un-escano-galego-e-construir-unha-europa-social\/\" \/>\n<meta property=\"article:publisher\" content=\"https:\/\/www.facebook.com\/anovapeneira\" \/>\n<meta property=\"article:published_time\" content=\"2024-06-03T10:00:20+00:00\" \/>\n<meta property=\"og:image\" content=\"https:\/\/www.anovapeneira.gal\/wp-content\/uploads\/2024\/05\/ponton_xuventude_coruna.jpg\" \/>\n\t<meta property=\"og:image:width\" content=\"720\" \/>\n\t<meta property=\"og:image:height\" content=\"432\" \/>\n\t<meta property=\"og:image:type\" content=\"image\/jpeg\" \/>\n<meta name=\"author\" content=\"Redacci\u00f3n A Nova Peneira\" \/>\n<meta name=\"twitter:card\" content=\"summary_large_image\" \/>\n<meta name=\"twitter:creator\" content=\"@APeneira\" \/>\n<meta name=\"twitter:site\" content=\"@APeneira\" \/>\n<meta name=\"twitter:label1\" content=\"Escrito por\" \/>\n\t<meta name=\"twitter:data1\" content=\"Redacci\u00f3n A Nova Peneira\" \/>\n\t<meta name=\"twitter:label2\" content=\"Tempo de lectura\" \/>\n\t<meta name=\"twitter:data2\" content=\"6 minutos\" \/>\n<script type=\"application\/ld+json\" class=\"yoast-schema-graph\">{\"@context\":\"https:\\\/\\\/schema.org\",\"@graph\":[{\"@type\":\"Article\",\"@id\":\"https:\\\/\\\/www.anovapeneira.gal\\\/index.php\\\/2024\\\/06\\\/03\\\/ponton-pide-a-mobilizacion-masiva-da-mocidade-rebelde-para-conseguir-un-escano-galego-e-construir-unha-europa-social\\\/#article\",\"isPartOf\":{\"@id\":\"https:\\\/\\\/www.anovapeneira.gal\\\/index.php\\\/2024\\\/06\\\/03\\\/ponton-pide-a-mobilizacion-masiva-da-mocidade-rebelde-para-conseguir-un-escano-galego-e-construir-unha-europa-social\\\/\"},\"author\":{\"name\":\"Redacci\u00f3n A Nova Peneira\",\"@id\":\"https:\\\/\\\/www.anovapeneira.gal\\\/#\\\/schema\\\/person\\\/b93e3f8932e3f8da96334607eb6ac6aa\"},\"headline\":\"Pont\u00f3n pide a mobilizaci\u00f3n masiva da mocidade rebelde para conseguir un escano galego e constru\u00edr unha Europa social\",\"datePublished\":\"2024-06-03T10:00:20+00:00\",\"mainEntityOfPage\":{\"@id\":\"https:\\\/\\\/www.anovapeneira.gal\\\/index.php\\\/2024\\\/06\\\/03\\\/ponton-pide-a-mobilizacion-masiva-da-mocidade-rebelde-para-conseguir-un-escano-galego-e-construir-unha-europa-social\\\/\"},\"wordCount\":966,\"commentCount\":0,\"publisher\":{\"@id\":\"https:\\\/\\\/www.anovapeneira.gal\\\/#organization\"},\"image\":{\"@id\":\"https:\\\/\\\/www.anovapeneira.gal\\\/index.php\\\/2024\\\/06\\\/03\\\/ponton-pide-a-mobilizacion-masiva-da-mocidade-rebelde-para-conseguir-un-escano-galego-e-construir-unha-europa-social\\\/#primaryimage\"},\"thumbnailUrl\":\"https:\\\/\\\/www.anovapeneira.gal\\\/wp-content\\\/uploads\\\/2024\\\/05\\\/ponton_xuventude_coruna.jpg\",\"keywords\":[\"Ana Miranda\"],\"articleSection\":[\"Novas\"],\"inLanguage\":\"gl-ES\",\"potentialAction\":[{\"@type\":\"CommentAction\",\"name\":\"Comment\",\"target\":[\"https:\\\/\\\/www.anovapeneira.gal\\\/index.php\\\/2024\\\/06\\\/03\\\/ponton-pide-a-mobilizacion-masiva-da-mocidade-rebelde-para-conseguir-un-escano-galego-e-construir-unha-europa-social\\\/#respond\"]}]},{\"@type\":\"WebPage\",\"@id\":\"https:\\\/\\\/www.anovapeneira.gal\\\/index.php\\\/2024\\\/06\\\/03\\\/ponton-pide-a-mobilizacion-masiva-da-mocidade-rebelde-para-conseguir-un-escano-galego-e-construir-unha-europa-social\\\/\",\"url\":\"https:\\\/\\\/www.anovapeneira.gal\\\/index.php\\\/2024\\\/06\\\/03\\\/ponton-pide-a-mobilizacion-masiva-da-mocidade-rebelde-para-conseguir-un-escano-galego-e-construir-unha-europa-social\\\/\",\"name\":\"Pont\u00f3n pide a mobilizaci\u00f3n masiva da mocidade rebelde para conseguir un escano galego e constru\u00edr unha Europa social -\",\"isPartOf\":{\"@id\":\"https:\\\/\\\/www.anovapeneira.gal\\\/#website\"},\"primaryImageOfPage\":{\"@id\":\"https:\\\/\\\/www.anovapeneira.gal\\\/index.php\\\/2024\\\/06\\\/03\\\/ponton-pide-a-mobilizacion-masiva-da-mocidade-rebelde-para-conseguir-un-escano-galego-e-construir-unha-europa-social\\\/#primaryimage\"},\"image\":{\"@id\":\"https:\\\/\\\/www.anovapeneira.gal\\\/index.php\\\/2024\\\/06\\\/03\\\/ponton-pide-a-mobilizacion-masiva-da-mocidade-rebelde-para-conseguir-un-escano-galego-e-construir-unha-europa-social\\\/#primaryimage\"},\"thumbnailUrl\":\"https:\\\/\\\/www.anovapeneira.gal\\\/wp-content\\\/uploads\\\/2024\\\/05\\\/ponton_xuventude_coruna.jpg\",\"datePublished\":\"2024-06-03T10:00:20+00:00\",\"breadcrumb\":{\"@id\":\"https:\\\/\\\/www.anovapeneira.gal\\\/index.php\\\/2024\\\/06\\\/03\\\/ponton-pide-a-mobilizacion-masiva-da-mocidade-rebelde-para-conseguir-un-escano-galego-e-construir-unha-europa-social\\\/#breadcrumb\"},\"inLanguage\":\"gl-ES\",\"potentialAction\":[{\"@type\":\"ReadAction\",\"target\":[\"https:\\\/\\\/www.anovapeneira.gal\\\/index.php\\\/2024\\\/06\\\/03\\\/ponton-pide-a-mobilizacion-masiva-da-mocidade-rebelde-para-conseguir-un-escano-galego-e-construir-unha-europa-social\\\/\"]}]},{\"@type\":\"ImageObject\",\"inLanguage\":\"gl-ES\",\"@id\":\"https:\\\/\\\/www.anovapeneira.gal\\\/index.php\\\/2024\\\/06\\\/03\\\/ponton-pide-a-mobilizacion-masiva-da-mocidade-rebelde-para-conseguir-un-escano-galego-e-construir-unha-europa-social\\\/#primaryimage\",\"url\":\"https:\\\/\\\/www.anovapeneira.gal\\\/wp-content\\\/uploads\\\/2024\\\/05\\\/ponton_xuventude_coruna.jpg\",\"contentUrl\":\"https:\\\/\\\/www.anovapeneira.gal\\\/wp-content\\\/uploads\\\/2024\\\/05\\\/ponton_xuventude_coruna.jpg\",\"width\":720,\"height\":432,\"caption\":\"Ana Pont\u00f3n\"},{\"@type\":\"BreadcrumbList\",\"@id\":\"https:\\\/\\\/www.anovapeneira.gal\\\/index.php\\\/2024\\\/06\\\/03\\\/ponton-pide-a-mobilizacion-masiva-da-mocidade-rebelde-para-conseguir-un-escano-galego-e-construir-unha-europa-social\\\/#breadcrumb\",\"itemListElement\":[{\"@type\":\"ListItem\",\"position\":1,\"name\":\"Portada\",\"item\":\"https:\\\/\\\/www.anovapeneira.gal\\\/\"},{\"@type\":\"ListItem\",\"position\":2,\"name\":\"Pont\u00f3n pide a mobilizaci\u00f3n masiva da mocidade rebelde para conseguir un escano galego e constru\u00edr unha Europa social\"}]},{\"@type\":\"WebSite\",\"@id\":\"https:\\\/\\\/www.anovapeneira.gal\\\/#website\",\"url\":\"https:\\\/\\\/www.anovapeneira.gal\\\/\",\"name\":\"\",\"description\":\"Xornal galego de informaci\u00f3n xeral Publicaci\u00f3n mensual de novas de Galicia e en especial dos Concellos da sur da provincia de Pontevedra.\",\"publisher\":{\"@id\":\"https:\\\/\\\/www.anovapeneira.gal\\\/#organization\"},\"potentialAction\":[{\"@type\":\"SearchAction\",\"target\":{\"@type\":\"EntryPoint\",\"urlTemplate\":\"https:\\\/\\\/www.anovapeneira.gal\\\/?s={search_term_string}\"},\"query-input\":{\"@type\":\"PropertyValueSpecification\",\"valueRequired\":true,\"valueName\":\"search_term_string\"}}],\"inLanguage\":\"gl-ES\"},{\"@type\":\"Organization\",\"@id\":\"https:\\\/\\\/www.anovapeneira.gal\\\/#organization\",\"name\":\"A Nova Peneira\",\"url\":\"https:\\\/\\\/www.anovapeneira.gal\\\/\",\"logo\":{\"@type\":\"ImageObject\",\"inLanguage\":\"gl-ES\",\"@id\":\"https:\\\/\\\/www.anovapeneira.gal\\\/#\\\/schema\\\/logo\\\/image\\\/\",\"url\":\"http:\\\/\\\/www.anovapeneira.gal\\\/wp-content\\\/uploads\\\/2019\\\/06\\\/logo_a_nova_peneira_portal_web.png\",\"contentUrl\":\"http:\\\/\\\/www.anovapeneira.gal\\\/wp-content\\\/uploads\\\/2019\\\/06\\\/logo_a_nova_peneira_portal_web.png\",\"width\":300,\"height\":100,\"caption\":\"A Nova Peneira\"},\"image\":{\"@id\":\"https:\\\/\\\/www.anovapeneira.gal\\\/#\\\/schema\\\/logo\\\/image\\\/\"},\"sameAs\":[\"https:\\\/\\\/www.facebook.com\\\/anovapeneira\",\"https:\\\/\\\/x.com\\\/APeneira\"]},{\"@type\":\"Person\",\"@id\":\"https:\\\/\\\/www.anovapeneira.gal\\\/#\\\/schema\\\/person\\\/b93e3f8932e3f8da96334607eb6ac6aa\",\"name\":\"Redacci\u00f3n A Nova Peneira\",\"image\":{\"@type\":\"ImageObject\",\"inLanguage\":\"gl-ES\",\"@id\":\"https:\\\/\\\/secure.gravatar.com\\\/avatar\\\/c052a2551a06e23fac63626232eaa90abd78dbcf1700fc46a2b2c89fd27b735f?s=96&d=mm&r=g\",\"url\":\"https:\\\/\\\/secure.gravatar.com\\\/avatar\\\/c052a2551a06e23fac63626232eaa90abd78dbcf1700fc46a2b2c89fd27b735f?s=96&d=mm&r=g\",\"contentUrl\":\"https:\\\/\\\/secure.gravatar.com\\\/avatar\\\/c052a2551a06e23fac63626232eaa90abd78dbcf1700fc46a2b2c89fd27b735f?s=96&d=mm&r=g\",\"caption\":\"Redacci\u00f3n A Nova Peneira\"},\"sameAs\":[\"http:\\\/\\\/www.anovapeneira.gal\\\/\"],\"url\":\"https:\\\/\\\/www.anovapeneira.gal\\\/index.php\\\/author\\\/redactor\\\/\"}]}<\/script>\n<!-- \/ Yoast SEO plugin. -->","yoast_head_json":{"title":"Pont\u00f3n pide a mobilizaci\u00f3n masiva da mocidade rebelde para conseguir un escano galego e constru\u00edr unha Europa social -","robots":{"index":"index","follow":"follow","max-snippet":"max-snippet:-1","max-image-preview":"max-image-preview:large","max-video-preview":"max-video-preview:-1"},"canonical":"https:\/\/www.anovapeneira.gal\/index.php\/2024\/06\/03\/ponton-pide-a-mobilizacion-masiva-da-mocidade-rebelde-para-conseguir-un-escano-galego-e-construir-unha-europa-social\/","og_locale":"gl_ES","og_type":"article","og_title":"Pont\u00f3n pide a mobilizaci\u00f3n masiva da mocidade rebelde para conseguir un escano galego e constru\u00edr unha Europa social -","og_description":"Miranda usou unha maleta para simbolizar a emigraci\u00f3n da xente moza e para explicar todas as causas xustas que o BNG defende na Euroc\u00e1mara [...]","og_url":"https:\/\/www.anovapeneira.gal\/index.php\/2024\/06\/03\/ponton-pide-a-mobilizacion-masiva-da-mocidade-rebelde-para-conseguir-un-escano-galego-e-construir-unha-europa-social\/","article_publisher":"https:\/\/www.facebook.com\/anovapeneira","article_published_time":"2024-06-03T10:00:20+00:00","og_image":[{"width":720,"height":432,"url":"https:\/\/www.anovapeneira.gal\/wp-content\/uploads\/2024\/05\/ponton_xuventude_coruna.jpg","type":"image\/jpeg"}],"author":"Redacci\u00f3n A Nova Peneira","twitter_card":"summary_large_image","twitter_creator":"@APeneira","twitter_site":"@APeneira","twitter_misc":{"Escrito por":"Redacci\u00f3n A Nova Peneira","Tempo de lectura":"6 minutos"},"schema":{"@context":"https:\/\/schema.org","@graph":[{"@type":"Article","@id":"https:\/\/www.anovapeneira.gal\/index.php\/2024\/06\/03\/ponton-pide-a-mobilizacion-masiva-da-mocidade-rebelde-para-conseguir-un-escano-galego-e-construir-unha-europa-social\/#article","isPartOf":{"@id":"https:\/\/www.anovapeneira.gal\/index.php\/2024\/06\/03\/ponton-pide-a-mobilizacion-masiva-da-mocidade-rebelde-para-conseguir-un-escano-galego-e-construir-unha-europa-social\/"},"author":{"name":"Redacci\u00f3n A Nova Peneira","@id":"https:\/\/www.anovapeneira.gal\/#\/schema\/person\/b93e3f8932e3f8da96334607eb6ac6aa"},"headline":"Pont\u00f3n pide a mobilizaci\u00f3n masiva da mocidade rebelde para conseguir un escano galego e constru\u00edr unha Europa social","datePublished":"2024-06-03T10:00:20+00:00","mainEntityOfPage":{"@id":"https:\/\/www.anovapeneira.gal\/index.php\/2024\/06\/03\/ponton-pide-a-mobilizacion-masiva-da-mocidade-rebelde-para-conseguir-un-escano-galego-e-construir-unha-europa-social\/"},"wordCount":966,"commentCount":0,"publisher":{"@id":"https:\/\/www.anovapeneira.gal\/#organization"},"image":{"@id":"https:\/\/www.anovapeneira.gal\/index.php\/2024\/06\/03\/ponton-pide-a-mobilizacion-masiva-da-mocidade-rebelde-para-conseguir-un-escano-galego-e-construir-unha-europa-social\/#primaryimage"},"thumbnailUrl":"https:\/\/www.anovapeneira.gal\/wp-content\/uploads\/2024\/05\/ponton_xuventude_coruna.jpg","keywords":["Ana Miranda"],"articleSection":["Novas"],"inLanguage":"gl-ES","potentialAction":[{"@type":"CommentAction","name":"Comment","target":["https:\/\/www.anovapeneira.gal\/index.php\/2024\/06\/03\/ponton-pide-a-mobilizacion-masiva-da-mocidade-rebelde-para-conseguir-un-escano-galego-e-construir-unha-europa-social\/#respond"]}]},{"@type":"WebPage","@id":"https:\/\/www.anovapeneira.gal\/index.php\/2024\/06\/03\/ponton-pide-a-mobilizacion-masiva-da-mocidade-rebelde-para-conseguir-un-escano-galego-e-construir-unha-europa-social\/","url":"https:\/\/www.anovapeneira.gal\/index.php\/2024\/06\/03\/ponton-pide-a-mobilizacion-masiva-da-mocidade-rebelde-para-conseguir-un-escano-galego-e-construir-unha-europa-social\/","name":"Pont\u00f3n pide a mobilizaci\u00f3n masiva da mocidade rebelde para conseguir un escano galego e constru\u00edr unha Europa social -","isPartOf":{"@id":"https:\/\/www.anovapeneira.gal\/#website"},"primaryImageOfPage":{"@id":"https:\/\/www.anovapeneira.gal\/index.php\/2024\/06\/03\/ponton-pide-a-mobilizacion-masiva-da-mocidade-rebelde-para-conseguir-un-escano-galego-e-construir-unha-europa-social\/#primaryimage"},"image":{"@id":"https:\/\/www.anovapeneira.gal\/index.php\/2024\/06\/03\/ponton-pide-a-mobilizacion-masiva-da-mocidade-rebelde-para-conseguir-un-escano-galego-e-construir-unha-europa-social\/#primaryimage"},"thumbnailUrl":"https:\/\/www.anovapeneira.gal\/wp-content\/uploads\/2024\/05\/ponton_xuventude_coruna.jpg","datePublished":"2024-06-03T10:00:20+00:00","breadcrumb":{"@id":"https:\/\/www.anovapeneira.gal\/index.php\/2024\/06\/03\/ponton-pide-a-mobilizacion-masiva-da-mocidade-rebelde-para-conseguir-un-escano-galego-e-construir-unha-europa-social\/#breadcrumb"},"inLanguage":"gl-ES","potentialAction":[{"@type":"ReadAction","target":["https:\/\/www.anovapeneira.gal\/index.php\/2024\/06\/03\/ponton-pide-a-mobilizacion-masiva-da-mocidade-rebelde-para-conseguir-un-escano-galego-e-construir-unha-europa-social\/"]}]},{"@type":"ImageObject","inLanguage":"gl-ES","@id":"https:\/\/www.anovapeneira.gal\/index.php\/2024\/06\/03\/ponton-pide-a-mobilizacion-masiva-da-mocidade-rebelde-para-conseguir-un-escano-galego-e-construir-unha-europa-social\/#primaryimage","url":"https:\/\/www.anovapeneira.gal\/wp-content\/uploads\/2024\/05\/ponton_xuventude_coruna.jpg","contentUrl":"https:\/\/www.anovapeneira.gal\/wp-content\/uploads\/2024\/05\/ponton_xuventude_coruna.jpg","width":720,"height":432,"caption":"Ana Pont\u00f3n"},{"@type":"BreadcrumbList","@id":"https:\/\/www.anovapeneira.gal\/index.php\/2024\/06\/03\/ponton-pide-a-mobilizacion-masiva-da-mocidade-rebelde-para-conseguir-un-escano-galego-e-construir-unha-europa-social\/#breadcrumb","itemListElement":[{"@type":"ListItem","position":1,"name":"Portada","item":"https:\/\/www.anovapeneira.gal\/"},{"@type":"ListItem","position":2,"name":"Pont\u00f3n pide a mobilizaci\u00f3n masiva da mocidade rebelde para conseguir un escano galego e constru\u00edr unha Europa social"}]},{"@type":"WebSite","@id":"https:\/\/www.anovapeneira.gal\/#website","url":"https:\/\/www.anovapeneira.gal\/","name":"","description":"Xornal galego de informaci\u00f3n xeral Publicaci\u00f3n mensual de novas de Galicia e en especial dos Concellos da sur da provincia de Pontevedra.","publisher":{"@id":"https:\/\/www.anovapeneira.gal\/#organization"},"potentialAction":[{"@type":"SearchAction","target":{"@type":"EntryPoint","urlTemplate":"https:\/\/www.anovapeneira.gal\/?s={search_term_string}"},"query-input":{"@type":"PropertyValueSpecification","valueRequired":true,"valueName":"search_term_string"}}],"inLanguage":"gl-ES"},{"@type":"Organization","@id":"https:\/\/www.anovapeneira.gal\/#organization","name":"A Nova Peneira","url":"https:\/\/www.anovapeneira.gal\/","logo":{"@type":"ImageObject","inLanguage":"gl-ES","@id":"https:\/\/www.anovapeneira.gal\/#\/schema\/logo\/image\/","url":"http:\/\/www.anovapeneira.gal\/wp-content\/uploads\/2019\/06\/logo_a_nova_peneira_portal_web.png","contentUrl":"http:\/\/www.anovapeneira.gal\/wp-content\/uploads\/2019\/06\/logo_a_nova_peneira_portal_web.png","width":300,"height":100,"caption":"A Nova Peneira"},"image":{"@id":"https:\/\/www.anovapeneira.gal\/#\/schema\/logo\/image\/"},"sameAs":["https:\/\/www.facebook.com\/anovapeneira","https:\/\/x.com\/APeneira"]},{"@type":"Person","@id":"https:\/\/www.anovapeneira.gal\/#\/schema\/person\/b93e3f8932e3f8da96334607eb6ac6aa","name":"Redacci\u00f3n A Nova Peneira","image":{"@type":"ImageObject","inLanguage":"gl-ES","@id":"https:\/\/secure.gravatar.com\/avatar\/c052a2551a06e23fac63626232eaa90abd78dbcf1700fc46a2b2c89fd27b735f?s=96&d=mm&r=g","url":"https:\/\/secure.gravatar.com\/avatar\/c052a2551a06e23fac63626232eaa90abd78dbcf1700fc46a2b2c89fd27b735f?s=96&d=mm&r=g","contentUrl":"https:\/\/secure.gravatar.com\/avatar\/c052a2551a06e23fac63626232eaa90abd78dbcf1700fc46a2b2c89fd27b735f?s=96&d=mm&r=g","caption":"Redacci\u00f3n A Nova Peneira"},"sameAs":["http:\/\/www.anovapeneira.gal\/"],"url":"https:\/\/www.anovapeneira.gal\/index.php\/author\/redactor\/"}]}},"jetpack_featured_media_url":"https:\/\/www.anovapeneira.gal\/wp-content\/uploads\/2024\/05\/ponton_xuventude_coruna.jpg","_links":{"self":[{"href":"https:\/\/www.anovapeneira.gal\/index.php\/wp-json\/wp\/v2\/posts\/11824","targetHints":{"allow":["GET"]}}],"collection":[{"href":"https:\/\/www.anovapeneira.gal\/index.php\/wp-json\/wp\/v2\/posts"}],"about":[{"href":"https:\/\/www.anovapeneira.gal\/index.php\/wp-json\/wp\/v2\/types\/post"}],"author":[{"embeddable":true,"href":"https:\/\/www.anovapeneira.gal\/index.php\/wp-json\/wp\/v2\/users\/3"}],"replies":[{"embeddable":true,"href":"https:\/\/www.anovapeneira.gal\/index.php\/wp-json\/wp\/v2\/comments?post=11824"}],"version-history":[{"count":1,"href":"https:\/\/www.anovapeneira.gal\/index.php\/wp-json\/wp\/v2\/posts\/11824\/revisions"}],"predecessor-version":[{"id":11826,"href":"https:\/\/www.anovapeneira.gal\/index.php\/wp-json\/wp\/v2\/posts\/11824\/revisions\/11826"}],"wp:featuredmedia":[{"embeddable":true,"href":"https:\/\/www.anovapeneira.gal\/index.php\/wp-json\/wp\/v2\/media\/11825"}],"wp:attachment":[{"href":"https:\/\/www.anovapeneira.gal\/index.php\/wp-json\/wp\/v2\/media?parent=11824"}],"wp:term":[{"taxonomy":"category","embeddable":true,"href":"https:\/\/www.anovapeneira.gal\/index.php\/wp-json\/wp\/v2\/categories?post=11824"},{"taxonomy":"post_tag","embeddable":true,"href":"https:\/\/www.anovapeneira.gal\/index.php\/wp-json\/wp\/v2\/tags?post=11824"}],"curies":[{"name":"wp","href":"https:\/\/api.w.org\/{rel}","templated":true}]}}