{"id":11850,"date":"2024-06-07T10:00:47","date_gmt":"2024-06-07T08:00:47","guid":{"rendered":"https:\/\/www.anovapeneira.gal\/?p=11850"},"modified":"2024-06-05T10:44:11","modified_gmt":"2024-06-05T08:44:11","slug":"traballo-por-proxectos-e-innovacion-marcan-o-labor-educativo-das-cinco-aulas-do-cra-mestra-clara-torres","status":"publish","type":"post","link":"https:\/\/www.anovapeneira.gal\/index.php\/2024\/06\/07\/traballo-por-proxectos-e-innovacion-marcan-o-labor-educativo-das-cinco-aulas-do-cra-mestra-clara-torres\/","title":{"rendered":"Traballo por proxectos e innovaci\u00f3n marcan o labor educativo das cinco aulas do CRA Mestra Clara Torres"},"content":{"rendered":"\n<h2 class=\"wp-block-heading\">O pr\u00f3ximo curso continuar\u00e1n nas aulas de Areas, Baldr\u00e1ns, Guillarei, Pexegueiro e Ribadelouro ofrecendo a escolarizaci\u00f3n dos nenos e nenas de 3 a 6 anos na s\u00faa contorna<\/h2>\n\n\n\n<p><strong>Tui. Xoves, 23 de maio de 2024<\/strong><\/p>\n\n\n\n<p>Unha metodolox\u00eda activa con traballo por proxectos \u00e9 a que ofrece o Colexio Rural Agrupado Mestra Clara Torres de Tui. Estes enfoques buscan romper as barreiras tradicionais do aprendizaxe, ofrecendo unha experiencia educativa m\u00e1is rica e significativa. A s\u00faa \u00e9 unha aposta porque os nenos e nenas de entre 3 e 6 anos se escolaricen na s\u00faa contorna m\u00e1is pr\u00f3xima creando comunidade e abrindo as aulas \u00e1 participaci\u00f3n das familias. O CRA Mestra Clara Torres conta con aulas Areas, Baldr\u00e1ns, Guillarei, Pexegueiro e Ribadelouro estando a s\u00faa sede na antiga aula das Bornetas.<\/p>\n\n\n\n<p>O CRA Mestra Clara Torres ofrece innovaci\u00f3n nas s\u00faas aulas, \u00e9 un centro pluriling\u00fce, con aulas mixtas, que promove a inclusi\u00f3n e a aprendizaxe colaborativa. Este mesmo curso na sede inauguraron unha aula Maker, na que se propicia a convivencia entre o alumnado e o profesorado das distintas aulas. O centro busca tam\u00e9n facilitar a conciliaci\u00f3n da vida laboral e familiar, e que os nenos poidan acudir ao colexio no seu entorno m\u00e1is pr\u00f3ximo, polo que ofertan tanto aula matinal coma comedor. Trece profesores e profesoras distrib\u00faense nas cinco aulas do CRA, formando parte tam\u00e9n equipo unha orientadora e un profesor ou profesora de relixi\u00f3n. Nos \u00faltimos anos, a trav\u00e9s do programa Generaci\u00f3n Docentes da Fundaci\u00f3n Princesa de Girona reciben en pr\u00e1cticas a alumnado que cursa o Grao en Educaci\u00f3n en distintas universidades espa\u00f1olas, nunha experiencia que resulta enriquecedora tanto para o ou a bolseira, como para o profesorado, o alumnado e as familias.<\/p>\n\n\n\n<p><strong>Reco\u00f1ecementos<\/strong><\/p>\n\n\n\n<p>O CRA Mesta Clara Torres recibiu en 2021 o reco\u00f1ecemento de Mellor Escola de Espa\u00f1a por parte da Fundaci\u00f3n Princesa de Girona. O propio Concello de Tui reco\u00f1eceu a s\u00faa traxectoria outorg\u00e1ndolle a Medalla de Ouro.<\/p>\n\n\n\n<p>Os ODS, Obxectivos de Desenvolvemento Sostibles, e a Axenda 2030, est\u00e1n moi presente ao longo do curso escolar no proxecto educativo do centro, do mesmo xeito que as celebraci\u00f3ns ou tradici\u00f3ns da parroquias nas que est\u00e1n ubicadas cada unha das aulas. Cumpren as\u00ed un dobre obxectivo, int\u00e9granse na comunidade parroquial, e ao tempo prestan o servizo de escolarizaci\u00f3n, na propia contorna dos nenos e nenas. Con isto propician o asentamento da poboaci\u00f3n ao prestar un servizo b\u00e1sico \u00e1 cidadan\u00eda. Tam\u00e9n \u00e9 moi enriquecedor, tanto para o alumnado coma para o profesorado, a convivencia na mesma aula de nenos e nenas de idades entre os 3 e os 6 anos.<\/p>\n\n\n\n<p>O CRA Mestra Clara Torres continuar\u00e1 desenvolvendo o seu proxecto educativo o pr\u00f3ximo curso 2024\/25 nas cinco aulas que ten ao longo do termo municipal en Areas, Baldr\u00e1ns, Guillarei, Pexegueiro e Ribadelouro.<\/p>\n","protected":false},"excerpt":{"rendered":"<div class=\"mh-excerpt\"><p>O pr\u00f3ximo curso continuar\u00e1n nas aulas de Areas, Baldr\u00e1ns, Guillarei, Pexegueiro e Ribadelouro ofrecendo a escolarizaci\u00f3n dos nenos e nenas de 3 a 6 anos na s\u00faa contorna <a class=\"mh-excerpt-more\" href=\"https:\/\/www.anovapeneira.gal\/index.php\/2024\/06\/07\/traballo-por-proxectos-e-innovacion-marcan-o-labor-educativo-das-cinco-aulas-do-cra-mestra-clara-torres\/\" title=\"Traballo por proxectos e innovaci\u00f3n marcan o labor educativo das cinco aulas do CRA Mestra Clara Torres\">[&#8230;]<\/a><\/p>\n<\/div>","protected":false},"author":3,"featured_media":11851,"comment_status":"open","ping_status":"open","sticky":false,"template":"","format":"standard","meta":{"_exactmetrics_skip_tracking":false,"_exactmetrics_sitenote_active":false,"_exactmetrics_sitenote_note":"","_exactmetrics_sitenote_category":0,"footnotes":""},"categories":[21],"tags":[426],"class_list":{"0":"post-11850","1":"post","2":"type-post","3":"status-publish","4":"format-standard","5":"has-post-thumbnail","7":"category-baixo-mino","8":"tag-concello-de-tui"},"yoast_head":"<!-- This site is optimized with the Yoast SEO plugin v27.4 - https:\/\/yoast.com\/product\/yoast-seo-wordpress\/ -->\n<title>Traballo por proxectos e innovaci\u00f3n marcan o labor educativo das cinco aulas do CRA Mestra Clara Torres -<\/title>\n<meta name=\"robots\" content=\"index, follow, max-snippet:-1, max-image-preview:large, max-video-preview:-1\" \/>\n<link rel=\"canonical\" href=\"https:\/\/www.anovapeneira.gal\/index.php\/2024\/06\/07\/traballo-por-proxectos-e-innovacion-marcan-o-labor-educativo-das-cinco-aulas-do-cra-mestra-clara-torres\/\" \/>\n<meta property=\"og:locale\" content=\"gl_ES\" \/>\n<meta property=\"og:type\" content=\"article\" \/>\n<meta property=\"og:title\" content=\"Traballo por proxectos e innovaci\u00f3n marcan o labor educativo das cinco aulas do CRA Mestra Clara Torres -\" \/>\n<meta property=\"og:description\" content=\"O pr\u00f3ximo curso continuar\u00e1n nas aulas de Areas, Baldr\u00e1ns, Guillarei, Pexegueiro e Ribadelouro ofrecendo a escolarizaci\u00f3n dos nenos e nenas de 3 a 6 anos na s\u00faa contorna [...]\" \/>\n<meta property=\"og:url\" content=\"https:\/\/www.anovapeneira.gal\/index.php\/2024\/06\/07\/traballo-por-proxectos-e-innovacion-marcan-o-labor-educativo-das-cinco-aulas-do-cra-mestra-clara-torres\/\" \/>\n<meta property=\"article:publisher\" content=\"https:\/\/www.facebook.com\/anovapeneira\" \/>\n<meta property=\"article:published_time\" content=\"2024-06-07T08:00:47+00:00\" \/>\n<meta property=\"og:image\" content=\"https:\/\/www.anovapeneira.gal\/wp-content\/uploads\/2024\/06\/Clara_torres.jpg\" \/>\n\t<meta property=\"og:image:width\" content=\"720\" \/>\n\t<meta property=\"og:image:height\" content=\"432\" \/>\n\t<meta property=\"og:image:type\" content=\"image\/jpeg\" \/>\n<meta name=\"author\" content=\"Redacci\u00f3n A Nova Peneira\" \/>\n<meta name=\"twitter:card\" content=\"summary_large_image\" \/>\n<meta name=\"twitter:creator\" content=\"@APeneira\" \/>\n<meta name=\"twitter:site\" content=\"@APeneira\" \/>\n<meta name=\"twitter:label1\" content=\"Escrito por\" \/>\n\t<meta name=\"twitter:data1\" content=\"Redacci\u00f3n A Nova Peneira\" \/>\n\t<meta name=\"twitter:label2\" content=\"Tempo de lectura\" \/>\n\t<meta name=\"twitter:data2\" content=\"3 minutos\" \/>\n<script type=\"application\/ld+json\" class=\"yoast-schema-graph\">{\"@context\":\"https:\\\/\\\/schema.org\",\"@graph\":[{\"@type\":\"Article\",\"@id\":\"https:\\\/\\\/www.anovapeneira.gal\\\/index.php\\\/2024\\\/06\\\/07\\\/traballo-por-proxectos-e-innovacion-marcan-o-labor-educativo-das-cinco-aulas-do-cra-mestra-clara-torres\\\/#article\",\"isPartOf\":{\"@id\":\"https:\\\/\\\/www.anovapeneira.gal\\\/index.php\\\/2024\\\/06\\\/07\\\/traballo-por-proxectos-e-innovacion-marcan-o-labor-educativo-das-cinco-aulas-do-cra-mestra-clara-torres\\\/\"},\"author\":{\"name\":\"Redacci\u00f3n A Nova Peneira\",\"@id\":\"https:\\\/\\\/www.anovapeneira.gal\\\/#\\\/schema\\\/person\\\/b93e3f8932e3f8da96334607eb6ac6aa\"},\"headline\":\"Traballo por proxectos e innovaci\u00f3n marcan o labor educativo das cinco aulas do CRA Mestra Clara Torres\",\"datePublished\":\"2024-06-07T08:00:47+00:00\",\"mainEntityOfPage\":{\"@id\":\"https:\\\/\\\/www.anovapeneira.gal\\\/index.php\\\/2024\\\/06\\\/07\\\/traballo-por-proxectos-e-innovacion-marcan-o-labor-educativo-das-cinco-aulas-do-cra-mestra-clara-torres\\\/\"},\"wordCount\":511,\"commentCount\":0,\"publisher\":{\"@id\":\"https:\\\/\\\/www.anovapeneira.gal\\\/#organization\"},\"image\":{\"@id\":\"https:\\\/\\\/www.anovapeneira.gal\\\/index.php\\\/2024\\\/06\\\/07\\\/traballo-por-proxectos-e-innovacion-marcan-o-labor-educativo-das-cinco-aulas-do-cra-mestra-clara-torres\\\/#primaryimage\"},\"thumbnailUrl\":\"https:\\\/\\\/www.anovapeneira.gal\\\/wp-content\\\/uploads\\\/2024\\\/06\\\/Clara_torres.jpg\",\"keywords\":[\"Concello de Tui\"],\"articleSection\":[\"Baixo Mi\u00f1o\"],\"inLanguage\":\"gl-ES\",\"potentialAction\":[{\"@type\":\"CommentAction\",\"name\":\"Comment\",\"target\":[\"https:\\\/\\\/www.anovapeneira.gal\\\/index.php\\\/2024\\\/06\\\/07\\\/traballo-por-proxectos-e-innovacion-marcan-o-labor-educativo-das-cinco-aulas-do-cra-mestra-clara-torres\\\/#respond\"]}]},{\"@type\":\"WebPage\",\"@id\":\"https:\\\/\\\/www.anovapeneira.gal\\\/index.php\\\/2024\\\/06\\\/07\\\/traballo-por-proxectos-e-innovacion-marcan-o-labor-educativo-das-cinco-aulas-do-cra-mestra-clara-torres\\\/\",\"url\":\"https:\\\/\\\/www.anovapeneira.gal\\\/index.php\\\/2024\\\/06\\\/07\\\/traballo-por-proxectos-e-innovacion-marcan-o-labor-educativo-das-cinco-aulas-do-cra-mestra-clara-torres\\\/\",\"name\":\"Traballo por proxectos e innovaci\u00f3n marcan o labor educativo das cinco aulas do CRA Mestra Clara Torres -\",\"isPartOf\":{\"@id\":\"https:\\\/\\\/www.anovapeneira.gal\\\/#website\"},\"primaryImageOfPage\":{\"@id\":\"https:\\\/\\\/www.anovapeneira.gal\\\/index.php\\\/2024\\\/06\\\/07\\\/traballo-por-proxectos-e-innovacion-marcan-o-labor-educativo-das-cinco-aulas-do-cra-mestra-clara-torres\\\/#primaryimage\"},\"image\":{\"@id\":\"https:\\\/\\\/www.anovapeneira.gal\\\/index.php\\\/2024\\\/06\\\/07\\\/traballo-por-proxectos-e-innovacion-marcan-o-labor-educativo-das-cinco-aulas-do-cra-mestra-clara-torres\\\/#primaryimage\"},\"thumbnailUrl\":\"https:\\\/\\\/www.anovapeneira.gal\\\/wp-content\\\/uploads\\\/2024\\\/06\\\/Clara_torres.jpg\",\"datePublished\":\"2024-06-07T08:00:47+00:00\",\"breadcrumb\":{\"@id\":\"https:\\\/\\\/www.anovapeneira.gal\\\/index.php\\\/2024\\\/06\\\/07\\\/traballo-por-proxectos-e-innovacion-marcan-o-labor-educativo-das-cinco-aulas-do-cra-mestra-clara-torres\\\/#breadcrumb\"},\"inLanguage\":\"gl-ES\",\"potentialAction\":[{\"@type\":\"ReadAction\",\"target\":[\"https:\\\/\\\/www.anovapeneira.gal\\\/index.php\\\/2024\\\/06\\\/07\\\/traballo-por-proxectos-e-innovacion-marcan-o-labor-educativo-das-cinco-aulas-do-cra-mestra-clara-torres\\\/\"]}]},{\"@type\":\"ImageObject\",\"inLanguage\":\"gl-ES\",\"@id\":\"https:\\\/\\\/www.anovapeneira.gal\\\/index.php\\\/2024\\\/06\\\/07\\\/traballo-por-proxectos-e-innovacion-marcan-o-labor-educativo-das-cinco-aulas-do-cra-mestra-clara-torres\\\/#primaryimage\",\"url\":\"https:\\\/\\\/www.anovapeneira.gal\\\/wp-content\\\/uploads\\\/2024\\\/06\\\/Clara_torres.jpg\",\"contentUrl\":\"https:\\\/\\\/www.anovapeneira.gal\\\/wp-content\\\/uploads\\\/2024\\\/06\\\/Clara_torres.jpg\",\"width\":720,\"height\":432,\"caption\":\"CRA Mestra Clara Torres\"},{\"@type\":\"BreadcrumbList\",\"@id\":\"https:\\\/\\\/www.anovapeneira.gal\\\/index.php\\\/2024\\\/06\\\/07\\\/traballo-por-proxectos-e-innovacion-marcan-o-labor-educativo-das-cinco-aulas-do-cra-mestra-clara-torres\\\/#breadcrumb\",\"itemListElement\":[{\"@type\":\"ListItem\",\"position\":1,\"name\":\"Portada\",\"item\":\"https:\\\/\\\/www.anovapeneira.gal\\\/\"},{\"@type\":\"ListItem\",\"position\":2,\"name\":\"Traballo por proxectos e innovaci\u00f3n marcan o labor educativo das cinco aulas do CRA Mestra Clara Torres\"}]},{\"@type\":\"WebSite\",\"@id\":\"https:\\\/\\\/www.anovapeneira.gal\\\/#website\",\"url\":\"https:\\\/\\\/www.anovapeneira.gal\\\/\",\"name\":\"\",\"description\":\"Xornal galego de informaci\u00f3n xeral Publicaci\u00f3n mensual de novas de Galicia e en especial dos Concellos da sur da provincia de Pontevedra.\",\"publisher\":{\"@id\":\"https:\\\/\\\/www.anovapeneira.gal\\\/#organization\"},\"potentialAction\":[{\"@type\":\"SearchAction\",\"target\":{\"@type\":\"EntryPoint\",\"urlTemplate\":\"https:\\\/\\\/www.anovapeneira.gal\\\/?s={search_term_string}\"},\"query-input\":{\"@type\":\"PropertyValueSpecification\",\"valueRequired\":true,\"valueName\":\"search_term_string\"}}],\"inLanguage\":\"gl-ES\"},{\"@type\":\"Organization\",\"@id\":\"https:\\\/\\\/www.anovapeneira.gal\\\/#organization\",\"name\":\"A Nova Peneira\",\"url\":\"https:\\\/\\\/www.anovapeneira.gal\\\/\",\"logo\":{\"@type\":\"ImageObject\",\"inLanguage\":\"gl-ES\",\"@id\":\"https:\\\/\\\/www.anovapeneira.gal\\\/#\\\/schema\\\/logo\\\/image\\\/\",\"url\":\"http:\\\/\\\/www.anovapeneira.gal\\\/wp-content\\\/uploads\\\/2019\\\/06\\\/logo_a_nova_peneira_portal_web.png\",\"contentUrl\":\"http:\\\/\\\/www.anovapeneira.gal\\\/wp-content\\\/uploads\\\/2019\\\/06\\\/logo_a_nova_peneira_portal_web.png\",\"width\":300,\"height\":100,\"caption\":\"A Nova Peneira\"},\"image\":{\"@id\":\"https:\\\/\\\/www.anovapeneira.gal\\\/#\\\/schema\\\/logo\\\/image\\\/\"},\"sameAs\":[\"https:\\\/\\\/www.facebook.com\\\/anovapeneira\",\"https:\\\/\\\/x.com\\\/APeneira\"]},{\"@type\":\"Person\",\"@id\":\"https:\\\/\\\/www.anovapeneira.gal\\\/#\\\/schema\\\/person\\\/b93e3f8932e3f8da96334607eb6ac6aa\",\"name\":\"Redacci\u00f3n A Nova Peneira\",\"image\":{\"@type\":\"ImageObject\",\"inLanguage\":\"gl-ES\",\"@id\":\"https:\\\/\\\/secure.gravatar.com\\\/avatar\\\/c052a2551a06e23fac63626232eaa90abd78dbcf1700fc46a2b2c89fd27b735f?s=96&d=mm&r=g\",\"url\":\"https:\\\/\\\/secure.gravatar.com\\\/avatar\\\/c052a2551a06e23fac63626232eaa90abd78dbcf1700fc46a2b2c89fd27b735f?s=96&d=mm&r=g\",\"contentUrl\":\"https:\\\/\\\/secure.gravatar.com\\\/avatar\\\/c052a2551a06e23fac63626232eaa90abd78dbcf1700fc46a2b2c89fd27b735f?s=96&d=mm&r=g\",\"caption\":\"Redacci\u00f3n A Nova Peneira\"},\"sameAs\":[\"http:\\\/\\\/www.anovapeneira.gal\\\/\"],\"url\":\"https:\\\/\\\/www.anovapeneira.gal\\\/index.php\\\/author\\\/redactor\\\/\"}]}<\/script>\n<!-- \/ Yoast SEO plugin. -->","yoast_head_json":{"title":"Traballo por proxectos e innovaci\u00f3n marcan o labor educativo das cinco aulas do CRA Mestra Clara Torres -","robots":{"index":"index","follow":"follow","max-snippet":"max-snippet:-1","max-image-preview":"max-image-preview:large","max-video-preview":"max-video-preview:-1"},"canonical":"https:\/\/www.anovapeneira.gal\/index.php\/2024\/06\/07\/traballo-por-proxectos-e-innovacion-marcan-o-labor-educativo-das-cinco-aulas-do-cra-mestra-clara-torres\/","og_locale":"gl_ES","og_type":"article","og_title":"Traballo por proxectos e innovaci\u00f3n marcan o labor educativo das cinco aulas do CRA Mestra Clara Torres -","og_description":"O pr\u00f3ximo curso continuar\u00e1n nas aulas de Areas, Baldr\u00e1ns, Guillarei, Pexegueiro e Ribadelouro ofrecendo a escolarizaci\u00f3n dos nenos e nenas de 3 a 6 anos na s\u00faa contorna [...]","og_url":"https:\/\/www.anovapeneira.gal\/index.php\/2024\/06\/07\/traballo-por-proxectos-e-innovacion-marcan-o-labor-educativo-das-cinco-aulas-do-cra-mestra-clara-torres\/","article_publisher":"https:\/\/www.facebook.com\/anovapeneira","article_published_time":"2024-06-07T08:00:47+00:00","og_image":[{"width":720,"height":432,"url":"https:\/\/www.anovapeneira.gal\/wp-content\/uploads\/2024\/06\/Clara_torres.jpg","type":"image\/jpeg"}],"author":"Redacci\u00f3n A Nova Peneira","twitter_card":"summary_large_image","twitter_creator":"@APeneira","twitter_site":"@APeneira","twitter_misc":{"Escrito por":"Redacci\u00f3n A Nova Peneira","Tempo de lectura":"3 minutos"},"schema":{"@context":"https:\/\/schema.org","@graph":[{"@type":"Article","@id":"https:\/\/www.anovapeneira.gal\/index.php\/2024\/06\/07\/traballo-por-proxectos-e-innovacion-marcan-o-labor-educativo-das-cinco-aulas-do-cra-mestra-clara-torres\/#article","isPartOf":{"@id":"https:\/\/www.anovapeneira.gal\/index.php\/2024\/06\/07\/traballo-por-proxectos-e-innovacion-marcan-o-labor-educativo-das-cinco-aulas-do-cra-mestra-clara-torres\/"},"author":{"name":"Redacci\u00f3n A Nova Peneira","@id":"https:\/\/www.anovapeneira.gal\/#\/schema\/person\/b93e3f8932e3f8da96334607eb6ac6aa"},"headline":"Traballo por proxectos e innovaci\u00f3n marcan o labor educativo das cinco aulas do CRA Mestra Clara Torres","datePublished":"2024-06-07T08:00:47+00:00","mainEntityOfPage":{"@id":"https:\/\/www.anovapeneira.gal\/index.php\/2024\/06\/07\/traballo-por-proxectos-e-innovacion-marcan-o-labor-educativo-das-cinco-aulas-do-cra-mestra-clara-torres\/"},"wordCount":511,"commentCount":0,"publisher":{"@id":"https:\/\/www.anovapeneira.gal\/#organization"},"image":{"@id":"https:\/\/www.anovapeneira.gal\/index.php\/2024\/06\/07\/traballo-por-proxectos-e-innovacion-marcan-o-labor-educativo-das-cinco-aulas-do-cra-mestra-clara-torres\/#primaryimage"},"thumbnailUrl":"https:\/\/www.anovapeneira.gal\/wp-content\/uploads\/2024\/06\/Clara_torres.jpg","keywords":["Concello de Tui"],"articleSection":["Baixo Mi\u00f1o"],"inLanguage":"gl-ES","potentialAction":[{"@type":"CommentAction","name":"Comment","target":["https:\/\/www.anovapeneira.gal\/index.php\/2024\/06\/07\/traballo-por-proxectos-e-innovacion-marcan-o-labor-educativo-das-cinco-aulas-do-cra-mestra-clara-torres\/#respond"]}]},{"@type":"WebPage","@id":"https:\/\/www.anovapeneira.gal\/index.php\/2024\/06\/07\/traballo-por-proxectos-e-innovacion-marcan-o-labor-educativo-das-cinco-aulas-do-cra-mestra-clara-torres\/","url":"https:\/\/www.anovapeneira.gal\/index.php\/2024\/06\/07\/traballo-por-proxectos-e-innovacion-marcan-o-labor-educativo-das-cinco-aulas-do-cra-mestra-clara-torres\/","name":"Traballo por proxectos e innovaci\u00f3n marcan o labor educativo das cinco aulas do CRA Mestra Clara Torres -","isPartOf":{"@id":"https:\/\/www.anovapeneira.gal\/#website"},"primaryImageOfPage":{"@id":"https:\/\/www.anovapeneira.gal\/index.php\/2024\/06\/07\/traballo-por-proxectos-e-innovacion-marcan-o-labor-educativo-das-cinco-aulas-do-cra-mestra-clara-torres\/#primaryimage"},"image":{"@id":"https:\/\/www.anovapeneira.gal\/index.php\/2024\/06\/07\/traballo-por-proxectos-e-innovacion-marcan-o-labor-educativo-das-cinco-aulas-do-cra-mestra-clara-torres\/#primaryimage"},"thumbnailUrl":"https:\/\/www.anovapeneira.gal\/wp-content\/uploads\/2024\/06\/Clara_torres.jpg","datePublished":"2024-06-07T08:00:47+00:00","breadcrumb":{"@id":"https:\/\/www.anovapeneira.gal\/index.php\/2024\/06\/07\/traballo-por-proxectos-e-innovacion-marcan-o-labor-educativo-das-cinco-aulas-do-cra-mestra-clara-torres\/#breadcrumb"},"inLanguage":"gl-ES","potentialAction":[{"@type":"ReadAction","target":["https:\/\/www.anovapeneira.gal\/index.php\/2024\/06\/07\/traballo-por-proxectos-e-innovacion-marcan-o-labor-educativo-das-cinco-aulas-do-cra-mestra-clara-torres\/"]}]},{"@type":"ImageObject","inLanguage":"gl-ES","@id":"https:\/\/www.anovapeneira.gal\/index.php\/2024\/06\/07\/traballo-por-proxectos-e-innovacion-marcan-o-labor-educativo-das-cinco-aulas-do-cra-mestra-clara-torres\/#primaryimage","url":"https:\/\/www.anovapeneira.gal\/wp-content\/uploads\/2024\/06\/Clara_torres.jpg","contentUrl":"https:\/\/www.anovapeneira.gal\/wp-content\/uploads\/2024\/06\/Clara_torres.jpg","width":720,"height":432,"caption":"CRA Mestra Clara Torres"},{"@type":"BreadcrumbList","@id":"https:\/\/www.anovapeneira.gal\/index.php\/2024\/06\/07\/traballo-por-proxectos-e-innovacion-marcan-o-labor-educativo-das-cinco-aulas-do-cra-mestra-clara-torres\/#breadcrumb","itemListElement":[{"@type":"ListItem","position":1,"name":"Portada","item":"https:\/\/www.anovapeneira.gal\/"},{"@type":"ListItem","position":2,"name":"Traballo por proxectos e innovaci\u00f3n marcan o labor educativo das cinco aulas do CRA Mestra Clara Torres"}]},{"@type":"WebSite","@id":"https:\/\/www.anovapeneira.gal\/#website","url":"https:\/\/www.anovapeneira.gal\/","name":"","description":"Xornal galego de informaci\u00f3n xeral Publicaci\u00f3n mensual de novas de Galicia e en especial dos Concellos da sur da provincia de Pontevedra.","publisher":{"@id":"https:\/\/www.anovapeneira.gal\/#organization"},"potentialAction":[{"@type":"SearchAction","target":{"@type":"EntryPoint","urlTemplate":"https:\/\/www.anovapeneira.gal\/?s={search_term_string}"},"query-input":{"@type":"PropertyValueSpecification","valueRequired":true,"valueName":"search_term_string"}}],"inLanguage":"gl-ES"},{"@type":"Organization","@id":"https:\/\/www.anovapeneira.gal\/#organization","name":"A Nova Peneira","url":"https:\/\/www.anovapeneira.gal\/","logo":{"@type":"ImageObject","inLanguage":"gl-ES","@id":"https:\/\/www.anovapeneira.gal\/#\/schema\/logo\/image\/","url":"http:\/\/www.anovapeneira.gal\/wp-content\/uploads\/2019\/06\/logo_a_nova_peneira_portal_web.png","contentUrl":"http:\/\/www.anovapeneira.gal\/wp-content\/uploads\/2019\/06\/logo_a_nova_peneira_portal_web.png","width":300,"height":100,"caption":"A Nova Peneira"},"image":{"@id":"https:\/\/www.anovapeneira.gal\/#\/schema\/logo\/image\/"},"sameAs":["https:\/\/www.facebook.com\/anovapeneira","https:\/\/x.com\/APeneira"]},{"@type":"Person","@id":"https:\/\/www.anovapeneira.gal\/#\/schema\/person\/b93e3f8932e3f8da96334607eb6ac6aa","name":"Redacci\u00f3n A Nova Peneira","image":{"@type":"ImageObject","inLanguage":"gl-ES","@id":"https:\/\/secure.gravatar.com\/avatar\/c052a2551a06e23fac63626232eaa90abd78dbcf1700fc46a2b2c89fd27b735f?s=96&d=mm&r=g","url":"https:\/\/secure.gravatar.com\/avatar\/c052a2551a06e23fac63626232eaa90abd78dbcf1700fc46a2b2c89fd27b735f?s=96&d=mm&r=g","contentUrl":"https:\/\/secure.gravatar.com\/avatar\/c052a2551a06e23fac63626232eaa90abd78dbcf1700fc46a2b2c89fd27b735f?s=96&d=mm&r=g","caption":"Redacci\u00f3n A Nova Peneira"},"sameAs":["http:\/\/www.anovapeneira.gal\/"],"url":"https:\/\/www.anovapeneira.gal\/index.php\/author\/redactor\/"}]}},"jetpack_featured_media_url":"https:\/\/www.anovapeneira.gal\/wp-content\/uploads\/2024\/06\/Clara_torres.jpg","_links":{"self":[{"href":"https:\/\/www.anovapeneira.gal\/index.php\/wp-json\/wp\/v2\/posts\/11850","targetHints":{"allow":["GET"]}}],"collection":[{"href":"https:\/\/www.anovapeneira.gal\/index.php\/wp-json\/wp\/v2\/posts"}],"about":[{"href":"https:\/\/www.anovapeneira.gal\/index.php\/wp-json\/wp\/v2\/types\/post"}],"author":[{"embeddable":true,"href":"https:\/\/www.anovapeneira.gal\/index.php\/wp-json\/wp\/v2\/users\/3"}],"replies":[{"embeddable":true,"href":"https:\/\/www.anovapeneira.gal\/index.php\/wp-json\/wp\/v2\/comments?post=11850"}],"version-history":[{"count":1,"href":"https:\/\/www.anovapeneira.gal\/index.php\/wp-json\/wp\/v2\/posts\/11850\/revisions"}],"predecessor-version":[{"id":11852,"href":"https:\/\/www.anovapeneira.gal\/index.php\/wp-json\/wp\/v2\/posts\/11850\/revisions\/11852"}],"wp:featuredmedia":[{"embeddable":true,"href":"https:\/\/www.anovapeneira.gal\/index.php\/wp-json\/wp\/v2\/media\/11851"}],"wp:attachment":[{"href":"https:\/\/www.anovapeneira.gal\/index.php\/wp-json\/wp\/v2\/media?parent=11850"}],"wp:term":[{"taxonomy":"category","embeddable":true,"href":"https:\/\/www.anovapeneira.gal\/index.php\/wp-json\/wp\/v2\/categories?post=11850"},{"taxonomy":"post_tag","embeddable":true,"href":"https:\/\/www.anovapeneira.gal\/index.php\/wp-json\/wp\/v2\/tags?post=11850"}],"curies":[{"name":"wp","href":"https:\/\/api.w.org\/{rel}","templated":true}]}}