{"id":11869,"date":"2024-06-12T10:00:49","date_gmt":"2024-06-12T08:00:49","guid":{"rendered":"https:\/\/www.anovapeneira.gal\/?p=11869"},"modified":"2024-06-13T12:53:10","modified_gmt":"2024-06-13T10:53:10","slug":"son-os-cartos-os-que-mandan-no-mundo","status":"publish","type":"post","link":"https:\/\/www.anovapeneira.gal\/index.php\/2024\/06\/12\/son-os-cartos-os-que-mandan-no-mundo\/","title":{"rendered":"Son os cartos os que mandan no mundo"},"content":{"rendered":"\n<p>(E funcionan como un Club de elite)<\/p>\n\n\n\n<pre class=\"wp-block-verse\">Manuel Alfonso Est\u00e9vez<\/pre>\n\n\n\n<p>E ningu\u00e9n manda mais que o SANTO DI\u00d1EIRO, e as\u00ed vamos la andando, e formando parte desta Axenda, co terrorismo de Mosc\u00fa, coa guerra de Ucrania, Ir\u00e1n, Palestina, Israel; a intelixencia artificial, e toda a crise mundial que nos afecta a todos nuns momentos de desorde mundial.<\/p>\n\n\n\n<p>Toda unha Econom\u00eda, sen \u00e9tica, onde os malvados, est\u00e1n desfacendo a natureza do planeta, e sobre todo a especie humana.<\/p>\n\n\n\n<p>Asi vemos a mulleres e homes, sacrificados polos \u00eddolos do beneficio e consumismo, e a cultura nunha desfeita. A perda dun ordenador, por exemplo, \u00e9 unha pobreza e chamada a humanidade\u2026<\/p>\n\n\n\n<p>No mundo non mandan os homes, mandan os cartos, que custodian o Planeta enteiro.<\/p>\n\n\n\n<p>Nenos morrendo de fr\u00edo e fame, \u00a1Que importa! E normal, e ningu\u00e9n se escandaliza, pero si fallan as Finanzas, \u00a1Ollo! Que \u00e9 unha traxedia humana.<\/p>\n\n\n\n<p>E vergo\u00f1enta, como a vida humana se innive dos pobres, dos enfermos, dos que non serven, como os vellos, porque estamos na \u201ccultura da desfeita\u201d e non somos capaces de darlle valor o xusto, principio cooperativo que vai mais al\u00f3 da Econom\u00eda.<\/p>\n\n\n\n<p>\u00a1Que lonxe vivimos de respectar a Creaci\u00f3n do acordado da xente! Do contraste da cultura, co disipar e o desexo; da solidariedade, outro principio cooperativo, tan importante, como necesario. Actualmente nos gu\u00eda asoberbia do dominio, do posu\u00edr, da explotaci\u00f3n, etc.<\/p>\n\n\n\n<p>Hoxe, poder, di\u00f1eiro, influencias mandan no mundo; prensa, radio, tv. Falan permanentemente do verdadeiro poder do san cartos, que \u00e9 o mais importante da vida.<\/p>\n\n\n\n<p>O verdadeiro poder, \u00e9 a arma mais potente que combina Cartos e Influencias prest\u00e1ndose a modelar o mundo o seu antollo.<\/p>\n\n\n\n<p>Non fai falta mais que acender o televisor para ver como se move e funcionan as fortunas, os activos financeiros en t\u00f3dolos pa\u00edses do mundo. O impacto e o poder do algoritmo personalizado en cada un, e logo despois, as combinaci\u00f3ns m\u00e9tricas.<\/p>\n\n\n\n<p>Avergo\u00f1ado estou, de ver a lista dos mais de 50 actores, entre os rankings, reunidos coas s\u00faas orixes e historias que van mais al\u00f3 do que pasa na TV. Todos eles son unha empresa ou club, que controla o mundo, de grande calado, \u00e9 as ra\u00edces se estenden ata o infinito, en t\u00f3dolos sectores do planeta.<\/p>\n\n\n\n<p>Este Club de elite, que controla o mundo, ten capacidade de xesti\u00f3n financeira, dos Fondos de Inversi\u00f3n mais importantes do mundo, ten banco nos foros da Econom\u00eda, nos consellos de administraci\u00f3n, universidades e entidades financeiras privadas. \u00c9 imaxinable o control e os tent\u00e1culos, ante esta realidade.<\/p>\n\n\n\n<p>Un para todos e todos para un, outro principio cooperativo, que deber\u00edamos empregar n\u00f3s e non este Club de elite, e de grande calado para o control do mundo.<\/p>\n\n\n\n<p>E f\u00e1cil entender pois, a forma de xesti\u00f3n do control mundial das c\u00fapulas do poder. As guerras e os desaguisados pol\u00edticos mundiais dos que nos gobernan, son debidos a capacidade que te\u00f1en de aumentar o seu valor rapidamente, buscando movementos seguros, para aumentaren a s\u00faas grandes ganancias sen risco. E asi xestionan d\u00eda a d\u00eda, o poder\u00edo e a influencia que segue crecendo a cada segundo que pasa, e n\u00f3s aqu\u00ed seguindo na encrucillada.<\/p>\n","protected":false},"excerpt":{"rendered":"<div class=\"mh-excerpt\"><p>E ningu\u00e9n manda mais que o SANTO DI\u00d1EIRO, e as\u00ed vamos la andando, e formando parte desta Axenda, co terrorismo de Mosc\u00fa, coa guerra de Ucrania, Ir\u00e1n, Palestina, Israel; a intelixencia artificial, e toda a crise mundial que nos afecta a todos nuns momentos de desorde mundial <a class=\"mh-excerpt-more\" href=\"https:\/\/www.anovapeneira.gal\/index.php\/2024\/06\/12\/son-os-cartos-os-que-mandan-no-mundo\/\" title=\"Son os cartos os que mandan no mundo\">[&#8230;]<\/a><\/p>\n<\/div>","protected":false},"author":40,"featured_media":5108,"comment_status":"open","ping_status":"open","sticky":false,"template":"","format":"standard","meta":{"_exactmetrics_skip_tracking":false,"_exactmetrics_sitenote_active":false,"_exactmetrics_sitenote_note":"","_exactmetrics_sitenote_category":0,"footnotes":""},"categories":[7],"tags":[],"class_list":{"0":"post-11869","1":"post","2":"type-post","3":"status-publish","4":"format-standard","5":"has-post-thumbnail","7":"category-artigos-de-opinion"},"yoast_head":"<!-- This site is optimized with the Yoast SEO plugin v27.4 - https:\/\/yoast.com\/product\/yoast-seo-wordpress\/ -->\n<title>Son os cartos os que mandan no mundo -<\/title>\n<meta name=\"robots\" content=\"index, follow, max-snippet:-1, max-image-preview:large, max-video-preview:-1\" \/>\n<link rel=\"canonical\" href=\"https:\/\/www.anovapeneira.gal\/index.php\/2024\/06\/12\/son-os-cartos-os-que-mandan-no-mundo\/\" \/>\n<meta property=\"og:locale\" content=\"gl_ES\" \/>\n<meta property=\"og:type\" content=\"article\" \/>\n<meta property=\"og:title\" content=\"Son os cartos os que mandan no mundo -\" \/>\n<meta property=\"og:description\" content=\"E ningu\u00e9n manda mais que o SANTO DI\u00d1EIRO, e as\u00ed vamos la andando, e formando parte desta Axenda, co terrorismo de Mosc\u00fa, coa guerra de Ucrania, Ir\u00e1n, Palestina, Israel; a intelixencia artificial, e toda a crise mundial que nos afecta a todos nuns momentos de desorde mundial [...]\" \/>\n<meta property=\"og:url\" content=\"https:\/\/www.anovapeneira.gal\/index.php\/2024\/06\/12\/son-os-cartos-os-que-mandan-no-mundo\/\" \/>\n<meta property=\"article:publisher\" content=\"https:\/\/www.facebook.com\/anovapeneira\" \/>\n<meta property=\"article:published_time\" content=\"2024-06-12T08:00:49+00:00\" \/>\n<meta property=\"article:modified_time\" content=\"2024-06-13T10:53:10+00:00\" \/>\n<meta property=\"og:image\" content=\"https:\/\/www.anovapeneira.gal\/wp-content\/uploads\/2021\/03\/manuel_alfonso_estevez.jpg\" \/>\n\t<meta property=\"og:image:width\" content=\"720\" \/>\n\t<meta property=\"og:image:height\" content=\"432\" \/>\n\t<meta property=\"og:image:type\" content=\"image\/jpeg\" \/>\n<meta name=\"author\" content=\"Manuel Alfonso Est\u00e9vez\" \/>\n<meta name=\"twitter:card\" content=\"summary_large_image\" \/>\n<meta name=\"twitter:creator\" content=\"@APeneira\" \/>\n<meta name=\"twitter:site\" content=\"@APeneira\" \/>\n<meta name=\"twitter:label1\" content=\"Escrito por\" \/>\n\t<meta name=\"twitter:data1\" content=\"Manuel Alfonso Est\u00e9vez\" \/>\n\t<meta name=\"twitter:label2\" content=\"Tempo de lectura\" \/>\n\t<meta name=\"twitter:data2\" content=\"4 minutos\" \/>\n<script type=\"application\/ld+json\" class=\"yoast-schema-graph\">{\"@context\":\"https:\\\/\\\/schema.org\",\"@graph\":[{\"@type\":\"Article\",\"@id\":\"https:\\\/\\\/www.anovapeneira.gal\\\/index.php\\\/2024\\\/06\\\/12\\\/son-os-cartos-os-que-mandan-no-mundo\\\/#article\",\"isPartOf\":{\"@id\":\"https:\\\/\\\/www.anovapeneira.gal\\\/index.php\\\/2024\\\/06\\\/12\\\/son-os-cartos-os-que-mandan-no-mundo\\\/\"},\"author\":{\"name\":\"Manuel Alfonso Est\u00e9vez\",\"@id\":\"https:\\\/\\\/www.anovapeneira.gal\\\/#\\\/schema\\\/person\\\/6561b93d53e7a32f5d814768163bae2a\"},\"headline\":\"Son os cartos os que mandan no mundo\",\"datePublished\":\"2024-06-12T08:00:49+00:00\",\"dateModified\":\"2024-06-13T10:53:10+00:00\",\"mainEntityOfPage\":{\"@id\":\"https:\\\/\\\/www.anovapeneira.gal\\\/index.php\\\/2024\\\/06\\\/12\\\/son-os-cartos-os-que-mandan-no-mundo\\\/\"},\"wordCount\":560,\"commentCount\":0,\"publisher\":{\"@id\":\"https:\\\/\\\/www.anovapeneira.gal\\\/#organization\"},\"image\":{\"@id\":\"https:\\\/\\\/www.anovapeneira.gal\\\/index.php\\\/2024\\\/06\\\/12\\\/son-os-cartos-os-que-mandan-no-mundo\\\/#primaryimage\"},\"thumbnailUrl\":\"https:\\\/\\\/www.anovapeneira.gal\\\/wp-content\\\/uploads\\\/2021\\\/03\\\/manuel_alfonso_estevez.jpg\",\"articleSection\":[\"Artigos de opini\u00f3n\"],\"inLanguage\":\"gl-ES\",\"potentialAction\":[{\"@type\":\"CommentAction\",\"name\":\"Comment\",\"target\":[\"https:\\\/\\\/www.anovapeneira.gal\\\/index.php\\\/2024\\\/06\\\/12\\\/son-os-cartos-os-que-mandan-no-mundo\\\/#respond\"]}]},{\"@type\":\"WebPage\",\"@id\":\"https:\\\/\\\/www.anovapeneira.gal\\\/index.php\\\/2024\\\/06\\\/12\\\/son-os-cartos-os-que-mandan-no-mundo\\\/\",\"url\":\"https:\\\/\\\/www.anovapeneira.gal\\\/index.php\\\/2024\\\/06\\\/12\\\/son-os-cartos-os-que-mandan-no-mundo\\\/\",\"name\":\"Son os cartos os que mandan no mundo -\",\"isPartOf\":{\"@id\":\"https:\\\/\\\/www.anovapeneira.gal\\\/#website\"},\"primaryImageOfPage\":{\"@id\":\"https:\\\/\\\/www.anovapeneira.gal\\\/index.php\\\/2024\\\/06\\\/12\\\/son-os-cartos-os-que-mandan-no-mundo\\\/#primaryimage\"},\"image\":{\"@id\":\"https:\\\/\\\/www.anovapeneira.gal\\\/index.php\\\/2024\\\/06\\\/12\\\/son-os-cartos-os-que-mandan-no-mundo\\\/#primaryimage\"},\"thumbnailUrl\":\"https:\\\/\\\/www.anovapeneira.gal\\\/wp-content\\\/uploads\\\/2021\\\/03\\\/manuel_alfonso_estevez.jpg\",\"datePublished\":\"2024-06-12T08:00:49+00:00\",\"dateModified\":\"2024-06-13T10:53:10+00:00\",\"breadcrumb\":{\"@id\":\"https:\\\/\\\/www.anovapeneira.gal\\\/index.php\\\/2024\\\/06\\\/12\\\/son-os-cartos-os-que-mandan-no-mundo\\\/#breadcrumb\"},\"inLanguage\":\"gl-ES\",\"potentialAction\":[{\"@type\":\"ReadAction\",\"target\":[\"https:\\\/\\\/www.anovapeneira.gal\\\/index.php\\\/2024\\\/06\\\/12\\\/son-os-cartos-os-que-mandan-no-mundo\\\/\"]}]},{\"@type\":\"ImageObject\",\"inLanguage\":\"gl-ES\",\"@id\":\"https:\\\/\\\/www.anovapeneira.gal\\\/index.php\\\/2024\\\/06\\\/12\\\/son-os-cartos-os-que-mandan-no-mundo\\\/#primaryimage\",\"url\":\"https:\\\/\\\/www.anovapeneira.gal\\\/wp-content\\\/uploads\\\/2021\\\/03\\\/manuel_alfonso_estevez.jpg\",\"contentUrl\":\"https:\\\/\\\/www.anovapeneira.gal\\\/wp-content\\\/uploads\\\/2021\\\/03\\\/manuel_alfonso_estevez.jpg\",\"width\":720,\"height\":432,\"caption\":\"Manuel Alfonso Est\u00e9vez. Historia viva de Fornelos da Ribeira\"},{\"@type\":\"BreadcrumbList\",\"@id\":\"https:\\\/\\\/www.anovapeneira.gal\\\/index.php\\\/2024\\\/06\\\/12\\\/son-os-cartos-os-que-mandan-no-mundo\\\/#breadcrumb\",\"itemListElement\":[{\"@type\":\"ListItem\",\"position\":1,\"name\":\"Portada\",\"item\":\"https:\\\/\\\/www.anovapeneira.gal\\\/\"},{\"@type\":\"ListItem\",\"position\":2,\"name\":\"Son os cartos os que mandan no mundo\"}]},{\"@type\":\"WebSite\",\"@id\":\"https:\\\/\\\/www.anovapeneira.gal\\\/#website\",\"url\":\"https:\\\/\\\/www.anovapeneira.gal\\\/\",\"name\":\"\",\"description\":\"Xornal galego de informaci\u00f3n xeral Publicaci\u00f3n mensual de novas de Galicia e en especial dos Concellos da sur da provincia de Pontevedra.\",\"publisher\":{\"@id\":\"https:\\\/\\\/www.anovapeneira.gal\\\/#organization\"},\"potentialAction\":[{\"@type\":\"SearchAction\",\"target\":{\"@type\":\"EntryPoint\",\"urlTemplate\":\"https:\\\/\\\/www.anovapeneira.gal\\\/?s={search_term_string}\"},\"query-input\":{\"@type\":\"PropertyValueSpecification\",\"valueRequired\":true,\"valueName\":\"search_term_string\"}}],\"inLanguage\":\"gl-ES\"},{\"@type\":\"Organization\",\"@id\":\"https:\\\/\\\/www.anovapeneira.gal\\\/#organization\",\"name\":\"A Nova Peneira\",\"url\":\"https:\\\/\\\/www.anovapeneira.gal\\\/\",\"logo\":{\"@type\":\"ImageObject\",\"inLanguage\":\"gl-ES\",\"@id\":\"https:\\\/\\\/www.anovapeneira.gal\\\/#\\\/schema\\\/logo\\\/image\\\/\",\"url\":\"http:\\\/\\\/www.anovapeneira.gal\\\/wp-content\\\/uploads\\\/2019\\\/06\\\/logo_a_nova_peneira_portal_web.png\",\"contentUrl\":\"http:\\\/\\\/www.anovapeneira.gal\\\/wp-content\\\/uploads\\\/2019\\\/06\\\/logo_a_nova_peneira_portal_web.png\",\"width\":300,\"height\":100,\"caption\":\"A Nova Peneira\"},\"image\":{\"@id\":\"https:\\\/\\\/www.anovapeneira.gal\\\/#\\\/schema\\\/logo\\\/image\\\/\"},\"sameAs\":[\"https:\\\/\\\/www.facebook.com\\\/anovapeneira\",\"https:\\\/\\\/x.com\\\/APeneira\"]},{\"@type\":\"Person\",\"@id\":\"https:\\\/\\\/www.anovapeneira.gal\\\/#\\\/schema\\\/person\\\/6561b93d53e7a32f5d814768163bae2a\",\"name\":\"Manuel Alfonso Est\u00e9vez\",\"image\":{\"@type\":\"ImageObject\",\"inLanguage\":\"gl-ES\",\"@id\":\"https:\\\/\\\/secure.gravatar.com\\\/avatar\\\/f5d3e86603a02dabc520fdacad8691552cb5b3b57ede8828ababc7095c054594?s=96&d=mm&r=g\",\"url\":\"https:\\\/\\\/secure.gravatar.com\\\/avatar\\\/f5d3e86603a02dabc520fdacad8691552cb5b3b57ede8828ababc7095c054594?s=96&d=mm&r=g\",\"contentUrl\":\"https:\\\/\\\/secure.gravatar.com\\\/avatar\\\/f5d3e86603a02dabc520fdacad8691552cb5b3b57ede8828ababc7095c054594?s=96&d=mm&r=g\",\"caption\":\"Manuel Alfonso Est\u00e9vez\"},\"url\":\"https:\\\/\\\/www.anovapeneira.gal\\\/index.php\\\/author\\\/manuelalfonso\\\/\"}]}<\/script>\n<!-- \/ Yoast SEO plugin. -->","yoast_head_json":{"title":"Son os cartos os que mandan no mundo -","robots":{"index":"index","follow":"follow","max-snippet":"max-snippet:-1","max-image-preview":"max-image-preview:large","max-video-preview":"max-video-preview:-1"},"canonical":"https:\/\/www.anovapeneira.gal\/index.php\/2024\/06\/12\/son-os-cartos-os-que-mandan-no-mundo\/","og_locale":"gl_ES","og_type":"article","og_title":"Son os cartos os que mandan no mundo -","og_description":"E ningu\u00e9n manda mais que o SANTO DI\u00d1EIRO, e as\u00ed vamos la andando, e formando parte desta Axenda, co terrorismo de Mosc\u00fa, coa guerra de Ucrania, Ir\u00e1n, Palestina, Israel; a intelixencia artificial, e toda a crise mundial que nos afecta a todos nuns momentos de desorde mundial [...]","og_url":"https:\/\/www.anovapeneira.gal\/index.php\/2024\/06\/12\/son-os-cartos-os-que-mandan-no-mundo\/","article_publisher":"https:\/\/www.facebook.com\/anovapeneira","article_published_time":"2024-06-12T08:00:49+00:00","article_modified_time":"2024-06-13T10:53:10+00:00","og_image":[{"width":720,"height":432,"url":"https:\/\/www.anovapeneira.gal\/wp-content\/uploads\/2021\/03\/manuel_alfonso_estevez.jpg","type":"image\/jpeg"}],"author":"Manuel Alfonso Est\u00e9vez","twitter_card":"summary_large_image","twitter_creator":"@APeneira","twitter_site":"@APeneira","twitter_misc":{"Escrito por":"Manuel Alfonso Est\u00e9vez","Tempo de lectura":"4 minutos"},"schema":{"@context":"https:\/\/schema.org","@graph":[{"@type":"Article","@id":"https:\/\/www.anovapeneira.gal\/index.php\/2024\/06\/12\/son-os-cartos-os-que-mandan-no-mundo\/#article","isPartOf":{"@id":"https:\/\/www.anovapeneira.gal\/index.php\/2024\/06\/12\/son-os-cartos-os-que-mandan-no-mundo\/"},"author":{"name":"Manuel Alfonso Est\u00e9vez","@id":"https:\/\/www.anovapeneira.gal\/#\/schema\/person\/6561b93d53e7a32f5d814768163bae2a"},"headline":"Son os cartos os que mandan no mundo","datePublished":"2024-06-12T08:00:49+00:00","dateModified":"2024-06-13T10:53:10+00:00","mainEntityOfPage":{"@id":"https:\/\/www.anovapeneira.gal\/index.php\/2024\/06\/12\/son-os-cartos-os-que-mandan-no-mundo\/"},"wordCount":560,"commentCount":0,"publisher":{"@id":"https:\/\/www.anovapeneira.gal\/#organization"},"image":{"@id":"https:\/\/www.anovapeneira.gal\/index.php\/2024\/06\/12\/son-os-cartos-os-que-mandan-no-mundo\/#primaryimage"},"thumbnailUrl":"https:\/\/www.anovapeneira.gal\/wp-content\/uploads\/2021\/03\/manuel_alfonso_estevez.jpg","articleSection":["Artigos de opini\u00f3n"],"inLanguage":"gl-ES","potentialAction":[{"@type":"CommentAction","name":"Comment","target":["https:\/\/www.anovapeneira.gal\/index.php\/2024\/06\/12\/son-os-cartos-os-que-mandan-no-mundo\/#respond"]}]},{"@type":"WebPage","@id":"https:\/\/www.anovapeneira.gal\/index.php\/2024\/06\/12\/son-os-cartos-os-que-mandan-no-mundo\/","url":"https:\/\/www.anovapeneira.gal\/index.php\/2024\/06\/12\/son-os-cartos-os-que-mandan-no-mundo\/","name":"Son os cartos os que mandan no mundo -","isPartOf":{"@id":"https:\/\/www.anovapeneira.gal\/#website"},"primaryImageOfPage":{"@id":"https:\/\/www.anovapeneira.gal\/index.php\/2024\/06\/12\/son-os-cartos-os-que-mandan-no-mundo\/#primaryimage"},"image":{"@id":"https:\/\/www.anovapeneira.gal\/index.php\/2024\/06\/12\/son-os-cartos-os-que-mandan-no-mundo\/#primaryimage"},"thumbnailUrl":"https:\/\/www.anovapeneira.gal\/wp-content\/uploads\/2021\/03\/manuel_alfonso_estevez.jpg","datePublished":"2024-06-12T08:00:49+00:00","dateModified":"2024-06-13T10:53:10+00:00","breadcrumb":{"@id":"https:\/\/www.anovapeneira.gal\/index.php\/2024\/06\/12\/son-os-cartos-os-que-mandan-no-mundo\/#breadcrumb"},"inLanguage":"gl-ES","potentialAction":[{"@type":"ReadAction","target":["https:\/\/www.anovapeneira.gal\/index.php\/2024\/06\/12\/son-os-cartos-os-que-mandan-no-mundo\/"]}]},{"@type":"ImageObject","inLanguage":"gl-ES","@id":"https:\/\/www.anovapeneira.gal\/index.php\/2024\/06\/12\/son-os-cartos-os-que-mandan-no-mundo\/#primaryimage","url":"https:\/\/www.anovapeneira.gal\/wp-content\/uploads\/2021\/03\/manuel_alfonso_estevez.jpg","contentUrl":"https:\/\/www.anovapeneira.gal\/wp-content\/uploads\/2021\/03\/manuel_alfonso_estevez.jpg","width":720,"height":432,"caption":"Manuel Alfonso Est\u00e9vez. Historia viva de Fornelos da Ribeira"},{"@type":"BreadcrumbList","@id":"https:\/\/www.anovapeneira.gal\/index.php\/2024\/06\/12\/son-os-cartos-os-que-mandan-no-mundo\/#breadcrumb","itemListElement":[{"@type":"ListItem","position":1,"name":"Portada","item":"https:\/\/www.anovapeneira.gal\/"},{"@type":"ListItem","position":2,"name":"Son os cartos os que mandan no mundo"}]},{"@type":"WebSite","@id":"https:\/\/www.anovapeneira.gal\/#website","url":"https:\/\/www.anovapeneira.gal\/","name":"","description":"Xornal galego de informaci\u00f3n xeral Publicaci\u00f3n mensual de novas de Galicia e en especial dos Concellos da sur da provincia de Pontevedra.","publisher":{"@id":"https:\/\/www.anovapeneira.gal\/#organization"},"potentialAction":[{"@type":"SearchAction","target":{"@type":"EntryPoint","urlTemplate":"https:\/\/www.anovapeneira.gal\/?s={search_term_string}"},"query-input":{"@type":"PropertyValueSpecification","valueRequired":true,"valueName":"search_term_string"}}],"inLanguage":"gl-ES"},{"@type":"Organization","@id":"https:\/\/www.anovapeneira.gal\/#organization","name":"A Nova Peneira","url":"https:\/\/www.anovapeneira.gal\/","logo":{"@type":"ImageObject","inLanguage":"gl-ES","@id":"https:\/\/www.anovapeneira.gal\/#\/schema\/logo\/image\/","url":"http:\/\/www.anovapeneira.gal\/wp-content\/uploads\/2019\/06\/logo_a_nova_peneira_portal_web.png","contentUrl":"http:\/\/www.anovapeneira.gal\/wp-content\/uploads\/2019\/06\/logo_a_nova_peneira_portal_web.png","width":300,"height":100,"caption":"A Nova Peneira"},"image":{"@id":"https:\/\/www.anovapeneira.gal\/#\/schema\/logo\/image\/"},"sameAs":["https:\/\/www.facebook.com\/anovapeneira","https:\/\/x.com\/APeneira"]},{"@type":"Person","@id":"https:\/\/www.anovapeneira.gal\/#\/schema\/person\/6561b93d53e7a32f5d814768163bae2a","name":"Manuel Alfonso Est\u00e9vez","image":{"@type":"ImageObject","inLanguage":"gl-ES","@id":"https:\/\/secure.gravatar.com\/avatar\/f5d3e86603a02dabc520fdacad8691552cb5b3b57ede8828ababc7095c054594?s=96&d=mm&r=g","url":"https:\/\/secure.gravatar.com\/avatar\/f5d3e86603a02dabc520fdacad8691552cb5b3b57ede8828ababc7095c054594?s=96&d=mm&r=g","contentUrl":"https:\/\/secure.gravatar.com\/avatar\/f5d3e86603a02dabc520fdacad8691552cb5b3b57ede8828ababc7095c054594?s=96&d=mm&r=g","caption":"Manuel Alfonso Est\u00e9vez"},"url":"https:\/\/www.anovapeneira.gal\/index.php\/author\/manuelalfonso\/"}]}},"jetpack_featured_media_url":"https:\/\/www.anovapeneira.gal\/wp-content\/uploads\/2021\/03\/manuel_alfonso_estevez.jpg","_links":{"self":[{"href":"https:\/\/www.anovapeneira.gal\/index.php\/wp-json\/wp\/v2\/posts\/11869","targetHints":{"allow":["GET"]}}],"collection":[{"href":"https:\/\/www.anovapeneira.gal\/index.php\/wp-json\/wp\/v2\/posts"}],"about":[{"href":"https:\/\/www.anovapeneira.gal\/index.php\/wp-json\/wp\/v2\/types\/post"}],"author":[{"embeddable":true,"href":"https:\/\/www.anovapeneira.gal\/index.php\/wp-json\/wp\/v2\/users\/40"}],"replies":[{"embeddable":true,"href":"https:\/\/www.anovapeneira.gal\/index.php\/wp-json\/wp\/v2\/comments?post=11869"}],"version-history":[{"count":1,"href":"https:\/\/www.anovapeneira.gal\/index.php\/wp-json\/wp\/v2\/posts\/11869\/revisions"}],"predecessor-version":[{"id":11870,"href":"https:\/\/www.anovapeneira.gal\/index.php\/wp-json\/wp\/v2\/posts\/11869\/revisions\/11870"}],"wp:featuredmedia":[{"embeddable":true,"href":"https:\/\/www.anovapeneira.gal\/index.php\/wp-json\/wp\/v2\/media\/5108"}],"wp:attachment":[{"href":"https:\/\/www.anovapeneira.gal\/index.php\/wp-json\/wp\/v2\/media?parent=11869"}],"wp:term":[{"taxonomy":"category","embeddable":true,"href":"https:\/\/www.anovapeneira.gal\/index.php\/wp-json\/wp\/v2\/categories?post=11869"},{"taxonomy":"post_tag","embeddable":true,"href":"https:\/\/www.anovapeneira.gal\/index.php\/wp-json\/wp\/v2\/tags?post=11869"}],"curies":[{"name":"wp","href":"https:\/\/api.w.org\/{rel}","templated":true}]}}