{"id":11884,"date":"2024-06-13T12:00:40","date_gmt":"2024-06-13T10:00:40","guid":{"rendered":"https:\/\/www.anovapeneira.gal\/?p=11884"},"modified":"2024-06-10T09:56:05","modified_gmt":"2024-06-10T07:56:05","slug":"lucia-santos-omil-voceira-do-bng-de-marin","status":"publish","type":"post","link":"https:\/\/www.anovapeneira.gal\/index.php\/2024\/06\/13\/lucia-santos-omil-voceira-do-bng-de-marin\/","title":{"rendered":"Luc\u00eda Santos Omil voceira do BNG de Mar\u00edn"},"content":{"rendered":"\n<p><strong>Vela\u00ed vai o resultado da nosa ampla conversa coa voceira do Bloque, Luc\u00eda Santos, na que nos ofrece a s\u00faa visi\u00f3n sobre a realidade pol\u00edtica de Mar\u00edn. Esta \u00e9 unha localidade cunha casu\u00edstica particular, a escola naval militar, que ten colonizado unha parte relevante da s\u00faa psique colectiva e que non fai nada f\u00e1cil que o nacionalismo te\u00f1a a oportunidade de chegar \u00e1 s\u00faa maior\u00eda social. Non sei se a veci\u00f1a de Pardavila Luc\u00eda Santos ter\u00e1 a oportunidade e a inmensa honra de ser a primeira alcaldesa nacionalista desta localidade. Todo apunta a que no 27 vai ter opci\u00f3ns realistas de disputar a alcald\u00eda con opci\u00f3ns de \u00e9xito. Pero o que si sei, porque co\u00f1ezo a Luc\u00eda desde hai bastantes anos, \u00e9 que se a maior\u00eda da sociedade de Mar\u00edn a distingue coa s\u00faa confianza nunca lla vai retirar.<\/strong><\/p>\n\n\n\n<p>\u201c<strong>Mar\u00edn padece unha grave esclerose, produto da inacci\u00f3n pol\u00edtica dun goberno que o \u00fanico que fai, e para iso mal, \u00e9 xestionar como pode o d\u00eda a d\u00eda.\u201d<\/strong><\/p>\n\n\n\n<p><strong>Non tiveramos ocasi\u00f3n de falar desde antes das municipais do 23, e a\u00ednda que xa pasou un ano quixera preguntarche pola t\u00faa valoraci\u00f3n ao respecto daquel proceso electoral?<\/strong><\/p>\n\n\n\n<blockquote class=\"wp-block-quote is-layout-flow wp-block-quote-is-layout-flow\">\n<p>O resultado que acadou o BNG de Mar\u00edn nas \u00faltimas municipais foi un facho de luz que permite albiscar a esperanza de que a escuridade e a esclerose nas que o PP sumiu \u00e1 nosa vila estean entrando na s\u00faa fase final. Subimos 3 actas, , m\u00e1is de 1.100 votos reais, e m\u00e1is de 10 puntos en voto porcentual .Non podo m\u00e1is que amosar a mi\u00f1a emoci\u00f3n e orgullo polo caudal de confianza que nos prestou a sociedade marinense, e e polo traballo constante, tenaz e incondicional da afiliaci\u00f3n do BNG da nosa vila.<\/p>\n<\/blockquote>\n\n\n\n<p><strong>Imaxino que debes de notar unha diferencia substancial de estares ti soa no Concello a contar cun grupo solvente de 4 persoas?<\/strong><\/p>\n\n\n\n<blockquote class=\"wp-block-quote is-layout-flow wp-block-quote-is-layout-flow\">\n<p>E tanto que si. O traballo das persoas que me acompa\u00f1an no concello e de toda a afiliaci\u00f3n que est\u00e1 detr\u00e1s \u00e9 de enorme rigor e solvencia, e de absoluto compromiso co ben com\u00fan da nosa localidade. E desde logo que a min me facilita moito as cousas.<\/p>\n<\/blockquote>\n\n\n\n<p><strong>Como est\u00e1 a sa\u00fade interna do Bloque en Mar\u00edn?<\/strong><\/p>\n\n\n\n<blockquote class=\"wp-block-quote is-layout-flow wp-block-quote-is-layout-flow\">\n<p>Moi boa, moi sa e absolutamente ilusionante. Proba diso \u00e9 a cantidade de xente que acode aos nosos actos ou que se pon en contacto con n\u00f3s para trasladarnos as s\u00faas inquedanzas ao respecto da nosa vila.<\/p>\n<\/blockquote>\n\n\n\n<p><strong>Se os resultados das municipais foron bos os das auton\u00f3micas case os podemos cualificar como soberbios?<\/strong><\/p>\n\n\n\n<blockquote class=\"wp-block-quote is-layout-flow wp-block-quote-is-layout-flow\">\n<p>Ser\u00edan as\u00ed se tiveran sido suficientes para levar a Ana Pont\u00f3n \u00e1 presidencia da Xunta, e se tivese producido o imprescindible cambio pol\u00edtico que precisa este pa\u00eds. Pero si, os resultados das auton\u00f3micas en Mar\u00edn foron realmente bos. N\u00f3s subimos 11 puntos en voto porcentual e m\u00e1is de 1.650 votos en sufraxio directo. A luz da esperanza que se abriu nas municipais continuou a facer m\u00e1is grande o seu brillo e acabar\u00e1 por resplandecer , m\u00e1is pronto que tarde, no cambio necesario en Galiza, e en Mar\u00edn tam\u00e9n. Te\u00f1o a convicci\u00f3n absoluta de que vai ser as\u00ed.<\/p>\n<\/blockquote>\n\n\n\n<p><strong>Percibes que en Mar\u00edn nos encami\u00f1amos a unha bipolaridade PP- BNG?<\/strong><\/p>\n\n\n\n<blockquote class=\"wp-block-quote is-layout-flow wp-block-quote-is-layout-flow\">\n<p>\u00c9 dif\u00edcil de afirmar iso de maneira taxativa pero esa \u00e9 a sensaci\u00f3n que temos no Bloque de Mar\u00edn, si. De feito na campa\u00f1a das europeas s\u00f3 o BNG est\u00e1 na r\u00faa.<\/p>\n<\/blockquote>\n\n\n\n<p><strong>O PP tampouco est\u00e1?<\/strong><\/p>\n\n\n\n<blockquote class=\"wp-block-quote is-layout-flow wp-block-quote-is-layout-flow\">\n<p>Tampouco.<\/p>\n<\/blockquote>\n\n\n\n<p><strong>Antes das municipais dic\u00edasme que Mar\u00edn estaba esclerotizado. Hoxe, un ano despois de iniciado o mandato actual, segues pensando o mesmo?<\/strong><\/p>\n\n\n\n<blockquote class=\"wp-block-quote is-layout-flow wp-block-quote-is-layout-flow\">\n<p>Reaf\u00edrmome absolutamente. Mar\u00edn padece unha terrible esclerose produto da nula acci\u00f3n pol\u00edtica deste goberno que o \u00fanico que fai, e para iso mal, \u00e9 xestionar como poden o d\u00eda a d\u00eda. Este goberno s\u00f3 fai postureo. Non atende \u00e1s necesidades reais de Mar\u00edn e no canto de arranxar os moitos problemas que padecemos, empe\u00f3raos.<\/p>\n<\/blockquote>\n\n\n\n<p><strong>Nalg\u00fan acto t\u00e9\u00f1oche escoitado falar de que Mar\u00edn perde \u00e1 s\u00faa identidade. A que te refer\u00edas en concreto?<\/strong><\/p>\n\n\n\n<blockquote class=\"wp-block-quote is-layout-flow wp-block-quote-is-layout-flow\">\n<p>Mar\u00edn non se pode entender sen o seu mar. O mar de Mar\u00edn \u00e9 un elemento esencial na construci\u00f3n da nosa identidade colectiva. Do mar viviron moitas familias de Mar\u00edn, e no mar morreron veci\u00f1os de Mar\u00edn buscando o pan para as s\u00faas familias. E este goberno no canto de potenciar a relaci\u00f3n de Mar\u00edn co seu mar, faina m\u00e1is dif\u00edcil. A iso me refer\u00eda. A construci\u00f3n do auditorio pon m\u00e1is muros diante do mar e tapa a \u00fanica fachada que ten Mar\u00edn ao mar. Por outra parte a destruci\u00f3n, que pretende o PP, do cemiterio de chalanas que est\u00e1 no paseo mar\u00edtimo Alcalde Blanco \u00e9 algo que est\u00e1 nas ant\u00edpodas da visi\u00f3n de Mar\u00edn que temos no BNG. O que nos tememos \u00e9 que se vai destru\u00edr o \u00fanico espazo de identidade mari\u00f1eira que Mar\u00edn a\u00ednda conserva para facer un peirao para embarcaci\u00f3ns deportivas.<\/p>\n<\/blockquote>\n\n\n\n<p><strong>Sempre que ve\u00f1o a Mar\u00edn te\u00f1o problemas moi serios para atopar aparcamento<\/strong><\/p>\n\n\n\n<blockquote class=\"wp-block-quote is-layout-flow wp-block-quote-is-layout-flow\">\n<p>Xa, \u00e9 o d\u00eda a d\u00eda para a veci\u00f1anza de Mar\u00edn. \u00c9 un problema moi serio que cada vez vai a peor. O problema \u00e9 especialmente grave para as persoas que vivimos nas parroquias cando precisamos achegarnos ao centro para mercar, ou para realizar algunha xesti\u00f3n.<\/p>\n<\/blockquote>\n\n\n\n<p><strong>A zona azul contribu\u00edu a mellorar algo a situaci\u00f3n?<\/strong><\/p>\n\n\n\n<blockquote class=\"wp-block-quote is-layout-flow wp-block-quote-is-layout-flow\">\n<p>Non, non serviu para nada. Tanto para a veci\u00f1anza como para o comercio local a cuesti\u00f3n da falta de aparcamentos \u00e9 un problema moi importante.<\/p>\n<\/blockquote>\n\n\n\n<p><strong>A cuesti\u00f3n demogr\u00e1fica como est\u00e1?<\/strong><\/p>\n\n\n\n<blockquote class=\"wp-block-quote is-layout-flow wp-block-quote-is-layout-flow\">\n<p>Cando unha zona perde sistematicamente habitantes temos un problema derivado doutros problemas m\u00e1is graves. Basicamente: A xente marcha cando non ten as oportunidades necesarias nin os servizos suficientes que lle permitan desenvolver un proxecto vital persoal digno. Esa situaci\u00f3n non xorde por casualidade nin por ciencia infusa, sen\u00f3n que acontece porque as pol\u00edticas que se desenvolven son tan malas que obrigan \u00e1s persoas a buscar a vida f\u00f3ra da s\u00faa terra. E iso, malia a pequena recuperaci\u00f3n deste ano, \u00e9 o que leva padecendo Mar\u00edn desde que Mar\u00eda Ramallo \u00e9 alcaldesa.<\/p>\n<\/blockquote>\n\n\n\n<p><strong>Como est\u00e1 a sanidade de Mar\u00edn?<\/strong><\/p>\n\n\n\n<blockquote class=\"wp-block-quote is-layout-flow wp-block-quote-is-layout-flow\">\n<p>Obxectivamente moi mal. Pediatr\u00eda en Mar\u00edn est\u00e1 baixo m\u00ednimos e o centro de sa\u00fade de Seixo est\u00e1 nunha situaci\u00f3n precaria.<\/p>\n<\/blockquote>\n\n\n\n<p><strong>Ti cres que a presi\u00f3n veci\u00f1al influ\u00edu para que non se pechara o centro de sa\u00fade de Seixo?<\/strong><\/p>\n\n\n\n<blockquote class=\"wp-block-quote is-layout-flow wp-block-quote-is-layout-flow\">\n<p>Estou convencida.<\/p>\n<\/blockquote>\n\n\n\n<p><strong>C\u00f3ntanos que \u00e9 o edificio Baladr\u00f3n, e o por que da vosa campa\u00f1a ao respecto dese edificio?<\/strong><\/p>\n\n\n\n<blockquote class=\"wp-block-quote is-layout-flow wp-block-quote-is-layout-flow\">\n<p>Ese \u00e9 un edificio emblem\u00e1tico do centro da vila, que est\u00e1 na alameda de Mar\u00edn e que est\u00e1 nun estado de ru\u00edna absoluta. N\u00f3s pretendiamos que o concello adquirira ese edificio, de feito o PP hai alg\u00fans anos levaba esa proposta no seu programa electoral.<\/p>\n<\/blockquote>\n\n\n\n<p><strong>Levaron esa proposta xa con Mar\u00eda Ramallo de candidata?<\/strong><\/p>\n\n\n\n<blockquote class=\"wp-block-quote is-layout-flow wp-block-quote-is-layout-flow\">\n<p>Si. Pero nestas \u00faltimas elecci\u00f3ns xa non a levaron.<\/p>\n<\/blockquote>\n\n\n\n<p><strong>E v\u00f3s entendedes que \u00e9 unha adquisici\u00f3n realista?<\/strong><\/p>\n\n\n\n<blockquote class=\"wp-block-quote is-layout-flow wp-block-quote-is-layout-flow\">\n<p>N\u00f3s entendemos que \u00e9 necesaria. Non se pode ter un edificio en estado de absoluta ru\u00edna no mesmo coraz\u00f3n de Mar\u00edn, e ser\u00eda moi importante que se dotara \u00e1 cidadan\u00eda marinense dun ben p\u00fablico desa dimensi\u00f3n. Adquirilo edificio ser\u00eda unha operaci\u00f3n realista, desde logo que si. N\u00f3s d\u00e9moslles o traballo feito, pois hab\u00eda unha li\u00f1a de axudas da DEPO que encaixar\u00edan perfectamente para financiala s\u00faa adquisici\u00f3n, e incluso os primeiros pasos da s\u00faa rehabilitaci\u00f3n.<\/p>\n<\/blockquote>\n\n\n\n<p><strong>Creo que fixestes unha enquisa entre a veci\u00f1anza para preguntar as s\u00faas opini\u00f3ns acerca de que entenden como prioritario para albergar nese edificio?<\/strong><\/p>\n\n\n\n<blockquote class=\"wp-block-quote is-layout-flow wp-block-quote-is-layout-flow\">\n<p>Si, a verdade \u00e9 que fixemos un trabalo moi rigoroso.<\/p>\n<\/blockquote>\n\n\n\n<p><strong>Cal foi a opini\u00f3n maioritaria da veci\u00f1anza?<\/strong><\/p>\n\n\n\n<blockquote class=\"wp-block-quote is-layout-flow wp-block-quote-is-layout-flow\">\n<p>Que debera albergar unha nova biblioteca municipal.<\/p>\n<\/blockquote>\n\n\n\n<p><strong>A biblioteca Vidal Pazos est\u00e1 obsoleta?<\/strong><\/p>\n\n\n\n<blockquote class=\"wp-block-quote is-layout-flow wp-block-quote-is-layout-flow\">\n<p>Si, hai anos que si.<\/p>\n<\/blockquote>\n\n\n\n<p><strong>Levastes a pleno a proposta de adquirir o edificio, e que pasou?<\/strong><\/p>\n\n\n\n<blockquote class=\"wp-block-quote is-layout-flow wp-block-quote-is-layout-flow\">\n<p>Contamos co voto favorable do PSOE pero por desgraza a proposta foi rexeitada pola maior\u00eda absoluta do PP.<\/p>\n<\/blockquote>\n\n\n\n<p><strong>E por que votou en contra o PP?<\/strong><\/p>\n\n\n\n<blockquote class=\"wp-block-quote is-layout-flow wp-block-quote-is-layout-flow\">\n<p>Non ofreceron ning\u00fan tipo de argumento solvente. S\u00f3 escusas peregrinas e ata un tanto puer\u00eds.<\/p>\n<\/blockquote>\n\n\n\n<p><strong>Tedes contacto coa propiedade do edificio?<\/strong><\/p>\n\n\n\n<blockquote class=\"wp-block-quote is-layout-flow wp-block-quote-is-layout-flow\">\n<p>Si,\u00e9 unha persoa que se o edificio se destinara a alg\u00fan servizo p\u00fablico est\u00e1 a po\u00f1er todas as facilidades. Pero o problema \u00e9 que non existe vontade pol\u00edtica no goberno local para adquirilo edificio. Moito me temo que o motivo real da negativa est\u00e1 en que a iniciativa \u00e9 do BNG.<\/p>\n<\/blockquote>\n\n\n\n<p><strong>Outra campa\u00f1a que estades a desenvolver e a solicitude de espazos caninos?<\/strong><\/p>\n\n\n\n<blockquote class=\"wp-block-quote is-layout-flow wp-block-quote-is-layout-flow\">\n<p>Si, esa \u00e9 unha demanda xa de hai moito tempo da veci\u00f1anza de Mar\u00edn e o BNG, como sempre na nosa historia, procura atender as demandas da sociedade civil. En Mar\u00edn non hai nin un s\u00f3 parque para poder soltar as mascotas. Xa no mandato anterior presentaramos unha moci\u00f3n ao respecto que o PP non atendeu.<\/p>\n<\/blockquote>\n\n\n\n<p><strong>Por que votastes en contra dos orzamentos?<\/strong><\/p>\n\n\n\n<blockquote class=\"wp-block-quote is-layout-flow wp-block-quote-is-layout-flow\">\n<p>Valor\u00e1molos como non realistas para atender as necesidades estruturais da nosa vila. Son uns orzamentos moi b\u00e1sicos que non van servir para arranxar nada substancial, e nin moito menos para darlle a Mar\u00edn o necesario impulso que precisa.<\/p>\n<\/blockquote>\n\n\n\n<p><strong>Mar\u00edn ten un importante tecido asociativo. O Goberno local trata igual aos colectivos que identifica como amigos que aos que identifica como non amigos?<\/strong><\/p>\n\n\n\n<blockquote class=\"wp-block-quote is-layout-flow wp-block-quote-is-layout-flow\">\n<p>Non, en absoluto. Este goberno est\u00e1 na li\u00f1a da praxe hist\u00f3rica do PP de bipolarizar \u00e1 sociedade en amigos, para os que hai todo, e inimigos, para os que s\u00f3 hai desprezo.<\/p>\n<\/blockquote>\n\n\n\n<p><strong>Ves perspectivas realistas de que Mar\u00edn sexa pronto gobernada polo nacionalismo galego?<\/strong><\/p>\n\n\n\n<blockquote class=\"wp-block-quote is-layout-flow wp-block-quote-is-layout-flow\">\n<p>Si,absolutamente si, radicalmente si, sen d\u00fabida algunha si. Non vai ser doado pero \u00edmolo conseguir. O T\u00fanel negro e cutre no que Mar\u00eda Ramallo sumiu a Mar\u00edn est\u00e1 a chegar \u00e1 s\u00faa fin, e a luz da equidade e a xustiza social est\u00e1n cada vez m\u00e1is preto.<\/p>\n<\/blockquote>\n\n\n\n<p><strong>Coido que esa concentraci\u00f3n do antigo voto atomizado da esquerda marinense no BNG est\u00e1 dando bos resultados. Tanto \u00e9 as\u00ed que ata captastes a un antigo candidato \u00e1 alcald\u00eda?<\/strong><\/p>\n\n\n\n<blockquote class=\"wp-block-quote is-layout-flow wp-block-quote-is-layout-flow\">\n<p>No Bng temos moi claro que ou concentramos o voto de cambio ou non ser\u00e1 posible derrotar ao PP. N\u00f3s estamos encantados de contar coa implicaci\u00f3n do compa\u00f1eiro e amigo Aar\u00f3n Franco.<\/p>\n<\/blockquote>\n","protected":false},"excerpt":{"rendered":"<div class=\"mh-excerpt\"><p>Vela\u00ed vai o resultado da nosa ampla conversa coa voceira do Bloque, Luc\u00eda Santos, na que nos ofrece a s\u00faa visi\u00f3n sobre a realidade pol\u00edtica de Mar\u00edn <a class=\"mh-excerpt-more\" href=\"https:\/\/www.anovapeneira.gal\/index.php\/2024\/06\/13\/lucia-santos-omil-voceira-do-bng-de-marin\/\" title=\"Luc\u00eda Santos Omil voceira do BNG de Mar\u00edn\">[&#8230;]<\/a><\/p>\n<\/div>","protected":false},"author":42,"featured_media":11885,"comment_status":"open","ping_status":"open","sticky":false,"template":"","format":"standard","meta":{"_exactmetrics_skip_tracking":false,"_exactmetrics_sitenote_active":false,"_exactmetrics_sitenote_note":"","_exactmetrics_sitenote_category":0,"footnotes":""},"categories":[22],"tags":[],"class_list":{"0":"post-11884","1":"post","2":"type-post","3":"status-publish","4":"format-standard","5":"has-post-thumbnail","7":"category-morrazo"},"yoast_head":"<!-- This site is optimized with the Yoast SEO plugin v27.4 - https:\/\/yoast.com\/product\/yoast-seo-wordpress\/ -->\n<title>Luc\u00eda Santos Omil voceira do BNG de Mar\u00edn -<\/title>\n<meta name=\"robots\" content=\"index, follow, max-snippet:-1, max-image-preview:large, max-video-preview:-1\" \/>\n<link rel=\"canonical\" href=\"https:\/\/www.anovapeneira.gal\/index.php\/2024\/06\/13\/lucia-santos-omil-voceira-do-bng-de-marin\/\" \/>\n<meta property=\"og:locale\" content=\"gl_ES\" \/>\n<meta property=\"og:type\" content=\"article\" \/>\n<meta property=\"og:title\" content=\"Luc\u00eda Santos Omil voceira do BNG de Mar\u00edn -\" \/>\n<meta property=\"og:description\" content=\"Vela\u00ed vai o resultado da nosa ampla conversa coa voceira do Bloque, Luc\u00eda Santos, na que nos ofrece a s\u00faa visi\u00f3n sobre a realidade pol\u00edtica de Mar\u00edn [...]\" \/>\n<meta property=\"og:url\" content=\"https:\/\/www.anovapeneira.gal\/index.php\/2024\/06\/13\/lucia-santos-omil-voceira-do-bng-de-marin\/\" \/>\n<meta property=\"article:publisher\" content=\"https:\/\/www.facebook.com\/anovapeneira\" \/>\n<meta property=\"article:published_time\" content=\"2024-06-13T10:00:40+00:00\" \/>\n<meta property=\"og:image\" content=\"https:\/\/www.anovapeneira.gal\/wp-content\/uploads\/2024\/06\/lucia_santos.png\" \/>\n\t<meta property=\"og:image:width\" content=\"720\" \/>\n\t<meta property=\"og:image:height\" content=\"432\" \/>\n\t<meta property=\"og:image:type\" content=\"image\/png\" \/>\n<meta name=\"author\" content=\"Luc\u00eda Santos\" \/>\n<meta name=\"twitter:card\" content=\"summary_large_image\" \/>\n<meta name=\"twitter:creator\" content=\"@APeneira\" \/>\n<meta name=\"twitter:site\" content=\"@APeneira\" \/>\n<meta name=\"twitter:label1\" content=\"Escrito por\" \/>\n\t<meta name=\"twitter:data1\" content=\"Luc\u00eda Santos\" \/>\n\t<meta name=\"twitter:label2\" content=\"Tempo de lectura\" \/>\n\t<meta name=\"twitter:data2\" content=\"4 minutos\" \/>\n<script type=\"application\/ld+json\" class=\"yoast-schema-graph\">{\"@context\":\"https:\\\/\\\/schema.org\",\"@graph\":[{\"@type\":\"Article\",\"@id\":\"https:\\\/\\\/www.anovapeneira.gal\\\/index.php\\\/2024\\\/06\\\/13\\\/lucia-santos-omil-voceira-do-bng-de-marin\\\/#article\",\"isPartOf\":{\"@id\":\"https:\\\/\\\/www.anovapeneira.gal\\\/index.php\\\/2024\\\/06\\\/13\\\/lucia-santos-omil-voceira-do-bng-de-marin\\\/\"},\"author\":{\"name\":\"Luc\u00eda Santos\",\"@id\":\"https:\\\/\\\/www.anovapeneira.gal\\\/#\\\/schema\\\/person\\\/acfb2aec0cb752502dfdf32c140bf0ab\"},\"headline\":\"Luc\u00eda Santos Omil voceira do BNG de Mar\u00edn\",\"datePublished\":\"2024-06-13T10:00:40+00:00\",\"mainEntityOfPage\":{\"@id\":\"https:\\\/\\\/www.anovapeneira.gal\\\/index.php\\\/2024\\\/06\\\/13\\\/lucia-santos-omil-voceira-do-bng-de-marin\\\/\"},\"wordCount\":1833,\"commentCount\":0,\"publisher\":{\"@id\":\"https:\\\/\\\/www.anovapeneira.gal\\\/#organization\"},\"image\":{\"@id\":\"https:\\\/\\\/www.anovapeneira.gal\\\/index.php\\\/2024\\\/06\\\/13\\\/lucia-santos-omil-voceira-do-bng-de-marin\\\/#primaryimage\"},\"thumbnailUrl\":\"https:\\\/\\\/www.anovapeneira.gal\\\/wp-content\\\/uploads\\\/2024\\\/06\\\/lucia_santos.png\",\"articleSection\":[\"Morrazo\"],\"inLanguage\":\"gl-ES\",\"potentialAction\":[{\"@type\":\"CommentAction\",\"name\":\"Comment\",\"target\":[\"https:\\\/\\\/www.anovapeneira.gal\\\/index.php\\\/2024\\\/06\\\/13\\\/lucia-santos-omil-voceira-do-bng-de-marin\\\/#respond\"]}]},{\"@type\":\"WebPage\",\"@id\":\"https:\\\/\\\/www.anovapeneira.gal\\\/index.php\\\/2024\\\/06\\\/13\\\/lucia-santos-omil-voceira-do-bng-de-marin\\\/\",\"url\":\"https:\\\/\\\/www.anovapeneira.gal\\\/index.php\\\/2024\\\/06\\\/13\\\/lucia-santos-omil-voceira-do-bng-de-marin\\\/\",\"name\":\"Luc\u00eda Santos Omil voceira do BNG de Mar\u00edn -\",\"isPartOf\":{\"@id\":\"https:\\\/\\\/www.anovapeneira.gal\\\/#website\"},\"primaryImageOfPage\":{\"@id\":\"https:\\\/\\\/www.anovapeneira.gal\\\/index.php\\\/2024\\\/06\\\/13\\\/lucia-santos-omil-voceira-do-bng-de-marin\\\/#primaryimage\"},\"image\":{\"@id\":\"https:\\\/\\\/www.anovapeneira.gal\\\/index.php\\\/2024\\\/06\\\/13\\\/lucia-santos-omil-voceira-do-bng-de-marin\\\/#primaryimage\"},\"thumbnailUrl\":\"https:\\\/\\\/www.anovapeneira.gal\\\/wp-content\\\/uploads\\\/2024\\\/06\\\/lucia_santos.png\",\"datePublished\":\"2024-06-13T10:00:40+00:00\",\"breadcrumb\":{\"@id\":\"https:\\\/\\\/www.anovapeneira.gal\\\/index.php\\\/2024\\\/06\\\/13\\\/lucia-santos-omil-voceira-do-bng-de-marin\\\/#breadcrumb\"},\"inLanguage\":\"gl-ES\",\"potentialAction\":[{\"@type\":\"ReadAction\",\"target\":[\"https:\\\/\\\/www.anovapeneira.gal\\\/index.php\\\/2024\\\/06\\\/13\\\/lucia-santos-omil-voceira-do-bng-de-marin\\\/\"]}]},{\"@type\":\"ImageObject\",\"inLanguage\":\"gl-ES\",\"@id\":\"https:\\\/\\\/www.anovapeneira.gal\\\/index.php\\\/2024\\\/06\\\/13\\\/lucia-santos-omil-voceira-do-bng-de-marin\\\/#primaryimage\",\"url\":\"https:\\\/\\\/www.anovapeneira.gal\\\/wp-content\\\/uploads\\\/2024\\\/06\\\/lucia_santos.png\",\"contentUrl\":\"https:\\\/\\\/www.anovapeneira.gal\\\/wp-content\\\/uploads\\\/2024\\\/06\\\/lucia_santos.png\",\"width\":720,\"height\":432,\"caption\":\"Luc\u00eda Santos Omil\"},{\"@type\":\"BreadcrumbList\",\"@id\":\"https:\\\/\\\/www.anovapeneira.gal\\\/index.php\\\/2024\\\/06\\\/13\\\/lucia-santos-omil-voceira-do-bng-de-marin\\\/#breadcrumb\",\"itemListElement\":[{\"@type\":\"ListItem\",\"position\":1,\"name\":\"Portada\",\"item\":\"https:\\\/\\\/www.anovapeneira.gal\\\/\"},{\"@type\":\"ListItem\",\"position\":2,\"name\":\"Luc\u00eda Santos Omil voceira do BNG de Mar\u00edn\"}]},{\"@type\":\"WebSite\",\"@id\":\"https:\\\/\\\/www.anovapeneira.gal\\\/#website\",\"url\":\"https:\\\/\\\/www.anovapeneira.gal\\\/\",\"name\":\"\",\"description\":\"Xornal galego de informaci\u00f3n xeral Publicaci\u00f3n mensual de novas de Galicia e en especial dos Concellos da sur da provincia de Pontevedra.\",\"publisher\":{\"@id\":\"https:\\\/\\\/www.anovapeneira.gal\\\/#organization\"},\"potentialAction\":[{\"@type\":\"SearchAction\",\"target\":{\"@type\":\"EntryPoint\",\"urlTemplate\":\"https:\\\/\\\/www.anovapeneira.gal\\\/?s={search_term_string}\"},\"query-input\":{\"@type\":\"PropertyValueSpecification\",\"valueRequired\":true,\"valueName\":\"search_term_string\"}}],\"inLanguage\":\"gl-ES\"},{\"@type\":\"Organization\",\"@id\":\"https:\\\/\\\/www.anovapeneira.gal\\\/#organization\",\"name\":\"A Nova Peneira\",\"url\":\"https:\\\/\\\/www.anovapeneira.gal\\\/\",\"logo\":{\"@type\":\"ImageObject\",\"inLanguage\":\"gl-ES\",\"@id\":\"https:\\\/\\\/www.anovapeneira.gal\\\/#\\\/schema\\\/logo\\\/image\\\/\",\"url\":\"http:\\\/\\\/www.anovapeneira.gal\\\/wp-content\\\/uploads\\\/2019\\\/06\\\/logo_a_nova_peneira_portal_web.png\",\"contentUrl\":\"http:\\\/\\\/www.anovapeneira.gal\\\/wp-content\\\/uploads\\\/2019\\\/06\\\/logo_a_nova_peneira_portal_web.png\",\"width\":300,\"height\":100,\"caption\":\"A Nova Peneira\"},\"image\":{\"@id\":\"https:\\\/\\\/www.anovapeneira.gal\\\/#\\\/schema\\\/logo\\\/image\\\/\"},\"sameAs\":[\"https:\\\/\\\/www.facebook.com\\\/anovapeneira\",\"https:\\\/\\\/x.com\\\/APeneira\"]},{\"@type\":\"Person\",\"@id\":\"https:\\\/\\\/www.anovapeneira.gal\\\/#\\\/schema\\\/person\\\/acfb2aec0cb752502dfdf32c140bf0ab\",\"name\":\"Luc\u00eda Santos\",\"image\":{\"@type\":\"ImageObject\",\"inLanguage\":\"gl-ES\",\"@id\":\"https:\\\/\\\/secure.gravatar.com\\\/avatar\\\/976afb40d1db3909c544dad94ca233465e10e46949f9f7d9c63974d4b1d4710d?s=96&d=mm&r=g\",\"url\":\"https:\\\/\\\/secure.gravatar.com\\\/avatar\\\/976afb40d1db3909c544dad94ca233465e10e46949f9f7d9c63974d4b1d4710d?s=96&d=mm&r=g\",\"contentUrl\":\"https:\\\/\\\/secure.gravatar.com\\\/avatar\\\/976afb40d1db3909c544dad94ca233465e10e46949f9f7d9c63974d4b1d4710d?s=96&d=mm&r=g\",\"caption\":\"Luc\u00eda Santos\"},\"url\":\"https:\\\/\\\/www.anovapeneira.gal\\\/index.php\\\/author\\\/luciasantos\\\/\"}]}<\/script>\n<!-- \/ Yoast SEO plugin. -->","yoast_head_json":{"title":"Luc\u00eda Santos Omil voceira do BNG de Mar\u00edn -","robots":{"index":"index","follow":"follow","max-snippet":"max-snippet:-1","max-image-preview":"max-image-preview:large","max-video-preview":"max-video-preview:-1"},"canonical":"https:\/\/www.anovapeneira.gal\/index.php\/2024\/06\/13\/lucia-santos-omil-voceira-do-bng-de-marin\/","og_locale":"gl_ES","og_type":"article","og_title":"Luc\u00eda Santos Omil voceira do BNG de Mar\u00edn -","og_description":"Vela\u00ed vai o resultado da nosa ampla conversa coa voceira do Bloque, Luc\u00eda Santos, na que nos ofrece a s\u00faa visi\u00f3n sobre a realidade pol\u00edtica de Mar\u00edn [...]","og_url":"https:\/\/www.anovapeneira.gal\/index.php\/2024\/06\/13\/lucia-santos-omil-voceira-do-bng-de-marin\/","article_publisher":"https:\/\/www.facebook.com\/anovapeneira","article_published_time":"2024-06-13T10:00:40+00:00","og_image":[{"width":720,"height":432,"url":"https:\/\/www.anovapeneira.gal\/wp-content\/uploads\/2024\/06\/lucia_santos.png","type":"image\/png"}],"author":"Luc\u00eda Santos","twitter_card":"summary_large_image","twitter_creator":"@APeneira","twitter_site":"@APeneira","twitter_misc":{"Escrito por":"Luc\u00eda Santos","Tempo de lectura":"4 minutos"},"schema":{"@context":"https:\/\/schema.org","@graph":[{"@type":"Article","@id":"https:\/\/www.anovapeneira.gal\/index.php\/2024\/06\/13\/lucia-santos-omil-voceira-do-bng-de-marin\/#article","isPartOf":{"@id":"https:\/\/www.anovapeneira.gal\/index.php\/2024\/06\/13\/lucia-santos-omil-voceira-do-bng-de-marin\/"},"author":{"name":"Luc\u00eda Santos","@id":"https:\/\/www.anovapeneira.gal\/#\/schema\/person\/acfb2aec0cb752502dfdf32c140bf0ab"},"headline":"Luc\u00eda Santos Omil voceira do BNG de Mar\u00edn","datePublished":"2024-06-13T10:00:40+00:00","mainEntityOfPage":{"@id":"https:\/\/www.anovapeneira.gal\/index.php\/2024\/06\/13\/lucia-santos-omil-voceira-do-bng-de-marin\/"},"wordCount":1833,"commentCount":0,"publisher":{"@id":"https:\/\/www.anovapeneira.gal\/#organization"},"image":{"@id":"https:\/\/www.anovapeneira.gal\/index.php\/2024\/06\/13\/lucia-santos-omil-voceira-do-bng-de-marin\/#primaryimage"},"thumbnailUrl":"https:\/\/www.anovapeneira.gal\/wp-content\/uploads\/2024\/06\/lucia_santos.png","articleSection":["Morrazo"],"inLanguage":"gl-ES","potentialAction":[{"@type":"CommentAction","name":"Comment","target":["https:\/\/www.anovapeneira.gal\/index.php\/2024\/06\/13\/lucia-santos-omil-voceira-do-bng-de-marin\/#respond"]}]},{"@type":"WebPage","@id":"https:\/\/www.anovapeneira.gal\/index.php\/2024\/06\/13\/lucia-santos-omil-voceira-do-bng-de-marin\/","url":"https:\/\/www.anovapeneira.gal\/index.php\/2024\/06\/13\/lucia-santos-omil-voceira-do-bng-de-marin\/","name":"Luc\u00eda Santos Omil voceira do BNG de Mar\u00edn -","isPartOf":{"@id":"https:\/\/www.anovapeneira.gal\/#website"},"primaryImageOfPage":{"@id":"https:\/\/www.anovapeneira.gal\/index.php\/2024\/06\/13\/lucia-santos-omil-voceira-do-bng-de-marin\/#primaryimage"},"image":{"@id":"https:\/\/www.anovapeneira.gal\/index.php\/2024\/06\/13\/lucia-santos-omil-voceira-do-bng-de-marin\/#primaryimage"},"thumbnailUrl":"https:\/\/www.anovapeneira.gal\/wp-content\/uploads\/2024\/06\/lucia_santos.png","datePublished":"2024-06-13T10:00:40+00:00","breadcrumb":{"@id":"https:\/\/www.anovapeneira.gal\/index.php\/2024\/06\/13\/lucia-santos-omil-voceira-do-bng-de-marin\/#breadcrumb"},"inLanguage":"gl-ES","potentialAction":[{"@type":"ReadAction","target":["https:\/\/www.anovapeneira.gal\/index.php\/2024\/06\/13\/lucia-santos-omil-voceira-do-bng-de-marin\/"]}]},{"@type":"ImageObject","inLanguage":"gl-ES","@id":"https:\/\/www.anovapeneira.gal\/index.php\/2024\/06\/13\/lucia-santos-omil-voceira-do-bng-de-marin\/#primaryimage","url":"https:\/\/www.anovapeneira.gal\/wp-content\/uploads\/2024\/06\/lucia_santos.png","contentUrl":"https:\/\/www.anovapeneira.gal\/wp-content\/uploads\/2024\/06\/lucia_santos.png","width":720,"height":432,"caption":"Luc\u00eda Santos Omil"},{"@type":"BreadcrumbList","@id":"https:\/\/www.anovapeneira.gal\/index.php\/2024\/06\/13\/lucia-santos-omil-voceira-do-bng-de-marin\/#breadcrumb","itemListElement":[{"@type":"ListItem","position":1,"name":"Portada","item":"https:\/\/www.anovapeneira.gal\/"},{"@type":"ListItem","position":2,"name":"Luc\u00eda Santos Omil voceira do BNG de Mar\u00edn"}]},{"@type":"WebSite","@id":"https:\/\/www.anovapeneira.gal\/#website","url":"https:\/\/www.anovapeneira.gal\/","name":"","description":"Xornal galego de informaci\u00f3n xeral Publicaci\u00f3n mensual de novas de Galicia e en especial dos Concellos da sur da provincia de Pontevedra.","publisher":{"@id":"https:\/\/www.anovapeneira.gal\/#organization"},"potentialAction":[{"@type":"SearchAction","target":{"@type":"EntryPoint","urlTemplate":"https:\/\/www.anovapeneira.gal\/?s={search_term_string}"},"query-input":{"@type":"PropertyValueSpecification","valueRequired":true,"valueName":"search_term_string"}}],"inLanguage":"gl-ES"},{"@type":"Organization","@id":"https:\/\/www.anovapeneira.gal\/#organization","name":"A Nova Peneira","url":"https:\/\/www.anovapeneira.gal\/","logo":{"@type":"ImageObject","inLanguage":"gl-ES","@id":"https:\/\/www.anovapeneira.gal\/#\/schema\/logo\/image\/","url":"http:\/\/www.anovapeneira.gal\/wp-content\/uploads\/2019\/06\/logo_a_nova_peneira_portal_web.png","contentUrl":"http:\/\/www.anovapeneira.gal\/wp-content\/uploads\/2019\/06\/logo_a_nova_peneira_portal_web.png","width":300,"height":100,"caption":"A Nova Peneira"},"image":{"@id":"https:\/\/www.anovapeneira.gal\/#\/schema\/logo\/image\/"},"sameAs":["https:\/\/www.facebook.com\/anovapeneira","https:\/\/x.com\/APeneira"]},{"@type":"Person","@id":"https:\/\/www.anovapeneira.gal\/#\/schema\/person\/acfb2aec0cb752502dfdf32c140bf0ab","name":"Luc\u00eda Santos","image":{"@type":"ImageObject","inLanguage":"gl-ES","@id":"https:\/\/secure.gravatar.com\/avatar\/976afb40d1db3909c544dad94ca233465e10e46949f9f7d9c63974d4b1d4710d?s=96&d=mm&r=g","url":"https:\/\/secure.gravatar.com\/avatar\/976afb40d1db3909c544dad94ca233465e10e46949f9f7d9c63974d4b1d4710d?s=96&d=mm&r=g","contentUrl":"https:\/\/secure.gravatar.com\/avatar\/976afb40d1db3909c544dad94ca233465e10e46949f9f7d9c63974d4b1d4710d?s=96&d=mm&r=g","caption":"Luc\u00eda Santos"},"url":"https:\/\/www.anovapeneira.gal\/index.php\/author\/luciasantos\/"}]}},"jetpack_featured_media_url":"https:\/\/www.anovapeneira.gal\/wp-content\/uploads\/2024\/06\/lucia_santos.png","_links":{"self":[{"href":"https:\/\/www.anovapeneira.gal\/index.php\/wp-json\/wp\/v2\/posts\/11884","targetHints":{"allow":["GET"]}}],"collection":[{"href":"https:\/\/www.anovapeneira.gal\/index.php\/wp-json\/wp\/v2\/posts"}],"about":[{"href":"https:\/\/www.anovapeneira.gal\/index.php\/wp-json\/wp\/v2\/types\/post"}],"author":[{"embeddable":true,"href":"https:\/\/www.anovapeneira.gal\/index.php\/wp-json\/wp\/v2\/users\/42"}],"replies":[{"embeddable":true,"href":"https:\/\/www.anovapeneira.gal\/index.php\/wp-json\/wp\/v2\/comments?post=11884"}],"version-history":[{"count":1,"href":"https:\/\/www.anovapeneira.gal\/index.php\/wp-json\/wp\/v2\/posts\/11884\/revisions"}],"predecessor-version":[{"id":11886,"href":"https:\/\/www.anovapeneira.gal\/index.php\/wp-json\/wp\/v2\/posts\/11884\/revisions\/11886"}],"wp:featuredmedia":[{"embeddable":true,"href":"https:\/\/www.anovapeneira.gal\/index.php\/wp-json\/wp\/v2\/media\/11885"}],"wp:attachment":[{"href":"https:\/\/www.anovapeneira.gal\/index.php\/wp-json\/wp\/v2\/media?parent=11884"}],"wp:term":[{"taxonomy":"category","embeddable":true,"href":"https:\/\/www.anovapeneira.gal\/index.php\/wp-json\/wp\/v2\/categories?post=11884"},{"taxonomy":"post_tag","embeddable":true,"href":"https:\/\/www.anovapeneira.gal\/index.php\/wp-json\/wp\/v2\/tags?post=11884"}],"curies":[{"name":"wp","href":"https:\/\/api.w.org\/{rel}","templated":true}]}}