{"id":11891,"date":"2024-06-14T10:00:48","date_gmt":"2024-06-14T08:00:48","guid":{"rendered":"https:\/\/www.anovapeneira.gal\/?p=11891"},"modified":"2024-06-14T10:04:16","modified_gmt":"2024-06-14T08:04:16","slug":"paco-ferreira-alcalde-de-gondomar-5","status":"publish","type":"post","link":"https:\/\/www.anovapeneira.gal\/index.php\/2024\/06\/14\/paco-ferreira-alcalde-de-gondomar-5\/","title":{"rendered":"Paco Ferreira alcalde de Gondomar"},"content":{"rendered":"\n<pre class=\"wp-block-verse\"><strong>Tino Lago<\/strong><\/pre>\n\n\n\n<p><strong>Un ano m\u00e1is, moi preto das festas de San Bieito, acheg\u00e1monos ata o concello de Gondomar a falar co seu alcalde, o socialista Paco Ferreira. Con el mantivemos unha conversa moi extensa na que nos explicou a s\u00faa visi\u00f3n da realidade pol\u00edtica do seu pobo. V\u00edmolo moi animado, como sempre, e se cadra algo m\u00e1is sereno e acougado que outras veces. \u00c9 o que ten o paso do tempo, leva a relativizar todo un pouco, e xa son nove anos de alcalde. Amosouse satisfeito da s\u00faa xesti\u00f3n, con moitas ga\u00f1as de m\u00e1is, conciliador co BNG, duro coa Xunta e o seu trato a Gondomar, e cunhas enormes ga\u00f1as de resolver d\u00faas cuesti\u00f3ns moi complexas pero esenciais para o futuro de Gondomar:O Plan xeral, e a situaci\u00f3n do pol\u00edgono da Pasaxe. Vela\u00ed vai o que deu si a nosa conversa<\/strong><\/p>\n\n\n\n<p>\u201c<strong>Sigo namorado ata as trancas de Gondomar\u201d<\/strong><\/p>\n\n\n\n<p><strong>Para A Nova Peneira xa se converteu nun costume entrevistarte en maio, pero este ano tiv\u00e9molo que facer en xu\u00f1o pois o mes pasado tiveches que viaxar a Italia. C\u00f3ntanos as motivaci\u00f3ns e resultados desa viaxe?<\/strong><\/p>\n\n\n\n<blockquote class=\"wp-block-quote is-layout-flow wp-block-quote-is-layout-flow\">\n<p>Tratouse dunha viaxe de traballo do GDR<strong>(Grupo de desenvolvemento rural que forman 14 concellos do Sur de Pontevedra).<\/strong>Visitamos varias localidades, como por exemplo Milan, Parma, Bolonia&#8230;.. con obxecto de co\u00f1ecermos in situ distintos proxectos de desenvolvemento econ\u00f3mico sostible que puidesen ser interesantes para aplicar nos nosos concellos.<\/p>\n<\/blockquote>\n\n\n\n<p><strong>Co\u00f1eciches alg\u00fan proxecto en concreto que puidese ser beneficioso para Gondomar?<\/strong><\/p>\n\n\n\n<blockquote class=\"wp-block-quote is-layout-flow wp-block-quote-is-layout-flow\">\n<p>Si. En concreto resultoume moi interesante o seu modelo de explotaci\u00f3n da trufa. Considero que poder\u00eda ser aplicable no noso concello para facermos algo parecido cos cogomelos. A s\u00faa forma de traballar cos vi\u00f1os e invernadoiros resultoume tam\u00e9n atractiva, e entendo que pod\u00eda haber unha aprendizaxe rec\u00edproca ata o punto de chegar a intercambios de mercado.<\/p>\n<\/blockquote>\n\n\n\n<p><strong>Hai alg\u00fan outro aspecto do traballo do GDR que poida incidir positivamente en Gondomar?<\/strong><\/p>\n\n\n\n<blockquote class=\"wp-block-quote is-layout-flow wp-block-quote-is-layout-flow\">\n<p>Pois si, claro que si. De feito acabamos de lograr unha subvenci\u00f3n de 1,5 mill\u00f3ns de \u20ac con varias li\u00f1as de actuaci\u00f3n, que non \u00e9 que sexa moito, pois \u00e9 para repartir entre todos, pero estou seguro de que buscaremos algunha forma de investir eses fondos de maneira conxunta para o beneficio colectivo. Ao fin e ao cabo esa \u00e9 a filosof\u00eda do GDR: cooperar e non competir, algo que encaixa perfectamente na mi\u00f1a forma de entender a realidade. Te\u00f1o a certeza absoluta de que a cooperaci\u00f3n foi, \u00e9 e ser\u00e1 a v\u00eda m\u00e1is adecuada para que a humanidade avance e progrese.<\/p>\n<\/blockquote>\n\n\n\n<p><strong>Ben, pasemos a mergullarnos nas profundidades de Gondomar: A oposici\u00f3n ac\u00fasate de teres abandonadas \u00e1s parroquias e centrar os esforzos de actuaci\u00f3n s\u00f3 no casco urbano. Que tes que dicir ao respecto?<\/strong><\/p>\n\n\n\n<blockquote class=\"wp-block-quote is-layout-flow wp-block-quote-is-layout-flow\">\n<p>Eu comprendo, e por suposto respecto, que a oposici\u00f3n ten que facer oposici\u00f3n. Pero quen trate de facela aludindo a unha suposta discriminaci\u00f3n do noso goberno \u00e1s parroquias de Gondomar simplemente falta \u00e1 verdade.<\/p>\n<\/blockquote>\n\n\n\n<p><strong>Por que falta \u00e1 verdade?<\/strong><\/p>\n\n\n\n<blockquote class=\"wp-block-quote is-layout-flow wp-block-quote-is-layout-flow\">\n<p>Dicir que n\u00f3s temos abandonadas \u00e1s parroquias \u00e9 unha trola que se desmonta moi facilmente pola v\u00eda dos feitos. Por exemplo:<\/p>\n<\/blockquote>\n\n\n\n<p>-Melloramos as depuradoras de todas as parroquias<\/p>\n\n\n\n<p>-Metemos saneamento en todas<\/p>\n\n\n\n<p>-Fixemos actuaci\u00f3ns moi importantes nas estradas e cami\u00f1os de Borreiros<\/p>\n\n\n\n<p>-O Barrio da Fraga en Vincios asfalt\u00e1molo completamente<\/p>\n\n\n\n<p>-Estamos facendo unha actuaci\u00f3n moi relevante no barrio da Pedra de Morgad\u00e1ns cun investimento de m\u00e1is de 600.000\u20ac<\/p>\n\n\n\n<p>-Actuamos no cami\u00f1o de Xende e na estrada de Prado<\/p>\n\n\n\n<p>-Cando n\u00f3s chegamos o servizo de recollida de Lixo estaba en precario, hoxe en d\u00eda todos os contedores est\u00e1n limpos<\/p>\n\n\n\n<p>-En Vilaza melloramos a estrada do Carrasquedo de abaixo e metemos o saneamento<\/p>\n\n\n\n<p>-A estrada da Rochela asfalt\u00e1mola toda e metemos o saneamento no barrio<\/p>\n\n\n\n<blockquote class=\"wp-block-quote is-layout-flow wp-block-quote-is-layout-flow\">\n<p>E as\u00ed poder\u00eda seguir&#8230;.. En definitiva:Gondomar ten unha enorme extensi\u00f3n de terreo e os fondos dos que dispomos son limitados. Pero na mi\u00f1a vontade est\u00e1 atender cada curruncho de Gondomar de maneira equitativa e xusta porque para min todos os veci\u00f1os, sexan do sitio que sexan, te\u00f1en a mesma importancia, exactamente a mesma.<\/p>\n<\/blockquote>\n\n\n\n<p><strong>Como est\u00e1 a situaci\u00f3n da auga en Vilaza?<\/strong><\/p>\n\n\n\n<blockquote class=\"wp-block-quote is-layout-flow wp-block-quote-is-layout-flow\">\n<p>Ese \u00e9 un problema hist\u00f3rico que deriva da adquisici\u00f3n por parte do anterior goberno de Gondomar da antiga tra\u00edda privada da parroquia. Esa adquisici\u00f3n f\u00edxose sen respectar os adecuados procedementos legais, e provocou unha situaci\u00f3n kafkiana pois n\u00f3s xestionabamos a auga pero non a podiamos cobrar xa que legalmente non era nosa. Agora constitu\u00eduse unha nova directiva dos comuneiros, est\u00e1n renovando a concesi\u00f3n e o que te\u00f1en que facer \u00e9 p\u00f3r en marcha o servizo a trav\u00e9s dunha comunidade de augas. E se procede entrariamos nun proceso de pasar a tra\u00edda a municipal, pero facendo as cousas ben.<\/p>\n<\/blockquote>\n\n\n\n<p><strong>A actuaci\u00f3n que estades a facer na Alameda vai cumprir os prazos de execuci\u00f3n?<\/strong><\/p>\n\n\n\n<blockquote class=\"wp-block-quote is-layout-flow wp-block-quote-is-layout-flow\">\n<p>Os comerciantes da Alameda est\u00e1n debidamente informados da evoluci\u00f3n das obras. A execuci\u00f3n da obra eran sete meses. A\u00ednda non levamos catro e est\u00e1 practicamente acabada. Trataremos de inaugurar as festas de San Bieito xa coa obra rematada. Se cadra pode quedar alg\u00fan pequeno aspecto por pulir, pero conto que para as nosas festas de San Bieito o substancial da obra estea rematado.<\/p>\n<\/blockquote>\n\n\n\n<p><strong>Era necesario actuar a\u00ed?<\/strong><\/p>\n\n\n\n<blockquote class=\"wp-block-quote is-layout-flow wp-block-quote-is-layout-flow\">\n<p>Si, era moi necesario, incumpr\u00eda a accesibilidade. Por outra parte o subsolo desa praza estaba en moi mal estado. As tubaxes estaban escachadas e en consecuencia hab\u00eda perdas de augas fecais. N\u00f3s metemos todo o saneamento novo e fixemos, como marca a norma, a separaci\u00f3n entre pluviais e saneamento. Tam\u00e9n metemos novas as redes de electricidade e de telefon\u00eda.<\/p>\n<\/blockquote>\n\n\n\n<p><strong>Por\u00e9n, custouche moito poder concretar a actuaci\u00f3n?<\/strong><\/p>\n\n\n\n<blockquote class=\"wp-block-quote is-layout-flow wp-block-quote-is-layout-flow\">\n<p>Si, unha enormidade. Primeiro custounos moito acadar a subvenci\u00f3n da DEPO, pois era unha partida en concorrencia competitiva, e houbo que traballar moito para pod\u00e9rmola ga\u00f1ar. Por outra parte n\u00f3s aprobamos ese proxecto un mes antes das elecci\u00f3ns e eu te\u00f1o a convicci\u00f3n de que me supuxo custe electoral. E tam\u00e9n me custou moito aprobar a adxudicaci\u00f3n da obra.<\/p>\n<\/blockquote>\n\n\n\n<p><strong>Si, xa perderades a maior\u00eda absoluta e foi necesaria abstenci\u00f3n do BNG<\/strong><\/p>\n\n\n\n<blockquote class=\"wp-block-quote is-layout-flow wp-block-quote-is-layout-flow\">\n<p>Efectivamente, unha posici\u00f3n pol\u00edtica que eu agradezo moito, pois amosa quen est\u00e1 en pol\u00edtica na busca do ben com\u00fan da veci\u00f1anza de Gondomar e quen s\u00f3 est\u00e1 para po\u00f1er paus nas rodas na procura do seu beneficio particular.<\/p>\n<\/blockquote>\n\n\n\n<p><strong>Expl\u00edcate?<\/strong><\/p>\n\n\n\n<blockquote class=\"wp-block-quote is-layout-flow wp-block-quote-is-layout-flow\">\n<p>Se despois de ter acadado esa importante subvenci\u00f3n de m\u00e1is dun mill\u00f3n de \u20ac, e de ter todo listo para unha actuaci\u00f3n que era absolutamente necesaria, non podemos facelo porque a oposici\u00f3n non nos deixa adxudicar a obra ser\u00eda terrible. En relaci\u00f3n \u00e1 oposici\u00f3n vexo que o grupo de Antonio Arauxo e o PP fan unha oposici\u00f3n destrutiva que non busca o beneficio para Gondomar sen\u00f3n para os seus grupos.<\/p>\n<\/blockquote>\n\n\n\n<p><strong>E o BNG?<\/strong><\/p>\n\n\n\n<blockquote class=\"wp-block-quote is-layout-flow wp-block-quote-is-layout-flow\">\n<p>Eu agradezo moito ao BNG os momentos en que nos apoiou, resp\u00e9ctoo profundamente e tam\u00e9n digo que agardo moito m\u00e1is deles. O BNG e o PSOE tanto en Gondomar como en Galicia estamos condenados a entendernos. Ning\u00fan dos dous pode ga\u00f1ar s\u00f3 ao PP, e se non nos entendemos nunca poderemos derrotalos. A mi\u00f1a porta est\u00e1 aberta ao BNG para que cando queiran entren no goberno de Gondomar.<\/p>\n<\/blockquote>\n\n\n\n<p><strong>Finalmente ides adquirir o antigo bar De Lis?<\/strong><\/p>\n\n\n\n<blockquote class=\"wp-block-quote is-layout-flow wp-block-quote-is-layout-flow\">\n<p>Si, compramos a casa por 270.000\u20ac.<\/p>\n<\/blockquote>\n\n\n\n<p><strong>E que tes previsto facer al\u00ed?<\/strong><\/p>\n\n\n\n<blockquote class=\"wp-block-quote is-layout-flow wp-block-quote-is-layout-flow\">\n<p>Un centro l\u00fadico que estea conectado coa casa Peralba.<\/p>\n<\/blockquote>\n\n\n\n<p><strong>Al\u00ed ides facer unha biblioteca?<\/strong><\/p>\n\n\n\n<blockquote class=\"wp-block-quote is-layout-flow wp-block-quote-is-layout-flow\">\n<p>Si, pero algo m\u00e1is ca iso. Pretendemos que ambas edificaci\u00f3ns sexan un centro de cultura e lecer, multidisciplinar( biblioteca, zona de concertos, lugar de encontro da mocidade, actividades para a xente maior, un pequeno museo&#8230;), de primeira magnitude que lle dea a Gondomar un plus importante tanto de servizos para a nosa veci\u00f1anza, como para facelo m\u00e1is atractivo para o visitante.<\/p>\n<\/blockquote>\n\n\n\n<p><strong>Como ides financiar ese proxecto?<\/strong><\/p>\n\n\n\n<blockquote class=\"wp-block-quote is-layout-flow wp-block-quote-is-layout-flow\">\n<p>Estamos pendentes da resoluci\u00f3n dunha subvenci\u00f3n de 2 mill\u00f3ns de \u20ac do ministerio de cultura.<\/p>\n<\/blockquote>\n\n\n\n<p><strong>Para a biblioteca perdestes unha subvenci\u00f3n?<\/strong><\/p>\n\n\n\n<blockquote class=\"wp-block-quote is-layout-flow wp-block-quote-is-layout-flow\">\n<p>Si, perdemos unha pequena subvenci\u00f3n de 2.000\u20ac, para a axuda de libros da biblioteca municipal, por un erro administrativo. Somos humanos e tam\u00e9n cometemos erros. Eu, por suposto as\u00famoos con humildade e con responsabilidade.<\/p>\n<\/blockquote>\n\n\n\n<p><strong>Como levas pasar de ter maior\u00eda absoluta a non tela?<\/strong><\/p>\n\n\n\n<blockquote class=\"wp-block-quote is-layout-flow wp-block-quote-is-layout-flow\">\n<p>Politicamente desgasta. Por exemplo co tema da Alameda,que falamos antes, aprobar a adxudicaci\u00f3n custou unha enormidade e nos fixo perder moitos meses.<\/p>\n<\/blockquote>\n\n\n\n<blockquote class=\"wp-block-quote is-layout-flow wp-block-quote-is-layout-flow\">\n<p>Outro exemplo \u00e9 a concesi\u00f3n da auga, que n\u00f3s temos case en precario pois xa acabou a prorroga. \u00c9 preciso un estudo de viabilidade que leva indo a pleno tres veces e as tres foi rexeitado pola oposici\u00f3n.<\/p>\n<\/blockquote>\n\n\n\n<p><strong>Por que ?<\/strong><\/p>\n\n\n\n<blockquote class=\"wp-block-quote is-layout-flow wp-block-quote-is-layout-flow\">\n<p>Non \u00e9 obxectivamente comprensible. O estudo de viabilidade \u00e9 un documento contable, non \u00e9 algo que se poida cuestionar. Pero polo rexeitamento sistem\u00e1tico temos o servizo de auga como o temos, e nos impide facer un investimento de 1,5 mill\u00f3ns de \u20ac para saneamento que est\u00e1 parado pola oposici\u00f3n.<\/p>\n<\/blockquote>\n\n\n\n<p><strong>O asunto dos soldos est\u00e1 xa arranxado?<\/strong><\/p>\n\n\n\n<blockquote class=\"wp-block-quote is-layout-flow wp-block-quote-is-layout-flow\">\n<p>De momento si, pero eles recorreron. Uns soldos e unhas dedicaci\u00f3ns que son os mesmos que no 2011 cando a se\u00f1ora Bouz\u00f3s estaba no goberno.<\/p>\n<\/blockquote>\n\n\n\n<p><strong>Como est\u00e1 a situaci\u00f3n do pol\u00edgono da Pasaxe ?<\/strong><\/p>\n\n\n\n<blockquote class=\"wp-block-quote is-layout-flow wp-block-quote-is-layout-flow\">\n<p>Vamos ver, eu creo que obxectivamente Gondomar est\u00e1 moito mellor do que estaba antes de que n\u00f3s chegaramos, pero hai tres aspectos que a min me preocupan moito e que te\u00f1o o firme compromiso de solucionar pois Gondomar os necesita. Eu def\u00ednoos como os tres P: O plan xeral, o Pol\u00edgono da Pasaxe e o Paseo fluvial.<\/p>\n<\/blockquote>\n\n\n\n<p><strong>Imos por partes: A Pasaxe?<\/strong><\/p>\n\n\n\n<blockquote class=\"wp-block-quote is-layout-flow wp-block-quote-is-layout-flow\">\n<p>Te\u00f1o a impresi\u00f3n de que existe un bloqueo consciente tanto da empresa adxudicataria como por parte da Xunta que persigue atrasar todo o posible o inicio das obras.<\/p>\n<\/blockquote>\n\n\n\n<p><strong>As\u00ed de claro?<\/strong><\/p>\n\n\n\n<blockquote class=\"wp-block-quote is-layout-flow wp-block-quote-is-layout-flow\">\n<p>As\u00ed de claro.<\/p>\n<\/blockquote>\n\n\n\n<p><strong>Pero se os candidatos populares \u00e1 presidencia da Xunta te\u00f1en manifestado en reiteradas ocasi\u00f3ns que este se trata dun proxecto estrat\u00e9xico e comprometido r\u00edos de mill\u00f3ns?<\/strong><\/p>\n\n\n\n<blockquote class=\"wp-block-quote is-layout-flow wp-block-quote-is-layout-flow\">\n<p>Xa, pero a realidade dos feitos, por desgraza , \u00e9 contraria a eses compromisos. \u00c9 un proxecto estrat\u00e9xico, claro que si,enormemente necesario e beneficioso non s\u00f3 para Gondomar sen\u00f3n para toda a contorna, desde logo que si. Pero se cadra ao PP non lle interesa que se desenvolva cun goberno de Gondomar que non sexa do seu signo pol\u00edtico. Por outra parte un ano e dous meses despois a empresa adxudicataria non comezou as obras. Iso non \u00e9 tolerable. Se non queren facelas que se retiren e que nos deixen licitar de novo, pero que non estean fastidiando ao pobo de Gondomar.<\/p>\n<\/blockquote>\n\n\n\n<p><strong>Non trataches de arranxar coa Xunta?<\/strong><\/p>\n\n\n\n<blockquote class=\"wp-block-quote is-layout-flow wp-block-quote-is-layout-flow\">\n<p>E tanto que tratei. Levo pedidas tres reuni\u00f3ns co conselleiro de Industria e non me recibiu. Tam\u00e9n ped\u00edn d\u00faas veces unha xuntanza co presidente da Xunta e tampouco me atendeu.<\/p>\n<\/blockquote>\n\n\n\n<p><strong>O paseo fluvial?<\/strong><\/p>\n\n\n\n<blockquote class=\"wp-block-quote is-layout-flow wp-block-quote-is-layout-flow\">\n<p>Temos a primeira fase, desde Gondomar ata Ma\u00f1ufe, con todo o proxecto feito e presentado en Madrid. Pedimos unha subvenci\u00f3n de 0,5 mill\u00f3ns de \u20ac para podelo executar, e estamos pendentes de que a resolvan para , no caso de que sexa de forma positiva,podermos comezar a execuci\u00f3n. Estamos a redactar unha segunda fase que ir\u00eda desde Ma\u00f1ufe ata a Ramallosa.<\/p>\n<\/blockquote>\n\n\n\n<blockquote class=\"wp-block-quote is-layout-flow wp-block-quote-is-layout-flow\">\n<p>Estou moi ilusionado con este proxecto, entendo que ser\u00eda un punto importante na conexi\u00f3n entre as localidades da nosa comarca.<\/p>\n<\/blockquote>\n\n\n\n<p><strong>O Plan Xeral?<\/strong><\/p>\n\n\n\n<blockquote class=\"wp-block-quote is-layout-flow wp-block-quote-is-layout-flow\">\n<p>Se cadra este \u00e9 o tema m\u00e1is complexo de todos. Sabes que no 2016 houbo un cambio de norma na Xunta que nos obrigou a comezar todo de novo. Imos conseguindo todos os permisos sectoriais ag\u00e1s o estudo de contaminaci\u00f3n ac\u00fastica das estradas de Galicia. Temos que ter un plan xeral a\u00ednda que sexa de m\u00ednimos pero telo temos que telo.<\/p>\n<\/blockquote>\n\n\n\n<p><strong>En que horizonte temporal realista pode estar en pleno para sometelo \u00e1 s\u00faa aprobaci\u00f3n inicial?<\/strong><\/p>\n\n\n\n<blockquote class=\"wp-block-quote is-layout-flow wp-block-quote-is-layout-flow\">\n<p>Arredor de xu\u00f1o do 2025.<\/p>\n<\/blockquote>\n\n\n\n<p><strong>Acabamos Paco: Xa levas 9 anos de alcalde de Gondomar. Est\u00e1s desgastado ou segues coa mesma ilusi\u00f3n do principio?<\/strong><\/p>\n\n\n\n<blockquote class=\"wp-block-quote is-layout-flow wp-block-quote-is-layout-flow\">\n<p>Eu sigo namorado de Gondomar ata as trancas. Sigo con unha enorme ilusi\u00f3n e coa sensaci\u00f3n de que a\u00ednda me quedan cousas por achegar ao meu pobo. No momento que entenda que xa non podo ofrecer nada, ireime \u00e1 mi\u00f1a casa con total serenidade e coa conciencia moi tranquila. Cometo erros, estou seguro, pero a mi\u00f1a vontade \u00e9 traballar sen descanso polo ben com\u00fan do meu querido pobo. Nunca persegu\u00edn ning\u00fan tipo de beneficio persoal nin partidista. En toda a mi\u00f1a carreira pol\u00edtica s\u00f3 busquei, con acertos e erros, dar o mellor de min mesmo para mellorar o d\u00eda a d\u00eda dos meus veci\u00f1os.<\/p>\n<\/blockquote>\n\n\n\n<p><strong>O PSdeG?<\/strong><\/p>\n\n\n\n<blockquote class=\"wp-block-quote is-layout-flow wp-block-quote-is-layout-flow\">\n<p>O PSdeG precisa dun proxecto galeguista aut\u00f3nomo e independente. No caso de que non se entenda as\u00ed non ser\u00e1 posible que volvamos ter expectativas realistas de goberno. Agardo que Besteiro sexa o suficientemente valente para desenvolvelo.<\/p>\n<\/blockquote>\n","protected":false},"excerpt":{"rendered":"<div class=\"mh-excerpt\"><p>Un ano m\u00e1is, moi preto das festas de San Bieito, acheg\u00e1monos ata o concello de Gondomar a falar co seu alcalde, o socialista Paco Ferreira <a class=\"mh-excerpt-more\" href=\"https:\/\/www.anovapeneira.gal\/index.php\/2024\/06\/14\/paco-ferreira-alcalde-de-gondomar-5\/\" title=\"Paco Ferreira alcalde de Gondomar\">[&#8230;]<\/a><\/p>\n<\/div>","protected":false},"author":2,"featured_media":11892,"comment_status":"open","ping_status":"open","sticky":false,"template":"","format":"standard","meta":{"_exactmetrics_skip_tracking":false,"_exactmetrics_sitenote_active":false,"_exactmetrics_sitenote_note":"","_exactmetrics_sitenote_category":0,"footnotes":""},"categories":[20],"tags":[149],"class_list":{"0":"post-11891","1":"post","2":"type-post","3":"status-publish","4":"format-standard","5":"has-post-thumbnail","7":"category-val-minor","8":"tag-concello-de-gondomar"},"yoast_head":"<!-- This site is optimized with the Yoast SEO plugin v27.4 - https:\/\/yoast.com\/product\/yoast-seo-wordpress\/ -->\n<title>Paco Ferreira alcalde de Gondomar -<\/title>\n<meta name=\"robots\" content=\"index, follow, max-snippet:-1, max-image-preview:large, max-video-preview:-1\" \/>\n<link rel=\"canonical\" href=\"https:\/\/www.anovapeneira.gal\/index.php\/2024\/06\/14\/paco-ferreira-alcalde-de-gondomar-5\/\" \/>\n<meta property=\"og:locale\" content=\"gl_ES\" \/>\n<meta property=\"og:type\" content=\"article\" \/>\n<meta property=\"og:title\" content=\"Paco Ferreira alcalde de Gondomar -\" \/>\n<meta property=\"og:description\" content=\"Un ano m\u00e1is, moi preto das festas de San Bieito, acheg\u00e1monos ata o concello de Gondomar a falar co seu alcalde, o socialista Paco Ferreira [...]\" \/>\n<meta property=\"og:url\" content=\"https:\/\/www.anovapeneira.gal\/index.php\/2024\/06\/14\/paco-ferreira-alcalde-de-gondomar-5\/\" \/>\n<meta property=\"article:publisher\" content=\"https:\/\/www.facebook.com\/anovapeneira\" \/>\n<meta property=\"article:published_time\" content=\"2024-06-14T08:00:48+00:00\" \/>\n<meta property=\"article:modified_time\" content=\"2024-06-14T08:04:16+00:00\" \/>\n<meta property=\"og:image\" content=\"https:\/\/www.anovapeneira.gal\/wp-content\/uploads\/2024\/06\/paco_ferreira.png\" \/>\n\t<meta property=\"og:image:width\" content=\"720\" \/>\n\t<meta property=\"og:image:height\" content=\"432\" \/>\n\t<meta property=\"og:image:type\" content=\"image\/png\" \/>\n<meta name=\"author\" content=\"Tino Lago\" \/>\n<meta name=\"twitter:card\" content=\"summary_large_image\" \/>\n<meta name=\"twitter:creator\" content=\"@APeneira\" \/>\n<meta name=\"twitter:site\" content=\"@APeneira\" \/>\n<meta name=\"twitter:label1\" content=\"Escrito por\" \/>\n\t<meta name=\"twitter:data1\" content=\"Tino Lago\" \/>\n\t<meta name=\"twitter:label2\" content=\"Tempo de lectura\" \/>\n\t<meta name=\"twitter:data2\" content=\"4 minutos\" \/>\n<script type=\"application\/ld+json\" class=\"yoast-schema-graph\">{\"@context\":\"https:\\\/\\\/schema.org\",\"@graph\":[{\"@type\":\"Article\",\"@id\":\"https:\\\/\\\/www.anovapeneira.gal\\\/index.php\\\/2024\\\/06\\\/14\\\/paco-ferreira-alcalde-de-gondomar-5\\\/#article\",\"isPartOf\":{\"@id\":\"https:\\\/\\\/www.anovapeneira.gal\\\/index.php\\\/2024\\\/06\\\/14\\\/paco-ferreira-alcalde-de-gondomar-5\\\/\"},\"author\":{\"name\":\"Tino Lago\",\"@id\":\"https:\\\/\\\/www.anovapeneira.gal\\\/#\\\/schema\\\/person\\\/424dfe65e3070fd8a44d22d2c088762a\"},\"headline\":\"Paco Ferreira alcalde de Gondomar\",\"datePublished\":\"2024-06-14T08:00:48+00:00\",\"dateModified\":\"2024-06-14T08:04:16+00:00\",\"mainEntityOfPage\":{\"@id\":\"https:\\\/\\\/www.anovapeneira.gal\\\/index.php\\\/2024\\\/06\\\/14\\\/paco-ferreira-alcalde-de-gondomar-5\\\/\"},\"wordCount\":2243,\"commentCount\":0,\"publisher\":{\"@id\":\"https:\\\/\\\/www.anovapeneira.gal\\\/#organization\"},\"image\":{\"@id\":\"https:\\\/\\\/www.anovapeneira.gal\\\/index.php\\\/2024\\\/06\\\/14\\\/paco-ferreira-alcalde-de-gondomar-5\\\/#primaryimage\"},\"thumbnailUrl\":\"https:\\\/\\\/www.anovapeneira.gal\\\/wp-content\\\/uploads\\\/2024\\\/06\\\/paco_ferreira.png\",\"keywords\":[\"Concello de Gondomar\"],\"articleSection\":[\"Val Mi\u00f1or\"],\"inLanguage\":\"gl-ES\",\"potentialAction\":[{\"@type\":\"CommentAction\",\"name\":\"Comment\",\"target\":[\"https:\\\/\\\/www.anovapeneira.gal\\\/index.php\\\/2024\\\/06\\\/14\\\/paco-ferreira-alcalde-de-gondomar-5\\\/#respond\"]}]},{\"@type\":\"WebPage\",\"@id\":\"https:\\\/\\\/www.anovapeneira.gal\\\/index.php\\\/2024\\\/06\\\/14\\\/paco-ferreira-alcalde-de-gondomar-5\\\/\",\"url\":\"https:\\\/\\\/www.anovapeneira.gal\\\/index.php\\\/2024\\\/06\\\/14\\\/paco-ferreira-alcalde-de-gondomar-5\\\/\",\"name\":\"Paco Ferreira alcalde de Gondomar -\",\"isPartOf\":{\"@id\":\"https:\\\/\\\/www.anovapeneira.gal\\\/#website\"},\"primaryImageOfPage\":{\"@id\":\"https:\\\/\\\/www.anovapeneira.gal\\\/index.php\\\/2024\\\/06\\\/14\\\/paco-ferreira-alcalde-de-gondomar-5\\\/#primaryimage\"},\"image\":{\"@id\":\"https:\\\/\\\/www.anovapeneira.gal\\\/index.php\\\/2024\\\/06\\\/14\\\/paco-ferreira-alcalde-de-gondomar-5\\\/#primaryimage\"},\"thumbnailUrl\":\"https:\\\/\\\/www.anovapeneira.gal\\\/wp-content\\\/uploads\\\/2024\\\/06\\\/paco_ferreira.png\",\"datePublished\":\"2024-06-14T08:00:48+00:00\",\"dateModified\":\"2024-06-14T08:04:16+00:00\",\"breadcrumb\":{\"@id\":\"https:\\\/\\\/www.anovapeneira.gal\\\/index.php\\\/2024\\\/06\\\/14\\\/paco-ferreira-alcalde-de-gondomar-5\\\/#breadcrumb\"},\"inLanguage\":\"gl-ES\",\"potentialAction\":[{\"@type\":\"ReadAction\",\"target\":[\"https:\\\/\\\/www.anovapeneira.gal\\\/index.php\\\/2024\\\/06\\\/14\\\/paco-ferreira-alcalde-de-gondomar-5\\\/\"]}]},{\"@type\":\"ImageObject\",\"inLanguage\":\"gl-ES\",\"@id\":\"https:\\\/\\\/www.anovapeneira.gal\\\/index.php\\\/2024\\\/06\\\/14\\\/paco-ferreira-alcalde-de-gondomar-5\\\/#primaryimage\",\"url\":\"https:\\\/\\\/www.anovapeneira.gal\\\/wp-content\\\/uploads\\\/2024\\\/06\\\/paco_ferreira.png\",\"contentUrl\":\"https:\\\/\\\/www.anovapeneira.gal\\\/wp-content\\\/uploads\\\/2024\\\/06\\\/paco_ferreira.png\",\"width\":720,\"height\":432,\"caption\":\"Paco Ferreira\"},{\"@type\":\"BreadcrumbList\",\"@id\":\"https:\\\/\\\/www.anovapeneira.gal\\\/index.php\\\/2024\\\/06\\\/14\\\/paco-ferreira-alcalde-de-gondomar-5\\\/#breadcrumb\",\"itemListElement\":[{\"@type\":\"ListItem\",\"position\":1,\"name\":\"Portada\",\"item\":\"https:\\\/\\\/www.anovapeneira.gal\\\/\"},{\"@type\":\"ListItem\",\"position\":2,\"name\":\"Paco Ferreira alcalde de Gondomar\"}]},{\"@type\":\"WebSite\",\"@id\":\"https:\\\/\\\/www.anovapeneira.gal\\\/#website\",\"url\":\"https:\\\/\\\/www.anovapeneira.gal\\\/\",\"name\":\"\",\"description\":\"Xornal galego de informaci\u00f3n xeral Publicaci\u00f3n mensual de novas de Galicia e en especial dos Concellos da sur da provincia de Pontevedra.\",\"publisher\":{\"@id\":\"https:\\\/\\\/www.anovapeneira.gal\\\/#organization\"},\"potentialAction\":[{\"@type\":\"SearchAction\",\"target\":{\"@type\":\"EntryPoint\",\"urlTemplate\":\"https:\\\/\\\/www.anovapeneira.gal\\\/?s={search_term_string}\"},\"query-input\":{\"@type\":\"PropertyValueSpecification\",\"valueRequired\":true,\"valueName\":\"search_term_string\"}}],\"inLanguage\":\"gl-ES\"},{\"@type\":\"Organization\",\"@id\":\"https:\\\/\\\/www.anovapeneira.gal\\\/#organization\",\"name\":\"A Nova Peneira\",\"url\":\"https:\\\/\\\/www.anovapeneira.gal\\\/\",\"logo\":{\"@type\":\"ImageObject\",\"inLanguage\":\"gl-ES\",\"@id\":\"https:\\\/\\\/www.anovapeneira.gal\\\/#\\\/schema\\\/logo\\\/image\\\/\",\"url\":\"http:\\\/\\\/www.anovapeneira.gal\\\/wp-content\\\/uploads\\\/2019\\\/06\\\/logo_a_nova_peneira_portal_web.png\",\"contentUrl\":\"http:\\\/\\\/www.anovapeneira.gal\\\/wp-content\\\/uploads\\\/2019\\\/06\\\/logo_a_nova_peneira_portal_web.png\",\"width\":300,\"height\":100,\"caption\":\"A Nova Peneira\"},\"image\":{\"@id\":\"https:\\\/\\\/www.anovapeneira.gal\\\/#\\\/schema\\\/logo\\\/image\\\/\"},\"sameAs\":[\"https:\\\/\\\/www.facebook.com\\\/anovapeneira\",\"https:\\\/\\\/x.com\\\/APeneira\"]},{\"@type\":\"Person\",\"@id\":\"https:\\\/\\\/www.anovapeneira.gal\\\/#\\\/schema\\\/person\\\/424dfe65e3070fd8a44d22d2c088762a\",\"name\":\"Tino Lago\",\"image\":{\"@type\":\"ImageObject\",\"inLanguage\":\"gl-ES\",\"@id\":\"https:\\\/\\\/secure.gravatar.com\\\/avatar\\\/b3df6a06e44bab3111583b90f0f33a0379ee5e3d22cbadd232d39f21c30c62be?s=96&d=mm&r=g\",\"url\":\"https:\\\/\\\/secure.gravatar.com\\\/avatar\\\/b3df6a06e44bab3111583b90f0f33a0379ee5e3d22cbadd232d39f21c30c62be?s=96&d=mm&r=g\",\"contentUrl\":\"https:\\\/\\\/secure.gravatar.com\\\/avatar\\\/b3df6a06e44bab3111583b90f0f33a0379ee5e3d22cbadd232d39f21c30c62be?s=96&d=mm&r=g\",\"caption\":\"Tino Lago\"},\"sameAs\":[\"http:\\\/\\\/www.anovapeneira.gal\"],\"url\":\"https:\\\/\\\/www.anovapeneira.gal\\\/index.php\\\/author\\\/director\\\/\"}]}<\/script>\n<!-- \/ Yoast SEO plugin. -->","yoast_head_json":{"title":"Paco Ferreira alcalde de Gondomar -","robots":{"index":"index","follow":"follow","max-snippet":"max-snippet:-1","max-image-preview":"max-image-preview:large","max-video-preview":"max-video-preview:-1"},"canonical":"https:\/\/www.anovapeneira.gal\/index.php\/2024\/06\/14\/paco-ferreira-alcalde-de-gondomar-5\/","og_locale":"gl_ES","og_type":"article","og_title":"Paco Ferreira alcalde de Gondomar -","og_description":"Un ano m\u00e1is, moi preto das festas de San Bieito, acheg\u00e1monos ata o concello de Gondomar a falar co seu alcalde, o socialista Paco Ferreira [...]","og_url":"https:\/\/www.anovapeneira.gal\/index.php\/2024\/06\/14\/paco-ferreira-alcalde-de-gondomar-5\/","article_publisher":"https:\/\/www.facebook.com\/anovapeneira","article_published_time":"2024-06-14T08:00:48+00:00","article_modified_time":"2024-06-14T08:04:16+00:00","og_image":[{"width":720,"height":432,"url":"https:\/\/www.anovapeneira.gal\/wp-content\/uploads\/2024\/06\/paco_ferreira.png","type":"image\/png"}],"author":"Tino Lago","twitter_card":"summary_large_image","twitter_creator":"@APeneira","twitter_site":"@APeneira","twitter_misc":{"Escrito por":"Tino Lago","Tempo de lectura":"4 minutos"},"schema":{"@context":"https:\/\/schema.org","@graph":[{"@type":"Article","@id":"https:\/\/www.anovapeneira.gal\/index.php\/2024\/06\/14\/paco-ferreira-alcalde-de-gondomar-5\/#article","isPartOf":{"@id":"https:\/\/www.anovapeneira.gal\/index.php\/2024\/06\/14\/paco-ferreira-alcalde-de-gondomar-5\/"},"author":{"name":"Tino Lago","@id":"https:\/\/www.anovapeneira.gal\/#\/schema\/person\/424dfe65e3070fd8a44d22d2c088762a"},"headline":"Paco Ferreira alcalde de Gondomar","datePublished":"2024-06-14T08:00:48+00:00","dateModified":"2024-06-14T08:04:16+00:00","mainEntityOfPage":{"@id":"https:\/\/www.anovapeneira.gal\/index.php\/2024\/06\/14\/paco-ferreira-alcalde-de-gondomar-5\/"},"wordCount":2243,"commentCount":0,"publisher":{"@id":"https:\/\/www.anovapeneira.gal\/#organization"},"image":{"@id":"https:\/\/www.anovapeneira.gal\/index.php\/2024\/06\/14\/paco-ferreira-alcalde-de-gondomar-5\/#primaryimage"},"thumbnailUrl":"https:\/\/www.anovapeneira.gal\/wp-content\/uploads\/2024\/06\/paco_ferreira.png","keywords":["Concello de Gondomar"],"articleSection":["Val Mi\u00f1or"],"inLanguage":"gl-ES","potentialAction":[{"@type":"CommentAction","name":"Comment","target":["https:\/\/www.anovapeneira.gal\/index.php\/2024\/06\/14\/paco-ferreira-alcalde-de-gondomar-5\/#respond"]}]},{"@type":"WebPage","@id":"https:\/\/www.anovapeneira.gal\/index.php\/2024\/06\/14\/paco-ferreira-alcalde-de-gondomar-5\/","url":"https:\/\/www.anovapeneira.gal\/index.php\/2024\/06\/14\/paco-ferreira-alcalde-de-gondomar-5\/","name":"Paco Ferreira alcalde de Gondomar -","isPartOf":{"@id":"https:\/\/www.anovapeneira.gal\/#website"},"primaryImageOfPage":{"@id":"https:\/\/www.anovapeneira.gal\/index.php\/2024\/06\/14\/paco-ferreira-alcalde-de-gondomar-5\/#primaryimage"},"image":{"@id":"https:\/\/www.anovapeneira.gal\/index.php\/2024\/06\/14\/paco-ferreira-alcalde-de-gondomar-5\/#primaryimage"},"thumbnailUrl":"https:\/\/www.anovapeneira.gal\/wp-content\/uploads\/2024\/06\/paco_ferreira.png","datePublished":"2024-06-14T08:00:48+00:00","dateModified":"2024-06-14T08:04:16+00:00","breadcrumb":{"@id":"https:\/\/www.anovapeneira.gal\/index.php\/2024\/06\/14\/paco-ferreira-alcalde-de-gondomar-5\/#breadcrumb"},"inLanguage":"gl-ES","potentialAction":[{"@type":"ReadAction","target":["https:\/\/www.anovapeneira.gal\/index.php\/2024\/06\/14\/paco-ferreira-alcalde-de-gondomar-5\/"]}]},{"@type":"ImageObject","inLanguage":"gl-ES","@id":"https:\/\/www.anovapeneira.gal\/index.php\/2024\/06\/14\/paco-ferreira-alcalde-de-gondomar-5\/#primaryimage","url":"https:\/\/www.anovapeneira.gal\/wp-content\/uploads\/2024\/06\/paco_ferreira.png","contentUrl":"https:\/\/www.anovapeneira.gal\/wp-content\/uploads\/2024\/06\/paco_ferreira.png","width":720,"height":432,"caption":"Paco Ferreira"},{"@type":"BreadcrumbList","@id":"https:\/\/www.anovapeneira.gal\/index.php\/2024\/06\/14\/paco-ferreira-alcalde-de-gondomar-5\/#breadcrumb","itemListElement":[{"@type":"ListItem","position":1,"name":"Portada","item":"https:\/\/www.anovapeneira.gal\/"},{"@type":"ListItem","position":2,"name":"Paco Ferreira alcalde de Gondomar"}]},{"@type":"WebSite","@id":"https:\/\/www.anovapeneira.gal\/#website","url":"https:\/\/www.anovapeneira.gal\/","name":"","description":"Xornal galego de informaci\u00f3n xeral Publicaci\u00f3n mensual de novas de Galicia e en especial dos Concellos da sur da provincia de Pontevedra.","publisher":{"@id":"https:\/\/www.anovapeneira.gal\/#organization"},"potentialAction":[{"@type":"SearchAction","target":{"@type":"EntryPoint","urlTemplate":"https:\/\/www.anovapeneira.gal\/?s={search_term_string}"},"query-input":{"@type":"PropertyValueSpecification","valueRequired":true,"valueName":"search_term_string"}}],"inLanguage":"gl-ES"},{"@type":"Organization","@id":"https:\/\/www.anovapeneira.gal\/#organization","name":"A Nova Peneira","url":"https:\/\/www.anovapeneira.gal\/","logo":{"@type":"ImageObject","inLanguage":"gl-ES","@id":"https:\/\/www.anovapeneira.gal\/#\/schema\/logo\/image\/","url":"http:\/\/www.anovapeneira.gal\/wp-content\/uploads\/2019\/06\/logo_a_nova_peneira_portal_web.png","contentUrl":"http:\/\/www.anovapeneira.gal\/wp-content\/uploads\/2019\/06\/logo_a_nova_peneira_portal_web.png","width":300,"height":100,"caption":"A Nova Peneira"},"image":{"@id":"https:\/\/www.anovapeneira.gal\/#\/schema\/logo\/image\/"},"sameAs":["https:\/\/www.facebook.com\/anovapeneira","https:\/\/x.com\/APeneira"]},{"@type":"Person","@id":"https:\/\/www.anovapeneira.gal\/#\/schema\/person\/424dfe65e3070fd8a44d22d2c088762a","name":"Tino Lago","image":{"@type":"ImageObject","inLanguage":"gl-ES","@id":"https:\/\/secure.gravatar.com\/avatar\/b3df6a06e44bab3111583b90f0f33a0379ee5e3d22cbadd232d39f21c30c62be?s=96&d=mm&r=g","url":"https:\/\/secure.gravatar.com\/avatar\/b3df6a06e44bab3111583b90f0f33a0379ee5e3d22cbadd232d39f21c30c62be?s=96&d=mm&r=g","contentUrl":"https:\/\/secure.gravatar.com\/avatar\/b3df6a06e44bab3111583b90f0f33a0379ee5e3d22cbadd232d39f21c30c62be?s=96&d=mm&r=g","caption":"Tino Lago"},"sameAs":["http:\/\/www.anovapeneira.gal"],"url":"https:\/\/www.anovapeneira.gal\/index.php\/author\/director\/"}]}},"jetpack_featured_media_url":"https:\/\/www.anovapeneira.gal\/wp-content\/uploads\/2024\/06\/paco_ferreira.png","_links":{"self":[{"href":"https:\/\/www.anovapeneira.gal\/index.php\/wp-json\/wp\/v2\/posts\/11891","targetHints":{"allow":["GET"]}}],"collection":[{"href":"https:\/\/www.anovapeneira.gal\/index.php\/wp-json\/wp\/v2\/posts"}],"about":[{"href":"https:\/\/www.anovapeneira.gal\/index.php\/wp-json\/wp\/v2\/types\/post"}],"author":[{"embeddable":true,"href":"https:\/\/www.anovapeneira.gal\/index.php\/wp-json\/wp\/v2\/users\/2"}],"replies":[{"embeddable":true,"href":"https:\/\/www.anovapeneira.gal\/index.php\/wp-json\/wp\/v2\/comments?post=11891"}],"version-history":[{"count":1,"href":"https:\/\/www.anovapeneira.gal\/index.php\/wp-json\/wp\/v2\/posts\/11891\/revisions"}],"predecessor-version":[{"id":11893,"href":"https:\/\/www.anovapeneira.gal\/index.php\/wp-json\/wp\/v2\/posts\/11891\/revisions\/11893"}],"wp:featuredmedia":[{"embeddable":true,"href":"https:\/\/www.anovapeneira.gal\/index.php\/wp-json\/wp\/v2\/media\/11892"}],"wp:attachment":[{"href":"https:\/\/www.anovapeneira.gal\/index.php\/wp-json\/wp\/v2\/media?parent=11891"}],"wp:term":[{"taxonomy":"category","embeddable":true,"href":"https:\/\/www.anovapeneira.gal\/index.php\/wp-json\/wp\/v2\/categories?post=11891"},{"taxonomy":"post_tag","embeddable":true,"href":"https:\/\/www.anovapeneira.gal\/index.php\/wp-json\/wp\/v2\/tags?post=11891"}],"curies":[{"name":"wp","href":"https:\/\/api.w.org\/{rel}","templated":true}]}}