{"id":11894,"date":"2024-06-14T12:00:30","date_gmt":"2024-06-14T10:00:30","guid":{"rendered":"https:\/\/www.anovapeneira.gal\/?p=11894"},"modified":"2024-06-11T11:14:49","modified_gmt":"2024-06-11T09:14:49","slug":"o-concello-de-redondela-demanda-a-administracion-autonomica-o-arranxo-urxente-da-avenida-mendino-e-avenida-de-vigo","status":"publish","type":"post","link":"https:\/\/www.anovapeneira.gal\/index.php\/2024\/06\/14\/o-concello-de-redondela-demanda-a-administracion-autonomica-o-arranxo-urxente-da-avenida-mendino-e-avenida-de-vigo\/","title":{"rendered":"O Concello de Redondela demanda \u00e1 administraci\u00f3n auton\u00f3mica o arranxo urxente da avenida Mendi\u00f1o e avenida de Vigo"},"content":{"rendered":"\n<p><em>&#8211; O mal estado das beirarr\u00faas na avda Mendi\u00f1o obrigou ao Concello a renovar no \u00faltimo ano m\u00e1is de 500 lousas do pavimento que estaban rotas, para evitar riscos para os pe\u00f3ns, malia non ser unha competencia municipal.<\/em><\/p>\n\n\n\n<p><em>&#8211; No caso da avenida de Vigo o Concello demanda que a Xunta cumpra co seu compromiso de acometer a segunda fase da humanizaci\u00f3n ata o Alto da Encarnaci\u00f3n. Tam\u00e9n son necesarias obras de reparaci\u00f3n na primeira fase, onde se rexistra zonas con afundimentos e ramplas met\u00e1licas moi deterioradas que supo\u00f1en un perigo para veh\u00edculos e pe\u00f3ns.<\/em><\/p>\n\n\n\n<p>Redondela, 8 de xu\u00f1o de 2024. O goberno local urxe as obras de humanizaci\u00f3n da avenida Mendi\u00f1o en Redondela e a segunda fase da avenida de Vigo en Chapela, comprometidas pola Xunta de Galicia desde 2019. Tr\u00e1tase de d\u00faas estradas de competencia auton\u00f3mica e que contan cun elevado tr\u00e1nsito diario, tanto de veh\u00edculos como de pe\u00f3ns. No caso da avenida Mendi\u00f1o a alcaldesa, Digna Rivas, advirte que se trata dunha actuaci\u00f3n que debe resolverse de maneira \u201curxente\u201d, xa que esta v\u00eda presenta un grave deterioro \u201ctanto no firme para o tr\u00e1fico rodado como nas beirarr\u00faas, que supo\u00f1en un risco constante para centos de pe\u00f3ns\u201d. A avenida Mendi\u00f1o conecta o centro da vila co porto de Cesantes e a praia, e alberga servizos como o Centro de Sa\u00fade, colexios, institutos e instalaci\u00f3ns deportivas. O mal estado das beirarr\u00faas obrigou ao Concello a renovar no \u00faltimo ano \u201cm\u00e1is de 500 lousas do pavimento que estaban rotas polo perigo que sup\u00f3n para os pe\u00f3ns, malia non ser unha competencia municipal\u201d, explica o concelleiro de Infraestruturas e Sostibilidade, Roberto Villar. As queixas da veci\u00f1anza no Concello polas deficiencias desta estrada son constantes \u201ce tentamos arranxalo na medida das nosas posibilidades, pero esa v\u00eda \u00e9 competencia da Xunta, que ten que dar unha soluci\u00f3n\u201d, lembra Villar.<\/p>\n\n\n\n<p>O edil lembra que desde novembro do ano pasado, cando se celebrou en Santiago unha reuni\u00f3n coa que era conselleira de Infraestruturas e Mobilidade, Ethel V\u00e1zquez, o Concello \u201csegue \u00e1 espera dunha resposta sobre os proxectos que son de titularidade auton\u00f3mica\u201d.<\/p>\n\n\n\n<p>No caso da avenida de Vigo o Concello demanda que a Xunta cumpra co seu compromiso de acometer a segunda fase da humanizaci\u00f3n ata o Alto da Encarnaci\u00f3n, anunciado en 2019. Tam\u00e9n son necesarias obras de reparaci\u00f3n na primeira fase, onde hai zonas xa humanizadas que presentan afundimentos no firme, e ramplas met\u00e1licas para salvar desniveis que est\u00e1n moi deterioradas \u201ce supo\u00f1en un perigo para veh\u00edculos e pe\u00f3ns\u201d.<\/p>\n\n\n\n<p>Outra v\u00eda auton\u00f3mica que precisa de reparaci\u00f3ns urxentes \u00e9 a PO-250 ao seu paso por Reboreda, onde son necesarias obras de mantemento nas beirarr\u00faas que se atopan en mal estado e con falta de limpeza.<\/p>\n\n\n\n<p>Desde o Concello lamentan que non houbese \u201cning\u00fan avance por parte da Xunta de Galicia\u201d e solicitan unha reuni\u00f3n coa nova conselleira do ramo, Mar\u00eda Mart\u00ednez Allegue, para lembrarlle estes compromisos.<\/p>\n","protected":false},"excerpt":{"rendered":"<div class=\"mh-excerpt\"><p>O mal estado das beirarr\u00faas na avda Mendi\u00f1o obrigou ao Concello a renovar no \u00faltimo ano m\u00e1is de 500 lousas do pavimento que estaban rotas, para evitar riscos para os pe\u00f3ns, malia non ser unha competencia municipal. <a class=\"mh-excerpt-more\" href=\"https:\/\/www.anovapeneira.gal\/index.php\/2024\/06\/14\/o-concello-de-redondela-demanda-a-administracion-autonomica-o-arranxo-urxente-da-avenida-mendino-e-avenida-de-vigo\/\" title=\"O Concello de Redondela demanda \u00e1 administraci\u00f3n auton\u00f3mica o arranxo urxente da avenida Mendi\u00f1o e avenida de Vigo\">[&#8230;]<\/a><\/p>\n<\/div>","protected":false},"author":3,"featured_media":11895,"comment_status":"open","ping_status":"open","sticky":false,"template":"","format":"standard","meta":{"_exactmetrics_skip_tracking":false,"_exactmetrics_sitenote_active":false,"_exactmetrics_sitenote_note":"","_exactmetrics_sitenote_category":0,"footnotes":""},"categories":[24],"tags":[171],"class_list":{"0":"post-11894","1":"post","2":"type-post","3":"status-publish","4":"format-standard","5":"has-post-thumbnail","7":"category-redondela","8":"tag-concello-de-redondela"},"yoast_head":"<!-- This site is optimized with the Yoast SEO plugin v27.4 - https:\/\/yoast.com\/product\/yoast-seo-wordpress\/ -->\n<title>O Concello de Redondela demanda \u00e1 administraci\u00f3n auton\u00f3mica o arranxo urxente da avenida Mendi\u00f1o e avenida de Vigo -<\/title>\n<meta name=\"robots\" content=\"index, follow, max-snippet:-1, max-image-preview:large, max-video-preview:-1\" \/>\n<link rel=\"canonical\" href=\"https:\/\/www.anovapeneira.gal\/index.php\/2024\/06\/14\/o-concello-de-redondela-demanda-a-administracion-autonomica-o-arranxo-urxente-da-avenida-mendino-e-avenida-de-vigo\/\" \/>\n<meta property=\"og:locale\" content=\"gl_ES\" \/>\n<meta property=\"og:type\" content=\"article\" \/>\n<meta property=\"og:title\" content=\"O Concello de Redondela demanda \u00e1 administraci\u00f3n auton\u00f3mica o arranxo urxente da avenida Mendi\u00f1o e avenida de Vigo -\" \/>\n<meta property=\"og:description\" content=\"O mal estado das beirarr\u00faas na avda Mendi\u00f1o obrigou ao Concello a renovar no \u00faltimo ano m\u00e1is de 500 lousas do pavimento que estaban rotas, para evitar riscos para os pe\u00f3ns, malia non ser unha competencia municipal. [...]\" \/>\n<meta property=\"og:url\" content=\"https:\/\/www.anovapeneira.gal\/index.php\/2024\/06\/14\/o-concello-de-redondela-demanda-a-administracion-autonomica-o-arranxo-urxente-da-avenida-mendino-e-avenida-de-vigo\/\" \/>\n<meta property=\"article:publisher\" content=\"https:\/\/www.facebook.com\/anovapeneira\" \/>\n<meta property=\"article:published_time\" content=\"2024-06-14T10:00:30+00:00\" \/>\n<meta property=\"og:image\" content=\"https:\/\/www.anovapeneira.gal\/wp-content\/uploads\/2024\/06\/mendino.png\" \/>\n\t<meta property=\"og:image:width\" content=\"720\" \/>\n\t<meta property=\"og:image:height\" content=\"432\" \/>\n\t<meta property=\"og:image:type\" content=\"image\/png\" \/>\n<meta name=\"author\" content=\"Redacci\u00f3n A Nova Peneira\" \/>\n<meta name=\"twitter:card\" content=\"summary_large_image\" \/>\n<meta name=\"twitter:creator\" content=\"@APeneira\" \/>\n<meta name=\"twitter:site\" content=\"@APeneira\" \/>\n<meta name=\"twitter:label1\" content=\"Escrito por\" \/>\n\t<meta name=\"twitter:data1\" content=\"Redacci\u00f3n A Nova Peneira\" \/>\n\t<meta name=\"twitter:label2\" content=\"Tempo de lectura\" \/>\n\t<meta name=\"twitter:data2\" content=\"3 minutos\" \/>\n<script type=\"application\/ld+json\" class=\"yoast-schema-graph\">{\"@context\":\"https:\\\/\\\/schema.org\",\"@graph\":[{\"@type\":\"Article\",\"@id\":\"https:\\\/\\\/www.anovapeneira.gal\\\/index.php\\\/2024\\\/06\\\/14\\\/o-concello-de-redondela-demanda-a-administracion-autonomica-o-arranxo-urxente-da-avenida-mendino-e-avenida-de-vigo\\\/#article\",\"isPartOf\":{\"@id\":\"https:\\\/\\\/www.anovapeneira.gal\\\/index.php\\\/2024\\\/06\\\/14\\\/o-concello-de-redondela-demanda-a-administracion-autonomica-o-arranxo-urxente-da-avenida-mendino-e-avenida-de-vigo\\\/\"},\"author\":{\"name\":\"Redacci\u00f3n A Nova Peneira\",\"@id\":\"https:\\\/\\\/www.anovapeneira.gal\\\/#\\\/schema\\\/person\\\/b93e3f8932e3f8da96334607eb6ac6aa\"},\"headline\":\"O Concello de Redondela demanda \u00e1 administraci\u00f3n auton\u00f3mica o arranxo urxente da avenida Mendi\u00f1o e avenida de Vigo\",\"datePublished\":\"2024-06-14T10:00:30+00:00\",\"mainEntityOfPage\":{\"@id\":\"https:\\\/\\\/www.anovapeneira.gal\\\/index.php\\\/2024\\\/06\\\/14\\\/o-concello-de-redondela-demanda-a-administracion-autonomica-o-arranxo-urxente-da-avenida-mendino-e-avenida-de-vigo\\\/\"},\"wordCount\":550,\"commentCount\":0,\"publisher\":{\"@id\":\"https:\\\/\\\/www.anovapeneira.gal\\\/#organization\"},\"image\":{\"@id\":\"https:\\\/\\\/www.anovapeneira.gal\\\/index.php\\\/2024\\\/06\\\/14\\\/o-concello-de-redondela-demanda-a-administracion-autonomica-o-arranxo-urxente-da-avenida-mendino-e-avenida-de-vigo\\\/#primaryimage\"},\"thumbnailUrl\":\"https:\\\/\\\/www.anovapeneira.gal\\\/wp-content\\\/uploads\\\/2024\\\/06\\\/mendino.png\",\"keywords\":[\"Concello de Redondela\"],\"articleSection\":[\"Redondela\"],\"inLanguage\":\"gl-ES\",\"potentialAction\":[{\"@type\":\"CommentAction\",\"name\":\"Comment\",\"target\":[\"https:\\\/\\\/www.anovapeneira.gal\\\/index.php\\\/2024\\\/06\\\/14\\\/o-concello-de-redondela-demanda-a-administracion-autonomica-o-arranxo-urxente-da-avenida-mendino-e-avenida-de-vigo\\\/#respond\"]}]},{\"@type\":\"WebPage\",\"@id\":\"https:\\\/\\\/www.anovapeneira.gal\\\/index.php\\\/2024\\\/06\\\/14\\\/o-concello-de-redondela-demanda-a-administracion-autonomica-o-arranxo-urxente-da-avenida-mendino-e-avenida-de-vigo\\\/\",\"url\":\"https:\\\/\\\/www.anovapeneira.gal\\\/index.php\\\/2024\\\/06\\\/14\\\/o-concello-de-redondela-demanda-a-administracion-autonomica-o-arranxo-urxente-da-avenida-mendino-e-avenida-de-vigo\\\/\",\"name\":\"O Concello de Redondela demanda \u00e1 administraci\u00f3n auton\u00f3mica o arranxo urxente da avenida Mendi\u00f1o e avenida de Vigo -\",\"isPartOf\":{\"@id\":\"https:\\\/\\\/www.anovapeneira.gal\\\/#website\"},\"primaryImageOfPage\":{\"@id\":\"https:\\\/\\\/www.anovapeneira.gal\\\/index.php\\\/2024\\\/06\\\/14\\\/o-concello-de-redondela-demanda-a-administracion-autonomica-o-arranxo-urxente-da-avenida-mendino-e-avenida-de-vigo\\\/#primaryimage\"},\"image\":{\"@id\":\"https:\\\/\\\/www.anovapeneira.gal\\\/index.php\\\/2024\\\/06\\\/14\\\/o-concello-de-redondela-demanda-a-administracion-autonomica-o-arranxo-urxente-da-avenida-mendino-e-avenida-de-vigo\\\/#primaryimage\"},\"thumbnailUrl\":\"https:\\\/\\\/www.anovapeneira.gal\\\/wp-content\\\/uploads\\\/2024\\\/06\\\/mendino.png\",\"datePublished\":\"2024-06-14T10:00:30+00:00\",\"breadcrumb\":{\"@id\":\"https:\\\/\\\/www.anovapeneira.gal\\\/index.php\\\/2024\\\/06\\\/14\\\/o-concello-de-redondela-demanda-a-administracion-autonomica-o-arranxo-urxente-da-avenida-mendino-e-avenida-de-vigo\\\/#breadcrumb\"},\"inLanguage\":\"gl-ES\",\"potentialAction\":[{\"@type\":\"ReadAction\",\"target\":[\"https:\\\/\\\/www.anovapeneira.gal\\\/index.php\\\/2024\\\/06\\\/14\\\/o-concello-de-redondela-demanda-a-administracion-autonomica-o-arranxo-urxente-da-avenida-mendino-e-avenida-de-vigo\\\/\"]}]},{\"@type\":\"ImageObject\",\"inLanguage\":\"gl-ES\",\"@id\":\"https:\\\/\\\/www.anovapeneira.gal\\\/index.php\\\/2024\\\/06\\\/14\\\/o-concello-de-redondela-demanda-a-administracion-autonomica-o-arranxo-urxente-da-avenida-mendino-e-avenida-de-vigo\\\/#primaryimage\",\"url\":\"https:\\\/\\\/www.anovapeneira.gal\\\/wp-content\\\/uploads\\\/2024\\\/06\\\/mendino.png\",\"contentUrl\":\"https:\\\/\\\/www.anovapeneira.gal\\\/wp-content\\\/uploads\\\/2024\\\/06\\\/mendino.png\",\"width\":720,\"height\":432,\"caption\":\"avenida Mendi\u00f1o e avenida de Vigo\"},{\"@type\":\"BreadcrumbList\",\"@id\":\"https:\\\/\\\/www.anovapeneira.gal\\\/index.php\\\/2024\\\/06\\\/14\\\/o-concello-de-redondela-demanda-a-administracion-autonomica-o-arranxo-urxente-da-avenida-mendino-e-avenida-de-vigo\\\/#breadcrumb\",\"itemListElement\":[{\"@type\":\"ListItem\",\"position\":1,\"name\":\"Portada\",\"item\":\"https:\\\/\\\/www.anovapeneira.gal\\\/\"},{\"@type\":\"ListItem\",\"position\":2,\"name\":\"O Concello de Redondela demanda \u00e1 administraci\u00f3n auton\u00f3mica o arranxo urxente da avenida Mendi\u00f1o e avenida de Vigo\"}]},{\"@type\":\"WebSite\",\"@id\":\"https:\\\/\\\/www.anovapeneira.gal\\\/#website\",\"url\":\"https:\\\/\\\/www.anovapeneira.gal\\\/\",\"name\":\"\",\"description\":\"Xornal galego de informaci\u00f3n xeral Publicaci\u00f3n mensual de novas de Galicia e en especial dos Concellos da sur da provincia de Pontevedra.\",\"publisher\":{\"@id\":\"https:\\\/\\\/www.anovapeneira.gal\\\/#organization\"},\"potentialAction\":[{\"@type\":\"SearchAction\",\"target\":{\"@type\":\"EntryPoint\",\"urlTemplate\":\"https:\\\/\\\/www.anovapeneira.gal\\\/?s={search_term_string}\"},\"query-input\":{\"@type\":\"PropertyValueSpecification\",\"valueRequired\":true,\"valueName\":\"search_term_string\"}}],\"inLanguage\":\"gl-ES\"},{\"@type\":\"Organization\",\"@id\":\"https:\\\/\\\/www.anovapeneira.gal\\\/#organization\",\"name\":\"A Nova Peneira\",\"url\":\"https:\\\/\\\/www.anovapeneira.gal\\\/\",\"logo\":{\"@type\":\"ImageObject\",\"inLanguage\":\"gl-ES\",\"@id\":\"https:\\\/\\\/www.anovapeneira.gal\\\/#\\\/schema\\\/logo\\\/image\\\/\",\"url\":\"http:\\\/\\\/www.anovapeneira.gal\\\/wp-content\\\/uploads\\\/2019\\\/06\\\/logo_a_nova_peneira_portal_web.png\",\"contentUrl\":\"http:\\\/\\\/www.anovapeneira.gal\\\/wp-content\\\/uploads\\\/2019\\\/06\\\/logo_a_nova_peneira_portal_web.png\",\"width\":300,\"height\":100,\"caption\":\"A Nova Peneira\"},\"image\":{\"@id\":\"https:\\\/\\\/www.anovapeneira.gal\\\/#\\\/schema\\\/logo\\\/image\\\/\"},\"sameAs\":[\"https:\\\/\\\/www.facebook.com\\\/anovapeneira\",\"https:\\\/\\\/x.com\\\/APeneira\"]},{\"@type\":\"Person\",\"@id\":\"https:\\\/\\\/www.anovapeneira.gal\\\/#\\\/schema\\\/person\\\/b93e3f8932e3f8da96334607eb6ac6aa\",\"name\":\"Redacci\u00f3n A Nova Peneira\",\"image\":{\"@type\":\"ImageObject\",\"inLanguage\":\"gl-ES\",\"@id\":\"https:\\\/\\\/secure.gravatar.com\\\/avatar\\\/c052a2551a06e23fac63626232eaa90abd78dbcf1700fc46a2b2c89fd27b735f?s=96&d=mm&r=g\",\"url\":\"https:\\\/\\\/secure.gravatar.com\\\/avatar\\\/c052a2551a06e23fac63626232eaa90abd78dbcf1700fc46a2b2c89fd27b735f?s=96&d=mm&r=g\",\"contentUrl\":\"https:\\\/\\\/secure.gravatar.com\\\/avatar\\\/c052a2551a06e23fac63626232eaa90abd78dbcf1700fc46a2b2c89fd27b735f?s=96&d=mm&r=g\",\"caption\":\"Redacci\u00f3n A Nova Peneira\"},\"sameAs\":[\"http:\\\/\\\/www.anovapeneira.gal\\\/\"],\"url\":\"https:\\\/\\\/www.anovapeneira.gal\\\/index.php\\\/author\\\/redactor\\\/\"}]}<\/script>\n<!-- \/ Yoast SEO plugin. -->","yoast_head_json":{"title":"O Concello de Redondela demanda \u00e1 administraci\u00f3n auton\u00f3mica o arranxo urxente da avenida Mendi\u00f1o e avenida de Vigo -","robots":{"index":"index","follow":"follow","max-snippet":"max-snippet:-1","max-image-preview":"max-image-preview:large","max-video-preview":"max-video-preview:-1"},"canonical":"https:\/\/www.anovapeneira.gal\/index.php\/2024\/06\/14\/o-concello-de-redondela-demanda-a-administracion-autonomica-o-arranxo-urxente-da-avenida-mendino-e-avenida-de-vigo\/","og_locale":"gl_ES","og_type":"article","og_title":"O Concello de Redondela demanda \u00e1 administraci\u00f3n auton\u00f3mica o arranxo urxente da avenida Mendi\u00f1o e avenida de Vigo -","og_description":"O mal estado das beirarr\u00faas na avda Mendi\u00f1o obrigou ao Concello a renovar no \u00faltimo ano m\u00e1is de 500 lousas do pavimento que estaban rotas, para evitar riscos para os pe\u00f3ns, malia non ser unha competencia municipal. [...]","og_url":"https:\/\/www.anovapeneira.gal\/index.php\/2024\/06\/14\/o-concello-de-redondela-demanda-a-administracion-autonomica-o-arranxo-urxente-da-avenida-mendino-e-avenida-de-vigo\/","article_publisher":"https:\/\/www.facebook.com\/anovapeneira","article_published_time":"2024-06-14T10:00:30+00:00","og_image":[{"width":720,"height":432,"url":"https:\/\/www.anovapeneira.gal\/wp-content\/uploads\/2024\/06\/mendino.png","type":"image\/png"}],"author":"Redacci\u00f3n A Nova Peneira","twitter_card":"summary_large_image","twitter_creator":"@APeneira","twitter_site":"@APeneira","twitter_misc":{"Escrito por":"Redacci\u00f3n A Nova Peneira","Tempo de lectura":"3 minutos"},"schema":{"@context":"https:\/\/schema.org","@graph":[{"@type":"Article","@id":"https:\/\/www.anovapeneira.gal\/index.php\/2024\/06\/14\/o-concello-de-redondela-demanda-a-administracion-autonomica-o-arranxo-urxente-da-avenida-mendino-e-avenida-de-vigo\/#article","isPartOf":{"@id":"https:\/\/www.anovapeneira.gal\/index.php\/2024\/06\/14\/o-concello-de-redondela-demanda-a-administracion-autonomica-o-arranxo-urxente-da-avenida-mendino-e-avenida-de-vigo\/"},"author":{"name":"Redacci\u00f3n A Nova Peneira","@id":"https:\/\/www.anovapeneira.gal\/#\/schema\/person\/b93e3f8932e3f8da96334607eb6ac6aa"},"headline":"O Concello de Redondela demanda \u00e1 administraci\u00f3n auton\u00f3mica o arranxo urxente da avenida Mendi\u00f1o e avenida de Vigo","datePublished":"2024-06-14T10:00:30+00:00","mainEntityOfPage":{"@id":"https:\/\/www.anovapeneira.gal\/index.php\/2024\/06\/14\/o-concello-de-redondela-demanda-a-administracion-autonomica-o-arranxo-urxente-da-avenida-mendino-e-avenida-de-vigo\/"},"wordCount":550,"commentCount":0,"publisher":{"@id":"https:\/\/www.anovapeneira.gal\/#organization"},"image":{"@id":"https:\/\/www.anovapeneira.gal\/index.php\/2024\/06\/14\/o-concello-de-redondela-demanda-a-administracion-autonomica-o-arranxo-urxente-da-avenida-mendino-e-avenida-de-vigo\/#primaryimage"},"thumbnailUrl":"https:\/\/www.anovapeneira.gal\/wp-content\/uploads\/2024\/06\/mendino.png","keywords":["Concello de Redondela"],"articleSection":["Redondela"],"inLanguage":"gl-ES","potentialAction":[{"@type":"CommentAction","name":"Comment","target":["https:\/\/www.anovapeneira.gal\/index.php\/2024\/06\/14\/o-concello-de-redondela-demanda-a-administracion-autonomica-o-arranxo-urxente-da-avenida-mendino-e-avenida-de-vigo\/#respond"]}]},{"@type":"WebPage","@id":"https:\/\/www.anovapeneira.gal\/index.php\/2024\/06\/14\/o-concello-de-redondela-demanda-a-administracion-autonomica-o-arranxo-urxente-da-avenida-mendino-e-avenida-de-vigo\/","url":"https:\/\/www.anovapeneira.gal\/index.php\/2024\/06\/14\/o-concello-de-redondela-demanda-a-administracion-autonomica-o-arranxo-urxente-da-avenida-mendino-e-avenida-de-vigo\/","name":"O Concello de Redondela demanda \u00e1 administraci\u00f3n auton\u00f3mica o arranxo urxente da avenida Mendi\u00f1o e avenida de Vigo -","isPartOf":{"@id":"https:\/\/www.anovapeneira.gal\/#website"},"primaryImageOfPage":{"@id":"https:\/\/www.anovapeneira.gal\/index.php\/2024\/06\/14\/o-concello-de-redondela-demanda-a-administracion-autonomica-o-arranxo-urxente-da-avenida-mendino-e-avenida-de-vigo\/#primaryimage"},"image":{"@id":"https:\/\/www.anovapeneira.gal\/index.php\/2024\/06\/14\/o-concello-de-redondela-demanda-a-administracion-autonomica-o-arranxo-urxente-da-avenida-mendino-e-avenida-de-vigo\/#primaryimage"},"thumbnailUrl":"https:\/\/www.anovapeneira.gal\/wp-content\/uploads\/2024\/06\/mendino.png","datePublished":"2024-06-14T10:00:30+00:00","breadcrumb":{"@id":"https:\/\/www.anovapeneira.gal\/index.php\/2024\/06\/14\/o-concello-de-redondela-demanda-a-administracion-autonomica-o-arranxo-urxente-da-avenida-mendino-e-avenida-de-vigo\/#breadcrumb"},"inLanguage":"gl-ES","potentialAction":[{"@type":"ReadAction","target":["https:\/\/www.anovapeneira.gal\/index.php\/2024\/06\/14\/o-concello-de-redondela-demanda-a-administracion-autonomica-o-arranxo-urxente-da-avenida-mendino-e-avenida-de-vigo\/"]}]},{"@type":"ImageObject","inLanguage":"gl-ES","@id":"https:\/\/www.anovapeneira.gal\/index.php\/2024\/06\/14\/o-concello-de-redondela-demanda-a-administracion-autonomica-o-arranxo-urxente-da-avenida-mendino-e-avenida-de-vigo\/#primaryimage","url":"https:\/\/www.anovapeneira.gal\/wp-content\/uploads\/2024\/06\/mendino.png","contentUrl":"https:\/\/www.anovapeneira.gal\/wp-content\/uploads\/2024\/06\/mendino.png","width":720,"height":432,"caption":"avenida Mendi\u00f1o e avenida de Vigo"},{"@type":"BreadcrumbList","@id":"https:\/\/www.anovapeneira.gal\/index.php\/2024\/06\/14\/o-concello-de-redondela-demanda-a-administracion-autonomica-o-arranxo-urxente-da-avenida-mendino-e-avenida-de-vigo\/#breadcrumb","itemListElement":[{"@type":"ListItem","position":1,"name":"Portada","item":"https:\/\/www.anovapeneira.gal\/"},{"@type":"ListItem","position":2,"name":"O Concello de Redondela demanda \u00e1 administraci\u00f3n auton\u00f3mica o arranxo urxente da avenida Mendi\u00f1o e avenida de Vigo"}]},{"@type":"WebSite","@id":"https:\/\/www.anovapeneira.gal\/#website","url":"https:\/\/www.anovapeneira.gal\/","name":"","description":"Xornal galego de informaci\u00f3n xeral Publicaci\u00f3n mensual de novas de Galicia e en especial dos Concellos da sur da provincia de Pontevedra.","publisher":{"@id":"https:\/\/www.anovapeneira.gal\/#organization"},"potentialAction":[{"@type":"SearchAction","target":{"@type":"EntryPoint","urlTemplate":"https:\/\/www.anovapeneira.gal\/?s={search_term_string}"},"query-input":{"@type":"PropertyValueSpecification","valueRequired":true,"valueName":"search_term_string"}}],"inLanguage":"gl-ES"},{"@type":"Organization","@id":"https:\/\/www.anovapeneira.gal\/#organization","name":"A Nova Peneira","url":"https:\/\/www.anovapeneira.gal\/","logo":{"@type":"ImageObject","inLanguage":"gl-ES","@id":"https:\/\/www.anovapeneira.gal\/#\/schema\/logo\/image\/","url":"http:\/\/www.anovapeneira.gal\/wp-content\/uploads\/2019\/06\/logo_a_nova_peneira_portal_web.png","contentUrl":"http:\/\/www.anovapeneira.gal\/wp-content\/uploads\/2019\/06\/logo_a_nova_peneira_portal_web.png","width":300,"height":100,"caption":"A Nova Peneira"},"image":{"@id":"https:\/\/www.anovapeneira.gal\/#\/schema\/logo\/image\/"},"sameAs":["https:\/\/www.facebook.com\/anovapeneira","https:\/\/x.com\/APeneira"]},{"@type":"Person","@id":"https:\/\/www.anovapeneira.gal\/#\/schema\/person\/b93e3f8932e3f8da96334607eb6ac6aa","name":"Redacci\u00f3n A Nova Peneira","image":{"@type":"ImageObject","inLanguage":"gl-ES","@id":"https:\/\/secure.gravatar.com\/avatar\/c052a2551a06e23fac63626232eaa90abd78dbcf1700fc46a2b2c89fd27b735f?s=96&d=mm&r=g","url":"https:\/\/secure.gravatar.com\/avatar\/c052a2551a06e23fac63626232eaa90abd78dbcf1700fc46a2b2c89fd27b735f?s=96&d=mm&r=g","contentUrl":"https:\/\/secure.gravatar.com\/avatar\/c052a2551a06e23fac63626232eaa90abd78dbcf1700fc46a2b2c89fd27b735f?s=96&d=mm&r=g","caption":"Redacci\u00f3n A Nova Peneira"},"sameAs":["http:\/\/www.anovapeneira.gal\/"],"url":"https:\/\/www.anovapeneira.gal\/index.php\/author\/redactor\/"}]}},"jetpack_featured_media_url":"https:\/\/www.anovapeneira.gal\/wp-content\/uploads\/2024\/06\/mendino.png","_links":{"self":[{"href":"https:\/\/www.anovapeneira.gal\/index.php\/wp-json\/wp\/v2\/posts\/11894","targetHints":{"allow":["GET"]}}],"collection":[{"href":"https:\/\/www.anovapeneira.gal\/index.php\/wp-json\/wp\/v2\/posts"}],"about":[{"href":"https:\/\/www.anovapeneira.gal\/index.php\/wp-json\/wp\/v2\/types\/post"}],"author":[{"embeddable":true,"href":"https:\/\/www.anovapeneira.gal\/index.php\/wp-json\/wp\/v2\/users\/3"}],"replies":[{"embeddable":true,"href":"https:\/\/www.anovapeneira.gal\/index.php\/wp-json\/wp\/v2\/comments?post=11894"}],"version-history":[{"count":1,"href":"https:\/\/www.anovapeneira.gal\/index.php\/wp-json\/wp\/v2\/posts\/11894\/revisions"}],"predecessor-version":[{"id":11896,"href":"https:\/\/www.anovapeneira.gal\/index.php\/wp-json\/wp\/v2\/posts\/11894\/revisions\/11896"}],"wp:featuredmedia":[{"embeddable":true,"href":"https:\/\/www.anovapeneira.gal\/index.php\/wp-json\/wp\/v2\/media\/11895"}],"wp:attachment":[{"href":"https:\/\/www.anovapeneira.gal\/index.php\/wp-json\/wp\/v2\/media?parent=11894"}],"wp:term":[{"taxonomy":"category","embeddable":true,"href":"https:\/\/www.anovapeneira.gal\/index.php\/wp-json\/wp\/v2\/categories?post=11894"},{"taxonomy":"post_tag","embeddable":true,"href":"https:\/\/www.anovapeneira.gal\/index.php\/wp-json\/wp\/v2\/tags?post=11894"}],"curies":[{"name":"wp","href":"https:\/\/api.w.org\/{rel}","templated":true}]}}