{"id":11899,"date":"2024-06-17T12:00:47","date_gmt":"2024-06-17T10:00:47","guid":{"rendered":"https:\/\/www.anovapeneira.gal\/?p=11899"},"modified":"2024-06-14T10:08:02","modified_gmt":"2024-06-14T08:08:02","slug":"arrogancia-e-mala-companeira-de-viaxe","status":"publish","type":"post","link":"https:\/\/www.anovapeneira.gal\/index.php\/2024\/06\/17\/arrogancia-e-mala-companeira-de-viaxe\/","title":{"rendered":"Arrogancia \u00e9 mala compa\u00f1eira de viaxe"},"content":{"rendered":"\n<pre class=\"wp-block-verse\">Victoria Alonso, voceira do PSOE de Mos<\/pre>\n\n\n\n<p>Considero que o Concello de Mos ten un problema con como entende as maior\u00edas absolutas. Unha vez tras outra, repiten que a s\u00faa maior\u00eda absoluta perm\u00edtelles facer o que queiran. Pensando que non te\u00f1en que falar con ningu\u00e9n, nin coa veci\u00f1anza nin ca oposici\u00f3n xa que non nos consideran parte do equipo. Tam\u00e9n pode verse coma un desprezo a veci\u00f1anza que nos votou, xa que non precisan telos en conta.<\/p>\n\n\n\n<p>O \u00faltimo exemplo disto foi ca organizaci\u00f3n da Festa da Rosa. Unha festa que tradicionalmente sempre se fixo, a lo menos certos actos m\u00e1is institucionais, na parroquia de Petelos. Pero este ano deciden levar a meirande parte da Festa da Rosa para a contorna do Pazo. Nada que dicir en canto a actitude dos representantes do Pazo de Mos, xa que \u00e9 un espazo privado e benef\u00edcialles que o concello leve contido e actividades para as s\u00faas instalaci\u00f3ns. O problema radica nas formas e na xustificaci\u00f3n.<\/p>\n\n\n\n<p>Foi unha decisi\u00f3n tomada con premeditaci\u00f3n e arrogancia, xa que declararon levar tempo pensando neste cambio pero nunca dixeron nada. A decisi\u00f3n foi trasladada a directiva da Asociaci\u00f3n de Veci\u00f1os e despois deixaron nas s\u00faas mans que trasladasen a informaci\u00f3n o resto da parroquia. Un claro exemplo de como evitan dar explicaci\u00f3n e po\u00f1endo nunha situaci\u00f3n moi desafortunada, e para nada merecida, o grupo de persoas que integran a directiva.<\/p>\n\n\n\n<p>Por outra banda, a xustificaci\u00f3n radica en que as\u00ed \u00e9 unha maneira de aforrar fondos en carpas. Cando a realidade \u00e9 que colocando unha carpa na contorna do Multiusos p\u00f3dense acoller todas as actividades o igual que o fai o Pazo. Compre recordar que esta zona de Petelos conta con instalaci\u00f3ns municipais, estradas municipais que poden cortarse como xa se fixo noutras ocasi\u00f3ns e con espazo de abondo para albergar todo o que a programaci\u00f3n conte\u00f1a.<\/p>\n\n\n\n<p>Facer o traslado para o Multiusos ser\u00eda unha forma de manter viva a tradici\u00f3n de que a Festa da Rosa naceu e leva 50 anos celebr\u00e1ndose na parroquia de Petelos. Xa que \u00e9 tan importante cami\u00f1ar cara a diante buscando o crecemento e o progreso, coma facelo sen perder a esencia das nosas cousas, tendo en conta as tradici\u00f3ns e o respeto a toda a veci\u00f1anza que traballou pola festa.<\/p>\n\n\n\n<p>O Partido Popular o que consigue e xerar confrontaci\u00f3n entre parroquias, e igual iso \u00e9 o que queren porque xa sabemos que r\u00edo revolto \u00e9 beneficio de pescadores. O final temos un grupo pequeno que contan ca colaboraci\u00f3n do concello para realizar actividades nas s\u00faas instalaci\u00f3ns e cunha maior\u00eda de parroquias que se atopan na posici\u00f3n contraria. Non \u00e9 culpa das parroquias onde se fan ditos actos, sen\u00f3n de quen promove os actos nos mesmos sitios sempre e sen po\u00f1er en valor o patrimonio inmaterial que temos en todo o concello.<\/p>\n\n\n\n<p>E nun \u00faltimo lugar falemos de n\u00f3s, refer\u00edmonos o Partido Socialista como oposici\u00f3n, xa que o Partido Popular dende sempre ten unha actitude de querer deixarnos a un lado. Nesta ocasi\u00f3n tivemos que enterarnos deste cambio de localizaci\u00f3n pola veci\u00f1anza, nin sequera se nos comunicou nin moito menos preguntou. A\u00ednda que este \u00e9 o pan de cada d\u00eda. Sen embargo convocaron unha comisi\u00f3n na que aprobaron un dec\u00e1logo para constitu\u00edr a orde dos valedores da rosa, cuns artigos onde se solicita por exemplo fidelidade vitalicia a rosa. Ditos nomes para os nomeamentos foron trasladados nese mesmo momento e baixo o comentario de que pod\u00edamos opinar, pero a realidade \u00e9 que xa os ti\u00f1an escollidos e \u00edan aprobalos independentemente do que dixeramos ou intent\u00e1semos aportar. E ca grandiosa e socorrida frase dende goberno, neste caso en boca da Concelleira de Cultura, somos goberno e o decidimos n\u00f3s. Unha vez m\u00e1is deixando claro que eles fan o que queren, sen escoitar e sen ter en conta a ningu\u00e9n m\u00e1is.<\/p>\n","protected":false},"excerpt":{"rendered":"<div class=\"mh-excerpt\"><p>Considero que o Concello de Mos ten un problema con como entende as maior\u00edas absolutas. Unha vez tras outra, repiten que a s\u00faa maior\u00eda absoluta perm\u00edtelles facer o que queiran <a class=\"mh-excerpt-more\" href=\"https:\/\/www.anovapeneira.gal\/index.php\/2024\/06\/17\/arrogancia-e-mala-companeira-de-viaxe\/\" title=\"Arrogancia \u00e9 mala compa\u00f1eira de viaxe\">[&#8230;]<\/a><\/p>\n<\/div>","protected":false},"author":12,"featured_media":10266,"comment_status":"open","ping_status":"open","sticky":false,"template":"","format":"standard","meta":{"_exactmetrics_skip_tracking":false,"_exactmetrics_sitenote_active":false,"_exactmetrics_sitenote_note":"","_exactmetrics_sitenote_category":0,"footnotes":""},"categories":[7],"tags":[218],"class_list":{"0":"post-11899","1":"post","2":"type-post","3":"status-publish","4":"format-standard","5":"has-post-thumbnail","7":"category-artigos-de-opinion","8":"tag-concello-de-mos"},"yoast_head":"<!-- This site is optimized with the Yoast SEO plugin v27.4 - https:\/\/yoast.com\/product\/yoast-seo-wordpress\/ -->\n<title>Arrogancia \u00e9 mala compa\u00f1eira de viaxe -<\/title>\n<meta name=\"robots\" content=\"index, follow, max-snippet:-1, max-image-preview:large, max-video-preview:-1\" \/>\n<link rel=\"canonical\" href=\"https:\/\/www.anovapeneira.gal\/index.php\/2024\/06\/17\/arrogancia-e-mala-companeira-de-viaxe\/\" \/>\n<meta property=\"og:locale\" content=\"gl_ES\" \/>\n<meta property=\"og:type\" content=\"article\" \/>\n<meta property=\"og:title\" content=\"Arrogancia \u00e9 mala compa\u00f1eira de viaxe -\" \/>\n<meta property=\"og:description\" content=\"Considero que o Concello de Mos ten un problema con como entende as maior\u00edas absolutas. Unha vez tras outra, repiten que a s\u00faa maior\u00eda absoluta perm\u00edtelles facer o que queiran [...]\" \/>\n<meta property=\"og:url\" content=\"https:\/\/www.anovapeneira.gal\/index.php\/2024\/06\/17\/arrogancia-e-mala-companeira-de-viaxe\/\" \/>\n<meta property=\"article:publisher\" content=\"https:\/\/www.facebook.com\/anovapeneira\" \/>\n<meta property=\"article:published_time\" content=\"2024-06-17T10:00:47+00:00\" \/>\n<meta property=\"og:image\" content=\"https:\/\/www.anovapeneira.gal\/wp-content\/uploads\/2023\/08\/victoria_psoe_mos.jpg\" \/>\n\t<meta property=\"og:image:width\" content=\"720\" \/>\n\t<meta property=\"og:image:height\" content=\"432\" \/>\n\t<meta property=\"og:image:type\" content=\"image\/jpeg\" \/>\n<meta name=\"author\" content=\"Artigos Opini\u00f3n\" \/>\n<meta name=\"twitter:card\" content=\"summary_large_image\" \/>\n<meta name=\"twitter:creator\" content=\"@APeneira\" \/>\n<meta name=\"twitter:site\" content=\"@APeneira\" \/>\n<meta name=\"twitter:label1\" content=\"Escrito por\" \/>\n\t<meta name=\"twitter:data1\" content=\"Artigos Opini\u00f3n\" \/>\n\t<meta name=\"twitter:label2\" content=\"Tempo de lectura\" \/>\n\t<meta name=\"twitter:data2\" content=\"4 minutos\" \/>\n<script type=\"application\/ld+json\" class=\"yoast-schema-graph\">{\"@context\":\"https:\\\/\\\/schema.org\",\"@graph\":[{\"@type\":\"Article\",\"@id\":\"https:\\\/\\\/www.anovapeneira.gal\\\/index.php\\\/2024\\\/06\\\/17\\\/arrogancia-e-mala-companeira-de-viaxe\\\/#article\",\"isPartOf\":{\"@id\":\"https:\\\/\\\/www.anovapeneira.gal\\\/index.php\\\/2024\\\/06\\\/17\\\/arrogancia-e-mala-companeira-de-viaxe\\\/\"},\"author\":{\"name\":\"Artigos Opini\u00f3n\",\"@id\":\"https:\\\/\\\/www.anovapeneira.gal\\\/#\\\/schema\\\/person\\\/f18a4feb302e8f20bcef4490b5b60bb3\"},\"headline\":\"Arrogancia \u00e9 mala compa\u00f1eira de viaxe\",\"datePublished\":\"2024-06-17T10:00:47+00:00\",\"mainEntityOfPage\":{\"@id\":\"https:\\\/\\\/www.anovapeneira.gal\\\/index.php\\\/2024\\\/06\\\/17\\\/arrogancia-e-mala-companeira-de-viaxe\\\/\"},\"wordCount\":691,\"commentCount\":0,\"publisher\":{\"@id\":\"https:\\\/\\\/www.anovapeneira.gal\\\/#organization\"},\"image\":{\"@id\":\"https:\\\/\\\/www.anovapeneira.gal\\\/index.php\\\/2024\\\/06\\\/17\\\/arrogancia-e-mala-companeira-de-viaxe\\\/#primaryimage\"},\"thumbnailUrl\":\"https:\\\/\\\/www.anovapeneira.gal\\\/wp-content\\\/uploads\\\/2023\\\/08\\\/victoria_psoe_mos.jpg\",\"keywords\":[\"Concello de Mos\"],\"articleSection\":[\"Artigos de opini\u00f3n\"],\"inLanguage\":\"gl-ES\",\"potentialAction\":[{\"@type\":\"CommentAction\",\"name\":\"Comment\",\"target\":[\"https:\\\/\\\/www.anovapeneira.gal\\\/index.php\\\/2024\\\/06\\\/17\\\/arrogancia-e-mala-companeira-de-viaxe\\\/#respond\"]}]},{\"@type\":\"WebPage\",\"@id\":\"https:\\\/\\\/www.anovapeneira.gal\\\/index.php\\\/2024\\\/06\\\/17\\\/arrogancia-e-mala-companeira-de-viaxe\\\/\",\"url\":\"https:\\\/\\\/www.anovapeneira.gal\\\/index.php\\\/2024\\\/06\\\/17\\\/arrogancia-e-mala-companeira-de-viaxe\\\/\",\"name\":\"Arrogancia \u00e9 mala compa\u00f1eira de viaxe -\",\"isPartOf\":{\"@id\":\"https:\\\/\\\/www.anovapeneira.gal\\\/#website\"},\"primaryImageOfPage\":{\"@id\":\"https:\\\/\\\/www.anovapeneira.gal\\\/index.php\\\/2024\\\/06\\\/17\\\/arrogancia-e-mala-companeira-de-viaxe\\\/#primaryimage\"},\"image\":{\"@id\":\"https:\\\/\\\/www.anovapeneira.gal\\\/index.php\\\/2024\\\/06\\\/17\\\/arrogancia-e-mala-companeira-de-viaxe\\\/#primaryimage\"},\"thumbnailUrl\":\"https:\\\/\\\/www.anovapeneira.gal\\\/wp-content\\\/uploads\\\/2023\\\/08\\\/victoria_psoe_mos.jpg\",\"datePublished\":\"2024-06-17T10:00:47+00:00\",\"breadcrumb\":{\"@id\":\"https:\\\/\\\/www.anovapeneira.gal\\\/index.php\\\/2024\\\/06\\\/17\\\/arrogancia-e-mala-companeira-de-viaxe\\\/#breadcrumb\"},\"inLanguage\":\"gl-ES\",\"potentialAction\":[{\"@type\":\"ReadAction\",\"target\":[\"https:\\\/\\\/www.anovapeneira.gal\\\/index.php\\\/2024\\\/06\\\/17\\\/arrogancia-e-mala-companeira-de-viaxe\\\/\"]}]},{\"@type\":\"ImageObject\",\"inLanguage\":\"gl-ES\",\"@id\":\"https:\\\/\\\/www.anovapeneira.gal\\\/index.php\\\/2024\\\/06\\\/17\\\/arrogancia-e-mala-companeira-de-viaxe\\\/#primaryimage\",\"url\":\"https:\\\/\\\/www.anovapeneira.gal\\\/wp-content\\\/uploads\\\/2023\\\/08\\\/victoria_psoe_mos.jpg\",\"contentUrl\":\"https:\\\/\\\/www.anovapeneira.gal\\\/wp-content\\\/uploads\\\/2023\\\/08\\\/victoria_psoe_mos.jpg\",\"width\":720,\"height\":432,\"caption\":\"Victoria Alonso voceira do PSOE de Mos\"},{\"@type\":\"BreadcrumbList\",\"@id\":\"https:\\\/\\\/www.anovapeneira.gal\\\/index.php\\\/2024\\\/06\\\/17\\\/arrogancia-e-mala-companeira-de-viaxe\\\/#breadcrumb\",\"itemListElement\":[{\"@type\":\"ListItem\",\"position\":1,\"name\":\"Portada\",\"item\":\"https:\\\/\\\/www.anovapeneira.gal\\\/\"},{\"@type\":\"ListItem\",\"position\":2,\"name\":\"Arrogancia \u00e9 mala compa\u00f1eira de viaxe\"}]},{\"@type\":\"WebSite\",\"@id\":\"https:\\\/\\\/www.anovapeneira.gal\\\/#website\",\"url\":\"https:\\\/\\\/www.anovapeneira.gal\\\/\",\"name\":\"\",\"description\":\"Xornal galego de informaci\u00f3n xeral Publicaci\u00f3n mensual de novas de Galicia e en especial dos Concellos da sur da provincia de Pontevedra.\",\"publisher\":{\"@id\":\"https:\\\/\\\/www.anovapeneira.gal\\\/#organization\"},\"potentialAction\":[{\"@type\":\"SearchAction\",\"target\":{\"@type\":\"EntryPoint\",\"urlTemplate\":\"https:\\\/\\\/www.anovapeneira.gal\\\/?s={search_term_string}\"},\"query-input\":{\"@type\":\"PropertyValueSpecification\",\"valueRequired\":true,\"valueName\":\"search_term_string\"}}],\"inLanguage\":\"gl-ES\"},{\"@type\":\"Organization\",\"@id\":\"https:\\\/\\\/www.anovapeneira.gal\\\/#organization\",\"name\":\"A Nova Peneira\",\"url\":\"https:\\\/\\\/www.anovapeneira.gal\\\/\",\"logo\":{\"@type\":\"ImageObject\",\"inLanguage\":\"gl-ES\",\"@id\":\"https:\\\/\\\/www.anovapeneira.gal\\\/#\\\/schema\\\/logo\\\/image\\\/\",\"url\":\"http:\\\/\\\/www.anovapeneira.gal\\\/wp-content\\\/uploads\\\/2019\\\/06\\\/logo_a_nova_peneira_portal_web.png\",\"contentUrl\":\"http:\\\/\\\/www.anovapeneira.gal\\\/wp-content\\\/uploads\\\/2019\\\/06\\\/logo_a_nova_peneira_portal_web.png\",\"width\":300,\"height\":100,\"caption\":\"A Nova Peneira\"},\"image\":{\"@id\":\"https:\\\/\\\/www.anovapeneira.gal\\\/#\\\/schema\\\/logo\\\/image\\\/\"},\"sameAs\":[\"https:\\\/\\\/www.facebook.com\\\/anovapeneira\",\"https:\\\/\\\/x.com\\\/APeneira\"]},{\"@type\":\"Person\",\"@id\":\"https:\\\/\\\/www.anovapeneira.gal\\\/#\\\/schema\\\/person\\\/f18a4feb302e8f20bcef4490b5b60bb3\",\"name\":\"Artigos Opini\u00f3n\",\"image\":{\"@type\":\"ImageObject\",\"inLanguage\":\"gl-ES\",\"@id\":\"https:\\\/\\\/secure.gravatar.com\\\/avatar\\\/072844300f4881150aee2da4278f7a65d16eefdf8262eb67085f1e702de2b959?s=96&d=mm&r=g\",\"url\":\"https:\\\/\\\/secure.gravatar.com\\\/avatar\\\/072844300f4881150aee2da4278f7a65d16eefdf8262eb67085f1e702de2b959?s=96&d=mm&r=g\",\"contentUrl\":\"https:\\\/\\\/secure.gravatar.com\\\/avatar\\\/072844300f4881150aee2da4278f7a65d16eefdf8262eb67085f1e702de2b959?s=96&d=mm&r=g\",\"caption\":\"Artigos Opini\u00f3n\"},\"sameAs\":[\"http:\\\/\\\/anovapeneira.gal\"],\"url\":\"https:\\\/\\\/www.anovapeneira.gal\\\/index.php\\\/author\\\/artigosopinion\\\/\"}]}<\/script>\n<!-- \/ Yoast SEO plugin. -->","yoast_head_json":{"title":"Arrogancia \u00e9 mala compa\u00f1eira de viaxe -","robots":{"index":"index","follow":"follow","max-snippet":"max-snippet:-1","max-image-preview":"max-image-preview:large","max-video-preview":"max-video-preview:-1"},"canonical":"https:\/\/www.anovapeneira.gal\/index.php\/2024\/06\/17\/arrogancia-e-mala-companeira-de-viaxe\/","og_locale":"gl_ES","og_type":"article","og_title":"Arrogancia \u00e9 mala compa\u00f1eira de viaxe -","og_description":"Considero que o Concello de Mos ten un problema con como entende as maior\u00edas absolutas. Unha vez tras outra, repiten que a s\u00faa maior\u00eda absoluta perm\u00edtelles facer o que queiran [...]","og_url":"https:\/\/www.anovapeneira.gal\/index.php\/2024\/06\/17\/arrogancia-e-mala-companeira-de-viaxe\/","article_publisher":"https:\/\/www.facebook.com\/anovapeneira","article_published_time":"2024-06-17T10:00:47+00:00","og_image":[{"width":720,"height":432,"url":"https:\/\/www.anovapeneira.gal\/wp-content\/uploads\/2023\/08\/victoria_psoe_mos.jpg","type":"image\/jpeg"}],"author":"Artigos Opini\u00f3n","twitter_card":"summary_large_image","twitter_creator":"@APeneira","twitter_site":"@APeneira","twitter_misc":{"Escrito por":"Artigos Opini\u00f3n","Tempo de lectura":"4 minutos"},"schema":{"@context":"https:\/\/schema.org","@graph":[{"@type":"Article","@id":"https:\/\/www.anovapeneira.gal\/index.php\/2024\/06\/17\/arrogancia-e-mala-companeira-de-viaxe\/#article","isPartOf":{"@id":"https:\/\/www.anovapeneira.gal\/index.php\/2024\/06\/17\/arrogancia-e-mala-companeira-de-viaxe\/"},"author":{"name":"Artigos Opini\u00f3n","@id":"https:\/\/www.anovapeneira.gal\/#\/schema\/person\/f18a4feb302e8f20bcef4490b5b60bb3"},"headline":"Arrogancia \u00e9 mala compa\u00f1eira de viaxe","datePublished":"2024-06-17T10:00:47+00:00","mainEntityOfPage":{"@id":"https:\/\/www.anovapeneira.gal\/index.php\/2024\/06\/17\/arrogancia-e-mala-companeira-de-viaxe\/"},"wordCount":691,"commentCount":0,"publisher":{"@id":"https:\/\/www.anovapeneira.gal\/#organization"},"image":{"@id":"https:\/\/www.anovapeneira.gal\/index.php\/2024\/06\/17\/arrogancia-e-mala-companeira-de-viaxe\/#primaryimage"},"thumbnailUrl":"https:\/\/www.anovapeneira.gal\/wp-content\/uploads\/2023\/08\/victoria_psoe_mos.jpg","keywords":["Concello de Mos"],"articleSection":["Artigos de opini\u00f3n"],"inLanguage":"gl-ES","potentialAction":[{"@type":"CommentAction","name":"Comment","target":["https:\/\/www.anovapeneira.gal\/index.php\/2024\/06\/17\/arrogancia-e-mala-companeira-de-viaxe\/#respond"]}]},{"@type":"WebPage","@id":"https:\/\/www.anovapeneira.gal\/index.php\/2024\/06\/17\/arrogancia-e-mala-companeira-de-viaxe\/","url":"https:\/\/www.anovapeneira.gal\/index.php\/2024\/06\/17\/arrogancia-e-mala-companeira-de-viaxe\/","name":"Arrogancia \u00e9 mala compa\u00f1eira de viaxe -","isPartOf":{"@id":"https:\/\/www.anovapeneira.gal\/#website"},"primaryImageOfPage":{"@id":"https:\/\/www.anovapeneira.gal\/index.php\/2024\/06\/17\/arrogancia-e-mala-companeira-de-viaxe\/#primaryimage"},"image":{"@id":"https:\/\/www.anovapeneira.gal\/index.php\/2024\/06\/17\/arrogancia-e-mala-companeira-de-viaxe\/#primaryimage"},"thumbnailUrl":"https:\/\/www.anovapeneira.gal\/wp-content\/uploads\/2023\/08\/victoria_psoe_mos.jpg","datePublished":"2024-06-17T10:00:47+00:00","breadcrumb":{"@id":"https:\/\/www.anovapeneira.gal\/index.php\/2024\/06\/17\/arrogancia-e-mala-companeira-de-viaxe\/#breadcrumb"},"inLanguage":"gl-ES","potentialAction":[{"@type":"ReadAction","target":["https:\/\/www.anovapeneira.gal\/index.php\/2024\/06\/17\/arrogancia-e-mala-companeira-de-viaxe\/"]}]},{"@type":"ImageObject","inLanguage":"gl-ES","@id":"https:\/\/www.anovapeneira.gal\/index.php\/2024\/06\/17\/arrogancia-e-mala-companeira-de-viaxe\/#primaryimage","url":"https:\/\/www.anovapeneira.gal\/wp-content\/uploads\/2023\/08\/victoria_psoe_mos.jpg","contentUrl":"https:\/\/www.anovapeneira.gal\/wp-content\/uploads\/2023\/08\/victoria_psoe_mos.jpg","width":720,"height":432,"caption":"Victoria Alonso voceira do PSOE de Mos"},{"@type":"BreadcrumbList","@id":"https:\/\/www.anovapeneira.gal\/index.php\/2024\/06\/17\/arrogancia-e-mala-companeira-de-viaxe\/#breadcrumb","itemListElement":[{"@type":"ListItem","position":1,"name":"Portada","item":"https:\/\/www.anovapeneira.gal\/"},{"@type":"ListItem","position":2,"name":"Arrogancia \u00e9 mala compa\u00f1eira de viaxe"}]},{"@type":"WebSite","@id":"https:\/\/www.anovapeneira.gal\/#website","url":"https:\/\/www.anovapeneira.gal\/","name":"","description":"Xornal galego de informaci\u00f3n xeral Publicaci\u00f3n mensual de novas de Galicia e en especial dos Concellos da sur da provincia de Pontevedra.","publisher":{"@id":"https:\/\/www.anovapeneira.gal\/#organization"},"potentialAction":[{"@type":"SearchAction","target":{"@type":"EntryPoint","urlTemplate":"https:\/\/www.anovapeneira.gal\/?s={search_term_string}"},"query-input":{"@type":"PropertyValueSpecification","valueRequired":true,"valueName":"search_term_string"}}],"inLanguage":"gl-ES"},{"@type":"Organization","@id":"https:\/\/www.anovapeneira.gal\/#organization","name":"A Nova Peneira","url":"https:\/\/www.anovapeneira.gal\/","logo":{"@type":"ImageObject","inLanguage":"gl-ES","@id":"https:\/\/www.anovapeneira.gal\/#\/schema\/logo\/image\/","url":"http:\/\/www.anovapeneira.gal\/wp-content\/uploads\/2019\/06\/logo_a_nova_peneira_portal_web.png","contentUrl":"http:\/\/www.anovapeneira.gal\/wp-content\/uploads\/2019\/06\/logo_a_nova_peneira_portal_web.png","width":300,"height":100,"caption":"A Nova Peneira"},"image":{"@id":"https:\/\/www.anovapeneira.gal\/#\/schema\/logo\/image\/"},"sameAs":["https:\/\/www.facebook.com\/anovapeneira","https:\/\/x.com\/APeneira"]},{"@type":"Person","@id":"https:\/\/www.anovapeneira.gal\/#\/schema\/person\/f18a4feb302e8f20bcef4490b5b60bb3","name":"Artigos Opini\u00f3n","image":{"@type":"ImageObject","inLanguage":"gl-ES","@id":"https:\/\/secure.gravatar.com\/avatar\/072844300f4881150aee2da4278f7a65d16eefdf8262eb67085f1e702de2b959?s=96&d=mm&r=g","url":"https:\/\/secure.gravatar.com\/avatar\/072844300f4881150aee2da4278f7a65d16eefdf8262eb67085f1e702de2b959?s=96&d=mm&r=g","contentUrl":"https:\/\/secure.gravatar.com\/avatar\/072844300f4881150aee2da4278f7a65d16eefdf8262eb67085f1e702de2b959?s=96&d=mm&r=g","caption":"Artigos Opini\u00f3n"},"sameAs":["http:\/\/anovapeneira.gal"],"url":"https:\/\/www.anovapeneira.gal\/index.php\/author\/artigosopinion\/"}]}},"jetpack_featured_media_url":"https:\/\/www.anovapeneira.gal\/wp-content\/uploads\/2023\/08\/victoria_psoe_mos.jpg","_links":{"self":[{"href":"https:\/\/www.anovapeneira.gal\/index.php\/wp-json\/wp\/v2\/posts\/11899","targetHints":{"allow":["GET"]}}],"collection":[{"href":"https:\/\/www.anovapeneira.gal\/index.php\/wp-json\/wp\/v2\/posts"}],"about":[{"href":"https:\/\/www.anovapeneira.gal\/index.php\/wp-json\/wp\/v2\/types\/post"}],"author":[{"embeddable":true,"href":"https:\/\/www.anovapeneira.gal\/index.php\/wp-json\/wp\/v2\/users\/12"}],"replies":[{"embeddable":true,"href":"https:\/\/www.anovapeneira.gal\/index.php\/wp-json\/wp\/v2\/comments?post=11899"}],"version-history":[{"count":2,"href":"https:\/\/www.anovapeneira.gal\/index.php\/wp-json\/wp\/v2\/posts\/11899\/revisions"}],"predecessor-version":[{"id":11907,"href":"https:\/\/www.anovapeneira.gal\/index.php\/wp-json\/wp\/v2\/posts\/11899\/revisions\/11907"}],"wp:featuredmedia":[{"embeddable":true,"href":"https:\/\/www.anovapeneira.gal\/index.php\/wp-json\/wp\/v2\/media\/10266"}],"wp:attachment":[{"href":"https:\/\/www.anovapeneira.gal\/index.php\/wp-json\/wp\/v2\/media?parent=11899"}],"wp:term":[{"taxonomy":"category","embeddable":true,"href":"https:\/\/www.anovapeneira.gal\/index.php\/wp-json\/wp\/v2\/categories?post=11899"},{"taxonomy":"post_tag","embeddable":true,"href":"https:\/\/www.anovapeneira.gal\/index.php\/wp-json\/wp\/v2\/tags?post=11899"}],"curies":[{"name":"wp","href":"https:\/\/api.w.org\/{rel}","templated":true}]}}