{"id":11908,"date":"2024-06-18T12:00:41","date_gmt":"2024-06-18T10:00:41","guid":{"rendered":"https:\/\/www.anovapeneira.gal\/?p=11908"},"modified":"2024-06-18T13:45:28","modified_gmt":"2024-06-18T11:45:28","slug":"festival-de-saude-natural-en-mos","status":"publish","type":"post","link":"https:\/\/www.anovapeneira.gal\/index.php\/2024\/06\/18\/festival-de-saude-natural-en-mos\/","title":{"rendered":"Festival de Sa\u00fade Natural en Mos"},"content":{"rendered":"\n<p><strong>Os vindeiros 29 e 30 de xu\u00f1o, no pavill\u00f3n \u00d3scar Pereiro de Mos, desenvolverase un evento de terapias naturais. O acto comeza o s\u00e1bado 29 \u00e1s 11: da ma\u00f1\u00e1, e remata o domingo 30 \u00e1s 21:00. Estar\u00e1 composto tanto por charlas, como por obradoiros impartidos por persoas expertas nas diversas p\u00f3las da sa\u00fade natural. A organizadora, e alma m\u00e1ter de todo isto, \u00e9 Noelia, unha moza de Torroso de 36 anos de idade que exerce na s\u00faa casa, e en diversos locais nos que colabora, distintas terapias que nos explica na conversa que mantivemos a continuaci\u00f3n. Ela \u00e9 a delegada en Galicia do colexio espa\u00f1ol de natur\u00f3patas. Vela\u00ed vai o que deu de si a nosa charla<\/strong><\/p>\n\n\n\n<p><strong>Noelia Conde, natur\u00f3pata.<\/strong><\/p>\n\n\n\n<p>\u201c<strong>O evento pretende que as persoas asistentes poidan aprender a escoitar ao seu corpo\u201d<\/strong><\/p>\n\n\n\n<p><strong>Queremos co\u00f1ecerte Noelia. Como chegaches ata este mundo?<\/strong><\/p>\n\n\n\n<blockquote class=\"wp-block-quote is-layout-flow wp-block-quote-is-layout-flow\">\n<p>Fixen os meus estudos primarios en Petelos ata o bacharelato, despois estudei en Porri\u00f1o un ciclo de Administraci\u00f3n e Direcci\u00f3n de Empresa. Na familia hab\u00eda unha empresa e dic\u00edanme que ti\u00f1a que seguir coa tradici\u00f3n familiar, a\u00ednda que nunca cheguei a traballar al\u00ed. Digamos que xa desde moi pequena notei que ti\u00f1a unha sensibilidade especial nas mans. E ti\u00f1a o costume de utilizala para axudar a quen precisara axuda para mellorar o seu estado. Foi no ano 2012 cando empecei a facerme acupuntura \u00e1 min mesma e no 2015 empecei a estudar Reiki.<\/p>\n<\/blockquote>\n\n\n\n<p><strong>Que \u00e9 o Reiki?<\/strong><\/p>\n\n\n\n<blockquote class=\"wp-block-quote is-layout-flow wp-block-quote-is-layout-flow\">\n<p>\u00c9 unha terapia de imposici\u00f3n de mans. Despois do Reiki empecei coa naturopat\u00eda e a numerolox\u00eda. Son autodidacta e te\u00f1o unha biblioteca moi grande, enc\u00e1ntame aprender.<\/p>\n<\/blockquote>\n\n\n\n<p><strong>E son terapias efectivas e \u00fatiles?<\/strong><\/p>\n\n\n\n<blockquote class=\"wp-block-quote is-layout-flow wp-block-quote-is-layout-flow\">\n<p>Absolutamente si. Por exemplo en relaci\u00f3n \u00e1 numerolox\u00eda dicir que: as persoas somos n\u00fameros, a nosa data de nacemento dinos que personalidade temos ou mesmo que tipo de enfermidades podemos padecer.<\/p>\n<\/blockquote>\n\n\n\n<blockquote class=\"wp-block-quote is-layout-flow wp-block-quote-is-layout-flow\">\n<p>Eu pasei por circunstancias emocionais moi complexas e tam\u00e9n moi duras. E foi a naturopat\u00eda nas s\u00faas diversas variantes a que me salvou e me permitiu acadar a estabilidade emocional e poder axudar aos demais a que a alcancen.<\/p>\n<\/blockquote>\n\n\n\n<p><strong>Dic\u00edasme que tiveches uns primeiros anos de vida emocionalmente complicados?<\/strong><\/p>\n\n\n\n<blockquote class=\"wp-block-quote is-layout-flow wp-block-quote-is-layout-flow\">\n<p>Si, e continuado na adolescencia. Estiven moi mal, de verdade que moi mal. Incluso cheguei a tomar moit\u00edsima medicaci\u00f3n como tranquimac\u00edn, diversos antidepresivos e unha pastilla para o coraz\u00f3n. Estiven cinco anos con esta medicaci\u00f3n o que me ocasionaba problemas diversos derivados do seu consumo. Ata que como antes che dixen: as terapias naturais salv\u00e1ronme.<\/p>\n<\/blockquote>\n\n\n\n<p><strong>Podemos dicir que este tipo de terapias axudan a acadar a paz?<\/strong><\/p>\n\n\n\n<blockquote class=\"wp-block-quote is-layout-flow wp-block-quote-is-layout-flow\">\n<p>Pod\u00e9molo dicir con rotundidade absoluta. Si, a acupuntura rel\u00e1xame moit\u00edsimo. Foi a acupuntura e terapia psicol\u00f3xica que recib\u00edn durante un ano e medio as que conseguiron que deixase de tomar tanta medicaci\u00f3n.<\/p>\n<\/blockquote>\n\n\n\n<p><strong>As infusi\u00f3ns son recomendables?<\/strong><\/p>\n\n\n\n<blockquote class=\"wp-block-quote is-layout-flow wp-block-quote-is-layout-flow\">\n<p>Moi recomendables. Eu empecei a tomar infusi\u00f3ns de pasiflora e valeriana tres veces ao d\u00eda, traball\u00e1ndome a mente co psic\u00f3logo e facendo Reiki, fun capaz de deixar toda a medicaci\u00f3n para poder chegar ao meu prop\u00f3sito de ser nai, cousa que os m\u00e9dicos dic\u00edan que coas mi\u00f1as patolox\u00edas non \u00eda poder. Agora con 36 anos te\u00f1o dous fillos.<\/p>\n<\/blockquote>\n\n\n\n<p><strong>E segues form\u00e1ndote?<\/strong><\/p>\n\n\n\n<blockquote class=\"wp-block-quote is-layout-flow wp-block-quote-is-layout-flow\">\n<p>Permanentemente. A ra\u00edz de ver como me axudaron estas terapias comezo a estudar en Vigo un graduado de naturopat\u00eda, nutrici\u00f3n, herbolox\u00eda, numerolox\u00eda, auricurucuntura, que \u00e9 acupuntura s\u00f3 nas orellas; reflexolox\u00eda cos p\u00e9s. Fun a Madrid a estudar a acupuntura que s\u00f3 traballa a cabeza, estudo a microbiota, estudo de certas terapias emocionais, kinesiolox\u00eda. Calquera problema de sa\u00fade hai que traballalo como unha triada: f\u00edsico, mental-emocional e enerx\u00e9tico .Tam\u00e9n estudei a biodescodificaci\u00f3n.<\/p>\n<\/blockquote>\n\n\n\n<p><strong>Isto que \u00e9?<\/strong><\/p>\n\n\n\n<blockquote class=\"wp-block-quote is-layout-flow wp-block-quote-is-layout-flow\">\n<p>O noso corpo, como di a f\u00edsica cu\u00e1ntica, todo \u00e9 materia e todo \u00e9 enerx\u00eda. Segundo a emoci\u00f3n que te\u00f1as, o teu corpo somatiza unha enfermidade. Se me dis calquera dor que te\u00f1as, eu d\u00edgoche cales son as emoci\u00f3ns que est\u00e1n a bloquear o teu corpo.A mi\u00f1a misi\u00f3n nesta vida \u00e9 de espertar conciencias.<\/p>\n<\/blockquote>\n\n\n\n<p><strong>Para ti os remedios qu\u00edmicos atacan as consecuencias pero non as causas?<\/strong><\/p>\n\n\n\n<blockquote class=\"wp-block-quote is-layout-flow wp-block-quote-is-layout-flow\">\n<p>Si, e benditos sexan os qu\u00edmicos que est\u00e1n aqu\u00ed para atacar as causas das doenzas nas que a naturopat\u00eda soa non chega. As d\u00faas terapias p\u00f3dense complementar. A quimioterapia, a radioterapia, as urxencias; todas elas salvan vidas. O malo \u00e9 que temos unha atenci\u00f3n primaria na que o tempo dedicado aos pacientes \u00e9 insuficiente. Est\u00fadase a enfermidade, o funcionamento e o s\u00edntoma, pero non o como arranxalo desde o inicio.<\/p>\n<\/blockquote>\n\n\n\n<p><strong>Cal \u00e9 o obxectivo deste evento en Mos?<\/strong><\/p>\n\n\n\n<blockquote class=\"wp-block-quote is-layout-flow wp-block-quote-is-layout-flow\">\n<p>Con estes eventos pretendo poder facerlle entender \u00e1 xente como saber escoitar o seu corpo, que \u00e9 moi sabio e nos fala. FENACO \u00e9 o \u00fanico colexio de natur\u00f3patas que hai en Espa\u00f1a, son a delegada de Galicia desde o 2023 e desde aqu\u00ed decid\u00edn poder facer estes encontros de xente. O deste mes de xu\u00f1o, o 29 e o 30, \u00e9 a terceira edici\u00f3n, as anteriores foron no Multiusos de Mos e en Ponteareas o ano pasado. Quero que este sexa un evento para todas as idades e que te\u00f1a charlas, talleres, consultas coas diferentes t\u00e9cnicas e venda de produtos.<\/p>\n<\/blockquote>\n\n\n\n<p><strong>Que horario ten?<\/strong><\/p>\n\n\n\n<blockquote class=\"wp-block-quote is-layout-flow wp-block-quote-is-layout-flow\">\n<p>S\u00e1bado e domingo de 11:00h a 21:00H.<\/p>\n<\/blockquote>\n\n\n\n<p><strong>P\u00e1rase para comer?<\/strong><\/p>\n\n\n\n<blockquote class=\"wp-block-quote is-layout-flow wp-block-quote-is-layout-flow\">\n<p>Si, ao mediod\u00eda hai unha pausa, pero vai haber un posto de comida dun restaurante de Vigo para quen queira pasar al\u00ed o d\u00eda.<\/p>\n<\/blockquote>\n\n\n\n<p><strong>F\u00e1lame un pouco d\u00e1s actividades?<\/strong><\/p>\n\n\n\n<blockquote class=\"wp-block-quote is-layout-flow wp-block-quote-is-layout-flow\">\n<p>Estar\u00e1 Eva L\u00f3pez, Psic\u00f3loga de Vigo; Rub\u00e9n Rodr\u00edguez de acupuntura, unha matrona da Seguridade Social vai facer un taller para entender os ciclos da a menstruaci\u00f3n nas nenas. Eu vou facer un taller da caixa de primeiros auxilios da naturopat\u00eda e do de como axudar aos nenos con dificultades na aprendizaxe e comportamento escolar.<\/p>\n<\/blockquote>\n\n\n\n<p><strong>Que prezo ten asistir ao evento?<\/strong><\/p>\n\n\n\n<blockquote class=\"wp-block-quote is-layout-flow wp-block-quote-is-layout-flow\">\n<p>A entrada \u00e9 gratu\u00edta, hai alg\u00fans talleres e conferencias que son de pago, hai que reservar a asistencia pola web e os prezos oscilan entre os 5 e os 20\u20ac. \u00c9 mellor reservar os talleres porque te\u00f1en un aforo limitado. As persoas que reserven antes do d\u00eda 21, entrar\u00e1n no sorteo dunha t\u00e1blet.<\/p>\n<\/blockquote>\n\n\n\n<p><strong>Que acollida tiveron os dous talleres anteriores?<\/strong><\/p>\n\n\n\n<blockquote class=\"wp-block-quote is-layout-flow wp-block-quote-is-layout-flow\">\n<p>Tiveron moi boa asistencia.<\/p>\n<\/blockquote>\n\n\n\n<p><strong>Que expectativas de asistencia tes para este?<\/strong><\/p>\n\n\n\n<blockquote class=\"wp-block-quote is-layout-flow wp-block-quote-is-layout-flow\">\n<p>Moita maior asistencia. Temos 43 Casetas polo momento e nos est\u00e1n pedindo algunha reserva m\u00e1is.<\/p>\n<\/blockquote>\n\n\n\n<p><strong>Organizas isto todo ti soa?<\/strong><\/p>\n\n\n\n<blockquote class=\"wp-block-quote is-layout-flow wp-block-quote-is-layout-flow\">\n<p>Si, eu soa.<\/p>\n<\/blockquote>\n\n\n\n<p><strong>E como d\u00e1s abasto?<\/strong><\/p>\n\n\n\n<blockquote class=\"wp-block-quote is-layout-flow wp-block-quote-is-layout-flow\">\n<p>Te\u00f1o ese carisma e a verdade \u00e9 que non sei de onde saco tanta enerx\u00eda. Levo desde xaneiro organiz\u00e1ndoo.  Tam\u00e9n teremos m\u00fasica en directo a media ma\u00f1\u00e1 e pola tarde, un contacontos subvencionado polo centro Cultural de Torroso e escritores con libros, tipos de augas, parches para a dor, aceites esenciais, xab\u00f3ns naturais\u2026<\/p>\n<\/blockquote>\n\n\n\n<p><strong>As persoas que acceden a este tipo de terapias de que abanico de idade adoitan ser?<\/strong><\/p>\n\n\n\n<blockquote class=\"wp-block-quote is-layout-flow wp-block-quote-is-layout-flow\">\n<p>Este evento est\u00e1 pensado para todas as idades desde nenos a xente maior.<\/p>\n<\/blockquote>\n\n\n\n<p><strong>Tes previsto que este evento sexa algo estable e continuado no tempo?<\/strong><\/p>\n\n\n\n<blockquote class=\"wp-block-quote is-layout-flow wp-block-quote-is-layout-flow\">\n<p>Si, est\u00e1 ben que haxa eventos dedicados \u00e1 sa\u00fade, non s\u00f3 a coches, motos, gastron\u00f3micos ou de hostaler\u00eda. Est\u00e1 ben tomar a pastilla do colesterol ou a diabetes que che est\u00e1 salvado, pero se non cambias a alimentaci\u00f3n calquera d\u00eda s\u00f3 a pastilla non chega e p\u00f3deche dar algo a todos os niveis.<\/p>\n<\/blockquote>\n\n\n\n<p><strong>D\u00e1s terapia tam\u00e9n no teu domicilio non?<\/strong><\/p>\n\n\n\n<blockquote class=\"wp-block-quote is-layout-flow wp-block-quote-is-layout-flow\">\n<p>Si, en R\u00faa Baloutas 74 e, a maiores, colaboro con herborister\u00edas de Pontevedra, Arcade ou Vigo.<\/p>\n<\/blockquote>\n","protected":false},"excerpt":{"rendered":"<div class=\"mh-excerpt\"><p>Os vindeiros 29 e 30 de xu\u00f1o, no pavill\u00f3n \u00d3scar Pereiro de Mos, desenvolverase un evento de terapias naturais <a class=\"mh-excerpt-more\" href=\"https:\/\/www.anovapeneira.gal\/index.php\/2024\/06\/18\/festival-de-saude-natural-en-mos\/\" title=\"Festival de Sa\u00fade Natural en Mos\">[&#8230;]<\/a><\/p>\n<\/div>","protected":false},"author":3,"featured_media":11911,"comment_status":"open","ping_status":"open","sticky":false,"template":"","format":"standard","meta":{"_exactmetrics_skip_tracking":false,"_exactmetrics_sitenote_active":false,"_exactmetrics_sitenote_note":"","_exactmetrics_sitenote_category":0,"footnotes":""},"categories":[490],"tags":[218],"class_list":{"0":"post-11908","1":"post","2":"type-post","3":"status-publish","4":"format-standard","5":"has-post-thumbnail","7":"category-a-lourina-reportaxes","8":"tag-concello-de-mos"},"yoast_head":"<!-- This site is optimized with the Yoast SEO plugin v27.5 - https:\/\/yoast.com\/product\/yoast-seo-wordpress\/ -->\n<title>Festival de Sa\u00fade Natural en Mos -<\/title>\n<meta name=\"robots\" content=\"index, follow, max-snippet:-1, max-image-preview:large, max-video-preview:-1\" \/>\n<link rel=\"canonical\" href=\"https:\/\/www.anovapeneira.gal\/index.php\/2024\/06\/18\/festival-de-saude-natural-en-mos\/\" \/>\n<meta property=\"og:locale\" content=\"gl_ES\" \/>\n<meta property=\"og:type\" content=\"article\" \/>\n<meta property=\"og:title\" content=\"Festival de Sa\u00fade Natural en Mos -\" \/>\n<meta property=\"og:description\" content=\"Os vindeiros 29 e 30 de xu\u00f1o, no pavill\u00f3n \u00d3scar Pereiro de Mos, desenvolverase un evento de terapias naturais [...]\" \/>\n<meta property=\"og:url\" content=\"https:\/\/www.anovapeneira.gal\/index.php\/2024\/06\/18\/festival-de-saude-natural-en-mos\/\" \/>\n<meta property=\"article:publisher\" content=\"https:\/\/www.facebook.com\/anovapeneira\" \/>\n<meta property=\"article:published_time\" content=\"2024-06-18T10:00:41+00:00\" \/>\n<meta property=\"article:modified_time\" content=\"2024-06-18T11:45:28+00:00\" \/>\n<meta property=\"og:image\" content=\"https:\/\/www.anovapeneira.gal\/wp-content\/uploads\/2024\/06\/noelia_conde.png\" \/>\n\t<meta property=\"og:image:width\" content=\"720\" \/>\n\t<meta property=\"og:image:height\" content=\"432\" \/>\n\t<meta property=\"og:image:type\" content=\"image\/png\" \/>\n<meta name=\"author\" content=\"Redacci\u00f3n A Nova Peneira\" \/>\n<meta name=\"twitter:card\" content=\"summary_large_image\" \/>\n<meta name=\"twitter:creator\" content=\"@APeneira\" \/>\n<meta name=\"twitter:site\" content=\"@APeneira\" \/>\n<meta name=\"twitter:label1\" content=\"Escrito por\" \/>\n\t<meta name=\"twitter:data1\" content=\"Redacci\u00f3n A Nova Peneira\" \/>\n\t<meta name=\"twitter:label2\" content=\"Tempo de lectura\" \/>\n\t<meta name=\"twitter:data2\" content=\"2 minutos\" \/>\n<script type=\"application\/ld+json\" class=\"yoast-schema-graph\">{\"@context\":\"https:\\\/\\\/schema.org\",\"@graph\":[{\"@type\":\"Article\",\"@id\":\"https:\\\/\\\/www.anovapeneira.gal\\\/index.php\\\/2024\\\/06\\\/18\\\/festival-de-saude-natural-en-mos\\\/#article\",\"isPartOf\":{\"@id\":\"https:\\\/\\\/www.anovapeneira.gal\\\/index.php\\\/2024\\\/06\\\/18\\\/festival-de-saude-natural-en-mos\\\/\"},\"author\":{\"name\":\"Redacci\u00f3n A Nova Peneira\",\"@id\":\"https:\\\/\\\/www.anovapeneira.gal\\\/#\\\/schema\\\/person\\\/b93e3f8932e3f8da96334607eb6ac6aa\"},\"headline\":\"Festival de Sa\u00fade Natural en Mos\",\"datePublished\":\"2024-06-18T10:00:41+00:00\",\"dateModified\":\"2024-06-18T11:45:28+00:00\",\"mainEntityOfPage\":{\"@id\":\"https:\\\/\\\/www.anovapeneira.gal\\\/index.php\\\/2024\\\/06\\\/18\\\/festival-de-saude-natural-en-mos\\\/\"},\"wordCount\":1308,\"commentCount\":0,\"publisher\":{\"@id\":\"https:\\\/\\\/www.anovapeneira.gal\\\/#organization\"},\"image\":{\"@id\":\"https:\\\/\\\/www.anovapeneira.gal\\\/index.php\\\/2024\\\/06\\\/18\\\/festival-de-saude-natural-en-mos\\\/#primaryimage\"},\"thumbnailUrl\":\"https:\\\/\\\/www.anovapeneira.gal\\\/wp-content\\\/uploads\\\/2024\\\/06\\\/noelia_conde.png\",\"keywords\":[\"Concello de Mos\"],\"articleSection\":[\"A Louri\u00f1a\"],\"inLanguage\":\"gl-ES\",\"potentialAction\":[{\"@type\":\"CommentAction\",\"name\":\"Comment\",\"target\":[\"https:\\\/\\\/www.anovapeneira.gal\\\/index.php\\\/2024\\\/06\\\/18\\\/festival-de-saude-natural-en-mos\\\/#respond\"]}]},{\"@type\":\"WebPage\",\"@id\":\"https:\\\/\\\/www.anovapeneira.gal\\\/index.php\\\/2024\\\/06\\\/18\\\/festival-de-saude-natural-en-mos\\\/\",\"url\":\"https:\\\/\\\/www.anovapeneira.gal\\\/index.php\\\/2024\\\/06\\\/18\\\/festival-de-saude-natural-en-mos\\\/\",\"name\":\"Festival de Sa\u00fade Natural en Mos -\",\"isPartOf\":{\"@id\":\"https:\\\/\\\/www.anovapeneira.gal\\\/#website\"},\"primaryImageOfPage\":{\"@id\":\"https:\\\/\\\/www.anovapeneira.gal\\\/index.php\\\/2024\\\/06\\\/18\\\/festival-de-saude-natural-en-mos\\\/#primaryimage\"},\"image\":{\"@id\":\"https:\\\/\\\/www.anovapeneira.gal\\\/index.php\\\/2024\\\/06\\\/18\\\/festival-de-saude-natural-en-mos\\\/#primaryimage\"},\"thumbnailUrl\":\"https:\\\/\\\/www.anovapeneira.gal\\\/wp-content\\\/uploads\\\/2024\\\/06\\\/noelia_conde.png\",\"datePublished\":\"2024-06-18T10:00:41+00:00\",\"dateModified\":\"2024-06-18T11:45:28+00:00\",\"breadcrumb\":{\"@id\":\"https:\\\/\\\/www.anovapeneira.gal\\\/index.php\\\/2024\\\/06\\\/18\\\/festival-de-saude-natural-en-mos\\\/#breadcrumb\"},\"inLanguage\":\"gl-ES\",\"potentialAction\":[{\"@type\":\"ReadAction\",\"target\":[\"https:\\\/\\\/www.anovapeneira.gal\\\/index.php\\\/2024\\\/06\\\/18\\\/festival-de-saude-natural-en-mos\\\/\"]}]},{\"@type\":\"ImageObject\",\"inLanguage\":\"gl-ES\",\"@id\":\"https:\\\/\\\/www.anovapeneira.gal\\\/index.php\\\/2024\\\/06\\\/18\\\/festival-de-saude-natural-en-mos\\\/#primaryimage\",\"url\":\"https:\\\/\\\/www.anovapeneira.gal\\\/wp-content\\\/uploads\\\/2024\\\/06\\\/noelia_conde.png\",\"contentUrl\":\"https:\\\/\\\/www.anovapeneira.gal\\\/wp-content\\\/uploads\\\/2024\\\/06\\\/noelia_conde.png\",\"width\":720,\"height\":432,\"caption\":\"Noelia Conde Mos\"},{\"@type\":\"BreadcrumbList\",\"@id\":\"https:\\\/\\\/www.anovapeneira.gal\\\/index.php\\\/2024\\\/06\\\/18\\\/festival-de-saude-natural-en-mos\\\/#breadcrumb\",\"itemListElement\":[{\"@type\":\"ListItem\",\"position\":1,\"name\":\"Portada\",\"item\":\"https:\\\/\\\/www.anovapeneira.gal\\\/\"},{\"@type\":\"ListItem\",\"position\":2,\"name\":\"Festival de Sa\u00fade Natural en Mos\"}]},{\"@type\":\"WebSite\",\"@id\":\"https:\\\/\\\/www.anovapeneira.gal\\\/#website\",\"url\":\"https:\\\/\\\/www.anovapeneira.gal\\\/\",\"name\":\"\",\"description\":\"Xornal galego de informaci\u00f3n xeral Publicaci\u00f3n mensual de novas de Galicia e en especial dos Concellos da sur da provincia de Pontevedra.\",\"publisher\":{\"@id\":\"https:\\\/\\\/www.anovapeneira.gal\\\/#organization\"},\"potentialAction\":[{\"@type\":\"SearchAction\",\"target\":{\"@type\":\"EntryPoint\",\"urlTemplate\":\"https:\\\/\\\/www.anovapeneira.gal\\\/?s={search_term_string}\"},\"query-input\":{\"@type\":\"PropertyValueSpecification\",\"valueRequired\":true,\"valueName\":\"search_term_string\"}}],\"inLanguage\":\"gl-ES\"},{\"@type\":\"Organization\",\"@id\":\"https:\\\/\\\/www.anovapeneira.gal\\\/#organization\",\"name\":\"A Nova Peneira\",\"url\":\"https:\\\/\\\/www.anovapeneira.gal\\\/\",\"logo\":{\"@type\":\"ImageObject\",\"inLanguage\":\"gl-ES\",\"@id\":\"https:\\\/\\\/www.anovapeneira.gal\\\/#\\\/schema\\\/logo\\\/image\\\/\",\"url\":\"http:\\\/\\\/www.anovapeneira.gal\\\/wp-content\\\/uploads\\\/2019\\\/06\\\/logo_a_nova_peneira_portal_web.png\",\"contentUrl\":\"http:\\\/\\\/www.anovapeneira.gal\\\/wp-content\\\/uploads\\\/2019\\\/06\\\/logo_a_nova_peneira_portal_web.png\",\"width\":300,\"height\":100,\"caption\":\"A Nova Peneira\"},\"image\":{\"@id\":\"https:\\\/\\\/www.anovapeneira.gal\\\/#\\\/schema\\\/logo\\\/image\\\/\"},\"sameAs\":[\"https:\\\/\\\/www.facebook.com\\\/anovapeneira\",\"https:\\\/\\\/x.com\\\/APeneira\"]},{\"@type\":\"Person\",\"@id\":\"https:\\\/\\\/www.anovapeneira.gal\\\/#\\\/schema\\\/person\\\/b93e3f8932e3f8da96334607eb6ac6aa\",\"name\":\"Redacci\u00f3n A Nova Peneira\",\"image\":{\"@type\":\"ImageObject\",\"inLanguage\":\"gl-ES\",\"@id\":\"https:\\\/\\\/secure.gravatar.com\\\/avatar\\\/c052a2551a06e23fac63626232eaa90abd78dbcf1700fc46a2b2c89fd27b735f?s=96&d=mm&r=g\",\"url\":\"https:\\\/\\\/secure.gravatar.com\\\/avatar\\\/c052a2551a06e23fac63626232eaa90abd78dbcf1700fc46a2b2c89fd27b735f?s=96&d=mm&r=g\",\"contentUrl\":\"https:\\\/\\\/secure.gravatar.com\\\/avatar\\\/c052a2551a06e23fac63626232eaa90abd78dbcf1700fc46a2b2c89fd27b735f?s=96&d=mm&r=g\",\"caption\":\"Redacci\u00f3n A Nova Peneira\"},\"sameAs\":[\"http:\\\/\\\/www.anovapeneira.gal\\\/\"],\"url\":\"https:\\\/\\\/www.anovapeneira.gal\\\/index.php\\\/author\\\/redactor\\\/\"}]}<\/script>\n<!-- \/ Yoast SEO plugin. -->","yoast_head_json":{"title":"Festival de Sa\u00fade Natural en Mos -","robots":{"index":"index","follow":"follow","max-snippet":"max-snippet:-1","max-image-preview":"max-image-preview:large","max-video-preview":"max-video-preview:-1"},"canonical":"https:\/\/www.anovapeneira.gal\/index.php\/2024\/06\/18\/festival-de-saude-natural-en-mos\/","og_locale":"gl_ES","og_type":"article","og_title":"Festival de Sa\u00fade Natural en Mos -","og_description":"Os vindeiros 29 e 30 de xu\u00f1o, no pavill\u00f3n \u00d3scar Pereiro de Mos, desenvolverase un evento de terapias naturais [...]","og_url":"https:\/\/www.anovapeneira.gal\/index.php\/2024\/06\/18\/festival-de-saude-natural-en-mos\/","article_publisher":"https:\/\/www.facebook.com\/anovapeneira","article_published_time":"2024-06-18T10:00:41+00:00","article_modified_time":"2024-06-18T11:45:28+00:00","og_image":[{"width":720,"height":432,"url":"https:\/\/www.anovapeneira.gal\/wp-content\/uploads\/2024\/06\/noelia_conde.png","type":"image\/png"}],"author":"Redacci\u00f3n A Nova Peneira","twitter_card":"summary_large_image","twitter_creator":"@APeneira","twitter_site":"@APeneira","twitter_misc":{"Escrito por":"Redacci\u00f3n A Nova Peneira","Tempo de lectura":"2 minutos"},"schema":{"@context":"https:\/\/schema.org","@graph":[{"@type":"Article","@id":"https:\/\/www.anovapeneira.gal\/index.php\/2024\/06\/18\/festival-de-saude-natural-en-mos\/#article","isPartOf":{"@id":"https:\/\/www.anovapeneira.gal\/index.php\/2024\/06\/18\/festival-de-saude-natural-en-mos\/"},"author":{"name":"Redacci\u00f3n A Nova Peneira","@id":"https:\/\/www.anovapeneira.gal\/#\/schema\/person\/b93e3f8932e3f8da96334607eb6ac6aa"},"headline":"Festival de Sa\u00fade Natural en Mos","datePublished":"2024-06-18T10:00:41+00:00","dateModified":"2024-06-18T11:45:28+00:00","mainEntityOfPage":{"@id":"https:\/\/www.anovapeneira.gal\/index.php\/2024\/06\/18\/festival-de-saude-natural-en-mos\/"},"wordCount":1308,"commentCount":0,"publisher":{"@id":"https:\/\/www.anovapeneira.gal\/#organization"},"image":{"@id":"https:\/\/www.anovapeneira.gal\/index.php\/2024\/06\/18\/festival-de-saude-natural-en-mos\/#primaryimage"},"thumbnailUrl":"https:\/\/www.anovapeneira.gal\/wp-content\/uploads\/2024\/06\/noelia_conde.png","keywords":["Concello de Mos"],"articleSection":["A Louri\u00f1a"],"inLanguage":"gl-ES","potentialAction":[{"@type":"CommentAction","name":"Comment","target":["https:\/\/www.anovapeneira.gal\/index.php\/2024\/06\/18\/festival-de-saude-natural-en-mos\/#respond"]}]},{"@type":"WebPage","@id":"https:\/\/www.anovapeneira.gal\/index.php\/2024\/06\/18\/festival-de-saude-natural-en-mos\/","url":"https:\/\/www.anovapeneira.gal\/index.php\/2024\/06\/18\/festival-de-saude-natural-en-mos\/","name":"Festival de Sa\u00fade Natural en Mos -","isPartOf":{"@id":"https:\/\/www.anovapeneira.gal\/#website"},"primaryImageOfPage":{"@id":"https:\/\/www.anovapeneira.gal\/index.php\/2024\/06\/18\/festival-de-saude-natural-en-mos\/#primaryimage"},"image":{"@id":"https:\/\/www.anovapeneira.gal\/index.php\/2024\/06\/18\/festival-de-saude-natural-en-mos\/#primaryimage"},"thumbnailUrl":"https:\/\/www.anovapeneira.gal\/wp-content\/uploads\/2024\/06\/noelia_conde.png","datePublished":"2024-06-18T10:00:41+00:00","dateModified":"2024-06-18T11:45:28+00:00","breadcrumb":{"@id":"https:\/\/www.anovapeneira.gal\/index.php\/2024\/06\/18\/festival-de-saude-natural-en-mos\/#breadcrumb"},"inLanguage":"gl-ES","potentialAction":[{"@type":"ReadAction","target":["https:\/\/www.anovapeneira.gal\/index.php\/2024\/06\/18\/festival-de-saude-natural-en-mos\/"]}]},{"@type":"ImageObject","inLanguage":"gl-ES","@id":"https:\/\/www.anovapeneira.gal\/index.php\/2024\/06\/18\/festival-de-saude-natural-en-mos\/#primaryimage","url":"https:\/\/www.anovapeneira.gal\/wp-content\/uploads\/2024\/06\/noelia_conde.png","contentUrl":"https:\/\/www.anovapeneira.gal\/wp-content\/uploads\/2024\/06\/noelia_conde.png","width":720,"height":432,"caption":"Noelia Conde Mos"},{"@type":"BreadcrumbList","@id":"https:\/\/www.anovapeneira.gal\/index.php\/2024\/06\/18\/festival-de-saude-natural-en-mos\/#breadcrumb","itemListElement":[{"@type":"ListItem","position":1,"name":"Portada","item":"https:\/\/www.anovapeneira.gal\/"},{"@type":"ListItem","position":2,"name":"Festival de Sa\u00fade Natural en Mos"}]},{"@type":"WebSite","@id":"https:\/\/www.anovapeneira.gal\/#website","url":"https:\/\/www.anovapeneira.gal\/","name":"","description":"Xornal galego de informaci\u00f3n xeral Publicaci\u00f3n mensual de novas de Galicia e en especial dos Concellos da sur da provincia de Pontevedra.","publisher":{"@id":"https:\/\/www.anovapeneira.gal\/#organization"},"potentialAction":[{"@type":"SearchAction","target":{"@type":"EntryPoint","urlTemplate":"https:\/\/www.anovapeneira.gal\/?s={search_term_string}"},"query-input":{"@type":"PropertyValueSpecification","valueRequired":true,"valueName":"search_term_string"}}],"inLanguage":"gl-ES"},{"@type":"Organization","@id":"https:\/\/www.anovapeneira.gal\/#organization","name":"A Nova Peneira","url":"https:\/\/www.anovapeneira.gal\/","logo":{"@type":"ImageObject","inLanguage":"gl-ES","@id":"https:\/\/www.anovapeneira.gal\/#\/schema\/logo\/image\/","url":"http:\/\/www.anovapeneira.gal\/wp-content\/uploads\/2019\/06\/logo_a_nova_peneira_portal_web.png","contentUrl":"http:\/\/www.anovapeneira.gal\/wp-content\/uploads\/2019\/06\/logo_a_nova_peneira_portal_web.png","width":300,"height":100,"caption":"A Nova Peneira"},"image":{"@id":"https:\/\/www.anovapeneira.gal\/#\/schema\/logo\/image\/"},"sameAs":["https:\/\/www.facebook.com\/anovapeneira","https:\/\/x.com\/APeneira"]},{"@type":"Person","@id":"https:\/\/www.anovapeneira.gal\/#\/schema\/person\/b93e3f8932e3f8da96334607eb6ac6aa","name":"Redacci\u00f3n A Nova Peneira","image":{"@type":"ImageObject","inLanguage":"gl-ES","@id":"https:\/\/secure.gravatar.com\/avatar\/c052a2551a06e23fac63626232eaa90abd78dbcf1700fc46a2b2c89fd27b735f?s=96&d=mm&r=g","url":"https:\/\/secure.gravatar.com\/avatar\/c052a2551a06e23fac63626232eaa90abd78dbcf1700fc46a2b2c89fd27b735f?s=96&d=mm&r=g","contentUrl":"https:\/\/secure.gravatar.com\/avatar\/c052a2551a06e23fac63626232eaa90abd78dbcf1700fc46a2b2c89fd27b735f?s=96&d=mm&r=g","caption":"Redacci\u00f3n A Nova Peneira"},"sameAs":["http:\/\/www.anovapeneira.gal\/"],"url":"https:\/\/www.anovapeneira.gal\/index.php\/author\/redactor\/"}]}},"jetpack_featured_media_url":"https:\/\/www.anovapeneira.gal\/wp-content\/uploads\/2024\/06\/noelia_conde.png","_links":{"self":[{"href":"https:\/\/www.anovapeneira.gal\/index.php\/wp-json\/wp\/v2\/posts\/11908","targetHints":{"allow":["GET"]}}],"collection":[{"href":"https:\/\/www.anovapeneira.gal\/index.php\/wp-json\/wp\/v2\/posts"}],"about":[{"href":"https:\/\/www.anovapeneira.gal\/index.php\/wp-json\/wp\/v2\/types\/post"}],"author":[{"embeddable":true,"href":"https:\/\/www.anovapeneira.gal\/index.php\/wp-json\/wp\/v2\/users\/3"}],"replies":[{"embeddable":true,"href":"https:\/\/www.anovapeneira.gal\/index.php\/wp-json\/wp\/v2\/comments?post=11908"}],"version-history":[{"count":3,"href":"https:\/\/www.anovapeneira.gal\/index.php\/wp-json\/wp\/v2\/posts\/11908\/revisions"}],"predecessor-version":[{"id":11925,"href":"https:\/\/www.anovapeneira.gal\/index.php\/wp-json\/wp\/v2\/posts\/11908\/revisions\/11925"}],"wp:featuredmedia":[{"embeddable":true,"href":"https:\/\/www.anovapeneira.gal\/index.php\/wp-json\/wp\/v2\/media\/11911"}],"wp:attachment":[{"href":"https:\/\/www.anovapeneira.gal\/index.php\/wp-json\/wp\/v2\/media?parent=11908"}],"wp:term":[{"taxonomy":"category","embeddable":true,"href":"https:\/\/www.anovapeneira.gal\/index.php\/wp-json\/wp\/v2\/categories?post=11908"},{"taxonomy":"post_tag","embeddable":true,"href":"https:\/\/www.anovapeneira.gal\/index.php\/wp-json\/wp\/v2\/tags?post=11908"}],"curies":[{"name":"wp","href":"https:\/\/api.w.org\/{rel}","templated":true}]}}