{"id":11916,"date":"2024-06-19T12:00:34","date_gmt":"2024-06-19T10:00:34","guid":{"rendered":"https:\/\/www.anovapeneira.gal\/?p=11916"},"modified":"2024-06-17T10:13:15","modified_gmt":"2024-06-17T08:13:15","slug":"xoan-carlos-montes-bugarin-calis-alcalde-de-mondariz-2","status":"publish","type":"post","link":"https:\/\/www.anovapeneira.gal\/index.php\/2024\/06\/19\/xoan-carlos-montes-bugarin-calis-alcalde-de-mondariz-2\/","title":{"rendered":"Xoan Carlos Montes Bugar\u00edn \u201c Calis\u201d alcalde de Mondariz"},"content":{"rendered":"\n<pre class=\"wp-block-verse\"><strong>Tino Lago e Marcos Santos.<\/strong><\/pre>\n\n\n\n<p><strong>Despois da entrevista, na anterior edici\u00f3n de ANP, ao ex alcalde de Mondariz non podiamos quedarnos sen co\u00f1ecer a visi\u00f3n da realidade pol\u00edtica de Calis, o alcalde actual, que afortunadamente xa se reincorporou ao seu posto despois da s\u00faa baixa por enfermidade. Calis defende con paix\u00f3n a s\u00faa xesti\u00f3n, am\u00f3sase enormemente orgulloso dos seus compa\u00f1eiros e compa\u00f1eiras de Alternativa en xeral, e en particular moi agradecido, eu dir\u00eda que ata un pouco emocionado, a Helena Naveira que foi alcaldesa accidental nos meses da s\u00faa baixa. Ao seu xu\u00edzo Mondariz ten unha situaci\u00f3n econ\u00f3mica moi complicada que non lles deixa outra opci\u00f3n que a resistencia, e valora como moi negativa a xesti\u00f3n do anterior equipo de goberno. Vela\u00ed vai o que deu de si a nosa conversa<\/strong><\/p>\n\n\n\n<p>\u201c <strong>Agora mesmo estamos en fase de resistencia. Pero temos un rumbo trazado para, se a oposici\u00f3n nos deixa, podermos pasar a etapas moito m\u00e1is ambiciosas\u201d<\/strong><\/p>\n\n\n\n<p><strong>A primeira pregunta \u00e9 obrigada: Estiveches varios meses de baixa m\u00e9dica e ves de reincorporarte hai pouco tempo, que tal est\u00e1s ?.<\/strong><\/p>\n\n\n\n<blockquote class=\"wp-block-quote is-layout-flow wp-block-quote-is-layout-flow\">\n<p>Moito mellor.<\/p>\n<\/blockquote>\n\n\n\n<p><strong>Nestes arredor de cinco meses que estiveches de baixa que sensaci\u00f3ns pulsaches da veci\u00f1anza de Mondariz?<\/strong><\/p>\n\n\n\n<blockquote class=\"wp-block-quote is-layout-flow wp-block-quote-is-layout-flow\">\n<p>O seu cari\u00f1o e o seu afecto. Quero dicir que , malia que estou moito mellor, non estou curado de todo. De feito sigo con terapia e tratamento. E un dos motivos polos que estou neste despacho \u00e9 o enorme caudal de cari\u00f1o que me fixeron sentir os veci\u00f1os e veci\u00f1as de Mondariz.<\/p>\n<\/blockquote>\n\n\n\n<p><strong>Sentiches o apoio dos teus compa\u00f1eiros e compa\u00f1eiras de Alternativa?<\/strong><\/p>\n\n\n\n<blockquote class=\"wp-block-quote is-layout-flow wp-block-quote-is-layout-flow\">\n<p>Absolutamente si. Te\u00f1o un equipo magn\u00edfico. Se eu non estivera non pasaba absolutamente nada.<\/p>\n<\/blockquote>\n\n\n\n<p><strong>Como valoras o traballo da alcaldesa accidental Helena Naveira?<\/strong><\/p>\n\n\n\n<blockquote class=\"wp-block-quote is-layout-flow wp-block-quote-is-layout-flow\">\n<p>Soberbio, extraordinario. E quero salientar que fixo un traballo excelente sen cobrar, porque a oposici\u00f3n non quixo que ela cobrara mentres eu estiven de baixa. Non cobrou absolutamente nada, enfrontouse a todos os problemas con enorme valent\u00eda, repito: sen cobrar absolutamente nada porque a oposici\u00f3n non quixo. Dalg\u00fans non me estra\u00f1a, pero os que se din de esquerdas pois en fin, deberan repensar o seu modus operandi en relaci\u00f3n ao traballo dos demais&#8230;<\/p>\n<\/blockquote>\n\n\n\n<p><strong>Por que non quixeron, ao teu xu\u00edzo, que Helena Naveira cobrase?<\/strong><\/p>\n\n\n\n<blockquote class=\"wp-block-quote is-layout-flow wp-block-quote-is-layout-flow\">\n<p>Para desgastar ao noso goberno. Por puro interese partidista.<\/p>\n<\/blockquote>\n\n\n\n<p><strong>V\u00e9xote un tanto tenso coa oposici\u00f3n?<\/strong><\/p>\n\n\n\n<blockquote class=\"wp-block-quote is-layout-flow wp-block-quote-is-layout-flow\">\n<p>Eu falo de pol\u00edtica, non falo de persoas. S\u00f3 dicir que hai algunha intervenci\u00f3n nalg\u00fan pleno que os retrata.<\/p>\n<\/blockquote>\n\n\n\n<p><strong>Nestes meses que estiveches de baixa o concello de Mondariz foi dirixido polos funcionarios?<\/strong><\/p>\n\n\n\n<blockquote class=\"wp-block-quote is-layout-flow wp-block-quote-is-layout-flow\">\n<p>Iso \u00e9 radicalmente falso. De novo estamos ante unha falacia que usa a oposici\u00f3n para desgastarnos. O traballo pol\u00edtico en Mondariz, nos meses que eu estiven de baixa, desenvolveuno o equipo de goberno de Alternativa como non pod\u00eda ser doutra maneira. Desenvolv\u00e9rono asemade con enorme capacidade, con inmensas ga\u00f1as e ante a dificultade o que fixeron foi crecerse.<\/p>\n<\/blockquote>\n\n\n\n<p><strong>A situaci\u00f3n econ\u00f3mica de Mondariz \u00e9 catastr\u00f3fica?<\/strong><\/p>\n\n\n\n<blockquote class=\"wp-block-quote is-layout-flow wp-block-quote-is-layout-flow\">\n<p>A min non me gusta utilizar hip\u00e9rboles, como fan outros portavoces. A situaci\u00f3n econ\u00f3mica de Mondariz \u00e9 moi complexa e dif\u00edcil. E o pobo de Mondariz falou moi claro nas \u00faltimas municipais. Dixo: non queremos que se xestione como xestionou o anterior goberno. Parece que alg\u00fan a\u00ednda non asumiu o resultado das urnas.<\/p>\n<\/blockquote>\n\n\n\n<p><strong>Ben, ti dis que non che gustan as hip\u00e9rboles, pero o teu equipo de goberno , pouco antes da t\u00faa alta, quitou unha nota de prensa na que valoraba a xesti\u00f3n econ\u00f3mica do anterior goberno, e a valoraci\u00f3n era peor que p\u00e9sima. Se esa nota non \u00e9 unha hip\u00e9rbole, par\u00e9ceselle moito. Reafirmas o contido dese texto?<\/strong><\/p>\n\n\n\n<blockquote class=\"wp-block-quote is-layout-flow wp-block-quote-is-layout-flow\">\n<p>Por suposto que si. Asemade d\u00edgoche con claridade que esa nota o \u00fanico que fai \u00e9 reflectir datos obxectivos. Non son especulaci\u00f3ns, nin sequera valoraci\u00f3ns. Son datos reais. Hai provedores aos que lle debemos cartos e que te\u00f1en as s\u00faas d\u00fabidas de se seguir traballando con n\u00f3s. E n\u00f3s somos os que temos que xestionar iso.<\/p>\n<\/blockquote>\n\n\n\n<p><strong>Ti fuches alcalde entre o 15 e o 19 , non acabas de chegar. A responsabilidade desta situaci\u00f3n \u00e9 exclusiva do anterior goberno?.<\/strong><\/p>\n\n\n\n<blockquote class=\"wp-block-quote is-layout-flow wp-block-quote-is-layout-flow\">\n<p>O concello de Mondariz ten unha d\u00e9beda estrutural.<\/p>\n<\/blockquote>\n\n\n\n<p><strong>De antes do 15?<\/strong><\/p>\n\n\n\n<blockquote class=\"wp-block-quote is-layout-flow wp-block-quote-is-layout-flow\">\n<p>Si, si. De hai moitos anos<\/p>\n<\/blockquote>\n\n\n\n<p><strong>Por que se d\u00e1 esa d\u00e9beda estrutural?<\/strong><\/p>\n\n\n\n<blockquote class=\"wp-block-quote is-layout-flow wp-block-quote-is-layout-flow\">\n<p>O ano pasado , xa comigo de alcalde, regularizamos os impostos. Hab\u00eda impostos que non se tocaban desde o 2011. Arrastramos un d\u00e9ficit de ingresos e non temos unha actividade econ\u00f3mica que xere o suficiente para cubrir os nosos gastos. Se hai un pequeno desequilibrio, pois m\u00e1is ou menos vas zafando. Pero claro, se o desequilibrio \u00e9 moi grande ent\u00f3n o desfase entre ingresos e gastos \u00e9 tan importante que fai que a situaci\u00f3n sexa enormemente complexa de xestionar. E iso que o anterior goberno puido facer uso do remanente de tesourer\u00eda, algo que n\u00f3s non imos poder facer.<\/p>\n<\/blockquote>\n\n\n\n<p><strong>Por que ?<\/strong><\/p>\n\n\n\n<blockquote class=\"wp-block-quote is-layout-flow wp-block-quote-is-layout-flow\">\n<p>\u00c9 negativo. E cando se volva positivo non poderemos facer uso del polas medidas fiscais europeas. O goberno anterior tivo de onde quitar, n\u00f3s non.<\/p>\n<\/blockquote>\n\n\n\n<p><strong>E como ides resolver?<\/strong><\/p>\n\n\n\n<blockquote class=\"wp-block-quote is-layout-flow wp-block-quote-is-layout-flow\">\n<p>En principio sendo moi sensatos e gastar s\u00f3 onde poidamos gastar.<\/p>\n<\/blockquote>\n\n\n\n<p><strong>Onde si vas pode gastar?, e onde vas recortar?<\/strong><\/p>\n\n\n\n<blockquote class=\"wp-block-quote is-layout-flow wp-block-quote-is-layout-flow\">\n<p>En Protocolo e gastos superfluos estamos a recortar ao m\u00e1ximo. As avar\u00edas que antes resolviamos con empresas externas agora tratamos de ama\u00f1alas n\u00f3s. N\u00f3s primeiros cinco meses do 24 gastamos 200.000\u20ac menos dos que gastou o anterior goberno nos mesmos meses do 23.E o que non penso arriscar de ningunha maneira son os servizos b\u00e1sicos do Concello de Mondariz.<\/p>\n<\/blockquote>\n\n\n\n<p><strong>O anterior alcalde reco\u00f1ece que en efecto gastaron, pero que fixeron uns investimentos moi importantes para o Concello que nos pr\u00f3ximos anos van supor, ao seu xu\u00edzo, un aforro relevante. En concreto menciona o cambio da iluminaci\u00f3n a LED. Que tes que dicir ao respecto?<\/strong><\/p>\n\n\n\n<blockquote class=\"wp-block-quote is-layout-flow wp-block-quote-is-layout-flow\">\n<p>O asunto das luces reco\u00f1\u00e9zoo. Si, \u00e9 verdade. E vai supor aforro, si, pero nin vai ser a panacea nin vai solucionar a nosa d\u00e9beda estrutural. En calquera caso o procedemento do cambio das luminarias para min foi moi cuestionable. Pode ser beneficioso para o futuro, pero pon en serios problemas ao noso presente.<\/p>\n<\/blockquote>\n\n\n\n<p><strong>Antes falabas da inexistencia dunha actividade econ\u00f3mica que xere riqueza como unha das causas da vosa d\u00e9beda estrutural. Por que ent\u00f3n a t\u00faa negativa ao pol\u00edgono industrial da Lagoa?<\/strong><\/p>\n\n\n\n<blockquote class=\"wp-block-quote is-layout-flow wp-block-quote-is-layout-flow\">\n<p>Eu digo: pol\u00edgono industrial si, desde logo que si, pero na Lagoa non.<\/p>\n<\/blockquote>\n\n\n\n<p><strong>Por que na Lagoa non?<\/strong><\/p>\n\n\n\n<blockquote class=\"wp-block-quote is-layout-flow wp-block-quote-is-layout-flow\">\n<p>\u00c9 un pulm\u00f3n de Mondariz, unha zona deportiva e non entendemos adecuado facer un pol\u00edgono industrial al\u00ed. N\u00f3s estamos de acordo en buscar un espazo para facer o pol\u00edgono industrial de maneira consensuada cos grupos da oposici\u00f3n, co acordo da veci\u00f1anza e que sexa positivo para o futuro da nosa localidade.<\/p>\n<\/blockquote>\n\n\n\n<p><strong>Algunha situaci\u00f3n potencial que esteades considerando?<\/strong><\/p>\n\n\n\n<blockquote class=\"wp-block-quote is-layout-flow wp-block-quote-is-layout-flow\">\n<p>Si, Faxilde.<\/p>\n<\/blockquote>\n\n\n\n<p><strong>Que outras medidas se poden tomar para atacar esa d\u00e9beda estrutural?<\/strong><\/p>\n\n\n\n<blockquote class=\"wp-block-quote is-layout-flow wp-block-quote-is-layout-flow\">\n<p>\u00c9 esencial o asentamento poboacional. Temos que traballar para ter m\u00e1is e mellores servizos que nos permitan asentar poboaci\u00f3n. Hai que facer de Mondariz unha vila atractiva para vivir.<\/p>\n<\/blockquote>\n\n\n\n<p><strong>Dic\u00eda Negr\u00edn \u201c Resistir \u00e9 vencer\u201d.Ti est\u00e1s nesa li\u00f1a?<\/strong><\/p>\n\n\n\n<blockquote class=\"wp-block-quote is-layout-flow wp-block-quote-is-layout-flow\">\n<p>Si.<\/p>\n<\/blockquote>\n\n\n\n<p><strong>Neste contexto o goberno de Mondariz pode facer outra cousa diferente e resistir?<\/strong><\/p>\n\n\n\n<blockquote class=\"wp-block-quote is-layout-flow wp-block-quote-is-layout-flow\">\n<p>Non, agora mesmo non se pode facer outra cousa que resistir.<\/p>\n<\/blockquote>\n\n\n\n<p><strong>E tes alg\u00fan rumbo trazado para, mirando coas luces longas, poder pasar a unha fase m\u00e1is ambiciosa que a mera resistencia?<\/strong><\/p>\n\n\n\n<blockquote class=\"wp-block-quote is-layout-flow wp-block-quote-is-layout-flow\">\n<p>Desde logo que si. Ten as seguintes li\u00f1as b\u00e1sicas:<\/p>\n<\/blockquote>\n\n\n\n<blockquote class=\"wp-block-quote is-layout-flow wp-block-quote-is-layout-flow\">\n<p>-Como che dixen antes a mi\u00f1a teima e mellorar os servizos de maneira que nos permita facer a Mondariz unha vila atractiva para vivir, e en consecuencia podermos asentar poboaci\u00f3n. N\u00f3s temos todo moi preto: Concello, correos, centro<\/p>\n<\/blockquote>\n\n\n\n<p>m\u00e9dico,centro de d\u00eda, colexio e praza de abastos&#8230;.e temos que explotar esa situaci\u00f3n<\/p>\n\n\n\n<blockquote class=\"wp-block-quote is-layout-flow wp-block-quote-is-layout-flow\">\n<p>-Facilitar o acceso \u00e1 vivenda tomando medidas fiscais que posibiliten que a xente se anime a vivir no noso marabilloso concello. Esto d\u00edgoo pensando no futuro, a d\u00eda de hoxe non \u00e9 posible pois non podemos prescindir de ning\u00fan tipo de ingreso.<\/p>\n<\/blockquote>\n\n\n\n<blockquote class=\"wp-block-quote is-layout-flow wp-block-quote-is-layout-flow\">\n<p>-Apostar polo turismo sostible como v\u00eda de crecemento. Un turismo tranquilo, ecol\u00f3xico e deportivo apoiado no noso concello irm\u00e1n de Mondariz Balneario<\/p>\n<\/blockquote>\n\n\n\n<p><strong>Tes boas relaci\u00f3ns co alcalde de Balneario?<\/strong><\/p>\n\n\n\n<blockquote class=\"wp-block-quote is-layout-flow wp-block-quote-is-layout-flow\">\n<p>Si, moi boas.<\/p>\n<\/blockquote>\n\n\n\n<p><strong>As e os votantes de Alternativa poden estar tranquilos sobre a vontade do seu alcalde e do seu goberno de cumprir os seus compromisos co pobo de Mondariz?<\/strong><\/p>\n\n\n\n<blockquote class=\"wp-block-quote is-layout-flow wp-block-quote-is-layout-flow\">\n<p>Indiscutiblemente si. Como sempre fixen e como sempre fai o grande equipo que me acompa\u00f1a: dar o mellor de n\u00f3s mesmos na procura do ben com\u00fan. O ben com\u00fan de Mondariz \u00e9 a raz\u00f3n pola que estou en pol\u00edtica, nunca houbo outra. Agardo que a oposici\u00f3n nos deixe.<\/p>\n<\/blockquote>\n\n\n\n<p><strong>Como \u00e9 iso?<\/strong><\/p>\n\n\n\n<blockquote class=\"wp-block-quote is-layout-flow wp-block-quote-is-layout-flow\">\n<p>Home, eles xa manifestaron en diferentes ocasi\u00f3ns que 6 suman m\u00e1is ca 5.<\/p>\n<\/blockquote>\n\n\n\n<p><strong>Como est\u00e1n as relaci\u00f3ns coas diferentes administraci\u00f3ns?<\/strong><\/p>\n\n\n\n<blockquote class=\"wp-block-quote is-layout-flow wp-block-quote-is-layout-flow\">\n<p>Flu\u00eddas e cordiais. Se contin\u00faan polo mesmo cami\u00f1o estou seguro de que vai haber unha porcentaxe moi importante do noso programa que si poderemos cumprir.<\/p>\n<\/blockquote>\n\n\n\n<p><strong>De feito ides recibir unha subvenci\u00f3n para o PXOM, verdade?<\/strong><\/p>\n\n\n\n<blockquote class=\"wp-block-quote is-layout-flow wp-block-quote-is-layout-flow\">\n<p>Si,case 40.000\u20ac<\/p>\n<\/blockquote>\n\n\n\n<p><strong>Temos alg\u00fan horizonte temporal realista de cando poder\u00e1s levar un PXOM a pleno?<\/strong><\/p>\n\n\n\n<blockquote class=\"wp-block-quote is-layout-flow wp-block-quote-is-layout-flow\">\n<p>A\u00ednda estamos nunha fase moi inicial. Este mandato vai ser imposible. Pero un PXOM temos que ter, pois \u00e9 imprescindible para podermos crecer.<\/p>\n<\/blockquote>\n\n\n\n<p><strong>Acabamos Calis. Nas \u00faltimas auton\u00f3micas fixeches unha aposta expl\u00edcita por Sumar. Arrep\u00ednteste?<\/strong><\/p>\n\n\n\n<blockquote class=\"wp-block-quote is-layout-flow wp-block-quote-is-layout-flow\">\n<p>Non, en absoluto.<\/p>\n<\/blockquote>\n\n\n\n<p><strong>Pero parece que foi un fracaso?<\/strong><\/p>\n\n\n\n<blockquote class=\"wp-block-quote is-layout-flow wp-block-quote-is-layout-flow\">\n<p>Estou de acordo contigo, foi un fracaso. Pero as mi\u00f1as posici\u00f3ns pol\u00edticas non as determinan nin o seu \u00e9xito nin o seu fracaso sen\u00f3n a mi\u00f1a conciencia. E eu te\u00f1o a convicci\u00f3n de que a Galicia faille falta unha forza pol\u00edtica de esquerdas e galeguista que recolla aos segmentos de persoas que non se sintan c\u00f3modas votando nacionalismo, e que est\u00e1n \u00e1 esquerda do PSOE. Ao meu xu\u00edzo \u00e9 necesaria.<\/p>\n<\/blockquote>\n","protected":false},"excerpt":{"rendered":"<div class=\"mh-excerpt\"><p>Despois da entrevista, na anterior edici\u00f3n de ANP, ao ex alcalde de Mondariz non podiamos quedarnos sen co\u00f1ecer a visi\u00f3n da realidade pol\u00edtica de Calis, o alcalde actual, que afortunadamente xa se reincorporou ao seu posto despois da s\u00faa baixa por enfermidade <a class=\"mh-excerpt-more\" href=\"https:\/\/www.anovapeneira.gal\/index.php\/2024\/06\/19\/xoan-carlos-montes-bugarin-calis-alcalde-de-mondariz-2\/\" title=\"Xoan Carlos Montes Bugar\u00edn \u201c Calis\u201d alcalde de Mondariz\">[&#8230;]<\/a><\/p>\n<\/div>","protected":false},"author":2,"featured_media":11920,"comment_status":"open","ping_status":"open","sticky":false,"template":"","format":"standard","meta":{"_exactmetrics_skip_tracking":false,"_exactmetrics_sitenote_active":false,"_exactmetrics_sitenote_note":"","_exactmetrics_sitenote_category":0,"footnotes":""},"categories":[267],"tags":[405],"class_list":{"0":"post-11916","1":"post","2":"type-post","3":"status-publish","4":"format-standard","5":"has-post-thumbnail","7":"category-condado-entrevistas","8":"tag-concello-de-mondariz"},"yoast_head":"<!-- This site is optimized with the Yoast SEO plugin v27.4 - https:\/\/yoast.com\/product\/yoast-seo-wordpress\/ -->\n<title>Xoan Carlos Montes Bugar\u00edn \u201c Calis\u201d alcalde de Mondariz -<\/title>\n<meta name=\"robots\" content=\"index, follow, max-snippet:-1, max-image-preview:large, max-video-preview:-1\" \/>\n<link rel=\"canonical\" href=\"https:\/\/www.anovapeneira.gal\/index.php\/2024\/06\/19\/xoan-carlos-montes-bugarin-calis-alcalde-de-mondariz-2\/\" \/>\n<meta property=\"og:locale\" content=\"gl_ES\" \/>\n<meta property=\"og:type\" content=\"article\" \/>\n<meta property=\"og:title\" content=\"Xoan Carlos Montes Bugar\u00edn \u201c Calis\u201d alcalde de Mondariz -\" \/>\n<meta property=\"og:description\" content=\"Despois da entrevista, na anterior edici\u00f3n de ANP, ao ex alcalde de Mondariz non podiamos quedarnos sen co\u00f1ecer a visi\u00f3n da realidade pol\u00edtica de Calis, o alcalde actual, que afortunadamente xa se reincorporou ao seu posto despois da s\u00faa baixa por enfermidade [...]\" \/>\n<meta property=\"og:url\" content=\"https:\/\/www.anovapeneira.gal\/index.php\/2024\/06\/19\/xoan-carlos-montes-bugarin-calis-alcalde-de-mondariz-2\/\" \/>\n<meta property=\"article:publisher\" content=\"https:\/\/www.facebook.com\/anovapeneira\" \/>\n<meta property=\"article:published_time\" content=\"2024-06-19T10:00:34+00:00\" \/>\n<meta property=\"og:image\" content=\"https:\/\/www.anovapeneira.gal\/wp-content\/uploads\/2024\/06\/calis.png\" \/>\n\t<meta property=\"og:image:width\" content=\"720\" \/>\n\t<meta property=\"og:image:height\" content=\"432\" \/>\n\t<meta property=\"og:image:type\" content=\"image\/png\" \/>\n<meta name=\"author\" content=\"Tino Lago\" \/>\n<meta name=\"twitter:card\" content=\"summary_large_image\" \/>\n<meta name=\"twitter:creator\" content=\"@APeneira\" \/>\n<meta name=\"twitter:site\" content=\"@APeneira\" \/>\n<meta name=\"twitter:label1\" content=\"Escrito por\" \/>\n\t<meta name=\"twitter:data1\" content=\"Tino Lago\" \/>\n\t<meta name=\"twitter:label2\" content=\"Tempo de lectura\" \/>\n\t<meta name=\"twitter:data2\" content=\"4 minutos\" \/>\n<script type=\"application\/ld+json\" class=\"yoast-schema-graph\">{\"@context\":\"https:\\\/\\\/schema.org\",\"@graph\":[{\"@type\":\"Article\",\"@id\":\"https:\\\/\\\/www.anovapeneira.gal\\\/index.php\\\/2024\\\/06\\\/19\\\/xoan-carlos-montes-bugarin-calis-alcalde-de-mondariz-2\\\/#article\",\"isPartOf\":{\"@id\":\"https:\\\/\\\/www.anovapeneira.gal\\\/index.php\\\/2024\\\/06\\\/19\\\/xoan-carlos-montes-bugarin-calis-alcalde-de-mondariz-2\\\/\"},\"author\":{\"name\":\"Tino Lago\",\"@id\":\"https:\\\/\\\/www.anovapeneira.gal\\\/#\\\/schema\\\/person\\\/424dfe65e3070fd8a44d22d2c088762a\"},\"headline\":\"Xoan Carlos Montes Bugar\u00edn \u201c Calis\u201d alcalde de Mondariz\",\"datePublished\":\"2024-06-19T10:00:34+00:00\",\"mainEntityOfPage\":{\"@id\":\"https:\\\/\\\/www.anovapeneira.gal\\\/index.php\\\/2024\\\/06\\\/19\\\/xoan-carlos-montes-bugarin-calis-alcalde-de-mondariz-2\\\/\"},\"wordCount\":1737,\"commentCount\":0,\"publisher\":{\"@id\":\"https:\\\/\\\/www.anovapeneira.gal\\\/#organization\"},\"image\":{\"@id\":\"https:\\\/\\\/www.anovapeneira.gal\\\/index.php\\\/2024\\\/06\\\/19\\\/xoan-carlos-montes-bugarin-calis-alcalde-de-mondariz-2\\\/#primaryimage\"},\"thumbnailUrl\":\"https:\\\/\\\/www.anovapeneira.gal\\\/wp-content\\\/uploads\\\/2024\\\/06\\\/calis.png\",\"keywords\":[\"Concello de Mondariz\"],\"articleSection\":[\"Condado\"],\"inLanguage\":\"gl-ES\",\"potentialAction\":[{\"@type\":\"CommentAction\",\"name\":\"Comment\",\"target\":[\"https:\\\/\\\/www.anovapeneira.gal\\\/index.php\\\/2024\\\/06\\\/19\\\/xoan-carlos-montes-bugarin-calis-alcalde-de-mondariz-2\\\/#respond\"]}]},{\"@type\":\"WebPage\",\"@id\":\"https:\\\/\\\/www.anovapeneira.gal\\\/index.php\\\/2024\\\/06\\\/19\\\/xoan-carlos-montes-bugarin-calis-alcalde-de-mondariz-2\\\/\",\"url\":\"https:\\\/\\\/www.anovapeneira.gal\\\/index.php\\\/2024\\\/06\\\/19\\\/xoan-carlos-montes-bugarin-calis-alcalde-de-mondariz-2\\\/\",\"name\":\"Xoan Carlos Montes Bugar\u00edn \u201c Calis\u201d alcalde de Mondariz -\",\"isPartOf\":{\"@id\":\"https:\\\/\\\/www.anovapeneira.gal\\\/#website\"},\"primaryImageOfPage\":{\"@id\":\"https:\\\/\\\/www.anovapeneira.gal\\\/index.php\\\/2024\\\/06\\\/19\\\/xoan-carlos-montes-bugarin-calis-alcalde-de-mondariz-2\\\/#primaryimage\"},\"image\":{\"@id\":\"https:\\\/\\\/www.anovapeneira.gal\\\/index.php\\\/2024\\\/06\\\/19\\\/xoan-carlos-montes-bugarin-calis-alcalde-de-mondariz-2\\\/#primaryimage\"},\"thumbnailUrl\":\"https:\\\/\\\/www.anovapeneira.gal\\\/wp-content\\\/uploads\\\/2024\\\/06\\\/calis.png\",\"datePublished\":\"2024-06-19T10:00:34+00:00\",\"breadcrumb\":{\"@id\":\"https:\\\/\\\/www.anovapeneira.gal\\\/index.php\\\/2024\\\/06\\\/19\\\/xoan-carlos-montes-bugarin-calis-alcalde-de-mondariz-2\\\/#breadcrumb\"},\"inLanguage\":\"gl-ES\",\"potentialAction\":[{\"@type\":\"ReadAction\",\"target\":[\"https:\\\/\\\/www.anovapeneira.gal\\\/index.php\\\/2024\\\/06\\\/19\\\/xoan-carlos-montes-bugarin-calis-alcalde-de-mondariz-2\\\/\"]}]},{\"@type\":\"ImageObject\",\"inLanguage\":\"gl-ES\",\"@id\":\"https:\\\/\\\/www.anovapeneira.gal\\\/index.php\\\/2024\\\/06\\\/19\\\/xoan-carlos-montes-bugarin-calis-alcalde-de-mondariz-2\\\/#primaryimage\",\"url\":\"https:\\\/\\\/www.anovapeneira.gal\\\/wp-content\\\/uploads\\\/2024\\\/06\\\/calis.png\",\"contentUrl\":\"https:\\\/\\\/www.anovapeneira.gal\\\/wp-content\\\/uploads\\\/2024\\\/06\\\/calis.png\",\"width\":720,\"height\":432,\"caption\":\"Calis\"},{\"@type\":\"BreadcrumbList\",\"@id\":\"https:\\\/\\\/www.anovapeneira.gal\\\/index.php\\\/2024\\\/06\\\/19\\\/xoan-carlos-montes-bugarin-calis-alcalde-de-mondariz-2\\\/#breadcrumb\",\"itemListElement\":[{\"@type\":\"ListItem\",\"position\":1,\"name\":\"Portada\",\"item\":\"https:\\\/\\\/www.anovapeneira.gal\\\/\"},{\"@type\":\"ListItem\",\"position\":2,\"name\":\"Xoan Carlos Montes Bugar\u00edn \u201c Calis\u201d alcalde de Mondariz\"}]},{\"@type\":\"WebSite\",\"@id\":\"https:\\\/\\\/www.anovapeneira.gal\\\/#website\",\"url\":\"https:\\\/\\\/www.anovapeneira.gal\\\/\",\"name\":\"\",\"description\":\"Xornal galego de informaci\u00f3n xeral Publicaci\u00f3n mensual de novas de Galicia e en especial dos Concellos da sur da provincia de Pontevedra.\",\"publisher\":{\"@id\":\"https:\\\/\\\/www.anovapeneira.gal\\\/#organization\"},\"potentialAction\":[{\"@type\":\"SearchAction\",\"target\":{\"@type\":\"EntryPoint\",\"urlTemplate\":\"https:\\\/\\\/www.anovapeneira.gal\\\/?s={search_term_string}\"},\"query-input\":{\"@type\":\"PropertyValueSpecification\",\"valueRequired\":true,\"valueName\":\"search_term_string\"}}],\"inLanguage\":\"gl-ES\"},{\"@type\":\"Organization\",\"@id\":\"https:\\\/\\\/www.anovapeneira.gal\\\/#organization\",\"name\":\"A Nova Peneira\",\"url\":\"https:\\\/\\\/www.anovapeneira.gal\\\/\",\"logo\":{\"@type\":\"ImageObject\",\"inLanguage\":\"gl-ES\",\"@id\":\"https:\\\/\\\/www.anovapeneira.gal\\\/#\\\/schema\\\/logo\\\/image\\\/\",\"url\":\"http:\\\/\\\/www.anovapeneira.gal\\\/wp-content\\\/uploads\\\/2019\\\/06\\\/logo_a_nova_peneira_portal_web.png\",\"contentUrl\":\"http:\\\/\\\/www.anovapeneira.gal\\\/wp-content\\\/uploads\\\/2019\\\/06\\\/logo_a_nova_peneira_portal_web.png\",\"width\":300,\"height\":100,\"caption\":\"A Nova Peneira\"},\"image\":{\"@id\":\"https:\\\/\\\/www.anovapeneira.gal\\\/#\\\/schema\\\/logo\\\/image\\\/\"},\"sameAs\":[\"https:\\\/\\\/www.facebook.com\\\/anovapeneira\",\"https:\\\/\\\/x.com\\\/APeneira\"]},{\"@type\":\"Person\",\"@id\":\"https:\\\/\\\/www.anovapeneira.gal\\\/#\\\/schema\\\/person\\\/424dfe65e3070fd8a44d22d2c088762a\",\"name\":\"Tino Lago\",\"image\":{\"@type\":\"ImageObject\",\"inLanguage\":\"gl-ES\",\"@id\":\"https:\\\/\\\/secure.gravatar.com\\\/avatar\\\/b3df6a06e44bab3111583b90f0f33a0379ee5e3d22cbadd232d39f21c30c62be?s=96&d=mm&r=g\",\"url\":\"https:\\\/\\\/secure.gravatar.com\\\/avatar\\\/b3df6a06e44bab3111583b90f0f33a0379ee5e3d22cbadd232d39f21c30c62be?s=96&d=mm&r=g\",\"contentUrl\":\"https:\\\/\\\/secure.gravatar.com\\\/avatar\\\/b3df6a06e44bab3111583b90f0f33a0379ee5e3d22cbadd232d39f21c30c62be?s=96&d=mm&r=g\",\"caption\":\"Tino Lago\"},\"sameAs\":[\"http:\\\/\\\/www.anovapeneira.gal\"],\"url\":\"https:\\\/\\\/www.anovapeneira.gal\\\/index.php\\\/author\\\/director\\\/\"}]}<\/script>\n<!-- \/ Yoast SEO plugin. -->","yoast_head_json":{"title":"Xoan Carlos Montes Bugar\u00edn \u201c Calis\u201d alcalde de Mondariz -","robots":{"index":"index","follow":"follow","max-snippet":"max-snippet:-1","max-image-preview":"max-image-preview:large","max-video-preview":"max-video-preview:-1"},"canonical":"https:\/\/www.anovapeneira.gal\/index.php\/2024\/06\/19\/xoan-carlos-montes-bugarin-calis-alcalde-de-mondariz-2\/","og_locale":"gl_ES","og_type":"article","og_title":"Xoan Carlos Montes Bugar\u00edn \u201c Calis\u201d alcalde de Mondariz -","og_description":"Despois da entrevista, na anterior edici\u00f3n de ANP, ao ex alcalde de Mondariz non podiamos quedarnos sen co\u00f1ecer a visi\u00f3n da realidade pol\u00edtica de Calis, o alcalde actual, que afortunadamente xa se reincorporou ao seu posto despois da s\u00faa baixa por enfermidade [...]","og_url":"https:\/\/www.anovapeneira.gal\/index.php\/2024\/06\/19\/xoan-carlos-montes-bugarin-calis-alcalde-de-mondariz-2\/","article_publisher":"https:\/\/www.facebook.com\/anovapeneira","article_published_time":"2024-06-19T10:00:34+00:00","og_image":[{"width":720,"height":432,"url":"https:\/\/www.anovapeneira.gal\/wp-content\/uploads\/2024\/06\/calis.png","type":"image\/png"}],"author":"Tino Lago","twitter_card":"summary_large_image","twitter_creator":"@APeneira","twitter_site":"@APeneira","twitter_misc":{"Escrito por":"Tino Lago","Tempo de lectura":"4 minutos"},"schema":{"@context":"https:\/\/schema.org","@graph":[{"@type":"Article","@id":"https:\/\/www.anovapeneira.gal\/index.php\/2024\/06\/19\/xoan-carlos-montes-bugarin-calis-alcalde-de-mondariz-2\/#article","isPartOf":{"@id":"https:\/\/www.anovapeneira.gal\/index.php\/2024\/06\/19\/xoan-carlos-montes-bugarin-calis-alcalde-de-mondariz-2\/"},"author":{"name":"Tino Lago","@id":"https:\/\/www.anovapeneira.gal\/#\/schema\/person\/424dfe65e3070fd8a44d22d2c088762a"},"headline":"Xoan Carlos Montes Bugar\u00edn \u201c Calis\u201d alcalde de Mondariz","datePublished":"2024-06-19T10:00:34+00:00","mainEntityOfPage":{"@id":"https:\/\/www.anovapeneira.gal\/index.php\/2024\/06\/19\/xoan-carlos-montes-bugarin-calis-alcalde-de-mondariz-2\/"},"wordCount":1737,"commentCount":0,"publisher":{"@id":"https:\/\/www.anovapeneira.gal\/#organization"},"image":{"@id":"https:\/\/www.anovapeneira.gal\/index.php\/2024\/06\/19\/xoan-carlos-montes-bugarin-calis-alcalde-de-mondariz-2\/#primaryimage"},"thumbnailUrl":"https:\/\/www.anovapeneira.gal\/wp-content\/uploads\/2024\/06\/calis.png","keywords":["Concello de Mondariz"],"articleSection":["Condado"],"inLanguage":"gl-ES","potentialAction":[{"@type":"CommentAction","name":"Comment","target":["https:\/\/www.anovapeneira.gal\/index.php\/2024\/06\/19\/xoan-carlos-montes-bugarin-calis-alcalde-de-mondariz-2\/#respond"]}]},{"@type":"WebPage","@id":"https:\/\/www.anovapeneira.gal\/index.php\/2024\/06\/19\/xoan-carlos-montes-bugarin-calis-alcalde-de-mondariz-2\/","url":"https:\/\/www.anovapeneira.gal\/index.php\/2024\/06\/19\/xoan-carlos-montes-bugarin-calis-alcalde-de-mondariz-2\/","name":"Xoan Carlos Montes Bugar\u00edn \u201c Calis\u201d alcalde de Mondariz -","isPartOf":{"@id":"https:\/\/www.anovapeneira.gal\/#website"},"primaryImageOfPage":{"@id":"https:\/\/www.anovapeneira.gal\/index.php\/2024\/06\/19\/xoan-carlos-montes-bugarin-calis-alcalde-de-mondariz-2\/#primaryimage"},"image":{"@id":"https:\/\/www.anovapeneira.gal\/index.php\/2024\/06\/19\/xoan-carlos-montes-bugarin-calis-alcalde-de-mondariz-2\/#primaryimage"},"thumbnailUrl":"https:\/\/www.anovapeneira.gal\/wp-content\/uploads\/2024\/06\/calis.png","datePublished":"2024-06-19T10:00:34+00:00","breadcrumb":{"@id":"https:\/\/www.anovapeneira.gal\/index.php\/2024\/06\/19\/xoan-carlos-montes-bugarin-calis-alcalde-de-mondariz-2\/#breadcrumb"},"inLanguage":"gl-ES","potentialAction":[{"@type":"ReadAction","target":["https:\/\/www.anovapeneira.gal\/index.php\/2024\/06\/19\/xoan-carlos-montes-bugarin-calis-alcalde-de-mondariz-2\/"]}]},{"@type":"ImageObject","inLanguage":"gl-ES","@id":"https:\/\/www.anovapeneira.gal\/index.php\/2024\/06\/19\/xoan-carlos-montes-bugarin-calis-alcalde-de-mondariz-2\/#primaryimage","url":"https:\/\/www.anovapeneira.gal\/wp-content\/uploads\/2024\/06\/calis.png","contentUrl":"https:\/\/www.anovapeneira.gal\/wp-content\/uploads\/2024\/06\/calis.png","width":720,"height":432,"caption":"Calis"},{"@type":"BreadcrumbList","@id":"https:\/\/www.anovapeneira.gal\/index.php\/2024\/06\/19\/xoan-carlos-montes-bugarin-calis-alcalde-de-mondariz-2\/#breadcrumb","itemListElement":[{"@type":"ListItem","position":1,"name":"Portada","item":"https:\/\/www.anovapeneira.gal\/"},{"@type":"ListItem","position":2,"name":"Xoan Carlos Montes Bugar\u00edn \u201c Calis\u201d alcalde de Mondariz"}]},{"@type":"WebSite","@id":"https:\/\/www.anovapeneira.gal\/#website","url":"https:\/\/www.anovapeneira.gal\/","name":"","description":"Xornal galego de informaci\u00f3n xeral Publicaci\u00f3n mensual de novas de Galicia e en especial dos Concellos da sur da provincia de Pontevedra.","publisher":{"@id":"https:\/\/www.anovapeneira.gal\/#organization"},"potentialAction":[{"@type":"SearchAction","target":{"@type":"EntryPoint","urlTemplate":"https:\/\/www.anovapeneira.gal\/?s={search_term_string}"},"query-input":{"@type":"PropertyValueSpecification","valueRequired":true,"valueName":"search_term_string"}}],"inLanguage":"gl-ES"},{"@type":"Organization","@id":"https:\/\/www.anovapeneira.gal\/#organization","name":"A Nova Peneira","url":"https:\/\/www.anovapeneira.gal\/","logo":{"@type":"ImageObject","inLanguage":"gl-ES","@id":"https:\/\/www.anovapeneira.gal\/#\/schema\/logo\/image\/","url":"http:\/\/www.anovapeneira.gal\/wp-content\/uploads\/2019\/06\/logo_a_nova_peneira_portal_web.png","contentUrl":"http:\/\/www.anovapeneira.gal\/wp-content\/uploads\/2019\/06\/logo_a_nova_peneira_portal_web.png","width":300,"height":100,"caption":"A Nova Peneira"},"image":{"@id":"https:\/\/www.anovapeneira.gal\/#\/schema\/logo\/image\/"},"sameAs":["https:\/\/www.facebook.com\/anovapeneira","https:\/\/x.com\/APeneira"]},{"@type":"Person","@id":"https:\/\/www.anovapeneira.gal\/#\/schema\/person\/424dfe65e3070fd8a44d22d2c088762a","name":"Tino Lago","image":{"@type":"ImageObject","inLanguage":"gl-ES","@id":"https:\/\/secure.gravatar.com\/avatar\/b3df6a06e44bab3111583b90f0f33a0379ee5e3d22cbadd232d39f21c30c62be?s=96&d=mm&r=g","url":"https:\/\/secure.gravatar.com\/avatar\/b3df6a06e44bab3111583b90f0f33a0379ee5e3d22cbadd232d39f21c30c62be?s=96&d=mm&r=g","contentUrl":"https:\/\/secure.gravatar.com\/avatar\/b3df6a06e44bab3111583b90f0f33a0379ee5e3d22cbadd232d39f21c30c62be?s=96&d=mm&r=g","caption":"Tino Lago"},"sameAs":["http:\/\/www.anovapeneira.gal"],"url":"https:\/\/www.anovapeneira.gal\/index.php\/author\/director\/"}]}},"jetpack_featured_media_url":"https:\/\/www.anovapeneira.gal\/wp-content\/uploads\/2024\/06\/calis.png","_links":{"self":[{"href":"https:\/\/www.anovapeneira.gal\/index.php\/wp-json\/wp\/v2\/posts\/11916","targetHints":{"allow":["GET"]}}],"collection":[{"href":"https:\/\/www.anovapeneira.gal\/index.php\/wp-json\/wp\/v2\/posts"}],"about":[{"href":"https:\/\/www.anovapeneira.gal\/index.php\/wp-json\/wp\/v2\/types\/post"}],"author":[{"embeddable":true,"href":"https:\/\/www.anovapeneira.gal\/index.php\/wp-json\/wp\/v2\/users\/2"}],"replies":[{"embeddable":true,"href":"https:\/\/www.anovapeneira.gal\/index.php\/wp-json\/wp\/v2\/comments?post=11916"}],"version-history":[{"count":2,"href":"https:\/\/www.anovapeneira.gal\/index.php\/wp-json\/wp\/v2\/posts\/11916\/revisions"}],"predecessor-version":[{"id":11919,"href":"https:\/\/www.anovapeneira.gal\/index.php\/wp-json\/wp\/v2\/posts\/11916\/revisions\/11919"}],"wp:featuredmedia":[{"embeddable":true,"href":"https:\/\/www.anovapeneira.gal\/index.php\/wp-json\/wp\/v2\/media\/11920"}],"wp:attachment":[{"href":"https:\/\/www.anovapeneira.gal\/index.php\/wp-json\/wp\/v2\/media?parent=11916"}],"wp:term":[{"taxonomy":"category","embeddable":true,"href":"https:\/\/www.anovapeneira.gal\/index.php\/wp-json\/wp\/v2\/categories?post=11916"},{"taxonomy":"post_tag","embeddable":true,"href":"https:\/\/www.anovapeneira.gal\/index.php\/wp-json\/wp\/v2\/tags?post=11916"}],"curies":[{"name":"wp","href":"https:\/\/api.w.org\/{rel}","templated":true}]}}