{"id":11921,"date":"2024-06-20T10:00:07","date_gmt":"2024-06-20T08:00:07","guid":{"rendered":"https:\/\/www.anovapeneira.gal\/?p=11921"},"modified":"2024-06-17T10:19:26","modified_gmt":"2024-06-17T08:19:26","slug":"narciso-nores-mecenas-da-guerra-civil","status":"publish","type":"post","link":"https:\/\/www.anovapeneira.gal\/index.php\/2024\/06\/20\/narciso-nores-mecenas-da-guerra-civil\/","title":{"rendered":"Narciso Nores: mecenas da guerra civil"},"content":{"rendered":"\n<pre class=\"wp-block-verse\">Celso Milleiro<\/pre>\n\n\n\n<p>A figura de Narciso Nores Salgado deixou moitas lagoas escuras na historia, para uns foi un fil\u00e1ntropo que fixo fortuna na emigraci\u00f3n, para outros algu\u00e9n que se aproveitou como albacea testamentario de Narciso Orelo. A\u00ednda que desco\u00f1ezo esta parte da s\u00faa biograf\u00eda, hai que subli\u00f1ar que isto \u00faltimo quedou no max\u00edn popular da vila.<\/p>\n\n\n\n<p>En Galiza destacou como empresario da industria enerx\u00e9tica que lle deixou suculentos beneficios econ\u00f3micos. Ostentou cargos no C\u00edrculo Mercantil Industrial e de Propietarios de Mar\u00edn e na Sociedade de Exploradores, entre outras.<\/p>\n\n\n\n<p>Mais Nores era ante todo unha persoa de fondas convicci\u00f3ns conservadoras e cristi\u00e1ns, exercendo como Presidente do Padroado Cat\u00f3lico de Mar\u00edn nos primeiros anos de comezos do s\u00e9culo XX, co que pon en marcha unha cruzada contra a expansi\u00f3n evanx\u00e9lica no concello. Nesta etapa constr\u00faese o actual colexio da Inmaculada para nenas, co obxectivo de contrarrestar o \u00e9xito das escolas evanx\u00e9licas na poboaci\u00f3n e sae o semanario El Bien que actuar\u00e1 como acicate contra o protestantismo, a m\u00e1is do intento de constru\u00edr unha nova igrexa cat\u00f3lica que foi todo un fracaso pese ao aporte econ\u00f3mico recibido.<\/p>\n\n\n\n<p>Na pol\u00edtica levoulle exercer como Alcalde de Mar\u00edn, intre no que se decata da fortaleza con que as ideas socialistas \u00edan impregnando paseni\u00f1amente a sociedade local, batendo co seus ideais propios, polo que aceptou o cargo co fin de parar o avance dos seus inimigos pol\u00edticos.<\/p>\n\n\n\n<p>Para contrarrestar o medre do socialismo, levoulle \u00e1 necesidade de constru\u00edr un colexio que tivese como obxectivo influ\u00edr no pensamento das xeraci\u00f3ns vindeiras. Esta \u00e9 a raz\u00f3n pola que funda o Colexio San Narciso na d\u00e9cada dos anos 20, e onde se crea a comezos dos anos 30 a Xuventude Cat\u00f3lica, do que ser\u00eda nomeado Presidente Honorario en 1932, e tempo despois a conservadora e pol\u00edtica Xuventude de Acci\u00f3n Popular, adscrita \u00e1 CEDA.<\/p>\n\n\n\n<p>Deste centro escolar sa\u00edron os primeiros militantes da Falanxe Espa\u00f1ola, sendo o lugar onde se organizou, conxuntamente co Pol\u00edgono de Tiro Naval Janer, o golpe de estado de 1936 en Mar\u00edn e na comarca. Para axudar economicamente aos sublevados contra o r\u00e9xime democr\u00e1tico da II Rep\u00fablica Espa\u00f1ola, Nores fixo doaz\u00f3ns que pasaron das 27.000 das antigas pesetas, po\u00f1endo a disposici\u00f3n todos os seus veh\u00edculos e outros materiais para reforzar o golpe e a ca\u00edda do goberno lex\u00edtimo.<\/p>\n\n\n\n<p>Narciso Nores era un ultra cat\u00f3lico que loitou contra o socialismo, as s\u00faas acci\u00f3ns son cuesti\u00f3ns fundamentais para entender e comprender o Mar\u00edn actual, con todo o armaz\u00f3n pol\u00edtico, social e cultural do Concello que vai desde os anos trinta at\u00e9 hoxe, as\u00ed como a raz\u00f3n da existencia do ensino privado de tendencia cat\u00f3lica que na actualidade existe no concello.<\/p>\n","protected":false},"excerpt":{"rendered":"<div class=\"mh-excerpt\"><p>A figura de Narciso Nores Salgado deixou moitas lagoas escuras na historia, para uns foi un fil\u00e1ntropo que fixo fortuna na emigraci\u00f3n, para outros algu\u00e9n que se aproveitou como albacea testamentario de Narciso Orelo <a class=\"mh-excerpt-more\" href=\"https:\/\/www.anovapeneira.gal\/index.php\/2024\/06\/20\/narciso-nores-mecenas-da-guerra-civil\/\" title=\"Narciso Nores: mecenas da guerra civil\">[&#8230;]<\/a><\/p>\n<\/div>","protected":false},"author":12,"featured_media":11922,"comment_status":"open","ping_status":"open","sticky":false,"template":"","format":"standard","meta":{"_exactmetrics_skip_tracking":false,"_exactmetrics_sitenote_active":false,"_exactmetrics_sitenote_note":"","_exactmetrics_sitenote_category":0,"footnotes":""},"categories":[7],"tags":[],"class_list":{"0":"post-11921","1":"post","2":"type-post","3":"status-publish","4":"format-standard","5":"has-post-thumbnail","7":"category-artigos-de-opinion"},"yoast_head":"<!-- This site is optimized with the Yoast SEO plugin v27.4 - https:\/\/yoast.com\/product\/yoast-seo-wordpress\/ -->\n<title>Narciso Nores: mecenas da guerra civil -<\/title>\n<meta name=\"robots\" content=\"index, follow, max-snippet:-1, max-image-preview:large, max-video-preview:-1\" \/>\n<link rel=\"canonical\" href=\"https:\/\/www.anovapeneira.gal\/index.php\/2024\/06\/20\/narciso-nores-mecenas-da-guerra-civil\/\" \/>\n<meta property=\"og:locale\" content=\"gl_ES\" \/>\n<meta property=\"og:type\" content=\"article\" \/>\n<meta property=\"og:title\" content=\"Narciso Nores: mecenas da guerra civil -\" \/>\n<meta property=\"og:description\" content=\"A figura de Narciso Nores Salgado deixou moitas lagoas escuras na historia, para uns foi un fil\u00e1ntropo que fixo fortuna na emigraci\u00f3n, para outros algu\u00e9n que se aproveitou como albacea testamentario de Narciso Orelo [...]\" \/>\n<meta property=\"og:url\" content=\"https:\/\/www.anovapeneira.gal\/index.php\/2024\/06\/20\/narciso-nores-mecenas-da-guerra-civil\/\" \/>\n<meta property=\"article:publisher\" content=\"https:\/\/www.facebook.com\/anovapeneira\" \/>\n<meta property=\"article:published_time\" content=\"2024-06-20T08:00:07+00:00\" \/>\n<meta property=\"og:image\" content=\"https:\/\/www.anovapeneira.gal\/wp-content\/uploads\/2024\/06\/narciso_nores_salgado.png\" \/>\n\t<meta property=\"og:image:width\" content=\"720\" \/>\n\t<meta property=\"og:image:height\" content=\"432\" \/>\n\t<meta property=\"og:image:type\" content=\"image\/png\" \/>\n<meta name=\"author\" content=\"Artigos Opini\u00f3n\" \/>\n<meta name=\"twitter:card\" content=\"summary_large_image\" \/>\n<meta name=\"twitter:creator\" content=\"@APeneira\" \/>\n<meta name=\"twitter:site\" content=\"@APeneira\" \/>\n<meta name=\"twitter:label1\" content=\"Escrito por\" \/>\n\t<meta name=\"twitter:data1\" content=\"Artigos Opini\u00f3n\" \/>\n\t<meta name=\"twitter:label2\" content=\"Tempo de lectura\" \/>\n\t<meta name=\"twitter:data2\" content=\"3 minutos\" \/>\n<script type=\"application\/ld+json\" class=\"yoast-schema-graph\">{\"@context\":\"https:\\\/\\\/schema.org\",\"@graph\":[{\"@type\":\"Article\",\"@id\":\"https:\\\/\\\/www.anovapeneira.gal\\\/index.php\\\/2024\\\/06\\\/20\\\/narciso-nores-mecenas-da-guerra-civil\\\/#article\",\"isPartOf\":{\"@id\":\"https:\\\/\\\/www.anovapeneira.gal\\\/index.php\\\/2024\\\/06\\\/20\\\/narciso-nores-mecenas-da-guerra-civil\\\/\"},\"author\":{\"name\":\"Artigos Opini\u00f3n\",\"@id\":\"https:\\\/\\\/www.anovapeneira.gal\\\/#\\\/schema\\\/person\\\/f18a4feb302e8f20bcef4490b5b60bb3\"},\"headline\":\"Narciso Nores: mecenas da guerra civil\",\"datePublished\":\"2024-06-20T08:00:07+00:00\",\"mainEntityOfPage\":{\"@id\":\"https:\\\/\\\/www.anovapeneira.gal\\\/index.php\\\/2024\\\/06\\\/20\\\/narciso-nores-mecenas-da-guerra-civil\\\/\"},\"wordCount\":499,\"commentCount\":1,\"publisher\":{\"@id\":\"https:\\\/\\\/www.anovapeneira.gal\\\/#organization\"},\"image\":{\"@id\":\"https:\\\/\\\/www.anovapeneira.gal\\\/index.php\\\/2024\\\/06\\\/20\\\/narciso-nores-mecenas-da-guerra-civil\\\/#primaryimage\"},\"thumbnailUrl\":\"https:\\\/\\\/www.anovapeneira.gal\\\/wp-content\\\/uploads\\\/2024\\\/06\\\/narciso_nores_salgado.png\",\"articleSection\":[\"Artigos de opini\u00f3n\"],\"inLanguage\":\"gl-ES\",\"potentialAction\":[{\"@type\":\"CommentAction\",\"name\":\"Comment\",\"target\":[\"https:\\\/\\\/www.anovapeneira.gal\\\/index.php\\\/2024\\\/06\\\/20\\\/narciso-nores-mecenas-da-guerra-civil\\\/#respond\"]}]},{\"@type\":\"WebPage\",\"@id\":\"https:\\\/\\\/www.anovapeneira.gal\\\/index.php\\\/2024\\\/06\\\/20\\\/narciso-nores-mecenas-da-guerra-civil\\\/\",\"url\":\"https:\\\/\\\/www.anovapeneira.gal\\\/index.php\\\/2024\\\/06\\\/20\\\/narciso-nores-mecenas-da-guerra-civil\\\/\",\"name\":\"Narciso Nores: mecenas da guerra civil -\",\"isPartOf\":{\"@id\":\"https:\\\/\\\/www.anovapeneira.gal\\\/#website\"},\"primaryImageOfPage\":{\"@id\":\"https:\\\/\\\/www.anovapeneira.gal\\\/index.php\\\/2024\\\/06\\\/20\\\/narciso-nores-mecenas-da-guerra-civil\\\/#primaryimage\"},\"image\":{\"@id\":\"https:\\\/\\\/www.anovapeneira.gal\\\/index.php\\\/2024\\\/06\\\/20\\\/narciso-nores-mecenas-da-guerra-civil\\\/#primaryimage\"},\"thumbnailUrl\":\"https:\\\/\\\/www.anovapeneira.gal\\\/wp-content\\\/uploads\\\/2024\\\/06\\\/narciso_nores_salgado.png\",\"datePublished\":\"2024-06-20T08:00:07+00:00\",\"breadcrumb\":{\"@id\":\"https:\\\/\\\/www.anovapeneira.gal\\\/index.php\\\/2024\\\/06\\\/20\\\/narciso-nores-mecenas-da-guerra-civil\\\/#breadcrumb\"},\"inLanguage\":\"gl-ES\",\"potentialAction\":[{\"@type\":\"ReadAction\",\"target\":[\"https:\\\/\\\/www.anovapeneira.gal\\\/index.php\\\/2024\\\/06\\\/20\\\/narciso-nores-mecenas-da-guerra-civil\\\/\"]}]},{\"@type\":\"ImageObject\",\"inLanguage\":\"gl-ES\",\"@id\":\"https:\\\/\\\/www.anovapeneira.gal\\\/index.php\\\/2024\\\/06\\\/20\\\/narciso-nores-mecenas-da-guerra-civil\\\/#primaryimage\",\"url\":\"https:\\\/\\\/www.anovapeneira.gal\\\/wp-content\\\/uploads\\\/2024\\\/06\\\/narciso_nores_salgado.png\",\"contentUrl\":\"https:\\\/\\\/www.anovapeneira.gal\\\/wp-content\\\/uploads\\\/2024\\\/06\\\/narciso_nores_salgado.png\",\"width\":720,\"height\":432,\"caption\":\"Narciso Nores Salgado\"},{\"@type\":\"BreadcrumbList\",\"@id\":\"https:\\\/\\\/www.anovapeneira.gal\\\/index.php\\\/2024\\\/06\\\/20\\\/narciso-nores-mecenas-da-guerra-civil\\\/#breadcrumb\",\"itemListElement\":[{\"@type\":\"ListItem\",\"position\":1,\"name\":\"Portada\",\"item\":\"https:\\\/\\\/www.anovapeneira.gal\\\/\"},{\"@type\":\"ListItem\",\"position\":2,\"name\":\"Narciso Nores: mecenas da guerra civil\"}]},{\"@type\":\"WebSite\",\"@id\":\"https:\\\/\\\/www.anovapeneira.gal\\\/#website\",\"url\":\"https:\\\/\\\/www.anovapeneira.gal\\\/\",\"name\":\"\",\"description\":\"Xornal galego de informaci\u00f3n xeral Publicaci\u00f3n mensual de novas de Galicia e en especial dos Concellos da sur da provincia de Pontevedra.\",\"publisher\":{\"@id\":\"https:\\\/\\\/www.anovapeneira.gal\\\/#organization\"},\"potentialAction\":[{\"@type\":\"SearchAction\",\"target\":{\"@type\":\"EntryPoint\",\"urlTemplate\":\"https:\\\/\\\/www.anovapeneira.gal\\\/?s={search_term_string}\"},\"query-input\":{\"@type\":\"PropertyValueSpecification\",\"valueRequired\":true,\"valueName\":\"search_term_string\"}}],\"inLanguage\":\"gl-ES\"},{\"@type\":\"Organization\",\"@id\":\"https:\\\/\\\/www.anovapeneira.gal\\\/#organization\",\"name\":\"A Nova Peneira\",\"url\":\"https:\\\/\\\/www.anovapeneira.gal\\\/\",\"logo\":{\"@type\":\"ImageObject\",\"inLanguage\":\"gl-ES\",\"@id\":\"https:\\\/\\\/www.anovapeneira.gal\\\/#\\\/schema\\\/logo\\\/image\\\/\",\"url\":\"http:\\\/\\\/www.anovapeneira.gal\\\/wp-content\\\/uploads\\\/2019\\\/06\\\/logo_a_nova_peneira_portal_web.png\",\"contentUrl\":\"http:\\\/\\\/www.anovapeneira.gal\\\/wp-content\\\/uploads\\\/2019\\\/06\\\/logo_a_nova_peneira_portal_web.png\",\"width\":300,\"height\":100,\"caption\":\"A Nova Peneira\"},\"image\":{\"@id\":\"https:\\\/\\\/www.anovapeneira.gal\\\/#\\\/schema\\\/logo\\\/image\\\/\"},\"sameAs\":[\"https:\\\/\\\/www.facebook.com\\\/anovapeneira\",\"https:\\\/\\\/x.com\\\/APeneira\"]},{\"@type\":\"Person\",\"@id\":\"https:\\\/\\\/www.anovapeneira.gal\\\/#\\\/schema\\\/person\\\/f18a4feb302e8f20bcef4490b5b60bb3\",\"name\":\"Artigos Opini\u00f3n\",\"image\":{\"@type\":\"ImageObject\",\"inLanguage\":\"gl-ES\",\"@id\":\"https:\\\/\\\/secure.gravatar.com\\\/avatar\\\/072844300f4881150aee2da4278f7a65d16eefdf8262eb67085f1e702de2b959?s=96&d=mm&r=g\",\"url\":\"https:\\\/\\\/secure.gravatar.com\\\/avatar\\\/072844300f4881150aee2da4278f7a65d16eefdf8262eb67085f1e702de2b959?s=96&d=mm&r=g\",\"contentUrl\":\"https:\\\/\\\/secure.gravatar.com\\\/avatar\\\/072844300f4881150aee2da4278f7a65d16eefdf8262eb67085f1e702de2b959?s=96&d=mm&r=g\",\"caption\":\"Artigos Opini\u00f3n\"},\"sameAs\":[\"http:\\\/\\\/anovapeneira.gal\"],\"url\":\"https:\\\/\\\/www.anovapeneira.gal\\\/index.php\\\/author\\\/artigosopinion\\\/\"}]}<\/script>\n<!-- \/ Yoast SEO plugin. -->","yoast_head_json":{"title":"Narciso Nores: mecenas da guerra civil -","robots":{"index":"index","follow":"follow","max-snippet":"max-snippet:-1","max-image-preview":"max-image-preview:large","max-video-preview":"max-video-preview:-1"},"canonical":"https:\/\/www.anovapeneira.gal\/index.php\/2024\/06\/20\/narciso-nores-mecenas-da-guerra-civil\/","og_locale":"gl_ES","og_type":"article","og_title":"Narciso Nores: mecenas da guerra civil -","og_description":"A figura de Narciso Nores Salgado deixou moitas lagoas escuras na historia, para uns foi un fil\u00e1ntropo que fixo fortuna na emigraci\u00f3n, para outros algu\u00e9n que se aproveitou como albacea testamentario de Narciso Orelo [...]","og_url":"https:\/\/www.anovapeneira.gal\/index.php\/2024\/06\/20\/narciso-nores-mecenas-da-guerra-civil\/","article_publisher":"https:\/\/www.facebook.com\/anovapeneira","article_published_time":"2024-06-20T08:00:07+00:00","og_image":[{"width":720,"height":432,"url":"https:\/\/www.anovapeneira.gal\/wp-content\/uploads\/2024\/06\/narciso_nores_salgado.png","type":"image\/png"}],"author":"Artigos Opini\u00f3n","twitter_card":"summary_large_image","twitter_creator":"@APeneira","twitter_site":"@APeneira","twitter_misc":{"Escrito por":"Artigos Opini\u00f3n","Tempo de lectura":"3 minutos"},"schema":{"@context":"https:\/\/schema.org","@graph":[{"@type":"Article","@id":"https:\/\/www.anovapeneira.gal\/index.php\/2024\/06\/20\/narciso-nores-mecenas-da-guerra-civil\/#article","isPartOf":{"@id":"https:\/\/www.anovapeneira.gal\/index.php\/2024\/06\/20\/narciso-nores-mecenas-da-guerra-civil\/"},"author":{"name":"Artigos Opini\u00f3n","@id":"https:\/\/www.anovapeneira.gal\/#\/schema\/person\/f18a4feb302e8f20bcef4490b5b60bb3"},"headline":"Narciso Nores: mecenas da guerra civil","datePublished":"2024-06-20T08:00:07+00:00","mainEntityOfPage":{"@id":"https:\/\/www.anovapeneira.gal\/index.php\/2024\/06\/20\/narciso-nores-mecenas-da-guerra-civil\/"},"wordCount":499,"commentCount":1,"publisher":{"@id":"https:\/\/www.anovapeneira.gal\/#organization"},"image":{"@id":"https:\/\/www.anovapeneira.gal\/index.php\/2024\/06\/20\/narciso-nores-mecenas-da-guerra-civil\/#primaryimage"},"thumbnailUrl":"https:\/\/www.anovapeneira.gal\/wp-content\/uploads\/2024\/06\/narciso_nores_salgado.png","articleSection":["Artigos de opini\u00f3n"],"inLanguage":"gl-ES","potentialAction":[{"@type":"CommentAction","name":"Comment","target":["https:\/\/www.anovapeneira.gal\/index.php\/2024\/06\/20\/narciso-nores-mecenas-da-guerra-civil\/#respond"]}]},{"@type":"WebPage","@id":"https:\/\/www.anovapeneira.gal\/index.php\/2024\/06\/20\/narciso-nores-mecenas-da-guerra-civil\/","url":"https:\/\/www.anovapeneira.gal\/index.php\/2024\/06\/20\/narciso-nores-mecenas-da-guerra-civil\/","name":"Narciso Nores: mecenas da guerra civil -","isPartOf":{"@id":"https:\/\/www.anovapeneira.gal\/#website"},"primaryImageOfPage":{"@id":"https:\/\/www.anovapeneira.gal\/index.php\/2024\/06\/20\/narciso-nores-mecenas-da-guerra-civil\/#primaryimage"},"image":{"@id":"https:\/\/www.anovapeneira.gal\/index.php\/2024\/06\/20\/narciso-nores-mecenas-da-guerra-civil\/#primaryimage"},"thumbnailUrl":"https:\/\/www.anovapeneira.gal\/wp-content\/uploads\/2024\/06\/narciso_nores_salgado.png","datePublished":"2024-06-20T08:00:07+00:00","breadcrumb":{"@id":"https:\/\/www.anovapeneira.gal\/index.php\/2024\/06\/20\/narciso-nores-mecenas-da-guerra-civil\/#breadcrumb"},"inLanguage":"gl-ES","potentialAction":[{"@type":"ReadAction","target":["https:\/\/www.anovapeneira.gal\/index.php\/2024\/06\/20\/narciso-nores-mecenas-da-guerra-civil\/"]}]},{"@type":"ImageObject","inLanguage":"gl-ES","@id":"https:\/\/www.anovapeneira.gal\/index.php\/2024\/06\/20\/narciso-nores-mecenas-da-guerra-civil\/#primaryimage","url":"https:\/\/www.anovapeneira.gal\/wp-content\/uploads\/2024\/06\/narciso_nores_salgado.png","contentUrl":"https:\/\/www.anovapeneira.gal\/wp-content\/uploads\/2024\/06\/narciso_nores_salgado.png","width":720,"height":432,"caption":"Narciso Nores Salgado"},{"@type":"BreadcrumbList","@id":"https:\/\/www.anovapeneira.gal\/index.php\/2024\/06\/20\/narciso-nores-mecenas-da-guerra-civil\/#breadcrumb","itemListElement":[{"@type":"ListItem","position":1,"name":"Portada","item":"https:\/\/www.anovapeneira.gal\/"},{"@type":"ListItem","position":2,"name":"Narciso Nores: mecenas da guerra civil"}]},{"@type":"WebSite","@id":"https:\/\/www.anovapeneira.gal\/#website","url":"https:\/\/www.anovapeneira.gal\/","name":"","description":"Xornal galego de informaci\u00f3n xeral Publicaci\u00f3n mensual de novas de Galicia e en especial dos Concellos da sur da provincia de Pontevedra.","publisher":{"@id":"https:\/\/www.anovapeneira.gal\/#organization"},"potentialAction":[{"@type":"SearchAction","target":{"@type":"EntryPoint","urlTemplate":"https:\/\/www.anovapeneira.gal\/?s={search_term_string}"},"query-input":{"@type":"PropertyValueSpecification","valueRequired":true,"valueName":"search_term_string"}}],"inLanguage":"gl-ES"},{"@type":"Organization","@id":"https:\/\/www.anovapeneira.gal\/#organization","name":"A Nova Peneira","url":"https:\/\/www.anovapeneira.gal\/","logo":{"@type":"ImageObject","inLanguage":"gl-ES","@id":"https:\/\/www.anovapeneira.gal\/#\/schema\/logo\/image\/","url":"http:\/\/www.anovapeneira.gal\/wp-content\/uploads\/2019\/06\/logo_a_nova_peneira_portal_web.png","contentUrl":"http:\/\/www.anovapeneira.gal\/wp-content\/uploads\/2019\/06\/logo_a_nova_peneira_portal_web.png","width":300,"height":100,"caption":"A Nova Peneira"},"image":{"@id":"https:\/\/www.anovapeneira.gal\/#\/schema\/logo\/image\/"},"sameAs":["https:\/\/www.facebook.com\/anovapeneira","https:\/\/x.com\/APeneira"]},{"@type":"Person","@id":"https:\/\/www.anovapeneira.gal\/#\/schema\/person\/f18a4feb302e8f20bcef4490b5b60bb3","name":"Artigos Opini\u00f3n","image":{"@type":"ImageObject","inLanguage":"gl-ES","@id":"https:\/\/secure.gravatar.com\/avatar\/072844300f4881150aee2da4278f7a65d16eefdf8262eb67085f1e702de2b959?s=96&d=mm&r=g","url":"https:\/\/secure.gravatar.com\/avatar\/072844300f4881150aee2da4278f7a65d16eefdf8262eb67085f1e702de2b959?s=96&d=mm&r=g","contentUrl":"https:\/\/secure.gravatar.com\/avatar\/072844300f4881150aee2da4278f7a65d16eefdf8262eb67085f1e702de2b959?s=96&d=mm&r=g","caption":"Artigos Opini\u00f3n"},"sameAs":["http:\/\/anovapeneira.gal"],"url":"https:\/\/www.anovapeneira.gal\/index.php\/author\/artigosopinion\/"}]}},"jetpack_featured_media_url":"https:\/\/www.anovapeneira.gal\/wp-content\/uploads\/2024\/06\/narciso_nores_salgado.png","_links":{"self":[{"href":"https:\/\/www.anovapeneira.gal\/index.php\/wp-json\/wp\/v2\/posts\/11921","targetHints":{"allow":["GET"]}}],"collection":[{"href":"https:\/\/www.anovapeneira.gal\/index.php\/wp-json\/wp\/v2\/posts"}],"about":[{"href":"https:\/\/www.anovapeneira.gal\/index.php\/wp-json\/wp\/v2\/types\/post"}],"author":[{"embeddable":true,"href":"https:\/\/www.anovapeneira.gal\/index.php\/wp-json\/wp\/v2\/users\/12"}],"replies":[{"embeddable":true,"href":"https:\/\/www.anovapeneira.gal\/index.php\/wp-json\/wp\/v2\/comments?post=11921"}],"version-history":[{"count":1,"href":"https:\/\/www.anovapeneira.gal\/index.php\/wp-json\/wp\/v2\/posts\/11921\/revisions"}],"predecessor-version":[{"id":11923,"href":"https:\/\/www.anovapeneira.gal\/index.php\/wp-json\/wp\/v2\/posts\/11921\/revisions\/11923"}],"wp:featuredmedia":[{"embeddable":true,"href":"https:\/\/www.anovapeneira.gal\/index.php\/wp-json\/wp\/v2\/media\/11922"}],"wp:attachment":[{"href":"https:\/\/www.anovapeneira.gal\/index.php\/wp-json\/wp\/v2\/media?parent=11921"}],"wp:term":[{"taxonomy":"category","embeddable":true,"href":"https:\/\/www.anovapeneira.gal\/index.php\/wp-json\/wp\/v2\/categories?post=11921"},{"taxonomy":"post_tag","embeddable":true,"href":"https:\/\/www.anovapeneira.gal\/index.php\/wp-json\/wp\/v2\/tags?post=11921"}],"curies":[{"name":"wp","href":"https:\/\/api.w.org\/{rel}","templated":true}]}}