{"id":11934,"date":"2024-06-21T12:00:37","date_gmt":"2024-06-21T10:00:37","guid":{"rendered":"https:\/\/www.anovapeneira.gal\/?p=11934"},"modified":"2024-06-19T10:02:01","modified_gmt":"2024-06-19T08:02:01","slug":"fatima-rodriguez-voceira-do-psoe-de-a-guarda-2","status":"publish","type":"post","link":"https:\/\/www.anovapeneira.gal\/index.php\/2024\/06\/21\/fatima-rodriguez-voceira-do-psoe-de-a-guarda-2\/","title":{"rendered":"F\u00e1tima Rodr\u00edguez voceira do PSOE de A Guarda"},"content":{"rendered":"\n<p><strong>Os socialistas de A Guarda recibiron nas \u00faltimas municipais unha mensaxe moi clara da cidadan\u00eda guardesa: Fin de ciclo. Seica o entenderon ben e inician un novo proxecto liderado por unha muller nova que afronta a s\u00faa tarefa con moita ilusi\u00f3n e responsabilidade. Ela \u00e9 F\u00e1tima Rodr\u00edguez. E n\u00f3s conversamos con ela para co\u00f1ecer a s\u00faa valoraci\u00f3n deste primeiro ano do goberno do PP en coalici\u00f3n coa ultra esquerda de A Guarda.<\/strong><\/p>\n\n\n\n<p>\u201c <strong>Neste primeiro ano a valoraci\u00f3n do goberno de A Guarda \u00e9 de suspenso rotundo\u201d<\/strong><\/p>\n\n\n\n<p><strong>O mandato actual ven de cumprir o seu primeiro ano. Como valoras esta primeira experiencia como voceira dos e das socialistas guardeses?<\/strong><\/p>\n\n\n\n<blockquote class=\"wp-block-quote is-layout-flow wp-block-quote-is-layout-flow\">\n<p>A mi\u00f1a valoraci\u00f3n persoal \u00e9 positiva. E a principal raz\u00f3n pola que \u00e9 positiva \u00e9 porque a valoraci\u00f3n acerca do equipo de compa\u00f1eiras e compa\u00f1eiros que me acompa\u00f1an \u00e9 magn\u00edfica. Tomamos nota da mensaxe do pobo de A Guarda e estamos na oposici\u00f3n, no lugar que a vontade soberana das urnas nos colocou, cun \u00fanico horizonte: Traballar polo ben com\u00fan do pobo de A Guarda.<\/p>\n<\/blockquote>\n\n\n\n<p><strong>Sobre as elecci\u00f3ns, cal \u00e9 a t\u00faa opini\u00f3n acerca dos resultados na Guarda das ultimas europeas?<\/strong><\/p>\n\n\n\n<blockquote class=\"wp-block-quote is-layout-flow wp-block-quote-is-layout-flow\">\n<p>Ben, volvemos ser segunda forza. E parece que para o socialismo de A Guarda se albisca a luz ao final do t\u00fanel. Estou ilusionada e esperanzada, penso que iniciamos unha tendencia \u00e1 alza que acabar\u00e1 por facernos recuperar a confianza da maior\u00eda social guardesa.<\/p>\n<\/blockquote>\n\n\n\n<p><strong>Ben, e agora t\u00f3cache valorar a acci\u00f3n de goberno deste estra\u00f1o equipo que forman o PP e unha persoa que presuntamente \u00e9 de ultra esquerda?<\/strong><\/p>\n\n\n\n<blockquote class=\"wp-block-quote is-layout-flow wp-block-quote-is-layout-flow\">\n<p>Con total claridade quero dicir que a valoraci\u00f3n deste goberno \u00e9 a de suspenso rotundo.<\/p>\n<\/blockquote>\n\n\n\n<p><strong>Por que?<\/strong><\/p>\n\n\n\n<blockquote class=\"wp-block-quote is-layout-flow wp-block-quote-is-layout-flow\">\n<p>Por tres motivos:<\/p>\n<\/blockquote>\n\n\n\n<blockquote class=\"wp-block-quote is-layout-flow wp-block-quote-is-layout-flow\">\n<p>-Carecen dun modelo de vila para A Guarda. Non hai nin un obxectivo ao que chegar, nin plan o modelo alg\u00fan para desenvolver. Lim\u00edtanse a xestionar como poden, e para iso mal, o d\u00eda a d\u00eda.<\/p>\n<\/blockquote>\n\n\n\n<blockquote class=\"wp-block-quote is-layout-flow wp-block-quote-is-layout-flow\">\n<p>-A inacci\u00f3n pol\u00edtica est\u00e1 \u00e1 orde do d\u00eda.<\/p>\n<\/blockquote>\n\n\n\n<blockquote class=\"wp-block-quote is-layout-flow wp-block-quote-is-layout-flow\">\n<p>-Cando si hai acci\u00f3n, a ineficacia e a neglixencia son as s\u00faas caracter\u00edsticas m\u00e1is significativas.<\/p>\n<\/blockquote>\n\n\n\n<p><strong>Alg\u00fan exemplo desa suposta neglixencia?<\/strong><\/p>\n\n\n\n<blockquote class=\"wp-block-quote is-layout-flow wp-block-quote-is-layout-flow\">\n<p>Levan perdidos cerca de 600.000\u20ac en subvenci\u00f3ns. E non \u00e9 que tiveran que facer nada, son subvenci\u00f3ns que n\u00f3s lle deixamos conseguidas. Pero a s\u00faa manifesta incompetencia fixo que o pobo de A Guarda perda ese di\u00f1eiro. De feito acaban de perder unha subvenci\u00f3n moi importante para un proxecto de dinamizaci\u00f3n comercial cuxa principal actuaci\u00f3n \u00eda ser na praza de abastos.<\/p>\n<\/blockquote>\n\n\n\n<p><strong>E por que se perdeu esa subvenci\u00f3n?<\/strong><\/p>\n\n\n\n<blockquote class=\"wp-block-quote is-layout-flow wp-block-quote-is-layout-flow\">\n<p>O alcalde renunciou a ela. Alude a que carece de partida para facer fronte \u00e1 achega municipal. Pero poder\u00eda tela quitado doutro sitio sen problema, simplemente non quixo.<\/p>\n<\/blockquote>\n\n\n\n<p><strong>V\u00f3s tedes denunciado nas vosas redes sociais que a limpeza da Guarda \u00e9 deficiente. Neste terreo tam\u00e9n suspende o goberno municipal?<\/strong><\/p>\n\n\n\n<blockquote class=\"wp-block-quote is-layout-flow wp-block-quote-is-layout-flow\">\n<p>Cando o partido socialista gobernaba na Guarda, o PP na oposici\u00f3n, fixo demagoxia de maneira sistem\u00e1tica con este tema. Quen non lembra os famosos v\u00eddeos de Carrero?.A min venme \u00e1 memoria aquel na alameda no que se laiaba de que houbese 4 lastras soltas, pois agora mesmo, a 12 de xu\u00f1o do 2024, hai m\u00e1is de 40 que est\u00e1n en mal estado. As\u00ed como cho digo, m\u00e1is de 40.Ese \u00e9 un caso particular, pero en xeral as deficiencias en limpeza e mantemento, neste ano de mandato do alcalde Carrero, son m\u00e1is que notables.<\/p>\n<\/blockquote>\n\n\n\n<p><strong>O goberno actual acusouvos de ter deixado unha moi mala situaci\u00f3n econ\u00f3mica. Aquela acusaci\u00f3n era unha trola?<\/strong><\/p>\n\n\n\n<blockquote class=\"wp-block-quote is-layout-flow wp-block-quote-is-layout-flow\">\n<p>\u00c9 uha trola absoluta, unha mentira sen ning\u00fan tipo de matiz. E non \u00e9 que o digamos n\u00f3s , \u00e9 o que di a conta xeral. F\u00edxate: a 31\/12 do 23 o saldo en bancos do concello era de 3.270.640\u20ac.O saldo orzamentario foi positivo en 962.012\u20ac.O remanente de tesourer\u00eda foi de 1.711.762\u20ac.Ese remanente vai poder ser aproveitado por este goberno para financiar obras e investimentos. Dicir que deixamos a A Guarda en mala situaci\u00f3n econ\u00f3mica simplemente non se sost\u00e9n, \u00e9 un disparate e os n\u00fameros amosan que non ten nada que ver coa realidade.<\/p>\n<\/blockquote>\n\n\n\n<p><strong>Cales son as actuaci\u00f3ns m\u00e1is urxentes que precisa A Guarda a xu\u00edzo do partido socialista?<\/strong><\/p>\n\n\n\n<blockquote class=\"wp-block-quote is-layout-flow wp-block-quote-is-layout-flow\">\n<p>-A conexi\u00f3n con Caminha<\/p>\n<\/blockquote>\n\n\n\n<blockquote class=\"wp-block-quote is-layout-flow wp-block-quote-is-layout-flow\">\n<p>-O acceso sur ao porto<\/p>\n<\/blockquote>\n\n\n\n<blockquote class=\"wp-block-quote is-layout-flow wp-block-quote-is-layout-flow\">\n<p>-Mellorar substancialmente a limpeza e o mantemento<\/p>\n<\/blockquote>\n\n\n\n<blockquote class=\"wp-block-quote is-layout-flow wp-block-quote-is-layout-flow\">\n<p>E sobre todo e ante todo dese\u00f1ar un modelo de vila e trazar un plan para executalo. Que modelo de A Guarda Queremos?, Como imos chegar a el?&#8230;A resposta a estas d\u00faas preguntas na Guarda de Roberto Carrero por desgraza \u00e9: Nin se sabe.<\/p>\n<\/blockquote>\n\n\n\n<p><strong>Na recepci\u00f3n do Concello ao Atl\u00e9tico Guard\u00e9s fostes convidados?<\/strong><\/p>\n\n\n\n<blockquote class=\"wp-block-quote is-layout-flow wp-block-quote-is-layout-flow\">\n<p>Non, non fomos convidados nin n\u00f3s nin o BNG. E que amosa esta lamentable actitude? Pois que este goberno al\u00e9n de suspender en xesti\u00f3n tam\u00e9n suspende, pero suspende claramente, en calidade democr\u00e1tica. A vontade de integrar e de procurar consensos do alcalde actual \u00e9 inexistente. Non nos chaman nunca e non nos preguntan opini\u00f3n acerca de nada.<\/p>\n<\/blockquote>\n\n\n\n<p><strong>Por que votastes en contra do orzamento?<\/strong><\/p>\n\n\n\n<blockquote class=\"wp-block-quote is-layout-flow wp-block-quote-is-layout-flow\">\n<p>\u00c9 un orzamento insuficiente para abordar as necesidades m\u00e1is urxentes de A Guarda.<\/p>\n<\/blockquote>\n\n\n\n<p><strong>Como est\u00e1 a situaci\u00f3n sanitaria na Guarda?<\/strong><\/p>\n\n\n\n<blockquote class=\"wp-block-quote is-layout-flow wp-block-quote-is-layout-flow\">\n<p>Mal, segue mal. E a Xunta nin est\u00e1 nin se lle espera.<\/p>\n<\/blockquote>\n","protected":false},"excerpt":{"rendered":"<div class=\"mh-excerpt\"><p>Os socialistas de A Guarda recibiron nas \u00faltimas municipais unha mensaxe moi clara da cidadan\u00eda guardesa: Fin de ciclo. Seica o entenderon ben e inician un novo proxecto liderado por unha muller nova que afronta a s\u00faa tarefa con moita ilusi\u00f3n e responsabilidade <a class=\"mh-excerpt-more\" href=\"https:\/\/www.anovapeneira.gal\/index.php\/2024\/06\/21\/fatima-rodriguez-voceira-do-psoe-de-a-guarda-2\/\" title=\"F\u00e1tima Rodr\u00edguez voceira do PSOE de A Guarda\">[&#8230;]<\/a><\/p>\n<\/div>","protected":false},"author":2,"featured_media":11935,"comment_status":"open","ping_status":"open","sticky":false,"template":"","format":"standard","meta":{"_exactmetrics_skip_tracking":false,"_exactmetrics_sitenote_active":false,"_exactmetrics_sitenote_note":"","_exactmetrics_sitenote_category":0,"footnotes":""},"categories":[266],"tags":[238],"class_list":{"0":"post-11934","1":"post","2":"type-post","3":"status-publish","4":"format-standard","5":"has-post-thumbnail","7":"category-baixo-mino-entrevistas","8":"tag-concello-da-guarda"},"yoast_head":"<!-- This site is optimized with the Yoast SEO plugin v27.4 - https:\/\/yoast.com\/product\/yoast-seo-wordpress\/ -->\n<title>F\u00e1tima Rodr\u00edguez voceira do PSOE de A Guarda -<\/title>\n<meta name=\"robots\" content=\"index, follow, max-snippet:-1, max-image-preview:large, max-video-preview:-1\" \/>\n<link rel=\"canonical\" href=\"https:\/\/www.anovapeneira.gal\/index.php\/2024\/06\/21\/fatima-rodriguez-voceira-do-psoe-de-a-guarda-2\/\" \/>\n<meta property=\"og:locale\" content=\"gl_ES\" \/>\n<meta property=\"og:type\" content=\"article\" \/>\n<meta property=\"og:title\" content=\"F\u00e1tima Rodr\u00edguez voceira do PSOE de A Guarda -\" \/>\n<meta property=\"og:description\" content=\"Os socialistas de A Guarda recibiron nas \u00faltimas municipais unha mensaxe moi clara da cidadan\u00eda guardesa: Fin de ciclo. Seica o entenderon ben e inician un novo proxecto liderado por unha muller nova que afronta a s\u00faa tarefa con moita ilusi\u00f3n e responsabilidade [...]\" \/>\n<meta property=\"og:url\" content=\"https:\/\/www.anovapeneira.gal\/index.php\/2024\/06\/21\/fatima-rodriguez-voceira-do-psoe-de-a-guarda-2\/\" \/>\n<meta property=\"article:publisher\" content=\"https:\/\/www.facebook.com\/anovapeneira\" \/>\n<meta property=\"article:published_time\" content=\"2024-06-21T10:00:37+00:00\" \/>\n<meta property=\"og:image\" content=\"https:\/\/www.anovapeneira.gal\/wp-content\/uploads\/2024\/06\/psoe_guarda_fatima.jpg\" \/>\n\t<meta property=\"og:image:width\" content=\"720\" \/>\n\t<meta property=\"og:image:height\" content=\"432\" \/>\n\t<meta property=\"og:image:type\" content=\"image\/jpeg\" \/>\n<meta name=\"author\" content=\"Tino Lago\" \/>\n<meta name=\"twitter:card\" content=\"summary_large_image\" \/>\n<meta name=\"twitter:creator\" content=\"@APeneira\" \/>\n<meta name=\"twitter:site\" content=\"@APeneira\" \/>\n<meta name=\"twitter:label1\" content=\"Escrito por\" \/>\n\t<meta name=\"twitter:data1\" content=\"Tino Lago\" \/>\n\t<meta name=\"twitter:label2\" content=\"Tempo de lectura\" \/>\n\t<meta name=\"twitter:data2\" content=\"2 minutos\" \/>\n<script type=\"application\/ld+json\" class=\"yoast-schema-graph\">{\"@context\":\"https:\\\/\\\/schema.org\",\"@graph\":[{\"@type\":\"Article\",\"@id\":\"https:\\\/\\\/www.anovapeneira.gal\\\/index.php\\\/2024\\\/06\\\/21\\\/fatima-rodriguez-voceira-do-psoe-de-a-guarda-2\\\/#article\",\"isPartOf\":{\"@id\":\"https:\\\/\\\/www.anovapeneira.gal\\\/index.php\\\/2024\\\/06\\\/21\\\/fatima-rodriguez-voceira-do-psoe-de-a-guarda-2\\\/\"},\"author\":{\"name\":\"Tino Lago\",\"@id\":\"https:\\\/\\\/www.anovapeneira.gal\\\/#\\\/schema\\\/person\\\/424dfe65e3070fd8a44d22d2c088762a\"},\"headline\":\"F\u00e1tima Rodr\u00edguez voceira do PSOE de A Guarda\",\"datePublished\":\"2024-06-21T10:00:37+00:00\",\"mainEntityOfPage\":{\"@id\":\"https:\\\/\\\/www.anovapeneira.gal\\\/index.php\\\/2024\\\/06\\\/21\\\/fatima-rodriguez-voceira-do-psoe-de-a-guarda-2\\\/\"},\"wordCount\":914,\"commentCount\":0,\"publisher\":{\"@id\":\"https:\\\/\\\/www.anovapeneira.gal\\\/#organization\"},\"image\":{\"@id\":\"https:\\\/\\\/www.anovapeneira.gal\\\/index.php\\\/2024\\\/06\\\/21\\\/fatima-rodriguez-voceira-do-psoe-de-a-guarda-2\\\/#primaryimage\"},\"thumbnailUrl\":\"https:\\\/\\\/www.anovapeneira.gal\\\/wp-content\\\/uploads\\\/2024\\\/06\\\/psoe_guarda_fatima.jpg\",\"keywords\":[\"Concello da Guarda\"],\"articleSection\":[\"Baixo Mi\u00f1o\"],\"inLanguage\":\"gl-ES\",\"potentialAction\":[{\"@type\":\"CommentAction\",\"name\":\"Comment\",\"target\":[\"https:\\\/\\\/www.anovapeneira.gal\\\/index.php\\\/2024\\\/06\\\/21\\\/fatima-rodriguez-voceira-do-psoe-de-a-guarda-2\\\/#respond\"]}]},{\"@type\":\"WebPage\",\"@id\":\"https:\\\/\\\/www.anovapeneira.gal\\\/index.php\\\/2024\\\/06\\\/21\\\/fatima-rodriguez-voceira-do-psoe-de-a-guarda-2\\\/\",\"url\":\"https:\\\/\\\/www.anovapeneira.gal\\\/index.php\\\/2024\\\/06\\\/21\\\/fatima-rodriguez-voceira-do-psoe-de-a-guarda-2\\\/\",\"name\":\"F\u00e1tima Rodr\u00edguez voceira do PSOE de A Guarda -\",\"isPartOf\":{\"@id\":\"https:\\\/\\\/www.anovapeneira.gal\\\/#website\"},\"primaryImageOfPage\":{\"@id\":\"https:\\\/\\\/www.anovapeneira.gal\\\/index.php\\\/2024\\\/06\\\/21\\\/fatima-rodriguez-voceira-do-psoe-de-a-guarda-2\\\/#primaryimage\"},\"image\":{\"@id\":\"https:\\\/\\\/www.anovapeneira.gal\\\/index.php\\\/2024\\\/06\\\/21\\\/fatima-rodriguez-voceira-do-psoe-de-a-guarda-2\\\/#primaryimage\"},\"thumbnailUrl\":\"https:\\\/\\\/www.anovapeneira.gal\\\/wp-content\\\/uploads\\\/2024\\\/06\\\/psoe_guarda_fatima.jpg\",\"datePublished\":\"2024-06-21T10:00:37+00:00\",\"breadcrumb\":{\"@id\":\"https:\\\/\\\/www.anovapeneira.gal\\\/index.php\\\/2024\\\/06\\\/21\\\/fatima-rodriguez-voceira-do-psoe-de-a-guarda-2\\\/#breadcrumb\"},\"inLanguage\":\"gl-ES\",\"potentialAction\":[{\"@type\":\"ReadAction\",\"target\":[\"https:\\\/\\\/www.anovapeneira.gal\\\/index.php\\\/2024\\\/06\\\/21\\\/fatima-rodriguez-voceira-do-psoe-de-a-guarda-2\\\/\"]}]},{\"@type\":\"ImageObject\",\"inLanguage\":\"gl-ES\",\"@id\":\"https:\\\/\\\/www.anovapeneira.gal\\\/index.php\\\/2024\\\/06\\\/21\\\/fatima-rodriguez-voceira-do-psoe-de-a-guarda-2\\\/#primaryimage\",\"url\":\"https:\\\/\\\/www.anovapeneira.gal\\\/wp-content\\\/uploads\\\/2024\\\/06\\\/psoe_guarda_fatima.jpg\",\"contentUrl\":\"https:\\\/\\\/www.anovapeneira.gal\\\/wp-content\\\/uploads\\\/2024\\\/06\\\/psoe_guarda_fatima.jpg\",\"width\":720,\"height\":432,\"caption\":\"PSOE F\u00e1tima Guarda\"},{\"@type\":\"BreadcrumbList\",\"@id\":\"https:\\\/\\\/www.anovapeneira.gal\\\/index.php\\\/2024\\\/06\\\/21\\\/fatima-rodriguez-voceira-do-psoe-de-a-guarda-2\\\/#breadcrumb\",\"itemListElement\":[{\"@type\":\"ListItem\",\"position\":1,\"name\":\"Portada\",\"item\":\"https:\\\/\\\/www.anovapeneira.gal\\\/\"},{\"@type\":\"ListItem\",\"position\":2,\"name\":\"F\u00e1tima Rodr\u00edguez voceira do PSOE de A Guarda\"}]},{\"@type\":\"WebSite\",\"@id\":\"https:\\\/\\\/www.anovapeneira.gal\\\/#website\",\"url\":\"https:\\\/\\\/www.anovapeneira.gal\\\/\",\"name\":\"\",\"description\":\"Xornal galego de informaci\u00f3n xeral Publicaci\u00f3n mensual de novas de Galicia e en especial dos Concellos da sur da provincia de Pontevedra.\",\"publisher\":{\"@id\":\"https:\\\/\\\/www.anovapeneira.gal\\\/#organization\"},\"potentialAction\":[{\"@type\":\"SearchAction\",\"target\":{\"@type\":\"EntryPoint\",\"urlTemplate\":\"https:\\\/\\\/www.anovapeneira.gal\\\/?s={search_term_string}\"},\"query-input\":{\"@type\":\"PropertyValueSpecification\",\"valueRequired\":true,\"valueName\":\"search_term_string\"}}],\"inLanguage\":\"gl-ES\"},{\"@type\":\"Organization\",\"@id\":\"https:\\\/\\\/www.anovapeneira.gal\\\/#organization\",\"name\":\"A Nova Peneira\",\"url\":\"https:\\\/\\\/www.anovapeneira.gal\\\/\",\"logo\":{\"@type\":\"ImageObject\",\"inLanguage\":\"gl-ES\",\"@id\":\"https:\\\/\\\/www.anovapeneira.gal\\\/#\\\/schema\\\/logo\\\/image\\\/\",\"url\":\"http:\\\/\\\/www.anovapeneira.gal\\\/wp-content\\\/uploads\\\/2019\\\/06\\\/logo_a_nova_peneira_portal_web.png\",\"contentUrl\":\"http:\\\/\\\/www.anovapeneira.gal\\\/wp-content\\\/uploads\\\/2019\\\/06\\\/logo_a_nova_peneira_portal_web.png\",\"width\":300,\"height\":100,\"caption\":\"A Nova Peneira\"},\"image\":{\"@id\":\"https:\\\/\\\/www.anovapeneira.gal\\\/#\\\/schema\\\/logo\\\/image\\\/\"},\"sameAs\":[\"https:\\\/\\\/www.facebook.com\\\/anovapeneira\",\"https:\\\/\\\/x.com\\\/APeneira\"]},{\"@type\":\"Person\",\"@id\":\"https:\\\/\\\/www.anovapeneira.gal\\\/#\\\/schema\\\/person\\\/424dfe65e3070fd8a44d22d2c088762a\",\"name\":\"Tino Lago\",\"image\":{\"@type\":\"ImageObject\",\"inLanguage\":\"gl-ES\",\"@id\":\"https:\\\/\\\/secure.gravatar.com\\\/avatar\\\/b3df6a06e44bab3111583b90f0f33a0379ee5e3d22cbadd232d39f21c30c62be?s=96&d=mm&r=g\",\"url\":\"https:\\\/\\\/secure.gravatar.com\\\/avatar\\\/b3df6a06e44bab3111583b90f0f33a0379ee5e3d22cbadd232d39f21c30c62be?s=96&d=mm&r=g\",\"contentUrl\":\"https:\\\/\\\/secure.gravatar.com\\\/avatar\\\/b3df6a06e44bab3111583b90f0f33a0379ee5e3d22cbadd232d39f21c30c62be?s=96&d=mm&r=g\",\"caption\":\"Tino Lago\"},\"sameAs\":[\"http:\\\/\\\/www.anovapeneira.gal\"],\"url\":\"https:\\\/\\\/www.anovapeneira.gal\\\/index.php\\\/author\\\/director\\\/\"}]}<\/script>\n<!-- \/ Yoast SEO plugin. -->","yoast_head_json":{"title":"F\u00e1tima Rodr\u00edguez voceira do PSOE de A Guarda -","robots":{"index":"index","follow":"follow","max-snippet":"max-snippet:-1","max-image-preview":"max-image-preview:large","max-video-preview":"max-video-preview:-1"},"canonical":"https:\/\/www.anovapeneira.gal\/index.php\/2024\/06\/21\/fatima-rodriguez-voceira-do-psoe-de-a-guarda-2\/","og_locale":"gl_ES","og_type":"article","og_title":"F\u00e1tima Rodr\u00edguez voceira do PSOE de A Guarda -","og_description":"Os socialistas de A Guarda recibiron nas \u00faltimas municipais unha mensaxe moi clara da cidadan\u00eda guardesa: Fin de ciclo. Seica o entenderon ben e inician un novo proxecto liderado por unha muller nova que afronta a s\u00faa tarefa con moita ilusi\u00f3n e responsabilidade [...]","og_url":"https:\/\/www.anovapeneira.gal\/index.php\/2024\/06\/21\/fatima-rodriguez-voceira-do-psoe-de-a-guarda-2\/","article_publisher":"https:\/\/www.facebook.com\/anovapeneira","article_published_time":"2024-06-21T10:00:37+00:00","og_image":[{"width":720,"height":432,"url":"https:\/\/www.anovapeneira.gal\/wp-content\/uploads\/2024\/06\/psoe_guarda_fatima.jpg","type":"image\/jpeg"}],"author":"Tino Lago","twitter_card":"summary_large_image","twitter_creator":"@APeneira","twitter_site":"@APeneira","twitter_misc":{"Escrito por":"Tino Lago","Tempo de lectura":"2 minutos"},"schema":{"@context":"https:\/\/schema.org","@graph":[{"@type":"Article","@id":"https:\/\/www.anovapeneira.gal\/index.php\/2024\/06\/21\/fatima-rodriguez-voceira-do-psoe-de-a-guarda-2\/#article","isPartOf":{"@id":"https:\/\/www.anovapeneira.gal\/index.php\/2024\/06\/21\/fatima-rodriguez-voceira-do-psoe-de-a-guarda-2\/"},"author":{"name":"Tino Lago","@id":"https:\/\/www.anovapeneira.gal\/#\/schema\/person\/424dfe65e3070fd8a44d22d2c088762a"},"headline":"F\u00e1tima Rodr\u00edguez voceira do PSOE de A Guarda","datePublished":"2024-06-21T10:00:37+00:00","mainEntityOfPage":{"@id":"https:\/\/www.anovapeneira.gal\/index.php\/2024\/06\/21\/fatima-rodriguez-voceira-do-psoe-de-a-guarda-2\/"},"wordCount":914,"commentCount":0,"publisher":{"@id":"https:\/\/www.anovapeneira.gal\/#organization"},"image":{"@id":"https:\/\/www.anovapeneira.gal\/index.php\/2024\/06\/21\/fatima-rodriguez-voceira-do-psoe-de-a-guarda-2\/#primaryimage"},"thumbnailUrl":"https:\/\/www.anovapeneira.gal\/wp-content\/uploads\/2024\/06\/psoe_guarda_fatima.jpg","keywords":["Concello da Guarda"],"articleSection":["Baixo Mi\u00f1o"],"inLanguage":"gl-ES","potentialAction":[{"@type":"CommentAction","name":"Comment","target":["https:\/\/www.anovapeneira.gal\/index.php\/2024\/06\/21\/fatima-rodriguez-voceira-do-psoe-de-a-guarda-2\/#respond"]}]},{"@type":"WebPage","@id":"https:\/\/www.anovapeneira.gal\/index.php\/2024\/06\/21\/fatima-rodriguez-voceira-do-psoe-de-a-guarda-2\/","url":"https:\/\/www.anovapeneira.gal\/index.php\/2024\/06\/21\/fatima-rodriguez-voceira-do-psoe-de-a-guarda-2\/","name":"F\u00e1tima Rodr\u00edguez voceira do PSOE de A Guarda -","isPartOf":{"@id":"https:\/\/www.anovapeneira.gal\/#website"},"primaryImageOfPage":{"@id":"https:\/\/www.anovapeneira.gal\/index.php\/2024\/06\/21\/fatima-rodriguez-voceira-do-psoe-de-a-guarda-2\/#primaryimage"},"image":{"@id":"https:\/\/www.anovapeneira.gal\/index.php\/2024\/06\/21\/fatima-rodriguez-voceira-do-psoe-de-a-guarda-2\/#primaryimage"},"thumbnailUrl":"https:\/\/www.anovapeneira.gal\/wp-content\/uploads\/2024\/06\/psoe_guarda_fatima.jpg","datePublished":"2024-06-21T10:00:37+00:00","breadcrumb":{"@id":"https:\/\/www.anovapeneira.gal\/index.php\/2024\/06\/21\/fatima-rodriguez-voceira-do-psoe-de-a-guarda-2\/#breadcrumb"},"inLanguage":"gl-ES","potentialAction":[{"@type":"ReadAction","target":["https:\/\/www.anovapeneira.gal\/index.php\/2024\/06\/21\/fatima-rodriguez-voceira-do-psoe-de-a-guarda-2\/"]}]},{"@type":"ImageObject","inLanguage":"gl-ES","@id":"https:\/\/www.anovapeneira.gal\/index.php\/2024\/06\/21\/fatima-rodriguez-voceira-do-psoe-de-a-guarda-2\/#primaryimage","url":"https:\/\/www.anovapeneira.gal\/wp-content\/uploads\/2024\/06\/psoe_guarda_fatima.jpg","contentUrl":"https:\/\/www.anovapeneira.gal\/wp-content\/uploads\/2024\/06\/psoe_guarda_fatima.jpg","width":720,"height":432,"caption":"PSOE F\u00e1tima Guarda"},{"@type":"BreadcrumbList","@id":"https:\/\/www.anovapeneira.gal\/index.php\/2024\/06\/21\/fatima-rodriguez-voceira-do-psoe-de-a-guarda-2\/#breadcrumb","itemListElement":[{"@type":"ListItem","position":1,"name":"Portada","item":"https:\/\/www.anovapeneira.gal\/"},{"@type":"ListItem","position":2,"name":"F\u00e1tima Rodr\u00edguez voceira do PSOE de A Guarda"}]},{"@type":"WebSite","@id":"https:\/\/www.anovapeneira.gal\/#website","url":"https:\/\/www.anovapeneira.gal\/","name":"","description":"Xornal galego de informaci\u00f3n xeral Publicaci\u00f3n mensual de novas de Galicia e en especial dos Concellos da sur da provincia de Pontevedra.","publisher":{"@id":"https:\/\/www.anovapeneira.gal\/#organization"},"potentialAction":[{"@type":"SearchAction","target":{"@type":"EntryPoint","urlTemplate":"https:\/\/www.anovapeneira.gal\/?s={search_term_string}"},"query-input":{"@type":"PropertyValueSpecification","valueRequired":true,"valueName":"search_term_string"}}],"inLanguage":"gl-ES"},{"@type":"Organization","@id":"https:\/\/www.anovapeneira.gal\/#organization","name":"A Nova Peneira","url":"https:\/\/www.anovapeneira.gal\/","logo":{"@type":"ImageObject","inLanguage":"gl-ES","@id":"https:\/\/www.anovapeneira.gal\/#\/schema\/logo\/image\/","url":"http:\/\/www.anovapeneira.gal\/wp-content\/uploads\/2019\/06\/logo_a_nova_peneira_portal_web.png","contentUrl":"http:\/\/www.anovapeneira.gal\/wp-content\/uploads\/2019\/06\/logo_a_nova_peneira_portal_web.png","width":300,"height":100,"caption":"A Nova Peneira"},"image":{"@id":"https:\/\/www.anovapeneira.gal\/#\/schema\/logo\/image\/"},"sameAs":["https:\/\/www.facebook.com\/anovapeneira","https:\/\/x.com\/APeneira"]},{"@type":"Person","@id":"https:\/\/www.anovapeneira.gal\/#\/schema\/person\/424dfe65e3070fd8a44d22d2c088762a","name":"Tino Lago","image":{"@type":"ImageObject","inLanguage":"gl-ES","@id":"https:\/\/secure.gravatar.com\/avatar\/b3df6a06e44bab3111583b90f0f33a0379ee5e3d22cbadd232d39f21c30c62be?s=96&d=mm&r=g","url":"https:\/\/secure.gravatar.com\/avatar\/b3df6a06e44bab3111583b90f0f33a0379ee5e3d22cbadd232d39f21c30c62be?s=96&d=mm&r=g","contentUrl":"https:\/\/secure.gravatar.com\/avatar\/b3df6a06e44bab3111583b90f0f33a0379ee5e3d22cbadd232d39f21c30c62be?s=96&d=mm&r=g","caption":"Tino Lago"},"sameAs":["http:\/\/www.anovapeneira.gal"],"url":"https:\/\/www.anovapeneira.gal\/index.php\/author\/director\/"}]}},"jetpack_featured_media_url":"https:\/\/www.anovapeneira.gal\/wp-content\/uploads\/2024\/06\/psoe_guarda_fatima.jpg","_links":{"self":[{"href":"https:\/\/www.anovapeneira.gal\/index.php\/wp-json\/wp\/v2\/posts\/11934","targetHints":{"allow":["GET"]}}],"collection":[{"href":"https:\/\/www.anovapeneira.gal\/index.php\/wp-json\/wp\/v2\/posts"}],"about":[{"href":"https:\/\/www.anovapeneira.gal\/index.php\/wp-json\/wp\/v2\/types\/post"}],"author":[{"embeddable":true,"href":"https:\/\/www.anovapeneira.gal\/index.php\/wp-json\/wp\/v2\/users\/2"}],"replies":[{"embeddable":true,"href":"https:\/\/www.anovapeneira.gal\/index.php\/wp-json\/wp\/v2\/comments?post=11934"}],"version-history":[{"count":1,"href":"https:\/\/www.anovapeneira.gal\/index.php\/wp-json\/wp\/v2\/posts\/11934\/revisions"}],"predecessor-version":[{"id":11936,"href":"https:\/\/www.anovapeneira.gal\/index.php\/wp-json\/wp\/v2\/posts\/11934\/revisions\/11936"}],"wp:featuredmedia":[{"embeddable":true,"href":"https:\/\/www.anovapeneira.gal\/index.php\/wp-json\/wp\/v2\/media\/11935"}],"wp:attachment":[{"href":"https:\/\/www.anovapeneira.gal\/index.php\/wp-json\/wp\/v2\/media?parent=11934"}],"wp:term":[{"taxonomy":"category","embeddable":true,"href":"https:\/\/www.anovapeneira.gal\/index.php\/wp-json\/wp\/v2\/categories?post=11934"},{"taxonomy":"post_tag","embeddable":true,"href":"https:\/\/www.anovapeneira.gal\/index.php\/wp-json\/wp\/v2\/tags?post=11934"}],"curies":[{"name":"wp","href":"https:\/\/api.w.org\/{rel}","templated":true}]}}