{"id":11939,"date":"2024-06-24T10:00:20","date_gmt":"2024-06-24T08:00:20","guid":{"rendered":"https:\/\/www.anovapeneira.gal\/?p=11939"},"modified":"2024-06-24T12:00:19","modified_gmt":"2024-06-24T10:00:19","slug":"ai-vai-dime-se-cheghou-aprertas-grandes-mero-sarna-con-gusto","status":"publish","type":"post","link":"https:\/\/www.anovapeneira.gal\/index.php\/2024\/06\/24\/ai-vai-dime-se-cheghou-aprertas-grandes-mero-sarna-con-gusto\/","title":{"rendered":"Sarna con gusto,\u2026"},"content":{"rendered":"\n<figure class=\"wp-block-image size-full is-resized\"><img loading=\"lazy\" decoding=\"async\" width=\"190\" height=\"222\" src=\"https:\/\/www.anovapeneira.gal\/wp-content\/uploads\/2019\/07\/Baldomero_Iglesias_Dobarrio_Mero.jpg\" alt=\"Baldomero Iglesias Dobarrio Mero artigos de opini\u00f3n A Nova Peneira\" class=\"wp-image-482\" style=\"width:78px;height:auto\"\/><figcaption class=\"wp-element-caption\">Baldomero Iglesias Dobarrio, Mero<\/figcaption><\/figure>\n\n\n\n<p>Certamente a mi\u00f1a Rep\u00fablica non debe ser deste mundo. A mi\u00f1a, t\u00e9\u00f1oo pensado moitas veces, \u00e9 aquela que \u00e9 galega, nosa, e moi propia, que est\u00e1 por riba de concesi\u00f3ns que nos priven de liberdade, calquera liberdade das tantas que non impiden ser quen somos e que habita en esperanzas que se fan tan longas e crueis. Cel\u00e9broa cos meus e mi\u00f1as o d\u00eda 25 de xu\u00f1o, lembrando aquela que a penas durou uns d\u00edas, cando Alonso R\u00edos. Aquela confiada a unha garant\u00eda de posesi\u00f3n que vai m\u00e1is al\u00e1 das etiquetas, cifras que nos po\u00f1en &nbsp;os que nos queren apadri\u00f1ar como se fosen complemento de cualidade, sen selo, e non son garantes sen\u00f3n de &nbsp;compadreos e n\u00fameros de complicadas ecuaci\u00f3ns e algoritmos. A mi\u00f1a Rep\u00fablica ten un certo grao de anarqu\u00eda, sei que nela \u2013nese dereito a querer empezar de novo ata que as cousas se coloquen ao xeito- empeza a liberdade mesma. A mi\u00f1a Rep\u00fablica est\u00e1 por riba de moitas vontades, especialmente daquelas que nos sacaron a \u201cnosa\u201d vontade, a de ser quen somos e que \u2013por ter a s\u00faa vontade por riba da nosa- nos impiden exercer, ser donos da Casa Com\u00fan que nos habita. A mi\u00f1a Rep\u00fablica \u00e9 a das ideas e si, tam\u00e9n dos so\u00f1os, da<br>xustiza e da igualdade, da inclusi\u00f3n, das segundas oportunidades, da intelixencia posta a servizo do pobo que \u00e9 quen disp\u00f3n. Sobre todo, a mi\u00f1a Rep\u00fablica, e a da verdade, unha verdade que se vexa, palpable para seguir mellorando e asentando esteos firmes na competencia dun porvir. Son matices pequeni\u00f1os, ben sei, que importan moito e fan real a historia da que vimos, \u00e1 que imos, privados de reco\u00f1ecemento, satisfacci\u00f3n e orgullo. Non nos far\u00e1 m\u00e1is ricos, pero si m\u00e1is satisfeitos. Estamos necesitados de reencontrarnos, de proclamarnos existentes. Seica o esqueceron os que din que mandan. A mi\u00f1a Rep\u00fablica, poida que hoxe sexa id\u00edlica, a dunha naci\u00f3n humilde e minorizada, precarizada cada vez m\u00e1is por eucaliptos, ences, altris e e\u00f3licos bestiais que non nos deixan ser felices nin recrearnos na paisaxe. Os culpables son os de sempre, caciques, caciqui\u00f1os, cacic\u00f3ns<br>\u2013dic\u00eda o Manuel Mar\u00eda. Si, uns en forma de explotadores que nos rebentan o coraz\u00f3n e os sentimentos de odio que practican, con minas, incendios e modernistas dese\u00f1os suicidas, na vulneraci\u00f3n de cidades e vilas, mesmo de aldeas, copias inexactas de progreso en industrializaci\u00f3ns que negan o porvir e nos acaban. &nbsp;Outros aparecen en forma de curadores, controladores das almas e que ameazan cos infernos. Nunca do lado dos do com\u00fan, sen\u00f3n co poder. Outros militares de dese\u00f1o americano, botan fume &nbsp;xa polos ollos ameazando sempre coa forza e a sen-raz\u00f3n. Hai que sumar pol\u00edticos que non saben aportar soluci\u00f3ns pol\u00edticas aos problemas pol\u00edticos, fan leis con trampa, para ocultarse e favorecerse. Tam\u00e9n se ocupan de que a educaci\u00f3n sexa co\u00f1ecedora de moito e sabedora de nada. Facer que fan, e non coidan aos marxinados e deprimidos. Sacan cartos e servizos da sanidade, fan escrutinio estrito dos orzamentos p\u00fablicos en beneficio dos de sempre,<br>os privados e privativos! Gobernan contra de n\u00f3s e no co\u00f1ecemento do que nos fan, non nos reviramos. Somos mansos e prudentes abondo. Claro, ademais, te\u00f1en comprados os medios de control, comunicaci\u00f3n acelerada da mentira en formato de verdades c\u00f3mplices do delito. Fix\u00e9ronse donos do espallamento perturbado da realidade, palabras e imaxes, &nbsp;redes clientelares e amiguistas. Non quero imaxinar a un presidente da mi\u00f1a so\u00f1ada rep\u00fablica que fose como calquera dos que vexo, non sei que poder\u00eda ser aquilo! Haber\u00eda alg\u00fan de aqu\u00ed, capaz? En verdade non vexo, todos menten ata que aprendemos o retrouso, cantamos con eles as cotizaci\u00f3ns en bolsa, r\u00e9ditos, pufos e trampas, crise, corrupci\u00f3n. Mentir para roubar m\u00e1is, deixando menos. Sen devolvelo. Semella como que hai que acostumarse ao delito e seguir o ritmo da deixadez, de crernos in\u00fatiles. Aquilo da decencia quedou nun eco que sequera resoa, xa non hai referentes onde mirar e mirarse, onde so\u00f1ar. Nos parlamentos falan dos problemas, n\u00f3s viv\u00edmolos en directo. Voan por riba das nosas realidades, das nosas dificultades. A eles\/as non lles importa, est\u00e1n untados e ga\u00f1an dereitos de porvir. Van ao seu, e cobran todos os meses. Puntualmente. De noite dormen sen responsabilidade nin culpa. As<br>cousas t\u00f3rcense a pesar do moito que falan, do que insultan e se insultan, dese pouso desastrado na incompetencia, na falta de raz\u00f3ns. E o peor non s\u00f3 \u00e9 iso, o peor \u00e9 que n\u00f3s estamos tranquilos, mirando como as cousas acontecen, conformes e mansos. As tiran\u00edas tam\u00e9n se constr\u00faen as\u00ed, nese remanso de preguiza. &nbsp;Pois nada, o que dixemos: sarna con gusto&#8230;!.<\/p>\n","protected":false},"excerpt":{"rendered":"<div class=\"mh-excerpt\"><p>Certamente a mi\u00f1a Rep\u00fablica non debe ser deste mundo. A mi\u00f1a, t\u00e9\u00f1oo pensado moitas veces, \u00e9 aquela que \u00e9 galega, nosa, e moi propia, que est\u00e1 por riba de concesi\u00f3ns que nos priven de liberdade, calquera liberdade das tantas que non impiden ser quen somos e que habita en esperanzas que se fan tan longas e crueis <a class=\"mh-excerpt-more\" href=\"https:\/\/www.anovapeneira.gal\/index.php\/2024\/06\/24\/ai-vai-dime-se-cheghou-aprertas-grandes-mero-sarna-con-gusto\/\" title=\"Sarna con gusto,\u2026\">[&#8230;]<\/a><\/p>\n<\/div>","protected":false},"author":5,"featured_media":584,"comment_status":"open","ping_status":"open","sticky":false,"template":"","format":"standard","meta":{"_exactmetrics_skip_tracking":false,"_exactmetrics_sitenote_active":false,"_exactmetrics_sitenote_note":"","_exactmetrics_sitenote_category":0,"footnotes":""},"categories":[7],"tags":[8],"class_list":{"0":"post-11939","1":"post","2":"type-post","3":"status-publish","4":"format-standard","5":"has-post-thumbnail","7":"category-artigos-de-opinion","8":"tag-baldomero-iglesias-dobarrio"},"yoast_head":"<!-- This site is optimized with the Yoast SEO plugin v27.4 - https:\/\/yoast.com\/product\/yoast-seo-wordpress\/ -->\n<title>Sarna con gusto,\u2026 -<\/title>\n<meta name=\"robots\" content=\"index, follow, max-snippet:-1, max-image-preview:large, max-video-preview:-1\" \/>\n<link rel=\"canonical\" href=\"https:\/\/www.anovapeneira.gal\/index.php\/2024\/06\/24\/ai-vai-dime-se-cheghou-aprertas-grandes-mero-sarna-con-gusto\/\" \/>\n<meta property=\"og:locale\" content=\"gl_ES\" \/>\n<meta property=\"og:type\" content=\"article\" \/>\n<meta property=\"og:title\" content=\"Sarna con gusto,\u2026 -\" \/>\n<meta property=\"og:description\" content=\"Certamente a mi\u00f1a Rep\u00fablica non debe ser deste mundo. A mi\u00f1a, t\u00e9\u00f1oo pensado moitas veces, \u00e9 aquela que \u00e9 galega, nosa, e moi propia, que est\u00e1 por riba de concesi\u00f3ns que nos priven de liberdade, calquera liberdade das tantas que non impiden ser quen somos e que habita en esperanzas que se fan tan longas e crueis [...]\" \/>\n<meta property=\"og:url\" content=\"https:\/\/www.anovapeneira.gal\/index.php\/2024\/06\/24\/ai-vai-dime-se-cheghou-aprertas-grandes-mero-sarna-con-gusto\/\" \/>\n<meta property=\"article:publisher\" content=\"https:\/\/www.facebook.com\/anovapeneira\" \/>\n<meta property=\"article:published_time\" content=\"2024-06-24T08:00:20+00:00\" \/>\n<meta property=\"article:modified_time\" content=\"2024-06-24T10:00:19+00:00\" \/>\n<meta property=\"og:image\" content=\"https:\/\/www.anovapeneira.gal\/wp-content\/uploads\/2019\/07\/ARTIGO_DE_OPINION_A_NOVA_PENEIRA.jpg\" \/>\n\t<meta property=\"og:image:width\" content=\"720\" \/>\n\t<meta property=\"og:image:height\" content=\"473\" \/>\n\t<meta property=\"og:image:type\" content=\"image\/jpeg\" \/>\n<meta name=\"author\" content=\"Baldomero Iglesias Dobarrio, Mero\" \/>\n<meta name=\"twitter:card\" content=\"summary_large_image\" \/>\n<meta name=\"twitter:image\" content=\"https:\/\/www.anovapeneira.gal\/wp-content\/uploads\/2019\/07\/ARTIGO_DE_OPINION_A_NOVA_PENEIRA.jpg\" \/>\n<meta name=\"twitter:creator\" content=\"@APeneira\" \/>\n<meta name=\"twitter:site\" content=\"@APeneira\" \/>\n<meta name=\"twitter:label1\" content=\"Escrito por\" \/>\n\t<meta name=\"twitter:data1\" content=\"Baldomero Iglesias Dobarrio, Mero\" \/>\n\t<meta name=\"twitter:label2\" content=\"Tempo de lectura\" \/>\n\t<meta name=\"twitter:data2\" content=\"5 minutos\" \/>\n<script type=\"application\/ld+json\" class=\"yoast-schema-graph\">{\"@context\":\"https:\\\/\\\/schema.org\",\"@graph\":[{\"@type\":\"Article\",\"@id\":\"https:\\\/\\\/www.anovapeneira.gal\\\/index.php\\\/2024\\\/06\\\/24\\\/ai-vai-dime-se-cheghou-aprertas-grandes-mero-sarna-con-gusto\\\/#article\",\"isPartOf\":{\"@id\":\"https:\\\/\\\/www.anovapeneira.gal\\\/index.php\\\/2024\\\/06\\\/24\\\/ai-vai-dime-se-cheghou-aprertas-grandes-mero-sarna-con-gusto\\\/\"},\"author\":{\"name\":\"Baldomero Iglesias Dobarrio, Mero\",\"@id\":\"https:\\\/\\\/www.anovapeneira.gal\\\/#\\\/schema\\\/person\\\/b051ed40cfc100e281476674783b32fc\"},\"headline\":\"Sarna con gusto,\u2026\",\"datePublished\":\"2024-06-24T08:00:20+00:00\",\"dateModified\":\"2024-06-24T10:00:19+00:00\",\"mainEntityOfPage\":{\"@id\":\"https:\\\/\\\/www.anovapeneira.gal\\\/index.php\\\/2024\\\/06\\\/24\\\/ai-vai-dime-se-cheghou-aprertas-grandes-mero-sarna-con-gusto\\\/\"},\"wordCount\":862,\"commentCount\":0,\"publisher\":{\"@id\":\"https:\\\/\\\/www.anovapeneira.gal\\\/#organization\"},\"image\":{\"@id\":\"https:\\\/\\\/www.anovapeneira.gal\\\/index.php\\\/2024\\\/06\\\/24\\\/ai-vai-dime-se-cheghou-aprertas-grandes-mero-sarna-con-gusto\\\/#primaryimage\"},\"thumbnailUrl\":\"https:\\\/\\\/www.anovapeneira.gal\\\/wp-content\\\/uploads\\\/2019\\\/07\\\/ARTIGO_DE_OPINION_A_NOVA_PENEIRA.jpg\",\"keywords\":[\"Baldomero Iglesias Dobarrio\"],\"articleSection\":[\"Artigos de opini\u00f3n\"],\"inLanguage\":\"gl-ES\",\"potentialAction\":[{\"@type\":\"CommentAction\",\"name\":\"Comment\",\"target\":[\"https:\\\/\\\/www.anovapeneira.gal\\\/index.php\\\/2024\\\/06\\\/24\\\/ai-vai-dime-se-cheghou-aprertas-grandes-mero-sarna-con-gusto\\\/#respond\"]}]},{\"@type\":\"WebPage\",\"@id\":\"https:\\\/\\\/www.anovapeneira.gal\\\/index.php\\\/2024\\\/06\\\/24\\\/ai-vai-dime-se-cheghou-aprertas-grandes-mero-sarna-con-gusto\\\/\",\"url\":\"https:\\\/\\\/www.anovapeneira.gal\\\/index.php\\\/2024\\\/06\\\/24\\\/ai-vai-dime-se-cheghou-aprertas-grandes-mero-sarna-con-gusto\\\/\",\"name\":\"Sarna con gusto,\u2026 -\",\"isPartOf\":{\"@id\":\"https:\\\/\\\/www.anovapeneira.gal\\\/#website\"},\"primaryImageOfPage\":{\"@id\":\"https:\\\/\\\/www.anovapeneira.gal\\\/index.php\\\/2024\\\/06\\\/24\\\/ai-vai-dime-se-cheghou-aprertas-grandes-mero-sarna-con-gusto\\\/#primaryimage\"},\"image\":{\"@id\":\"https:\\\/\\\/www.anovapeneira.gal\\\/index.php\\\/2024\\\/06\\\/24\\\/ai-vai-dime-se-cheghou-aprertas-grandes-mero-sarna-con-gusto\\\/#primaryimage\"},\"thumbnailUrl\":\"https:\\\/\\\/www.anovapeneira.gal\\\/wp-content\\\/uploads\\\/2019\\\/07\\\/ARTIGO_DE_OPINION_A_NOVA_PENEIRA.jpg\",\"datePublished\":\"2024-06-24T08:00:20+00:00\",\"dateModified\":\"2024-06-24T10:00:19+00:00\",\"breadcrumb\":{\"@id\":\"https:\\\/\\\/www.anovapeneira.gal\\\/index.php\\\/2024\\\/06\\\/24\\\/ai-vai-dime-se-cheghou-aprertas-grandes-mero-sarna-con-gusto\\\/#breadcrumb\"},\"inLanguage\":\"gl-ES\",\"potentialAction\":[{\"@type\":\"ReadAction\",\"target\":[\"https:\\\/\\\/www.anovapeneira.gal\\\/index.php\\\/2024\\\/06\\\/24\\\/ai-vai-dime-se-cheghou-aprertas-grandes-mero-sarna-con-gusto\\\/\"]}]},{\"@type\":\"ImageObject\",\"inLanguage\":\"gl-ES\",\"@id\":\"https:\\\/\\\/www.anovapeneira.gal\\\/index.php\\\/2024\\\/06\\\/24\\\/ai-vai-dime-se-cheghou-aprertas-grandes-mero-sarna-con-gusto\\\/#primaryimage\",\"url\":\"https:\\\/\\\/www.anovapeneira.gal\\\/wp-content\\\/uploads\\\/2019\\\/07\\\/ARTIGO_DE_OPINION_A_NOVA_PENEIRA.jpg\",\"contentUrl\":\"https:\\\/\\\/www.anovapeneira.gal\\\/wp-content\\\/uploads\\\/2019\\\/07\\\/ARTIGO_DE_OPINION_A_NOVA_PENEIRA.jpg\",\"width\":720,\"height\":473,\"caption\":\"Artigo de opini\u00f3n A Nova Peneira\"},{\"@type\":\"BreadcrumbList\",\"@id\":\"https:\\\/\\\/www.anovapeneira.gal\\\/index.php\\\/2024\\\/06\\\/24\\\/ai-vai-dime-se-cheghou-aprertas-grandes-mero-sarna-con-gusto\\\/#breadcrumb\",\"itemListElement\":[{\"@type\":\"ListItem\",\"position\":1,\"name\":\"Portada\",\"item\":\"https:\\\/\\\/www.anovapeneira.gal\\\/\"},{\"@type\":\"ListItem\",\"position\":2,\"name\":\"Sarna con gusto,\u2026\"}]},{\"@type\":\"WebSite\",\"@id\":\"https:\\\/\\\/www.anovapeneira.gal\\\/#website\",\"url\":\"https:\\\/\\\/www.anovapeneira.gal\\\/\",\"name\":\"\",\"description\":\"Xornal galego de informaci\u00f3n xeral Publicaci\u00f3n mensual de novas de Galicia e en especial dos Concellos da sur da provincia de Pontevedra.\",\"publisher\":{\"@id\":\"https:\\\/\\\/www.anovapeneira.gal\\\/#organization\"},\"potentialAction\":[{\"@type\":\"SearchAction\",\"target\":{\"@type\":\"EntryPoint\",\"urlTemplate\":\"https:\\\/\\\/www.anovapeneira.gal\\\/?s={search_term_string}\"},\"query-input\":{\"@type\":\"PropertyValueSpecification\",\"valueRequired\":true,\"valueName\":\"search_term_string\"}}],\"inLanguage\":\"gl-ES\"},{\"@type\":\"Organization\",\"@id\":\"https:\\\/\\\/www.anovapeneira.gal\\\/#organization\",\"name\":\"A Nova Peneira\",\"url\":\"https:\\\/\\\/www.anovapeneira.gal\\\/\",\"logo\":{\"@type\":\"ImageObject\",\"inLanguage\":\"gl-ES\",\"@id\":\"https:\\\/\\\/www.anovapeneira.gal\\\/#\\\/schema\\\/logo\\\/image\\\/\",\"url\":\"http:\\\/\\\/www.anovapeneira.gal\\\/wp-content\\\/uploads\\\/2019\\\/06\\\/logo_a_nova_peneira_portal_web.png\",\"contentUrl\":\"http:\\\/\\\/www.anovapeneira.gal\\\/wp-content\\\/uploads\\\/2019\\\/06\\\/logo_a_nova_peneira_portal_web.png\",\"width\":300,\"height\":100,\"caption\":\"A Nova Peneira\"},\"image\":{\"@id\":\"https:\\\/\\\/www.anovapeneira.gal\\\/#\\\/schema\\\/logo\\\/image\\\/\"},\"sameAs\":[\"https:\\\/\\\/www.facebook.com\\\/anovapeneira\",\"https:\\\/\\\/x.com\\\/APeneira\"]},{\"@type\":\"Person\",\"@id\":\"https:\\\/\\\/www.anovapeneira.gal\\\/#\\\/schema\\\/person\\\/b051ed40cfc100e281476674783b32fc\",\"name\":\"Baldomero Iglesias Dobarrio, Mero\",\"image\":{\"@type\":\"ImageObject\",\"inLanguage\":\"gl-ES\",\"@id\":\"https:\\\/\\\/secure.gravatar.com\\\/avatar\\\/ca78fc089f8cf28197f88de2c9ac213e2f7d2097d8e359d9359b8778b539c59d?s=96&d=mm&r=g\",\"url\":\"https:\\\/\\\/secure.gravatar.com\\\/avatar\\\/ca78fc089f8cf28197f88de2c9ac213e2f7d2097d8e359d9359b8778b539c59d?s=96&d=mm&r=g\",\"contentUrl\":\"https:\\\/\\\/secure.gravatar.com\\\/avatar\\\/ca78fc089f8cf28197f88de2c9ac213e2f7d2097d8e359d9359b8778b539c59d?s=96&d=mm&r=g\",\"caption\":\"Baldomero Iglesias Dobarrio, Mero\"},\"sameAs\":[\"http:\\\/\\\/anovapeneira.gal\"],\"url\":\"https:\\\/\\\/www.anovapeneira.gal\\\/index.php\\\/author\\\/opinionmero\\\/\"}]}<\/script>\n<!-- \/ Yoast SEO plugin. -->","yoast_head_json":{"title":"Sarna con gusto,\u2026 -","robots":{"index":"index","follow":"follow","max-snippet":"max-snippet:-1","max-image-preview":"max-image-preview:large","max-video-preview":"max-video-preview:-1"},"canonical":"https:\/\/www.anovapeneira.gal\/index.php\/2024\/06\/24\/ai-vai-dime-se-cheghou-aprertas-grandes-mero-sarna-con-gusto\/","og_locale":"gl_ES","og_type":"article","og_title":"Sarna con gusto,\u2026 -","og_description":"Certamente a mi\u00f1a Rep\u00fablica non debe ser deste mundo. A mi\u00f1a, t\u00e9\u00f1oo pensado moitas veces, \u00e9 aquela que \u00e9 galega, nosa, e moi propia, que est\u00e1 por riba de concesi\u00f3ns que nos priven de liberdade, calquera liberdade das tantas que non impiden ser quen somos e que habita en esperanzas que se fan tan longas e crueis [...]","og_url":"https:\/\/www.anovapeneira.gal\/index.php\/2024\/06\/24\/ai-vai-dime-se-cheghou-aprertas-grandes-mero-sarna-con-gusto\/","article_publisher":"https:\/\/www.facebook.com\/anovapeneira","article_published_time":"2024-06-24T08:00:20+00:00","article_modified_time":"2024-06-24T10:00:19+00:00","og_image":[{"width":720,"height":473,"url":"https:\/\/www.anovapeneira.gal\/wp-content\/uploads\/2019\/07\/ARTIGO_DE_OPINION_A_NOVA_PENEIRA.jpg","type":"image\/jpeg"}],"author":"Baldomero Iglesias Dobarrio, Mero","twitter_card":"summary_large_image","twitter_image":"https:\/\/www.anovapeneira.gal\/wp-content\/uploads\/2019\/07\/ARTIGO_DE_OPINION_A_NOVA_PENEIRA.jpg","twitter_creator":"@APeneira","twitter_site":"@APeneira","twitter_misc":{"Escrito por":"Baldomero Iglesias Dobarrio, Mero","Tempo de lectura":"5 minutos"},"schema":{"@context":"https:\/\/schema.org","@graph":[{"@type":"Article","@id":"https:\/\/www.anovapeneira.gal\/index.php\/2024\/06\/24\/ai-vai-dime-se-cheghou-aprertas-grandes-mero-sarna-con-gusto\/#article","isPartOf":{"@id":"https:\/\/www.anovapeneira.gal\/index.php\/2024\/06\/24\/ai-vai-dime-se-cheghou-aprertas-grandes-mero-sarna-con-gusto\/"},"author":{"name":"Baldomero Iglesias Dobarrio, Mero","@id":"https:\/\/www.anovapeneira.gal\/#\/schema\/person\/b051ed40cfc100e281476674783b32fc"},"headline":"Sarna con gusto,\u2026","datePublished":"2024-06-24T08:00:20+00:00","dateModified":"2024-06-24T10:00:19+00:00","mainEntityOfPage":{"@id":"https:\/\/www.anovapeneira.gal\/index.php\/2024\/06\/24\/ai-vai-dime-se-cheghou-aprertas-grandes-mero-sarna-con-gusto\/"},"wordCount":862,"commentCount":0,"publisher":{"@id":"https:\/\/www.anovapeneira.gal\/#organization"},"image":{"@id":"https:\/\/www.anovapeneira.gal\/index.php\/2024\/06\/24\/ai-vai-dime-se-cheghou-aprertas-grandes-mero-sarna-con-gusto\/#primaryimage"},"thumbnailUrl":"https:\/\/www.anovapeneira.gal\/wp-content\/uploads\/2019\/07\/ARTIGO_DE_OPINION_A_NOVA_PENEIRA.jpg","keywords":["Baldomero Iglesias Dobarrio"],"articleSection":["Artigos de opini\u00f3n"],"inLanguage":"gl-ES","potentialAction":[{"@type":"CommentAction","name":"Comment","target":["https:\/\/www.anovapeneira.gal\/index.php\/2024\/06\/24\/ai-vai-dime-se-cheghou-aprertas-grandes-mero-sarna-con-gusto\/#respond"]}]},{"@type":"WebPage","@id":"https:\/\/www.anovapeneira.gal\/index.php\/2024\/06\/24\/ai-vai-dime-se-cheghou-aprertas-grandes-mero-sarna-con-gusto\/","url":"https:\/\/www.anovapeneira.gal\/index.php\/2024\/06\/24\/ai-vai-dime-se-cheghou-aprertas-grandes-mero-sarna-con-gusto\/","name":"Sarna con gusto,\u2026 -","isPartOf":{"@id":"https:\/\/www.anovapeneira.gal\/#website"},"primaryImageOfPage":{"@id":"https:\/\/www.anovapeneira.gal\/index.php\/2024\/06\/24\/ai-vai-dime-se-cheghou-aprertas-grandes-mero-sarna-con-gusto\/#primaryimage"},"image":{"@id":"https:\/\/www.anovapeneira.gal\/index.php\/2024\/06\/24\/ai-vai-dime-se-cheghou-aprertas-grandes-mero-sarna-con-gusto\/#primaryimage"},"thumbnailUrl":"https:\/\/www.anovapeneira.gal\/wp-content\/uploads\/2019\/07\/ARTIGO_DE_OPINION_A_NOVA_PENEIRA.jpg","datePublished":"2024-06-24T08:00:20+00:00","dateModified":"2024-06-24T10:00:19+00:00","breadcrumb":{"@id":"https:\/\/www.anovapeneira.gal\/index.php\/2024\/06\/24\/ai-vai-dime-se-cheghou-aprertas-grandes-mero-sarna-con-gusto\/#breadcrumb"},"inLanguage":"gl-ES","potentialAction":[{"@type":"ReadAction","target":["https:\/\/www.anovapeneira.gal\/index.php\/2024\/06\/24\/ai-vai-dime-se-cheghou-aprertas-grandes-mero-sarna-con-gusto\/"]}]},{"@type":"ImageObject","inLanguage":"gl-ES","@id":"https:\/\/www.anovapeneira.gal\/index.php\/2024\/06\/24\/ai-vai-dime-se-cheghou-aprertas-grandes-mero-sarna-con-gusto\/#primaryimage","url":"https:\/\/www.anovapeneira.gal\/wp-content\/uploads\/2019\/07\/ARTIGO_DE_OPINION_A_NOVA_PENEIRA.jpg","contentUrl":"https:\/\/www.anovapeneira.gal\/wp-content\/uploads\/2019\/07\/ARTIGO_DE_OPINION_A_NOVA_PENEIRA.jpg","width":720,"height":473,"caption":"Artigo de opini\u00f3n A Nova Peneira"},{"@type":"BreadcrumbList","@id":"https:\/\/www.anovapeneira.gal\/index.php\/2024\/06\/24\/ai-vai-dime-se-cheghou-aprertas-grandes-mero-sarna-con-gusto\/#breadcrumb","itemListElement":[{"@type":"ListItem","position":1,"name":"Portada","item":"https:\/\/www.anovapeneira.gal\/"},{"@type":"ListItem","position":2,"name":"Sarna con gusto,\u2026"}]},{"@type":"WebSite","@id":"https:\/\/www.anovapeneira.gal\/#website","url":"https:\/\/www.anovapeneira.gal\/","name":"","description":"Xornal galego de informaci\u00f3n xeral Publicaci\u00f3n mensual de novas de Galicia e en especial dos Concellos da sur da provincia de Pontevedra.","publisher":{"@id":"https:\/\/www.anovapeneira.gal\/#organization"},"potentialAction":[{"@type":"SearchAction","target":{"@type":"EntryPoint","urlTemplate":"https:\/\/www.anovapeneira.gal\/?s={search_term_string}"},"query-input":{"@type":"PropertyValueSpecification","valueRequired":true,"valueName":"search_term_string"}}],"inLanguage":"gl-ES"},{"@type":"Organization","@id":"https:\/\/www.anovapeneira.gal\/#organization","name":"A Nova Peneira","url":"https:\/\/www.anovapeneira.gal\/","logo":{"@type":"ImageObject","inLanguage":"gl-ES","@id":"https:\/\/www.anovapeneira.gal\/#\/schema\/logo\/image\/","url":"http:\/\/www.anovapeneira.gal\/wp-content\/uploads\/2019\/06\/logo_a_nova_peneira_portal_web.png","contentUrl":"http:\/\/www.anovapeneira.gal\/wp-content\/uploads\/2019\/06\/logo_a_nova_peneira_portal_web.png","width":300,"height":100,"caption":"A Nova Peneira"},"image":{"@id":"https:\/\/www.anovapeneira.gal\/#\/schema\/logo\/image\/"},"sameAs":["https:\/\/www.facebook.com\/anovapeneira","https:\/\/x.com\/APeneira"]},{"@type":"Person","@id":"https:\/\/www.anovapeneira.gal\/#\/schema\/person\/b051ed40cfc100e281476674783b32fc","name":"Baldomero Iglesias Dobarrio, Mero","image":{"@type":"ImageObject","inLanguage":"gl-ES","@id":"https:\/\/secure.gravatar.com\/avatar\/ca78fc089f8cf28197f88de2c9ac213e2f7d2097d8e359d9359b8778b539c59d?s=96&d=mm&r=g","url":"https:\/\/secure.gravatar.com\/avatar\/ca78fc089f8cf28197f88de2c9ac213e2f7d2097d8e359d9359b8778b539c59d?s=96&d=mm&r=g","contentUrl":"https:\/\/secure.gravatar.com\/avatar\/ca78fc089f8cf28197f88de2c9ac213e2f7d2097d8e359d9359b8778b539c59d?s=96&d=mm&r=g","caption":"Baldomero Iglesias Dobarrio, Mero"},"sameAs":["http:\/\/anovapeneira.gal"],"url":"https:\/\/www.anovapeneira.gal\/index.php\/author\/opinionmero\/"}]}},"jetpack_featured_media_url":"https:\/\/www.anovapeneira.gal\/wp-content\/uploads\/2019\/07\/ARTIGO_DE_OPINION_A_NOVA_PENEIRA.jpg","_links":{"self":[{"href":"https:\/\/www.anovapeneira.gal\/index.php\/wp-json\/wp\/v2\/posts\/11939","targetHints":{"allow":["GET"]}}],"collection":[{"href":"https:\/\/www.anovapeneira.gal\/index.php\/wp-json\/wp\/v2\/posts"}],"about":[{"href":"https:\/\/www.anovapeneira.gal\/index.php\/wp-json\/wp\/v2\/types\/post"}],"author":[{"embeddable":true,"href":"https:\/\/www.anovapeneira.gal\/index.php\/wp-json\/wp\/v2\/users\/5"}],"replies":[{"embeddable":true,"href":"https:\/\/www.anovapeneira.gal\/index.php\/wp-json\/wp\/v2\/comments?post=11939"}],"version-history":[{"count":2,"href":"https:\/\/www.anovapeneira.gal\/index.php\/wp-json\/wp\/v2\/posts\/11939\/revisions"}],"predecessor-version":[{"id":11955,"href":"https:\/\/www.anovapeneira.gal\/index.php\/wp-json\/wp\/v2\/posts\/11939\/revisions\/11955"}],"wp:featuredmedia":[{"embeddable":true,"href":"https:\/\/www.anovapeneira.gal\/index.php\/wp-json\/wp\/v2\/media\/584"}],"wp:attachment":[{"href":"https:\/\/www.anovapeneira.gal\/index.php\/wp-json\/wp\/v2\/media?parent=11939"}],"wp:term":[{"taxonomy":"category","embeddable":true,"href":"https:\/\/www.anovapeneira.gal\/index.php\/wp-json\/wp\/v2\/categories?post=11939"},{"taxonomy":"post_tag","embeddable":true,"href":"https:\/\/www.anovapeneira.gal\/index.php\/wp-json\/wp\/v2\/tags?post=11939"}],"curies":[{"name":"wp","href":"https:\/\/api.w.org\/{rel}","templated":true}]}}