{"id":11941,"date":"2024-06-24T12:00:59","date_gmt":"2024-06-24T10:00:59","guid":{"rendered":"https:\/\/www.anovapeneira.gal\/?p=11941"},"modified":"2024-06-25T09:53:33","modified_gmt":"2024-06-25T07:53:33","slug":"a-capirota-simbolo-e-estirpe-de-mulleres-loitadoras","status":"publish","type":"post","link":"https:\/\/www.anovapeneira.gal\/index.php\/2024\/06\/24\/a-capirota-simbolo-e-estirpe-de-mulleres-loitadoras\/","title":{"rendered":"A Capirota, s\u00edmbolo e estirpe de mulleres loitadoras"},"content":{"rendered":"\n<figure class=\"wp-block-image size-full is-resized\"><img loading=\"lazy\" decoding=\"async\" width=\"190\" height=\"222\" src=\"https:\/\/www.anovapeneira.gal\/wp-content\/uploads\/2019\/12\/retrato_montse_fajardo_cambados_a_nova_peneira.jpg\" alt=\"Retrato Montse Fajardo A Nova Peneira\" class=\"wp-image-2085\" style=\"width:118px;height:auto\"\/><figcaption class=\"wp-element-caption\">Montse Fajardo<\/figcaption><\/figure>\n\n\n\n<p>Ao contrario do que sucede coas v\u00edtimas masculinas do franquismo, castigadas nomeadamente pola s\u00faa militancia ou a s\u00faa ideolox\u00eda, a persecuci\u00f3n de moitas mulleres tras o golpe de Estado de 1936 foi consecuencia da s\u00faa acci\u00f3n solidaria. De dar acubillo a veci\u00f1anza e familiares con ameaza de morte ou, en menor medida, de enfrontarse aos golpistas. A memoria oral gardou que isto \u00faltimo foi o que fixo Carmen Pesqueira, a Capirota, a tarde anterior ao seu asasinato. A s\u00faa historia foi recuperada por Enriqueta Otero, co\u00f1ecida en Mar\u00edn como Queta Molas por ser ese o segundo apelido do seu pai e a forma que ti\u00f1a a veci\u00f1anza de referirse a el. Presidenta da asociaci\u00f3n pola recuperaci\u00f3n da Memoria Hist\u00f3rica do municipio, divulgou con teimos\u00eda durante anos o padecemento sufrido pola s\u00faa veci\u00f1a e nunca deixou de desenterrar novos datos da s\u00faa biograf\u00eda.<\/p>\n\n\n\n<p>\u00c9 co\u00f1ecido que a Capirota ti\u00f1a 29 anos, un fillo de solteira, e que traballaba como costureira e lavandeira para as familias con cartos da vila e o Priorado. E tam\u00e9n que, precisamente aquel aciago 17 de agosto de 1936, \u00eda pola r\u00faa da Ponte na procura da roupa que deixara ao clareo xunto ao lavadoiro. Foi al\u00ed onde atopou unha cuadrilla de falanxistas fachendosos, -capitaneados polo tem\u00edbel alem\u00e1n Bruno Schweiger, xefe de centuria de zapadores da Falange-, que estaban dando unha malleira a un home maior que non respondera ao seu sa\u00fado fascista, fose por convicci\u00f3n ou por despiste. Gardou a memoria orgullosa do pobo que ela se encarou a eles, valente, e que esa mesma noite foron buscala ao cuarto que ti\u00f1a alugado no Priorado, ao que xa nunca volveu. O seu fillo Nolito, de catro anos, foi levado pola compa\u00f1eira que ocupaba a habitaci\u00f3n contigua \u00e1 casa da avoa Gumersinda e o av\u00f3 Antonio, que iniciaron unha infrutuosa busca contra reloxo. A seguinte vez que viron a filla xa era un cad\u00e1ver arroxado sen xeito no vello cemiterio de Bueu.<\/p>\n\n\n\n<p>No pobo ficou que abusaran dela, que a violaran, mais desta volta, o paseo da Capirota tivo unha testemu\u00f1a de excepci\u00f3n con outro relato. A camioneta \u00e1 que a obrigaran a subir no Priorado fixo unha segunda parada en Cangas para cargar, coma se ambas foxen puchos cara ao matadoiro, a Dolores Blanco, a presidenta do sindicato de atadeiras \u201cLa Reivindicadora\u201d, que ti\u00f1a daquela 52 anos. Eran as d\u00faas da madrugada e non a deixaron nin vestir. Foi as\u00ed, co camis\u00f3n apenas tapado por un mandil botado por riba, e fixeron todo o cami\u00f1o de regreso a Beg\u00fcin con aqueles homes insult\u00e1ndoas. Todos menos un, o Marcial, un garda civil que Lola co\u00f1ec\u00eda da vila. Agarrouno da man e botouse a chorar. Carmen intentou calmala. \u201cA min tam\u00e9n vi\u00f1eron increp\u00e1ndome, mais non me fixeron mal, non van a pasar de a\u00ed&#8230;\u201d Pararon a camioneta xunto ao Pozo da Revolta e obrig\u00e1ronas a baixar naquela paraxe afastada en metade da noite. Marcial tirou coa maior das mulleres \u00e1 esquerda, cara ao mar. O resto escor\u00e1ronse \u00e1 dereita, monte arriba, coa Capirota. Apenas pasaron uns minutos antes de que Lola escoitara os disparos que acababan coa vida da lavandeira. Chorou m\u00e1is forte pero Marcial seguiuna tranquilizando: Non quer\u00eda matala. Para cubrirse as costas disparoulle no brazo e animouna a fuxir. Lola apurou un torniquete cos baixos do mandil e vagou cinco d\u00edas polo monte, seguindo o perfil da costa, acubill\u00e1ndose en casas co\u00f1ecidas, no intento de calmar as ansias de morte dos asasinos. Cinco d\u00edas sen que a familia tivera novas s\u00faas. Ao quinto chegoulles aviso desde O Sisto para que a fosen recoller. Cando a levaran, s\u00f3 estaban na casa Lola, -a maior das fillas, que daquela ti\u00f1a quince anos-, e a pequena, Pilar, de apenas 13. O home, Jos\u00e9 Rodal, xa pagaba co c\u00e1rcere a pena de ter sido concelleiro republicano. O fillo maior, Jos\u00e9, fac\u00eda o servizo militar en Cartaxena e acabou formando parte do ex\u00e9rcito republicano, o af\u00edn \u00e1s ideas que mamara na casa. Iso provocou a detenci\u00f3n de \u00c1ngel, o pequeno dos var\u00f3ns, que o 5 de abril de 1937 foi sacado da cela e asasinado. O seu corpo apareceu en Ponteareas, na parroquia de Xinzo. Naquela altura, a s\u00faa nai xa estaba presa. Cando regresou a Cangas, presentouse na Garda Civil, tom\u00e1ronlle declaraci\u00f3n e obrig\u00e1rona a permanecer na casa. Esa mesma noite volveron por ela os falanxistas mais un garda apostado na porta salvouna por segunda vez do paseo; non as\u00ed de ser sometida a un Consello de Guerra. Pasou cinco anos e medio na cadea, un m\u00e1is que o home, e a maior\u00eda do tempo estivo no c\u00e1rcere vasco de Saturrar\u00e1n, un dos m\u00e1is duros penais para mulleres que habilitou o franquismo.<\/p>\n\n\n\n<p>Peor sorte correu Carmen Pesqueira. Os falanxistas non lle perdoaron a s\u00faa vea contestataria e solidaria. O enfrontamento cos que mallaban no mari\u00f1eiro foi o seu \u00faltimo aceno, o m\u00e1is co\u00f1ecido, pero Queta Molas asegura que non foi o \u00fanico. Soubo pola s\u00faa familia que xa antes, logo de caer o goberno provincial en mans dos golpistas, a Capirota aproveitara as s\u00faas boas dotes como nadadora para avisar a un mari\u00f1eiro que regresaba a terra na s\u00faa chalupa, de que os falanxistas estaban agardando por el no porto. Tirouse ao mar e nadou ata a embarcaci\u00f3n para, co aviso, salvarlle a vida.<\/p>\n\n\n\n<p>Na s\u00faa casa insist\u00edanlle en que non deb\u00eda arriscarse tanto. Naqueles primeiros d\u00edas de represi\u00f3n a\u00ednda non se sab\u00eda o alcance que ter\u00eda a barbarie, pero tem\u00edan que se se segu\u00eda significando, poder\u00eda acabar presa. Nunca imaxinaron o peor. Que a asasinar\u00edan e, na ma\u00f1\u00e1 seguinte ao crime, pasear\u00edan o seu corpo sen vida pola contorna para que todo o mundo soubese o que lle pasaba a quen non apoiaba o golpe. Nesa madrugada fat\u00eddica en que a provincia choraba o asasinato, na v\u00e9spera, de Alexandre B\u00f3veda, a Capirota foi convertida en s\u00edmbolo de castigo. Hoxe \u00e9 s\u00edmbolo de memoria.<\/p>\n\n\n\n<p>O seu fillo Manuel, ou Nolito como ela lle chamaba cari\u00f1osamente, ficou na casa da avoa mais foi criado fundamentalmente pola s\u00faa t\u00eda Antonia, que apenas lle dobraba a idade. Con oitos anos, a irm\u00e1 pequena de Carme tivo que deixar a escola, por medo a que lle fixesen mal as mesmas mans que agora sinalaban o seu sobri\u00f1o \u201cm\u00e1is por ser fillo de solteira que de asasinada\u201d, conta a neta deste, Miriam Lorenzo. Ademais, Antonia precisaba tempo para ocuparse non s\u00f3 de crialo a el, sen\u00f3n tam\u00e9n de axudar a coidar a descendencia da outra irm\u00e1, Blanca, que daquela ti\u00f1a 27 anos e traballaba como coci\u00f1eira. O de sangue non foi o \u00fanico ronsel que deixou a barbarie. Tam\u00e9n inzou a terra de fame e Gumersinda, que xa estivera presa pola s\u00faa afiliaci\u00f3n \u00e1 UXT, tivo que percorrer os cami\u00f1os vendendo o peixe que o seu home coll\u00eda na mesma hora do albor que se fixera noite para a maior das fillas.<\/p>\n\n\n\n<p><a><\/a> Nas linguas do pobo murmur\u00e1ronse ducias de nomes para o pai do orfo, mesturados con ep\u00edtetos ofensivos cara a aquela muller que ousara desafiar a ditadura coas ideas e o corpo. Mais na familia co\u00f1ec\u00e9ranlle o mozo: Alto, guapo, con moitos irm\u00e1ns, e que, logo de romperse o amor ao tempo que as augas do parto, marchara a buscar vida lonxe do Morrazo. Manolo contou que sendo un rapas viuno algunha vez e como \u00fanico aceno paternal, d\u00e9ralle un pataco. Xa era case un home cando soubo o que lle fixeran a s\u00faa nai, e morreu antes de poder ser testemu\u00f1a da homenaxe que lle rend\u00eda o seu pobo. Primeiro cunha escultura na memoria dos m\u00e1rtires naquel pozo con nome subversivo no que sumira o \u00faltimo alento. Foi no ano 2008. Xusto unha d\u00e9cada despois e grazas ao traballo inxente do colectivo que lidera Queta Molas, o municipio inaugurou tam\u00e9n unha r\u00faa co nome de Carme Pesqueira, a Capirota.<\/p>\n\n\n\n<p>Din que algu\u00e9n non morre mentres fique na memoria. E a dela estar\u00e1 viva para sempre. Igual que a de Lola Blanco, sobre todo grazas a que a s\u00faa filla, Lola Rodal, converteuse por m\u00e9ritos propios nun dos grandes referentes de memoria galega. Xa o dic\u00eda Castelao, non enterran cadavres, enterran semente. E a mesma semente loitadora de Gumersinda que prendera en Carmen pasou ao fillo, aos catro netos, \u00e1s d\u00faas netas, \u00e1 xeraci\u00f3n bisneta e ata a unha sobri\u00f1a neta, Sylvia Rosales Garc\u00eda, que no 8 de marzo de 2021 foi premiada polo mesmo sindicato no que militara a s\u00faa bisavoa Gumersinda. Foi por ter sido a primeira muller que reclamou, e conseguiu, no 2004, unha reduci\u00f3n de xornada por maternidade en Pontevedra. Sylvia continuaba as\u00ed o ronsel de loita que a s\u00faa estirpe herdara, xeraci\u00f3n tras xeraci\u00f3n, muller tras muller, desde a dona do ventre que acubillou a Capirota.<\/p>\n","protected":false},"excerpt":{"rendered":"<div class=\"mh-excerpt\"><p>Ao contrario do que sucede coas v\u00edtimas masculinas do franquismo, castigadas nomeadamente pola s\u00faa militancia ou a s\u00faa ideolox\u00eda, a persecuci\u00f3n de moitas mulleres tras o golpe de Estado de 1936 foi consecuencia da s\u00faa acci\u00f3n solidaria <a class=\"mh-excerpt-more\" href=\"https:\/\/www.anovapeneira.gal\/index.php\/2024\/06\/24\/a-capirota-simbolo-e-estirpe-de-mulleres-loitadoras\/\" title=\"A Capirota, s\u00edmbolo e estirpe de mulleres loitadoras\">[&#8230;]<\/a><\/p>\n<\/div>","protected":false},"author":15,"featured_media":11942,"comment_status":"open","ping_status":"open","sticky":false,"template":"","format":"standard","meta":{"_exactmetrics_skip_tracking":false,"_exactmetrics_sitenote_active":false,"_exactmetrics_sitenote_note":"","_exactmetrics_sitenote_category":0,"footnotes":""},"categories":[7],"tags":[1409],"class_list":{"0":"post-11941","1":"post","2":"type-post","3":"status-publish","4":"format-standard","5":"has-post-thumbnail","7":"category-artigos-de-opinion","8":"tag-carmen-pesqueira-a-capirota"},"yoast_head":"<!-- This site is optimized with the Yoast SEO plugin v27.4 - https:\/\/yoast.com\/product\/yoast-seo-wordpress\/ -->\n<title>A Capirota, s\u00edmbolo e estirpe de mulleres loitadoras -<\/title>\n<meta name=\"robots\" content=\"index, follow, max-snippet:-1, max-image-preview:large, max-video-preview:-1\" \/>\n<link rel=\"canonical\" href=\"https:\/\/www.anovapeneira.gal\/index.php\/2024\/06\/24\/a-capirota-simbolo-e-estirpe-de-mulleres-loitadoras\/\" \/>\n<meta property=\"og:locale\" content=\"gl_ES\" \/>\n<meta property=\"og:type\" content=\"article\" \/>\n<meta property=\"og:title\" content=\"A Capirota, s\u00edmbolo e estirpe de mulleres loitadoras -\" \/>\n<meta property=\"og:description\" content=\"Ao contrario do que sucede coas v\u00edtimas masculinas do franquismo, castigadas nomeadamente pola s\u00faa militancia ou a s\u00faa ideolox\u00eda, a persecuci\u00f3n de moitas mulleres tras o golpe de Estado de 1936 foi consecuencia da s\u00faa acci\u00f3n solidaria [...]\" \/>\n<meta property=\"og:url\" content=\"https:\/\/www.anovapeneira.gal\/index.php\/2024\/06\/24\/a-capirota-simbolo-e-estirpe-de-mulleres-loitadoras\/\" \/>\n<meta property=\"article:publisher\" content=\"https:\/\/www.facebook.com\/anovapeneira\" \/>\n<meta property=\"article:published_time\" content=\"2024-06-24T10:00:59+00:00\" \/>\n<meta property=\"article:modified_time\" content=\"2024-06-25T07:53:33+00:00\" \/>\n<meta property=\"og:image\" content=\"https:\/\/www.anovapeneira.gal\/wp-content\/uploads\/2024\/06\/carmen_pesqueira.jpg\" \/>\n\t<meta property=\"og:image:width\" content=\"720\" \/>\n\t<meta property=\"og:image:height\" content=\"432\" \/>\n\t<meta property=\"og:image:type\" content=\"image\/jpeg\" \/>\n<meta name=\"author\" content=\"Montse Fajardo\" \/>\n<meta name=\"twitter:card\" content=\"summary_large_image\" \/>\n<meta name=\"twitter:image\" content=\"https:\/\/www.anovapeneira.gal\/wp-content\/uploads\/2024\/06\/carmen_pesqueira.jpg\" \/>\n<meta name=\"twitter:creator\" content=\"@APeneira\" \/>\n<meta name=\"twitter:site\" content=\"@APeneira\" \/>\n<meta name=\"twitter:label1\" content=\"Escrito por\" \/>\n\t<meta name=\"twitter:data1\" content=\"Montse Fajardo\" \/>\n\t<meta name=\"twitter:label2\" content=\"Tempo de lectura\" \/>\n\t<meta name=\"twitter:data2\" content=\"9 minutos\" \/>\n<script type=\"application\/ld+json\" class=\"yoast-schema-graph\">{\"@context\":\"https:\\\/\\\/schema.org\",\"@graph\":[{\"@type\":\"Article\",\"@id\":\"https:\\\/\\\/www.anovapeneira.gal\\\/index.php\\\/2024\\\/06\\\/24\\\/a-capirota-simbolo-e-estirpe-de-mulleres-loitadoras\\\/#article\",\"isPartOf\":{\"@id\":\"https:\\\/\\\/www.anovapeneira.gal\\\/index.php\\\/2024\\\/06\\\/24\\\/a-capirota-simbolo-e-estirpe-de-mulleres-loitadoras\\\/\"},\"author\":{\"name\":\"Montse Fajardo\",\"@id\":\"https:\\\/\\\/www.anovapeneira.gal\\\/#\\\/schema\\\/person\\\/b5d841c74dee61f6776658b07b904c18\"},\"headline\":\"A Capirota, s\u00edmbolo e estirpe de mulleres loitadoras\",\"datePublished\":\"2024-06-24T10:00:59+00:00\",\"dateModified\":\"2024-06-25T07:53:33+00:00\",\"mainEntityOfPage\":{\"@id\":\"https:\\\/\\\/www.anovapeneira.gal\\\/index.php\\\/2024\\\/06\\\/24\\\/a-capirota-simbolo-e-estirpe-de-mulleres-loitadoras\\\/\"},\"wordCount\":1585,\"commentCount\":0,\"publisher\":{\"@id\":\"https:\\\/\\\/www.anovapeneira.gal\\\/#organization\"},\"image\":{\"@id\":\"https:\\\/\\\/www.anovapeneira.gal\\\/index.php\\\/2024\\\/06\\\/24\\\/a-capirota-simbolo-e-estirpe-de-mulleres-loitadoras\\\/#primaryimage\"},\"thumbnailUrl\":\"https:\\\/\\\/www.anovapeneira.gal\\\/wp-content\\\/uploads\\\/2024\\\/06\\\/carmen_pesqueira.jpg\",\"keywords\":[\"Carmen Pesqueira a Capirota\"],\"articleSection\":[\"Artigos de opini\u00f3n\"],\"inLanguage\":\"gl-ES\",\"potentialAction\":[{\"@type\":\"CommentAction\",\"name\":\"Comment\",\"target\":[\"https:\\\/\\\/www.anovapeneira.gal\\\/index.php\\\/2024\\\/06\\\/24\\\/a-capirota-simbolo-e-estirpe-de-mulleres-loitadoras\\\/#respond\"]}]},{\"@type\":\"WebPage\",\"@id\":\"https:\\\/\\\/www.anovapeneira.gal\\\/index.php\\\/2024\\\/06\\\/24\\\/a-capirota-simbolo-e-estirpe-de-mulleres-loitadoras\\\/\",\"url\":\"https:\\\/\\\/www.anovapeneira.gal\\\/index.php\\\/2024\\\/06\\\/24\\\/a-capirota-simbolo-e-estirpe-de-mulleres-loitadoras\\\/\",\"name\":\"A Capirota, s\u00edmbolo e estirpe de mulleres loitadoras -\",\"isPartOf\":{\"@id\":\"https:\\\/\\\/www.anovapeneira.gal\\\/#website\"},\"primaryImageOfPage\":{\"@id\":\"https:\\\/\\\/www.anovapeneira.gal\\\/index.php\\\/2024\\\/06\\\/24\\\/a-capirota-simbolo-e-estirpe-de-mulleres-loitadoras\\\/#primaryimage\"},\"image\":{\"@id\":\"https:\\\/\\\/www.anovapeneira.gal\\\/index.php\\\/2024\\\/06\\\/24\\\/a-capirota-simbolo-e-estirpe-de-mulleres-loitadoras\\\/#primaryimage\"},\"thumbnailUrl\":\"https:\\\/\\\/www.anovapeneira.gal\\\/wp-content\\\/uploads\\\/2024\\\/06\\\/carmen_pesqueira.jpg\",\"datePublished\":\"2024-06-24T10:00:59+00:00\",\"dateModified\":\"2024-06-25T07:53:33+00:00\",\"breadcrumb\":{\"@id\":\"https:\\\/\\\/www.anovapeneira.gal\\\/index.php\\\/2024\\\/06\\\/24\\\/a-capirota-simbolo-e-estirpe-de-mulleres-loitadoras\\\/#breadcrumb\"},\"inLanguage\":\"gl-ES\",\"potentialAction\":[{\"@type\":\"ReadAction\",\"target\":[\"https:\\\/\\\/www.anovapeneira.gal\\\/index.php\\\/2024\\\/06\\\/24\\\/a-capirota-simbolo-e-estirpe-de-mulleres-loitadoras\\\/\"]}]},{\"@type\":\"ImageObject\",\"inLanguage\":\"gl-ES\",\"@id\":\"https:\\\/\\\/www.anovapeneira.gal\\\/index.php\\\/2024\\\/06\\\/24\\\/a-capirota-simbolo-e-estirpe-de-mulleres-loitadoras\\\/#primaryimage\",\"url\":\"https:\\\/\\\/www.anovapeneira.gal\\\/wp-content\\\/uploads\\\/2024\\\/06\\\/carmen_pesqueira.jpg\",\"contentUrl\":\"https:\\\/\\\/www.anovapeneira.gal\\\/wp-content\\\/uploads\\\/2024\\\/06\\\/carmen_pesqueira.jpg\",\"width\":720,\"height\":432,\"caption\":\"Carmen Pesqueira A capirota\"},{\"@type\":\"BreadcrumbList\",\"@id\":\"https:\\\/\\\/www.anovapeneira.gal\\\/index.php\\\/2024\\\/06\\\/24\\\/a-capirota-simbolo-e-estirpe-de-mulleres-loitadoras\\\/#breadcrumb\",\"itemListElement\":[{\"@type\":\"ListItem\",\"position\":1,\"name\":\"Portada\",\"item\":\"https:\\\/\\\/www.anovapeneira.gal\\\/\"},{\"@type\":\"ListItem\",\"position\":2,\"name\":\"A Capirota, s\u00edmbolo e estirpe de mulleres loitadoras\"}]},{\"@type\":\"WebSite\",\"@id\":\"https:\\\/\\\/www.anovapeneira.gal\\\/#website\",\"url\":\"https:\\\/\\\/www.anovapeneira.gal\\\/\",\"name\":\"\",\"description\":\"Xornal galego de informaci\u00f3n xeral Publicaci\u00f3n mensual de novas de Galicia e en especial dos Concellos da sur da provincia de Pontevedra.\",\"publisher\":{\"@id\":\"https:\\\/\\\/www.anovapeneira.gal\\\/#organization\"},\"potentialAction\":[{\"@type\":\"SearchAction\",\"target\":{\"@type\":\"EntryPoint\",\"urlTemplate\":\"https:\\\/\\\/www.anovapeneira.gal\\\/?s={search_term_string}\"},\"query-input\":{\"@type\":\"PropertyValueSpecification\",\"valueRequired\":true,\"valueName\":\"search_term_string\"}}],\"inLanguage\":\"gl-ES\"},{\"@type\":\"Organization\",\"@id\":\"https:\\\/\\\/www.anovapeneira.gal\\\/#organization\",\"name\":\"A Nova Peneira\",\"url\":\"https:\\\/\\\/www.anovapeneira.gal\\\/\",\"logo\":{\"@type\":\"ImageObject\",\"inLanguage\":\"gl-ES\",\"@id\":\"https:\\\/\\\/www.anovapeneira.gal\\\/#\\\/schema\\\/logo\\\/image\\\/\",\"url\":\"http:\\\/\\\/www.anovapeneira.gal\\\/wp-content\\\/uploads\\\/2019\\\/06\\\/logo_a_nova_peneira_portal_web.png\",\"contentUrl\":\"http:\\\/\\\/www.anovapeneira.gal\\\/wp-content\\\/uploads\\\/2019\\\/06\\\/logo_a_nova_peneira_portal_web.png\",\"width\":300,\"height\":100,\"caption\":\"A Nova Peneira\"},\"image\":{\"@id\":\"https:\\\/\\\/www.anovapeneira.gal\\\/#\\\/schema\\\/logo\\\/image\\\/\"},\"sameAs\":[\"https:\\\/\\\/www.facebook.com\\\/anovapeneira\",\"https:\\\/\\\/x.com\\\/APeneira\"]},{\"@type\":\"Person\",\"@id\":\"https:\\\/\\\/www.anovapeneira.gal\\\/#\\\/schema\\\/person\\\/b5d841c74dee61f6776658b07b904c18\",\"name\":\"Montse Fajardo\",\"image\":{\"@type\":\"ImageObject\",\"inLanguage\":\"gl-ES\",\"@id\":\"https:\\\/\\\/secure.gravatar.com\\\/avatar\\\/7167d7c282cf42b377b7010dbd21f855dfb9df18abd8af43f29029fc82996df3?s=96&d=mm&r=g\",\"url\":\"https:\\\/\\\/secure.gravatar.com\\\/avatar\\\/7167d7c282cf42b377b7010dbd21f855dfb9df18abd8af43f29029fc82996df3?s=96&d=mm&r=g\",\"contentUrl\":\"https:\\\/\\\/secure.gravatar.com\\\/avatar\\\/7167d7c282cf42b377b7010dbd21f855dfb9df18abd8af43f29029fc82996df3?s=96&d=mm&r=g\",\"caption\":\"Montse Fajardo\"},\"sameAs\":[\"http:\\\/\\\/www.anovapeneira.gal\\\/\"],\"url\":\"https:\\\/\\\/www.anovapeneira.gal\\\/index.php\\\/author\\\/montse-fajardo\\\/\"}]}<\/script>\n<!-- \/ Yoast SEO plugin. -->","yoast_head_json":{"title":"A Capirota, s\u00edmbolo e estirpe de mulleres loitadoras -","robots":{"index":"index","follow":"follow","max-snippet":"max-snippet:-1","max-image-preview":"max-image-preview:large","max-video-preview":"max-video-preview:-1"},"canonical":"https:\/\/www.anovapeneira.gal\/index.php\/2024\/06\/24\/a-capirota-simbolo-e-estirpe-de-mulleres-loitadoras\/","og_locale":"gl_ES","og_type":"article","og_title":"A Capirota, s\u00edmbolo e estirpe de mulleres loitadoras -","og_description":"Ao contrario do que sucede coas v\u00edtimas masculinas do franquismo, castigadas nomeadamente pola s\u00faa militancia ou a s\u00faa ideolox\u00eda, a persecuci\u00f3n de moitas mulleres tras o golpe de Estado de 1936 foi consecuencia da s\u00faa acci\u00f3n solidaria [...]","og_url":"https:\/\/www.anovapeneira.gal\/index.php\/2024\/06\/24\/a-capirota-simbolo-e-estirpe-de-mulleres-loitadoras\/","article_publisher":"https:\/\/www.facebook.com\/anovapeneira","article_published_time":"2024-06-24T10:00:59+00:00","article_modified_time":"2024-06-25T07:53:33+00:00","og_image":[{"width":720,"height":432,"url":"https:\/\/www.anovapeneira.gal\/wp-content\/uploads\/2024\/06\/carmen_pesqueira.jpg","type":"image\/jpeg"}],"author":"Montse Fajardo","twitter_card":"summary_large_image","twitter_image":"https:\/\/www.anovapeneira.gal\/wp-content\/uploads\/2024\/06\/carmen_pesqueira.jpg","twitter_creator":"@APeneira","twitter_site":"@APeneira","twitter_misc":{"Escrito por":"Montse Fajardo","Tempo de lectura":"9 minutos"},"schema":{"@context":"https:\/\/schema.org","@graph":[{"@type":"Article","@id":"https:\/\/www.anovapeneira.gal\/index.php\/2024\/06\/24\/a-capirota-simbolo-e-estirpe-de-mulleres-loitadoras\/#article","isPartOf":{"@id":"https:\/\/www.anovapeneira.gal\/index.php\/2024\/06\/24\/a-capirota-simbolo-e-estirpe-de-mulleres-loitadoras\/"},"author":{"name":"Montse Fajardo","@id":"https:\/\/www.anovapeneira.gal\/#\/schema\/person\/b5d841c74dee61f6776658b07b904c18"},"headline":"A Capirota, s\u00edmbolo e estirpe de mulleres loitadoras","datePublished":"2024-06-24T10:00:59+00:00","dateModified":"2024-06-25T07:53:33+00:00","mainEntityOfPage":{"@id":"https:\/\/www.anovapeneira.gal\/index.php\/2024\/06\/24\/a-capirota-simbolo-e-estirpe-de-mulleres-loitadoras\/"},"wordCount":1585,"commentCount":0,"publisher":{"@id":"https:\/\/www.anovapeneira.gal\/#organization"},"image":{"@id":"https:\/\/www.anovapeneira.gal\/index.php\/2024\/06\/24\/a-capirota-simbolo-e-estirpe-de-mulleres-loitadoras\/#primaryimage"},"thumbnailUrl":"https:\/\/www.anovapeneira.gal\/wp-content\/uploads\/2024\/06\/carmen_pesqueira.jpg","keywords":["Carmen Pesqueira a Capirota"],"articleSection":["Artigos de opini\u00f3n"],"inLanguage":"gl-ES","potentialAction":[{"@type":"CommentAction","name":"Comment","target":["https:\/\/www.anovapeneira.gal\/index.php\/2024\/06\/24\/a-capirota-simbolo-e-estirpe-de-mulleres-loitadoras\/#respond"]}]},{"@type":"WebPage","@id":"https:\/\/www.anovapeneira.gal\/index.php\/2024\/06\/24\/a-capirota-simbolo-e-estirpe-de-mulleres-loitadoras\/","url":"https:\/\/www.anovapeneira.gal\/index.php\/2024\/06\/24\/a-capirota-simbolo-e-estirpe-de-mulleres-loitadoras\/","name":"A Capirota, s\u00edmbolo e estirpe de mulleres loitadoras -","isPartOf":{"@id":"https:\/\/www.anovapeneira.gal\/#website"},"primaryImageOfPage":{"@id":"https:\/\/www.anovapeneira.gal\/index.php\/2024\/06\/24\/a-capirota-simbolo-e-estirpe-de-mulleres-loitadoras\/#primaryimage"},"image":{"@id":"https:\/\/www.anovapeneira.gal\/index.php\/2024\/06\/24\/a-capirota-simbolo-e-estirpe-de-mulleres-loitadoras\/#primaryimage"},"thumbnailUrl":"https:\/\/www.anovapeneira.gal\/wp-content\/uploads\/2024\/06\/carmen_pesqueira.jpg","datePublished":"2024-06-24T10:00:59+00:00","dateModified":"2024-06-25T07:53:33+00:00","breadcrumb":{"@id":"https:\/\/www.anovapeneira.gal\/index.php\/2024\/06\/24\/a-capirota-simbolo-e-estirpe-de-mulleres-loitadoras\/#breadcrumb"},"inLanguage":"gl-ES","potentialAction":[{"@type":"ReadAction","target":["https:\/\/www.anovapeneira.gal\/index.php\/2024\/06\/24\/a-capirota-simbolo-e-estirpe-de-mulleres-loitadoras\/"]}]},{"@type":"ImageObject","inLanguage":"gl-ES","@id":"https:\/\/www.anovapeneira.gal\/index.php\/2024\/06\/24\/a-capirota-simbolo-e-estirpe-de-mulleres-loitadoras\/#primaryimage","url":"https:\/\/www.anovapeneira.gal\/wp-content\/uploads\/2024\/06\/carmen_pesqueira.jpg","contentUrl":"https:\/\/www.anovapeneira.gal\/wp-content\/uploads\/2024\/06\/carmen_pesqueira.jpg","width":720,"height":432,"caption":"Carmen Pesqueira A capirota"},{"@type":"BreadcrumbList","@id":"https:\/\/www.anovapeneira.gal\/index.php\/2024\/06\/24\/a-capirota-simbolo-e-estirpe-de-mulleres-loitadoras\/#breadcrumb","itemListElement":[{"@type":"ListItem","position":1,"name":"Portada","item":"https:\/\/www.anovapeneira.gal\/"},{"@type":"ListItem","position":2,"name":"A Capirota, s\u00edmbolo e estirpe de mulleres loitadoras"}]},{"@type":"WebSite","@id":"https:\/\/www.anovapeneira.gal\/#website","url":"https:\/\/www.anovapeneira.gal\/","name":"","description":"Xornal galego de informaci\u00f3n xeral Publicaci\u00f3n mensual de novas de Galicia e en especial dos Concellos da sur da provincia de Pontevedra.","publisher":{"@id":"https:\/\/www.anovapeneira.gal\/#organization"},"potentialAction":[{"@type":"SearchAction","target":{"@type":"EntryPoint","urlTemplate":"https:\/\/www.anovapeneira.gal\/?s={search_term_string}"},"query-input":{"@type":"PropertyValueSpecification","valueRequired":true,"valueName":"search_term_string"}}],"inLanguage":"gl-ES"},{"@type":"Organization","@id":"https:\/\/www.anovapeneira.gal\/#organization","name":"A Nova Peneira","url":"https:\/\/www.anovapeneira.gal\/","logo":{"@type":"ImageObject","inLanguage":"gl-ES","@id":"https:\/\/www.anovapeneira.gal\/#\/schema\/logo\/image\/","url":"http:\/\/www.anovapeneira.gal\/wp-content\/uploads\/2019\/06\/logo_a_nova_peneira_portal_web.png","contentUrl":"http:\/\/www.anovapeneira.gal\/wp-content\/uploads\/2019\/06\/logo_a_nova_peneira_portal_web.png","width":300,"height":100,"caption":"A Nova Peneira"},"image":{"@id":"https:\/\/www.anovapeneira.gal\/#\/schema\/logo\/image\/"},"sameAs":["https:\/\/www.facebook.com\/anovapeneira","https:\/\/x.com\/APeneira"]},{"@type":"Person","@id":"https:\/\/www.anovapeneira.gal\/#\/schema\/person\/b5d841c74dee61f6776658b07b904c18","name":"Montse Fajardo","image":{"@type":"ImageObject","inLanguage":"gl-ES","@id":"https:\/\/secure.gravatar.com\/avatar\/7167d7c282cf42b377b7010dbd21f855dfb9df18abd8af43f29029fc82996df3?s=96&d=mm&r=g","url":"https:\/\/secure.gravatar.com\/avatar\/7167d7c282cf42b377b7010dbd21f855dfb9df18abd8af43f29029fc82996df3?s=96&d=mm&r=g","contentUrl":"https:\/\/secure.gravatar.com\/avatar\/7167d7c282cf42b377b7010dbd21f855dfb9df18abd8af43f29029fc82996df3?s=96&d=mm&r=g","caption":"Montse Fajardo"},"sameAs":["http:\/\/www.anovapeneira.gal\/"],"url":"https:\/\/www.anovapeneira.gal\/index.php\/author\/montse-fajardo\/"}]}},"jetpack_featured_media_url":"https:\/\/www.anovapeneira.gal\/wp-content\/uploads\/2024\/06\/carmen_pesqueira.jpg","_links":{"self":[{"href":"https:\/\/www.anovapeneira.gal\/index.php\/wp-json\/wp\/v2\/posts\/11941","targetHints":{"allow":["GET"]}}],"collection":[{"href":"https:\/\/www.anovapeneira.gal\/index.php\/wp-json\/wp\/v2\/posts"}],"about":[{"href":"https:\/\/www.anovapeneira.gal\/index.php\/wp-json\/wp\/v2\/types\/post"}],"author":[{"embeddable":true,"href":"https:\/\/www.anovapeneira.gal\/index.php\/wp-json\/wp\/v2\/users\/15"}],"replies":[{"embeddable":true,"href":"https:\/\/www.anovapeneira.gal\/index.php\/wp-json\/wp\/v2\/comments?post=11941"}],"version-history":[{"count":4,"href":"https:\/\/www.anovapeneira.gal\/index.php\/wp-json\/wp\/v2\/posts\/11941\/revisions"}],"predecessor-version":[{"id":11959,"href":"https:\/\/www.anovapeneira.gal\/index.php\/wp-json\/wp\/v2\/posts\/11941\/revisions\/11959"}],"wp:featuredmedia":[{"embeddable":true,"href":"https:\/\/www.anovapeneira.gal\/index.php\/wp-json\/wp\/v2\/media\/11942"}],"wp:attachment":[{"href":"https:\/\/www.anovapeneira.gal\/index.php\/wp-json\/wp\/v2\/media?parent=11941"}],"wp:term":[{"taxonomy":"category","embeddable":true,"href":"https:\/\/www.anovapeneira.gal\/index.php\/wp-json\/wp\/v2\/categories?post=11941"},{"taxonomy":"post_tag","embeddable":true,"href":"https:\/\/www.anovapeneira.gal\/index.php\/wp-json\/wp\/v2\/tags?post=11941"}],"curies":[{"name":"wp","href":"https:\/\/api.w.org\/{rel}","templated":true}]}}