{"id":11944,"date":"2024-06-25T10:00:25","date_gmt":"2024-06-25T08:00:25","guid":{"rendered":"https:\/\/www.anovapeneira.gal\/?p=11944"},"modified":"2024-06-25T11:42:38","modified_gmt":"2024-06-25T09:42:38","slug":"anton-que-musico","status":"publish","type":"post","link":"https:\/\/www.anovapeneira.gal\/index.php\/2024\/06\/25\/anton-que-musico\/","title":{"rendered":"Ant\u00f3n \u201cQue\u201d. M\u00fasico"},"content":{"rendered":"\n<p><strong>Ant\u00f3n \u00e9 un m\u00fasico de Soutomaior de 39 anos de idade, que al\u00e9n de producir m\u00fasica de grande calidade, pos\u00fae unha enorme calidade humana. \u00c9 un tipo solidario, comprometido e fraternal que non dubida en acudir por exemplo a tocar de balde a un concerto en solidariedade co pobo palestino. Por outra parte est\u00e1 tam\u00e9n implicado en diversas facetas de difusi\u00f3n cultural e de promoci\u00f3n do idioma galego, como por exemplo a actividade de contacontos. Ant\u00f3n \u00e9 un musico namorado do Ukelele, e n\u00f3s estamos namorados dos tipos como Ant\u00f3n. Vela\u00ed vai o que deu de si a nosa conversa.<\/strong><\/p>\n\n\n\n<p>\u201c<strong>A M\u00fasica \u00e9 un poderoso instrumento de denuncia social\u201d<\/strong><\/p>\n\n\n\n<p><strong>Como \u00e9 iso de Ant\u00f3n \u201cQue\u201d se ti es Ant\u00f3n Rei?<\/strong><\/p>\n\n\n\n<blockquote class=\"wp-block-quote is-layout-flow wp-block-quote-is-layout-flow\">\n<p>Pois iso \u00e9che moi galego. Seguro que cando che sa\u00fada algu\u00e9n pola r\u00faa diche algo parecido a \u201c Marcos Que?\u201d.Pois a min por Soutomaior, tam\u00e9n me pasa. Tanto me pasa que me quedou o \u201c Que\u201d como alcume.<\/p>\n<\/blockquote>\n\n\n\n<p><strong>En que etapa de produci\u00f3n musical est\u00e1s agora?<\/strong><\/p>\n\n\n\n<blockquote class=\"wp-block-quote is-layout-flow wp-block-quote-is-layout-flow\">\n<p>Na pandemia quitei o meu primeiro disco, despois dunha maqueta inicial ,e agora estou sacando temas acerca de cuesti\u00f3ns pr\u00f3ximas como por exemplo o \u201cMillo verde\u201d, ou coas que estou especialmente sensible como por exemplo Palestina.<\/p>\n<\/blockquote>\n\n\n\n<p><strong>F\u00e1lanos de aquela primeira maqueta \u201c Unkeson\u201d?<\/strong><\/p>\n\n\n\n<blockquote class=\"wp-block-quote is-layout-flow wp-block-quote-is-layout-flow\">\n<p>Pois a verdade foi un pouco como tirarse \u00e1 piscina. De feito co paso do tempo como que me parece asombroso ter feito iso eu s\u00f3, pero estou orgulloso, claro.<\/p>\n<\/blockquote>\n\n\n\n<p><strong>O teu primeiro V\u00eddeo Clip grav\u00e1chelo cun tel\u00e9fono m\u00f3bil, verdade?<\/strong><\/p>\n\n\n\n<blockquote class=\"wp-block-quote is-layout-flow wp-block-quote-is-layout-flow\">\n<p>Si, na praia de Moa\u00f1a.<\/p>\n<\/blockquote>\n\n\n\n<p><strong>Ti que est\u00e1s afeito a tocares en locais pequenos, como valoras a t\u00faa experiencia no Millo Verde?<\/strong><\/p>\n\n\n\n<blockquote class=\"wp-block-quote is-layout-flow wp-block-quote-is-layout-flow\">\n<p>Para min foi algo novo, porque como ben dis eu estaba afeito a tocar en locais pequenos, e foi marabilloso.<\/p>\n<\/blockquote>\n\n\n\n<p><strong>Tam\u00e9n est\u00e1s presentando o 2\u00ba traballo?<\/strong><\/p>\n\n\n\n<blockquote class=\"wp-block-quote is-layout-flow wp-block-quote-is-layout-flow\">\n<p>Si, ch\u00e1mase \u201cA\u00ednda queda moito\u201d.Como che dixen quiteino na pandemia, quedara un tempo parado e agora estouno a presentar incorporando tam\u00e9n temas novos.<\/p>\n<\/blockquote>\n\n\n\n<p><strong>En que estilo te encadrar\u00edas?<\/strong><\/p>\n\n\n\n<blockquote class=\"wp-block-quote is-layout-flow wp-block-quote-is-layout-flow\">\n<p>Bebo de fontes moi diversas. A min g\u00fastame a m\u00fasica. E g\u00fastanme moitos estilos.<\/p>\n<\/blockquote>\n\n\n\n<p><strong>Como mesturas os diversos estilos?<\/strong><\/p>\n\n\n\n<blockquote class=\"wp-block-quote is-layout-flow wp-block-quote-is-layout-flow\">\n<p>Un m\u00fasico, como calquera artista ,ten que sentir o que crea. Eu fago o que sinto, o que me sae do m\u00e1is profundo e \u00edntimo da mi\u00f1a persoa. O universo musical \u00e9 como o universo f\u00edsico: infinito. E tr\u00e1tase de acompasar a mensaxe e os ritmos ao que un sinte e ao que pretende transmitir.<\/p>\n<\/blockquote>\n\n\n\n<p><strong>Al\u00e9n de ser un m\u00fasico de sentimento, polo que podo interpretar das t\u00faas letras tam\u00e9n o es reivindicativo?<\/strong><\/p>\n\n\n\n<blockquote class=\"wp-block-quote is-layout-flow wp-block-quote-is-layout-flow\">\n<p>A m\u00fasica, e calquera disciplina art\u00edstica, non se pode desentender da realidade na que vive. A arte \u00e9 un poderoso instrumento de denuncia social e eu estou nesa li\u00f1a, desde logo que si.<\/p>\n<\/blockquote>\n\n\n\n<p><strong>Eu concordo contigo,e asemade non podo deixar de darche os parab\u00e9ns por un acto tan emotivo como a t\u00faa actuaci\u00f3n de balde no ser\u00e1n de apoio a Palestina.<\/strong><\/p>\n\n\n\n<blockquote class=\"wp-block-quote is-layout-flow wp-block-quote-is-layout-flow\">\n<p>Moitas grazas, pero os parab\u00e9ns non se merecen. A calquera persoa, que non perdera por completo a humanidade, lle conmove e indigna a espantosa masacre \u00e1 que est\u00e1n sometidos os palestinos. A min tam\u00e9n, desde logo que si. E o meu humilde gran de area para amosar a mi\u00f1a solidariedade cos palestinos e a mi\u00f1a indignaci\u00f3n co estado de Israel \u00e9 o menos que podo achegar.<\/p>\n<\/blockquote>\n\n\n\n<p><strong>De a\u00ed xorde o teu tema por Palestina?<\/strong><\/p>\n\n\n\n<blockquote class=\"wp-block-quote is-layout-flow wp-block-quote-is-layout-flow\">\n<p>Este \u00e9 un conflito co que estou especialmente sensibilizado desde a mi\u00f1a adolescencia. Leva moito tempo, pero se cadra a fa\u00edsca que acendeu a mi\u00f1a canci\u00f3n foi o actual xenocidio en Gaza. E,ben, malia que alg\u00fan destacado membro do PP de Redondela parece que ten interese en vincular \u00e1s posici\u00f3ns propalestinas con Hamas,tr\u00e1tase da diferencia entre a humanidade e a inhumanidade.<\/p>\n<\/blockquote>\n\n\n\n<p><strong>Tes un proxecto de contacontos moi interesante. Expl\u00edcasnolo?<\/strong><\/p>\n\n\n\n<blockquote class=\"wp-block-quote is-layout-flow wp-block-quote-is-layout-flow\">\n<p>Ven da mi\u00f1a \u00e9poca de xogador de balonm\u00e1n. Co\u00f1ec\u00edn a d\u00faas persoas que fac\u00edan esta actividade, Carlos e Quique, convid\u00e1ronme un d\u00eda e entusiasmoume. Calquera actividade que te\u00f1a como obxectivo espallar o uso do idioma galego entre as nenas e os nenos a min res\u00faltame especialmente emocionante. E o que facemos entre os tres, \u00e9 moi sinxelo. Eu po\u00f1o a parte musical. Os meus compa\u00f1eiros xa levan 15 anos traballando nisto, son uns enormes profesionais e te\u00f1en moito m\u00e9rito.<\/p>\n<\/blockquote>\n\n\n\n<blockquote class=\"wp-block-quote is-layout-flow wp-block-quote-is-layout-flow\">\n<p>Esta faceta d\u00e1me a oportunidade de vivir da m\u00fasica e eu estou encantado.<\/p>\n<\/blockquote>\n\n\n\n<p><strong>Es dos poucos que co\u00f1ezo eu que poden vivir da m\u00fasica<\/strong><\/p>\n\n\n\n<blockquote class=\"wp-block-quote is-layout-flow wp-block-quote-is-layout-flow\">\n<p>Ollo. Non d\u00e1 para grandes alegr\u00edas, non te vaias crer, e ten unha inmensa cantidade de traballo detr\u00e1s.<\/p>\n<\/blockquote>\n\n\n\n<p><strong>Por que o Ukelele?<\/strong><\/p>\n\n\n\n<blockquote class=\"wp-block-quote is-layout-flow wp-block-quote-is-layout-flow\">\n<p>Por casualidade. Eu comecei coa guitarra, pero nunha ocasi\u00f3n agasall\u00e1ronme un e acabei por me namorar dese instrumento, ata tal punto de que hoxe en d\u00eda \u00e9 a base do meu traballo musical.<\/p>\n<\/blockquote>\n\n\n\n<p><strong>Ti no escenario est\u00e1s s\u00f3. Como levas esa soidade?<\/strong><\/p>\n\n\n\n<blockquote class=\"wp-block-quote is-layout-flow wp-block-quote-is-layout-flow\">\n<p>Xa estou afeito. Ten cousas malas e boas. Estando s\u00f3 non tes ningu\u00e9n con quen pelexar.<\/p>\n<\/blockquote>\n\n\n\n<blockquote class=\"wp-block-quote is-layout-flow wp-block-quote-is-layout-flow\"><\/blockquote>\n\n\n\n<figure class=\"wp-block-embed is-type-video is-provider-youtube wp-block-embed-youtube wp-embed-aspect-4-3 wp-has-aspect-ratio\"><div class=\"wp-block-embed__wrapper\">\n<iframe loading=\"lazy\" title=\"ANT\u00d3N KE - Paz e liberdade para Palestina\" width=\"500\" height=\"375\" src=\"https:\/\/www.youtube.com\/embed\/pRR7MxRLB60?feature=oembed\" frameborder=\"0\" allow=\"accelerometer; autoplay; clipboard-write; encrypted-media; gyroscope; picture-in-picture; web-share\" referrerpolicy=\"strict-origin-when-cross-origin\" allowfullscreen><\/iframe>\n<\/div><\/figure>\n","protected":false},"excerpt":{"rendered":"<div class=\"mh-excerpt\"><p>Ant\u00f3n \u00e9 un m\u00fasico de Soutomaior de 39 anos de idade, que al\u00e9n de producir m\u00fasica de grande calidade, pos\u00fae unha enorme calidade humana <a class=\"mh-excerpt-more\" href=\"https:\/\/www.anovapeneira.gal\/index.php\/2024\/06\/25\/anton-que-musico\/\" title=\"Ant\u00f3n \u201cQue\u201d. M\u00fasico\">[&#8230;]<\/a><\/p>\n<\/div>","protected":false},"author":6,"featured_media":11945,"comment_status":"open","ping_status":"open","sticky":false,"template":"","format":"standard","meta":{"_exactmetrics_skip_tracking":false,"_exactmetrics_sitenote_active":false,"_exactmetrics_sitenote_note":"","_exactmetrics_sitenote_category":0,"footnotes":""},"categories":[270],"tags":[171],"class_list":{"0":"post-11944","1":"post","2":"type-post","3":"status-publish","4":"format-standard","5":"has-post-thumbnail","7":"category-redondela-entrevistas","8":"tag-concello-de-redondela"},"yoast_head":"<!-- This site is optimized with the Yoast SEO plugin v27.4 - https:\/\/yoast.com\/product\/yoast-seo-wordpress\/ -->\n<title>Ant\u00f3n \u201cQue\u201d. M\u00fasico -<\/title>\n<meta name=\"robots\" content=\"index, follow, max-snippet:-1, max-image-preview:large, max-video-preview:-1\" \/>\n<link rel=\"canonical\" href=\"https:\/\/www.anovapeneira.gal\/index.php\/2024\/06\/25\/anton-que-musico\/\" \/>\n<meta property=\"og:locale\" content=\"gl_ES\" \/>\n<meta property=\"og:type\" content=\"article\" \/>\n<meta property=\"og:title\" content=\"Ant\u00f3n \u201cQue\u201d. M\u00fasico -\" \/>\n<meta property=\"og:description\" content=\"Ant\u00f3n \u00e9 un m\u00fasico de Soutomaior de 39 anos de idade, que al\u00e9n de producir m\u00fasica de grande calidade, pos\u00fae unha enorme calidade humana [...]\" \/>\n<meta property=\"og:url\" content=\"https:\/\/www.anovapeneira.gal\/index.php\/2024\/06\/25\/anton-que-musico\/\" \/>\n<meta property=\"article:publisher\" content=\"https:\/\/www.facebook.com\/anovapeneira\" \/>\n<meta property=\"article:published_time\" content=\"2024-06-25T08:00:25+00:00\" \/>\n<meta property=\"article:modified_time\" content=\"2024-06-25T09:42:38+00:00\" \/>\n<meta property=\"og:image\" content=\"https:\/\/www.anovapeneira.gal\/wp-content\/uploads\/2024\/06\/anton_ke.jpg\" \/>\n\t<meta property=\"og:image:width\" content=\"720\" \/>\n\t<meta property=\"og:image:height\" content=\"432\" \/>\n\t<meta property=\"og:image:type\" content=\"image\/jpeg\" \/>\n<meta name=\"author\" content=\"Marcos Santos\" \/>\n<meta name=\"twitter:card\" content=\"summary_large_image\" \/>\n<meta name=\"twitter:creator\" content=\"@APeneira\" \/>\n<meta name=\"twitter:site\" content=\"@APeneira\" \/>\n<meta name=\"twitter:label1\" content=\"Escrito por\" \/>\n\t<meta name=\"twitter:data1\" content=\"Marcos Santos\" \/>\n\t<meta name=\"twitter:label2\" content=\"Tempo de lectura\" \/>\n\t<meta name=\"twitter:data2\" content=\"2 minutos\" \/>\n<script type=\"application\/ld+json\" class=\"yoast-schema-graph\">{\"@context\":\"https:\\\/\\\/schema.org\",\"@graph\":[{\"@type\":\"Article\",\"@id\":\"https:\\\/\\\/www.anovapeneira.gal\\\/index.php\\\/2024\\\/06\\\/25\\\/anton-que-musico\\\/#article\",\"isPartOf\":{\"@id\":\"https:\\\/\\\/www.anovapeneira.gal\\\/index.php\\\/2024\\\/06\\\/25\\\/anton-que-musico\\\/\"},\"author\":{\"name\":\"Marcos Santos\",\"@id\":\"https:\\\/\\\/www.anovapeneira.gal\\\/#\\\/schema\\\/person\\\/d9d84823564720e7593293bab054e52d\"},\"headline\":\"Ant\u00f3n \u201cQue\u201d. M\u00fasico\",\"datePublished\":\"2024-06-25T08:00:25+00:00\",\"dateModified\":\"2024-06-25T09:42:38+00:00\",\"mainEntityOfPage\":{\"@id\":\"https:\\\/\\\/www.anovapeneira.gal\\\/index.php\\\/2024\\\/06\\\/25\\\/anton-que-musico\\\/\"},\"wordCount\":900,\"commentCount\":0,\"publisher\":{\"@id\":\"https:\\\/\\\/www.anovapeneira.gal\\\/#organization\"},\"image\":{\"@id\":\"https:\\\/\\\/www.anovapeneira.gal\\\/index.php\\\/2024\\\/06\\\/25\\\/anton-que-musico\\\/#primaryimage\"},\"thumbnailUrl\":\"https:\\\/\\\/www.anovapeneira.gal\\\/wp-content\\\/uploads\\\/2024\\\/06\\\/anton_ke.jpg\",\"keywords\":[\"Concello de Redondela\"],\"articleSection\":[\"Redondela\"],\"inLanguage\":\"gl-ES\",\"potentialAction\":[{\"@type\":\"CommentAction\",\"name\":\"Comment\",\"target\":[\"https:\\\/\\\/www.anovapeneira.gal\\\/index.php\\\/2024\\\/06\\\/25\\\/anton-que-musico\\\/#respond\"]}]},{\"@type\":\"WebPage\",\"@id\":\"https:\\\/\\\/www.anovapeneira.gal\\\/index.php\\\/2024\\\/06\\\/25\\\/anton-que-musico\\\/\",\"url\":\"https:\\\/\\\/www.anovapeneira.gal\\\/index.php\\\/2024\\\/06\\\/25\\\/anton-que-musico\\\/\",\"name\":\"Ant\u00f3n \u201cQue\u201d. M\u00fasico -\",\"isPartOf\":{\"@id\":\"https:\\\/\\\/www.anovapeneira.gal\\\/#website\"},\"primaryImageOfPage\":{\"@id\":\"https:\\\/\\\/www.anovapeneira.gal\\\/index.php\\\/2024\\\/06\\\/25\\\/anton-que-musico\\\/#primaryimage\"},\"image\":{\"@id\":\"https:\\\/\\\/www.anovapeneira.gal\\\/index.php\\\/2024\\\/06\\\/25\\\/anton-que-musico\\\/#primaryimage\"},\"thumbnailUrl\":\"https:\\\/\\\/www.anovapeneira.gal\\\/wp-content\\\/uploads\\\/2024\\\/06\\\/anton_ke.jpg\",\"datePublished\":\"2024-06-25T08:00:25+00:00\",\"dateModified\":\"2024-06-25T09:42:38+00:00\",\"breadcrumb\":{\"@id\":\"https:\\\/\\\/www.anovapeneira.gal\\\/index.php\\\/2024\\\/06\\\/25\\\/anton-que-musico\\\/#breadcrumb\"},\"inLanguage\":\"gl-ES\",\"potentialAction\":[{\"@type\":\"ReadAction\",\"target\":[\"https:\\\/\\\/www.anovapeneira.gal\\\/index.php\\\/2024\\\/06\\\/25\\\/anton-que-musico\\\/\"]}]},{\"@type\":\"ImageObject\",\"inLanguage\":\"gl-ES\",\"@id\":\"https:\\\/\\\/www.anovapeneira.gal\\\/index.php\\\/2024\\\/06\\\/25\\\/anton-que-musico\\\/#primaryimage\",\"url\":\"https:\\\/\\\/www.anovapeneira.gal\\\/wp-content\\\/uploads\\\/2024\\\/06\\\/anton_ke.jpg\",\"contentUrl\":\"https:\\\/\\\/www.anovapeneira.gal\\\/wp-content\\\/uploads\\\/2024\\\/06\\\/anton_ke.jpg\",\"width\":720,\"height\":432,\"caption\":\"Ant\u00f3n \u201cQue\u201d.M\u00fasico\"},{\"@type\":\"BreadcrumbList\",\"@id\":\"https:\\\/\\\/www.anovapeneira.gal\\\/index.php\\\/2024\\\/06\\\/25\\\/anton-que-musico\\\/#breadcrumb\",\"itemListElement\":[{\"@type\":\"ListItem\",\"position\":1,\"name\":\"Portada\",\"item\":\"https:\\\/\\\/www.anovapeneira.gal\\\/\"},{\"@type\":\"ListItem\",\"position\":2,\"name\":\"Ant\u00f3n \u201cQue\u201d. M\u00fasico\"}]},{\"@type\":\"WebSite\",\"@id\":\"https:\\\/\\\/www.anovapeneira.gal\\\/#website\",\"url\":\"https:\\\/\\\/www.anovapeneira.gal\\\/\",\"name\":\"\",\"description\":\"Xornal galego de informaci\u00f3n xeral Publicaci\u00f3n mensual de novas de Galicia e en especial dos Concellos da sur da provincia de Pontevedra.\",\"publisher\":{\"@id\":\"https:\\\/\\\/www.anovapeneira.gal\\\/#organization\"},\"potentialAction\":[{\"@type\":\"SearchAction\",\"target\":{\"@type\":\"EntryPoint\",\"urlTemplate\":\"https:\\\/\\\/www.anovapeneira.gal\\\/?s={search_term_string}\"},\"query-input\":{\"@type\":\"PropertyValueSpecification\",\"valueRequired\":true,\"valueName\":\"search_term_string\"}}],\"inLanguage\":\"gl-ES\"},{\"@type\":\"Organization\",\"@id\":\"https:\\\/\\\/www.anovapeneira.gal\\\/#organization\",\"name\":\"A Nova Peneira\",\"url\":\"https:\\\/\\\/www.anovapeneira.gal\\\/\",\"logo\":{\"@type\":\"ImageObject\",\"inLanguage\":\"gl-ES\",\"@id\":\"https:\\\/\\\/www.anovapeneira.gal\\\/#\\\/schema\\\/logo\\\/image\\\/\",\"url\":\"http:\\\/\\\/www.anovapeneira.gal\\\/wp-content\\\/uploads\\\/2019\\\/06\\\/logo_a_nova_peneira_portal_web.png\",\"contentUrl\":\"http:\\\/\\\/www.anovapeneira.gal\\\/wp-content\\\/uploads\\\/2019\\\/06\\\/logo_a_nova_peneira_portal_web.png\",\"width\":300,\"height\":100,\"caption\":\"A Nova Peneira\"},\"image\":{\"@id\":\"https:\\\/\\\/www.anovapeneira.gal\\\/#\\\/schema\\\/logo\\\/image\\\/\"},\"sameAs\":[\"https:\\\/\\\/www.facebook.com\\\/anovapeneira\",\"https:\\\/\\\/x.com\\\/APeneira\"]},{\"@type\":\"Person\",\"@id\":\"https:\\\/\\\/www.anovapeneira.gal\\\/#\\\/schema\\\/person\\\/d9d84823564720e7593293bab054e52d\",\"name\":\"Marcos Santos\",\"image\":{\"@type\":\"ImageObject\",\"inLanguage\":\"gl-ES\",\"@id\":\"https:\\\/\\\/secure.gravatar.com\\\/avatar\\\/0e8017099a7a47c0a9d2275e865fe326484561eb3d70649069e4b8e61a8d2e8c?s=96&d=mm&r=g\",\"url\":\"https:\\\/\\\/secure.gravatar.com\\\/avatar\\\/0e8017099a7a47c0a9d2275e865fe326484561eb3d70649069e4b8e61a8d2e8c?s=96&d=mm&r=g\",\"contentUrl\":\"https:\\\/\\\/secure.gravatar.com\\\/avatar\\\/0e8017099a7a47c0a9d2275e865fe326484561eb3d70649069e4b8e61a8d2e8c?s=96&d=mm&r=g\",\"caption\":\"Marcos Santos\"},\"sameAs\":[\"http:\\\/\\\/anovapeneira.gal\"],\"url\":\"https:\\\/\\\/www.anovapeneira.gal\\\/index.php\\\/author\\\/marcos-santos\\\/\"}]}<\/script>\n<!-- \/ Yoast SEO plugin. -->","yoast_head_json":{"title":"Ant\u00f3n \u201cQue\u201d. M\u00fasico -","robots":{"index":"index","follow":"follow","max-snippet":"max-snippet:-1","max-image-preview":"max-image-preview:large","max-video-preview":"max-video-preview:-1"},"canonical":"https:\/\/www.anovapeneira.gal\/index.php\/2024\/06\/25\/anton-que-musico\/","og_locale":"gl_ES","og_type":"article","og_title":"Ant\u00f3n \u201cQue\u201d. M\u00fasico -","og_description":"Ant\u00f3n \u00e9 un m\u00fasico de Soutomaior de 39 anos de idade, que al\u00e9n de producir m\u00fasica de grande calidade, pos\u00fae unha enorme calidade humana [...]","og_url":"https:\/\/www.anovapeneira.gal\/index.php\/2024\/06\/25\/anton-que-musico\/","article_publisher":"https:\/\/www.facebook.com\/anovapeneira","article_published_time":"2024-06-25T08:00:25+00:00","article_modified_time":"2024-06-25T09:42:38+00:00","og_image":[{"width":720,"height":432,"url":"https:\/\/www.anovapeneira.gal\/wp-content\/uploads\/2024\/06\/anton_ke.jpg","type":"image\/jpeg"}],"author":"Marcos Santos","twitter_card":"summary_large_image","twitter_creator":"@APeneira","twitter_site":"@APeneira","twitter_misc":{"Escrito por":"Marcos Santos","Tempo de lectura":"2 minutos"},"schema":{"@context":"https:\/\/schema.org","@graph":[{"@type":"Article","@id":"https:\/\/www.anovapeneira.gal\/index.php\/2024\/06\/25\/anton-que-musico\/#article","isPartOf":{"@id":"https:\/\/www.anovapeneira.gal\/index.php\/2024\/06\/25\/anton-que-musico\/"},"author":{"name":"Marcos Santos","@id":"https:\/\/www.anovapeneira.gal\/#\/schema\/person\/d9d84823564720e7593293bab054e52d"},"headline":"Ant\u00f3n \u201cQue\u201d. M\u00fasico","datePublished":"2024-06-25T08:00:25+00:00","dateModified":"2024-06-25T09:42:38+00:00","mainEntityOfPage":{"@id":"https:\/\/www.anovapeneira.gal\/index.php\/2024\/06\/25\/anton-que-musico\/"},"wordCount":900,"commentCount":0,"publisher":{"@id":"https:\/\/www.anovapeneira.gal\/#organization"},"image":{"@id":"https:\/\/www.anovapeneira.gal\/index.php\/2024\/06\/25\/anton-que-musico\/#primaryimage"},"thumbnailUrl":"https:\/\/www.anovapeneira.gal\/wp-content\/uploads\/2024\/06\/anton_ke.jpg","keywords":["Concello de Redondela"],"articleSection":["Redondela"],"inLanguage":"gl-ES","potentialAction":[{"@type":"CommentAction","name":"Comment","target":["https:\/\/www.anovapeneira.gal\/index.php\/2024\/06\/25\/anton-que-musico\/#respond"]}]},{"@type":"WebPage","@id":"https:\/\/www.anovapeneira.gal\/index.php\/2024\/06\/25\/anton-que-musico\/","url":"https:\/\/www.anovapeneira.gal\/index.php\/2024\/06\/25\/anton-que-musico\/","name":"Ant\u00f3n \u201cQue\u201d. M\u00fasico -","isPartOf":{"@id":"https:\/\/www.anovapeneira.gal\/#website"},"primaryImageOfPage":{"@id":"https:\/\/www.anovapeneira.gal\/index.php\/2024\/06\/25\/anton-que-musico\/#primaryimage"},"image":{"@id":"https:\/\/www.anovapeneira.gal\/index.php\/2024\/06\/25\/anton-que-musico\/#primaryimage"},"thumbnailUrl":"https:\/\/www.anovapeneira.gal\/wp-content\/uploads\/2024\/06\/anton_ke.jpg","datePublished":"2024-06-25T08:00:25+00:00","dateModified":"2024-06-25T09:42:38+00:00","breadcrumb":{"@id":"https:\/\/www.anovapeneira.gal\/index.php\/2024\/06\/25\/anton-que-musico\/#breadcrumb"},"inLanguage":"gl-ES","potentialAction":[{"@type":"ReadAction","target":["https:\/\/www.anovapeneira.gal\/index.php\/2024\/06\/25\/anton-que-musico\/"]}]},{"@type":"ImageObject","inLanguage":"gl-ES","@id":"https:\/\/www.anovapeneira.gal\/index.php\/2024\/06\/25\/anton-que-musico\/#primaryimage","url":"https:\/\/www.anovapeneira.gal\/wp-content\/uploads\/2024\/06\/anton_ke.jpg","contentUrl":"https:\/\/www.anovapeneira.gal\/wp-content\/uploads\/2024\/06\/anton_ke.jpg","width":720,"height":432,"caption":"Ant\u00f3n \u201cQue\u201d.M\u00fasico"},{"@type":"BreadcrumbList","@id":"https:\/\/www.anovapeneira.gal\/index.php\/2024\/06\/25\/anton-que-musico\/#breadcrumb","itemListElement":[{"@type":"ListItem","position":1,"name":"Portada","item":"https:\/\/www.anovapeneira.gal\/"},{"@type":"ListItem","position":2,"name":"Ant\u00f3n \u201cQue\u201d. M\u00fasico"}]},{"@type":"WebSite","@id":"https:\/\/www.anovapeneira.gal\/#website","url":"https:\/\/www.anovapeneira.gal\/","name":"","description":"Xornal galego de informaci\u00f3n xeral Publicaci\u00f3n mensual de novas de Galicia e en especial dos Concellos da sur da provincia de Pontevedra.","publisher":{"@id":"https:\/\/www.anovapeneira.gal\/#organization"},"potentialAction":[{"@type":"SearchAction","target":{"@type":"EntryPoint","urlTemplate":"https:\/\/www.anovapeneira.gal\/?s={search_term_string}"},"query-input":{"@type":"PropertyValueSpecification","valueRequired":true,"valueName":"search_term_string"}}],"inLanguage":"gl-ES"},{"@type":"Organization","@id":"https:\/\/www.anovapeneira.gal\/#organization","name":"A Nova Peneira","url":"https:\/\/www.anovapeneira.gal\/","logo":{"@type":"ImageObject","inLanguage":"gl-ES","@id":"https:\/\/www.anovapeneira.gal\/#\/schema\/logo\/image\/","url":"http:\/\/www.anovapeneira.gal\/wp-content\/uploads\/2019\/06\/logo_a_nova_peneira_portal_web.png","contentUrl":"http:\/\/www.anovapeneira.gal\/wp-content\/uploads\/2019\/06\/logo_a_nova_peneira_portal_web.png","width":300,"height":100,"caption":"A Nova Peneira"},"image":{"@id":"https:\/\/www.anovapeneira.gal\/#\/schema\/logo\/image\/"},"sameAs":["https:\/\/www.facebook.com\/anovapeneira","https:\/\/x.com\/APeneira"]},{"@type":"Person","@id":"https:\/\/www.anovapeneira.gal\/#\/schema\/person\/d9d84823564720e7593293bab054e52d","name":"Marcos Santos","image":{"@type":"ImageObject","inLanguage":"gl-ES","@id":"https:\/\/secure.gravatar.com\/avatar\/0e8017099a7a47c0a9d2275e865fe326484561eb3d70649069e4b8e61a8d2e8c?s=96&d=mm&r=g","url":"https:\/\/secure.gravatar.com\/avatar\/0e8017099a7a47c0a9d2275e865fe326484561eb3d70649069e4b8e61a8d2e8c?s=96&d=mm&r=g","contentUrl":"https:\/\/secure.gravatar.com\/avatar\/0e8017099a7a47c0a9d2275e865fe326484561eb3d70649069e4b8e61a8d2e8c?s=96&d=mm&r=g","caption":"Marcos Santos"},"sameAs":["http:\/\/anovapeneira.gal"],"url":"https:\/\/www.anovapeneira.gal\/index.php\/author\/marcos-santos\/"}]}},"jetpack_featured_media_url":"https:\/\/www.anovapeneira.gal\/wp-content\/uploads\/2024\/06\/anton_ke.jpg","_links":{"self":[{"href":"https:\/\/www.anovapeneira.gal\/index.php\/wp-json\/wp\/v2\/posts\/11944","targetHints":{"allow":["GET"]}}],"collection":[{"href":"https:\/\/www.anovapeneira.gal\/index.php\/wp-json\/wp\/v2\/posts"}],"about":[{"href":"https:\/\/www.anovapeneira.gal\/index.php\/wp-json\/wp\/v2\/types\/post"}],"author":[{"embeddable":true,"href":"https:\/\/www.anovapeneira.gal\/index.php\/wp-json\/wp\/v2\/users\/6"}],"replies":[{"embeddable":true,"href":"https:\/\/www.anovapeneira.gal\/index.php\/wp-json\/wp\/v2\/comments?post=11944"}],"version-history":[{"count":2,"href":"https:\/\/www.anovapeneira.gal\/index.php\/wp-json\/wp\/v2\/posts\/11944\/revisions"}],"predecessor-version":[{"id":11967,"href":"https:\/\/www.anovapeneira.gal\/index.php\/wp-json\/wp\/v2\/posts\/11944\/revisions\/11967"}],"wp:featuredmedia":[{"embeddable":true,"href":"https:\/\/www.anovapeneira.gal\/index.php\/wp-json\/wp\/v2\/media\/11945"}],"wp:attachment":[{"href":"https:\/\/www.anovapeneira.gal\/index.php\/wp-json\/wp\/v2\/media?parent=11944"}],"wp:term":[{"taxonomy":"category","embeddable":true,"href":"https:\/\/www.anovapeneira.gal\/index.php\/wp-json\/wp\/v2\/categories?post=11944"},{"taxonomy":"post_tag","embeddable":true,"href":"https:\/\/www.anovapeneira.gal\/index.php\/wp-json\/wp\/v2\/tags?post=11944"}],"curies":[{"name":"wp","href":"https:\/\/api.w.org\/{rel}","templated":true}]}}