{"id":11947,"date":"2024-06-25T12:00:54","date_gmt":"2024-06-25T10:00:54","guid":{"rendered":"https:\/\/www.anovapeneira.gal\/?p=11947"},"modified":"2024-06-21T10:24:14","modified_gmt":"2024-06-21T08:24:14","slug":"david-alonso-voceiro-do-psoe-de-o-porrino","status":"publish","type":"post","link":"https:\/\/www.anovapeneira.gal\/index.php\/2024\/06\/25\/david-alonso-voceiro-do-psoe-de-o-porrino\/","title":{"rendered":"David Alonso, voceiro do PSOE de O Porri\u00f1o"},"content":{"rendered":"\n<p><strong>Os socialistas do Porri\u00f1o iniciaron un necesario proceso de catarse despois do desastre das \u00faltimas municipais que lle deron ao PP de Alejandro Lorenzo a escandalosa cifra de 16 concelleiros sobre 21 posibles. E parece que unha luz de esperanza comeza a albiscarse para eles, pois nas recentes elecci\u00f3ns europeas acadaron un resultado m\u00e1is que digno cun 26% dos votos, e superaron ao BNG para colocarse en segunda posici\u00f3n .N\u00f3s conversamos con David, o avogado de Cans que lidera o novo proxecto sos socialistas do Porri\u00f1o. El \u00e9 un corredor de fondo. Sabe perfectamente que est\u00e1n en fase de resistencia e que non desistir \u00e9 o \u00fanico cami\u00f1o para poder aspirar a metas m\u00e1is ambiciosas.<\/strong><\/p>\n\n\n\n<p>\u201c<strong>A relaci\u00f3n da alcald\u00eda coa oposici\u00f3n \u00e9 nula\u201d<\/strong><\/p>\n\n\n\n<p><strong>Cal \u00e9 a t\u00faa valoraci\u00f3n do resultado que obtivestes os socialistas do Porri\u00f1o nas recentes europeas?<\/strong><\/p>\n\n\n\n<blockquote class=\"wp-block-quote is-layout-flow wp-block-quote-is-layout-flow\">\n<p>Ben, a nosa valoraci\u00f3n \u00e9 positiva. Despois duns anos nos que parece que todo eran malas novas, semella que se albisca unha luz de esperanza. Tendo en conta que estamos nun contexto dif\u00edcil para o PSOE penso que mantivemos o tipo con moita dignidade. Fomos segunda forza con claridade e desde logo que estamos enormemente agradecidos aos 2.097 porri\u00f1eses e porri\u00f1esas que nos distinguiron coa s\u00faa confianza.<\/p>\n<\/blockquote>\n\n\n\n<p><strong>Como est\u00e1 a sa\u00fade da agrupaci\u00f3n local?<\/strong><\/p>\n\n\n\n<blockquote class=\"wp-block-quote is-layout-flow wp-block-quote-is-layout-flow\">\n<p>Cada vez mellor. Est\u00e1 entrando nova militancia o que nos leva a mirar o futuro con optimismo. Iso non quita que sexamos realistas e que te\u00f1amos claro que falta moito cami\u00f1o por andar. Como che comentei a valoraci\u00f3n xeral \u00e9 positiva pero hai datos enormemente preocupantes.<\/p>\n<\/blockquote>\n\n\n\n<p><strong>A que te refires?<\/strong><\/p>\n\n\n\n<blockquote class=\"wp-block-quote is-layout-flow wp-block-quote-is-layout-flow\">\n<p>Ref\u00edrome a que hai mesas no Porri\u00f1o nas que a ultra dereita sacou uns resultados que nos deberan facer repensar, a todos os dem\u00f3cratas, que \u00e9 o que estamos facendo mal.<\/p>\n<\/blockquote>\n\n\n\n<p><strong>O auxe da extrema dereita non \u00e9 un fen\u00f3meno do Porri\u00f1o, sen\u00f3n de toda Europa. Pero eu creo que a resistencia que no estado espa\u00f1ol est\u00e1 ofrecendo o partido socialista \u00e9 moi meritoria<\/strong><\/p>\n\n\n\n<blockquote class=\"wp-block-quote is-layout-flow wp-block-quote-is-layout-flow\">\n<p>Eu te\u00f1o a convicci\u00f3n de que cando todo isto acabe e se poida estudar esta \u00e9poca con obxectividade, se reco\u00f1ecer\u00e1 o extraordinario m\u00e9rito que ten o presidente Pedro S\u00e1nchez.<\/p>\n<\/blockquote>\n\n\n\n<p><strong>O goberno do Porri\u00f1o ten 16 actas fronte as cinco da oposici\u00f3n, 3 o BNG e 2 v\u00f3s. \u00c9 posible facer pol\u00edtica cunha situaci\u00f3n aritm\u00e9tica tan precaria?<\/strong><\/p>\n\n\n\n<blockquote class=\"wp-block-quote is-layout-flow wp-block-quote-is-layout-flow\">\n<p>\u00c9 moi dif\u00edcil. Sobre todo porque todas as propostas que levamos en positivo son rexeitadas pola maior\u00eda do goberno.<\/p>\n<\/blockquote>\n\n\n\n<p><strong>Non vos aprobaron nin unha soa en todo este tempo?<\/strong><\/p>\n\n\n\n<blockquote class=\"wp-block-quote is-layout-flow wp-block-quote-is-layout-flow\">\n<p>S\u00f3 unha: a gratuidade dos libros de texto para os m\u00e1is cativos. Pero non fixeron nada para que se puidera concretar, nin ten pinta de que o vaian facer.<\/p>\n<\/blockquote>\n\n\n\n<p><strong>Que valoraci\u00f3n tes de como est\u00e1 desenvolv\u00e9ndose este mandato?<\/strong><\/p>\n\n\n\n<blockquote class=\"wp-block-quote is-layout-flow wp-block-quote-is-layout-flow\">\n<p>Ben, penso que comeza a percibirse pola r\u00faa certo cansazo coa pol\u00edtica do PP. Especialmente t\u00e9molo percibido no relativo \u00e1 cultura e as festas. Sempre se fai o mesmo e sempre se trae a grupos vinculados co PP. E tam\u00e9n te\u00f1o que valorar de forma negativa a situaci\u00f3n econ\u00f3mica.<\/p>\n<\/blockquote>\n\n\n\n<p><strong>Por que?<\/strong><\/p>\n\n\n\n<blockquote class=\"wp-block-quote is-layout-flow wp-block-quote-is-layout-flow\">\n<p>Neste ano o alcalde liquidou 12,5 mill\u00f3ns de \u20ac en operaci\u00f3ns que n\u00f3s non vemos. Por exemplo hai informes de intervenci\u00f3n que recomendan usar o remanente para pagar a auga a Vigo. E curiosamente o interventor fai esa recomendaci\u00f3n en xullo do ano pasado, e despois se liquida todo o remanente de tesourer\u00eda. O da auga son 6 mill\u00f3ns, a iso hai que sumarlle os 3 mill\u00f3ns en pr\u00e9stamos, m\u00e1is o que se lle debe aos comuneiros de Atios. A situaci\u00f3n econ\u00f3mica do concello \u00e9 delicada, comeza a ser preocupante, e a nosa valoraci\u00f3n negativa da xesti\u00f3n do goberno \u00e9 moi procedente.<\/p>\n<\/blockquote>\n\n\n\n<p><strong>No asunto da auga cres que o Concello poder\u00e1 evitar pagar eses cartos?<\/strong><\/p>\n\n\n\n<blockquote class=\"wp-block-quote is-layout-flow wp-block-quote-is-layout-flow\">\n<p>Non, imos ter que pagar.<\/p>\n<\/blockquote>\n\n\n\n<p><strong>E no asunto dos comuneiros de Atios?<\/strong><\/p>\n\n\n\n<blockquote class=\"wp-block-quote is-layout-flow wp-block-quote-is-layout-flow\">\n<p>Hai que pagar tam\u00e9n. O \u00fanico que hai que estipular \u00e9 desde cando.<\/p>\n<\/blockquote>\n\n\n\n<p><strong>A sentenza do caso \u201cdesbroces\u201d amosa que no Porri\u00f1o houbo lawfare?<\/strong><\/p>\n\n\n\n<blockquote class=\"wp-block-quote is-layout-flow wp-block-quote-is-layout-flow\">\n<p>Si. Est\u00e1 claro que o PP do Porri\u00f1o utilizou os xulgados para desgastar ao goberno. A sentenza descarta totalmente que ningu\u00e9n se lucrara con eses roces. \u00c9 un lawfare en toda regra.<\/p>\n<\/blockquote>\n\n\n\n<p><strong>Como \u00e9 a relaci\u00f3n co goberno?<\/strong><\/p>\n\n\n\n<blockquote class=\"wp-block-quote is-layout-flow wp-block-quote-is-layout-flow\">\n<p>Nula. Pero nula de parte da alcald\u00eda cara ao PSOE, e polo que eu sei cara ao BNG tam\u00e9n.<\/p>\n<\/blockquote>\n\n\n\n<p><strong>Aquela xuntanza entre o alcalde, ao pouco de chegar \u00e1 alcald\u00eda, e a Xunta na que se anunciaron un r\u00edo de actuaci\u00f3ns e proxectos para O Porri\u00f1o que resultados concretos tivo?<\/strong><\/p>\n\n\n\n<blockquote class=\"wp-block-quote is-layout-flow wp-block-quote-is-layout-flow\">\n<p>Quedou en bastante menos do que se anunciou: O centro de sa\u00fade, o parque da Feira e na r\u00faa Progreso. Tendo en conta a inmensa d\u00e9beda hist\u00f3rica que hai co Porri\u00f1o pois par\u00e9cenos rirse da xente. E quero dicir tam\u00e9n que o resultado destas d\u00faas \u00faltimas obras par\u00e9ceme moi cuestionable.<\/p>\n<\/blockquote>\n\n\n\n<p><strong>En relaci\u00f3n ao Lindano que tes que dicir?<\/strong><\/p>\n\n\n\n<blockquote class=\"wp-block-quote is-layout-flow wp-block-quote-is-layout-flow\">\n<p>O socialistas presentamos no parlamento galego unha proposta para monitorizar os resultados do rastreo e das captaci\u00f3ns que van facer para descontaminar. Temos unha preocupaci\u00f3n enorme pois se se superasen determinados valores os 7 mill\u00f3ns comprometidos para a descontaminar ser\u00edan absolutamente insuficientes<\/p>\n<\/blockquote>\n","protected":false},"excerpt":{"rendered":"<div class=\"mh-excerpt\"><p>Os socialistas do Porri\u00f1o iniciaron un necesario proceso de catarse despois do desastre das \u00faltimas municipais que lle deron ao PP de Alejandro Lorenzo a escandalosa cifra de 16 concelleiros sobre 21 posibles <a class=\"mh-excerpt-more\" href=\"https:\/\/www.anovapeneira.gal\/index.php\/2024\/06\/25\/david-alonso-voceiro-do-psoe-de-o-porrino\/\" title=\"David Alonso, voceiro do PSOE de O Porri\u00f1o\">[&#8230;]<\/a><\/p>\n<\/div>","protected":false},"author":23,"featured_media":11954,"comment_status":"open","ping_status":"open","sticky":false,"template":"","format":"standard","meta":{"_exactmetrics_skip_tracking":false,"_exactmetrics_sitenote_active":false,"_exactmetrics_sitenote_note":"","_exactmetrics_sitenote_category":0,"footnotes":""},"categories":[265],"tags":[411],"class_list":{"0":"post-11947","1":"post","2":"type-post","3":"status-publish","4":"format-standard","5":"has-post-thumbnail","7":"category-a-lourina-entrevistas","8":"tag-concello-do-porrino"},"yoast_head":"<!-- This site is optimized with the Yoast SEO plugin v27.4 - https:\/\/yoast.com\/product\/yoast-seo-wordpress\/ -->\n<title>David Alonso, voceiro do PSOE de O Porri\u00f1o -<\/title>\n<meta name=\"robots\" content=\"index, follow, max-snippet:-1, max-image-preview:large, max-video-preview:-1\" \/>\n<link rel=\"canonical\" href=\"https:\/\/www.anovapeneira.gal\/index.php\/2024\/06\/25\/david-alonso-voceiro-do-psoe-de-o-porrino\/\" \/>\n<meta property=\"og:locale\" content=\"gl_ES\" \/>\n<meta property=\"og:type\" content=\"article\" \/>\n<meta property=\"og:title\" content=\"David Alonso, voceiro do PSOE de O Porri\u00f1o -\" \/>\n<meta property=\"og:description\" content=\"Os socialistas do Porri\u00f1o iniciaron un necesario proceso de catarse despois do desastre das \u00faltimas municipais que lle deron ao PP de Alejandro Lorenzo a escandalosa cifra de 16 concelleiros sobre 21 posibles [...]\" \/>\n<meta property=\"og:url\" content=\"https:\/\/www.anovapeneira.gal\/index.php\/2024\/06\/25\/david-alonso-voceiro-do-psoe-de-o-porrino\/\" \/>\n<meta property=\"article:publisher\" content=\"https:\/\/www.facebook.com\/anovapeneira\" \/>\n<meta property=\"article:published_time\" content=\"2024-06-25T10:00:54+00:00\" \/>\n<meta property=\"og:image\" content=\"https:\/\/www.anovapeneira.gal\/wp-content\/uploads\/2024\/06\/david_alonso.jpg\" \/>\n\t<meta property=\"og:image:width\" content=\"720\" \/>\n\t<meta property=\"og:image:height\" content=\"432\" \/>\n\t<meta property=\"og:image:type\" content=\"image\/jpeg\" \/>\n<meta name=\"author\" content=\"Aar\u00f3n Franco\" \/>\n<meta name=\"twitter:card\" content=\"summary_large_image\" \/>\n<meta name=\"twitter:creator\" content=\"@APeneira\" \/>\n<meta name=\"twitter:site\" content=\"@APeneira\" \/>\n<meta name=\"twitter:label1\" content=\"Escrito por\" \/>\n\t<meta name=\"twitter:data1\" content=\"Aar\u00f3n Franco\" \/>\n\t<meta name=\"twitter:label2\" content=\"Tempo de lectura\" \/>\n\t<meta name=\"twitter:data2\" content=\"2 minutos\" \/>\n<script type=\"application\/ld+json\" class=\"yoast-schema-graph\">{\"@context\":\"https:\\\/\\\/schema.org\",\"@graph\":[{\"@type\":\"Article\",\"@id\":\"https:\\\/\\\/www.anovapeneira.gal\\\/index.php\\\/2024\\\/06\\\/25\\\/david-alonso-voceiro-do-psoe-de-o-porrino\\\/#article\",\"isPartOf\":{\"@id\":\"https:\\\/\\\/www.anovapeneira.gal\\\/index.php\\\/2024\\\/06\\\/25\\\/david-alonso-voceiro-do-psoe-de-o-porrino\\\/\"},\"author\":{\"name\":\"Aar\u00f3n Franco\",\"@id\":\"https:\\\/\\\/www.anovapeneira.gal\\\/#\\\/schema\\\/person\\\/a907e49c1885c12d6f281770afd68766\"},\"headline\":\"David Alonso, voceiro do PSOE de O Porri\u00f1o\",\"datePublished\":\"2024-06-25T10:00:54+00:00\",\"mainEntityOfPage\":{\"@id\":\"https:\\\/\\\/www.anovapeneira.gal\\\/index.php\\\/2024\\\/06\\\/25\\\/david-alonso-voceiro-do-psoe-de-o-porrino\\\/\"},\"wordCount\":913,\"commentCount\":0,\"publisher\":{\"@id\":\"https:\\\/\\\/www.anovapeneira.gal\\\/#organization\"},\"image\":{\"@id\":\"https:\\\/\\\/www.anovapeneira.gal\\\/index.php\\\/2024\\\/06\\\/25\\\/david-alonso-voceiro-do-psoe-de-o-porrino\\\/#primaryimage\"},\"thumbnailUrl\":\"https:\\\/\\\/www.anovapeneira.gal\\\/wp-content\\\/uploads\\\/2024\\\/06\\\/david_alonso.jpg\",\"keywords\":[\"Concello do Porri\u00f1o\"],\"articleSection\":[\"A Louri\u00f1a\"],\"inLanguage\":\"gl-ES\",\"potentialAction\":[{\"@type\":\"CommentAction\",\"name\":\"Comment\",\"target\":[\"https:\\\/\\\/www.anovapeneira.gal\\\/index.php\\\/2024\\\/06\\\/25\\\/david-alonso-voceiro-do-psoe-de-o-porrino\\\/#respond\"]}]},{\"@type\":\"WebPage\",\"@id\":\"https:\\\/\\\/www.anovapeneira.gal\\\/index.php\\\/2024\\\/06\\\/25\\\/david-alonso-voceiro-do-psoe-de-o-porrino\\\/\",\"url\":\"https:\\\/\\\/www.anovapeneira.gal\\\/index.php\\\/2024\\\/06\\\/25\\\/david-alonso-voceiro-do-psoe-de-o-porrino\\\/\",\"name\":\"David Alonso, voceiro do PSOE de O Porri\u00f1o -\",\"isPartOf\":{\"@id\":\"https:\\\/\\\/www.anovapeneira.gal\\\/#website\"},\"primaryImageOfPage\":{\"@id\":\"https:\\\/\\\/www.anovapeneira.gal\\\/index.php\\\/2024\\\/06\\\/25\\\/david-alonso-voceiro-do-psoe-de-o-porrino\\\/#primaryimage\"},\"image\":{\"@id\":\"https:\\\/\\\/www.anovapeneira.gal\\\/index.php\\\/2024\\\/06\\\/25\\\/david-alonso-voceiro-do-psoe-de-o-porrino\\\/#primaryimage\"},\"thumbnailUrl\":\"https:\\\/\\\/www.anovapeneira.gal\\\/wp-content\\\/uploads\\\/2024\\\/06\\\/david_alonso.jpg\",\"datePublished\":\"2024-06-25T10:00:54+00:00\",\"breadcrumb\":{\"@id\":\"https:\\\/\\\/www.anovapeneira.gal\\\/index.php\\\/2024\\\/06\\\/25\\\/david-alonso-voceiro-do-psoe-de-o-porrino\\\/#breadcrumb\"},\"inLanguage\":\"gl-ES\",\"potentialAction\":[{\"@type\":\"ReadAction\",\"target\":[\"https:\\\/\\\/www.anovapeneira.gal\\\/index.php\\\/2024\\\/06\\\/25\\\/david-alonso-voceiro-do-psoe-de-o-porrino\\\/\"]}]},{\"@type\":\"ImageObject\",\"inLanguage\":\"gl-ES\",\"@id\":\"https:\\\/\\\/www.anovapeneira.gal\\\/index.php\\\/2024\\\/06\\\/25\\\/david-alonso-voceiro-do-psoe-de-o-porrino\\\/#primaryimage\",\"url\":\"https:\\\/\\\/www.anovapeneira.gal\\\/wp-content\\\/uploads\\\/2024\\\/06\\\/david_alonso.jpg\",\"contentUrl\":\"https:\\\/\\\/www.anovapeneira.gal\\\/wp-content\\\/uploads\\\/2024\\\/06\\\/david_alonso.jpg\",\"width\":720,\"height\":432,\"caption\":\"David Alonso Porri\u00f1o\"},{\"@type\":\"BreadcrumbList\",\"@id\":\"https:\\\/\\\/www.anovapeneira.gal\\\/index.php\\\/2024\\\/06\\\/25\\\/david-alonso-voceiro-do-psoe-de-o-porrino\\\/#breadcrumb\",\"itemListElement\":[{\"@type\":\"ListItem\",\"position\":1,\"name\":\"Portada\",\"item\":\"https:\\\/\\\/www.anovapeneira.gal\\\/\"},{\"@type\":\"ListItem\",\"position\":2,\"name\":\"David Alonso, voceiro do PSOE de O Porri\u00f1o\"}]},{\"@type\":\"WebSite\",\"@id\":\"https:\\\/\\\/www.anovapeneira.gal\\\/#website\",\"url\":\"https:\\\/\\\/www.anovapeneira.gal\\\/\",\"name\":\"\",\"description\":\"Xornal galego de informaci\u00f3n xeral Publicaci\u00f3n mensual de novas de Galicia e en especial dos Concellos da sur da provincia de Pontevedra.\",\"publisher\":{\"@id\":\"https:\\\/\\\/www.anovapeneira.gal\\\/#organization\"},\"potentialAction\":[{\"@type\":\"SearchAction\",\"target\":{\"@type\":\"EntryPoint\",\"urlTemplate\":\"https:\\\/\\\/www.anovapeneira.gal\\\/?s={search_term_string}\"},\"query-input\":{\"@type\":\"PropertyValueSpecification\",\"valueRequired\":true,\"valueName\":\"search_term_string\"}}],\"inLanguage\":\"gl-ES\"},{\"@type\":\"Organization\",\"@id\":\"https:\\\/\\\/www.anovapeneira.gal\\\/#organization\",\"name\":\"A Nova Peneira\",\"url\":\"https:\\\/\\\/www.anovapeneira.gal\\\/\",\"logo\":{\"@type\":\"ImageObject\",\"inLanguage\":\"gl-ES\",\"@id\":\"https:\\\/\\\/www.anovapeneira.gal\\\/#\\\/schema\\\/logo\\\/image\\\/\",\"url\":\"http:\\\/\\\/www.anovapeneira.gal\\\/wp-content\\\/uploads\\\/2019\\\/06\\\/logo_a_nova_peneira_portal_web.png\",\"contentUrl\":\"http:\\\/\\\/www.anovapeneira.gal\\\/wp-content\\\/uploads\\\/2019\\\/06\\\/logo_a_nova_peneira_portal_web.png\",\"width\":300,\"height\":100,\"caption\":\"A Nova Peneira\"},\"image\":{\"@id\":\"https:\\\/\\\/www.anovapeneira.gal\\\/#\\\/schema\\\/logo\\\/image\\\/\"},\"sameAs\":[\"https:\\\/\\\/www.facebook.com\\\/anovapeneira\",\"https:\\\/\\\/x.com\\\/APeneira\"]},{\"@type\":\"Person\",\"@id\":\"https:\\\/\\\/www.anovapeneira.gal\\\/#\\\/schema\\\/person\\\/a907e49c1885c12d6f281770afd68766\",\"name\":\"Aar\u00f3n Franco\",\"image\":{\"@type\":\"ImageObject\",\"inLanguage\":\"gl-ES\",\"@id\":\"https:\\\/\\\/secure.gravatar.com\\\/avatar\\\/82f0614fe09ae3f066983f8d670d0ff15a0917fefe52b93ffa425275b87d6102?s=96&d=mm&r=g\",\"url\":\"https:\\\/\\\/secure.gravatar.com\\\/avatar\\\/82f0614fe09ae3f066983f8d670d0ff15a0917fefe52b93ffa425275b87d6102?s=96&d=mm&r=g\",\"contentUrl\":\"https:\\\/\\\/secure.gravatar.com\\\/avatar\\\/82f0614fe09ae3f066983f8d670d0ff15a0917fefe52b93ffa425275b87d6102?s=96&d=mm&r=g\",\"caption\":\"Aar\u00f3n Franco\"},\"sameAs\":[\"http:\\\/\\\/www.anovapeneira.gal\\\/\"],\"url\":\"https:\\\/\\\/www.anovapeneira.gal\\\/index.php\\\/author\\\/aaron-franco\\\/\"}]}<\/script>\n<!-- \/ Yoast SEO plugin. -->","yoast_head_json":{"title":"David Alonso, voceiro do PSOE de O Porri\u00f1o -","robots":{"index":"index","follow":"follow","max-snippet":"max-snippet:-1","max-image-preview":"max-image-preview:large","max-video-preview":"max-video-preview:-1"},"canonical":"https:\/\/www.anovapeneira.gal\/index.php\/2024\/06\/25\/david-alonso-voceiro-do-psoe-de-o-porrino\/","og_locale":"gl_ES","og_type":"article","og_title":"David Alonso, voceiro do PSOE de O Porri\u00f1o -","og_description":"Os socialistas do Porri\u00f1o iniciaron un necesario proceso de catarse despois do desastre das \u00faltimas municipais que lle deron ao PP de Alejandro Lorenzo a escandalosa cifra de 16 concelleiros sobre 21 posibles [...]","og_url":"https:\/\/www.anovapeneira.gal\/index.php\/2024\/06\/25\/david-alonso-voceiro-do-psoe-de-o-porrino\/","article_publisher":"https:\/\/www.facebook.com\/anovapeneira","article_published_time":"2024-06-25T10:00:54+00:00","og_image":[{"width":720,"height":432,"url":"https:\/\/www.anovapeneira.gal\/wp-content\/uploads\/2024\/06\/david_alonso.jpg","type":"image\/jpeg"}],"author":"Aar\u00f3n Franco","twitter_card":"summary_large_image","twitter_creator":"@APeneira","twitter_site":"@APeneira","twitter_misc":{"Escrito por":"Aar\u00f3n Franco","Tempo de lectura":"2 minutos"},"schema":{"@context":"https:\/\/schema.org","@graph":[{"@type":"Article","@id":"https:\/\/www.anovapeneira.gal\/index.php\/2024\/06\/25\/david-alonso-voceiro-do-psoe-de-o-porrino\/#article","isPartOf":{"@id":"https:\/\/www.anovapeneira.gal\/index.php\/2024\/06\/25\/david-alonso-voceiro-do-psoe-de-o-porrino\/"},"author":{"name":"Aar\u00f3n Franco","@id":"https:\/\/www.anovapeneira.gal\/#\/schema\/person\/a907e49c1885c12d6f281770afd68766"},"headline":"David Alonso, voceiro do PSOE de O Porri\u00f1o","datePublished":"2024-06-25T10:00:54+00:00","mainEntityOfPage":{"@id":"https:\/\/www.anovapeneira.gal\/index.php\/2024\/06\/25\/david-alonso-voceiro-do-psoe-de-o-porrino\/"},"wordCount":913,"commentCount":0,"publisher":{"@id":"https:\/\/www.anovapeneira.gal\/#organization"},"image":{"@id":"https:\/\/www.anovapeneira.gal\/index.php\/2024\/06\/25\/david-alonso-voceiro-do-psoe-de-o-porrino\/#primaryimage"},"thumbnailUrl":"https:\/\/www.anovapeneira.gal\/wp-content\/uploads\/2024\/06\/david_alonso.jpg","keywords":["Concello do Porri\u00f1o"],"articleSection":["A Louri\u00f1a"],"inLanguage":"gl-ES","potentialAction":[{"@type":"CommentAction","name":"Comment","target":["https:\/\/www.anovapeneira.gal\/index.php\/2024\/06\/25\/david-alonso-voceiro-do-psoe-de-o-porrino\/#respond"]}]},{"@type":"WebPage","@id":"https:\/\/www.anovapeneira.gal\/index.php\/2024\/06\/25\/david-alonso-voceiro-do-psoe-de-o-porrino\/","url":"https:\/\/www.anovapeneira.gal\/index.php\/2024\/06\/25\/david-alonso-voceiro-do-psoe-de-o-porrino\/","name":"David Alonso, voceiro do PSOE de O Porri\u00f1o -","isPartOf":{"@id":"https:\/\/www.anovapeneira.gal\/#website"},"primaryImageOfPage":{"@id":"https:\/\/www.anovapeneira.gal\/index.php\/2024\/06\/25\/david-alonso-voceiro-do-psoe-de-o-porrino\/#primaryimage"},"image":{"@id":"https:\/\/www.anovapeneira.gal\/index.php\/2024\/06\/25\/david-alonso-voceiro-do-psoe-de-o-porrino\/#primaryimage"},"thumbnailUrl":"https:\/\/www.anovapeneira.gal\/wp-content\/uploads\/2024\/06\/david_alonso.jpg","datePublished":"2024-06-25T10:00:54+00:00","breadcrumb":{"@id":"https:\/\/www.anovapeneira.gal\/index.php\/2024\/06\/25\/david-alonso-voceiro-do-psoe-de-o-porrino\/#breadcrumb"},"inLanguage":"gl-ES","potentialAction":[{"@type":"ReadAction","target":["https:\/\/www.anovapeneira.gal\/index.php\/2024\/06\/25\/david-alonso-voceiro-do-psoe-de-o-porrino\/"]}]},{"@type":"ImageObject","inLanguage":"gl-ES","@id":"https:\/\/www.anovapeneira.gal\/index.php\/2024\/06\/25\/david-alonso-voceiro-do-psoe-de-o-porrino\/#primaryimage","url":"https:\/\/www.anovapeneira.gal\/wp-content\/uploads\/2024\/06\/david_alonso.jpg","contentUrl":"https:\/\/www.anovapeneira.gal\/wp-content\/uploads\/2024\/06\/david_alonso.jpg","width":720,"height":432,"caption":"David Alonso Porri\u00f1o"},{"@type":"BreadcrumbList","@id":"https:\/\/www.anovapeneira.gal\/index.php\/2024\/06\/25\/david-alonso-voceiro-do-psoe-de-o-porrino\/#breadcrumb","itemListElement":[{"@type":"ListItem","position":1,"name":"Portada","item":"https:\/\/www.anovapeneira.gal\/"},{"@type":"ListItem","position":2,"name":"David Alonso, voceiro do PSOE de O Porri\u00f1o"}]},{"@type":"WebSite","@id":"https:\/\/www.anovapeneira.gal\/#website","url":"https:\/\/www.anovapeneira.gal\/","name":"","description":"Xornal galego de informaci\u00f3n xeral Publicaci\u00f3n mensual de novas de Galicia e en especial dos Concellos da sur da provincia de Pontevedra.","publisher":{"@id":"https:\/\/www.anovapeneira.gal\/#organization"},"potentialAction":[{"@type":"SearchAction","target":{"@type":"EntryPoint","urlTemplate":"https:\/\/www.anovapeneira.gal\/?s={search_term_string}"},"query-input":{"@type":"PropertyValueSpecification","valueRequired":true,"valueName":"search_term_string"}}],"inLanguage":"gl-ES"},{"@type":"Organization","@id":"https:\/\/www.anovapeneira.gal\/#organization","name":"A Nova Peneira","url":"https:\/\/www.anovapeneira.gal\/","logo":{"@type":"ImageObject","inLanguage":"gl-ES","@id":"https:\/\/www.anovapeneira.gal\/#\/schema\/logo\/image\/","url":"http:\/\/www.anovapeneira.gal\/wp-content\/uploads\/2019\/06\/logo_a_nova_peneira_portal_web.png","contentUrl":"http:\/\/www.anovapeneira.gal\/wp-content\/uploads\/2019\/06\/logo_a_nova_peneira_portal_web.png","width":300,"height":100,"caption":"A Nova Peneira"},"image":{"@id":"https:\/\/www.anovapeneira.gal\/#\/schema\/logo\/image\/"},"sameAs":["https:\/\/www.facebook.com\/anovapeneira","https:\/\/x.com\/APeneira"]},{"@type":"Person","@id":"https:\/\/www.anovapeneira.gal\/#\/schema\/person\/a907e49c1885c12d6f281770afd68766","name":"Aar\u00f3n Franco","image":{"@type":"ImageObject","inLanguage":"gl-ES","@id":"https:\/\/secure.gravatar.com\/avatar\/82f0614fe09ae3f066983f8d670d0ff15a0917fefe52b93ffa425275b87d6102?s=96&d=mm&r=g","url":"https:\/\/secure.gravatar.com\/avatar\/82f0614fe09ae3f066983f8d670d0ff15a0917fefe52b93ffa425275b87d6102?s=96&d=mm&r=g","contentUrl":"https:\/\/secure.gravatar.com\/avatar\/82f0614fe09ae3f066983f8d670d0ff15a0917fefe52b93ffa425275b87d6102?s=96&d=mm&r=g","caption":"Aar\u00f3n Franco"},"sameAs":["http:\/\/www.anovapeneira.gal\/"],"url":"https:\/\/www.anovapeneira.gal\/index.php\/author\/aaron-franco\/"}]}},"jetpack_featured_media_url":"https:\/\/www.anovapeneira.gal\/wp-content\/uploads\/2024\/06\/david_alonso.jpg","_links":{"self":[{"href":"https:\/\/www.anovapeneira.gal\/index.php\/wp-json\/wp\/v2\/posts\/11947","targetHints":{"allow":["GET"]}}],"collection":[{"href":"https:\/\/www.anovapeneira.gal\/index.php\/wp-json\/wp\/v2\/posts"}],"about":[{"href":"https:\/\/www.anovapeneira.gal\/index.php\/wp-json\/wp\/v2\/types\/post"}],"author":[{"embeddable":true,"href":"https:\/\/www.anovapeneira.gal\/index.php\/wp-json\/wp\/v2\/users\/23"}],"replies":[{"embeddable":true,"href":"https:\/\/www.anovapeneira.gal\/index.php\/wp-json\/wp\/v2\/comments?post=11947"}],"version-history":[{"count":1,"href":"https:\/\/www.anovapeneira.gal\/index.php\/wp-json\/wp\/v2\/posts\/11947\/revisions"}],"predecessor-version":[{"id":11948,"href":"https:\/\/www.anovapeneira.gal\/index.php\/wp-json\/wp\/v2\/posts\/11947\/revisions\/11948"}],"wp:featuredmedia":[{"embeddable":true,"href":"https:\/\/www.anovapeneira.gal\/index.php\/wp-json\/wp\/v2\/media\/11954"}],"wp:attachment":[{"href":"https:\/\/www.anovapeneira.gal\/index.php\/wp-json\/wp\/v2\/media?parent=11947"}],"wp:term":[{"taxonomy":"category","embeddable":true,"href":"https:\/\/www.anovapeneira.gal\/index.php\/wp-json\/wp\/v2\/categories?post=11947"},{"taxonomy":"post_tag","embeddable":true,"href":"https:\/\/www.anovapeneira.gal\/index.php\/wp-json\/wp\/v2\/tags?post=11947"}],"curies":[{"name":"wp","href":"https:\/\/api.w.org\/{rel}","templated":true}]}}