{"id":11949,"date":"2024-06-26T10:00:58","date_gmt":"2024-06-26T08:00:58","guid":{"rendered":"https:\/\/www.anovapeneira.gal\/?p=11949"},"modified":"2024-06-26T18:57:28","modified_gmt":"2024-06-26T16:57:28","slug":"javier-bas-presidente-do-pp-de-redondela-2","status":"publish","type":"post","link":"https:\/\/www.anovapeneira.gal\/index.php\/2024\/06\/26\/javier-bas-presidente-do-pp-de-redondela-2\/","title":{"rendered":"Javier Bas presidente do PP de Redondela"},"content":{"rendered":"\n<p><strong>Un ano m\u00e1is Javier Bas atendeunos con moita amabilidade e con el mantivemos unha moi extensa conversa na que nos ofreceu a s\u00faa visi\u00f3n sobre a pol\u00edtica local, e sobre diversos aspectos da realidade galega. Vela\u00ed vai o que deu de si.<\/strong><\/p>\n\n\n\n<p>\u201c <strong>A situaci\u00f3n econ\u00f3mica do Concello de Redondela \u00e9 tan grave que os pagos ordinarios poden verse comprometidos\u201d<\/strong><\/p>\n\n\n\n<p><strong>Como valoras o resultado das recentes elecci\u00f3ns europeas?<\/strong><\/p>\n\n\n\n<blockquote class=\"wp-block-quote is-layout-flow wp-block-quote-is-layout-flow\">\n<p>Ben, \u00e9 evidente que a aposta maioritaria da sociedade espa\u00f1ola, elecci\u00f3n tras elecci\u00f3n, \u00e9 outorgar a s\u00faa confianza ao PP. N\u00f3s somos unha organizaci\u00f3n, centrada, moderada, sensata e responsable. Somos o partido do \u201c sentidi\u00f1o\u201d, o partido das persoas normais que pelexan por ga\u00f1ar a vida con dignidade e que s\u00f3 queren vivir en paz. E a maior\u00eda da sociedade as\u00ed o reco\u00f1ece.<\/p>\n<\/blockquote>\n\n\n\n<p><strong>Esa visi\u00f3n positiva dos vosos resultados \u00e9 a mesma para o estado espa\u00f1ol, para Galicia e para Redondela?<\/strong><\/p>\n\n\n\n<blockquote class=\"wp-block-quote is-layout-flow wp-block-quote-is-layout-flow\">\n<p>En Espa\u00f1a a vitoria e indiscutible, en Galicia, con cambio de l\u00edder inclu\u00eddo, seguimos a conservar a confianza abafadora da maior\u00eda social da nosa comunidade. Quixera destacar o magn\u00edfico traballo de Rueda, cargado de sensatez. O noso presidente \u00e9 todo un luxo para o noso pobo. E en Redondela nas \u00faltimas municipais tivemos un magn\u00edfico resultado cun 45% de respaldo.<\/p>\n<\/blockquote>\n\n\n\n<p><strong>Non chegou<\/strong><\/p>\n\n\n\n<blockquote class=\"wp-block-quote is-layout-flow wp-block-quote-is-layout-flow\">\n<p>Non chegou \u00e1 maior\u00eda absoluta, pero foi unha vitoria moi clara.<\/p>\n<\/blockquote>\n\n\n\n<p><strong>Non chegou para darche \u00e1 alcald\u00eda<\/strong><\/p>\n\n\n\n<blockquote class=\"wp-block-quote is-layout-flow wp-block-quote-is-layout-flow\">\n<p>Chegou para que o noso modelo de xesti\u00f3n, 8 anos na alcald\u00eda de Redondela, recibise o aval maioritario da sociedade de Redondela.<\/p>\n<\/blockquote>\n\n\n\n<p><strong>Ben. A vitoria en Galicia \u00e9 incontestable .No estado ga\u00f1astes tam\u00e9n, pero eu creo que por baixo das vosas expectativas: 4 puntos est\u00e1n no l\u00edmite e danlle a\u00ednda a opci\u00f3n a S\u00e1nchez de esgotar a lexislatura. E en Redondela, eu pregunt\u00e1bache polas europeas e ti cont\u00e9stasme coas municipais, quedastes 10 puntos por baixo da media galega: 43% en Galicia e 33% en Redondela. Por que o PP de Redondela est\u00e1 moi baixo do PP de Galicia?<\/strong><\/p>\n\n\n\n<blockquote class=\"wp-block-quote is-layout-flow wp-block-quote-is-layout-flow\">\n<p>As raz\u00f3ns son de tipo hist\u00f3rico. Redondela estivo gobernada arredor de tres d\u00e9cadas por un alcalde do partido socialista. Esa circunstancia deixa pegada na psique colectiva e d\u00e1lle \u00e1 esquerda de Redondela un espazo m\u00e1is amplo do que o te\u00f1en noutras localidades. N\u00f3s, d\u00edgoo con toda humildade, creo que facemos un bo traballo e se nos reco\u00f1ece ampli\u00e1ndonos m\u00e1is o espazo cada vez. Por outra parte o desgaste do PSOE en Redondela \u00e9 m\u00e1is que evidente, pois nestas europeas baixou 2.000 votos con relaci\u00f3n \u00e1s anteriores.<\/p>\n<\/blockquote>\n\n\n\n<p><strong>Algo que non aproveitastes v\u00f3s, pois s\u00f3 subistes 155 votos<\/strong><\/p>\n\n\n\n<blockquote class=\"wp-block-quote is-layout-flow wp-block-quote-is-layout-flow\">\n<p>Son votos potencialmente m\u00e1is f\u00e1ciles de recoller polo BNG e tampouco os aproveitou pois a s\u00faa suba \u00e9 moi inferior a esa cantidade de votos que perde o PSOE. Ese voto queda na abstenci\u00f3n pois os socialistas de Redondela perden a confianza da cidadan\u00eda elecci\u00f3n tras elecci\u00f3n.<\/p>\n<\/blockquote>\n\n\n\n<p><strong>Ben. Imos entrar en Redondela: Valoraci\u00f3n deste ano de mandato?<\/strong><\/p>\n\n\n\n<blockquote class=\"wp-block-quote is-layout-flow wp-block-quote-is-layout-flow\">\n<p>A valoraci\u00f3n que fai o PP de Redondela,sobre o goberno da nosa localidade, \u00e9 a mesma que fan todos os colectivos veci\u00f1ais. E todos, sexan da \u00e1rea que sexan, est\u00e1n moi desgustados co goberno local. No centro a situaci\u00f3n \u00e9 mala, pero nas parroquias a situaci\u00f3n \u00e9 peor que mala: Non se arranxan os cami\u00f1os, non se roza, non se lle ofrece seguridade \u00e1 veci\u00f1anza ante os posibles delitos que poidan sufrir, e non hai seguridade de que calquera emerxencia que poida acontecer poida ser atendida como \u00e9 debido.<\/p>\n<\/blockquote>\n\n\n\n<blockquote class=\"wp-block-quote is-layout-flow wp-block-quote-is-layout-flow\">\n<p>Por outra parte un goberno presuntamente de esquerdas carece da m\u00e1is m\u00ednima empat\u00eda ante os segmentos m\u00e1is vulnerables da sociedade.<\/p>\n<\/blockquote>\n\n\n\n<p><strong>A que te refires con iso da suposta falta de empat\u00eda?<\/strong><\/p>\n\n\n\n<blockquote class=\"wp-block-quote is-layout-flow wp-block-quote-is-layout-flow\">\n<p>Ref\u00edrome \u00e1 desastrosa xesti\u00f3n do tema do SAF. Foi tan lamentable que a alcaldesa ter\u00eda que ter dimitido. Ao igual que debera ter presentado a dimisi\u00f3n pola s\u00faa nefasta xesti\u00f3n econ\u00f3mica.<\/p>\n<\/blockquote>\n\n\n\n<p><strong>Imos por partes. F\u00e1lame do SAF?<\/strong><\/p>\n\n\n\n<blockquote class=\"wp-block-quote is-layout-flow wp-block-quote-is-layout-flow\">\n<p>Agora xa est\u00e1 adxudicado a unha nova empresa. Pero tardouse moito en resolver. Como sabes n\u00f3s ofreceramos unha alternativa, avalada xuridicamente, que o Concello non quixo aceptar.<\/p>\n<\/blockquote>\n\n\n\n<p><strong>Podes afirmar de maneira taxativa que se esa alternativa se tivera tido en conta ese problema estar\u00eda xa resolto?<\/strong><\/p>\n\n\n\n<blockquote class=\"wp-block-quote is-layout-flow wp-block-quote-is-layout-flow\">\n<p>Si. Nese mesmo momento. O problema \u00e9 que ao goberno lle faltou valent\u00eda para axudar \u00e1s persoas m\u00e1is vulnerables. E tampouco penalizou como debera un servizo que foi manifestamente deficiente. Ata o punto de que deixar a unha persoa toda a noite nunha mesa sen atender foi considerado falta leve.<\/p>\n<\/blockquote>\n\n\n\n<p><strong>Ben, agora temos unha nova empresa. O procedemento que seguiu o goberno para chegar aqu\u00ed como foi para o PP?<\/strong><\/p>\n\n\n\n<blockquote class=\"wp-block-quote is-layout-flow wp-block-quote-is-layout-flow\">\n<p>Ese procedemento si est\u00e1 ben feito. N\u00f3s estaremos moi atentos para que, no caso de que volvan existir deficiencias no servizo, o goberno exerza a s\u00faa responsabilidade.<\/p>\n<\/blockquote>\n\n\n\n<p><strong>Falemos agora da situaci\u00f3n econ\u00f3mica?<\/strong><\/p>\n\n\n\n<blockquote class=\"wp-block-quote is-layout-flow wp-block-quote-is-layout-flow\">\n<p>\u00c9 moi grave.<\/p>\n<\/blockquote>\n\n\n\n<p><strong>Por que?<\/strong><\/p>\n\n\n\n<blockquote class=\"wp-block-quote is-layout-flow wp-block-quote-is-layout-flow\">\n<p>N\u00f3s no noso goberno ti\u00f1amos especialistas reputados en cada \u00e1rea. Este goberno est\u00e1 composto por persoas inexpertas. Ese \u00e9 o motivo da grave situaci\u00f3n econ\u00f3mica. Non respectan os procedementos e gastan m\u00e1is do que poden gastar. Tanto \u00e9 as\u00ed que hab\u00eda moit\u00edsimas facturas sen control . N\u00f3s cando chegamos no ano 11 topamos no caix\u00f3n 2 mill\u00f3ns de \u20ac de facturas sen pagar,unha situaci\u00f3n semellante \u00e1 que hai agora, de feito o outro d\u00eda levouse ao pleno un reco\u00f1ecemento de cr\u00e9dito para pagar arredor de 3 mill\u00f3ns de \u20ac.<\/p>\n<\/blockquote>\n\n\n\n<p><strong>E v\u00f3s votastes en contra<\/strong><\/p>\n\n\n\n<blockquote class=\"wp-block-quote is-layout-flow wp-block-quote-is-layout-flow\">\n<p>Si, pero n\u00f3s non votamos en contra e pagar as facturas. N\u00f3s formulamos unha alternativa para desagregar as facturas e pagar por bloques. Se nos presentasen as facturas de pequenas empresas, que estivesen correctamente fiscalizadas, teriamos votado a favor.<\/p>\n<\/blockquote>\n\n\n\n<p><strong>De que maneira formulastes esa proposta?<\/strong><\/p>\n\n\n\n<blockquote class=\"wp-block-quote is-layout-flow wp-block-quote-is-layout-flow\">\n<p>Na comisi\u00f3n de facenda.<\/p>\n<\/blockquote>\n\n\n\n<p><strong>Por que vos dixo o goberno que non?<\/strong><\/p>\n\n\n\n<blockquote class=\"wp-block-quote is-layout-flow wp-block-quote-is-layout-flow\">\n<p>Aludiron que de facerse as\u00ed, os pagos se demorar\u00edan no tempo.<\/p>\n<\/blockquote>\n\n\n\n<p><strong>Parece unha alusi\u00f3n razoable<\/strong><\/p>\n\n\n\n<blockquote class=\"wp-block-quote is-layout-flow wp-block-quote-is-layout-flow\">\n<p>Non, non \u00e9 certo. N\u00f3s xa ti\u00f1amos identificados ata 800.000\u20ac que se poder\u00edan pagar de inmediato. E estabamos dispostos a facer todos os plenos extraordinarios que fosen necesarios para solucionar todos os pagos o m\u00e1is r\u00e1pido posible. N\u00f3s non estamos dispostos a avalar ning\u00fan tipo de irregularidade, e avalaremos o pago de todo,claro que si, pero de todo o que te\u00f1amos constancia absoluta de que \u00e9 un servizo prestado realmente e correctamente fiscalizado.<\/p>\n<\/blockquote>\n\n\n\n<p><strong>O goberno afirma tam\u00e9n que parte da culpa dos atrasos nos pagos d\u00e9bese a un problema inform\u00e1tico?<\/strong><\/p>\n\n\n\n<blockquote class=\"wp-block-quote is-layout-flow wp-block-quote-is-layout-flow\">\n<p>Si, houbo un problema inform\u00e1tico, \u00e9 verdade. Pero hai facturas moi anteriores a ese problema. N\u00f3s cando chegamos no ano 11 ti\u00f1amos unha d\u00e9beda cos bancos de m\u00e1is de 10 mill\u00f3ns de \u20ac e logramos , cando sa\u00edmos no 19, que esa d\u00e9beda estivera practicamente pagada. Agora temos un concello con d\u00e9beda 0.<\/p>\n<\/blockquote>\n\n\n\n<p><strong>Pero se v\u00f3s no ano 19 deixastes\u201d a d\u00e9beda practicamente pagada\u201d e hoxe no ano 24 a d\u00e9beda \u00e9 0 podemos dicir que nestes cinco anos de xesti\u00f3n econ\u00f3mica do goberno socialista algo bo far\u00edan, porque est\u00e1s a reco\u00f1ecer que non se endebedaron?<\/strong><\/p>\n\n\n\n<blockquote class=\"wp-block-quote is-layout-flow wp-block-quote-is-layout-flow\">\n<p>Non<\/p>\n<\/blockquote>\n\n\n\n<p><strong>Como que non?<\/strong><\/p>\n\n\n\n<blockquote class=\"wp-block-quote is-layout-flow wp-block-quote-is-layout-flow\">\n<p>Endebedouse cos veci\u00f1os. Eles presumen de que te\u00f1en un remanente de arredor de 3,8 mill\u00f3ns, pero te\u00f1en ese super\u00e1vit porque non pagaron as facturas. E n\u00f3s, no noso goberno, cada ano, ti\u00f1amos un super\u00e1vit superior a esa cantidade e pagando todas as facturas. Se pagaran as facturas pendentes o super\u00e1vit ser\u00eda 0.<\/p>\n<\/blockquote>\n\n\n\n<p><strong>De canto foi o reco\u00f1ecemento de cr\u00e9dito?<\/strong><\/p>\n\n\n\n<blockquote class=\"wp-block-quote is-layout-flow wp-block-quote-is-layout-flow\">\n<p>De 3,1 mill\u00f3ns.<\/p>\n<\/blockquote>\n\n\n\n<p><strong>Ent\u00f3n o super\u00e1vit non ser\u00eda de 0, ser\u00eda de 0,7?<\/strong><\/p>\n\n\n\n<blockquote class=\"wp-block-quote is-layout-flow wp-block-quote-is-layout-flow\">\n<p>Non porque en xaneiro houbo outro reco\u00f1ecemento de 600.000\u20ac.Ademais estou seguro de que van aparecer m\u00e1is facturas sen pagar. A situaci\u00f3n econ\u00f3mica \u00e9 moi grave ata o punto de que os pagos ordinarios poden verse comprometidos.<\/p>\n<\/blockquote>\n\n\n\n<p><strong>Eso \u00e9 moi serio, Javier. Reafirmas que a situaci\u00f3n econ\u00f3mica do Concello, ao teu xu\u00edzo, \u00e9 tan grave?<\/strong><\/p>\n\n\n\n<blockquote class=\"wp-block-quote is-layout-flow wp-block-quote-is-layout-flow\">\n<p>\u00c9 que \u00e9 unha situaci\u00f3n econ\u00f3mica moi grave claro que si. F\u00edxate, a\u00ednda non presentaron a conta xeral do 2022 , e en consecuencia todas as solicitudes de subvenci\u00f3n auton\u00f3mica as est\u00e1n perdendo.<\/p>\n<\/blockquote>\n\n\n\n<p><strong>Podemos cuantificar o importe desas subvenci\u00f3ns que dis que perderon?<\/strong><\/p>\n\n\n\n<blockquote class=\"wp-block-quote is-layout-flow wp-block-quote-is-layout-flow\">\n<p>Arredor de 2 mill\u00f3ns de \u20ac.N\u00f3s cando deixamos o goberno o per\u00edodo medio de pago a provedores era de 20 d\u00edas, agora \u00e9 de 90 cando o que permite a lei son 30.<\/p>\n<\/blockquote>\n\n\n\n<p><strong>Ben e no que respecta \u00e1 xesti\u00f3n do d\u00eda a d\u00eda?<\/strong><\/p>\n\n\n\n<blockquote class=\"wp-block-quote is-layout-flow wp-block-quote-is-layout-flow\">\n<p>Suspenden claramente. Funcionan a golpe de Facebook.<\/p>\n<\/blockquote>\n\n\n\n<p><strong>Expl\u00edcame iso do Facebook?<\/strong><\/p>\n\n\n\n<blockquote class=\"wp-block-quote is-layout-flow wp-block-quote-is-layout-flow\">\n<p>Cada vez que aparece algunha denuncia no Facebook, sobre a existencia dalgunha incidencia, reaccionan e \u00e9 nese momento cando a arranxan.<\/p>\n<\/blockquote>\n\n\n\n<p><strong>Ref\u00edreste ao Facebook do PP de Redondela?<\/strong><\/p>\n\n\n\n<blockquote class=\"wp-block-quote is-layout-flow wp-block-quote-is-layout-flow\">\n<p>N\u00f3s colaboramos. Se fas un seguimento do Facebook do PP de Redondela ver\u00e1s como os arranxos das incidencias adoitan ser moi pouco tempo despois das nosas denuncias.<\/p>\n<\/blockquote>\n\n\n\n<p><strong>Por\u00e9n, hoxe mesmo( 14\/06) nas redes dos socialistas de Redondela mencionan unha denuncia vosa sobre a situaci\u00f3n de Arealonga e din que a denuncia \u00e9 falsa , pois, segundo os socialistas, a foto que puxestes era anterior \u00e1 denuncia e o problema xa estaba arranxado antes de que v\u00f3s denunciarades. Expl\u00edcame este episodio?<\/strong><\/p>\n\n\n\n<blockquote class=\"wp-block-quote is-layout-flow wp-block-quote-is-layout-flow\">\n<p>Esa denuncia ven da nota que nos env\u00eda un veci\u00f1o.<\/p>\n<\/blockquote>\n\n\n\n<p><strong>E non contrastastes a s\u00faa veracidade?<\/strong><\/p>\n\n\n\n<blockquote class=\"wp-block-quote is-layout-flow wp-block-quote-is-layout-flow\">\n<p>Si, si, est\u00e1 contrastado.<\/p>\n<\/blockquote>\n\n\n\n<p><strong>Ent\u00f3n?<\/strong><\/p>\n\n\n\n<blockquote class=\"wp-block-quote is-layout-flow wp-block-quote-is-layout-flow\">\n<p>Ben. Non me creo que a informaci\u00f3n do partido socialista sexa correcta. En calquera caso pode haber un desfase de dous ou tres d\u00edas que tardaramos n\u00f3s en subir a nova. Pero iso \u00e9 unha an\u00e9cdota. O substancial \u00e9 que o goberno soluciona as incidencias despois de que se denuncie a s\u00faa existencia no Facebook.<\/p>\n<\/blockquote>\n\n\n\n<p><strong>De todas maneiras \u00e9 imposible para calquera goberno municipal co\u00f1ecer a priori todas as incidencias de todo o Concello. Cal \u00e9 o problema en que se act\u00fae r\u00e1pido para solucionar calquera incidencia que denuncie algu\u00e9n nunha rede social?<\/strong><\/p>\n\n\n\n<blockquote class=\"wp-block-quote is-layout-flow wp-block-quote-is-layout-flow\">\n<p>Si, se eu asumo que \u00e9 imposible chegar a todo. Pero o problema non \u00e9 ese, o problema \u00e9 que non existe ning\u00fan tipo de planificaci\u00f3n de traballo. Non se planifican nin os roces, nin o asfaltado nin o alumeado, nin se cumpren as normas nin os procedementos&#8230;Fan todo tan mal que \u00e1s veces danse de conta de que te\u00f1en que volver aos modelos do PP<\/p>\n<\/blockquote>\n\n\n\n<p><strong>Por exemplo?<\/strong><\/p>\n\n\n\n<blockquote class=\"wp-block-quote is-layout-flow wp-block-quote-is-layout-flow\">\n<p>Na festa do Choco. O modelo da carpa que inicialmente desbotaron e logo retomaron. A\u00ednda as\u00ed esa festa est\u00e1 desvalorizada e ten moito menos prestixio que cando a faciamos n\u00f3s.<\/p>\n<\/blockquote>\n\n\n\n<p><strong>Cal \u00e9 a administraci\u00f3n titular da Avenida Mendi\u00f1o?<\/strong><\/p>\n\n\n\n<blockquote class=\"wp-block-quote is-layout-flow wp-block-quote-is-layout-flow\">\n<p>O que \u00e9 a estrada \u00e9 da Xunta de Galicia.<\/p>\n<\/blockquote>\n\n\n\n<p><strong>A Xunta comp\u00f3rtase adecuadamente con Redondela en relaci\u00f3n con esa avenida?<\/strong><\/p>\n\n\n\n<blockquote class=\"wp-block-quote is-layout-flow wp-block-quote-is-layout-flow\">\n<p>A Xunta ti\u00f1a aprobado un proxecto e un orzamento para desenvolver. O problema \u00e9 que tanto a alcaldesa como o BNG dixeron que ese proxecto non lles gustaba. Presentaron na Xunta unha moci\u00f3n, creo que foi o BNG, na que piden mudar ese proxecto. E al\u00ed tanto o PSOE como o BNG votaron que quer\u00edan outra cousa.<\/p>\n<\/blockquote>\n\n\n\n<p><strong>Onde \u00e9 \u201c al\u00ed\u201d?<\/strong><\/p>\n\n\n\n<blockquote class=\"wp-block-quote is-layout-flow wp-block-quote-is-layout-flow\">\n<p>No parlamento galego.<\/p>\n<\/blockquote>\n\n\n\n<p><strong>Pero imaxino que esa votaci\u00f3n a perder\u00edan porque v\u00f3s tedes maior\u00eda absoluta no parlamento?<\/strong><\/p>\n\n\n\n<blockquote class=\"wp-block-quote is-layout-flow wp-block-quote-is-layout-flow\">\n<p>N\u00f3s niso non nos metemos.<\/p>\n<\/blockquote>\n\n\n\n<p><strong>E logo que votastes?<\/strong><\/p>\n\n\n\n<blockquote class=\"wp-block-quote is-layout-flow wp-block-quote-is-layout-flow\">\n<p>Non o sei. Eu o que che digo \u00e9 que a Xunta de Galicia non vai facer unha obra coa que o equipo de goberno non est\u00e1 de acordo. Recentemente o equipo de goberno tivo unha xuntanza coa Xunta na que lle dixo o que quer\u00edan. A Xunta de Galicia o que non vai facer \u00e9 ir en contra dun goberno local<\/p>\n<\/blockquote>\n\n\n\n<p><strong>A min iso par\u00e9ceme un pouco estra\u00f1o: Ence, e\u00f3licos, Altri&#8230;..<\/strong><\/p>\n\n\n\n<blockquote class=\"wp-block-quote is-layout-flow wp-block-quote-is-layout-flow\">\n<p>Eu estouche falando do que pasou nese tema. A Xunta de Galicia non \u00eda facer unha obra na que o goberno local \u00eda po\u00f1er problemas para que se desenvolva. Para n\u00f3s ese proxecto era bo e se estiveramos no goberno xa estar\u00eda feito. E n\u00f3s estabamos negociando que a depuradora sa\u00edra de al\u00ed.<\/p>\n<\/blockquote>\n\n\n\n<p><strong>Como est\u00e1 a situaci\u00f3n sanitaria de Redondela?<\/strong><\/p>\n\n\n\n<blockquote class=\"wp-block-quote is-layout-flow wp-block-quote-is-layout-flow\">\n<p>Hai un cambio de paradigma no modelo sanidade p\u00fablica e n\u00f3s estamos en proceso de adaptaci\u00f3n. Os problemas que poida ter a atenci\u00f3n primaria non son unha cuesti\u00f3n de Redondela, sen\u00f3n que hai un problema de contrataci\u00f3n e \u00e9 algo que afecta a todo o estado. Eu recordo que cando estaba en Madrid, no congreso, pretendiamos que se puideran facer un maior n\u00famero de contrataci\u00f3ns e sempre topamos co voto negativo do PSOE<\/p>\n<\/blockquote>\n\n\n\n<p><strong>Ben, na situaci\u00f3n da atenci\u00f3n primaria en Galicia algo ter\u00e1 que dicir o PP , pois a competencia da sanidade xesti\u00f3naa \u00e1 Xunta?<\/strong><\/p>\n\n\n\n<blockquote class=\"wp-block-quote is-layout-flow wp-block-quote-is-layout-flow\">\n<p>Si, claro que temos que dicir: n\u00f3s xestionamos os recursos que temos coa maior eficiencia posible. De feito segundo o informe que publica o ministerio de sanidade, con datos a decembro do 2023, Galicia \u00e9 a terceira comunidade aut\u00f3noma con mellores datos en relaci\u00f3n aos tempos de espera para acceder a unha cirurx\u00eda.<\/p>\n<\/blockquote>\n\n\n\n<p><strong>Como quedou, ao teu xu\u00edzo, a praza de Ponteareas?<\/strong><\/p>\n\n\n\n<blockquote class=\"wp-block-quote is-layout-flow wp-block-quote-is-layout-flow\">\n<p>N\u00f3s temos moito que ver nesa actuaci\u00f3n. N\u00f3s conseguimos os fondos e n\u00f3s contratamos ao equipo redactor En calquera caso o resultado final a min non me gusta: demasiado cemento e pouca zona verde.<\/p>\n<\/blockquote>\n\n\n\n<p><strong>Como te sentes no teu traballo na DEPO?<\/strong><\/p>\n\n\n\n<blockquote class=\"wp-block-quote is-layout-flow wp-block-quote-is-layout-flow\">\n<p>\u00datil. Trato de trasladar a presidencia a realidade dos distintos concellos e os problemas que padecen. Desa maneira podemos ir tomando medidas para corrixilos.<\/p>\n<\/blockquote>\n\n\n\n<p><strong>Tratas por igual aos alcaldes e alcaldesas con independencia de que partido sexan?<\/strong><\/p>\n\n\n\n<blockquote class=\"wp-block-quote is-layout-flow wp-block-quote-is-layout-flow\">\n<p>Indiscutiblemente si.<\/p>\n<\/blockquote>\n\n\n\n<p><strong>Ides darlle unha soluci\u00f3n \u00e1 estrada de Nespereira?<\/strong><\/p>\n\n\n\n<blockquote class=\"wp-block-quote is-layout-flow wp-block-quote-is-layout-flow\">\n<p>Si. Os veci\u00f1os te\u00f1en raz\u00f3n e desde a DEPO xa iniciamos o procedemento para darlle soluci\u00f3n.<\/p>\n<\/blockquote>\n\n\n\n<p><strong>Rematamos: A\u00ednda que faltan 3 anos xa sabes se vas repetir no 27 como candidato do PP \u00e1 alcald\u00eda de Redondela?<\/strong><\/p>\n\n\n\n<blockquote class=\"wp-block-quote is-layout-flow wp-block-quote-is-layout-flow\">\n<p>Iso non o decido eu, dec\u00eddeo o partido. Temos un equipo de traballo magn\u00edfico e xa veremos o que pasa de aqu\u00ed a 3 anos.<\/p>\n<\/blockquote>\n","protected":false},"excerpt":{"rendered":"<div class=\"mh-excerpt\"><p>Un ano m\u00e1is Javier Bas atendeunos con moita amabilidade e con el mantivemos unha moi extensa conversa na que nos ofreceu a s\u00faa visi\u00f3n sobre a pol\u00edtica local, e sobre diversos aspectos da realidade galega. Vela\u00ed vai o que deu de si. <a class=\"mh-excerpt-more\" href=\"https:\/\/www.anovapeneira.gal\/index.php\/2024\/06\/26\/javier-bas-presidente-do-pp-de-redondela-2\/\" title=\"Javier Bas presidente do PP de Redondela\">[&#8230;]<\/a><\/p>\n<\/div>","protected":false},"author":2,"featured_media":11950,"comment_status":"open","ping_status":"open","sticky":false,"template":"","format":"standard","meta":{"_exactmetrics_skip_tracking":false,"_exactmetrics_sitenote_active":false,"_exactmetrics_sitenote_note":"","_exactmetrics_sitenote_category":0,"footnotes":""},"categories":[270],"tags":[171],"class_list":{"0":"post-11949","1":"post","2":"type-post","3":"status-publish","4":"format-standard","5":"has-post-thumbnail","7":"category-redondela-entrevistas","8":"tag-concello-de-redondela"},"yoast_head":"<!-- This site is optimized with the Yoast SEO plugin v27.4 - https:\/\/yoast.com\/product\/yoast-seo-wordpress\/ -->\n<title>Javier Bas presidente do PP de Redondela -<\/title>\n<meta name=\"robots\" content=\"index, follow, max-snippet:-1, max-image-preview:large, max-video-preview:-1\" \/>\n<link rel=\"canonical\" href=\"https:\/\/www.anovapeneira.gal\/index.php\/2024\/06\/26\/javier-bas-presidente-do-pp-de-redondela-2\/\" \/>\n<meta property=\"og:locale\" content=\"gl_ES\" \/>\n<meta property=\"og:type\" content=\"article\" \/>\n<meta property=\"og:title\" content=\"Javier Bas presidente do PP de Redondela -\" \/>\n<meta property=\"og:description\" content=\"Un ano m\u00e1is Javier Bas atendeunos con moita amabilidade e con el mantivemos unha moi extensa conversa na que nos ofreceu a s\u00faa visi\u00f3n sobre a pol\u00edtica local, e sobre diversos aspectos da realidade galega. Vela\u00ed vai o que deu de si. [...]\" \/>\n<meta property=\"og:url\" content=\"https:\/\/www.anovapeneira.gal\/index.php\/2024\/06\/26\/javier-bas-presidente-do-pp-de-redondela-2\/\" \/>\n<meta property=\"article:publisher\" content=\"https:\/\/www.facebook.com\/anovapeneira\" \/>\n<meta property=\"article:published_time\" content=\"2024-06-26T08:00:58+00:00\" \/>\n<meta property=\"article:modified_time\" content=\"2024-06-26T16:57:28+00:00\" \/>\n<meta property=\"og:image\" content=\"https:\/\/www.anovapeneira.gal\/wp-content\/uploads\/2024\/06\/javier_bas.jpg\" \/>\n\t<meta property=\"og:image:width\" content=\"720\" \/>\n\t<meta property=\"og:image:height\" content=\"432\" \/>\n\t<meta property=\"og:image:type\" content=\"image\/jpeg\" \/>\n<meta name=\"author\" content=\"Tino Lago\" \/>\n<meta name=\"twitter:card\" content=\"summary_large_image\" \/>\n<meta name=\"twitter:creator\" content=\"@APeneira\" \/>\n<meta name=\"twitter:site\" content=\"@APeneira\" \/>\n<meta name=\"twitter:label1\" content=\"Escrito por\" \/>\n\t<meta name=\"twitter:data1\" content=\"Tino Lago\" \/>\n\t<meta name=\"twitter:label2\" content=\"Tempo de lectura\" \/>\n\t<meta name=\"twitter:data2\" content=\"4 minutos\" \/>\n<script type=\"application\/ld+json\" class=\"yoast-schema-graph\">{\"@context\":\"https:\\\/\\\/schema.org\",\"@graph\":[{\"@type\":\"Article\",\"@id\":\"https:\\\/\\\/www.anovapeneira.gal\\\/index.php\\\/2024\\\/06\\\/26\\\/javier-bas-presidente-do-pp-de-redondela-2\\\/#article\",\"isPartOf\":{\"@id\":\"https:\\\/\\\/www.anovapeneira.gal\\\/index.php\\\/2024\\\/06\\\/26\\\/javier-bas-presidente-do-pp-de-redondela-2\\\/\"},\"author\":{\"name\":\"Tino Lago\",\"@id\":\"https:\\\/\\\/www.anovapeneira.gal\\\/#\\\/schema\\\/person\\\/424dfe65e3070fd8a44d22d2c088762a\"},\"headline\":\"Javier Bas presidente do PP de Redondela\",\"datePublished\":\"2024-06-26T08:00:58+00:00\",\"dateModified\":\"2024-06-26T16:57:28+00:00\",\"mainEntityOfPage\":{\"@id\":\"https:\\\/\\\/www.anovapeneira.gal\\\/index.php\\\/2024\\\/06\\\/26\\\/javier-bas-presidente-do-pp-de-redondela-2\\\/\"},\"wordCount\":2411,\"commentCount\":0,\"publisher\":{\"@id\":\"https:\\\/\\\/www.anovapeneira.gal\\\/#organization\"},\"image\":{\"@id\":\"https:\\\/\\\/www.anovapeneira.gal\\\/index.php\\\/2024\\\/06\\\/26\\\/javier-bas-presidente-do-pp-de-redondela-2\\\/#primaryimage\"},\"thumbnailUrl\":\"https:\\\/\\\/www.anovapeneira.gal\\\/wp-content\\\/uploads\\\/2024\\\/06\\\/javier_bas.jpg\",\"keywords\":[\"Concello de Redondela\"],\"articleSection\":[\"Redondela\"],\"inLanguage\":\"gl-ES\",\"potentialAction\":[{\"@type\":\"CommentAction\",\"name\":\"Comment\",\"target\":[\"https:\\\/\\\/www.anovapeneira.gal\\\/index.php\\\/2024\\\/06\\\/26\\\/javier-bas-presidente-do-pp-de-redondela-2\\\/#respond\"]}]},{\"@type\":\"WebPage\",\"@id\":\"https:\\\/\\\/www.anovapeneira.gal\\\/index.php\\\/2024\\\/06\\\/26\\\/javier-bas-presidente-do-pp-de-redondela-2\\\/\",\"url\":\"https:\\\/\\\/www.anovapeneira.gal\\\/index.php\\\/2024\\\/06\\\/26\\\/javier-bas-presidente-do-pp-de-redondela-2\\\/\",\"name\":\"Javier Bas presidente do PP de Redondela -\",\"isPartOf\":{\"@id\":\"https:\\\/\\\/www.anovapeneira.gal\\\/#website\"},\"primaryImageOfPage\":{\"@id\":\"https:\\\/\\\/www.anovapeneira.gal\\\/index.php\\\/2024\\\/06\\\/26\\\/javier-bas-presidente-do-pp-de-redondela-2\\\/#primaryimage\"},\"image\":{\"@id\":\"https:\\\/\\\/www.anovapeneira.gal\\\/index.php\\\/2024\\\/06\\\/26\\\/javier-bas-presidente-do-pp-de-redondela-2\\\/#primaryimage\"},\"thumbnailUrl\":\"https:\\\/\\\/www.anovapeneira.gal\\\/wp-content\\\/uploads\\\/2024\\\/06\\\/javier_bas.jpg\",\"datePublished\":\"2024-06-26T08:00:58+00:00\",\"dateModified\":\"2024-06-26T16:57:28+00:00\",\"breadcrumb\":{\"@id\":\"https:\\\/\\\/www.anovapeneira.gal\\\/index.php\\\/2024\\\/06\\\/26\\\/javier-bas-presidente-do-pp-de-redondela-2\\\/#breadcrumb\"},\"inLanguage\":\"gl-ES\",\"potentialAction\":[{\"@type\":\"ReadAction\",\"target\":[\"https:\\\/\\\/www.anovapeneira.gal\\\/index.php\\\/2024\\\/06\\\/26\\\/javier-bas-presidente-do-pp-de-redondela-2\\\/\"]}]},{\"@type\":\"ImageObject\",\"inLanguage\":\"gl-ES\",\"@id\":\"https:\\\/\\\/www.anovapeneira.gal\\\/index.php\\\/2024\\\/06\\\/26\\\/javier-bas-presidente-do-pp-de-redondela-2\\\/#primaryimage\",\"url\":\"https:\\\/\\\/www.anovapeneira.gal\\\/wp-content\\\/uploads\\\/2024\\\/06\\\/javier_bas.jpg\",\"contentUrl\":\"https:\\\/\\\/www.anovapeneira.gal\\\/wp-content\\\/uploads\\\/2024\\\/06\\\/javier_bas.jpg\",\"width\":720,\"height\":432,\"caption\":\"Javier Bas presidente do PP de Redondela\"},{\"@type\":\"BreadcrumbList\",\"@id\":\"https:\\\/\\\/www.anovapeneira.gal\\\/index.php\\\/2024\\\/06\\\/26\\\/javier-bas-presidente-do-pp-de-redondela-2\\\/#breadcrumb\",\"itemListElement\":[{\"@type\":\"ListItem\",\"position\":1,\"name\":\"Portada\",\"item\":\"https:\\\/\\\/www.anovapeneira.gal\\\/\"},{\"@type\":\"ListItem\",\"position\":2,\"name\":\"Javier Bas presidente do PP de Redondela\"}]},{\"@type\":\"WebSite\",\"@id\":\"https:\\\/\\\/www.anovapeneira.gal\\\/#website\",\"url\":\"https:\\\/\\\/www.anovapeneira.gal\\\/\",\"name\":\"\",\"description\":\"Xornal galego de informaci\u00f3n xeral Publicaci\u00f3n mensual de novas de Galicia e en especial dos Concellos da sur da provincia de Pontevedra.\",\"publisher\":{\"@id\":\"https:\\\/\\\/www.anovapeneira.gal\\\/#organization\"},\"potentialAction\":[{\"@type\":\"SearchAction\",\"target\":{\"@type\":\"EntryPoint\",\"urlTemplate\":\"https:\\\/\\\/www.anovapeneira.gal\\\/?s={search_term_string}\"},\"query-input\":{\"@type\":\"PropertyValueSpecification\",\"valueRequired\":true,\"valueName\":\"search_term_string\"}}],\"inLanguage\":\"gl-ES\"},{\"@type\":\"Organization\",\"@id\":\"https:\\\/\\\/www.anovapeneira.gal\\\/#organization\",\"name\":\"A Nova Peneira\",\"url\":\"https:\\\/\\\/www.anovapeneira.gal\\\/\",\"logo\":{\"@type\":\"ImageObject\",\"inLanguage\":\"gl-ES\",\"@id\":\"https:\\\/\\\/www.anovapeneira.gal\\\/#\\\/schema\\\/logo\\\/image\\\/\",\"url\":\"http:\\\/\\\/www.anovapeneira.gal\\\/wp-content\\\/uploads\\\/2019\\\/06\\\/logo_a_nova_peneira_portal_web.png\",\"contentUrl\":\"http:\\\/\\\/www.anovapeneira.gal\\\/wp-content\\\/uploads\\\/2019\\\/06\\\/logo_a_nova_peneira_portal_web.png\",\"width\":300,\"height\":100,\"caption\":\"A Nova Peneira\"},\"image\":{\"@id\":\"https:\\\/\\\/www.anovapeneira.gal\\\/#\\\/schema\\\/logo\\\/image\\\/\"},\"sameAs\":[\"https:\\\/\\\/www.facebook.com\\\/anovapeneira\",\"https:\\\/\\\/x.com\\\/APeneira\"]},{\"@type\":\"Person\",\"@id\":\"https:\\\/\\\/www.anovapeneira.gal\\\/#\\\/schema\\\/person\\\/424dfe65e3070fd8a44d22d2c088762a\",\"name\":\"Tino Lago\",\"image\":{\"@type\":\"ImageObject\",\"inLanguage\":\"gl-ES\",\"@id\":\"https:\\\/\\\/secure.gravatar.com\\\/avatar\\\/b3df6a06e44bab3111583b90f0f33a0379ee5e3d22cbadd232d39f21c30c62be?s=96&d=mm&r=g\",\"url\":\"https:\\\/\\\/secure.gravatar.com\\\/avatar\\\/b3df6a06e44bab3111583b90f0f33a0379ee5e3d22cbadd232d39f21c30c62be?s=96&d=mm&r=g\",\"contentUrl\":\"https:\\\/\\\/secure.gravatar.com\\\/avatar\\\/b3df6a06e44bab3111583b90f0f33a0379ee5e3d22cbadd232d39f21c30c62be?s=96&d=mm&r=g\",\"caption\":\"Tino Lago\"},\"sameAs\":[\"http:\\\/\\\/www.anovapeneira.gal\"],\"url\":\"https:\\\/\\\/www.anovapeneira.gal\\\/index.php\\\/author\\\/director\\\/\"}]}<\/script>\n<!-- \/ Yoast SEO plugin. -->","yoast_head_json":{"title":"Javier Bas presidente do PP de Redondela -","robots":{"index":"index","follow":"follow","max-snippet":"max-snippet:-1","max-image-preview":"max-image-preview:large","max-video-preview":"max-video-preview:-1"},"canonical":"https:\/\/www.anovapeneira.gal\/index.php\/2024\/06\/26\/javier-bas-presidente-do-pp-de-redondela-2\/","og_locale":"gl_ES","og_type":"article","og_title":"Javier Bas presidente do PP de Redondela -","og_description":"Un ano m\u00e1is Javier Bas atendeunos con moita amabilidade e con el mantivemos unha moi extensa conversa na que nos ofreceu a s\u00faa visi\u00f3n sobre a pol\u00edtica local, e sobre diversos aspectos da realidade galega. Vela\u00ed vai o que deu de si. [...]","og_url":"https:\/\/www.anovapeneira.gal\/index.php\/2024\/06\/26\/javier-bas-presidente-do-pp-de-redondela-2\/","article_publisher":"https:\/\/www.facebook.com\/anovapeneira","article_published_time":"2024-06-26T08:00:58+00:00","article_modified_time":"2024-06-26T16:57:28+00:00","og_image":[{"width":720,"height":432,"url":"https:\/\/www.anovapeneira.gal\/wp-content\/uploads\/2024\/06\/javier_bas.jpg","type":"image\/jpeg"}],"author":"Tino Lago","twitter_card":"summary_large_image","twitter_creator":"@APeneira","twitter_site":"@APeneira","twitter_misc":{"Escrito por":"Tino Lago","Tempo de lectura":"4 minutos"},"schema":{"@context":"https:\/\/schema.org","@graph":[{"@type":"Article","@id":"https:\/\/www.anovapeneira.gal\/index.php\/2024\/06\/26\/javier-bas-presidente-do-pp-de-redondela-2\/#article","isPartOf":{"@id":"https:\/\/www.anovapeneira.gal\/index.php\/2024\/06\/26\/javier-bas-presidente-do-pp-de-redondela-2\/"},"author":{"name":"Tino Lago","@id":"https:\/\/www.anovapeneira.gal\/#\/schema\/person\/424dfe65e3070fd8a44d22d2c088762a"},"headline":"Javier Bas presidente do PP de Redondela","datePublished":"2024-06-26T08:00:58+00:00","dateModified":"2024-06-26T16:57:28+00:00","mainEntityOfPage":{"@id":"https:\/\/www.anovapeneira.gal\/index.php\/2024\/06\/26\/javier-bas-presidente-do-pp-de-redondela-2\/"},"wordCount":2411,"commentCount":0,"publisher":{"@id":"https:\/\/www.anovapeneira.gal\/#organization"},"image":{"@id":"https:\/\/www.anovapeneira.gal\/index.php\/2024\/06\/26\/javier-bas-presidente-do-pp-de-redondela-2\/#primaryimage"},"thumbnailUrl":"https:\/\/www.anovapeneira.gal\/wp-content\/uploads\/2024\/06\/javier_bas.jpg","keywords":["Concello de Redondela"],"articleSection":["Redondela"],"inLanguage":"gl-ES","potentialAction":[{"@type":"CommentAction","name":"Comment","target":["https:\/\/www.anovapeneira.gal\/index.php\/2024\/06\/26\/javier-bas-presidente-do-pp-de-redondela-2\/#respond"]}]},{"@type":"WebPage","@id":"https:\/\/www.anovapeneira.gal\/index.php\/2024\/06\/26\/javier-bas-presidente-do-pp-de-redondela-2\/","url":"https:\/\/www.anovapeneira.gal\/index.php\/2024\/06\/26\/javier-bas-presidente-do-pp-de-redondela-2\/","name":"Javier Bas presidente do PP de Redondela -","isPartOf":{"@id":"https:\/\/www.anovapeneira.gal\/#website"},"primaryImageOfPage":{"@id":"https:\/\/www.anovapeneira.gal\/index.php\/2024\/06\/26\/javier-bas-presidente-do-pp-de-redondela-2\/#primaryimage"},"image":{"@id":"https:\/\/www.anovapeneira.gal\/index.php\/2024\/06\/26\/javier-bas-presidente-do-pp-de-redondela-2\/#primaryimage"},"thumbnailUrl":"https:\/\/www.anovapeneira.gal\/wp-content\/uploads\/2024\/06\/javier_bas.jpg","datePublished":"2024-06-26T08:00:58+00:00","dateModified":"2024-06-26T16:57:28+00:00","breadcrumb":{"@id":"https:\/\/www.anovapeneira.gal\/index.php\/2024\/06\/26\/javier-bas-presidente-do-pp-de-redondela-2\/#breadcrumb"},"inLanguage":"gl-ES","potentialAction":[{"@type":"ReadAction","target":["https:\/\/www.anovapeneira.gal\/index.php\/2024\/06\/26\/javier-bas-presidente-do-pp-de-redondela-2\/"]}]},{"@type":"ImageObject","inLanguage":"gl-ES","@id":"https:\/\/www.anovapeneira.gal\/index.php\/2024\/06\/26\/javier-bas-presidente-do-pp-de-redondela-2\/#primaryimage","url":"https:\/\/www.anovapeneira.gal\/wp-content\/uploads\/2024\/06\/javier_bas.jpg","contentUrl":"https:\/\/www.anovapeneira.gal\/wp-content\/uploads\/2024\/06\/javier_bas.jpg","width":720,"height":432,"caption":"Javier Bas presidente do PP de Redondela"},{"@type":"BreadcrumbList","@id":"https:\/\/www.anovapeneira.gal\/index.php\/2024\/06\/26\/javier-bas-presidente-do-pp-de-redondela-2\/#breadcrumb","itemListElement":[{"@type":"ListItem","position":1,"name":"Portada","item":"https:\/\/www.anovapeneira.gal\/"},{"@type":"ListItem","position":2,"name":"Javier Bas presidente do PP de Redondela"}]},{"@type":"WebSite","@id":"https:\/\/www.anovapeneira.gal\/#website","url":"https:\/\/www.anovapeneira.gal\/","name":"","description":"Xornal galego de informaci\u00f3n xeral Publicaci\u00f3n mensual de novas de Galicia e en especial dos Concellos da sur da provincia de Pontevedra.","publisher":{"@id":"https:\/\/www.anovapeneira.gal\/#organization"},"potentialAction":[{"@type":"SearchAction","target":{"@type":"EntryPoint","urlTemplate":"https:\/\/www.anovapeneira.gal\/?s={search_term_string}"},"query-input":{"@type":"PropertyValueSpecification","valueRequired":true,"valueName":"search_term_string"}}],"inLanguage":"gl-ES"},{"@type":"Organization","@id":"https:\/\/www.anovapeneira.gal\/#organization","name":"A Nova Peneira","url":"https:\/\/www.anovapeneira.gal\/","logo":{"@type":"ImageObject","inLanguage":"gl-ES","@id":"https:\/\/www.anovapeneira.gal\/#\/schema\/logo\/image\/","url":"http:\/\/www.anovapeneira.gal\/wp-content\/uploads\/2019\/06\/logo_a_nova_peneira_portal_web.png","contentUrl":"http:\/\/www.anovapeneira.gal\/wp-content\/uploads\/2019\/06\/logo_a_nova_peneira_portal_web.png","width":300,"height":100,"caption":"A Nova Peneira"},"image":{"@id":"https:\/\/www.anovapeneira.gal\/#\/schema\/logo\/image\/"},"sameAs":["https:\/\/www.facebook.com\/anovapeneira","https:\/\/x.com\/APeneira"]},{"@type":"Person","@id":"https:\/\/www.anovapeneira.gal\/#\/schema\/person\/424dfe65e3070fd8a44d22d2c088762a","name":"Tino Lago","image":{"@type":"ImageObject","inLanguage":"gl-ES","@id":"https:\/\/secure.gravatar.com\/avatar\/b3df6a06e44bab3111583b90f0f33a0379ee5e3d22cbadd232d39f21c30c62be?s=96&d=mm&r=g","url":"https:\/\/secure.gravatar.com\/avatar\/b3df6a06e44bab3111583b90f0f33a0379ee5e3d22cbadd232d39f21c30c62be?s=96&d=mm&r=g","contentUrl":"https:\/\/secure.gravatar.com\/avatar\/b3df6a06e44bab3111583b90f0f33a0379ee5e3d22cbadd232d39f21c30c62be?s=96&d=mm&r=g","caption":"Tino Lago"},"sameAs":["http:\/\/www.anovapeneira.gal"],"url":"https:\/\/www.anovapeneira.gal\/index.php\/author\/director\/"}]}},"jetpack_featured_media_url":"https:\/\/www.anovapeneira.gal\/wp-content\/uploads\/2024\/06\/javier_bas.jpg","_links":{"self":[{"href":"https:\/\/www.anovapeneira.gal\/index.php\/wp-json\/wp\/v2\/posts\/11949","targetHints":{"allow":["GET"]}}],"collection":[{"href":"https:\/\/www.anovapeneira.gal\/index.php\/wp-json\/wp\/v2\/posts"}],"about":[{"href":"https:\/\/www.anovapeneira.gal\/index.php\/wp-json\/wp\/v2\/types\/post"}],"author":[{"embeddable":true,"href":"https:\/\/www.anovapeneira.gal\/index.php\/wp-json\/wp\/v2\/users\/2"}],"replies":[{"embeddable":true,"href":"https:\/\/www.anovapeneira.gal\/index.php\/wp-json\/wp\/v2\/comments?post=11949"}],"version-history":[{"count":2,"href":"https:\/\/www.anovapeneira.gal\/index.php\/wp-json\/wp\/v2\/posts\/11949\/revisions"}],"predecessor-version":[{"id":11968,"href":"https:\/\/www.anovapeneira.gal\/index.php\/wp-json\/wp\/v2\/posts\/11949\/revisions\/11968"}],"wp:featuredmedia":[{"embeddable":true,"href":"https:\/\/www.anovapeneira.gal\/index.php\/wp-json\/wp\/v2\/media\/11950"}],"wp:attachment":[{"href":"https:\/\/www.anovapeneira.gal\/index.php\/wp-json\/wp\/v2\/media?parent=11949"}],"wp:term":[{"taxonomy":"category","embeddable":true,"href":"https:\/\/www.anovapeneira.gal\/index.php\/wp-json\/wp\/v2\/categories?post=11949"},{"taxonomy":"post_tag","embeddable":true,"href":"https:\/\/www.anovapeneira.gal\/index.php\/wp-json\/wp\/v2\/tags?post=11949"}],"curies":[{"name":"wp","href":"https:\/\/api.w.org\/{rel}","templated":true}]}}