{"id":11964,"date":"2024-06-28T10:00:19","date_gmt":"2024-06-28T08:00:19","guid":{"rendered":"https:\/\/www.anovapeneira.gal\/?p=11964"},"modified":"2024-06-25T10:34:40","modified_gmt":"2024-06-25T08:34:40","slug":"chega-o-guillafolk-2024o-rei-da-cultura-de-guillarei","status":"publish","type":"post","link":"https:\/\/www.anovapeneira.gal\/index.php\/2024\/06\/28\/chega-o-guillafolk-2024o-rei-da-cultura-de-guillarei\/","title":{"rendered":"Chega o GuillaFolk 2024:O Rei da cultura de Guillarei"},"content":{"rendered":"\n<p><strong>Neste medio de comunicaci\u00f3n temos defendido en infinidade de ocasi\u00f3ns que a forza da sociedade civil organizada \u00e9 imparable ,que este \u00e9 o cami\u00f1o m\u00e1is adecuado para combater abusos e inxustizas e a \u00fanica v\u00eda posible para que o noso idioma e a nosa cultura poidan seguir existindo nas xeraci\u00f3ns futuras. N\u00f3s estamos namorados de calquera colectivo organizado que traballe por dignificar a cultura do pa\u00eds galego, e un que \u00e9 especialmente meritorio \u00e9 a asociaci\u00f3n: Lembranzas da Terra de Guillarei. Este colectivo organiza desde hai 9 anos un marabilloso festival folk, que se est\u00e1 a converter nun dos eventos imperdibles do ver\u00e1n do Baixo Mi\u00f1o. N\u00f3s conversamos con Alicia, a secretaria da asociaci\u00f3n.<\/strong><\/p>\n\n\n\n<p><strong>Alicia Gonz\u00e1lez, secretaria da Asociaci\u00f3n Lembranzas da Terra de Guillarei.<\/strong><\/p>\n\n\n\n<h2 class=\"wp-block-heading\">\u201c<strong>Convido a todas as lectoras e lectores de A Nova Peneira a que se acheguen a Guillarei o 5 e o 6 de Xullo a gozar do noso marabilloso GuillaFolk\u201d<\/strong><\/h2>\n\n\n\n<p><strong>Canto tempo levas na asociaci\u00f3n Alicia?<\/strong><\/p>\n\n\n\n<blockquote class=\"wp-block-quote is-layout-flow wp-block-quote-is-layout-flow\">\n<p>Uns 13 ou 14 anos.<\/p>\n<\/blockquote>\n\n\n\n<p><strong>Es nativa de Guillarei?<\/strong><\/p>\n\n\n\n<blockquote class=\"wp-block-quote is-layout-flow wp-block-quote-is-layout-flow\">\n<p>Si, de aqu\u00ed do barrio de Fenteira.<\/p>\n<\/blockquote>\n\n\n\n<p><strong>Unha de persoa de Guillarei como se sente: de Guillarei ou de Tui?<\/strong><\/p>\n\n\n\n<blockquote class=\"wp-block-quote is-layout-flow wp-block-quote-is-layout-flow\">\n<p>Eu s\u00edntome de Guillarei m\u00e1is que de Tui. Creo que a gran maior\u00eda das persoas sent\u00edmonos m\u00e1is da parroquia onde nacemos que do concello no que estea a nosa parroquia.<\/p>\n<\/blockquote>\n\n\n\n<p><strong>Por que te metiches na asociaci\u00f3n?<\/strong><\/p>\n\n\n\n<blockquote class=\"wp-block-quote is-layout-flow wp-block-quote-is-layout-flow\">\n<p>Porque me gusta colaborar no tecido asociativo da zona onde vivo. Guillarei \u00e9 o meu pobo, quero ao meu pobo e todo o que poida facer en prol do ben com\u00fan, para min est\u00e1 ben feito.<\/p>\n<\/blockquote>\n\n\n\n<p><strong>Est\u00e1s contenta co funcionamento da asociaci\u00f3n?<\/strong><\/p>\n\n\n\n<blockquote class=\"wp-block-quote is-layout-flow wp-block-quote-is-layout-flow\">\n<p>Si, funciona ben.<\/p>\n<\/blockquote>\n\n\n\n<p><strong>Como vos financiades?<\/strong><\/p>\n\n\n\n<blockquote class=\"wp-block-quote is-layout-flow wp-block-quote-is-layout-flow\">\n<p>Facendo actividades durante todo o ano:a banda fai actuaci\u00f3ns, temos algunha subvenci\u00f3n a trav\u00e9s do concello, unha cota anual dos socios e socias. En definitiva como calquera colectivo da sociedade civil que se queira organizar para traballar en com\u00fan: facemos o que podemos.<\/p>\n<\/blockquote>\n\n\n\n<p><strong>De canto \u00e9 a cota de socios e socias?<\/strong><\/p>\n\n\n\n<blockquote class=\"wp-block-quote is-layout-flow wp-block-quote-is-layout-flow\">\n<p>De 10\u20ac ao ano.<\/p>\n<\/blockquote>\n\n\n\n<p><strong>A que che d\u00e1 dereito o aboar a cota de socio ou socia da Asociaci\u00f3n Lembranzas da Terra?<\/strong><\/p>\n\n\n\n<blockquote class=\"wp-block-quote is-layout-flow wp-block-quote-is-layout-flow\">\n<p>A ter un desconto nas actividades e nas actuaci\u00f3ns que desenvolvemos. Facerche socio ou socia \u00e9 basicamente unha forma de colaborar para soster economicamente a asociaci\u00f3n.<\/p>\n<\/blockquote>\n\n\n\n<p><strong>Tedes local para as vosas xuntanzas?<\/strong><\/p>\n\n\n\n<blockquote class=\"wp-block-quote is-layout-flow wp-block-quote-is-layout-flow\">\n<p>Non, xuntamos aqu\u00ed: no local da comunidade de Montes.<\/p>\n<\/blockquote>\n\n\n\n<p><strong>Tedes boas relaci\u00f3ns coa Comunidade de Montes?<\/strong><\/p>\n\n\n\n<blockquote class=\"wp-block-quote is-layout-flow wp-block-quote-is-layout-flow\">\n<p>Si, a\u00ednda que todo \u00e9 mellorable.<\/p>\n<\/blockquote>\n\n\n\n<p><strong>Cales son as principais actividades que desenvolvedes?<\/strong><\/p>\n\n\n\n<blockquote class=\"wp-block-quote is-layout-flow wp-block-quote-is-layout-flow\">\n<p>Montamos unha comparsa no entroido, organizamos o GuillaFolk,tam\u00e9n facemos o festival de nadal, o magosto ou a festa do socio.<\/p>\n<\/blockquote>\n\n\n\n<p><strong>Cales son as actividades que te\u00f1en m\u00e1is \u00e9xito?<\/strong><\/p>\n\n\n\n<blockquote class=\"wp-block-quote is-layout-flow wp-block-quote-is-layout-flow\">\n<p>O GuillaFolk, para nos \u00e9 o evento m\u00e1s importante.<\/p>\n<\/blockquote>\n\n\n\n<p><strong>Estades contentos coa implicaci\u00f3n dos veci\u00f1os e veci\u00f1as para coa asociaci\u00f3n Lembranzas da Terra ?<\/strong><\/p>\n\n\n\n<blockquote class=\"wp-block-quote is-layout-flow wp-block-quote-is-layout-flow\">\n<p>Pod\u00eda ser moito mellor, hai xente que che bota unha man pero case sempre somos as mesmas persoas as que estamos traballando. Pero pasa tam\u00e9n coas outras asociaci\u00f3ns, cando organizamos os eventos temos sempre como asistentes temos m\u00e1is xente de fora da parroquia ca de aqu\u00ed e esta parroquia non \u00e9 pequena. \u00c9 a m\u00e1is poboada de todas as do Concello e en superficie a segunda m\u00e1is grande.<\/p>\n<\/blockquote>\n\n\n\n<p><strong>Falemos agora do GuillaFolk, cando naceu?<\/strong><\/p>\n\n\n\n<blockquote class=\"wp-block-quote is-layout-flow wp-block-quote-is-layout-flow\">\n<p>Este ano facemos a novena edici\u00f3n.<\/p>\n<\/blockquote>\n\n\n\n<p><strong>Cando se vai desenvolver esta edici\u00f3n?<\/strong><\/p>\n\n\n\n<blockquote class=\"wp-block-quote is-layout-flow wp-block-quote-is-layout-flow\">\n<p>Ao longo de dous d\u00edas: o 5 e o 6 de xullo. O venres vai dedicado ao VII Festival Folcl\u00f3rico e o s\u00e1bado ao IX Festival de Bandas. Este \u00e9 o d\u00eda m\u00e1is forte.<\/p>\n<\/blockquote>\n\n\n\n<p><strong>En que consisten estes festivais?<\/strong><\/p>\n\n\n\n<blockquote class=\"wp-block-quote is-layout-flow wp-block-quote-is-layout-flow\">\n<p>O Festival Folcl\u00f3rico comeza \u00e1s dez da noite co noso grupo Lembranzas da terra de Guillarei, despois actuar\u00e1 o grupo invitado. Sempre soemos traer un grupo de f\u00f3ra, este ano ven o Grupo de Baile Erasmo Hern\u00e1ndez de Gran Canaria. N\u00f3s ofrec\u00e9moslle aloxamento e comida.<\/p>\n<\/blockquote>\n\n\n\n<p><strong>E onde os hospedades?<\/strong><\/p>\n\n\n\n<blockquote class=\"wp-block-quote is-layout-flow wp-block-quote-is-layout-flow\">\n<p>Este ano hai vestiarios novos no pavill\u00f3n e van quedar al\u00ed, a cousa \u00e9 enxebre. Xa nos gustar\u00eda metelos no grande hotel que temos en Guillarei, pero non vai ser posible.<\/p>\n<\/blockquote>\n\n\n\n<blockquote class=\"wp-block-quote is-layout-flow wp-block-quote-is-layout-flow\">\n<p>E para rematar a noite do venres e, como un dos cambios que che mencionei antes, para rematar o festival temos un grupo local de Tui chamado \u201cAlgo pasa con Mari\u201d para animar a xente que se quede ata m\u00e1is tarde tomando algo.<\/p>\n<\/blockquote>\n\n\n\n<p><strong>Onde se celebra o festival?<\/strong><\/p>\n\n\n\n<blockquote class=\"wp-block-quote is-layout-flow wp-block-quote-is-layout-flow\">\n<p>No torreiro da festa da Virxe das Dores.<\/p>\n<\/blockquote>\n\n\n\n<p><strong>Polo que me cona a xente, dos lugares onde A Nova Peneira ten chegada, este torreiro \u00e9 un dos m\u00e1is bonitos do Mundo cun souto que case nos transporta ao SXIX?<\/strong><\/p>\n\n\n\n<blockquote class=\"wp-block-quote is-layout-flow wp-block-quote-is-layout-flow\">\n<p>\u00c9 un lugar precioso, unha carballeira de especie americana. Home, non sei se do mundo pero eu penso que si \u00e9 un dos torreiros m\u00e1is bonitos de Galicia. E ten uns espectaculares alumeados nas festas das Dores. Xa me contaba o meu av\u00f3 de pequena que vi\u00f1a xente de Madrid para asistir a estas festas.<\/p>\n<\/blockquote>\n\n\n\n<p><strong>Ben. Agora toca falar do s\u00e1bado?<\/strong><\/p>\n\n\n\n<blockquote class=\"wp-block-quote is-layout-flow wp-block-quote-is-layout-flow\">\n<p>O s\u00e1bado a festa dura todo o d\u00eda. Este ano comeza diante do concello pola ma\u00f1\u00e1 coa recepci\u00f3n das autoridades, seguro estar\u00e1 a concelleira de cultura e esperamos poder contar outro ano m\u00e1is co alcalde. Como novidade para esta edici\u00f3n temos unha sesi\u00f3n verm\u00fa \u00e1s 13:00 H e ser\u00e1 \u201cTerapia de grupo\u201d o encargado de po\u00f1er a m\u00fasica antes de comer, tam\u00e9n teremos unha feira de artesan\u00eda todo o d\u00eda, inchables e xogos populares para os m\u00e1is pequenos. Ao mediod\u00eda temos un xantar con todas as bandas e grupos invitados e logo \u00e1s 22:00 H abrir\u00e1 o festival de bandas a nosa Banda de Gaitas Lembranzas da Terra, despois temos de invitada a unha banda veci\u00f1a, A \u00cdnsua de Caldelas, a continuaci\u00f3n Donicelas, que \u00e9 un grupo de Salceda. E como broche final, que vai ser espectacular, temos aos Storrentos.<\/p>\n<\/blockquote>\n\n\n\n<p><strong>Caramba os Storrentos\u00a1\u00a1. Eles tocaron na \u00faltima gala da Peneira e fixeron un remate de gala brutal. Ides ter un magn\u00edfico fin de festa con seguridade<\/strong><\/p>\n\n\n\n<blockquote class=\"wp-block-quote is-layout-flow wp-block-quote-is-layout-flow\">\n<p>Estou segura. Estamos moi ilusionados. Son un grupo cun diferente estilo musical, pero queremos darlle un final de festival diferente. Por outra parte contamos con servizo de barra, bocadillos ou chourip\u00e1n e queremos darlle m\u00e1is alternativas musicais aos asistentes.<\/p>\n<\/blockquote>\n\n\n\n<p><strong>Que expectativas de asistencia tedes?<\/strong><\/p>\n\n\n\n<blockquote class=\"wp-block-quote is-layout-flow wp-block-quote-is-layout-flow\">\n<p>Son altas, contamos con boa asistencia de xente e que co tempo nos acompa\u00f1e tam\u00e9n, levamos unha primavera moi convulsa pero esperamos que a primeira fin de semana de xullo sexa sen choiva e con boas temperaturas. Tendo bo tempo tes a asistencia de xente asegurada.<\/p>\n<\/blockquote>\n\n\n\n<p><strong>Pode vir calquera persoa a festa?<\/strong><\/p>\n\n\n\n<blockquote class=\"wp-block-quote is-layout-flow wp-block-quote-is-layout-flow\">\n<p>Convidamos a todas as persoas, sexan de onde sexan, a vir por Guillarei e desfrutar do noso festival que \u00e9 gratu\u00edto.<\/p>\n<\/blockquote>\n","protected":false},"excerpt":{"rendered":"<div class=\"mh-excerpt\"><p>Neste medio de comunicaci\u00f3n temos defendido en infinidade de ocasi\u00f3ns que a forza da sociedade civil organizada \u00e9 imparable ,que este \u00e9 o cami\u00f1o m\u00e1is adecuado para combater abusos e inxustizas e a \u00fanica v\u00eda posible para que o noso idioma e a nosa cultura poidan seguir existindo nas xeraci\u00f3ns futuras <a class=\"mh-excerpt-more\" href=\"https:\/\/www.anovapeneira.gal\/index.php\/2024\/06\/28\/chega-o-guillafolk-2024o-rei-da-cultura-de-guillarei\/\" title=\"Chega o GuillaFolk 2024:O Rei da cultura de Guillarei\">[&#8230;]<\/a><\/p>\n<\/div>","protected":false},"author":3,"featured_media":11965,"comment_status":"open","ping_status":"open","sticky":false,"template":"","format":"standard","meta":{"_exactmetrics_skip_tracking":false,"_exactmetrics_sitenote_active":false,"_exactmetrics_sitenote_note":"","_exactmetrics_sitenote_category":0,"footnotes":""},"categories":[21],"tags":[426],"class_list":{"0":"post-11964","1":"post","2":"type-post","3":"status-publish","4":"format-standard","5":"has-post-thumbnail","7":"category-baixo-mino","8":"tag-concello-de-tui"},"yoast_head":"<!-- This site is optimized with the Yoast SEO plugin v27.4 - https:\/\/yoast.com\/product\/yoast-seo-wordpress\/ -->\n<title>Chega o GuillaFolk 2024:O Rei da cultura de Guillarei -<\/title>\n<meta name=\"robots\" content=\"index, follow, max-snippet:-1, max-image-preview:large, max-video-preview:-1\" \/>\n<link rel=\"canonical\" href=\"https:\/\/www.anovapeneira.gal\/index.php\/2024\/06\/28\/chega-o-guillafolk-2024o-rei-da-cultura-de-guillarei\/\" \/>\n<meta property=\"og:locale\" content=\"gl_ES\" \/>\n<meta property=\"og:type\" content=\"article\" \/>\n<meta property=\"og:title\" content=\"Chega o GuillaFolk 2024:O Rei da cultura de Guillarei -\" \/>\n<meta property=\"og:description\" content=\"Neste medio de comunicaci\u00f3n temos defendido en infinidade de ocasi\u00f3ns que a forza da sociedade civil organizada \u00e9 imparable ,que este \u00e9 o cami\u00f1o m\u00e1is adecuado para combater abusos e inxustizas e a \u00fanica v\u00eda posible para que o noso idioma e a nosa cultura poidan seguir existindo nas xeraci\u00f3ns futuras [...]\" \/>\n<meta property=\"og:url\" content=\"https:\/\/www.anovapeneira.gal\/index.php\/2024\/06\/28\/chega-o-guillafolk-2024o-rei-da-cultura-de-guillarei\/\" \/>\n<meta property=\"article:publisher\" content=\"https:\/\/www.facebook.com\/anovapeneira\" \/>\n<meta property=\"article:published_time\" content=\"2024-06-28T08:00:19+00:00\" \/>\n<meta property=\"og:image\" content=\"https:\/\/www.anovapeneira.gal\/wp-content\/uploads\/2024\/06\/guilla_folk.jpg\" \/>\n\t<meta property=\"og:image:width\" content=\"720\" \/>\n\t<meta property=\"og:image:height\" content=\"432\" \/>\n\t<meta property=\"og:image:type\" content=\"image\/jpeg\" \/>\n<meta name=\"author\" content=\"Redacci\u00f3n A Nova Peneira\" \/>\n<meta name=\"twitter:card\" content=\"summary_large_image\" \/>\n<meta name=\"twitter:creator\" content=\"@APeneira\" \/>\n<meta name=\"twitter:site\" content=\"@APeneira\" \/>\n<meta name=\"twitter:label1\" content=\"Escrito por\" \/>\n\t<meta name=\"twitter:data1\" content=\"Redacci\u00f3n A Nova Peneira\" \/>\n\t<meta name=\"twitter:label2\" content=\"Tempo de lectura\" \/>\n\t<meta name=\"twitter:data2\" content=\"3 minutos\" \/>\n<script type=\"application\/ld+json\" class=\"yoast-schema-graph\">{\"@context\":\"https:\\\/\\\/schema.org\",\"@graph\":[{\"@type\":\"Article\",\"@id\":\"https:\\\/\\\/www.anovapeneira.gal\\\/index.php\\\/2024\\\/06\\\/28\\\/chega-o-guillafolk-2024o-rei-da-cultura-de-guillarei\\\/#article\",\"isPartOf\":{\"@id\":\"https:\\\/\\\/www.anovapeneira.gal\\\/index.php\\\/2024\\\/06\\\/28\\\/chega-o-guillafolk-2024o-rei-da-cultura-de-guillarei\\\/\"},\"author\":{\"name\":\"Redacci\u00f3n A Nova Peneira\",\"@id\":\"https:\\\/\\\/www.anovapeneira.gal\\\/#\\\/schema\\\/person\\\/b93e3f8932e3f8da96334607eb6ac6aa\"},\"headline\":\"Chega o GuillaFolk 2024:O Rei da cultura de Guillarei\",\"datePublished\":\"2024-06-28T08:00:19+00:00\",\"mainEntityOfPage\":{\"@id\":\"https:\\\/\\\/www.anovapeneira.gal\\\/index.php\\\/2024\\\/06\\\/28\\\/chega-o-guillafolk-2024o-rei-da-cultura-de-guillarei\\\/\"},\"wordCount\":1166,\"commentCount\":0,\"publisher\":{\"@id\":\"https:\\\/\\\/www.anovapeneira.gal\\\/#organization\"},\"image\":{\"@id\":\"https:\\\/\\\/www.anovapeneira.gal\\\/index.php\\\/2024\\\/06\\\/28\\\/chega-o-guillafolk-2024o-rei-da-cultura-de-guillarei\\\/#primaryimage\"},\"thumbnailUrl\":\"https:\\\/\\\/www.anovapeneira.gal\\\/wp-content\\\/uploads\\\/2024\\\/06\\\/guilla_folk.jpg\",\"keywords\":[\"Concello de Tui\"],\"articleSection\":[\"Baixo Mi\u00f1o\"],\"inLanguage\":\"gl-ES\",\"potentialAction\":[{\"@type\":\"CommentAction\",\"name\":\"Comment\",\"target\":[\"https:\\\/\\\/www.anovapeneira.gal\\\/index.php\\\/2024\\\/06\\\/28\\\/chega-o-guillafolk-2024o-rei-da-cultura-de-guillarei\\\/#respond\"]}]},{\"@type\":\"WebPage\",\"@id\":\"https:\\\/\\\/www.anovapeneira.gal\\\/index.php\\\/2024\\\/06\\\/28\\\/chega-o-guillafolk-2024o-rei-da-cultura-de-guillarei\\\/\",\"url\":\"https:\\\/\\\/www.anovapeneira.gal\\\/index.php\\\/2024\\\/06\\\/28\\\/chega-o-guillafolk-2024o-rei-da-cultura-de-guillarei\\\/\",\"name\":\"Chega o GuillaFolk 2024:O Rei da cultura de Guillarei -\",\"isPartOf\":{\"@id\":\"https:\\\/\\\/www.anovapeneira.gal\\\/#website\"},\"primaryImageOfPage\":{\"@id\":\"https:\\\/\\\/www.anovapeneira.gal\\\/index.php\\\/2024\\\/06\\\/28\\\/chega-o-guillafolk-2024o-rei-da-cultura-de-guillarei\\\/#primaryimage\"},\"image\":{\"@id\":\"https:\\\/\\\/www.anovapeneira.gal\\\/index.php\\\/2024\\\/06\\\/28\\\/chega-o-guillafolk-2024o-rei-da-cultura-de-guillarei\\\/#primaryimage\"},\"thumbnailUrl\":\"https:\\\/\\\/www.anovapeneira.gal\\\/wp-content\\\/uploads\\\/2024\\\/06\\\/guilla_folk.jpg\",\"datePublished\":\"2024-06-28T08:00:19+00:00\",\"breadcrumb\":{\"@id\":\"https:\\\/\\\/www.anovapeneira.gal\\\/index.php\\\/2024\\\/06\\\/28\\\/chega-o-guillafolk-2024o-rei-da-cultura-de-guillarei\\\/#breadcrumb\"},\"inLanguage\":\"gl-ES\",\"potentialAction\":[{\"@type\":\"ReadAction\",\"target\":[\"https:\\\/\\\/www.anovapeneira.gal\\\/index.php\\\/2024\\\/06\\\/28\\\/chega-o-guillafolk-2024o-rei-da-cultura-de-guillarei\\\/\"]}]},{\"@type\":\"ImageObject\",\"inLanguage\":\"gl-ES\",\"@id\":\"https:\\\/\\\/www.anovapeneira.gal\\\/index.php\\\/2024\\\/06\\\/28\\\/chega-o-guillafolk-2024o-rei-da-cultura-de-guillarei\\\/#primaryimage\",\"url\":\"https:\\\/\\\/www.anovapeneira.gal\\\/wp-content\\\/uploads\\\/2024\\\/06\\\/guilla_folk.jpg\",\"contentUrl\":\"https:\\\/\\\/www.anovapeneira.gal\\\/wp-content\\\/uploads\\\/2024\\\/06\\\/guilla_folk.jpg\",\"width\":720,\"height\":432,\"caption\":\"GillaFolk\"},{\"@type\":\"BreadcrumbList\",\"@id\":\"https:\\\/\\\/www.anovapeneira.gal\\\/index.php\\\/2024\\\/06\\\/28\\\/chega-o-guillafolk-2024o-rei-da-cultura-de-guillarei\\\/#breadcrumb\",\"itemListElement\":[{\"@type\":\"ListItem\",\"position\":1,\"name\":\"Portada\",\"item\":\"https:\\\/\\\/www.anovapeneira.gal\\\/\"},{\"@type\":\"ListItem\",\"position\":2,\"name\":\"Chega o GuillaFolk 2024:O Rei da cultura de Guillarei\"}]},{\"@type\":\"WebSite\",\"@id\":\"https:\\\/\\\/www.anovapeneira.gal\\\/#website\",\"url\":\"https:\\\/\\\/www.anovapeneira.gal\\\/\",\"name\":\"\",\"description\":\"Xornal galego de informaci\u00f3n xeral Publicaci\u00f3n mensual de novas de Galicia e en especial dos Concellos da sur da provincia de Pontevedra.\",\"publisher\":{\"@id\":\"https:\\\/\\\/www.anovapeneira.gal\\\/#organization\"},\"potentialAction\":[{\"@type\":\"SearchAction\",\"target\":{\"@type\":\"EntryPoint\",\"urlTemplate\":\"https:\\\/\\\/www.anovapeneira.gal\\\/?s={search_term_string}\"},\"query-input\":{\"@type\":\"PropertyValueSpecification\",\"valueRequired\":true,\"valueName\":\"search_term_string\"}}],\"inLanguage\":\"gl-ES\"},{\"@type\":\"Organization\",\"@id\":\"https:\\\/\\\/www.anovapeneira.gal\\\/#organization\",\"name\":\"A Nova Peneira\",\"url\":\"https:\\\/\\\/www.anovapeneira.gal\\\/\",\"logo\":{\"@type\":\"ImageObject\",\"inLanguage\":\"gl-ES\",\"@id\":\"https:\\\/\\\/www.anovapeneira.gal\\\/#\\\/schema\\\/logo\\\/image\\\/\",\"url\":\"http:\\\/\\\/www.anovapeneira.gal\\\/wp-content\\\/uploads\\\/2019\\\/06\\\/logo_a_nova_peneira_portal_web.png\",\"contentUrl\":\"http:\\\/\\\/www.anovapeneira.gal\\\/wp-content\\\/uploads\\\/2019\\\/06\\\/logo_a_nova_peneira_portal_web.png\",\"width\":300,\"height\":100,\"caption\":\"A Nova Peneira\"},\"image\":{\"@id\":\"https:\\\/\\\/www.anovapeneira.gal\\\/#\\\/schema\\\/logo\\\/image\\\/\"},\"sameAs\":[\"https:\\\/\\\/www.facebook.com\\\/anovapeneira\",\"https:\\\/\\\/x.com\\\/APeneira\"]},{\"@type\":\"Person\",\"@id\":\"https:\\\/\\\/www.anovapeneira.gal\\\/#\\\/schema\\\/person\\\/b93e3f8932e3f8da96334607eb6ac6aa\",\"name\":\"Redacci\u00f3n A Nova Peneira\",\"image\":{\"@type\":\"ImageObject\",\"inLanguage\":\"gl-ES\",\"@id\":\"https:\\\/\\\/secure.gravatar.com\\\/avatar\\\/c052a2551a06e23fac63626232eaa90abd78dbcf1700fc46a2b2c89fd27b735f?s=96&d=mm&r=g\",\"url\":\"https:\\\/\\\/secure.gravatar.com\\\/avatar\\\/c052a2551a06e23fac63626232eaa90abd78dbcf1700fc46a2b2c89fd27b735f?s=96&d=mm&r=g\",\"contentUrl\":\"https:\\\/\\\/secure.gravatar.com\\\/avatar\\\/c052a2551a06e23fac63626232eaa90abd78dbcf1700fc46a2b2c89fd27b735f?s=96&d=mm&r=g\",\"caption\":\"Redacci\u00f3n A Nova Peneira\"},\"sameAs\":[\"http:\\\/\\\/www.anovapeneira.gal\\\/\"],\"url\":\"https:\\\/\\\/www.anovapeneira.gal\\\/index.php\\\/author\\\/redactor\\\/\"}]}<\/script>\n<!-- \/ Yoast SEO plugin. -->","yoast_head_json":{"title":"Chega o GuillaFolk 2024:O Rei da cultura de Guillarei -","robots":{"index":"index","follow":"follow","max-snippet":"max-snippet:-1","max-image-preview":"max-image-preview:large","max-video-preview":"max-video-preview:-1"},"canonical":"https:\/\/www.anovapeneira.gal\/index.php\/2024\/06\/28\/chega-o-guillafolk-2024o-rei-da-cultura-de-guillarei\/","og_locale":"gl_ES","og_type":"article","og_title":"Chega o GuillaFolk 2024:O Rei da cultura de Guillarei -","og_description":"Neste medio de comunicaci\u00f3n temos defendido en infinidade de ocasi\u00f3ns que a forza da sociedade civil organizada \u00e9 imparable ,que este \u00e9 o cami\u00f1o m\u00e1is adecuado para combater abusos e inxustizas e a \u00fanica v\u00eda posible para que o noso idioma e a nosa cultura poidan seguir existindo nas xeraci\u00f3ns futuras [...]","og_url":"https:\/\/www.anovapeneira.gal\/index.php\/2024\/06\/28\/chega-o-guillafolk-2024o-rei-da-cultura-de-guillarei\/","article_publisher":"https:\/\/www.facebook.com\/anovapeneira","article_published_time":"2024-06-28T08:00:19+00:00","og_image":[{"width":720,"height":432,"url":"https:\/\/www.anovapeneira.gal\/wp-content\/uploads\/2024\/06\/guilla_folk.jpg","type":"image\/jpeg"}],"author":"Redacci\u00f3n A Nova Peneira","twitter_card":"summary_large_image","twitter_creator":"@APeneira","twitter_site":"@APeneira","twitter_misc":{"Escrito por":"Redacci\u00f3n A Nova Peneira","Tempo de lectura":"3 minutos"},"schema":{"@context":"https:\/\/schema.org","@graph":[{"@type":"Article","@id":"https:\/\/www.anovapeneira.gal\/index.php\/2024\/06\/28\/chega-o-guillafolk-2024o-rei-da-cultura-de-guillarei\/#article","isPartOf":{"@id":"https:\/\/www.anovapeneira.gal\/index.php\/2024\/06\/28\/chega-o-guillafolk-2024o-rei-da-cultura-de-guillarei\/"},"author":{"name":"Redacci\u00f3n A Nova Peneira","@id":"https:\/\/www.anovapeneira.gal\/#\/schema\/person\/b93e3f8932e3f8da96334607eb6ac6aa"},"headline":"Chega o GuillaFolk 2024:O Rei da cultura de Guillarei","datePublished":"2024-06-28T08:00:19+00:00","mainEntityOfPage":{"@id":"https:\/\/www.anovapeneira.gal\/index.php\/2024\/06\/28\/chega-o-guillafolk-2024o-rei-da-cultura-de-guillarei\/"},"wordCount":1166,"commentCount":0,"publisher":{"@id":"https:\/\/www.anovapeneira.gal\/#organization"},"image":{"@id":"https:\/\/www.anovapeneira.gal\/index.php\/2024\/06\/28\/chega-o-guillafolk-2024o-rei-da-cultura-de-guillarei\/#primaryimage"},"thumbnailUrl":"https:\/\/www.anovapeneira.gal\/wp-content\/uploads\/2024\/06\/guilla_folk.jpg","keywords":["Concello de Tui"],"articleSection":["Baixo Mi\u00f1o"],"inLanguage":"gl-ES","potentialAction":[{"@type":"CommentAction","name":"Comment","target":["https:\/\/www.anovapeneira.gal\/index.php\/2024\/06\/28\/chega-o-guillafolk-2024o-rei-da-cultura-de-guillarei\/#respond"]}]},{"@type":"WebPage","@id":"https:\/\/www.anovapeneira.gal\/index.php\/2024\/06\/28\/chega-o-guillafolk-2024o-rei-da-cultura-de-guillarei\/","url":"https:\/\/www.anovapeneira.gal\/index.php\/2024\/06\/28\/chega-o-guillafolk-2024o-rei-da-cultura-de-guillarei\/","name":"Chega o GuillaFolk 2024:O Rei da cultura de Guillarei -","isPartOf":{"@id":"https:\/\/www.anovapeneira.gal\/#website"},"primaryImageOfPage":{"@id":"https:\/\/www.anovapeneira.gal\/index.php\/2024\/06\/28\/chega-o-guillafolk-2024o-rei-da-cultura-de-guillarei\/#primaryimage"},"image":{"@id":"https:\/\/www.anovapeneira.gal\/index.php\/2024\/06\/28\/chega-o-guillafolk-2024o-rei-da-cultura-de-guillarei\/#primaryimage"},"thumbnailUrl":"https:\/\/www.anovapeneira.gal\/wp-content\/uploads\/2024\/06\/guilla_folk.jpg","datePublished":"2024-06-28T08:00:19+00:00","breadcrumb":{"@id":"https:\/\/www.anovapeneira.gal\/index.php\/2024\/06\/28\/chega-o-guillafolk-2024o-rei-da-cultura-de-guillarei\/#breadcrumb"},"inLanguage":"gl-ES","potentialAction":[{"@type":"ReadAction","target":["https:\/\/www.anovapeneira.gal\/index.php\/2024\/06\/28\/chega-o-guillafolk-2024o-rei-da-cultura-de-guillarei\/"]}]},{"@type":"ImageObject","inLanguage":"gl-ES","@id":"https:\/\/www.anovapeneira.gal\/index.php\/2024\/06\/28\/chega-o-guillafolk-2024o-rei-da-cultura-de-guillarei\/#primaryimage","url":"https:\/\/www.anovapeneira.gal\/wp-content\/uploads\/2024\/06\/guilla_folk.jpg","contentUrl":"https:\/\/www.anovapeneira.gal\/wp-content\/uploads\/2024\/06\/guilla_folk.jpg","width":720,"height":432,"caption":"GillaFolk"},{"@type":"BreadcrumbList","@id":"https:\/\/www.anovapeneira.gal\/index.php\/2024\/06\/28\/chega-o-guillafolk-2024o-rei-da-cultura-de-guillarei\/#breadcrumb","itemListElement":[{"@type":"ListItem","position":1,"name":"Portada","item":"https:\/\/www.anovapeneira.gal\/"},{"@type":"ListItem","position":2,"name":"Chega o GuillaFolk 2024:O Rei da cultura de Guillarei"}]},{"@type":"WebSite","@id":"https:\/\/www.anovapeneira.gal\/#website","url":"https:\/\/www.anovapeneira.gal\/","name":"","description":"Xornal galego de informaci\u00f3n xeral Publicaci\u00f3n mensual de novas de Galicia e en especial dos Concellos da sur da provincia de Pontevedra.","publisher":{"@id":"https:\/\/www.anovapeneira.gal\/#organization"},"potentialAction":[{"@type":"SearchAction","target":{"@type":"EntryPoint","urlTemplate":"https:\/\/www.anovapeneira.gal\/?s={search_term_string}"},"query-input":{"@type":"PropertyValueSpecification","valueRequired":true,"valueName":"search_term_string"}}],"inLanguage":"gl-ES"},{"@type":"Organization","@id":"https:\/\/www.anovapeneira.gal\/#organization","name":"A Nova Peneira","url":"https:\/\/www.anovapeneira.gal\/","logo":{"@type":"ImageObject","inLanguage":"gl-ES","@id":"https:\/\/www.anovapeneira.gal\/#\/schema\/logo\/image\/","url":"http:\/\/www.anovapeneira.gal\/wp-content\/uploads\/2019\/06\/logo_a_nova_peneira_portal_web.png","contentUrl":"http:\/\/www.anovapeneira.gal\/wp-content\/uploads\/2019\/06\/logo_a_nova_peneira_portal_web.png","width":300,"height":100,"caption":"A Nova Peneira"},"image":{"@id":"https:\/\/www.anovapeneira.gal\/#\/schema\/logo\/image\/"},"sameAs":["https:\/\/www.facebook.com\/anovapeneira","https:\/\/x.com\/APeneira"]},{"@type":"Person","@id":"https:\/\/www.anovapeneira.gal\/#\/schema\/person\/b93e3f8932e3f8da96334607eb6ac6aa","name":"Redacci\u00f3n A Nova Peneira","image":{"@type":"ImageObject","inLanguage":"gl-ES","@id":"https:\/\/secure.gravatar.com\/avatar\/c052a2551a06e23fac63626232eaa90abd78dbcf1700fc46a2b2c89fd27b735f?s=96&d=mm&r=g","url":"https:\/\/secure.gravatar.com\/avatar\/c052a2551a06e23fac63626232eaa90abd78dbcf1700fc46a2b2c89fd27b735f?s=96&d=mm&r=g","contentUrl":"https:\/\/secure.gravatar.com\/avatar\/c052a2551a06e23fac63626232eaa90abd78dbcf1700fc46a2b2c89fd27b735f?s=96&d=mm&r=g","caption":"Redacci\u00f3n A Nova Peneira"},"sameAs":["http:\/\/www.anovapeneira.gal\/"],"url":"https:\/\/www.anovapeneira.gal\/index.php\/author\/redactor\/"}]}},"jetpack_featured_media_url":"https:\/\/www.anovapeneira.gal\/wp-content\/uploads\/2024\/06\/guilla_folk.jpg","_links":{"self":[{"href":"https:\/\/www.anovapeneira.gal\/index.php\/wp-json\/wp\/v2\/posts\/11964","targetHints":{"allow":["GET"]}}],"collection":[{"href":"https:\/\/www.anovapeneira.gal\/index.php\/wp-json\/wp\/v2\/posts"}],"about":[{"href":"https:\/\/www.anovapeneira.gal\/index.php\/wp-json\/wp\/v2\/types\/post"}],"author":[{"embeddable":true,"href":"https:\/\/www.anovapeneira.gal\/index.php\/wp-json\/wp\/v2\/users\/3"}],"replies":[{"embeddable":true,"href":"https:\/\/www.anovapeneira.gal\/index.php\/wp-json\/wp\/v2\/comments?post=11964"}],"version-history":[{"count":1,"href":"https:\/\/www.anovapeneira.gal\/index.php\/wp-json\/wp\/v2\/posts\/11964\/revisions"}],"predecessor-version":[{"id":11966,"href":"https:\/\/www.anovapeneira.gal\/index.php\/wp-json\/wp\/v2\/posts\/11964\/revisions\/11966"}],"wp:featuredmedia":[{"embeddable":true,"href":"https:\/\/www.anovapeneira.gal\/index.php\/wp-json\/wp\/v2\/media\/11965"}],"wp:attachment":[{"href":"https:\/\/www.anovapeneira.gal\/index.php\/wp-json\/wp\/v2\/media?parent=11964"}],"wp:term":[{"taxonomy":"category","embeddable":true,"href":"https:\/\/www.anovapeneira.gal\/index.php\/wp-json\/wp\/v2\/categories?post=11964"},{"taxonomy":"post_tag","embeddable":true,"href":"https:\/\/www.anovapeneira.gal\/index.php\/wp-json\/wp\/v2\/tags?post=11964"}],"curies":[{"name":"wp","href":"https:\/\/api.w.org\/{rel}","templated":true}]}}