{"id":11973,"date":"2024-06-28T12:00:52","date_gmt":"2024-06-28T10:00:52","guid":{"rendered":"https:\/\/www.anovapeneira.gal\/?p=11973"},"modified":"2024-06-28T13:56:47","modified_gmt":"2024-06-28T11:56:47","slug":"bota-a-andar-a-comunidade-electrica-de-salceda","status":"publish","type":"post","link":"https:\/\/www.anovapeneira.gal\/index.php\/2024\/06\/28\/bota-a-andar-a-comunidade-electrica-de-salceda\/","title":{"rendered":"Bota a Andar a Comunidade El\u00e9ctrica de Salceda"},"content":{"rendered":"\n<figure class=\"wp-block-image size-large is-resized\"><img loading=\"lazy\" decoding=\"async\" width=\"888\" height=\"1024\" src=\"https:\/\/www.anovapeneira.gal\/wp-content\/uploads\/2023\/10\/xurxo_gregorio-888x1024.png\" alt=\"Xurxo Gregorio - Polit\u00f3logo\" class=\"wp-image-10673\" style=\"width:83px;height:auto\" srcset=\"https:\/\/www.anovapeneira.gal\/wp-content\/uploads\/2023\/10\/xurxo_gregorio-888x1024.png 888w, https:\/\/www.anovapeneira.gal\/wp-content\/uploads\/2023\/10\/xurxo_gregorio-260x300.png 260w, https:\/\/www.anovapeneira.gal\/wp-content\/uploads\/2023\/10\/xurxo_gregorio-768x886.png 768w, https:\/\/www.anovapeneira.gal\/wp-content\/uploads\/2023\/10\/xurxo_gregorio.png 906w\" sizes=\"auto, (max-width: 888px) 100vw, 888px\" \/><figcaption class=\"wp-element-caption\">Xurxo Gregorio &#8211; Polit\u00f3logo<\/figcaption><\/figure>\n\n\n\n<p>Os problemas que a produci\u00f3n enerx\u00e9tica provocan na nosa econom\u00eda e na sociedade en xeral levan \u00e1 necesidade de crear xeitos alternativos econ\u00f3micos e m\u00e1is eficientes de producir enerx\u00eda. Faise preciso o aproveitar as posibilidades que o propio medio nos d\u00e1 como son as enerx\u00edas solar, e\u00f3lica, hidr\u00e1ulica ou inclusive sobre todo nas zonas rurais co aproveitamento da biomasa e residuos e sobre todo facelo desde pequenos grupos buscando aforrar en custes e o menor impacto posible no medio.<\/p>\n\n\n\n<figure class=\"wp-block-image size-full\"><img loading=\"lazy\" decoding=\"async\" width=\"591\" height=\"836\" src=\"https:\/\/www.anovapeneira.gal\/wp-content\/uploads\/2024\/06\/imagen.png\" alt=\"\" class=\"wp-image-11974\" srcset=\"https:\/\/www.anovapeneira.gal\/wp-content\/uploads\/2024\/06\/imagen.png 591w, https:\/\/www.anovapeneira.gal\/wp-content\/uploads\/2024\/06\/imagen-212x300.png 212w\" sizes=\"auto, (max-width: 591px) 100vw, 591px\" \/><\/figure>\n\n\n\n<p>As comunidades enerx\u00e9ticas son proxectos de participaci\u00f3n cidad\u00e1 que buscan a participaci\u00f3n dos veci\u00f1os e veci\u00f1as na produci\u00f3n da s\u00faa propia enerx\u00eda, que cada un aporte algo para a produci\u00f3n da comunidade para a s\u00faa posterior distribuci\u00f3n a cada un segundo as s\u00faas necesidades. As comunidades permiten o aproveitamento para autoconsumo de todas as vivendas sitas ate a dous quil\u00f3metros do lugar onde se produce a enerx\u00eda o que evitar\u00eda a necesidade de que cada un tivese a s\u00faa propia instalaci\u00f3n e as\u00ed crear sinerx\u00edas que o que pretenden e abaratar custes para todos os participantes limitar o impacto visual que supor\u00eda a colocaci\u00f3n de paneis en todas as vivendas ademais de darlle oportunidade a persoas residentes en pisos de formar parte da comunidade, xa que non todo o mundo ten onde colocar placas solares ou outras fontes de produci\u00f3n de enerx\u00eda.<\/p>\n\n\n\n<p>A idea da Comunidade Enerx\u00e9tica de Entenza nace das ansias do veci\u00f1o de Entenza, Demetrio Requejo de impulsar unha forma de crear enerx\u00eda para os veci\u00f1os de Salceda dun xeito limpo e que lles permita baixar os custes el\u00e9ctricos. A este tipo de comunidades poder\u00edan adherirse ademais de vivendas particulares calquera tipo de negocio e pequenas industrias onde cada unha deber\u00eda participar segundo o seu consumo, \u00e9 dicir, na comunidade cada un establece o consumo que require precisar e aporta e recibe esa mesma porcentaxe.<\/p>\n\n\n\n<p>A Comunidade Enerx\u00e9tica de Salceda como outras que se est\u00e1n a constitu\u00edr busca formar parte da denominada Transici\u00f3n Enerx\u00e9tica, que trata ademais dun cambio na forma de producir enerx\u00eda nun cambio cultural de como usar esta. \u00c9 unha transformaci\u00f3n na que cada unidade produza a enerx\u00eda precisa para si mesmo co menor impacto posible e se distrib\u00faa o excedente sobrante.<\/p>\n\n\n\n<p>A comunidade que bota a andar co apoio do Concello de Salceda que se compromete a ceder os teitos das s\u00faas instalaci\u00f3n a cambio da cesi\u00f3n dun 5% da produci\u00f3n de enerx\u00eda para familias en situaci\u00f3n de pobreza enerx\u00e9tica e agarda contar co apoio de diversas asociaci\u00f3n e colectivos da localidade coma comunidades de montes e asociaci\u00f3n de veci\u00f1os para po\u00f1erse a funcionar. O obxectivo inicial e comezar usando os tellados de diversas instalaci\u00f3n municipais coma pavill\u00f3ns, as\u00ed coma os edificios dos diversos colectivos como centros culturais e centros sociais como centros de produci\u00f3n de enerx\u00eda solar e as\u00ed ir creando n\u00facleos de produci\u00f3n os que poidan adherirse os veci\u00f1os situados ate a dous quil\u00f3metros do centro produci\u00f3n.<\/p>\n\n\n\n<p>As comunidades enerx\u00e9ticas contan con fondos da Uni\u00f3n Europea para a s\u00faa constituci\u00f3n de ate o 60% a trav\u00e9s do Plan de recuperaci\u00f3n e Resiliencia, C7R3. O obxectivo do grupo tractor \u00e9 optar a todas estas subvenci\u00f3ns para as cales a Galicia corresp\u00f3ndenlle 1500 mill\u00f3ns de Euros as\u00ed como se \u00e9 preciso ao financiamento de diversas entidades de cr\u00e9dito que ven neste tipo de iniciativas a posibilidade de fomentar o aforro, os c\u00e1lculos realizados polos expertos que colaboran co grupo que inicia o proceso de constituci\u00f3n calculan un aforro de ate 120 Euros anuais inicialmente na factura da luz que poder\u00edan chegar ate 800 dados os actuais prezos da enerx\u00eda.<\/p>\n","protected":false},"excerpt":{"rendered":"<div class=\"mh-excerpt\"><p>Os problemas que a produci\u00f3n enerx\u00e9tica provocan na nosa econom\u00eda e na sociedade en xeral levan \u00e1 necesidade de crear xeitos alternativos econ\u00f3micos e m\u00e1is eficientes de producir enerx\u00eda <a class=\"mh-excerpt-more\" href=\"https:\/\/www.anovapeneira.gal\/index.php\/2024\/06\/28\/bota-a-andar-a-comunidade-electrica-de-salceda\/\" title=\"Bota a Andar a Comunidade El\u00e9ctrica de Salceda\">[&#8230;]<\/a><\/p>\n<\/div>","protected":false},"author":12,"featured_media":11976,"comment_status":"open","ping_status":"open","sticky":false,"template":"","format":"standard","meta":{"_exactmetrics_skip_tracking":false,"_exactmetrics_sitenote_active":false,"_exactmetrics_sitenote_note":"","_exactmetrics_sitenote_category":0,"footnotes":""},"categories":[1],"tags":[359],"class_list":{"0":"post-11973","1":"post","2":"type-post","3":"status-publish","4":"format-standard","5":"has-post-thumbnail","7":"category-sin-categoria","8":"tag-concello-de-salceda-de-caselas"},"yoast_head":"<!-- This site is optimized with the Yoast SEO plugin v27.4 - https:\/\/yoast.com\/product\/yoast-seo-wordpress\/ -->\n<title>Bota a Andar a Comunidade El\u00e9ctrica de Salceda -<\/title>\n<meta name=\"robots\" content=\"index, follow, max-snippet:-1, max-image-preview:large, max-video-preview:-1\" \/>\n<link rel=\"canonical\" href=\"https:\/\/www.anovapeneira.gal\/index.php\/2024\/06\/28\/bota-a-andar-a-comunidade-electrica-de-salceda\/\" \/>\n<meta property=\"og:locale\" content=\"gl_ES\" \/>\n<meta property=\"og:type\" content=\"article\" \/>\n<meta property=\"og:title\" content=\"Bota a Andar a Comunidade El\u00e9ctrica de Salceda -\" \/>\n<meta property=\"og:description\" content=\"Os problemas que a produci\u00f3n enerx\u00e9tica provocan na nosa econom\u00eda e na sociedade en xeral levan \u00e1 necesidade de crear xeitos alternativos econ\u00f3micos e m\u00e1is eficientes de producir enerx\u00eda [...]\" \/>\n<meta property=\"og:url\" content=\"https:\/\/www.anovapeneira.gal\/index.php\/2024\/06\/28\/bota-a-andar-a-comunidade-electrica-de-salceda\/\" \/>\n<meta property=\"article:publisher\" content=\"https:\/\/www.facebook.com\/anovapeneira\" \/>\n<meta property=\"article:published_time\" content=\"2024-06-28T10:00:52+00:00\" \/>\n<meta property=\"article:modified_time\" content=\"2024-06-28T11:56:47+00:00\" \/>\n<meta property=\"og:image\" content=\"https:\/\/www.anovapeneira.gal\/wp-content\/uploads\/2024\/06\/enerxeticas_salceda.jpg\" \/>\n\t<meta property=\"og:image:width\" content=\"720\" \/>\n\t<meta property=\"og:image:height\" content=\"432\" \/>\n\t<meta property=\"og:image:type\" content=\"image\/jpeg\" \/>\n<meta name=\"author\" content=\"Artigos Opini\u00f3n\" \/>\n<meta name=\"twitter:card\" content=\"summary_large_image\" \/>\n<meta name=\"twitter:image\" content=\"https:\/\/www.anovapeneira.gal\/wp-content\/uploads\/2024\/06\/enerxeticas_salceda.jpg\" \/>\n<meta name=\"twitter:creator\" content=\"@APeneira\" \/>\n<meta name=\"twitter:site\" content=\"@APeneira\" \/>\n<meta name=\"twitter:label1\" content=\"Escrito por\" \/>\n\t<meta name=\"twitter:data1\" content=\"Artigos Opini\u00f3n\" \/>\n\t<meta name=\"twitter:label2\" content=\"Tempo de lectura\" \/>\n\t<meta name=\"twitter:data2\" content=\"4 minutos\" \/>\n<script type=\"application\/ld+json\" class=\"yoast-schema-graph\">{\"@context\":\"https:\\\/\\\/schema.org\",\"@graph\":[{\"@type\":\"Article\",\"@id\":\"https:\\\/\\\/www.anovapeneira.gal\\\/index.php\\\/2024\\\/06\\\/28\\\/bota-a-andar-a-comunidade-electrica-de-salceda\\\/#article\",\"isPartOf\":{\"@id\":\"https:\\\/\\\/www.anovapeneira.gal\\\/index.php\\\/2024\\\/06\\\/28\\\/bota-a-andar-a-comunidade-electrica-de-salceda\\\/\"},\"author\":{\"name\":\"Artigos Opini\u00f3n\",\"@id\":\"https:\\\/\\\/www.anovapeneira.gal\\\/#\\\/schema\\\/person\\\/f18a4feb302e8f20bcef4490b5b60bb3\"},\"headline\":\"Bota a Andar a Comunidade El\u00e9ctrica de Salceda\",\"datePublished\":\"2024-06-28T10:00:52+00:00\",\"dateModified\":\"2024-06-28T11:56:47+00:00\",\"mainEntityOfPage\":{\"@id\":\"https:\\\/\\\/www.anovapeneira.gal\\\/index.php\\\/2024\\\/06\\\/28\\\/bota-a-andar-a-comunidade-electrica-de-salceda\\\/\"},\"wordCount\":680,\"commentCount\":0,\"publisher\":{\"@id\":\"https:\\\/\\\/www.anovapeneira.gal\\\/#organization\"},\"image\":{\"@id\":\"https:\\\/\\\/www.anovapeneira.gal\\\/index.php\\\/2024\\\/06\\\/28\\\/bota-a-andar-a-comunidade-electrica-de-salceda\\\/#primaryimage\"},\"thumbnailUrl\":\"https:\\\/\\\/www.anovapeneira.gal\\\/wp-content\\\/uploads\\\/2024\\\/06\\\/enerxeticas_salceda.jpg\",\"keywords\":[\"Concello de Salceda de Caselas\"],\"articleSection\":[\"Sin categor\u00eda\"],\"inLanguage\":\"gl-ES\",\"potentialAction\":[{\"@type\":\"CommentAction\",\"name\":\"Comment\",\"target\":[\"https:\\\/\\\/www.anovapeneira.gal\\\/index.php\\\/2024\\\/06\\\/28\\\/bota-a-andar-a-comunidade-electrica-de-salceda\\\/#respond\"]}]},{\"@type\":\"WebPage\",\"@id\":\"https:\\\/\\\/www.anovapeneira.gal\\\/index.php\\\/2024\\\/06\\\/28\\\/bota-a-andar-a-comunidade-electrica-de-salceda\\\/\",\"url\":\"https:\\\/\\\/www.anovapeneira.gal\\\/index.php\\\/2024\\\/06\\\/28\\\/bota-a-andar-a-comunidade-electrica-de-salceda\\\/\",\"name\":\"Bota a Andar a Comunidade El\u00e9ctrica de Salceda -\",\"isPartOf\":{\"@id\":\"https:\\\/\\\/www.anovapeneira.gal\\\/#website\"},\"primaryImageOfPage\":{\"@id\":\"https:\\\/\\\/www.anovapeneira.gal\\\/index.php\\\/2024\\\/06\\\/28\\\/bota-a-andar-a-comunidade-electrica-de-salceda\\\/#primaryimage\"},\"image\":{\"@id\":\"https:\\\/\\\/www.anovapeneira.gal\\\/index.php\\\/2024\\\/06\\\/28\\\/bota-a-andar-a-comunidade-electrica-de-salceda\\\/#primaryimage\"},\"thumbnailUrl\":\"https:\\\/\\\/www.anovapeneira.gal\\\/wp-content\\\/uploads\\\/2024\\\/06\\\/enerxeticas_salceda.jpg\",\"datePublished\":\"2024-06-28T10:00:52+00:00\",\"dateModified\":\"2024-06-28T11:56:47+00:00\",\"breadcrumb\":{\"@id\":\"https:\\\/\\\/www.anovapeneira.gal\\\/index.php\\\/2024\\\/06\\\/28\\\/bota-a-andar-a-comunidade-electrica-de-salceda\\\/#breadcrumb\"},\"inLanguage\":\"gl-ES\",\"potentialAction\":[{\"@type\":\"ReadAction\",\"target\":[\"https:\\\/\\\/www.anovapeneira.gal\\\/index.php\\\/2024\\\/06\\\/28\\\/bota-a-andar-a-comunidade-electrica-de-salceda\\\/\"]}]},{\"@type\":\"ImageObject\",\"inLanguage\":\"gl-ES\",\"@id\":\"https:\\\/\\\/www.anovapeneira.gal\\\/index.php\\\/2024\\\/06\\\/28\\\/bota-a-andar-a-comunidade-electrica-de-salceda\\\/#primaryimage\",\"url\":\"https:\\\/\\\/www.anovapeneira.gal\\\/wp-content\\\/uploads\\\/2024\\\/06\\\/enerxeticas_salceda.jpg\",\"contentUrl\":\"https:\\\/\\\/www.anovapeneira.gal\\\/wp-content\\\/uploads\\\/2024\\\/06\\\/enerxeticas_salceda.jpg\",\"width\":720,\"height\":432,\"caption\":\"Xornadas enerx\u00e9ticas Salceda\"},{\"@type\":\"BreadcrumbList\",\"@id\":\"https:\\\/\\\/www.anovapeneira.gal\\\/index.php\\\/2024\\\/06\\\/28\\\/bota-a-andar-a-comunidade-electrica-de-salceda\\\/#breadcrumb\",\"itemListElement\":[{\"@type\":\"ListItem\",\"position\":1,\"name\":\"Portada\",\"item\":\"https:\\\/\\\/www.anovapeneira.gal\\\/\"},{\"@type\":\"ListItem\",\"position\":2,\"name\":\"Bota a Andar a Comunidade El\u00e9ctrica de Salceda\"}]},{\"@type\":\"WebSite\",\"@id\":\"https:\\\/\\\/www.anovapeneira.gal\\\/#website\",\"url\":\"https:\\\/\\\/www.anovapeneira.gal\\\/\",\"name\":\"\",\"description\":\"Xornal galego de informaci\u00f3n xeral Publicaci\u00f3n mensual de novas de Galicia e en especial dos Concellos da sur da provincia de Pontevedra.\",\"publisher\":{\"@id\":\"https:\\\/\\\/www.anovapeneira.gal\\\/#organization\"},\"potentialAction\":[{\"@type\":\"SearchAction\",\"target\":{\"@type\":\"EntryPoint\",\"urlTemplate\":\"https:\\\/\\\/www.anovapeneira.gal\\\/?s={search_term_string}\"},\"query-input\":{\"@type\":\"PropertyValueSpecification\",\"valueRequired\":true,\"valueName\":\"search_term_string\"}}],\"inLanguage\":\"gl-ES\"},{\"@type\":\"Organization\",\"@id\":\"https:\\\/\\\/www.anovapeneira.gal\\\/#organization\",\"name\":\"A Nova Peneira\",\"url\":\"https:\\\/\\\/www.anovapeneira.gal\\\/\",\"logo\":{\"@type\":\"ImageObject\",\"inLanguage\":\"gl-ES\",\"@id\":\"https:\\\/\\\/www.anovapeneira.gal\\\/#\\\/schema\\\/logo\\\/image\\\/\",\"url\":\"http:\\\/\\\/www.anovapeneira.gal\\\/wp-content\\\/uploads\\\/2019\\\/06\\\/logo_a_nova_peneira_portal_web.png\",\"contentUrl\":\"http:\\\/\\\/www.anovapeneira.gal\\\/wp-content\\\/uploads\\\/2019\\\/06\\\/logo_a_nova_peneira_portal_web.png\",\"width\":300,\"height\":100,\"caption\":\"A Nova Peneira\"},\"image\":{\"@id\":\"https:\\\/\\\/www.anovapeneira.gal\\\/#\\\/schema\\\/logo\\\/image\\\/\"},\"sameAs\":[\"https:\\\/\\\/www.facebook.com\\\/anovapeneira\",\"https:\\\/\\\/x.com\\\/APeneira\"]},{\"@type\":\"Person\",\"@id\":\"https:\\\/\\\/www.anovapeneira.gal\\\/#\\\/schema\\\/person\\\/f18a4feb302e8f20bcef4490b5b60bb3\",\"name\":\"Artigos Opini\u00f3n\",\"image\":{\"@type\":\"ImageObject\",\"inLanguage\":\"gl-ES\",\"@id\":\"https:\\\/\\\/secure.gravatar.com\\\/avatar\\\/072844300f4881150aee2da4278f7a65d16eefdf8262eb67085f1e702de2b959?s=96&d=mm&r=g\",\"url\":\"https:\\\/\\\/secure.gravatar.com\\\/avatar\\\/072844300f4881150aee2da4278f7a65d16eefdf8262eb67085f1e702de2b959?s=96&d=mm&r=g\",\"contentUrl\":\"https:\\\/\\\/secure.gravatar.com\\\/avatar\\\/072844300f4881150aee2da4278f7a65d16eefdf8262eb67085f1e702de2b959?s=96&d=mm&r=g\",\"caption\":\"Artigos Opini\u00f3n\"},\"sameAs\":[\"http:\\\/\\\/anovapeneira.gal\"],\"url\":\"https:\\\/\\\/www.anovapeneira.gal\\\/index.php\\\/author\\\/artigosopinion\\\/\"}]}<\/script>\n<!-- \/ Yoast SEO plugin. -->","yoast_head_json":{"title":"Bota a Andar a Comunidade El\u00e9ctrica de Salceda -","robots":{"index":"index","follow":"follow","max-snippet":"max-snippet:-1","max-image-preview":"max-image-preview:large","max-video-preview":"max-video-preview:-1"},"canonical":"https:\/\/www.anovapeneira.gal\/index.php\/2024\/06\/28\/bota-a-andar-a-comunidade-electrica-de-salceda\/","og_locale":"gl_ES","og_type":"article","og_title":"Bota a Andar a Comunidade El\u00e9ctrica de Salceda -","og_description":"Os problemas que a produci\u00f3n enerx\u00e9tica provocan na nosa econom\u00eda e na sociedade en xeral levan \u00e1 necesidade de crear xeitos alternativos econ\u00f3micos e m\u00e1is eficientes de producir enerx\u00eda [...]","og_url":"https:\/\/www.anovapeneira.gal\/index.php\/2024\/06\/28\/bota-a-andar-a-comunidade-electrica-de-salceda\/","article_publisher":"https:\/\/www.facebook.com\/anovapeneira","article_published_time":"2024-06-28T10:00:52+00:00","article_modified_time":"2024-06-28T11:56:47+00:00","og_image":[{"width":720,"height":432,"url":"https:\/\/www.anovapeneira.gal\/wp-content\/uploads\/2024\/06\/enerxeticas_salceda.jpg","type":"image\/jpeg"}],"author":"Artigos Opini\u00f3n","twitter_card":"summary_large_image","twitter_image":"https:\/\/www.anovapeneira.gal\/wp-content\/uploads\/2024\/06\/enerxeticas_salceda.jpg","twitter_creator":"@APeneira","twitter_site":"@APeneira","twitter_misc":{"Escrito por":"Artigos Opini\u00f3n","Tempo de lectura":"4 minutos"},"schema":{"@context":"https:\/\/schema.org","@graph":[{"@type":"Article","@id":"https:\/\/www.anovapeneira.gal\/index.php\/2024\/06\/28\/bota-a-andar-a-comunidade-electrica-de-salceda\/#article","isPartOf":{"@id":"https:\/\/www.anovapeneira.gal\/index.php\/2024\/06\/28\/bota-a-andar-a-comunidade-electrica-de-salceda\/"},"author":{"name":"Artigos Opini\u00f3n","@id":"https:\/\/www.anovapeneira.gal\/#\/schema\/person\/f18a4feb302e8f20bcef4490b5b60bb3"},"headline":"Bota a Andar a Comunidade El\u00e9ctrica de Salceda","datePublished":"2024-06-28T10:00:52+00:00","dateModified":"2024-06-28T11:56:47+00:00","mainEntityOfPage":{"@id":"https:\/\/www.anovapeneira.gal\/index.php\/2024\/06\/28\/bota-a-andar-a-comunidade-electrica-de-salceda\/"},"wordCount":680,"commentCount":0,"publisher":{"@id":"https:\/\/www.anovapeneira.gal\/#organization"},"image":{"@id":"https:\/\/www.anovapeneira.gal\/index.php\/2024\/06\/28\/bota-a-andar-a-comunidade-electrica-de-salceda\/#primaryimage"},"thumbnailUrl":"https:\/\/www.anovapeneira.gal\/wp-content\/uploads\/2024\/06\/enerxeticas_salceda.jpg","keywords":["Concello de Salceda de Caselas"],"articleSection":["Sin categor\u00eda"],"inLanguage":"gl-ES","potentialAction":[{"@type":"CommentAction","name":"Comment","target":["https:\/\/www.anovapeneira.gal\/index.php\/2024\/06\/28\/bota-a-andar-a-comunidade-electrica-de-salceda\/#respond"]}]},{"@type":"WebPage","@id":"https:\/\/www.anovapeneira.gal\/index.php\/2024\/06\/28\/bota-a-andar-a-comunidade-electrica-de-salceda\/","url":"https:\/\/www.anovapeneira.gal\/index.php\/2024\/06\/28\/bota-a-andar-a-comunidade-electrica-de-salceda\/","name":"Bota a Andar a Comunidade El\u00e9ctrica de Salceda -","isPartOf":{"@id":"https:\/\/www.anovapeneira.gal\/#website"},"primaryImageOfPage":{"@id":"https:\/\/www.anovapeneira.gal\/index.php\/2024\/06\/28\/bota-a-andar-a-comunidade-electrica-de-salceda\/#primaryimage"},"image":{"@id":"https:\/\/www.anovapeneira.gal\/index.php\/2024\/06\/28\/bota-a-andar-a-comunidade-electrica-de-salceda\/#primaryimage"},"thumbnailUrl":"https:\/\/www.anovapeneira.gal\/wp-content\/uploads\/2024\/06\/enerxeticas_salceda.jpg","datePublished":"2024-06-28T10:00:52+00:00","dateModified":"2024-06-28T11:56:47+00:00","breadcrumb":{"@id":"https:\/\/www.anovapeneira.gal\/index.php\/2024\/06\/28\/bota-a-andar-a-comunidade-electrica-de-salceda\/#breadcrumb"},"inLanguage":"gl-ES","potentialAction":[{"@type":"ReadAction","target":["https:\/\/www.anovapeneira.gal\/index.php\/2024\/06\/28\/bota-a-andar-a-comunidade-electrica-de-salceda\/"]}]},{"@type":"ImageObject","inLanguage":"gl-ES","@id":"https:\/\/www.anovapeneira.gal\/index.php\/2024\/06\/28\/bota-a-andar-a-comunidade-electrica-de-salceda\/#primaryimage","url":"https:\/\/www.anovapeneira.gal\/wp-content\/uploads\/2024\/06\/enerxeticas_salceda.jpg","contentUrl":"https:\/\/www.anovapeneira.gal\/wp-content\/uploads\/2024\/06\/enerxeticas_salceda.jpg","width":720,"height":432,"caption":"Xornadas enerx\u00e9ticas Salceda"},{"@type":"BreadcrumbList","@id":"https:\/\/www.anovapeneira.gal\/index.php\/2024\/06\/28\/bota-a-andar-a-comunidade-electrica-de-salceda\/#breadcrumb","itemListElement":[{"@type":"ListItem","position":1,"name":"Portada","item":"https:\/\/www.anovapeneira.gal\/"},{"@type":"ListItem","position":2,"name":"Bota a Andar a Comunidade El\u00e9ctrica de Salceda"}]},{"@type":"WebSite","@id":"https:\/\/www.anovapeneira.gal\/#website","url":"https:\/\/www.anovapeneira.gal\/","name":"","description":"Xornal galego de informaci\u00f3n xeral Publicaci\u00f3n mensual de novas de Galicia e en especial dos Concellos da sur da provincia de Pontevedra.","publisher":{"@id":"https:\/\/www.anovapeneira.gal\/#organization"},"potentialAction":[{"@type":"SearchAction","target":{"@type":"EntryPoint","urlTemplate":"https:\/\/www.anovapeneira.gal\/?s={search_term_string}"},"query-input":{"@type":"PropertyValueSpecification","valueRequired":true,"valueName":"search_term_string"}}],"inLanguage":"gl-ES"},{"@type":"Organization","@id":"https:\/\/www.anovapeneira.gal\/#organization","name":"A Nova Peneira","url":"https:\/\/www.anovapeneira.gal\/","logo":{"@type":"ImageObject","inLanguage":"gl-ES","@id":"https:\/\/www.anovapeneira.gal\/#\/schema\/logo\/image\/","url":"http:\/\/www.anovapeneira.gal\/wp-content\/uploads\/2019\/06\/logo_a_nova_peneira_portal_web.png","contentUrl":"http:\/\/www.anovapeneira.gal\/wp-content\/uploads\/2019\/06\/logo_a_nova_peneira_portal_web.png","width":300,"height":100,"caption":"A Nova Peneira"},"image":{"@id":"https:\/\/www.anovapeneira.gal\/#\/schema\/logo\/image\/"},"sameAs":["https:\/\/www.facebook.com\/anovapeneira","https:\/\/x.com\/APeneira"]},{"@type":"Person","@id":"https:\/\/www.anovapeneira.gal\/#\/schema\/person\/f18a4feb302e8f20bcef4490b5b60bb3","name":"Artigos Opini\u00f3n","image":{"@type":"ImageObject","inLanguage":"gl-ES","@id":"https:\/\/secure.gravatar.com\/avatar\/072844300f4881150aee2da4278f7a65d16eefdf8262eb67085f1e702de2b959?s=96&d=mm&r=g","url":"https:\/\/secure.gravatar.com\/avatar\/072844300f4881150aee2da4278f7a65d16eefdf8262eb67085f1e702de2b959?s=96&d=mm&r=g","contentUrl":"https:\/\/secure.gravatar.com\/avatar\/072844300f4881150aee2da4278f7a65d16eefdf8262eb67085f1e702de2b959?s=96&d=mm&r=g","caption":"Artigos Opini\u00f3n"},"sameAs":["http:\/\/anovapeneira.gal"],"url":"https:\/\/www.anovapeneira.gal\/index.php\/author\/artigosopinion\/"}]}},"jetpack_featured_media_url":"https:\/\/www.anovapeneira.gal\/wp-content\/uploads\/2024\/06\/enerxeticas_salceda.jpg","_links":{"self":[{"href":"https:\/\/www.anovapeneira.gal\/index.php\/wp-json\/wp\/v2\/posts\/11973","targetHints":{"allow":["GET"]}}],"collection":[{"href":"https:\/\/www.anovapeneira.gal\/index.php\/wp-json\/wp\/v2\/posts"}],"about":[{"href":"https:\/\/www.anovapeneira.gal\/index.php\/wp-json\/wp\/v2\/types\/post"}],"author":[{"embeddable":true,"href":"https:\/\/www.anovapeneira.gal\/index.php\/wp-json\/wp\/v2\/users\/12"}],"replies":[{"embeddable":true,"href":"https:\/\/www.anovapeneira.gal\/index.php\/wp-json\/wp\/v2\/comments?post=11973"}],"version-history":[{"count":2,"href":"https:\/\/www.anovapeneira.gal\/index.php\/wp-json\/wp\/v2\/posts\/11973\/revisions"}],"predecessor-version":[{"id":11977,"href":"https:\/\/www.anovapeneira.gal\/index.php\/wp-json\/wp\/v2\/posts\/11973\/revisions\/11977"}],"wp:featuredmedia":[{"embeddable":true,"href":"https:\/\/www.anovapeneira.gal\/index.php\/wp-json\/wp\/v2\/media\/11976"}],"wp:attachment":[{"href":"https:\/\/www.anovapeneira.gal\/index.php\/wp-json\/wp\/v2\/media?parent=11973"}],"wp:term":[{"taxonomy":"category","embeddable":true,"href":"https:\/\/www.anovapeneira.gal\/index.php\/wp-json\/wp\/v2\/categories?post=11973"},{"taxonomy":"post_tag","embeddable":true,"href":"https:\/\/www.anovapeneira.gal\/index.php\/wp-json\/wp\/v2\/tags?post=11973"}],"curies":[{"name":"wp","href":"https:\/\/api.w.org\/{rel}","templated":true}]}}