{"id":11978,"date":"2024-07-01T10:00:58","date_gmt":"2024-07-01T08:00:58","guid":{"rendered":"https:\/\/www.anovapeneira.gal\/?p=11978"},"modified":"2024-06-27T11:45:31","modified_gmt":"2024-06-27T09:45:31","slug":"ii-torneo-de-balonman-de-veteranos-solidario-de-redondela","status":"publish","type":"post","link":"https:\/\/www.anovapeneira.gal\/index.php\/2024\/07\/01\/ii-torneo-de-balonman-de-veteranos-solidario-de-redondela\/","title":{"rendered":"II Torneo de Balonm\u00e1n de veteranos solidario de Redondela"},"content":{"rendered":"\n<p><strong>A principios deste mes de Xu\u00f1o disputouse o segundo torneo de Balonm\u00e1n Solidario. O torneo est\u00e1 organizado polas Sarillas, un equipo de mulleres relacionadas coa SAR que desbordan ilusi\u00f3n e talento polo deporte solidario e comprometido. Este un exemplo m\u00e1is do marabilloso tecido asociativo que pos\u00fae a nosa vila, e n\u00f3s non nos podiamos quedar sen conversar con elas<\/strong><\/p>\n\n\n\n<p><strong>As Sarillas de balonm\u00e1n amosan millas de talento e ilusi\u00f3n.<\/strong><\/p>\n\n\n\n<p><strong>Falamos con Mar, Susi e \u00c1ngela.<\/strong><\/p>\n\n\n\n<p><strong>Que son As Sarillas?<\/strong><\/p>\n\n\n\n<blockquote class=\"wp-block-quote is-layout-flow wp-block-quote-is-layout-flow\">\n<p>As Sarillas somos un grupo de nais que nos fixemos amigas e unha tarde aqu\u00ed no pavill\u00f3n, a muller de Pablo Cou\u00f1ago dixo que porque non fac\u00edamos un equipo de nais e, desta conversa entre Mari, Viqui, Lara e eu xurdiu todo. Eu dixen que quer\u00eda ser a porteira e xa comezamos a xuntarnos para adestrar. Lara e Viqui son as nais dos primeiros adestradores que tivo o equipo, falaron con eles para que nos adestraran e o meu marido falou con Lito para conseguir espazo no pavill\u00f3n. Desde ent\u00f3n aqu\u00ed estamos. Tam\u00e9n dicir que hai xente que comezou e xa non est\u00e1, foi vindo xente nova, do inicio do equipo seguimos tres xogadoras. Temos claro que vimos aqu\u00ed a desfrutar do adestramento e a pasalo ben.<\/p>\n<\/blockquote>\n\n\n\n<p><strong>Cantas xogadoras erades no primeiro equipo?<\/strong><\/p>\n\n\n\n<blockquote class=\"wp-block-quote is-layout-flow wp-block-quote-is-layout-flow\">\n<p>Somos 8 xogadoras as que estamos na primeira foto.<\/p>\n<\/blockquote>\n\n\n\n<p><strong>Pero agora sodes un grupo ben grande con m\u00e1is de vinte xogadoras?<\/strong><\/p>\n\n\n\n<blockquote class=\"wp-block-quote is-layout-flow wp-block-quote-is-layout-flow\">\n<p>Si. Cando xogamos aqu\u00ed si, cando marchamos a xogar fora xa imos m\u00e1is xusti\u00f1as. Hai xente que vai e ven e xa pasaron 13 anos dos nosos inicios.<\/p>\n<\/blockquote>\n\n\n\n<p><strong>Sodes todas xogadoras que de mozas xogabades na Sar?<\/strong><\/p>\n\n\n\n<blockquote class=\"wp-block-quote is-layout-flow wp-block-quote-is-layout-flow\">\n<p>Non, a maior\u00eda nunca xogaran ao balonm\u00e1n, somos nais de xogadores ou xogadoras do Sar. Anim\u00e1monos polas ganas de facer deporte, xa co\u00f1eciamos as normas de xogo por ver a nosos fillos ou fillas. Si que eu e algunha m\u00e1is fomos xogadoras pero poucas. Hoxe en d\u00eda os demais equipos sorpr\u00e9ndense cando lle din que nunca xogaramos en equipos de balonm\u00e1n antes. Hai xogadoras as que se lle da moi ben.<\/p>\n<\/blockquote>\n\n\n\n<p><strong>Ata xogades f\u00f3ra de Galicia?<\/strong><\/p>\n\n\n\n<blockquote class=\"wp-block-quote is-layout-flow wp-block-quote-is-layout-flow\">\n<p>Si, imos a Portugal, Bilbao, Valladolid, Sevilla, Oviedo, Xix\u00f3n\u2026<\/p>\n<\/blockquote>\n\n\n\n<p><strong>Como vos financiades?<\/strong><\/p>\n\n\n\n<blockquote class=\"wp-block-quote is-layout-flow wp-block-quote-is-layout-flow\">\n<p>Cada unha paga o seu e, a maiores pomos unha pequena cantidade para pagar o da adestradora. Se compensa alugamos algunha furgoneta e se non mov\u00e9monos nos nosos coches particulares. Durmimos en Hoteis e imos coa comida reservada. As veces, as viaxes para os torneos son 24 horas sen durmir, pero vimos coa experiencia vivida, as an\u00e9cdotas ,as ga\u00f1as de pasalo ben e maniotas tanto de xogar como de rir.<\/p>\n<\/blockquote>\n\n\n\n<p><strong>Por que estades xogando hoxe aqu\u00ed?<\/strong><\/p>\n\n\n\n<blockquote class=\"wp-block-quote is-layout-flow wp-block-quote-is-layout-flow\">\n<p>Estamos a participar no segundo torneo de veteranos. Este \u00e9 un torneo de balonm\u00e1n solidario mixto co que comezamos o ano pasado. Esta edici\u00f3n \u00e9 a favor de Andaina e g\u00fastanos traer equipos de f\u00f3ra e facer algo especial na vila.<\/p>\n<\/blockquote>\n\n\n\n<p><strong>Que facedes durante o torneo?<\/strong><\/p>\n\n\n\n<blockquote class=\"wp-block-quote is-layout-flow wp-block-quote-is-layout-flow\">\n<p>Xogar, temos xantar, cea e logo baile. A parte de esgotarnos xogando tam\u00e9n nos gusta facelo bailando.<\/p>\n<\/blockquote>\n\n\n\n<p><strong>Organizar un torneo as\u00ed debe de levar moito traballo?<\/strong><\/p>\n\n\n\n<blockquote class=\"wp-block-quote is-layout-flow wp-block-quote-is-layout-flow\">\n<p>Si, leva moito esforzo, un traballo moi grande detr\u00e1s. \u00c9 a compa\u00f1eira \u00c1ngela a que leva o 80% do traballo.<\/p>\n<\/blockquote>\n\n\n\n<p><strong>C\u00f3ntanos \u00c1ngela, como \u00e9 argallar este encontro?<\/strong><\/p>\n\n\n\n<blockquote class=\"wp-block-quote is-layout-flow wp-block-quote-is-layout-flow\">\n<p>\u00c9 dif\u00edcil conseguir os cartos para sufragar os gastos. Temos que agradecerlle aos empresarios da vila, todos axudaron con partida econ\u00f3mica ou aportando os agasallos das rifas ben\u00e9ficas que vendemos. O concello tam\u00e9n aporta moito economicamente, sen\u00f3n os gastos ser\u00edan inasumibeis. Tam\u00e9n ao Club Sar e a s\u00faa directiva, sempre est\u00e1n aqu\u00ed botando unha man, mentres nos xogamos, eles est\u00e1n atendendo aos equipos e aportando a s\u00faa experiencia, sen a s\u00faa axuda o resultado non ser\u00eda o mesmo. Tam\u00e9n dicir que todas colaboramos co que podemos, sen\u00f3n non ser\u00eda posible, pois son moitas cousas das que nos temos que encargar.<\/p>\n<\/blockquote>\n\n\n\n<blockquote class=\"wp-block-quote is-layout-flow wp-block-quote-is-layout-flow\">\n<p>E este tam\u00e9n foi m\u00e1is complicado organizalo, pois ao ter categor\u00edas masculino e feminina precisabamos de vestiarios para cada categor\u00eda.<\/p>\n<\/blockquote>\n\n\n\n<p><strong>Como fostes capaces de implicar aos equipos masculinos para que participaran no torneo?<\/strong><\/p>\n\n\n\n<blockquote class=\"wp-block-quote is-layout-flow wp-block-quote-is-layout-flow\">\n<p>Basicamente porque temos d\u00faas compa\u00f1eiras que os seus maridos xogan no equipo masculino e na celebraci\u00f3n dun aniversario comezamos a dicirlles que se animaran a montar un equipo e participar para que as\u00ed se animaran m\u00e1is equipos masculinos. As\u00ed comezou todo, pouco a pouco, conseguiron montar o equipo para competir hai s\u00f3 catro meses.<\/p>\n<\/blockquote>\n\n\n\n<p><strong>Houbo un xogador ao que non lle foi moi ben e lesionouse verdade?<\/strong><\/p>\n\n\n\n<blockquote class=\"wp-block-quote is-layout-flow wp-block-quote-is-layout-flow\">\n<p>Si, no primeiro adestramento rompeu o tal\u00f3n de Aquiles, p\u00f3delle pasar a calquera xogador ou xogadora. Desde aqu\u00ed mand\u00e1moslle moito \u00e1nimo para recuperarse e que se po\u00f1a a tope para o ano que ven.<\/p>\n<\/blockquote>\n\n\n\n<p><strong>Cantos equipos hai competindo este torneo?<\/strong><\/p>\n\n\n\n<blockquote class=\"wp-block-quote is-layout-flow wp-block-quote-is-layout-flow\">\n<p>11 equipos en total, cinco masculinos e seis femininos.<\/p>\n<\/blockquote>\n\n\n\n<p><strong>Son todos equipos galegos?<\/strong><\/p>\n\n\n\n<blockquote class=\"wp-block-quote is-layout-flow wp-block-quote-is-layout-flow\">\n<p>En masculino temos un equipo de Portugal e outro de Xix\u00f3n, os demais son xa de Galiza. Est\u00e1 un de Culleredo e outro de Rasoeiro e, o Sarillas masculino, claro.<\/p>\n<\/blockquote>\n\n\n\n<blockquote class=\"wp-block-quote is-layout-flow wp-block-quote-is-layout-flow\">\n<p>Os equipos femininos son Risca (Xix\u00f3n), Asturies, Ferrolterra, Famali\u00e7ao, Baltar e, por suposto, as Sarillas.<\/p>\n<\/blockquote>\n\n\n\n<p><strong>Para rematar, As Sarillas e os Sarillos, ve\u00f1en para quedarse?<\/strong><\/p>\n\n\n\n<blockquote class=\"wp-block-quote is-layout-flow wp-block-quote-is-layout-flow\">\n<p>Pensamos que mentres o corpo aguante si, eu mesma te\u00f1o unha pr\u00f3tese de cadeira e adestro e xogo sen problema.<\/p>\n<\/blockquote>\n\n\n\n<blockquote class=\"wp-block-quote is-layout-flow wp-block-quote-is-layout-flow\">\n<p>Esperemos que eles o desfruten tanto como o desfrutamos n\u00f3s e sigan xogando.<\/p>\n<\/blockquote>\n\n\n\n<p><strong>Xa v\u00f3s podo asegurar eu que si.<\/strong><\/p>\n\n\n\n<blockquote class=\"wp-block-quote is-layout-flow wp-block-quote-is-layout-flow\">\n<p>So lles falta xogar un torneo f\u00f3ra para que vexan o ben que o pasamos e as\u00ed xa se van convencer de todo para seguir. Isto \u00e9 unha terapia de grupo que dura toda a fin de semana.<\/p>\n<\/blockquote>\n\n\n\n<p><strong>Moitas grazas e moita sorte na vosa andaina deportiva.<\/strong><\/p>\n","protected":false},"excerpt":{"rendered":"<div class=\"mh-excerpt\"><p>A principios deste mes de Xu\u00f1o disputouse o segundo torneo de Balonm\u00e1n Solidario. O torneo est\u00e1 organizado polas Sarillas, un equipo de mulleres relacionadas coa SAR que desbordan ilusi\u00f3n e talento polo deporte solidario e comprometido <a class=\"mh-excerpt-more\" href=\"https:\/\/www.anovapeneira.gal\/index.php\/2024\/07\/01\/ii-torneo-de-balonman-de-veteranos-solidario-de-redondela\/\" title=\"II Torneo de Balonm\u00e1n de veteranos solidario de Redondela\">[&#8230;]<\/a><\/p>\n<\/div>","protected":false},"author":3,"featured_media":11979,"comment_status":"open","ping_status":"open","sticky":false,"template":"","format":"standard","meta":{"_exactmetrics_skip_tracking":false,"_exactmetrics_sitenote_active":false,"_exactmetrics_sitenote_note":"","_exactmetrics_sitenote_category":0,"footnotes":""},"categories":[270],"tags":[171],"class_list":{"0":"post-11978","1":"post","2":"type-post","3":"status-publish","4":"format-standard","5":"has-post-thumbnail","7":"category-redondela-entrevistas","8":"tag-concello-de-redondela"},"yoast_head":"<!-- This site is optimized with the Yoast SEO plugin v27.4 - https:\/\/yoast.com\/product\/yoast-seo-wordpress\/ -->\n<title>II Torneo de Balonm\u00e1n de veteranos solidario de Redondela -<\/title>\n<meta name=\"robots\" content=\"index, follow, max-snippet:-1, max-image-preview:large, max-video-preview:-1\" \/>\n<link rel=\"canonical\" href=\"https:\/\/www.anovapeneira.gal\/index.php\/2024\/07\/01\/ii-torneo-de-balonman-de-veteranos-solidario-de-redondela\/\" \/>\n<meta property=\"og:locale\" content=\"gl_ES\" \/>\n<meta property=\"og:type\" content=\"article\" \/>\n<meta property=\"og:title\" content=\"II Torneo de Balonm\u00e1n de veteranos solidario de Redondela -\" \/>\n<meta property=\"og:description\" content=\"A principios deste mes de Xu\u00f1o disputouse o segundo torneo de Balonm\u00e1n Solidario. O torneo est\u00e1 organizado polas Sarillas, un equipo de mulleres relacionadas coa SAR que desbordan ilusi\u00f3n e talento polo deporte solidario e comprometido [...]\" \/>\n<meta property=\"og:url\" content=\"https:\/\/www.anovapeneira.gal\/index.php\/2024\/07\/01\/ii-torneo-de-balonman-de-veteranos-solidario-de-redondela\/\" \/>\n<meta property=\"article:publisher\" content=\"https:\/\/www.facebook.com\/anovapeneira\" \/>\n<meta property=\"article:published_time\" content=\"2024-07-01T08:00:58+00:00\" \/>\n<meta property=\"og:image\" content=\"https:\/\/www.anovapeneira.gal\/wp-content\/uploads\/2024\/06\/as_sarillas.jpg\" \/>\n\t<meta property=\"og:image:width\" content=\"720\" \/>\n\t<meta property=\"og:image:height\" content=\"432\" \/>\n\t<meta property=\"og:image:type\" content=\"image\/jpeg\" \/>\n<meta name=\"author\" content=\"Redacci\u00f3n A Nova Peneira\" \/>\n<meta name=\"twitter:card\" content=\"summary_large_image\" \/>\n<meta name=\"twitter:creator\" content=\"@APeneira\" \/>\n<meta name=\"twitter:site\" content=\"@APeneira\" \/>\n<meta name=\"twitter:label1\" content=\"Escrito por\" \/>\n\t<meta name=\"twitter:data1\" content=\"Redacci\u00f3n A Nova Peneira\" \/>\n\t<meta name=\"twitter:label2\" content=\"Tempo de lectura\" \/>\n\t<meta name=\"twitter:data2\" content=\"2 minutos\" \/>\n<script type=\"application\/ld+json\" class=\"yoast-schema-graph\">{\"@context\":\"https:\\\/\\\/schema.org\",\"@graph\":[{\"@type\":\"Article\",\"@id\":\"https:\\\/\\\/www.anovapeneira.gal\\\/index.php\\\/2024\\\/07\\\/01\\\/ii-torneo-de-balonman-de-veteranos-solidario-de-redondela\\\/#article\",\"isPartOf\":{\"@id\":\"https:\\\/\\\/www.anovapeneira.gal\\\/index.php\\\/2024\\\/07\\\/01\\\/ii-torneo-de-balonman-de-veteranos-solidario-de-redondela\\\/\"},\"author\":{\"name\":\"Redacci\u00f3n A Nova Peneira\",\"@id\":\"https:\\\/\\\/www.anovapeneira.gal\\\/#\\\/schema\\\/person\\\/b93e3f8932e3f8da96334607eb6ac6aa\"},\"headline\":\"II Torneo de Balonm\u00e1n de veteranos solidario de Redondela\",\"datePublished\":\"2024-07-01T08:00:58+00:00\",\"mainEntityOfPage\":{\"@id\":\"https:\\\/\\\/www.anovapeneira.gal\\\/index.php\\\/2024\\\/07\\\/01\\\/ii-torneo-de-balonman-de-veteranos-solidario-de-redondela\\\/\"},\"wordCount\":1003,\"commentCount\":0,\"publisher\":{\"@id\":\"https:\\\/\\\/www.anovapeneira.gal\\\/#organization\"},\"image\":{\"@id\":\"https:\\\/\\\/www.anovapeneira.gal\\\/index.php\\\/2024\\\/07\\\/01\\\/ii-torneo-de-balonman-de-veteranos-solidario-de-redondela\\\/#primaryimage\"},\"thumbnailUrl\":\"https:\\\/\\\/www.anovapeneira.gal\\\/wp-content\\\/uploads\\\/2024\\\/06\\\/as_sarillas.jpg\",\"keywords\":[\"Concello de Redondela\"],\"articleSection\":[\"Redondela\"],\"inLanguage\":\"gl-ES\",\"potentialAction\":[{\"@type\":\"CommentAction\",\"name\":\"Comment\",\"target\":[\"https:\\\/\\\/www.anovapeneira.gal\\\/index.php\\\/2024\\\/07\\\/01\\\/ii-torneo-de-balonman-de-veteranos-solidario-de-redondela\\\/#respond\"]}]},{\"@type\":\"WebPage\",\"@id\":\"https:\\\/\\\/www.anovapeneira.gal\\\/index.php\\\/2024\\\/07\\\/01\\\/ii-torneo-de-balonman-de-veteranos-solidario-de-redondela\\\/\",\"url\":\"https:\\\/\\\/www.anovapeneira.gal\\\/index.php\\\/2024\\\/07\\\/01\\\/ii-torneo-de-balonman-de-veteranos-solidario-de-redondela\\\/\",\"name\":\"II Torneo de Balonm\u00e1n de veteranos solidario de Redondela -\",\"isPartOf\":{\"@id\":\"https:\\\/\\\/www.anovapeneira.gal\\\/#website\"},\"primaryImageOfPage\":{\"@id\":\"https:\\\/\\\/www.anovapeneira.gal\\\/index.php\\\/2024\\\/07\\\/01\\\/ii-torneo-de-balonman-de-veteranos-solidario-de-redondela\\\/#primaryimage\"},\"image\":{\"@id\":\"https:\\\/\\\/www.anovapeneira.gal\\\/index.php\\\/2024\\\/07\\\/01\\\/ii-torneo-de-balonman-de-veteranos-solidario-de-redondela\\\/#primaryimage\"},\"thumbnailUrl\":\"https:\\\/\\\/www.anovapeneira.gal\\\/wp-content\\\/uploads\\\/2024\\\/06\\\/as_sarillas.jpg\",\"datePublished\":\"2024-07-01T08:00:58+00:00\",\"breadcrumb\":{\"@id\":\"https:\\\/\\\/www.anovapeneira.gal\\\/index.php\\\/2024\\\/07\\\/01\\\/ii-torneo-de-balonman-de-veteranos-solidario-de-redondela\\\/#breadcrumb\"},\"inLanguage\":\"gl-ES\",\"potentialAction\":[{\"@type\":\"ReadAction\",\"target\":[\"https:\\\/\\\/www.anovapeneira.gal\\\/index.php\\\/2024\\\/07\\\/01\\\/ii-torneo-de-balonman-de-veteranos-solidario-de-redondela\\\/\"]}]},{\"@type\":\"ImageObject\",\"inLanguage\":\"gl-ES\",\"@id\":\"https:\\\/\\\/www.anovapeneira.gal\\\/index.php\\\/2024\\\/07\\\/01\\\/ii-torneo-de-balonman-de-veteranos-solidario-de-redondela\\\/#primaryimage\",\"url\":\"https:\\\/\\\/www.anovapeneira.gal\\\/wp-content\\\/uploads\\\/2024\\\/06\\\/as_sarillas.jpg\",\"contentUrl\":\"https:\\\/\\\/www.anovapeneira.gal\\\/wp-content\\\/uploads\\\/2024\\\/06\\\/as_sarillas.jpg\",\"width\":720,\"height\":432,\"caption\":\"As sarillas\"},{\"@type\":\"BreadcrumbList\",\"@id\":\"https:\\\/\\\/www.anovapeneira.gal\\\/index.php\\\/2024\\\/07\\\/01\\\/ii-torneo-de-balonman-de-veteranos-solidario-de-redondela\\\/#breadcrumb\",\"itemListElement\":[{\"@type\":\"ListItem\",\"position\":1,\"name\":\"Portada\",\"item\":\"https:\\\/\\\/www.anovapeneira.gal\\\/\"},{\"@type\":\"ListItem\",\"position\":2,\"name\":\"II Torneo de Balonm\u00e1n de veteranos solidario de Redondela\"}]},{\"@type\":\"WebSite\",\"@id\":\"https:\\\/\\\/www.anovapeneira.gal\\\/#website\",\"url\":\"https:\\\/\\\/www.anovapeneira.gal\\\/\",\"name\":\"\",\"description\":\"Xornal galego de informaci\u00f3n xeral Publicaci\u00f3n mensual de novas de Galicia e en especial dos Concellos da sur da provincia de Pontevedra.\",\"publisher\":{\"@id\":\"https:\\\/\\\/www.anovapeneira.gal\\\/#organization\"},\"potentialAction\":[{\"@type\":\"SearchAction\",\"target\":{\"@type\":\"EntryPoint\",\"urlTemplate\":\"https:\\\/\\\/www.anovapeneira.gal\\\/?s={search_term_string}\"},\"query-input\":{\"@type\":\"PropertyValueSpecification\",\"valueRequired\":true,\"valueName\":\"search_term_string\"}}],\"inLanguage\":\"gl-ES\"},{\"@type\":\"Organization\",\"@id\":\"https:\\\/\\\/www.anovapeneira.gal\\\/#organization\",\"name\":\"A Nova Peneira\",\"url\":\"https:\\\/\\\/www.anovapeneira.gal\\\/\",\"logo\":{\"@type\":\"ImageObject\",\"inLanguage\":\"gl-ES\",\"@id\":\"https:\\\/\\\/www.anovapeneira.gal\\\/#\\\/schema\\\/logo\\\/image\\\/\",\"url\":\"http:\\\/\\\/www.anovapeneira.gal\\\/wp-content\\\/uploads\\\/2019\\\/06\\\/logo_a_nova_peneira_portal_web.png\",\"contentUrl\":\"http:\\\/\\\/www.anovapeneira.gal\\\/wp-content\\\/uploads\\\/2019\\\/06\\\/logo_a_nova_peneira_portal_web.png\",\"width\":300,\"height\":100,\"caption\":\"A Nova Peneira\"},\"image\":{\"@id\":\"https:\\\/\\\/www.anovapeneira.gal\\\/#\\\/schema\\\/logo\\\/image\\\/\"},\"sameAs\":[\"https:\\\/\\\/www.facebook.com\\\/anovapeneira\",\"https:\\\/\\\/x.com\\\/APeneira\"]},{\"@type\":\"Person\",\"@id\":\"https:\\\/\\\/www.anovapeneira.gal\\\/#\\\/schema\\\/person\\\/b93e3f8932e3f8da96334607eb6ac6aa\",\"name\":\"Redacci\u00f3n A Nova Peneira\",\"image\":{\"@type\":\"ImageObject\",\"inLanguage\":\"gl-ES\",\"@id\":\"https:\\\/\\\/secure.gravatar.com\\\/avatar\\\/c052a2551a06e23fac63626232eaa90abd78dbcf1700fc46a2b2c89fd27b735f?s=96&d=mm&r=g\",\"url\":\"https:\\\/\\\/secure.gravatar.com\\\/avatar\\\/c052a2551a06e23fac63626232eaa90abd78dbcf1700fc46a2b2c89fd27b735f?s=96&d=mm&r=g\",\"contentUrl\":\"https:\\\/\\\/secure.gravatar.com\\\/avatar\\\/c052a2551a06e23fac63626232eaa90abd78dbcf1700fc46a2b2c89fd27b735f?s=96&d=mm&r=g\",\"caption\":\"Redacci\u00f3n A Nova Peneira\"},\"sameAs\":[\"http:\\\/\\\/www.anovapeneira.gal\\\/\"],\"url\":\"https:\\\/\\\/www.anovapeneira.gal\\\/index.php\\\/author\\\/redactor\\\/\"}]}<\/script>\n<!-- \/ Yoast SEO plugin. -->","yoast_head_json":{"title":"II Torneo de Balonm\u00e1n de veteranos solidario de Redondela -","robots":{"index":"index","follow":"follow","max-snippet":"max-snippet:-1","max-image-preview":"max-image-preview:large","max-video-preview":"max-video-preview:-1"},"canonical":"https:\/\/www.anovapeneira.gal\/index.php\/2024\/07\/01\/ii-torneo-de-balonman-de-veteranos-solidario-de-redondela\/","og_locale":"gl_ES","og_type":"article","og_title":"II Torneo de Balonm\u00e1n de veteranos solidario de Redondela -","og_description":"A principios deste mes de Xu\u00f1o disputouse o segundo torneo de Balonm\u00e1n Solidario. O torneo est\u00e1 organizado polas Sarillas, un equipo de mulleres relacionadas coa SAR que desbordan ilusi\u00f3n e talento polo deporte solidario e comprometido [...]","og_url":"https:\/\/www.anovapeneira.gal\/index.php\/2024\/07\/01\/ii-torneo-de-balonman-de-veteranos-solidario-de-redondela\/","article_publisher":"https:\/\/www.facebook.com\/anovapeneira","article_published_time":"2024-07-01T08:00:58+00:00","og_image":[{"width":720,"height":432,"url":"https:\/\/www.anovapeneira.gal\/wp-content\/uploads\/2024\/06\/as_sarillas.jpg","type":"image\/jpeg"}],"author":"Redacci\u00f3n A Nova Peneira","twitter_card":"summary_large_image","twitter_creator":"@APeneira","twitter_site":"@APeneira","twitter_misc":{"Escrito por":"Redacci\u00f3n A Nova Peneira","Tempo de lectura":"2 minutos"},"schema":{"@context":"https:\/\/schema.org","@graph":[{"@type":"Article","@id":"https:\/\/www.anovapeneira.gal\/index.php\/2024\/07\/01\/ii-torneo-de-balonman-de-veteranos-solidario-de-redondela\/#article","isPartOf":{"@id":"https:\/\/www.anovapeneira.gal\/index.php\/2024\/07\/01\/ii-torneo-de-balonman-de-veteranos-solidario-de-redondela\/"},"author":{"name":"Redacci\u00f3n A Nova Peneira","@id":"https:\/\/www.anovapeneira.gal\/#\/schema\/person\/b93e3f8932e3f8da96334607eb6ac6aa"},"headline":"II Torneo de Balonm\u00e1n de veteranos solidario de Redondela","datePublished":"2024-07-01T08:00:58+00:00","mainEntityOfPage":{"@id":"https:\/\/www.anovapeneira.gal\/index.php\/2024\/07\/01\/ii-torneo-de-balonman-de-veteranos-solidario-de-redondela\/"},"wordCount":1003,"commentCount":0,"publisher":{"@id":"https:\/\/www.anovapeneira.gal\/#organization"},"image":{"@id":"https:\/\/www.anovapeneira.gal\/index.php\/2024\/07\/01\/ii-torneo-de-balonman-de-veteranos-solidario-de-redondela\/#primaryimage"},"thumbnailUrl":"https:\/\/www.anovapeneira.gal\/wp-content\/uploads\/2024\/06\/as_sarillas.jpg","keywords":["Concello de Redondela"],"articleSection":["Redondela"],"inLanguage":"gl-ES","potentialAction":[{"@type":"CommentAction","name":"Comment","target":["https:\/\/www.anovapeneira.gal\/index.php\/2024\/07\/01\/ii-torneo-de-balonman-de-veteranos-solidario-de-redondela\/#respond"]}]},{"@type":"WebPage","@id":"https:\/\/www.anovapeneira.gal\/index.php\/2024\/07\/01\/ii-torneo-de-balonman-de-veteranos-solidario-de-redondela\/","url":"https:\/\/www.anovapeneira.gal\/index.php\/2024\/07\/01\/ii-torneo-de-balonman-de-veteranos-solidario-de-redondela\/","name":"II Torneo de Balonm\u00e1n de veteranos solidario de Redondela -","isPartOf":{"@id":"https:\/\/www.anovapeneira.gal\/#website"},"primaryImageOfPage":{"@id":"https:\/\/www.anovapeneira.gal\/index.php\/2024\/07\/01\/ii-torneo-de-balonman-de-veteranos-solidario-de-redondela\/#primaryimage"},"image":{"@id":"https:\/\/www.anovapeneira.gal\/index.php\/2024\/07\/01\/ii-torneo-de-balonman-de-veteranos-solidario-de-redondela\/#primaryimage"},"thumbnailUrl":"https:\/\/www.anovapeneira.gal\/wp-content\/uploads\/2024\/06\/as_sarillas.jpg","datePublished":"2024-07-01T08:00:58+00:00","breadcrumb":{"@id":"https:\/\/www.anovapeneira.gal\/index.php\/2024\/07\/01\/ii-torneo-de-balonman-de-veteranos-solidario-de-redondela\/#breadcrumb"},"inLanguage":"gl-ES","potentialAction":[{"@type":"ReadAction","target":["https:\/\/www.anovapeneira.gal\/index.php\/2024\/07\/01\/ii-torneo-de-balonman-de-veteranos-solidario-de-redondela\/"]}]},{"@type":"ImageObject","inLanguage":"gl-ES","@id":"https:\/\/www.anovapeneira.gal\/index.php\/2024\/07\/01\/ii-torneo-de-balonman-de-veteranos-solidario-de-redondela\/#primaryimage","url":"https:\/\/www.anovapeneira.gal\/wp-content\/uploads\/2024\/06\/as_sarillas.jpg","contentUrl":"https:\/\/www.anovapeneira.gal\/wp-content\/uploads\/2024\/06\/as_sarillas.jpg","width":720,"height":432,"caption":"As sarillas"},{"@type":"BreadcrumbList","@id":"https:\/\/www.anovapeneira.gal\/index.php\/2024\/07\/01\/ii-torneo-de-balonman-de-veteranos-solidario-de-redondela\/#breadcrumb","itemListElement":[{"@type":"ListItem","position":1,"name":"Portada","item":"https:\/\/www.anovapeneira.gal\/"},{"@type":"ListItem","position":2,"name":"II Torneo de Balonm\u00e1n de veteranos solidario de Redondela"}]},{"@type":"WebSite","@id":"https:\/\/www.anovapeneira.gal\/#website","url":"https:\/\/www.anovapeneira.gal\/","name":"","description":"Xornal galego de informaci\u00f3n xeral Publicaci\u00f3n mensual de novas de Galicia e en especial dos Concellos da sur da provincia de Pontevedra.","publisher":{"@id":"https:\/\/www.anovapeneira.gal\/#organization"},"potentialAction":[{"@type":"SearchAction","target":{"@type":"EntryPoint","urlTemplate":"https:\/\/www.anovapeneira.gal\/?s={search_term_string}"},"query-input":{"@type":"PropertyValueSpecification","valueRequired":true,"valueName":"search_term_string"}}],"inLanguage":"gl-ES"},{"@type":"Organization","@id":"https:\/\/www.anovapeneira.gal\/#organization","name":"A Nova Peneira","url":"https:\/\/www.anovapeneira.gal\/","logo":{"@type":"ImageObject","inLanguage":"gl-ES","@id":"https:\/\/www.anovapeneira.gal\/#\/schema\/logo\/image\/","url":"http:\/\/www.anovapeneira.gal\/wp-content\/uploads\/2019\/06\/logo_a_nova_peneira_portal_web.png","contentUrl":"http:\/\/www.anovapeneira.gal\/wp-content\/uploads\/2019\/06\/logo_a_nova_peneira_portal_web.png","width":300,"height":100,"caption":"A Nova Peneira"},"image":{"@id":"https:\/\/www.anovapeneira.gal\/#\/schema\/logo\/image\/"},"sameAs":["https:\/\/www.facebook.com\/anovapeneira","https:\/\/x.com\/APeneira"]},{"@type":"Person","@id":"https:\/\/www.anovapeneira.gal\/#\/schema\/person\/b93e3f8932e3f8da96334607eb6ac6aa","name":"Redacci\u00f3n A Nova Peneira","image":{"@type":"ImageObject","inLanguage":"gl-ES","@id":"https:\/\/secure.gravatar.com\/avatar\/c052a2551a06e23fac63626232eaa90abd78dbcf1700fc46a2b2c89fd27b735f?s=96&d=mm&r=g","url":"https:\/\/secure.gravatar.com\/avatar\/c052a2551a06e23fac63626232eaa90abd78dbcf1700fc46a2b2c89fd27b735f?s=96&d=mm&r=g","contentUrl":"https:\/\/secure.gravatar.com\/avatar\/c052a2551a06e23fac63626232eaa90abd78dbcf1700fc46a2b2c89fd27b735f?s=96&d=mm&r=g","caption":"Redacci\u00f3n A Nova Peneira"},"sameAs":["http:\/\/www.anovapeneira.gal\/"],"url":"https:\/\/www.anovapeneira.gal\/index.php\/author\/redactor\/"}]}},"jetpack_featured_media_url":"https:\/\/www.anovapeneira.gal\/wp-content\/uploads\/2024\/06\/as_sarillas.jpg","_links":{"self":[{"href":"https:\/\/www.anovapeneira.gal\/index.php\/wp-json\/wp\/v2\/posts\/11978","targetHints":{"allow":["GET"]}}],"collection":[{"href":"https:\/\/www.anovapeneira.gal\/index.php\/wp-json\/wp\/v2\/posts"}],"about":[{"href":"https:\/\/www.anovapeneira.gal\/index.php\/wp-json\/wp\/v2\/types\/post"}],"author":[{"embeddable":true,"href":"https:\/\/www.anovapeneira.gal\/index.php\/wp-json\/wp\/v2\/users\/3"}],"replies":[{"embeddable":true,"href":"https:\/\/www.anovapeneira.gal\/index.php\/wp-json\/wp\/v2\/comments?post=11978"}],"version-history":[{"count":1,"href":"https:\/\/www.anovapeneira.gal\/index.php\/wp-json\/wp\/v2\/posts\/11978\/revisions"}],"predecessor-version":[{"id":11980,"href":"https:\/\/www.anovapeneira.gal\/index.php\/wp-json\/wp\/v2\/posts\/11978\/revisions\/11980"}],"wp:featuredmedia":[{"embeddable":true,"href":"https:\/\/www.anovapeneira.gal\/index.php\/wp-json\/wp\/v2\/media\/11979"}],"wp:attachment":[{"href":"https:\/\/www.anovapeneira.gal\/index.php\/wp-json\/wp\/v2\/media?parent=11978"}],"wp:term":[{"taxonomy":"category","embeddable":true,"href":"https:\/\/www.anovapeneira.gal\/index.php\/wp-json\/wp\/v2\/categories?post=11978"},{"taxonomy":"post_tag","embeddable":true,"href":"https:\/\/www.anovapeneira.gal\/index.php\/wp-json\/wp\/v2\/tags?post=11978"}],"curies":[{"name":"wp","href":"https:\/\/api.w.org\/{rel}","templated":true}]}}