{"id":11985,"date":"2024-07-02T10:00:52","date_gmt":"2024-07-02T08:00:52","guid":{"rendered":"https:\/\/www.anovapeneira.gal\/?p=11985"},"modified":"2024-06-28T13:56:15","modified_gmt":"2024-06-28T11:56:15","slug":"presentacion-de-cantos-de-dor-e-liberdade-voces-galegas-por-palestina","status":"publish","type":"post","link":"https:\/\/www.anovapeneira.gal\/index.php\/2024\/07\/02\/presentacion-de-cantos-de-dor-e-liberdade-voces-galegas-por-palestina\/","title":{"rendered":"Presentaci\u00f3n de : &#8220;Cantos de dor e liberdade, voces galegas por Palestina&#8221;"},"content":{"rendered":"\n<p>Estamos aqu\u00ed hoxe Sara Ashour, da AGA Jenin e Anxela Gippini da Asociaci\u00f3n Galiza por Palestina en representaci\u00f3n das organizaci\u00f3ns que colaboran neste proxecto.<\/p>\n\n\n\n<p>Hoxe informamos da publicaci\u00f3n do libro <em><strong>Cantos de dor e liberdade, voces galegas por Palestina <\/strong><\/em>, 42 poemas e 12 ilustraci\u00f3ns dalgunhas das m\u00e1is relevantes poetas e artistas da cultura galega.<\/p>\n\n\n\n<p>Como sabedes, as organizaci\u00f3ns Galaico-\u00c1rabe Jenin, Galiza por Palestina, Mar de Lumes e Pallasos en Rebeld\u00eda somos organizaci\u00f3ns cunha longa traxectoria de traballo na Galiza en defensa da Paz e da liberdade para a Palestina. Especialmente, desde outubro de 2023 tres destas organizaci\u00f3ns estamos a impulsar, conxuntamente co BDS \u2013 Galiza, acci\u00f3ns de resposta social ao xenocidio que a entidade sionista est\u00e1 a cometer contra o pobo de Gaza, mais tam\u00e9n na Cisxordania<\/p>\n\n\n\n<p>Hai meses, acordamos colaborar no proxecto de edici\u00f3n e publicaci\u00f3n dun libro de poes\u00eda e ilustraci\u00f3ns de artistas galegas cunha dobre finalidade: dar unha maior visibilidade \u00e1 denuncia dos crimes do estado sionista e a reclamaci\u00f3n dun alto o fogo inmediato e tam\u00e9n recadar fondos para as causas solidarias co pobo palestino, neste caso eliximos \u00e1 UNRWA , a axencia das Naci\u00f3ns Unidas para poboaci\u00f3n refuxiada de Palestina.<\/p>\n\n\n\n<p>A resposta da cultura galega foi abafante: nestes meses de traballo foron moitas as achegas e contactos para a preparaci\u00f3n do proxecto, tantos e tantas que lamentamos se non puidemos atender todas as propostas. O resultado desta marea de solidariedade \u00e9 a publicaci\u00f3n deste libro, que publicamos en colaboraci\u00f3n coa editorial<strong> Tempo Galiza<\/strong>. 54 artistas galegas e galegos, tanto poetas como ilustradoras colaboran neste proxecto creando e doando a s\u00faa obra \u00e1 causa palestina.<\/p>\n\n\n\n<p>Despois da s\u00faa publicaci\u00f3n, estamos a traballar nunha axenda de presentaci\u00f3ns nas principais vilas e cidades galegas, as\u00ed como en distintos festivais culturais e xa temos confirmada a nosa presenza no Festival de Poes\u00eda do Condado, que este ano est\u00e1 adicado tam\u00e9n \u00e1 Palestina.<\/p>\n\n\n\n<p>Permit\u00eddeme agora explicar por que a UNRWA \u00e9 e entidade elixida para recibir os beneficios deste libro.<\/p>\n\n\n\n<p>Orixinalmente concibida como unha organizaci\u00f3n temporal para un per\u00edodo de tres anos, a Axencia adaptou gradualmente os seus programas para satisfacer as cambiantes necesidades das refuxiadas durante m\u00e1is de seis d\u00e9cadas.<\/p>\n\n\n\n<p>Desde o inicio da brutal agresi\u00f3n en Gaza, a UNRWA e as s\u00faas traballadoras e traballadores permaneceron fieis aos principios da organizaci\u00f3n, mantendo ata o \u00faltimo alento a axuda \u00e1 poboaci\u00f3n de Gaza a pesar dos ataques \u00e1s s\u00faas sedes e o asasinato de moitas das s\u00faas traballadoras xunto cos civ\u00eds que buscaban refuxio nas s\u00faas instalaci\u00f3ns. A s\u00faa firme postura e as denuncias dos crimes de Israel tiveron como consecuencia unha terrible campa\u00f1a de difamaci\u00f3n que levou \u00e1 perda de apoio de numerosos gobernos.<\/p>\n\n\n\n<p>A UNRWA \u00e9 moito m\u00e1is que unha organizaci\u00f3n de axuda \u00e1s refuxiadas palestinas, \u00e9 a proba e a memoria da di\u00e1spora e a expulsi\u00f3n de mill\u00f3ns de persoas dos seus fogares, unha memoria das refuxiadas que alg\u00fans queren eliminar.<\/p>\n\n\n\n<p>Por todo isto, m\u00e1is que nunca, desde os colectivos galegos de solidariedade con Palestina consideramos necesario reivindicar o seu traballo e colaborar no seu financiamento.<\/p>\n\n\n\n<p>A directora da UNRWA, Raquel Mart\u00ed, est\u00e1 informada do proxecto e env\u00eda a s\u00faa mensaxe de agradecemento pola solidariedade con Palestina, contamos con facerlle chegar non s\u00f3 a contribuci\u00f3n econ\u00f3mica das vendas do libro, sen\u00f3n alg\u00fan exemplar do mesmo.<\/p>\n\n\n\n<p><a><\/a> Xa para rematar, queremos deixar constancia de que este proxecto foi posible grazas \u00e1 marabillosa rede de apoio social que existe no noso pa\u00eds. Agradecer especialmente \u00e1 editorial Tempo Galiza o seu traballo e a solidariedade na publicaci\u00f3n deste libro e tam\u00e9n, o pr\u00f3logo e colaboraci\u00f3n o profesor Carlos Aymerich Cano e mencionar o magn\u00edfico traballo de Ana Mart\u00edns na recolecci\u00f3n, correcci\u00f3n e organizaci\u00f3n desta escolma.<\/p>\n","protected":false},"excerpt":{"rendered":"<div class=\"mh-excerpt\"><p>Estamos aqu\u00ed hoxe Sara Ashour, da AGA Jenin e Anxela Gippini da Asociaci\u00f3n Galiza por Palestina en representaci\u00f3n das organizaci\u00f3ns que colaboran neste proxecto <a class=\"mh-excerpt-more\" href=\"https:\/\/www.anovapeneira.gal\/index.php\/2024\/07\/02\/presentacion-de-cantos-de-dor-e-liberdade-voces-galegas-por-palestina\/\" title=\"Presentaci\u00f3n de : &#8220;Cantos de dor e liberdade, voces galegas por Palestina&#8221;\">[&#8230;]<\/a><\/p>\n<\/div>","protected":false},"author":3,"featured_media":11986,"comment_status":"open","ping_status":"open","sticky":false,"template":"","format":"standard","meta":{"_exactmetrics_skip_tracking":false,"_exactmetrics_sitenote_active":false,"_exactmetrics_sitenote_note":"","_exactmetrics_sitenote_category":0,"footnotes":""},"categories":[263],"tags":[1411],"class_list":{"0":"post-11985","1":"post","2":"type-post","3":"status-publish","4":"format-standard","5":"has-post-thumbnail","7":"category-novas","8":"tag-voces-galegas-por-palestina"},"yoast_head":"<!-- This site is optimized with the Yoast SEO plugin v27.4 - https:\/\/yoast.com\/product\/yoast-seo-wordpress\/ -->\n<title>Presentaci\u00f3n de : &quot;Cantos de dor e liberdade, voces galegas por Palestina&quot; -<\/title>\n<meta name=\"robots\" content=\"index, follow, max-snippet:-1, max-image-preview:large, max-video-preview:-1\" \/>\n<link rel=\"canonical\" href=\"https:\/\/www.anovapeneira.gal\/index.php\/2024\/07\/02\/presentacion-de-cantos-de-dor-e-liberdade-voces-galegas-por-palestina\/\" \/>\n<meta property=\"og:locale\" content=\"gl_ES\" \/>\n<meta property=\"og:type\" content=\"article\" \/>\n<meta property=\"og:title\" content=\"Presentaci\u00f3n de : &quot;Cantos de dor e liberdade, voces galegas por Palestina&quot; -\" \/>\n<meta property=\"og:description\" content=\"Estamos aqu\u00ed hoxe Sara Ashour, da AGA Jenin e Anxela Gippini da Asociaci\u00f3n Galiza por Palestina en representaci\u00f3n das organizaci\u00f3ns que colaboran neste proxecto [...]\" \/>\n<meta property=\"og:url\" content=\"https:\/\/www.anovapeneira.gal\/index.php\/2024\/07\/02\/presentacion-de-cantos-de-dor-e-liberdade-voces-galegas-por-palestina\/\" \/>\n<meta property=\"article:publisher\" content=\"https:\/\/www.facebook.com\/anovapeneira\" \/>\n<meta property=\"article:published_time\" content=\"2024-07-02T08:00:52+00:00\" \/>\n<meta property=\"og:image\" content=\"https:\/\/www.anovapeneira.gal\/wp-content\/uploads\/2024\/06\/voces_galegas_palestina.jpg\" \/>\n\t<meta property=\"og:image:width\" content=\"720\" \/>\n\t<meta property=\"og:image:height\" content=\"432\" \/>\n\t<meta property=\"og:image:type\" content=\"image\/jpeg\" \/>\n<meta name=\"author\" content=\"Redacci\u00f3n A Nova Peneira\" \/>\n<meta name=\"twitter:card\" content=\"summary_large_image\" \/>\n<meta name=\"twitter:creator\" content=\"@APeneira\" \/>\n<meta name=\"twitter:site\" content=\"@APeneira\" \/>\n<meta name=\"twitter:label1\" content=\"Escrito por\" \/>\n\t<meta name=\"twitter:data1\" content=\"Redacci\u00f3n A Nova Peneira\" \/>\n\t<meta name=\"twitter:label2\" content=\"Tempo de lectura\" \/>\n\t<meta name=\"twitter:data2\" content=\"4 minutos\" \/>\n<script type=\"application\/ld+json\" class=\"yoast-schema-graph\">{\"@context\":\"https:\\\/\\\/schema.org\",\"@graph\":[{\"@type\":\"Article\",\"@id\":\"https:\\\/\\\/www.anovapeneira.gal\\\/index.php\\\/2024\\\/07\\\/02\\\/presentacion-de-cantos-de-dor-e-liberdade-voces-galegas-por-palestina\\\/#article\",\"isPartOf\":{\"@id\":\"https:\\\/\\\/www.anovapeneira.gal\\\/index.php\\\/2024\\\/07\\\/02\\\/presentacion-de-cantos-de-dor-e-liberdade-voces-galegas-por-palestina\\\/\"},\"author\":{\"name\":\"Redacci\u00f3n A Nova Peneira\",\"@id\":\"https:\\\/\\\/www.anovapeneira.gal\\\/#\\\/schema\\\/person\\\/b93e3f8932e3f8da96334607eb6ac6aa\"},\"headline\":\"Presentaci\u00f3n de : &#8220;Cantos de dor e liberdade, voces galegas por Palestina&#8221;\",\"datePublished\":\"2024-07-02T08:00:52+00:00\",\"mainEntityOfPage\":{\"@id\":\"https:\\\/\\\/www.anovapeneira.gal\\\/index.php\\\/2024\\\/07\\\/02\\\/presentacion-de-cantos-de-dor-e-liberdade-voces-galegas-por-palestina\\\/\"},\"wordCount\":679,\"commentCount\":0,\"publisher\":{\"@id\":\"https:\\\/\\\/www.anovapeneira.gal\\\/#organization\"},\"image\":{\"@id\":\"https:\\\/\\\/www.anovapeneira.gal\\\/index.php\\\/2024\\\/07\\\/02\\\/presentacion-de-cantos-de-dor-e-liberdade-voces-galegas-por-palestina\\\/#primaryimage\"},\"thumbnailUrl\":\"https:\\\/\\\/www.anovapeneira.gal\\\/wp-content\\\/uploads\\\/2024\\\/06\\\/voces_galegas_palestina.jpg\",\"keywords\":[\"Voces galegas por Palestina\"],\"articleSection\":[\"Novas\"],\"inLanguage\":\"gl-ES\",\"potentialAction\":[{\"@type\":\"CommentAction\",\"name\":\"Comment\",\"target\":[\"https:\\\/\\\/www.anovapeneira.gal\\\/index.php\\\/2024\\\/07\\\/02\\\/presentacion-de-cantos-de-dor-e-liberdade-voces-galegas-por-palestina\\\/#respond\"]}]},{\"@type\":\"WebPage\",\"@id\":\"https:\\\/\\\/www.anovapeneira.gal\\\/index.php\\\/2024\\\/07\\\/02\\\/presentacion-de-cantos-de-dor-e-liberdade-voces-galegas-por-palestina\\\/\",\"url\":\"https:\\\/\\\/www.anovapeneira.gal\\\/index.php\\\/2024\\\/07\\\/02\\\/presentacion-de-cantos-de-dor-e-liberdade-voces-galegas-por-palestina\\\/\",\"name\":\"Presentaci\u00f3n de : \\\"Cantos de dor e liberdade, voces galegas por Palestina\\\" -\",\"isPartOf\":{\"@id\":\"https:\\\/\\\/www.anovapeneira.gal\\\/#website\"},\"primaryImageOfPage\":{\"@id\":\"https:\\\/\\\/www.anovapeneira.gal\\\/index.php\\\/2024\\\/07\\\/02\\\/presentacion-de-cantos-de-dor-e-liberdade-voces-galegas-por-palestina\\\/#primaryimage\"},\"image\":{\"@id\":\"https:\\\/\\\/www.anovapeneira.gal\\\/index.php\\\/2024\\\/07\\\/02\\\/presentacion-de-cantos-de-dor-e-liberdade-voces-galegas-por-palestina\\\/#primaryimage\"},\"thumbnailUrl\":\"https:\\\/\\\/www.anovapeneira.gal\\\/wp-content\\\/uploads\\\/2024\\\/06\\\/voces_galegas_palestina.jpg\",\"datePublished\":\"2024-07-02T08:00:52+00:00\",\"breadcrumb\":{\"@id\":\"https:\\\/\\\/www.anovapeneira.gal\\\/index.php\\\/2024\\\/07\\\/02\\\/presentacion-de-cantos-de-dor-e-liberdade-voces-galegas-por-palestina\\\/#breadcrumb\"},\"inLanguage\":\"gl-ES\",\"potentialAction\":[{\"@type\":\"ReadAction\",\"target\":[\"https:\\\/\\\/www.anovapeneira.gal\\\/index.php\\\/2024\\\/07\\\/02\\\/presentacion-de-cantos-de-dor-e-liberdade-voces-galegas-por-palestina\\\/\"]}]},{\"@type\":\"ImageObject\",\"inLanguage\":\"gl-ES\",\"@id\":\"https:\\\/\\\/www.anovapeneira.gal\\\/index.php\\\/2024\\\/07\\\/02\\\/presentacion-de-cantos-de-dor-e-liberdade-voces-galegas-por-palestina\\\/#primaryimage\",\"url\":\"https:\\\/\\\/www.anovapeneira.gal\\\/wp-content\\\/uploads\\\/2024\\\/06\\\/voces_galegas_palestina.jpg\",\"contentUrl\":\"https:\\\/\\\/www.anovapeneira.gal\\\/wp-content\\\/uploads\\\/2024\\\/06\\\/voces_galegas_palestina.jpg\",\"width\":720,\"height\":432,\"caption\":\"\\\"Cantos de dor e liberdade, voces galegas por Palestina\\\"\"},{\"@type\":\"BreadcrumbList\",\"@id\":\"https:\\\/\\\/www.anovapeneira.gal\\\/index.php\\\/2024\\\/07\\\/02\\\/presentacion-de-cantos-de-dor-e-liberdade-voces-galegas-por-palestina\\\/#breadcrumb\",\"itemListElement\":[{\"@type\":\"ListItem\",\"position\":1,\"name\":\"Portada\",\"item\":\"https:\\\/\\\/www.anovapeneira.gal\\\/\"},{\"@type\":\"ListItem\",\"position\":2,\"name\":\"Presentaci\u00f3n de : &#8220;Cantos de dor e liberdade, voces galegas por Palestina&#8221;\"}]},{\"@type\":\"WebSite\",\"@id\":\"https:\\\/\\\/www.anovapeneira.gal\\\/#website\",\"url\":\"https:\\\/\\\/www.anovapeneira.gal\\\/\",\"name\":\"\",\"description\":\"Xornal galego de informaci\u00f3n xeral Publicaci\u00f3n mensual de novas de Galicia e en especial dos Concellos da sur da provincia de Pontevedra.\",\"publisher\":{\"@id\":\"https:\\\/\\\/www.anovapeneira.gal\\\/#organization\"},\"potentialAction\":[{\"@type\":\"SearchAction\",\"target\":{\"@type\":\"EntryPoint\",\"urlTemplate\":\"https:\\\/\\\/www.anovapeneira.gal\\\/?s={search_term_string}\"},\"query-input\":{\"@type\":\"PropertyValueSpecification\",\"valueRequired\":true,\"valueName\":\"search_term_string\"}}],\"inLanguage\":\"gl-ES\"},{\"@type\":\"Organization\",\"@id\":\"https:\\\/\\\/www.anovapeneira.gal\\\/#organization\",\"name\":\"A Nova Peneira\",\"url\":\"https:\\\/\\\/www.anovapeneira.gal\\\/\",\"logo\":{\"@type\":\"ImageObject\",\"inLanguage\":\"gl-ES\",\"@id\":\"https:\\\/\\\/www.anovapeneira.gal\\\/#\\\/schema\\\/logo\\\/image\\\/\",\"url\":\"http:\\\/\\\/www.anovapeneira.gal\\\/wp-content\\\/uploads\\\/2019\\\/06\\\/logo_a_nova_peneira_portal_web.png\",\"contentUrl\":\"http:\\\/\\\/www.anovapeneira.gal\\\/wp-content\\\/uploads\\\/2019\\\/06\\\/logo_a_nova_peneira_portal_web.png\",\"width\":300,\"height\":100,\"caption\":\"A Nova Peneira\"},\"image\":{\"@id\":\"https:\\\/\\\/www.anovapeneira.gal\\\/#\\\/schema\\\/logo\\\/image\\\/\"},\"sameAs\":[\"https:\\\/\\\/www.facebook.com\\\/anovapeneira\",\"https:\\\/\\\/x.com\\\/APeneira\"]},{\"@type\":\"Person\",\"@id\":\"https:\\\/\\\/www.anovapeneira.gal\\\/#\\\/schema\\\/person\\\/b93e3f8932e3f8da96334607eb6ac6aa\",\"name\":\"Redacci\u00f3n A Nova Peneira\",\"image\":{\"@type\":\"ImageObject\",\"inLanguage\":\"gl-ES\",\"@id\":\"https:\\\/\\\/secure.gravatar.com\\\/avatar\\\/c052a2551a06e23fac63626232eaa90abd78dbcf1700fc46a2b2c89fd27b735f?s=96&d=mm&r=g\",\"url\":\"https:\\\/\\\/secure.gravatar.com\\\/avatar\\\/c052a2551a06e23fac63626232eaa90abd78dbcf1700fc46a2b2c89fd27b735f?s=96&d=mm&r=g\",\"contentUrl\":\"https:\\\/\\\/secure.gravatar.com\\\/avatar\\\/c052a2551a06e23fac63626232eaa90abd78dbcf1700fc46a2b2c89fd27b735f?s=96&d=mm&r=g\",\"caption\":\"Redacci\u00f3n A Nova Peneira\"},\"sameAs\":[\"http:\\\/\\\/www.anovapeneira.gal\\\/\"],\"url\":\"https:\\\/\\\/www.anovapeneira.gal\\\/index.php\\\/author\\\/redactor\\\/\"}]}<\/script>\n<!-- \/ Yoast SEO plugin. -->","yoast_head_json":{"title":"Presentaci\u00f3n de : \"Cantos de dor e liberdade, voces galegas por Palestina\" -","robots":{"index":"index","follow":"follow","max-snippet":"max-snippet:-1","max-image-preview":"max-image-preview:large","max-video-preview":"max-video-preview:-1"},"canonical":"https:\/\/www.anovapeneira.gal\/index.php\/2024\/07\/02\/presentacion-de-cantos-de-dor-e-liberdade-voces-galegas-por-palestina\/","og_locale":"gl_ES","og_type":"article","og_title":"Presentaci\u00f3n de : \"Cantos de dor e liberdade, voces galegas por Palestina\" -","og_description":"Estamos aqu\u00ed hoxe Sara Ashour, da AGA Jenin e Anxela Gippini da Asociaci\u00f3n Galiza por Palestina en representaci\u00f3n das organizaci\u00f3ns que colaboran neste proxecto [...]","og_url":"https:\/\/www.anovapeneira.gal\/index.php\/2024\/07\/02\/presentacion-de-cantos-de-dor-e-liberdade-voces-galegas-por-palestina\/","article_publisher":"https:\/\/www.facebook.com\/anovapeneira","article_published_time":"2024-07-02T08:00:52+00:00","og_image":[{"width":720,"height":432,"url":"https:\/\/www.anovapeneira.gal\/wp-content\/uploads\/2024\/06\/voces_galegas_palestina.jpg","type":"image\/jpeg"}],"author":"Redacci\u00f3n A Nova Peneira","twitter_card":"summary_large_image","twitter_creator":"@APeneira","twitter_site":"@APeneira","twitter_misc":{"Escrito por":"Redacci\u00f3n A Nova Peneira","Tempo de lectura":"4 minutos"},"schema":{"@context":"https:\/\/schema.org","@graph":[{"@type":"Article","@id":"https:\/\/www.anovapeneira.gal\/index.php\/2024\/07\/02\/presentacion-de-cantos-de-dor-e-liberdade-voces-galegas-por-palestina\/#article","isPartOf":{"@id":"https:\/\/www.anovapeneira.gal\/index.php\/2024\/07\/02\/presentacion-de-cantos-de-dor-e-liberdade-voces-galegas-por-palestina\/"},"author":{"name":"Redacci\u00f3n A Nova Peneira","@id":"https:\/\/www.anovapeneira.gal\/#\/schema\/person\/b93e3f8932e3f8da96334607eb6ac6aa"},"headline":"Presentaci\u00f3n de : &#8220;Cantos de dor e liberdade, voces galegas por Palestina&#8221;","datePublished":"2024-07-02T08:00:52+00:00","mainEntityOfPage":{"@id":"https:\/\/www.anovapeneira.gal\/index.php\/2024\/07\/02\/presentacion-de-cantos-de-dor-e-liberdade-voces-galegas-por-palestina\/"},"wordCount":679,"commentCount":0,"publisher":{"@id":"https:\/\/www.anovapeneira.gal\/#organization"},"image":{"@id":"https:\/\/www.anovapeneira.gal\/index.php\/2024\/07\/02\/presentacion-de-cantos-de-dor-e-liberdade-voces-galegas-por-palestina\/#primaryimage"},"thumbnailUrl":"https:\/\/www.anovapeneira.gal\/wp-content\/uploads\/2024\/06\/voces_galegas_palestina.jpg","keywords":["Voces galegas por Palestina"],"articleSection":["Novas"],"inLanguage":"gl-ES","potentialAction":[{"@type":"CommentAction","name":"Comment","target":["https:\/\/www.anovapeneira.gal\/index.php\/2024\/07\/02\/presentacion-de-cantos-de-dor-e-liberdade-voces-galegas-por-palestina\/#respond"]}]},{"@type":"WebPage","@id":"https:\/\/www.anovapeneira.gal\/index.php\/2024\/07\/02\/presentacion-de-cantos-de-dor-e-liberdade-voces-galegas-por-palestina\/","url":"https:\/\/www.anovapeneira.gal\/index.php\/2024\/07\/02\/presentacion-de-cantos-de-dor-e-liberdade-voces-galegas-por-palestina\/","name":"Presentaci\u00f3n de : \"Cantos de dor e liberdade, voces galegas por Palestina\" -","isPartOf":{"@id":"https:\/\/www.anovapeneira.gal\/#website"},"primaryImageOfPage":{"@id":"https:\/\/www.anovapeneira.gal\/index.php\/2024\/07\/02\/presentacion-de-cantos-de-dor-e-liberdade-voces-galegas-por-palestina\/#primaryimage"},"image":{"@id":"https:\/\/www.anovapeneira.gal\/index.php\/2024\/07\/02\/presentacion-de-cantos-de-dor-e-liberdade-voces-galegas-por-palestina\/#primaryimage"},"thumbnailUrl":"https:\/\/www.anovapeneira.gal\/wp-content\/uploads\/2024\/06\/voces_galegas_palestina.jpg","datePublished":"2024-07-02T08:00:52+00:00","breadcrumb":{"@id":"https:\/\/www.anovapeneira.gal\/index.php\/2024\/07\/02\/presentacion-de-cantos-de-dor-e-liberdade-voces-galegas-por-palestina\/#breadcrumb"},"inLanguage":"gl-ES","potentialAction":[{"@type":"ReadAction","target":["https:\/\/www.anovapeneira.gal\/index.php\/2024\/07\/02\/presentacion-de-cantos-de-dor-e-liberdade-voces-galegas-por-palestina\/"]}]},{"@type":"ImageObject","inLanguage":"gl-ES","@id":"https:\/\/www.anovapeneira.gal\/index.php\/2024\/07\/02\/presentacion-de-cantos-de-dor-e-liberdade-voces-galegas-por-palestina\/#primaryimage","url":"https:\/\/www.anovapeneira.gal\/wp-content\/uploads\/2024\/06\/voces_galegas_palestina.jpg","contentUrl":"https:\/\/www.anovapeneira.gal\/wp-content\/uploads\/2024\/06\/voces_galegas_palestina.jpg","width":720,"height":432,"caption":"\"Cantos de dor e liberdade, voces galegas por Palestina\""},{"@type":"BreadcrumbList","@id":"https:\/\/www.anovapeneira.gal\/index.php\/2024\/07\/02\/presentacion-de-cantos-de-dor-e-liberdade-voces-galegas-por-palestina\/#breadcrumb","itemListElement":[{"@type":"ListItem","position":1,"name":"Portada","item":"https:\/\/www.anovapeneira.gal\/"},{"@type":"ListItem","position":2,"name":"Presentaci\u00f3n de : &#8220;Cantos de dor e liberdade, voces galegas por Palestina&#8221;"}]},{"@type":"WebSite","@id":"https:\/\/www.anovapeneira.gal\/#website","url":"https:\/\/www.anovapeneira.gal\/","name":"","description":"Xornal galego de informaci\u00f3n xeral Publicaci\u00f3n mensual de novas de Galicia e en especial dos Concellos da sur da provincia de Pontevedra.","publisher":{"@id":"https:\/\/www.anovapeneira.gal\/#organization"},"potentialAction":[{"@type":"SearchAction","target":{"@type":"EntryPoint","urlTemplate":"https:\/\/www.anovapeneira.gal\/?s={search_term_string}"},"query-input":{"@type":"PropertyValueSpecification","valueRequired":true,"valueName":"search_term_string"}}],"inLanguage":"gl-ES"},{"@type":"Organization","@id":"https:\/\/www.anovapeneira.gal\/#organization","name":"A Nova Peneira","url":"https:\/\/www.anovapeneira.gal\/","logo":{"@type":"ImageObject","inLanguage":"gl-ES","@id":"https:\/\/www.anovapeneira.gal\/#\/schema\/logo\/image\/","url":"http:\/\/www.anovapeneira.gal\/wp-content\/uploads\/2019\/06\/logo_a_nova_peneira_portal_web.png","contentUrl":"http:\/\/www.anovapeneira.gal\/wp-content\/uploads\/2019\/06\/logo_a_nova_peneira_portal_web.png","width":300,"height":100,"caption":"A Nova Peneira"},"image":{"@id":"https:\/\/www.anovapeneira.gal\/#\/schema\/logo\/image\/"},"sameAs":["https:\/\/www.facebook.com\/anovapeneira","https:\/\/x.com\/APeneira"]},{"@type":"Person","@id":"https:\/\/www.anovapeneira.gal\/#\/schema\/person\/b93e3f8932e3f8da96334607eb6ac6aa","name":"Redacci\u00f3n A Nova Peneira","image":{"@type":"ImageObject","inLanguage":"gl-ES","@id":"https:\/\/secure.gravatar.com\/avatar\/c052a2551a06e23fac63626232eaa90abd78dbcf1700fc46a2b2c89fd27b735f?s=96&d=mm&r=g","url":"https:\/\/secure.gravatar.com\/avatar\/c052a2551a06e23fac63626232eaa90abd78dbcf1700fc46a2b2c89fd27b735f?s=96&d=mm&r=g","contentUrl":"https:\/\/secure.gravatar.com\/avatar\/c052a2551a06e23fac63626232eaa90abd78dbcf1700fc46a2b2c89fd27b735f?s=96&d=mm&r=g","caption":"Redacci\u00f3n A Nova Peneira"},"sameAs":["http:\/\/www.anovapeneira.gal\/"],"url":"https:\/\/www.anovapeneira.gal\/index.php\/author\/redactor\/"}]}},"jetpack_featured_media_url":"https:\/\/www.anovapeneira.gal\/wp-content\/uploads\/2024\/06\/voces_galegas_palestina.jpg","_links":{"self":[{"href":"https:\/\/www.anovapeneira.gal\/index.php\/wp-json\/wp\/v2\/posts\/11985","targetHints":{"allow":["GET"]}}],"collection":[{"href":"https:\/\/www.anovapeneira.gal\/index.php\/wp-json\/wp\/v2\/posts"}],"about":[{"href":"https:\/\/www.anovapeneira.gal\/index.php\/wp-json\/wp\/v2\/types\/post"}],"author":[{"embeddable":true,"href":"https:\/\/www.anovapeneira.gal\/index.php\/wp-json\/wp\/v2\/users\/3"}],"replies":[{"embeddable":true,"href":"https:\/\/www.anovapeneira.gal\/index.php\/wp-json\/wp\/v2\/comments?post=11985"}],"version-history":[{"count":1,"href":"https:\/\/www.anovapeneira.gal\/index.php\/wp-json\/wp\/v2\/posts\/11985\/revisions"}],"predecessor-version":[{"id":11987,"href":"https:\/\/www.anovapeneira.gal\/index.php\/wp-json\/wp\/v2\/posts\/11985\/revisions\/11987"}],"wp:featuredmedia":[{"embeddable":true,"href":"https:\/\/www.anovapeneira.gal\/index.php\/wp-json\/wp\/v2\/media\/11986"}],"wp:attachment":[{"href":"https:\/\/www.anovapeneira.gal\/index.php\/wp-json\/wp\/v2\/media?parent=11985"}],"wp:term":[{"taxonomy":"category","embeddable":true,"href":"https:\/\/www.anovapeneira.gal\/index.php\/wp-json\/wp\/v2\/categories?post=11985"},{"taxonomy":"post_tag","embeddable":true,"href":"https:\/\/www.anovapeneira.gal\/index.php\/wp-json\/wp\/v2\/tags?post=11985"}],"curies":[{"name":"wp","href":"https:\/\/api.w.org\/{rel}","templated":true}]}}