{"id":11991,"date":"2024-07-03T10:00:11","date_gmt":"2024-07-03T08:00:11","guid":{"rendered":"https:\/\/www.anovapeneira.gal\/?p=11991"},"modified":"2024-07-02T10:06:36","modified_gmt":"2024-07-02T08:06:36","slug":"presentacion-do-3o-numero-da-revista-de-filosofia-opino","status":"publish","type":"post","link":"https:\/\/www.anovapeneira.gal\/index.php\/2024\/07\/03\/presentacion-do-3o-numero-da-revista-de-filosofia-opino\/","title":{"rendered":"Presentaci\u00f3n do 3\u00ba n\u00famero da revista de filosof\u00eda \u201cOPINO\u201d"},"content":{"rendered":"\n<p>O pasado d\u00eda 21 deste mes de xu\u00f1o no Instituto Pino Manso do Porri\u00f1o presentouse o 3\u00ba n\u00famero da revista de filosof\u00eda \u201cOPINO\u201d. A alma mater deste marabilloso experimento \u00e9 Pedro Ocampo, profesor de filosof\u00eda nese mesmo centro, que desde o pasado n\u00famero est\u00e1 moi ben acompa\u00f1ado polo seu compa\u00f1eiro, profesor de debuxo, Juan Carlos Lago. Na presentaci\u00f3n dun n\u00famero, que trata de centrarse no m\u00e1is significativo da natureza do adolescente, d\u00e9ronse cita m\u00e1is de 70 mozos e mozas. E foi unha circunstancia marabillosa, case poder\u00eda dicir que emocionante, pois amosa que a mocidade actual non \u00e9 distinta \u00e1 de ningunha outra xeraci\u00f3n. Se se lles ilusiona, respecta , valora e se fomenta o seu pensamento cr\u00edtico poden chegar a ser homes e mulleres libres, comprometidos e con capacidade de distinguir o xusto do inxusto.<\/p>\n\n\n\n<p>A edici\u00f3n desta revista conta co apoio institucional e econ\u00f3mico do Concello do Porri\u00f1o, de feito o alcalde Alejandro Lorenzo achegouse ata o instituto a amosar o seu compromiso aos profesores que a coordinan e dirixen. N\u00f3s alegr\u00e1monos moito de que sexa as\u00ed, e facemos votos para que nunca deixe de selo, pois contribu\u00edr a que os mozos e mozas sexan capaces de constru\u00edr un pensamento cr\u00edtico aut\u00f3nomo \u00e9 una tarefa dun m\u00e9rito sobresa\u00ednte e das que poden deixar pegada na historia do Porri\u00f1o.<\/p>\n\n\n\n<p>Na presentaci\u00f3n \u00e1 que acudiron un n\u00famero asombroso de adolescentes , membros do equipo de redacci\u00f3n do n\u00famero que se presentaba e dos dous anteriores, a proposta do profesor Juan Carlos Lago dedicouse unha atronadora ovaci\u00f3n a Pedro Ocampo por ser \u201c ese tolo que coa s\u00faa ilusi\u00f3n, talento e traballo consegue facer realidade o que para moitos outros nunca pasar\u00eda das fronteiras da imaxinaci\u00f3n\u201d.<\/p>\n\n\n\n<p>N\u00f3s conversamos con d\u00faas das alumnas protagonistas do equipo de redacci\u00f3n deste n\u00famero de OPINO<\/p>\n\n\n\n<p><strong>Amina D\u00edaz e Natalia M\u00e1rquez<\/strong><\/p>\n\n\n\n<p>Ambas son do Porri\u00f1o, Amina ten 17 anos e Natalia 18 e ve\u00f1en de rematar o seu segundo ano de bacharelato.<\/p>\n\n\n\n<p><strong>Que vas estudar Amina?<\/strong><\/p>\n\n\n\n<blockquote class=\"wp-block-quote is-layout-flow wp-block-quote-is-layout-flow\">\n<p>Eu dereito.<\/p>\n<\/blockquote>\n\n\n\n<p><strong>E ti Natalia?<\/strong><\/p>\n\n\n\n<blockquote class=\"wp-block-quote is-layout-flow wp-block-quote-is-layout-flow\">\n<p>Eu biomedicina<\/p>\n<\/blockquote>\n\n\n\n<p><strong>Participastes as d\u00faas na edici\u00f3n da revista?<\/strong><\/p>\n\n\n\n<blockquote class=\"wp-block-quote is-layout-flow wp-block-quote-is-layout-flow\">\n<p>Si. Fixemos tarefas de direcci\u00f3n, debuxo e incluso escribimos alg\u00fan artigo.<\/p>\n<\/blockquote>\n\n\n\n<p><strong>Como valoras a experiencia Amina?<\/strong><\/p>\n\n\n\n<blockquote class=\"wp-block-quote is-layout-flow wp-block-quote-is-layout-flow\">\n<p>De maneira moi positiva. Tratamos de ensinar o mundo no que vivimos desde a perspectiva das persoas da nosa idade. Unha cuesti\u00f3n que a min me parece relevante, e que trata de reflectir OPINO, \u00e9 como as redes sociais poden influ\u00edr nas emoci\u00f3ns da nosa xeraci\u00f3n.<\/p>\n<\/blockquote>\n\n\n\n<p><strong>Infl\u00faen significativamente?<\/strong><\/p>\n\n\n\n<blockquote class=\"wp-block-quote is-layout-flow wp-block-quote-is-layout-flow\">\n<p>Si. Poden ser causa de ansiedade e de medo.<\/p>\n<\/blockquote>\n\n\n\n<p><strong>E ti Natalia que pensas desta etapa da t\u00faa vida?<\/strong><\/p>\n\n\n\n<blockquote class=\"wp-block-quote is-layout-flow wp-block-quote-is-layout-flow\">\n<p>Eu val\u00f3roa tam\u00e9n de maneira moi positiva. Foi unha experiencia enriquecedora que contribu\u00edu a ampliar as nosas perspectivas e nos axudou a aprender a pensar por n\u00f3s mesmas.<\/p>\n<\/blockquote>\n\n\n\n<p><strong>Esta \u00e9 a vosa primeira participaci\u00f3n nalg\u00fan proxecto de construci\u00f3n colectiva?<\/strong><\/p>\n\n\n\n<blockquote class=\"wp-block-quote is-layout-flow wp-block-quote-is-layout-flow\">\n<p>Si, \u00e9 a primeira vez para as d\u00faas que participamos en algo tan serio.<\/p>\n<\/blockquote>\n\n\n\n<p><strong>Que lle diriades a quen pensa que a vosa xeraci\u00f3n carece de interese polo mundo no que vive, e que non ten capacidade para traballar de maneira colectiva nin de implicarse en proxectos sociais?<\/strong><\/p>\n\n\n\n<p><strong>Amina<\/strong><\/p>\n\n\n\n<blockquote class=\"wp-block-quote is-layout-flow wp-block-quote-is-layout-flow\">\n<p>Eu dir\u00edalle que \u00e9 unha visi\u00f3n deformada de como son as cousas. Simplemente non \u00e9 verdade. Na nosa xeraci\u00f3n, eu imaxino que igual que en todas as anteriores, hai persoas que te\u00f1en pouco interese na realidade social, e tam\u00e9n as hai que est\u00e1n moi interesadas. Pero estigmatizar a unha xeraci\u00f3n enteira de ning\u00fan modo responde \u00e1 realidade de como \u00e9 esa xeraci\u00f3n.<\/p>\n<\/blockquote>\n\n\n\n<p><strong>Natalia<\/strong><\/p>\n\n\n\n<blockquote class=\"wp-block-quote is-layout-flow wp-block-quote-is-layout-flow\">\n<p>Eu opino que esa maneira de xulgarnos \u00e9 radicalmente inxusta. Unha persoa adulta que xa ten a s\u00faa vida feita e o seu cami\u00f1o claro, non pode minusvalorar a unha xeraci\u00f3n que a\u00ednda ten que buscar o seu sitio na vida. N\u00f3s non o imos ter f\u00e1cil e cando as condici\u00f3ns que n\u00f3s encontremos poden ser peores que as que tiveron os nosos pais , pois a responsabilidade ser\u00e1 das xeraci\u00f3ns anteriores, non da nosa que a\u00ednda non estaba&#8230;digo eu.<\/p>\n<\/blockquote>\n","protected":false},"excerpt":{"rendered":"<div class=\"mh-excerpt\"><p>O pasado d\u00eda 21 deste mes de xu\u00f1o no Instituto Pino Manso do Porri\u00f1o presentouse o 3\u00ba n\u00famero da revista de filosof\u00eda \u201cOPINO\u201d.  <a class=\"mh-excerpt-more\" href=\"https:\/\/www.anovapeneira.gal\/index.php\/2024\/07\/03\/presentacion-do-3o-numero-da-revista-de-filosofia-opino\/\" title=\"Presentaci\u00f3n do 3\u00ba n\u00famero da revista de filosof\u00eda \u201cOPINO\u201d\">[&#8230;]<\/a><\/p>\n<\/div>","protected":false},"author":3,"featured_media":11993,"comment_status":"open","ping_status":"open","sticky":false,"template":"","format":"standard","meta":{"_exactmetrics_skip_tracking":false,"_exactmetrics_sitenote_active":false,"_exactmetrics_sitenote_note":"","_exactmetrics_sitenote_category":0,"footnotes":""},"categories":[265],"tags":[411],"class_list":{"0":"post-11991","1":"post","2":"type-post","3":"status-publish","4":"format-standard","5":"has-post-thumbnail","7":"category-a-lourina-entrevistas","8":"tag-concello-do-porrino"},"yoast_head":"<!-- This site is optimized with the Yoast SEO plugin v27.4 - https:\/\/yoast.com\/product\/yoast-seo-wordpress\/ -->\n<title>Presentaci\u00f3n do 3\u00ba n\u00famero da revista de filosof\u00eda \u201cOPINO\u201d -<\/title>\n<meta name=\"robots\" content=\"index, follow, max-snippet:-1, max-image-preview:large, max-video-preview:-1\" \/>\n<link rel=\"canonical\" href=\"https:\/\/www.anovapeneira.gal\/index.php\/2024\/07\/03\/presentacion-do-3o-numero-da-revista-de-filosofia-opino\/\" \/>\n<meta property=\"og:locale\" content=\"gl_ES\" \/>\n<meta property=\"og:type\" content=\"article\" \/>\n<meta property=\"og:title\" content=\"Presentaci\u00f3n do 3\u00ba n\u00famero da revista de filosof\u00eda \u201cOPINO\u201d -\" \/>\n<meta property=\"og:description\" content=\"O pasado d\u00eda 21 deste mes de xu\u00f1o no Instituto Pino Manso do Porri\u00f1o presentouse o 3\u00ba n\u00famero da revista de filosof\u00eda \u201cOPINO\u201d. [...]\" \/>\n<meta property=\"og:url\" content=\"https:\/\/www.anovapeneira.gal\/index.php\/2024\/07\/03\/presentacion-do-3o-numero-da-revista-de-filosofia-opino\/\" \/>\n<meta property=\"article:publisher\" content=\"https:\/\/www.facebook.com\/anovapeneira\" \/>\n<meta property=\"article:published_time\" content=\"2024-07-03T08:00:11+00:00\" \/>\n<meta property=\"og:image\" content=\"https:\/\/www.anovapeneira.gal\/wp-content\/uploads\/2024\/07\/pino_manso.jpg\" \/>\n\t<meta property=\"og:image:width\" content=\"720\" \/>\n\t<meta property=\"og:image:height\" content=\"432\" \/>\n\t<meta property=\"og:image:type\" content=\"image\/jpeg\" \/>\n<meta name=\"author\" content=\"Redacci\u00f3n A Nova Peneira\" \/>\n<meta name=\"twitter:card\" content=\"summary_large_image\" \/>\n<meta name=\"twitter:creator\" content=\"@APeneira\" \/>\n<meta name=\"twitter:site\" content=\"@APeneira\" \/>\n<meta name=\"twitter:label1\" content=\"Escrito por\" \/>\n\t<meta name=\"twitter:data1\" content=\"Redacci\u00f3n A Nova Peneira\" \/>\n\t<meta name=\"twitter:label2\" content=\"Tempo de lectura\" \/>\n\t<meta name=\"twitter:data2\" content=\"3 minutos\" \/>\n<script type=\"application\/ld+json\" class=\"yoast-schema-graph\">{\"@context\":\"https:\\\/\\\/schema.org\",\"@graph\":[{\"@type\":\"Article\",\"@id\":\"https:\\\/\\\/www.anovapeneira.gal\\\/index.php\\\/2024\\\/07\\\/03\\\/presentacion-do-3o-numero-da-revista-de-filosofia-opino\\\/#article\",\"isPartOf\":{\"@id\":\"https:\\\/\\\/www.anovapeneira.gal\\\/index.php\\\/2024\\\/07\\\/03\\\/presentacion-do-3o-numero-da-revista-de-filosofia-opino\\\/\"},\"author\":{\"name\":\"Redacci\u00f3n A Nova Peneira\",\"@id\":\"https:\\\/\\\/www.anovapeneira.gal\\\/#\\\/schema\\\/person\\\/b93e3f8932e3f8da96334607eb6ac6aa\"},\"headline\":\"Presentaci\u00f3n do 3\u00ba n\u00famero da revista de filosof\u00eda \u201cOPINO\u201d\",\"datePublished\":\"2024-07-03T08:00:11+00:00\",\"mainEntityOfPage\":{\"@id\":\"https:\\\/\\\/www.anovapeneira.gal\\\/index.php\\\/2024\\\/07\\\/03\\\/presentacion-do-3o-numero-da-revista-de-filosofia-opino\\\/\"},\"wordCount\":731,\"commentCount\":0,\"publisher\":{\"@id\":\"https:\\\/\\\/www.anovapeneira.gal\\\/#organization\"},\"image\":{\"@id\":\"https:\\\/\\\/www.anovapeneira.gal\\\/index.php\\\/2024\\\/07\\\/03\\\/presentacion-do-3o-numero-da-revista-de-filosofia-opino\\\/#primaryimage\"},\"thumbnailUrl\":\"https:\\\/\\\/www.anovapeneira.gal\\\/wp-content\\\/uploads\\\/2024\\\/07\\\/pino_manso.jpg\",\"keywords\":[\"Concello do Porri\u00f1o\"],\"articleSection\":[\"A Louri\u00f1a\"],\"inLanguage\":\"gl-ES\",\"potentialAction\":[{\"@type\":\"CommentAction\",\"name\":\"Comment\",\"target\":[\"https:\\\/\\\/www.anovapeneira.gal\\\/index.php\\\/2024\\\/07\\\/03\\\/presentacion-do-3o-numero-da-revista-de-filosofia-opino\\\/#respond\"]}]},{\"@type\":\"WebPage\",\"@id\":\"https:\\\/\\\/www.anovapeneira.gal\\\/index.php\\\/2024\\\/07\\\/03\\\/presentacion-do-3o-numero-da-revista-de-filosofia-opino\\\/\",\"url\":\"https:\\\/\\\/www.anovapeneira.gal\\\/index.php\\\/2024\\\/07\\\/03\\\/presentacion-do-3o-numero-da-revista-de-filosofia-opino\\\/\",\"name\":\"Presentaci\u00f3n do 3\u00ba n\u00famero da revista de filosof\u00eda \u201cOPINO\u201d -\",\"isPartOf\":{\"@id\":\"https:\\\/\\\/www.anovapeneira.gal\\\/#website\"},\"primaryImageOfPage\":{\"@id\":\"https:\\\/\\\/www.anovapeneira.gal\\\/index.php\\\/2024\\\/07\\\/03\\\/presentacion-do-3o-numero-da-revista-de-filosofia-opino\\\/#primaryimage\"},\"image\":{\"@id\":\"https:\\\/\\\/www.anovapeneira.gal\\\/index.php\\\/2024\\\/07\\\/03\\\/presentacion-do-3o-numero-da-revista-de-filosofia-opino\\\/#primaryimage\"},\"thumbnailUrl\":\"https:\\\/\\\/www.anovapeneira.gal\\\/wp-content\\\/uploads\\\/2024\\\/07\\\/pino_manso.jpg\",\"datePublished\":\"2024-07-03T08:00:11+00:00\",\"breadcrumb\":{\"@id\":\"https:\\\/\\\/www.anovapeneira.gal\\\/index.php\\\/2024\\\/07\\\/03\\\/presentacion-do-3o-numero-da-revista-de-filosofia-opino\\\/#breadcrumb\"},\"inLanguage\":\"gl-ES\",\"potentialAction\":[{\"@type\":\"ReadAction\",\"target\":[\"https:\\\/\\\/www.anovapeneira.gal\\\/index.php\\\/2024\\\/07\\\/03\\\/presentacion-do-3o-numero-da-revista-de-filosofia-opino\\\/\"]}]},{\"@type\":\"ImageObject\",\"inLanguage\":\"gl-ES\",\"@id\":\"https:\\\/\\\/www.anovapeneira.gal\\\/index.php\\\/2024\\\/07\\\/03\\\/presentacion-do-3o-numero-da-revista-de-filosofia-opino\\\/#primaryimage\",\"url\":\"https:\\\/\\\/www.anovapeneira.gal\\\/wp-content\\\/uploads\\\/2024\\\/07\\\/pino_manso.jpg\",\"contentUrl\":\"https:\\\/\\\/www.anovapeneira.gal\\\/wp-content\\\/uploads\\\/2024\\\/07\\\/pino_manso.jpg\",\"width\":720,\"height\":432,\"caption\":\"IES Pino Manso\"},{\"@type\":\"BreadcrumbList\",\"@id\":\"https:\\\/\\\/www.anovapeneira.gal\\\/index.php\\\/2024\\\/07\\\/03\\\/presentacion-do-3o-numero-da-revista-de-filosofia-opino\\\/#breadcrumb\",\"itemListElement\":[{\"@type\":\"ListItem\",\"position\":1,\"name\":\"Portada\",\"item\":\"https:\\\/\\\/www.anovapeneira.gal\\\/\"},{\"@type\":\"ListItem\",\"position\":2,\"name\":\"Presentaci\u00f3n do 3\u00ba n\u00famero da revista de filosof\u00eda \u201cOPINO\u201d\"}]},{\"@type\":\"WebSite\",\"@id\":\"https:\\\/\\\/www.anovapeneira.gal\\\/#website\",\"url\":\"https:\\\/\\\/www.anovapeneira.gal\\\/\",\"name\":\"\",\"description\":\"Xornal galego de informaci\u00f3n xeral Publicaci\u00f3n mensual de novas de Galicia e en especial dos Concellos da sur da provincia de Pontevedra.\",\"publisher\":{\"@id\":\"https:\\\/\\\/www.anovapeneira.gal\\\/#organization\"},\"potentialAction\":[{\"@type\":\"SearchAction\",\"target\":{\"@type\":\"EntryPoint\",\"urlTemplate\":\"https:\\\/\\\/www.anovapeneira.gal\\\/?s={search_term_string}\"},\"query-input\":{\"@type\":\"PropertyValueSpecification\",\"valueRequired\":true,\"valueName\":\"search_term_string\"}}],\"inLanguage\":\"gl-ES\"},{\"@type\":\"Organization\",\"@id\":\"https:\\\/\\\/www.anovapeneira.gal\\\/#organization\",\"name\":\"A Nova Peneira\",\"url\":\"https:\\\/\\\/www.anovapeneira.gal\\\/\",\"logo\":{\"@type\":\"ImageObject\",\"inLanguage\":\"gl-ES\",\"@id\":\"https:\\\/\\\/www.anovapeneira.gal\\\/#\\\/schema\\\/logo\\\/image\\\/\",\"url\":\"http:\\\/\\\/www.anovapeneira.gal\\\/wp-content\\\/uploads\\\/2019\\\/06\\\/logo_a_nova_peneira_portal_web.png\",\"contentUrl\":\"http:\\\/\\\/www.anovapeneira.gal\\\/wp-content\\\/uploads\\\/2019\\\/06\\\/logo_a_nova_peneira_portal_web.png\",\"width\":300,\"height\":100,\"caption\":\"A Nova Peneira\"},\"image\":{\"@id\":\"https:\\\/\\\/www.anovapeneira.gal\\\/#\\\/schema\\\/logo\\\/image\\\/\"},\"sameAs\":[\"https:\\\/\\\/www.facebook.com\\\/anovapeneira\",\"https:\\\/\\\/x.com\\\/APeneira\"]},{\"@type\":\"Person\",\"@id\":\"https:\\\/\\\/www.anovapeneira.gal\\\/#\\\/schema\\\/person\\\/b93e3f8932e3f8da96334607eb6ac6aa\",\"name\":\"Redacci\u00f3n A Nova Peneira\",\"image\":{\"@type\":\"ImageObject\",\"inLanguage\":\"gl-ES\",\"@id\":\"https:\\\/\\\/secure.gravatar.com\\\/avatar\\\/c052a2551a06e23fac63626232eaa90abd78dbcf1700fc46a2b2c89fd27b735f?s=96&d=mm&r=g\",\"url\":\"https:\\\/\\\/secure.gravatar.com\\\/avatar\\\/c052a2551a06e23fac63626232eaa90abd78dbcf1700fc46a2b2c89fd27b735f?s=96&d=mm&r=g\",\"contentUrl\":\"https:\\\/\\\/secure.gravatar.com\\\/avatar\\\/c052a2551a06e23fac63626232eaa90abd78dbcf1700fc46a2b2c89fd27b735f?s=96&d=mm&r=g\",\"caption\":\"Redacci\u00f3n A Nova Peneira\"},\"sameAs\":[\"http:\\\/\\\/www.anovapeneira.gal\\\/\"],\"url\":\"https:\\\/\\\/www.anovapeneira.gal\\\/index.php\\\/author\\\/redactor\\\/\"}]}<\/script>\n<!-- \/ Yoast SEO plugin. -->","yoast_head_json":{"title":"Presentaci\u00f3n do 3\u00ba n\u00famero da revista de filosof\u00eda \u201cOPINO\u201d -","robots":{"index":"index","follow":"follow","max-snippet":"max-snippet:-1","max-image-preview":"max-image-preview:large","max-video-preview":"max-video-preview:-1"},"canonical":"https:\/\/www.anovapeneira.gal\/index.php\/2024\/07\/03\/presentacion-do-3o-numero-da-revista-de-filosofia-opino\/","og_locale":"gl_ES","og_type":"article","og_title":"Presentaci\u00f3n do 3\u00ba n\u00famero da revista de filosof\u00eda \u201cOPINO\u201d -","og_description":"O pasado d\u00eda 21 deste mes de xu\u00f1o no Instituto Pino Manso do Porri\u00f1o presentouse o 3\u00ba n\u00famero da revista de filosof\u00eda \u201cOPINO\u201d. [...]","og_url":"https:\/\/www.anovapeneira.gal\/index.php\/2024\/07\/03\/presentacion-do-3o-numero-da-revista-de-filosofia-opino\/","article_publisher":"https:\/\/www.facebook.com\/anovapeneira","article_published_time":"2024-07-03T08:00:11+00:00","og_image":[{"width":720,"height":432,"url":"https:\/\/www.anovapeneira.gal\/wp-content\/uploads\/2024\/07\/pino_manso.jpg","type":"image\/jpeg"}],"author":"Redacci\u00f3n A Nova Peneira","twitter_card":"summary_large_image","twitter_creator":"@APeneira","twitter_site":"@APeneira","twitter_misc":{"Escrito por":"Redacci\u00f3n A Nova Peneira","Tempo de lectura":"3 minutos"},"schema":{"@context":"https:\/\/schema.org","@graph":[{"@type":"Article","@id":"https:\/\/www.anovapeneira.gal\/index.php\/2024\/07\/03\/presentacion-do-3o-numero-da-revista-de-filosofia-opino\/#article","isPartOf":{"@id":"https:\/\/www.anovapeneira.gal\/index.php\/2024\/07\/03\/presentacion-do-3o-numero-da-revista-de-filosofia-opino\/"},"author":{"name":"Redacci\u00f3n A Nova Peneira","@id":"https:\/\/www.anovapeneira.gal\/#\/schema\/person\/b93e3f8932e3f8da96334607eb6ac6aa"},"headline":"Presentaci\u00f3n do 3\u00ba n\u00famero da revista de filosof\u00eda \u201cOPINO\u201d","datePublished":"2024-07-03T08:00:11+00:00","mainEntityOfPage":{"@id":"https:\/\/www.anovapeneira.gal\/index.php\/2024\/07\/03\/presentacion-do-3o-numero-da-revista-de-filosofia-opino\/"},"wordCount":731,"commentCount":0,"publisher":{"@id":"https:\/\/www.anovapeneira.gal\/#organization"},"image":{"@id":"https:\/\/www.anovapeneira.gal\/index.php\/2024\/07\/03\/presentacion-do-3o-numero-da-revista-de-filosofia-opino\/#primaryimage"},"thumbnailUrl":"https:\/\/www.anovapeneira.gal\/wp-content\/uploads\/2024\/07\/pino_manso.jpg","keywords":["Concello do Porri\u00f1o"],"articleSection":["A Louri\u00f1a"],"inLanguage":"gl-ES","potentialAction":[{"@type":"CommentAction","name":"Comment","target":["https:\/\/www.anovapeneira.gal\/index.php\/2024\/07\/03\/presentacion-do-3o-numero-da-revista-de-filosofia-opino\/#respond"]}]},{"@type":"WebPage","@id":"https:\/\/www.anovapeneira.gal\/index.php\/2024\/07\/03\/presentacion-do-3o-numero-da-revista-de-filosofia-opino\/","url":"https:\/\/www.anovapeneira.gal\/index.php\/2024\/07\/03\/presentacion-do-3o-numero-da-revista-de-filosofia-opino\/","name":"Presentaci\u00f3n do 3\u00ba n\u00famero da revista de filosof\u00eda \u201cOPINO\u201d -","isPartOf":{"@id":"https:\/\/www.anovapeneira.gal\/#website"},"primaryImageOfPage":{"@id":"https:\/\/www.anovapeneira.gal\/index.php\/2024\/07\/03\/presentacion-do-3o-numero-da-revista-de-filosofia-opino\/#primaryimage"},"image":{"@id":"https:\/\/www.anovapeneira.gal\/index.php\/2024\/07\/03\/presentacion-do-3o-numero-da-revista-de-filosofia-opino\/#primaryimage"},"thumbnailUrl":"https:\/\/www.anovapeneira.gal\/wp-content\/uploads\/2024\/07\/pino_manso.jpg","datePublished":"2024-07-03T08:00:11+00:00","breadcrumb":{"@id":"https:\/\/www.anovapeneira.gal\/index.php\/2024\/07\/03\/presentacion-do-3o-numero-da-revista-de-filosofia-opino\/#breadcrumb"},"inLanguage":"gl-ES","potentialAction":[{"@type":"ReadAction","target":["https:\/\/www.anovapeneira.gal\/index.php\/2024\/07\/03\/presentacion-do-3o-numero-da-revista-de-filosofia-opino\/"]}]},{"@type":"ImageObject","inLanguage":"gl-ES","@id":"https:\/\/www.anovapeneira.gal\/index.php\/2024\/07\/03\/presentacion-do-3o-numero-da-revista-de-filosofia-opino\/#primaryimage","url":"https:\/\/www.anovapeneira.gal\/wp-content\/uploads\/2024\/07\/pino_manso.jpg","contentUrl":"https:\/\/www.anovapeneira.gal\/wp-content\/uploads\/2024\/07\/pino_manso.jpg","width":720,"height":432,"caption":"IES Pino Manso"},{"@type":"BreadcrumbList","@id":"https:\/\/www.anovapeneira.gal\/index.php\/2024\/07\/03\/presentacion-do-3o-numero-da-revista-de-filosofia-opino\/#breadcrumb","itemListElement":[{"@type":"ListItem","position":1,"name":"Portada","item":"https:\/\/www.anovapeneira.gal\/"},{"@type":"ListItem","position":2,"name":"Presentaci\u00f3n do 3\u00ba n\u00famero da revista de filosof\u00eda \u201cOPINO\u201d"}]},{"@type":"WebSite","@id":"https:\/\/www.anovapeneira.gal\/#website","url":"https:\/\/www.anovapeneira.gal\/","name":"","description":"Xornal galego de informaci\u00f3n xeral Publicaci\u00f3n mensual de novas de Galicia e en especial dos Concellos da sur da provincia de Pontevedra.","publisher":{"@id":"https:\/\/www.anovapeneira.gal\/#organization"},"potentialAction":[{"@type":"SearchAction","target":{"@type":"EntryPoint","urlTemplate":"https:\/\/www.anovapeneira.gal\/?s={search_term_string}"},"query-input":{"@type":"PropertyValueSpecification","valueRequired":true,"valueName":"search_term_string"}}],"inLanguage":"gl-ES"},{"@type":"Organization","@id":"https:\/\/www.anovapeneira.gal\/#organization","name":"A Nova Peneira","url":"https:\/\/www.anovapeneira.gal\/","logo":{"@type":"ImageObject","inLanguage":"gl-ES","@id":"https:\/\/www.anovapeneira.gal\/#\/schema\/logo\/image\/","url":"http:\/\/www.anovapeneira.gal\/wp-content\/uploads\/2019\/06\/logo_a_nova_peneira_portal_web.png","contentUrl":"http:\/\/www.anovapeneira.gal\/wp-content\/uploads\/2019\/06\/logo_a_nova_peneira_portal_web.png","width":300,"height":100,"caption":"A Nova Peneira"},"image":{"@id":"https:\/\/www.anovapeneira.gal\/#\/schema\/logo\/image\/"},"sameAs":["https:\/\/www.facebook.com\/anovapeneira","https:\/\/x.com\/APeneira"]},{"@type":"Person","@id":"https:\/\/www.anovapeneira.gal\/#\/schema\/person\/b93e3f8932e3f8da96334607eb6ac6aa","name":"Redacci\u00f3n A Nova Peneira","image":{"@type":"ImageObject","inLanguage":"gl-ES","@id":"https:\/\/secure.gravatar.com\/avatar\/c052a2551a06e23fac63626232eaa90abd78dbcf1700fc46a2b2c89fd27b735f?s=96&d=mm&r=g","url":"https:\/\/secure.gravatar.com\/avatar\/c052a2551a06e23fac63626232eaa90abd78dbcf1700fc46a2b2c89fd27b735f?s=96&d=mm&r=g","contentUrl":"https:\/\/secure.gravatar.com\/avatar\/c052a2551a06e23fac63626232eaa90abd78dbcf1700fc46a2b2c89fd27b735f?s=96&d=mm&r=g","caption":"Redacci\u00f3n A Nova Peneira"},"sameAs":["http:\/\/www.anovapeneira.gal\/"],"url":"https:\/\/www.anovapeneira.gal\/index.php\/author\/redactor\/"}]}},"jetpack_featured_media_url":"https:\/\/www.anovapeneira.gal\/wp-content\/uploads\/2024\/07\/pino_manso.jpg","_links":{"self":[{"href":"https:\/\/www.anovapeneira.gal\/index.php\/wp-json\/wp\/v2\/posts\/11991","targetHints":{"allow":["GET"]}}],"collection":[{"href":"https:\/\/www.anovapeneira.gal\/index.php\/wp-json\/wp\/v2\/posts"}],"about":[{"href":"https:\/\/www.anovapeneira.gal\/index.php\/wp-json\/wp\/v2\/types\/post"}],"author":[{"embeddable":true,"href":"https:\/\/www.anovapeneira.gal\/index.php\/wp-json\/wp\/v2\/users\/3"}],"replies":[{"embeddable":true,"href":"https:\/\/www.anovapeneira.gal\/index.php\/wp-json\/wp\/v2\/comments?post=11991"}],"version-history":[{"count":2,"href":"https:\/\/www.anovapeneira.gal\/index.php\/wp-json\/wp\/v2\/posts\/11991\/revisions"}],"predecessor-version":[{"id":11994,"href":"https:\/\/www.anovapeneira.gal\/index.php\/wp-json\/wp\/v2\/posts\/11991\/revisions\/11994"}],"wp:featuredmedia":[{"embeddable":true,"href":"https:\/\/www.anovapeneira.gal\/index.php\/wp-json\/wp\/v2\/media\/11993"}],"wp:attachment":[{"href":"https:\/\/www.anovapeneira.gal\/index.php\/wp-json\/wp\/v2\/media?parent=11991"}],"wp:term":[{"taxonomy":"category","embeddable":true,"href":"https:\/\/www.anovapeneira.gal\/index.php\/wp-json\/wp\/v2\/categories?post=11991"},{"taxonomy":"post_tag","embeddable":true,"href":"https:\/\/www.anovapeneira.gal\/index.php\/wp-json\/wp\/v2\/tags?post=11991"}],"curies":[{"name":"wp","href":"https:\/\/api.w.org\/{rel}","templated":true}]}}