{"id":11997,"date":"2024-07-04T10:00:50","date_gmt":"2024-07-04T08:00:50","guid":{"rendered":"https:\/\/www.anovapeneira.gal\/?p=11997"},"modified":"2024-07-02T10:28:27","modified_gmt":"2024-07-02T08:28:27","slug":"tui-ofrece-un-veran-unico-para-gozar-na-rua","status":"publish","type":"post","link":"https:\/\/www.anovapeneira.gal\/index.php\/2024\/07\/04\/tui-ofrece-un-veran-unico-para-gozar-na-rua\/","title":{"rendered":"Tui ofrece un ver\u00e1n \u00fanico para gozar na r\u00faa"},"content":{"rendered":"\n<h2 class=\"wp-block-heading\">M\u00fasica en directo, concertos, festivais, cinema e gastronom\u00eda forman parte da programaci\u00f3n estival<\/h2>\n\n\n\n<p><strong>Tui. Venres, 21 de xu\u00f1o de 2024.<\/strong><\/p>\n\n\n\n<p>Tui prep\u00e1rase para vivir un ver\u00e1n na r\u00faa gozando dos diferentes eventos culturais e de lecer que se van celebrar tanto no centro urbano coma nas distintas parroquias que brindar\u00e1n m\u00fasica en directo, danza, cinema, concursos, gastronom\u00eda,\u2026 con propostas novidosas e outras que contan con gran tradici\u00f3n.<\/p>\n\n\n\n<p>O alcalde de Tui, Enrique Cabaleiro, e a concelleira de Cultura, Sonsoles Vicente, presentaron esta programaci\u00f3n \u201cTui, ver\u00e1n na r\u00faa\u201d destacando que os meses de xullo e agosto chegan cargados de propostas para todos os p\u00fablicos e para vivir nas r\u00faas, prazas, parques e torreiros do municipio. Amosaron o seu agradecementos as asociaci\u00f3ns e entidades que organizan os distintos eventos e que participan nos diferentes actos previstos.<\/p>\n\n\n\n<p>O programa comeza no mes de xullo en Guillarei, no torreiro das festas, co Guilla Folk organizado pola Asociaci\u00f3n Cultural Lembranzas da Terra de Guillarei. O venres celebrarase o VII Festival Folcl\u00f3rico co grupo Eramos Hern\u00e1ndez de Gran Canaria xunto aos organizadores. O s\u00e1bado ser\u00e1 a quenda do IX Festival de Bandas de Gaitas coa actuaci\u00f3n das bandas de gaitas Lembranzas da Terra e A Insua de Caldelas, amais da actuaci\u00f3n de Donicelas e Storrentos.<\/p>\n\n\n\n<p>A m\u00fasica tradicional ser\u00e1 de novo protagonista a seguinte fin de semana, o s\u00e1bado 13 e domingo 14 de xullo, co Festival da cultura tradicional e Folk que organiza a Asociaci\u00f3n Cultural San Telmo. O s\u00e1bado celebrarase na Praza de San Fernando o IX Certame de Gaita e Tamboril, haber\u00e1 unha mostra-conferencia sobre o traxe galego a cargo do grupo etnogr\u00e1fico Traxandaina e pecharase co concerto do grupo Ardent\u00eda. O domingo 14, \u00e1s 19.30 h, no Paseo da Corredoira celebrarase o IX D\u00eda da Mui\u00f1eira.<\/p>\n\n\n\n<p>Do 17 ao 21 de xullo celebrarase na Eurocidade Tui-Valen\u00e7a o IKFEM Festival que baixo o lema Somos Ponte brindar\u00e1 concertos \u00fanicos enchendo este territorio transfronteirizo de creatividade.<\/p>\n\n\n\n<p>O Paseo Fluvial de Tui volver\u00e1 converterse nunha gran sala de cinema ao aire libre con tres proxecci\u00f3ns gratu\u00edtas para todos os p\u00fablicos. Ser\u00e1 &#8220;O pequeno Nicol\u00e1s&#8221; o venres 12 de xullo, &#8220;A viaxe de Ernest e Celestine&#8221; o venres 26 de xullo, e \u201cSalta\u201d o venres 9 de agosto.<\/p>\n\n\n\n<p>A programaci\u00f3n do mes de xullo pecharase no Parque do Laxal en Rebord\u00e1ns cunha nova edici\u00f3n da Noite Internacional do Mi\u00f1o no Parque do Laxal na que este ano actuar\u00e1n grupos de Bosnia Herzegovina, Uruguai, Chile e Italia.<\/p>\n\n\n\n<p>O mes de agosto abrirase con M\u00fasica no Claustro, con concertos \u00e1s 21 h na Catedral do m\u00e9rcores 1 ao xoves 7 de agosto.<\/p>\n\n\n\n<p>A gastronom\u00eda ser\u00e1 tam\u00e9n protagonistas no ver\u00e1n e un dos eventos destacados ser\u00e1 a Festa Gastron\u00f3mica da XII Festa do Mi\u00f1o, na que participar\u00e1n as diferentes asociaci\u00f3ns culturais do municipio ofrecendo pratos tradicionais xunto a outros innovadores na r\u00faa Compostela. Non faltar\u00e1 tampouco a animaci\u00f3n na r\u00faa nesta xornada.<\/p>\n\n\n\n<p>A ribeira de Caldelas acoller\u00e1 o venres 16 e o s\u00e1bado 17 o IV Rocha Folk. Festival Folk Internacional organizado pola Asociaci\u00f3n Cultural A Insua de Caldelas. A programaci\u00f3n do ver\u00e1n pecharase co XXIX Festival de Bandas de M\u00fasica o venres 23 \u00e1s 21 h na praza de San Fernando baixo a organizaci\u00f3n da Banda de M\u00fasica Popular de Tui.<\/p>\n\n\n\n<p>Tui ofrece as\u00ed un ver\u00e1n cultural \u00fanico do que gozar ao aire libre, e para todos os p\u00fablicos.<\/p>\n\n\n\n<p>Toda a informaci\u00f3n sobre a programaci\u00f3n e horarios est\u00e1 dispo\u00f1ible na p\u00e1xina web do Concello de Tui tui.gal.<\/p>\n\n\n\n<h1 class=\"wp-block-heading\">Programaci\u00f3n \u201cTui, Ver\u00e1n na r\u00faa\u201d<\/h1>\n\n\n\n<h2 class=\"wp-block-heading\"><strong>Xullo<\/strong><\/h2>\n\n\n\n<h2 class=\"wp-block-heading\">Guilla Folk<\/h2>\n\n\n\n<ul class=\"wp-block-list\">\n<li>No torreiro de festas de Guillarei<\/li>\n\n\n\n<li><strong>Venres 5 \u00e1s 22 h VII Festival Folcl\u00f3rico<\/strong>\n<ul class=\"wp-block-list\">\n<li>Lembranzas da Terra de Guillarei<\/li>\n\n\n\n<li>Grupo de baile Eramos Hern\u00e1ndez de Gran Canaria<\/li>\n\n\n\n<li>Algo pasa con Mery<\/li>\n<\/ul>\n<\/li>\n\n\n\n<li><strong>S\u00e1bado 5 \u00e1s 22 h IX Festival de Bandas de Gaitas<\/strong>\n<ul class=\"wp-block-list\">\n<li>Banda de Gaitas Lembranzas da Terra<\/li>\n\n\n\n<li>Banda de Gaitas A Insua de Caldelas<\/li>\n\n\n\n<li>Donicelas<\/li>\n\n\n\n<li>Peche do festival con Storrentos<\/li>\n<\/ul>\n<\/li>\n\n\n\n<li>Organiza: Asociaci\u00f3n Cultural Lembranzas da Terra<\/li>\n<\/ul>\n\n\n\n<h2 class=\"wp-block-heading\">IV Festival da cultura tradicional e Folk<\/h2>\n\n\n\n<ul class=\"wp-block-list\">\n<li><strong>S\u00e1bado 13<\/strong> na praza de San Fernando\n<ul class=\"wp-block-list\">\n<li>\u00c1s 19.30 h IX Certame de Gaita e Tamboril<\/li>\n\n\n\n<li>\u00c1s 21.30 h Mostra-conferencia traxe galego a cargo do grupo etnogr\u00e1fico Traxandaina<\/li>\n\n\n\n<li>\u00c1s 22.30 h Concerto do grupo folk Ardent\u00eda<\/li>\n<\/ul>\n<\/li>\n\n\n\n<li><strong>Domingo 14<\/strong> no Paseo da Corredoira\n<ul class=\"wp-block-list\">\n<li>\u00c1s 19.30 h IX D\u00eda da Mui\u00f1eira de Tui<\/li>\n<\/ul>\n<\/li>\n\n\n\n<li>Organiza: Asociaci\u00f3n Cultural San Telmo<\/li>\n<\/ul>\n\n\n\n<h2 class=\"wp-block-heading\">IKFEM Festival<\/h2>\n\n\n\n<ul class=\"wp-block-list\">\n<li><strong>Do m\u00e9rcores 17 ao domingo 21 <\/strong>na Eurocidade Tui-Valen\u00e7a<\/li>\n\n\n\n<li>Programaci\u00f3n en Ikfem.com<\/li>\n<\/ul>\n\n\n\n<h2 class=\"wp-block-heading\">Cinema ao aire libre<\/h2>\n\n\n\n<ul class=\"wp-block-list\">\n<li><strong>Venres 12 \u00e1s 22.30 h no Paseo Fluvial<\/strong>\n<ul class=\"wp-block-list\">\n<li>Cinema de animaci\u00f3n \u201cEl peque\u00f1o Nicol\u00e1s\u201d<\/li>\n\n\n\n<li>Cadeiras: 300 cadeiras. Todos os p\u00fablicos. Duraci\u00f3n 85 min.<\/li>\n<\/ul>\n<\/li>\n\n\n\n<li><strong>Venres 26 \u00e1s 22.15 h no Paseo Fluvial<\/strong>\n<ul class=\"wp-block-list\">\n<li>Cinema de animaci\u00f3n \u201cEl viaje de Ernest y Celestine\u201d<\/li>\n\n\n\n<li>Cadeiras: 300 cadeiras. Todos os p\u00fablicos. Duraci\u00f3n 80 min.<\/li>\n<\/ul>\n<\/li>\n<\/ul>\n\n\n\n<h2 class=\"wp-block-heading\">Noite Internacional do Mi\u00f1o<\/h2>\n\n\n\n<ul class=\"wp-block-list\">\n<li><strong>Martes 30 \u00e1s 21.30 h no Parque do Laxal<\/strong>\n<ul class=\"wp-block-list\">\n<li>Cos grupos Folk Ensemble Omarska de Bosnia Herzegovina, Ballet Tierra Adentro de Uruguai, Compa\u00f1\u00eda Folcl\u00f3rica Iramawi de Chile e Sbandieratori Ducato Caetani de Italia.<\/li>\n<\/ul>\n<\/li>\n<\/ul>\n\n\n\n<h2 class=\"wp-block-heading\"><strong>Agosto<\/strong><\/h2>\n\n\n\n<h2 class=\"wp-block-heading\">M\u00fasica no Claustro. Festival de M\u00fasica, patrimonio e creaci\u00f3n<\/h2>\n\n\n\n<ul class=\"wp-block-list\">\n<li><strong>Do xoves 1 ao m\u00e9rcores 7<\/strong><\/li>\n\n\n\n<li>Concertos \u00e1s 21 h na Catedral.<\/li>\n<\/ul>\n\n\n\n<h2 class=\"wp-block-heading\">Cinema ao aire libre<\/h2>\n\n\n\n<ul class=\"wp-block-list\">\n<li><strong>Venres 9 \u00e1s 22.15 no Paseo Fluvial<\/strong><\/li>\n\n\n\n<li>Proxecci\u00f3n de \u201cSalta\u201d<\/li>\n\n\n\n<li>Cadeiras: 300 cadeiras. Todos os p\u00fablicos. Duraci\u00f3n 85 min.<\/li>\n<\/ul>\n\n\n\n<h2 class=\"wp-block-heading\">XII Festa do Mi\u00f1o \u2013 Festa Gastron\u00f3mica<\/h2>\n\n\n\n<ul class=\"wp-block-list\">\n<li><strong>S\u00e1bado 17 na r\u00faa Compostela<\/strong><\/li>\n\n\n\n<li>\u00c1s 20.00 h Circo Krasnovarak<\/li>\n\n\n\n<li>\u00c1s 21.00 h Fanfarria Taquikardia<\/li>\n\n\n\n<li>\u00c1s 22.30 h Festicultores<\/li>\n<\/ul>\n\n\n\n<h2 class=\"wp-block-heading\">IV Rocha Folk. Festival Folk Internacional<\/h2>\n\n\n\n<ul class=\"wp-block-list\">\n<li><strong>Venres 16 e s\u00e1bado 17 na ribeira de Caldelas<\/strong><\/li>\n\n\n\n<li>Organiza: Asociaci\u00f3n Cultural A Insua<\/li>\n<\/ul>\n\n\n\n<h2 class=\"wp-block-heading\">XXIX Festival de Bandas de M\u00fasica<\/h2>\n\n\n\n<ul class=\"wp-block-list\">\n<li><strong>Venres 23 \u00e1s 21 h na praza de San Fernando<\/strong><\/li>\n\n\n\n<li>Organiza: Banda de M\u00fasica Popular de Tui<\/li>\n<\/ul>\n\n\n\n<figure class=\"wp-block-image size-large\"><img loading=\"lazy\" decoding=\"async\" width=\"724\" height=\"1024\" src=\"https:\/\/www.anovapeneira.gal\/wp-content\/uploads\/2024\/07\/21062024-Programacion-Veran-Agosto-724x1024.jpg\" alt=\"\" class=\"wp-image-11998\" srcset=\"https:\/\/www.anovapeneira.gal\/wp-content\/uploads\/2024\/07\/21062024-Programacion-Veran-Agosto-724x1024.jpg 724w, https:\/\/www.anovapeneira.gal\/wp-content\/uploads\/2024\/07\/21062024-Programacion-Veran-Agosto-212x300.jpg 212w, https:\/\/www.anovapeneira.gal\/wp-content\/uploads\/2024\/07\/21062024-Programacion-Veran-Agosto-768x1086.jpg 768w, https:\/\/www.anovapeneira.gal\/wp-content\/uploads\/2024\/07\/21062024-Programacion-Veran-Agosto-1086x1536.jpg 1086w, https:\/\/www.anovapeneira.gal\/wp-content\/uploads\/2024\/07\/21062024-Programacion-Veran-Agosto.jpg 1241w\" sizes=\"auto, (max-width: 724px) 100vw, 724px\" \/><\/figure>\n","protected":false},"excerpt":{"rendered":"<div class=\"mh-excerpt\"><p>M\u00fasica en directo, concertos, festivais, cinema e gastronom\u00eda forman parte da programaci\u00f3n estival <a class=\"mh-excerpt-more\" href=\"https:\/\/www.anovapeneira.gal\/index.php\/2024\/07\/04\/tui-ofrece-un-veran-unico-para-gozar-na-rua\/\" title=\"Tui ofrece un ver\u00e1n \u00fanico para gozar na r\u00faa\">[&#8230;]<\/a><\/p>\n<\/div>","protected":false},"author":3,"featured_media":11999,"comment_status":"open","ping_status":"open","sticky":false,"template":"","format":"standard","meta":{"_exactmetrics_skip_tracking":false,"_exactmetrics_sitenote_active":false,"_exactmetrics_sitenote_note":"","_exactmetrics_sitenote_category":0,"footnotes":""},"categories":[21],"tags":[426],"class_list":{"0":"post-11997","1":"post","2":"type-post","3":"status-publish","4":"format-standard","5":"has-post-thumbnail","7":"category-baixo-mino","8":"tag-concello-de-tui"},"yoast_head":"<!-- This site is optimized with the Yoast SEO plugin v27.4 - https:\/\/yoast.com\/product\/yoast-seo-wordpress\/ -->\n<title>Tui ofrece un ver\u00e1n \u00fanico para gozar na r\u00faa -<\/title>\n<meta name=\"robots\" content=\"index, follow, max-snippet:-1, max-image-preview:large, max-video-preview:-1\" \/>\n<link rel=\"canonical\" href=\"https:\/\/www.anovapeneira.gal\/index.php\/2024\/07\/04\/tui-ofrece-un-veran-unico-para-gozar-na-rua\/\" \/>\n<meta property=\"og:locale\" content=\"gl_ES\" \/>\n<meta property=\"og:type\" content=\"article\" \/>\n<meta property=\"og:title\" content=\"Tui ofrece un ver\u00e1n \u00fanico para gozar na r\u00faa -\" \/>\n<meta property=\"og:description\" content=\"M\u00fasica en directo, concertos, festivais, cinema e gastronom\u00eda forman parte da programaci\u00f3n estival [...]\" \/>\n<meta property=\"og:url\" content=\"https:\/\/www.anovapeneira.gal\/index.php\/2024\/07\/04\/tui-ofrece-un-veran-unico-para-gozar-na-rua\/\" \/>\n<meta property=\"article:publisher\" content=\"https:\/\/www.facebook.com\/anovapeneira\" \/>\n<meta property=\"article:published_time\" content=\"2024-07-04T08:00:50+00:00\" \/>\n<meta property=\"og:image\" content=\"https:\/\/www.anovapeneira.gal\/wp-content\/uploads\/2024\/07\/programacion_vean_tui.jpg\" \/>\n\t<meta property=\"og:image:width\" content=\"720\" \/>\n\t<meta property=\"og:image:height\" content=\"432\" \/>\n\t<meta property=\"og:image:type\" content=\"image\/jpeg\" \/>\n<meta name=\"author\" content=\"Redacci\u00f3n A Nova Peneira\" \/>\n<meta name=\"twitter:card\" content=\"summary_large_image\" \/>\n<meta name=\"twitter:creator\" content=\"@APeneira\" \/>\n<meta name=\"twitter:site\" content=\"@APeneira\" \/>\n<meta name=\"twitter:label1\" content=\"Escrito por\" \/>\n\t<meta name=\"twitter:data1\" content=\"Redacci\u00f3n A Nova Peneira\" \/>\n\t<meta name=\"twitter:label2\" content=\"Tempo de lectura\" \/>\n\t<meta name=\"twitter:data2\" content=\"6 minutos\" \/>\n<script type=\"application\/ld+json\" class=\"yoast-schema-graph\">{\"@context\":\"https:\\\/\\\/schema.org\",\"@graph\":[{\"@type\":\"Article\",\"@id\":\"https:\\\/\\\/www.anovapeneira.gal\\\/index.php\\\/2024\\\/07\\\/04\\\/tui-ofrece-un-veran-unico-para-gozar-na-rua\\\/#article\",\"isPartOf\":{\"@id\":\"https:\\\/\\\/www.anovapeneira.gal\\\/index.php\\\/2024\\\/07\\\/04\\\/tui-ofrece-un-veran-unico-para-gozar-na-rua\\\/\"},\"author\":{\"name\":\"Redacci\u00f3n A Nova Peneira\",\"@id\":\"https:\\\/\\\/www.anovapeneira.gal\\\/#\\\/schema\\\/person\\\/b93e3f8932e3f8da96334607eb6ac6aa\"},\"headline\":\"Tui ofrece un ver\u00e1n \u00fanico para gozar na r\u00faa\",\"datePublished\":\"2024-07-04T08:00:50+00:00\",\"mainEntityOfPage\":{\"@id\":\"https:\\\/\\\/www.anovapeneira.gal\\\/index.php\\\/2024\\\/07\\\/04\\\/tui-ofrece-un-veran-unico-para-gozar-na-rua\\\/\"},\"wordCount\":1000,\"commentCount\":0,\"publisher\":{\"@id\":\"https:\\\/\\\/www.anovapeneira.gal\\\/#organization\"},\"image\":{\"@id\":\"https:\\\/\\\/www.anovapeneira.gal\\\/index.php\\\/2024\\\/07\\\/04\\\/tui-ofrece-un-veran-unico-para-gozar-na-rua\\\/#primaryimage\"},\"thumbnailUrl\":\"https:\\\/\\\/www.anovapeneira.gal\\\/wp-content\\\/uploads\\\/2024\\\/07\\\/programacion_vean_tui.jpg\",\"keywords\":[\"Concello de Tui\"],\"articleSection\":[\"Baixo Mi\u00f1o\"],\"inLanguage\":\"gl-ES\",\"potentialAction\":[{\"@type\":\"CommentAction\",\"name\":\"Comment\",\"target\":[\"https:\\\/\\\/www.anovapeneira.gal\\\/index.php\\\/2024\\\/07\\\/04\\\/tui-ofrece-un-veran-unico-para-gozar-na-rua\\\/#respond\"]}]},{\"@type\":\"WebPage\",\"@id\":\"https:\\\/\\\/www.anovapeneira.gal\\\/index.php\\\/2024\\\/07\\\/04\\\/tui-ofrece-un-veran-unico-para-gozar-na-rua\\\/\",\"url\":\"https:\\\/\\\/www.anovapeneira.gal\\\/index.php\\\/2024\\\/07\\\/04\\\/tui-ofrece-un-veran-unico-para-gozar-na-rua\\\/\",\"name\":\"Tui ofrece un ver\u00e1n \u00fanico para gozar na r\u00faa -\",\"isPartOf\":{\"@id\":\"https:\\\/\\\/www.anovapeneira.gal\\\/#website\"},\"primaryImageOfPage\":{\"@id\":\"https:\\\/\\\/www.anovapeneira.gal\\\/index.php\\\/2024\\\/07\\\/04\\\/tui-ofrece-un-veran-unico-para-gozar-na-rua\\\/#primaryimage\"},\"image\":{\"@id\":\"https:\\\/\\\/www.anovapeneira.gal\\\/index.php\\\/2024\\\/07\\\/04\\\/tui-ofrece-un-veran-unico-para-gozar-na-rua\\\/#primaryimage\"},\"thumbnailUrl\":\"https:\\\/\\\/www.anovapeneira.gal\\\/wp-content\\\/uploads\\\/2024\\\/07\\\/programacion_vean_tui.jpg\",\"datePublished\":\"2024-07-04T08:00:50+00:00\",\"breadcrumb\":{\"@id\":\"https:\\\/\\\/www.anovapeneira.gal\\\/index.php\\\/2024\\\/07\\\/04\\\/tui-ofrece-un-veran-unico-para-gozar-na-rua\\\/#breadcrumb\"},\"inLanguage\":\"gl-ES\",\"potentialAction\":[{\"@type\":\"ReadAction\",\"target\":[\"https:\\\/\\\/www.anovapeneira.gal\\\/index.php\\\/2024\\\/07\\\/04\\\/tui-ofrece-un-veran-unico-para-gozar-na-rua\\\/\"]}]},{\"@type\":\"ImageObject\",\"inLanguage\":\"gl-ES\",\"@id\":\"https:\\\/\\\/www.anovapeneira.gal\\\/index.php\\\/2024\\\/07\\\/04\\\/tui-ofrece-un-veran-unico-para-gozar-na-rua\\\/#primaryimage\",\"url\":\"https:\\\/\\\/www.anovapeneira.gal\\\/wp-content\\\/uploads\\\/2024\\\/07\\\/programacion_vean_tui.jpg\",\"contentUrl\":\"https:\\\/\\\/www.anovapeneira.gal\\\/wp-content\\\/uploads\\\/2024\\\/07\\\/programacion_vean_tui.jpg\",\"width\":720,\"height\":432,\"caption\":\"Programaci\u00f3n ver\u00e1n Concello de Vigo\"},{\"@type\":\"BreadcrumbList\",\"@id\":\"https:\\\/\\\/www.anovapeneira.gal\\\/index.php\\\/2024\\\/07\\\/04\\\/tui-ofrece-un-veran-unico-para-gozar-na-rua\\\/#breadcrumb\",\"itemListElement\":[{\"@type\":\"ListItem\",\"position\":1,\"name\":\"Portada\",\"item\":\"https:\\\/\\\/www.anovapeneira.gal\\\/\"},{\"@type\":\"ListItem\",\"position\":2,\"name\":\"Tui ofrece un ver\u00e1n \u00fanico para gozar na r\u00faa\"}]},{\"@type\":\"WebSite\",\"@id\":\"https:\\\/\\\/www.anovapeneira.gal\\\/#website\",\"url\":\"https:\\\/\\\/www.anovapeneira.gal\\\/\",\"name\":\"\",\"description\":\"Xornal galego de informaci\u00f3n xeral Publicaci\u00f3n mensual de novas de Galicia e en especial dos Concellos da sur da provincia de Pontevedra.\",\"publisher\":{\"@id\":\"https:\\\/\\\/www.anovapeneira.gal\\\/#organization\"},\"potentialAction\":[{\"@type\":\"SearchAction\",\"target\":{\"@type\":\"EntryPoint\",\"urlTemplate\":\"https:\\\/\\\/www.anovapeneira.gal\\\/?s={search_term_string}\"},\"query-input\":{\"@type\":\"PropertyValueSpecification\",\"valueRequired\":true,\"valueName\":\"search_term_string\"}}],\"inLanguage\":\"gl-ES\"},{\"@type\":\"Organization\",\"@id\":\"https:\\\/\\\/www.anovapeneira.gal\\\/#organization\",\"name\":\"A Nova Peneira\",\"url\":\"https:\\\/\\\/www.anovapeneira.gal\\\/\",\"logo\":{\"@type\":\"ImageObject\",\"inLanguage\":\"gl-ES\",\"@id\":\"https:\\\/\\\/www.anovapeneira.gal\\\/#\\\/schema\\\/logo\\\/image\\\/\",\"url\":\"http:\\\/\\\/www.anovapeneira.gal\\\/wp-content\\\/uploads\\\/2019\\\/06\\\/logo_a_nova_peneira_portal_web.png\",\"contentUrl\":\"http:\\\/\\\/www.anovapeneira.gal\\\/wp-content\\\/uploads\\\/2019\\\/06\\\/logo_a_nova_peneira_portal_web.png\",\"width\":300,\"height\":100,\"caption\":\"A Nova Peneira\"},\"image\":{\"@id\":\"https:\\\/\\\/www.anovapeneira.gal\\\/#\\\/schema\\\/logo\\\/image\\\/\"},\"sameAs\":[\"https:\\\/\\\/www.facebook.com\\\/anovapeneira\",\"https:\\\/\\\/x.com\\\/APeneira\"]},{\"@type\":\"Person\",\"@id\":\"https:\\\/\\\/www.anovapeneira.gal\\\/#\\\/schema\\\/person\\\/b93e3f8932e3f8da96334607eb6ac6aa\",\"name\":\"Redacci\u00f3n A Nova Peneira\",\"image\":{\"@type\":\"ImageObject\",\"inLanguage\":\"gl-ES\",\"@id\":\"https:\\\/\\\/secure.gravatar.com\\\/avatar\\\/c052a2551a06e23fac63626232eaa90abd78dbcf1700fc46a2b2c89fd27b735f?s=96&d=mm&r=g\",\"url\":\"https:\\\/\\\/secure.gravatar.com\\\/avatar\\\/c052a2551a06e23fac63626232eaa90abd78dbcf1700fc46a2b2c89fd27b735f?s=96&d=mm&r=g\",\"contentUrl\":\"https:\\\/\\\/secure.gravatar.com\\\/avatar\\\/c052a2551a06e23fac63626232eaa90abd78dbcf1700fc46a2b2c89fd27b735f?s=96&d=mm&r=g\",\"caption\":\"Redacci\u00f3n A Nova Peneira\"},\"sameAs\":[\"http:\\\/\\\/www.anovapeneira.gal\\\/\"],\"url\":\"https:\\\/\\\/www.anovapeneira.gal\\\/index.php\\\/author\\\/redactor\\\/\"}]}<\/script>\n<!-- \/ Yoast SEO plugin. -->","yoast_head_json":{"title":"Tui ofrece un ver\u00e1n \u00fanico para gozar na r\u00faa -","robots":{"index":"index","follow":"follow","max-snippet":"max-snippet:-1","max-image-preview":"max-image-preview:large","max-video-preview":"max-video-preview:-1"},"canonical":"https:\/\/www.anovapeneira.gal\/index.php\/2024\/07\/04\/tui-ofrece-un-veran-unico-para-gozar-na-rua\/","og_locale":"gl_ES","og_type":"article","og_title":"Tui ofrece un ver\u00e1n \u00fanico para gozar na r\u00faa -","og_description":"M\u00fasica en directo, concertos, festivais, cinema e gastronom\u00eda forman parte da programaci\u00f3n estival [...]","og_url":"https:\/\/www.anovapeneira.gal\/index.php\/2024\/07\/04\/tui-ofrece-un-veran-unico-para-gozar-na-rua\/","article_publisher":"https:\/\/www.facebook.com\/anovapeneira","article_published_time":"2024-07-04T08:00:50+00:00","og_image":[{"width":720,"height":432,"url":"https:\/\/www.anovapeneira.gal\/wp-content\/uploads\/2024\/07\/programacion_vean_tui.jpg","type":"image\/jpeg"}],"author":"Redacci\u00f3n A Nova Peneira","twitter_card":"summary_large_image","twitter_creator":"@APeneira","twitter_site":"@APeneira","twitter_misc":{"Escrito por":"Redacci\u00f3n A Nova Peneira","Tempo de lectura":"6 minutos"},"schema":{"@context":"https:\/\/schema.org","@graph":[{"@type":"Article","@id":"https:\/\/www.anovapeneira.gal\/index.php\/2024\/07\/04\/tui-ofrece-un-veran-unico-para-gozar-na-rua\/#article","isPartOf":{"@id":"https:\/\/www.anovapeneira.gal\/index.php\/2024\/07\/04\/tui-ofrece-un-veran-unico-para-gozar-na-rua\/"},"author":{"name":"Redacci\u00f3n A Nova Peneira","@id":"https:\/\/www.anovapeneira.gal\/#\/schema\/person\/b93e3f8932e3f8da96334607eb6ac6aa"},"headline":"Tui ofrece un ver\u00e1n \u00fanico para gozar na r\u00faa","datePublished":"2024-07-04T08:00:50+00:00","mainEntityOfPage":{"@id":"https:\/\/www.anovapeneira.gal\/index.php\/2024\/07\/04\/tui-ofrece-un-veran-unico-para-gozar-na-rua\/"},"wordCount":1000,"commentCount":0,"publisher":{"@id":"https:\/\/www.anovapeneira.gal\/#organization"},"image":{"@id":"https:\/\/www.anovapeneira.gal\/index.php\/2024\/07\/04\/tui-ofrece-un-veran-unico-para-gozar-na-rua\/#primaryimage"},"thumbnailUrl":"https:\/\/www.anovapeneira.gal\/wp-content\/uploads\/2024\/07\/programacion_vean_tui.jpg","keywords":["Concello de Tui"],"articleSection":["Baixo Mi\u00f1o"],"inLanguage":"gl-ES","potentialAction":[{"@type":"CommentAction","name":"Comment","target":["https:\/\/www.anovapeneira.gal\/index.php\/2024\/07\/04\/tui-ofrece-un-veran-unico-para-gozar-na-rua\/#respond"]}]},{"@type":"WebPage","@id":"https:\/\/www.anovapeneira.gal\/index.php\/2024\/07\/04\/tui-ofrece-un-veran-unico-para-gozar-na-rua\/","url":"https:\/\/www.anovapeneira.gal\/index.php\/2024\/07\/04\/tui-ofrece-un-veran-unico-para-gozar-na-rua\/","name":"Tui ofrece un ver\u00e1n \u00fanico para gozar na r\u00faa -","isPartOf":{"@id":"https:\/\/www.anovapeneira.gal\/#website"},"primaryImageOfPage":{"@id":"https:\/\/www.anovapeneira.gal\/index.php\/2024\/07\/04\/tui-ofrece-un-veran-unico-para-gozar-na-rua\/#primaryimage"},"image":{"@id":"https:\/\/www.anovapeneira.gal\/index.php\/2024\/07\/04\/tui-ofrece-un-veran-unico-para-gozar-na-rua\/#primaryimage"},"thumbnailUrl":"https:\/\/www.anovapeneira.gal\/wp-content\/uploads\/2024\/07\/programacion_vean_tui.jpg","datePublished":"2024-07-04T08:00:50+00:00","breadcrumb":{"@id":"https:\/\/www.anovapeneira.gal\/index.php\/2024\/07\/04\/tui-ofrece-un-veran-unico-para-gozar-na-rua\/#breadcrumb"},"inLanguage":"gl-ES","potentialAction":[{"@type":"ReadAction","target":["https:\/\/www.anovapeneira.gal\/index.php\/2024\/07\/04\/tui-ofrece-un-veran-unico-para-gozar-na-rua\/"]}]},{"@type":"ImageObject","inLanguage":"gl-ES","@id":"https:\/\/www.anovapeneira.gal\/index.php\/2024\/07\/04\/tui-ofrece-un-veran-unico-para-gozar-na-rua\/#primaryimage","url":"https:\/\/www.anovapeneira.gal\/wp-content\/uploads\/2024\/07\/programacion_vean_tui.jpg","contentUrl":"https:\/\/www.anovapeneira.gal\/wp-content\/uploads\/2024\/07\/programacion_vean_tui.jpg","width":720,"height":432,"caption":"Programaci\u00f3n ver\u00e1n Concello de Vigo"},{"@type":"BreadcrumbList","@id":"https:\/\/www.anovapeneira.gal\/index.php\/2024\/07\/04\/tui-ofrece-un-veran-unico-para-gozar-na-rua\/#breadcrumb","itemListElement":[{"@type":"ListItem","position":1,"name":"Portada","item":"https:\/\/www.anovapeneira.gal\/"},{"@type":"ListItem","position":2,"name":"Tui ofrece un ver\u00e1n \u00fanico para gozar na r\u00faa"}]},{"@type":"WebSite","@id":"https:\/\/www.anovapeneira.gal\/#website","url":"https:\/\/www.anovapeneira.gal\/","name":"","description":"Xornal galego de informaci\u00f3n xeral Publicaci\u00f3n mensual de novas de Galicia e en especial dos Concellos da sur da provincia de Pontevedra.","publisher":{"@id":"https:\/\/www.anovapeneira.gal\/#organization"},"potentialAction":[{"@type":"SearchAction","target":{"@type":"EntryPoint","urlTemplate":"https:\/\/www.anovapeneira.gal\/?s={search_term_string}"},"query-input":{"@type":"PropertyValueSpecification","valueRequired":true,"valueName":"search_term_string"}}],"inLanguage":"gl-ES"},{"@type":"Organization","@id":"https:\/\/www.anovapeneira.gal\/#organization","name":"A Nova Peneira","url":"https:\/\/www.anovapeneira.gal\/","logo":{"@type":"ImageObject","inLanguage":"gl-ES","@id":"https:\/\/www.anovapeneira.gal\/#\/schema\/logo\/image\/","url":"http:\/\/www.anovapeneira.gal\/wp-content\/uploads\/2019\/06\/logo_a_nova_peneira_portal_web.png","contentUrl":"http:\/\/www.anovapeneira.gal\/wp-content\/uploads\/2019\/06\/logo_a_nova_peneira_portal_web.png","width":300,"height":100,"caption":"A Nova Peneira"},"image":{"@id":"https:\/\/www.anovapeneira.gal\/#\/schema\/logo\/image\/"},"sameAs":["https:\/\/www.facebook.com\/anovapeneira","https:\/\/x.com\/APeneira"]},{"@type":"Person","@id":"https:\/\/www.anovapeneira.gal\/#\/schema\/person\/b93e3f8932e3f8da96334607eb6ac6aa","name":"Redacci\u00f3n A Nova Peneira","image":{"@type":"ImageObject","inLanguage":"gl-ES","@id":"https:\/\/secure.gravatar.com\/avatar\/c052a2551a06e23fac63626232eaa90abd78dbcf1700fc46a2b2c89fd27b735f?s=96&d=mm&r=g","url":"https:\/\/secure.gravatar.com\/avatar\/c052a2551a06e23fac63626232eaa90abd78dbcf1700fc46a2b2c89fd27b735f?s=96&d=mm&r=g","contentUrl":"https:\/\/secure.gravatar.com\/avatar\/c052a2551a06e23fac63626232eaa90abd78dbcf1700fc46a2b2c89fd27b735f?s=96&d=mm&r=g","caption":"Redacci\u00f3n A Nova Peneira"},"sameAs":["http:\/\/www.anovapeneira.gal\/"],"url":"https:\/\/www.anovapeneira.gal\/index.php\/author\/redactor\/"}]}},"jetpack_featured_media_url":"https:\/\/www.anovapeneira.gal\/wp-content\/uploads\/2024\/07\/programacion_vean_tui.jpg","_links":{"self":[{"href":"https:\/\/www.anovapeneira.gal\/index.php\/wp-json\/wp\/v2\/posts\/11997","targetHints":{"allow":["GET"]}}],"collection":[{"href":"https:\/\/www.anovapeneira.gal\/index.php\/wp-json\/wp\/v2\/posts"}],"about":[{"href":"https:\/\/www.anovapeneira.gal\/index.php\/wp-json\/wp\/v2\/types\/post"}],"author":[{"embeddable":true,"href":"https:\/\/www.anovapeneira.gal\/index.php\/wp-json\/wp\/v2\/users\/3"}],"replies":[{"embeddable":true,"href":"https:\/\/www.anovapeneira.gal\/index.php\/wp-json\/wp\/v2\/comments?post=11997"}],"version-history":[{"count":1,"href":"https:\/\/www.anovapeneira.gal\/index.php\/wp-json\/wp\/v2\/posts\/11997\/revisions"}],"predecessor-version":[{"id":12000,"href":"https:\/\/www.anovapeneira.gal\/index.php\/wp-json\/wp\/v2\/posts\/11997\/revisions\/12000"}],"wp:featuredmedia":[{"embeddable":true,"href":"https:\/\/www.anovapeneira.gal\/index.php\/wp-json\/wp\/v2\/media\/11999"}],"wp:attachment":[{"href":"https:\/\/www.anovapeneira.gal\/index.php\/wp-json\/wp\/v2\/media?parent=11997"}],"wp:term":[{"taxonomy":"category","embeddable":true,"href":"https:\/\/www.anovapeneira.gal\/index.php\/wp-json\/wp\/v2\/categories?post=11997"},{"taxonomy":"post_tag","embeddable":true,"href":"https:\/\/www.anovapeneira.gal\/index.php\/wp-json\/wp\/v2\/tags?post=11997"}],"curies":[{"name":"wp","href":"https:\/\/api.w.org\/{rel}","templated":true}]}}