{"id":12013,"date":"2024-07-08T10:00:28","date_gmt":"2024-07-08T08:00:28","guid":{"rendered":"https:\/\/www.anovapeneira.gal\/?p=12013"},"modified":"2024-07-03T12:42:51","modified_gmt":"2024-07-03T10:42:51","slug":"buscando-local-para-a-sede-social-da-asociacion-vecinal-de-fornelos-e-lourido","status":"publish","type":"post","link":"https:\/\/www.anovapeneira.gal\/index.php\/2024\/07\/08\/buscando-local-para-a-sede-social-da-asociacion-vecinal-de-fornelos-e-lourido\/","title":{"rendered":"Buscando local para a sede social da asociaci\u00f3n veci\u00f1al de Fornelos e Lourido"},"content":{"rendered":"\n<p>Se leva tempo buscando un local, para a sede social da Asociaci\u00f3n Cultural e Veci\u00f1al de Fornelos e Lourido, sen resultado positivo, para que sirva de motor as iniciativas sociais e culturais da mesma. Por falta de local, non se pode mellorar as relaci\u00f3ns sociais, nin participar dunha mellor capacidade de vida cos veci\u00f1os, nin potenciar a creaci\u00f3n de boas relaci\u00f3ns entre o Concello de Salvaterra do Mi\u00f1o, nin ter servizos para o tecido social, capaz de facilitar os procesos democr\u00e1ticos de participaci\u00f3n e inclusi\u00f3n social. A falta da Sede Social, evidencia a falta de compromiso do Concello de Salvaterra coa participaci\u00f3n cidad\u00e1, que debera de proporcionar dependencias \u2013 como as\u00ed o fan outros concellos \u2013, para que os cidad\u00e1ns poidan participar nas acci\u00f3ns organizativas da Asociaci\u00f3n Veci\u00f1al, mais al\u00f3 dos aspectos legais, polo importante que \u00e9 na parroquia, para a realizaci\u00f3n de actividades, lugar de encontro, promoci\u00f3n e participaci\u00f3n activa dos veci\u00f1os e seus respectivos lugares da parroquia.<\/p>\n\n\n\n<p>Fornelos da Ribeira e Lourido, como anexo, historicamente, sempre tiveron moitas ganas de tomar parte nos procesos de participaci\u00f3n noutros tempos, organizando actividades e creando ilusi\u00f3n nas xentes. E pedimos o Concello de Salvaterra, axuda necesaria para a localizaci\u00f3n, ou en su caso, construci\u00f3n da Sede Social, como elemento de uni\u00f3n, con obxectivos espec\u00edficos, para poder estimular a creatividade, participar en cantas actividades culturais, teatro, m\u00fasica, recitais, certames literarios e outras iniciativas propias en familia, romar\u00edas e festas populares.<\/p>\n\n\n\n<p>Informaci\u00f3n e orientaci\u00f3n de actividades e servizos b\u00e1sicos, potenciar valores como o civismo e respecto o entorno, o estar situado nun local adecuado para a realizaci\u00f3n de todas as actividades que os veci\u00f1os reclaman.<\/p>\n\n\n\n<p>Necesitamos un local que enlace os veci\u00f1os coa Asociaci\u00f3n e Concello. Un proxecto de acceso a internet gratu\u00edto, local para o desenrolo de actividades tradicionais, onde se poidan facer cursos de pintura, lectura con biblioteca, sal\u00f3n de actos, para a realizaci\u00f3n de charlas, conferencias, con espazos para os xoves, sala de convivencia e actividades infant\u00eds.<\/p>\n\n\n\n<p>Necesitamos para elo, axuda e subvenci\u00f3ns, tanto a nivel local, como municipal e da Deputaci\u00f3n e Xunta de Galicia, para satisfacer os socios e veci\u00f1os en xeral, dun local preparado para os diversos usos: Sal\u00f3n de Actos, sala de actividades, sala de lectura e ordenadores, esperando do Concello de Salvaterra, Deputaci\u00f3n e Xunta de Galicia, aporten economicamente a axuda necesaria, para obter o local social, tan necesario como importante, ante tantos inconvenientes, para po\u00f1er en marcha esta iniciativa orientada a apoiarse no traballo e non vivir de prestado,baixo a Carballeira das Fragui\u00f1as, tantos anos. Necesitamos prioritariamente un local, sexa alugado ou en construci\u00f3n, para tecer diversidade, convivencia, solidariedade veci\u00f1al, e impulsar o respecto entre os veci\u00f1os e veci\u00f1as que viven na parroquia. Eu me sinto avergo\u00f1ado observando como a desidia, e o abandono do patrimonio hist\u00f3rico da parroquia se perdeu; como os dereitos do Concello de Fornelos que lle asist\u00edan tam\u00e9n se perderon. Como se perderon os dereitos da Escola de Nenos, no Casco, e como o ben patrimonial da Escola de Nenas, desapareceu, por obra e graza do abandono dos veci\u00f1os que non souberon defendelo, am\u00e9n da sede social do sindicato El Progreso, convertido en ni\u00f1o de paxaros, por obra e graza dos seus propietarios. E do Concello de Salvaterra, que non pretende resolvelo en favor da Asociaci\u00f3n Cultural e Veci\u00f1al,de Fornelos e Lourido, para que siga baixo o paraugas da Carballeira das Fragui\u00f1as, para as s\u00faas reuni\u00f3ns sociais. Vergo\u00f1a me da, como veci\u00f1as e veci\u00f1os se contentan coa Carne o Caldeiro, cada ano e nada mais. E non sei si tocar\u00e1 este<br>ano ou non, pero o que me parece raro \u00e9 a falta de intelixencia \u2013 non de agora \u2013 daqueles homes da Concordia e Juventud Progresista, para votar andar, como Deus manda, esta realidade ap\u00e1tica, por moito que loiten os compo\u00f1entes directivos, si non hai mais que ignorancia e trampas pol\u00edticas para non buscarlle unha soluci\u00f3n a Sede Social da Asociaci\u00f3n.<\/p>\n\n\n\n<pre class=\"wp-block-verse\">Manuel Alfonso Est\u00e9vez, fillo de Fornelos<\/pre>\n","protected":false},"excerpt":{"rendered":"<div class=\"mh-excerpt\"><p>Se leva tempo buscando un local, para a sede social da Asociaci\u00f3n Cultural e Veci\u00f1al de Fornelos e Lourido, sen resultado positivo, para que sirva de motor as iniciativas sociais e culturais da mesma <a class=\"mh-excerpt-more\" href=\"https:\/\/www.anovapeneira.gal\/index.php\/2024\/07\/08\/buscando-local-para-a-sede-social-da-asociacion-vecinal-de-fornelos-e-lourido\/\" title=\"Buscando local para a sede social da asociaci\u00f3n veci\u00f1al de Fornelos e Lourido\">[&#8230;]<\/a><\/p>\n<\/div>","protected":false},"author":40,"featured_media":5108,"comment_status":"open","ping_status":"open","sticky":false,"template":"","format":"standard","meta":{"_exactmetrics_skip_tracking":false,"_exactmetrics_sitenote_active":false,"_exactmetrics_sitenote_note":"","_exactmetrics_sitenote_category":0,"footnotes":""},"categories":[7],"tags":[958],"class_list":{"0":"post-12013","1":"post","2":"type-post","3":"status-publish","4":"format-standard","5":"has-post-thumbnail","7":"category-artigos-de-opinion","8":"tag-concello-salvaterra-de-mino"},"yoast_head":"<!-- This site is optimized with the Yoast SEO plugin v27.4 - https:\/\/yoast.com\/product\/yoast-seo-wordpress\/ -->\n<title>Buscando local para a sede social da asociaci\u00f3n veci\u00f1al de Fornelos e Lourido -<\/title>\n<meta name=\"robots\" content=\"index, follow, max-snippet:-1, max-image-preview:large, max-video-preview:-1\" \/>\n<link rel=\"canonical\" href=\"https:\/\/www.anovapeneira.gal\/index.php\/2024\/07\/08\/buscando-local-para-a-sede-social-da-asociacion-vecinal-de-fornelos-e-lourido\/\" \/>\n<meta property=\"og:locale\" content=\"gl_ES\" \/>\n<meta property=\"og:type\" content=\"article\" \/>\n<meta property=\"og:title\" content=\"Buscando local para a sede social da asociaci\u00f3n veci\u00f1al de Fornelos e Lourido -\" \/>\n<meta property=\"og:description\" content=\"Se leva tempo buscando un local, para a sede social da Asociaci\u00f3n Cultural e Veci\u00f1al de Fornelos e Lourido, sen resultado positivo, para que sirva de motor as iniciativas sociais e culturais da mesma [...]\" \/>\n<meta property=\"og:url\" content=\"https:\/\/www.anovapeneira.gal\/index.php\/2024\/07\/08\/buscando-local-para-a-sede-social-da-asociacion-vecinal-de-fornelos-e-lourido\/\" \/>\n<meta property=\"article:publisher\" content=\"https:\/\/www.facebook.com\/anovapeneira\" \/>\n<meta property=\"article:published_time\" content=\"2024-07-08T08:00:28+00:00\" \/>\n<meta property=\"og:image\" content=\"https:\/\/www.anovapeneira.gal\/wp-content\/uploads\/2021\/03\/manuel_alfonso_estevez.jpg\" \/>\n\t<meta property=\"og:image:width\" content=\"720\" \/>\n\t<meta property=\"og:image:height\" content=\"432\" \/>\n\t<meta property=\"og:image:type\" content=\"image\/jpeg\" \/>\n<meta name=\"author\" content=\"Manuel Alfonso Est\u00e9vez\" \/>\n<meta name=\"twitter:card\" content=\"summary_large_image\" \/>\n<meta name=\"twitter:creator\" content=\"@APeneira\" \/>\n<meta name=\"twitter:site\" content=\"@APeneira\" \/>\n<meta name=\"twitter:label1\" content=\"Escrito por\" \/>\n\t<meta name=\"twitter:data1\" content=\"Manuel Alfonso Est\u00e9vez\" \/>\n\t<meta name=\"twitter:label2\" content=\"Tempo de lectura\" \/>\n\t<meta name=\"twitter:data2\" content=\"4 minutos\" \/>\n<script type=\"application\/ld+json\" class=\"yoast-schema-graph\">{\"@context\":\"https:\\\/\\\/schema.org\",\"@graph\":[{\"@type\":\"Article\",\"@id\":\"https:\\\/\\\/www.anovapeneira.gal\\\/index.php\\\/2024\\\/07\\\/08\\\/buscando-local-para-a-sede-social-da-asociacion-vecinal-de-fornelos-e-lourido\\\/#article\",\"isPartOf\":{\"@id\":\"https:\\\/\\\/www.anovapeneira.gal\\\/index.php\\\/2024\\\/07\\\/08\\\/buscando-local-para-a-sede-social-da-asociacion-vecinal-de-fornelos-e-lourido\\\/\"},\"author\":{\"name\":\"Manuel Alfonso Est\u00e9vez\",\"@id\":\"https:\\\/\\\/www.anovapeneira.gal\\\/#\\\/schema\\\/person\\\/6561b93d53e7a32f5d814768163bae2a\"},\"headline\":\"Buscando local para a sede social da asociaci\u00f3n veci\u00f1al de Fornelos e Lourido\",\"datePublished\":\"2024-07-08T08:00:28+00:00\",\"mainEntityOfPage\":{\"@id\":\"https:\\\/\\\/www.anovapeneira.gal\\\/index.php\\\/2024\\\/07\\\/08\\\/buscando-local-para-a-sede-social-da-asociacion-vecinal-de-fornelos-e-lourido\\\/\"},\"wordCount\":731,\"commentCount\":0,\"publisher\":{\"@id\":\"https:\\\/\\\/www.anovapeneira.gal\\\/#organization\"},\"image\":{\"@id\":\"https:\\\/\\\/www.anovapeneira.gal\\\/index.php\\\/2024\\\/07\\\/08\\\/buscando-local-para-a-sede-social-da-asociacion-vecinal-de-fornelos-e-lourido\\\/#primaryimage\"},\"thumbnailUrl\":\"https:\\\/\\\/www.anovapeneira.gal\\\/wp-content\\\/uploads\\\/2021\\\/03\\\/manuel_alfonso_estevez.jpg\",\"keywords\":[\"Concello Salvaterra de Mi\u00f1o\"],\"articleSection\":[\"Artigos de opini\u00f3n\"],\"inLanguage\":\"gl-ES\",\"potentialAction\":[{\"@type\":\"CommentAction\",\"name\":\"Comment\",\"target\":[\"https:\\\/\\\/www.anovapeneira.gal\\\/index.php\\\/2024\\\/07\\\/08\\\/buscando-local-para-a-sede-social-da-asociacion-vecinal-de-fornelos-e-lourido\\\/#respond\"]}]},{\"@type\":\"WebPage\",\"@id\":\"https:\\\/\\\/www.anovapeneira.gal\\\/index.php\\\/2024\\\/07\\\/08\\\/buscando-local-para-a-sede-social-da-asociacion-vecinal-de-fornelos-e-lourido\\\/\",\"url\":\"https:\\\/\\\/www.anovapeneira.gal\\\/index.php\\\/2024\\\/07\\\/08\\\/buscando-local-para-a-sede-social-da-asociacion-vecinal-de-fornelos-e-lourido\\\/\",\"name\":\"Buscando local para a sede social da asociaci\u00f3n veci\u00f1al de Fornelos e Lourido -\",\"isPartOf\":{\"@id\":\"https:\\\/\\\/www.anovapeneira.gal\\\/#website\"},\"primaryImageOfPage\":{\"@id\":\"https:\\\/\\\/www.anovapeneira.gal\\\/index.php\\\/2024\\\/07\\\/08\\\/buscando-local-para-a-sede-social-da-asociacion-vecinal-de-fornelos-e-lourido\\\/#primaryimage\"},\"image\":{\"@id\":\"https:\\\/\\\/www.anovapeneira.gal\\\/index.php\\\/2024\\\/07\\\/08\\\/buscando-local-para-a-sede-social-da-asociacion-vecinal-de-fornelos-e-lourido\\\/#primaryimage\"},\"thumbnailUrl\":\"https:\\\/\\\/www.anovapeneira.gal\\\/wp-content\\\/uploads\\\/2021\\\/03\\\/manuel_alfonso_estevez.jpg\",\"datePublished\":\"2024-07-08T08:00:28+00:00\",\"breadcrumb\":{\"@id\":\"https:\\\/\\\/www.anovapeneira.gal\\\/index.php\\\/2024\\\/07\\\/08\\\/buscando-local-para-a-sede-social-da-asociacion-vecinal-de-fornelos-e-lourido\\\/#breadcrumb\"},\"inLanguage\":\"gl-ES\",\"potentialAction\":[{\"@type\":\"ReadAction\",\"target\":[\"https:\\\/\\\/www.anovapeneira.gal\\\/index.php\\\/2024\\\/07\\\/08\\\/buscando-local-para-a-sede-social-da-asociacion-vecinal-de-fornelos-e-lourido\\\/\"]}]},{\"@type\":\"ImageObject\",\"inLanguage\":\"gl-ES\",\"@id\":\"https:\\\/\\\/www.anovapeneira.gal\\\/index.php\\\/2024\\\/07\\\/08\\\/buscando-local-para-a-sede-social-da-asociacion-vecinal-de-fornelos-e-lourido\\\/#primaryimage\",\"url\":\"https:\\\/\\\/www.anovapeneira.gal\\\/wp-content\\\/uploads\\\/2021\\\/03\\\/manuel_alfonso_estevez.jpg\",\"contentUrl\":\"https:\\\/\\\/www.anovapeneira.gal\\\/wp-content\\\/uploads\\\/2021\\\/03\\\/manuel_alfonso_estevez.jpg\",\"width\":720,\"height\":432,\"caption\":\"Manuel Alfonso Est\u00e9vez. Historia viva de Fornelos da Ribeira\"},{\"@type\":\"BreadcrumbList\",\"@id\":\"https:\\\/\\\/www.anovapeneira.gal\\\/index.php\\\/2024\\\/07\\\/08\\\/buscando-local-para-a-sede-social-da-asociacion-vecinal-de-fornelos-e-lourido\\\/#breadcrumb\",\"itemListElement\":[{\"@type\":\"ListItem\",\"position\":1,\"name\":\"Portada\",\"item\":\"https:\\\/\\\/www.anovapeneira.gal\\\/\"},{\"@type\":\"ListItem\",\"position\":2,\"name\":\"Buscando local para a sede social da asociaci\u00f3n veci\u00f1al de Fornelos e Lourido\"}]},{\"@type\":\"WebSite\",\"@id\":\"https:\\\/\\\/www.anovapeneira.gal\\\/#website\",\"url\":\"https:\\\/\\\/www.anovapeneira.gal\\\/\",\"name\":\"\",\"description\":\"Xornal galego de informaci\u00f3n xeral Publicaci\u00f3n mensual de novas de Galicia e en especial dos Concellos da sur da provincia de Pontevedra.\",\"publisher\":{\"@id\":\"https:\\\/\\\/www.anovapeneira.gal\\\/#organization\"},\"potentialAction\":[{\"@type\":\"SearchAction\",\"target\":{\"@type\":\"EntryPoint\",\"urlTemplate\":\"https:\\\/\\\/www.anovapeneira.gal\\\/?s={search_term_string}\"},\"query-input\":{\"@type\":\"PropertyValueSpecification\",\"valueRequired\":true,\"valueName\":\"search_term_string\"}}],\"inLanguage\":\"gl-ES\"},{\"@type\":\"Organization\",\"@id\":\"https:\\\/\\\/www.anovapeneira.gal\\\/#organization\",\"name\":\"A Nova Peneira\",\"url\":\"https:\\\/\\\/www.anovapeneira.gal\\\/\",\"logo\":{\"@type\":\"ImageObject\",\"inLanguage\":\"gl-ES\",\"@id\":\"https:\\\/\\\/www.anovapeneira.gal\\\/#\\\/schema\\\/logo\\\/image\\\/\",\"url\":\"http:\\\/\\\/www.anovapeneira.gal\\\/wp-content\\\/uploads\\\/2019\\\/06\\\/logo_a_nova_peneira_portal_web.png\",\"contentUrl\":\"http:\\\/\\\/www.anovapeneira.gal\\\/wp-content\\\/uploads\\\/2019\\\/06\\\/logo_a_nova_peneira_portal_web.png\",\"width\":300,\"height\":100,\"caption\":\"A Nova Peneira\"},\"image\":{\"@id\":\"https:\\\/\\\/www.anovapeneira.gal\\\/#\\\/schema\\\/logo\\\/image\\\/\"},\"sameAs\":[\"https:\\\/\\\/www.facebook.com\\\/anovapeneira\",\"https:\\\/\\\/x.com\\\/APeneira\"]},{\"@type\":\"Person\",\"@id\":\"https:\\\/\\\/www.anovapeneira.gal\\\/#\\\/schema\\\/person\\\/6561b93d53e7a32f5d814768163bae2a\",\"name\":\"Manuel Alfonso Est\u00e9vez\",\"image\":{\"@type\":\"ImageObject\",\"inLanguage\":\"gl-ES\",\"@id\":\"https:\\\/\\\/secure.gravatar.com\\\/avatar\\\/f5d3e86603a02dabc520fdacad8691552cb5b3b57ede8828ababc7095c054594?s=96&d=mm&r=g\",\"url\":\"https:\\\/\\\/secure.gravatar.com\\\/avatar\\\/f5d3e86603a02dabc520fdacad8691552cb5b3b57ede8828ababc7095c054594?s=96&d=mm&r=g\",\"contentUrl\":\"https:\\\/\\\/secure.gravatar.com\\\/avatar\\\/f5d3e86603a02dabc520fdacad8691552cb5b3b57ede8828ababc7095c054594?s=96&d=mm&r=g\",\"caption\":\"Manuel Alfonso Est\u00e9vez\"},\"url\":\"https:\\\/\\\/www.anovapeneira.gal\\\/index.php\\\/author\\\/manuelalfonso\\\/\"}]}<\/script>\n<!-- \/ Yoast SEO plugin. -->","yoast_head_json":{"title":"Buscando local para a sede social da asociaci\u00f3n veci\u00f1al de Fornelos e Lourido -","robots":{"index":"index","follow":"follow","max-snippet":"max-snippet:-1","max-image-preview":"max-image-preview:large","max-video-preview":"max-video-preview:-1"},"canonical":"https:\/\/www.anovapeneira.gal\/index.php\/2024\/07\/08\/buscando-local-para-a-sede-social-da-asociacion-vecinal-de-fornelos-e-lourido\/","og_locale":"gl_ES","og_type":"article","og_title":"Buscando local para a sede social da asociaci\u00f3n veci\u00f1al de Fornelos e Lourido -","og_description":"Se leva tempo buscando un local, para a sede social da Asociaci\u00f3n Cultural e Veci\u00f1al de Fornelos e Lourido, sen resultado positivo, para que sirva de motor as iniciativas sociais e culturais da mesma [...]","og_url":"https:\/\/www.anovapeneira.gal\/index.php\/2024\/07\/08\/buscando-local-para-a-sede-social-da-asociacion-vecinal-de-fornelos-e-lourido\/","article_publisher":"https:\/\/www.facebook.com\/anovapeneira","article_published_time":"2024-07-08T08:00:28+00:00","og_image":[{"width":720,"height":432,"url":"https:\/\/www.anovapeneira.gal\/wp-content\/uploads\/2021\/03\/manuel_alfonso_estevez.jpg","type":"image\/jpeg"}],"author":"Manuel Alfonso Est\u00e9vez","twitter_card":"summary_large_image","twitter_creator":"@APeneira","twitter_site":"@APeneira","twitter_misc":{"Escrito por":"Manuel Alfonso Est\u00e9vez","Tempo de lectura":"4 minutos"},"schema":{"@context":"https:\/\/schema.org","@graph":[{"@type":"Article","@id":"https:\/\/www.anovapeneira.gal\/index.php\/2024\/07\/08\/buscando-local-para-a-sede-social-da-asociacion-vecinal-de-fornelos-e-lourido\/#article","isPartOf":{"@id":"https:\/\/www.anovapeneira.gal\/index.php\/2024\/07\/08\/buscando-local-para-a-sede-social-da-asociacion-vecinal-de-fornelos-e-lourido\/"},"author":{"name":"Manuel Alfonso Est\u00e9vez","@id":"https:\/\/www.anovapeneira.gal\/#\/schema\/person\/6561b93d53e7a32f5d814768163bae2a"},"headline":"Buscando local para a sede social da asociaci\u00f3n veci\u00f1al de Fornelos e Lourido","datePublished":"2024-07-08T08:00:28+00:00","mainEntityOfPage":{"@id":"https:\/\/www.anovapeneira.gal\/index.php\/2024\/07\/08\/buscando-local-para-a-sede-social-da-asociacion-vecinal-de-fornelos-e-lourido\/"},"wordCount":731,"commentCount":0,"publisher":{"@id":"https:\/\/www.anovapeneira.gal\/#organization"},"image":{"@id":"https:\/\/www.anovapeneira.gal\/index.php\/2024\/07\/08\/buscando-local-para-a-sede-social-da-asociacion-vecinal-de-fornelos-e-lourido\/#primaryimage"},"thumbnailUrl":"https:\/\/www.anovapeneira.gal\/wp-content\/uploads\/2021\/03\/manuel_alfonso_estevez.jpg","keywords":["Concello Salvaterra de Mi\u00f1o"],"articleSection":["Artigos de opini\u00f3n"],"inLanguage":"gl-ES","potentialAction":[{"@type":"CommentAction","name":"Comment","target":["https:\/\/www.anovapeneira.gal\/index.php\/2024\/07\/08\/buscando-local-para-a-sede-social-da-asociacion-vecinal-de-fornelos-e-lourido\/#respond"]}]},{"@type":"WebPage","@id":"https:\/\/www.anovapeneira.gal\/index.php\/2024\/07\/08\/buscando-local-para-a-sede-social-da-asociacion-vecinal-de-fornelos-e-lourido\/","url":"https:\/\/www.anovapeneira.gal\/index.php\/2024\/07\/08\/buscando-local-para-a-sede-social-da-asociacion-vecinal-de-fornelos-e-lourido\/","name":"Buscando local para a sede social da asociaci\u00f3n veci\u00f1al de Fornelos e Lourido -","isPartOf":{"@id":"https:\/\/www.anovapeneira.gal\/#website"},"primaryImageOfPage":{"@id":"https:\/\/www.anovapeneira.gal\/index.php\/2024\/07\/08\/buscando-local-para-a-sede-social-da-asociacion-vecinal-de-fornelos-e-lourido\/#primaryimage"},"image":{"@id":"https:\/\/www.anovapeneira.gal\/index.php\/2024\/07\/08\/buscando-local-para-a-sede-social-da-asociacion-vecinal-de-fornelos-e-lourido\/#primaryimage"},"thumbnailUrl":"https:\/\/www.anovapeneira.gal\/wp-content\/uploads\/2021\/03\/manuel_alfonso_estevez.jpg","datePublished":"2024-07-08T08:00:28+00:00","breadcrumb":{"@id":"https:\/\/www.anovapeneira.gal\/index.php\/2024\/07\/08\/buscando-local-para-a-sede-social-da-asociacion-vecinal-de-fornelos-e-lourido\/#breadcrumb"},"inLanguage":"gl-ES","potentialAction":[{"@type":"ReadAction","target":["https:\/\/www.anovapeneira.gal\/index.php\/2024\/07\/08\/buscando-local-para-a-sede-social-da-asociacion-vecinal-de-fornelos-e-lourido\/"]}]},{"@type":"ImageObject","inLanguage":"gl-ES","@id":"https:\/\/www.anovapeneira.gal\/index.php\/2024\/07\/08\/buscando-local-para-a-sede-social-da-asociacion-vecinal-de-fornelos-e-lourido\/#primaryimage","url":"https:\/\/www.anovapeneira.gal\/wp-content\/uploads\/2021\/03\/manuel_alfonso_estevez.jpg","contentUrl":"https:\/\/www.anovapeneira.gal\/wp-content\/uploads\/2021\/03\/manuel_alfonso_estevez.jpg","width":720,"height":432,"caption":"Manuel Alfonso Est\u00e9vez. Historia viva de Fornelos da Ribeira"},{"@type":"BreadcrumbList","@id":"https:\/\/www.anovapeneira.gal\/index.php\/2024\/07\/08\/buscando-local-para-a-sede-social-da-asociacion-vecinal-de-fornelos-e-lourido\/#breadcrumb","itemListElement":[{"@type":"ListItem","position":1,"name":"Portada","item":"https:\/\/www.anovapeneira.gal\/"},{"@type":"ListItem","position":2,"name":"Buscando local para a sede social da asociaci\u00f3n veci\u00f1al de Fornelos e Lourido"}]},{"@type":"WebSite","@id":"https:\/\/www.anovapeneira.gal\/#website","url":"https:\/\/www.anovapeneira.gal\/","name":"","description":"Xornal galego de informaci\u00f3n xeral Publicaci\u00f3n mensual de novas de Galicia e en especial dos Concellos da sur da provincia de Pontevedra.","publisher":{"@id":"https:\/\/www.anovapeneira.gal\/#organization"},"potentialAction":[{"@type":"SearchAction","target":{"@type":"EntryPoint","urlTemplate":"https:\/\/www.anovapeneira.gal\/?s={search_term_string}"},"query-input":{"@type":"PropertyValueSpecification","valueRequired":true,"valueName":"search_term_string"}}],"inLanguage":"gl-ES"},{"@type":"Organization","@id":"https:\/\/www.anovapeneira.gal\/#organization","name":"A Nova Peneira","url":"https:\/\/www.anovapeneira.gal\/","logo":{"@type":"ImageObject","inLanguage":"gl-ES","@id":"https:\/\/www.anovapeneira.gal\/#\/schema\/logo\/image\/","url":"http:\/\/www.anovapeneira.gal\/wp-content\/uploads\/2019\/06\/logo_a_nova_peneira_portal_web.png","contentUrl":"http:\/\/www.anovapeneira.gal\/wp-content\/uploads\/2019\/06\/logo_a_nova_peneira_portal_web.png","width":300,"height":100,"caption":"A Nova Peneira"},"image":{"@id":"https:\/\/www.anovapeneira.gal\/#\/schema\/logo\/image\/"},"sameAs":["https:\/\/www.facebook.com\/anovapeneira","https:\/\/x.com\/APeneira"]},{"@type":"Person","@id":"https:\/\/www.anovapeneira.gal\/#\/schema\/person\/6561b93d53e7a32f5d814768163bae2a","name":"Manuel Alfonso Est\u00e9vez","image":{"@type":"ImageObject","inLanguage":"gl-ES","@id":"https:\/\/secure.gravatar.com\/avatar\/f5d3e86603a02dabc520fdacad8691552cb5b3b57ede8828ababc7095c054594?s=96&d=mm&r=g","url":"https:\/\/secure.gravatar.com\/avatar\/f5d3e86603a02dabc520fdacad8691552cb5b3b57ede8828ababc7095c054594?s=96&d=mm&r=g","contentUrl":"https:\/\/secure.gravatar.com\/avatar\/f5d3e86603a02dabc520fdacad8691552cb5b3b57ede8828ababc7095c054594?s=96&d=mm&r=g","caption":"Manuel Alfonso Est\u00e9vez"},"url":"https:\/\/www.anovapeneira.gal\/index.php\/author\/manuelalfonso\/"}]}},"jetpack_featured_media_url":"https:\/\/www.anovapeneira.gal\/wp-content\/uploads\/2021\/03\/manuel_alfonso_estevez.jpg","_links":{"self":[{"href":"https:\/\/www.anovapeneira.gal\/index.php\/wp-json\/wp\/v2\/posts\/12013","targetHints":{"allow":["GET"]}}],"collection":[{"href":"https:\/\/www.anovapeneira.gal\/index.php\/wp-json\/wp\/v2\/posts"}],"about":[{"href":"https:\/\/www.anovapeneira.gal\/index.php\/wp-json\/wp\/v2\/types\/post"}],"author":[{"embeddable":true,"href":"https:\/\/www.anovapeneira.gal\/index.php\/wp-json\/wp\/v2\/users\/40"}],"replies":[{"embeddable":true,"href":"https:\/\/www.anovapeneira.gal\/index.php\/wp-json\/wp\/v2\/comments?post=12013"}],"version-history":[{"count":1,"href":"https:\/\/www.anovapeneira.gal\/index.php\/wp-json\/wp\/v2\/posts\/12013\/revisions"}],"predecessor-version":[{"id":12014,"href":"https:\/\/www.anovapeneira.gal\/index.php\/wp-json\/wp\/v2\/posts\/12013\/revisions\/12014"}],"wp:featuredmedia":[{"embeddable":true,"href":"https:\/\/www.anovapeneira.gal\/index.php\/wp-json\/wp\/v2\/media\/5108"}],"wp:attachment":[{"href":"https:\/\/www.anovapeneira.gal\/index.php\/wp-json\/wp\/v2\/media?parent=12013"}],"wp:term":[{"taxonomy":"category","embeddable":true,"href":"https:\/\/www.anovapeneira.gal\/index.php\/wp-json\/wp\/v2\/categories?post=12013"},{"taxonomy":"post_tag","embeddable":true,"href":"https:\/\/www.anovapeneira.gal\/index.php\/wp-json\/wp\/v2\/tags?post=12013"}],"curies":[{"name":"wp","href":"https:\/\/api.w.org\/{rel}","templated":true}]}}