{"id":12015,"date":"2024-07-08T12:00:03","date_gmt":"2024-07-08T10:00:03","guid":{"rendered":"https:\/\/www.anovapeneira.gal\/?p=12015"},"modified":"2024-07-04T10:40:26","modified_gmt":"2024-07-04T08:40:26","slug":"o-goberno-de-espana-asume-o-control-de-pago-a-provedores-do-concello-de-redondela-ao-medrar-os-impagos-ata-3-370-184-euros","status":"publish","type":"post","link":"https:\/\/www.anovapeneira.gal\/index.php\/2024\/07\/08\/o-goberno-de-espana-asume-o-control-de-pago-a-provedores-do-concello-de-redondela-ao-medrar-os-impagos-ata-3-370-184-euros\/","title":{"rendered":"O Goberno de Espa\u00f1a asume o control de pago a provedores do Concello de Redondela ao medrar os impagos ata 3.370.184 euros"},"content":{"rendered":"\n<ul class=\"wp-block-list\">\n<li><em>O PP local advirte de que esta medida \u00e9 obrigatoria ao ser ditaminada pola Comisi\u00f3n Delegada do Goberno para Asuntos Econ\u00f3micos do 24 de xu\u00f1o e cre que confirma a \u201cmala xesti\u00f3n das contas que vimos advertindo e a falla de confianza en Digna Rivas para sacalas adiante\u201d<\/em><\/li>\n<\/ul>\n\n\n\n<ul class=\"wp-block-list\">\n<li> \u201c<em>S\u00f3 catro concellos da provincia foron inclu\u00eddos neste plan fronte aos impagos e Redondela ten, de longo, a cifra m\u00e1is elevada, polo que o Estado vainos detraer cartos e iso vai prexudicar moito aos veci\u00f1os polos recurtes en investimentos e servizos\u201d, lamentou Ana Alonso<\/em><\/li>\n<\/ul>\n\n\n\n<p><em><strong>Redondela, 2 de xullo de 2024<\/strong><\/em><\/p>\n\n\n\n<p><em>O Goberno de Espa\u00f1a v\u00e9n de inclu\u00edr ao Concello de Redondela, de xeito obrigatorio, no Procedemento de Pago a Provedores 2024, polo que, de facto, vai asumir esta parte da xesti\u00f3n econ\u00f3mica do municipio para tratar de solucionar os impagos actuais, que se elevan ata os 3.370.184 euros, segundo denunciou hoxe o grupo municipal do PP.<\/em><\/p>\n\n\n\n<p>\u201c<em>A incompetencia xeral do goberno de Digna Rivas, pero especialmente a econ\u00f3mica, que vimos denunciando durante bastante tempo deixou de ser unha cuesti\u00f3n de denuncia partidista e xa \u00e9 oficial\u201d, lamentaron os populares, que revelaron que a inclusi\u00f3n de Redondela, por primeira vez na historia, no Procedemento de Pago a Provedores do Estado foi ditaminada pola Comisi\u00f3n Delegada do Goberno para Asuntos Econ\u00f3micos celebrada o pasado 24 de xu\u00f1o.<\/em><\/p>\n\n\n\n<p><em>Para o PP local, esta medida confirma \u201ca mala xesti\u00f3n das contas do Concello que vimos advertindo desde hai tempo, vai ocasionar graves prexuizos para o municipio e os seus veci\u00f1os que o notar\u00e1n nos vindeiros meses\u201d , pero ademais engadiron que a toma de control dos pagos por parte do Goberno central confirma a \u201cabsoluta falla de confianza en Digna Rivas e o seu equipo por parte dos seus propios compa\u00f1eiros de partido en Madrid para sacar adiante estas obrigas e abonos de facturas\u201d.<\/em><\/p>\n\n\n\n<p><em>En concreto, o Goberno de Espa\u00f1a vai comezar a ordenar o pago destes traballos cos cartos que lle corresponder\u00edan ao Concello de Redondela ao abeiro do Fondo de Financiamento das Entidades Locais e, chegado o caso, detraendo as partidas mensuais que se lle abonan \u00e1s arcas municipais a trav\u00e9s da Participaci\u00f3n nos Ingresos do Estado (PIE).<\/em><\/p>\n\n\n\n<p>\u201c<em>S\u00f3 catro concellos da provincia de Pontevedra, tres deles socialistas, foron inclu\u00eddos neste plan estatal fronte aos impagos e a mala xesti\u00f3n econ\u00f3mica e o Concello de Redondela ten, de longo, a cifra m\u00e1is elevada de todos eles. Por elo, o Estado vainos detraer cartos para facer fronte a estas obrigas e imos recibir unha cont\u00eda claramente inferior, polo que iso vai prexudicar moito aos veci\u00f1os polos recurtes en investimentos e servizos aos que nos aboca Digna Rivas porque imos ter menos di\u00f1eiro\u201d, lamentou Ana Alonso, que lembrou que esta situaci\u00f3n xa se atisbaba posto que cada trimestre \u00eda aumentando con forza o per\u00edodo medio de pago a provedores ata superar os tres meses e as cantidades pendentes de abono a empresas e aut\u00f3nomos que traballan para o Concello.<\/em><\/p>\n\n\n\n<p><em>O Partido Popular leva tempo advertindo e propuxo en pleno un plan de pagos Ana Alonso no pleno do pasado mes de xu\u00f1o ante o reco\u00f1ecemento extraxudical de facturas por mais de 3000.000 de euros e valorando a deriva deste concello propuxo levar a pleno estas mais de 3.000 facturas que adebedaba o concello en tres bloques para non demorar mais ainda o pago de todas elas. A s\u00faa proposta establec\u00eda que o primeiro bloque fosen todas as facturas de aut\u00f3nomos e empresas de Redondela que se atopan nunha delicada situaci\u00f3n para facer fronte aos pagos ante a gran demora para cobrar as facturas presentadas no concello. Facturas correspondentes a traballos executados no ano 2023 e algunhas incluso no 2022.<\/em><\/p>\n\n\n\n<p><em>O equipo de goberno xunto co BNG rexeitaron esta proposta e agora nos atopamos con esta situaci\u00f3n que xa no pleno Ana Alonso advertiu que \u00eda suceder. Esta \u00e9 o primeiro paso para unha intervenci\u00f3n completa do noso Concello. Ante o enorme incremento do Periodo Medio de Pago chegando a triplicar o prazo no que se abonaban as facturas na \u00e9poca de Javier Bas.<\/em><\/p>\n\n\n\n<p><em>Ao non sair adiante a s\u00faa proposta agora nos atopamos con que ser\u00e1 o estado o que cos fondos que lle corresponden ao Concello faga fronte a esas facturas.<\/em><\/p>\n","protected":false},"excerpt":{"rendered":"<div class=\"mh-excerpt\"><p>O PP local advirte de que esta medida \u00e9 obrigatoria ao ser ditaminada pola Comisi\u00f3n Delegada do Goberno para Asuntos Econ\u00f3micos do 24 de xu\u00f1o e cre que confirma a \u201cmala xesti\u00f3n das contas que vimos advertindo e a falla de confianza en Digna Rivas para sacalas adiante\u201d <a class=\"mh-excerpt-more\" href=\"https:\/\/www.anovapeneira.gal\/index.php\/2024\/07\/08\/o-goberno-de-espana-asume-o-control-de-pago-a-provedores-do-concello-de-redondela-ao-medrar-os-impagos-ata-3-370-184-euros\/\" title=\"O Goberno de Espa\u00f1a asume o control de pago a provedores do Concello de Redondela ao medrar os impagos ata 3.370.184 euros\">[&#8230;]<\/a><\/p>\n<\/div>","protected":false},"author":3,"featured_media":9476,"comment_status":"open","ping_status":"open","sticky":false,"template":"","format":"standard","meta":{"_exactmetrics_skip_tracking":false,"_exactmetrics_sitenote_active":false,"_exactmetrics_sitenote_note":"","_exactmetrics_sitenote_category":0,"footnotes":""},"categories":[24],"tags":[171],"class_list":{"0":"post-12015","1":"post","2":"type-post","3":"status-publish","4":"format-standard","5":"has-post-thumbnail","7":"category-redondela","8":"tag-concello-de-redondela"},"yoast_head":"<!-- This site is optimized with the Yoast SEO plugin v27.4 - https:\/\/yoast.com\/product\/yoast-seo-wordpress\/ -->\n<title>O Goberno de Espa\u00f1a asume o control de pago a provedores do Concello de Redondela ao medrar os impagos ata 3.370.184 euros -<\/title>\n<meta name=\"robots\" content=\"index, follow, max-snippet:-1, max-image-preview:large, max-video-preview:-1\" \/>\n<link rel=\"canonical\" href=\"https:\/\/www.anovapeneira.gal\/index.php\/2024\/07\/08\/o-goberno-de-espana-asume-o-control-de-pago-a-provedores-do-concello-de-redondela-ao-medrar-os-impagos-ata-3-370-184-euros\/\" \/>\n<meta property=\"og:locale\" content=\"gl_ES\" \/>\n<meta property=\"og:type\" content=\"article\" \/>\n<meta property=\"og:title\" content=\"O Goberno de Espa\u00f1a asume o control de pago a provedores do Concello de Redondela ao medrar os impagos ata 3.370.184 euros -\" \/>\n<meta property=\"og:description\" content=\"O PP local advirte de que esta medida \u00e9 obrigatoria ao ser ditaminada pola Comisi\u00f3n Delegada do Goberno para Asuntos Econ\u00f3micos do 24 de xu\u00f1o e cre que confirma a \u201cmala xesti\u00f3n das contas que vimos advertindo e a falla de confianza en Digna Rivas para sacalas adiante\u201d [...]\" \/>\n<meta property=\"og:url\" content=\"https:\/\/www.anovapeneira.gal\/index.php\/2024\/07\/08\/o-goberno-de-espana-asume-o-control-de-pago-a-provedores-do-concello-de-redondela-ao-medrar-os-impagos-ata-3-370-184-euros\/\" \/>\n<meta property=\"article:publisher\" content=\"https:\/\/www.facebook.com\/anovapeneira\" \/>\n<meta property=\"article:published_time\" content=\"2024-07-08T10:00:03+00:00\" \/>\n<meta property=\"og:image\" content=\"https:\/\/www.anovapeneira.gal\/wp-content\/uploads\/2023\/04\/pp_redondela.jpg\" \/>\n\t<meta property=\"og:image:width\" content=\"720\" \/>\n\t<meta property=\"og:image:height\" content=\"432\" \/>\n\t<meta property=\"og:image:type\" content=\"image\/jpeg\" \/>\n<meta name=\"author\" content=\"Redacci\u00f3n A Nova Peneira\" \/>\n<meta name=\"twitter:card\" content=\"summary_large_image\" \/>\n<meta name=\"twitter:creator\" content=\"@APeneira\" \/>\n<meta name=\"twitter:site\" content=\"@APeneira\" \/>\n<meta name=\"twitter:label1\" content=\"Escrito por\" \/>\n\t<meta name=\"twitter:data1\" content=\"Redacci\u00f3n A Nova Peneira\" \/>\n\t<meta name=\"twitter:label2\" content=\"Tempo de lectura\" \/>\n\t<meta name=\"twitter:data2\" content=\"5 minutos\" \/>\n<script type=\"application\/ld+json\" class=\"yoast-schema-graph\">{\"@context\":\"https:\\\/\\\/schema.org\",\"@graph\":[{\"@type\":\"Article\",\"@id\":\"https:\\\/\\\/www.anovapeneira.gal\\\/index.php\\\/2024\\\/07\\\/08\\\/o-goberno-de-espana-asume-o-control-de-pago-a-provedores-do-concello-de-redondela-ao-medrar-os-impagos-ata-3-370-184-euros\\\/#article\",\"isPartOf\":{\"@id\":\"https:\\\/\\\/www.anovapeneira.gal\\\/index.php\\\/2024\\\/07\\\/08\\\/o-goberno-de-espana-asume-o-control-de-pago-a-provedores-do-concello-de-redondela-ao-medrar-os-impagos-ata-3-370-184-euros\\\/\"},\"author\":{\"name\":\"Redacci\u00f3n A Nova Peneira\",\"@id\":\"https:\\\/\\\/www.anovapeneira.gal\\\/#\\\/schema\\\/person\\\/b93e3f8932e3f8da96334607eb6ac6aa\"},\"headline\":\"O Goberno de Espa\u00f1a asume o control de pago a provedores do Concello de Redondela ao medrar os impagos ata 3.370.184 euros\",\"datePublished\":\"2024-07-08T10:00:03+00:00\",\"mainEntityOfPage\":{\"@id\":\"https:\\\/\\\/www.anovapeneira.gal\\\/index.php\\\/2024\\\/07\\\/08\\\/o-goberno-de-espana-asume-o-control-de-pago-a-provedores-do-concello-de-redondela-ao-medrar-os-impagos-ata-3-370-184-euros\\\/\"},\"wordCount\":759,\"commentCount\":0,\"publisher\":{\"@id\":\"https:\\\/\\\/www.anovapeneira.gal\\\/#organization\"},\"image\":{\"@id\":\"https:\\\/\\\/www.anovapeneira.gal\\\/index.php\\\/2024\\\/07\\\/08\\\/o-goberno-de-espana-asume-o-control-de-pago-a-provedores-do-concello-de-redondela-ao-medrar-os-impagos-ata-3-370-184-euros\\\/#primaryimage\"},\"thumbnailUrl\":\"https:\\\/\\\/www.anovapeneira.gal\\\/wp-content\\\/uploads\\\/2023\\\/04\\\/pp_redondela.jpg\",\"keywords\":[\"Concello de Redondela\"],\"articleSection\":[\"Redondela\"],\"inLanguage\":\"gl-ES\",\"potentialAction\":[{\"@type\":\"CommentAction\",\"name\":\"Comment\",\"target\":[\"https:\\\/\\\/www.anovapeneira.gal\\\/index.php\\\/2024\\\/07\\\/08\\\/o-goberno-de-espana-asume-o-control-de-pago-a-provedores-do-concello-de-redondela-ao-medrar-os-impagos-ata-3-370-184-euros\\\/#respond\"]}]},{\"@type\":\"WebPage\",\"@id\":\"https:\\\/\\\/www.anovapeneira.gal\\\/index.php\\\/2024\\\/07\\\/08\\\/o-goberno-de-espana-asume-o-control-de-pago-a-provedores-do-concello-de-redondela-ao-medrar-os-impagos-ata-3-370-184-euros\\\/\",\"url\":\"https:\\\/\\\/www.anovapeneira.gal\\\/index.php\\\/2024\\\/07\\\/08\\\/o-goberno-de-espana-asume-o-control-de-pago-a-provedores-do-concello-de-redondela-ao-medrar-os-impagos-ata-3-370-184-euros\\\/\",\"name\":\"O Goberno de Espa\u00f1a asume o control de pago a provedores do Concello de Redondela ao medrar os impagos ata 3.370.184 euros -\",\"isPartOf\":{\"@id\":\"https:\\\/\\\/www.anovapeneira.gal\\\/#website\"},\"primaryImageOfPage\":{\"@id\":\"https:\\\/\\\/www.anovapeneira.gal\\\/index.php\\\/2024\\\/07\\\/08\\\/o-goberno-de-espana-asume-o-control-de-pago-a-provedores-do-concello-de-redondela-ao-medrar-os-impagos-ata-3-370-184-euros\\\/#primaryimage\"},\"image\":{\"@id\":\"https:\\\/\\\/www.anovapeneira.gal\\\/index.php\\\/2024\\\/07\\\/08\\\/o-goberno-de-espana-asume-o-control-de-pago-a-provedores-do-concello-de-redondela-ao-medrar-os-impagos-ata-3-370-184-euros\\\/#primaryimage\"},\"thumbnailUrl\":\"https:\\\/\\\/www.anovapeneira.gal\\\/wp-content\\\/uploads\\\/2023\\\/04\\\/pp_redondela.jpg\",\"datePublished\":\"2024-07-08T10:00:03+00:00\",\"breadcrumb\":{\"@id\":\"https:\\\/\\\/www.anovapeneira.gal\\\/index.php\\\/2024\\\/07\\\/08\\\/o-goberno-de-espana-asume-o-control-de-pago-a-provedores-do-concello-de-redondela-ao-medrar-os-impagos-ata-3-370-184-euros\\\/#breadcrumb\"},\"inLanguage\":\"gl-ES\",\"potentialAction\":[{\"@type\":\"ReadAction\",\"target\":[\"https:\\\/\\\/www.anovapeneira.gal\\\/index.php\\\/2024\\\/07\\\/08\\\/o-goberno-de-espana-asume-o-control-de-pago-a-provedores-do-concello-de-redondela-ao-medrar-os-impagos-ata-3-370-184-euros\\\/\"]}]},{\"@type\":\"ImageObject\",\"inLanguage\":\"gl-ES\",\"@id\":\"https:\\\/\\\/www.anovapeneira.gal\\\/index.php\\\/2024\\\/07\\\/08\\\/o-goberno-de-espana-asume-o-control-de-pago-a-provedores-do-concello-de-redondela-ao-medrar-os-impagos-ata-3-370-184-euros\\\/#primaryimage\",\"url\":\"https:\\\/\\\/www.anovapeneira.gal\\\/wp-content\\\/uploads\\\/2023\\\/04\\\/pp_redondela.jpg\",\"contentUrl\":\"https:\\\/\\\/www.anovapeneira.gal\\\/wp-content\\\/uploads\\\/2023\\\/04\\\/pp_redondela.jpg\",\"width\":720,\"height\":432,\"caption\":\"Javier Bas candidato do PP \u00e1 alcald\u00eda de Redondela\"},{\"@type\":\"BreadcrumbList\",\"@id\":\"https:\\\/\\\/www.anovapeneira.gal\\\/index.php\\\/2024\\\/07\\\/08\\\/o-goberno-de-espana-asume-o-control-de-pago-a-provedores-do-concello-de-redondela-ao-medrar-os-impagos-ata-3-370-184-euros\\\/#breadcrumb\",\"itemListElement\":[{\"@type\":\"ListItem\",\"position\":1,\"name\":\"Portada\",\"item\":\"https:\\\/\\\/www.anovapeneira.gal\\\/\"},{\"@type\":\"ListItem\",\"position\":2,\"name\":\"O Goberno de Espa\u00f1a asume o control de pago a provedores do Concello de Redondela ao medrar os impagos ata 3.370.184 euros\"}]},{\"@type\":\"WebSite\",\"@id\":\"https:\\\/\\\/www.anovapeneira.gal\\\/#website\",\"url\":\"https:\\\/\\\/www.anovapeneira.gal\\\/\",\"name\":\"\",\"description\":\"Xornal galego de informaci\u00f3n xeral Publicaci\u00f3n mensual de novas de Galicia e en especial dos Concellos da sur da provincia de Pontevedra.\",\"publisher\":{\"@id\":\"https:\\\/\\\/www.anovapeneira.gal\\\/#organization\"},\"potentialAction\":[{\"@type\":\"SearchAction\",\"target\":{\"@type\":\"EntryPoint\",\"urlTemplate\":\"https:\\\/\\\/www.anovapeneira.gal\\\/?s={search_term_string}\"},\"query-input\":{\"@type\":\"PropertyValueSpecification\",\"valueRequired\":true,\"valueName\":\"search_term_string\"}}],\"inLanguage\":\"gl-ES\"},{\"@type\":\"Organization\",\"@id\":\"https:\\\/\\\/www.anovapeneira.gal\\\/#organization\",\"name\":\"A Nova Peneira\",\"url\":\"https:\\\/\\\/www.anovapeneira.gal\\\/\",\"logo\":{\"@type\":\"ImageObject\",\"inLanguage\":\"gl-ES\",\"@id\":\"https:\\\/\\\/www.anovapeneira.gal\\\/#\\\/schema\\\/logo\\\/image\\\/\",\"url\":\"http:\\\/\\\/www.anovapeneira.gal\\\/wp-content\\\/uploads\\\/2019\\\/06\\\/logo_a_nova_peneira_portal_web.png\",\"contentUrl\":\"http:\\\/\\\/www.anovapeneira.gal\\\/wp-content\\\/uploads\\\/2019\\\/06\\\/logo_a_nova_peneira_portal_web.png\",\"width\":300,\"height\":100,\"caption\":\"A Nova Peneira\"},\"image\":{\"@id\":\"https:\\\/\\\/www.anovapeneira.gal\\\/#\\\/schema\\\/logo\\\/image\\\/\"},\"sameAs\":[\"https:\\\/\\\/www.facebook.com\\\/anovapeneira\",\"https:\\\/\\\/x.com\\\/APeneira\"]},{\"@type\":\"Person\",\"@id\":\"https:\\\/\\\/www.anovapeneira.gal\\\/#\\\/schema\\\/person\\\/b93e3f8932e3f8da96334607eb6ac6aa\",\"name\":\"Redacci\u00f3n A Nova Peneira\",\"image\":{\"@type\":\"ImageObject\",\"inLanguage\":\"gl-ES\",\"@id\":\"https:\\\/\\\/secure.gravatar.com\\\/avatar\\\/c052a2551a06e23fac63626232eaa90abd78dbcf1700fc46a2b2c89fd27b735f?s=96&d=mm&r=g\",\"url\":\"https:\\\/\\\/secure.gravatar.com\\\/avatar\\\/c052a2551a06e23fac63626232eaa90abd78dbcf1700fc46a2b2c89fd27b735f?s=96&d=mm&r=g\",\"contentUrl\":\"https:\\\/\\\/secure.gravatar.com\\\/avatar\\\/c052a2551a06e23fac63626232eaa90abd78dbcf1700fc46a2b2c89fd27b735f?s=96&d=mm&r=g\",\"caption\":\"Redacci\u00f3n A Nova Peneira\"},\"sameAs\":[\"http:\\\/\\\/www.anovapeneira.gal\\\/\"],\"url\":\"https:\\\/\\\/www.anovapeneira.gal\\\/index.php\\\/author\\\/redactor\\\/\"}]}<\/script>\n<!-- \/ Yoast SEO plugin. -->","yoast_head_json":{"title":"O Goberno de Espa\u00f1a asume o control de pago a provedores do Concello de Redondela ao medrar os impagos ata 3.370.184 euros -","robots":{"index":"index","follow":"follow","max-snippet":"max-snippet:-1","max-image-preview":"max-image-preview:large","max-video-preview":"max-video-preview:-1"},"canonical":"https:\/\/www.anovapeneira.gal\/index.php\/2024\/07\/08\/o-goberno-de-espana-asume-o-control-de-pago-a-provedores-do-concello-de-redondela-ao-medrar-os-impagos-ata-3-370-184-euros\/","og_locale":"gl_ES","og_type":"article","og_title":"O Goberno de Espa\u00f1a asume o control de pago a provedores do Concello de Redondela ao medrar os impagos ata 3.370.184 euros -","og_description":"O PP local advirte de que esta medida \u00e9 obrigatoria ao ser ditaminada pola Comisi\u00f3n Delegada do Goberno para Asuntos Econ\u00f3micos do 24 de xu\u00f1o e cre que confirma a \u201cmala xesti\u00f3n das contas que vimos advertindo e a falla de confianza en Digna Rivas para sacalas adiante\u201d [...]","og_url":"https:\/\/www.anovapeneira.gal\/index.php\/2024\/07\/08\/o-goberno-de-espana-asume-o-control-de-pago-a-provedores-do-concello-de-redondela-ao-medrar-os-impagos-ata-3-370-184-euros\/","article_publisher":"https:\/\/www.facebook.com\/anovapeneira","article_published_time":"2024-07-08T10:00:03+00:00","og_image":[{"width":720,"height":432,"url":"https:\/\/www.anovapeneira.gal\/wp-content\/uploads\/2023\/04\/pp_redondela.jpg","type":"image\/jpeg"}],"author":"Redacci\u00f3n A Nova Peneira","twitter_card":"summary_large_image","twitter_creator":"@APeneira","twitter_site":"@APeneira","twitter_misc":{"Escrito por":"Redacci\u00f3n A Nova Peneira","Tempo de lectura":"5 minutos"},"schema":{"@context":"https:\/\/schema.org","@graph":[{"@type":"Article","@id":"https:\/\/www.anovapeneira.gal\/index.php\/2024\/07\/08\/o-goberno-de-espana-asume-o-control-de-pago-a-provedores-do-concello-de-redondela-ao-medrar-os-impagos-ata-3-370-184-euros\/#article","isPartOf":{"@id":"https:\/\/www.anovapeneira.gal\/index.php\/2024\/07\/08\/o-goberno-de-espana-asume-o-control-de-pago-a-provedores-do-concello-de-redondela-ao-medrar-os-impagos-ata-3-370-184-euros\/"},"author":{"name":"Redacci\u00f3n A Nova Peneira","@id":"https:\/\/www.anovapeneira.gal\/#\/schema\/person\/b93e3f8932e3f8da96334607eb6ac6aa"},"headline":"O Goberno de Espa\u00f1a asume o control de pago a provedores do Concello de Redondela ao medrar os impagos ata 3.370.184 euros","datePublished":"2024-07-08T10:00:03+00:00","mainEntityOfPage":{"@id":"https:\/\/www.anovapeneira.gal\/index.php\/2024\/07\/08\/o-goberno-de-espana-asume-o-control-de-pago-a-provedores-do-concello-de-redondela-ao-medrar-os-impagos-ata-3-370-184-euros\/"},"wordCount":759,"commentCount":0,"publisher":{"@id":"https:\/\/www.anovapeneira.gal\/#organization"},"image":{"@id":"https:\/\/www.anovapeneira.gal\/index.php\/2024\/07\/08\/o-goberno-de-espana-asume-o-control-de-pago-a-provedores-do-concello-de-redondela-ao-medrar-os-impagos-ata-3-370-184-euros\/#primaryimage"},"thumbnailUrl":"https:\/\/www.anovapeneira.gal\/wp-content\/uploads\/2023\/04\/pp_redondela.jpg","keywords":["Concello de Redondela"],"articleSection":["Redondela"],"inLanguage":"gl-ES","potentialAction":[{"@type":"CommentAction","name":"Comment","target":["https:\/\/www.anovapeneira.gal\/index.php\/2024\/07\/08\/o-goberno-de-espana-asume-o-control-de-pago-a-provedores-do-concello-de-redondela-ao-medrar-os-impagos-ata-3-370-184-euros\/#respond"]}]},{"@type":"WebPage","@id":"https:\/\/www.anovapeneira.gal\/index.php\/2024\/07\/08\/o-goberno-de-espana-asume-o-control-de-pago-a-provedores-do-concello-de-redondela-ao-medrar-os-impagos-ata-3-370-184-euros\/","url":"https:\/\/www.anovapeneira.gal\/index.php\/2024\/07\/08\/o-goberno-de-espana-asume-o-control-de-pago-a-provedores-do-concello-de-redondela-ao-medrar-os-impagos-ata-3-370-184-euros\/","name":"O Goberno de Espa\u00f1a asume o control de pago a provedores do Concello de Redondela ao medrar os impagos ata 3.370.184 euros -","isPartOf":{"@id":"https:\/\/www.anovapeneira.gal\/#website"},"primaryImageOfPage":{"@id":"https:\/\/www.anovapeneira.gal\/index.php\/2024\/07\/08\/o-goberno-de-espana-asume-o-control-de-pago-a-provedores-do-concello-de-redondela-ao-medrar-os-impagos-ata-3-370-184-euros\/#primaryimage"},"image":{"@id":"https:\/\/www.anovapeneira.gal\/index.php\/2024\/07\/08\/o-goberno-de-espana-asume-o-control-de-pago-a-provedores-do-concello-de-redondela-ao-medrar-os-impagos-ata-3-370-184-euros\/#primaryimage"},"thumbnailUrl":"https:\/\/www.anovapeneira.gal\/wp-content\/uploads\/2023\/04\/pp_redondela.jpg","datePublished":"2024-07-08T10:00:03+00:00","breadcrumb":{"@id":"https:\/\/www.anovapeneira.gal\/index.php\/2024\/07\/08\/o-goberno-de-espana-asume-o-control-de-pago-a-provedores-do-concello-de-redondela-ao-medrar-os-impagos-ata-3-370-184-euros\/#breadcrumb"},"inLanguage":"gl-ES","potentialAction":[{"@type":"ReadAction","target":["https:\/\/www.anovapeneira.gal\/index.php\/2024\/07\/08\/o-goberno-de-espana-asume-o-control-de-pago-a-provedores-do-concello-de-redondela-ao-medrar-os-impagos-ata-3-370-184-euros\/"]}]},{"@type":"ImageObject","inLanguage":"gl-ES","@id":"https:\/\/www.anovapeneira.gal\/index.php\/2024\/07\/08\/o-goberno-de-espana-asume-o-control-de-pago-a-provedores-do-concello-de-redondela-ao-medrar-os-impagos-ata-3-370-184-euros\/#primaryimage","url":"https:\/\/www.anovapeneira.gal\/wp-content\/uploads\/2023\/04\/pp_redondela.jpg","contentUrl":"https:\/\/www.anovapeneira.gal\/wp-content\/uploads\/2023\/04\/pp_redondela.jpg","width":720,"height":432,"caption":"Javier Bas candidato do PP \u00e1 alcald\u00eda de Redondela"},{"@type":"BreadcrumbList","@id":"https:\/\/www.anovapeneira.gal\/index.php\/2024\/07\/08\/o-goberno-de-espana-asume-o-control-de-pago-a-provedores-do-concello-de-redondela-ao-medrar-os-impagos-ata-3-370-184-euros\/#breadcrumb","itemListElement":[{"@type":"ListItem","position":1,"name":"Portada","item":"https:\/\/www.anovapeneira.gal\/"},{"@type":"ListItem","position":2,"name":"O Goberno de Espa\u00f1a asume o control de pago a provedores do Concello de Redondela ao medrar os impagos ata 3.370.184 euros"}]},{"@type":"WebSite","@id":"https:\/\/www.anovapeneira.gal\/#website","url":"https:\/\/www.anovapeneira.gal\/","name":"","description":"Xornal galego de informaci\u00f3n xeral Publicaci\u00f3n mensual de novas de Galicia e en especial dos Concellos da sur da provincia de Pontevedra.","publisher":{"@id":"https:\/\/www.anovapeneira.gal\/#organization"},"potentialAction":[{"@type":"SearchAction","target":{"@type":"EntryPoint","urlTemplate":"https:\/\/www.anovapeneira.gal\/?s={search_term_string}"},"query-input":{"@type":"PropertyValueSpecification","valueRequired":true,"valueName":"search_term_string"}}],"inLanguage":"gl-ES"},{"@type":"Organization","@id":"https:\/\/www.anovapeneira.gal\/#organization","name":"A Nova Peneira","url":"https:\/\/www.anovapeneira.gal\/","logo":{"@type":"ImageObject","inLanguage":"gl-ES","@id":"https:\/\/www.anovapeneira.gal\/#\/schema\/logo\/image\/","url":"http:\/\/www.anovapeneira.gal\/wp-content\/uploads\/2019\/06\/logo_a_nova_peneira_portal_web.png","contentUrl":"http:\/\/www.anovapeneira.gal\/wp-content\/uploads\/2019\/06\/logo_a_nova_peneira_portal_web.png","width":300,"height":100,"caption":"A Nova Peneira"},"image":{"@id":"https:\/\/www.anovapeneira.gal\/#\/schema\/logo\/image\/"},"sameAs":["https:\/\/www.facebook.com\/anovapeneira","https:\/\/x.com\/APeneira"]},{"@type":"Person","@id":"https:\/\/www.anovapeneira.gal\/#\/schema\/person\/b93e3f8932e3f8da96334607eb6ac6aa","name":"Redacci\u00f3n A Nova Peneira","image":{"@type":"ImageObject","inLanguage":"gl-ES","@id":"https:\/\/secure.gravatar.com\/avatar\/c052a2551a06e23fac63626232eaa90abd78dbcf1700fc46a2b2c89fd27b735f?s=96&d=mm&r=g","url":"https:\/\/secure.gravatar.com\/avatar\/c052a2551a06e23fac63626232eaa90abd78dbcf1700fc46a2b2c89fd27b735f?s=96&d=mm&r=g","contentUrl":"https:\/\/secure.gravatar.com\/avatar\/c052a2551a06e23fac63626232eaa90abd78dbcf1700fc46a2b2c89fd27b735f?s=96&d=mm&r=g","caption":"Redacci\u00f3n A Nova Peneira"},"sameAs":["http:\/\/www.anovapeneira.gal\/"],"url":"https:\/\/www.anovapeneira.gal\/index.php\/author\/redactor\/"}]}},"jetpack_featured_media_url":"https:\/\/www.anovapeneira.gal\/wp-content\/uploads\/2023\/04\/pp_redondela.jpg","_links":{"self":[{"href":"https:\/\/www.anovapeneira.gal\/index.php\/wp-json\/wp\/v2\/posts\/12015","targetHints":{"allow":["GET"]}}],"collection":[{"href":"https:\/\/www.anovapeneira.gal\/index.php\/wp-json\/wp\/v2\/posts"}],"about":[{"href":"https:\/\/www.anovapeneira.gal\/index.php\/wp-json\/wp\/v2\/types\/post"}],"author":[{"embeddable":true,"href":"https:\/\/www.anovapeneira.gal\/index.php\/wp-json\/wp\/v2\/users\/3"}],"replies":[{"embeddable":true,"href":"https:\/\/www.anovapeneira.gal\/index.php\/wp-json\/wp\/v2\/comments?post=12015"}],"version-history":[{"count":2,"href":"https:\/\/www.anovapeneira.gal\/index.php\/wp-json\/wp\/v2\/posts\/12015\/revisions"}],"predecessor-version":[{"id":12018,"href":"https:\/\/www.anovapeneira.gal\/index.php\/wp-json\/wp\/v2\/posts\/12015\/revisions\/12018"}],"wp:featuredmedia":[{"embeddable":true,"href":"https:\/\/www.anovapeneira.gal\/index.php\/wp-json\/wp\/v2\/media\/9476"}],"wp:attachment":[{"href":"https:\/\/www.anovapeneira.gal\/index.php\/wp-json\/wp\/v2\/media?parent=12015"}],"wp:term":[{"taxonomy":"category","embeddable":true,"href":"https:\/\/www.anovapeneira.gal\/index.php\/wp-json\/wp\/v2\/categories?post=12015"},{"taxonomy":"post_tag","embeddable":true,"href":"https:\/\/www.anovapeneira.gal\/index.php\/wp-json\/wp\/v2\/tags?post=12015"}],"curies":[{"name":"wp","href":"https:\/\/api.w.org\/{rel}","templated":true}]}}