{"id":12019,"date":"2024-07-09T10:00:36","date_gmt":"2024-07-09T08:00:36","guid":{"rendered":"https:\/\/www.anovapeneira.gal\/?p=12019"},"modified":"2024-07-04T10:54:49","modified_gmt":"2024-07-04T08:54:49","slug":"a-comision-cidada-pola-verdade-do-36-e-o-monumento-en-memoria-das-vitimas-da-represion","status":"publish","type":"post","link":"https:\/\/www.anovapeneira.gal\/index.php\/2024\/07\/09\/a-comision-cidada-pola-verdade-do-36-e-o-monumento-en-memoria-das-vitimas-da-represion\/","title":{"rendered":"A comisi\u00f3n cidad\u00e1 pola verdade do 36 e o monumento en memoria das v\u00edtimas da represi\u00f3n"},"content":{"rendered":"\n<figure class=\"wp-block-image size-large is-resized\"><img loading=\"lazy\" decoding=\"async\" width=\"1024\" height=\"1024\" src=\"https:\/\/www.anovapeneira.gal\/wp-content\/uploads\/2024\/07\/helena_pousa_bn-1024x1024.png\" alt=\"\" class=\"wp-image-12023\" style=\"width:80px;height:auto\" srcset=\"https:\/\/www.anovapeneira.gal\/wp-content\/uploads\/2024\/07\/helena_pousa_bn-1024x1024.png 1024w, https:\/\/www.anovapeneira.gal\/wp-content\/uploads\/2024\/07\/helena_pousa_bn-300x300.png 300w, https:\/\/www.anovapeneira.gal\/wp-content\/uploads\/2024\/07\/helena_pousa_bn-150x150.png 150w, https:\/\/www.anovapeneira.gal\/wp-content\/uploads\/2024\/07\/helena_pousa_bn-768x768.png 768w, https:\/\/www.anovapeneira.gal\/wp-content\/uploads\/2024\/07\/helena_pousa_bn.png 1080w\" sizes=\"auto, (max-width: 1024px) 100vw, 1024px\" \/><\/figure>\n\n\n\n<pre class=\"wp-block-verse\">Helena Pousa<\/pre>\n\n\n\n<p>S\u00e1bado, 29 de xullo de 2024<\/p>\n\n\n\n<p>Neste ano, a Comisi\u00f3n pola Recuperaci\u00f3n da Memoria Hist\u00f3rica do Baixo Mi\u00f1o, O Condado e A Louri\u00f1a leva realizados unha serie de actos en diversos lugares. En Mon\u00e7\u00e3o, en abril, fixemos un acto en homenaxe a Amparo Alvajar soterrada no cemiterio de Moreiras. No local que nos prestou a fregues\u00eda, Xaque Lorenzo e Aurora Marco fal\u00e1ronnos da s\u00faa interesant\u00edsima vida como republicana activa e como reco\u00f1ecid\u00edsima tradutora. Tam\u00e9n dese\u00f1amos unha parte do roteiro do Sr. Afranio pola serra da Groba e do Argallo, no que Ram\u00f3n F. Leal \u00eda explicando aos cami\u00f1antes as peripecias da fuxida coma se fose Alonso R\u00edos de maneira teatralizada. O primeiro de maio recordamos a Guillermo Vicente de Santiago, derradeiro alcalde de Tui na II Rep\u00fablica. Lembr\u00e1molo xusto na data da s\u00faa morte na s\u00faa casa do barrio de Pint\u00e1n (Salcidos-A Guarda). Nesa casa colocamos unha placa para lembralo a el como alcalde represaliado e a s\u00faa muller, Mar\u00eda \u00c1lvarez, que conseguiu burlar a continua espionaxe dos falanxistas que andaron a buscalo tenazmente para capturalo. Ao mesmo tempo programamos d\u00faas charlas no sal\u00f3n de plenos dos concellos da Guarda e de Tui para darmos a co\u00f1ecer a s\u00faa vida, e recordar as\u00ed a terrible doenza que sufr\u00eda e non pod\u00eda ser adecuadamente tratada polo seu m\u00e9dico Dar\u00edo \u00c1lvarez Bl\u00e1zquez, e como a propia muller tivo que enterralo caladamente nun buraco no alboio. Nestas charlas participaron Victoriano Rodr\u00edguez, de Salcidos, e a neta, Bego\u00f1a Vicente, que investigaron sobre a s\u00faa vida e a s\u00faa morte silandeira.<\/p>\n\n\n\n<p>E o mes de xu\u00f1o dedic\u00e1molo a conmemorar o 25 aniversario da colocaci\u00f3n dun dos primeiros monumentos dedicados \u00e1s v\u00edtimas do 36, monumento que sa\u00edu das mans de Silverio Rivas, por encomenda da Comisi\u00f3n cidad\u00e1 \u201cPola verdade do 36\u201d.<\/p>\n\n\n\n<p>Esta comisi\u00f3n cidad\u00e1 form\u00e1bana persoas afincadas no Baixo Mi\u00f1o. Nese grupo participaron Rafael Mart\u00ednez (Lito Oliveira), Xulia Su\u00e1rez (matrona do Rosal) e Mario Rodr\u00edguez (o pintor de Figueir\u00f3), xunto con Bieito Alonso, Antonio Lastres, Xos\u00e9 Manuel M\u00e9ndez, Ram\u00f3n F. Leal e Esther Casal que contaron coa enorme axuda do pintor Xos\u00e9 Lu\u00eds de Dios. Esta comisi\u00f3n ideou como poder financiar o monumento a base de achegas econ\u00f3micas dos concellos, de bonos e da venda de cadros na que participaron, en 1997, 25 pintores solidarios, entre os que estaban Mario F. Granell, Xavier Pousa, Xaime Quessada, Elsa P\u00e9rez Vicente&#8230;<\/p>\n\n\n\n<p>Para lembrar todo o traballo pioneiro en Galicia desa comisi\u00f3n cidad\u00e1, organizamos a Exposici\u00f3n \u201cA nosa memoria silenciada\u201d, que foi comisariada por Cuqui Pi\u00f1eiro. Nesta exposici\u00f3n mostr\u00e1banse imaxes e documentos relativos \u00e1s actividades levadas a cabo durante varios anos ata o d\u00eda da inauguraci\u00f3n do monumento o 27 de xu\u00f1o de 1999. Esta primeira parte estaba dedicada aos actos da comisi\u00f3n cidad\u00e1 para sufragar alg\u00fans gastos do monumento as\u00ed como outras iniciativas, entre as que destacan unhas xornadas sobre a represi\u00f3n no Baixo mi\u00f1o, recollidas no libro <em>O Mi\u00f1o, unha corrente de memoria<\/em>, e o documental <em>Afranio.<\/em><\/p>\n\n\n\n<p>Unha segunda secci\u00f3n dedicouse a expor cadros dos mesmos artistas solidarios que prestaron de novo unha obra para esta exposici\u00f3n temporal. Noutros paineis pod\u00edanse ler artigos da prensa sobre o d\u00eda da inauguraci\u00f3n, e o bo recibimento que tivo entre a xente que acudiu expectante o 27 de xu\u00f1o \u00e1 instalaci\u00f3n do monumento nun dos lugares m\u00e1is emblem\u00e1ticos da represi\u00f3n.<\/p>\n\n\n\n<p>O lugar escollido para a instalaci\u00f3n do monumento foi a Alameda, un lugar sinistro en Tui porque al\u00ed, nas traseiras de Santo Domingo, o pelot\u00f3n de artillar\u00eda pasaban polas armas a moitos condenados \u00e1 pena de morte, despois de seren sometidos a un consello de guerra. Nestes falsos xu\u00edzos a sentenza xa estaba previamente escrita, e neles val\u00edanse de falsas testemu\u00f1as, moitas veces pagadas con alcohol, para darlles tintes de \u201cveracidade\u201d. Un exemplo claro \u00e9 o sufrido por Alejo Diz ao que acusaron de incendiar o edificio do Seminario de Tui, pero que non o conseguiu por non ter nese momento mistos.<\/p>\n\n\n\n<p>Noutra secci\u00f3n pod\u00edanse ver os primeiros bosquexos e maquetas feitos por Silverio Rivas para a s\u00faa escultura, elaborada en granito de Zamora. E, nunha \u00faltima secci\u00f3n pod\u00edase ler a lista dos nomes das v\u00edtimas mortais (executadas, paseadas ou con outro tipo de morte) no Partido Xudicial de Tui no 36. Despois de moitos anos de investigaci\u00f3n a lista de v\u00edtimas mortais reflicte m\u00e1is de 450 nomes, dado que se incl\u00faen tanto persoas da zona como persoas de f\u00f3ra que aqu\u00ed morreron por estaren presos nos campos de concentraci\u00f3n de Camposancos e Oia.<\/p>\n\n\n\n<p>Al\u00e9n da exposici\u00f3n, no d\u00eda 29 de xu\u00f1o, a Comisi\u00f3n tam\u00e9n organizou un acto na Alameda de Tui, para rememorar a inauguraci\u00f3n do <em>Monumento \u00e1 memoria dos represaliados<\/em>, o 27 de xu\u00f1o de 1999, moitos antes antes de ser aprobada a Lei da Memoria Hist\u00f3rica no 2007. O acto que foi presentado por Ram\u00f3n Fern\u00e1ndez Leal e Sabela Treinta, comezou coa intervenci\u00f3n do escultor Silverio Rivas, quen explicou como ideou o monumento a partir das historias que o\u00edra de novo no taller de costura da s\u00faa nai sobre as v\u00edtimas da represi\u00f3n en Ponteareas, aos que chamaban \u201crojos\u201d. E a partir de moitas das s\u00faas lembranzas concibiu unha obra composta por un bloque de pedra que representa unha casa, a casa da que sacaron a moitas persoas para seren encarceradas, fusiladas, paseadas ou torturadas. E ao seu car\u00f3n unha figura antropomorfa, que emerxe desa casa e deixa un oco. Con esta figura quixo representar todas esas persoas violentamente arrincadas do seu fogar que tiveron que buscar refuxio no exilio, as\u00ed como a tristura e indefensi\u00f3n das s\u00faas familias. E escolleu para esta obra un granito de Zamora de cor vermella porque quer\u00eda que esa cor representase o cualificativo \u201crojo\u201d dado aos fieis \u00e1 Rep\u00fablica.<\/p>\n\n\n\n<p>A seguir falou o alcalde de Tui, Enrique Cabaleiro, que lembrou a importancia e necesidade de facer actos coma este e como ten o proxecto de sinalizar no concello de Tui varios Lugares da Memoria, un deles ser\u00e1 a propia Alameda, por ser un lugar de fusilamento de moitas persoas fieis \u00e1 Rep\u00fablica de toda a contorna. E despois recitaron textos po\u00e9ticos Cristal M\u00e9ndez, Cecilia Rimbaud, Pepe C\u00e1ccamo, quen nomeou os vitimarios tudenses que perseguiron a moitas familias, e Francisco \u00c1lvarez Koki. Tam\u00e9n intervi\u00f1eron Marga do Val e Mar\u00eda Reim\u00f3ndez e leuse un texto enviado por J. Viale Moutinho que non puido asistir ao acto.<\/p>\n\n\n\n<p>Samuel Diz acompa\u00f1ou o acto cunha fermosa actuaci\u00f3n musical con tres canci\u00f3ns populares lorquianas (\u201cCaf\u00e9 de chinitas\u201d, \u201cCuatro muleros\u201d e \u201cLa Tarara\u201d) tocadas cunha guitarra copia da usada por Federico Garc\u00eda Lorca, constru\u00edda por Jos\u00e9 Ortega en Granada no ano 1906. Na segunda parte da s\u00faa intervenci\u00f3n interpretou \u201cBalada do c\u00e1rcere\u201d composta polo preso Daniel Fortea en Oca\u00f1a, en 1948, onde tam\u00e9n estivo preso o folclorista Agapito Marazuela. Entremedias foi contando algunhas terribles historias de persoas afectadas pola represi\u00f3n franquista como a de Dolores Pastora, unha pianista de moita calidade, \u00e1 que lle incautaron o seu piano porque o seu pai, o farmac\u00e9utico Ulpiano Pi\u00f1a foi represaliado ao que lle embargaron os bens, inclu\u00edda a s\u00faa farmacia. Ela reclamou a devoluci\u00f3n do seu piano e conseguiuno recuperar en 1941, pero xa estaba moi estragado. Finalizou coa interpretaci\u00f3n \u201cBerce\u201d e \u201cEspa\u00f1ola\u201d de Rosita Garc\u00eda Ascot, disc\u00edpula predilecta de Manuel de Falla, casada con Bal y Gay en 1933. Ela coma moitos outros tivo que se refuxiara no exilio en M\u00e9xico a onde chegou en 1939, m\u00e1is al\u00e1 lonxe tivo de abandonar a s\u00faa profesi\u00f3n musical.<\/p>\n\n\n\n<p>Ao final fixemos unha ofrenda floral perante o monumento coa colaboraci\u00f3n de familiares das v\u00edtimas mortais dos concellos do Partido Xudicial de Tui. Representando \u00e1s familias represaliadas en diferentes concellos participaron Darina Dom\u00ednguez, filla de Taxota Dom\u00ednguez Pacheco e Concha Andr\u00e9s, neta de Mar\u00eda da Luz Pacheco e sobri\u00f1a de \u00c1ngel e Antonio Dom\u00ednguez Pacheco, paseados na Guarda; Pablo Noya, neto de Juan Noya, e sobri\u00f1o-neto de Manuel Noya, duramente torturado e paseado; Lidia e Ivone, por seren familiares de Laureano D\u00f3niz Mart\u00ednez, de Forcadela, un dos carabineiros fusilados o 16 de setembro do 36 na Alameda, xunto con 12 carabineiros m\u00e1is e dous membros do Cabo Fradera, e Manuel Fern\u00e1ndez, neto de Seraf\u00edn Fern\u00e1ndez Costas e sobri\u00f1o de Julio Fern\u00e1ndez Fern\u00e1ndez, de Tui. Mais tam\u00e9n estiveron nesta homenaxe moitas outras familias damnificadas pola barbarie vivida no 36, que aqu\u00ed non podemos nomear.<\/p>\n\n\n\n<p>Neste acto houbo moitos reencontros emotivos de persoas que xa estiveran na inauguraci\u00f3n. Agradecemos a presenza do numeroso p\u00fablico que acudiu desde moitos lugares de Galiza para lembraren connosco esta parte da Historia que nos queren facer esquecer. Era un acto obrigado pois, como indicou certeiramente Mar\u00eda Reim\u00f3ndez, a\u00ednda que estamos no ver\u00e1n, \u00abo traballo da memoria tampouco ten descanso, non colle vacaci\u00f3ns\u00bb, e \u00e1 diferenza do ver\u00e1n do 36, hoxe deberiamos co\u00f1ecer de xeito certeiro as consecuencias tr\u00e1xicas deses meses quentes e aciagos .<\/p>\n","protected":false},"excerpt":{"rendered":"<div class=\"mh-excerpt\"><p>Neste ano, a Comisi\u00f3n pola Recuperaci\u00f3n da Memoria Hist\u00f3rica do Baixo Mi\u00f1o, O Condado e A Louri\u00f1a leva realizados unha serie de actos en diversos lugares <a class=\"mh-excerpt-more\" href=\"https:\/\/www.anovapeneira.gal\/index.php\/2024\/07\/09\/a-comision-cidada-pola-verdade-do-36-e-o-monumento-en-memoria-das-vitimas-da-represion\/\" title=\"A comisi\u00f3n cidad\u00e1 pola verdade do 36 e o monumento en memoria das v\u00edtimas da represi\u00f3n\">[&#8230;]<\/a><\/p>\n<\/div>","protected":false},"author":12,"featured_media":12024,"comment_status":"open","ping_status":"open","sticky":false,"template":"","format":"standard","meta":{"_exactmetrics_skip_tracking":false,"_exactmetrics_sitenote_active":false,"_exactmetrics_sitenote_note":"","_exactmetrics_sitenote_category":0,"footnotes":""},"categories":[7],"tags":[],"class_list":{"0":"post-12019","1":"post","2":"type-post","3":"status-publish","4":"format-standard","5":"has-post-thumbnail","7":"category-artigos-de-opinion"},"yoast_head":"<!-- This site is optimized with the Yoast SEO plugin v27.4 - https:\/\/yoast.com\/product\/yoast-seo-wordpress\/ -->\n<title>A comisi\u00f3n cidad\u00e1 pola verdade do 36 e o monumento en memoria das v\u00edtimas da represi\u00f3n -<\/title>\n<meta name=\"robots\" content=\"index, follow, max-snippet:-1, max-image-preview:large, max-video-preview:-1\" \/>\n<link rel=\"canonical\" href=\"https:\/\/www.anovapeneira.gal\/index.php\/2024\/07\/09\/a-comision-cidada-pola-verdade-do-36-e-o-monumento-en-memoria-das-vitimas-da-represion\/\" \/>\n<meta property=\"og:locale\" content=\"gl_ES\" \/>\n<meta property=\"og:type\" content=\"article\" \/>\n<meta property=\"og:title\" content=\"A comisi\u00f3n cidad\u00e1 pola verdade do 36 e o monumento en memoria das v\u00edtimas da represi\u00f3n -\" \/>\n<meta property=\"og:description\" content=\"Neste ano, a Comisi\u00f3n pola Recuperaci\u00f3n da Memoria Hist\u00f3rica do Baixo Mi\u00f1o, O Condado e A Louri\u00f1a leva realizados unha serie de actos en diversos lugares [...]\" \/>\n<meta property=\"og:url\" content=\"https:\/\/www.anovapeneira.gal\/index.php\/2024\/07\/09\/a-comision-cidada-pola-verdade-do-36-e-o-monumento-en-memoria-das-vitimas-da-represion\/\" \/>\n<meta property=\"article:publisher\" content=\"https:\/\/www.facebook.com\/anovapeneira\" \/>\n<meta property=\"article:published_time\" content=\"2024-07-09T08:00:36+00:00\" \/>\n<meta property=\"og:image\" content=\"https:\/\/www.anovapeneira.gal\/wp-content\/uploads\/2024\/07\/helena_pousa_memoria.jpg\" \/>\n\t<meta property=\"og:image:width\" content=\"720\" \/>\n\t<meta property=\"og:image:height\" content=\"432\" \/>\n\t<meta property=\"og:image:type\" content=\"image\/jpeg\" \/>\n<meta name=\"author\" content=\"Artigos Opini\u00f3n\" \/>\n<meta name=\"twitter:card\" content=\"summary_large_image\" \/>\n<meta name=\"twitter:creator\" content=\"@APeneira\" \/>\n<meta name=\"twitter:site\" content=\"@APeneira\" \/>\n<meta name=\"twitter:label1\" content=\"Escrito por\" \/>\n\t<meta name=\"twitter:data1\" content=\"Artigos Opini\u00f3n\" \/>\n\t<meta name=\"twitter:label2\" content=\"Tempo de lectura\" \/>\n\t<meta name=\"twitter:data2\" content=\"9 minutos\" \/>\n<script type=\"application\/ld+json\" class=\"yoast-schema-graph\">{\"@context\":\"https:\\\/\\\/schema.org\",\"@graph\":[{\"@type\":\"Article\",\"@id\":\"https:\\\/\\\/www.anovapeneira.gal\\\/index.php\\\/2024\\\/07\\\/09\\\/a-comision-cidada-pola-verdade-do-36-e-o-monumento-en-memoria-das-vitimas-da-represion\\\/#article\",\"isPartOf\":{\"@id\":\"https:\\\/\\\/www.anovapeneira.gal\\\/index.php\\\/2024\\\/07\\\/09\\\/a-comision-cidada-pola-verdade-do-36-e-o-monumento-en-memoria-das-vitimas-da-represion\\\/\"},\"author\":{\"name\":\"Artigos Opini\u00f3n\",\"@id\":\"https:\\\/\\\/www.anovapeneira.gal\\\/#\\\/schema\\\/person\\\/f18a4feb302e8f20bcef4490b5b60bb3\"},\"headline\":\"A comisi\u00f3n cidad\u00e1 pola verdade do 36 e o monumento en memoria das v\u00edtimas da represi\u00f3n\",\"datePublished\":\"2024-07-09T08:00:36+00:00\",\"mainEntityOfPage\":{\"@id\":\"https:\\\/\\\/www.anovapeneira.gal\\\/index.php\\\/2024\\\/07\\\/09\\\/a-comision-cidada-pola-verdade-do-36-e-o-monumento-en-memoria-das-vitimas-da-represion\\\/\"},\"wordCount\":1628,\"commentCount\":0,\"publisher\":{\"@id\":\"https:\\\/\\\/www.anovapeneira.gal\\\/#organization\"},\"image\":{\"@id\":\"https:\\\/\\\/www.anovapeneira.gal\\\/index.php\\\/2024\\\/07\\\/09\\\/a-comision-cidada-pola-verdade-do-36-e-o-monumento-en-memoria-das-vitimas-da-represion\\\/#primaryimage\"},\"thumbnailUrl\":\"https:\\\/\\\/www.anovapeneira.gal\\\/wp-content\\\/uploads\\\/2024\\\/07\\\/helena_pousa_memoria.jpg\",\"articleSection\":[\"Artigos de opini\u00f3n\"],\"inLanguage\":\"gl-ES\",\"potentialAction\":[{\"@type\":\"CommentAction\",\"name\":\"Comment\",\"target\":[\"https:\\\/\\\/www.anovapeneira.gal\\\/index.php\\\/2024\\\/07\\\/09\\\/a-comision-cidada-pola-verdade-do-36-e-o-monumento-en-memoria-das-vitimas-da-represion\\\/#respond\"]}]},{\"@type\":\"WebPage\",\"@id\":\"https:\\\/\\\/www.anovapeneira.gal\\\/index.php\\\/2024\\\/07\\\/09\\\/a-comision-cidada-pola-verdade-do-36-e-o-monumento-en-memoria-das-vitimas-da-represion\\\/\",\"url\":\"https:\\\/\\\/www.anovapeneira.gal\\\/index.php\\\/2024\\\/07\\\/09\\\/a-comision-cidada-pola-verdade-do-36-e-o-monumento-en-memoria-das-vitimas-da-represion\\\/\",\"name\":\"A comisi\u00f3n cidad\u00e1 pola verdade do 36 e o monumento en memoria das v\u00edtimas da represi\u00f3n -\",\"isPartOf\":{\"@id\":\"https:\\\/\\\/www.anovapeneira.gal\\\/#website\"},\"primaryImageOfPage\":{\"@id\":\"https:\\\/\\\/www.anovapeneira.gal\\\/index.php\\\/2024\\\/07\\\/09\\\/a-comision-cidada-pola-verdade-do-36-e-o-monumento-en-memoria-das-vitimas-da-represion\\\/#primaryimage\"},\"image\":{\"@id\":\"https:\\\/\\\/www.anovapeneira.gal\\\/index.php\\\/2024\\\/07\\\/09\\\/a-comision-cidada-pola-verdade-do-36-e-o-monumento-en-memoria-das-vitimas-da-represion\\\/#primaryimage\"},\"thumbnailUrl\":\"https:\\\/\\\/www.anovapeneira.gal\\\/wp-content\\\/uploads\\\/2024\\\/07\\\/helena_pousa_memoria.jpg\",\"datePublished\":\"2024-07-09T08:00:36+00:00\",\"breadcrumb\":{\"@id\":\"https:\\\/\\\/www.anovapeneira.gal\\\/index.php\\\/2024\\\/07\\\/09\\\/a-comision-cidada-pola-verdade-do-36-e-o-monumento-en-memoria-das-vitimas-da-represion\\\/#breadcrumb\"},\"inLanguage\":\"gl-ES\",\"potentialAction\":[{\"@type\":\"ReadAction\",\"target\":[\"https:\\\/\\\/www.anovapeneira.gal\\\/index.php\\\/2024\\\/07\\\/09\\\/a-comision-cidada-pola-verdade-do-36-e-o-monumento-en-memoria-das-vitimas-da-represion\\\/\"]}]},{\"@type\":\"ImageObject\",\"inLanguage\":\"gl-ES\",\"@id\":\"https:\\\/\\\/www.anovapeneira.gal\\\/index.php\\\/2024\\\/07\\\/09\\\/a-comision-cidada-pola-verdade-do-36-e-o-monumento-en-memoria-das-vitimas-da-represion\\\/#primaryimage\",\"url\":\"https:\\\/\\\/www.anovapeneira.gal\\\/wp-content\\\/uploads\\\/2024\\\/07\\\/helena_pousa_memoria.jpg\",\"contentUrl\":\"https:\\\/\\\/www.anovapeneira.gal\\\/wp-content\\\/uploads\\\/2024\\\/07\\\/helena_pousa_memoria.jpg\",\"width\":720,\"height\":432,\"caption\":\"Foto de Demetrio Monteagudo\"},{\"@type\":\"BreadcrumbList\",\"@id\":\"https:\\\/\\\/www.anovapeneira.gal\\\/index.php\\\/2024\\\/07\\\/09\\\/a-comision-cidada-pola-verdade-do-36-e-o-monumento-en-memoria-das-vitimas-da-represion\\\/#breadcrumb\",\"itemListElement\":[{\"@type\":\"ListItem\",\"position\":1,\"name\":\"Portada\",\"item\":\"https:\\\/\\\/www.anovapeneira.gal\\\/\"},{\"@type\":\"ListItem\",\"position\":2,\"name\":\"A comisi\u00f3n cidad\u00e1 pola verdade do 36 e o monumento en memoria das v\u00edtimas da represi\u00f3n\"}]},{\"@type\":\"WebSite\",\"@id\":\"https:\\\/\\\/www.anovapeneira.gal\\\/#website\",\"url\":\"https:\\\/\\\/www.anovapeneira.gal\\\/\",\"name\":\"\",\"description\":\"Xornal galego de informaci\u00f3n xeral Publicaci\u00f3n mensual de novas de Galicia e en especial dos Concellos da sur da provincia de Pontevedra.\",\"publisher\":{\"@id\":\"https:\\\/\\\/www.anovapeneira.gal\\\/#organization\"},\"potentialAction\":[{\"@type\":\"SearchAction\",\"target\":{\"@type\":\"EntryPoint\",\"urlTemplate\":\"https:\\\/\\\/www.anovapeneira.gal\\\/?s={search_term_string}\"},\"query-input\":{\"@type\":\"PropertyValueSpecification\",\"valueRequired\":true,\"valueName\":\"search_term_string\"}}],\"inLanguage\":\"gl-ES\"},{\"@type\":\"Organization\",\"@id\":\"https:\\\/\\\/www.anovapeneira.gal\\\/#organization\",\"name\":\"A Nova Peneira\",\"url\":\"https:\\\/\\\/www.anovapeneira.gal\\\/\",\"logo\":{\"@type\":\"ImageObject\",\"inLanguage\":\"gl-ES\",\"@id\":\"https:\\\/\\\/www.anovapeneira.gal\\\/#\\\/schema\\\/logo\\\/image\\\/\",\"url\":\"http:\\\/\\\/www.anovapeneira.gal\\\/wp-content\\\/uploads\\\/2019\\\/06\\\/logo_a_nova_peneira_portal_web.png\",\"contentUrl\":\"http:\\\/\\\/www.anovapeneira.gal\\\/wp-content\\\/uploads\\\/2019\\\/06\\\/logo_a_nova_peneira_portal_web.png\",\"width\":300,\"height\":100,\"caption\":\"A Nova Peneira\"},\"image\":{\"@id\":\"https:\\\/\\\/www.anovapeneira.gal\\\/#\\\/schema\\\/logo\\\/image\\\/\"},\"sameAs\":[\"https:\\\/\\\/www.facebook.com\\\/anovapeneira\",\"https:\\\/\\\/x.com\\\/APeneira\"]},{\"@type\":\"Person\",\"@id\":\"https:\\\/\\\/www.anovapeneira.gal\\\/#\\\/schema\\\/person\\\/f18a4feb302e8f20bcef4490b5b60bb3\",\"name\":\"Artigos Opini\u00f3n\",\"image\":{\"@type\":\"ImageObject\",\"inLanguage\":\"gl-ES\",\"@id\":\"https:\\\/\\\/secure.gravatar.com\\\/avatar\\\/072844300f4881150aee2da4278f7a65d16eefdf8262eb67085f1e702de2b959?s=96&d=mm&r=g\",\"url\":\"https:\\\/\\\/secure.gravatar.com\\\/avatar\\\/072844300f4881150aee2da4278f7a65d16eefdf8262eb67085f1e702de2b959?s=96&d=mm&r=g\",\"contentUrl\":\"https:\\\/\\\/secure.gravatar.com\\\/avatar\\\/072844300f4881150aee2da4278f7a65d16eefdf8262eb67085f1e702de2b959?s=96&d=mm&r=g\",\"caption\":\"Artigos Opini\u00f3n\"},\"sameAs\":[\"http:\\\/\\\/anovapeneira.gal\"],\"url\":\"https:\\\/\\\/www.anovapeneira.gal\\\/index.php\\\/author\\\/artigosopinion\\\/\"}]}<\/script>\n<!-- \/ Yoast SEO plugin. -->","yoast_head_json":{"title":"A comisi\u00f3n cidad\u00e1 pola verdade do 36 e o monumento en memoria das v\u00edtimas da represi\u00f3n -","robots":{"index":"index","follow":"follow","max-snippet":"max-snippet:-1","max-image-preview":"max-image-preview:large","max-video-preview":"max-video-preview:-1"},"canonical":"https:\/\/www.anovapeneira.gal\/index.php\/2024\/07\/09\/a-comision-cidada-pola-verdade-do-36-e-o-monumento-en-memoria-das-vitimas-da-represion\/","og_locale":"gl_ES","og_type":"article","og_title":"A comisi\u00f3n cidad\u00e1 pola verdade do 36 e o monumento en memoria das v\u00edtimas da represi\u00f3n -","og_description":"Neste ano, a Comisi\u00f3n pola Recuperaci\u00f3n da Memoria Hist\u00f3rica do Baixo Mi\u00f1o, O Condado e A Louri\u00f1a leva realizados unha serie de actos en diversos lugares [...]","og_url":"https:\/\/www.anovapeneira.gal\/index.php\/2024\/07\/09\/a-comision-cidada-pola-verdade-do-36-e-o-monumento-en-memoria-das-vitimas-da-represion\/","article_publisher":"https:\/\/www.facebook.com\/anovapeneira","article_published_time":"2024-07-09T08:00:36+00:00","og_image":[{"width":720,"height":432,"url":"https:\/\/www.anovapeneira.gal\/wp-content\/uploads\/2024\/07\/helena_pousa_memoria.jpg","type":"image\/jpeg"}],"author":"Artigos Opini\u00f3n","twitter_card":"summary_large_image","twitter_creator":"@APeneira","twitter_site":"@APeneira","twitter_misc":{"Escrito por":"Artigos Opini\u00f3n","Tempo de lectura":"9 minutos"},"schema":{"@context":"https:\/\/schema.org","@graph":[{"@type":"Article","@id":"https:\/\/www.anovapeneira.gal\/index.php\/2024\/07\/09\/a-comision-cidada-pola-verdade-do-36-e-o-monumento-en-memoria-das-vitimas-da-represion\/#article","isPartOf":{"@id":"https:\/\/www.anovapeneira.gal\/index.php\/2024\/07\/09\/a-comision-cidada-pola-verdade-do-36-e-o-monumento-en-memoria-das-vitimas-da-represion\/"},"author":{"name":"Artigos Opini\u00f3n","@id":"https:\/\/www.anovapeneira.gal\/#\/schema\/person\/f18a4feb302e8f20bcef4490b5b60bb3"},"headline":"A comisi\u00f3n cidad\u00e1 pola verdade do 36 e o monumento en memoria das v\u00edtimas da represi\u00f3n","datePublished":"2024-07-09T08:00:36+00:00","mainEntityOfPage":{"@id":"https:\/\/www.anovapeneira.gal\/index.php\/2024\/07\/09\/a-comision-cidada-pola-verdade-do-36-e-o-monumento-en-memoria-das-vitimas-da-represion\/"},"wordCount":1628,"commentCount":0,"publisher":{"@id":"https:\/\/www.anovapeneira.gal\/#organization"},"image":{"@id":"https:\/\/www.anovapeneira.gal\/index.php\/2024\/07\/09\/a-comision-cidada-pola-verdade-do-36-e-o-monumento-en-memoria-das-vitimas-da-represion\/#primaryimage"},"thumbnailUrl":"https:\/\/www.anovapeneira.gal\/wp-content\/uploads\/2024\/07\/helena_pousa_memoria.jpg","articleSection":["Artigos de opini\u00f3n"],"inLanguage":"gl-ES","potentialAction":[{"@type":"CommentAction","name":"Comment","target":["https:\/\/www.anovapeneira.gal\/index.php\/2024\/07\/09\/a-comision-cidada-pola-verdade-do-36-e-o-monumento-en-memoria-das-vitimas-da-represion\/#respond"]}]},{"@type":"WebPage","@id":"https:\/\/www.anovapeneira.gal\/index.php\/2024\/07\/09\/a-comision-cidada-pola-verdade-do-36-e-o-monumento-en-memoria-das-vitimas-da-represion\/","url":"https:\/\/www.anovapeneira.gal\/index.php\/2024\/07\/09\/a-comision-cidada-pola-verdade-do-36-e-o-monumento-en-memoria-das-vitimas-da-represion\/","name":"A comisi\u00f3n cidad\u00e1 pola verdade do 36 e o monumento en memoria das v\u00edtimas da represi\u00f3n -","isPartOf":{"@id":"https:\/\/www.anovapeneira.gal\/#website"},"primaryImageOfPage":{"@id":"https:\/\/www.anovapeneira.gal\/index.php\/2024\/07\/09\/a-comision-cidada-pola-verdade-do-36-e-o-monumento-en-memoria-das-vitimas-da-represion\/#primaryimage"},"image":{"@id":"https:\/\/www.anovapeneira.gal\/index.php\/2024\/07\/09\/a-comision-cidada-pola-verdade-do-36-e-o-monumento-en-memoria-das-vitimas-da-represion\/#primaryimage"},"thumbnailUrl":"https:\/\/www.anovapeneira.gal\/wp-content\/uploads\/2024\/07\/helena_pousa_memoria.jpg","datePublished":"2024-07-09T08:00:36+00:00","breadcrumb":{"@id":"https:\/\/www.anovapeneira.gal\/index.php\/2024\/07\/09\/a-comision-cidada-pola-verdade-do-36-e-o-monumento-en-memoria-das-vitimas-da-represion\/#breadcrumb"},"inLanguage":"gl-ES","potentialAction":[{"@type":"ReadAction","target":["https:\/\/www.anovapeneira.gal\/index.php\/2024\/07\/09\/a-comision-cidada-pola-verdade-do-36-e-o-monumento-en-memoria-das-vitimas-da-represion\/"]}]},{"@type":"ImageObject","inLanguage":"gl-ES","@id":"https:\/\/www.anovapeneira.gal\/index.php\/2024\/07\/09\/a-comision-cidada-pola-verdade-do-36-e-o-monumento-en-memoria-das-vitimas-da-represion\/#primaryimage","url":"https:\/\/www.anovapeneira.gal\/wp-content\/uploads\/2024\/07\/helena_pousa_memoria.jpg","contentUrl":"https:\/\/www.anovapeneira.gal\/wp-content\/uploads\/2024\/07\/helena_pousa_memoria.jpg","width":720,"height":432,"caption":"Foto de Demetrio Monteagudo"},{"@type":"BreadcrumbList","@id":"https:\/\/www.anovapeneira.gal\/index.php\/2024\/07\/09\/a-comision-cidada-pola-verdade-do-36-e-o-monumento-en-memoria-das-vitimas-da-represion\/#breadcrumb","itemListElement":[{"@type":"ListItem","position":1,"name":"Portada","item":"https:\/\/www.anovapeneira.gal\/"},{"@type":"ListItem","position":2,"name":"A comisi\u00f3n cidad\u00e1 pola verdade do 36 e o monumento en memoria das v\u00edtimas da represi\u00f3n"}]},{"@type":"WebSite","@id":"https:\/\/www.anovapeneira.gal\/#website","url":"https:\/\/www.anovapeneira.gal\/","name":"","description":"Xornal galego de informaci\u00f3n xeral Publicaci\u00f3n mensual de novas de Galicia e en especial dos Concellos da sur da provincia de Pontevedra.","publisher":{"@id":"https:\/\/www.anovapeneira.gal\/#organization"},"potentialAction":[{"@type":"SearchAction","target":{"@type":"EntryPoint","urlTemplate":"https:\/\/www.anovapeneira.gal\/?s={search_term_string}"},"query-input":{"@type":"PropertyValueSpecification","valueRequired":true,"valueName":"search_term_string"}}],"inLanguage":"gl-ES"},{"@type":"Organization","@id":"https:\/\/www.anovapeneira.gal\/#organization","name":"A Nova Peneira","url":"https:\/\/www.anovapeneira.gal\/","logo":{"@type":"ImageObject","inLanguage":"gl-ES","@id":"https:\/\/www.anovapeneira.gal\/#\/schema\/logo\/image\/","url":"http:\/\/www.anovapeneira.gal\/wp-content\/uploads\/2019\/06\/logo_a_nova_peneira_portal_web.png","contentUrl":"http:\/\/www.anovapeneira.gal\/wp-content\/uploads\/2019\/06\/logo_a_nova_peneira_portal_web.png","width":300,"height":100,"caption":"A Nova Peneira"},"image":{"@id":"https:\/\/www.anovapeneira.gal\/#\/schema\/logo\/image\/"},"sameAs":["https:\/\/www.facebook.com\/anovapeneira","https:\/\/x.com\/APeneira"]},{"@type":"Person","@id":"https:\/\/www.anovapeneira.gal\/#\/schema\/person\/f18a4feb302e8f20bcef4490b5b60bb3","name":"Artigos Opini\u00f3n","image":{"@type":"ImageObject","inLanguage":"gl-ES","@id":"https:\/\/secure.gravatar.com\/avatar\/072844300f4881150aee2da4278f7a65d16eefdf8262eb67085f1e702de2b959?s=96&d=mm&r=g","url":"https:\/\/secure.gravatar.com\/avatar\/072844300f4881150aee2da4278f7a65d16eefdf8262eb67085f1e702de2b959?s=96&d=mm&r=g","contentUrl":"https:\/\/secure.gravatar.com\/avatar\/072844300f4881150aee2da4278f7a65d16eefdf8262eb67085f1e702de2b959?s=96&d=mm&r=g","caption":"Artigos Opini\u00f3n"},"sameAs":["http:\/\/anovapeneira.gal"],"url":"https:\/\/www.anovapeneira.gal\/index.php\/author\/artigosopinion\/"}]}},"jetpack_featured_media_url":"https:\/\/www.anovapeneira.gal\/wp-content\/uploads\/2024\/07\/helena_pousa_memoria.jpg","_links":{"self":[{"href":"https:\/\/www.anovapeneira.gal\/index.php\/wp-json\/wp\/v2\/posts\/12019","targetHints":{"allow":["GET"]}}],"collection":[{"href":"https:\/\/www.anovapeneira.gal\/index.php\/wp-json\/wp\/v2\/posts"}],"about":[{"href":"https:\/\/www.anovapeneira.gal\/index.php\/wp-json\/wp\/v2\/types\/post"}],"author":[{"embeddable":true,"href":"https:\/\/www.anovapeneira.gal\/index.php\/wp-json\/wp\/v2\/users\/12"}],"replies":[{"embeddable":true,"href":"https:\/\/www.anovapeneira.gal\/index.php\/wp-json\/wp\/v2\/comments?post=12019"}],"version-history":[{"count":4,"href":"https:\/\/www.anovapeneira.gal\/index.php\/wp-json\/wp\/v2\/posts\/12019\/revisions"}],"predecessor-version":[{"id":12026,"href":"https:\/\/www.anovapeneira.gal\/index.php\/wp-json\/wp\/v2\/posts\/12019\/revisions\/12026"}],"wp:featuredmedia":[{"embeddable":true,"href":"https:\/\/www.anovapeneira.gal\/index.php\/wp-json\/wp\/v2\/media\/12024"}],"wp:attachment":[{"href":"https:\/\/www.anovapeneira.gal\/index.php\/wp-json\/wp\/v2\/media?parent=12019"}],"wp:term":[{"taxonomy":"category","embeddable":true,"href":"https:\/\/www.anovapeneira.gal\/index.php\/wp-json\/wp\/v2\/categories?post=12019"},{"taxonomy":"post_tag","embeddable":true,"href":"https:\/\/www.anovapeneira.gal\/index.php\/wp-json\/wp\/v2\/tags?post=12019"}],"curies":[{"name":"wp","href":"https:\/\/api.w.org\/{rel}","templated":true}]}}