{"id":12028,"date":"2024-07-09T12:00:05","date_gmt":"2024-07-09T10:00:05","guid":{"rendered":"https:\/\/www.anovapeneira.gal\/?p=12028"},"modified":"2024-07-08T13:25:31","modified_gmt":"2024-07-08T11:25:31","slug":"mondariz-presentara-en-setembro-ao-estado-a-relacion-de-pagos-pendentes","status":"publish","type":"post","link":"https:\/\/www.anovapeneira.gal\/index.php\/2024\/07\/09\/mondariz-presentara-en-setembro-ao-estado-a-relacion-de-pagos-pendentes\/","title":{"rendered":"Mondariz presentar\u00e1 en setembro ao Estado a relaci\u00f3n de pagos pendentes"},"content":{"rendered":"\n<p>O Concello de Mondariz informa \u00e1 cidadan\u00eda que ante a d\u00e9beda acumulada o Estado intervir\u00e1 na xesti\u00f3n econ\u00f3mica do Concello para dirixir o procedemento de pago a proveedores do ano 2024. O alcalde de Mondariz, Calis Montes, sinala que este \u00e9 un proceso que permitir\u00e1 ir saldando a d\u00e9beda do Concello. \u201cEntrar neste procedemento axudar\u00e1 a acadar unha econom\u00eda saneada e garante que as empresas que levan tempo agardando poidan cobrar\u201d.<\/p>\n\n\n\n<p>A Comisi\u00f3n Delegada do Goberno para Asuntos Econ\u00f3micos (CDGAE) obriga ao Concello de Mondariz, xunto con outros da provincia, a adherirse a este procedemento de pago a proveedores dirixido a aquelas entidades locais que inclumpliran o plazo m\u00e1ximo de pago a proveedores fixado na normativa vixente de loita contra a morosidade.<\/p>\n\n\n\n<p><a><\/a> Explica o alcalde que agora \u201cnon vale lamentarse e buscar culpables, \u00e9 unha situaci\u00f3n \u00e0 que se chega despois de moitos anos de atrasos e desequilibrio na econom\u00eda municipal. O Estado farase cargo de pagar a proveedores e o Concello ter\u00e1 que ir pagando ao Estado ao longo de catorce anos\u201d.<\/p>\n\n\n\n<p>A concelleira de Facenda, M\u00f3nica V\u00e1zquez, explica que no mes de setembro o Concello ten que presentar a relaci\u00f3n de pagos pendentes e se os proveedores est\u00e1n conformes con este procedemento poder\u00e1n cobrar o pendente en outubro. A partir de a\u00ed o Concello de Mondariz ter\u00e1 que aprobar un plan de axuste no que planifique a econom\u00eda do Concello nos vindeiros anos coa obrigatoriedade de reducir o gasto corrente e incrementar algunhas taxas e impostos municipais.<\/p>\n\n\n\n<p>A\u00ednda que no acordo da Comisi\u00f3n Delegada do Goberno para Asuntos Econ\u00f3micos do 24 de xu\u00f1o se indica como importe m\u00e1ximo financiable 1.664.549 euros, este dato foi tomado de remisi\u00f3ns de informaci\u00f3n anteriores e actualmente a d\u00e9beda a proveedores \u00e9 menor.<\/p>\n\n\n\n<p>\u201cHaber\u00e1 que ir devolvendo ese adianto que o Estado far\u00e1 aos proveedores, por iso de aqu\u00ed a setembro tentaremos que sexa o menor importe posible para que as medidas de reaxuste tam\u00e9n sexan as menores posible\u201d, engade o alcalde.<\/p>\n\n\n\n<p>Calis Montes salienta que \u201ccando chegamos sab\u00edamos que ter\u00edamos que facer frente a d\u00e9bedas e que nos \u00eda tocar gobernar unha vila cunha econom\u00eda moi restrinxida, sab\u00edamos que non \u00eda ser doado e por este motivo seguiremos traballando na procura de convenios e apoios que fagan posible todos os proxectos que temos para Mondariz. Este \u00e9 o xeito de que as pequenas e medianas empresas poidan cobrar as\u00ed que faremos todo o posible para facilitar o traballo do Estado e hipotecar o menos posible a econom\u00eda municipal\u201d.<\/p>\n","protected":false},"excerpt":{"rendered":"<div class=\"mh-excerpt\"><p>O Concello de Mondariz informa \u00e1 cidadan\u00eda que ante a d\u00e9beda acumulada o Estado intervir\u00e1 na xesti\u00f3n econ\u00f3mica do Concello para dirixir o procedemento de pago a proveedores do ano 2024 <a class=\"mh-excerpt-more\" href=\"https:\/\/www.anovapeneira.gal\/index.php\/2024\/07\/09\/mondariz-presentara-en-setembro-ao-estado-a-relacion-de-pagos-pendentes\/\" title=\"Mondariz presentar\u00e1 en setembro ao Estado a relaci\u00f3n de pagos pendentes\">[&#8230;]<\/a><\/p>\n<\/div>","protected":false},"author":3,"featured_media":890,"comment_status":"open","ping_status":"open","sticky":false,"template":"","format":"standard","meta":{"_exactmetrics_skip_tracking":false,"_exactmetrics_sitenote_active":false,"_exactmetrics_sitenote_note":"","_exactmetrics_sitenote_category":0,"footnotes":""},"categories":[25],"tags":[405],"class_list":{"0":"post-12028","1":"post","2":"type-post","3":"status-publish","4":"format-standard","5":"has-post-thumbnail","7":"category-condado","8":"tag-concello-de-mondariz"},"yoast_head":"<!-- This site is optimized with the Yoast SEO plugin v27.4 - https:\/\/yoast.com\/product\/yoast-seo-wordpress\/ -->\n<title>Mondariz presentar\u00e1 en setembro ao Estado a relaci\u00f3n de pagos pendentes -<\/title>\n<meta name=\"robots\" content=\"index, follow, max-snippet:-1, max-image-preview:large, max-video-preview:-1\" \/>\n<link rel=\"canonical\" href=\"https:\/\/www.anovapeneira.gal\/index.php\/2024\/07\/09\/mondariz-presentara-en-setembro-ao-estado-a-relacion-de-pagos-pendentes\/\" \/>\n<meta property=\"og:locale\" content=\"gl_ES\" \/>\n<meta property=\"og:type\" content=\"article\" \/>\n<meta property=\"og:title\" content=\"Mondariz presentar\u00e1 en setembro ao Estado a relaci\u00f3n de pagos pendentes -\" \/>\n<meta property=\"og:description\" content=\"O Concello de Mondariz informa \u00e1 cidadan\u00eda que ante a d\u00e9beda acumulada o Estado intervir\u00e1 na xesti\u00f3n econ\u00f3mica do Concello para dirixir o procedemento de pago a proveedores do ano 2024 [...]\" \/>\n<meta property=\"og:url\" content=\"https:\/\/www.anovapeneira.gal\/index.php\/2024\/07\/09\/mondariz-presentara-en-setembro-ao-estado-a-relacion-de-pagos-pendentes\/\" \/>\n<meta property=\"article:publisher\" content=\"https:\/\/www.facebook.com\/anovapeneira\" \/>\n<meta property=\"article:published_time\" content=\"2024-07-09T10:00:05+00:00\" \/>\n<meta property=\"og:image\" content=\"https:\/\/www.anovapeneira.gal\/wp-content\/uploads\/2019\/08\/logo-mondariz.png\" \/>\n\t<meta property=\"og:image:width\" content=\"720\" \/>\n\t<meta property=\"og:image:height\" content=\"473\" \/>\n\t<meta property=\"og:image:type\" content=\"image\/png\" \/>\n<meta name=\"author\" content=\"Redacci\u00f3n A Nova Peneira\" \/>\n<meta name=\"twitter:card\" content=\"summary_large_image\" \/>\n<meta name=\"twitter:creator\" content=\"@APeneira\" \/>\n<meta name=\"twitter:site\" content=\"@APeneira\" \/>\n<meta name=\"twitter:label1\" content=\"Escrito por\" \/>\n\t<meta name=\"twitter:data1\" content=\"Redacci\u00f3n A Nova Peneira\" \/>\n\t<meta name=\"twitter:label2\" content=\"Tempo de lectura\" \/>\n\t<meta name=\"twitter:data2\" content=\"3 minutos\" \/>\n<script type=\"application\/ld+json\" class=\"yoast-schema-graph\">{\"@context\":\"https:\\\/\\\/schema.org\",\"@graph\":[{\"@type\":\"Article\",\"@id\":\"https:\\\/\\\/www.anovapeneira.gal\\\/index.php\\\/2024\\\/07\\\/09\\\/mondariz-presentara-en-setembro-ao-estado-a-relacion-de-pagos-pendentes\\\/#article\",\"isPartOf\":{\"@id\":\"https:\\\/\\\/www.anovapeneira.gal\\\/index.php\\\/2024\\\/07\\\/09\\\/mondariz-presentara-en-setembro-ao-estado-a-relacion-de-pagos-pendentes\\\/\"},\"author\":{\"name\":\"Redacci\u00f3n A Nova Peneira\",\"@id\":\"https:\\\/\\\/www.anovapeneira.gal\\\/#\\\/schema\\\/person\\\/b93e3f8932e3f8da96334607eb6ac6aa\"},\"headline\":\"Mondariz presentar\u00e1 en setembro ao Estado a relaci\u00f3n de pagos pendentes\",\"datePublished\":\"2024-07-09T10:00:05+00:00\",\"mainEntityOfPage\":{\"@id\":\"https:\\\/\\\/www.anovapeneira.gal\\\/index.php\\\/2024\\\/07\\\/09\\\/mondariz-presentara-en-setembro-ao-estado-a-relacion-de-pagos-pendentes\\\/\"},\"wordCount\":451,\"commentCount\":0,\"publisher\":{\"@id\":\"https:\\\/\\\/www.anovapeneira.gal\\\/#organization\"},\"image\":{\"@id\":\"https:\\\/\\\/www.anovapeneira.gal\\\/index.php\\\/2024\\\/07\\\/09\\\/mondariz-presentara-en-setembro-ao-estado-a-relacion-de-pagos-pendentes\\\/#primaryimage\"},\"thumbnailUrl\":\"https:\\\/\\\/www.anovapeneira.gal\\\/wp-content\\\/uploads\\\/2019\\\/08\\\/logo-mondariz.png\",\"keywords\":[\"Concello de Mondariz\"],\"articleSection\":[\"Condado\"],\"inLanguage\":\"gl-ES\",\"potentialAction\":[{\"@type\":\"CommentAction\",\"name\":\"Comment\",\"target\":[\"https:\\\/\\\/www.anovapeneira.gal\\\/index.php\\\/2024\\\/07\\\/09\\\/mondariz-presentara-en-setembro-ao-estado-a-relacion-de-pagos-pendentes\\\/#respond\"]}]},{\"@type\":\"WebPage\",\"@id\":\"https:\\\/\\\/www.anovapeneira.gal\\\/index.php\\\/2024\\\/07\\\/09\\\/mondariz-presentara-en-setembro-ao-estado-a-relacion-de-pagos-pendentes\\\/\",\"url\":\"https:\\\/\\\/www.anovapeneira.gal\\\/index.php\\\/2024\\\/07\\\/09\\\/mondariz-presentara-en-setembro-ao-estado-a-relacion-de-pagos-pendentes\\\/\",\"name\":\"Mondariz presentar\u00e1 en setembro ao Estado a relaci\u00f3n de pagos pendentes -\",\"isPartOf\":{\"@id\":\"https:\\\/\\\/www.anovapeneira.gal\\\/#website\"},\"primaryImageOfPage\":{\"@id\":\"https:\\\/\\\/www.anovapeneira.gal\\\/index.php\\\/2024\\\/07\\\/09\\\/mondariz-presentara-en-setembro-ao-estado-a-relacion-de-pagos-pendentes\\\/#primaryimage\"},\"image\":{\"@id\":\"https:\\\/\\\/www.anovapeneira.gal\\\/index.php\\\/2024\\\/07\\\/09\\\/mondariz-presentara-en-setembro-ao-estado-a-relacion-de-pagos-pendentes\\\/#primaryimage\"},\"thumbnailUrl\":\"https:\\\/\\\/www.anovapeneira.gal\\\/wp-content\\\/uploads\\\/2019\\\/08\\\/logo-mondariz.png\",\"datePublished\":\"2024-07-09T10:00:05+00:00\",\"breadcrumb\":{\"@id\":\"https:\\\/\\\/www.anovapeneira.gal\\\/index.php\\\/2024\\\/07\\\/09\\\/mondariz-presentara-en-setembro-ao-estado-a-relacion-de-pagos-pendentes\\\/#breadcrumb\"},\"inLanguage\":\"gl-ES\",\"potentialAction\":[{\"@type\":\"ReadAction\",\"target\":[\"https:\\\/\\\/www.anovapeneira.gal\\\/index.php\\\/2024\\\/07\\\/09\\\/mondariz-presentara-en-setembro-ao-estado-a-relacion-de-pagos-pendentes\\\/\"]}]},{\"@type\":\"ImageObject\",\"inLanguage\":\"gl-ES\",\"@id\":\"https:\\\/\\\/www.anovapeneira.gal\\\/index.php\\\/2024\\\/07\\\/09\\\/mondariz-presentara-en-setembro-ao-estado-a-relacion-de-pagos-pendentes\\\/#primaryimage\",\"url\":\"https:\\\/\\\/www.anovapeneira.gal\\\/wp-content\\\/uploads\\\/2019\\\/08\\\/logo-mondariz.png\",\"contentUrl\":\"https:\\\/\\\/www.anovapeneira.gal\\\/wp-content\\\/uploads\\\/2019\\\/08\\\/logo-mondariz.png\",\"width\":720,\"height\":473,\"caption\":\"Concello Mondariz Nova Peneira\"},{\"@type\":\"BreadcrumbList\",\"@id\":\"https:\\\/\\\/www.anovapeneira.gal\\\/index.php\\\/2024\\\/07\\\/09\\\/mondariz-presentara-en-setembro-ao-estado-a-relacion-de-pagos-pendentes\\\/#breadcrumb\",\"itemListElement\":[{\"@type\":\"ListItem\",\"position\":1,\"name\":\"Portada\",\"item\":\"https:\\\/\\\/www.anovapeneira.gal\\\/\"},{\"@type\":\"ListItem\",\"position\":2,\"name\":\"Mondariz presentar\u00e1 en setembro ao Estado a relaci\u00f3n de pagos pendentes\"}]},{\"@type\":\"WebSite\",\"@id\":\"https:\\\/\\\/www.anovapeneira.gal\\\/#website\",\"url\":\"https:\\\/\\\/www.anovapeneira.gal\\\/\",\"name\":\"\",\"description\":\"Xornal galego de informaci\u00f3n xeral Publicaci\u00f3n mensual de novas de Galicia e en especial dos Concellos da sur da provincia de Pontevedra.\",\"publisher\":{\"@id\":\"https:\\\/\\\/www.anovapeneira.gal\\\/#organization\"},\"potentialAction\":[{\"@type\":\"SearchAction\",\"target\":{\"@type\":\"EntryPoint\",\"urlTemplate\":\"https:\\\/\\\/www.anovapeneira.gal\\\/?s={search_term_string}\"},\"query-input\":{\"@type\":\"PropertyValueSpecification\",\"valueRequired\":true,\"valueName\":\"search_term_string\"}}],\"inLanguage\":\"gl-ES\"},{\"@type\":\"Organization\",\"@id\":\"https:\\\/\\\/www.anovapeneira.gal\\\/#organization\",\"name\":\"A Nova Peneira\",\"url\":\"https:\\\/\\\/www.anovapeneira.gal\\\/\",\"logo\":{\"@type\":\"ImageObject\",\"inLanguage\":\"gl-ES\",\"@id\":\"https:\\\/\\\/www.anovapeneira.gal\\\/#\\\/schema\\\/logo\\\/image\\\/\",\"url\":\"http:\\\/\\\/www.anovapeneira.gal\\\/wp-content\\\/uploads\\\/2019\\\/06\\\/logo_a_nova_peneira_portal_web.png\",\"contentUrl\":\"http:\\\/\\\/www.anovapeneira.gal\\\/wp-content\\\/uploads\\\/2019\\\/06\\\/logo_a_nova_peneira_portal_web.png\",\"width\":300,\"height\":100,\"caption\":\"A Nova Peneira\"},\"image\":{\"@id\":\"https:\\\/\\\/www.anovapeneira.gal\\\/#\\\/schema\\\/logo\\\/image\\\/\"},\"sameAs\":[\"https:\\\/\\\/www.facebook.com\\\/anovapeneira\",\"https:\\\/\\\/x.com\\\/APeneira\"]},{\"@type\":\"Person\",\"@id\":\"https:\\\/\\\/www.anovapeneira.gal\\\/#\\\/schema\\\/person\\\/b93e3f8932e3f8da96334607eb6ac6aa\",\"name\":\"Redacci\u00f3n A Nova Peneira\",\"image\":{\"@type\":\"ImageObject\",\"inLanguage\":\"gl-ES\",\"@id\":\"https:\\\/\\\/secure.gravatar.com\\\/avatar\\\/c052a2551a06e23fac63626232eaa90abd78dbcf1700fc46a2b2c89fd27b735f?s=96&d=mm&r=g\",\"url\":\"https:\\\/\\\/secure.gravatar.com\\\/avatar\\\/c052a2551a06e23fac63626232eaa90abd78dbcf1700fc46a2b2c89fd27b735f?s=96&d=mm&r=g\",\"contentUrl\":\"https:\\\/\\\/secure.gravatar.com\\\/avatar\\\/c052a2551a06e23fac63626232eaa90abd78dbcf1700fc46a2b2c89fd27b735f?s=96&d=mm&r=g\",\"caption\":\"Redacci\u00f3n A Nova Peneira\"},\"sameAs\":[\"http:\\\/\\\/www.anovapeneira.gal\\\/\"],\"url\":\"https:\\\/\\\/www.anovapeneira.gal\\\/index.php\\\/author\\\/redactor\\\/\"}]}<\/script>\n<!-- \/ Yoast SEO plugin. -->","yoast_head_json":{"title":"Mondariz presentar\u00e1 en setembro ao Estado a relaci\u00f3n de pagos pendentes -","robots":{"index":"index","follow":"follow","max-snippet":"max-snippet:-1","max-image-preview":"max-image-preview:large","max-video-preview":"max-video-preview:-1"},"canonical":"https:\/\/www.anovapeneira.gal\/index.php\/2024\/07\/09\/mondariz-presentara-en-setembro-ao-estado-a-relacion-de-pagos-pendentes\/","og_locale":"gl_ES","og_type":"article","og_title":"Mondariz presentar\u00e1 en setembro ao Estado a relaci\u00f3n de pagos pendentes -","og_description":"O Concello de Mondariz informa \u00e1 cidadan\u00eda que ante a d\u00e9beda acumulada o Estado intervir\u00e1 na xesti\u00f3n econ\u00f3mica do Concello para dirixir o procedemento de pago a proveedores do ano 2024 [...]","og_url":"https:\/\/www.anovapeneira.gal\/index.php\/2024\/07\/09\/mondariz-presentara-en-setembro-ao-estado-a-relacion-de-pagos-pendentes\/","article_publisher":"https:\/\/www.facebook.com\/anovapeneira","article_published_time":"2024-07-09T10:00:05+00:00","og_image":[{"width":720,"height":473,"url":"https:\/\/www.anovapeneira.gal\/wp-content\/uploads\/2019\/08\/logo-mondariz.png","type":"image\/png"}],"author":"Redacci\u00f3n A Nova Peneira","twitter_card":"summary_large_image","twitter_creator":"@APeneira","twitter_site":"@APeneira","twitter_misc":{"Escrito por":"Redacci\u00f3n A Nova Peneira","Tempo de lectura":"3 minutos"},"schema":{"@context":"https:\/\/schema.org","@graph":[{"@type":"Article","@id":"https:\/\/www.anovapeneira.gal\/index.php\/2024\/07\/09\/mondariz-presentara-en-setembro-ao-estado-a-relacion-de-pagos-pendentes\/#article","isPartOf":{"@id":"https:\/\/www.anovapeneira.gal\/index.php\/2024\/07\/09\/mondariz-presentara-en-setembro-ao-estado-a-relacion-de-pagos-pendentes\/"},"author":{"name":"Redacci\u00f3n A Nova Peneira","@id":"https:\/\/www.anovapeneira.gal\/#\/schema\/person\/b93e3f8932e3f8da96334607eb6ac6aa"},"headline":"Mondariz presentar\u00e1 en setembro ao Estado a relaci\u00f3n de pagos pendentes","datePublished":"2024-07-09T10:00:05+00:00","mainEntityOfPage":{"@id":"https:\/\/www.anovapeneira.gal\/index.php\/2024\/07\/09\/mondariz-presentara-en-setembro-ao-estado-a-relacion-de-pagos-pendentes\/"},"wordCount":451,"commentCount":0,"publisher":{"@id":"https:\/\/www.anovapeneira.gal\/#organization"},"image":{"@id":"https:\/\/www.anovapeneira.gal\/index.php\/2024\/07\/09\/mondariz-presentara-en-setembro-ao-estado-a-relacion-de-pagos-pendentes\/#primaryimage"},"thumbnailUrl":"https:\/\/www.anovapeneira.gal\/wp-content\/uploads\/2019\/08\/logo-mondariz.png","keywords":["Concello de Mondariz"],"articleSection":["Condado"],"inLanguage":"gl-ES","potentialAction":[{"@type":"CommentAction","name":"Comment","target":["https:\/\/www.anovapeneira.gal\/index.php\/2024\/07\/09\/mondariz-presentara-en-setembro-ao-estado-a-relacion-de-pagos-pendentes\/#respond"]}]},{"@type":"WebPage","@id":"https:\/\/www.anovapeneira.gal\/index.php\/2024\/07\/09\/mondariz-presentara-en-setembro-ao-estado-a-relacion-de-pagos-pendentes\/","url":"https:\/\/www.anovapeneira.gal\/index.php\/2024\/07\/09\/mondariz-presentara-en-setembro-ao-estado-a-relacion-de-pagos-pendentes\/","name":"Mondariz presentar\u00e1 en setembro ao Estado a relaci\u00f3n de pagos pendentes -","isPartOf":{"@id":"https:\/\/www.anovapeneira.gal\/#website"},"primaryImageOfPage":{"@id":"https:\/\/www.anovapeneira.gal\/index.php\/2024\/07\/09\/mondariz-presentara-en-setembro-ao-estado-a-relacion-de-pagos-pendentes\/#primaryimage"},"image":{"@id":"https:\/\/www.anovapeneira.gal\/index.php\/2024\/07\/09\/mondariz-presentara-en-setembro-ao-estado-a-relacion-de-pagos-pendentes\/#primaryimage"},"thumbnailUrl":"https:\/\/www.anovapeneira.gal\/wp-content\/uploads\/2019\/08\/logo-mondariz.png","datePublished":"2024-07-09T10:00:05+00:00","breadcrumb":{"@id":"https:\/\/www.anovapeneira.gal\/index.php\/2024\/07\/09\/mondariz-presentara-en-setembro-ao-estado-a-relacion-de-pagos-pendentes\/#breadcrumb"},"inLanguage":"gl-ES","potentialAction":[{"@type":"ReadAction","target":["https:\/\/www.anovapeneira.gal\/index.php\/2024\/07\/09\/mondariz-presentara-en-setembro-ao-estado-a-relacion-de-pagos-pendentes\/"]}]},{"@type":"ImageObject","inLanguage":"gl-ES","@id":"https:\/\/www.anovapeneira.gal\/index.php\/2024\/07\/09\/mondariz-presentara-en-setembro-ao-estado-a-relacion-de-pagos-pendentes\/#primaryimage","url":"https:\/\/www.anovapeneira.gal\/wp-content\/uploads\/2019\/08\/logo-mondariz.png","contentUrl":"https:\/\/www.anovapeneira.gal\/wp-content\/uploads\/2019\/08\/logo-mondariz.png","width":720,"height":473,"caption":"Concello Mondariz Nova Peneira"},{"@type":"BreadcrumbList","@id":"https:\/\/www.anovapeneira.gal\/index.php\/2024\/07\/09\/mondariz-presentara-en-setembro-ao-estado-a-relacion-de-pagos-pendentes\/#breadcrumb","itemListElement":[{"@type":"ListItem","position":1,"name":"Portada","item":"https:\/\/www.anovapeneira.gal\/"},{"@type":"ListItem","position":2,"name":"Mondariz presentar\u00e1 en setembro ao Estado a relaci\u00f3n de pagos pendentes"}]},{"@type":"WebSite","@id":"https:\/\/www.anovapeneira.gal\/#website","url":"https:\/\/www.anovapeneira.gal\/","name":"","description":"Xornal galego de informaci\u00f3n xeral Publicaci\u00f3n mensual de novas de Galicia e en especial dos Concellos da sur da provincia de Pontevedra.","publisher":{"@id":"https:\/\/www.anovapeneira.gal\/#organization"},"potentialAction":[{"@type":"SearchAction","target":{"@type":"EntryPoint","urlTemplate":"https:\/\/www.anovapeneira.gal\/?s={search_term_string}"},"query-input":{"@type":"PropertyValueSpecification","valueRequired":true,"valueName":"search_term_string"}}],"inLanguage":"gl-ES"},{"@type":"Organization","@id":"https:\/\/www.anovapeneira.gal\/#organization","name":"A Nova Peneira","url":"https:\/\/www.anovapeneira.gal\/","logo":{"@type":"ImageObject","inLanguage":"gl-ES","@id":"https:\/\/www.anovapeneira.gal\/#\/schema\/logo\/image\/","url":"http:\/\/www.anovapeneira.gal\/wp-content\/uploads\/2019\/06\/logo_a_nova_peneira_portal_web.png","contentUrl":"http:\/\/www.anovapeneira.gal\/wp-content\/uploads\/2019\/06\/logo_a_nova_peneira_portal_web.png","width":300,"height":100,"caption":"A Nova Peneira"},"image":{"@id":"https:\/\/www.anovapeneira.gal\/#\/schema\/logo\/image\/"},"sameAs":["https:\/\/www.facebook.com\/anovapeneira","https:\/\/x.com\/APeneira"]},{"@type":"Person","@id":"https:\/\/www.anovapeneira.gal\/#\/schema\/person\/b93e3f8932e3f8da96334607eb6ac6aa","name":"Redacci\u00f3n A Nova Peneira","image":{"@type":"ImageObject","inLanguage":"gl-ES","@id":"https:\/\/secure.gravatar.com\/avatar\/c052a2551a06e23fac63626232eaa90abd78dbcf1700fc46a2b2c89fd27b735f?s=96&d=mm&r=g","url":"https:\/\/secure.gravatar.com\/avatar\/c052a2551a06e23fac63626232eaa90abd78dbcf1700fc46a2b2c89fd27b735f?s=96&d=mm&r=g","contentUrl":"https:\/\/secure.gravatar.com\/avatar\/c052a2551a06e23fac63626232eaa90abd78dbcf1700fc46a2b2c89fd27b735f?s=96&d=mm&r=g","caption":"Redacci\u00f3n A Nova Peneira"},"sameAs":["http:\/\/www.anovapeneira.gal\/"],"url":"https:\/\/www.anovapeneira.gal\/index.php\/author\/redactor\/"}]}},"jetpack_featured_media_url":"https:\/\/www.anovapeneira.gal\/wp-content\/uploads\/2019\/08\/logo-mondariz.png","_links":{"self":[{"href":"https:\/\/www.anovapeneira.gal\/index.php\/wp-json\/wp\/v2\/posts\/12028","targetHints":{"allow":["GET"]}}],"collection":[{"href":"https:\/\/www.anovapeneira.gal\/index.php\/wp-json\/wp\/v2\/posts"}],"about":[{"href":"https:\/\/www.anovapeneira.gal\/index.php\/wp-json\/wp\/v2\/types\/post"}],"author":[{"embeddable":true,"href":"https:\/\/www.anovapeneira.gal\/index.php\/wp-json\/wp\/v2\/users\/3"}],"replies":[{"embeddable":true,"href":"https:\/\/www.anovapeneira.gal\/index.php\/wp-json\/wp\/v2\/comments?post=12028"}],"version-history":[{"count":1,"href":"https:\/\/www.anovapeneira.gal\/index.php\/wp-json\/wp\/v2\/posts\/12028\/revisions"}],"predecessor-version":[{"id":12029,"href":"https:\/\/www.anovapeneira.gal\/index.php\/wp-json\/wp\/v2\/posts\/12028\/revisions\/12029"}],"wp:featuredmedia":[{"embeddable":true,"href":"https:\/\/www.anovapeneira.gal\/index.php\/wp-json\/wp\/v2\/media\/890"}],"wp:attachment":[{"href":"https:\/\/www.anovapeneira.gal\/index.php\/wp-json\/wp\/v2\/media?parent=12028"}],"wp:term":[{"taxonomy":"category","embeddable":true,"href":"https:\/\/www.anovapeneira.gal\/index.php\/wp-json\/wp\/v2\/categories?post=12028"},{"taxonomy":"post_tag","embeddable":true,"href":"https:\/\/www.anovapeneira.gal\/index.php\/wp-json\/wp\/v2\/tags?post=12028"}],"curies":[{"name":"wp","href":"https:\/\/api.w.org\/{rel}","templated":true}]}}