{"id":12030,"date":"2024-07-10T10:00:50","date_gmt":"2024-07-10T08:00:50","guid":{"rendered":"https:\/\/www.anovapeneira.gal\/?p=12030"},"modified":"2024-07-10T13:52:18","modified_gmt":"2024-07-10T11:52:18","slug":"jose-manuel-montenegro-misa-sindicalista-de-ccoo-benteler","status":"publish","type":"post","link":"https:\/\/www.anovapeneira.gal\/index.php\/2024\/07\/10\/jose-manuel-montenegro-misa-sindicalista-de-ccoo-benteler\/","title":{"rendered":"Jos\u00e9 Manuel Montenegro Misa, sindicalista de CCOO Benteler"},"content":{"rendered":"\n<p><strong>Jose Manuel Montenegro, Mon para os seus amigos e amigas, malia ser a\u00ednda unha persoa nova en idade \u00e9 un sindicalista cunha ampla bagaxe de militancia na federaci\u00f3n de industria de CCOO, de feito na actualidade forma parte da executiva comarcal da devandita federaci\u00f3n. N\u00f3s conversamos con el para co\u00f1ecer a s\u00faa visi\u00f3n sobre un problema que comeza a ser moi preocupante no sector: a competencia desleal baseada en facer m\u00e1is precarias as condici\u00f3ns laborais, agochando esta pol\u00edtica en forma de suposto labor social.<\/strong><\/p>\n\n\n\n<h2 class=\"wp-block-heading\">\u201c <strong>A consecuencia inevitable da entrada das empresas multiservizos , como Ilunion,no noso sector \u00e9 a precariedade\u201d<\/strong><\/h2>\n\n\n\n<p><strong>Canto tempo levas traballando no mundo do autom\u00f3bil?<\/strong><\/p>\n\n\n\n<blockquote class=\"wp-block-quote is-layout-flow wp-block-quote-is-layout-flow\">\n<p>Levo 20 anos neste sector. Empecei en Citro\u00ebn, agora chamada Stellantis; logo estiven en Valeo, Viza, que agora se chama Magna e desde o ano 2006 traballo en Benteler.<\/p>\n<\/blockquote>\n\n\n\n<p><strong>Por que decidiches presentarte para delegado sindical?<\/strong><\/p>\n\n\n\n<blockquote class=\"wp-block-quote is-layout-flow wp-block-quote-is-layout-flow\">\n<p>Porque cando entrei en Benteler tiven un problema e cando fun a asesorarme co delegado sindical, que me representaba naquel momento, deume unha palmada nas costas e d\u00edxome que \u00e9 o que me quedaba. Foi aqu\u00ed cando decid\u00edn dar o paso para que deixasen de representarme persoas con esta visi\u00f3n, e poder contribu\u00edr a mellorar os dereitos laborais dos meus compa\u00f1eiros e compa\u00f1eiras.<\/p>\n<\/blockquote>\n\n\n\n<p><strong>Cantos anos levas como delegado sindical de CCOO en Benteler?<\/strong><\/p>\n\n\n\n<blockquote class=\"wp-block-quote is-layout-flow wp-block-quote-is-layout-flow\">\n<p>Levo 15 anos. Actualmente son membro do comit\u00e9 de empresa, Secretario Xeral da secci\u00f3n sindical de CCOO en Benteler e hai un ano que pasei a formar parte da executiva de industria da Uni\u00f3n Comarcal de CCOO en Vigo.<\/p>\n<\/blockquote>\n\n\n\n<p><strong>F\u00e1lame sobre Ilunion e a pol\u00edtica con esta empresa dentro de Benteler.<\/strong><\/p>\n\n\n\n<blockquote class=\"wp-block-quote is-layout-flow wp-block-quote-is-layout-flow\">\n<p>Falar de Ilunion na automoci\u00f3n \u00e9 falar de precariedade laboral en todo o seu esplendor. Esta empresa que se di \u201csen \u00e1nimo de lucro\u201d presume de realizar un labor de reinserci\u00f3n laboral sobre as persoas con discapacidade, isto non \u00e9 certo, \u00e1 hora de facer o devandito labor deber\u00edan de adaptalos aos postos necesarios.<\/p>\n<\/blockquote>\n\n\n\n<p><strong>Ent\u00f3n non buscan postos adaptados para os seus traballadores e traballadoras?<\/strong><\/p>\n\n\n\n<blockquote class=\"wp-block-quote is-layout-flow wp-block-quote-is-layout-flow\">\n<p>Nada m\u00e1is lonxe da realidade, non te\u00f1en ning\u00fan filtro coas particularidades destas persoas e d\u00e1lles o mesmo. Fanlles desempe\u00f1ar traballos que non son aptos para eles, polos que lles deriva en m\u00e1is doenzas para a s\u00faa sa\u00fade e t\u00e9\u00f1ense que facer longas tempadas de baixa cunha calidade de vida p\u00e9sima. Estas baixas a Ilunion non lles afectan, pois lles sae tan barato contratar que meten a outras persoas ao momento para substitu\u00edlos.<\/p>\n<\/blockquote>\n\n\n\n<blockquote class=\"wp-block-quote is-layout-flow wp-block-quote-is-layout-flow\">\n<p>Por outra parte din \u201csen animo de lucro\u201d.E eu digo que cabe lembrar as innumerables vantaxes fiscais que ten esta \u201cempresa\u201d.<\/p>\n<\/blockquote>\n\n\n\n<p><strong>Cales son estas vantaxes?<\/strong><\/p>\n\n\n\n<blockquote class=\"wp-block-quote is-layout-flow wp-block-quote-is-layout-flow\">\n<p>Non cotizan \u00e1 seguridade social polos seus traballadores, cada vez que fan un indefinido o Estado p\u00e1galles entre 10.000 e 12.000 euros entre outras\u2026 S\u00e1ltanse todo tipo de leis laborais e o seu propio convenio baixo ameaza e coacci\u00f3n aos seus traballadores. Por exemplo, por lei non poden realizar horas extra e polo seu convenio poder\u00edan realizar 8 horas ao mes, co\u00f1ezo casos de ata 80 horas mensuais. N\u00f3s, CCOO, isto xa o denunciamos, pero que pasa?<\/p>\n<\/blockquote>\n\n\n\n<blockquote class=\"wp-block-quote is-layout-flow wp-block-quote-is-layout-flow\">\n<p>Pois que a rendibilidade \u00e9 tan alta que pagan a multa e c\u00e1mbianlle o nome \u00e1s horas extra, agora ch\u00e1manse SOLAPE e, claro, esta precariedade laboral chamou a atenci\u00f3n do todo poderoso STELLANTIS que mirou un fil\u00f3n neste tipo de \u201cempresas\u201d de multiservizos implant\u00e1ndoas na s\u00faa factor\u00eda e obrigando aos seus provedores a que fagan o mesmo.<\/p>\n<\/blockquote>\n\n\n\n<p><strong>A consecuencia da chegada deste tipo de empresas parece inevitable que sexa a precariedade?<\/strong><\/p>\n\n\n\n<blockquote class=\"wp-block-quote is-layout-flow wp-block-quote-is-layout-flow\">\n<p>Absolutamente si. Todo isto l\u00e9vanos a que empresas como na que eu traballo realicen externalizaci\u00f3ns en moitas secci\u00f3ns das nosas plantas, sen importar temas tan importantes como a seguridade e\/ou calidade, nin moit\u00edsimo menos a degradaci\u00f3n laboral que sup\u00f3n aos traballadores e traballadoras da devandita secci\u00f3n. Todo se reduce a produtividade e abaratamento de custos. M\u00e1ndao e ordena TAVARES, que non fai outra cousa que apretar o cinto dos seus traballadores e provedores, mentres el gana unha morea de cartos, por non falar das constantes ameazas ao sector: primeiro Portugal, despois Marrocos, agora vou a internalizar produto\u2026<\/p>\n<\/blockquote>\n\n\n\n<blockquote class=\"wp-block-quote is-layout-flow wp-block-quote-is-layout-flow\">\n<p>En ILUNION non existe reinserci\u00f3n laboral de ning\u00fan tipo, aqu\u00ed o que pasa \u00e9 que se aproveitan da necesidade da xente, sexa discapacitada ou non.<\/p>\n<\/blockquote>\n\n\n\n<p><strong>Ves perigar o sector da automoci\u00f3n en Vigo e Comarca por estas posibles deslocalizaci\u00f3ns?<\/strong><\/p>\n\n\n\n<blockquote class=\"wp-block-quote is-layout-flow wp-block-quote-is-layout-flow\">\n<p>Isto \u00e9 outro chamamento que quero facer aos nosos pol\u00edticos. Nestes \u00faltimos anos estamos a ver como a maior\u00eda das factor\u00edas vanse para Portugal. O solo industrial aqu\u00ed \u00e9 moi caro, e al\u00ed regal\u00e1banllo e as vantaxes fiscais al\u00e1 tam\u00e9n son mellores c\u00e1s de aqu\u00ed. As \u00faltimas empresas en montar unha factor\u00eda na comarca foi Benteler Mos fai cousa de 5 anos e, anteriormente Snob en Porto de Molle al\u00e1 polo 2012.<\/p>\n<\/blockquote>\n\n\n\n<blockquote class=\"wp-block-quote is-layout-flow wp-block-quote-is-layout-flow\">\n<p>Agora temos a ameaza constante de Marrocos. Evidentemente \u00e9 algo que nos preocupa por que aqu\u00ed a \u00fanica soluci\u00f3n que nos dan os empresarios \u00e9 o abaratamento de custos, as\u00ed nace Ilunion. Queren precarizar a\u00ednda m\u00e1is o sector. Hai que lembrar que fai cousa de 20 anos ir traballar a Citro\u00ebn era coma se che tocase a loter\u00eda, hoxe en d\u00eda a xente non quere nin o\u00edr de ir para Citro\u00ebn porque os salarios son o que son e as condici\u00f3ns p\u00e9simas.<\/p>\n<\/blockquote>\n\n\n\n<p><strong>En relaci\u00f3n aos paros de Stellantis, pola falta de subministraci\u00f3ns de materiais, cal \u00e9 a t\u00faa opini\u00f3n?<\/strong><\/p>\n\n\n\n<blockquote class=\"wp-block-quote is-layout-flow wp-block-quote-is-layout-flow\">\n<p>Xa non hai tal falta de subministraci\u00f3ns. Estamos coa axenda 2030 europea na que nos impuxeron con calzador o veh\u00edculo el\u00e9ctrico. Este coche non sae, non se vende porque \u00e9 moito m\u00e1is caro que un a combusti\u00f3n. Mentres non se chegue ao obxectivo da venda dos coches el\u00e9ctricos, non se poden vender os de combusti\u00f3n, por iso estas paradas. Isto est\u00e1 a facer que nos pidan m\u00e1is abaratamentos de custos. Logo est\u00e1 Marrocos, eu t\u00e9mome que os proxectos que ter\u00edan que estar asignados aqu\u00ed, que fabriquen as pezas en Marrocos e trasl\u00e1denas para aqu\u00ed neses mega cami\u00f3ns.<\/p>\n<\/blockquote>\n\n\n\n<p><strong>De que mega cami\u00f3ns falas?<\/strong><\/p>\n\n\n\n<blockquote class=\"wp-block-quote is-layout-flow wp-block-quote-is-layout-flow\">\n<p>Sa\u00edu en prensa unha nova que xa ti\u00f1an aprobados uns mega cami\u00f3ns para vir desde Marrocos onde van fabricar pezas e traelas a Vigo para seguir montando aqu\u00ed. Marrocos que fabrique e monte al\u00ed os seus coches pero, o que non podemos permitir \u00e9 que os coches que se fagan aqu\u00ed en Vigo e arredores, que as pezas ve\u00f1a de f\u00f3ra. Temos que loitar por fabricar todo aqu\u00ed e non deixarlles que deslocalicen o sector pois se \u00e9 as\u00ed \u00e1 automoci\u00f3n v\u00e9xolle un futuro moi negro na Comarca.<\/p>\n<\/blockquote>\n\n\n\n<p><strong>Sobre a autoridade laboral que tes que dicir?<\/strong><\/p>\n\n\n\n<blockquote class=\"wp-block-quote is-layout-flow wp-block-quote-is-layout-flow\">\n<p>Quero facer un chamamento \u00e1 autoridade laboral para que metan man neste abuso laboral, e tam\u00e9n porque son pai dun neno con discapacidade e simplemente as\u00fastame o pensar que o d\u00eda de ma\u00f1\u00e1 o meu fillo te\u00f1a que traballar con esta empresa ou con empresas similares que aplican estas condici\u00f3ns laborais que pouco distan da explotaci\u00f3n .<\/p>\n<\/blockquote>\n","protected":false},"excerpt":{"rendered":"<div class=\"mh-excerpt\"><p>Jose Manuel Montenegro, Mon para os seus amigos e amigas, malia ser a\u00ednda unha persoa nova en idade \u00e9 un sindicalista cunha ampla bagaxe de militancia na federaci\u00f3n de industria de CCOO, de feito na actualidade forma parte da executiva comarcal da devandita federaci\u00f3n <a class=\"mh-excerpt-more\" href=\"https:\/\/www.anovapeneira.gal\/index.php\/2024\/07\/10\/jose-manuel-montenegro-misa-sindicalista-de-ccoo-benteler\/\" title=\"Jos\u00e9 Manuel Montenegro Misa, sindicalista de CCOO Benteler\">[&#8230;]<\/a><\/p>\n<\/div>","protected":false},"author":17,"featured_media":12031,"comment_status":"open","ping_status":"open","sticky":false,"template":"","format":"standard","meta":{"_exactmetrics_skip_tracking":false,"_exactmetrics_sitenote_active":false,"_exactmetrics_sitenote_note":"","_exactmetrics_sitenote_category":0,"footnotes":""},"categories":[272],"tags":[227],"class_list":{"0":"post-12030","1":"post","2":"type-post","3":"status-publish","4":"format-standard","5":"has-post-thumbnail","7":"category-vigo-entrevistas","8":"tag-concello-de-vigo"},"yoast_head":"<!-- This site is optimized with the Yoast SEO plugin v27.4 - https:\/\/yoast.com\/product\/yoast-seo-wordpress\/ -->\n<title>Jos\u00e9 Manuel Montenegro Misa, sindicalista de CCOO Benteler -<\/title>\n<meta name=\"robots\" content=\"index, follow, max-snippet:-1, max-image-preview:large, max-video-preview:-1\" \/>\n<link rel=\"canonical\" href=\"https:\/\/www.anovapeneira.gal\/index.php\/2024\/07\/10\/jose-manuel-montenegro-misa-sindicalista-de-ccoo-benteler\/\" \/>\n<meta property=\"og:locale\" content=\"gl_ES\" \/>\n<meta property=\"og:type\" content=\"article\" \/>\n<meta property=\"og:title\" content=\"Jos\u00e9 Manuel Montenegro Misa, sindicalista de CCOO Benteler -\" \/>\n<meta property=\"og:description\" content=\"Jose Manuel Montenegro, Mon para os seus amigos e amigas, malia ser a\u00ednda unha persoa nova en idade \u00e9 un sindicalista cunha ampla bagaxe de militancia na federaci\u00f3n de industria de CCOO, de feito na actualidade forma parte da executiva comarcal da devandita federaci\u00f3n [...]\" \/>\n<meta property=\"og:url\" content=\"https:\/\/www.anovapeneira.gal\/index.php\/2024\/07\/10\/jose-manuel-montenegro-misa-sindicalista-de-ccoo-benteler\/\" \/>\n<meta property=\"article:publisher\" content=\"https:\/\/www.facebook.com\/anovapeneira\" \/>\n<meta property=\"article:published_time\" content=\"2024-07-10T08:00:50+00:00\" \/>\n<meta property=\"article:modified_time\" content=\"2024-07-10T11:52:18+00:00\" \/>\n<meta property=\"og:image\" content=\"https:\/\/www.anovapeneira.gal\/wp-content\/uploads\/2024\/07\/Jose_Manuel_Montenegro.jpg\" \/>\n\t<meta property=\"og:image:width\" content=\"720\" \/>\n\t<meta property=\"og:image:height\" content=\"432\" \/>\n\t<meta property=\"og:image:type\" content=\"image\/jpeg\" \/>\n<meta name=\"author\" content=\"G. Figueiredo\" \/>\n<meta name=\"twitter:card\" content=\"summary_large_image\" \/>\n<meta name=\"twitter:creator\" content=\"@APeneira\" \/>\n<meta name=\"twitter:site\" content=\"@APeneira\" \/>\n<meta name=\"twitter:label1\" content=\"Escrito por\" \/>\n\t<meta name=\"twitter:data1\" content=\"G. Figueiredo\" \/>\n\t<meta name=\"twitter:label2\" content=\"Tempo de lectura\" \/>\n\t<meta name=\"twitter:data2\" content=\"2 minutos\" \/>\n<script type=\"application\/ld+json\" class=\"yoast-schema-graph\">{\"@context\":\"https:\\\/\\\/schema.org\",\"@graph\":[{\"@type\":\"Article\",\"@id\":\"https:\\\/\\\/www.anovapeneira.gal\\\/index.php\\\/2024\\\/07\\\/10\\\/jose-manuel-montenegro-misa-sindicalista-de-ccoo-benteler\\\/#article\",\"isPartOf\":{\"@id\":\"https:\\\/\\\/www.anovapeneira.gal\\\/index.php\\\/2024\\\/07\\\/10\\\/jose-manuel-montenegro-misa-sindicalista-de-ccoo-benteler\\\/\"},\"author\":{\"name\":\"G. Figueiredo\",\"@id\":\"https:\\\/\\\/www.anovapeneira.gal\\\/#\\\/schema\\\/person\\\/42f904d7cac80cf3f5a31494dd82a9b6\"},\"headline\":\"Jos\u00e9 Manuel Montenegro Misa, sindicalista de CCOO Benteler\",\"datePublished\":\"2024-07-10T08:00:50+00:00\",\"dateModified\":\"2024-07-10T11:52:18+00:00\",\"mainEntityOfPage\":{\"@id\":\"https:\\\/\\\/www.anovapeneira.gal\\\/index.php\\\/2024\\\/07\\\/10\\\/jose-manuel-montenegro-misa-sindicalista-de-ccoo-benteler\\\/\"},\"wordCount\":1228,\"commentCount\":0,\"publisher\":{\"@id\":\"https:\\\/\\\/www.anovapeneira.gal\\\/#organization\"},\"image\":{\"@id\":\"https:\\\/\\\/www.anovapeneira.gal\\\/index.php\\\/2024\\\/07\\\/10\\\/jose-manuel-montenegro-misa-sindicalista-de-ccoo-benteler\\\/#primaryimage\"},\"thumbnailUrl\":\"https:\\\/\\\/www.anovapeneira.gal\\\/wp-content\\\/uploads\\\/2024\\\/07\\\/Jose_Manuel_Montenegro.jpg\",\"keywords\":[\"Concello de Vigo\"],\"articleSection\":[\"Vigo\"],\"inLanguage\":\"gl-ES\",\"potentialAction\":[{\"@type\":\"CommentAction\",\"name\":\"Comment\",\"target\":[\"https:\\\/\\\/www.anovapeneira.gal\\\/index.php\\\/2024\\\/07\\\/10\\\/jose-manuel-montenegro-misa-sindicalista-de-ccoo-benteler\\\/#respond\"]}]},{\"@type\":\"WebPage\",\"@id\":\"https:\\\/\\\/www.anovapeneira.gal\\\/index.php\\\/2024\\\/07\\\/10\\\/jose-manuel-montenegro-misa-sindicalista-de-ccoo-benteler\\\/\",\"url\":\"https:\\\/\\\/www.anovapeneira.gal\\\/index.php\\\/2024\\\/07\\\/10\\\/jose-manuel-montenegro-misa-sindicalista-de-ccoo-benteler\\\/\",\"name\":\"Jos\u00e9 Manuel Montenegro Misa, sindicalista de CCOO Benteler -\",\"isPartOf\":{\"@id\":\"https:\\\/\\\/www.anovapeneira.gal\\\/#website\"},\"primaryImageOfPage\":{\"@id\":\"https:\\\/\\\/www.anovapeneira.gal\\\/index.php\\\/2024\\\/07\\\/10\\\/jose-manuel-montenegro-misa-sindicalista-de-ccoo-benteler\\\/#primaryimage\"},\"image\":{\"@id\":\"https:\\\/\\\/www.anovapeneira.gal\\\/index.php\\\/2024\\\/07\\\/10\\\/jose-manuel-montenegro-misa-sindicalista-de-ccoo-benteler\\\/#primaryimage\"},\"thumbnailUrl\":\"https:\\\/\\\/www.anovapeneira.gal\\\/wp-content\\\/uploads\\\/2024\\\/07\\\/Jose_Manuel_Montenegro.jpg\",\"datePublished\":\"2024-07-10T08:00:50+00:00\",\"dateModified\":\"2024-07-10T11:52:18+00:00\",\"breadcrumb\":{\"@id\":\"https:\\\/\\\/www.anovapeneira.gal\\\/index.php\\\/2024\\\/07\\\/10\\\/jose-manuel-montenegro-misa-sindicalista-de-ccoo-benteler\\\/#breadcrumb\"},\"inLanguage\":\"gl-ES\",\"potentialAction\":[{\"@type\":\"ReadAction\",\"target\":[\"https:\\\/\\\/www.anovapeneira.gal\\\/index.php\\\/2024\\\/07\\\/10\\\/jose-manuel-montenegro-misa-sindicalista-de-ccoo-benteler\\\/\"]}]},{\"@type\":\"ImageObject\",\"inLanguage\":\"gl-ES\",\"@id\":\"https:\\\/\\\/www.anovapeneira.gal\\\/index.php\\\/2024\\\/07\\\/10\\\/jose-manuel-montenegro-misa-sindicalista-de-ccoo-benteler\\\/#primaryimage\",\"url\":\"https:\\\/\\\/www.anovapeneira.gal\\\/wp-content\\\/uploads\\\/2024\\\/07\\\/Jose_Manuel_Montenegro.jpg\",\"contentUrl\":\"https:\\\/\\\/www.anovapeneira.gal\\\/wp-content\\\/uploads\\\/2024\\\/07\\\/Jose_Manuel_Montenegro.jpg\",\"width\":720,\"height\":432,\"caption\":\"Jos\u00e9 Manuel Montenegro Misa, sindicalista de CCOO Benteler\"},{\"@type\":\"BreadcrumbList\",\"@id\":\"https:\\\/\\\/www.anovapeneira.gal\\\/index.php\\\/2024\\\/07\\\/10\\\/jose-manuel-montenegro-misa-sindicalista-de-ccoo-benteler\\\/#breadcrumb\",\"itemListElement\":[{\"@type\":\"ListItem\",\"position\":1,\"name\":\"Portada\",\"item\":\"https:\\\/\\\/www.anovapeneira.gal\\\/\"},{\"@type\":\"ListItem\",\"position\":2,\"name\":\"Jos\u00e9 Manuel Montenegro Misa, sindicalista de CCOO Benteler\"}]},{\"@type\":\"WebSite\",\"@id\":\"https:\\\/\\\/www.anovapeneira.gal\\\/#website\",\"url\":\"https:\\\/\\\/www.anovapeneira.gal\\\/\",\"name\":\"\",\"description\":\"Xornal galego de informaci\u00f3n xeral Publicaci\u00f3n mensual de novas de Galicia e en especial dos Concellos da sur da provincia de Pontevedra.\",\"publisher\":{\"@id\":\"https:\\\/\\\/www.anovapeneira.gal\\\/#organization\"},\"potentialAction\":[{\"@type\":\"SearchAction\",\"target\":{\"@type\":\"EntryPoint\",\"urlTemplate\":\"https:\\\/\\\/www.anovapeneira.gal\\\/?s={search_term_string}\"},\"query-input\":{\"@type\":\"PropertyValueSpecification\",\"valueRequired\":true,\"valueName\":\"search_term_string\"}}],\"inLanguage\":\"gl-ES\"},{\"@type\":\"Organization\",\"@id\":\"https:\\\/\\\/www.anovapeneira.gal\\\/#organization\",\"name\":\"A Nova Peneira\",\"url\":\"https:\\\/\\\/www.anovapeneira.gal\\\/\",\"logo\":{\"@type\":\"ImageObject\",\"inLanguage\":\"gl-ES\",\"@id\":\"https:\\\/\\\/www.anovapeneira.gal\\\/#\\\/schema\\\/logo\\\/image\\\/\",\"url\":\"http:\\\/\\\/www.anovapeneira.gal\\\/wp-content\\\/uploads\\\/2019\\\/06\\\/logo_a_nova_peneira_portal_web.png\",\"contentUrl\":\"http:\\\/\\\/www.anovapeneira.gal\\\/wp-content\\\/uploads\\\/2019\\\/06\\\/logo_a_nova_peneira_portal_web.png\",\"width\":300,\"height\":100,\"caption\":\"A Nova Peneira\"},\"image\":{\"@id\":\"https:\\\/\\\/www.anovapeneira.gal\\\/#\\\/schema\\\/logo\\\/image\\\/\"},\"sameAs\":[\"https:\\\/\\\/www.facebook.com\\\/anovapeneira\",\"https:\\\/\\\/x.com\\\/APeneira\"]},{\"@type\":\"Person\",\"@id\":\"https:\\\/\\\/www.anovapeneira.gal\\\/#\\\/schema\\\/person\\\/42f904d7cac80cf3f5a31494dd82a9b6\",\"name\":\"G. Figueiredo\",\"image\":{\"@type\":\"ImageObject\",\"inLanguage\":\"gl-ES\",\"@id\":\"https:\\\/\\\/secure.gravatar.com\\\/avatar\\\/2d970086688458e0398ef8b84f5cbb8cc1ec3ab115aeb8435135a9f556af97b3?s=96&d=mm&r=g\",\"url\":\"https:\\\/\\\/secure.gravatar.com\\\/avatar\\\/2d970086688458e0398ef8b84f5cbb8cc1ec3ab115aeb8435135a9f556af97b3?s=96&d=mm&r=g\",\"contentUrl\":\"https:\\\/\\\/secure.gravatar.com\\\/avatar\\\/2d970086688458e0398ef8b84f5cbb8cc1ec3ab115aeb8435135a9f556af97b3?s=96&d=mm&r=g\",\"caption\":\"G. Figueiredo\"},\"sameAs\":[\"http:\\\/\\\/www.anovapeneira.gal\\\/\"],\"url\":\"https:\\\/\\\/www.anovapeneira.gal\\\/index.php\\\/author\\\/g-figueiredo\\\/\"}]}<\/script>\n<!-- \/ Yoast SEO plugin. -->","yoast_head_json":{"title":"Jos\u00e9 Manuel Montenegro Misa, sindicalista de CCOO Benteler -","robots":{"index":"index","follow":"follow","max-snippet":"max-snippet:-1","max-image-preview":"max-image-preview:large","max-video-preview":"max-video-preview:-1"},"canonical":"https:\/\/www.anovapeneira.gal\/index.php\/2024\/07\/10\/jose-manuel-montenegro-misa-sindicalista-de-ccoo-benteler\/","og_locale":"gl_ES","og_type":"article","og_title":"Jos\u00e9 Manuel Montenegro Misa, sindicalista de CCOO Benteler -","og_description":"Jose Manuel Montenegro, Mon para os seus amigos e amigas, malia ser a\u00ednda unha persoa nova en idade \u00e9 un sindicalista cunha ampla bagaxe de militancia na federaci\u00f3n de industria de CCOO, de feito na actualidade forma parte da executiva comarcal da devandita federaci\u00f3n [...]","og_url":"https:\/\/www.anovapeneira.gal\/index.php\/2024\/07\/10\/jose-manuel-montenegro-misa-sindicalista-de-ccoo-benteler\/","article_publisher":"https:\/\/www.facebook.com\/anovapeneira","article_published_time":"2024-07-10T08:00:50+00:00","article_modified_time":"2024-07-10T11:52:18+00:00","og_image":[{"width":720,"height":432,"url":"https:\/\/www.anovapeneira.gal\/wp-content\/uploads\/2024\/07\/Jose_Manuel_Montenegro.jpg","type":"image\/jpeg"}],"author":"G. Figueiredo","twitter_card":"summary_large_image","twitter_creator":"@APeneira","twitter_site":"@APeneira","twitter_misc":{"Escrito por":"G. Figueiredo","Tempo de lectura":"2 minutos"},"schema":{"@context":"https:\/\/schema.org","@graph":[{"@type":"Article","@id":"https:\/\/www.anovapeneira.gal\/index.php\/2024\/07\/10\/jose-manuel-montenegro-misa-sindicalista-de-ccoo-benteler\/#article","isPartOf":{"@id":"https:\/\/www.anovapeneira.gal\/index.php\/2024\/07\/10\/jose-manuel-montenegro-misa-sindicalista-de-ccoo-benteler\/"},"author":{"name":"G. Figueiredo","@id":"https:\/\/www.anovapeneira.gal\/#\/schema\/person\/42f904d7cac80cf3f5a31494dd82a9b6"},"headline":"Jos\u00e9 Manuel Montenegro Misa, sindicalista de CCOO Benteler","datePublished":"2024-07-10T08:00:50+00:00","dateModified":"2024-07-10T11:52:18+00:00","mainEntityOfPage":{"@id":"https:\/\/www.anovapeneira.gal\/index.php\/2024\/07\/10\/jose-manuel-montenegro-misa-sindicalista-de-ccoo-benteler\/"},"wordCount":1228,"commentCount":0,"publisher":{"@id":"https:\/\/www.anovapeneira.gal\/#organization"},"image":{"@id":"https:\/\/www.anovapeneira.gal\/index.php\/2024\/07\/10\/jose-manuel-montenegro-misa-sindicalista-de-ccoo-benteler\/#primaryimage"},"thumbnailUrl":"https:\/\/www.anovapeneira.gal\/wp-content\/uploads\/2024\/07\/Jose_Manuel_Montenegro.jpg","keywords":["Concello de Vigo"],"articleSection":["Vigo"],"inLanguage":"gl-ES","potentialAction":[{"@type":"CommentAction","name":"Comment","target":["https:\/\/www.anovapeneira.gal\/index.php\/2024\/07\/10\/jose-manuel-montenegro-misa-sindicalista-de-ccoo-benteler\/#respond"]}]},{"@type":"WebPage","@id":"https:\/\/www.anovapeneira.gal\/index.php\/2024\/07\/10\/jose-manuel-montenegro-misa-sindicalista-de-ccoo-benteler\/","url":"https:\/\/www.anovapeneira.gal\/index.php\/2024\/07\/10\/jose-manuel-montenegro-misa-sindicalista-de-ccoo-benteler\/","name":"Jos\u00e9 Manuel Montenegro Misa, sindicalista de CCOO Benteler -","isPartOf":{"@id":"https:\/\/www.anovapeneira.gal\/#website"},"primaryImageOfPage":{"@id":"https:\/\/www.anovapeneira.gal\/index.php\/2024\/07\/10\/jose-manuel-montenegro-misa-sindicalista-de-ccoo-benteler\/#primaryimage"},"image":{"@id":"https:\/\/www.anovapeneira.gal\/index.php\/2024\/07\/10\/jose-manuel-montenegro-misa-sindicalista-de-ccoo-benteler\/#primaryimage"},"thumbnailUrl":"https:\/\/www.anovapeneira.gal\/wp-content\/uploads\/2024\/07\/Jose_Manuel_Montenegro.jpg","datePublished":"2024-07-10T08:00:50+00:00","dateModified":"2024-07-10T11:52:18+00:00","breadcrumb":{"@id":"https:\/\/www.anovapeneira.gal\/index.php\/2024\/07\/10\/jose-manuel-montenegro-misa-sindicalista-de-ccoo-benteler\/#breadcrumb"},"inLanguage":"gl-ES","potentialAction":[{"@type":"ReadAction","target":["https:\/\/www.anovapeneira.gal\/index.php\/2024\/07\/10\/jose-manuel-montenegro-misa-sindicalista-de-ccoo-benteler\/"]}]},{"@type":"ImageObject","inLanguage":"gl-ES","@id":"https:\/\/www.anovapeneira.gal\/index.php\/2024\/07\/10\/jose-manuel-montenegro-misa-sindicalista-de-ccoo-benteler\/#primaryimage","url":"https:\/\/www.anovapeneira.gal\/wp-content\/uploads\/2024\/07\/Jose_Manuel_Montenegro.jpg","contentUrl":"https:\/\/www.anovapeneira.gal\/wp-content\/uploads\/2024\/07\/Jose_Manuel_Montenegro.jpg","width":720,"height":432,"caption":"Jos\u00e9 Manuel Montenegro Misa, sindicalista de CCOO Benteler"},{"@type":"BreadcrumbList","@id":"https:\/\/www.anovapeneira.gal\/index.php\/2024\/07\/10\/jose-manuel-montenegro-misa-sindicalista-de-ccoo-benteler\/#breadcrumb","itemListElement":[{"@type":"ListItem","position":1,"name":"Portada","item":"https:\/\/www.anovapeneira.gal\/"},{"@type":"ListItem","position":2,"name":"Jos\u00e9 Manuel Montenegro Misa, sindicalista de CCOO Benteler"}]},{"@type":"WebSite","@id":"https:\/\/www.anovapeneira.gal\/#website","url":"https:\/\/www.anovapeneira.gal\/","name":"","description":"Xornal galego de informaci\u00f3n xeral Publicaci\u00f3n mensual de novas de Galicia e en especial dos Concellos da sur da provincia de Pontevedra.","publisher":{"@id":"https:\/\/www.anovapeneira.gal\/#organization"},"potentialAction":[{"@type":"SearchAction","target":{"@type":"EntryPoint","urlTemplate":"https:\/\/www.anovapeneira.gal\/?s={search_term_string}"},"query-input":{"@type":"PropertyValueSpecification","valueRequired":true,"valueName":"search_term_string"}}],"inLanguage":"gl-ES"},{"@type":"Organization","@id":"https:\/\/www.anovapeneira.gal\/#organization","name":"A Nova Peneira","url":"https:\/\/www.anovapeneira.gal\/","logo":{"@type":"ImageObject","inLanguage":"gl-ES","@id":"https:\/\/www.anovapeneira.gal\/#\/schema\/logo\/image\/","url":"http:\/\/www.anovapeneira.gal\/wp-content\/uploads\/2019\/06\/logo_a_nova_peneira_portal_web.png","contentUrl":"http:\/\/www.anovapeneira.gal\/wp-content\/uploads\/2019\/06\/logo_a_nova_peneira_portal_web.png","width":300,"height":100,"caption":"A Nova Peneira"},"image":{"@id":"https:\/\/www.anovapeneira.gal\/#\/schema\/logo\/image\/"},"sameAs":["https:\/\/www.facebook.com\/anovapeneira","https:\/\/x.com\/APeneira"]},{"@type":"Person","@id":"https:\/\/www.anovapeneira.gal\/#\/schema\/person\/42f904d7cac80cf3f5a31494dd82a9b6","name":"G. Figueiredo","image":{"@type":"ImageObject","inLanguage":"gl-ES","@id":"https:\/\/secure.gravatar.com\/avatar\/2d970086688458e0398ef8b84f5cbb8cc1ec3ab115aeb8435135a9f556af97b3?s=96&d=mm&r=g","url":"https:\/\/secure.gravatar.com\/avatar\/2d970086688458e0398ef8b84f5cbb8cc1ec3ab115aeb8435135a9f556af97b3?s=96&d=mm&r=g","contentUrl":"https:\/\/secure.gravatar.com\/avatar\/2d970086688458e0398ef8b84f5cbb8cc1ec3ab115aeb8435135a9f556af97b3?s=96&d=mm&r=g","caption":"G. Figueiredo"},"sameAs":["http:\/\/www.anovapeneira.gal\/"],"url":"https:\/\/www.anovapeneira.gal\/index.php\/author\/g-figueiredo\/"}]}},"jetpack_featured_media_url":"https:\/\/www.anovapeneira.gal\/wp-content\/uploads\/2024\/07\/Jose_Manuel_Montenegro.jpg","_links":{"self":[{"href":"https:\/\/www.anovapeneira.gal\/index.php\/wp-json\/wp\/v2\/posts\/12030","targetHints":{"allow":["GET"]}}],"collection":[{"href":"https:\/\/www.anovapeneira.gal\/index.php\/wp-json\/wp\/v2\/posts"}],"about":[{"href":"https:\/\/www.anovapeneira.gal\/index.php\/wp-json\/wp\/v2\/types\/post"}],"author":[{"embeddable":true,"href":"https:\/\/www.anovapeneira.gal\/index.php\/wp-json\/wp\/v2\/users\/17"}],"replies":[{"embeddable":true,"href":"https:\/\/www.anovapeneira.gal\/index.php\/wp-json\/wp\/v2\/comments?post=12030"}],"version-history":[{"count":2,"href":"https:\/\/www.anovapeneira.gal\/index.php\/wp-json\/wp\/v2\/posts\/12030\/revisions"}],"predecessor-version":[{"id":12073,"href":"https:\/\/www.anovapeneira.gal\/index.php\/wp-json\/wp\/v2\/posts\/12030\/revisions\/12073"}],"wp:featuredmedia":[{"embeddable":true,"href":"https:\/\/www.anovapeneira.gal\/index.php\/wp-json\/wp\/v2\/media\/12031"}],"wp:attachment":[{"href":"https:\/\/www.anovapeneira.gal\/index.php\/wp-json\/wp\/v2\/media?parent=12030"}],"wp:term":[{"taxonomy":"category","embeddable":true,"href":"https:\/\/www.anovapeneira.gal\/index.php\/wp-json\/wp\/v2\/categories?post=12030"},{"taxonomy":"post_tag","embeddable":true,"href":"https:\/\/www.anovapeneira.gal\/index.php\/wp-json\/wp\/v2\/tags?post=12030"}],"curies":[{"name":"wp","href":"https:\/\/api.w.org\/{rel}","templated":true}]}}