{"id":12041,"date":"2024-07-11T10:00:32","date_gmt":"2024-07-11T08:00:32","guid":{"rendered":"https:\/\/www.anovapeneira.gal\/?p=12041"},"modified":"2024-07-10T19:33:39","modified_gmt":"2024-07-10T17:33:39","slug":"acto-de-homenaxe-ao-guerrilleiro-monfortino-ramon-yanez-pereira-en-celanova-o-domingo-14","status":"publish","type":"post","link":"https:\/\/www.anovapeneira.gal\/index.php\/2024\/07\/11\/acto-de-homenaxe-ao-guerrilleiro-monfortino-ramon-yanez-pereira-en-celanova-o-domingo-14\/","title":{"rendered":"Acto de homenaxe ao guerrilleiro monfortino  Ram\u00f3n Y\u00e1\u00f1ez Pereira en Celanova o domingo 14"},"content":{"rendered":"\n<ul class=\"wp-block-list\">\n<li><em>O historiador Carlos Morais ofrecer\u00e1 unha conferencia sobre a figura de Y\u00e1\u00f1ez, delatado e asasinado nunha emboscada na Caseta de Ansemil en xullo do 43.<\/em><\/li>\n\n\n\n<li><em>O Comit\u00e9 pola Mem\u00f3ria Hist\u00f3rica do Val do L\u00edmia e o Comit\u00e9 de Memoria Hist\u00f3rica da Comarca de Celanova sinalar\u00e1n como lugar de memoria o sitio onde foi morto Y\u00e1\u00f1ez, cuxo nome figurar\u00e1 tam\u00e9n no memorial \u00e1s v\u00edtimas da represi\u00f3n soterradas no cemiterio de Celanova.<\/em><\/li>\n<\/ul>\n\n\n\n<p>O Comit\u00e9 de Memoria Hist\u00f3rica da Comarca de Celanova e o Comit\u00e9 pola Mem\u00f3ria Hist\u00f3rica do Val do L\u00edmia homenaxear\u00e1n ao guerrilleiro monfortino Ram\u00f3n Y\u00e1\u00f1ez Pereira sinalando o lugar onde foi asasinado en 1943 polas forzas franquistas de represi\u00f3n: a Caseta de Ansemil, no termo municipal de Celanova; e cunha conferencia do historiador Carlos Morais no Sal\u00f3n de Arcos da Casa do Concello de Celanova o domingo 14 de xullo \u00e1s 11,45 horas.<\/p>\n\n\n\n<p>Os comit\u00e9s convidan a socias e veci\u00f1anza a participar da conferencia, na que Morais relatar\u00e1 a vida de Y\u00e1\u00f1ez Pereira, emigrante en Barcelona antes da guerra, cadro comunista na clandestinidade e, finalmente, incorporado \u00e1 guerrilla na zona do Laboreiro a principios dos anos corenta, que foi delatado en Celanova por un vello co\u00f1ecido a quen lle veu pedir axuda para fuxir cara ao exilio, mais foi denunciado, emboscado e asasinado o 13 de xullo de 1943.<\/p>\n\n\n\n<p><strong>LOCALIZACI\u00d3N DE FAMILIARES<\/strong><\/p>\n\n\n\n<p>Segundo a documentaci\u00f3n que recuperou Morais, Y\u00e1\u00f1ez Pereira foi soterrado no cemiterio de San Breixo en Celanova, e polo tanto o seu nome figura no memorial \u00e1s 88 v\u00edtimas da barbarie fascista que al\u00ed recibiron sepultura e que se instalar\u00e1 proximamente ao abeiro do Plan Estatal de Exhumaci\u00f3ns coordinado pola Grupo Histagra da Universidade de Santiago de Compostela, con financiamento p\u00fablico, unha vez que se obte\u00f1an os permisos da Xunta de Galiza e do Bispado de Ourense, en tr\u00e1mite.<\/p>\n\n\n\n<p>Desde as asociaci\u00f3ns memorialistas l\u00e9vase desenvolvido este ano unha campa\u00f1a de busca de familiares de Ram\u00f3n Y\u00e1\u00f1ez Pereira a trav\u00e9s das redes sociais e publicaci\u00f3ns en prensa, e solicitase a colaboraci\u00f3n da veci\u00f1anza con calquera dato sobre a familia que se pode achegar a trav\u00e9s do mail <a href=\"mailto:memoria.celanova@gmail.com\">memoria.celanova@gmail.com<\/a><\/p>\n\n\n\n<p><strong>CARTEIS<\/strong><\/p>\n\n\n\n<p>Durante o acto no Sal\u00f3n de Arcos, estar\u00e1n a disposici\u00f3n do p\u00fablico un lote de 30 carteis sobre o suceso da Caseta de Ansemil realizados polo artista celanov\u00e9s Baldomero Moreiras, que adicar\u00e1 os exemplares, cunha axuda de 3 euros por exemplar para financiamento do Comit\u00e9 de Memoria Hist\u00f3rica da Comarca de Celanova.<\/p>\n\n\n\n<figure class=\"wp-block-image size-large\"><img loading=\"lazy\" decoding=\"async\" width=\"724\" height=\"1024\" src=\"https:\/\/www.anovapeneira.gal\/wp-content\/uploads\/2024\/07\/cartaz-de-rua-724x1024.png\" alt=\"\" class=\"wp-image-12045\" srcset=\"https:\/\/www.anovapeneira.gal\/wp-content\/uploads\/2024\/07\/cartaz-de-rua-724x1024.png 724w, https:\/\/www.anovapeneira.gal\/wp-content\/uploads\/2024\/07\/cartaz-de-rua-212x300.png 212w, https:\/\/www.anovapeneira.gal\/wp-content\/uploads\/2024\/07\/cartaz-de-rua-768x1086.png 768w, https:\/\/www.anovapeneira.gal\/wp-content\/uploads\/2024\/07\/cartaz-de-rua-1086x1536.png 1086w, https:\/\/www.anovapeneira.gal\/wp-content\/uploads\/2024\/07\/cartaz-de-rua.png 1414w\" sizes=\"auto, (max-width: 724px) 100vw, 724px\" \/><\/figure>\n\n\n\n<p><strong>Na<\/strong><strong>s<\/strong><strong> imaxe<\/strong><strong>s<\/strong><strong> anexa<\/strong><strong>s<\/strong><strong>: <\/strong>Os cartaces que anuncian a homenaxe, o orixinal de Baldomero Moreiras, do que se distribuir\u00e1n exemplares no acto.<\/p>\n","protected":false},"excerpt":{"rendered":"<div class=\"mh-excerpt\"><p>O historiador Carlos Morais ofrecer\u00e1 unha conferencia sobre a figura de Y\u00e1\u00f1ez, delatado e asasinado nunha emboscada na Caseta de Ansemil en xullo do 43 <a class=\"mh-excerpt-more\" href=\"https:\/\/www.anovapeneira.gal\/index.php\/2024\/07\/11\/acto-de-homenaxe-ao-guerrilleiro-monfortino-ramon-yanez-pereira-en-celanova-o-domingo-14\/\" title=\"Acto de homenaxe ao guerrilleiro monfortino  Ram\u00f3n Y\u00e1\u00f1ez Pereira en Celanova o domingo 14\">[&#8230;]<\/a><\/p>\n<\/div>","protected":false},"author":3,"featured_media":12042,"comment_status":"open","ping_status":"open","sticky":false,"template":"","format":"standard","meta":{"_exactmetrics_skip_tracking":false,"_exactmetrics_sitenote_active":false,"_exactmetrics_sitenote_note":"","_exactmetrics_sitenote_category":0,"footnotes":""},"categories":[263],"tags":[],"class_list":{"0":"post-12041","1":"post","2":"type-post","3":"status-publish","4":"format-standard","5":"has-post-thumbnail","7":"category-novas"},"yoast_head":"<!-- This site is optimized with the Yoast SEO plugin v27.4 - https:\/\/yoast.com\/product\/yoast-seo-wordpress\/ -->\n<title>Acto de homenaxe ao guerrilleiro monfortino Ram\u00f3n Y\u00e1\u00f1ez Pereira en Celanova o domingo 14 -<\/title>\n<meta name=\"robots\" content=\"index, follow, max-snippet:-1, max-image-preview:large, max-video-preview:-1\" \/>\n<link rel=\"canonical\" href=\"https:\/\/www.anovapeneira.gal\/index.php\/2024\/07\/11\/acto-de-homenaxe-ao-guerrilleiro-monfortino-ramon-yanez-pereira-en-celanova-o-domingo-14\/\" \/>\n<meta property=\"og:locale\" content=\"gl_ES\" \/>\n<meta property=\"og:type\" content=\"article\" \/>\n<meta property=\"og:title\" content=\"Acto de homenaxe ao guerrilleiro monfortino Ram\u00f3n Y\u00e1\u00f1ez Pereira en Celanova o domingo 14 -\" \/>\n<meta property=\"og:description\" content=\"O historiador Carlos Morais ofrecer\u00e1 unha conferencia sobre a figura de Y\u00e1\u00f1ez, delatado e asasinado nunha emboscada na Caseta de Ansemil en xullo do 43 [...]\" \/>\n<meta property=\"og:url\" content=\"https:\/\/www.anovapeneira.gal\/index.php\/2024\/07\/11\/acto-de-homenaxe-ao-guerrilleiro-monfortino-ramon-yanez-pereira-en-celanova-o-domingo-14\/\" \/>\n<meta property=\"article:publisher\" content=\"https:\/\/www.facebook.com\/anovapeneira\" \/>\n<meta property=\"article:published_time\" content=\"2024-07-11T08:00:32+00:00\" \/>\n<meta property=\"og:image\" content=\"https:\/\/www.anovapeneira.gal\/wp-content\/uploads\/2024\/07\/ramon_yanez_monforte.png\" \/>\n\t<meta property=\"og:image:width\" content=\"720\" \/>\n\t<meta property=\"og:image:height\" content=\"432\" \/>\n\t<meta property=\"og:image:type\" content=\"image\/png\" \/>\n<meta name=\"author\" content=\"Redacci\u00f3n A Nova Peneira\" \/>\n<meta name=\"twitter:card\" content=\"summary_large_image\" \/>\n<meta name=\"twitter:creator\" content=\"@APeneira\" \/>\n<meta name=\"twitter:site\" content=\"@APeneira\" \/>\n<meta name=\"twitter:label1\" content=\"Escrito por\" \/>\n\t<meta name=\"twitter:data1\" content=\"Redacci\u00f3n A Nova Peneira\" \/>\n\t<meta name=\"twitter:label2\" content=\"Tempo de lectura\" \/>\n\t<meta name=\"twitter:data2\" content=\"3 minutos\" \/>\n<script type=\"application\/ld+json\" class=\"yoast-schema-graph\">{\"@context\":\"https:\\\/\\\/schema.org\",\"@graph\":[{\"@type\":\"Article\",\"@id\":\"https:\\\/\\\/www.anovapeneira.gal\\\/index.php\\\/2024\\\/07\\\/11\\\/acto-de-homenaxe-ao-guerrilleiro-monfortino-ramon-yanez-pereira-en-celanova-o-domingo-14\\\/#article\",\"isPartOf\":{\"@id\":\"https:\\\/\\\/www.anovapeneira.gal\\\/index.php\\\/2024\\\/07\\\/11\\\/acto-de-homenaxe-ao-guerrilleiro-monfortino-ramon-yanez-pereira-en-celanova-o-domingo-14\\\/\"},\"author\":{\"name\":\"Redacci\u00f3n A Nova Peneira\",\"@id\":\"https:\\\/\\\/www.anovapeneira.gal\\\/#\\\/schema\\\/person\\\/b93e3f8932e3f8da96334607eb6ac6aa\"},\"headline\":\"Acto de homenaxe ao guerrilleiro monfortino Ram\u00f3n Y\u00e1\u00f1ez Pereira en Celanova o domingo 14\",\"datePublished\":\"2024-07-11T08:00:32+00:00\",\"mainEntityOfPage\":{\"@id\":\"https:\\\/\\\/www.anovapeneira.gal\\\/index.php\\\/2024\\\/07\\\/11\\\/acto-de-homenaxe-ao-guerrilleiro-monfortino-ramon-yanez-pereira-en-celanova-o-domingo-14\\\/\"},\"wordCount\":482,\"commentCount\":0,\"publisher\":{\"@id\":\"https:\\\/\\\/www.anovapeneira.gal\\\/#organization\"},\"image\":{\"@id\":\"https:\\\/\\\/www.anovapeneira.gal\\\/index.php\\\/2024\\\/07\\\/11\\\/acto-de-homenaxe-ao-guerrilleiro-monfortino-ramon-yanez-pereira-en-celanova-o-domingo-14\\\/#primaryimage\"},\"thumbnailUrl\":\"https:\\\/\\\/www.anovapeneira.gal\\\/wp-content\\\/uploads\\\/2024\\\/07\\\/ramon_yanez_monforte.png\",\"articleSection\":[\"Novas\"],\"inLanguage\":\"gl-ES\",\"potentialAction\":[{\"@type\":\"CommentAction\",\"name\":\"Comment\",\"target\":[\"https:\\\/\\\/www.anovapeneira.gal\\\/index.php\\\/2024\\\/07\\\/11\\\/acto-de-homenaxe-ao-guerrilleiro-monfortino-ramon-yanez-pereira-en-celanova-o-domingo-14\\\/#respond\"]}]},{\"@type\":\"WebPage\",\"@id\":\"https:\\\/\\\/www.anovapeneira.gal\\\/index.php\\\/2024\\\/07\\\/11\\\/acto-de-homenaxe-ao-guerrilleiro-monfortino-ramon-yanez-pereira-en-celanova-o-domingo-14\\\/\",\"url\":\"https:\\\/\\\/www.anovapeneira.gal\\\/index.php\\\/2024\\\/07\\\/11\\\/acto-de-homenaxe-ao-guerrilleiro-monfortino-ramon-yanez-pereira-en-celanova-o-domingo-14\\\/\",\"name\":\"Acto de homenaxe ao guerrilleiro monfortino Ram\u00f3n Y\u00e1\u00f1ez Pereira en Celanova o domingo 14 -\",\"isPartOf\":{\"@id\":\"https:\\\/\\\/www.anovapeneira.gal\\\/#website\"},\"primaryImageOfPage\":{\"@id\":\"https:\\\/\\\/www.anovapeneira.gal\\\/index.php\\\/2024\\\/07\\\/11\\\/acto-de-homenaxe-ao-guerrilleiro-monfortino-ramon-yanez-pereira-en-celanova-o-domingo-14\\\/#primaryimage\"},\"image\":{\"@id\":\"https:\\\/\\\/www.anovapeneira.gal\\\/index.php\\\/2024\\\/07\\\/11\\\/acto-de-homenaxe-ao-guerrilleiro-monfortino-ramon-yanez-pereira-en-celanova-o-domingo-14\\\/#primaryimage\"},\"thumbnailUrl\":\"https:\\\/\\\/www.anovapeneira.gal\\\/wp-content\\\/uploads\\\/2024\\\/07\\\/ramon_yanez_monforte.png\",\"datePublished\":\"2024-07-11T08:00:32+00:00\",\"breadcrumb\":{\"@id\":\"https:\\\/\\\/www.anovapeneira.gal\\\/index.php\\\/2024\\\/07\\\/11\\\/acto-de-homenaxe-ao-guerrilleiro-monfortino-ramon-yanez-pereira-en-celanova-o-domingo-14\\\/#breadcrumb\"},\"inLanguage\":\"gl-ES\",\"potentialAction\":[{\"@type\":\"ReadAction\",\"target\":[\"https:\\\/\\\/www.anovapeneira.gal\\\/index.php\\\/2024\\\/07\\\/11\\\/acto-de-homenaxe-ao-guerrilleiro-monfortino-ramon-yanez-pereira-en-celanova-o-domingo-14\\\/\"]}]},{\"@type\":\"ImageObject\",\"inLanguage\":\"gl-ES\",\"@id\":\"https:\\\/\\\/www.anovapeneira.gal\\\/index.php\\\/2024\\\/07\\\/11\\\/acto-de-homenaxe-ao-guerrilleiro-monfortino-ramon-yanez-pereira-en-celanova-o-domingo-14\\\/#primaryimage\",\"url\":\"https:\\\/\\\/www.anovapeneira.gal\\\/wp-content\\\/uploads\\\/2024\\\/07\\\/ramon_yanez_monforte.png\",\"contentUrl\":\"https:\\\/\\\/www.anovapeneira.gal\\\/wp-content\\\/uploads\\\/2024\\\/07\\\/ramon_yanez_monforte.png\",\"width\":720,\"height\":432,\"caption\":\"Ram\u00f3n Y\u00e1\u00f1ez Pereira en Celanova\"},{\"@type\":\"BreadcrumbList\",\"@id\":\"https:\\\/\\\/www.anovapeneira.gal\\\/index.php\\\/2024\\\/07\\\/11\\\/acto-de-homenaxe-ao-guerrilleiro-monfortino-ramon-yanez-pereira-en-celanova-o-domingo-14\\\/#breadcrumb\",\"itemListElement\":[{\"@type\":\"ListItem\",\"position\":1,\"name\":\"Portada\",\"item\":\"https:\\\/\\\/www.anovapeneira.gal\\\/\"},{\"@type\":\"ListItem\",\"position\":2,\"name\":\"Acto de homenaxe ao guerrilleiro monfortino Ram\u00f3n Y\u00e1\u00f1ez Pereira en Celanova o domingo 14\"}]},{\"@type\":\"WebSite\",\"@id\":\"https:\\\/\\\/www.anovapeneira.gal\\\/#website\",\"url\":\"https:\\\/\\\/www.anovapeneira.gal\\\/\",\"name\":\"\",\"description\":\"Xornal galego de informaci\u00f3n xeral Publicaci\u00f3n mensual de novas de Galicia e en especial dos Concellos da sur da provincia de Pontevedra.\",\"publisher\":{\"@id\":\"https:\\\/\\\/www.anovapeneira.gal\\\/#organization\"},\"potentialAction\":[{\"@type\":\"SearchAction\",\"target\":{\"@type\":\"EntryPoint\",\"urlTemplate\":\"https:\\\/\\\/www.anovapeneira.gal\\\/?s={search_term_string}\"},\"query-input\":{\"@type\":\"PropertyValueSpecification\",\"valueRequired\":true,\"valueName\":\"search_term_string\"}}],\"inLanguage\":\"gl-ES\"},{\"@type\":\"Organization\",\"@id\":\"https:\\\/\\\/www.anovapeneira.gal\\\/#organization\",\"name\":\"A Nova Peneira\",\"url\":\"https:\\\/\\\/www.anovapeneira.gal\\\/\",\"logo\":{\"@type\":\"ImageObject\",\"inLanguage\":\"gl-ES\",\"@id\":\"https:\\\/\\\/www.anovapeneira.gal\\\/#\\\/schema\\\/logo\\\/image\\\/\",\"url\":\"http:\\\/\\\/www.anovapeneira.gal\\\/wp-content\\\/uploads\\\/2019\\\/06\\\/logo_a_nova_peneira_portal_web.png\",\"contentUrl\":\"http:\\\/\\\/www.anovapeneira.gal\\\/wp-content\\\/uploads\\\/2019\\\/06\\\/logo_a_nova_peneira_portal_web.png\",\"width\":300,\"height\":100,\"caption\":\"A Nova Peneira\"},\"image\":{\"@id\":\"https:\\\/\\\/www.anovapeneira.gal\\\/#\\\/schema\\\/logo\\\/image\\\/\"},\"sameAs\":[\"https:\\\/\\\/www.facebook.com\\\/anovapeneira\",\"https:\\\/\\\/x.com\\\/APeneira\"]},{\"@type\":\"Person\",\"@id\":\"https:\\\/\\\/www.anovapeneira.gal\\\/#\\\/schema\\\/person\\\/b93e3f8932e3f8da96334607eb6ac6aa\",\"name\":\"Redacci\u00f3n A Nova Peneira\",\"image\":{\"@type\":\"ImageObject\",\"inLanguage\":\"gl-ES\",\"@id\":\"https:\\\/\\\/secure.gravatar.com\\\/avatar\\\/c052a2551a06e23fac63626232eaa90abd78dbcf1700fc46a2b2c89fd27b735f?s=96&d=mm&r=g\",\"url\":\"https:\\\/\\\/secure.gravatar.com\\\/avatar\\\/c052a2551a06e23fac63626232eaa90abd78dbcf1700fc46a2b2c89fd27b735f?s=96&d=mm&r=g\",\"contentUrl\":\"https:\\\/\\\/secure.gravatar.com\\\/avatar\\\/c052a2551a06e23fac63626232eaa90abd78dbcf1700fc46a2b2c89fd27b735f?s=96&d=mm&r=g\",\"caption\":\"Redacci\u00f3n A Nova Peneira\"},\"sameAs\":[\"http:\\\/\\\/www.anovapeneira.gal\\\/\"],\"url\":\"https:\\\/\\\/www.anovapeneira.gal\\\/index.php\\\/author\\\/redactor\\\/\"}]}<\/script>\n<!-- \/ Yoast SEO plugin. -->","yoast_head_json":{"title":"Acto de homenaxe ao guerrilleiro monfortino Ram\u00f3n Y\u00e1\u00f1ez Pereira en Celanova o domingo 14 -","robots":{"index":"index","follow":"follow","max-snippet":"max-snippet:-1","max-image-preview":"max-image-preview:large","max-video-preview":"max-video-preview:-1"},"canonical":"https:\/\/www.anovapeneira.gal\/index.php\/2024\/07\/11\/acto-de-homenaxe-ao-guerrilleiro-monfortino-ramon-yanez-pereira-en-celanova-o-domingo-14\/","og_locale":"gl_ES","og_type":"article","og_title":"Acto de homenaxe ao guerrilleiro monfortino Ram\u00f3n Y\u00e1\u00f1ez Pereira en Celanova o domingo 14 -","og_description":"O historiador Carlos Morais ofrecer\u00e1 unha conferencia sobre a figura de Y\u00e1\u00f1ez, delatado e asasinado nunha emboscada na Caseta de Ansemil en xullo do 43 [...]","og_url":"https:\/\/www.anovapeneira.gal\/index.php\/2024\/07\/11\/acto-de-homenaxe-ao-guerrilleiro-monfortino-ramon-yanez-pereira-en-celanova-o-domingo-14\/","article_publisher":"https:\/\/www.facebook.com\/anovapeneira","article_published_time":"2024-07-11T08:00:32+00:00","og_image":[{"width":720,"height":432,"url":"https:\/\/www.anovapeneira.gal\/wp-content\/uploads\/2024\/07\/ramon_yanez_monforte.png","type":"image\/png"}],"author":"Redacci\u00f3n A Nova Peneira","twitter_card":"summary_large_image","twitter_creator":"@APeneira","twitter_site":"@APeneira","twitter_misc":{"Escrito por":"Redacci\u00f3n A Nova Peneira","Tempo de lectura":"3 minutos"},"schema":{"@context":"https:\/\/schema.org","@graph":[{"@type":"Article","@id":"https:\/\/www.anovapeneira.gal\/index.php\/2024\/07\/11\/acto-de-homenaxe-ao-guerrilleiro-monfortino-ramon-yanez-pereira-en-celanova-o-domingo-14\/#article","isPartOf":{"@id":"https:\/\/www.anovapeneira.gal\/index.php\/2024\/07\/11\/acto-de-homenaxe-ao-guerrilleiro-monfortino-ramon-yanez-pereira-en-celanova-o-domingo-14\/"},"author":{"name":"Redacci\u00f3n A Nova Peneira","@id":"https:\/\/www.anovapeneira.gal\/#\/schema\/person\/b93e3f8932e3f8da96334607eb6ac6aa"},"headline":"Acto de homenaxe ao guerrilleiro monfortino Ram\u00f3n Y\u00e1\u00f1ez Pereira en Celanova o domingo 14","datePublished":"2024-07-11T08:00:32+00:00","mainEntityOfPage":{"@id":"https:\/\/www.anovapeneira.gal\/index.php\/2024\/07\/11\/acto-de-homenaxe-ao-guerrilleiro-monfortino-ramon-yanez-pereira-en-celanova-o-domingo-14\/"},"wordCount":482,"commentCount":0,"publisher":{"@id":"https:\/\/www.anovapeneira.gal\/#organization"},"image":{"@id":"https:\/\/www.anovapeneira.gal\/index.php\/2024\/07\/11\/acto-de-homenaxe-ao-guerrilleiro-monfortino-ramon-yanez-pereira-en-celanova-o-domingo-14\/#primaryimage"},"thumbnailUrl":"https:\/\/www.anovapeneira.gal\/wp-content\/uploads\/2024\/07\/ramon_yanez_monforte.png","articleSection":["Novas"],"inLanguage":"gl-ES","potentialAction":[{"@type":"CommentAction","name":"Comment","target":["https:\/\/www.anovapeneira.gal\/index.php\/2024\/07\/11\/acto-de-homenaxe-ao-guerrilleiro-monfortino-ramon-yanez-pereira-en-celanova-o-domingo-14\/#respond"]}]},{"@type":"WebPage","@id":"https:\/\/www.anovapeneira.gal\/index.php\/2024\/07\/11\/acto-de-homenaxe-ao-guerrilleiro-monfortino-ramon-yanez-pereira-en-celanova-o-domingo-14\/","url":"https:\/\/www.anovapeneira.gal\/index.php\/2024\/07\/11\/acto-de-homenaxe-ao-guerrilleiro-monfortino-ramon-yanez-pereira-en-celanova-o-domingo-14\/","name":"Acto de homenaxe ao guerrilleiro monfortino Ram\u00f3n Y\u00e1\u00f1ez Pereira en Celanova o domingo 14 -","isPartOf":{"@id":"https:\/\/www.anovapeneira.gal\/#website"},"primaryImageOfPage":{"@id":"https:\/\/www.anovapeneira.gal\/index.php\/2024\/07\/11\/acto-de-homenaxe-ao-guerrilleiro-monfortino-ramon-yanez-pereira-en-celanova-o-domingo-14\/#primaryimage"},"image":{"@id":"https:\/\/www.anovapeneira.gal\/index.php\/2024\/07\/11\/acto-de-homenaxe-ao-guerrilleiro-monfortino-ramon-yanez-pereira-en-celanova-o-domingo-14\/#primaryimage"},"thumbnailUrl":"https:\/\/www.anovapeneira.gal\/wp-content\/uploads\/2024\/07\/ramon_yanez_monforte.png","datePublished":"2024-07-11T08:00:32+00:00","breadcrumb":{"@id":"https:\/\/www.anovapeneira.gal\/index.php\/2024\/07\/11\/acto-de-homenaxe-ao-guerrilleiro-monfortino-ramon-yanez-pereira-en-celanova-o-domingo-14\/#breadcrumb"},"inLanguage":"gl-ES","potentialAction":[{"@type":"ReadAction","target":["https:\/\/www.anovapeneira.gal\/index.php\/2024\/07\/11\/acto-de-homenaxe-ao-guerrilleiro-monfortino-ramon-yanez-pereira-en-celanova-o-domingo-14\/"]}]},{"@type":"ImageObject","inLanguage":"gl-ES","@id":"https:\/\/www.anovapeneira.gal\/index.php\/2024\/07\/11\/acto-de-homenaxe-ao-guerrilleiro-monfortino-ramon-yanez-pereira-en-celanova-o-domingo-14\/#primaryimage","url":"https:\/\/www.anovapeneira.gal\/wp-content\/uploads\/2024\/07\/ramon_yanez_monforte.png","contentUrl":"https:\/\/www.anovapeneira.gal\/wp-content\/uploads\/2024\/07\/ramon_yanez_monforte.png","width":720,"height":432,"caption":"Ram\u00f3n Y\u00e1\u00f1ez Pereira en Celanova"},{"@type":"BreadcrumbList","@id":"https:\/\/www.anovapeneira.gal\/index.php\/2024\/07\/11\/acto-de-homenaxe-ao-guerrilleiro-monfortino-ramon-yanez-pereira-en-celanova-o-domingo-14\/#breadcrumb","itemListElement":[{"@type":"ListItem","position":1,"name":"Portada","item":"https:\/\/www.anovapeneira.gal\/"},{"@type":"ListItem","position":2,"name":"Acto de homenaxe ao guerrilleiro monfortino Ram\u00f3n Y\u00e1\u00f1ez Pereira en Celanova o domingo 14"}]},{"@type":"WebSite","@id":"https:\/\/www.anovapeneira.gal\/#website","url":"https:\/\/www.anovapeneira.gal\/","name":"","description":"Xornal galego de informaci\u00f3n xeral Publicaci\u00f3n mensual de novas de Galicia e en especial dos Concellos da sur da provincia de Pontevedra.","publisher":{"@id":"https:\/\/www.anovapeneira.gal\/#organization"},"potentialAction":[{"@type":"SearchAction","target":{"@type":"EntryPoint","urlTemplate":"https:\/\/www.anovapeneira.gal\/?s={search_term_string}"},"query-input":{"@type":"PropertyValueSpecification","valueRequired":true,"valueName":"search_term_string"}}],"inLanguage":"gl-ES"},{"@type":"Organization","@id":"https:\/\/www.anovapeneira.gal\/#organization","name":"A Nova Peneira","url":"https:\/\/www.anovapeneira.gal\/","logo":{"@type":"ImageObject","inLanguage":"gl-ES","@id":"https:\/\/www.anovapeneira.gal\/#\/schema\/logo\/image\/","url":"http:\/\/www.anovapeneira.gal\/wp-content\/uploads\/2019\/06\/logo_a_nova_peneira_portal_web.png","contentUrl":"http:\/\/www.anovapeneira.gal\/wp-content\/uploads\/2019\/06\/logo_a_nova_peneira_portal_web.png","width":300,"height":100,"caption":"A Nova Peneira"},"image":{"@id":"https:\/\/www.anovapeneira.gal\/#\/schema\/logo\/image\/"},"sameAs":["https:\/\/www.facebook.com\/anovapeneira","https:\/\/x.com\/APeneira"]},{"@type":"Person","@id":"https:\/\/www.anovapeneira.gal\/#\/schema\/person\/b93e3f8932e3f8da96334607eb6ac6aa","name":"Redacci\u00f3n A Nova Peneira","image":{"@type":"ImageObject","inLanguage":"gl-ES","@id":"https:\/\/secure.gravatar.com\/avatar\/c052a2551a06e23fac63626232eaa90abd78dbcf1700fc46a2b2c89fd27b735f?s=96&d=mm&r=g","url":"https:\/\/secure.gravatar.com\/avatar\/c052a2551a06e23fac63626232eaa90abd78dbcf1700fc46a2b2c89fd27b735f?s=96&d=mm&r=g","contentUrl":"https:\/\/secure.gravatar.com\/avatar\/c052a2551a06e23fac63626232eaa90abd78dbcf1700fc46a2b2c89fd27b735f?s=96&d=mm&r=g","caption":"Redacci\u00f3n A Nova Peneira"},"sameAs":["http:\/\/www.anovapeneira.gal\/"],"url":"https:\/\/www.anovapeneira.gal\/index.php\/author\/redactor\/"}]}},"jetpack_featured_media_url":"https:\/\/www.anovapeneira.gal\/wp-content\/uploads\/2024\/07\/ramon_yanez_monforte.png","_links":{"self":[{"href":"https:\/\/www.anovapeneira.gal\/index.php\/wp-json\/wp\/v2\/posts\/12041","targetHints":{"allow":["GET"]}}],"collection":[{"href":"https:\/\/www.anovapeneira.gal\/index.php\/wp-json\/wp\/v2\/posts"}],"about":[{"href":"https:\/\/www.anovapeneira.gal\/index.php\/wp-json\/wp\/v2\/types\/post"}],"author":[{"embeddable":true,"href":"https:\/\/www.anovapeneira.gal\/index.php\/wp-json\/wp\/v2\/users\/3"}],"replies":[{"embeddable":true,"href":"https:\/\/www.anovapeneira.gal\/index.php\/wp-json\/wp\/v2\/comments?post=12041"}],"version-history":[{"count":2,"href":"https:\/\/www.anovapeneira.gal\/index.php\/wp-json\/wp\/v2\/posts\/12041\/revisions"}],"predecessor-version":[{"id":12046,"href":"https:\/\/www.anovapeneira.gal\/index.php\/wp-json\/wp\/v2\/posts\/12041\/revisions\/12046"}],"wp:featuredmedia":[{"embeddable":true,"href":"https:\/\/www.anovapeneira.gal\/index.php\/wp-json\/wp\/v2\/media\/12042"}],"wp:attachment":[{"href":"https:\/\/www.anovapeneira.gal\/index.php\/wp-json\/wp\/v2\/media?parent=12041"}],"wp:term":[{"taxonomy":"category","embeddable":true,"href":"https:\/\/www.anovapeneira.gal\/index.php\/wp-json\/wp\/v2\/categories?post=12041"},{"taxonomy":"post_tag","embeddable":true,"href":"https:\/\/www.anovapeneira.gal\/index.php\/wp-json\/wp\/v2\/tags?post=12041"}],"curies":[{"name":"wp","href":"https:\/\/api.w.org\/{rel}","templated":true}]}}