{"id":12047,"date":"2024-07-11T12:00:13","date_gmt":"2024-07-11T10:00:13","guid":{"rendered":"https:\/\/www.anovapeneira.gal\/?p=12047"},"modified":"2024-07-08T18:24:36","modified_gmt":"2024-07-08T16:24:36","slug":"do-caciquismo-tamen-se-sae","status":"publish","type":"post","link":"https:\/\/www.anovapeneira.gal\/index.php\/2024\/07\/11\/do-caciquismo-tamen-se-sae\/","title":{"rendered":"Do caciquismo tam\u00e9n se sae"},"content":{"rendered":"\n<h2 class=\"wp-block-heading\"><strong>Os partidos da oposici\u00f3n en Mos deben evitar caer no des\u00e1nimo ante o aparente control social exercido dende as redes clientelares do PP<\/strong><\/h2>\n\n\n\n<p><strong>A construci\u00f3n dunha alternativa program\u00e1tica s\u00f3lida e o pulo dos movementos sociais son factores que favorecen o cambio pol\u00edtico<\/strong><\/p>\n\n\n\n<pre class=\"wp-block-verse\">PACO GARC\u00cdA COBAS, XORNALISTA<\/pre>\n\n\n\n<p>O 28 de maio de 2023, o PP de Nidia Ar\u00e9valo reforzou a s\u00faa maior\u00eda absoluta en Mos. A alcaldesa sentiu que as dez actas conseguidas nas elecci\u00f3ns municipais supo\u00f1\u00edan un referendo a un modelo de xesti\u00f3n baseado no contacto persoal coa veci\u00f1anza, a concesi\u00f3n de facilidades a grandes proxectos empresariais e unha intensa actividade propagand\u00edstica. Unha forma de facer pol\u00edtica que os grupos da oposici\u00f3n consideran \u201ccaciquil\u201d ou mesmo corrupta, pero que reporta cuantiosos beneficios en termos electorais. Aquela noite do 28 de maio, a desolaci\u00f3n era absoluta na sede do PSOE mosense; non tanto na do BNG, que triplicaba a s\u00faa representaci\u00f3n, pero en ambos lugares hab\u00eda unha certa sensaci\u00f3n de impotencia ante a extensi\u00f3n dos tent\u00e1culos do PP en todas as parroquias de Mos.<\/p>\n\n\n\n<p>Cos populares exercendo un control absoluto sobre o Concello, a Deputaci\u00f3n e a Xunta, as xanelas de oportunidade para a oposici\u00f3n v\u00edronse reducidas \u00e1 m\u00ednima expresi\u00f3n. PSOE e BNG quedaron desarmados ante o m\u00e1is que previsible alude de favores clientelares. E ante un panorama coma este, cales son as perspectivas de futuro? Hai algunha maneira de frear o crecemento dun partido que aplica m\u00e9todos caciqu\u00eds e que ten un acceso case ilimitado aos recursos das administraci\u00f3ns p\u00fablicas? Dende logo non \u00e9 doado, pero tampouco imposible. O caciquismo \u00e9 un cancro que ameaza con propagarse como a met\u00e1stase en todos os \u00e1mbitos da sociedade, pero a experiencia demostra que ten cura. S\u00f3 hai que dar co tratamento axeitado.<\/p>\n\n\n\n<p><strong>A ra\u00edz do problema<\/strong><\/p>\n\n\n\n<p>Para extirpar o tumor do caciquismo, o primeiro paso reside en comprender a natureza do problema. De acordo coa ciencia pol\u00edtica, as redes clientelares dun partido coma o PP fundam\u00e9ntanse no intercambio de votos por favores persoais. \u201cSe me das o teu apoio, vas obter un beneficio para ti ou para a t\u00faa familia; se non, podes meterte en problemas\u201d. Esa \u00e9 a l\u00f3xica dun modelo de xesti\u00f3n no que a implantaci\u00f3n de pol\u00edticas p\u00fablicas m\u00e1is ou menos acertadas ten unha importancia secundaria. Cando recibes un favor pol\u00edtico, contraes unha d\u00e9beda co partido no goberno e unha vez que entras nesa rede \u00e9 moi dif\u00edcil sa\u00edr dela sen recibir represalias. Por este motivo, d\u00e1 a impresi\u00f3n de que o cancro non para de estenderse.<\/p>\n\n\n\n<figure class=\"wp-block-table\"><table><tbody><tr><td>\u201c<strong>As redes clientelares do PP fundam\u00e9ntanse no intercambio de votos por favores\u201d<\/strong><\/td><\/tr><\/tbody><\/table><\/figure>\n\n\n\n<p>Os favores que pode conceder unha autoridade pol\u00edtica son de moi diversa \u00edndole. Os m\u00e1is evidentes son os relativos ao emprego p\u00fablico, a\u00ednda que a asignaci\u00f3n a dedo de prazas na Administraci\u00f3n pode ter consecuencias penais. Por este motivo, os partidos clientelares procuran meter tam\u00e9n nesta cadea de favores ao sector privado. A cambio da concesi\u00f3n de facilidades administrativas ou certas vantaxes fiscais, unha empresa pode po\u00f1er moitos postos de traballo a disposici\u00f3n do partido no goberno. Deste modo, podemos comprender tam\u00e9n a natureza doutra das \u201cmercador\u00edas\u201d do caciquismo, como \u00e9 a aplicaci\u00f3n selectiva da normativa. Un alcalde, ou unha alcaldesa, pode axilizarche os tr\u00e1mites burocr\u00e1ticos ou retirarche unha multa se entras no seu xogo clientelar; se non, pode converter a t\u00faa vida nun inferno.<\/p>\n\n\n\n<p>Para \u201cenchufar\u201d \u00e1 veci\u00f1anza af\u00edn, os gobernantes adoitan botar man tam\u00e9n da administraci\u00f3n paralela (os chamados \u201cchiringuitos\u201d) ou das empresas concesionarias de servizos privatizados, pero non todos os favores est\u00e1n ligados ao emprego. Existen tam\u00e9n outros relativos \u00e1 concesi\u00f3n de subvenci\u00f3ns, \u00e1 asignaci\u00f3n de partidas discrecionais nos orzamentos anuais ou, directamente, \u00e1 compra de vontades a trav\u00e9s de convites a xantares, viaxes organizadas e agasallos de \u00edndole material. Todo o mundo ten un prezo e alg\u00fans votantes son m\u00e1is valiosos ca outros. \u00c9 moi importante estar a ben coa xente que ten certa reputaci\u00f3n social, coas persoas implicadas no tecido asociativo e cos simpatizantes m\u00e1is entusiastas, aqueles que che poden encher tres autobuses, armados con pancartas e bandeiras, para ir a un mitin do l\u00edder supremo na capital da provincia.<\/p>\n\n\n\n<p><strong>O tratamento<\/strong><\/p>\n\n\n\n<p>Temos claras cales son as causas do problema e co\u00f1ecemos tam\u00e9n ben os seus s\u00edntomas. O sistema clientelar tende a perpetuar a relaci\u00f3n de dependencia da cidadan\u00eda con respecto aos cargos pol\u00edticos, destru\u00edndo deste modo os mecanismos de cooperaci\u00f3n entre iguais. Os caciques reprimen calquera iniciativa social, econ\u00f3mica ou cultural que escape do seu control, coa fin de que todo o que se faga no seu territorio pase necesariamente polas s\u00faas mans. Ante unha situaci\u00f3n coma esta, sempre haber\u00e1 unha porcentaxe maior ou menor da poboaci\u00f3n que ofreza resistencia e eses \u201credutos de rebeld\u00eda\u201d son o principio activo da medicina contra o clientelismo.<\/p>\n\n\n\n<p>Calquera tratamento que se pretenda aplicar debe atacar as debilidades do sistema clientelar, unhas debilidades que a ciencia pol\u00edtica ten perfectamente identificadas. A primeira delas \u00e9, precisamente, a existencia de alternativas pol\u00edticas ben organizadas. Calquera soluci\u00f3n pasa, en primeira instancia, pola presenza dunha oposici\u00f3n capaz de seducir o electorado cun discurso baseado na aplicaci\u00f3n de pol\u00edticas p\u00fablicas concibidas para o ben com\u00fan, a igualdade de oportunidades e a supresi\u00f3n dos favoritismos na administraci\u00f3n. Resulta conveniente, ademais, que esa alternativa estea o menos fragmentada posible, xa que a divisi\u00f3n do voto favorecer\u00e1 sempre a unha candidatura clientelar que non ten rivais no seu espectro ideol\u00f3xico.<\/p>\n\n\n\n<figure class=\"wp-block-table\"><table><tbody><tr><td>\u201c<strong>As alternativas progresistas deben aproveitar as debilidades do poder clientelar\u201d<\/strong><\/td><\/tr><\/tbody><\/table><\/figure>\n\n\n\n<p>Outras debilidades do poder caciquil te\u00f1en a s\u00faa raz\u00f3n de ser na propia evoluci\u00f3n da sociedade. Cando se produce unha situaci\u00f3n de progreso econ\u00f3mico, os cidad\u00e1ns e as cidad\u00e1s adquiren unha maior estabilidade vital e, en consecuencia, unha menor dependencia respecto \u00e1s autoridades caciqu\u00eds. Cando un concello experimenta unha explosi\u00f3n demogr\u00e1fica, recibe novas familias que est\u00e1n \u00e1 marxe das redes clientelares do partido gobernante, cando menos nun primeiro momento. Estas circunstancias explican as reticencias, por parte deste tipo de l\u00edderes, a impulsar un modelo econ\u00f3mico produtivo e non depredatorio (os macrocomplexos tur\u00edsticos e os parques e\u00f3licos son o mellor exemplo da s\u00faa forma de actuar). Isto axuda a comprender, tam\u00e9n, os motivos polos que Mos, a pesar de contar cun emprazamento xeogr\u00e1fico privilexiado, perde poboaci\u00f3n dende a chegada ao poder de Nidia Ar\u00e9valo. Ao goberno, directamente, non lle interesa que o concello creza.<\/p>\n\n\n\n<p>As redes clientelares fraquean tam\u00e9n cando se abren procesos de mobilizaci\u00f3n colectiva que reivindican intereses com\u00fans, ben sexan medioambientais, culturais ou en defensa dos servizos p\u00fablicos. Un bo exemplo atop\u00e1molo, en Mos, co movemento veci\u00f1al artellado en contra do pelotazo urban\u00edstico do clan Mouri\u00f1o, radicado sobre todo en Tameiga, a parroquia onde o PP de Nidia Ar\u00e9valo obt\u00e9n, con moita diferenza, os seus peores resultados. As persoas que impulsan estes movementos adoitan estar vinculadas a entidades que te\u00f1en relativa independencia econ\u00f3mica con respecto ao poder pol\u00edtico, como poden ser as comunidades de montes.<\/p>\n\n\n\n<p>A experiencia demostra que, cando se aproveitan estas fraquezas do poder clientelar, o cambio cara a un goberno program\u00e1tico ou progresista \u00e9 posible. Hai tres factores com\u00fans \u00e1 maior parte dos casos en que se deu esta situaci\u00f3n: a presenza dun movemento social ben organizado en defensa de intereses com\u00fans, a existencia dun liderado pol\u00edtico alternativo capaz de rendibilizar as oportunidades que se presenten e a construci\u00f3n dun relato colectivo que permita explicar cales son os problemas derivados das pol\u00edticas caciqu\u00eds. En Mos \u00e9 moi probable que xa se estean dando as d\u00faas primeiras condici\u00f3ns e un dos obxectivos deste artigo \u00e9, precisamente, o de contribu\u00edr \u00e1 creaci\u00f3n dese marco interpretativo da realidade que nos permita abrir un horizonte de esperanza. Hai alternativa ao caciquismo do PP.<\/p>\n","protected":false},"excerpt":{"rendered":"<div class=\"mh-excerpt\"><p>Os partidos da oposici\u00f3n en Mos deben evitar caer no des\u00e1nimo ante o aparente control social exercido dende as redes clientelares do PP <a class=\"mh-excerpt-more\" href=\"https:\/\/www.anovapeneira.gal\/index.php\/2024\/07\/11\/do-caciquismo-tamen-se-sae\/\" title=\"Do caciquismo tam\u00e9n se sae\">[&#8230;]<\/a><\/p>\n<\/div>","protected":false},"author":12,"featured_media":11875,"comment_status":"open","ping_status":"open","sticky":false,"template":"","format":"standard","meta":{"_exactmetrics_skip_tracking":false,"_exactmetrics_sitenote_active":false,"_exactmetrics_sitenote_note":"","_exactmetrics_sitenote_category":0,"footnotes":""},"categories":[7],"tags":[218],"class_list":{"0":"post-12047","1":"post","2":"type-post","3":"status-publish","4":"format-standard","5":"has-post-thumbnail","7":"category-artigos-de-opinion","8":"tag-concello-de-mos"},"yoast_head":"<!-- This site is optimized with the Yoast SEO plugin v27.4 - https:\/\/yoast.com\/product\/yoast-seo-wordpress\/ -->\n<title>Do caciquismo tam\u00e9n se sae -<\/title>\n<meta name=\"robots\" content=\"index, follow, max-snippet:-1, max-image-preview:large, max-video-preview:-1\" \/>\n<link rel=\"canonical\" href=\"https:\/\/www.anovapeneira.gal\/index.php\/2024\/07\/11\/do-caciquismo-tamen-se-sae\/\" \/>\n<meta property=\"og:locale\" content=\"gl_ES\" \/>\n<meta property=\"og:type\" content=\"article\" \/>\n<meta property=\"og:title\" content=\"Do caciquismo tam\u00e9n se sae -\" \/>\n<meta property=\"og:description\" content=\"Os partidos da oposici\u00f3n en Mos deben evitar caer no des\u00e1nimo ante o aparente control social exercido dende as redes clientelares do PP [...]\" \/>\n<meta property=\"og:url\" content=\"https:\/\/www.anovapeneira.gal\/index.php\/2024\/07\/11\/do-caciquismo-tamen-se-sae\/\" \/>\n<meta property=\"article:publisher\" content=\"https:\/\/www.facebook.com\/anovapeneira\" \/>\n<meta property=\"article:published_time\" content=\"2024-07-11T10:00:13+00:00\" \/>\n<meta property=\"og:image\" content=\"https:\/\/www.anovapeneira.gal\/wp-content\/uploads\/2024\/06\/paco_garcia_cobas.jpg\" \/>\n\t<meta property=\"og:image:width\" content=\"720\" \/>\n\t<meta property=\"og:image:height\" content=\"432\" \/>\n\t<meta property=\"og:image:type\" content=\"image\/jpeg\" \/>\n<meta name=\"author\" content=\"Artigos Opini\u00f3n\" \/>\n<meta name=\"twitter:card\" content=\"summary_large_image\" \/>\n<meta name=\"twitter:creator\" content=\"@APeneira\" \/>\n<meta name=\"twitter:site\" content=\"@APeneira\" \/>\n<meta name=\"twitter:label1\" content=\"Escrito por\" \/>\n\t<meta name=\"twitter:data1\" content=\"Artigos Opini\u00f3n\" \/>\n\t<meta name=\"twitter:label2\" content=\"Tempo de lectura\" \/>\n\t<meta name=\"twitter:data2\" content=\"8 minutos\" \/>\n<script type=\"application\/ld+json\" class=\"yoast-schema-graph\">{\"@context\":\"https:\\\/\\\/schema.org\",\"@graph\":[{\"@type\":\"Article\",\"@id\":\"https:\\\/\\\/www.anovapeneira.gal\\\/index.php\\\/2024\\\/07\\\/11\\\/do-caciquismo-tamen-se-sae\\\/#article\",\"isPartOf\":{\"@id\":\"https:\\\/\\\/www.anovapeneira.gal\\\/index.php\\\/2024\\\/07\\\/11\\\/do-caciquismo-tamen-se-sae\\\/\"},\"author\":{\"name\":\"Artigos Opini\u00f3n\",\"@id\":\"https:\\\/\\\/www.anovapeneira.gal\\\/#\\\/schema\\\/person\\\/f18a4feb302e8f20bcef4490b5b60bb3\"},\"headline\":\"Do caciquismo tam\u00e9n se sae\",\"datePublished\":\"2024-07-11T10:00:13+00:00\",\"mainEntityOfPage\":{\"@id\":\"https:\\\/\\\/www.anovapeneira.gal\\\/index.php\\\/2024\\\/07\\\/11\\\/do-caciquismo-tamen-se-sae\\\/\"},\"wordCount\":1401,\"commentCount\":0,\"publisher\":{\"@id\":\"https:\\\/\\\/www.anovapeneira.gal\\\/#organization\"},\"image\":{\"@id\":\"https:\\\/\\\/www.anovapeneira.gal\\\/index.php\\\/2024\\\/07\\\/11\\\/do-caciquismo-tamen-se-sae\\\/#primaryimage\"},\"thumbnailUrl\":\"https:\\\/\\\/www.anovapeneira.gal\\\/wp-content\\\/uploads\\\/2024\\\/06\\\/paco_garcia_cobas.jpg\",\"keywords\":[\"Concello de Mos\"],\"articleSection\":[\"Artigos de opini\u00f3n\"],\"inLanguage\":\"gl-ES\",\"potentialAction\":[{\"@type\":\"CommentAction\",\"name\":\"Comment\",\"target\":[\"https:\\\/\\\/www.anovapeneira.gal\\\/index.php\\\/2024\\\/07\\\/11\\\/do-caciquismo-tamen-se-sae\\\/#respond\"]}]},{\"@type\":\"WebPage\",\"@id\":\"https:\\\/\\\/www.anovapeneira.gal\\\/index.php\\\/2024\\\/07\\\/11\\\/do-caciquismo-tamen-se-sae\\\/\",\"url\":\"https:\\\/\\\/www.anovapeneira.gal\\\/index.php\\\/2024\\\/07\\\/11\\\/do-caciquismo-tamen-se-sae\\\/\",\"name\":\"Do caciquismo tam\u00e9n se sae -\",\"isPartOf\":{\"@id\":\"https:\\\/\\\/www.anovapeneira.gal\\\/#website\"},\"primaryImageOfPage\":{\"@id\":\"https:\\\/\\\/www.anovapeneira.gal\\\/index.php\\\/2024\\\/07\\\/11\\\/do-caciquismo-tamen-se-sae\\\/#primaryimage\"},\"image\":{\"@id\":\"https:\\\/\\\/www.anovapeneira.gal\\\/index.php\\\/2024\\\/07\\\/11\\\/do-caciquismo-tamen-se-sae\\\/#primaryimage\"},\"thumbnailUrl\":\"https:\\\/\\\/www.anovapeneira.gal\\\/wp-content\\\/uploads\\\/2024\\\/06\\\/paco_garcia_cobas.jpg\",\"datePublished\":\"2024-07-11T10:00:13+00:00\",\"breadcrumb\":{\"@id\":\"https:\\\/\\\/www.anovapeneira.gal\\\/index.php\\\/2024\\\/07\\\/11\\\/do-caciquismo-tamen-se-sae\\\/#breadcrumb\"},\"inLanguage\":\"gl-ES\",\"potentialAction\":[{\"@type\":\"ReadAction\",\"target\":[\"https:\\\/\\\/www.anovapeneira.gal\\\/index.php\\\/2024\\\/07\\\/11\\\/do-caciquismo-tamen-se-sae\\\/\"]}]},{\"@type\":\"ImageObject\",\"inLanguage\":\"gl-ES\",\"@id\":\"https:\\\/\\\/www.anovapeneira.gal\\\/index.php\\\/2024\\\/07\\\/11\\\/do-caciquismo-tamen-se-sae\\\/#primaryimage\",\"url\":\"https:\\\/\\\/www.anovapeneira.gal\\\/wp-content\\\/uploads\\\/2024\\\/06\\\/paco_garcia_cobas.jpg\",\"contentUrl\":\"https:\\\/\\\/www.anovapeneira.gal\\\/wp-content\\\/uploads\\\/2024\\\/06\\\/paco_garcia_cobas.jpg\",\"width\":720,\"height\":432,\"caption\":\"Paco Garc\u00eda Cobas\"},{\"@type\":\"BreadcrumbList\",\"@id\":\"https:\\\/\\\/www.anovapeneira.gal\\\/index.php\\\/2024\\\/07\\\/11\\\/do-caciquismo-tamen-se-sae\\\/#breadcrumb\",\"itemListElement\":[{\"@type\":\"ListItem\",\"position\":1,\"name\":\"Portada\",\"item\":\"https:\\\/\\\/www.anovapeneira.gal\\\/\"},{\"@type\":\"ListItem\",\"position\":2,\"name\":\"Do caciquismo tam\u00e9n se sae\"}]},{\"@type\":\"WebSite\",\"@id\":\"https:\\\/\\\/www.anovapeneira.gal\\\/#website\",\"url\":\"https:\\\/\\\/www.anovapeneira.gal\\\/\",\"name\":\"\",\"description\":\"Xornal galego de informaci\u00f3n xeral Publicaci\u00f3n mensual de novas de Galicia e en especial dos Concellos da sur da provincia de Pontevedra.\",\"publisher\":{\"@id\":\"https:\\\/\\\/www.anovapeneira.gal\\\/#organization\"},\"potentialAction\":[{\"@type\":\"SearchAction\",\"target\":{\"@type\":\"EntryPoint\",\"urlTemplate\":\"https:\\\/\\\/www.anovapeneira.gal\\\/?s={search_term_string}\"},\"query-input\":{\"@type\":\"PropertyValueSpecification\",\"valueRequired\":true,\"valueName\":\"search_term_string\"}}],\"inLanguage\":\"gl-ES\"},{\"@type\":\"Organization\",\"@id\":\"https:\\\/\\\/www.anovapeneira.gal\\\/#organization\",\"name\":\"A Nova Peneira\",\"url\":\"https:\\\/\\\/www.anovapeneira.gal\\\/\",\"logo\":{\"@type\":\"ImageObject\",\"inLanguage\":\"gl-ES\",\"@id\":\"https:\\\/\\\/www.anovapeneira.gal\\\/#\\\/schema\\\/logo\\\/image\\\/\",\"url\":\"http:\\\/\\\/www.anovapeneira.gal\\\/wp-content\\\/uploads\\\/2019\\\/06\\\/logo_a_nova_peneira_portal_web.png\",\"contentUrl\":\"http:\\\/\\\/www.anovapeneira.gal\\\/wp-content\\\/uploads\\\/2019\\\/06\\\/logo_a_nova_peneira_portal_web.png\",\"width\":300,\"height\":100,\"caption\":\"A Nova Peneira\"},\"image\":{\"@id\":\"https:\\\/\\\/www.anovapeneira.gal\\\/#\\\/schema\\\/logo\\\/image\\\/\"},\"sameAs\":[\"https:\\\/\\\/www.facebook.com\\\/anovapeneira\",\"https:\\\/\\\/x.com\\\/APeneira\"]},{\"@type\":\"Person\",\"@id\":\"https:\\\/\\\/www.anovapeneira.gal\\\/#\\\/schema\\\/person\\\/f18a4feb302e8f20bcef4490b5b60bb3\",\"name\":\"Artigos Opini\u00f3n\",\"image\":{\"@type\":\"ImageObject\",\"inLanguage\":\"gl-ES\",\"@id\":\"https:\\\/\\\/secure.gravatar.com\\\/avatar\\\/072844300f4881150aee2da4278f7a65d16eefdf8262eb67085f1e702de2b959?s=96&d=mm&r=g\",\"url\":\"https:\\\/\\\/secure.gravatar.com\\\/avatar\\\/072844300f4881150aee2da4278f7a65d16eefdf8262eb67085f1e702de2b959?s=96&d=mm&r=g\",\"contentUrl\":\"https:\\\/\\\/secure.gravatar.com\\\/avatar\\\/072844300f4881150aee2da4278f7a65d16eefdf8262eb67085f1e702de2b959?s=96&d=mm&r=g\",\"caption\":\"Artigos Opini\u00f3n\"},\"sameAs\":[\"http:\\\/\\\/anovapeneira.gal\"],\"url\":\"https:\\\/\\\/www.anovapeneira.gal\\\/index.php\\\/author\\\/artigosopinion\\\/\"}]}<\/script>\n<!-- \/ Yoast SEO plugin. -->","yoast_head_json":{"title":"Do caciquismo tam\u00e9n se sae -","robots":{"index":"index","follow":"follow","max-snippet":"max-snippet:-1","max-image-preview":"max-image-preview:large","max-video-preview":"max-video-preview:-1"},"canonical":"https:\/\/www.anovapeneira.gal\/index.php\/2024\/07\/11\/do-caciquismo-tamen-se-sae\/","og_locale":"gl_ES","og_type":"article","og_title":"Do caciquismo tam\u00e9n se sae -","og_description":"Os partidos da oposici\u00f3n en Mos deben evitar caer no des\u00e1nimo ante o aparente control social exercido dende as redes clientelares do PP [...]","og_url":"https:\/\/www.anovapeneira.gal\/index.php\/2024\/07\/11\/do-caciquismo-tamen-se-sae\/","article_publisher":"https:\/\/www.facebook.com\/anovapeneira","article_published_time":"2024-07-11T10:00:13+00:00","og_image":[{"width":720,"height":432,"url":"https:\/\/www.anovapeneira.gal\/wp-content\/uploads\/2024\/06\/paco_garcia_cobas.jpg","type":"image\/jpeg"}],"author":"Artigos Opini\u00f3n","twitter_card":"summary_large_image","twitter_creator":"@APeneira","twitter_site":"@APeneira","twitter_misc":{"Escrito por":"Artigos Opini\u00f3n","Tempo de lectura":"8 minutos"},"schema":{"@context":"https:\/\/schema.org","@graph":[{"@type":"Article","@id":"https:\/\/www.anovapeneira.gal\/index.php\/2024\/07\/11\/do-caciquismo-tamen-se-sae\/#article","isPartOf":{"@id":"https:\/\/www.anovapeneira.gal\/index.php\/2024\/07\/11\/do-caciquismo-tamen-se-sae\/"},"author":{"name":"Artigos Opini\u00f3n","@id":"https:\/\/www.anovapeneira.gal\/#\/schema\/person\/f18a4feb302e8f20bcef4490b5b60bb3"},"headline":"Do caciquismo tam\u00e9n se sae","datePublished":"2024-07-11T10:00:13+00:00","mainEntityOfPage":{"@id":"https:\/\/www.anovapeneira.gal\/index.php\/2024\/07\/11\/do-caciquismo-tamen-se-sae\/"},"wordCount":1401,"commentCount":0,"publisher":{"@id":"https:\/\/www.anovapeneira.gal\/#organization"},"image":{"@id":"https:\/\/www.anovapeneira.gal\/index.php\/2024\/07\/11\/do-caciquismo-tamen-se-sae\/#primaryimage"},"thumbnailUrl":"https:\/\/www.anovapeneira.gal\/wp-content\/uploads\/2024\/06\/paco_garcia_cobas.jpg","keywords":["Concello de Mos"],"articleSection":["Artigos de opini\u00f3n"],"inLanguage":"gl-ES","potentialAction":[{"@type":"CommentAction","name":"Comment","target":["https:\/\/www.anovapeneira.gal\/index.php\/2024\/07\/11\/do-caciquismo-tamen-se-sae\/#respond"]}]},{"@type":"WebPage","@id":"https:\/\/www.anovapeneira.gal\/index.php\/2024\/07\/11\/do-caciquismo-tamen-se-sae\/","url":"https:\/\/www.anovapeneira.gal\/index.php\/2024\/07\/11\/do-caciquismo-tamen-se-sae\/","name":"Do caciquismo tam\u00e9n se sae -","isPartOf":{"@id":"https:\/\/www.anovapeneira.gal\/#website"},"primaryImageOfPage":{"@id":"https:\/\/www.anovapeneira.gal\/index.php\/2024\/07\/11\/do-caciquismo-tamen-se-sae\/#primaryimage"},"image":{"@id":"https:\/\/www.anovapeneira.gal\/index.php\/2024\/07\/11\/do-caciquismo-tamen-se-sae\/#primaryimage"},"thumbnailUrl":"https:\/\/www.anovapeneira.gal\/wp-content\/uploads\/2024\/06\/paco_garcia_cobas.jpg","datePublished":"2024-07-11T10:00:13+00:00","breadcrumb":{"@id":"https:\/\/www.anovapeneira.gal\/index.php\/2024\/07\/11\/do-caciquismo-tamen-se-sae\/#breadcrumb"},"inLanguage":"gl-ES","potentialAction":[{"@type":"ReadAction","target":["https:\/\/www.anovapeneira.gal\/index.php\/2024\/07\/11\/do-caciquismo-tamen-se-sae\/"]}]},{"@type":"ImageObject","inLanguage":"gl-ES","@id":"https:\/\/www.anovapeneira.gal\/index.php\/2024\/07\/11\/do-caciquismo-tamen-se-sae\/#primaryimage","url":"https:\/\/www.anovapeneira.gal\/wp-content\/uploads\/2024\/06\/paco_garcia_cobas.jpg","contentUrl":"https:\/\/www.anovapeneira.gal\/wp-content\/uploads\/2024\/06\/paco_garcia_cobas.jpg","width":720,"height":432,"caption":"Paco Garc\u00eda Cobas"},{"@type":"BreadcrumbList","@id":"https:\/\/www.anovapeneira.gal\/index.php\/2024\/07\/11\/do-caciquismo-tamen-se-sae\/#breadcrumb","itemListElement":[{"@type":"ListItem","position":1,"name":"Portada","item":"https:\/\/www.anovapeneira.gal\/"},{"@type":"ListItem","position":2,"name":"Do caciquismo tam\u00e9n se sae"}]},{"@type":"WebSite","@id":"https:\/\/www.anovapeneira.gal\/#website","url":"https:\/\/www.anovapeneira.gal\/","name":"","description":"Xornal galego de informaci\u00f3n xeral Publicaci\u00f3n mensual de novas de Galicia e en especial dos Concellos da sur da provincia de Pontevedra.","publisher":{"@id":"https:\/\/www.anovapeneira.gal\/#organization"},"potentialAction":[{"@type":"SearchAction","target":{"@type":"EntryPoint","urlTemplate":"https:\/\/www.anovapeneira.gal\/?s={search_term_string}"},"query-input":{"@type":"PropertyValueSpecification","valueRequired":true,"valueName":"search_term_string"}}],"inLanguage":"gl-ES"},{"@type":"Organization","@id":"https:\/\/www.anovapeneira.gal\/#organization","name":"A Nova Peneira","url":"https:\/\/www.anovapeneira.gal\/","logo":{"@type":"ImageObject","inLanguage":"gl-ES","@id":"https:\/\/www.anovapeneira.gal\/#\/schema\/logo\/image\/","url":"http:\/\/www.anovapeneira.gal\/wp-content\/uploads\/2019\/06\/logo_a_nova_peneira_portal_web.png","contentUrl":"http:\/\/www.anovapeneira.gal\/wp-content\/uploads\/2019\/06\/logo_a_nova_peneira_portal_web.png","width":300,"height":100,"caption":"A Nova Peneira"},"image":{"@id":"https:\/\/www.anovapeneira.gal\/#\/schema\/logo\/image\/"},"sameAs":["https:\/\/www.facebook.com\/anovapeneira","https:\/\/x.com\/APeneira"]},{"@type":"Person","@id":"https:\/\/www.anovapeneira.gal\/#\/schema\/person\/f18a4feb302e8f20bcef4490b5b60bb3","name":"Artigos Opini\u00f3n","image":{"@type":"ImageObject","inLanguage":"gl-ES","@id":"https:\/\/secure.gravatar.com\/avatar\/072844300f4881150aee2da4278f7a65d16eefdf8262eb67085f1e702de2b959?s=96&d=mm&r=g","url":"https:\/\/secure.gravatar.com\/avatar\/072844300f4881150aee2da4278f7a65d16eefdf8262eb67085f1e702de2b959?s=96&d=mm&r=g","contentUrl":"https:\/\/secure.gravatar.com\/avatar\/072844300f4881150aee2da4278f7a65d16eefdf8262eb67085f1e702de2b959?s=96&d=mm&r=g","caption":"Artigos Opini\u00f3n"},"sameAs":["http:\/\/anovapeneira.gal"],"url":"https:\/\/www.anovapeneira.gal\/index.php\/author\/artigosopinion\/"}]}},"jetpack_featured_media_url":"https:\/\/www.anovapeneira.gal\/wp-content\/uploads\/2024\/06\/paco_garcia_cobas.jpg","_links":{"self":[{"href":"https:\/\/www.anovapeneira.gal\/index.php\/wp-json\/wp\/v2\/posts\/12047","targetHints":{"allow":["GET"]}}],"collection":[{"href":"https:\/\/www.anovapeneira.gal\/index.php\/wp-json\/wp\/v2\/posts"}],"about":[{"href":"https:\/\/www.anovapeneira.gal\/index.php\/wp-json\/wp\/v2\/types\/post"}],"author":[{"embeddable":true,"href":"https:\/\/www.anovapeneira.gal\/index.php\/wp-json\/wp\/v2\/users\/12"}],"replies":[{"embeddable":true,"href":"https:\/\/www.anovapeneira.gal\/index.php\/wp-json\/wp\/v2\/comments?post=12047"}],"version-history":[{"count":1,"href":"https:\/\/www.anovapeneira.gal\/index.php\/wp-json\/wp\/v2\/posts\/12047\/revisions"}],"predecessor-version":[{"id":12048,"href":"https:\/\/www.anovapeneira.gal\/index.php\/wp-json\/wp\/v2\/posts\/12047\/revisions\/12048"}],"wp:featuredmedia":[{"embeddable":true,"href":"https:\/\/www.anovapeneira.gal\/index.php\/wp-json\/wp\/v2\/media\/11875"}],"wp:attachment":[{"href":"https:\/\/www.anovapeneira.gal\/index.php\/wp-json\/wp\/v2\/media?parent=12047"}],"wp:term":[{"taxonomy":"category","embeddable":true,"href":"https:\/\/www.anovapeneira.gal\/index.php\/wp-json\/wp\/v2\/categories?post=12047"},{"taxonomy":"post_tag","embeddable":true,"href":"https:\/\/www.anovapeneira.gal\/index.php\/wp-json\/wp\/v2\/tags?post=12047"}],"curies":[{"name":"wp","href":"https:\/\/api.w.org\/{rel}","templated":true}]}}