{"id":12049,"date":"2024-07-08T18:35:28","date_gmt":"2024-07-08T16:35:28","guid":{"rendered":"https:\/\/www.anovapeneira.gal\/?p=12049"},"modified":"2024-07-30T18:04:18","modified_gmt":"2024-07-30T16:04:18","slug":"xxxii-feira-do-vino-do-rosal","status":"publish","type":"post","link":"https:\/\/www.anovapeneira.gal\/index.php\/2024\/07\/08\/xxxii-feira-do-vino-do-rosal\/","title":{"rendered":"Chega a Feira do Vi\u00f1o do Rosal con m\u00e1is horas de actividade de lecer e enolox\u00eda da historia.XXXII Feira do Vi\u00f1o do Rosal"},"content":{"rendered":"\n<h2 class=\"wp-block-heading\"><strong>Concello e Adegas da Confrar\u00eda dos Cabaqueiros presentan a XXXII edici\u00f3n da Feira do Vi\u00f1o que se inaugurar\u00e1 o vindeiro venres 12 de xullo \u00e1s 13:00h na Praza do Calvario.<\/strong><\/h2>\n\n\n\n<p>O Concello do Rosal e a Confrar\u00eda dos Cabaqueiros do Vi\u00f1o do Rosal presentaron hoxe a XXXII edici\u00f3n da Feira do Vi\u00f1o do Rosal, a celebraci\u00f3n vin\u00edcola m\u00e1is destacadas da comarca. O evento tivo lugar no Lagar en Eiras, e contou coa asistencia da alcaldesa do Concello do Rosal, \u00c1nxela Fern\u00e1ndez Call\u00eds, o Concelleiro de Turismo, Jos\u00e9 Carlos Mart\u00ednez Crespo, as\u00ed como, representantes das nove adegas que conforman actualmente a Confrar\u00eda entre os que se atopa o novo presidente, Carlos G\u00f3mez, director de Adegas Valmi\u00f1or.<\/p>\n\n\n\n<p>Durante a presentaci\u00f3n, a alcaldesa, \u00c1nxela Fern\u00e1ndez, e o presidente da Confrar\u00eda dos Cabaqueiros do Rosal, Carlos G\u00f3mez, presentaron o cartel do evento, e a programaci\u00f3n da XXXII edici\u00f3n desta Feira tan esperada. Tr\u00e1tase da Feira do Vi\u00f1o con m\u00e1is horas de lecer e actividade enol\u00f3xica da historia. A inauguraci\u00f3n, tal e como avanzaron na presentaci\u00f3n do evento, ser\u00e1 o vindeiro venres 12 de xullo \u00e1s 13:00h, na Praza do Calvario.<\/p>\n\n\n\n<p>A veci\u00f1anza e os visitantes poder\u00e1n gozar de todo tipo de actividades innovadoras e moi diversas para desfrutar en familia. Avanzaba a alcaldesa que haber\u00e1 un scape room centrado no sector vitivin\u00edcola, unha actividade para nenos e nenas a cargo de Xos\u00e9 Tom\u00e1s froito da nova obra editada polo Concello titulada \u201cEntre Vi\u00f1os e Vi\u00f1as\u201d, un espect\u00e1culo de maxia e globoflexia e, entre outras actividades. Tam\u00e9n haber\u00e1 un obradoiro de coci\u00f1a para a cativada. Ademais, contarase con concertos musicais de diversos estilos a cargo de Brass Band, Helen &amp; Shana e outros conxuntos pop e tradicionais, que far\u00e1n do evento tam\u00e9n un punto de encontro musical para t\u00f3dalas idades. Darase continuaci\u00f3n tam\u00e9n a diferentes exposici\u00f3ns de filatelia, pintura ou fotograf\u00eda. Nesta XXXII edici\u00f3n aumenta a programaci\u00f3n enol\u00f3xica contando coa celebraci\u00f3n de d\u00faas catas. Tam\u00e9n haber\u00e1 tempo para desfrutar do deporte e o patrimonio do Rosal cunha visita guiada polos Mu\u00ed\u00f1os do Fol\u00f3n e do Pic\u00f3n. Para algunhas das actividades ser\u00e1 precisa a inscrici\u00f3n previa, que se poder\u00e1 realizar a trav\u00e9s do seguinte enlace <a href=\"https:\/\/drive.google.com\/file\/d\/1DsxQqj11ItzG11RkOREJsIQWNhej5j-f\/view\">https:\/\/drive.google.com\/file\/d\/1DsxQqj11ItzG11RkOREJsIQWNhej5j-f\/view<\/a> , do QR que hai m\u00e1is abaixo ou chamando ao Concello ou dirix\u00edndose \u00e1 \u00e1rea OMIX directamente.<\/p>\n\n\n\n<p>Ademais, contarase con servizo de autob\u00fas circular que conectar\u00e1 os barrios do Rosal e tam\u00e9n a Comarca para non ter que coller o veh\u00edculo.<\/p>\n\n\n\n<p>Poderase consultar toda a informaci\u00f3n da actividade na p\u00e1xina web do Concello e especificamente nas redes sociais da Feira do Vi\u00f1o, a trav\u00e9s da p\u00e1xina @feiradovino.<\/p>\n\n\n\n<p>A Feira iniciar\u00e1 co acto institucional do d\u00eda 12 cun preg\u00f3n a cargo de Fernando Gurucharri, antigo Presidente da Uni\u00f3n Espa\u00f1ola de Catadores e organizador, entre outros, do Concurso Nacional de Vi\u00f1os Novos (Premios Bacos). Gurucharri tam\u00e9n dirixir\u00e1 a Cata Comentada que ter\u00e1 lugar o mesmo d\u00eda e que estar\u00e1 aberta a todo o p\u00fablico As inscrici\u00f3ns deben ser realizadas a trav\u00e9s do formulario dispo\u00f1ible nas redes sociais da feira e na p\u00e1xina web do Concello. Esta actividade ofrecer\u00e1 aos asistentes unha oportunidade e experiencia \u00fanica para explorar e apreciar os vi\u00f1os das adegas que conforman a Confrar\u00eda.<\/p>\n\n\n\n<p>A XXXII Feira do Vi\u00f1o do Rosal, reco\u00f1ecida como Festa de Interese Tur\u00edstico, ter\u00e1 como protagonista un ano m\u00e1is ao vi\u00f1o producido na Denominaci\u00f3n de Orixe Rias Baixas, Subzona O Rosal . As nove adegas que conforman a Confrar\u00eda (Adegas ValMi\u00f1or, Adegas Nov\u00e1s, Altos de Torona, Lagar de Pedregales, Lagar de Cervera, O Aforado, Quinta de Couselo, Santiago Ruiz e Terras Gauda) contar\u00e1n coas tradicionais casetas instaladas na renovada Praza do Calvario, onde tam\u00e9n se desfrutar\u00e1 da maridaxe do vi\u00f1o cunha gastronom\u00eda que ver\u00e1 incrementada a s\u00faa variedade e oferta.<\/p>\n\n\n\n<p>\u201cCelebramos a importancia dun sector e dun produto que \u00e9 parte da nosa identidade, cultura, orixe, tradici\u00f3n, historia, presente, futuro e orgullo rosaleiro. O traballo de moitas persoas, veci\u00f1os e veci\u00f1as, cunha gran calidade humana, profesional, delicadeza e cari\u00f1o na elaboraci\u00f3n destes caldos \u00e9 un dos piares fundamentais que est\u00e1 detr\u00e1s da reco\u00f1ecida calidade do vi\u00f1o do Rosal. O vi\u00f1o \u00e9 un patrimonios cultural e social de todos os Rosaleiros e Rosaleiras e a Feira do Vi\u00f1o o escenario onde compartimos, damos a co\u00f1ecer, reco\u00f1ecemos, valoramos e gozamos da s\u00faa maridaxe coa m\u00fasica, o lecer, as amizades, a familia e os visitantes con todo tipo de actividades innovadoras\u201d, relata a alcaldesa.<\/p>\n\n\n\n<p>O presidente da Confrar\u00eda dos Cabaqueiros presentou ao pregoeiro e tam\u00e9n director da cata do venres 12 de xullo, Fernando Gurucharri, quen conta con grande experiencia e formaci\u00f3n nestes caldos. Antigo presidente da Uni\u00f3n Espa\u00f1ola de Catadores e presidente do prestixioso Concurso Internacional de Vi\u00f1os Bacchus, entre outros. Ademais, fixo fincap\u00e9 e agradeceu a t\u00f3dalas entidades, tanto p\u00fablicas como privadas, que apoian ao sector e de xeito espec\u00edfico, \u00e1 Feira do Vi\u00f1o do Rosal. Finalizou resaltando a importancia do evento e singularidade, as\u00ed como a alta calidade dos vi\u00f1os do Rosal.<\/p>\n\n\n\n<p>O Concello e a Confrar\u00eda dos Cabaqueiros do Rosal convidan a toda a veci\u00f1anza e visitantes a gozar da mellor Feira do Vi\u00f1o con toda a familia e amizades brindando co mellor vi\u00f1o, o do Rosal.<\/p>\n\n\n\n<figure class=\"wp-block-image size-large\"><img loading=\"lazy\" decoding=\"async\" width=\"724\" height=\"1024\" src=\"https:\/\/www.anovapeneira.gal\/wp-content\/uploads\/2024\/07\/feira_vino_rosal-724x1024.jpg\" alt=\"\" class=\"wp-image-12050\" srcset=\"https:\/\/www.anovapeneira.gal\/wp-content\/uploads\/2024\/07\/feira_vino_rosal-724x1024.jpg 724w, https:\/\/www.anovapeneira.gal\/wp-content\/uploads\/2024\/07\/feira_vino_rosal-212x300.jpg 212w, https:\/\/www.anovapeneira.gal\/wp-content\/uploads\/2024\/07\/feira_vino_rosal-768x1086.jpg 768w, https:\/\/www.anovapeneira.gal\/wp-content\/uploads\/2024\/07\/feira_vino_rosal.jpg 1000w\" sizes=\"auto, (max-width: 724px) 100vw, 724px\" \/><\/figure>\n\n\n\n<div data-wp-interactive=\"core\/file\" class=\"wp-block-file\"><object data-wp-bind--hidden=\"!state.hasPdfPreview\" hidden class=\"wp-block-file__embed\" data=\"https:\/\/www.anovapeneira.gal\/wp-content\/uploads\/2024\/07\/O-ROSAL-PROGRAMA_A3_2024-1.pdf\" type=\"application\/pdf\" style=\"width:100%;height:600px\" aria-label=\"Incrustado de O-ROSAL-PROGRAMA_A3_2024-1.\"><\/object><a id=\"wp-block-file--media-3374ba01-dc03-4d06-ab8f-65b91abcdca2\" href=\"https:\/\/www.anovapeneira.gal\/wp-content\/uploads\/2024\/07\/O-ROSAL-PROGRAMA_A3_2024-1.pdf\">O-ROSAL-PROGRAMA_A3_2024-1<\/a><a href=\"https:\/\/www.anovapeneira.gal\/wp-content\/uploads\/2024\/07\/O-ROSAL-PROGRAMA_A3_2024-1.pdf\" class=\"wp-block-file__button wp-element-button\" download aria-describedby=\"wp-block-file--media-3374ba01-dc03-4d06-ab8f-65b91abcdca2\">Descarga\t <\/a><\/div>\n\n\n\n<div data-wp-interactive=\"core\/file\" class=\"wp-block-file\"><object data-wp-bind--hidden=\"!state.hasPdfPreview\" hidden class=\"wp-block-file__embed\" data=\"https:\/\/www.anovapeneira.gal\/wp-content\/uploads\/2024\/07\/DIPTICO-A4.pdf\" type=\"application\/pdf\" style=\"width:100%;height:600px\" aria-label=\"Incrustado de DIPTICO-A4.\"><\/object><a id=\"wp-block-file--media-8778a915-f8e6-4dcf-8c19-0d41255eeac4\" href=\"https:\/\/www.anovapeneira.gal\/wp-content\/uploads\/2024\/07\/DIPTICO-A4.pdf\">DIPTICO-A4<\/a><a href=\"https:\/\/www.anovapeneira.gal\/wp-content\/uploads\/2024\/07\/DIPTICO-A4.pdf\" class=\"wp-block-file__button wp-element-button\" download aria-describedby=\"wp-block-file--media-8778a915-f8e6-4dcf-8c19-0d41255eeac4\">Descarga\t <\/a><\/div>\n","protected":false},"excerpt":{"rendered":"<div class=\"mh-excerpt\"><p>Concello e Adegas da Confrar\u00eda dos Cabaqueiros presentan a XXXII edici\u00f3n da Feira do Vi\u00f1o que se inaugurar\u00e1 o vindeiro venres 12 de xullo \u00e1s 13:00h na Praza do Calvario <a class=\"mh-excerpt-more\" href=\"https:\/\/www.anovapeneira.gal\/index.php\/2024\/07\/08\/xxxii-feira-do-vino-do-rosal\/\" title=\"Chega a Feira do Vi\u00f1o do Rosal con m\u00e1is horas de actividade de lecer e enolox\u00eda da historia.XXXII Feira do Vi\u00f1o do Rosal\">[&#8230;]<\/a><\/p>\n<\/div>","protected":false},"author":3,"featured_media":12065,"comment_status":"open","ping_status":"open","sticky":false,"template":"","format":"standard","meta":{"_exactmetrics_skip_tracking":false,"_exactmetrics_sitenote_active":false,"_exactmetrics_sitenote_note":"","_exactmetrics_sitenote_category":0,"footnotes":""},"categories":[21],"tags":[131],"class_list":{"0":"post-12049","1":"post","2":"type-post","3":"status-publish","4":"format-standard","5":"has-post-thumbnail","7":"category-baixo-mino","8":"tag-concello-do-rosal"},"yoast_head":"<!-- This site is optimized with the Yoast SEO plugin v27.4 - https:\/\/yoast.com\/product\/yoast-seo-wordpress\/ -->\n<title>Chega a Feira do Vi\u00f1o do Rosal con m\u00e1is horas de actividade de lecer e enolox\u00eda da historia.XXXII Feira do Vi\u00f1o do Rosal -<\/title>\n<meta name=\"robots\" content=\"index, follow, max-snippet:-1, max-image-preview:large, max-video-preview:-1\" \/>\n<link rel=\"canonical\" href=\"https:\/\/www.anovapeneira.gal\/index.php\/2024\/07\/08\/xxxii-feira-do-vino-do-rosal\/\" \/>\n<meta property=\"og:locale\" content=\"gl_ES\" \/>\n<meta property=\"og:type\" content=\"article\" \/>\n<meta property=\"og:title\" content=\"Chega a Feira do Vi\u00f1o do Rosal con m\u00e1is horas de actividade de lecer e enolox\u00eda da historia.XXXII Feira do Vi\u00f1o do Rosal -\" \/>\n<meta property=\"og:description\" content=\"Concello e Adegas da Confrar\u00eda dos Cabaqueiros presentan a XXXII edici\u00f3n da Feira do Vi\u00f1o que se inaugurar\u00e1 o vindeiro venres 12 de xullo \u00e1s 13:00h na Praza do Calvario [...]\" \/>\n<meta property=\"og:url\" content=\"https:\/\/www.anovapeneira.gal\/index.php\/2024\/07\/08\/xxxii-feira-do-vino-do-rosal\/\" \/>\n<meta property=\"article:publisher\" content=\"https:\/\/www.facebook.com\/anovapeneira\" \/>\n<meta property=\"article:published_time\" content=\"2024-07-08T16:35:28+00:00\" \/>\n<meta property=\"article:modified_time\" content=\"2024-07-30T16:04:18+00:00\" \/>\n<meta property=\"og:image\" content=\"https:\/\/www.anovapeneira.gal\/wp-content\/uploads\/2024\/07\/O_Rosal_festa.png\" \/>\n\t<meta property=\"og:image:width\" content=\"720\" \/>\n\t<meta property=\"og:image:height\" content=\"432\" \/>\n\t<meta property=\"og:image:type\" content=\"image\/png\" \/>\n<meta name=\"author\" content=\"Redacci\u00f3n A Nova Peneira\" \/>\n<meta name=\"twitter:card\" content=\"summary_large_image\" \/>\n<meta name=\"twitter:creator\" content=\"@APeneira\" \/>\n<meta name=\"twitter:site\" content=\"@APeneira\" \/>\n<meta name=\"twitter:label1\" content=\"Escrito por\" \/>\n\t<meta name=\"twitter:data1\" content=\"Redacci\u00f3n A Nova Peneira\" \/>\n\t<meta name=\"twitter:label2\" content=\"Tempo de lectura\" \/>\n\t<meta name=\"twitter:data2\" content=\"6 minutos\" \/>\n<script type=\"application\/ld+json\" class=\"yoast-schema-graph\">{\"@context\":\"https:\\\/\\\/schema.org\",\"@graph\":[{\"@type\":\"Article\",\"@id\":\"https:\\\/\\\/www.anovapeneira.gal\\\/index.php\\\/2024\\\/07\\\/08\\\/xxxii-feira-do-vino-do-rosal\\\/#article\",\"isPartOf\":{\"@id\":\"https:\\\/\\\/www.anovapeneira.gal\\\/index.php\\\/2024\\\/07\\\/08\\\/xxxii-feira-do-vino-do-rosal\\\/\"},\"author\":{\"name\":\"Redacci\u00f3n A Nova Peneira\",\"@id\":\"https:\\\/\\\/www.anovapeneira.gal\\\/#\\\/schema\\\/person\\\/b93e3f8932e3f8da96334607eb6ac6aa\"},\"headline\":\"Chega a Feira do Vi\u00f1o do Rosal con m\u00e1is horas de actividade de lecer e enolox\u00eda da historia.XXXII Feira do Vi\u00f1o do Rosal\",\"datePublished\":\"2024-07-08T16:35:28+00:00\",\"dateModified\":\"2024-07-30T16:04:18+00:00\",\"mainEntityOfPage\":{\"@id\":\"https:\\\/\\\/www.anovapeneira.gal\\\/index.php\\\/2024\\\/07\\\/08\\\/xxxii-feira-do-vino-do-rosal\\\/\"},\"wordCount\":1008,\"commentCount\":0,\"publisher\":{\"@id\":\"https:\\\/\\\/www.anovapeneira.gal\\\/#organization\"},\"image\":{\"@id\":\"https:\\\/\\\/www.anovapeneira.gal\\\/index.php\\\/2024\\\/07\\\/08\\\/xxxii-feira-do-vino-do-rosal\\\/#primaryimage\"},\"thumbnailUrl\":\"https:\\\/\\\/www.anovapeneira.gal\\\/wp-content\\\/uploads\\\/2024\\\/07\\\/O_Rosal_festa.png\",\"keywords\":[\"Concello do Rosal\"],\"articleSection\":[\"Baixo Mi\u00f1o\"],\"inLanguage\":\"gl-ES\",\"potentialAction\":[{\"@type\":\"CommentAction\",\"name\":\"Comment\",\"target\":[\"https:\\\/\\\/www.anovapeneira.gal\\\/index.php\\\/2024\\\/07\\\/08\\\/xxxii-feira-do-vino-do-rosal\\\/#respond\"]}]},{\"@type\":\"WebPage\",\"@id\":\"https:\\\/\\\/www.anovapeneira.gal\\\/index.php\\\/2024\\\/07\\\/08\\\/xxxii-feira-do-vino-do-rosal\\\/\",\"url\":\"https:\\\/\\\/www.anovapeneira.gal\\\/index.php\\\/2024\\\/07\\\/08\\\/xxxii-feira-do-vino-do-rosal\\\/\",\"name\":\"Chega a Feira do Vi\u00f1o do Rosal con m\u00e1is horas de actividade de lecer e enolox\u00eda da historia.XXXII Feira do Vi\u00f1o do Rosal -\",\"isPartOf\":{\"@id\":\"https:\\\/\\\/www.anovapeneira.gal\\\/#website\"},\"primaryImageOfPage\":{\"@id\":\"https:\\\/\\\/www.anovapeneira.gal\\\/index.php\\\/2024\\\/07\\\/08\\\/xxxii-feira-do-vino-do-rosal\\\/#primaryimage\"},\"image\":{\"@id\":\"https:\\\/\\\/www.anovapeneira.gal\\\/index.php\\\/2024\\\/07\\\/08\\\/xxxii-feira-do-vino-do-rosal\\\/#primaryimage\"},\"thumbnailUrl\":\"https:\\\/\\\/www.anovapeneira.gal\\\/wp-content\\\/uploads\\\/2024\\\/07\\\/O_Rosal_festa.png\",\"datePublished\":\"2024-07-08T16:35:28+00:00\",\"dateModified\":\"2024-07-30T16:04:18+00:00\",\"breadcrumb\":{\"@id\":\"https:\\\/\\\/www.anovapeneira.gal\\\/index.php\\\/2024\\\/07\\\/08\\\/xxxii-feira-do-vino-do-rosal\\\/#breadcrumb\"},\"inLanguage\":\"gl-ES\",\"potentialAction\":[{\"@type\":\"ReadAction\",\"target\":[\"https:\\\/\\\/www.anovapeneira.gal\\\/index.php\\\/2024\\\/07\\\/08\\\/xxxii-feira-do-vino-do-rosal\\\/\"]}]},{\"@type\":\"ImageObject\",\"inLanguage\":\"gl-ES\",\"@id\":\"https:\\\/\\\/www.anovapeneira.gal\\\/index.php\\\/2024\\\/07\\\/08\\\/xxxii-feira-do-vino-do-rosal\\\/#primaryimage\",\"url\":\"https:\\\/\\\/www.anovapeneira.gal\\\/wp-content\\\/uploads\\\/2024\\\/07\\\/O_Rosal_festa.png\",\"contentUrl\":\"https:\\\/\\\/www.anovapeneira.gal\\\/wp-content\\\/uploads\\\/2024\\\/07\\\/O_Rosal_festa.png\",\"width\":720,\"height\":432,\"caption\":\"Feira do vi\u00f1o Rosal\"},{\"@type\":\"BreadcrumbList\",\"@id\":\"https:\\\/\\\/www.anovapeneira.gal\\\/index.php\\\/2024\\\/07\\\/08\\\/xxxii-feira-do-vino-do-rosal\\\/#breadcrumb\",\"itemListElement\":[{\"@type\":\"ListItem\",\"position\":1,\"name\":\"Portada\",\"item\":\"https:\\\/\\\/www.anovapeneira.gal\\\/\"},{\"@type\":\"ListItem\",\"position\":2,\"name\":\"Chega a Feira do Vi\u00f1o do Rosal con m\u00e1is horas de actividade de lecer e enolox\u00eda da historia.XXXII Feira do Vi\u00f1o do Rosal\"}]},{\"@type\":\"WebSite\",\"@id\":\"https:\\\/\\\/www.anovapeneira.gal\\\/#website\",\"url\":\"https:\\\/\\\/www.anovapeneira.gal\\\/\",\"name\":\"\",\"description\":\"Xornal galego de informaci\u00f3n xeral Publicaci\u00f3n mensual de novas de Galicia e en especial dos Concellos da sur da provincia de Pontevedra.\",\"publisher\":{\"@id\":\"https:\\\/\\\/www.anovapeneira.gal\\\/#organization\"},\"potentialAction\":[{\"@type\":\"SearchAction\",\"target\":{\"@type\":\"EntryPoint\",\"urlTemplate\":\"https:\\\/\\\/www.anovapeneira.gal\\\/?s={search_term_string}\"},\"query-input\":{\"@type\":\"PropertyValueSpecification\",\"valueRequired\":true,\"valueName\":\"search_term_string\"}}],\"inLanguage\":\"gl-ES\"},{\"@type\":\"Organization\",\"@id\":\"https:\\\/\\\/www.anovapeneira.gal\\\/#organization\",\"name\":\"A Nova Peneira\",\"url\":\"https:\\\/\\\/www.anovapeneira.gal\\\/\",\"logo\":{\"@type\":\"ImageObject\",\"inLanguage\":\"gl-ES\",\"@id\":\"https:\\\/\\\/www.anovapeneira.gal\\\/#\\\/schema\\\/logo\\\/image\\\/\",\"url\":\"http:\\\/\\\/www.anovapeneira.gal\\\/wp-content\\\/uploads\\\/2019\\\/06\\\/logo_a_nova_peneira_portal_web.png\",\"contentUrl\":\"http:\\\/\\\/www.anovapeneira.gal\\\/wp-content\\\/uploads\\\/2019\\\/06\\\/logo_a_nova_peneira_portal_web.png\",\"width\":300,\"height\":100,\"caption\":\"A Nova Peneira\"},\"image\":{\"@id\":\"https:\\\/\\\/www.anovapeneira.gal\\\/#\\\/schema\\\/logo\\\/image\\\/\"},\"sameAs\":[\"https:\\\/\\\/www.facebook.com\\\/anovapeneira\",\"https:\\\/\\\/x.com\\\/APeneira\"]},{\"@type\":\"Person\",\"@id\":\"https:\\\/\\\/www.anovapeneira.gal\\\/#\\\/schema\\\/person\\\/b93e3f8932e3f8da96334607eb6ac6aa\",\"name\":\"Redacci\u00f3n A Nova Peneira\",\"image\":{\"@type\":\"ImageObject\",\"inLanguage\":\"gl-ES\",\"@id\":\"https:\\\/\\\/secure.gravatar.com\\\/avatar\\\/c052a2551a06e23fac63626232eaa90abd78dbcf1700fc46a2b2c89fd27b735f?s=96&d=mm&r=g\",\"url\":\"https:\\\/\\\/secure.gravatar.com\\\/avatar\\\/c052a2551a06e23fac63626232eaa90abd78dbcf1700fc46a2b2c89fd27b735f?s=96&d=mm&r=g\",\"contentUrl\":\"https:\\\/\\\/secure.gravatar.com\\\/avatar\\\/c052a2551a06e23fac63626232eaa90abd78dbcf1700fc46a2b2c89fd27b735f?s=96&d=mm&r=g\",\"caption\":\"Redacci\u00f3n A Nova Peneira\"},\"sameAs\":[\"http:\\\/\\\/www.anovapeneira.gal\\\/\"],\"url\":\"https:\\\/\\\/www.anovapeneira.gal\\\/index.php\\\/author\\\/redactor\\\/\"}]}<\/script>\n<!-- \/ Yoast SEO plugin. -->","yoast_head_json":{"title":"Chega a Feira do Vi\u00f1o do Rosal con m\u00e1is horas de actividade de lecer e enolox\u00eda da historia.XXXII Feira do Vi\u00f1o do Rosal -","robots":{"index":"index","follow":"follow","max-snippet":"max-snippet:-1","max-image-preview":"max-image-preview:large","max-video-preview":"max-video-preview:-1"},"canonical":"https:\/\/www.anovapeneira.gal\/index.php\/2024\/07\/08\/xxxii-feira-do-vino-do-rosal\/","og_locale":"gl_ES","og_type":"article","og_title":"Chega a Feira do Vi\u00f1o do Rosal con m\u00e1is horas de actividade de lecer e enolox\u00eda da historia.XXXII Feira do Vi\u00f1o do Rosal -","og_description":"Concello e Adegas da Confrar\u00eda dos Cabaqueiros presentan a XXXII edici\u00f3n da Feira do Vi\u00f1o que se inaugurar\u00e1 o vindeiro venres 12 de xullo \u00e1s 13:00h na Praza do Calvario [...]","og_url":"https:\/\/www.anovapeneira.gal\/index.php\/2024\/07\/08\/xxxii-feira-do-vino-do-rosal\/","article_publisher":"https:\/\/www.facebook.com\/anovapeneira","article_published_time":"2024-07-08T16:35:28+00:00","article_modified_time":"2024-07-30T16:04:18+00:00","og_image":[{"width":720,"height":432,"url":"https:\/\/www.anovapeneira.gal\/wp-content\/uploads\/2024\/07\/O_Rosal_festa.png","type":"image\/png"}],"author":"Redacci\u00f3n A Nova Peneira","twitter_card":"summary_large_image","twitter_creator":"@APeneira","twitter_site":"@APeneira","twitter_misc":{"Escrito por":"Redacci\u00f3n A Nova Peneira","Tempo de lectura":"6 minutos"},"schema":{"@context":"https:\/\/schema.org","@graph":[{"@type":"Article","@id":"https:\/\/www.anovapeneira.gal\/index.php\/2024\/07\/08\/xxxii-feira-do-vino-do-rosal\/#article","isPartOf":{"@id":"https:\/\/www.anovapeneira.gal\/index.php\/2024\/07\/08\/xxxii-feira-do-vino-do-rosal\/"},"author":{"name":"Redacci\u00f3n A Nova Peneira","@id":"https:\/\/www.anovapeneira.gal\/#\/schema\/person\/b93e3f8932e3f8da96334607eb6ac6aa"},"headline":"Chega a Feira do Vi\u00f1o do Rosal con m\u00e1is horas de actividade de lecer e enolox\u00eda da historia.XXXII Feira do Vi\u00f1o do Rosal","datePublished":"2024-07-08T16:35:28+00:00","dateModified":"2024-07-30T16:04:18+00:00","mainEntityOfPage":{"@id":"https:\/\/www.anovapeneira.gal\/index.php\/2024\/07\/08\/xxxii-feira-do-vino-do-rosal\/"},"wordCount":1008,"commentCount":0,"publisher":{"@id":"https:\/\/www.anovapeneira.gal\/#organization"},"image":{"@id":"https:\/\/www.anovapeneira.gal\/index.php\/2024\/07\/08\/xxxii-feira-do-vino-do-rosal\/#primaryimage"},"thumbnailUrl":"https:\/\/www.anovapeneira.gal\/wp-content\/uploads\/2024\/07\/O_Rosal_festa.png","keywords":["Concello do Rosal"],"articleSection":["Baixo Mi\u00f1o"],"inLanguage":"gl-ES","potentialAction":[{"@type":"CommentAction","name":"Comment","target":["https:\/\/www.anovapeneira.gal\/index.php\/2024\/07\/08\/xxxii-feira-do-vino-do-rosal\/#respond"]}]},{"@type":"WebPage","@id":"https:\/\/www.anovapeneira.gal\/index.php\/2024\/07\/08\/xxxii-feira-do-vino-do-rosal\/","url":"https:\/\/www.anovapeneira.gal\/index.php\/2024\/07\/08\/xxxii-feira-do-vino-do-rosal\/","name":"Chega a Feira do Vi\u00f1o do Rosal con m\u00e1is horas de actividade de lecer e enolox\u00eda da historia.XXXII Feira do Vi\u00f1o do Rosal -","isPartOf":{"@id":"https:\/\/www.anovapeneira.gal\/#website"},"primaryImageOfPage":{"@id":"https:\/\/www.anovapeneira.gal\/index.php\/2024\/07\/08\/xxxii-feira-do-vino-do-rosal\/#primaryimage"},"image":{"@id":"https:\/\/www.anovapeneira.gal\/index.php\/2024\/07\/08\/xxxii-feira-do-vino-do-rosal\/#primaryimage"},"thumbnailUrl":"https:\/\/www.anovapeneira.gal\/wp-content\/uploads\/2024\/07\/O_Rosal_festa.png","datePublished":"2024-07-08T16:35:28+00:00","dateModified":"2024-07-30T16:04:18+00:00","breadcrumb":{"@id":"https:\/\/www.anovapeneira.gal\/index.php\/2024\/07\/08\/xxxii-feira-do-vino-do-rosal\/#breadcrumb"},"inLanguage":"gl-ES","potentialAction":[{"@type":"ReadAction","target":["https:\/\/www.anovapeneira.gal\/index.php\/2024\/07\/08\/xxxii-feira-do-vino-do-rosal\/"]}]},{"@type":"ImageObject","inLanguage":"gl-ES","@id":"https:\/\/www.anovapeneira.gal\/index.php\/2024\/07\/08\/xxxii-feira-do-vino-do-rosal\/#primaryimage","url":"https:\/\/www.anovapeneira.gal\/wp-content\/uploads\/2024\/07\/O_Rosal_festa.png","contentUrl":"https:\/\/www.anovapeneira.gal\/wp-content\/uploads\/2024\/07\/O_Rosal_festa.png","width":720,"height":432,"caption":"Feira do vi\u00f1o Rosal"},{"@type":"BreadcrumbList","@id":"https:\/\/www.anovapeneira.gal\/index.php\/2024\/07\/08\/xxxii-feira-do-vino-do-rosal\/#breadcrumb","itemListElement":[{"@type":"ListItem","position":1,"name":"Portada","item":"https:\/\/www.anovapeneira.gal\/"},{"@type":"ListItem","position":2,"name":"Chega a Feira do Vi\u00f1o do Rosal con m\u00e1is horas de actividade de lecer e enolox\u00eda da historia.XXXII Feira do Vi\u00f1o do Rosal"}]},{"@type":"WebSite","@id":"https:\/\/www.anovapeneira.gal\/#website","url":"https:\/\/www.anovapeneira.gal\/","name":"","description":"Xornal galego de informaci\u00f3n xeral Publicaci\u00f3n mensual de novas de Galicia e en especial dos Concellos da sur da provincia de Pontevedra.","publisher":{"@id":"https:\/\/www.anovapeneira.gal\/#organization"},"potentialAction":[{"@type":"SearchAction","target":{"@type":"EntryPoint","urlTemplate":"https:\/\/www.anovapeneira.gal\/?s={search_term_string}"},"query-input":{"@type":"PropertyValueSpecification","valueRequired":true,"valueName":"search_term_string"}}],"inLanguage":"gl-ES"},{"@type":"Organization","@id":"https:\/\/www.anovapeneira.gal\/#organization","name":"A Nova Peneira","url":"https:\/\/www.anovapeneira.gal\/","logo":{"@type":"ImageObject","inLanguage":"gl-ES","@id":"https:\/\/www.anovapeneira.gal\/#\/schema\/logo\/image\/","url":"http:\/\/www.anovapeneira.gal\/wp-content\/uploads\/2019\/06\/logo_a_nova_peneira_portal_web.png","contentUrl":"http:\/\/www.anovapeneira.gal\/wp-content\/uploads\/2019\/06\/logo_a_nova_peneira_portal_web.png","width":300,"height":100,"caption":"A Nova Peneira"},"image":{"@id":"https:\/\/www.anovapeneira.gal\/#\/schema\/logo\/image\/"},"sameAs":["https:\/\/www.facebook.com\/anovapeneira","https:\/\/x.com\/APeneira"]},{"@type":"Person","@id":"https:\/\/www.anovapeneira.gal\/#\/schema\/person\/b93e3f8932e3f8da96334607eb6ac6aa","name":"Redacci\u00f3n A Nova Peneira","image":{"@type":"ImageObject","inLanguage":"gl-ES","@id":"https:\/\/secure.gravatar.com\/avatar\/c052a2551a06e23fac63626232eaa90abd78dbcf1700fc46a2b2c89fd27b735f?s=96&d=mm&r=g","url":"https:\/\/secure.gravatar.com\/avatar\/c052a2551a06e23fac63626232eaa90abd78dbcf1700fc46a2b2c89fd27b735f?s=96&d=mm&r=g","contentUrl":"https:\/\/secure.gravatar.com\/avatar\/c052a2551a06e23fac63626232eaa90abd78dbcf1700fc46a2b2c89fd27b735f?s=96&d=mm&r=g","caption":"Redacci\u00f3n A Nova Peneira"},"sameAs":["http:\/\/www.anovapeneira.gal\/"],"url":"https:\/\/www.anovapeneira.gal\/index.php\/author\/redactor\/"}]}},"jetpack_featured_media_url":"https:\/\/www.anovapeneira.gal\/wp-content\/uploads\/2024\/07\/O_Rosal_festa.png","_links":{"self":[{"href":"https:\/\/www.anovapeneira.gal\/index.php\/wp-json\/wp\/v2\/posts\/12049","targetHints":{"allow":["GET"]}}],"collection":[{"href":"https:\/\/www.anovapeneira.gal\/index.php\/wp-json\/wp\/v2\/posts"}],"about":[{"href":"https:\/\/www.anovapeneira.gal\/index.php\/wp-json\/wp\/v2\/types\/post"}],"author":[{"embeddable":true,"href":"https:\/\/www.anovapeneira.gal\/index.php\/wp-json\/wp\/v2\/users\/3"}],"replies":[{"embeddable":true,"href":"https:\/\/www.anovapeneira.gal\/index.php\/wp-json\/wp\/v2\/comments?post=12049"}],"version-history":[{"count":3,"href":"https:\/\/www.anovapeneira.gal\/index.php\/wp-json\/wp\/v2\/posts\/12049\/revisions"}],"predecessor-version":[{"id":12066,"href":"https:\/\/www.anovapeneira.gal\/index.php\/wp-json\/wp\/v2\/posts\/12049\/revisions\/12066"}],"wp:featuredmedia":[{"embeddable":true,"href":"https:\/\/www.anovapeneira.gal\/index.php\/wp-json\/wp\/v2\/media\/12065"}],"wp:attachment":[{"href":"https:\/\/www.anovapeneira.gal\/index.php\/wp-json\/wp\/v2\/media?parent=12049"}],"wp:term":[{"taxonomy":"category","embeddable":true,"href":"https:\/\/www.anovapeneira.gal\/index.php\/wp-json\/wp\/v2\/categories?post=12049"},{"taxonomy":"post_tag","embeddable":true,"href":"https:\/\/www.anovapeneira.gal\/index.php\/wp-json\/wp\/v2\/tags?post=12049"}],"curies":[{"name":"wp","href":"https:\/\/api.w.org\/{rel}","templated":true}]}}