{"id":12067,"date":"2024-07-15T12:00:02","date_gmt":"2024-07-15T10:00:02","guid":{"rendered":"https:\/\/www.anovapeneira.gal\/?p=12067"},"modified":"2024-07-09T13:54:36","modified_gmt":"2024-07-09T11:54:36","slug":"fornelos-de-montes-preparase-para-a-suas-festas","status":"publish","type":"post","link":"https:\/\/www.anovapeneira.gal\/index.php\/2024\/07\/15\/fornelos-de-montes-preparase-para-a-suas-festas\/","title":{"rendered":"Fornelos de Montes prep\u00e1rase para a s\u00faas festas"},"content":{"rendered":"\n<p><strong>O concello m\u00e1is fermoso do mundo, o recuncho do pa\u00eds galego onde a paz o acougo e a beleza est\u00e1n todas as esquinas da localidade, Fornelos de Montes, prep\u00e1rase para comezar as s\u00faas festas. Comezar\u00e1, como \u00e9 habitual, coa festa gastron\u00f3mica da Chanfaina o 21 de Xullo, para nos primeiros d\u00edas de agosto dar paso \u00e1 semana cultural e \u00e1s s\u00faas festas patronais. N\u00f3s non quixemos faltar \u00e1 nosa cita con Fornelos, e un ano m\u00e1is subimos a mergullarnos na maxia da luz da praza desta localidade e conversar co seu alcalde para co\u00f1ecer como marchan as cousas polo Concello.<\/strong><\/p>\n\n\n\n<p><strong>Emiliano Lage alcalde de Fornelos de Montes.<\/strong><\/p>\n\n\n\n<h2 class=\"wp-block-heading\">\u201c<strong>Te\u00f1o a certeza de que o traballo e a ilusi\u00f3n con que o pobo de Fornelos prepara a s\u00faas festas van facer que, un ano m\u00e1is, sexan un \u00e9xito\u201d.<\/strong><\/h2>\n\n\n\n<p><strong>O primeiro que me chama a atenci\u00f3n, alcalde, son as faixas que est\u00e1n no edificio que est\u00e1 \u00e1 beira do Concello: \u201cCotos coa xustiza\u201d \u201c Cotos co compromiso\u201d.A que se refiren?<\/strong><\/p>\n\n\n\n<blockquote class=\"wp-block-quote is-layout-flow wp-block-quote-is-layout-flow\">\n<p>O edificio ao que te refires \u00e9 a Rectoral, \u00e9 un edificio da Igrexa. A parroquia que eles chaman \u201c Cotos\u201d corresponde a unha divisi\u00f3n eclesi\u00e1stica que abranguer\u00eda ao Concello de Fornelos e a parte de Pazos. Polo que eu sei as d\u00faas mensaxes refiren s\u00f3 a posici\u00f3n moral da igrexa da procura do compromiso social cos m\u00e1is necesitados, e a busca da xustiza social. Non se trata de nada en concreto, s\u00f3 a expresi\u00f3n da s\u00faa visi\u00f3n moral da realidade.<\/p>\n<\/blockquote>\n\n\n\n<p><strong>Non te\u00f1en ning\u00fan problema co Concello?<\/strong><\/p>\n\n\n\n<blockquote class=\"wp-block-quote is-layout-flow wp-block-quote-is-layout-flow\">\n<p>A min non me consta. Temos moi boas relaci\u00f3ns.<\/p>\n<\/blockquote>\n\n\n\n<p><strong>Outro aspecto que me parece relevante \u00e9 o volume inmenso de persoas que hai na praza. Hoxe tiven verdadeiros problemas para aparcar<\/strong><\/p>\n\n\n\n<blockquote class=\"wp-block-quote is-layout-flow wp-block-quote-is-layout-flow\">\n<p>Na nosa praza polas ma\u00f1\u00e1s \u00e9 moi dif\u00edcil aparcar.<\/p>\n<\/blockquote>\n\n\n\n<p><strong>Pero en inverno tam\u00e9n?<\/strong><\/p>\n\n\n\n<blockquote class=\"wp-block-quote is-layout-flow wp-block-quote-is-layout-flow\">\n<p>\u00c9 dif\u00edcil todo ano, pero no ver\u00e1n m\u00e1is, pois o volume de persoas \u00e9 maior.<\/p>\n<\/blockquote>\n\n\n\n<p><strong>Que non se poida aparcar non \u00e9 bo, pero imaxino que para o alcalde de Fornelos ser\u00e1 un orgullo, nun momento no que o rural galego est\u00e1 como est\u00e1, que a praza principal de Fornelos te\u00f1a a vida que ten?<\/strong><\/p>\n\n\n\n<blockquote class=\"wp-block-quote is-layout-flow wp-block-quote-is-layout-flow\">\n<p>Non te equivocas en absoluto. O alcalde de Fornelos est\u00e1 moi orgulloso de cada curruncho de Fornelos, e a vida que ten a nosa praza \u00e9 un dos motivos m\u00e1is importantes que contrib\u00fae \u00e1 construci\u00f3n dese sentimento. A nosa praza \u00e9 un lugar fermoso, e ten de todo nun espazo pequeno polo que resulta un sitio moi agradable e c\u00f3modo.<\/p>\n<\/blockquote>\n\n\n\n<p><strong>Como est\u00e1 a situaci\u00f3n do centro m\u00e9dico?<\/strong><\/p>\n\n\n\n<blockquote class=\"wp-block-quote is-layout-flow wp-block-quote-is-layout-flow\">\n<p>Ben, na li\u00f1a de como est\u00e1 a sanidade na nosa comunidade. A verdade \u00e9 un problema. O alcalde de Pazos m\u00e1is eu acabamos de ter unha xuntanza co director de atenci\u00f3n primaria para trasladarlle os nosos problemas. F\u00edxate que chegamos a estar unha semana sen ning\u00fan m\u00e9dico.<\/p>\n<\/blockquote>\n\n\n\n<p><strong>Ning\u00fan en absoluto?<\/strong><\/p>\n\n\n\n<blockquote class=\"wp-block-quote is-layout-flow wp-block-quote-is-layout-flow\">\n<p>Ning\u00fan. S\u00f3 hab\u00eda persoal de enfermer\u00eda. Despois desa entrevista conseguimos que volvera o m\u00e9dico, pero as consultas de pediatr\u00eda quit\u00e1ronnolas.<\/p>\n<\/blockquote>\n\n\n\n<p><strong>Canto tempo vi\u00f1a o pediatra?<\/strong><\/p>\n\n\n\n<blockquote class=\"wp-block-quote is-layout-flow wp-block-quote-is-layout-flow\">\n<p>Vi\u00f1a dous d\u00edas a Fornelos e tres a Pazos.<\/p>\n<\/blockquote>\n\n\n\n<p><strong>Ent\u00f3n unha familia con nenos ou nenas que precise atenci\u00f3n pedi\u00e1trica como ten que facer?<\/strong><\/p>\n\n\n\n<blockquote class=\"wp-block-quote is-layout-flow wp-block-quote-is-layout-flow\">\n<p>Non lle queda outra que ir a Redondela. Na entrevista , que antes mencionei,o director xeral d\u00edxonos que \u00eda intentar dar unha sa\u00edda, pero de momento non se solucionou.<\/p>\n<\/blockquote>\n\n\n\n<p><strong>Nesta reivindicaci\u00f3n de solucionar os problemas sanitarios do pobo sent\u00edcheste apoiado pola oposici\u00f3n?<\/strong><\/p>\n\n\n\n<blockquote class=\"wp-block-quote is-layout-flow wp-block-quote-is-layout-flow\">\n<p>Polo BNG si, polo PP non. O PP est\u00e1 a outra cousa.<\/p>\n<\/blockquote>\n\n\n\n<p><strong>A que cousa?<\/strong><\/p>\n\n\n\n<blockquote class=\"wp-block-quote is-layout-flow wp-block-quote-is-layout-flow\">\n<p>A utilizar as redes sociais para facer oposici\u00f3n destrutiva, pero pol\u00edtica en beneficio de Fornelos fan 0, e traballo efectivo que poida incidir no ben com\u00fan de Fornelos fan menos que 0.<\/p>\n<\/blockquote>\n\n\n\n<p><strong>Como est\u00e1 indo este mandato?<\/strong><\/p>\n\n\n\n<blockquote class=\"wp-block-quote is-layout-flow wp-block-quote-is-layout-flow\">\n<p>Razoablemente ben pero con atraso.<\/p>\n<\/blockquote>\n\n\n\n<p><strong>O motivo?<\/strong><\/p>\n\n\n\n<blockquote class=\"wp-block-quote is-layout-flow wp-block-quote-is-layout-flow\">\n<p>Temos un problema de escaseza de persoal. Un problema que chegou a ser grave pois tivemos a dous funcionarios de baixa, algo que nun concello como o noso n\u00f3tase moito. O problema est\u00e1 en v\u00edas de soluci\u00f3n, agora s\u00f3 temos un, pero claro ao haber menos persoal todo se retarda. Xa estamos traballando nas licitaci\u00f3ns das obras das importantes actuaci\u00f3ns que temos pensado levar a cabo.<\/p>\n<\/blockquote>\n\n\n\n<p><strong>Cales son esas actuaci\u00f3ns?<\/strong><\/p>\n\n\n\n<ul class=\"wp-block-list\">\n<li>-A reforma da piscina, cun orzamento que supera os 300.000\u20ac<\/li>\n\n\n\n<li>-Unha moi importante actuaci\u00f3n no multiusos, cun presuposto semellante ao anterior.<\/li>\n\n\n\n<li>-A apertura da r\u00faa da praza ata a estrada xeral.<\/li>\n\n\n\n<li>&#8211; Imos quitar os bamb\u00e1ns que est\u00e1n detr\u00e1s da Igrexa , facermos unha praza e arranxar toda a contorna da Igrexa pois por fin logramos o permiso de Patrimonio.<\/li>\n\n\n\n<li>-Tam\u00e9n temos numerosas actuaci\u00f3ns previstas en distintos cami\u00f1os de diversas parroquias, as\u00ed como obras relacionadas coas tra\u00eddas de augas.<\/li>\n\n\n\n<li>-Estamos pendentes da DEPO para licitar o cambio a LED do alumeado da \u00fanica parroquia do Concello que a\u00ednda non a ten: Calvos<\/li>\n<\/ul>\n\n\n\n<p><strong>O resto do Concello ten LED?<\/strong><\/p>\n\n\n\n<blockquote class=\"wp-block-quote is-layout-flow wp-block-quote-is-layout-flow\">\n<p>Si.<\/p>\n<\/blockquote>\n\n\n\n<p><strong>Notaches aforro?<\/strong><\/p>\n\n\n\n<blockquote class=\"wp-block-quote is-layout-flow wp-block-quote-is-layout-flow\">\n<p>Substancial. Investimos medio mill\u00f3n de \u20ac no cambio, pero foron moi ben investidos.<\/p>\n<\/blockquote>\n\n\n\n<p><strong>Que tal as relaci\u00f3ns coa nova DEPO?<\/strong><\/p>\n\n\n\n<blockquote class=\"wp-block-quote is-layout-flow wp-block-quote-is-layout-flow\">\n<p>Cordiais e correctas.<\/p>\n<\/blockquote>\n\n\n\n<p><strong>Notas algunha diferenza no trato con respecto \u00e1 anterior?<\/strong><\/p>\n\n\n\n<blockquote class=\"wp-block-quote is-layout-flow wp-block-quote-is-layout-flow\">\n<p>Non, de momento non noto ningunha.<\/p>\n<\/blockquote>\n\n\n\n<p><strong>Non estamos ent\u00f3n na DEPO de Louz\u00e1n que claramente discriminaba aos concellos que non eran do PP?<\/strong><\/p>\n\n\n\n<blockquote class=\"wp-block-quote is-layout-flow wp-block-quote-is-layout-flow\">\n<p>Non, nin moito menos. Agora ben: da Xunta non podo dicir o mesmo.<\/p>\n<\/blockquote>\n\n\n\n<p><strong>Por que?<\/strong><\/p>\n\n\n\n<blockquote class=\"wp-block-quote is-layout-flow wp-block-quote-is-layout-flow\">\n<p>O trato, como non pod\u00eda ser doutro modo entre administraci\u00f3ns distintas, \u00e9 bo,pero de momento todas as obras que lles pedimos tiveron resposta negativa.<\/p>\n<\/blockquote>\n\n\n\n<p><strong>Estamos a piques de iniciar a tempada de festas. Dinos o que est\u00e1 por vir ao pobo de Fornelos?<\/strong><\/p>\n\n\n\n<blockquote class=\"wp-block-quote is-layout-flow wp-block-quote-is-layout-flow\">\n<p>Ben pois imos iniciar unha das \u00e9pocas m\u00e1is bonitas do ano para a veci\u00f1anza de Fornelos. Comez\u00e1mola coa festa gastron\u00f3mica da Chanfaina o d\u00eda 21 de Xullo, no sitio habitual. O 9, 10 e 11 de Agosto( venres, s\u00e1bado e domingo) temos as nosas festas patronais. Tam\u00e9n teremos,antes das festas patronais, a semana cultural, actividades para os nenos, como a festa da espuma, o encontro de corais. E por suposto non podemos esquecer o noso marabilloso festival folk.<\/p>\n<\/blockquote>\n\n\n\n<p><strong>As expectativas de asistencia que temos este ano?<\/strong><\/p>\n\n\n\n<blockquote class=\"wp-block-quote is-layout-flow wp-block-quote-is-layout-flow\">\n<p>Habitualmente ven moita xente. E agardo que este ano non sexa diferente. O traballo e a ilusi\u00f3n con que o pobo de Fornelos prepara as s\u00faas festas as\u00ed o merecen, e te\u00f1o a certeza de que un ano m\u00e1is as\u00ed vai ser. Todo o noso pobo vive as nosas festas con compromiso e esforzo e particularizar en ocasi\u00f3ns non \u00e9 xusto. Pero desta volta quero facer unha excepci\u00f3n para salientar o esforzo inmenso e o cari\u00f1o superlativo que d\u00faas persoas adican \u00e1 organizaci\u00f3n das nosas festas: Tano e Eva. O agradecemento deste alcalde e deste goberno a ambos carece de l\u00edmites.<\/p>\n<\/blockquote>\n\n\n\n<p><strong>Creo que hai pouco recibiches a visita do alcalde de Gondomar?<\/strong><\/p>\n\n\n\n<blockquote class=\"wp-block-quote is-layout-flow wp-block-quote-is-layout-flow\">\n<p>Sii. O meu compa\u00f1eiro e amigo Paco Ferreira. Est\u00e1 a facer un reto moi bonito consistente en visitar en moto a totalidade dos concellos de Galicia e desde logo foi un pracer recibilo no noso pobo.<\/p>\n<\/blockquote>\n\n\n\n<p><strong>Eu nunha entrevista que tiven con el o mes pasado fac\u00edalle a broma de que cando se xubile de alcalde pod\u00eda meterse nos \u201cAnxos do Inferno\u201d<\/strong><\/p>\n\n\n\n<blockquote class=\"wp-block-quote is-layout-flow wp-block-quote-is-layout-flow\">\n<p>Ha, ha, ha, ha, ha&#8230;.. Paco al\u00e9n de ser moi bo alcalde \u00e9 un home moi activo, e estou seguro de que cando acabe o seu per\u00edodo na pol\u00edtica non lle faltar\u00e1n retos que afrontar con ilusi\u00f3n.<\/p>\n<\/blockquote>\n\n\n\n<p><strong>Rematamos Emiliano. O PSdeG ten soluci\u00f3n a curto prazo?<\/strong><\/p>\n\n\n\n<blockquote class=\"wp-block-quote is-layout-flow wp-block-quote-is-layout-flow\">\n<p>O PSdeG precisa unha catarse. Comezar de 0 e constru\u00edr un proxecto galeguista aut\u00f3nomo. Mentres non o faga non ter\u00e1 opci\u00f3ns realistas de ser unha opci\u00f3n de goberno.<\/p>\n<\/blockquote>\n","protected":false},"excerpt":{"rendered":"<div class=\"mh-excerpt\"><p>O concello m\u00e1is fermoso do mundo, o recuncho do pa\u00eds galego onde a paz o acougo e a beleza est\u00e1n todas as esquinas da localidade, Fornelos de Montes, prep\u00e1rase para comezar as s\u00faas festas <a class=\"mh-excerpt-more\" href=\"https:\/\/www.anovapeneira.gal\/index.php\/2024\/07\/15\/fornelos-de-montes-preparase-para-a-suas-festas\/\" title=\"Fornelos de Montes prep\u00e1rase para a s\u00faas festas\">[&#8230;]<\/a><\/p>\n<\/div>","protected":false},"author":2,"featured_media":12068,"comment_status":"open","ping_status":"open","sticky":false,"template":"","format":"standard","meta":{"_exactmetrics_skip_tracking":false,"_exactmetrics_sitenote_active":false,"_exactmetrics_sitenote_note":"","_exactmetrics_sitenote_category":0,"footnotes":""},"categories":[270],"tags":[452],"class_list":{"0":"post-12067","1":"post","2":"type-post","3":"status-publish","4":"format-standard","5":"has-post-thumbnail","7":"category-redondela-entrevistas","8":"tag-concello-de-fornelos-de-montes"},"yoast_head":"<!-- This site is optimized with the Yoast SEO plugin v27.4 - https:\/\/yoast.com\/product\/yoast-seo-wordpress\/ -->\n<title>Fornelos de Montes prep\u00e1rase para a s\u00faas festas -<\/title>\n<meta name=\"robots\" content=\"index, follow, max-snippet:-1, max-image-preview:large, max-video-preview:-1\" \/>\n<link rel=\"canonical\" href=\"https:\/\/www.anovapeneira.gal\/index.php\/2024\/07\/15\/fornelos-de-montes-preparase-para-a-suas-festas\/\" \/>\n<meta property=\"og:locale\" content=\"gl_ES\" \/>\n<meta property=\"og:type\" content=\"article\" \/>\n<meta property=\"og:title\" content=\"Fornelos de Montes prep\u00e1rase para a s\u00faas festas -\" \/>\n<meta property=\"og:description\" content=\"O concello m\u00e1is fermoso do mundo, o recuncho do pa\u00eds galego onde a paz o acougo e a beleza est\u00e1n todas as esquinas da localidade, Fornelos de Montes, prep\u00e1rase para comezar as s\u00faas festas [...]\" \/>\n<meta property=\"og:url\" content=\"https:\/\/www.anovapeneira.gal\/index.php\/2024\/07\/15\/fornelos-de-montes-preparase-para-a-suas-festas\/\" \/>\n<meta property=\"article:publisher\" content=\"https:\/\/www.facebook.com\/anovapeneira\" \/>\n<meta property=\"article:published_time\" content=\"2024-07-15T10:00:02+00:00\" \/>\n<meta property=\"og:image\" content=\"https:\/\/www.anovapeneira.gal\/wp-content\/uploads\/2024\/07\/emiliano_lage.png\" \/>\n\t<meta property=\"og:image:width\" content=\"720\" \/>\n\t<meta property=\"og:image:height\" content=\"432\" \/>\n\t<meta property=\"og:image:type\" content=\"image\/png\" \/>\n<meta name=\"author\" content=\"Tino Lago\" \/>\n<meta name=\"twitter:card\" content=\"summary_large_image\" \/>\n<meta name=\"twitter:creator\" content=\"@APeneira\" \/>\n<meta name=\"twitter:site\" content=\"@APeneira\" \/>\n<meta name=\"twitter:label1\" content=\"Escrito por\" \/>\n\t<meta name=\"twitter:data1\" content=\"Tino Lago\" \/>\n\t<meta name=\"twitter:label2\" content=\"Tempo de lectura\" \/>\n\t<meta name=\"twitter:data2\" content=\"3 minutos\" \/>\n<script type=\"application\/ld+json\" class=\"yoast-schema-graph\">{\"@context\":\"https:\\\/\\\/schema.org\",\"@graph\":[{\"@type\":\"Article\",\"@id\":\"https:\\\/\\\/www.anovapeneira.gal\\\/index.php\\\/2024\\\/07\\\/15\\\/fornelos-de-montes-preparase-para-a-suas-festas\\\/#article\",\"isPartOf\":{\"@id\":\"https:\\\/\\\/www.anovapeneira.gal\\\/index.php\\\/2024\\\/07\\\/15\\\/fornelos-de-montes-preparase-para-a-suas-festas\\\/\"},\"author\":{\"name\":\"Tino Lago\",\"@id\":\"https:\\\/\\\/www.anovapeneira.gal\\\/#\\\/schema\\\/person\\\/424dfe65e3070fd8a44d22d2c088762a\"},\"headline\":\"Fornelos de Montes prep\u00e1rase para a s\u00faas festas\",\"datePublished\":\"2024-07-15T10:00:02+00:00\",\"mainEntityOfPage\":{\"@id\":\"https:\\\/\\\/www.anovapeneira.gal\\\/index.php\\\/2024\\\/07\\\/15\\\/fornelos-de-montes-preparase-para-a-suas-festas\\\/\"},\"wordCount\":1349,\"commentCount\":0,\"publisher\":{\"@id\":\"https:\\\/\\\/www.anovapeneira.gal\\\/#organization\"},\"image\":{\"@id\":\"https:\\\/\\\/www.anovapeneira.gal\\\/index.php\\\/2024\\\/07\\\/15\\\/fornelos-de-montes-preparase-para-a-suas-festas\\\/#primaryimage\"},\"thumbnailUrl\":\"https:\\\/\\\/www.anovapeneira.gal\\\/wp-content\\\/uploads\\\/2024\\\/07\\\/emiliano_lage.png\",\"keywords\":[\"Concello de Fornelos de Montes\"],\"articleSection\":[\"Redondela\"],\"inLanguage\":\"gl-ES\",\"potentialAction\":[{\"@type\":\"CommentAction\",\"name\":\"Comment\",\"target\":[\"https:\\\/\\\/www.anovapeneira.gal\\\/index.php\\\/2024\\\/07\\\/15\\\/fornelos-de-montes-preparase-para-a-suas-festas\\\/#respond\"]}]},{\"@type\":\"WebPage\",\"@id\":\"https:\\\/\\\/www.anovapeneira.gal\\\/index.php\\\/2024\\\/07\\\/15\\\/fornelos-de-montes-preparase-para-a-suas-festas\\\/\",\"url\":\"https:\\\/\\\/www.anovapeneira.gal\\\/index.php\\\/2024\\\/07\\\/15\\\/fornelos-de-montes-preparase-para-a-suas-festas\\\/\",\"name\":\"Fornelos de Montes prep\u00e1rase para a s\u00faas festas -\",\"isPartOf\":{\"@id\":\"https:\\\/\\\/www.anovapeneira.gal\\\/#website\"},\"primaryImageOfPage\":{\"@id\":\"https:\\\/\\\/www.anovapeneira.gal\\\/index.php\\\/2024\\\/07\\\/15\\\/fornelos-de-montes-preparase-para-a-suas-festas\\\/#primaryimage\"},\"image\":{\"@id\":\"https:\\\/\\\/www.anovapeneira.gal\\\/index.php\\\/2024\\\/07\\\/15\\\/fornelos-de-montes-preparase-para-a-suas-festas\\\/#primaryimage\"},\"thumbnailUrl\":\"https:\\\/\\\/www.anovapeneira.gal\\\/wp-content\\\/uploads\\\/2024\\\/07\\\/emiliano_lage.png\",\"datePublished\":\"2024-07-15T10:00:02+00:00\",\"breadcrumb\":{\"@id\":\"https:\\\/\\\/www.anovapeneira.gal\\\/index.php\\\/2024\\\/07\\\/15\\\/fornelos-de-montes-preparase-para-a-suas-festas\\\/#breadcrumb\"},\"inLanguage\":\"gl-ES\",\"potentialAction\":[{\"@type\":\"ReadAction\",\"target\":[\"https:\\\/\\\/www.anovapeneira.gal\\\/index.php\\\/2024\\\/07\\\/15\\\/fornelos-de-montes-preparase-para-a-suas-festas\\\/\"]}]},{\"@type\":\"ImageObject\",\"inLanguage\":\"gl-ES\",\"@id\":\"https:\\\/\\\/www.anovapeneira.gal\\\/index.php\\\/2024\\\/07\\\/15\\\/fornelos-de-montes-preparase-para-a-suas-festas\\\/#primaryimage\",\"url\":\"https:\\\/\\\/www.anovapeneira.gal\\\/wp-content\\\/uploads\\\/2024\\\/07\\\/emiliano_lage.png\",\"contentUrl\":\"https:\\\/\\\/www.anovapeneira.gal\\\/wp-content\\\/uploads\\\/2024\\\/07\\\/emiliano_lage.png\",\"width\":720,\"height\":432,\"caption\":\"Emiliano Lage\"},{\"@type\":\"BreadcrumbList\",\"@id\":\"https:\\\/\\\/www.anovapeneira.gal\\\/index.php\\\/2024\\\/07\\\/15\\\/fornelos-de-montes-preparase-para-a-suas-festas\\\/#breadcrumb\",\"itemListElement\":[{\"@type\":\"ListItem\",\"position\":1,\"name\":\"Portada\",\"item\":\"https:\\\/\\\/www.anovapeneira.gal\\\/\"},{\"@type\":\"ListItem\",\"position\":2,\"name\":\"Fornelos de Montes prep\u00e1rase para a s\u00faas festas\"}]},{\"@type\":\"WebSite\",\"@id\":\"https:\\\/\\\/www.anovapeneira.gal\\\/#website\",\"url\":\"https:\\\/\\\/www.anovapeneira.gal\\\/\",\"name\":\"\",\"description\":\"Xornal galego de informaci\u00f3n xeral Publicaci\u00f3n mensual de novas de Galicia e en especial dos Concellos da sur da provincia de Pontevedra.\",\"publisher\":{\"@id\":\"https:\\\/\\\/www.anovapeneira.gal\\\/#organization\"},\"potentialAction\":[{\"@type\":\"SearchAction\",\"target\":{\"@type\":\"EntryPoint\",\"urlTemplate\":\"https:\\\/\\\/www.anovapeneira.gal\\\/?s={search_term_string}\"},\"query-input\":{\"@type\":\"PropertyValueSpecification\",\"valueRequired\":true,\"valueName\":\"search_term_string\"}}],\"inLanguage\":\"gl-ES\"},{\"@type\":\"Organization\",\"@id\":\"https:\\\/\\\/www.anovapeneira.gal\\\/#organization\",\"name\":\"A Nova Peneira\",\"url\":\"https:\\\/\\\/www.anovapeneira.gal\\\/\",\"logo\":{\"@type\":\"ImageObject\",\"inLanguage\":\"gl-ES\",\"@id\":\"https:\\\/\\\/www.anovapeneira.gal\\\/#\\\/schema\\\/logo\\\/image\\\/\",\"url\":\"http:\\\/\\\/www.anovapeneira.gal\\\/wp-content\\\/uploads\\\/2019\\\/06\\\/logo_a_nova_peneira_portal_web.png\",\"contentUrl\":\"http:\\\/\\\/www.anovapeneira.gal\\\/wp-content\\\/uploads\\\/2019\\\/06\\\/logo_a_nova_peneira_portal_web.png\",\"width\":300,\"height\":100,\"caption\":\"A Nova Peneira\"},\"image\":{\"@id\":\"https:\\\/\\\/www.anovapeneira.gal\\\/#\\\/schema\\\/logo\\\/image\\\/\"},\"sameAs\":[\"https:\\\/\\\/www.facebook.com\\\/anovapeneira\",\"https:\\\/\\\/x.com\\\/APeneira\"]},{\"@type\":\"Person\",\"@id\":\"https:\\\/\\\/www.anovapeneira.gal\\\/#\\\/schema\\\/person\\\/424dfe65e3070fd8a44d22d2c088762a\",\"name\":\"Tino Lago\",\"image\":{\"@type\":\"ImageObject\",\"inLanguage\":\"gl-ES\",\"@id\":\"https:\\\/\\\/secure.gravatar.com\\\/avatar\\\/b3df6a06e44bab3111583b90f0f33a0379ee5e3d22cbadd232d39f21c30c62be?s=96&d=mm&r=g\",\"url\":\"https:\\\/\\\/secure.gravatar.com\\\/avatar\\\/b3df6a06e44bab3111583b90f0f33a0379ee5e3d22cbadd232d39f21c30c62be?s=96&d=mm&r=g\",\"contentUrl\":\"https:\\\/\\\/secure.gravatar.com\\\/avatar\\\/b3df6a06e44bab3111583b90f0f33a0379ee5e3d22cbadd232d39f21c30c62be?s=96&d=mm&r=g\",\"caption\":\"Tino Lago\"},\"sameAs\":[\"http:\\\/\\\/www.anovapeneira.gal\"],\"url\":\"https:\\\/\\\/www.anovapeneira.gal\\\/index.php\\\/author\\\/director\\\/\"}]}<\/script>\n<!-- \/ Yoast SEO plugin. -->","yoast_head_json":{"title":"Fornelos de Montes prep\u00e1rase para a s\u00faas festas -","robots":{"index":"index","follow":"follow","max-snippet":"max-snippet:-1","max-image-preview":"max-image-preview:large","max-video-preview":"max-video-preview:-1"},"canonical":"https:\/\/www.anovapeneira.gal\/index.php\/2024\/07\/15\/fornelos-de-montes-preparase-para-a-suas-festas\/","og_locale":"gl_ES","og_type":"article","og_title":"Fornelos de Montes prep\u00e1rase para a s\u00faas festas -","og_description":"O concello m\u00e1is fermoso do mundo, o recuncho do pa\u00eds galego onde a paz o acougo e a beleza est\u00e1n todas as esquinas da localidade, Fornelos de Montes, prep\u00e1rase para comezar as s\u00faas festas [...]","og_url":"https:\/\/www.anovapeneira.gal\/index.php\/2024\/07\/15\/fornelos-de-montes-preparase-para-a-suas-festas\/","article_publisher":"https:\/\/www.facebook.com\/anovapeneira","article_published_time":"2024-07-15T10:00:02+00:00","og_image":[{"width":720,"height":432,"url":"https:\/\/www.anovapeneira.gal\/wp-content\/uploads\/2024\/07\/emiliano_lage.png","type":"image\/png"}],"author":"Tino Lago","twitter_card":"summary_large_image","twitter_creator":"@APeneira","twitter_site":"@APeneira","twitter_misc":{"Escrito por":"Tino Lago","Tempo de lectura":"3 minutos"},"schema":{"@context":"https:\/\/schema.org","@graph":[{"@type":"Article","@id":"https:\/\/www.anovapeneira.gal\/index.php\/2024\/07\/15\/fornelos-de-montes-preparase-para-a-suas-festas\/#article","isPartOf":{"@id":"https:\/\/www.anovapeneira.gal\/index.php\/2024\/07\/15\/fornelos-de-montes-preparase-para-a-suas-festas\/"},"author":{"name":"Tino Lago","@id":"https:\/\/www.anovapeneira.gal\/#\/schema\/person\/424dfe65e3070fd8a44d22d2c088762a"},"headline":"Fornelos de Montes prep\u00e1rase para a s\u00faas festas","datePublished":"2024-07-15T10:00:02+00:00","mainEntityOfPage":{"@id":"https:\/\/www.anovapeneira.gal\/index.php\/2024\/07\/15\/fornelos-de-montes-preparase-para-a-suas-festas\/"},"wordCount":1349,"commentCount":0,"publisher":{"@id":"https:\/\/www.anovapeneira.gal\/#organization"},"image":{"@id":"https:\/\/www.anovapeneira.gal\/index.php\/2024\/07\/15\/fornelos-de-montes-preparase-para-a-suas-festas\/#primaryimage"},"thumbnailUrl":"https:\/\/www.anovapeneira.gal\/wp-content\/uploads\/2024\/07\/emiliano_lage.png","keywords":["Concello de Fornelos de Montes"],"articleSection":["Redondela"],"inLanguage":"gl-ES","potentialAction":[{"@type":"CommentAction","name":"Comment","target":["https:\/\/www.anovapeneira.gal\/index.php\/2024\/07\/15\/fornelos-de-montes-preparase-para-a-suas-festas\/#respond"]}]},{"@type":"WebPage","@id":"https:\/\/www.anovapeneira.gal\/index.php\/2024\/07\/15\/fornelos-de-montes-preparase-para-a-suas-festas\/","url":"https:\/\/www.anovapeneira.gal\/index.php\/2024\/07\/15\/fornelos-de-montes-preparase-para-a-suas-festas\/","name":"Fornelos de Montes prep\u00e1rase para a s\u00faas festas -","isPartOf":{"@id":"https:\/\/www.anovapeneira.gal\/#website"},"primaryImageOfPage":{"@id":"https:\/\/www.anovapeneira.gal\/index.php\/2024\/07\/15\/fornelos-de-montes-preparase-para-a-suas-festas\/#primaryimage"},"image":{"@id":"https:\/\/www.anovapeneira.gal\/index.php\/2024\/07\/15\/fornelos-de-montes-preparase-para-a-suas-festas\/#primaryimage"},"thumbnailUrl":"https:\/\/www.anovapeneira.gal\/wp-content\/uploads\/2024\/07\/emiliano_lage.png","datePublished":"2024-07-15T10:00:02+00:00","breadcrumb":{"@id":"https:\/\/www.anovapeneira.gal\/index.php\/2024\/07\/15\/fornelos-de-montes-preparase-para-a-suas-festas\/#breadcrumb"},"inLanguage":"gl-ES","potentialAction":[{"@type":"ReadAction","target":["https:\/\/www.anovapeneira.gal\/index.php\/2024\/07\/15\/fornelos-de-montes-preparase-para-a-suas-festas\/"]}]},{"@type":"ImageObject","inLanguage":"gl-ES","@id":"https:\/\/www.anovapeneira.gal\/index.php\/2024\/07\/15\/fornelos-de-montes-preparase-para-a-suas-festas\/#primaryimage","url":"https:\/\/www.anovapeneira.gal\/wp-content\/uploads\/2024\/07\/emiliano_lage.png","contentUrl":"https:\/\/www.anovapeneira.gal\/wp-content\/uploads\/2024\/07\/emiliano_lage.png","width":720,"height":432,"caption":"Emiliano Lage"},{"@type":"BreadcrumbList","@id":"https:\/\/www.anovapeneira.gal\/index.php\/2024\/07\/15\/fornelos-de-montes-preparase-para-a-suas-festas\/#breadcrumb","itemListElement":[{"@type":"ListItem","position":1,"name":"Portada","item":"https:\/\/www.anovapeneira.gal\/"},{"@type":"ListItem","position":2,"name":"Fornelos de Montes prep\u00e1rase para a s\u00faas festas"}]},{"@type":"WebSite","@id":"https:\/\/www.anovapeneira.gal\/#website","url":"https:\/\/www.anovapeneira.gal\/","name":"","description":"Xornal galego de informaci\u00f3n xeral Publicaci\u00f3n mensual de novas de Galicia e en especial dos Concellos da sur da provincia de Pontevedra.","publisher":{"@id":"https:\/\/www.anovapeneira.gal\/#organization"},"potentialAction":[{"@type":"SearchAction","target":{"@type":"EntryPoint","urlTemplate":"https:\/\/www.anovapeneira.gal\/?s={search_term_string}"},"query-input":{"@type":"PropertyValueSpecification","valueRequired":true,"valueName":"search_term_string"}}],"inLanguage":"gl-ES"},{"@type":"Organization","@id":"https:\/\/www.anovapeneira.gal\/#organization","name":"A Nova Peneira","url":"https:\/\/www.anovapeneira.gal\/","logo":{"@type":"ImageObject","inLanguage":"gl-ES","@id":"https:\/\/www.anovapeneira.gal\/#\/schema\/logo\/image\/","url":"http:\/\/www.anovapeneira.gal\/wp-content\/uploads\/2019\/06\/logo_a_nova_peneira_portal_web.png","contentUrl":"http:\/\/www.anovapeneira.gal\/wp-content\/uploads\/2019\/06\/logo_a_nova_peneira_portal_web.png","width":300,"height":100,"caption":"A Nova Peneira"},"image":{"@id":"https:\/\/www.anovapeneira.gal\/#\/schema\/logo\/image\/"},"sameAs":["https:\/\/www.facebook.com\/anovapeneira","https:\/\/x.com\/APeneira"]},{"@type":"Person","@id":"https:\/\/www.anovapeneira.gal\/#\/schema\/person\/424dfe65e3070fd8a44d22d2c088762a","name":"Tino Lago","image":{"@type":"ImageObject","inLanguage":"gl-ES","@id":"https:\/\/secure.gravatar.com\/avatar\/b3df6a06e44bab3111583b90f0f33a0379ee5e3d22cbadd232d39f21c30c62be?s=96&d=mm&r=g","url":"https:\/\/secure.gravatar.com\/avatar\/b3df6a06e44bab3111583b90f0f33a0379ee5e3d22cbadd232d39f21c30c62be?s=96&d=mm&r=g","contentUrl":"https:\/\/secure.gravatar.com\/avatar\/b3df6a06e44bab3111583b90f0f33a0379ee5e3d22cbadd232d39f21c30c62be?s=96&d=mm&r=g","caption":"Tino Lago"},"sameAs":["http:\/\/www.anovapeneira.gal"],"url":"https:\/\/www.anovapeneira.gal\/index.php\/author\/director\/"}]}},"jetpack_featured_media_url":"https:\/\/www.anovapeneira.gal\/wp-content\/uploads\/2024\/07\/emiliano_lage.png","_links":{"self":[{"href":"https:\/\/www.anovapeneira.gal\/index.php\/wp-json\/wp\/v2\/posts\/12067","targetHints":{"allow":["GET"]}}],"collection":[{"href":"https:\/\/www.anovapeneira.gal\/index.php\/wp-json\/wp\/v2\/posts"}],"about":[{"href":"https:\/\/www.anovapeneira.gal\/index.php\/wp-json\/wp\/v2\/types\/post"}],"author":[{"embeddable":true,"href":"https:\/\/www.anovapeneira.gal\/index.php\/wp-json\/wp\/v2\/users\/2"}],"replies":[{"embeddable":true,"href":"https:\/\/www.anovapeneira.gal\/index.php\/wp-json\/wp\/v2\/comments?post=12067"}],"version-history":[{"count":1,"href":"https:\/\/www.anovapeneira.gal\/index.php\/wp-json\/wp\/v2\/posts\/12067\/revisions"}],"predecessor-version":[{"id":12069,"href":"https:\/\/www.anovapeneira.gal\/index.php\/wp-json\/wp\/v2\/posts\/12067\/revisions\/12069"}],"wp:featuredmedia":[{"embeddable":true,"href":"https:\/\/www.anovapeneira.gal\/index.php\/wp-json\/wp\/v2\/media\/12068"}],"wp:attachment":[{"href":"https:\/\/www.anovapeneira.gal\/index.php\/wp-json\/wp\/v2\/media?parent=12067"}],"wp:term":[{"taxonomy":"category","embeddable":true,"href":"https:\/\/www.anovapeneira.gal\/index.php\/wp-json\/wp\/v2\/categories?post=12067"},{"taxonomy":"post_tag","embeddable":true,"href":"https:\/\/www.anovapeneira.gal\/index.php\/wp-json\/wp\/v2\/tags?post=12067"}],"curies":[{"name":"wp","href":"https:\/\/api.w.org\/{rel}","templated":true}]}}