{"id":12079,"date":"2024-07-17T10:00:52","date_gmt":"2024-07-17T08:00:52","guid":{"rendered":"https:\/\/www.anovapeneira.gal\/?p=12079"},"modified":"2024-07-10T19:45:19","modified_gmt":"2024-07-10T17:45:19","slug":"a-propiedade-privada-e-a-vida-dos-outros","status":"publish","type":"post","link":"https:\/\/www.anovapeneira.gal\/index.php\/2024\/07\/17\/a-propiedade-privada-e-a-vida-dos-outros\/","title":{"rendered":"A propiedade privada e a vida dos outros"},"content":{"rendered":"\n<figure class=\"wp-block-image size-full is-resized\"><img loading=\"lazy\" decoding=\"async\" width=\"190\" height=\"222\" src=\"https:\/\/www.anovapeneira.gal\/wp-content\/uploads\/2019\/05\/tino_lago_director_a_nova_peneira.jpg\" alt=\"Tino Lago director a Nova Peneira\" class=\"wp-image-189\" style=\"width:81px;height:auto\"\/><figcaption class=\"wp-element-caption\">Tino Lago director a Nova Peneira<\/figcaption><\/figure>\n\n\n\n<p>Na recente visita a un lugar du cuxo nome non me quero lembrar, unha persoa da cuxa identidade non me quero acordar manifestoume a s\u00faa indignaci\u00f3n ao respecto dun episodio que lle acontecera nunha proba deportiva de cuxa organizaci\u00f3n formaba parte. Eles, os organizadores do evento, estaban obrigados a ter unha ambulancia , pagada por eles mesmos, nas instalaci\u00f3ns nas que se desenvolveu a competici\u00f3n, para poder atender calquera incidencia que puidese suceder.<\/p>\n\n\n\n<p>No medio da proba, unha persoa allea ao acontecemento deportivo, que pasaba polas inmediaci\u00f3ns do lugar no que transcorr\u00eda ,tivo un grave accidente que o deixou medio espichado na estrada. Ent\u00f3n os organizadores da proba deportiva foron obrigados a ceder a ambulancia que ti\u00f1an contratada para que puidera trasladar \u00e1 persoa accidentada a un centro hospitalario.<\/p>\n\n\n\n<p>A cesi\u00f3n do veh\u00edculo f\u00edxose non sen resistencia, pois os que a alugaran consideraban que estaban sendo agraviados xa que a ambulancia alug\u00e1rona eles, pag\u00e1rona eles , e entend\u00edan que ser obrigados a cedela para a atenci\u00f3n doutra persoa era pouco menos que un espolio. A evidencia de que o accidentado se estaba a desangrar non foi suficiente para lles convencer de que esta era unha raz\u00f3n moralmente superior ao suposto agravio de ter que desprenderse dun ben que eles pagaran. Hoxe, un ano despois daquela circunstancia, o meu interlocutor a\u00ednda considera que sofreu unha inxustiza pois sente que o atracaron e de feito na conversa, na que me referiu o suceso que describo, fixo votos para que na edici\u00f3n da proba deportiva que van facer este ano non acontecera nada parecido.<\/p>\n\n\n\n<p>O meu interlocutor \u00e9 unha persoa decente que como todos os seres humanos, quere vivir en paz da maneira m\u00e1is digna posible, e ten capacidade para distinguir o xusto do inxusto, pode diferenciar o ben do mal. O problema que lle leva a considerar que ter pagado o alugueiro desa ambulancia \u00e9 un motivo suficiente para non cedela a algu\u00e9n que non a pagou, a\u00ednda que a necesitase con urxencia, ao meu xu\u00edzo non \u00e9 el como suxeito individual, o problema, baixo o meu punto de vista e sist\u00e9mico.<\/p>\n\n\n\n<p>Vivimos nu mundo dominado por unhas elites econ\u00f3micas que estruturan o sistema arredor do concepto moral da liberdade, que en aparencia poder\u00eda parecer adecuado desde o punto de vista da \u00e9tica.<\/p>\n\n\n\n<p>\u00c9 mellor ser libre que non selo, iso non se pode discutir. Pero se a liberdade non \u00e9 liberdade moral, nin de pensamento ou de resistencia contra a inxustiza, sen\u00f3n s\u00f3 liberdade econ\u00f3mica, non \u00e9 tal. \u00c9 unha mentira que s\u00f3 persegue manter os privilexios dos que viven nunha situaci\u00f3n privilexiada. A liberdade econ\u00f3mica que defende o liberalismo s\u00f3 busca que non se regule de maneira que quen te\u00f1a unha posici\u00f3n econ\u00f3mica solvente se vexa na obriga de colaborar para que quen vive lonxe dunhas condici\u00f3ns m\u00ednimas de dignidade poida mellorar.<\/p>\n\n\n\n<p>Esta situaci\u00f3n na que as minor\u00edas gobernan \u00e1s maior\u00edas s\u00f3 pode ser posible coa complicidade dos medios de comunicaci\u00f3n que viven desas minor\u00edas, e dos indiferentes que ante a pobreza de outros miran a outro lado agochando a s\u00faa inmoralidade co t\u00f3pico falaz do \u201c todos os pol\u00edticos son iguais\u201d, ou coa pr\u00e1ctica da caridade.<\/p>\n\n\n\n<p>O sistema def\u00e9ndese a si mesmo utilizando de maneira sistem\u00e1tica a falsa raz\u00f3n moral da liberdade, e \u00e9 o sistema o provoca que individuos consideren que verse obrigados a ceder unha ambulancia, que pagaron, para atender a unha persoa que non a pagou, a\u00ednda que a precise, \u00e9 a aut\u00e9ntica( aos seus ollos) inmoralidade.<\/p>\n\n\n\n<p>O liberalismo para poder manter unha certa sensaci\u00f3n de estabilidade social e a porcentaxes elevadas de persoas vivindo de maneira m\u00e1is ou menos decente, precisa que haxa crecemento econ\u00f3mico sempre. Cando o hai as empresas te\u00f1en beneficios e necesitan contratar m\u00e1is persoal, o desemprego dimin\u00fae e parece que todo est\u00e1 ben. Pero o crecemento econ\u00f3mico perpetuo \u00e9 imposible. A actividade econ\u00f3mica bas\u00e9ase na venda de produtos que se fabrican utilizando as materias primas que existen no planeta e a enerx\u00eda que somos capaces de producir. E \u00e9 unha certeza non cuestionable que o noso planeta \u00e9 finito e os recursos limitados polo tanto alg\u00fan d\u00eda esgotaranse. Cando entremos en plena fase de esgotamento as guerras polo control dos recursos e as fontes de enerx\u00eda, cada vez m\u00e1is escasas, van sacudir ao planeta de esquina a esquina. A non ser que a humanidade sexa capaz de constru\u00edr algo parecido ao socialismo. E m\u00e1is nos vale que sexa as\u00ed, e que sexa pronto, pois no caso contrario non ceder unha ambulancia a quen a precise non ser\u00e1 algo excepcional, ser\u00e1 o normal.<\/p>\n","protected":false},"excerpt":{"rendered":"<div class=\"mh-excerpt\"><p>Na recente visita a un lugar du cuxo nome non me quero lembrar, unha persoa da cuxa identidade non me quero acordar manifestoume a s\u00faa indignaci\u00f3n ao respecto dun episodio que lle acontecera nunha proba deportiva de cuxa organizaci\u00f3n formaba parte <a class=\"mh-excerpt-more\" href=\"https:\/\/www.anovapeneira.gal\/index.php\/2024\/07\/17\/a-propiedade-privada-e-a-vida-dos-outros\/\" title=\"A propiedade privada e a vida dos outros\">[&#8230;]<\/a><\/p>\n<\/div>","protected":false},"author":2,"featured_media":12080,"comment_status":"open","ping_status":"open","sticky":false,"template":"","format":"standard","meta":{"_exactmetrics_skip_tracking":false,"_exactmetrics_sitenote_active":false,"_exactmetrics_sitenote_note":"","_exactmetrics_sitenote_category":0,"footnotes":""},"categories":[7],"tags":[],"class_list":{"0":"post-12079","1":"post","2":"type-post","3":"status-publish","4":"format-standard","5":"has-post-thumbnail","7":"category-artigos-de-opinion"},"yoast_head":"<!-- This site is optimized with the Yoast SEO plugin v27.4 - https:\/\/yoast.com\/product\/yoast-seo-wordpress\/ -->\n<title>A propiedade privada e a vida dos outros -<\/title>\n<meta name=\"robots\" content=\"index, follow, max-snippet:-1, max-image-preview:large, max-video-preview:-1\" \/>\n<link rel=\"canonical\" href=\"https:\/\/www.anovapeneira.gal\/index.php\/2024\/07\/17\/a-propiedade-privada-e-a-vida-dos-outros\/\" \/>\n<meta property=\"og:locale\" content=\"gl_ES\" \/>\n<meta property=\"og:type\" content=\"article\" \/>\n<meta property=\"og:title\" content=\"A propiedade privada e a vida dos outros -\" \/>\n<meta property=\"og:description\" content=\"Na recente visita a un lugar du cuxo nome non me quero lembrar, unha persoa da cuxa identidade non me quero acordar manifestoume a s\u00faa indignaci\u00f3n ao respecto dun episodio que lle acontecera nunha proba deportiva de cuxa organizaci\u00f3n formaba parte [...]\" \/>\n<meta property=\"og:url\" content=\"https:\/\/www.anovapeneira.gal\/index.php\/2024\/07\/17\/a-propiedade-privada-e-a-vida-dos-outros\/\" \/>\n<meta property=\"article:publisher\" content=\"https:\/\/www.facebook.com\/anovapeneira\" \/>\n<meta property=\"article:published_time\" content=\"2024-07-17T08:00:52+00:00\" \/>\n<meta property=\"og:image\" content=\"https:\/\/www.anovapeneira.gal\/wp-content\/uploads\/2024\/07\/ayuso.jpg\" \/>\n\t<meta property=\"og:image:width\" content=\"720\" \/>\n\t<meta property=\"og:image:height\" content=\"432\" \/>\n\t<meta property=\"og:image:type\" content=\"image\/jpeg\" \/>\n<meta name=\"author\" content=\"Tino Lago\" \/>\n<meta name=\"twitter:card\" content=\"summary_large_image\" \/>\n<meta name=\"twitter:creator\" content=\"@APeneira\" \/>\n<meta name=\"twitter:site\" content=\"@APeneira\" \/>\n<meta name=\"twitter:label1\" content=\"Escrito por\" \/>\n\t<meta name=\"twitter:data1\" content=\"Tino Lago\" \/>\n\t<meta name=\"twitter:label2\" content=\"Tempo de lectura\" \/>\n\t<meta name=\"twitter:data2\" content=\"5 minutos\" \/>\n<script type=\"application\/ld+json\" class=\"yoast-schema-graph\">{\"@context\":\"https:\\\/\\\/schema.org\",\"@graph\":[{\"@type\":\"Article\",\"@id\":\"https:\\\/\\\/www.anovapeneira.gal\\\/index.php\\\/2024\\\/07\\\/17\\\/a-propiedade-privada-e-a-vida-dos-outros\\\/#article\",\"isPartOf\":{\"@id\":\"https:\\\/\\\/www.anovapeneira.gal\\\/index.php\\\/2024\\\/07\\\/17\\\/a-propiedade-privada-e-a-vida-dos-outros\\\/\"},\"author\":{\"name\":\"Tino Lago\",\"@id\":\"https:\\\/\\\/www.anovapeneira.gal\\\/#\\\/schema\\\/person\\\/424dfe65e3070fd8a44d22d2c088762a\"},\"headline\":\"A propiedade privada e a vida dos outros\",\"datePublished\":\"2024-07-17T08:00:52+00:00\",\"mainEntityOfPage\":{\"@id\":\"https:\\\/\\\/www.anovapeneira.gal\\\/index.php\\\/2024\\\/07\\\/17\\\/a-propiedade-privada-e-a-vida-dos-outros\\\/\"},\"wordCount\":824,\"commentCount\":0,\"publisher\":{\"@id\":\"https:\\\/\\\/www.anovapeneira.gal\\\/#organization\"},\"image\":{\"@id\":\"https:\\\/\\\/www.anovapeneira.gal\\\/index.php\\\/2024\\\/07\\\/17\\\/a-propiedade-privada-e-a-vida-dos-outros\\\/#primaryimage\"},\"thumbnailUrl\":\"https:\\\/\\\/www.anovapeneira.gal\\\/wp-content\\\/uploads\\\/2024\\\/07\\\/ayuso.jpg\",\"articleSection\":[\"Artigos de opini\u00f3n\"],\"inLanguage\":\"gl-ES\",\"potentialAction\":[{\"@type\":\"CommentAction\",\"name\":\"Comment\",\"target\":[\"https:\\\/\\\/www.anovapeneira.gal\\\/index.php\\\/2024\\\/07\\\/17\\\/a-propiedade-privada-e-a-vida-dos-outros\\\/#respond\"]}]},{\"@type\":\"WebPage\",\"@id\":\"https:\\\/\\\/www.anovapeneira.gal\\\/index.php\\\/2024\\\/07\\\/17\\\/a-propiedade-privada-e-a-vida-dos-outros\\\/\",\"url\":\"https:\\\/\\\/www.anovapeneira.gal\\\/index.php\\\/2024\\\/07\\\/17\\\/a-propiedade-privada-e-a-vida-dos-outros\\\/\",\"name\":\"A propiedade privada e a vida dos outros -\",\"isPartOf\":{\"@id\":\"https:\\\/\\\/www.anovapeneira.gal\\\/#website\"},\"primaryImageOfPage\":{\"@id\":\"https:\\\/\\\/www.anovapeneira.gal\\\/index.php\\\/2024\\\/07\\\/17\\\/a-propiedade-privada-e-a-vida-dos-outros\\\/#primaryimage\"},\"image\":{\"@id\":\"https:\\\/\\\/www.anovapeneira.gal\\\/index.php\\\/2024\\\/07\\\/17\\\/a-propiedade-privada-e-a-vida-dos-outros\\\/#primaryimage\"},\"thumbnailUrl\":\"https:\\\/\\\/www.anovapeneira.gal\\\/wp-content\\\/uploads\\\/2024\\\/07\\\/ayuso.jpg\",\"datePublished\":\"2024-07-17T08:00:52+00:00\",\"breadcrumb\":{\"@id\":\"https:\\\/\\\/www.anovapeneira.gal\\\/index.php\\\/2024\\\/07\\\/17\\\/a-propiedade-privada-e-a-vida-dos-outros\\\/#breadcrumb\"},\"inLanguage\":\"gl-ES\",\"potentialAction\":[{\"@type\":\"ReadAction\",\"target\":[\"https:\\\/\\\/www.anovapeneira.gal\\\/index.php\\\/2024\\\/07\\\/17\\\/a-propiedade-privada-e-a-vida-dos-outros\\\/\"]}]},{\"@type\":\"ImageObject\",\"inLanguage\":\"gl-ES\",\"@id\":\"https:\\\/\\\/www.anovapeneira.gal\\\/index.php\\\/2024\\\/07\\\/17\\\/a-propiedade-privada-e-a-vida-dos-outros\\\/#primaryimage\",\"url\":\"https:\\\/\\\/www.anovapeneira.gal\\\/wp-content\\\/uploads\\\/2024\\\/07\\\/ayuso.jpg\",\"contentUrl\":\"https:\\\/\\\/www.anovapeneira.gal\\\/wp-content\\\/uploads\\\/2024\\\/07\\\/ayuso.jpg\",\"width\":720,\"height\":432,\"caption\":\"Imaxe: PP de Madrid\"},{\"@type\":\"BreadcrumbList\",\"@id\":\"https:\\\/\\\/www.anovapeneira.gal\\\/index.php\\\/2024\\\/07\\\/17\\\/a-propiedade-privada-e-a-vida-dos-outros\\\/#breadcrumb\",\"itemListElement\":[{\"@type\":\"ListItem\",\"position\":1,\"name\":\"Portada\",\"item\":\"https:\\\/\\\/www.anovapeneira.gal\\\/\"},{\"@type\":\"ListItem\",\"position\":2,\"name\":\"A propiedade privada e a vida dos outros\"}]},{\"@type\":\"WebSite\",\"@id\":\"https:\\\/\\\/www.anovapeneira.gal\\\/#website\",\"url\":\"https:\\\/\\\/www.anovapeneira.gal\\\/\",\"name\":\"\",\"description\":\"Xornal galego de informaci\u00f3n xeral Publicaci\u00f3n mensual de novas de Galicia e en especial dos Concellos da sur da provincia de Pontevedra.\",\"publisher\":{\"@id\":\"https:\\\/\\\/www.anovapeneira.gal\\\/#organization\"},\"potentialAction\":[{\"@type\":\"SearchAction\",\"target\":{\"@type\":\"EntryPoint\",\"urlTemplate\":\"https:\\\/\\\/www.anovapeneira.gal\\\/?s={search_term_string}\"},\"query-input\":{\"@type\":\"PropertyValueSpecification\",\"valueRequired\":true,\"valueName\":\"search_term_string\"}}],\"inLanguage\":\"gl-ES\"},{\"@type\":\"Organization\",\"@id\":\"https:\\\/\\\/www.anovapeneira.gal\\\/#organization\",\"name\":\"A Nova Peneira\",\"url\":\"https:\\\/\\\/www.anovapeneira.gal\\\/\",\"logo\":{\"@type\":\"ImageObject\",\"inLanguage\":\"gl-ES\",\"@id\":\"https:\\\/\\\/www.anovapeneira.gal\\\/#\\\/schema\\\/logo\\\/image\\\/\",\"url\":\"http:\\\/\\\/www.anovapeneira.gal\\\/wp-content\\\/uploads\\\/2019\\\/06\\\/logo_a_nova_peneira_portal_web.png\",\"contentUrl\":\"http:\\\/\\\/www.anovapeneira.gal\\\/wp-content\\\/uploads\\\/2019\\\/06\\\/logo_a_nova_peneira_portal_web.png\",\"width\":300,\"height\":100,\"caption\":\"A Nova Peneira\"},\"image\":{\"@id\":\"https:\\\/\\\/www.anovapeneira.gal\\\/#\\\/schema\\\/logo\\\/image\\\/\"},\"sameAs\":[\"https:\\\/\\\/www.facebook.com\\\/anovapeneira\",\"https:\\\/\\\/x.com\\\/APeneira\"]},{\"@type\":\"Person\",\"@id\":\"https:\\\/\\\/www.anovapeneira.gal\\\/#\\\/schema\\\/person\\\/424dfe65e3070fd8a44d22d2c088762a\",\"name\":\"Tino Lago\",\"image\":{\"@type\":\"ImageObject\",\"inLanguage\":\"gl-ES\",\"@id\":\"https:\\\/\\\/secure.gravatar.com\\\/avatar\\\/b3df6a06e44bab3111583b90f0f33a0379ee5e3d22cbadd232d39f21c30c62be?s=96&d=mm&r=g\",\"url\":\"https:\\\/\\\/secure.gravatar.com\\\/avatar\\\/b3df6a06e44bab3111583b90f0f33a0379ee5e3d22cbadd232d39f21c30c62be?s=96&d=mm&r=g\",\"contentUrl\":\"https:\\\/\\\/secure.gravatar.com\\\/avatar\\\/b3df6a06e44bab3111583b90f0f33a0379ee5e3d22cbadd232d39f21c30c62be?s=96&d=mm&r=g\",\"caption\":\"Tino Lago\"},\"sameAs\":[\"http:\\\/\\\/www.anovapeneira.gal\"],\"url\":\"https:\\\/\\\/www.anovapeneira.gal\\\/index.php\\\/author\\\/director\\\/\"}]}<\/script>\n<!-- \/ Yoast SEO plugin. -->","yoast_head_json":{"title":"A propiedade privada e a vida dos outros -","robots":{"index":"index","follow":"follow","max-snippet":"max-snippet:-1","max-image-preview":"max-image-preview:large","max-video-preview":"max-video-preview:-1"},"canonical":"https:\/\/www.anovapeneira.gal\/index.php\/2024\/07\/17\/a-propiedade-privada-e-a-vida-dos-outros\/","og_locale":"gl_ES","og_type":"article","og_title":"A propiedade privada e a vida dos outros -","og_description":"Na recente visita a un lugar du cuxo nome non me quero lembrar, unha persoa da cuxa identidade non me quero acordar manifestoume a s\u00faa indignaci\u00f3n ao respecto dun episodio que lle acontecera nunha proba deportiva de cuxa organizaci\u00f3n formaba parte [...]","og_url":"https:\/\/www.anovapeneira.gal\/index.php\/2024\/07\/17\/a-propiedade-privada-e-a-vida-dos-outros\/","article_publisher":"https:\/\/www.facebook.com\/anovapeneira","article_published_time":"2024-07-17T08:00:52+00:00","og_image":[{"width":720,"height":432,"url":"https:\/\/www.anovapeneira.gal\/wp-content\/uploads\/2024\/07\/ayuso.jpg","type":"image\/jpeg"}],"author":"Tino Lago","twitter_card":"summary_large_image","twitter_creator":"@APeneira","twitter_site":"@APeneira","twitter_misc":{"Escrito por":"Tino Lago","Tempo de lectura":"5 minutos"},"schema":{"@context":"https:\/\/schema.org","@graph":[{"@type":"Article","@id":"https:\/\/www.anovapeneira.gal\/index.php\/2024\/07\/17\/a-propiedade-privada-e-a-vida-dos-outros\/#article","isPartOf":{"@id":"https:\/\/www.anovapeneira.gal\/index.php\/2024\/07\/17\/a-propiedade-privada-e-a-vida-dos-outros\/"},"author":{"name":"Tino Lago","@id":"https:\/\/www.anovapeneira.gal\/#\/schema\/person\/424dfe65e3070fd8a44d22d2c088762a"},"headline":"A propiedade privada e a vida dos outros","datePublished":"2024-07-17T08:00:52+00:00","mainEntityOfPage":{"@id":"https:\/\/www.anovapeneira.gal\/index.php\/2024\/07\/17\/a-propiedade-privada-e-a-vida-dos-outros\/"},"wordCount":824,"commentCount":0,"publisher":{"@id":"https:\/\/www.anovapeneira.gal\/#organization"},"image":{"@id":"https:\/\/www.anovapeneira.gal\/index.php\/2024\/07\/17\/a-propiedade-privada-e-a-vida-dos-outros\/#primaryimage"},"thumbnailUrl":"https:\/\/www.anovapeneira.gal\/wp-content\/uploads\/2024\/07\/ayuso.jpg","articleSection":["Artigos de opini\u00f3n"],"inLanguage":"gl-ES","potentialAction":[{"@type":"CommentAction","name":"Comment","target":["https:\/\/www.anovapeneira.gal\/index.php\/2024\/07\/17\/a-propiedade-privada-e-a-vida-dos-outros\/#respond"]}]},{"@type":"WebPage","@id":"https:\/\/www.anovapeneira.gal\/index.php\/2024\/07\/17\/a-propiedade-privada-e-a-vida-dos-outros\/","url":"https:\/\/www.anovapeneira.gal\/index.php\/2024\/07\/17\/a-propiedade-privada-e-a-vida-dos-outros\/","name":"A propiedade privada e a vida dos outros -","isPartOf":{"@id":"https:\/\/www.anovapeneira.gal\/#website"},"primaryImageOfPage":{"@id":"https:\/\/www.anovapeneira.gal\/index.php\/2024\/07\/17\/a-propiedade-privada-e-a-vida-dos-outros\/#primaryimage"},"image":{"@id":"https:\/\/www.anovapeneira.gal\/index.php\/2024\/07\/17\/a-propiedade-privada-e-a-vida-dos-outros\/#primaryimage"},"thumbnailUrl":"https:\/\/www.anovapeneira.gal\/wp-content\/uploads\/2024\/07\/ayuso.jpg","datePublished":"2024-07-17T08:00:52+00:00","breadcrumb":{"@id":"https:\/\/www.anovapeneira.gal\/index.php\/2024\/07\/17\/a-propiedade-privada-e-a-vida-dos-outros\/#breadcrumb"},"inLanguage":"gl-ES","potentialAction":[{"@type":"ReadAction","target":["https:\/\/www.anovapeneira.gal\/index.php\/2024\/07\/17\/a-propiedade-privada-e-a-vida-dos-outros\/"]}]},{"@type":"ImageObject","inLanguage":"gl-ES","@id":"https:\/\/www.anovapeneira.gal\/index.php\/2024\/07\/17\/a-propiedade-privada-e-a-vida-dos-outros\/#primaryimage","url":"https:\/\/www.anovapeneira.gal\/wp-content\/uploads\/2024\/07\/ayuso.jpg","contentUrl":"https:\/\/www.anovapeneira.gal\/wp-content\/uploads\/2024\/07\/ayuso.jpg","width":720,"height":432,"caption":"Imaxe: PP de Madrid"},{"@type":"BreadcrumbList","@id":"https:\/\/www.anovapeneira.gal\/index.php\/2024\/07\/17\/a-propiedade-privada-e-a-vida-dos-outros\/#breadcrumb","itemListElement":[{"@type":"ListItem","position":1,"name":"Portada","item":"https:\/\/www.anovapeneira.gal\/"},{"@type":"ListItem","position":2,"name":"A propiedade privada e a vida dos outros"}]},{"@type":"WebSite","@id":"https:\/\/www.anovapeneira.gal\/#website","url":"https:\/\/www.anovapeneira.gal\/","name":"","description":"Xornal galego de informaci\u00f3n xeral Publicaci\u00f3n mensual de novas de Galicia e en especial dos Concellos da sur da provincia de Pontevedra.","publisher":{"@id":"https:\/\/www.anovapeneira.gal\/#organization"},"potentialAction":[{"@type":"SearchAction","target":{"@type":"EntryPoint","urlTemplate":"https:\/\/www.anovapeneira.gal\/?s={search_term_string}"},"query-input":{"@type":"PropertyValueSpecification","valueRequired":true,"valueName":"search_term_string"}}],"inLanguage":"gl-ES"},{"@type":"Organization","@id":"https:\/\/www.anovapeneira.gal\/#organization","name":"A Nova Peneira","url":"https:\/\/www.anovapeneira.gal\/","logo":{"@type":"ImageObject","inLanguage":"gl-ES","@id":"https:\/\/www.anovapeneira.gal\/#\/schema\/logo\/image\/","url":"http:\/\/www.anovapeneira.gal\/wp-content\/uploads\/2019\/06\/logo_a_nova_peneira_portal_web.png","contentUrl":"http:\/\/www.anovapeneira.gal\/wp-content\/uploads\/2019\/06\/logo_a_nova_peneira_portal_web.png","width":300,"height":100,"caption":"A Nova Peneira"},"image":{"@id":"https:\/\/www.anovapeneira.gal\/#\/schema\/logo\/image\/"},"sameAs":["https:\/\/www.facebook.com\/anovapeneira","https:\/\/x.com\/APeneira"]},{"@type":"Person","@id":"https:\/\/www.anovapeneira.gal\/#\/schema\/person\/424dfe65e3070fd8a44d22d2c088762a","name":"Tino Lago","image":{"@type":"ImageObject","inLanguage":"gl-ES","@id":"https:\/\/secure.gravatar.com\/avatar\/b3df6a06e44bab3111583b90f0f33a0379ee5e3d22cbadd232d39f21c30c62be?s=96&d=mm&r=g","url":"https:\/\/secure.gravatar.com\/avatar\/b3df6a06e44bab3111583b90f0f33a0379ee5e3d22cbadd232d39f21c30c62be?s=96&d=mm&r=g","contentUrl":"https:\/\/secure.gravatar.com\/avatar\/b3df6a06e44bab3111583b90f0f33a0379ee5e3d22cbadd232d39f21c30c62be?s=96&d=mm&r=g","caption":"Tino Lago"},"sameAs":["http:\/\/www.anovapeneira.gal"],"url":"https:\/\/www.anovapeneira.gal\/index.php\/author\/director\/"}]}},"jetpack_featured_media_url":"https:\/\/www.anovapeneira.gal\/wp-content\/uploads\/2024\/07\/ayuso.jpg","_links":{"self":[{"href":"https:\/\/www.anovapeneira.gal\/index.php\/wp-json\/wp\/v2\/posts\/12079","targetHints":{"allow":["GET"]}}],"collection":[{"href":"https:\/\/www.anovapeneira.gal\/index.php\/wp-json\/wp\/v2\/posts"}],"about":[{"href":"https:\/\/www.anovapeneira.gal\/index.php\/wp-json\/wp\/v2\/types\/post"}],"author":[{"embeddable":true,"href":"https:\/\/www.anovapeneira.gal\/index.php\/wp-json\/wp\/v2\/users\/2"}],"replies":[{"embeddable":true,"href":"https:\/\/www.anovapeneira.gal\/index.php\/wp-json\/wp\/v2\/comments?post=12079"}],"version-history":[{"count":1,"href":"https:\/\/www.anovapeneira.gal\/index.php\/wp-json\/wp\/v2\/posts\/12079\/revisions"}],"predecessor-version":[{"id":12081,"href":"https:\/\/www.anovapeneira.gal\/index.php\/wp-json\/wp\/v2\/posts\/12079\/revisions\/12081"}],"wp:featuredmedia":[{"embeddable":true,"href":"https:\/\/www.anovapeneira.gal\/index.php\/wp-json\/wp\/v2\/media\/12080"}],"wp:attachment":[{"href":"https:\/\/www.anovapeneira.gal\/index.php\/wp-json\/wp\/v2\/media?parent=12079"}],"wp:term":[{"taxonomy":"category","embeddable":true,"href":"https:\/\/www.anovapeneira.gal\/index.php\/wp-json\/wp\/v2\/categories?post=12079"},{"taxonomy":"post_tag","embeddable":true,"href":"https:\/\/www.anovapeneira.gal\/index.php\/wp-json\/wp\/v2\/tags?post=12079"}],"curies":[{"name":"wp","href":"https:\/\/api.w.org\/{rel}","templated":true}]}}